{"id":323524,"date":"2023-02-23T11:42:39","date_gmt":"2023-02-23T10:42:39","guid":{"rendered":"https:\/\/www.radiopiu.net\/wordpress\/?p=323524"},"modified":"2023-02-24T05:52:51","modified_gmt":"2023-02-24T04:52:51","slug":"la-prima-circonvallazione-di-agordo-di-tiziano-de-col","status":"publish","type":"post","link":"https:\/\/www.radiopiu.net\/wordpress\/la-prima-circonvallazione-di-agordo-di-tiziano-de-col\/","title":{"rendered":"LA PRIMA CIRCONVALLAZIONE DI AGORDO &#8211; DI TIZIANO DE COL"},"content":{"rendered":"<p><span style=\"font-size: medium;\"><b>Ossia quando la strada principale lasci\u00f2 la \u201cContrada dei signori\u201d, ovvero la piazzetta vecchia.<\/b><\/span><\/p>\n<p align=\"JUSTIFY\"><span style=\"font-size: medium;\"><a class=\"dt-pswp-item\" href=\"https:\/\/www.radiopiu.net\/wordpress\/wp-content\/uploads\/2023\/02\/e3e970b2-e4e6-4d99-8a15-2dc063a7606c.jpg\" data-dt-img-description=\"\" data-large_image_width=\"1600\" data-large_image_height=\"1040\"><img loading=\"lazy\" decoding=\"async\" class=\" wp-image-323526 alignleft\" src=\"https:\/\/www.radiopiu.net\/wordpress\/wp-content\/uploads\/2023\/02\/e3e970b2-e4e6-4d99-8a15-2dc063a7606c-300x195.jpg\" alt=\"\" width=\"271\" height=\"176\" srcset=\"https:\/\/www.radiopiu.net\/wordpress\/wp-content\/uploads\/2023\/02\/e3e970b2-e4e6-4d99-8a15-2dc063a7606c-300x195.jpg 300w, https:\/\/www.radiopiu.net\/wordpress\/wp-content\/uploads\/2023\/02\/e3e970b2-e4e6-4d99-8a15-2dc063a7606c-1024x666.jpg 1024w, https:\/\/www.radiopiu.net\/wordpress\/wp-content\/uploads\/2023\/02\/e3e970b2-e4e6-4d99-8a15-2dc063a7606c-768x499.jpg 768w, https:\/\/www.radiopiu.net\/wordpress\/wp-content\/uploads\/2023\/02\/e3e970b2-e4e6-4d99-8a15-2dc063a7606c-1536x998.jpg 1536w, https:\/\/www.radiopiu.net\/wordpress\/wp-content\/uploads\/2023\/02\/e3e970b2-e4e6-4d99-8a15-2dc063a7606c.jpg 1600w\" sizes=\"auto, (max-width: 271px) 100vw, 271px\" \/><\/a>Le tangenziali o circonvallazioni vengono normalmente costruite per un motivo fondamentale: perch\u00e9 nelle strade preesistenti, quello che ci deve transitare, (automezzi, camion etc) non ci pu\u00f2 pi\u00f9 passare, vuoi perch\u00e9 \u00e8 troppo grosso, vuoi perch\u00e9 \u00e8 \u201ctanto\u201d numericamente e non riesce pi\u00f9 a fluire, comportandosi la strada, con tutti i suoi accessori (parcheggi, strisce pedonali etc), come un tappo. <\/span><span style=\"font-size: medium;\">All\u2019 inizio della Grande Guerra 1915 &#8211; 1918 per i grossi mezzi militari e per i pezzi di artiglieria, Agordo si comportava come si comportava fino alla apertura della odierna tangenziale nei confronti del traffico turistico: faceva da tappo. <\/span><span style=\"font-size: medium;\">A quei tempi non ci si ponevano grossi problemi per spostare il tracciato del flusso veicolare ed incanalarlo in altra sede, anche se a frapporsi <a class=\"dt-pswp-item\" href=\"https:\/\/www.radiopiu.net\/wordpress\/wp-content\/uploads\/2023\/02\/a2447f03-d9bc-44e9-9e40-4b4001dc2210.jpg\" data-dt-img-description=\"\" data-large_image_width=\"689\" data-large_image_height=\"1079\"><img loading=\"lazy\" decoding=\"async\" class=\"size-medium wp-image-323575 alignright\" src=\"https:\/\/www.radiopiu.net\/wordpress\/wp-content\/uploads\/2023\/02\/a2447f03-d9bc-44e9-9e40-4b4001dc2210-192x300.jpg\" alt=\"\" width=\"192\" height=\"300\" srcset=\"https:\/\/www.radiopiu.net\/wordpress\/wp-content\/uploads\/2023\/02\/a2447f03-d9bc-44e9-9e40-4b4001dc2210-192x300.jpg 192w, https:\/\/www.radiopiu.net\/wordpress\/wp-content\/uploads\/2023\/02\/a2447f03-d9bc-44e9-9e40-4b4001dc2210-654x1024.jpg 654w, https:\/\/www.radiopiu.net\/wordpress\/wp-content\/uploads\/2023\/02\/a2447f03-d9bc-44e9-9e40-4b4001dc2210.jpg 689w\" sizes=\"auto, (max-width: 192px) 100vw, 192px\" \/><\/a>a questo c\u2019era una chiesa e per di pi\u00f9 di rilevante valore architettonico. Questa era la chiesa di S.Pietro e sorgeva come a chiusura della piazza di Agordo , lato sud,quasi ortogonalmente al Palazzo Manzoni, in linea e quasi in aderenza con l\u2019attuale Farmacia Favretti, la quale era, durante il dominio della Serenissima, la sede del Tribunale del Capitaniato d\u2019Agordo, il cosiddetto \u201cBanco della Ragione o Bank de la Ras\u00f2n\u201d. <\/span><span style=\"font-size: medium;\">Sopra l\u2019antica porta d\u2019accesso dell\u2019allora Tribunale, lato nord, verso la Contrada dei Signori e Piazzetta Vecchia, vi \u00e8 ancora una lapide che ricorda Federico Corner che il 14 giugno 1621 ebbe a pacificare le liti tra il Consiglio di Agort e le Regole Agordine riguardanti la tassazione, la riscossione delle tasse , le Fazioni ed i Pioveghi. <\/span><span style=\"font-size: medium;\">La strada principale arrivando dal <a class=\"dt-pswp-item\" href=\"https:\/\/www.radiopiu.net\/wordpress\/wp-content\/uploads\/2023\/02\/e4324a3a-49ea-4f66-afba-22152a237a39.jpg\" data-dt-img-description=\"\" data-large_image_width=\"1200\" data-large_image_height=\"1600\"><img loading=\"lazy\" decoding=\"async\" class=\"size-medium wp-image-323527 alignleft\" src=\"https:\/\/www.radiopiu.net\/wordpress\/wp-content\/uploads\/2023\/02\/e4324a3a-49ea-4f66-afba-22152a237a39-225x300.jpg\" alt=\"\" width=\"225\" height=\"300\" srcset=\"https:\/\/www.radiopiu.net\/wordpress\/wp-content\/uploads\/2023\/02\/e4324a3a-49ea-4f66-afba-22152a237a39-225x300.jpg 225w, https:\/\/www.radiopiu.net\/wordpress\/wp-content\/uploads\/2023\/02\/e4324a3a-49ea-4f66-afba-22152a237a39-768x1024.jpg 768w, https:\/\/www.radiopiu.net\/wordpress\/wp-content\/uploads\/2023\/02\/e4324a3a-49ea-4f66-afba-22152a237a39-1152x1536.jpg 1152w, https:\/\/www.radiopiu.net\/wordpress\/wp-content\/uploads\/2023\/02\/e4324a3a-49ea-4f66-afba-22152a237a39.jpg 1200w\" sizes=\"auto, (max-width: 225px) 100vw, 225px\" \/><\/a>Ponte sul Torrente Rova, appena prima di arrivare dove poi fu edificato il Monumento ai Caduti, saliva lungo \u201cContrada Roa\u201d detta anche \u201cRiva dei P\u00e0ci\u201d e arrivava nella Contrada dei Signori in Piazzetta Vecchia, dove poi, a sinistra si scendeva in piazza, a destra si saliva per via Carrera e proseguendo diritto verso la Chiesa Pievanale si passava innazi al Palazzo del Capitano (attualmente ex Cartoleria Miola e Negozio Ferramenta Benvegn\u00f9). <\/span><span style=\"font-size: medium;\">In questo articolo proponiamo una serie di fotografie di Don Ferdinando Tamis, riprodotte da De Col Tiziano negli anni \u201990 del secolo scorso, che documentano alcune fasi della demolizione della Chiesa avvenuta nel 1916 e l\u2019arrivo della Ferrovia Decauville in piazza ad Agordo lungo la nuova strada. Se gi\u00e0 allora si fosse pensato ad un tracciato pi\u00f9 esterno al paese la chiesa sarebbe ancora l\u00ec ma, probabilmente anche allora qualcuno ad Agordo pensava che comunque il maggior vantaggio che una strada avesse dato alla cittadinanza fosse stato in ogni caso massimo solo se la strada passava per il suo centro.<\/span><\/p>\n<p align=\"JUSTIFY\"><span style=\"color: #ff0000;\"><strong>ARCHIVIO TIZIANO DE COL<\/strong><\/span><\/p>\n\n\t\t\t<style type='text\/css'>\n\t\t\t\t#gallery-1 {\n\t\t\t\t\tmargin: auto;\n\t\t\t\t}\n\t\t\t\t#gallery-1 .gallery-item {\n\t\t\t\t\tfloat: left;\n\t\t\t\t\tmargin-top: 10px;\n\t\t\t\t\ttext-align: center;\n\t\t\t\t\twidth: 20%;\n\t\t\t\t}\n\t\t\t\t#gallery-1 img {\n\t\t\t\t\tborder: 2px solid #cfcfcf;\n\t\t\t\t}\n\t\t\t\t#gallery-1 .gallery-caption {\n\t\t\t\t\tmargin-left: 0;\n\t\t\t\t}\n\t\t\t\t\/* see gallery_shortcode() in wp-includes\/media.php *\/\n\t\t\t<\/style>\n\t\t<div id='gallery-1' class='dt-gallery-container gallery galleryid-323524 gallery-columns-5 gallery-size-thumbnail'><dl class='gallery-item'>\n\t\t\t\t<dt class='gallery-icon landscape'>\n\t\t\t\t\t<a class=\"rollover\" href='https:\/\/www.radiopiu.net\/wordpress\/la-prima-circonvallazione-di-agordo-di-tiziano-de-col\/arrivo-decauville-ad-agordo-05_08_1916\/'><img loading=\"lazy\" decoding=\"async\" width=\"150\" height=\"150\" src=\"https:\/\/www.radiopiu.net\/wordpress\/wp-content\/uploads\/2023\/02\/Arrivo-Decauville-ad-Agordo-05_08_1916-150x150.jpg\" class=\"attachment-thumbnail size-thumbnail\" alt=\"\" aria-describedby=\"gallery-1-323538\" \/><\/a>\n\t\t\t\t<\/dt>\n\t\t\t\t\t<dd class='wp-caption-text gallery-caption' id='gallery-1-323538'>\n\t\t\t\t\tArrivo Decauville ad Agordo 05_08_1916\n\t\t\t\t\t<\/dd><\/dl><dl class='gallery-item'>\n\t\t\t\t<dt class='gallery-icon landscape'>\n\t\t\t\t\t<a class=\"rollover\" href='https:\/\/www.radiopiu.net\/wordpress\/la-prima-circonvallazione-di-agordo-di-tiziano-de-col\/demolizione-chiesa-san-pietro-agordo_2\/'><img loading=\"lazy\" decoding=\"async\" width=\"150\" height=\"150\" src=\"https:\/\/www.radiopiu.net\/wordpress\/wp-content\/uploads\/2023\/02\/demolizione-chiesa-San-Pietro-Agordo_2-150x150.jpg\" class=\"attachment-thumbnail size-thumbnail\" alt=\"\" aria-describedby=\"gallery-1-323536\" \/><\/a>\n\t\t\t\t<\/dt>\n\t\t\t\t\t<dd class='wp-caption-text gallery-caption' id='gallery-1-323536'>\n\t\t\t\t\tdemolizione chiesa San Pietro Agordo_2\n\t\t\t\t\t<\/dd><\/dl><dl class='gallery-item'>\n\t\t\t\t<dt class='gallery-icon portrait'>\n\t\t\t\t\t<a class=\"rollover\" href='https:\/\/www.radiopiu.net\/wordpress\/la-prima-circonvallazione-di-agordo-di-tiziano-de-col\/demolizione-chiesa-san-pietro-agordo_3\/'><img loading=\"lazy\" decoding=\"async\" width=\"150\" height=\"150\" src=\"https:\/\/www.radiopiu.net\/wordpress\/wp-content\/uploads\/2023\/02\/demolizione-chiesa-San-Pietro-Agordo_3-150x150.jpg\" class=\"attachment-thumbnail size-thumbnail\" alt=\"\" aria-describedby=\"gallery-1-323537\" \/><\/a>\n\t\t\t\t<\/dt>\n\t\t\t\t\t<dd class='wp-caption-text gallery-caption' id='gallery-1-323537'>\n\t\t\t\t\tdemolizione chiesa San Pietro Agordo_3\n\t\t\t\t\t<\/dd><\/dl><dl class='gallery-item'>\n\t\t\t\t<dt class='gallery-icon landscape'>\n\t\t\t\t\t<a class=\"rollover\" href='https:\/\/www.radiopiu.net\/wordpress\/la-prima-circonvallazione-di-agordo-di-tiziano-de-col\/demolizione-chiesa-san-pietro-agordo\/'><img loading=\"lazy\" decoding=\"async\" width=\"150\" height=\"150\" src=\"https:\/\/www.radiopiu.net\/wordpress\/wp-content\/uploads\/2023\/02\/demolizione-chiesa-San-Pietro-Agordo-150x150.jpg\" class=\"attachment-thumbnail size-thumbnail\" alt=\"\" aria-describedby=\"gallery-1-323535\" \/><\/a>\n\t\t\t\t<\/dt>\n\t\t\t\t\t<dd class='wp-caption-text gallery-caption' id='gallery-1-323535'>\n\t\t\t\t\tdemolizione chiesa San Pietro Agordo\n\t\t\t\t\t<\/dd><\/dl><dl class='gallery-item'>\n\t\t\t\t<dt class='gallery-icon portrait'>\n\t\t\t\t\t<a class=\"rollover\" href='https:\/\/www.radiopiu.net\/wordpress\/la-prima-circonvallazione-di-agordo-di-tiziano-de-col\/strada-nuova-maggio-1916-2\/'><img loading=\"lazy\" decoding=\"async\" width=\"150\" height=\"150\" src=\"https:\/\/www.radiopiu.net\/wordpress\/wp-content\/uploads\/2023\/02\/strada-nuova-maggio-1916-150x150.jpg\" class=\"attachment-thumbnail size-thumbnail\" alt=\"\" aria-describedby=\"gallery-1-323539\" \/><\/a>\n\t\t\t\t<\/dt>\n\t\t\t\t\t<dd class='wp-caption-text gallery-caption' id='gallery-1-323539'>\n\t\t\t\t\tstrada nuova maggio 1916\n\t\t\t\t\t<\/dd><\/dl><br style=\"clear: both\" \/>\n\t\t\t<\/div>\n\n<p>&nbsp;<\/p>\n<p>&nbsp;<\/p>\n<hr \/>\n<p>&nbsp;<\/p>\n","protected":false},"excerpt":{"rendered":"<p>Ossia quando la strada principale lasci\u00f2 la \u201cContrada dei signori\u201d, ovvero la piazzetta vecchia. Le tangenziali o circonvallazioni vengono normalmente costruite per un motivo fondamentale: perch\u00e9 nelle strade preesistenti, quello che ci deve transitare, (automezzi, camion etc) non ci pu\u00f2 pi\u00f9 passare, vuoi perch\u00e9 \u00e8 troppo grosso, vuoi perch\u00e9 \u00e8 \u201ctanto\u201d numericamente e non riesce&hellip;<\/p>\n","protected":false},"author":4,"featured_media":323536,"comment_status":"closed","ping_status":"closed","sticky":false,"template":"","format":"standard","meta":{"_monsterinsights_skip_tracking":false,"_monsterinsights_sitenote_active":false,"_monsterinsights_sitenote_note":"","_monsterinsights_sitenote_category":0,"footnotes":""},"categories":[51,49],"tags":[],"class_list":["post-323524","post","type-post","status-publish","format-standard","has-post-thumbnail","hentry","category-evidenza-top","category-news-18","category-51","category-49","description-off"],"img_url":"https:\/\/www.radiopiu.net\/wordpress\/wp-content\/uploads\/2023\/02\/demolizione-chiesa-San-Pietro-Agordo_2.jpg","_links":{"self":[{"href":"https:\/\/www.radiopiu.net\/wordpress\/wp-json\/wp\/v2\/posts\/323524","targetHints":{"allow":["GET"]}}],"collection":[{"href":"https:\/\/www.radiopiu.net\/wordpress\/wp-json\/wp\/v2\/posts"}],"about":[{"href":"https:\/\/www.radiopiu.net\/wordpress\/wp-json\/wp\/v2\/types\/post"}],"author":[{"embeddable":true,"href":"https:\/\/www.radiopiu.net\/wordpress\/wp-json\/wp\/v2\/users\/4"}],"replies":[{"embeddable":true,"href":"https:\/\/www.radiopiu.net\/wordpress\/wp-json\/wp\/v2\/comments?post=323524"}],"version-history":[{"count":0,"href":"https:\/\/www.radiopiu.net\/wordpress\/wp-json\/wp\/v2\/posts\/323524\/revisions"}],"wp:featuredmedia":[{"embeddable":true,"href":"https:\/\/www.radiopiu.net\/wordpress\/wp-json\/wp\/v2\/media\/323536"}],"wp:attachment":[{"href":"https:\/\/www.radiopiu.net\/wordpress\/wp-json\/wp\/v2\/media?parent=323524"}],"wp:term":[{"taxonomy":"category","embeddable":true,"href":"https:\/\/www.radiopiu.net\/wordpress\/wp-json\/wp\/v2\/categories?post=323524"},{"taxonomy":"post_tag","embeddable":true,"href":"https:\/\/www.radiopiu.net\/wordpress\/wp-json\/wp\/v2\/tags?post=323524"}],"curies":[{"name":"wp","href":"https:\/\/api.w.org\/{rel}","templated":true}]}}