{"id":323568,"date":"2023-03-08T03:59:20","date_gmt":"2023-03-08T02:59:20","guid":{"rendered":"https:\/\/www.radiopiu.net\/wordpress\/?p=323568"},"modified":"2023-03-08T06:10:42","modified_gmt":"2023-03-08T05:10:42","slug":"sabato-e-domenica-a-falcade-la-coppa-italia-ne-parliamo-con-matteo-cagnati","status":"publish","type":"post","link":"https:\/\/www.radiopiu.net\/wordpress\/sabato-e-domenica-a-falcade-la-coppa-italia-ne-parliamo-con-matteo-cagnati\/","title":{"rendered":"SABATO E DOMENICA A FALCADE LA COPPA ITALIA, NE PARLIAMO CON MATTEO CAGNATI"},"content":{"rendered":"<p><strong><a class=\"dt-pswp-item\" href=\"https:\/\/www.radiopiu.net\/wordpress\/wp-content\/uploads\/2020\/02\/download-4.jpg\" data-dt-img-description=\"\" data-large_image_width=\"228\" data-large_image_height=\"221\"><img loading=\"lazy\" decoding=\"async\" class=\"wp-image-117199 alignleft\" src=\"https:\/\/www.radiopiu.net\/wordpress\/wp-content\/uploads\/2020\/02\/download-4.jpg\" alt=\"\" width=\"128\" height=\"124\" \/><\/a>FALCADE <\/strong>Ritorna il grande sci di fondo a Falcade. La localit\u00e0 della Valle del Biois, nelle Dolomiti Bellunesi, una delle piccole grandi capitali degli sci stretti, ospiter\u00e0 a met\u00e0 marzo la Coppa Italia, evento che vedr\u00e0 al via le categorie assolute e quelle giovanili (Juniores e Aspiranti). L\u2019organizzazione \u00e8 affidata allo Sci club Val Biois, societ\u00e0 che da 76 anni \u00e8 riferimento degli sport invernali bellunesi e non solo, con particolare riferimento allo sci di fondo. L\u2019appuntamento a Falcade \u00e8 per sabato 11 e domenica 12 marzo, per un fine settimana che metter\u00e0 in palio, oltre che i punti della Coppa Italia, anche il memorial Ernesto Fenti, uomo di sport e di montagna, fondatore e per diversi anni presidente dello Sci club Val Biois, oltre che direttore del Centro Coni di alta specializzazione per lo sci nordico in Val Bi\u00f3is.<\/p>\n<p><strong>L&#8217;INTERVISTA A MATTEO CAGNATI, DI MIRKO MEZZACASA DAL GIORNALE RADIO DEL POMERIGGIO<\/strong><\/p>\n<audio class=\"wp-audio-shortcode\" id=\"audio-323568-1\" preload=\"none\" style=\"width: 100%;\" controls=\"controls\"><source type=\"audio\/mpeg\" src=\"https:\/\/www.radiopiu.net\/wordpress\/wp-content\/uploads\/2023\/02\/GR-1630-1.mp3?_=1\" \/><a href=\"https:\/\/www.radiopiu.net\/wordpress\/wp-content\/uploads\/2023\/02\/GR-1630-1.mp3\">https:\/\/www.radiopiu.net\/wordpress\/wp-content\/uploads\/2023\/02\/GR-1630-1.mp3<\/a><\/audio>\n<p>&nbsp;<\/p>\n<p>&nbsp;<\/p>\n<p><strong><a class=\"dt-pswp-item\" href=\"https:\/\/www.radiopiu.net\/wordpress\/wp-content\/uploads\/2023\/02\/\u00a9Ticomunicazione-Campionati-italiani-sci-di-fondo-Falcade-10.jpg\" data-dt-img-description=\"\" data-large_image_width=\"2000\" data-large_image_height=\"1333\"><img loading=\"lazy\" decoding=\"async\" class=\" wp-image-323571 alignleft\" src=\"https:\/\/www.radiopiu.net\/wordpress\/wp-content\/uploads\/2023\/02\/\u00a9Ticomunicazione-Campionati-italiani-sci-di-fondo-Falcade-10-300x200.jpg\" alt=\"\" width=\"183\" height=\"122\" srcset=\"https:\/\/www.radiopiu.net\/wordpress\/wp-content\/uploads\/2023\/02\/\u00a9Ticomunicazione-Campionati-italiani-sci-di-fondo-Falcade-10-300x200.jpg 300w, https:\/\/www.radiopiu.net\/wordpress\/wp-content\/uploads\/2023\/02\/\u00a9Ticomunicazione-Campionati-italiani-sci-di-fondo-Falcade-10-1024x682.jpg 1024w, https:\/\/www.radiopiu.net\/wordpress\/wp-content\/uploads\/2023\/02\/\u00a9Ticomunicazione-Campionati-italiani-sci-di-fondo-Falcade-10-768x512.jpg 768w, https:\/\/www.radiopiu.net\/wordpress\/wp-content\/uploads\/2023\/02\/\u00a9Ticomunicazione-Campionati-italiani-sci-di-fondo-Falcade-10-1536x1024.jpg 1536w, https:\/\/www.radiopiu.net\/wordpress\/wp-content\/uploads\/2023\/02\/\u00a9Ticomunicazione-Campionati-italiani-sci-di-fondo-Falcade-10.jpg 2000w\" sizes=\"auto, (max-width: 183px) 100vw, 183px\" \/><\/a><\/strong> Teatro di gara sar\u00e0 la pista \u201cPietro Scola\u201d, struttura che negli anni ha visto la disputa di diversi eventi di livello nazionale: ultimi in ordine di tempo la Coppa Italia del 2020 (interrotta dopo la prima giornata a causa dello scoppio dell\u2019emergenza Covid-19) e i Campionati italiani giovanili del 2018. Ora, si riallacciano i fili della storia. Sabato 11 si svolgeranno le gare in tecnica classica su distanza, domenica 12 le gare in tecnica libera, sempre su distanza. \u00abStiamo lavorando da mesi a una manifestazione che riporta lo sci di fondo di alto livello in Valle del Biois, una valle che ha sempre dato molto agli sci stretti, sia in ambito organizzativo, sia in ambito agonistico, con diversi atleti che hanno vestito la tuta azzurra\u00bb sottolinea Matteo Cagnati, presidente dello Sci club Val Biois. \u00abTre anni fa l\u2019emergenza sanitaria legata al coronavirus ci ha stoppato dopo la prima giornata, vanificando gli sforzi della societ\u00e0 e dei tanti volontari. Perci\u00f2, abbiamo accolto con entusiasmo la proposta di organizzare questi nuovi due giorni di Coppa Italia che saranno anche giornate Fis (Federazione Internazionale dello Sci, ndr), con la possibilit\u00e0 dunque di vedere al via anche qualche atleta straniero\u00bb.<\/p>\n<p>&nbsp;<\/p>\n<p>&nbsp;<\/p>\n<p>******<\/p>\n","protected":false},"excerpt":{"rendered":"<p>FALCADE Ritorna il grande sci di fondo a Falcade. La localit\u00e0 della Valle del Biois, nelle Dolomiti Bellunesi, una delle piccole grandi capitali degli sci stretti, ospiter\u00e0 a met\u00e0 marzo la Coppa Italia, evento che vedr\u00e0 al via le categorie assolute e quelle giovanili (Juniores e Aspiranti). L\u2019organizzazione \u00e8 affidata allo Sci club Val Biois,&hellip;<\/p>\n","protected":false},"author":4,"featured_media":323571,"comment_status":"closed","ping_status":"closed","sticky":false,"template":"","format":"standard","meta":{"_monsterinsights_skip_tracking":false,"_monsterinsights_sitenote_active":false,"_monsterinsights_sitenote_note":"","_monsterinsights_sitenote_category":0,"footnotes":""},"categories":[104,49],"tags":[],"class_list":["post-323568","post","type-post","status-publish","format-standard","has-post-thumbnail","hentry","category-evidenza_3","category-news-18","category-104","category-49","description-off"],"img_url":"https:\/\/www.radiopiu.net\/wordpress\/wp-content\/uploads\/2023\/02\/\u00a9Ticomunicazione-Campionati-italiani-sci-di-fondo-Falcade-10.jpg","_links":{"self":[{"href":"https:\/\/www.radiopiu.net\/wordpress\/wp-json\/wp\/v2\/posts\/323568","targetHints":{"allow":["GET"]}}],"collection":[{"href":"https:\/\/www.radiopiu.net\/wordpress\/wp-json\/wp\/v2\/posts"}],"about":[{"href":"https:\/\/www.radiopiu.net\/wordpress\/wp-json\/wp\/v2\/types\/post"}],"author":[{"embeddable":true,"href":"https:\/\/www.radiopiu.net\/wordpress\/wp-json\/wp\/v2\/users\/4"}],"replies":[{"embeddable":true,"href":"https:\/\/www.radiopiu.net\/wordpress\/wp-json\/wp\/v2\/comments?post=323568"}],"version-history":[{"count":0,"href":"https:\/\/www.radiopiu.net\/wordpress\/wp-json\/wp\/v2\/posts\/323568\/revisions"}],"wp:featuredmedia":[{"embeddable":true,"href":"https:\/\/www.radiopiu.net\/wordpress\/wp-json\/wp\/v2\/media\/323571"}],"wp:attachment":[{"href":"https:\/\/www.radiopiu.net\/wordpress\/wp-json\/wp\/v2\/media?parent=323568"}],"wp:term":[{"taxonomy":"category","embeddable":true,"href":"https:\/\/www.radiopiu.net\/wordpress\/wp-json\/wp\/v2\/categories?post=323568"},{"taxonomy":"post_tag","embeddable":true,"href":"https:\/\/www.radiopiu.net\/wordpress\/wp-json\/wp\/v2\/tags?post=323568"}],"curies":[{"name":"wp","href":"https:\/\/api.w.org\/{rel}","templated":true}]}}