{"id":323604,"date":"2023-02-25T07:10:58","date_gmt":"2023-02-25T06:10:58","guid":{"rendered":"https:\/\/www.radiopiu.net\/wordpress\/?p=323604"},"modified":"2023-02-25T09:23:18","modified_gmt":"2023-02-25T08:23:18","slug":"giornale-radiopiu-25-febbraio-2023-direttore-mirko-mezzacasa-verso-i-40-anni-25-giugno-1983-25-giugno-2023","status":"publish","type":"post","link":"https:\/\/www.radiopiu.net\/wordpress\/giornale-radiopiu-25-febbraio-2023-direttore-mirko-mezzacasa-verso-i-40-anni-25-giugno-1983-25-giugno-2023\/","title":{"rendered":"GIORNALE RADIOPIU 25 FEBBRAIO 2023 DIRETTORE MIRKO MEZZACASA&#8230;verso i 40 anni 25 giugno 1983-25 giugno 2023"},"content":{"rendered":"<h3 class=\"kvgmc6g5 cxmmr5t8 oygrvhab hcukyx3x c1et5uql\"><span style=\"color: #0000ff;\"><strong>RADIO PIU INFORMAZIONE il canale su TELEGRAM informazione di prima\u00a0 <\/strong><strong>mano e in tempo reale. iscriviti ed aiutaci a farlo conoscere\u00a0 \u00a0<\/strong><\/span><\/h3>\n<p class=\"kvgmc6g5 cxmmr5t8 oygrvhab hcukyx3x c1et5uql\" style=\"text-align: left;\"><span style=\"color: #000000;\"><strong>ADDIO MAURIZIO COSTANZO&#8230;il ricordo, con il Coro Agordo e l&#8217;allora sindaco Armando Tama Da Roit, a Roma, foto <a class=\"x1i10hfl xjbqb8w x6umtig x1b1mbwd xaqea5y xav7gou x9f619 x1ypdohk xt0psk2 xe8uvvx xdj266r x11i5rnm xat24cr x1mh8g0r xexx8yu x4uap5 x18d9i69 xkhd6sd x16tdsg8 x1hl2dhg xggy1nq x1a2a7pz xt0b8zv x1qq9wsj xo1l8bm\" style=\"color: #000000;\" tabindex=\"0\" role=\"link\" href=\"https:\/\/www.facebook.com\/groups\/61488111720\/user\/1566252949\/?__cft__[0]=AZU3iiS-4v70FqaZlORupP9UU8bl7qySvvkC4Plth8Rl9R7dtzEXzA_5OzQVVSecMRd1IXSwZQ2WVz_UbkFi8dBrI8phTdSypGc6-zTaKVwNE2sx6Bv5qtmbNmLVosV-OR4nlWiSfHA2kz-yV4r49Xf6OrlUf6K7Dp-57LvAPnhL0wlZBDBpS84DMXp3m4_ZhXs&amp;__tn__=-]K-R\"><span class=\"xt0psk2\">Mara Mezzacasa<\/span><\/a> (prima a destra) con Marisa Manuela Gemma e Wally\u00a0\u00a0<\/strong><\/span><\/p>\n<p>Coro Agordo diretto dal maestro e fondatore Salvatore Santomaso.\u00a0 Il complesso agordino fu invitato alla puntata di &#8220;Grand&#8217;Italia&#8221; del 7 febbraio 1980\u00a0 su Rai Uno, dopo essere stati ricevuti nei giorni precedenti dal Presidente della Repubblica Sandro Pertini al Quirinale e aver partecipato all&#8217;udienza del mercoled\u00ec in Sala Nervi con un canto per omaggiare Papa Giovanni Paolo II<\/p>\n<h3 class=\"kvgmc6g5 cxmmr5t8 oygrvhab hcukyx3x c1et5uql\" style=\"text-align: left;\"><span style=\"color: #0000ff;\"><strong> <span style=\"color: #000000;\"><a class=\"dt-pswp-item\" href=\"https:\/\/www.radiopiu.net\/wordpress\/wp-content\/uploads\/2023\/02\/332265194_1410015066407071_2304657339260547558_n.jpg\" data-dt-img-description=\"\" data-large_image_width=\"640\" data-large_image_height=\"507\"><img loading=\"lazy\" decoding=\"async\" class=\"size-medium wp-image-323777 aligncenter\" src=\"https:\/\/www.radiopiu.net\/wordpress\/wp-content\/uploads\/2023\/02\/332265194_1410015066407071_2304657339260547558_n-300x238.jpg\" alt=\"\" width=\"300\" height=\"238\" srcset=\"https:\/\/www.radiopiu.net\/wordpress\/wp-content\/uploads\/2023\/02\/332265194_1410015066407071_2304657339260547558_n-300x238.jpg 300w, https:\/\/www.radiopiu.net\/wordpress\/wp-content\/uploads\/2023\/02\/332265194_1410015066407071_2304657339260547558_n.jpg 640w\" sizes=\"auto, (max-width: 300px) 100vw, 300px\" \/>\u00a0<\/a><\/span><\/strong><\/span><\/h3>\n<p>&nbsp;<\/p>\n<h2 style=\"text-align: left;\"><span style=\"color: #ff0000;\">ISCRIVITI AL NOSTRO CANALE YOUTUBE PER SEGUIRE IN DIRETTA I PRINCIPALI PROGRAMMI DI RADIO PIU&#8217; E LE FUTURE DIRETTE IN ESTERNA. PER ISCRIVERTI <a style=\"color: #ff0000;\" href=\"https:\/\/youtube.com\/@radiopiu1527\">CLICCA QUI<\/a> E PREMI IL TASTO &#8220;Iscriviti&#8221;\u00a0<\/span><\/h2>\n<p>&nbsp;<\/p>\n<blockquote>\n<h3>SASSI IN STRADA, SI TEMONO NUOVI GIORNI DI DISAGI. VANDALI A CANALE D&#8217;AGORDO<\/h3>\n<\/blockquote>\n<div class=\"testoArticolo\"><strong>VAL DI ZOLDO<\/strong> Lungo la 251\u00a0 tra Zoldo e Longarone riecco il problema: sassi in strada,\u00a0 cos\u00ec come a Castellavazzo per la statale 51. Nel pomeriggio di ieri, sassi\u00a0 fra Longarone e Soffranco, anche di un certo volume.<\/div>\n<h3><strong style=\"font-size: 14px;\">CANALE D&#8217;AGORDO<\/strong><span style=\"font-size: 14px; font-weight: normal;\"> Ogni tanto ritornano, i vandali hanno agito all&#8217;entrata del paese. Danneggiati i pannelli informativi lungo il percorso dedicato ai Papi.\u00a0 Anche altri tabelloni in Valle del Biois sono stati oggetto di attenzione di qualche imbecille<\/span><\/h3>\n<div>.<\/div>\n<div><\/div>\n<hr \/>\n<p>&nbsp;<\/p>\n<blockquote>\n<h3>STATO DI ATTENZIONE PER VENTO FORTE IN VENETO<\/h3>\n<\/blockquote>\n<p><strong><a class=\"dt-pswp-item\" href=\"https:\/\/www.radiopiu.net\/wordpress\/wp-content\/uploads\/2021\/04\/vento.jpg\" data-dt-img-description=\"\" data-large_image_width=\"1920\" data-large_image_height=\"1567\"><img loading=\"lazy\" decoding=\"async\" class=\" wp-image-201449 alignleft\" src=\"https:\/\/www.radiopiu.net\/wordpress\/wp-content\/uploads\/2021\/04\/vento-300x245.jpg\" alt=\"\" width=\"140\" height=\"114\" srcset=\"https:\/\/www.radiopiu.net\/wordpress\/wp-content\/uploads\/2021\/04\/vento-300x245.jpg 300w, https:\/\/www.radiopiu.net\/wordpress\/wp-content\/uploads\/2021\/04\/vento-1024x836.jpg 1024w, https:\/\/www.radiopiu.net\/wordpress\/wp-content\/uploads\/2021\/04\/vento-768x627.jpg 768w, https:\/\/www.radiopiu.net\/wordpress\/wp-content\/uploads\/2021\/04\/vento-1536x1254.jpg 1536w, https:\/\/www.radiopiu.net\/wordpress\/wp-content\/uploads\/2021\/04\/vento.jpg 1920w\" sizes=\"auto, (max-width: 140px) 100vw, 140px\" \/><\/a>VENEZIA <\/strong>Il Centro Funzionale Decentrato della Protezione Civile della Regione Veneto ha emesso la fase operativa di Attenzione per vento forte su costa, pianura limitrofa e pianura sud orientale a partire dalla mezzanotte di oggi e fino alle 18.00 di luned\u00ec. La decisione \u00e8 stata adottata in relazione al bollettino Meteo Veneto, che prevede dalle prime ore di domani e fino a luned\u00ec pomeriggio un rinforzo dei venti da nordest soprattutto su pianura e costa, con fase pi\u00f9 significativa domenica. In particolare sulla costa, pianura limitrofa e pianura sud orientale i venti saranno spesso forti. Sul resto della pianura, generalmente tesi, a tratti anche forti.<\/p>\n<p>&nbsp;<\/p>\n<p>&nbsp;<\/p>\n<hr \/>\n<p>&nbsp;<\/p>\n<blockquote>\n<h3 class=\"entry-title\"><a title=\"MADDALENA AL QUIRINALE, CON ALTRI 4 VENETI: I NUOVI ALFIERI DELLA REPUBBLICA\" href=\"https:\/\/www.radiopiu.net\/wordpress\/maddalena-al-quirinale-con-altri-4-veneti-i-nuovi-alfieri-della-repubblica\/\" rel=\"bookmark\">MADDALENA AL QUIRINALE, CON ALTRI 4 VENETI: I NUOVI ALFIERI DELLA REPUBBLICA<\/a><\/h3>\n<\/blockquote>\n<p><a class=\"dt-pswp-item\" href=\"https:\/\/www.radiopiu.net\/wordpress\/wp-content\/uploads\/2023\/02\/51287-scaled.jpg\" data-dt-img-description=\"Il Presidente Sergio Mattarella consegna l'Attestato d\u2019Onore a Maddalena Da Rozze Alfiere della Repubblica (foto di Francesco Ammendola - Ufficio per la Stampa e la Comunicazione della Presidenza della Repubblica)\" data-large_image_width=\"2560\" data-large_image_height=\"1707\"><img loading=\"lazy\" decoding=\"async\" class=\"alignleft wp-image-323734 size-medium\" src=\"https:\/\/www.radiopiu.net\/wordpress\/wp-content\/uploads\/2023\/02\/51287-300x200.jpg\" alt=\"\" width=\"300\" height=\"200\" srcset=\"https:\/\/www.radiopiu.net\/wordpress\/wp-content\/uploads\/2023\/02\/51287-300x200.jpg 300w, https:\/\/www.radiopiu.net\/wordpress\/wp-content\/uploads\/2023\/02\/51287-1024x683.jpg 1024w, https:\/\/www.radiopiu.net\/wordpress\/wp-content\/uploads\/2023\/02\/51287-768x512.jpg 768w, https:\/\/www.radiopiu.net\/wordpress\/wp-content\/uploads\/2023\/02\/51287-1536x1024.jpg 1536w, https:\/\/www.radiopiu.net\/wordpress\/wp-content\/uploads\/2023\/02\/51287-2048x1365.jpg 2048w\" sizes=\"auto, (max-width: 300px) 100vw, 300px\" \/><\/a><\/p>\n<p><strong>VENEZIA <\/strong>\u201cAl Quirinale \u00e8 sfilata una pattuglia di cinque giovani veneti, nuovi Alfieri della Repubblica. Ragazzi che ancora una volta ci hanno ricordato che dobbiamo andare orgogliosi di tanti giovani coraggiosi e altruisti, animati da spirito di comunit\u00e0, solidale e umanitario, che sono garanzia di continuit\u00e0 per quei valori che da sempre sono patrimonio della nostra Terra. Invio a loro le pi\u00f9 sentite felicitazioni anche a nome di tutto il Veneto\u201d. Cos\u00ec il Presidente della Regione del Veneto, Luca Zaia, rivolge il pensiero a Maddalena Da Rozze di Sedico (BL), Diletta Lago di Cittadella (PD), Giulia Martinello di San Pietro in Gu (PD), Ettore Pr\u00e0 di Monteforte d\u2019Alpone (VR), Tommaso Zotti di Campo San Martino (PD) che a Roma, hanno ricevuto dalle mani del Presidente della Repubblica l\u2019onorificenza riservata ai giovani fino ai 18 anni, distintisi in atti di coraggio e altruismo dettati da senso civico, nel volontariato o in particolari attivit\u00e0 di studio e culturali.<\/p>\n<p><em><strong>Il Presidente Sergio Mattarella consegna l&#8217;Attestato d\u2019Onore a Maddalena Da Rozze Alfiere della Repubblica (foto di Francesco Ammendola &#8211; Ufficio per la Stampa e la Comunicazione della Presidenza della Repubblica)<\/strong><\/em><\/p>\n<p>&nbsp;<\/p>\n<p>&nbsp;<\/p>\n<hr \/>\n<p>&nbsp;<\/p>\n<blockquote>\n<h3 class=\"entry-title\">DEFERITI SETTE LEGALI RAPPRESENTANTI, SANZIONI PER 21MILA EURO<\/h3>\n<\/blockquote>\n<p class=\"photoswipe-wrapper\"><a class=\"dt-pswp-item pspw-wrap-ready\" href=\"https:\/\/www.radiopiu.net\/wordpress\/wp-content\/uploads\/2023\/02\/DSC08647.jpg\" data-dt-img-description=\"\" data-large_image_width=\"918\" data-large_image_height=\"804\"><img loading=\"lazy\" decoding=\"async\" class=\" wp-image-323759 alignleft\" src=\"https:\/\/www.radiopiu.net\/wordpress\/wp-content\/uploads\/2023\/02\/DSC08647-300x263.jpg\" sizes=\"auto, (max-width: 177px) 100vw, 177px\" srcset=\"https:\/\/www.radiopiu.net\/wordpress\/wp-content\/uploads\/2023\/02\/DSC08647-300x263.jpg 300w, https:\/\/www.radiopiu.net\/wordpress\/wp-content\/uploads\/2023\/02\/DSC08647-768x673.jpg 768w, https:\/\/www.radiopiu.net\/wordpress\/wp-content\/uploads\/2023\/02\/DSC08647.jpg 918w\" alt=\"\" width=\"177\" height=\"155\" \/><\/a><\/p>\n<p><strong>BELLUNO<\/strong>\u00a0I \u00a0Carabinieri del Nucleo Ispettorato del lavoro di Belluno con la collaborazione dei militari del Comando Provinciale sono stati ad Agordo, Arabba, Ponte nelle Alpi, Tambre d\u2019Alpago, Santo Stefano di Cadore. Si \u00e8 trattato di attivit\u00e0 ispettive che hanno interessato prioritariamente esercizi pubblici, commerciali e cantieri edili. I militari hanno rilevato violazioni in materia giuslavoristica, anche relative alla sicurezza dei lavoratori nei luoghi di lavoro. Complessivamente sono state ispezionate 10 aziende ed esaminate 35 posizioni lavorative. Deferiti\u00a0 7 rappresentanti legali e sanzionati, con prescrizione per messa in sicurezza, per circa 21.000 euro. Le principali violazioni riscontrate in materia di sicurezza nei luoghi di lavoro sono relative all\u2019omessa adozione del documento di valutazione dei rischi, il mancato utilizzo di attrezzature da lavoro in conformit\u00e0 ai requisiti generali di sicurezza, le omesse visite mediche dei lavoratori, l\u2019omessa formazione obbligatoria, le difformit\u00e0 del piano di montaggio utilizzo e smontaggio dei ponteggi utilizzati in edilizia e il pericolo di caduta dall\u2019impalcato in assenza di idonee misure atte a prevenire le cadute nel vuoto.<\/p>\n<p>&nbsp;<\/p>\n<p>&nbsp;<\/p>\n<hr \/>\n<p>&nbsp;<\/p>\n<blockquote>\n<h3>IN FIAMME IL TETTO DI UN&#8217;ABITAZIONE A SOSPIROLO<\/h3>\n<\/blockquote>\n<p><strong>SOSPIROLO<\/strong> Vigili del Fuoco al lavoro ieri alle 14 quando sono intervenuti in Via della Costituzione a Sospirolo per l\u2019incendio del tetto di un\u2019abitazione. I pompieri accorsi dalla sede centrale con un\u2019autopompa, un\u2019autobotte, un\u2019autoscala, il carro aria e 12 operatori, hanno iniziato le operazioni di spegnimento riuscendo ad evitare un incendio generalizzato. Le fiamme hanno coinvolto una parte del tetto e dell\u2019abitazione sottostante. Nessuna persona \u00e8 rimasta ferita. Le cause dell\u2019incendio sono al vaglio dei tecnici dei Vigili del Fuoco.<\/p>\n\n\t\t\t<style type='text\/css'>\n\t\t\t\t#gallery-1 {\n\t\t\t\t\tmargin: auto;\n\t\t\t\t}\n\t\t\t\t#gallery-1 .gallery-item {\n\t\t\t\t\tfloat: left;\n\t\t\t\t\tmargin-top: 10px;\n\t\t\t\t\ttext-align: center;\n\t\t\t\t\twidth: 25%;\n\t\t\t\t}\n\t\t\t\t#gallery-1 img {\n\t\t\t\t\tborder: 2px solid #cfcfcf;\n\t\t\t\t}\n\t\t\t\t#gallery-1 .gallery-caption {\n\t\t\t\t\tmargin-left: 0;\n\t\t\t\t}\n\t\t\t\t\/* see gallery_shortcode() in wp-includes\/media.php *\/\n\t\t\t<\/style>\n\t\t<div id='gallery-1' class='dt-gallery-container gallery galleryid-323604 gallery-columns-4 gallery-size-medium'><dl class='gallery-item'>\n\t\t\t\t<dt class='gallery-icon landscape'>\n\t\t\t\t\t<a class=\"rollover rollover-zoom dt-pswp-item\" title=\"5b5a20cc-86cb-46a4-933f-5bc1458881b6\" data-dt-img-description=\"\" data-large_image_width=\"960\" data-large_image_height=\"752\"href='https:\/\/www.radiopiu.net\/wordpress\/wp-content\/uploads\/2023\/02\/5b5a20cc-86cb-46a4-933f-5bc1458881b6.jpg'><img loading=\"lazy\" decoding=\"async\" width=\"300\" height=\"235\" src=\"https:\/\/www.radiopiu.net\/wordpress\/wp-content\/uploads\/2023\/02\/5b5a20cc-86cb-46a4-933f-5bc1458881b6-300x235.jpg\" class=\"attachment-medium size-medium\" alt=\"\" srcset=\"https:\/\/www.radiopiu.net\/wordpress\/wp-content\/uploads\/2023\/02\/5b5a20cc-86cb-46a4-933f-5bc1458881b6-300x235.jpg 300w, https:\/\/www.radiopiu.net\/wordpress\/wp-content\/uploads\/2023\/02\/5b5a20cc-86cb-46a4-933f-5bc1458881b6-768x602.jpg 768w, https:\/\/www.radiopiu.net\/wordpress\/wp-content\/uploads\/2023\/02\/5b5a20cc-86cb-46a4-933f-5bc1458881b6.jpg 960w\" sizes=\"auto, (max-width: 300px) 100vw, 300px\" \/><\/a>\n\t\t\t\t<\/dt><\/dl><dl class='gallery-item'>\n\t\t\t\t<dt class='gallery-icon landscape'>\n\t\t\t\t\t<a class=\"rollover rollover-zoom dt-pswp-item\" title=\"f7133e74-1f6d-4280-a2ff-03d6030a8f4b\" data-dt-img-description=\"\" data-large_image_width=\"1280\" data-large_image_height=\"720\"href='https:\/\/www.radiopiu.net\/wordpress\/wp-content\/uploads\/2023\/02\/f7133e74-1f6d-4280-a2ff-03d6030a8f4b.jpg'><img loading=\"lazy\" decoding=\"async\" width=\"300\" height=\"169\" src=\"https:\/\/www.radiopiu.net\/wordpress\/wp-content\/uploads\/2023\/02\/f7133e74-1f6d-4280-a2ff-03d6030a8f4b-300x169.jpg\" class=\"attachment-medium size-medium\" alt=\"\" srcset=\"https:\/\/www.radiopiu.net\/wordpress\/wp-content\/uploads\/2023\/02\/f7133e74-1f6d-4280-a2ff-03d6030a8f4b-300x169.jpg 300w, https:\/\/www.radiopiu.net\/wordpress\/wp-content\/uploads\/2023\/02\/f7133e74-1f6d-4280-a2ff-03d6030a8f4b-1024x576.jpg 1024w, https:\/\/www.radiopiu.net\/wordpress\/wp-content\/uploads\/2023\/02\/f7133e74-1f6d-4280-a2ff-03d6030a8f4b-768x432.jpg 768w, https:\/\/www.radiopiu.net\/wordpress\/wp-content\/uploads\/2023\/02\/f7133e74-1f6d-4280-a2ff-03d6030a8f4b.jpg 1280w\" sizes=\"auto, (max-width: 300px) 100vw, 300px\" \/><\/a>\n\t\t\t\t<\/dt><\/dl><dl class='gallery-item'>\n\t\t\t\t<dt class='gallery-icon landscape'>\n\t\t\t\t\t<a class=\"rollover rollover-zoom dt-pswp-item\" title=\"2bc39592-f418-4937-99ce-f66572e63c53\" data-dt-img-description=\"\" data-large_image_width=\"1280\" data-large_image_height=\"960\"href='https:\/\/www.radiopiu.net\/wordpress\/wp-content\/uploads\/2023\/02\/2bc39592-f418-4937-99ce-f66572e63c53.jpg'><img loading=\"lazy\" decoding=\"async\" width=\"300\" height=\"225\" src=\"https:\/\/www.radiopiu.net\/wordpress\/wp-content\/uploads\/2023\/02\/2bc39592-f418-4937-99ce-f66572e63c53-300x225.jpg\" class=\"attachment-medium size-medium\" alt=\"\" srcset=\"https:\/\/www.radiopiu.net\/wordpress\/wp-content\/uploads\/2023\/02\/2bc39592-f418-4937-99ce-f66572e63c53-300x225.jpg 300w, https:\/\/www.radiopiu.net\/wordpress\/wp-content\/uploads\/2023\/02\/2bc39592-f418-4937-99ce-f66572e63c53-1024x768.jpg 1024w, https:\/\/www.radiopiu.net\/wordpress\/wp-content\/uploads\/2023\/02\/2bc39592-f418-4937-99ce-f66572e63c53-768x576.jpg 768w, https:\/\/www.radiopiu.net\/wordpress\/wp-content\/uploads\/2023\/02\/2bc39592-f418-4937-99ce-f66572e63c53.jpg 1280w\" sizes=\"auto, (max-width: 300px) 100vw, 300px\" \/><\/a>\n\t\t\t\t<\/dt><\/dl><dl class='gallery-item'>\n\t\t\t\t<dt class='gallery-icon landscape'>\n\t\t\t\t\t<a class=\"rollover rollover-zoom dt-pswp-item\" title=\"5c32a225-c307-4e3e-b7e5-cc71ef1fd997\" data-dt-img-description=\"\" data-large_image_width=\"1280\" data-large_image_height=\"888\"href='https:\/\/www.radiopiu.net\/wordpress\/wp-content\/uploads\/2023\/02\/5c32a225-c307-4e3e-b7e5-cc71ef1fd997.jpg'><img loading=\"lazy\" decoding=\"async\" width=\"300\" height=\"208\" src=\"https:\/\/www.radiopiu.net\/wordpress\/wp-content\/uploads\/2023\/02\/5c32a225-c307-4e3e-b7e5-cc71ef1fd997-300x208.jpg\" class=\"attachment-medium size-medium\" alt=\"\" srcset=\"https:\/\/www.radiopiu.net\/wordpress\/wp-content\/uploads\/2023\/02\/5c32a225-c307-4e3e-b7e5-cc71ef1fd997-300x208.jpg 300w, https:\/\/www.radiopiu.net\/wordpress\/wp-content\/uploads\/2023\/02\/5c32a225-c307-4e3e-b7e5-cc71ef1fd997-1024x710.jpg 1024w, https:\/\/www.radiopiu.net\/wordpress\/wp-content\/uploads\/2023\/02\/5c32a225-c307-4e3e-b7e5-cc71ef1fd997-768x533.jpg 768w, https:\/\/www.radiopiu.net\/wordpress\/wp-content\/uploads\/2023\/02\/5c32a225-c307-4e3e-b7e5-cc71ef1fd997.jpg 1280w\" sizes=\"auto, (max-width: 300px) 100vw, 300px\" \/><\/a>\n\t\t\t\t<\/dt><\/dl><br style=\"clear: both\" \/><dl class='gallery-item'>\n\t\t\t\t<dt class='gallery-icon landscape'>\n\t\t\t\t\t<a class=\"rollover rollover-zoom dt-pswp-item\" title=\"9859cac7-b717-41f0-b941-6928e932c5b4\" data-dt-img-description=\"\" data-large_image_width=\"576\" data-large_image_height=\"476\"href='https:\/\/www.radiopiu.net\/wordpress\/wp-content\/uploads\/2023\/02\/9859cac7-b717-41f0-b941-6928e932c5b4.jpg'><img loading=\"lazy\" decoding=\"async\" width=\"300\" height=\"248\" src=\"https:\/\/www.radiopiu.net\/wordpress\/wp-content\/uploads\/2023\/02\/9859cac7-b717-41f0-b941-6928e932c5b4-300x248.jpg\" class=\"attachment-medium size-medium\" alt=\"\" srcset=\"https:\/\/www.radiopiu.net\/wordpress\/wp-content\/uploads\/2023\/02\/9859cac7-b717-41f0-b941-6928e932c5b4-300x248.jpg 300w, https:\/\/www.radiopiu.net\/wordpress\/wp-content\/uploads\/2023\/02\/9859cac7-b717-41f0-b941-6928e932c5b4.jpg 576w\" sizes=\"auto, (max-width: 300px) 100vw, 300px\" \/><\/a>\n\t\t\t\t<\/dt><\/dl><dl class='gallery-item'>\n\t\t\t\t<dt class='gallery-icon landscape'>\n\t\t\t\t\t<a class=\"rollover rollover-zoom dt-pswp-item\" title=\"cbcb85ff-fd24-4058-b7d3-d1306234aa36\" data-dt-img-description=\"\" data-large_image_width=\"960\" data-large_image_height=\"688\"href='https:\/\/www.radiopiu.net\/wordpress\/wp-content\/uploads\/2023\/02\/cbcb85ff-fd24-4058-b7d3-d1306234aa36.jpg'><img loading=\"lazy\" decoding=\"async\" width=\"300\" height=\"215\" src=\"https:\/\/www.radiopiu.net\/wordpress\/wp-content\/uploads\/2023\/02\/cbcb85ff-fd24-4058-b7d3-d1306234aa36-300x215.jpg\" class=\"attachment-medium size-medium\" alt=\"\" srcset=\"https:\/\/www.radiopiu.net\/wordpress\/wp-content\/uploads\/2023\/02\/cbcb85ff-fd24-4058-b7d3-d1306234aa36-300x215.jpg 300w, https:\/\/www.radiopiu.net\/wordpress\/wp-content\/uploads\/2023\/02\/cbcb85ff-fd24-4058-b7d3-d1306234aa36-768x550.jpg 768w, https:\/\/www.radiopiu.net\/wordpress\/wp-content\/uploads\/2023\/02\/cbcb85ff-fd24-4058-b7d3-d1306234aa36.jpg 960w\" sizes=\"auto, (max-width: 300px) 100vw, 300px\" \/><\/a>\n\t\t\t\t<\/dt><\/dl><dl class='gallery-item'>\n\t\t\t\t<dt class='gallery-icon landscape'>\n\t\t\t\t\t<a class=\"rollover rollover-zoom dt-pswp-item\" title=\"8688cf64-c7a1-4dba-ad0c-48c910edcfc4\" data-dt-img-description=\"\" data-large_image_width=\"1280\" data-large_image_height=\"867\"href='https:\/\/www.radiopiu.net\/wordpress\/wp-content\/uploads\/2023\/02\/8688cf64-c7a1-4dba-ad0c-48c910edcfc4.jpg'><img loading=\"lazy\" decoding=\"async\" width=\"300\" height=\"203\" src=\"https:\/\/www.radiopiu.net\/wordpress\/wp-content\/uploads\/2023\/02\/8688cf64-c7a1-4dba-ad0c-48c910edcfc4-300x203.jpg\" class=\"attachment-medium size-medium\" alt=\"\" srcset=\"https:\/\/www.radiopiu.net\/wordpress\/wp-content\/uploads\/2023\/02\/8688cf64-c7a1-4dba-ad0c-48c910edcfc4-300x203.jpg 300w, https:\/\/www.radiopiu.net\/wordpress\/wp-content\/uploads\/2023\/02\/8688cf64-c7a1-4dba-ad0c-48c910edcfc4-1024x694.jpg 1024w, https:\/\/www.radiopiu.net\/wordpress\/wp-content\/uploads\/2023\/02\/8688cf64-c7a1-4dba-ad0c-48c910edcfc4-768x520.jpg 768w, https:\/\/www.radiopiu.net\/wordpress\/wp-content\/uploads\/2023\/02\/8688cf64-c7a1-4dba-ad0c-48c910edcfc4.jpg 1280w\" sizes=\"auto, (max-width: 300px) 100vw, 300px\" \/><\/a>\n\t\t\t\t<\/dt><\/dl>\n\t\t\t\t<br style='clear: both' \/>\n\t\t\t<\/div>\n\n<p>&nbsp;<\/p>\n<hr \/>\n<p>&nbsp;<\/p>\n<blockquote>\n<h3 class=\"entry-title\">AUTOVELOX DI ARSIE\u2019, DUE SENTENZE IN SETTE GIORNI. DEPOSITATO L\u2019ESPOSTO IN PROCURA<\/h3>\n<\/blockquote>\n<p><img loading=\"lazy\" decoding=\"async\" class=\"alignleft\" src=\"https:\/\/static.wixstatic.com\/media\/d7d372_30d6a14974324758adf7a40afc41531c~mv2.jpg\/v1\/fill\/w_324,h_250,al_c,q_80,usm_0.66_1.00_0.01,enc_auto\/d7d372_30d6a14974324758adf7a40afc41531c~mv2.jpg\" alt=\"\" width=\"232\" height=\"179\" data-pin-url=\"https:\/\/www.altvelox.it\/post\/autovelox-di-arsie-e-illegale-per-due-sentenze-in-sette-giorni\" data-pin-media=\"https:\/\/static.wixstatic.com\/media\/d7d372_30d6a14974324758adf7a40afc41531c~mv2.jpg\/v1\/fit\/w_1000%2Ch_1000%2Cal_c%2Cq_80,enc_auto\/file.jpg\" data-load-done=\"\" \/><strong>REDAZIONE<\/strong>\u00a0Gli avvocati di Altvelox.it non mollano la presa, insistono circa l\u2019illegalit\u00e0 dell\u2019autovelox di Arsi\u00e8. Ricordano infatti le due sentenze in sette giorni e chiedono al Prefetto di revocare l\u2019utilizzo presentando al contempo un esposto in Procura della Repubblica.<\/p>\n<p id=\"viewer-a7snm\" class=\"mm8Nw _1j-51 roLFQS _1FoOD _78FBa sk96G9 roLFQS public-DraftStyleDefault-block-depth0 fixed-tab-size public-DraftStyleDefault-text-ltr\"><span class=\"_2PHJq public-DraftStyleDefault-ltr\">L\u2019installazione e l\u2019utilizzo\u00a0 di questo autovelox, \u00e8 avvenuta con autorizzazione del Prefetto di Belluno, che con apposito decreto ne ha legittimato appunto il suo utilizzo.\u00a0<em>\u201c<\/em><\/span><span class=\"_2PHJq public-DraftStyleDefault-ltr\"><em>Dopo ben 6 sentenze di cui nessuna di queste annullate dal Tribunale, ci domandiamo cosa si stia aspettando a revocare questa concessione sino a che l\u2019apparecchio non venga messo a norma di legge\u201d.\u00a0<\/em>A tale proposito, in data odierna l\u2019associazione\u00a0 nazionale Migliore Tutela-Delegazione di Belluno ha depositato alla\u00a0Procura della Repubblica\u00a0di Belluno,\u00a0un dettagliato esposto al fine siano valutati tutti i possibili ed eventuali reati commessi dalle Autorit\u00e0 preposte anche per l\u2019utilizzo degli autovelox autorizzati ed installati nel Comune di\u00a0 Quero Vas<\/span><\/p>\n<p>&nbsp;<\/p>\n<p>&nbsp;<\/p>\n<hr \/>\n<p>&nbsp;<\/p>\n<blockquote>\n<h3>OSPEDALE DI AGORDO: UN 2022 RICCO DI NOVITA&#8217;<\/h3>\n<\/blockquote>\n<p><strong><a class=\"dt-pswp-item\" href=\"https:\/\/www.radiopiu.net\/wordpress\/wp-content\/uploads\/2022\/07\/OSPEDALE-AGORDO.png\" data-dt-img-description=\"\" data-large_image_width=\"1316\" data-large_image_height=\"756\"><img loading=\"lazy\" decoding=\"async\" class=\" wp-image-289638 alignleft\" src=\"https:\/\/www.radiopiu.net\/wordpress\/wp-content\/uploads\/2022\/07\/OSPEDALE-AGORDO-300x172.png\" alt=\"\" width=\"220\" height=\"126\" srcset=\"https:\/\/www.radiopiu.net\/wordpress\/wp-content\/uploads\/2022\/07\/OSPEDALE-AGORDO-300x172.png 300w, https:\/\/www.radiopiu.net\/wordpress\/wp-content\/uploads\/2022\/07\/OSPEDALE-AGORDO-1024x588.png 1024w, https:\/\/www.radiopiu.net\/wordpress\/wp-content\/uploads\/2022\/07\/OSPEDALE-AGORDO-768x441.png 768w, https:\/\/www.radiopiu.net\/wordpress\/wp-content\/uploads\/2022\/07\/OSPEDALE-AGORDO.png 1316w\" sizes=\"auto, (max-width: 220px) 100vw, 220px\" \/><\/a>BELLUNO <\/strong>Il 2022 ha visto un incremento delle attivit\u00e0 dell\u2019ospedale di Agordo.\u00a0Gli accessi al Pronto Soccorso di Agordo sono stati 12.251, rispetto ai 10.146 del 2021, con un incremento del 20%, legato all\u2019efficienza del presidio e alla ripresa dei flussi turistici che hanno portato pi\u00f9 persone in Agordino. Il Pronto Soccorso, inoltre, ha visto l\u2019attivazione della nuova area ambulatoriale dopo la conclusione della fase 2 dei lavori di ristrutturazione con la nuova shock room e sala gessi. Gli interventi chirurgici nel 2022 sono stati 1.900, con un incremento del 3% rispetto al 2021. Oltre alla Ortopedia con circa oltre 900 interventi eseguiti nell\u2019anno, nota eccellenza che fa attrazione di pazienti anche da fuori Ulss sia per le competenze dell\u2019equipe chirurgica sia per l\u2019accoglienza alberghiera e l\u2019umanit\u00e0 degli operatori nel post operatorio, e alla Chirurgia Generale che ha consolidato la propria attivit\u00e0, sono stati attivati in Agordo interventi di Chirurgia Vascolare. Le prestazioni erogate (visite, diagnostica, laboratorio), sono state oltre 49.500, con un incremento del 9% rispetto al 2021. In particolare, sono state eseguite 1.100 prestazioni di radiologia in pi\u00f9 rispetto al 2021 (circa 10.000 nel 2022). Inoltre, sono state introdotti nuovi ambulatori di Oncologia e Angiologia nel presidio di Agordo oltre all\u2019ambulatorio a gestione infermieristica per i pazienti stomizzati. In aumento anche le prestazioni erogate di oculistica e reumatologia, pur nella carenza di professionisti. Anche le prestazioni internistiche (diabetologia, medicina generale e geriatria) sono aumentate. I ricoveri ospedalieri sono stabili rispetto al 2020, intorno ai 1.200. A questi vanno aggiunti i ricoveri in ospedale di Comunit\u00e0 che ha avuto l\u2019importante ruolo di cerniera col territorio. A spiccare i ricoveri di Ortopedia, oltre 600, di cui 120 a pazienti provenienti da altri territori. Nel corso del 2022 sono state espletate le procedure per la\u00a0 nomina del\u00a0 nuovo primario di Pronto Soccorso, Stefano Gasperin, che ha preso servizio il 1\u00b0 febbraio 2023. \u00c8 in fase conclusiva la procedura per la nomina del nuovo primario di Medicina. I principali investimenti del 2022 in Agordo hanno riguardato l\u2019acquisto delle nuove attrezzature per il Pronto Soccorso oltre al sistema di lettori Holter per la Medicina (circa 80 mila euro). Il 2022 ha visto la conclusione della fase 2 e l\u2019avvio della fase 3 (ultima) dei lavori di ristrutturazione del Pronto Soccorso per un importo totale di 3 milioni di euro, cofinanziato dai Fondi di Confine. Sono in corso, inoltre, i lavori per l\u2019adeguamento alla normativa antincendio per un valore di 770 mila euro . 50 mila euro sono stati investiti per il cambio infissi dell\u2019ospedale di Comunit\u00e0 di Agordo. Procede l\u2019iter per la nuova casa della Comunit\u00e0 che prevede un finanziamento con fondi PNRR.<\/p>\n<p>&nbsp;<\/p>\n<p>&nbsp;<\/p>\n<hr \/>\n<p>&nbsp;<\/p>\n<blockquote>\n<h3>ALESSANDRO DEL BIANCO E&#8217; IL NUOVO SEGRETARIO PROVINCIALE DEL PD<\/h3>\n<\/blockquote>\n<p><strong><a class=\"dt-pswp-item\" href=\"https:\/\/www.radiopiu.net\/wordpress\/wp-content\/uploads\/2023\/02\/ALESSANDRO-DEL-BIANCO.jpeg\" data-dt-img-description=\"\" data-large_image_width=\"1150\" data-large_image_height=\"762\"><img loading=\"lazy\" decoding=\"async\" class=\" wp-image-323774 alignleft\" src=\"https:\/\/www.radiopiu.net\/wordpress\/wp-content\/uploads\/2023\/02\/ALESSANDRO-DEL-BIANCO-300x199.jpeg\" alt=\"\" width=\"199\" height=\"132\" srcset=\"https:\/\/www.radiopiu.net\/wordpress\/wp-content\/uploads\/2023\/02\/ALESSANDRO-DEL-BIANCO-300x199.jpeg 300w, https:\/\/www.radiopiu.net\/wordpress\/wp-content\/uploads\/2023\/02\/ALESSANDRO-DEL-BIANCO-1024x679.jpeg 1024w, https:\/\/www.radiopiu.net\/wordpress\/wp-content\/uploads\/2023\/02\/ALESSANDRO-DEL-BIANCO-768x509.jpeg 768w, https:\/\/www.radiopiu.net\/wordpress\/wp-content\/uploads\/2023\/02\/ALESSANDRO-DEL-BIANCO.jpeg 1150w\" sizes=\"auto, (max-width: 199px) 100vw, 199px\" \/><\/a>BELLUNO<\/strong> Alessandro Del Bianco \u00e8 il nuovo segretario del Partito Democratico bellunese: in serata l&#8217;elezione, che ha visto il nuovo responsabile provinciale delineare le linee d&#8217;azione.<\/p>\n<p><strong>di Daniele Dalvit<\/strong><\/p>\n<audio class=\"wp-audio-shortcode\" id=\"audio-323604-1\" preload=\"none\" style=\"width: 100%;\" controls=\"controls\"><source type=\"audio\/mpeg\" src=\"https:\/\/www.radiopiu.net\/wordpress\/wp-content\/uploads\/2023\/02\/DALVIT-DEL-BIANCO-PD.mp3?_=1\" \/><a href=\"https:\/\/www.radiopiu.net\/wordpress\/wp-content\/uploads\/2023\/02\/DALVIT-DEL-BIANCO-PD.mp3\">https:\/\/www.radiopiu.net\/wordpress\/wp-content\/uploads\/2023\/02\/DALVIT-DEL-BIANCO-PD.mp3<\/a><\/audio>\n<p>&nbsp;<\/p>\n<hr \/>\n<p>&nbsp;<\/p>\n<blockquote>\n<h3>PONTE SUL GRESAL, 170 MILA EURO DAL MINISTERO<\/h3>\n<\/blockquote>\n<p><strong>BELLUNO<\/strong>\u00a0 E&#8217; stato approvato in giunta il \u201cProgetto Belluno \u2013 Ciclovia per il parco nazionale delle Dolomiti \u2013 Antole \u2013 Casoni \u2013 lavori di completamento ponte\u201d. Con un nuovo finanziamento da 170 mila euro del Ministero, infatti, si dar\u00e0 seguito alle osservazioni arrivate dalla Soprintendenza per rendere l\u2019opera definitivamente accessibile e aprire la ciclovia. Il primo stralcio di lavori, da 500 mila euro, era terminato lasciando per\u00f2 incomplete alcune opere. La concessione di ulteriori fondi da parte del Ministero ha reso possibile proseguire la progettazione e arrivare, cos\u00ec, in fondo all\u2019opera. Il progetto esecutivo \u00e8 stato redatto internamente, dall\u2019ufficio Opere pubbliche del Comune, e comprende il rinforzo di una delle spalle del ponte, interventi sulle murature, il rifacimento dei parapetti e il completamento della pavimentazione.<\/p>\n<p><strong>L&#8217;ASSESSORE FRANCO ROCCON\u00a0<\/strong><\/p>\n<p><iframe loading=\"lazy\" title=\"IMG 1065 1\" width=\"1200\" height=\"675\" src=\"https:\/\/www.youtube.com\/embed\/rORbmkT28h0?feature=oembed\" frameborder=\"0\" allow=\"accelerometer; autoplay; clipboard-write; encrypted-media; gyroscope; picture-in-picture; web-share\" allowfullscreen><\/iframe><\/p>\n<p>&nbsp;<\/p>\n<hr \/>\n<p>&nbsp;<\/p>\n<blockquote>\n<h3>DEMOGRAFIA IN CALO, NEL FUTURO DELLE SCUOLE BELLUNESI IL PROGETTO DI UN CONVITTO NAZIONALE DIFFUSO<\/h3>\n<\/blockquote>\n<p><strong>BELLUNO <\/strong>Da una parte il dimensionamento delle scuole, con possibili fusioni tra istituti. Dall\u2019altra il progetto di un convitto nazionale diffuso in grado di garantire numeri adeguati alla proposta formativa del territorio. Sono le due piste emerse per il futuro dell\u2019istruzione superiore bellunese, dall\u2019incontro con presidi e sindaci che ha avuto luogo questa mattina a Palazzo Piloni. Presenti il reggente dell\u2019Ufficio scolastico provinciale, i dirigenti scolastici delle scuole superiori e anche diversi primi cittadini (o assessori delegati).Il punto di partenza dell\u2019incontro \u00e8 stato il quadro demografico, che continua a mostrare numeri in calo per la montagna, ma condivisi anche dalla pianura. Il Veneto &#8211; secondo le ultime stime &#8211; avr\u00e0 1 milione di abitanti in meno entro il 2050 e di conseguenza l\u2019area bellunese vedr\u00e0 ridursi ulteriormente il numero di residenti. A risentirne maggiormente, anche per effetto dell\u2019invecchiamento della popolazione e del calo delle nascite, saranno le scuole che gi\u00e0 cominciano a registrare numeri decrescenti. Sul territorio provinciale esistono tre convitti, legati all\u2019istituto agrario di Vellai, al Dolomieu di Longarone e al Follador-De Rossi di Falcade. I dati recenti mostrano un trend di calo progressivo negli iscritti: sono 487 nell\u2019anno scolastico in corso (sommando tutti i convitti e aggiungendo anche i ragazzi semiconvittori, che usufruiscono del servizio mensa ma non dell\u2019alloggio), mentre saranno 474 l\u2019anno prossimo. L\u2019altra partita sul tavolo dell\u2019incontro con i presidi \u00e8 stata quella delle fusioni tra istituti superiori, necessarie laddove i numeri di alcune scuole non permettano di garantire una dotazione di personale adeguata.\u00a0 In particolare, \u00e8 emersa la possibilit\u00e0 di un accorpamento tra l\u2019istituto comprensivo di Cortina (infanzia di Cibiana e San Vito, primaria di Cibiana, Vodo, San Vito e Cortina, medie di San Vito e Cortina) e l\u2019istituto onnicomprensivo (liceo artistico e scientifico di Cortina, classico di San Vito, Itc e Ipsssar pi\u00f9 scuola media annessa alla scuola d\u2019arte) che porterebbe le due realt\u00e0 a diventare un istituto unico da un migliaio di alunni. E anche la possibilit\u00e0 di unire il Dolomieu e il Calvi.<\/p>\n<p><strong>LA CONSIGLIERA PROVINCIALE SERENELLA BOGANA<\/strong><\/p>\n<audio class=\"wp-audio-shortcode\" id=\"audio-323604-2\" preload=\"none\" style=\"width: 100%;\" controls=\"controls\"><source type=\"audio\/mpeg\" src=\"https:\/\/www.radiopiu.net\/wordpress\/wp-content\/uploads\/2023\/02\/BOGANA-DEMOGRAFIA.mp3?_=2\" \/><a href=\"https:\/\/www.radiopiu.net\/wordpress\/wp-content\/uploads\/2023\/02\/BOGANA-DEMOGRAFIA.mp3\">https:\/\/www.radiopiu.net\/wordpress\/wp-content\/uploads\/2023\/02\/BOGANA-DEMOGRAFIA.mp3<\/a><\/audio>\n<p>&nbsp;<\/p>\n\n\t\t\t<style type='text\/css'>\n\t\t\t\t#gallery-2 {\n\t\t\t\t\tmargin: auto;\n\t\t\t\t}\n\t\t\t\t#gallery-2 .gallery-item {\n\t\t\t\t\tfloat: left;\n\t\t\t\t\tmargin-top: 10px;\n\t\t\t\t\ttext-align: center;\n\t\t\t\t\twidth: 50%;\n\t\t\t\t}\n\t\t\t\t#gallery-2 img {\n\t\t\t\t\tborder: 2px solid #cfcfcf;\n\t\t\t\t}\n\t\t\t\t#gallery-2 .gallery-caption {\n\t\t\t\t\tmargin-left: 0;\n\t\t\t\t}\n\t\t\t\t\/* see gallery_shortcode() in wp-includes\/media.php *\/\n\t\t\t<\/style>\n\t\t<div id='gallery-2' class='dt-gallery-container gallery galleryid-323604 gallery-columns-2 gallery-size-medium'><dl class='gallery-item'>\n\t\t\t\t<dt class='gallery-icon landscape'>\n\t\t\t\t\t<a class=\"rollover rollover-zoom dt-pswp-item\" title=\"incontro presidi 24 02 23_2\" data-dt-img-description=\"\" data-large_image_width=\"2016\" data-large_image_height=\"1512\"href='https:\/\/www.radiopiu.net\/wordpress\/wp-content\/uploads\/2023\/02\/incontro-presidi-24-02-23_2.jpg'><img loading=\"lazy\" decoding=\"async\" width=\"300\" height=\"225\" src=\"https:\/\/www.radiopiu.net\/wordpress\/wp-content\/uploads\/2023\/02\/incontro-presidi-24-02-23_2-300x225.jpg\" class=\"attachment-medium size-medium\" alt=\"\" srcset=\"https:\/\/www.radiopiu.net\/wordpress\/wp-content\/uploads\/2023\/02\/incontro-presidi-24-02-23_2-300x225.jpg 300w, https:\/\/www.radiopiu.net\/wordpress\/wp-content\/uploads\/2023\/02\/incontro-presidi-24-02-23_2-1024x768.jpg 1024w, https:\/\/www.radiopiu.net\/wordpress\/wp-content\/uploads\/2023\/02\/incontro-presidi-24-02-23_2-768x576.jpg 768w, https:\/\/www.radiopiu.net\/wordpress\/wp-content\/uploads\/2023\/02\/incontro-presidi-24-02-23_2-1536x1152.jpg 1536w, https:\/\/www.radiopiu.net\/wordpress\/wp-content\/uploads\/2023\/02\/incontro-presidi-24-02-23_2.jpg 2016w\" sizes=\"auto, (max-width: 300px) 100vw, 300px\" \/><\/a>\n\t\t\t\t<\/dt><\/dl><dl class='gallery-item'>\n\t\t\t\t<dt class='gallery-icon landscape'>\n\t\t\t\t\t<a class=\"rollover rollover-zoom dt-pswp-item\" title=\"incontro presidi 24 02 23\" data-dt-img-description=\"\" data-large_image_width=\"2016\" data-large_image_height=\"1512\"href='https:\/\/www.radiopiu.net\/wordpress\/wp-content\/uploads\/2023\/02\/incontro-presidi-24-02-23.jpg'><img loading=\"lazy\" decoding=\"async\" width=\"300\" height=\"225\" src=\"https:\/\/www.radiopiu.net\/wordpress\/wp-content\/uploads\/2023\/02\/incontro-presidi-24-02-23-300x225.jpg\" class=\"attachment-medium size-medium\" alt=\"\" srcset=\"https:\/\/www.radiopiu.net\/wordpress\/wp-content\/uploads\/2023\/02\/incontro-presidi-24-02-23-300x225.jpg 300w, https:\/\/www.radiopiu.net\/wordpress\/wp-content\/uploads\/2023\/02\/incontro-presidi-24-02-23-1024x768.jpg 1024w, https:\/\/www.radiopiu.net\/wordpress\/wp-content\/uploads\/2023\/02\/incontro-presidi-24-02-23-768x576.jpg 768w, https:\/\/www.radiopiu.net\/wordpress\/wp-content\/uploads\/2023\/02\/incontro-presidi-24-02-23-1536x1152.jpg 1536w, https:\/\/www.radiopiu.net\/wordpress\/wp-content\/uploads\/2023\/02\/incontro-presidi-24-02-23.jpg 2016w\" sizes=\"auto, (max-width: 300px) 100vw, 300px\" \/><\/a>\n\t\t\t\t<\/dt><\/dl><br style=\"clear: both\" \/>\n\t\t\t<\/div>\n\n<p>&nbsp;<\/p>\n<hr \/>\n<p>&nbsp;<\/p>\n<blockquote>\n<h3>MASSIMILIANO PAGLINI ALLA RADIO &#8220;LA RESPONSABILITA&#8217; DI GUIDARE UNA GRANDE ORGANIZZAZIONE IN DUE IMPORTANTI TERRITORI&#8221;<\/h3>\n<\/blockquote>\n<p style=\"text-align: left;\" align=\"CENTER\"><a class=\"dt-pswp-item\" href=\"https:\/\/www.radiopiu.net\/wordpress\/wp-content\/uploads\/2020\/11\/Senza-nome.jpg\" data-dt-img-description=\"\" data-large_image_width=\"449\" data-large_image_height=\"355\"><img loading=\"lazy\" decoding=\"async\" class=\" wp-image-323667 alignleft\" src=\"https:\/\/www.radiopiu.net\/wordpress\/wp-content\/uploads\/2020\/11\/Senza-nome-300x237.jpg\" alt=\"\" width=\"159\" height=\"126\" srcset=\"https:\/\/www.radiopiu.net\/wordpress\/wp-content\/uploads\/2020\/11\/Senza-nome-300x237.jpg 300w, https:\/\/www.radiopiu.net\/wordpress\/wp-content\/uploads\/2020\/11\/Senza-nome.jpg 449w\" sizes=\"auto, (max-width: 159px) 100vw, 159px\" \/><\/a><strong>Ospite alla radio Massimiliano Paglini, Segretario della Cisl Belluno-Treviso.<\/strong><\/p>\n<p style=\"text-align: left;\" align=\"CENTER\"><em>di Mirko Mezzacasa<\/em><\/p>\n<p style=\"text-align: left;\" align=\"CENTER\"><strong>AUDIO<\/strong><\/p>\n<audio class=\"wp-audio-shortcode\" id=\"audio-323604-3\" preload=\"none\" style=\"width: 100%;\" controls=\"controls\"><source type=\"audio\/mpeg\" src=\"https:\/\/www.radiopiu.net\/wordpress\/wp-content\/uploads\/2023\/02\/MASSIMILIANO-PAGLINI-SEGRETARIO-CISL.mp3?_=3\" \/><a href=\"https:\/\/www.radiopiu.net\/wordpress\/wp-content\/uploads\/2023\/02\/MASSIMILIANO-PAGLINI-SEGRETARIO-CISL.mp3\">https:\/\/www.radiopiu.net\/wordpress\/wp-content\/uploads\/2023\/02\/MASSIMILIANO-PAGLINI-SEGRETARIO-CISL.mp3<\/a><\/audio>\n<p>&nbsp;<\/p>\n\n\t\t\t<style type='text\/css'>\n\t\t\t\t#gallery-3 {\n\t\t\t\t\tmargin: auto;\n\t\t\t\t}\n\t\t\t\t#gallery-3 .gallery-item {\n\t\t\t\t\tfloat: left;\n\t\t\t\t\tmargin-top: 10px;\n\t\t\t\t\ttext-align: center;\n\t\t\t\t\twidth: 50%;\n\t\t\t\t}\n\t\t\t\t#gallery-3 img {\n\t\t\t\t\tborder: 2px solid #cfcfcf;\n\t\t\t\t}\n\t\t\t\t#gallery-3 .gallery-caption {\n\t\t\t\t\tmargin-left: 0;\n\t\t\t\t}\n\t\t\t\t\/* see gallery_shortcode() in wp-includes\/media.php *\/\n\t\t\t<\/style>\n\t\t<div id='gallery-3' class='dt-gallery-container gallery galleryid-323604 gallery-columns-2 gallery-size-medium'><dl class='gallery-item'>\n\t\t\t\t<dt class='gallery-icon landscape'>\n\t\t\t\t\t<a class=\"rollover rollover-zoom dt-pswp-item\" title=\"e6c16da3-15c8-490c-a72b-2dc67500c49e\" data-dt-img-description=\"\" data-large_image_width=\"1984\" data-large_image_height=\"1488\"href='https:\/\/www.radiopiu.net\/wordpress\/wp-content\/uploads\/2020\/11\/e6c16da3-15c8-490c-a72b-2dc67500c49e.jpg'><img loading=\"lazy\" decoding=\"async\" width=\"300\" height=\"225\" src=\"https:\/\/www.radiopiu.net\/wordpress\/wp-content\/uploads\/2020\/11\/e6c16da3-15c8-490c-a72b-2dc67500c49e-300x225.jpg\" class=\"attachment-medium size-medium\" alt=\"\" srcset=\"https:\/\/www.radiopiu.net\/wordpress\/wp-content\/uploads\/2020\/11\/e6c16da3-15c8-490c-a72b-2dc67500c49e-300x225.jpg 300w, https:\/\/www.radiopiu.net\/wordpress\/wp-content\/uploads\/2020\/11\/e6c16da3-15c8-490c-a72b-2dc67500c49e-1024x768.jpg 1024w, https:\/\/www.radiopiu.net\/wordpress\/wp-content\/uploads\/2020\/11\/e6c16da3-15c8-490c-a72b-2dc67500c49e-768x576.jpg 768w, https:\/\/www.radiopiu.net\/wordpress\/wp-content\/uploads\/2020\/11\/e6c16da3-15c8-490c-a72b-2dc67500c49e-1536x1152.jpg 1536w, https:\/\/www.radiopiu.net\/wordpress\/wp-content\/uploads\/2020\/11\/e6c16da3-15c8-490c-a72b-2dc67500c49e.jpg 1984w\" sizes=\"auto, (max-width: 300px) 100vw, 300px\" \/><\/a>\n\t\t\t\t<\/dt><\/dl><dl class='gallery-item'>\n\t\t\t\t<dt class='gallery-icon landscape'>\n\t\t\t\t\t<a class=\"rollover rollover-zoom dt-pswp-item\" title=\"4e77db06-5765-41af-bfb0-52b0854fee73\" data-dt-img-description=\"\" data-large_image_width=\"1984\" data-large_image_height=\"1488\"href='https:\/\/www.radiopiu.net\/wordpress\/wp-content\/uploads\/2020\/11\/4e77db06-5765-41af-bfb0-52b0854fee73.jpg'><img loading=\"lazy\" decoding=\"async\" width=\"300\" height=\"225\" src=\"https:\/\/www.radiopiu.net\/wordpress\/wp-content\/uploads\/2020\/11\/4e77db06-5765-41af-bfb0-52b0854fee73-300x225.jpg\" class=\"attachment-medium size-medium\" alt=\"\" srcset=\"https:\/\/www.radiopiu.net\/wordpress\/wp-content\/uploads\/2020\/11\/4e77db06-5765-41af-bfb0-52b0854fee73-300x225.jpg 300w, https:\/\/www.radiopiu.net\/wordpress\/wp-content\/uploads\/2020\/11\/4e77db06-5765-41af-bfb0-52b0854fee73-1024x768.jpg 1024w, https:\/\/www.radiopiu.net\/wordpress\/wp-content\/uploads\/2020\/11\/4e77db06-5765-41af-bfb0-52b0854fee73-768x576.jpg 768w, https:\/\/www.radiopiu.net\/wordpress\/wp-content\/uploads\/2020\/11\/4e77db06-5765-41af-bfb0-52b0854fee73-1536x1152.jpg 1536w, https:\/\/www.radiopiu.net\/wordpress\/wp-content\/uploads\/2020\/11\/4e77db06-5765-41af-bfb0-52b0854fee73.jpg 1984w\" sizes=\"auto, (max-width: 300px) 100vw, 300px\" \/><\/a>\n\t\t\t\t<\/dt><\/dl><br style=\"clear: both\" \/>\n\t\t\t<\/div>\n\n<p>&nbsp;<\/p>\n<p>&nbsp;<\/p>\n<hr \/>\n<p>&nbsp;<\/p>\n<blockquote>\n<h3>LUXOTTICA, L&#8217;ACQUISTO DELLA FARMACIA FAVRETTI IN CONSIGLIO COMUNALE<\/h3>\n<\/blockquote>\n<p><strong><img loading=\"lazy\" decoding=\"async\" class=\"alignleft\" src=\"https:\/\/www.radiopiu.net\/wordpress\/wp-content\/uploads\/2019\/04\/Agordo_Paolo-Selva-Moretti.jpg\" width=\"111\" height=\"103\" \/>AGORDO<\/strong> <em>&#8220;Dovremo capire le intenzioni di Luxottica, ma siamo preoccupati. E&#8217; mancata la programmazione&#8221;<\/em> lo ha detto Paolo Selva Moretti dagli scranni del Consiglio Comunale. Paure di ricadute sul territorio e in particolare con conseguenze per l&#8217;asilo nido il cui deficit \u00e8 annualmente sanato dall&#8217;utile della Farmacia Comunale.<\/p>\n<p><strong>L&#8217;INTERVENTO DI PAOLO SELVA MORETTI<\/strong><\/p>\n<audio class=\"wp-audio-shortcode\" id=\"audio-323604-4\" preload=\"none\" style=\"width: 100%;\" controls=\"controls\"><source type=\"audio\/mpeg\" src=\"https:\/\/www.radiopiu.net\/wordpress\/wp-content\/uploads\/2023\/02\/PAOLO-SELVA.mp3?_=4\" \/><a href=\"https:\/\/www.radiopiu.net\/wordpress\/wp-content\/uploads\/2023\/02\/PAOLO-SELVA.mp3\">https:\/\/www.radiopiu.net\/wordpress\/wp-content\/uploads\/2023\/02\/PAOLO-SELVA.mp3<\/a><\/audio>\n<p>&nbsp;<\/p>\n<hr \/>\n<p>&nbsp;<\/p>\n<blockquote>\n<h3>NELL&#8217;ASSIOMA DI CLAUDIO SITO L&#8217;AUMENTO DELLA TASSAZIONE IRPEF<\/h3>\n<\/blockquote>\n<p><strong><a class=\"dt-pswp-item\" href=\"https:\/\/www.radiopiu.net\/wordpress\/wp-content\/uploads\/2022\/11\/CLAUDIO-SITO.jpg\" data-dt-img-description=\"\" data-large_image_width=\"960\" data-large_image_height=\"540\"><img loading=\"lazy\" decoding=\"async\" class=\" wp-image-308403 alignleft\" src=\"https:\/\/www.radiopiu.net\/wordpress\/wp-content\/uploads\/2022\/11\/CLAUDIO-SITO-300x169.jpg\" alt=\"\" width=\"192\" height=\"108\" srcset=\"https:\/\/www.radiopiu.net\/wordpress\/wp-content\/uploads\/2022\/11\/CLAUDIO-SITO-300x169.jpg 300w, https:\/\/www.radiopiu.net\/wordpress\/wp-content\/uploads\/2022\/11\/CLAUDIO-SITO-768x432.jpg 768w, https:\/\/www.radiopiu.net\/wordpress\/wp-content\/uploads\/2022\/11\/CLAUDIO-SITO.jpg 960w\" sizes=\"auto, (max-width: 192px) 100vw, 192px\" \/><\/a>REDAZIONE<\/strong> Proponiamo l&#8217;intervento dell&#8217;assessore al bilancio Claudio Sito, nella relazione che porta al succo dell&#8217;intervento (aumento dell&#8217;aliquota Irpef) dati interessanti. Ad esempio il rapporto emigrazione-immigrazione ad Agordo con un saldo positivo di 30 unit\u00e0, recuperando quanto perso negli anni. La popolazione in 20 anni passa dai 4249 abianti del 2001 ai 4066 attuali, saldo negativo, -183. Dati che hanno portato alla conclusione che necessitano politiche anti spopolamento che passano inevitabilmente per i servizi offerti al cittadino. <em>&#8220;Non sopprimiamo i servizi &#8211; dice Sito &#8211; per\u00f2 questo ha un prezzo,\u00a0 ovvero per pagarli aggiorniamo le aliquote dell&#8217;addizionale comunale Irpef.\u00a0 Lo facciamo con rabbia e dispiacere&#8221;.<\/em>\u00a0 Su base annua chi ha un reddito di 12mila euro verser\u00e0 10 euro in pi\u00f9 (0,80 centesimi al mese); per un reddito di 22 mila euro l&#8217;aumento sar\u00e0 di 20 euro; per i redditi di 36 mila euro lo sforzo \u00e8 di 32 euro in pi\u00f9 all&#8217;anno, pagheranno 42 euro in pi\u00f9 i detentori di un reddito di 55 mila euro.\u00a0 <em>\u00ab\u00c8 vero che in media non siamo davanti a grandi aumenti\u00bb<\/em>, ha attaccato Paolo Selva Moretti, <em>\u00abma se teniamo conto della congiuntura economica questi soldi in pi\u00f9 che i cittadini devono pagare vanno a sommarsi a tutta una serie di spese e di aumenti che gravano sulle famiglie\u00bb.<\/em> Il vicesindaco Giulio Favretti <em>&#8220;Non condivido questa situazione catastrofica che \u00e8 stata descritta dall&#8217;assessore al bilancio, sindaco e minoranza.<\/em><\/p>\n<p><strong>AUDIO CLAUDIO SITO a seguire Paolo Selva Moretti, Sergio De Riva, Giulio Favretti, Roberto Chissal\u00e8.<\/strong><\/p>\n<audio class=\"wp-audio-shortcode\" id=\"audio-323604-5\" preload=\"none\" style=\"width: 100%;\" controls=\"controls\"><source type=\"audio\/mpeg\" src=\"https:\/\/www.radiopiu.net\/wordpress\/wp-content\/uploads\/2023\/02\/dibattito-agordo.mp3?_=5\" \/><a href=\"https:\/\/www.radiopiu.net\/wordpress\/wp-content\/uploads\/2023\/02\/dibattito-agordo.mp3\">https:\/\/www.radiopiu.net\/wordpress\/wp-content\/uploads\/2023\/02\/dibattito-agordo.mp3<\/a><\/audio>\n<p>&nbsp;<\/p>\n<hr \/>\n<p>&nbsp;<\/p>\n<blockquote>\n<h3>MARIA CHIARA SANTIN GUIDERA&#8217; ASCA FINO A FINE 2023<\/h3>\n<\/blockquote>\n<p><strong><a class=\"dt-pswp-item\" href=\"https:\/\/www.radiopiu.net\/wordpress\/wp-content\/uploads\/2018\/05\/SANTIN-300x169.jpg\" data-dt-img-description=\"\" data-large_image_width=\"300\" data-large_image_height=\"169\"><img loading=\"lazy\" decoding=\"async\" class=\" wp-image-48328 alignleft\" src=\"https:\/\/www.radiopiu.net\/wordpress\/wp-content\/uploads\/2018\/05\/SANTIN-300x169-300x169.jpg\" alt=\"\" width=\"204\" height=\"115\" \/><\/a>AGORDO<\/strong><\/p>\n<p>di Gianni Santomaso<\/p>\n<audio class=\"wp-audio-shortcode\" id=\"audio-323604-6\" preload=\"none\" style=\"width: 100%;\" controls=\"controls\"><source type=\"audio\/mpeg\" src=\"https:\/\/www.radiopiu.net\/wordpress\/wp-content\/uploads\/2023\/02\/GIANNI-MARIA-CHIARA-SANTIN-GUIDERA-ASCA-FINO-A-FINE-2023.mp3?_=6\" \/><a href=\"https:\/\/www.radiopiu.net\/wordpress\/wp-content\/uploads\/2023\/02\/GIANNI-MARIA-CHIARA-SANTIN-GUIDERA-ASCA-FINO-A-FINE-2023.mp3\">https:\/\/www.radiopiu.net\/wordpress\/wp-content\/uploads\/2023\/02\/GIANNI-MARIA-CHIARA-SANTIN-GUIDERA-ASCA-FINO-A-FINE-2023.mp3<\/a><\/audio>\n<p>&nbsp;<\/p>\n<hr \/>\n<p>&nbsp;<\/p>\n<blockquote>\n<h3>IL COMUNE ACQUISISCE LA EX LATTERIA, SARA&#8217; A DISPOSIZIONE DELLE ASSOCIAZIONI<\/h3>\n<\/blockquote>\n<p><strong><a class=\"dt-pswp-item\" href=\"https:\/\/www.radiopiu.net\/wordpress\/wp-content\/uploads\/2023\/02\/Ex_latteria_di_Cugnan.jpg\" data-dt-img-description=\"\" data-large_image_width=\"1411\" data-large_image_height=\"1225\"><img loading=\"lazy\" decoding=\"async\" class=\" wp-image-323679 alignleft\" src=\"https:\/\/www.radiopiu.net\/wordpress\/wp-content\/uploads\/2023\/02\/Ex_latteria_di_Cugnan-300x260.jpg\" alt=\"\" width=\"178\" height=\"154\" srcset=\"https:\/\/www.radiopiu.net\/wordpress\/wp-content\/uploads\/2023\/02\/Ex_latteria_di_Cugnan-300x260.jpg 300w, https:\/\/www.radiopiu.net\/wordpress\/wp-content\/uploads\/2023\/02\/Ex_latteria_di_Cugnan-1024x889.jpg 1024w, https:\/\/www.radiopiu.net\/wordpress\/wp-content\/uploads\/2023\/02\/Ex_latteria_di_Cugnan-768x667.jpg 768w, https:\/\/www.radiopiu.net\/wordpress\/wp-content\/uploads\/2023\/02\/Ex_latteria_di_Cugnan.jpg 1411w\" sizes=\"auto, (max-width: 178px) 100vw, 178px\" \/><\/a>PONTE NELLE ALPI\u00a0<\/strong> Il Comune di Ponte nelle Alpi \u201cacquisisce\u201d l\u2019ex latteria di Cugnan e la mette a disposizione del volontariato e della comunit\u00e0, nell\u2019intento di valorizzare e promuovere il patrimonio storico del territorio. Lo stesso Comune ha una storia importante legata alle cooperative di consumo e alle ex latterie. Ogni paese, infatti, ha un edificio che, a partire dal 1800, \u00e8 stato creato dalle popolazioni locali per la distribuzione di alimentari, la lavorazione lattiero-casearia e la ristorazione. Negli ultimi decenni, grazie all\u2019opera dei comitati frazionali, molti di questi spazi sono stati recuperati, tanto da diventare luoghi di aggregazione sociale. Non solo: alcune fra le cooperative di consumo, come a Quantin e Soccher, sono ancora funzionanti, mentre quella di Polpet, sorta nel 1904, \u00e8 una tra le pi\u00f9 antiche di tutta Italia. In pi\u00f9, vanta diversi soci attivi e un consiglio di amministrazione.\u00a0 Come emerge dallo statuto, le cooperative e le latterie venivano create per sostenere gli abitanti dei paesi, dare occupazione, aiutare le famiglie di emigranti e i pi\u00f9 poveri. Ecco perch\u00e9 un mondo cos\u00ec straordinario va mantenuto e valorizzato. \u00abPer alcune di queste realt\u00e0 &#8211; riferisce il sindaco Paolo Vendramini &#8211; ci sono stati alcuni ostacoli di natura economica, legati ai costi di gestione e manutenzione. Non a caso, stiamo monitorando tutte le situazioni, condividendo il percorso con gli abitanti dei paesi, i soci e i singoli direttivi\u00bb. Il percorso \u00e8 appena partito.<\/p>\n<p>&nbsp;<\/p>\n<hr \/>\n<p>&nbsp;<\/p>\n<h3>I LUTTI<\/h3>\n<p><strong><a class=\"dt-pswp-item\" href=\"https:\/\/www.radiopiu.net\/wordpress\/wp-content\/uploads\/2023\/02\/Senza-nome-64.jpg\" data-dt-img-description=\"\" data-large_image_width=\"512\" data-large_image_height=\"507\"><img loading=\"lazy\" decoding=\"async\" class=\"wp-image-323785 alignleft\" src=\"https:\/\/www.radiopiu.net\/wordpress\/wp-content\/uploads\/2023\/02\/Senza-nome-64-300x297.jpg\" alt=\"\" width=\"156\" height=\"154\" srcset=\"https:\/\/www.radiopiu.net\/wordpress\/wp-content\/uploads\/2023\/02\/Senza-nome-64-300x297.jpg 300w, https:\/\/www.radiopiu.net\/wordpress\/wp-content\/uploads\/2023\/02\/Senza-nome-64.jpg 512w\" sizes=\"auto, (max-width: 156px) 100vw, 156px\" \/><\/a>BELLUNO<\/strong>\u00a0 E&#8217; mancato Edoardo Bristot, gi\u00e0 Vicesindaco nelle giunte Da Rold e Bressa, assessore di Giovanni Crema, fu fra i primi a lavorare al progetto che cambi\u00f2 il volto della citt\u00e0. Il Fio, con le due gallerie a Lambioi e il grande parcheggio con la scala mobile affacciato sul Piave.<\/p>\n<blockquote><p><em>\u00abEra concreto, efficace, una di quelle persone che si danno quattro, cinque obiettivi e lavorano per portarli a termine tutti. Ma era anche una persona con cui ci si poteva confrontare serenamente, condividere progetti, idee\u00bb.\u00abIn tanti porteranno nei loro cuori il vivo ricordo di una persona onesta e caparbia, che si accendeva facilmente ma in realt\u00e0 buona come il pane\u00bb, ricorda il figlio Simone sui social, salutando il pap\u00e0.\u00a0<\/em><\/p><\/blockquote>\n<p>&nbsp;<\/p>\n<p><strong><a class=\"dt-pswp-item\" href=\"https:\/\/www.radiopiu.net\/wordpress\/wp-content\/uploads\/2023\/02\/Senza-nome-62.jpg\" data-dt-img-description=\"\" data-large_image_width=\"203\" data-large_image_height=\"209\"><img loading=\"lazy\" decoding=\"async\" class=\"wp-image-323629 alignleft\" src=\"https:\/\/www.radiopiu.net\/wordpress\/wp-content\/uploads\/2023\/02\/Senza-nome-62.jpg\" alt=\"\" width=\"133\" height=\"137\" \/><\/a>OGGI L&#8217;ADDIO A LEONARDO <\/strong>Oggi, alle 14.30 nella chiesa parrocchiale di Cavarzano, Leonardo Tramontin ricever\u00e0 l&#8217;ultimo saluto.\u00a0 Leonardo Tramontin \u00e8 morto, a soli 54 anni, dopo una malattia che lo seguiva da anni.<\/p>\n<p>&nbsp;<\/p>\n<p>&nbsp;<\/p>\n<p><strong>\u00a0<\/strong><\/p>\n<p><strong>FIORENZO NON CE L&#8217;HA FATTA <\/strong>Alfieri Fiorenzo Bratti, 82 anni,\u00a0 l&#8217;anziano scivolato la scorsa settimana sul ghiaccio del marciapiede davanti alla biblioteca comunale di Santo Stefano. Dopo il ricovero all&#8217;ospedale San Martino di Belluno, con la rottura di sei costole e due vertebre e versamento pleurico con compromissione polmonare, l&#8217;altra sera l&#8217;uomo \u00e8 mancato nel reparto di pneumologia.<br \/>\n<strong><a class=\"dt-pswp-item\" href=\"https:\/\/www.radiopiu.net\/wordpress\/wp-content\/uploads\/2023\/02\/Senza-nome-65.jpg\" data-dt-img-description=\"\" data-large_image_width=\"149\" data-large_image_height=\"134\"><img loading=\"lazy\" decoding=\"async\" class=\"wp-image-323786 alignleft\" src=\"https:\/\/www.radiopiu.net\/wordpress\/wp-content\/uploads\/2023\/02\/Senza-nome-65.jpg\" alt=\"\" width=\"92\" height=\"83\" \/><\/a>LUNEDI L&#8217;ULTIMO SALUTO AD ANGELO<\/strong>\u00a0 E&#8217; morto a 82 anni Angelo Zandegiacomo Prussia, gestore per molti anni assieme alla moglie Angela dello storico Bar Tiziano, ex Bar Commercio, in centro del paese Cadorino.L&#8217;ultimo saluto luned\u00ec nella chiesa parrocchiale di S. Giustina ad Auronzo\u00a0alle 14,30.<\/p>\n<p>&nbsp;<\/p>\n<hr \/>\n<p>&nbsp;<\/p>\n<p><strong>di Tiziano De Col<\/strong><\/p>\n\n\t\t\t<style type='text\/css'>\n\t\t\t\t#gallery-4 {\n\t\t\t\t\tmargin: auto;\n\t\t\t\t}\n\t\t\t\t#gallery-4 .gallery-item {\n\t\t\t\t\tfloat: left;\n\t\t\t\t\tmargin-top: 10px;\n\t\t\t\t\ttext-align: center;\n\t\t\t\t\twidth: 20%;\n\t\t\t\t}\n\t\t\t\t#gallery-4 img {\n\t\t\t\t\tborder: 2px solid #cfcfcf;\n\t\t\t\t}\n\t\t\t\t#gallery-4 .gallery-caption {\n\t\t\t\t\tmargin-left: 0;\n\t\t\t\t}\n\t\t\t\t\/* see gallery_shortcode() in wp-includes\/media.php *\/\n\t\t\t<\/style>\n\t\t<div id='gallery-4' class='dt-gallery-container gallery galleryid-323604 gallery-columns-5 gallery-size-medium'><dl class='gallery-item'>\n\t\t\t\t<dt class='gallery-icon landscape'>\n\t\t\t\t\t<a class=\"rollover rollover-zoom dt-pswp-item\" title=\"603f16bc-ebef-436e-8158-351eb2b792a5\" data-dt-img-description=\"\" data-large_image_width=\"597\" data-large_image_height=\"358\"href='https:\/\/www.radiopiu.net\/wordpress\/wp-content\/uploads\/2023\/02\/603f16bc-ebef-436e-8158-351eb2b792a5.jpg'><img loading=\"lazy\" decoding=\"async\" width=\"300\" height=\"180\" src=\"https:\/\/www.radiopiu.net\/wordpress\/wp-content\/uploads\/2023\/02\/603f16bc-ebef-436e-8158-351eb2b792a5-300x180.jpg\" class=\"attachment-medium size-medium\" alt=\"\" srcset=\"https:\/\/www.radiopiu.net\/wordpress\/wp-content\/uploads\/2023\/02\/603f16bc-ebef-436e-8158-351eb2b792a5-300x180.jpg 300w, https:\/\/www.radiopiu.net\/wordpress\/wp-content\/uploads\/2023\/02\/603f16bc-ebef-436e-8158-351eb2b792a5.jpg 597w\" sizes=\"auto, (max-width: 300px) 100vw, 300px\" \/><\/a>\n\t\t\t\t<\/dt><\/dl><dl class='gallery-item'>\n\t\t\t\t<dt class='gallery-icon landscape'>\n\t\t\t\t\t<a class=\"rollover rollover-zoom dt-pswp-item\" title=\"0fb722c6-4811-49d6-91f8-655448800e04\" data-dt-img-description=\"\" data-large_image_width=\"614\" data-large_image_height=\"358\"href='https:\/\/www.radiopiu.net\/wordpress\/wp-content\/uploads\/2023\/02\/0fb722c6-4811-49d6-91f8-655448800e04.jpg'><img loading=\"lazy\" decoding=\"async\" width=\"300\" height=\"175\" src=\"https:\/\/www.radiopiu.net\/wordpress\/wp-content\/uploads\/2023\/02\/0fb722c6-4811-49d6-91f8-655448800e04-300x175.jpg\" class=\"attachment-medium size-medium\" alt=\"\" srcset=\"https:\/\/www.radiopiu.net\/wordpress\/wp-content\/uploads\/2023\/02\/0fb722c6-4811-49d6-91f8-655448800e04-300x175.jpg 300w, https:\/\/www.radiopiu.net\/wordpress\/wp-content\/uploads\/2023\/02\/0fb722c6-4811-49d6-91f8-655448800e04.jpg 614w\" sizes=\"auto, (max-width: 300px) 100vw, 300px\" \/><\/a>\n\t\t\t\t<\/dt><\/dl><dl class='gallery-item'>\n\t\t\t\t<dt class='gallery-icon landscape'>\n\t\t\t\t\t<a class=\"rollover rollover-zoom dt-pswp-item\" title=\"0ecc1338-c812-456c-bdc1-c254b34d8de4\" data-dt-img-description=\"\" data-large_image_width=\"610\" data-large_image_height=\"368\"href='https:\/\/www.radiopiu.net\/wordpress\/wp-content\/uploads\/2023\/02\/0ecc1338-c812-456c-bdc1-c254b34d8de4.jpg'><img loading=\"lazy\" decoding=\"async\" width=\"300\" height=\"181\" src=\"https:\/\/www.radiopiu.net\/wordpress\/wp-content\/uploads\/2023\/02\/0ecc1338-c812-456c-bdc1-c254b34d8de4-300x181.jpg\" class=\"attachment-medium size-medium\" alt=\"\" srcset=\"https:\/\/www.radiopiu.net\/wordpress\/wp-content\/uploads\/2023\/02\/0ecc1338-c812-456c-bdc1-c254b34d8de4-300x181.jpg 300w, https:\/\/www.radiopiu.net\/wordpress\/wp-content\/uploads\/2023\/02\/0ecc1338-c812-456c-bdc1-c254b34d8de4.jpg 610w\" sizes=\"auto, (max-width: 300px) 100vw, 300px\" \/><\/a>\n\t\t\t\t<\/dt><\/dl><dl class='gallery-item'>\n\t\t\t\t<dt class='gallery-icon landscape'>\n\t\t\t\t\t<a class=\"rollover rollover-zoom dt-pswp-item\" title=\"52a539f7-d7ec-4988-95dc-10280412de0e\" data-dt-img-description=\"\" data-large_image_width=\"602\" data-large_image_height=\"349\"href='https:\/\/www.radiopiu.net\/wordpress\/wp-content\/uploads\/2023\/02\/52a539f7-d7ec-4988-95dc-10280412de0e.jpg'><img loading=\"lazy\" decoding=\"async\" width=\"300\" height=\"174\" src=\"https:\/\/www.radiopiu.net\/wordpress\/wp-content\/uploads\/2023\/02\/52a539f7-d7ec-4988-95dc-10280412de0e-300x174.jpg\" class=\"attachment-medium size-medium\" alt=\"\" srcset=\"https:\/\/www.radiopiu.net\/wordpress\/wp-content\/uploads\/2023\/02\/52a539f7-d7ec-4988-95dc-10280412de0e-300x174.jpg 300w, https:\/\/www.radiopiu.net\/wordpress\/wp-content\/uploads\/2023\/02\/52a539f7-d7ec-4988-95dc-10280412de0e.jpg 602w\" sizes=\"auto, (max-width: 300px) 100vw, 300px\" \/><\/a>\n\t\t\t\t<\/dt><\/dl><dl class='gallery-item'>\n\t\t\t\t<dt class='gallery-icon landscape'>\n\t\t\t\t\t<a class=\"rollover rollover-zoom dt-pswp-item\" title=\"4b23edd7-aafc-4bd9-a05a-a687b6edc16e\" data-dt-img-description=\"\" data-large_image_width=\"594\" data-large_image_height=\"357\"href='https:\/\/www.radiopiu.net\/wordpress\/wp-content\/uploads\/2023\/02\/4b23edd7-aafc-4bd9-a05a-a687b6edc16e.jpg'><img loading=\"lazy\" decoding=\"async\" width=\"300\" height=\"180\" src=\"https:\/\/www.radiopiu.net\/wordpress\/wp-content\/uploads\/2023\/02\/4b23edd7-aafc-4bd9-a05a-a687b6edc16e-300x180.jpg\" class=\"attachment-medium size-medium\" alt=\"\" srcset=\"https:\/\/www.radiopiu.net\/wordpress\/wp-content\/uploads\/2023\/02\/4b23edd7-aafc-4bd9-a05a-a687b6edc16e-300x180.jpg 300w, https:\/\/www.radiopiu.net\/wordpress\/wp-content\/uploads\/2023\/02\/4b23edd7-aafc-4bd9-a05a-a687b6edc16e.jpg 594w\" sizes=\"auto, (max-width: 300px) 100vw, 300px\" \/><\/a>\n\t\t\t\t<\/dt><\/dl><br style=\"clear: both\" \/>\n\t\t\t<\/div>\n\n<p>&nbsp;<\/p>\n<hr \/>\n<p>&nbsp;<\/p>\n<blockquote>\n<h3>MIRKO&#8230; MA CROZZA?<\/h3>\n<\/blockquote>\n<blockquote>\n<h3>VERSO I 40 ANNI&#8230; DOPO &#8220;ODIO LA RADIOI&#8221;<\/h3>\n<\/blockquote>\n<p><strong>Un articolo al mese che racconta gli episodi pi\u00f9 divertenti, importanti, ricorda fatti e persone che hanno fatto la storia di Radio Pi\u00f9.<\/strong><\/p>\n<p>Il 25 giugno saranno 40 anni di informazione, musica, storia. In quattro decenni di storie ne abbiamo raccontate tante, e in attesa del taglio della torta abbiamo pensato \u201cPerch\u00e9 non ricordarle come abbiamo fatto 10 anni fa con \u201cOdio La Radio\u201d. Ma abbiamo anche pensato\u2026 \u201cE se ne raccontassimo qualcuna anche degli ultimi 10 anni? Ogni 25 del mese un nuovo articolo, vi aspettiamo!<\/p>\n<p><a class=\"dt-pswp-item\" href=\"https:\/\/www.radiopiu.net\/wordpress\/wp-content\/uploads\/2021\/03\/CROZZA-ZAIA-MIRKO.jpg\" data-dt-img-description=\"\" data-large_image_width=\"1600\" data-large_image_height=\"1600\"><img loading=\"lazy\" decoding=\"async\" class=\"alignleft size-medium wp-image-196875\" src=\"https:\/\/www.radiopiu.net\/wordpress\/wp-content\/uploads\/2021\/03\/CROZZA-ZAIA-MIRKO-300x300.jpg\" alt=\"\" width=\"300\" height=\"300\" srcset=\"https:\/\/www.radiopiu.net\/wordpress\/wp-content\/uploads\/2021\/03\/CROZZA-ZAIA-MIRKO-300x300.jpg 300w, https:\/\/www.radiopiu.net\/wordpress\/wp-content\/uploads\/2021\/03\/CROZZA-ZAIA-MIRKO-1024x1024.jpg 1024w, https:\/\/www.radiopiu.net\/wordpress\/wp-content\/uploads\/2021\/03\/CROZZA-ZAIA-MIRKO-150x150.jpg 150w, https:\/\/www.radiopiu.net\/wordpress\/wp-content\/uploads\/2021\/03\/CROZZA-ZAIA-MIRKO-768x768.jpg 768w, https:\/\/www.radiopiu.net\/wordpress\/wp-content\/uploads\/2021\/03\/CROZZA-ZAIA-MIRKO-1536x1536.jpg 1536w, https:\/\/www.radiopiu.net\/wordpress\/wp-content\/uploads\/2021\/03\/CROZZA-ZAIA-MIRKO.jpg 1600w\" sizes=\"auto, (max-width: 300px) 100vw, 300px\" \/><\/a>E&#8217; stata una sorpresa, inaspettata, per nulla cercata. Stavo dormendo quella sera, quel venerdi sera.<br \/>\nCotto dopo una settimana piuttosto impegnativa, come la Radio Pi\u00f9 richiede. Ho iniziato a sentire il telefono suonare, l&#8217;ho spento. Ha iniziato a suonare il telefono di Brunella e mi \u00e8 venuto il dubbio che fosse successo qualche cosa, non rimaneva che rispondere.<br \/>\n<strong><em>&#8220;Uhe&#8217; Mirko, Crozza ti sta co..nando&#8221;.<\/em><\/strong><br \/>\nNon mi era molto chiaro che cosa intendeva, ma ho acceso la televisione&#8230;Era la serata in cui diventavo l&#8217;esperto della carne congelata, da non ricongelare. L&#8217;inizio. Poi ogni venerdi sera, da tre anni, il &#8220;Mirko de Radio Pi\u00f9&#8221; \u00e8 diventata costante. Certo che \u00e8 stato piacevole, per rispondere alla domanda che spesso mi fanno. Come \u00e8 stato piacevole l&#8217;interesse dei miei colleghi del Corriere delle Alpi, del Gazzettino, di una testata dell&#8217;Altopiano di Asiago, di altri siti internet.<br \/>\nDa allora, mi capita spesso di sentire la stessa domanda.<br \/>\n&#8220;Mirko, ma Crozza? Come \u00e8 successo? Lo conosci? Lo paghi?&#8221;&#8230;<br \/>\nNiente di tutto questo. Mai avuto contatti -purtroppo- con Maurizio Crozza, difficile avvicinarlo. Quindi? Molto semplice. Per anni ho interrotto il pranzo alle 12.30 per seguire le conferenze stampa &#8220;covid&#8221; del Presidente della Regione, Luca Zaia. Appuntamento quotidiano, spesso sabato e domenica compresi, importanti per conoscere le novit\u00e0 della pandemia, anche perch\u00e9 ogni giorno, al Centro della Protezione Civile di Mestre, sede della conferenza stampa, non sono mancati gli ospiti indispensabili per un&#8217;informazione precisa. Nel corso di questi appuntamenti non sono mai mancati simpatici siparietti, quello dell&#8217;incubatrice, dei pulcini, delle uova che si schiudono rimane nella storia. Tra i vari siparietti anche quello dedicato agli auguri dei centenari. Per questo, nel febbraio del 2021 ho inviato un messaggio a Zaia segnalandogli un compleanno importante, di una centenaria dell&#8217;Agordino. Poich\u00e9 il Presidente \u00e8 molto attento e molto &#8220;social&#8221; non ha mancato di inviare il messaggio nella diretta facebook che stavamo trasmettendo. &#8220;Tanti auguri a&#8230; per il centesimo compleanno. E grazie a Mirko di Radio Pi\u00f9 sempre attento e pronto ad informarci&#8221;. Tanto \u00e8 bastato, era un martedi. Il venerdi successivo \u00e8 iniziata la per me felice telenovela. Non posso che ringraziare Maurizio Crozza per l&#8217;inaspettata notoriet\u00e0 che mi ha fatto raggiungere sul territorio locale e nazionale, ma anche i tanti che con l&#8217;occasione ho potuto sentire e incontrare di nuovo. Amici di naja, di scuola, compagni di merende del passato, con i quali non mi sentivo da decenni.<\/p>\n<p>&nbsp;<\/p>\n<hr \/>\n<p>&nbsp;<\/p>\n<blockquote>\n<h3>DILLO A RADIO PIU&#8230;MENSA LUXOTTICA CRITICHE E CONTRO CRITICHE<\/h3>\n<\/blockquote>\n<p><strong><img decoding=\"async\" class=\"alignleft\" src=\"https:\/\/www.radiopiu.net\/wordpress\/wp-content\/uploads\/2023\/02\/th-11.jpg\" \/>REDAZIONE<\/strong> E&#8217; in corso una discussione sulla pagina facebook &#8220;Lux Italia&#8221;, il nodo del contendere, come succede spesso, come gi\u00e0 successo per giorni a Sedico \u00e8 quello della mensa (gratuita) per le maestranze. Due post (con tag RadioPi\u00f9) hanno infervorato Silvia, gi\u00e0 impiegata presso la mensa in localit\u00e0 Valcozzena. A scatenare il dibattito il post di Manola che riportiamo<\/p>\n<p>&nbsp;<\/p>\n<p>&nbsp;<\/p>\n\n\t\t\t<style type='text\/css'>\n\t\t\t\t#gallery-5 {\n\t\t\t\t\tmargin: auto;\n\t\t\t\t}\n\t\t\t\t#gallery-5 .gallery-item {\n\t\t\t\t\tfloat: left;\n\t\t\t\t\tmargin-top: 10px;\n\t\t\t\t\ttext-align: center;\n\t\t\t\t\twidth: 50%;\n\t\t\t\t}\n\t\t\t\t#gallery-5 img {\n\t\t\t\t\tborder: 2px solid #cfcfcf;\n\t\t\t\t}\n\t\t\t\t#gallery-5 .gallery-caption {\n\t\t\t\t\tmargin-left: 0;\n\t\t\t\t}\n\t\t\t\t\/* see gallery_shortcode() in wp-includes\/media.php *\/\n\t\t\t<\/style>\n\t\t<div id='gallery-5' class='dt-gallery-container gallery galleryid-323604 gallery-columns-2 gallery-size-medium'><dl class='gallery-item'>\n\t\t\t\t<dt class='gallery-icon portrait'>\n\t\t\t\t\t<a class=\"rollover rollover-zoom dt-pswp-item\" title=\"Ssenza nome\" data-dt-img-description=\"\" data-large_image_width=\"394\" data-large_image_height=\"773\"href='https:\/\/www.radiopiu.net\/wordpress\/wp-content\/uploads\/2023\/02\/Ssenza-nome.jpg'><img loading=\"lazy\" decoding=\"async\" width=\"153\" height=\"300\" src=\"https:\/\/www.radiopiu.net\/wordpress\/wp-content\/uploads\/2023\/02\/Ssenza-nome-153x300.jpg\" class=\"attachment-medium size-medium\" alt=\"\" srcset=\"https:\/\/www.radiopiu.net\/wordpress\/wp-content\/uploads\/2023\/02\/Ssenza-nome-153x300.jpg 153w, https:\/\/www.radiopiu.net\/wordpress\/wp-content\/uploads\/2023\/02\/Ssenza-nome.jpg 394w\" sizes=\"auto, (max-width: 153px) 100vw, 153px\" \/><\/a>\n\t\t\t\t<\/dt><\/dl><dl class='gallery-item'>\n\t\t\t\t<dt class='gallery-icon portrait'>\n\t\t\t\t\t<a class=\"rollover rollover-zoom dt-pswp-item\" title=\"Senza nome\" data-dt-img-description=\"\" data-large_image_width=\"398\" data-large_image_height=\"399\"href='https:\/\/www.radiopiu.net\/wordpress\/wp-content\/uploads\/2023\/02\/Senza-nome-66.jpg'><img loading=\"lazy\" decoding=\"async\" width=\"300\" height=\"300\" src=\"https:\/\/www.radiopiu.net\/wordpress\/wp-content\/uploads\/2023\/02\/Senza-nome-66-300x300.jpg\" class=\"attachment-medium size-medium\" alt=\"\" srcset=\"https:\/\/www.radiopiu.net\/wordpress\/wp-content\/uploads\/2023\/02\/Senza-nome-66-300x300.jpg 300w, https:\/\/www.radiopiu.net\/wordpress\/wp-content\/uploads\/2023\/02\/Senza-nome-66-150x150.jpg 150w, https:\/\/www.radiopiu.net\/wordpress\/wp-content\/uploads\/2023\/02\/Senza-nome-66.jpg 398w\" sizes=\"auto, (max-width: 300px) 100vw, 300px\" \/><\/a>\n\t\t\t\t<\/dt><\/dl><br style=\"clear: both\" \/>\n\t\t\t<\/div>\n\n<p>&nbsp;<\/p>\n<p><strong>IL COMMENTO DI SILVIA<\/strong><\/p>\n<p><em>Ma\u00a0 chi scrive \u00e8 al corrente che in giro per il mondo c \u00e8 un paese con 50.000 morti sotto le macerie? Sa che ogni giorno in Italia arrivano dall&#8217;Africa almeno 2.000 persone? Sa che ci negli alberghi ci sono dipendenti che devono pagarsi il mangiare? <\/em><br \/>\n<em>Sa che c \u00e8 chi &#8220;pagherebbe&#8221; per avere quello che hanno loro in mensa Luxottica?Quando lavoravo in mensa Luxottica ogni servizio buttavamo via 2 bidoni interi grandi di umido di cose lasciate sul piatto&#8230;e non aggiungo altro.<\/em><\/p>\n<p>&nbsp;<\/p>\n<p>&nbsp;<\/p>\n<hr \/>\n<p>&nbsp;<\/p>\n<blockquote>\n<h3>ROBERTO BOSCHETTO CONFERMATO ALLA GUIDA DI CONFARTIGIANATO VENETO. CLAUDIA SCARZANELLA VICE PRESIDENTE VICARIO<\/h3>\n<\/blockquote>\n<p><b><a class=\"dt-pswp-item\" href=\"https:\/\/www.radiopiu.net\/wordpress\/wp-content\/uploads\/2023\/02\/11872036646798057895.jpeg\" data-dt-img-description=\"\" data-large_image_width=\"800\" data-large_image_height=\"417\"><img loading=\"lazy\" decoding=\"async\" class=\" wp-image-323699 alignleft\" src=\"https:\/\/www.radiopiu.net\/wordpress\/wp-content\/uploads\/2023\/02\/11872036646798057895-300x156.jpeg\" alt=\"\" width=\"183\" height=\"95\" srcset=\"https:\/\/www.radiopiu.net\/wordpress\/wp-content\/uploads\/2023\/02\/11872036646798057895-300x156.jpeg 300w, https:\/\/www.radiopiu.net\/wordpress\/wp-content\/uploads\/2023\/02\/11872036646798057895-768x400.jpeg 768w, https:\/\/www.radiopiu.net\/wordpress\/wp-content\/uploads\/2023\/02\/11872036646798057895.jpeg 800w\" sizes=\"auto, (max-width: 183px) 100vw, 183px\" \/><\/a>VENEZIA <\/b>Sar\u00e0 Roberto Boschetto a guidare Confartigianato Imprese Veneto fino agli inizi del 2027. \u00c8 quanto hanno deciso gioved\u00ec sera i componenti dell\u2019assemblea. Una conferma per Boschetto che era stato chiamato alla guida dell\u2019associazione imprenditoriale regionale a met\u00e0 mandato nel 2020. La stessa assemblea ha eletto anche Claudia Scarzanella a vice presidente vicario; e Gianluca Cavion (presidente di Confartigianato Vicenza) e Roberto Iraci Sareri (presidente di Confartigianato Verona) vice presidenti. \u00abLa fase di incertezza assoluta che stiamo vivendo &#8211; tra la crisi e la guerra &#8211; ci impone di fare squadra e ricercare sinergie, che sono indispensabili per chi cerca la concretezza, come ha spiegato il presidente Boschetto\u00bb afferma la presidente di Confartigianato Belluno e neo eletta vice presidente vicario di Confartigianato Veneto, Claudia Scarzanella.<\/p>\n<p>&nbsp;<\/p>\n<p>&nbsp;<\/p>\n<hr \/>\n<p>&nbsp;<\/p>\n<blockquote>\n<h3>LA LETTERA DI VICINANZA ALLA PRESIDE SAVINO DA PARTE DI UN GRUPPO DI INSEGNANTI BELLUNESI<\/h3>\n<\/blockquote>\n<p><strong><a class=\"dt-pswp-item\" href=\"https:\/\/www.radiopiu.net\/wordpress\/wp-content\/uploads\/2020\/06\/primo-piano-gli-studenti-che-scrivono-e-leggono-gli-fogli-di-risposta-degli-esami-di-esercitazione-in-aula-della-scuola-con-lo-stress_73622-858.jpg\" data-dt-img-description=\"\" data-large_image_width=\"626\" data-large_image_height=\"417\"><img loading=\"lazy\" decoding=\"async\" class=\" wp-image-143128 alignleft\" src=\"https:\/\/www.radiopiu.net\/wordpress\/wp-content\/uploads\/2020\/06\/primo-piano-gli-studenti-che-scrivono-e-leggono-gli-fogli-di-risposta-degli-esami-di-esercitazione-in-aula-della-scuola-con-lo-stress_73622-858-300x200.jpg\" alt=\"\" width=\"179\" height=\"119\" srcset=\"https:\/\/www.radiopiu.net\/wordpress\/wp-content\/uploads\/2020\/06\/primo-piano-gli-studenti-che-scrivono-e-leggono-gli-fogli-di-risposta-degli-esami-di-esercitazione-in-aula-della-scuola-con-lo-stress_73622-858-300x200.jpg 300w, https:\/\/www.radiopiu.net\/wordpress\/wp-content\/uploads\/2020\/06\/primo-piano-gli-studenti-che-scrivono-e-leggono-gli-fogli-di-risposta-degli-esami-di-esercitazione-in-aula-della-scuola-con-lo-stress_73622-858.jpg 626w\" sizes=\"auto, (max-width: 179px) 100vw, 179px\" \/><\/a>REDAZIONE<\/strong> Riceviamo e pubblichiamo una lettera di alcuni insegnanti che voglio dimostrare la loro vicinanza alla preside Annalisa Savino dopo i fatti di Firenze dove due studenti sono stati aggrediti di fronte al Liceo Michelangiolo.<\/p>\n<blockquote><p><strong>LA LETTERA<\/strong><\/p>\n<p>Siamo un gruppo di insegnanti che si \u00e8 sentito chiamato in causa da quanto accaduto negli ultimi giorni: ci riferiamo all\u2019aggressione di due studenti per mano di altri sei coetanei davanti al liceo Michelangiolo di Firenze, al successivo\u00a0 silenzio delle istituzioni, quindi alla lettera della dirigente del liceo scientifico Leonardo Da Vinci di Firenze Annalisa Savino per giungere alla lettera di risposta del ministro Valditara. Ci teniamo, in questo contesto, a chiarire la nostra posizione, per amore di correttezza e trasparenza, richiamando i due punti fondamentali della lettera della preside di Firenze che condividiamo in pieno. Citando Gramsci e il suo libro \u201cOdio gli indifferenti\u201d, la professoressa ha ricordato, infatti, come il fascismo non sia nato nelle grandi adunate, ma proprio ai bordi dei marciapiedi, nella generale indifferenza, laddove si perpetrava violenza gratuita per motivi soprattutto politici o legati comunque a qualche forma di diversit\u00e0. Ha poi sottolineato l\u2019importanza dell\u2019avere fiducia nel futuro non chiudendosi dietro a muri, dietro a distorte idee di frontiera che fomentano odio e\u00a0 divisione. Ecco, noi ci teniamo a rimarcare quanto affermato dalla professoressa Savino. Siamo sicuramente contro ogni forma di prepotenza e violenza fisica e verbale e contro, soprattutto, l\u2019indifferenza. Siamo per la gentilezza, per la comprensione, per il rispetto, per l\u2019attenzione ai bisogni di chi ci sta intorno. Siamo orientati ad un\u2019idea di futuro il cui protagonista sia un <em>homo reciprocus e solidalis, <\/em>capace di gettare ponti di comunicazione in una rete di condivisione e corresponsabilit\u00e0 che ci faccia uscire dall\u2019egoismo dell\u2019io per approdare ad una idea di \u201cnoi\u201d a cui tutti possiamo contribuire. Ecco, questi sono i valori su cui si fonda ogni giorno il nostro lavoro in classe.<\/p>\n<p><em>GLI INSEGNATI<\/em><\/p>\n<p>Cristina Selle, Liana Cavallet, Gianni Santomaso, Mario Baldasso, Paola Bittante, Franco Chemello, Giuliana Peloso, Silvia Losso, Marilena Barp, Antonia Capraro, Doris Scardanzan, Sonia Andrich, Dario Cesarotto, Marta Molinari, Monica Savio, Andrea Sara Tom\u00e8, Sara Luchetta, Elisa Zancanaro, Claudia Sommacal, Anna Dalla Torre, Giovanna Calabr\u00f2, Cristina Costan Zovi, Laura Piva, Angela Rubino, Matteo Brandalise, Emanuela De Toffol, Tiziana Velo, Raffaella Russo, Stefania Petrera, Fabio Padovan, Sandro Neri, Barbara Dall\u2019O, Massimo De Napoli, Massimiliano Biacoli, Sonia Paganin, Claudia Zender<\/p><\/blockquote>\n<p>&nbsp;<\/p>\n<p>&nbsp;<\/p>\n<hr \/>\n<p>&nbsp;<\/p>\n<blockquote>\n<h3>Il significato dell\u2019esperienza scolastica in adozione: si chiude il ciclo di incontri per genitori e insegnanti<\/h3>\n<\/blockquote>\n<p>Si conclude il ciclo di incontri rivolti a genitori e insegnanti, dedicati all\u2019esperienza scolastica,\u00a0 marted\u00ec\u00a0 alle 18 presso la Scuola dell\u2019Infanzia \u201cMaria Ausiliatrice\u201d a Valle di Cadore. Il tema sar\u00e0 \u201cCrescere: appartenere senza perdere la propria originalit\u00e0\u201d.\u00a0 L\u2019incontro sar\u00e0 condotto dagli operatori dell&#8217;Equipe Provinciale Adozioni e da Arianna Medeot, consulente pedagogista, con il contributo di alcuni insegnanti e genitori che presenteranno esperienze e riflessioni concrete in relazione agli argomenti trattati. La partecipazione \u00e8 gratuita e aperta a tutti.<\/p>\n<p>&nbsp;<\/p>\n<hr \/>\n<h2><span style=\"color: #008080;\">&#8220;DINTORN E FORA VIA&#8221;\u00a0<\/span><span style=\"color: #008080;\"> IL PROGRAMMA\u00a0 <\/span><span style=\"color: #008080;\">A CURA DEL MUSLA\u00a0\u00a0<\/span><\/h2>\n<h1 style=\"text-align: center;\"><strong><span style=\"color: #ff0000;\">SECONDO ANNO\u00a0<\/span><\/strong><\/h1>\n<p>&nbsp;<\/p>\n<p><strong><a class=\"dt-pswp-item\" href=\"https:\/\/www.radiopiu.net\/wordpress\/wp-content\/uploads\/2023\/02\/bcecf899-944b-4610-9d95-7dcd357112a6.jpg\" data-dt-img-description=\"\" data-large_image_width=\"1001\" data-large_image_height=\"519\"><img loading=\"lazy\" decoding=\"async\" class=\"wp-image-323648 alignleft\" src=\"https:\/\/www.radiopiu.net\/wordpress\/wp-content\/uploads\/2023\/02\/bcecf899-944b-4610-9d95-7dcd357112a6-300x156.jpg\" alt=\"\" width=\"162\" height=\"84\" srcset=\"https:\/\/www.radiopiu.net\/wordpress\/wp-content\/uploads\/2023\/02\/bcecf899-944b-4610-9d95-7dcd357112a6-300x156.jpg 300w, https:\/\/www.radiopiu.net\/wordpress\/wp-content\/uploads\/2023\/02\/bcecf899-944b-4610-9d95-7dcd357112a6-768x398.jpg 768w, https:\/\/www.radiopiu.net\/wordpress\/wp-content\/uploads\/2023\/02\/bcecf899-944b-4610-9d95-7dcd357112a6.jpg 1001w\" sizes=\"auto, (max-width: 162px) 100vw, 162px\" \/><\/a>PUNTATA DEL 24 FEBBRAIO CHIARA FRENA<\/strong><\/p>\n<audio class=\"wp-audio-shortcode\" id=\"audio-323604-7\" preload=\"none\" style=\"width: 100%;\" controls=\"controls\"><source type=\"audio\/mpeg\" src=\"https:\/\/www.radiopiu.net\/wordpress\/wp-content\/uploads\/2023\/02\/nuove-par-ladin-2402.mp3?_=7\" \/><a href=\"https:\/\/www.radiopiu.net\/wordpress\/wp-content\/uploads\/2023\/02\/nuove-par-ladin-2402.mp3\">https:\/\/www.radiopiu.net\/wordpress\/wp-content\/uploads\/2023\/02\/nuove-par-ladin-2402.mp3<\/a><\/audio>\n<p>&nbsp;<\/p>\n<p>&nbsp;<\/p>\n<hr \/>\n<p>&nbsp;<\/p>\n<blockquote>\n<h3>FONDAZIONE CORTINA E PIAVE DOP ASSIEME PER I GRANDI EVENTI DELLA STAGIONE INVERNALE<\/h3>\n<\/blockquote>\n<p><strong><a class=\"dt-pswp-item\" href=\"https:\/\/www.radiopiu.net\/wordpress\/wp-content\/uploads\/2023\/02\/8e2ddd76-9124-48ac-9848-b9d0c831edbe.jpg\" data-dt-img-description=\"\" data-large_image_width=\"1024\" data-large_image_height=\"768\"><img loading=\"lazy\" decoding=\"async\" class=\" wp-image-323766 alignleft\" src=\"https:\/\/www.radiopiu.net\/wordpress\/wp-content\/uploads\/2023\/02\/8e2ddd76-9124-48ac-9848-b9d0c831edbe-300x225.jpg\" alt=\"\" width=\"171\" height=\"128\" srcset=\"https:\/\/www.radiopiu.net\/wordpress\/wp-content\/uploads\/2023\/02\/8e2ddd76-9124-48ac-9848-b9d0c831edbe-300x225.jpg 300w, https:\/\/www.radiopiu.net\/wordpress\/wp-content\/uploads\/2023\/02\/8e2ddd76-9124-48ac-9848-b9d0c831edbe-768x576.jpg 768w, https:\/\/www.radiopiu.net\/wordpress\/wp-content\/uploads\/2023\/02\/8e2ddd76-9124-48ac-9848-b9d0c831edbe.jpg 1024w\" sizes=\"auto, (max-width: 171px) 100vw, 171px\" \/><\/a>CORTINA<\/strong><\/p>\n<p>di Roberto Bona<\/p>\n<audio class=\"wp-audio-shortcode\" id=\"audio-323604-8\" preload=\"none\" style=\"width: 100%;\" controls=\"controls\"><source type=\"audio\/mpeg\" src=\"https:\/\/www.radiopiu.net\/wordpress\/wp-content\/uploads\/2023\/02\/BONA-PIAVE-DOP-FONDAZIONE-CORTINA.mp3?_=8\" \/><a href=\"https:\/\/www.radiopiu.net\/wordpress\/wp-content\/uploads\/2023\/02\/BONA-PIAVE-DOP-FONDAZIONE-CORTINA.mp3\">https:\/\/www.radiopiu.net\/wordpress\/wp-content\/uploads\/2023\/02\/BONA-PIAVE-DOP-FONDAZIONE-CORTINA.mp3<\/a><\/audio>\n<p>&nbsp;<\/p>\n<hr \/>\n<p>&nbsp;<\/p>\n<blockquote>\n<h3>FELTRE IN BICI, LA TEORIA PRIMA DI SALIRE IN SELLA<\/h3>\n<\/blockquote>\n<p><strong><img loading=\"lazy\" decoding=\"async\" class=\"alignleft\" src=\"https:\/\/www.radiopiu.net\/wordpress\/wp-content\/uploads\/2023\/02\/th-12.jpg\" width=\"218\" height=\"168\" \/>FELTRE<\/strong> In attesa di risalire in sella e pedalare, Fiab Feltreinbici propone una serie di serate con la rassegna &#8220;LA BICI RACCONTATA 2023&#8221; Questo ciclo di serate sar\u00e0 dedicato ai ciclo viaggiatori e a chi ancora non lo \u00e8 e sta pensando che una vacanza in bicicletta farebbe proprio al caso suo, ma non sa da dove cominciare.<\/p>\n<p><strong>VENERDI 3 MARZO<\/strong> a Fonzaso presso Dolomiti Hub<span style=\"font-family: inherit;\">\u00a0&#8220;Ritorno a Occidente: Dalla Gergia alla Turchia in inverno&#8221;. U<\/span>n viaggio al contrario che ha condotto Leonardo Corradini, Veronica Rizzieri e Nala (fondatori del blog &#8220;Life in Travel), dalle sponde orientali del mar Nero in Georgia a quelle settentrionali del Mediterraneo nella Turchia sud-occidentale. Veronica e Leonardo di Life in Travel sono instancabili viaggiatori, che in compagnia di Nala, una cucciolona di 20 kg che li accompagna viaggiando in parte nel carrellino e in parte correndo al loro fianco, hanno gi\u00e0 esplorato gran parte del mondo.<\/p>\n<p><strong>VENERDI 17 MARZO<\/strong> A Feltre sportello Csv, Luigi Zanon e Giuseppe Della Giustina\u00a0 parleranno di GPX. Oggi la tecnologia offre un grande aiuto ai ciclisti, ma quanti\u00a0 la conoscono bene e la sanno padroneggiare al meglio?<\/p>\n<p><strong>VENERDI 31 MARZO<\/strong> A Feltre sportello Csv Claudio Mason Presidente di FIAB Feltre in bici e esperto ciclo-viaggiatore affronter\u00e0 l\u2019argomento del cicloturismo, rispondendo a tutte le domande su pianificazione, bicicletta, abbigliamento, bagaglio, borse, mete, tappe, alloggi, imprevisti e opportunit\u00e0.<\/p>\n<p>&nbsp;<\/p>\n<p>&nbsp;<\/p>\n<p>&nbsp;<\/p>\n<hr \/>\n<p>&nbsp;<\/p>\n<blockquote>\n<h3>ESPERIENZE DALLE PAROLE DEI BAMBINI<\/h3>\n<\/blockquote>\n<p><strong>BELLUNO<\/strong> Martedi alle 18, alla scuola dell\u2019infanzia di Salce presentazione del testo\u00a0 &#8220;Ridisegnare la bussola educativa &#8211; gli effetti del trauma pandemico nei bambini e nei ragazzi&#8221; a cura di Paola Scalari, che testimonia il vissuto di 100 adulti, dei bambini e degli adolescenti che ci hanno raccontato i loro pensieri e le loro emozioni. L&#8217;incontro \u00e8 aperto a tutti. Interverranno Macella De Pr\u00e0, mediatore famigliare e didatta, curatrice del volume. Sara De Bon, assistente sociale e Nicola Dallo che proporr\u00e0 interventi musicali.<\/p>\n<p>&nbsp;<\/p>\n<p>&nbsp;<\/p>\n<hr \/>\n<blockquote>\n<h3><strong>OPEN DAY AZZARDO, NEI SERD DELL&#8217;ULSS DOLOMITI<\/strong><\/h3>\n<\/blockquote>\n<p><strong>\u00a0BELLUNO <\/strong>I SerD del Dipartimento Dipendenze dell\u2019Ulss Dolomiti organizzano un open day per oggi dalle 9.00 alle 12.00. Gli operatori saranno a disposizione nell\u2019orario indicato, senza appuntamento, per informazioni e consulenze sul tema nelle sedi Ser.D. di: <strong>Belluno <\/strong>via Sala 35, Cusighe <strong>Feltre <\/strong>ex casa di cura Bellati <strong>Agordo <\/strong>\u00a0ospedale)\u00a0 <strong>Auronzo <\/strong>Centro Sanitario Polifunzionale<\/p>\n<p>&nbsp;<\/p>\n<p>&nbsp;<\/p>\n<hr \/>\n<p>&nbsp;<\/p>\n<blockquote>\n<h3>UN CONCORSO PUBBLICO PER ASSUMERE 140 COMISSARI DELLA CARRIERA DEI FUNZIONARI DELLA POLIZIA DI STATO<\/h3>\n<\/blockquote>\n<p><strong><a class=\"dt-pswp-item\" href=\"https:\/\/www.radiopiu.net\/wordpress\/wp-content\/uploads\/2022\/05\/POLIZIA-2.jpg\" data-dt-img-description=\"\" data-large_image_width=\"1920\" data-large_image_height=\"1080\"><img loading=\"lazy\" decoding=\"async\" class=\" wp-image-278033 alignleft\" src=\"https:\/\/www.radiopiu.net\/wordpress\/wp-content\/uploads\/2022\/05\/POLIZIA-2-300x169.jpg\" alt=\"\" width=\"170\" height=\"96\" srcset=\"https:\/\/www.radiopiu.net\/wordpress\/wp-content\/uploads\/2022\/05\/POLIZIA-2-300x169.jpg 300w, https:\/\/www.radiopiu.net\/wordpress\/wp-content\/uploads\/2022\/05\/POLIZIA-2-1024x576.jpg 1024w, https:\/\/www.radiopiu.net\/wordpress\/wp-content\/uploads\/2022\/05\/POLIZIA-2-768x432.jpg 768w, https:\/\/www.radiopiu.net\/wordpress\/wp-content\/uploads\/2022\/05\/POLIZIA-2-1536x864.jpg 1536w, https:\/\/www.radiopiu.net\/wordpress\/wp-content\/uploads\/2022\/05\/POLIZIA-2.jpg 1920w\" sizes=\"auto, (max-width: 170px) 100vw, 170px\" \/><\/a>BELLUNO <\/strong>Sul Portale Unico del reclutamento, disponibile all\u2019indirizzo <a href=\"http:\/\/www.inpa.gov.it\">www.inpa.gov.it<\/a> nonch\u00e9 sul sito <a href=\"http:\/\/www.poliziadistato.it\">www.poliziadistato.it<\/a>, \u00e8 stato pubblicato il bando di concorso pubblico, per titoli ed esami, per l\u2019assunzione di 140 commissari della carriera dei funzionari della Polizia di Stato, indetto con decreto del 16 febbraio 2023. La domanda di partecipazione al concorso potr\u00e0 essere presentata, \u00a0dalle \u00a0ore \u00a000.00 del 18 febbraio 2023 alle ore 23.59 del 20 marzo 2023, sia tramite il Portale unico di reclutamento che mediante la procedura informatica disponibile all\u2019indirizzo <a href=\"https:\/\/concorsionline.poliziadistato.it\">https:\/\/concorsionline.poliziadistato.it<\/a> (cliccando sull\u2019icona \u201cConcorso pubblico\u201d).<\/p>\n<p>&nbsp;<\/p>\n<p>&nbsp;<\/p>\n<hr \/>\n<p>&nbsp;<\/p>\n<blockquote>\n<h3>L&#8217;ASSEMBLEA DEI DONATORI DEL SANGUE DI CANALE D&#8217;AGORDO<\/h3>\n<\/blockquote>\n<p><strong><a class=\"dt-pswp-item\" href=\"https:\/\/www.radiopiu.net\/wordpress\/wp-content\/uploads\/2020\/09\/DONAZIONE-SANGUE.jpg\" data-dt-img-description=\"\" data-large_image_width=\"1920\" data-large_image_height=\"1282\"><img loading=\"lazy\" decoding=\"async\" class=\" wp-image-161053 alignleft\" src=\"https:\/\/www.radiopiu.net\/wordpress\/wp-content\/uploads\/2020\/09\/DONAZIONE-SANGUE-300x200.jpg\" alt=\"\" width=\"150\" height=\"100\" srcset=\"https:\/\/www.radiopiu.net\/wordpress\/wp-content\/uploads\/2020\/09\/DONAZIONE-SANGUE-300x200.jpg 300w, https:\/\/www.radiopiu.net\/wordpress\/wp-content\/uploads\/2020\/09\/DONAZIONE-SANGUE-1024x684.jpg 1024w, https:\/\/www.radiopiu.net\/wordpress\/wp-content\/uploads\/2020\/09\/DONAZIONE-SANGUE-768x513.jpg 768w, https:\/\/www.radiopiu.net\/wordpress\/wp-content\/uploads\/2020\/09\/DONAZIONE-SANGUE-1536x1026.jpg 1536w, https:\/\/www.radiopiu.net\/wordpress\/wp-content\/uploads\/2020\/09\/DONAZIONE-SANGUE-640x427.jpg 640w, https:\/\/www.radiopiu.net\/wordpress\/wp-content\/uploads\/2020\/09\/DONAZIONE-SANGUE.jpg 1920w\" sizes=\"auto, (max-width: 150px) 100vw, 150px\" \/><\/a>CANALE D&#8217;AGORDO<\/strong><\/p>\n<p>di Gianni Santomaso<\/p>\n<audio class=\"wp-audio-shortcode\" id=\"audio-323604-9\" preload=\"none\" style=\"width: 100%;\" controls=\"controls\"><source type=\"audio\/mpeg\" src=\"https:\/\/www.radiopiu.net\/wordpress\/wp-content\/uploads\/2023\/02\/GIANNI-ASSEMBLEA-DEI-DONATORI-DEL-SANGUE-DI-CANALE-DAGORDO.mp3?_=9\" \/><a href=\"https:\/\/www.radiopiu.net\/wordpress\/wp-content\/uploads\/2023\/02\/GIANNI-ASSEMBLEA-DEI-DONATORI-DEL-SANGUE-DI-CANALE-DAGORDO.mp3\">https:\/\/www.radiopiu.net\/wordpress\/wp-content\/uploads\/2023\/02\/GIANNI-ASSEMBLEA-DEI-DONATORI-DEL-SANGUE-DI-CANALE-DAGORDO.mp3<\/a><\/audio>\n<p>&nbsp;<\/p>\n<hr \/>\n<p>&nbsp;<\/p>\n<blockquote>\n<h3>OGGI AL NOF FILO&#8217; CON GLI AMICI DELLA MONTAGNA CON TOIGO E PADROS<\/h3>\n<\/blockquote>\n<p><strong>di LUISA MANFROI<\/strong><\/p>\n<p><strong>CENCENIGHE<\/strong> Diego Toigo e Santiago Padr\u00f2s saranno ospiti del Gruppo Amici della Montagna di Cencenighe oggi per presentare al Nof Fil\u00f2 \u201cAttraverso le Pale di San Lucano\u201d, la loro esperienza di concatenamento in quattro giorni e senza scendere a valle\u00a0 salendo vie alpinistiche in prima ripetizione. Un\u2019esperienza vissuta a giugno 2021\u00a0 da Diego Toigo, di Fozaso, istruttore Cai e da Santiago (Santi) Padr\u00f2s, catalano, guida alpina abitante a Fornesighe (Val di Zoldo) entrambi appassionati di avventure alpinistiche su pareti come quelle delle Pale di San Lucano che, come afferma Toigo: \u201csono teatro di un alpinismo storico ormai dimenticato da tanti arrampicatori e offrono ancora un perfetto campo di gioco per chi ricerca l\u2019avventura\u201d. La serata con ingresso libero e patrocinata dal Comune di Cencenighe, \u00e8 realizzata grazie al contributo di diversi sponsor. Sar\u00e0 presentata da Gianpaolo Soratroi e avr\u00e0 inizio alle ore 21. Al centro \u00e8 il racconto di Diego e Santi\u00a0 accompagnato da fotografie e un breve video di Ruggero Arena. Con questa iniziativa continua la lunga tradizione del Gruppo Amici della Montagna di Cencenighe, attivo dal 1979, di proporre serate con i protagonisti del mondo dell\u2019arrampicata.<\/p>\n<p><strong>ALLA RADIO<\/strong><\/p>\n<audio class=\"wp-audio-shortcode\" id=\"audio-323604-10\" preload=\"none\" style=\"width: 100%;\" controls=\"controls\"><source type=\"audio\/mpeg\" src=\"https:\/\/www.radiopiu.net\/wordpress\/wp-content\/uploads\/2023\/02\/Serata-Pale-di-San-Lucano.mp3?_=10\" \/><a href=\"https:\/\/www.radiopiu.net\/wordpress\/wp-content\/uploads\/2023\/02\/Serata-Pale-di-San-Lucano.mp3\">https:\/\/www.radiopiu.net\/wordpress\/wp-content\/uploads\/2023\/02\/Serata-Pale-di-San-Lucano.mp3<\/a><\/audio>\n<p>&nbsp;<\/p>\n\n\t\t\t<style type='text\/css'>\n\t\t\t\t#gallery-6 {\n\t\t\t\t\tmargin: auto;\n\t\t\t\t}\n\t\t\t\t#gallery-6 .gallery-item {\n\t\t\t\t\tfloat: left;\n\t\t\t\t\tmargin-top: 10px;\n\t\t\t\t\ttext-align: center;\n\t\t\t\t\twidth: 33%;\n\t\t\t\t}\n\t\t\t\t#gallery-6 img {\n\t\t\t\t\tborder: 2px solid #cfcfcf;\n\t\t\t\t}\n\t\t\t\t#gallery-6 .gallery-caption {\n\t\t\t\t\tmargin-left: 0;\n\t\t\t\t}\n\t\t\t\t\/* see gallery_shortcode() in wp-includes\/media.php *\/\n\t\t\t<\/style>\n\t\t<div id='gallery-6' class='dt-gallery-container gallery galleryid-323604 gallery-columns-3 gallery-size-thumbnail'><dl class='gallery-item'>\n\t\t\t\t<dt class='gallery-icon landscape'>\n\t\t\t\t\t<a class=\"rollover rollover-zoom dt-pswp-item\" title=\"Diego Toigo e Santi Padros\" data-dt-img-description=\"\" data-large_image_width=\"2560\" data-large_image_height=\"1707\"href='https:\/\/www.radiopiu.net\/wordpress\/wp-content\/uploads\/2023\/02\/Diego-Toigo-e-Santi-Padros-scaled.jpg'><img loading=\"lazy\" decoding=\"async\" width=\"150\" height=\"150\" src=\"https:\/\/www.radiopiu.net\/wordpress\/wp-content\/uploads\/2023\/02\/Diego-Toigo-e-Santi-Padros-150x150.jpg\" class=\"attachment-thumbnail size-thumbnail\" alt=\"\" \/><\/a>\n\t\t\t\t<\/dt><\/dl><dl class='gallery-item'>\n\t\t\t\t<dt class='gallery-icon landscape'>\n\t\t\t\t\t<a class=\"rollover rollover-zoom dt-pswp-item\" title=\"Una sosta in parete\" data-dt-img-description=\"\" data-large_image_width=\"2560\" data-large_image_height=\"1920\"href='https:\/\/www.radiopiu.net\/wordpress\/wp-content\/uploads\/2023\/02\/Una-sosta-in-parete-scaled.jpg'><img loading=\"lazy\" decoding=\"async\" width=\"150\" height=\"150\" src=\"https:\/\/www.radiopiu.net\/wordpress\/wp-content\/uploads\/2023\/02\/Una-sosta-in-parete-150x150.jpg\" class=\"attachment-thumbnail size-thumbnail\" alt=\"\" \/><\/a>\n\t\t\t\t<\/dt><\/dl><dl class='gallery-item'>\n\t\t\t\t<dt class='gallery-icon landscape'>\n\t\t\t\t\t<a class=\"rollover rollover-zoom dt-pswp-item\" title=\"panorama san lucano\" data-dt-img-description=\"\" data-large_image_width=\"960\" data-large_image_height=\"674\"href='https:\/\/www.radiopiu.net\/wordpress\/wp-content\/uploads\/2023\/02\/panorama-san-lucano-1.jpg'><img loading=\"lazy\" decoding=\"async\" width=\"150\" height=\"150\" src=\"https:\/\/www.radiopiu.net\/wordpress\/wp-content\/uploads\/2023\/02\/panorama-san-lucano-1-150x150.jpg\" class=\"attachment-thumbnail size-thumbnail\" alt=\"\" \/><\/a>\n\t\t\t\t<\/dt><\/dl><br style=\"clear: both\" \/>\n\t\t\t<\/div>\n\n<p>&nbsp;<\/p>\n<hr \/>\n<p>&nbsp;<\/p>\n<blockquote>\n<h3>DIRE STRAITS&#8230;IL PROGRAMMA DI MORENO TOCCHETTO E SIRO LENA<\/h3>\n<\/blockquote>\n<p><a class=\"dt-pswp-item\" href=\"https:\/\/www.radiopiu.net\/wordpress\/wp-content\/uploads\/2023\/01\/f0082943-b2cb-43f8-8c9d-7f2ae8cc9034.jpg\" data-dt-img-description=\"\" data-large_image_width=\"1600\" data-large_image_height=\"1200\"><img loading=\"lazy\" decoding=\"async\" class=\"wp-image-317577 aligncenter\" src=\"https:\/\/www.radiopiu.net\/wordpress\/wp-content\/uploads\/2023\/01\/f0082943-b2cb-43f8-8c9d-7f2ae8cc9034-300x225.jpg\" alt=\"\" width=\"168\" height=\"126\" srcset=\"https:\/\/www.radiopiu.net\/wordpress\/wp-content\/uploads\/2023\/01\/f0082943-b2cb-43f8-8c9d-7f2ae8cc9034-300x225.jpg 300w, https:\/\/www.radiopiu.net\/wordpress\/wp-content\/uploads\/2023\/01\/f0082943-b2cb-43f8-8c9d-7f2ae8cc9034-1024x768.jpg 1024w, https:\/\/www.radiopiu.net\/wordpress\/wp-content\/uploads\/2023\/01\/f0082943-b2cb-43f8-8c9d-7f2ae8cc9034-768x576.jpg 768w, https:\/\/www.radiopiu.net\/wordpress\/wp-content\/uploads\/2023\/01\/f0082943-b2cb-43f8-8c9d-7f2ae8cc9034-1536x1152.jpg 1536w, https:\/\/www.radiopiu.net\/wordpress\/wp-content\/uploads\/2023\/01\/f0082943-b2cb-43f8-8c9d-7f2ae8cc9034.jpg 1600w\" sizes=\"auto, (max-width: 168px) 100vw, 168px\" \/><\/a><\/p>\n<p>&nbsp;<\/p>\n<p><strong>PUNTATA 2 DIRE STRAITS<\/strong><\/p>\n<p>Domenica mattina alla radio, risveglio con i Dire Straits. Dallo studio di via Paris Bordone i grandi successi dagli anni Settanta ad Oggi<\/p>\n<audio class=\"wp-audio-shortcode\" id=\"audio-323604-11\" preload=\"none\" style=\"width: 100%;\" controls=\"controls\"><source type=\"audio\/mpeg\" src=\"https:\/\/www.radiopiu.net\/wordpress\/wp-content\/uploads\/2023\/01\/WATM_DIRE-STRAITS_FULL.mp3?_=11\" \/><a href=\"https:\/\/www.radiopiu.net\/wordpress\/wp-content\/uploads\/2023\/01\/WATM_DIRE-STRAITS_FULL.mp3\">https:\/\/www.radiopiu.net\/wordpress\/wp-content\/uploads\/2023\/01\/WATM_DIRE-STRAITS_FULL.mp3<\/a><\/audio>\n<p>&nbsp;<\/p>\n<p><strong>PUNTATA 1 POLICE<\/strong><\/p>\n<p>Da un&#8217;idea di Moreno Tocchetto e Siro Lena il programma &#8220;Walking Around The Music&#8221;. I Police visti da un&#8217;atra prospettiva.<\/p>\n<audio class=\"wp-audio-shortcode\" id=\"audio-323604-12\" preload=\"none\" style=\"width: 100%;\" controls=\"controls\"><source type=\"audio\/mpeg\" src=\"https:\/\/www.radiopiu.net\/wordpress\/wp-content\/uploads\/2023\/01\/Special-Police-ver-0.mp3?_=12\" \/><a href=\"https:\/\/www.radiopiu.net\/wordpress\/wp-content\/uploads\/2023\/01\/Special-Police-ver-0.mp3\">https:\/\/www.radiopiu.net\/wordpress\/wp-content\/uploads\/2023\/01\/Special-Police-ver-0.mp3<\/a><\/audio>\n<p>&nbsp;<\/p>\n<p>&nbsp;<\/p>\n<hr \/>\n<p>&nbsp;<\/p>\n<blockquote>\n<h3>CONCERTO PREMIO EDIZIONE 2022<\/h3>\n<\/blockquote>\n<p><strong>BELLUNO<\/strong> Per il secondo anno consecutivo il Centro Culturale di Longarone ospita il concerto-premio dell&#8217;edizione 2022 del Concorso Musicale Citt\u00e0 di Belluno (sezione Canto Moderno), sabato 11 marzo 2023 alle\u00a0 20:45. Quest&#8217;anno ci saranno due importanti novit\u00e0: l&#8217;allestimento floreale del palco da parte dei volontari dell&#8217;infiorata di Igne e la presenza di due ospiti d&#8217;onore: il Cantautore bellunese Alvise Bortolini e la meravigliosa voce di Jessica Lena. <em>&#8220;La volont\u00e0 \u00e8 sempre quella di promuovere i giovani talenti, di far conoscere lo splendido e prezioso lavoro dei nostri volontari&#8221; &#8211; dichiara il Consigliere delegato alla Cultura Anna Olivier &#8211; &#8220;e di creare situazioni di socialit\u00e0, all&#8217;insegna della Bellezza, in questo caso della buona musica&#8221;.\u00a0<\/em><\/p>\n<p>&nbsp;<\/p>\n<p>&nbsp;<\/p>\n<hr \/>\n<p>&nbsp;<\/p>\n<blockquote>\n<h3>XXVI SCUFONEDA RICARICA NATURALE<\/h3>\n<\/blockquote>\n<p><em>Telemark e freeride a colori, profumo di cirmolo, sapori ed esplorazioni Un intenso weekend dedicato al telemark e freeride in amicizia.<\/em><\/p>\n<p><strong>VAL DI FASSA\u00a0<\/strong> Tra le novit\u00e0 della XXVI Scufoneda, che si svolger\u00e0 tra Moena, la Ski Area Alpe Lusia e quella San Pellegrino Dolomiti,\u00a0 c\u2019\u00e8 l\u2019esperienza sensoriale legata al tema della ricarica naturale, grazie alla sciata immersi nel prezioso contesto ambientale della\u00a0 \u201cPista Zirmes\u201d al Lusia. Pista che si snoda tra boschi di cirmoli centenari praticando lo \u201cslow ski\u201d, lo sci lento a passo di telemark, nel Parco Naturale di Paneveggio nel cui contesto territoriale la pista si trova. Il cirmolo ha riconosciute qualit\u00e0 benefiche come l\u2019effetto calmante del battito cardiaco e per la respirazione. Gli Scufons, sciando si fermeranno di quando in quando e respirando a pieni polmoni, si ricaricheranno in maniera naturale. Come consuetudine, sabato 11 e domenica 12 la Scufoneda, si concentra intorno al Villaggio Scufons al passo San Pellegrino, in localit\u00e0 Chiesetta. Chi volesse avvicinarsi al telemark, primordiale tecnica dello sci alpino, potr\u00e0 farlo gratuitamente sabato e domenica, trovando materiale in prova grazie ai maestri ed istruttori della Scuola Sci Moena Dolomiti. Una chicca, per gli amanti delle discipline olistiche, al villaggio sar\u00e0 presente uno Scufons che suoner\u00e0 l\u2019handpan, uno strumento musicale, nato in Svizzera in anni recenti, che emette suoni ancestrali.<\/p>\n\n\t\t\t<style type='text\/css'>\n\t\t\t\t#gallery-7 {\n\t\t\t\t\tmargin: auto;\n\t\t\t\t}\n\t\t\t\t#gallery-7 .gallery-item {\n\t\t\t\t\tfloat: left;\n\t\t\t\t\tmargin-top: 10px;\n\t\t\t\t\ttext-align: center;\n\t\t\t\t\twidth: 33%;\n\t\t\t\t}\n\t\t\t\t#gallery-7 img {\n\t\t\t\t\tborder: 2px solid #cfcfcf;\n\t\t\t\t}\n\t\t\t\t#gallery-7 .gallery-caption {\n\t\t\t\t\tmargin-left: 0;\n\t\t\t\t}\n\t\t\t\t\/* see gallery_shortcode() in wp-includes\/media.php *\/\n\t\t\t<\/style>\n\t\t<div id='gallery-7' class='dt-gallery-container gallery galleryid-323604 gallery-columns-3 gallery-size-thumbnail'><dl class='gallery-item'>\n\t\t\t\t<dt class='gallery-icon landscape'>\n\t\t\t\t\t<a class=\"rollover rollover-zoom dt-pswp-item\" title=\"829E3227-985C-4921-999A-46D86E30C1E0 2\" data-dt-img-description=\"\" data-large_image_width=\"1280\" data-large_image_height=\"854\"href='https:\/\/www.radiopiu.net\/wordpress\/wp-content\/uploads\/2023\/02\/829E3227-985C-4921-999A-46D86E30C1E0-2.jpeg'><img loading=\"lazy\" decoding=\"async\" width=\"150\" height=\"150\" src=\"https:\/\/www.radiopiu.net\/wordpress\/wp-content\/uploads\/2023\/02\/829E3227-985C-4921-999A-46D86E30C1E0-2-150x150.jpeg\" class=\"attachment-thumbnail size-thumbnail\" alt=\"\" \/><\/a>\n\t\t\t\t<\/dt><\/dl><dl class='gallery-item'>\n\t\t\t\t<dt class='gallery-icon landscape'>\n\t\t\t\t\t<a class=\"rollover rollover-zoom dt-pswp-item\" title=\"CFC7AA11-EEF1-4E36-9109-43EF774CE7DD\" data-dt-img-description=\"\" data-large_image_width=\"640\" data-large_image_height=\"426\"href='https:\/\/www.radiopiu.net\/wordpress\/wp-content\/uploads\/2023\/02\/CFC7AA11-EEF1-4E36-9109-43EF774CE7DD.jpg'><img loading=\"lazy\" decoding=\"async\" width=\"150\" height=\"150\" src=\"https:\/\/www.radiopiu.net\/wordpress\/wp-content\/uploads\/2023\/02\/CFC7AA11-EEF1-4E36-9109-43EF774CE7DD-150x150.jpg\" class=\"attachment-thumbnail size-thumbnail\" alt=\"\" \/><\/a>\n\t\t\t\t<\/dt><\/dl><dl class='gallery-item'>\n\t\t\t\t<dt class='gallery-icon landscape'>\n\t\t\t\t\t<a class=\"rollover rollover-zoom dt-pswp-item\" title=\"5c4612c4-17cc-42c8-b15e-830316292d72\" data-dt-img-description=\"\" data-large_image_width=\"1024\" data-large_image_height=\"682\"href='https:\/\/www.radiopiu.net\/wordpress\/wp-content\/uploads\/2023\/02\/5c4612c4-17cc-42c8-b15e-830316292d72.jpg'><img loading=\"lazy\" decoding=\"async\" width=\"150\" height=\"150\" src=\"https:\/\/www.radiopiu.net\/wordpress\/wp-content\/uploads\/2023\/02\/5c4612c4-17cc-42c8-b15e-830316292d72-150x150.jpg\" class=\"attachment-thumbnail size-thumbnail\" alt=\"\" \/><\/a>\n\t\t\t\t<\/dt><\/dl><br style=\"clear: both\" \/>\n\t\t\t<\/div>\n\n<p>&nbsp;<\/p>\n<hr \/>\n<p>&nbsp;<\/p>\n<blockquote>\n<h3>BENEFICA CENA AL BUIO<\/h3>\n<\/blockquote>\n<p><strong>AGORDO<\/strong> L&#8217;Unione Italiana dei Ciechi e degli Ipovedenti di Belluno\u00a0 organizza per\u00a0 oggi, alle 20, al centro parrocchiale Vincenzo Savio la cena al buio. Il costo dell&#8217;evento \u00e8 di \u20ac 40 a persona. Parte del ricavato verr\u00e0 impiegata per finanziare l&#8217;acquisto di un nuovo pulmino per il trasporto delle persone con disabilit\u00e0 visiva della provincia di Belluno a opera dei volontari U.N.I.Vo.C.<\/p>\n<p>&nbsp;<\/p>\n<hr \/>\n<p>&nbsp;<\/p>\n<blockquote>\n<h3>A FINE APRILE AGORDO IN VISITA AI GEMELLI FRANCESI<\/h3>\n<\/blockquote>\n<p><strong><a class=\"dt-pswp-item\" href=\"https:\/\/www.radiopiu.net\/wordpress\/wp-content\/uploads\/2023\/02\/GEMELLAGGIO-AGORDO.jpg\" data-dt-img-description=\"\" data-large_image_width=\"374\" data-large_image_height=\"124\"><img loading=\"lazy\" decoding=\"async\" class=\"size-medium wp-image-323724 alignleft\" src=\"https:\/\/www.radiopiu.net\/wordpress\/wp-content\/uploads\/2023\/02\/GEMELLAGGIO-AGORDO-300x99.jpg\" alt=\"\" width=\"300\" height=\"99\" srcset=\"https:\/\/www.radiopiu.net\/wordpress\/wp-content\/uploads\/2023\/02\/GEMELLAGGIO-AGORDO-300x99.jpg 300w, https:\/\/www.radiopiu.net\/wordpress\/wp-content\/uploads\/2023\/02\/GEMELLAGGIO-AGORDO.jpg 374w\" sizes=\"auto, (max-width: 300px) 100vw, 300px\" \/><\/a>AGORDO<\/strong>\u00a0Il Comitato di gemellaggio ha organizzato una gita in Francia, dal 28 aprile al 01 maggio, occasione ideale per l\u2019inaugurazione del graffito di Dunio Piccolin, sar\u00e0 inaugurato s<span id=\"page3R_mcid9\" class=\"markedContent\"><span dir=\"ltr\" role=\"presentation\">abato 29 aprile nella\u00a0<\/span><span dir=\"ltr\" role=\"presentation\">sala delle\u00a0<\/span><span dir=\"ltr\" role=\"presentation\">feste con visita al\u00a0<\/span><span dir=\"ltr\" role=\"presentation\">castello di Dolomieu.\u00a0<span id=\"page3R_mcid11\" class=\"markedContent\">Domenica 30 visita alla citt\u00e0 di Grenoble, centro citt\u00e0, musei, Bastiglia.\u00a0<\/span><span id=\"page3R_mcid17\" class=\"markedContent\">Iscrizioni entro il 20 marzo scrivendo a<\/span><span id=\"page3R_mcid18\" class=\"markedContent\">\u00a0cgemellaggio.agordo@libero.it<\/span><span id=\"page3R_mcid19\" class=\"markedContent\">\u00a0Oppure chiamando il 3489159626<\/span><\/span><\/span><\/p>\n<h3>LO SPECIALE. OSPITI IN STUDIO: CLAUDIA CATTADORI E FABRIZIO CAMPEDEL<\/h3>\n<audio class=\"wp-audio-shortcode\" id=\"audio-323604-13\" preload=\"none\" style=\"width: 100%;\" controls=\"controls\"><source type=\"audio\/mpeg\" src=\"https:\/\/www.radiopiu.net\/wordpress\/wp-content\/uploads\/2023\/02\/GEMELLAGGIO-DOLOMIEU.mp3?_=13\" \/><a href=\"https:\/\/www.radiopiu.net\/wordpress\/wp-content\/uploads\/2023\/02\/GEMELLAGGIO-DOLOMIEU.mp3\">https:\/\/www.radiopiu.net\/wordpress\/wp-content\/uploads\/2023\/02\/GEMELLAGGIO-DOLOMIEU.mp3<\/a><\/audio>\n<p>&nbsp;<\/p>\n<p>&nbsp;<\/p>\n<hr \/>\n<p>&nbsp;<\/p>\n<blockquote>\n<h3>LA MUSICA DI ENNIO MORRICONE<\/h3>\n<\/blockquote>\n<p><strong>BORGO VALBELLUNA<\/strong>\u00a0 \u00a0Mos\u00e9 Andrich in concerto,\u00a0 oggi alle 16.00 alll\u2019Auditorium di Mel a Borgo Valbelluna con ingresso libero e gratuito. In programma le pi\u00f9 celebri colonne sonore di Ennio Morricone accanto ad altri brani celebri della tradizione pop rock, il tutto rivisitato al piano, con molto spazio lasciato all&#8217;improvvisazione. Inoltre composizioni originali, alcune delle quali presenti nel disco in prossima uscita.<\/p>\n<p>&nbsp;<\/p>\n<p>&nbsp;<\/p>\n<hr \/>\n<p>&nbsp;<\/p>\n<blockquote>\n<h3>LA BENEDIZIONE DELLE CASE A SAN TOMASO<\/h3>\n<\/blockquote>\n<p><strong>SAN TOMASO<\/strong> Il parroco di San Tomaso Don Luigi Canal comunica che a partire da mercoled\u00ec 22 febbraio inizier\u00e0 la benedizione delle case. Questi gli appuntamenti: 27 febbraio Piaia, Pecol, Mezza Costa, 28 febbraio Roi, Colar\u00f9, Costa, 1 marzo Sot Colar\u00f9 e Avoscan.<\/p>\n<p>&nbsp;<\/p>\n<hr \/>\n<p>&nbsp;<\/p>\n<blockquote>\n<h3>LA MOSTRA DI LINDO NESELLO A SOSPIROLO<\/h3>\n<\/blockquote>\n<p><strong>SOSPIROLO<\/strong> Dal 25 febbraio al 19 marzo al Centro Civico di Sospirolo e biblioteca civica si pu\u00f2 visitare la mostra di Lindo Nesello dal titolo &#8220;Il paesaggio inedito degli anni 70-80&#8221;. Ingresso libero<\/p>\n<p>&nbsp;<\/p>\n<hr \/>\n<p>&nbsp;<\/p>\n<blockquote>\n<h3 class=\"photoswipe-wrapper\"><a class=\"dt-pswp-item pspw-wrap-ready\" href=\"https:\/\/www.radiopiu.net\/wordpress\/wp-content\/uploads\/2023\/02\/copertila-lea-luzzatto-2-definitiva.jpg\" data-dt-img-description=\"\" data-large_image_width=\"583\" data-large_image_height=\"806\"><img loading=\"lazy\" decoding=\"async\" class=\"wp-image-322089 alignleft\" src=\"https:\/\/www.radiopiu.net\/wordpress\/wp-content\/uploads\/2023\/02\/copertila-lea-luzzatto-2-definitiva-217x300.jpg\" sizes=\"auto, (max-width: 109px) 100vw, 109px\" srcset=\"https:\/\/www.radiopiu.net\/wordpress\/wp-content\/uploads\/2023\/02\/copertila-lea-luzzatto-2-definitiva-217x300.jpg 217w, https:\/\/www.radiopiu.net\/wordpress\/wp-content\/uploads\/2023\/02\/copertila-lea-luzzatto-2-definitiva.jpg 583w\" alt=\"\" width=\"109\" height=\"151\" \/><\/a>LA PRESENTAZIONE DEL NUOVO LIBRO DI ROBERTO DE NART<\/h3>\n<\/blockquote>\n<p><strong>BELLUNO\u00a0<\/strong>Oggi alle 18 alla Libreria Tarantola di Belluno, in via Psaro 13\/A, si terr\u00e0 la presentazione del libro \u201cL\u2019inquietante morte di Lea Luzzatto\u201d di Roberto De Nart. Conduce l\u2019incontro Anna Polifroni, avvocato del Foro di Belluno. Lea Luzzatto \u00e8 una giovane professoressa bellunese di 23 anni che viene trovata esanime in casa, riversa in una pozza di sangue con il cranio fracassato nella gelida notte del 17 dicembre 1946. Il suo corpo giace in fondo alle scale della villetta di famiglia in via Feltre n.1 dove abita con la madre e il fratello. Il fatto fa molto scalpore in citt\u00e0, perch\u00e9 coinvolge una nota famiglia della borghesia bellunese. Morte accidentale o delitto? La triste vicenda \u00e8 ricostruita dall\u2019autore attraverso gli atti processuali conservati all\u2019Archivio di Stato di Venezia e gli articoli di giornale dell\u2019epoca.<\/p>\n<p>&nbsp;<\/p>\n<p>&nbsp;<\/p>\n<hr \/>\n<p>&nbsp;<\/p>\n<blockquote>\n<h3>IL 19 MARZO TORNA SUL BROI LA VECIA POPA<\/h3>\n<\/blockquote>\n<p><strong>AGORDO<\/strong>\u00a0La Vecia Popa \u00e8 pronta per tonare sul Broi di Agordo . L\u2019Appuntamento \u00e8 per domenica 19 marzo con la festa e l\u2019atteso testamento.<\/p>\n<div id=\"gallery-5\" class=\"dt-gallery-container gallery galleryid-323239 gallery-columns-2 gallery-size-medium\">\n<dl class=\"gallery-item\">\n<dt class=\"gallery-icon landscape\"><a class=\"rollover rollover-zoom dt-pswp-item pspw-wrap-ready this-ready\" title=\"dee7dc2b-e175-4363-a25e-dfe83fa36671\" href=\"https:\/\/www.radiopiu.net\/wordpress\/wp-content\/uploads\/2023\/02\/dee7dc2b-e175-4363-a25e-dfe83fa36671.jpg\" data-dt-img-description=\"\" data-large_image_width=\"813\" data-large_image_height=\"540\"><img loading=\"lazy\" decoding=\"async\" class=\"attachment-medium size-medium\" src=\"https:\/\/www.radiopiu.net\/wordpress\/wp-content\/uploads\/2023\/02\/dee7dc2b-e175-4363-a25e-dfe83fa36671-300x199.jpg\" sizes=\"auto, (max-width: 300px) 100vw, 300px\" srcset=\"https:\/\/www.radiopiu.net\/wordpress\/wp-content\/uploads\/2023\/02\/dee7dc2b-e175-4363-a25e-dfe83fa36671-300x199.jpg 300w, https:\/\/www.radiopiu.net\/wordpress\/wp-content\/uploads\/2023\/02\/dee7dc2b-e175-4363-a25e-dfe83fa36671-768x510.jpg 768w, https:\/\/www.radiopiu.net\/wordpress\/wp-content\/uploads\/2023\/02\/dee7dc2b-e175-4363-a25e-dfe83fa36671.jpg 813w\" alt=\"\" width=\"300\" height=\"199\" \/><i><\/i><\/a><\/dt>\n<\/dl>\n<dl class=\"gallery-item\">\n<dt class=\"gallery-icon landscape\"><a class=\"rollover rollover-zoom dt-pswp-item pspw-wrap-ready this-ready\" title=\"ddc0aeda-a4e9-4a5b-b809-227e841efa46\" href=\"https:\/\/www.radiopiu.net\/wordpress\/wp-content\/uploads\/2023\/02\/ddc0aeda-a4e9-4a5b-b809-227e841efa46.jpg\" data-dt-img-description=\"\" data-large_image_width=\"300\" data-large_image_height=\"199\"><img loading=\"lazy\" decoding=\"async\" class=\"attachment-medium size-medium\" src=\"https:\/\/www.radiopiu.net\/wordpress\/wp-content\/uploads\/2023\/02\/ddc0aeda-a4e9-4a5b-b809-227e841efa46.jpg\" alt=\"\" width=\"300\" height=\"199\" \/><\/a><\/dt>\n<\/dl>\n<\/div>\n<p>&nbsp;<\/p>\n<p>&nbsp;<\/p>\n<hr \/>\n<p>&nbsp;<\/p>\n<div>\n<div class=\"b654a4as d2edcug0\">\n<div class=\"rq0escxv hkbzh7o3 jwdofwj8 n8tt0mok r8blr3vg hyh9befq\">\n<p><a class=\"dt-pswp-item\" href=\"https:\/\/www.radiopiu.net\/wordpress\/wp-content\/uploads\/2020\/10\/pp.jpg\" data-dt-img-description=\"\" data-large_image_width=\"640\" data-large_image_height=\"640\"><img loading=\"lazy\" decoding=\"async\" class=\"wp-image-163678 alignleft\" src=\"https:\/\/www.radiopiu.net\/wordpress\/wp-content\/uploads\/2020\/10\/pp-300x300.jpg\" alt=\"\" width=\"106\" height=\"106\" srcset=\"https:\/\/www.radiopiu.net\/wordpress\/wp-content\/uploads\/2020\/10\/pp-300x300.jpg 300w, https:\/\/www.radiopiu.net\/wordpress\/wp-content\/uploads\/2020\/10\/pp-150x150.jpg 150w, https:\/\/www.radiopiu.net\/wordpress\/wp-content\/uploads\/2020\/10\/pp-125x125.jpg 125w, https:\/\/www.radiopiu.net\/wordpress\/wp-content\/uploads\/2020\/10\/pp-200x200.jpg 200w, https:\/\/www.radiopiu.net\/wordpress\/wp-content\/uploads\/2020\/10\/pp-80x80.jpg 80w, https:\/\/www.radiopiu.net\/wordpress\/wp-content\/uploads\/2020\/10\/pp-480x480.jpg 480w, https:\/\/www.radiopiu.net\/wordpress\/wp-content\/uploads\/2020\/10\/pp.jpg 640w\" sizes=\"auto, (max-width: 106px) 100vw, 106px\" \/><\/a><\/p>\n<\/div>\n<\/div>\n<\/div>\n<div>\n<div class=\"page-title-head hgroup\">\n<div class=\"page-title-head hgroup\">\n<div class=\"b654a4as d2edcug0\">\n<div class=\"j83agx80 btwxx1t3 lhclo0ds hop8lmos nkwizq5d scwd0bx6 roh60bw9\">\n<div class=\"rq0escxv hkbzh7o3 jwdofwj8 n8tt0mok r8blr3vg hyh9befq\">\n<div class=\"do00u71z l9j0dhe7 k4urcfbm\" style=\"text-align: left;\">\n<h2><span style=\"color: #000080;\">DON CESARE, IL PENSIERO DEL GIORNO. ALLA RADIO ALLE 7 DEL MATTINO E ALLE 19.30 DELLA SERA\u00a0<\/span><\/h2>\n<audio class=\"wp-audio-shortcode\" id=\"audio-323604-14\" preload=\"none\" style=\"width: 100%;\" controls=\"controls\"><source type=\"audio\/mpeg\" src=\"https:\/\/www.radiopiu.net\/wordpress\/wp-content\/uploads\/2023\/02\/CESARE-22.mp3?_=14\" \/><a href=\"https:\/\/www.radiopiu.net\/wordpress\/wp-content\/uploads\/2023\/02\/CESARE-22.mp3\">https:\/\/www.radiopiu.net\/wordpress\/wp-content\/uploads\/2023\/02\/CESARE-22.mp3<\/a><\/audio>\n<\/div>\n<\/div>\n<\/div>\n<\/div>\n<\/div>\n<\/div>\n<\/div>\n<p>&nbsp;<\/p>\n<p>&nbsp;<\/p>\n<hr \/>\n<p>&nbsp;<\/p>\n<h2><span style=\"color: #ff00ff;\">IN VIVO VERSO\u00a0 \u00a0\u00a0<\/span><\/h2>\n<blockquote>\n<h3>LA VITA NON E&#8217; UNO SCHERZO di CONCETTA GANGI<\/h3>\n<\/blockquote>\n<p><strong>AUDIO<\/strong><\/p>\n<audio class=\"wp-audio-shortcode\" id=\"audio-323604-15\" preload=\"none\" style=\"width: 100%;\" controls=\"controls\"><source type=\"audio\/mpeg\" src=\"https:\/\/www.radiopiu.net\/wordpress\/wp-content\/uploads\/2023\/02\/05-CONCETTA-GANGI-LA-VITA-NON-E-UNO-SCHERZO.mp3?_=15\" \/><a href=\"https:\/\/www.radiopiu.net\/wordpress\/wp-content\/uploads\/2023\/02\/05-CONCETTA-GANGI-LA-VITA-NON-E-UNO-SCHERZO.mp3\">https:\/\/www.radiopiu.net\/wordpress\/wp-content\/uploads\/2023\/02\/05-CONCETTA-GANGI-LA-VITA-NON-E-UNO-SCHERZO.mp3<\/a><\/audio>\n<p>&nbsp;<\/p>\n<p>&nbsp;<\/p>\n<p><strong><a class=\"dt-pswp-item\" href=\"https:\/\/www.radiopiu.net\/wordpress\/wp-content\/uploads\/2023\/02\/CONCETTA-LEGGE-HIKMET.jpg\" data-dt-img-description=\"\" data-large_image_width=\"720\" data-large_image_height=\"480\"><img loading=\"lazy\" decoding=\"async\" class=\" wp-image-323299 alignleft\" src=\"https:\/\/www.radiopiu.net\/wordpress\/wp-content\/uploads\/2023\/02\/CONCETTA-LEGGE-HIKMET-300x200.jpg\" alt=\"\" width=\"195\" height=\"130\" srcset=\"https:\/\/www.radiopiu.net\/wordpress\/wp-content\/uploads\/2023\/02\/CONCETTA-LEGGE-HIKMET-300x200.jpg 300w, https:\/\/www.radiopiu.net\/wordpress\/wp-content\/uploads\/2023\/02\/CONCETTA-LEGGE-HIKMET.jpg 720w\" sizes=\"auto, (max-width: 195px) 100vw, 195px\" \/><\/a>LA VITA NON E&#8217; UNO SCHERZO<\/strong><br \/>\n<strong>di Nazim Hikmet<\/strong><\/p>\n<p>La vita non \u00e8 uno scherzo.<br \/>\nPrendila sul serio<br \/>\ncome fa lo scoiattolo, ad esempio,<br \/>\nsenza aspettarti nulla<br \/>\ndal di fuori o nell\u2019al di l\u00e0.<br \/>\nNon avrai altro da fare che vivere.<br \/>\nLa vita non \u00e9 uno scherzo.<br \/>\nPrendila sul serio<br \/>\nma sul serio a tal punto<br \/>\nche messo contro un muro, ad esempio, le mani legate,<br \/>\no dentro un laboratorio<br \/>\ncol camice bianco e grandi occhiali,<br \/>\ntu muoia affinch\u00e9 vivano gli uomini<br \/>\ngli uomini di cui non conoscerai la faccia,<br \/>\ne morrai sapendo<br \/>\nche nulla \u00e9 pi\u00f9 bello, pi\u00f9 vero della vita.<br \/>\nPrendila sul serio<br \/>\nma sul serio a tal punto<br \/>\nche a settant\u2019anni, ad esempio, pianterai degli ulivi<br \/>\nnon perch\u00e9 restino ai tuoi figli<br \/>\nma perch\u00e9 non crederai alla morte<br \/>\npur temendola,<br \/>\ne la vita peser\u00e0 di pi\u00f9 sulla bilancia.<\/p>\n<p>&nbsp;<\/p>\n<div dir=\"auto\">\n<div dir=\"auto\">\n<div dir=\"auto\">\n<p><strong>LA RACCOLTA COMPLETA<\/strong><\/p>\n<blockquote class=\"wp-embedded-content\" data-secret=\"TOaY1IxWpx\"><p><a href=\"https:\/\/www.radiopiu.net\/wordpress\/in-vivo-verso\/\">In Vivo Verso<\/a><\/p><\/blockquote>\n<p><iframe loading=\"lazy\" class=\"wp-embedded-content\" sandbox=\"allow-scripts\" security=\"restricted\" style=\"position: absolute; clip: rect(1px, 1px, 1px, 1px);\" title=\"&#8220;In Vivo Verso&#8221; &#8212; Radio Pi\u00f9\" src=\"https:\/\/www.radiopiu.net\/wordpress\/in-vivo-verso\/embed\/#?secret=o1IUcNXAke#?secret=TOaY1IxWpx\" data-secret=\"TOaY1IxWpx\" width=\"600\" height=\"338\" frameborder=\"0\" marginwidth=\"0\" marginheight=\"0\" scrolling=\"no\"><\/iframe><\/p>\n<hr \/>\n<\/div>\n<\/div>\n<\/div>\n<p>&nbsp;<\/p>\n<h2><span style=\"color: #008080;\">GOCCE DI FILOSOFIA<\/span><\/h2>\n<blockquote>\n<h3>GOCCE DI FILOSOFIA &#8211; PUNTATA 255 &#8211; LISA DE LUCA<\/h3>\n<\/blockquote>\n<audio class=\"wp-audio-shortcode\" id=\"audio-323604-16\" preload=\"none\" style=\"width: 100%;\" controls=\"controls\"><source type=\"audio\/mpeg\" src=\"https:\/\/www.radiopiu.net\/wordpress\/wp-content\/uploads\/2023\/02\/FI5-2.mp3?_=16\" \/><a href=\"https:\/\/www.radiopiu.net\/wordpress\/wp-content\/uploads\/2023\/02\/FI5-2.mp3\">https:\/\/www.radiopiu.net\/wordpress\/wp-content\/uploads\/2023\/02\/FI5-2.mp3<\/a><\/audio>\n<p>&nbsp;<\/p>\n<p>LA RACCOLTA COMPLETA<\/p>\n<blockquote class=\"wp-embedded-content\" data-secret=\"HaYegB3rhc\"><p><a href=\"https:\/\/www.radiopiu.net\/wordpress\/gocce-filosofia\/\">Gocce di filosofia,  LA TERZA STAGIONE&#8230; 2023<\/a><\/p><\/blockquote>\n<p><iframe loading=\"lazy\" class=\"wp-embedded-content\" sandbox=\"allow-scripts\" security=\"restricted\" style=\"position: absolute; clip: rect(1px, 1px, 1px, 1px);\" title=\"&#8220;Gocce di filosofia,  LA TERZA STAGIONE&#8230; 2023&#8221; &#8212; Radio Pi\u00f9\" src=\"https:\/\/www.radiopiu.net\/wordpress\/gocce-filosofia\/embed\/#?secret=hqvezUVRQT#?secret=HaYegB3rhc\" data-secret=\"HaYegB3rhc\" width=\"600\" height=\"338\" frameborder=\"0\" marginwidth=\"0\" marginheight=\"0\" scrolling=\"no\"><\/iframe><\/p>\n<p>&nbsp;<\/p>\n<hr \/>\n<p>&nbsp;<\/p>\n<div class=\"column\">\n<p><img loading=\"lazy\" decoding=\"async\" class=\"aligncenter wp-image-61954 size-full\" src=\"https:\/\/www.radiopiu.net\/wordpress\/wp-content\/uploads\/2018\/09\/viabilita.jpeg\" sizes=\"auto, (max-width: 800px) 100vw, 800px\" srcset=\"https:\/\/www.radiopiu.net\/wordpress\/wp-content\/uploads\/2018\/09\/viabilita.jpeg 800w, https:\/\/www.radiopiu.net\/wordpress\/wp-content\/uploads\/2018\/09\/viabilita-300x38.jpeg 300w, https:\/\/www.radiopiu.net\/wordpress\/wp-content\/uploads\/2018\/09\/viabilita-768x96.jpeg 768w\" alt=\"\" width=\"800\" height=\"100\" \/><\/p>\n<p>&nbsp;<\/p>\n<blockquote class=\"wp-embedded-content\" data-secret=\"nCYitlMbWl\"><p><a href=\"https:\/\/www.radiopiu.net\/wordpress\/viabilita\/\">viabilita<\/a><\/p><\/blockquote>\n<p><iframe loading=\"lazy\" class=\"wp-embedded-content\" sandbox=\"allow-scripts\" security=\"restricted\" style=\"position: absolute; clip: rect(1px, 1px, 1px, 1px);\" title=\"&#8220;viabilita&#8221; &#8212; Radio Pi\u00f9\" src=\"https:\/\/www.radiopiu.net\/wordpress\/viabilita\/embed\/#?secret=IbDH6ppZWJ#?secret=nCYitlMbWl\" data-secret=\"nCYitlMbWl\" width=\"600\" height=\"338\" frameborder=\"0\" marginwidth=\"0\" marginheight=\"0\" scrolling=\"no\"><\/iframe><\/p>\n<div>\n<div dir=\"ltr\">\n<div class=\"gmail_quote\">\n<div dir=\"ltr\">\n<div class=\"gmail_quote\"><\/div>\n<\/div>\n<\/div>\n<\/div>\n<\/div>\n<p>&nbsp;<\/p>\n<hr \/>\n<p>&nbsp;<\/p>\n<p><a class=\"dt-pswp-item\" href=\"https:\/\/www.radiopiu.net\/wordpress\/wp-content\/uploads\/2018\/09\/WhatsApp-Image-2018-09-20-at-16.04.06.jpeg\" data-dt-img-description=\"\" data-large_image_width=\"800\" data-large_image_height=\"100\"><img loading=\"lazy\" decoding=\"async\" class=\"wp-image-61378 size-full aligncenter\" src=\"https:\/\/www.radiopiu.net\/wordpress\/wp-content\/uploads\/2018\/09\/WhatsApp-Image-2018-09-20-at-16.04.06.jpeg\" alt=\"\" width=\"800\" height=\"100\" srcset=\"https:\/\/www.radiopiu.net\/wordpress\/wp-content\/uploads\/2018\/09\/WhatsApp-Image-2018-09-20-at-16.04.06.jpeg 800w, https:\/\/www.radiopiu.net\/wordpress\/wp-content\/uploads\/2018\/09\/WhatsApp-Image-2018-09-20-at-16.04.06-300x38.jpeg 300w, https:\/\/www.radiopiu.net\/wordpress\/wp-content\/uploads\/2018\/09\/WhatsApp-Image-2018-09-20-at-16.04.06-768x96.jpeg 768w\" sizes=\"auto, (max-width: 800px) 100vw, 800px\" \/><\/a><\/p>\n<p>&nbsp;<\/p>\n<\/div>\n<p><center><b>Sabato 25<\/b><\/center><b>Tempo atteso: <\/b>Nottetempo in parte nuvoloso per nubi basse irregolari; sulle Dolomiti graduale miglioramento in mattinata e ritorno del sole al pomeriggio, accadr\u00e0 lo stesso in quota sulle Prealpi, mentre le nubi basse potranno imperversare in Valbelluna e su alcuni settori dei Lessini, prima di qualche schiarita. Alla sera probabile aumento della nuvolosit\u00e0 sulle Prealpi, specie a ridosso della pedemontana. Presenza di aria pi\u00f9 secca in quota e maggiore escursione termica giornaliera nelle valli dolomitiche e sugli altopiani prealpini.<br \/>\n<b>Precipitazioni: <\/b>Assenti (0%).<br \/>\n<b>Temperature: <\/b>Minime in calo nelle valli, stazionarie in quota al mattino e in netto calo in tarda serata per sopraggiungere di aria pi\u00f9 fredda. Massime in rialzo, eccetto diminuzione delle stesse sopra i 2000 m sulle Dolomiti. Su Prealpi a 1500 m min -1\u00b0C max 5\u00b0C, a 2000 m min -3\u00b0C max 1\u00b0C. Su Dolomiti a 2000 m min -6\u00b0C max -1\u00b0C, a 3000 m min -11\u00b0C max -7\u00b0C.<br \/>\n<b>Venti: <\/b>Nelle valli deboli di direzione variabile al mattino, salvo probabili temporanei rinforzi per episodi di Foehn, anche se non ovunque; in quota tesi\/forti da ovest nottetempo, poi tesi da nord-ovest, prima di attenuarsi sensibilmente dalle ore centrali in poi, a 10-40 km\/ha a 2000 m e a 20-60 km\/h a 3000 m.<\/p>\n<hr \/>\n<p><center><b>Domenica 26<\/b><\/center><b>Tempo atteso: <\/b>Sulle Dolomiti nottetempo cielo in parte nuvoloso, poi rasserenamenti sempre pi\u00f9 ampi e duraturi; nel tardo pomeriggio\/sera nuovi annuvolamenti, assieme a qualche sporadico fiocco sulle cime, ma non nelle valli per condizioni di favonio. Sulle Prealpi situazione diversa con instabilit\u00e0 notturna; specie sui settori centro-occidentali. Poi intervallo di variabilit\u00e0, prima che il tempo migliori in parte. Contesto termico via via pi\u00f9 freddo, anche gelido e ventilto in alta quota (Significativo effetto wind chill oltre i 2400-2500 m).<br \/>\n<b>Precipitazioni: <\/b>Sulle Dolomiti assenti (0%), salvo qualche fiocco in alta quota alla sera (10%). Sulle Prealpi centro-occidentali qualche rovescio notturno fino al primo mattino (50-70%), nevoso oltre i 700\/800 m. Poi assenti (0%).<br \/>\n<b>Temperature: <\/b>In generale graduale calo con contesto via via pi\u00f9 gelido in alta quota (minime alla sera), non esclusi temporanei rialzi delle massime per Foehn in alcune valli. Su Prealpi a 1500 m min -8\u00b0C max -2\u00b0C, a 2000 m min -11\u00b0C max -4\u00b0C. Su Dolomiti a 2000 m min -13\u00b0C max -7\u00b0C, a 3000 m min -20\u00b0C max -13\u00b0C.<br \/>\n<b>Venti: <\/b>Nelle valli deboli di direzione variabile, salvo rinforzi da nord-est, anche per episodi di Foehn in alcuni settori; in quota tesi da nord al mattino e da nord-est dalle ore centrali in poi, non escluso possano essere a tratti forti sulle cime pi\u00f9 alte nel tardo pomeriggio, a 15-25 km\/ha a 2000 m e a 25-50 km\/h a 3000 m.<\/p>\n<hr \/>\n<p><center><b>Lunedi 27<\/b><\/center>Cielo molto nuvoloso per bora scura tra la notte e il mattino. Nel corso del pomeriggio primi rasserenamenti a partire dalle Dolomiti, in parziale estensione alle Prealpi, anche se su quest&#8217;ultime la maggiore presenza degli stratocumuli potrebbe limitare il verificarsi delle schiarite. Temperature in ulteriore lieve calo, eccetto leggera ripresa delle massime in alta quota. I venti saranno deboli\/moderati da est nord-est nei bassi strati; moderati\/tesi dai quadranti orientali in quota, in attenuazione al pomeriggio.<\/p>\n<hr \/>\n<p><center><b>Martedi 28<\/b><\/center>Tempo ben soleggiato con cielo sereno, aria tersa e ottima visibilit\u00e0. Temperature in generale leggero rialzo, eccetto calo delle minime nelle valli, dove le gelate saranno ancora assai intense. Venti deboli di direzione variabile nelle valli, eccetto locali rinforzi erratici nei settori solitamente pi\u00f9 ventilati; in quota deboli\/moderati da sud-sud-est. Previsore<\/p>\n<p>&nbsp;<\/p>\n<hr \/>\n<p>&nbsp;<\/p>\n<p><a class=\"dt-pswp-item\" href=\"https:\/\/www.radiopiu.net\/wordpress\/wp-content\/uploads\/2018\/09\/sport.jpg\" data-dt-img-description=\"\" data-large_image_width=\"800\" data-large_image_height=\"100\"><img loading=\"lazy\" decoding=\"async\" class=\"aligncenter wp-image-60761 size-full\" src=\"https:\/\/www.radiopiu.net\/wordpress\/wp-content\/uploads\/2018\/09\/sport.jpg\" alt=\"\" width=\"800\" height=\"100\" srcset=\"https:\/\/www.radiopiu.net\/wordpress\/wp-content\/uploads\/2018\/09\/sport.jpg 800w, https:\/\/www.radiopiu.net\/wordpress\/wp-content\/uploads\/2018\/09\/sport-300x38.jpg 300w, https:\/\/www.radiopiu.net\/wordpress\/wp-content\/uploads\/2018\/09\/sport-768x96.jpg 768w\" sizes=\"auto, (max-width: 800px) 100vw, 800px\" \/><\/a><\/p>\n<p>&nbsp;<\/p>\n<p><span style=\"color: #0000ff;\"><strong>CALCIO<\/strong><\/span><\/p>\n<blockquote>\n<h3>AGORDINA A BORGO VALBELLUNA PER AFFRONTARE IL LENTIAI<\/h3>\n<\/blockquote>\n<p><strong><a class=\"dt-pswp-item\" href=\"https:\/\/www.radiopiu.net\/wordpress\/wp-content\/uploads\/2023\/02\/CALCIO-PALLONE.png\" data-dt-img-description=\"\" data-large_image_width=\"769\" data-large_image_height=\"495\"><img loading=\"lazy\" decoding=\"async\" class=\" wp-image-322076 alignleft\" src=\"https:\/\/www.radiopiu.net\/wordpress\/wp-content\/uploads\/2023\/02\/CALCIO-PALLONE-300x193.png\" alt=\"\" width=\"179\" height=\"115\" srcset=\"https:\/\/www.radiopiu.net\/wordpress\/wp-content\/uploads\/2023\/02\/CALCIO-PALLONE-300x193.png 300w, https:\/\/www.radiopiu.net\/wordpress\/wp-content\/uploads\/2023\/02\/CALCIO-PALLONE.png 769w\" sizes=\"auto, (max-width: 179px) 100vw, 179px\" \/><\/a>di Marco Gaz<\/strong><\/p>\n<p><strong>REDAZIONE<\/strong> Sono in programma domani due partite valide per i campionati regionali LND con protagonista l&#8217;Agordina Calcio. Ad inaugurare la giornata ci penseranno gli Allievi allenati da Orzetti che alle 10:30 ospiteranno all&#8217;Ivano Dorigo di Agordo l&#8217;Union QDP. I trevigiani militano a met\u00e0 classifica e l&#8217;Agordina invece \u00e8 il fanalino di coda del campionato giovanile. Una partita che vede la squadra ospite candidata alla vittoria sulla carta ma i giovani agordini ce la metteranno tutta per mettere in difficolt\u00e0 i trevigiani. Nel pomeriggio alle 14:30 sar\u00e0 il turno della prima squadra allenata da Lorenzi che scender\u00e0 a Borgo Valbelluna per affrontare la capolista della Seconda Categoria girone T del Veneto, il Lentiai. Non sar\u00e0 una passeggiata per gli agordini che devono dare il massimo per evitare la sconfitta e conquistare punti importanti per la classifica e centrare l&#8217;obbiettivo salvezza il prima possibile. Radio Pi\u00f9 seguir\u00e0 in diretta la sfida pomeridiana all&#8217;interno di &#8220;Domenica Pi\u00f9 Sport&#8221; a partire dalle 14:30.<\/p>\n<p>&nbsp;<\/p>\n<p>&nbsp;<\/p>\n<hr \/>\n<p>&nbsp;<\/p>\n<p><span style=\"color: #0000ff;\"><strong>HOCKEY SU GHIACCIO<\/strong><\/span><\/p>\n<blockquote>\n<h3>L\u2019ALLEGHE CHIUDE IN RIVA AL LARIO UNA STAGIONE TRAVAGLIATA<\/h3>\n<\/blockquote>\n<p><strong><a class=\"dt-pswp-item\" href=\"https:\/\/www.radiopiu.net\/wordpress\/wp-content\/uploads\/2019\/08\/logo-alleghe-hockey.png\" data-dt-img-description=\"\" data-large_image_width=\"547\" data-large_image_height=\"512\"><img loading=\"lazy\" decoding=\"async\" class=\" wp-image-95699 alignleft\" src=\"https:\/\/www.radiopiu.net\/wordpress\/wp-content\/uploads\/2019\/08\/logo-alleghe-hockey-300x281.png\" alt=\"\" width=\"169\" height=\"158\" srcset=\"https:\/\/www.radiopiu.net\/wordpress\/wp-content\/uploads\/2019\/08\/logo-alleghe-hockey-300x281.png 300w, https:\/\/www.radiopiu.net\/wordpress\/wp-content\/uploads\/2019\/08\/logo-alleghe-hockey.png 547w\" sizes=\"auto, (max-width: 169px) 100vw, 169px\" \/><\/a>di Roberto Miana, portavoce dell&#8217;Alleghe Hockey<\/strong><\/p>\n<p>Decima e ultima giornata di Qualification Round del campionato di Italian Hockey League 2022\/2023. Sabato 25 febbraio alle 20:30 le Civette giocano in trasferta contro il Como. L\u2019ultimo match delle Civette sul ghiaccio del \u201cDe Toni\u201d si \u00e8 concluso con la sconfitta 4-6 maturata contro il Valpellice. L\u2019Alleghe ha salutato il proprio pubblico giocando una buona partita, ma cuore ed impegno non sono bastati. La sfida tra le deluse di questo campionato, entrambe fuori dalla lotta playoff, ha visto i primi due tempi divertenti e condotti ad alti ritmi, con la squadra di coach Fontana capace di portarsi sul doppio vantaggio. Nel terzo periodo, per\u00f2, gli ospiti hanno messo la freccia del sorpasso, dimostrandosi implacabili sottoporta e riuscendo cos\u00ec a portare a casa i tre punti. Per gli alleghesi a segno con una doppietta Nicola Soppelsa e con un gol a testa Francesco Soppelsa e Thomas De Silvestro. In terra lombarda, nell&#8217;ultima gara stagionale, le Civette troveranno un Como agguerrito in cerca del primo posto nel Qualification Round. I Biancorossi, che non hanno pi\u00f9 nulla da chiedere a questo campionato, saranno invece chiamati solo ad una prova d\u2019orgoglio. Nella gara di gioved\u00ec, con gli agordini che hanno osservato il turno di riposo, il Como ha violato 5-4 all\u2019overtime il ghiaccio di Torre Pellice, in una serata che ha visto grande protagonista nelle file lariane l\u2019americano Chase Harwell, autore di quattro reti ed un assist. Da tenere in debita considerazione tra i nostri prossimi avversari anche il connazionale e compagno di prima linea Nicholas Dinicola che, come Harwell, ha messo a referto nove reti in sette gare di Qualification Round. Alleghe e Como si affrontano nel campionato di serie B di hockey su ghiaccio (IHL) dalla stagione 2013\/2014. Nei ventisette precedenti si sono registrate 18 vittorie Alleghesi e 9 Comasche. Nell&#8217;ultima gara disputata in Lombardia, il 30 ottobre scorso in Regular Season, si sono imposti i padroni di casa 4-1. Conteggiando le reti totali segnate in questa sfida l\u2019Alleghe ha messo a referto 103 marcature contro 74 del Como.<br \/>\n<strong>COMO &#8211; ALLEGHE <\/strong>Sabato 25 febbraio, ore 20:30, Centro Sportivo Casate (Como). Arbitri: Federico Stefenelli e Federico Rivis con giudici di linea Fabrizio De Toni e Andrea Rivis. Collegamenti in DIRETTA RADIOFONICA su Radio Pi\u00f9 (www.radiopiu.net) con \u201cHockey al punto giusto\u201d, In studio Marco Gaz e da Como interventi di Roberto Miana<\/p>\n<p>&nbsp;<\/p>\n<p>&nbsp;<\/p>\n<hr \/>\n<p>&nbsp;<\/p>\n<p><span style=\"color: #0000ff;\"><strong>SCI DI FONDO<\/strong><\/span><\/p>\n<blockquote>\n<h3>VANESSA CAGNATI QUARTA NELLA SPRINT SKATING AI TRICOLORI ALLIEVI<\/h3>\n<\/blockquote>\n<p><strong><a class=\"dt-pswp-item\" href=\"https:\/\/www.radiopiu.net\/wordpress\/wp-content\/uploads\/2023\/02\/vanessa-cagnati.jpg\" data-dt-img-description=\"\" data-large_image_width=\"1536\" data-large_image_height=\"1024\"><img loading=\"lazy\" decoding=\"async\" class=\" wp-image-323720 alignleft\" src=\"https:\/\/www.radiopiu.net\/wordpress\/wp-content\/uploads\/2023\/02\/vanessa-cagnati-300x200.jpg\" alt=\"\" width=\"140\" height=\"93\" srcset=\"https:\/\/www.radiopiu.net\/wordpress\/wp-content\/uploads\/2023\/02\/vanessa-cagnati-300x200.jpg 300w, https:\/\/www.radiopiu.net\/wordpress\/wp-content\/uploads\/2023\/02\/vanessa-cagnati-1024x683.jpg 1024w, https:\/\/www.radiopiu.net\/wordpress\/wp-content\/uploads\/2023\/02\/vanessa-cagnati-768x512.jpg 768w, https:\/\/www.radiopiu.net\/wordpress\/wp-content\/uploads\/2023\/02\/vanessa-cagnati.jpg 1536w\" sizes=\"auto, (max-width: 140px) 100vw, 140px\" \/><\/a>PRAGELATO (TORINO)<\/strong> E&#8217; andata in scena la prima giornata dedicata ai Campionati Italiani Allievi di Fondo e sono arrivate le prime soddisfazioni. In programma la sprint in skating che ha visto l\u2019agordina Vanessa Cagnati (Sci club Val Biois) chiudere al quarto posto. Eliminati in semifinale Edoardo Trombetta (Ski College Veneto Falcade) e Alex Rossi (Sci club Val Biois).<\/p>\n<p><strong>PER LE CLASSIFICHE <a href=\"https:\/\/www.fisiveneto.com\/2023\/02\/24\/tricolori-allievi-quarta-vanessa-cagnati\/\">CLICCA QUI<\/a><\/strong><\/p>\n<p>&nbsp;<\/p>\n<p>&nbsp;<\/p>\n<hr \/>\n<p>&nbsp;<\/p>\n<p><span style=\"color: #0000ff;\"><strong>PALLAVOLO\u00a0<\/strong><\/span><\/p>\n<p><span style=\"color: #0000ff;\"><strong><a class=\"dt-pswp-item\" href=\"https:\/\/www.radiopiu.net\/wordpress\/wp-content\/uploads\/2023\/02\/Giulia_Zambon_1.jpg\" data-dt-img-description=\"\" data-large_image_width=\"953\" data-large_image_height=\"873\"><img loading=\"lazy\" decoding=\"async\" class=\"wp-image-323676 alignleft\" src=\"https:\/\/www.radiopiu.net\/wordpress\/wp-content\/uploads\/2023\/02\/Giulia_Zambon_1-300x275.jpg\" alt=\"\" width=\"122\" height=\"112\" srcset=\"https:\/\/www.radiopiu.net\/wordpress\/wp-content\/uploads\/2023\/02\/Giulia_Zambon_1-300x275.jpg 300w, https:\/\/www.radiopiu.net\/wordpress\/wp-content\/uploads\/2023\/02\/Giulia_Zambon_1-768x704.jpg 768w, https:\/\/www.radiopiu.net\/wordpress\/wp-content\/uploads\/2023\/02\/Giulia_Zambon_1.jpg 953w\" sizes=\"auto, (max-width: 122px) 100vw, 122px\" \/><\/a><\/strong><\/span>Pallavolo Belluno femminile oggi alle 20.30\u00a0in terra vicentina: a Pojana Maggiore, la \u201ctana\u201d della Meccanica Ziello Vps, quarta forza del campionato femminile di serie C: <em>\u00abDobbiamo affrontare la trasferta nello stesso modo in cui abbiamo interpretato l\u2019ultima partita &#8211; afferma la pallavolista\u00a0 Giulia Zambon -. Ovvero, giocando di squadra. Peccato per il quinto set di sabato scorso, ma il coach \u00e8 convinto che, con questo atteggiamento, riusciremo a toglierci delle soddisfazioni\u00bb. La strada \u00e8 giusta: \u00abSiamo un gruppo sempre pi\u00f9 unito. Io stessa, in palestra, mi diverto. E cos\u00ec allenarsi diventa un piacere\u00bb. <\/em>\u00c8 diventata maggiorenne da pochi giorni, eppure Zambon pu\u00f2 essere considerata quasi una \u201cveterana\u201d della rosa<em>: \u00abFaccio parte della Pallavolo Belluno dal 2019. In quattro anni ho imparato parecchio. E penso di essere cresciuta. Questo sport, inoltre, mi ha arricchito dal punto di vista personale: certe esperienze rimangono nel cassetto e saranno utili pure un domani. Da quando gioco, mi sento una persona completamente diversa: grazie al volley credo di pi\u00f9 in me stessa. Ho imparato a curare la disciplina e la diplomazia, visto che mi sono sempre confrontata con persone pi\u00f9 grandi\u00bb<\/em><\/p>\n<p>&nbsp;<\/p>\n<p>&nbsp;<\/p>\n<hr \/>\n<p>&nbsp;<\/p>\n<p><span style=\"color: #0000ff;\"><strong>CORSA CAMPESTRE<\/strong>\u00a0<\/span><\/p>\n<blockquote>\n<h3>A CARICA DEI 900 AL CROSS DI BORGO VALBELLUNA<\/h3>\n<\/blockquote>\n<p><a class=\"dt-pswp-item\" href=\"https:\/\/www.radiopiu.net\/wordpress\/wp-content\/uploads\/2023\/02\/Borgo-Valbelluna_stadio_1.jpg\" data-dt-img-description=\"\" data-large_image_width=\"1024\" data-large_image_height=\"576\"><img loading=\"lazy\" decoding=\"async\" class=\" wp-image-323684 alignleft\" src=\"https:\/\/www.radiopiu.net\/wordpress\/wp-content\/uploads\/2023\/02\/Borgo-Valbelluna_stadio_1-300x169.jpg\" alt=\"\" width=\"188\" height=\"106\" srcset=\"https:\/\/www.radiopiu.net\/wordpress\/wp-content\/uploads\/2023\/02\/Borgo-Valbelluna_stadio_1-300x169.jpg 300w, https:\/\/www.radiopiu.net\/wordpress\/wp-content\/uploads\/2023\/02\/Borgo-Valbelluna_stadio_1-768x432.jpg 768w, https:\/\/www.radiopiu.net\/wordpress\/wp-content\/uploads\/2023\/02\/Borgo-Valbelluna_stadio_1.jpg 1024w\" sizes=\"auto, (max-width: 188px) 100vw, 188px\" \/><\/a>La stagione veneta della corsa campestre termina domani. Circa 900 atleti sono attesi al via della manifestazione che assegner\u00e0 i titoli regionali di societ\u00e0 per il settore assoluto, promozionale e master. La prova sar\u00e0 anche valida come campionato regionale individuale per il settore promozionale (ragazzi e cadetti), oltre che come campionato provinciale per tutte le categorie. La manifestazione, organizzata dal Gs La Piave 2000, avr\u00e0 come baricentro la rinnovata pista di Mel. Inizio gare alle 9.15.<\/p>\n<p><strong>RAPPRESENTATIVA<\/strong> \u2013 Dodici atleti veneti delle categorie allievi e juniores saranno al via, domenica 26 febbraio, delle gare per rappresentative del tradizionale cross di Al\u00e0 dei Sardi (Sassari). Tra i selezionati, la juniores bellunese della Dolomiti, Lucia Arnoldo, miglior under 20 italiana agli Europei di cross di Venaria Reale. In pista anche la feltrina Leila Colussi<\/p>\n<p>&nbsp;<\/p>\n<hr \/>\n<h2><span style=\"color: #ff6600;\">\u00a0<\/span><\/h2>\n<h2><span style=\"color: #ff6600;\">DA DEDICHE E RICHIESTE DI MERCOLEDI&#8217; SERA<\/span><\/h2>\n<blockquote>\n<h3>LA STORIA. SIMONE, 21 ANNI SI LICENZIA DA LUXOTTICA (POSTO FISSO) PER FARE IL PANETTIERE<\/h3>\n<\/blockquote>\n<p><strong><img loading=\"lazy\" decoding=\"async\" class=\"alignleft\" src=\"https:\/\/www.radiopiu.net\/wordpress\/wp-content\/uploads\/2023\/02\/e4b22693-5dec-47c8-82ba-d0fc87aa1530.jpg\" width=\"182\" height=\"180\" \/>REDAZIONE<\/strong> Prendi Simone&#8230; Simone Moro, 21 anni da poco uscito nel mondo della scuola e in un battibaleno ritrovatosi proiettato in quello del lavoro. Primo impiego in Luxottica, ragazzo di valore e posto fisso assicurato. Fatta. Molti, di pi\u00f9 generazioni l&#8217;hanno spesso pensata cos\u00ec. Simone no. Dopo un periodo in fabbrica la decisione, entrare in altri mondi e tra poco capiremo il perch\u00e8 ascoltando il suo intervento. Fuori da Luxottica un secondo impiego stagionale in un Rifugio, di quelli che si raggiungono solo a piedi e che comporta fatica, sacrificio, tutto ripagato da grandi soddisfazioni sensoriali e non solo. Quindi l&#8217;impiego attuale: panettiere.\u00a0 Simone Moro \u00e8 stato ospite della trasmissione del mercoledi sera, quattro amici attorno al mixer con Simonetta Tom\u00e8, Moreno Tocchetto, Marco Gaz e Mirko Mezzacasa<\/p>\n<p><strong>AUDIO\u00a0<\/strong><\/p>\n<audio class=\"wp-audio-shortcode\" id=\"audio-323604-17\" preload=\"none\" style=\"width: 100%;\" controls=\"controls\"><source type=\"audio\/mpeg\" src=\"https:\/\/www.radiopiu.net\/wordpress\/wp-content\/uploads\/2023\/02\/simone.mp3?_=17\" \/><a href=\"https:\/\/www.radiopiu.net\/wordpress\/wp-content\/uploads\/2023\/02\/simone.mp3\">https:\/\/www.radiopiu.net\/wordpress\/wp-content\/uploads\/2023\/02\/simone.mp3<\/a><\/audio>\n<p>&nbsp;<\/p>\n<p>&nbsp;<\/p>\n<blockquote>\n<h3>LA STORIA&#8230;MAGGIORENNE IN MESSICO CON LA NOSTALGIA PER BELLUNO<\/h3>\n<\/blockquote>\n<p><strong><a class=\"dt-pswp-item\" href=\"https:\/\/www.radiopiu.net\/wordpress\/wp-content\/uploads\/2023\/02\/321187873_140911892140592_1327614310526744323_n.jpg\" data-dt-img-description=\"\" data-large_image_width=\"640\" data-large_image_height=\"640\"><img loading=\"lazy\" decoding=\"async\" class=\"wp-image-323497 alignleft\" src=\"https:\/\/www.radiopiu.net\/wordpress\/wp-content\/uploads\/2023\/02\/321187873_140911892140592_1327614310526744323_n-300x300.jpg\" alt=\"\" width=\"187\" height=\"187\" srcset=\"https:\/\/www.radiopiu.net\/wordpress\/wp-content\/uploads\/2023\/02\/321187873_140911892140592_1327614310526744323_n-300x300.jpg 300w, https:\/\/www.radiopiu.net\/wordpress\/wp-content\/uploads\/2023\/02\/321187873_140911892140592_1327614310526744323_n-150x150.jpg 150w, https:\/\/www.radiopiu.net\/wordpress\/wp-content\/uploads\/2023\/02\/321187873_140911892140592_1327614310526744323_n.jpg 640w\" sizes=\"auto, (max-width: 187px) 100vw, 187px\" \/><\/a>REDAZIONE<\/strong> Giulia Moro, bellunesi, maggiorenne da poche settimana, dallo scorso giorno della befana. Il diciottesimo anno l&#8217;ha festeggiato in Messico, da Belluno \u00e8 partita la scorsa estate per un anno di studio ben oltre confine. Un&#8217;esperienza che consiglia ai giovani della sua generazione, Giulia si racconta a RADIOPIU al programma del mercoledi sera 4 amici attorno al mixer con Simonetta Tom\u00e8, Moreno Tocchetto, Marco Gaz e Mirko Mezzacasa<\/p>\n<p><strong>AUDIO<\/strong><\/p>\n<audio class=\"wp-audio-shortcode\" id=\"audio-323604-18\" preload=\"none\" style=\"width: 100%;\" controls=\"controls\"><source type=\"audio\/mpeg\" src=\"https:\/\/www.radiopiu.net\/wordpress\/wp-content\/uploads\/2023\/02\/giulia.mp3?_=18\" \/><a href=\"https:\/\/www.radiopiu.net\/wordpress\/wp-content\/uploads\/2023\/02\/giulia.mp3\">https:\/\/www.radiopiu.net\/wordpress\/wp-content\/uploads\/2023\/02\/giulia.mp3<\/a><\/audio>\n<p>&nbsp;<\/p>\n<p>&nbsp;<\/p>\n<blockquote>\n<h3>ANNA VALT, LA PIU&#8217; BELLA DELLA VALLE DEL BIOIS. LA ZINGHENESTA<\/h3>\n<\/blockquote>\n<p><strong><img loading=\"lazy\" decoding=\"async\" class=\"alignleft\" src=\"https:\/\/www.radiopiu.net\/wordpress\/wp-content\/uploads\/2023\/02\/anna-valt-zinghenesta-2023.jpg\" width=\"279\" height=\"186\" \/>REDAZIONE<\/strong> Anna poco pi\u00f9 che ventenne, bella, nel fiore dell&#8217;et\u00e0 e della freschezza. Non solo bella, pure spigliata, sorridente e innamorata del suo Riccardo. Lo abbiamo scoperto mercoledi sera, nel programma 4 amici attorno al mixer, la radio come 40 anni fa con Simonetta, Moreno, Marco e Mirco. Un incontro davvero piacevole,<\/p>\n<p><strong>AUDIO<\/strong><\/p>\n<audio class=\"wp-audio-shortcode\" id=\"audio-323604-19\" preload=\"none\" style=\"width: 100%;\" controls=\"controls\"><source type=\"audio\/mpeg\" src=\"https:\/\/www.radiopiu.net\/wordpress\/wp-content\/uploads\/2023\/02\/ANNA.mp3?_=19\" \/><a href=\"https:\/\/www.radiopiu.net\/wordpress\/wp-content\/uploads\/2023\/02\/ANNA.mp3\">https:\/\/www.radiopiu.net\/wordpress\/wp-content\/uploads\/2023\/02\/ANNA.mp3<\/a><\/audio>\n<p>&nbsp;<\/p>\n<p>&nbsp;<\/p>\n<blockquote>\n<h3>ELSA E CANDIDO I CENTENARI DI ROCCA PIETORE, DE BERNARDIN &#8220;MA VI SEMBRA L&#8217;ORA DI CHIAMARE?&#8221;<\/h3>\n<\/blockquote>\n<p><strong><img loading=\"lazy\" decoding=\"async\" class=\"alignleft\" src=\"https:\/\/www.radiopiu.net\/wordpress\/wp-content\/uploads\/2021\/03\/ANDREA-DE-BERNARDIN.jpg\" width=\"306\" height=\"172\" \/>REDAZIONE<\/strong> Abbiamo rischiato di essere mandati a quel paese, in effetti svegliare un sindaco alle dieci e mezza di sera \u00e8 un azzardo, ma alla fine il primo cittadino \u00e8 stato al &#8220;gioco&#8221; del programma serale del mercoledi con Simonetta, Marco, Moreno e Mirko. Con Andrea De Bernardin gli auguri ai centenari, a Elsa che a 96 anni era sul tetto a spalare la neve, a Candido che a 100 anni suonava la fisarmonica a bocca versando il vino a mano ferma. &#8220;Non mi ricandido&#8221; dice il sindaco &#8220;Non possono sono al terzo mandato come i colleghi Moreno De Val e Fabio Luchetta&#8221;. Momento ideale per concentrarsi sul nuovo incarico come segretario della Lega Nord. Volutamente sfiorato ed evitato il caso &#8220;lazzaroni-assistenzialisti&#8221; e relativa ultima decisione del Tribunale.<\/p>\n<p>AUDIO<\/p>\n<audio class=\"wp-audio-shortcode\" id=\"audio-323604-20\" preload=\"none\" style=\"width: 100%;\" controls=\"controls\"><source type=\"audio\/mpeg\" src=\"https:\/\/www.radiopiu.net\/wordpress\/wp-content\/uploads\/2023\/02\/ANDREA-1.mp3?_=20\" \/><a href=\"https:\/\/www.radiopiu.net\/wordpress\/wp-content\/uploads\/2023\/02\/ANDREA-1.mp3\">https:\/\/www.radiopiu.net\/wordpress\/wp-content\/uploads\/2023\/02\/ANDREA-1.mp3<\/a><\/audio>\n<p>&nbsp;<\/p>\n<p>&nbsp;<\/p>\n<blockquote>\n<h3>DA CAMPO, MARCHIO DELL&#8217;ACCOGLIENZA E TURISMO A VOLTAGO<\/h3>\n<\/blockquote>\n<p><strong><a class=\"dt-pswp-item\" href=\"https:\/\/www.radiopiu.net\/wordpress\/wp-content\/uploads\/2023\/02\/55964152_325905611444023_8252929764076027904_n.jpg\" data-dt-img-description=\"\" data-large_image_width=\"640\" data-large_image_height=\"640\"><img loading=\"lazy\" decoding=\"async\" class=\"wp-image-323590 alignleft\" src=\"https:\/\/www.radiopiu.net\/wordpress\/wp-content\/uploads\/2023\/02\/55964152_325905611444023_8252929764076027904_n-300x300.jpg\" alt=\"\" width=\"175\" height=\"175\" srcset=\"https:\/\/www.radiopiu.net\/wordpress\/wp-content\/uploads\/2023\/02\/55964152_325905611444023_8252929764076027904_n-300x300.jpg 300w, https:\/\/www.radiopiu.net\/wordpress\/wp-content\/uploads\/2023\/02\/55964152_325905611444023_8252929764076027904_n-150x150.jpg 150w, https:\/\/www.radiopiu.net\/wordpress\/wp-content\/uploads\/2023\/02\/55964152_325905611444023_8252929764076027904_n.jpg 640w\" sizes=\"auto, (max-width: 175px) 100vw, 175px\" \/><\/a>REDAZIONE<\/strong> Duilio Da Campo, da quarant&#8217;anni al servizio di un paese con il suo punto vendita alimentari di riferimento, ma anche con la distribuzione della spesa a domicilio. E poi il bar, albergo, ristorante e pizzeria gestito dai fratelli. Angelo, Ilario e Duilio, una pagina di storia per il paese di Voltago, cos\u00ec per chi li ha preceduti credendo nell&#8217;accoglienza e nel turismo ai piedi dell&#8217;Agner. Duilio ha aperto il programma dei mercoledi di sera, alla radio come 40 anni fa con Moreno, Mirko, Marco e Simonetta<\/p>\n<p><strong>AUDIO<\/strong><\/p>\n<audio class=\"wp-audio-shortcode\" id=\"audio-323604-21\" preload=\"none\" style=\"width: 100%;\" controls=\"controls\"><source type=\"audio\/mpeg\" src=\"https:\/\/www.radiopiu.net\/wordpress\/wp-content\/uploads\/2023\/02\/DUILIO.mp3?_=21\" \/><a href=\"https:\/\/www.radiopiu.net\/wordpress\/wp-content\/uploads\/2023\/02\/DUILIO.mp3\">https:\/\/www.radiopiu.net\/wordpress\/wp-content\/uploads\/2023\/02\/DUILIO.mp3<\/a><\/audio>\n<p>&nbsp;<\/p>\n<p>&nbsp;<\/p>\n<hr \/>\n<p>&nbsp;<\/p>\n<p>&nbsp;<\/p>\n","protected":false},"excerpt":{"rendered":"<p>RADIO PIU INFORMAZIONE il canale su TELEGRAM informazione di prima\u00a0 mano e in tempo reale. iscriviti ed aiutaci a farlo conoscere\u00a0 \u00a0 ADDIO MAURIZIO COSTANZO&#8230;il ricordo, con il Coro Agordo e l&#8217;allora sindaco Armando Tama Da Roit, a Roma, foto Mara Mezzacasa (prima a destra) con Marisa Manuela Gemma e Wally\u00a0\u00a0 Coro Agordo diretto dal&hellip;<\/p>\n","protected":false},"author":4,"featured_media":323745,"comment_status":"closed","ping_status":"closed","sticky":false,"template":"","format":"standard","meta":{"_monsterinsights_skip_tracking":false,"_monsterinsights_sitenote_active":false,"_monsterinsights_sitenote_note":"","_monsterinsights_sitenote_category":0,"footnotes":""},"categories":[51,86,49],"tags":[],"class_list":["post-323604","post","type-post","status-publish","format-standard","has-post-thumbnail","hentry","category-evidenza-top","category-gr","category-news-18","category-51","category-86","category-49","description-off"],"img_url":"https:\/\/www.radiopiu.net\/wordpress\/wp-content\/uploads\/2023\/02\/2bc39592-f418-4937-99ce-f66572e63c53.jpg","_links":{"self":[{"href":"https:\/\/www.radiopiu.net\/wordpress\/wp-json\/wp\/v2\/posts\/323604","targetHints":{"allow":["GET"]}}],"collection":[{"href":"https:\/\/www.radiopiu.net\/wordpress\/wp-json\/wp\/v2\/posts"}],"about":[{"href":"https:\/\/www.radiopiu.net\/wordpress\/wp-json\/wp\/v2\/types\/post"}],"author":[{"embeddable":true,"href":"https:\/\/www.radiopiu.net\/wordpress\/wp-json\/wp\/v2\/users\/4"}],"replies":[{"embeddable":true,"href":"https:\/\/www.radiopiu.net\/wordpress\/wp-json\/wp\/v2\/comments?post=323604"}],"version-history":[{"count":0,"href":"https:\/\/www.radiopiu.net\/wordpress\/wp-json\/wp\/v2\/posts\/323604\/revisions"}],"wp:featuredmedia":[{"embeddable":true,"href":"https:\/\/www.radiopiu.net\/wordpress\/wp-json\/wp\/v2\/media\/323745"}],"wp:attachment":[{"href":"https:\/\/www.radiopiu.net\/wordpress\/wp-json\/wp\/v2\/media?parent=323604"}],"wp:term":[{"taxonomy":"category","embeddable":true,"href":"https:\/\/www.radiopiu.net\/wordpress\/wp-json\/wp\/v2\/categories?post=323604"},{"taxonomy":"post_tag","embeddable":true,"href":"https:\/\/www.radiopiu.net\/wordpress\/wp-json\/wp\/v2\/tags?post=323604"}],"curies":[{"name":"wp","href":"https:\/\/api.w.org\/{rel}","templated":true}]}}