{"id":323695,"date":"2023-02-24T15:46:28","date_gmt":"2023-02-24T14:46:28","guid":{"rendered":"https:\/\/www.radiopiu.net\/wordpress\/?p=323695"},"modified":"2023-02-24T15:46:28","modified_gmt":"2023-02-24T14:46:28","slug":"roberto-boschetto-confermato-alla-guida-di-confartigianato-veneto-claudia-scarzanella-vice-presidente-vicario","status":"publish","type":"post","link":"https:\/\/www.radiopiu.net\/wordpress\/roberto-boschetto-confermato-alla-guida-di-confartigianato-veneto-claudia-scarzanella-vice-presidente-vicario\/","title":{"rendered":"ROBERTO BOSCHETTO CONFERMATO ALLA GUIDA DI CONFARTIGIANATO VENETO. CLAUDIA SCARZANELLA VICE PRESIDENTE VICARIO"},"content":{"rendered":"<p><b><a class=\"dt-pswp-item\" href=\"https:\/\/www.radiopiu.net\/wordpress\/wp-content\/uploads\/2023\/02\/11872036646798057895.jpeg\" data-dt-img-description=\"\" data-large_image_width=\"800\" data-large_image_height=\"417\"><img loading=\"lazy\" decoding=\"async\" class=\" wp-image-323699 alignleft\" src=\"https:\/\/www.radiopiu.net\/wordpress\/wp-content\/uploads\/2023\/02\/11872036646798057895-300x156.jpeg\" alt=\"\" width=\"183\" height=\"95\" srcset=\"https:\/\/www.radiopiu.net\/wordpress\/wp-content\/uploads\/2023\/02\/11872036646798057895-300x156.jpeg 300w, https:\/\/www.radiopiu.net\/wordpress\/wp-content\/uploads\/2023\/02\/11872036646798057895-768x400.jpeg 768w, https:\/\/www.radiopiu.net\/wordpress\/wp-content\/uploads\/2023\/02\/11872036646798057895.jpeg 800w\" sizes=\"auto, (max-width: 183px) 100vw, 183px\" \/><\/a>VENEZIA <\/b>Sar\u00e0 Roberto Boschetto a guidare Confartigianato Imprese Veneto fino agli inizi del 2027. \u00c8 quanto hanno deciso gioved\u00ec sera i componenti dell\u2019assemblea. Una conferma per Boschetto che era stato chiamato alla guida dell\u2019associazione imprenditoriale regionale a met\u00e0 mandato nel 2020. La stessa assemblea ha eletto anche Claudia Scarzanella a vice presidente vicario; e Gianluca Cavion (presidente di Confartigianato Vicenza) e Roberto Iraci Sareri (presidente di Confartigianato Verona) vice presidenti. \u00abLa fase di incertezza assoluta che stiamo vivendo &#8211; tra la crisi e la guerra &#8211; ci impone di fare squadra e ricercare sinergie, che sono indispensabili per chi cerca la concretezza, come ha spiegato il presidente Boschetto\u00bb afferma la presidente di Confartigianato Belluno e neo eletta vice presidente vicario di Confartigianato Veneto, Claudia Scarzanella.<\/p>\n<p>&nbsp;<\/p>\n<p>&nbsp;<\/p>\n<p>******<\/p>\n","protected":false},"excerpt":{"rendered":"<p>VENEZIA Sar\u00e0 Roberto Boschetto a guidare Confartigianato Imprese Veneto fino agli inizi del 2027. \u00c8 quanto hanno deciso gioved\u00ec sera i componenti dell\u2019assemblea. Una conferma per Boschetto che era stato chiamato alla guida dell\u2019associazione imprenditoriale regionale a met\u00e0 mandato nel 2020. La stessa assemblea ha eletto anche Claudia Scarzanella a vice presidente vicario; e Gianluca&hellip;<\/p>\n","protected":false},"author":4,"featured_media":323699,"comment_status":"closed","ping_status":"closed","sticky":false,"template":"","format":"standard","meta":{"_monsterinsights_skip_tracking":false,"_monsterinsights_sitenote_active":false,"_monsterinsights_sitenote_note":"","_monsterinsights_sitenote_category":0,"footnotes":""},"categories":[49],"tags":[],"class_list":["post-323695","post","type-post","status-publish","format-standard","has-post-thumbnail","hentry","category-news-18","category-49","description-off"],"img_url":"https:\/\/www.radiopiu.net\/wordpress\/wp-content\/uploads\/2023\/02\/11872036646798057895.jpeg","_links":{"self":[{"href":"https:\/\/www.radiopiu.net\/wordpress\/wp-json\/wp\/v2\/posts\/323695","targetHints":{"allow":["GET"]}}],"collection":[{"href":"https:\/\/www.radiopiu.net\/wordpress\/wp-json\/wp\/v2\/posts"}],"about":[{"href":"https:\/\/www.radiopiu.net\/wordpress\/wp-json\/wp\/v2\/types\/post"}],"author":[{"embeddable":true,"href":"https:\/\/www.radiopiu.net\/wordpress\/wp-json\/wp\/v2\/users\/4"}],"replies":[{"embeddable":true,"href":"https:\/\/www.radiopiu.net\/wordpress\/wp-json\/wp\/v2\/comments?post=323695"}],"version-history":[{"count":0,"href":"https:\/\/www.radiopiu.net\/wordpress\/wp-json\/wp\/v2\/posts\/323695\/revisions"}],"wp:featuredmedia":[{"embeddable":true,"href":"https:\/\/www.radiopiu.net\/wordpress\/wp-json\/wp\/v2\/media\/323699"}],"wp:attachment":[{"href":"https:\/\/www.radiopiu.net\/wordpress\/wp-json\/wp\/v2\/media?parent=323695"}],"wp:term":[{"taxonomy":"category","embeddable":true,"href":"https:\/\/www.radiopiu.net\/wordpress\/wp-json\/wp\/v2\/categories?post=323695"},{"taxonomy":"post_tag","embeddable":true,"href":"https:\/\/www.radiopiu.net\/wordpress\/wp-json\/wp\/v2\/tags?post=323695"}],"curies":[{"name":"wp","href":"https:\/\/api.w.org\/{rel}","templated":true}]}}