{"id":323716,"date":"2023-02-24T23:58:10","date_gmt":"2023-02-24T22:58:10","guid":{"rendered":"https:\/\/www.radiopiu.net\/wordpress\/?p=323716"},"modified":"2023-02-25T05:44:44","modified_gmt":"2023-02-25T04:44:44","slug":"agordina-a-borgo-valbelluna-per-affrontare-il-lentiai","status":"publish","type":"post","link":"https:\/\/www.radiopiu.net\/wordpress\/agordina-a-borgo-valbelluna-per-affrontare-il-lentiai\/","title":{"rendered":"AGORDINA A BORGO VALBELLUNA PER AFFRONTARE IL LENTIAI"},"content":{"rendered":"<p><strong><a class=\"dt-pswp-item\" href=\"https:\/\/www.radiopiu.net\/wordpress\/wp-content\/uploads\/2023\/02\/CALCIO-PALLONE.png\" data-dt-img-description=\"\" data-large_image_width=\"769\" data-large_image_height=\"495\"><img loading=\"lazy\" decoding=\"async\" class=\" wp-image-322076 alignleft\" src=\"https:\/\/www.radiopiu.net\/wordpress\/wp-content\/uploads\/2023\/02\/CALCIO-PALLONE-300x193.png\" alt=\"\" width=\"179\" height=\"115\" srcset=\"https:\/\/www.radiopiu.net\/wordpress\/wp-content\/uploads\/2023\/02\/CALCIO-PALLONE-300x193.png 300w, https:\/\/www.radiopiu.net\/wordpress\/wp-content\/uploads\/2023\/02\/CALCIO-PALLONE.png 769w\" sizes=\"auto, (max-width: 179px) 100vw, 179px\" \/><\/a>di Marco Gaz<\/strong><\/p>\n<p><strong>REDAZIONE<\/strong> Sono in programma domani due partite valide per i campionati regionali LND con protagonista l&#8217;Agordina Calcio. Ad inaugurare la giornata ci penseranno gli Allievi allenati da Orzetti che alle 10:30 ospiteranno all&#8217;Ivano Dorigo di Agordo l&#8217;Union QDP. I trevigiani militano a met\u00e0 classifica e l&#8217;Agordina invece \u00e8 il fanalino di coda del campionato giovanile. Una partita che vede la squadra ospite candidata alla vittoria sulla carta ma i giovani agordini ce la metteranno tutta per mettere in difficolt\u00e0 i trevigiani. Nel pomeriggio alle 14:30 sar\u00e0 il turno della prima squadra allenata da Lorenzi che scender\u00e0 a Borgo Valbelluna per affrontare la capolista della Seconda Categoria girone T del Veneto, il Lentiai. Non sar\u00e0 una passeggiata per gli agordini che devono dare il massimo per evitare la sconfitta e conquistare punti importanti per la classifica e centrare l&#8217;obbiettivo salvezza il prima possibile. Radio Pi\u00f9 seguir\u00e0 in diretta la sfida pomeridiana all&#8217;interno di &#8220;Domenica Pi\u00f9 Sport&#8221; a partire dalle 14:30.<\/p>\n<p>&nbsp;<\/p>\n<p>&nbsp;<\/p>\n<p>******<\/p>\n","protected":false},"excerpt":{"rendered":"<p>di Marco Gaz REDAZIONE Sono in programma domani due partite valide per i campionati regionali LND con protagonista l&#8217;Agordina Calcio. Ad inaugurare la giornata ci penseranno gli Allievi allenati da Orzetti che alle 10:30 ospiteranno all&#8217;Ivano Dorigo di Agordo l&#8217;Union QDP. I trevigiani militano a met\u00e0 classifica e l&#8217;Agordina invece \u00e8 il fanalino di coda&hellip;<\/p>\n","protected":false},"author":4,"featured_media":322076,"comment_status":"closed","ping_status":"closed","sticky":false,"template":"","format":"standard","meta":{"_monsterinsights_skip_tracking":false,"_monsterinsights_sitenote_active":false,"_monsterinsights_sitenote_note":"","_monsterinsights_sitenote_category":0,"footnotes":""},"categories":[104,49],"tags":[],"class_list":["post-323716","post","type-post","status-publish","format-standard","has-post-thumbnail","hentry","category-evidenza_3","category-news-18","category-104","category-49","description-off"],"img_url":"https:\/\/www.radiopiu.net\/wordpress\/wp-content\/uploads\/2023\/02\/CALCIO-PALLONE.png","_links":{"self":[{"href":"https:\/\/www.radiopiu.net\/wordpress\/wp-json\/wp\/v2\/posts\/323716","targetHints":{"allow":["GET"]}}],"collection":[{"href":"https:\/\/www.radiopiu.net\/wordpress\/wp-json\/wp\/v2\/posts"}],"about":[{"href":"https:\/\/www.radiopiu.net\/wordpress\/wp-json\/wp\/v2\/types\/post"}],"author":[{"embeddable":true,"href":"https:\/\/www.radiopiu.net\/wordpress\/wp-json\/wp\/v2\/users\/4"}],"replies":[{"embeddable":true,"href":"https:\/\/www.radiopiu.net\/wordpress\/wp-json\/wp\/v2\/comments?post=323716"}],"version-history":[{"count":0,"href":"https:\/\/www.radiopiu.net\/wordpress\/wp-json\/wp\/v2\/posts\/323716\/revisions"}],"wp:featuredmedia":[{"embeddable":true,"href":"https:\/\/www.radiopiu.net\/wordpress\/wp-json\/wp\/v2\/media\/322076"}],"wp:attachment":[{"href":"https:\/\/www.radiopiu.net\/wordpress\/wp-json\/wp\/v2\/media?parent=323716"}],"wp:term":[{"taxonomy":"category","embeddable":true,"href":"https:\/\/www.radiopiu.net\/wordpress\/wp-json\/wp\/v2\/categories?post=323716"},{"taxonomy":"post_tag","embeddable":true,"href":"https:\/\/www.radiopiu.net\/wordpress\/wp-json\/wp\/v2\/tags?post=323716"}],"curies":[{"name":"wp","href":"https:\/\/api.w.org\/{rel}","templated":true}]}}