{"id":323733,"date":"2023-02-24T17:30:29","date_gmt":"2023-02-24T16:30:29","guid":{"rendered":"https:\/\/www.radiopiu.net\/wordpress\/?p=323733"},"modified":"2023-02-24T17:40:03","modified_gmt":"2023-02-24T16:40:03","slug":"maddalena-al-quirinale-con-altri-4-veneti-i-nuovi-alfieri-della-repubblica","status":"publish","type":"post","link":"https:\/\/www.radiopiu.net\/wordpress\/maddalena-al-quirinale-con-altri-4-veneti-i-nuovi-alfieri-della-repubblica\/","title":{"rendered":"MADDALENA AL QUIRINALE, CON ALTRI 4 VENETI:  I NUOVI ALFIERI DELLA REPUBBLICA"},"content":{"rendered":"<p>&nbsp;<\/p>\n<p><a class=\"dt-pswp-item\" href=\"https:\/\/www.radiopiu.net\/wordpress\/wp-content\/uploads\/2023\/02\/51287-scaled.jpg\" data-dt-img-description=\"Il Presidente Sergio Mattarella consegna l'Attestato d\u2019Onore a Maddalena Da Rozze Alfiere della Repubblica (foto di Francesco Ammendola - Ufficio per la Stampa e la Comunicazione della Presidenza della Repubblica)\" data-large_image_width=\"2560\" data-large_image_height=\"1707\"><img loading=\"lazy\" decoding=\"async\" class=\"alignleft wp-image-323734 size-medium\" src=\"https:\/\/www.radiopiu.net\/wordpress\/wp-content\/uploads\/2023\/02\/51287-300x200.jpg\" alt=\"\" width=\"300\" height=\"200\" srcset=\"https:\/\/www.radiopiu.net\/wordpress\/wp-content\/uploads\/2023\/02\/51287-300x200.jpg 300w, https:\/\/www.radiopiu.net\/wordpress\/wp-content\/uploads\/2023\/02\/51287-1024x683.jpg 1024w, https:\/\/www.radiopiu.net\/wordpress\/wp-content\/uploads\/2023\/02\/51287-768x512.jpg 768w, https:\/\/www.radiopiu.net\/wordpress\/wp-content\/uploads\/2023\/02\/51287-1536x1024.jpg 1536w, https:\/\/www.radiopiu.net\/wordpress\/wp-content\/uploads\/2023\/02\/51287-2048x1365.jpg 2048w\" sizes=\"auto, (max-width: 300px) 100vw, 300px\" \/><\/a><\/p>\n<p><strong>VENEZIA <\/strong>\u201cOggi al Quirinale \u00e8 sfilata una pattuglia di cinque giovani veneti, nuovi Alfieri della Repubblica. Ragazzi che ancora una volta ci hanno ricordato che dobbiamo andare orgogliosi di tanti giovani coraggiosi e altruisti, animati da spirito di comunit\u00e0, solidale e umanitario, che sono garanzia di continuit\u00e0 per quei valori che da sempre sono patrimonio della nostra Terra. Invio a loro le pi\u00f9 sentite felicitazioni anche a nome di tutto il Veneto\u201d. Cos\u00ec il Presidente della Regione del Veneto, Luca Zaia, rivolge il pensiero a Maddalena Da Rozze di Sedico (BL), Diletta Lago di Cittadella (PD), Giulia Martinello di San Pietro in Gu (PD), Ettore Pr\u00e0 di Monteforte d\u2019Alpone (VR), Tommaso Zotti di Campo San Martino (PD) che oggi, a Roma, hanno ricevuto dalle mani del Presidente della Repubblica l\u2019onorificenza riservata ai giovani fino ai 18 anni, distintisi in atti di coraggio e altruismo dettati da senso civico, nel volontariato o in particolari attivit\u00e0 di studio e culturali.<\/p>\n<p><em><strong>Il Presidente Sergio Mattarella consegna l&#8217;Attestato d\u2019Onore a Maddalena Da Rozze Alfiere della Repubblica (foto di Francesco Ammendola &#8211; Ufficio per la Stampa e la Comunicazione della Presidenza della Repubblica)<\/strong><\/em><\/p>\n<p>&nbsp;<\/p>\n<p>&nbsp;<\/p>\n<p>*******<\/p>\n<p>&nbsp;<\/p>\n","protected":false},"excerpt":{"rendered":"<p>&nbsp; VENEZIA \u201cOggi al Quirinale \u00e8 sfilata una pattuglia di cinque giovani veneti, nuovi Alfieri della Repubblica. Ragazzi che ancora una volta ci hanno ricordato che dobbiamo andare orgogliosi di tanti giovani coraggiosi e altruisti, animati da spirito di comunit\u00e0, solidale e umanitario, che sono garanzia di continuit\u00e0 per quei valori che da sempre sono&hellip;<\/p>\n","protected":false},"author":4,"featured_media":323734,"comment_status":"closed","ping_status":"closed","sticky":false,"template":"","format":"standard","meta":{"_monsterinsights_skip_tracking":false,"_monsterinsights_sitenote_active":false,"_monsterinsights_sitenote_note":"","_monsterinsights_sitenote_category":0,"footnotes":""},"categories":[51,49],"tags":[],"class_list":["post-323733","post","type-post","status-publish","format-standard","has-post-thumbnail","hentry","category-evidenza-top","category-news-18","category-51","category-49","description-off"],"img_url":"https:\/\/www.radiopiu.net\/wordpress\/wp-content\/uploads\/2023\/02\/51287-scaled.jpg","_links":{"self":[{"href":"https:\/\/www.radiopiu.net\/wordpress\/wp-json\/wp\/v2\/posts\/323733","targetHints":{"allow":["GET"]}}],"collection":[{"href":"https:\/\/www.radiopiu.net\/wordpress\/wp-json\/wp\/v2\/posts"}],"about":[{"href":"https:\/\/www.radiopiu.net\/wordpress\/wp-json\/wp\/v2\/types\/post"}],"author":[{"embeddable":true,"href":"https:\/\/www.radiopiu.net\/wordpress\/wp-json\/wp\/v2\/users\/4"}],"replies":[{"embeddable":true,"href":"https:\/\/www.radiopiu.net\/wordpress\/wp-json\/wp\/v2\/comments?post=323733"}],"version-history":[{"count":0,"href":"https:\/\/www.radiopiu.net\/wordpress\/wp-json\/wp\/v2\/posts\/323733\/revisions"}],"wp:featuredmedia":[{"embeddable":true,"href":"https:\/\/www.radiopiu.net\/wordpress\/wp-json\/wp\/v2\/media\/323734"}],"wp:attachment":[{"href":"https:\/\/www.radiopiu.net\/wordpress\/wp-json\/wp\/v2\/media?parent=323733"}],"wp:term":[{"taxonomy":"category","embeddable":true,"href":"https:\/\/www.radiopiu.net\/wordpress\/wp-json\/wp\/v2\/categories?post=323733"},{"taxonomy":"post_tag","embeddable":true,"href":"https:\/\/www.radiopiu.net\/wordpress\/wp-json\/wp\/v2\/tags?post=323733"}],"curies":[{"name":"wp","href":"https:\/\/api.w.org\/{rel}","templated":true}]}}