{"id":323740,"date":"2023-02-25T05:26:29","date_gmt":"2023-02-25T04:26:29","guid":{"rendered":"https:\/\/www.radiopiu.net\/wordpress\/?p=323740"},"modified":"2023-02-25T05:43:07","modified_gmt":"2023-02-25T04:43:07","slug":"nellassioma-di-claudio-sito-laumento-della-tassazione-irpef","status":"publish","type":"post","link":"https:\/\/www.radiopiu.net\/wordpress\/nellassioma-di-claudio-sito-laumento-della-tassazione-irpef\/","title":{"rendered":"NELL&#8217;ASSIOMA DI CLAUDIO SITO L&#8217;AUMENTO DELLA TASSAZIONE IRPEF"},"content":{"rendered":"<blockquote><p><strong>Sito<\/strong> <em>&#8220;quella presa dalla giunta era per\u00f2 l&#8217;unica via percorribile, non c&#8217;erano altre strade&#8221;.<\/em><\/p><\/blockquote>\n<p><strong><a class=\"dt-pswp-item\" href=\"https:\/\/www.radiopiu.net\/wordpress\/wp-content\/uploads\/2022\/11\/CLAUDIO-SITO.jpg\" data-dt-img-description=\"\" data-large_image_width=\"960\" data-large_image_height=\"540\"><img loading=\"lazy\" decoding=\"async\" class=\" wp-image-308403 alignleft\" src=\"https:\/\/www.radiopiu.net\/wordpress\/wp-content\/uploads\/2022\/11\/CLAUDIO-SITO-300x169.jpg\" alt=\"\" width=\"192\" height=\"108\" srcset=\"https:\/\/www.radiopiu.net\/wordpress\/wp-content\/uploads\/2022\/11\/CLAUDIO-SITO-300x169.jpg 300w, https:\/\/www.radiopiu.net\/wordpress\/wp-content\/uploads\/2022\/11\/CLAUDIO-SITO-768x432.jpg 768w, https:\/\/www.radiopiu.net\/wordpress\/wp-content\/uploads\/2022\/11\/CLAUDIO-SITO.jpg 960w\" sizes=\"auto, (max-width: 192px) 100vw, 192px\" \/><\/a>REDAZIONE<\/strong> Proponiamo l&#8217;intervento dell&#8217;assessore al bilancio Claudio Sito, nella relazione che porta al succo dell&#8217;intervento (aumento dell&#8217;aliquota Irpef) dati interessanti. Ad esempio il rapporto emigrazione-immigrazione ad Agordo con un saldo positivo di 30 unit\u00e0, recuperando quanto perso negli anni. La popolazione in 20 anni passa dai 4249 abianti del 2001 ai 4066 attuali, saldo negativo, -183. Dati che hanno portato alla conclusione che necessitano politiche anti spopolamento che passano inevitabilmente per i servizi offerti al cittadino. <em>&#8220;Non sopprimiamo i servizi &#8211; dice Sito &#8211; per\u00f2 questo ha un prezzo,\u00a0 ovvero per pagarli aggiorniamo le aliquote dell&#8217;addizionale comunale Irpef.\u00a0 Lo facciamo con rabbia e dispiacere&#8221;.<\/em>\u00a0 Su base annua chi ha un reddito di 12mila euro verser\u00e0 10 euro in pi\u00f9 (0,80 centesimi al mese); per un reddito di 22 mila euro l&#8217;aumento sar\u00e0 di 20 euro; per i redditi di 36 mila euro lo sforzo \u00e8 di 32 euro in pi\u00f9 all&#8217;anno, pagheranno 42 euro in pi\u00f9 i detentori di un reddito di 55 mila euro.\u00a0 <em>\u00ab\u00c8 vero che in media non siamo davanti a grandi aumenti\u00bb<\/em>, ha attaccato Paolo Selva Moretti, <em>\u00abma se teniamo conto della congiuntura economica questi soldi in pi\u00f9 che i cittadini devono pagare vanno a sommarsi a tutta una serie di spese e di aumenti che gravano sulle famiglie\u00bb.<\/em> Il vicesindaco Giulio Favretti <em>&#8220;Non condivido questa situazione catastrofica che \u00e8 stata descritta dall&#8217;assessore al bilancio, sindaco e minoranza.<\/em><\/p>\n<p><strong>AUDIO CLAUDIO SITO a seguire Paolo Selva Moretti, Sergio De Riva, Giulio Favretti, Roberto Chissal\u00e8.<\/strong><\/p>\n<audio class=\"wp-audio-shortcode\" id=\"audio-323740-1\" preload=\"none\" style=\"width: 100%;\" controls=\"controls\"><source type=\"audio\/mpeg\" src=\"https:\/\/www.radiopiu.net\/wordpress\/wp-content\/uploads\/2023\/02\/dibattito-agordo.mp3?_=1\" \/><a href=\"https:\/\/www.radiopiu.net\/wordpress\/wp-content\/uploads\/2023\/02\/dibattito-agordo.mp3\">https:\/\/www.radiopiu.net\/wordpress\/wp-content\/uploads\/2023\/02\/dibattito-agordo.mp3<\/a><\/audio>\n<p>&nbsp;<\/p>\n<p>&nbsp;<\/p>\n<p>&nbsp;<\/p>\n<hr \/>\n<p>&nbsp;<\/p>\n<p>&nbsp;<\/p>\n","protected":false},"excerpt":{"rendered":"<p>Sito &#8220;quella presa dalla giunta era per\u00f2 l&#8217;unica via percorribile, non c&#8217;erano altre strade&#8221;. REDAZIONE Proponiamo l&#8217;intervento dell&#8217;assessore al bilancio Claudio Sito, nella relazione che porta al succo dell&#8217;intervento (aumento dell&#8217;aliquota Irpef) dati interessanti. Ad esempio il rapporto emigrazione-immigrazione ad Agordo con un saldo positivo di 30 unit\u00e0, recuperando quanto perso negli anni. La popolazione&hellip;<\/p>\n","protected":false},"author":4,"featured_media":122996,"comment_status":"closed","ping_status":"closed","sticky":false,"template":"","format":"standard","meta":{"_monsterinsights_skip_tracking":false,"_monsterinsights_sitenote_active":false,"_monsterinsights_sitenote_note":"","_monsterinsights_sitenote_category":0,"footnotes":""},"categories":[51,49],"tags":[],"class_list":["post-323740","post","type-post","status-publish","format-standard","has-post-thumbnail","hentry","category-evidenza-top","category-news-18","category-51","category-49","description-off"],"img_url":"https:\/\/www.radiopiu.net\/wordpress\/wp-content\/uploads\/2020\/03\/CONSIGLIO-AGORDO.jpg","_links":{"self":[{"href":"https:\/\/www.radiopiu.net\/wordpress\/wp-json\/wp\/v2\/posts\/323740","targetHints":{"allow":["GET"]}}],"collection":[{"href":"https:\/\/www.radiopiu.net\/wordpress\/wp-json\/wp\/v2\/posts"}],"about":[{"href":"https:\/\/www.radiopiu.net\/wordpress\/wp-json\/wp\/v2\/types\/post"}],"author":[{"embeddable":true,"href":"https:\/\/www.radiopiu.net\/wordpress\/wp-json\/wp\/v2\/users\/4"}],"replies":[{"embeddable":true,"href":"https:\/\/www.radiopiu.net\/wordpress\/wp-json\/wp\/v2\/comments?post=323740"}],"version-history":[{"count":0,"href":"https:\/\/www.radiopiu.net\/wordpress\/wp-json\/wp\/v2\/posts\/323740\/revisions"}],"wp:featuredmedia":[{"embeddable":true,"href":"https:\/\/www.radiopiu.net\/wordpress\/wp-json\/wp\/v2\/media\/122996"}],"wp:attachment":[{"href":"https:\/\/www.radiopiu.net\/wordpress\/wp-json\/wp\/v2\/media?parent=323740"}],"wp:term":[{"taxonomy":"category","embeddable":true,"href":"https:\/\/www.radiopiu.net\/wordpress\/wp-json\/wp\/v2\/categories?post=323740"},{"taxonomy":"post_tag","embeddable":true,"href":"https:\/\/www.radiopiu.net\/wordpress\/wp-json\/wp\/v2\/tags?post=323740"}],"curies":[{"name":"wp","href":"https:\/\/api.w.org\/{rel}","templated":true}]}}