{"id":323790,"date":"2023-02-25T07:00:09","date_gmt":"2023-02-25T06:00:09","guid":{"rendered":"https:\/\/www.radiopiu.net\/wordpress\/?p=323790"},"modified":"2023-02-26T08:24:09","modified_gmt":"2023-02-26T07:24:09","slug":"dillo-a-radio-piu-mensa-luxottica-critiche-e-contro-critiche","status":"publish","type":"post","link":"https:\/\/www.radiopiu.net\/wordpress\/dillo-a-radio-piu-mensa-luxottica-critiche-e-contro-critiche\/","title":{"rendered":"DILLO A RADIO PIU&#8230;MENSA LUXOTTICA CRITICHE E CONTRO CRITICHE"},"content":{"rendered":"<p><strong><img decoding=\"async\" class=\"alignleft\" src=\"https:\/\/www.radiopiu.net\/wordpress\/wp-content\/uploads\/2023\/02\/th-11.jpg\" \/>REDAZIONE<\/strong> E&#8217; in corso una discussione sulla pagina facebook &#8220;Lux Italia&#8221;, il nodo del contendere, come succede spesso, come gi\u00e0 successo per giorni a Sedico \u00e8 quello della mensa (gratuita) per le maestranze. Due post (con tag RadioPi\u00f9) hanno infervorato Silvia, gi\u00e0 impiegata presso la mensa in localit\u00e0 Valcozzena. A scatenare il dibattito il post di Manola che riportiamo<\/p>\n\n\t\t\t<style type='text\/css'>\n\t\t\t\t#gallery-1 {\n\t\t\t\t\tmargin: auto;\n\t\t\t\t}\n\t\t\t\t#gallery-1 .gallery-item {\n\t\t\t\t\tfloat: left;\n\t\t\t\t\tmargin-top: 10px;\n\t\t\t\t\ttext-align: center;\n\t\t\t\t\twidth: 50%;\n\t\t\t\t}\n\t\t\t\t#gallery-1 img {\n\t\t\t\t\tborder: 2px solid #cfcfcf;\n\t\t\t\t}\n\t\t\t\t#gallery-1 .gallery-caption {\n\t\t\t\t\tmargin-left: 0;\n\t\t\t\t}\n\t\t\t\t\/* see gallery_shortcode() in wp-includes\/media.php *\/\n\t\t\t<\/style>\n\t\t<div id='gallery-1' class='dt-gallery-container gallery galleryid-323790 gallery-columns-2 gallery-size-medium'><dl class='gallery-item'>\n\t\t\t\t<dt class='gallery-icon portrait'>\n\t\t\t\t\t<a class=\"rollover rollover-zoom dt-pswp-item\" title=\"Ssenza nome\" data-dt-img-description=\"\" data-large_image_width=\"394\" data-large_image_height=\"773\"href='https:\/\/www.radiopiu.net\/wordpress\/wp-content\/uploads\/2023\/02\/Ssenza-nome.jpg'><img loading=\"lazy\" decoding=\"async\" width=\"153\" height=\"300\" src=\"https:\/\/www.radiopiu.net\/wordpress\/wp-content\/uploads\/2023\/02\/Ssenza-nome-153x300.jpg\" class=\"attachment-medium size-medium\" alt=\"\" srcset=\"https:\/\/www.radiopiu.net\/wordpress\/wp-content\/uploads\/2023\/02\/Ssenza-nome-153x300.jpg 153w, https:\/\/www.radiopiu.net\/wordpress\/wp-content\/uploads\/2023\/02\/Ssenza-nome.jpg 394w\" sizes=\"auto, (max-width: 153px) 100vw, 153px\" \/><\/a>\n\t\t\t\t<\/dt><\/dl><dl class='gallery-item'>\n\t\t\t\t<dt class='gallery-icon portrait'>\n\t\t\t\t\t<a class=\"rollover rollover-zoom dt-pswp-item\" title=\"Senza nome\" data-dt-img-description=\"\" data-large_image_width=\"398\" data-large_image_height=\"399\"href='https:\/\/www.radiopiu.net\/wordpress\/wp-content\/uploads\/2023\/02\/Senza-nome-66.jpg'><img loading=\"lazy\" decoding=\"async\" width=\"300\" height=\"300\" src=\"https:\/\/www.radiopiu.net\/wordpress\/wp-content\/uploads\/2023\/02\/Senza-nome-66-300x300.jpg\" class=\"attachment-medium size-medium\" alt=\"\" srcset=\"https:\/\/www.radiopiu.net\/wordpress\/wp-content\/uploads\/2023\/02\/Senza-nome-66-300x300.jpg 300w, https:\/\/www.radiopiu.net\/wordpress\/wp-content\/uploads\/2023\/02\/Senza-nome-66-150x150.jpg 150w, https:\/\/www.radiopiu.net\/wordpress\/wp-content\/uploads\/2023\/02\/Senza-nome-66.jpg 398w\" sizes=\"auto, (max-width: 300px) 100vw, 300px\" \/><\/a>\n\t\t\t\t<\/dt><\/dl><br style=\"clear: both\" \/>\n\t\t\t<\/div>\n\n<p>&nbsp;<\/p>\n<p><strong>IL COMMENTO DI SILVIA<\/strong><\/p>\n<p><em>Ma\u00a0 chi scrive \u00e8 al corrente che in giro per il mondo c \u00e8 un paese con 50.000 morti sotto le macerie? Sa che ogni giorno in Italia arrivano dall&#8217;Africa almeno 2.000 persone? Sa che ci negli alberghi ci sono dipendenti che devono pagarsi il mangiare? <\/em><br \/>\n<em>Sa che c \u00e8 chi &#8220;pagherebbe&#8221; per avere quello che hanno loro in mensa Luxottica?Quando lavoravo in mensa Luxottica ogni servizio buttavamo via 2 bidoni interi grandi di umido di cose lasciate sul piatto&#8230;e non aggiungo altro.<\/em><\/p>\n<p>&nbsp;<\/p>\n<p><strong>LA RETORICA NON PORTA ALLA DISCUSSIONE<\/strong><br \/>\nIn merito alla risposta data da Silvia al post scritto da Manola riguardo la mensa di Luxottica. Credo sia una risposta piena di retorica che non porta nulla alla discussione. Perch\u00e9 nel mondo ci sono guerre, terremoti e i bambini in Africa muoiono di fame allora non ci si pu\u00f2 lamentare di niente? Mi sembra assurdo. Le osservazioni fatte da Manola, innanzitutto, si riferiscono al SERVIZIO offerto dalla mensa e non alla mensa in se. Nessuno si lamenta del fatto che la Luxottica offra ai suoi dipendenti la mensa gratuita, ci mancherebbe. Ma credo sia giusto pretendere un servizio adeguato, quello per cui chi si occupa della mensa, viene regolarmente pagato.<br \/>\nEva<\/p>\n<p>&nbsp;<\/p>\n<p>&nbsp;<\/p>\n<p>&nbsp;<\/p>\n<hr \/>\n<p>&nbsp;<\/p>\n","protected":false},"excerpt":{"rendered":"<p>REDAZIONE E&#8217; in corso una discussione sulla pagina facebook &#8220;Lux Italia&#8221;, il nodo del contendere, come succede spesso, come gi\u00e0 successo per giorni a Sedico \u00e8 quello della mensa (gratuita) per le maestranze. Due post (con tag RadioPi\u00f9) hanno infervorato Silvia, gi\u00e0 impiegata presso la mensa in localit\u00e0 Valcozzena. A scatenare il dibattito il post&hellip;<\/p>\n","protected":false},"author":4,"featured_media":323793,"comment_status":"closed","ping_status":"closed","sticky":false,"template":"","format":"standard","meta":{"_monsterinsights_skip_tracking":false,"_monsterinsights_sitenote_active":false,"_monsterinsights_sitenote_note":"","_monsterinsights_sitenote_category":0,"footnotes":""},"categories":[51,49],"tags":[],"class_list":["post-323790","post","type-post","status-publish","format-standard","has-post-thumbnail","hentry","category-evidenza-top","category-news-18","category-51","category-49","description-off"],"img_url":"https:\/\/www.radiopiu.net\/wordpress\/wp-content\/uploads\/2023\/02\/th-11.jpg","_links":{"self":[{"href":"https:\/\/www.radiopiu.net\/wordpress\/wp-json\/wp\/v2\/posts\/323790","targetHints":{"allow":["GET"]}}],"collection":[{"href":"https:\/\/www.radiopiu.net\/wordpress\/wp-json\/wp\/v2\/posts"}],"about":[{"href":"https:\/\/www.radiopiu.net\/wordpress\/wp-json\/wp\/v2\/types\/post"}],"author":[{"embeddable":true,"href":"https:\/\/www.radiopiu.net\/wordpress\/wp-json\/wp\/v2\/users\/4"}],"replies":[{"embeddable":true,"href":"https:\/\/www.radiopiu.net\/wordpress\/wp-json\/wp\/v2\/comments?post=323790"}],"version-history":[{"count":0,"href":"https:\/\/www.radiopiu.net\/wordpress\/wp-json\/wp\/v2\/posts\/323790\/revisions"}],"wp:featuredmedia":[{"embeddable":true,"href":"https:\/\/www.radiopiu.net\/wordpress\/wp-json\/wp\/v2\/media\/323793"}],"wp:attachment":[{"href":"https:\/\/www.radiopiu.net\/wordpress\/wp-json\/wp\/v2\/media?parent=323790"}],"wp:term":[{"taxonomy":"category","embeddable":true,"href":"https:\/\/www.radiopiu.net\/wordpress\/wp-json\/wp\/v2\/categories?post=323790"},{"taxonomy":"post_tag","embeddable":true,"href":"https:\/\/www.radiopiu.net\/wordpress\/wp-json\/wp\/v2\/tags?post=323790"}],"curies":[{"name":"wp","href":"https:\/\/api.w.org\/{rel}","templated":true}]}}