{"id":323805,"date":"2023-02-25T07:55:44","date_gmt":"2023-02-25T06:55:44","guid":{"rendered":"https:\/\/www.radiopiu.net\/wordpress\/?p=323805"},"modified":"2023-02-25T08:56:26","modified_gmt":"2023-02-25T07:56:26","slug":"ascolta-la-rassegna-stampa-locale-ogni-giorno-alle-otto-del-mattino-da-40-anni-di-mirko-mezzacasa","status":"publish","type":"post","link":"https:\/\/www.radiopiu.net\/wordpress\/ascolta-la-rassegna-stampa-locale-ogni-giorno-alle-otto-del-mattino-da-40-anni-di-mirko-mezzacasa\/","title":{"rendered":"ASCOLTA LA RASSEGNA STAMPA LOCALE, ogni giorno alle otto del mattino da 40 anni di Mirko Mezzacasa"},"content":{"rendered":"<p><strong>SOSPIROLO<\/strong> Un altro incendio distrugge un&#8217;abitazione. A poche ore dalle fiamme a Mel ieri ancora fiamme a Sospirolo, una famiglia \u00e8 stata sfollata, nessun ferito ma tanti i danni nell&#8217;appartamento al terzo piano di Villa Giustina, strada provinciale chiusa per 5 ore.<br \/>\n<strong>ZOLDO<\/strong> Ancora sassi sulla regionale 251 Longarone-Zoldo, segnalazioni anche ieri da Igne e Soffranco. Problema vecchio per Castellavazzo<br \/>\n<strong>COMELICO 1<\/strong> Arpav in Val Visdende per capire il perch\u00e9 di quella strana colorazione verde del Piave. Non \u00e8 escluso si tratti di esplosivo (tritolo), ma sar\u00e0 necessario attendere la fine delle indagini e relative analisi.<br \/>\n<strong>COMELICO 2<\/strong> Per ora sospeso il grande cantiere per la galleria dopo le tante pressioni dal territorio, la consegna dei lavori era prevista per giugno 2022, ma per ora non si parla nemmeno pi\u00f9 di consegna dei lavori in attesa di tempi migliori e verifiche per evitare paventati disagi.<br \/>\n<strong>SEDICO<\/strong> Maddalena Da Rozze ha ricevuto l&#8217;attestato di alfiere dalle mani del Presidente della Repubblica, la sedicense compir\u00e0 17 anni il prossimo 20 marzo, si \u00e8 meritata questa onorificenza perch\u00e9 durante il periodo di lockdown ha compiuto un gesto di coraggio ed altruismo, aiutando la mamma che aveva avuto un grave problema di salute.<br \/>\n<strong>BELLUNO<\/strong> Un convitto, pi\u00f9 sedi, per evitare la fuga degli studenti. Vertice in Provincia, sul tavolo anche il problema del dimensionamento scolastico, s&#8217;inizia a pensare a istituti unici e unione d&#8217;intenti.<br \/>\n<strong>BELLUNO<\/strong> E&#8217; morto Edoardo Bristot, classe 1937, gi\u00e0 amministratore in citt\u00e0, lavor\u00f2 al progetto della viabilit\u00e0 a parcheggio a Lambioi.<br \/>\n<strong>BELLUNO<\/strong> i Carabinieri del Nucleo Ispettorato del Lavoro hanno ispezionato 10 aziende ed esaminato 35 posizioni lavorative. Deferito 7 rappresentanti legali e sanzionati, con prescrizione per messa in sicurezza, per circa 21.000 euro<br \/>\n<strong>ARSIE&#8217;<\/strong> Gli avvocati di Altvelox.it non mollano la presa, insistono circa l\u2019illegalit\u00e0 dell\u2019autovelox di Arsi\u00e8. Ricordano infatti le due sentenze in sette giorni e chiedono al Prefetto di revocare l\u2019utilizzo presentando al contempo un esposto in Procura della Repubblica.<br \/>\n<strong>AGORDO<\/strong> \u201cDovremo capire le intenzioni di Luxottica, ma siamo preoccupati. E\u2019 mancata la programmazione\u201d lo ha detto Paolo Selva Moretti dagli scranni del Consiglio Comunale. Paure di ricadute sul territorio e in particolare con conseguenze per l\u2019asilo nido il cui deficit \u00e8 annualmente sanato dall\u2019utile della Farmacia Comunale.<br \/>\n<strong>AGORDO<\/strong> Il 2022 ha visto un incremento delle attivit\u00e0 dell\u2019ospedale di Agordo. Gli accessi al Pronto Soccorso di Agordo sono stati 12.251, rispetto ai 10.146 del 2021, con un incremento del 20%, legato all\u2019efficienza del presidio e alla ripresa dei flussi turistici<br \/>\n<strong>BELLUNO<\/strong> Alessandro Del Bianco \u00e8 il nuovo segretario del Partito Democratico bellunesee.<br \/>\n<strong>BELLUNO<\/strong> E\u2019 stato approvato in giunta il \u201cProgetto Belluno \u2013 Ciclovia per il parco nazionale delle Dolomiti \u2013 Antole \u2013 Casoni \u2013 lavori di completamento ponte\u201d. Finanziamento da 170 mila euro del Ministero.<br \/>\n<strong>PONTE NELLE ALPI<\/strong> Il Comune di Ponte nelle Alpi \u201cacquisisce\u201d l\u2019ex latteria di Cugnan e la mette a disposizione del volontariato e della comunit\u00e0<br \/>\n<strong>LA LETTERA DI VICINANZA ALLA PRESIDE SAVINO DA PARTE DI UN GRUPPO DI INSEGNANTI BELLUNESI<\/strong><br \/>\n<strong>REDAZIONE<\/strong> Riceviamo e pubblichiamo una lettera di alcuni insegnanti che voglio dimostrare la loro vicinanza alla preside Annalisa Savino dopo i fatti di Firenze dove due studenti sono stati aggrediti di fronte al Liceo Michelangiolo.<br \/>\n<strong>OGGI AL NOF FILO\u2019 CON GLI AMICI DELLA MONTAGNA<\/strong> Diego Toigo e Santiago Padr\u00f2s saranno ospiti del Gruppo Amici della Montagna di Cencenighe oggi per presentare al Nof Fil\u00f2 \u201cAttraverso le Pale di San Lucano\u201d, la loro esperienza di concatenamento in quattro giorni e senza scendere a valle salendo vie alpinistiche in prima ripetizione.<br \/>\n<span style=\"color: #ff0000;\">CALCIO<\/span> AGORDINA A BORGO VALBELLUNA PER AFFRONTARE IL LENTIAI<br \/>\n<span style=\"color: #ff0000;\">HOCKEY SU GHIACCIO<\/span> L\u2019ALLEGHE CHIUDE IN RIVA AL LARIO UNA STAGIONE TRAVAGLIATA<br \/>\n<span style=\"color: #ff0000;\">SCI DI FONDO<\/span> VANESSA CAGNATI QUARTA NELLA SPRINT SKATING AI TRICOLORI ALLIEVI<br \/>\n<span style=\"color: #ff0000;\">PALLAVOLO<\/span> Pallavolo Belluno femminile oggi alle 20.30 in terra vicentina:<\/p>\n<p>&nbsp;<\/p>\n<p>&nbsp;<\/p>\n<p><iframe loading=\"lazy\" title=\"RASSEGNA STAMPA LOCALE\" width=\"1200\" height=\"675\" src=\"https:\/\/www.youtube.com\/embed\/-L21b-qvuAk?feature=oembed\" frameborder=\"0\" allow=\"accelerometer; autoplay; clipboard-write; encrypted-media; gyroscope; picture-in-picture; web-share\" allowfullscreen><\/iframe><\/p>\n<p>&nbsp;<\/p>\n<hr \/>\n<p>&nbsp;<\/p>\n","protected":false},"excerpt":{"rendered":"<p>SOSPIROLO Un altro incendio distrugge un&#8217;abitazione. A poche ore dalle fiamme a Mel ieri ancora fiamme a Sospirolo, una famiglia \u00e8 stata sfollata, nessun ferito ma tanti i danni nell&#8217;appartamento al terzo piano di Villa Giustina, strada provinciale chiusa per 5 ore. ZOLDO Ancora sassi sulla regionale 251 Longarone-Zoldo, segnalazioni anche ieri da Igne e&hellip;<\/p>\n","protected":false},"author":4,"featured_media":323806,"comment_status":"closed","ping_status":"closed","sticky":false,"template":"","format":"standard","meta":{"_monsterinsights_skip_tracking":false,"_monsterinsights_sitenote_active":false,"_monsterinsights_sitenote_note":"","_monsterinsights_sitenote_category":0,"footnotes":""},"categories":[104,49,142],"tags":[],"class_list":["post-323805","post","type-post","status-publish","format-standard","has-post-thumbnail","hentry","category-evidenza_3","category-news-18","category-rassegna-stampa","category-104","category-49","category-142","description-off"],"img_url":"https:\/\/www.radiopiu.net\/wordpress\/wp-content\/uploads\/2023\/02\/Senza-nome-67.jpg","_links":{"self":[{"href":"https:\/\/www.radiopiu.net\/wordpress\/wp-json\/wp\/v2\/posts\/323805","targetHints":{"allow":["GET"]}}],"collection":[{"href":"https:\/\/www.radiopiu.net\/wordpress\/wp-json\/wp\/v2\/posts"}],"about":[{"href":"https:\/\/www.radiopiu.net\/wordpress\/wp-json\/wp\/v2\/types\/post"}],"author":[{"embeddable":true,"href":"https:\/\/www.radiopiu.net\/wordpress\/wp-json\/wp\/v2\/users\/4"}],"replies":[{"embeddable":true,"href":"https:\/\/www.radiopiu.net\/wordpress\/wp-json\/wp\/v2\/comments?post=323805"}],"version-history":[{"count":0,"href":"https:\/\/www.radiopiu.net\/wordpress\/wp-json\/wp\/v2\/posts\/323805\/revisions"}],"wp:featuredmedia":[{"embeddable":true,"href":"https:\/\/www.radiopiu.net\/wordpress\/wp-json\/wp\/v2\/media\/323806"}],"wp:attachment":[{"href":"https:\/\/www.radiopiu.net\/wordpress\/wp-json\/wp\/v2\/media?parent=323805"}],"wp:term":[{"taxonomy":"category","embeddable":true,"href":"https:\/\/www.radiopiu.net\/wordpress\/wp-json\/wp\/v2\/categories?post=323805"},{"taxonomy":"post_tag","embeddable":true,"href":"https:\/\/www.radiopiu.net\/wordpress\/wp-json\/wp\/v2\/tags?post=323805"}],"curies":[{"name":"wp","href":"https:\/\/api.w.org\/{rel}","templated":true}]}}