{"id":323824,"date":"2023-02-27T05:32:33","date_gmt":"2023-02-27T04:32:33","guid":{"rendered":"https:\/\/www.radiopiu.net\/wordpress\/?p=323824"},"modified":"2023-02-27T08:39:48","modified_gmt":"2023-02-27T07:39:48","slug":"giornale-radiopiu-27-febbraio-2023-direttore-mirko-mezzacasa-verso-i-40-anni-25-giugno-1983-25-giugno-2023","status":"publish","type":"post","link":"https:\/\/www.radiopiu.net\/wordpress\/giornale-radiopiu-27-febbraio-2023-direttore-mirko-mezzacasa-verso-i-40-anni-25-giugno-1983-25-giugno-2023\/","title":{"rendered":"GIORNALE RADIOPIU 27 FEBBRAIO 2023 DIRETTORE MIRKO MEZZACASA&#8230;verso i 40 anni 25 giugno 1983-25 giugno 2023"},"content":{"rendered":"<h3 class=\"kvgmc6g5 cxmmr5t8 oygrvhab hcukyx3x c1et5uql\"><span style=\"color: #0000ff;\"><strong><a class=\"dt-pswp-item\" href=\"https:\/\/www.radiopiu.net\/wordpress\/wp-content\/uploads\/2023\/02\/CURCIO.jpg\" data-dt-img-description=\"\" data-large_image_width=\"138\" data-large_image_height=\"125\"><img loading=\"lazy\" decoding=\"async\" class=\"size-full wp-image-324063 alignleft\" src=\"https:\/\/www.radiopiu.net\/wordpress\/wp-content\/uploads\/2023\/02\/CURCIO.jpg\" alt=\"\" width=\"138\" height=\"125\" \/><\/a>RADIO PIU INFORMAZIONE il canale su TELEGRAM informazione di prima\u00a0 <\/strong><strong>mano e in tempo reale. iscriviti ed aiutaci a farlo conoscere\u00a0 \u00a0\u00a0<\/strong><\/span><\/h3>\n<h3 class=\"kvgmc6g5 cxmmr5t8 oygrvhab hcukyx3x c1et5uql\"><strong>Addio al giornalista Curzio Maltese talento della scrittura e dell&#8217;analisi, aveva 63 anni<\/strong><\/h3>\n<p>&nbsp;<\/p>\n<h2 style=\"text-align: left;\"><span style=\"color: #ff0000;\">ISCRIVITI AL NOSTRO CANALE YOUTUBE PER SEGUIRE IN DIRETTA I PRINCIPALI PROGRAMMI DI RADIO PIU&#8217; E LE FUTURE DIRETTE IN ESTERNA. PER ISCRIVERTI <a style=\"color: #ff0000;\" href=\"https:\/\/youtube.com\/@radiopiu1527\">CLICCA QUI<\/a> E PREMI IL TASTO &#8220;Iscriviti&#8221;\u00a0<\/span><\/h2>\n<p>&nbsp;<\/p>\n<blockquote>\n<h3>LA VIGNETTA, DI VIP &#8220;PIERALDO VIGNAZIA<\/h3>\n<\/blockquote>\n<p><a class=\"dt-pswp-item\" href=\"https:\/\/www.radiopiu.net\/wordpress\/wp-content\/uploads\/2023\/02\/vip-1.jpg\" data-dt-img-description=\"\" data-large_image_width=\"318\" data-large_image_height=\"315\"><img loading=\"lazy\" decoding=\"async\" class=\"size-medium wp-image-324064 aligncenter\" src=\"https:\/\/www.radiopiu.net\/wordpress\/wp-content\/uploads\/2023\/02\/vip-1-300x297.jpg\" alt=\"\" width=\"300\" height=\"297\" srcset=\"https:\/\/www.radiopiu.net\/wordpress\/wp-content\/uploads\/2023\/02\/vip-1-300x297.jpg 300w, https:\/\/www.radiopiu.net\/wordpress\/wp-content\/uploads\/2023\/02\/vip-1-150x150.jpg 150w, https:\/\/www.radiopiu.net\/wordpress\/wp-content\/uploads\/2023\/02\/vip-1.jpg 318w\" sizes=\"auto, (max-width: 300px) 100vw, 300px\" \/><\/a><\/p>\n<p>&nbsp;<\/p>\n<p>&nbsp;<\/p>\n<hr \/>\n<p>&nbsp;<\/p>\n<blockquote>\n<h3 class=\"entry-title\">FUORI STRADA, OLTRE LA STRADA E IL PONTE<\/h3>\n<\/blockquote>\n<p style=\"text-align: left;\"><strong><a class=\"dt-pswp-item\" href=\"https:\/\/www.radiopiu.net\/wordpress\/wp-content\/uploads\/2023\/02\/516ac848-e794-4999-ad9f-783637d590a3.jpg\" data-dt-img-description=\"\" data-large_image_width=\"1920\" data-large_image_height=\"1080\"><img loading=\"lazy\" decoding=\"async\" class=\"size-medium wp-image-324009 aligncenter\" src=\"https:\/\/www.radiopiu.net\/wordpress\/wp-content\/uploads\/2023\/02\/516ac848-e794-4999-ad9f-783637d590a3-300x169.jpg\" alt=\"\" width=\"300\" height=\"169\" srcset=\"https:\/\/www.radiopiu.net\/wordpress\/wp-content\/uploads\/2023\/02\/516ac848-e794-4999-ad9f-783637d590a3-300x169.jpg 300w, https:\/\/www.radiopiu.net\/wordpress\/wp-content\/uploads\/2023\/02\/516ac848-e794-4999-ad9f-783637d590a3-1024x576.jpg 1024w, https:\/\/www.radiopiu.net\/wordpress\/wp-content\/uploads\/2023\/02\/516ac848-e794-4999-ad9f-783637d590a3-768x432.jpg 768w, https:\/\/www.radiopiu.net\/wordpress\/wp-content\/uploads\/2023\/02\/516ac848-e794-4999-ad9f-783637d590a3-1536x864.jpg 1536w, https:\/\/www.radiopiu.net\/wordpress\/wp-content\/uploads\/2023\/02\/516ac848-e794-4999-ad9f-783637d590a3.jpg 1920w\" sizes=\"auto, (max-width: 300px) 100vw, 300px\" \/>\u00a0<\/a><\/strong><\/p>\n<p><strong>SAN TOMASO<\/strong>\u00a0Attorno alla mezzanotte l\u2019incidente lungo la regionale 203 agordina, in frazione Avoscan all\u2019altezza della doppia curva. Luogo gi\u00e0 tristemente noto agli agordini per il gravissimo incidente negli anni ottanta, persero la vita due giovani di Agordo.\u00a0 Qualche botta e fortunatamente poche ferite per il conducente che con la Croma, mentre scendeva da Alleghe verso Cencenighe,\u00a0 ha sfondato il guardrail, ma si potrebbe anche ipotizzare \u2013 poich\u00e9 la struttura in ferro e cemento \u00e8 stata spazzata via \u2013\u00a0 che la protezione non abbia retto l\u2019urto con l\u2019auto, finita cinque metri sotto al ponte (foto). Evidente che usare la parola \u201cmiracolato\u201d (riferita a chi era al volante) sar\u00e0 eccessivo, ma non fuori luogo. Sul posto per il recupero dell\u2019auto, operazioni non semplice, i vigili del fuoco di Agordo.<\/p>\n\n\t\t\t<style type='text\/css'>\n\t\t\t\t#gallery-1 {\n\t\t\t\t\tmargin: auto;\n\t\t\t\t}\n\t\t\t\t#gallery-1 .gallery-item {\n\t\t\t\t\tfloat: left;\n\t\t\t\t\tmargin-top: 10px;\n\t\t\t\t\ttext-align: center;\n\t\t\t\t\twidth: 33%;\n\t\t\t\t}\n\t\t\t\t#gallery-1 img {\n\t\t\t\t\tborder: 2px solid #cfcfcf;\n\t\t\t\t}\n\t\t\t\t#gallery-1 .gallery-caption {\n\t\t\t\t\tmargin-left: 0;\n\t\t\t\t}\n\t\t\t\t\/* see gallery_shortcode() in wp-includes\/media.php *\/\n\t\t\t<\/style>\n\t\t<div id='gallery-1' class='dt-gallery-container gallery galleryid-323824 gallery-columns-3 gallery-size-thumbnail'><dl class='gallery-item'>\n\t\t\t\t<dt class='gallery-icon portrait'>\n\t\t\t\t\t<a class=\"rollover rollover-zoom dt-pswp-item\" title=\"37986836-9ec6-48e0-8b49-8319d58b934e\" data-dt-img-description=\"\" data-large_image_width=\"1080\" data-large_image_height=\"1920\"href='https:\/\/www.radiopiu.net\/wordpress\/wp-content\/uploads\/2023\/02\/37986836-9ec6-48e0-8b49-8319d58b934e.jpg'><img loading=\"lazy\" decoding=\"async\" width=\"150\" height=\"150\" src=\"https:\/\/www.radiopiu.net\/wordpress\/wp-content\/uploads\/2023\/02\/37986836-9ec6-48e0-8b49-8319d58b934e-150x150.jpg\" class=\"attachment-thumbnail size-thumbnail\" alt=\"\" \/><\/a>\n\t\t\t\t<\/dt><\/dl><dl class='gallery-item'>\n\t\t\t\t<dt class='gallery-icon landscape'>\n\t\t\t\t\t<a class=\"rollover rollover-zoom dt-pswp-item\" title=\"b56d6b5b-32fe-4186-8f0c-5279a0a21dd1\" data-dt-img-description=\"\" data-large_image_width=\"1920\" data-large_image_height=\"1080\"href='https:\/\/www.radiopiu.net\/wordpress\/wp-content\/uploads\/2023\/02\/b56d6b5b-32fe-4186-8f0c-5279a0a21dd1.jpg'><img loading=\"lazy\" decoding=\"async\" width=\"150\" height=\"150\" src=\"https:\/\/www.radiopiu.net\/wordpress\/wp-content\/uploads\/2023\/02\/b56d6b5b-32fe-4186-8f0c-5279a0a21dd1-150x150.jpg\" class=\"attachment-thumbnail size-thumbnail\" alt=\"\" \/><\/a>\n\t\t\t\t<\/dt><\/dl><dl class='gallery-item'>\n\t\t\t\t<dt class='gallery-icon landscape'>\n\t\t\t\t\t<a class=\"rollover rollover-zoom dt-pswp-item\" title=\"891bf143-1b14-45c8-ab97-bc458e6a9bac\" data-dt-img-description=\"\" data-large_image_width=\"1920\" data-large_image_height=\"1080\"href='https:\/\/www.radiopiu.net\/wordpress\/wp-content\/uploads\/2023\/02\/891bf143-1b14-45c8-ab97-bc458e6a9bac.jpg'><img loading=\"lazy\" decoding=\"async\" width=\"150\" height=\"150\" src=\"https:\/\/www.radiopiu.net\/wordpress\/wp-content\/uploads\/2023\/02\/891bf143-1b14-45c8-ab97-bc458e6a9bac-150x150.jpg\" class=\"attachment-thumbnail size-thumbnail\" alt=\"\" \/><\/a>\n\t\t\t\t<\/dt><\/dl><br style=\"clear: both\" \/><dl class='gallery-item'>\n\t\t\t\t<dt class='gallery-icon landscape'>\n\t\t\t\t\t<a class=\"rollover rollover-zoom dt-pswp-item\" title=\"67e4a63d-f7dc-4d51-82c0-910bd88db954\" data-dt-img-description=\"\" data-large_image_width=\"1920\" data-large_image_height=\"1080\"href='https:\/\/www.radiopiu.net\/wordpress\/wp-content\/uploads\/2023\/02\/67e4a63d-f7dc-4d51-82c0-910bd88db954.jpg'><img loading=\"lazy\" decoding=\"async\" width=\"150\" height=\"150\" src=\"https:\/\/www.radiopiu.net\/wordpress\/wp-content\/uploads\/2023\/02\/67e4a63d-f7dc-4d51-82c0-910bd88db954-150x150.jpg\" class=\"attachment-thumbnail size-thumbnail\" alt=\"\" \/><\/a>\n\t\t\t\t<\/dt><\/dl><dl class='gallery-item'>\n\t\t\t\t<dt class='gallery-icon landscape'>\n\t\t\t\t\t<a class=\"rollover rollover-zoom dt-pswp-item\" title=\"cd5b6601-8db1-4ecc-aad1-8bf0ed567fa2\" data-dt-img-description=\"\" data-large_image_width=\"1920\" data-large_image_height=\"1080\"href='https:\/\/www.radiopiu.net\/wordpress\/wp-content\/uploads\/2023\/02\/cd5b6601-8db1-4ecc-aad1-8bf0ed567fa2.jpg'><img loading=\"lazy\" decoding=\"async\" width=\"150\" height=\"150\" src=\"https:\/\/www.radiopiu.net\/wordpress\/wp-content\/uploads\/2023\/02\/cd5b6601-8db1-4ecc-aad1-8bf0ed567fa2-150x150.jpg\" class=\"attachment-thumbnail size-thumbnail\" alt=\"\" \/><\/a>\n\t\t\t\t<\/dt><\/dl><dl class='gallery-item'>\n\t\t\t\t<dt class='gallery-icon landscape'>\n\t\t\t\t\t<a class=\"rollover rollover-zoom dt-pswp-item\" title=\"516ac848-e794-4999-ad9f-783637d590a3\" data-dt-img-description=\"\" data-large_image_width=\"1920\" data-large_image_height=\"1080\"href='https:\/\/www.radiopiu.net\/wordpress\/wp-content\/uploads\/2023\/02\/516ac848-e794-4999-ad9f-783637d590a3.jpg'><img loading=\"lazy\" decoding=\"async\" width=\"150\" height=\"150\" src=\"https:\/\/www.radiopiu.net\/wordpress\/wp-content\/uploads\/2023\/02\/516ac848-e794-4999-ad9f-783637d590a3-150x150.jpg\" class=\"attachment-thumbnail size-thumbnail\" alt=\"\" \/><\/a>\n\t\t\t\t<\/dt><\/dl><br style=\"clear: both\" \/>\n\t\t\t<\/div>\n\n<p>&nbsp;<\/p>\n<hr \/>\n<p>&nbsp;<\/p>\n<blockquote>\n<h3>ANCORA NESSUNA NOTIZIA DI ANTONIO, L&#8217;UOMO CHE NON HA PIU&#8217; FATTO RIENTRO ALLA CASA DI RIPOSO DI ARSIE&#8217;<\/h3>\n<\/blockquote>\n<p><strong>ARSIE&#8217;<\/strong> Sono proseguite per tutta la giornata di ieri le ricerche di Antonio Salina, l&#8217;ottantacinquenne feltrino ospite della casa di riposo di Arsi\u00e8 che non ha pi\u00f9 fatto ritorno da una passeggiata. Le ricerche iniziate nella giornata di sbato, e proseguite anche durante la notte, ieri sono continuate con l\u2019impiego dell&#8217;elicottero Drago 148, degli operatori dei droni, dei nuclei cinofili oltre le squadre di terra, coordinate dall\u2019unit\u00e0 di comando locale dove operano gli operatori TAS (Topografia Applicata al soccorso). Purtroppo nonostante gli sforzi al momento nessuna notizia dell\u2019uomo.<\/p>\n\n\t\t\t<style type='text\/css'>\n\t\t\t\t#gallery-2 {\n\t\t\t\t\tmargin: auto;\n\t\t\t\t}\n\t\t\t\t#gallery-2 .gallery-item {\n\t\t\t\t\tfloat: left;\n\t\t\t\t\tmargin-top: 10px;\n\t\t\t\t\ttext-align: center;\n\t\t\t\t\twidth: 33%;\n\t\t\t\t}\n\t\t\t\t#gallery-2 img {\n\t\t\t\t\tborder: 2px solid #cfcfcf;\n\t\t\t\t}\n\t\t\t\t#gallery-2 .gallery-caption {\n\t\t\t\t\tmargin-left: 0;\n\t\t\t\t}\n\t\t\t\t\/* see gallery_shortcode() in wp-includes\/media.php *\/\n\t\t\t<\/style>\n\t\t<div id='gallery-2' class='dt-gallery-container gallery galleryid-323824 gallery-columns-3 gallery-size-medium'><dl class='gallery-item'>\n\t\t\t\t<dt class='gallery-icon landscape'>\n\t\t\t\t\t<a class=\"rollover rollover-zoom dt-pswp-item\" title=\"236b4325-31a0-44dc-84ab-ccb9905083ac\" data-dt-img-description=\"\" data-large_image_width=\"1280\" data-large_image_height=\"960\"href='https:\/\/www.radiopiu.net\/wordpress\/wp-content\/uploads\/2023\/02\/236b4325-31a0-44dc-84ab-ccb9905083ac.jpg'><img loading=\"lazy\" decoding=\"async\" width=\"300\" height=\"225\" src=\"https:\/\/www.radiopiu.net\/wordpress\/wp-content\/uploads\/2023\/02\/236b4325-31a0-44dc-84ab-ccb9905083ac-300x225.jpg\" class=\"attachment-medium size-medium\" alt=\"\" srcset=\"https:\/\/www.radiopiu.net\/wordpress\/wp-content\/uploads\/2023\/02\/236b4325-31a0-44dc-84ab-ccb9905083ac-300x225.jpg 300w, https:\/\/www.radiopiu.net\/wordpress\/wp-content\/uploads\/2023\/02\/236b4325-31a0-44dc-84ab-ccb9905083ac-1024x768.jpg 1024w, https:\/\/www.radiopiu.net\/wordpress\/wp-content\/uploads\/2023\/02\/236b4325-31a0-44dc-84ab-ccb9905083ac-768x576.jpg 768w, https:\/\/www.radiopiu.net\/wordpress\/wp-content\/uploads\/2023\/02\/236b4325-31a0-44dc-84ab-ccb9905083ac.jpg 1280w\" sizes=\"auto, (max-width: 300px) 100vw, 300px\" \/><\/a>\n\t\t\t\t<\/dt><\/dl><dl class='gallery-item'>\n\t\t\t\t<dt class='gallery-icon landscape'>\n\t\t\t\t\t<a class=\"rollover rollover-zoom dt-pswp-item\" title=\"c4fb2ee7-a01a-406d-a677-d18f6af08d60\" data-dt-img-description=\"\" data-large_image_width=\"960\" data-large_image_height=\"578\"href='https:\/\/www.radiopiu.net\/wordpress\/wp-content\/uploads\/2023\/02\/c4fb2ee7-a01a-406d-a677-d18f6af08d60.jpg'><img loading=\"lazy\" decoding=\"async\" width=\"300\" height=\"181\" src=\"https:\/\/www.radiopiu.net\/wordpress\/wp-content\/uploads\/2023\/02\/c4fb2ee7-a01a-406d-a677-d18f6af08d60-300x181.jpg\" class=\"attachment-medium size-medium\" alt=\"\" srcset=\"https:\/\/www.radiopiu.net\/wordpress\/wp-content\/uploads\/2023\/02\/c4fb2ee7-a01a-406d-a677-d18f6af08d60-300x181.jpg 300w, https:\/\/www.radiopiu.net\/wordpress\/wp-content\/uploads\/2023\/02\/c4fb2ee7-a01a-406d-a677-d18f6af08d60-768x462.jpg 768w, https:\/\/www.radiopiu.net\/wordpress\/wp-content\/uploads\/2023\/02\/c4fb2ee7-a01a-406d-a677-d18f6af08d60.jpg 960w\" sizes=\"auto, (max-width: 300px) 100vw, 300px\" \/><\/a>\n\t\t\t\t<\/dt><\/dl><dl class='gallery-item'>\n\t\t\t\t<dt class='gallery-icon landscape'>\n\t\t\t\t\t<a class=\"rollover rollover-zoom dt-pswp-item\" title=\"5b217420-d528-4623-977d-2f70b39f9273\" data-dt-img-description=\"\" data-large_image_width=\"1106\" data-large_image_height=\"576\"href='https:\/\/www.radiopiu.net\/wordpress\/wp-content\/uploads\/2023\/02\/5b217420-d528-4623-977d-2f70b39f9273.jpg'><img loading=\"lazy\" decoding=\"async\" width=\"300\" height=\"156\" src=\"https:\/\/www.radiopiu.net\/wordpress\/wp-content\/uploads\/2023\/02\/5b217420-d528-4623-977d-2f70b39f9273-300x156.jpg\" class=\"attachment-medium size-medium\" alt=\"\" srcset=\"https:\/\/www.radiopiu.net\/wordpress\/wp-content\/uploads\/2023\/02\/5b217420-d528-4623-977d-2f70b39f9273-300x156.jpg 300w, https:\/\/www.radiopiu.net\/wordpress\/wp-content\/uploads\/2023\/02\/5b217420-d528-4623-977d-2f70b39f9273-1024x533.jpg 1024w, https:\/\/www.radiopiu.net\/wordpress\/wp-content\/uploads\/2023\/02\/5b217420-d528-4623-977d-2f70b39f9273-768x400.jpg 768w, https:\/\/www.radiopiu.net\/wordpress\/wp-content\/uploads\/2023\/02\/5b217420-d528-4623-977d-2f70b39f9273.jpg 1106w\" sizes=\"auto, (max-width: 300px) 100vw, 300px\" \/><\/a>\n\t\t\t\t<\/dt><\/dl><br style=\"clear: both\" \/><dl class='gallery-item'>\n\t\t\t\t<dt class='gallery-icon landscape'>\n\t\t\t\t\t<a class=\"rollover rollover-zoom dt-pswp-item\" title=\"3f32b635-8796-46d0-b5a8-6438184229b9\" data-dt-img-description=\"\" data-large_image_width=\"1064\" data-large_image_height=\"576\"href='https:\/\/www.radiopiu.net\/wordpress\/wp-content\/uploads\/2023\/02\/3f32b635-8796-46d0-b5a8-6438184229b9.jpg'><img loading=\"lazy\" decoding=\"async\" width=\"300\" height=\"162\" src=\"https:\/\/www.radiopiu.net\/wordpress\/wp-content\/uploads\/2023\/02\/3f32b635-8796-46d0-b5a8-6438184229b9-300x162.jpg\" class=\"attachment-medium size-medium\" alt=\"\" srcset=\"https:\/\/www.radiopiu.net\/wordpress\/wp-content\/uploads\/2023\/02\/3f32b635-8796-46d0-b5a8-6438184229b9-300x162.jpg 300w, https:\/\/www.radiopiu.net\/wordpress\/wp-content\/uploads\/2023\/02\/3f32b635-8796-46d0-b5a8-6438184229b9-1024x554.jpg 1024w, https:\/\/www.radiopiu.net\/wordpress\/wp-content\/uploads\/2023\/02\/3f32b635-8796-46d0-b5a8-6438184229b9-768x416.jpg 768w, https:\/\/www.radiopiu.net\/wordpress\/wp-content\/uploads\/2023\/02\/3f32b635-8796-46d0-b5a8-6438184229b9.jpg 1064w\" sizes=\"auto, (max-width: 300px) 100vw, 300px\" \/><\/a>\n\t\t\t\t<\/dt><\/dl><dl class='gallery-item'>\n\t\t\t\t<dt class='gallery-icon landscape'>\n\t\t\t\t\t<a class=\"rollover rollover-zoom dt-pswp-item\" title=\"7224ef54-0080-474a-a101-24df09f6cd38\" data-dt-img-description=\"\" data-large_image_width=\"1133\" data-large_image_height=\"576\"href='https:\/\/www.radiopiu.net\/wordpress\/wp-content\/uploads\/2023\/02\/7224ef54-0080-474a-a101-24df09f6cd38.jpg'><img loading=\"lazy\" decoding=\"async\" width=\"300\" height=\"153\" src=\"https:\/\/www.radiopiu.net\/wordpress\/wp-content\/uploads\/2023\/02\/7224ef54-0080-474a-a101-24df09f6cd38-300x153.jpg\" class=\"attachment-medium size-medium\" alt=\"\" srcset=\"https:\/\/www.radiopiu.net\/wordpress\/wp-content\/uploads\/2023\/02\/7224ef54-0080-474a-a101-24df09f6cd38-300x153.jpg 300w, https:\/\/www.radiopiu.net\/wordpress\/wp-content\/uploads\/2023\/02\/7224ef54-0080-474a-a101-24df09f6cd38-1024x521.jpg 1024w, https:\/\/www.radiopiu.net\/wordpress\/wp-content\/uploads\/2023\/02\/7224ef54-0080-474a-a101-24df09f6cd38-768x390.jpg 768w, https:\/\/www.radiopiu.net\/wordpress\/wp-content\/uploads\/2023\/02\/7224ef54-0080-474a-a101-24df09f6cd38.jpg 1133w\" sizes=\"auto, (max-width: 300px) 100vw, 300px\" \/><\/a>\n\t\t\t\t<\/dt><\/dl><dl class='gallery-item'>\n\t\t\t\t<dt class='gallery-icon landscape'>\n\t\t\t\t\t<a class=\"rollover rollover-zoom dt-pswp-item\" title=\"12c006cc-3fda-4ad4-8b4d-487d882e792f\" data-dt-img-description=\"\" data-large_image_width=\"1280\" data-large_image_height=\"832\"href='https:\/\/www.radiopiu.net\/wordpress\/wp-content\/uploads\/2023\/02\/12c006cc-3fda-4ad4-8b4d-487d882e792f.jpg'><img loading=\"lazy\" decoding=\"async\" width=\"300\" height=\"195\" src=\"https:\/\/www.radiopiu.net\/wordpress\/wp-content\/uploads\/2023\/02\/12c006cc-3fda-4ad4-8b4d-487d882e792f-300x195.jpg\" class=\"attachment-medium size-medium\" alt=\"\" srcset=\"https:\/\/www.radiopiu.net\/wordpress\/wp-content\/uploads\/2023\/02\/12c006cc-3fda-4ad4-8b4d-487d882e792f-300x195.jpg 300w, https:\/\/www.radiopiu.net\/wordpress\/wp-content\/uploads\/2023\/02\/12c006cc-3fda-4ad4-8b4d-487d882e792f-1024x666.jpg 1024w, https:\/\/www.radiopiu.net\/wordpress\/wp-content\/uploads\/2023\/02\/12c006cc-3fda-4ad4-8b4d-487d882e792f-768x499.jpg 768w, https:\/\/www.radiopiu.net\/wordpress\/wp-content\/uploads\/2023\/02\/12c006cc-3fda-4ad4-8b4d-487d882e792f.jpg 1280w\" sizes=\"auto, (max-width: 300px) 100vw, 300px\" \/><\/a>\n\t\t\t\t<\/dt><\/dl><br style=\"clear: both\" \/>\n\t\t\t<\/div>\n\n<p>&nbsp;<\/p>\n<div style=\"width: 1200px;\" class=\"wp-video\"><video class=\"wp-video-shortcode\" id=\"video-323824-1\" width=\"1200\" height=\"675\" preload=\"metadata\" controls=\"controls\"><source type=\"video\/mp4\" src=\"https:\/\/www.radiopiu.net\/wordpress\/wp-content\/uploads\/2023\/02\/WhatsApp-Video-2023-02-26-at-19.33.54.mp4?_=1\" \/><a href=\"https:\/\/www.radiopiu.net\/wordpress\/wp-content\/uploads\/2023\/02\/WhatsApp-Video-2023-02-26-at-19.33.54.mp4\">https:\/\/www.radiopiu.net\/wordpress\/wp-content\/uploads\/2023\/02\/WhatsApp-Video-2023-02-26-at-19.33.54.mp4<\/a><\/video><\/div>\n<p>&nbsp;<\/p>\n<hr \/>\n<p>&nbsp;<\/p>\n<blockquote>\n<h3>MALORE A PONTE NELLE ALPI VICINO ALLA CHIESETTA DI SANT&#8217;ANDREA<\/h3>\n<\/blockquote>\n<p><strong><a class=\"dt-pswp-item\" href=\"https:\/\/www.radiopiu.net\/wordpress\/wp-content\/uploads\/2023\/02\/Point-Blur_Feb252023_110110.jpg\" data-dt-img-description=\"\" data-large_image_width=\"2250\" data-large_image_height=\"1800\"><img loading=\"lazy\" decoding=\"async\" class=\" wp-image-323830 alignleft\" src=\"https:\/\/www.radiopiu.net\/wordpress\/wp-content\/uploads\/2023\/02\/Point-Blur_Feb252023_110110-300x240.jpg\" alt=\"\" width=\"145\" height=\"116\" srcset=\"https:\/\/www.radiopiu.net\/wordpress\/wp-content\/uploads\/2023\/02\/Point-Blur_Feb252023_110110-300x240.jpg 300w, https:\/\/www.radiopiu.net\/wordpress\/wp-content\/uploads\/2023\/02\/Point-Blur_Feb252023_110110-1024x819.jpg 1024w, https:\/\/www.radiopiu.net\/wordpress\/wp-content\/uploads\/2023\/02\/Point-Blur_Feb252023_110110-768x614.jpg 768w, https:\/\/www.radiopiu.net\/wordpress\/wp-content\/uploads\/2023\/02\/Point-Blur_Feb252023_110110-1536x1229.jpg 1536w, https:\/\/www.radiopiu.net\/wordpress\/wp-content\/uploads\/2023\/02\/Point-Blur_Feb252023_110110-2048x1638.jpg 2048w\" sizes=\"auto, (max-width: 145px) 100vw, 145px\" \/><\/a>PONTE NELLE ALPI<\/strong> Sabato attorno alle 9 il Soccorso alpino di Longarone \u00e8 stato allertato dalla Centrale del 118, per un uomo colto da improvviso malore, mentre con la compagna stava risalendo il sentiero che conduce alla Chiesetta di Sant&#8217;Andrea. Un primo soccorritore, partito subito da Ponte nelle Alpi, ha raggiunto la coppia, per dare indicazioni alla squadra in\u00a0 arrivo assieme a un infermiere della Stazione e ad altri soccorritori di Belluno. Prestate le prime cure, l&#8217;uomo \u00e8 stato imbarellato e trasportato per una quarantina di minuti fino alla strada, per poi essere affidato all&#8217;ambulanza.<\/p>\n<p>&nbsp;<\/p>\n<p>&nbsp;<\/p>\n<hr \/>\n<p>&nbsp;<\/p>\n<blockquote>\n<h3>NON RISPONDE AL CELLULARE, RITROVATO ILLESO DAL SOCCORSO ALPINO<\/h3>\n<\/blockquote>\n<p><strong><a class=\"dt-pswp-item\" href=\"https:\/\/www.radiopiu.net\/wordpress\/wp-content\/uploads\/2018\/08\/soccorsoalpino.jpg\" data-dt-img-description=\"\" data-large_image_width=\"1200\" data-large_image_height=\"1200\"><img loading=\"lazy\" decoding=\"async\" class=\" wp-image-59164 alignleft\" src=\"https:\/\/www.radiopiu.net\/wordpress\/wp-content\/uploads\/2018\/08\/soccorsoalpino-300x300.jpg\" alt=\"\" width=\"102\" height=\"102\" srcset=\"https:\/\/www.radiopiu.net\/wordpress\/wp-content\/uploads\/2018\/08\/soccorsoalpino-300x300.jpg 300w, https:\/\/www.radiopiu.net\/wordpress\/wp-content\/uploads\/2018\/08\/soccorsoalpino-150x150.jpg 150w, https:\/\/www.radiopiu.net\/wordpress\/wp-content\/uploads\/2018\/08\/soccorsoalpino-768x768.jpg 768w, https:\/\/www.radiopiu.net\/wordpress\/wp-content\/uploads\/2018\/08\/soccorsoalpino-1024x1024.jpg 1024w, https:\/\/www.radiopiu.net\/wordpress\/wp-content\/uploads\/2018\/08\/soccorsoalpino.jpg 1200w\" sizes=\"auto, (max-width: 102px) 100vw, 102px\" \/><\/a>PIEVE DI CADORE<\/strong> Uscito per scegliere le piane da abbattere nei boschi sopra Nebbi\u00f9, un 75enne di Pieve di Cadore non ha pi\u00f9 risposto alle chiamate al celulare, e, con la preoccupazione che gli fosse capitato qualcosa, verso le 13.30 di sabato \u00e8 scattato l&#8217;allarme. Una squadra del Soccorso alpino di Pieve di Cadore ha raggiunto il luogo dove l&#8217;uomo, profondo conoscitore della zona, doveva eseguire la martellata e lo ha ritrovato. Stava bene, aveva perso il telefono probabilmente a causa di una scivolata e in via precauzionale \u00e8 stato accompagnato all&#8217;ospedale per le verifiche del caso.<\/p>\n<p>&nbsp;<\/p>\n<p>&nbsp;<\/p>\n<hr \/>\n<p>&nbsp;<\/p>\n<blockquote>\n<h3 class=\"entry-title\">SCIVOLA SUL GHIACCIO E SI INFORTUNA AD UN POLSO<\/h3>\n<\/blockquote>\n<p><strong>BORSA DI CADORE\u00a0<\/strong>Gli \u00e8 costata un probabile trauma al polso e tanta paura la scivolata sulla neve dura di un ventenne trevigiano. Il giovane, scarponi ai piedi, stava salendo assieme a un amico dal Rifugio Staulanza verso il Citt\u00e0 di Fiume quando, poco prima di entrare nel sentiero numero 472, \u00e8 scivolato sulla neve ghiacciata infortunandosi. Scattato l\u2019allarme passato mezzogiorno di ieri, una squadra del Soccorso alpino della Val Fiorentina lo ha raggiunto superando un chilometro circa di distanza. Dopo avergli prestato un primo aiuto, i soccorritori hanno dotato il giovane di ramponcini e racchetta per rientrare con loro a valle a ritroso. Una volta tornati al Passo, il ragazzo si \u00e8 allontanato autonomamente con i famigliari.<\/p>\n<p>&nbsp;<\/p>\n<p>&nbsp;<\/p>\n<hr \/>\n<p>&nbsp;<\/p>\n<blockquote>\n<h3>ALTRI DUE INTERVENTI DEL SOCCORSO ALPINO NEL POMERIGGIO DI IERI<\/h3>\n<\/blockquote>\n<p><strong><a class=\"dt-pswp-item\" href=\"https:\/\/www.radiopiu.net\/wordpress\/wp-content\/uploads\/2022\/09\/309142707_771246390814523_5693451179006834112_n.jpg\" data-dt-img-description=\"\" data-large_image_width=\"2048\" data-large_image_height=\"1212\"><img loading=\"lazy\" decoding=\"async\" class=\" wp-image-298850 alignleft\" src=\"https:\/\/www.radiopiu.net\/wordpress\/wp-content\/uploads\/2022\/09\/309142707_771246390814523_5693451179006834112_n-300x178.jpg\" alt=\"\" width=\"233\" height=\"138\" srcset=\"https:\/\/www.radiopiu.net\/wordpress\/wp-content\/uploads\/2022\/09\/309142707_771246390814523_5693451179006834112_n-300x178.jpg 300w, https:\/\/www.radiopiu.net\/wordpress\/wp-content\/uploads\/2022\/09\/309142707_771246390814523_5693451179006834112_n-1024x606.jpg 1024w, https:\/\/www.radiopiu.net\/wordpress\/wp-content\/uploads\/2022\/09\/309142707_771246390814523_5693451179006834112_n-768x455.jpg 768w, https:\/\/www.radiopiu.net\/wordpress\/wp-content\/uploads\/2022\/09\/309142707_771246390814523_5693451179006834112_n-1536x909.jpg 1536w, https:\/\/www.radiopiu.net\/wordpress\/wp-content\/uploads\/2022\/09\/309142707_771246390814523_5693451179006834112_n.jpg 2048w\" sizes=\"auto, (max-width: 233px) 100vw, 233px\" \/><\/a>VAL DI ZOLDO <\/strong>Ieri passate le 13 l&#8217;elicottero del Suem di Pieve di Cadore \u00e8 volato sul Pelmo, dove, scendendo dalla Val d&#8217;Arcia con una comitiva, una scialpinista si era fatta male a una gamba e non era pi\u00f9 in grado di proseguire. La 64enne di Belluno \u00e8 stata individuata e recuperata con un verricello di 40 metri, per essere poi trasportata al San Martino.<\/p>\n<p><strong>AURONZO<\/strong> Alle 15.30 circa di ieri una squadra del Soccorso alpino di Auronzo \u00e8 invece stata inviata lungo la ciclabile del lago, poich\u00e9 una donna di 52 anni era scivolata su una lastra di ghiaccio e le forti raffiche di vento impedivano l&#8217;intervento dell&#8217;elisoccorso. I soccorritori si sono avvicinati in fuoristrada, per poi prestare le prime cure all&#8217;infortunata, a seguito dei possibili traumi al femore e al bacino riportati a seguito della caduta. La donna \u00e8 stata imbarellata e portata fino all&#8217;ambulanza partita in direzione dell&#8217;ospedale di Belluno.<\/p>\n<p>&nbsp;<\/p>\n<p>&nbsp;<\/p>\n<hr \/>\n<p>&nbsp;<\/p>\n<blockquote>\n<h3 class=\"entry-title\">AL VALPAROLA SENZA TELEFONO DAL 9 DICEMBRE<\/h3>\n<\/blockquote>\n<p><strong class=\"photoswipe-wrapper\"><a class=\"dt-pswp-item\" href=\"https:\/\/www.radiopiu.net\/wordpress\/wp-content\/uploads\/2023\/02\/332578447_5834273169941771_1624486239068463741_n.jpg\" data-dt-img-description=\"\" data-large_image_width=\"450\" data-large_image_height=\"600\"><img loading=\"lazy\" decoding=\"async\" class=\" wp-image-323885 alignleft\" src=\"https:\/\/www.radiopiu.net\/wordpress\/wp-content\/uploads\/2023\/02\/332578447_5834273169941771_1624486239068463741_n-225x300.jpg\" alt=\"\" width=\"174\" height=\"232\" srcset=\"https:\/\/www.radiopiu.net\/wordpress\/wp-content\/uploads\/2023\/02\/332578447_5834273169941771_1624486239068463741_n-225x300.jpg 225w, https:\/\/www.radiopiu.net\/wordpress\/wp-content\/uploads\/2023\/02\/332578447_5834273169941771_1624486239068463741_n.jpg 450w\" sizes=\"auto, (max-width: 174px) 100vw, 174px\" \/><\/a>REDAZIONE<\/strong>\u00a0Dopo che le hai provate tutte e hai perso le speranze di un intervento possibile,\u00a0 non ti rimane che provarci sollecitando anche l\u2019opinione pubblica. Dallo scorso 9 dicembre infatti i gestori del Rifugio Valparola, dopo che il telefono \u00e8 andato in tilt, hanno iniziato un calvario. Solleciti al call center della Tim, decine e decine di volte. Sono state inviate mail, pure certificate senza alcun risultato.\u00a0 Vi fosse sfuggito: dal 9 dicembre.<br \/>\nPer questo ora dal Rifugio Valparola a 2168 metri \u00e8 stato condiviso un post su facebook:\u201dSiamo ancora senza telefono, forse perch\u00e9 i cavi sono agganciati a dei pali? (Foto)\u00a0 magari condividendo il messaggio\u2026arriva alla persona giusta\u201d.<\/p>\n<p>Raffaella Trebo che con la mamma gestisce la struttura, alla sommit\u00e0 del valico, sopra il Falzarego\u00a0<em>\u00abQui intorno il fisso funziona dappertutto, sia sul Falzarego e sia al Lagazuoi. Abbiamo fatto l\u2019Immacolata senza il fisso, quindi con meno prenotazioni. Abbiamo fatto il Natale ed il Capodanno nella medesima condizione. Intanto continuavo a chiamare al centralino di servizio. E ogni volta un operatore diverso. Ogni volta la stessa assicurazione: abbia pazienza, nei prossimi giorni veniamo, verifichiamo, sistemiamo.\u00a0 \u00c8 arrivato il carnevale. E pure la Quaresima\u201d<\/em><\/p>\n<p>&nbsp;<\/p>\n<p>&nbsp;<\/p>\n<hr \/>\n<p>&nbsp;<\/p>\n<blockquote>\n<h3 class=\"entry-title\">IL PALAQUANTIN SARA\u2019 DEDICATO A GIOVANNI VIEL<\/h3>\n<\/blockquote>\n<p><b>PONTE NELLE ALPI\u00a0<\/b> La giunta comunale di Ponte nelle Alpi, riunitasi mercoled\u00ec, ha voluto dedicare la struttura polifunzionale di Quantin alla figura di Giovanni Viel, recentemente scomparso.Un uomo dello sport bellunese, autorevole, sempre professionale. Una persona e un giornalista di altissimo profilo, che ha sempre operato per portare in alto il territorio. Nella sua Quantin, paese d\u2019origine della famiglia, ha presentato tante manifestazioni e iniziative ed \u00e8 stato lo speaker al taglio del nastro della struttura polivalente, da poco rinnovata e riqualificata.Viel era un ambasciatore delle montagne dolomitiche, tanto \u00e8 vero che la comunit\u00e0 di Ponte lo aveva premiato la scorsa estate, allo stadio comunale, nell\u2019ambito della \u201cGiornata dello Sport\u201d. Ha avuto inoltre il riconoscimento della Fisi Veneto con il premio Fair Play, la Stella al Merito al Lavoro e la medaglia della Confindustria per i 35 anni di servizio. \u00abGiovanni \u00e8 per tutti noi una persona speciale &#8211; ha affermato il sindaco Paolo Vendramini -. Un amico, legato al territorio, alle associazioni, al volontariato, consigliere comunale e valido amministratore. Ho ricevuto diverse telefonate di concittadini e messaggi che ci chiedevano di ricordare al meglio Giovanni. Come amministrazione, abbiamo valutato che la nuova struttura polifunzionale di Quantin fosse lo spazio sportivo e culturale pi\u00f9 adatto per ricordarlo\u00bb.<\/p>\n\n\t\t\t<style type='text\/css'>\n\t\t\t\t#gallery-3 {\n\t\t\t\t\tmargin: auto;\n\t\t\t\t}\n\t\t\t\t#gallery-3 .gallery-item {\n\t\t\t\t\tfloat: left;\n\t\t\t\t\tmargin-top: 10px;\n\t\t\t\t\ttext-align: center;\n\t\t\t\t\twidth: 50%;\n\t\t\t\t}\n\t\t\t\t#gallery-3 img {\n\t\t\t\t\tborder: 2px solid #cfcfcf;\n\t\t\t\t}\n\t\t\t\t#gallery-3 .gallery-caption {\n\t\t\t\t\tmargin-left: 0;\n\t\t\t\t}\n\t\t\t\t\/* see gallery_shortcode() in wp-includes\/media.php *\/\n\t\t\t<\/style>\n\t\t<div id='gallery-3' class='dt-gallery-container gallery galleryid-323824 gallery-columns-2 gallery-size-thumbnail'><dl class='gallery-item'>\n\t\t\t\t<dt class='gallery-icon landscape'>\n\t\t\t\t\t<a class=\"rollover rollover-zoom dt-pswp-item\" title=\"Giovanni_Viel\" data-dt-img-description=\"\" data-large_image_width=\"1773\" data-large_image_height=\"1773\"href='https:\/\/www.radiopiu.net\/wordpress\/wp-content\/uploads\/2023\/02\/Giovanni_Viel.jpg'><img loading=\"lazy\" decoding=\"async\" width=\"150\" height=\"150\" src=\"https:\/\/www.radiopiu.net\/wordpress\/wp-content\/uploads\/2023\/02\/Giovanni_Viel-150x150.jpg\" class=\"attachment-thumbnail size-thumbnail\" alt=\"\" srcset=\"https:\/\/www.radiopiu.net\/wordpress\/wp-content\/uploads\/2023\/02\/Giovanni_Viel-150x150.jpg 150w, https:\/\/www.radiopiu.net\/wordpress\/wp-content\/uploads\/2023\/02\/Giovanni_Viel-300x300.jpg 300w, https:\/\/www.radiopiu.net\/wordpress\/wp-content\/uploads\/2023\/02\/Giovanni_Viel-1024x1024.jpg 1024w, https:\/\/www.radiopiu.net\/wordpress\/wp-content\/uploads\/2023\/02\/Giovanni_Viel-768x768.jpg 768w, https:\/\/www.radiopiu.net\/wordpress\/wp-content\/uploads\/2023\/02\/Giovanni_Viel-1536x1536.jpg 1536w, https:\/\/www.radiopiu.net\/wordpress\/wp-content\/uploads\/2023\/02\/Giovanni_Viel.jpg 1773w\" sizes=\"auto, (max-width: 150px) 100vw, 150px\" \/><\/a>\n\t\t\t\t<\/dt><\/dl><dl class='gallery-item'>\n\t\t\t\t<dt class='gallery-icon landscape'>\n\t\t\t\t\t<a class=\"rollover rollover-zoom dt-pswp-item\" title=\"PalaQuantin\" data-dt-img-description=\"\" data-large_image_width=\"1502\" data-large_image_height=\"789\"href='https:\/\/www.radiopiu.net\/wordpress\/wp-content\/uploads\/2023\/02\/PalaQuantin.jpg'><img loading=\"lazy\" decoding=\"async\" width=\"150\" height=\"150\" src=\"https:\/\/www.radiopiu.net\/wordpress\/wp-content\/uploads\/2023\/02\/PalaQuantin-150x150.jpg\" class=\"attachment-thumbnail size-thumbnail\" alt=\"\" \/><\/a>\n\t\t\t\t<\/dt><\/dl><br style=\"clear: both\" \/>\n\t\t\t<\/div>\n\n<p>&nbsp;<\/p>\n<hr \/>\n<p>&nbsp;<\/p>\n<blockquote>\n<h3>GIACOMO BRESSAN RICONFERMATO ALLA GUIDA DELLA PRO LOCO DI RIVAMONTE<\/h3>\n<\/blockquote>\n<p><strong><a class=\"dt-pswp-item\" href=\"https:\/\/www.radiopiu.net\/wordpress\/wp-content\/uploads\/2023\/02\/giacomo-bressan.png\" data-dt-img-description=\"\" data-large_image_width=\"622\" data-large_image_height=\"430\"><img loading=\"lazy\" decoding=\"async\" class=\" wp-image-324033 alignleft\" src=\"https:\/\/www.radiopiu.net\/wordpress\/wp-content\/uploads\/2023\/02\/giacomo-bressan-300x207.png\" alt=\"\" width=\"155\" height=\"107\" srcset=\"https:\/\/www.radiopiu.net\/wordpress\/wp-content\/uploads\/2023\/02\/giacomo-bressan-300x207.png 300w, https:\/\/www.radiopiu.net\/wordpress\/wp-content\/uploads\/2023\/02\/giacomo-bressan.png 622w\" sizes=\"auto, (max-width: 155px) 100vw, 155px\" \/><\/a>RIVAMONTE<\/strong> Giacomo Bressan \u00e8 stato confermato alla guida della Pro Loco di Rivamonte. Si \u00e8 svolta alla casa della giovent\u00f9 di Rivamonte l&#8217;assemblea dei soci. Oltre al rinnovo del consiglio di amministrazione, si \u00e8 parlato anche del bilancio e delle attivit\u00e0 svolte. Questo il nuovo direttivo: Presidente Giacomo Bressan, segretario Simone Fontanive, tesoriere Milena Rosson. Consiglieri: Silvia Mazzucco, Severina Stalliviere, Christian Brancaleone, Jacopo Bressan, Franco Pollazzon, Loris Fossen , Armando Lazzari, Christian Curti.<\/p>\n<p>&nbsp;<\/p>\n<hr \/>\n<p>&nbsp;<\/p>\n<p>SAGRA DE PASCA 2023<\/p>\n<h3><a class=\"dt-pswp-item\" href=\"https:\/\/www.radiopiu.net\/wordpress\/wp-content\/uploads\/2023\/02\/7307e364-61f7-46fa-b7c5-8a7099f1201d.jpg\" data-dt-img-description=\"\" data-large_image_width=\"1536\" data-large_image_height=\"2048\"><img loading=\"lazy\" decoding=\"async\" class=\" wp-image-324071 alignleft\" src=\"https:\/\/www.radiopiu.net\/wordpress\/wp-content\/uploads\/2023\/02\/7307e364-61f7-46fa-b7c5-8a7099f1201d-225x300.jpg\" alt=\"\" width=\"245\" height=\"327\" srcset=\"https:\/\/www.radiopiu.net\/wordpress\/wp-content\/uploads\/2023\/02\/7307e364-61f7-46fa-b7c5-8a7099f1201d-225x300.jpg 225w, https:\/\/www.radiopiu.net\/wordpress\/wp-content\/uploads\/2023\/02\/7307e364-61f7-46fa-b7c5-8a7099f1201d-768x1024.jpg 768w, https:\/\/www.radiopiu.net\/wordpress\/wp-content\/uploads\/2023\/02\/7307e364-61f7-46fa-b7c5-8a7099f1201d-1152x1536.jpg 1152w, https:\/\/www.radiopiu.net\/wordpress\/wp-content\/uploads\/2023\/02\/7307e364-61f7-46fa-b7c5-8a7099f1201d.jpg 1536w\" sizes=\"auto, (max-width: 245px) 100vw, 245px\" \/><\/a><\/h3>\n<h3><\/h3>\n<h3>APRILE&#8230;. 6 &#8211; 7 &#8211; 8 &#8211; 9 LA SAGRA DE PASCA<\/h3>\n<h3>Scusate il ritardo&#8230;. Si riparte ancora pi\u00f9 forte<\/h3>\n<h3>GRUPPO SPORTIVO, DONATORI DEL SANGUE E PROLOCO DI TAIBON AGORDINO &#8230;..<\/h3>\n<h3><\/h3>\n<p>&nbsp;<\/p>\n<p>&nbsp;<\/p>\n<p>&nbsp;<\/p>\n<p>&nbsp;<\/p>\n<p>&nbsp;<\/p>\n<hr \/>\n<p>&nbsp;<\/p>\n<p>&nbsp;<\/p>\n<blockquote>\n<h3><a class=\"dt-pswp-item\" href=\"https:\/\/www.radiopiu.net\/wordpress\/wp-content\/uploads\/2023\/02\/MADDA.jpg\" data-dt-img-description=\"\" data-large_image_width=\"239\" data-large_image_height=\"239\"><img loading=\"lazy\" decoding=\"async\" class=\" wp-image-324065 alignleft\" src=\"https:\/\/www.radiopiu.net\/wordpress\/wp-content\/uploads\/2023\/02\/MADDA.jpg\" alt=\"\" width=\"114\" height=\"114\" srcset=\"https:\/\/www.radiopiu.net\/wordpress\/wp-content\/uploads\/2023\/02\/MADDA.jpg 239w, https:\/\/www.radiopiu.net\/wordpress\/wp-content\/uploads\/2023\/02\/MADDA-150x150.jpg 150w\" sizes=\"auto, (max-width: 114px) 100vw, 114px\" \/><\/a>IERI LA FESTA A SEDICO, L&#8217;ACCOGLIENZA A MADDALENA<\/h3>\n<p><strong>SEDICO<\/strong>\u00a0 Dal Quirinale alla Spezia, per una gara di scherma e quindi nella sua Sedico, in municipio per la festa. Maddalena Da Rozze \u00e8 stata accolta dal Comune di Sedico e da tantissime persone, desiderose di congratularsi con la neo Alfiere della Repubblica.<\/p><\/blockquote>\n<p>&nbsp;<\/p>\n<p>&nbsp;<\/p>\n<p>&nbsp;<\/p>\n<hr \/>\n<p>&nbsp;<\/p>\n<p><strong>DI TIZIANO DE COL<\/strong><\/p>\n\n\t\t\t<style type='text\/css'>\n\t\t\t\t#gallery-4 {\n\t\t\t\t\tmargin: auto;\n\t\t\t\t}\n\t\t\t\t#gallery-4 .gallery-item {\n\t\t\t\t\tfloat: left;\n\t\t\t\t\tmargin-top: 10px;\n\t\t\t\t\ttext-align: center;\n\t\t\t\t\twidth: 20%;\n\t\t\t\t}\n\t\t\t\t#gallery-4 img {\n\t\t\t\t\tborder: 2px solid #cfcfcf;\n\t\t\t\t}\n\t\t\t\t#gallery-4 .gallery-caption {\n\t\t\t\t\tmargin-left: 0;\n\t\t\t\t}\n\t\t\t\t\/* see gallery_shortcode() in wp-includes\/media.php *\/\n\t\t\t<\/style>\n\t\t<div id='gallery-4' class='dt-gallery-container gallery galleryid-323824 gallery-columns-5 gallery-size-medium'><dl class='gallery-item'>\n\t\t\t\t<dt class='gallery-icon landscape'>\n\t\t\t\t\t<a class=\"rollover rollover-zoom dt-pswp-item\" title=\"8f2fcc4c-80db-40aa-a1e5-d7ad8b999135\" data-dt-img-description=\"\" data-large_image_width=\"602\" data-large_image_height=\"356\"href='https:\/\/www.radiopiu.net\/wordpress\/wp-content\/uploads\/2023\/02\/8f2fcc4c-80db-40aa-a1e5-d7ad8b999135.jpg'><img loading=\"lazy\" decoding=\"async\" width=\"300\" height=\"177\" src=\"https:\/\/www.radiopiu.net\/wordpress\/wp-content\/uploads\/2023\/02\/8f2fcc4c-80db-40aa-a1e5-d7ad8b999135-300x177.jpg\" class=\"attachment-medium size-medium\" alt=\"\" srcset=\"https:\/\/www.radiopiu.net\/wordpress\/wp-content\/uploads\/2023\/02\/8f2fcc4c-80db-40aa-a1e5-d7ad8b999135-300x177.jpg 300w, https:\/\/www.radiopiu.net\/wordpress\/wp-content\/uploads\/2023\/02\/8f2fcc4c-80db-40aa-a1e5-d7ad8b999135.jpg 602w\" sizes=\"auto, (max-width: 300px) 100vw, 300px\" \/><\/a>\n\t\t\t\t<\/dt><\/dl><dl class='gallery-item'>\n\t\t\t\t<dt class='gallery-icon landscape'>\n\t\t\t\t\t<a class=\"rollover rollover-zoom dt-pswp-item\" title=\"89b0427e-15d9-40ca-95cf-afa4e69f7c9f\" data-dt-img-description=\"\" data-large_image_width=\"612\" data-large_image_height=\"357\"href='https:\/\/www.radiopiu.net\/wordpress\/wp-content\/uploads\/2023\/02\/89b0427e-15d9-40ca-95cf-afa4e69f7c9f.jpg'><img loading=\"lazy\" decoding=\"async\" width=\"300\" height=\"175\" src=\"https:\/\/www.radiopiu.net\/wordpress\/wp-content\/uploads\/2023\/02\/89b0427e-15d9-40ca-95cf-afa4e69f7c9f-300x175.jpg\" class=\"attachment-medium size-medium\" alt=\"\" srcset=\"https:\/\/www.radiopiu.net\/wordpress\/wp-content\/uploads\/2023\/02\/89b0427e-15d9-40ca-95cf-afa4e69f7c9f-300x175.jpg 300w, https:\/\/www.radiopiu.net\/wordpress\/wp-content\/uploads\/2023\/02\/89b0427e-15d9-40ca-95cf-afa4e69f7c9f.jpg 612w\" sizes=\"auto, (max-width: 300px) 100vw, 300px\" \/><\/a>\n\t\t\t\t<\/dt><\/dl><dl class='gallery-item'>\n\t\t\t\t<dt class='gallery-icon landscape'>\n\t\t\t\t\t<a class=\"rollover rollover-zoom dt-pswp-item\" title=\"6c2925d9-8dfd-414c-96ea-f5561cbc6c92\" data-dt-img-description=\"\" data-large_image_width=\"604\" data-large_image_height=\"368\"href='https:\/\/www.radiopiu.net\/wordpress\/wp-content\/uploads\/2023\/02\/6c2925d9-8dfd-414c-96ea-f5561cbc6c92.jpg'><img loading=\"lazy\" decoding=\"async\" width=\"300\" height=\"183\" src=\"https:\/\/www.radiopiu.net\/wordpress\/wp-content\/uploads\/2023\/02\/6c2925d9-8dfd-414c-96ea-f5561cbc6c92-300x183.jpg\" class=\"attachment-medium size-medium\" alt=\"\" srcset=\"https:\/\/www.radiopiu.net\/wordpress\/wp-content\/uploads\/2023\/02\/6c2925d9-8dfd-414c-96ea-f5561cbc6c92-300x183.jpg 300w, https:\/\/www.radiopiu.net\/wordpress\/wp-content\/uploads\/2023\/02\/6c2925d9-8dfd-414c-96ea-f5561cbc6c92.jpg 604w\" sizes=\"auto, (max-width: 300px) 100vw, 300px\" \/><\/a>\n\t\t\t\t<\/dt><\/dl><dl class='gallery-item'>\n\t\t\t\t<dt class='gallery-icon landscape'>\n\t\t\t\t\t<a class=\"rollover rollover-zoom dt-pswp-item\" title=\"5c9d6c25-d80e-4cb0-a15f-fb29a56a2f1f\" data-dt-img-description=\"\" data-large_image_width=\"606\" data-large_image_height=\"352\"href='https:\/\/www.radiopiu.net\/wordpress\/wp-content\/uploads\/2023\/02\/5c9d6c25-d80e-4cb0-a15f-fb29a56a2f1f.jpg'><img loading=\"lazy\" decoding=\"async\" width=\"300\" height=\"174\" src=\"https:\/\/www.radiopiu.net\/wordpress\/wp-content\/uploads\/2023\/02\/5c9d6c25-d80e-4cb0-a15f-fb29a56a2f1f-300x174.jpg\" class=\"attachment-medium size-medium\" alt=\"\" srcset=\"https:\/\/www.radiopiu.net\/wordpress\/wp-content\/uploads\/2023\/02\/5c9d6c25-d80e-4cb0-a15f-fb29a56a2f1f-300x174.jpg 300w, https:\/\/www.radiopiu.net\/wordpress\/wp-content\/uploads\/2023\/02\/5c9d6c25-d80e-4cb0-a15f-fb29a56a2f1f.jpg 606w\" sizes=\"auto, (max-width: 300px) 100vw, 300px\" \/><\/a>\n\t\t\t\t<\/dt><\/dl><dl class='gallery-item'>\n\t\t\t\t<dt class='gallery-icon landscape'>\n\t\t\t\t\t<a class=\"rollover rollover-zoom dt-pswp-item\" title=\"291e45c2-f151-43e3-a1d8-2cd1a6650c6a\" data-dt-img-description=\"\" data-large_image_width=\"612\" data-large_image_height=\"353\"href='https:\/\/www.radiopiu.net\/wordpress\/wp-content\/uploads\/2023\/02\/291e45c2-f151-43e3-a1d8-2cd1a6650c6a.jpg'><img loading=\"lazy\" decoding=\"async\" width=\"300\" height=\"173\" src=\"https:\/\/www.radiopiu.net\/wordpress\/wp-content\/uploads\/2023\/02\/291e45c2-f151-43e3-a1d8-2cd1a6650c6a-300x173.jpg\" class=\"attachment-medium size-medium\" alt=\"\" srcset=\"https:\/\/www.radiopiu.net\/wordpress\/wp-content\/uploads\/2023\/02\/291e45c2-f151-43e3-a1d8-2cd1a6650c6a-300x173.jpg 300w, https:\/\/www.radiopiu.net\/wordpress\/wp-content\/uploads\/2023\/02\/291e45c2-f151-43e3-a1d8-2cd1a6650c6a.jpg 612w\" sizes=\"auto, (max-width: 300px) 100vw, 300px\" \/><\/a>\n\t\t\t\t<\/dt><\/dl><br style=\"clear: both\" \/>\n\t\t\t<\/div>\n\n<p>&nbsp;<\/p>\n<hr \/>\n<p>&nbsp;<\/p>\n<blockquote>\n<h3>TRE ANNI DI COVID NELLA RELAZIONE DELL&#8217;ULSS 1 DOLOMITI<\/h3>\n<\/blockquote>\n<p><strong>BELLUNO <\/strong>L&#8217;Ulss 1 Dolomiti ha distribuito la relazione al compimento del terzo anno pandemico covid in Ulss Dolomiti. \u00abI dati attestano l\u2019enorme sforzo compiuto dai nostri operatori e da tutte le Istituzioni nel contrastare questo straordinario evento pandemico che speriamo sia ormai giunto alle battute finali\u00bb. Commenta il Direttore Generale Maria Grazia Carraro \u00abSento il dovere di ringraziare tutti gli operatoti dell\u2019Ulss Dolomiti, in tutte le sue articolazioni, che in questi tre lunghi anni hanno assicurato la prevenzione e cura del Covid negli ospedali e nel territorio e la gestione degli aspetti amministrativi. Ringrazio anche i Comuni che ci hanno affiancato nei momenti difficili, soprattutto quelli che con generosit\u00e0 hanno messo a disposizione spazi strutture e risorse per il funzionamento dei drive in diagnostici e dei centri vaccinali. Un particolare sentimento di Gratitudine per le Forze dell\u2019Ordine e per il Volontariato la cui generosit\u00e0 sar\u00e0 ricordata nella storia di questa provincia\u00bb.<\/p>\n<p><strong>LA RELAZIONE DELL&#8217;ULSS 1 DOLOMITI (8 PAGINE)<\/strong><\/p>\n<a href=\"https:\/\/www.radiopiu.net\/wordpress\/wp-content\/uploads\/2023\/02\/3-anni-di-covid-1.pdf\" class=\"pdfemb-viewer\" style=\"\" data-width=\"max\" data-height=\"max\" data-toolbar=\"top\" data-toolbar-fixed=\"on\">3 anni di covid (1)<\/a>\n<p>&nbsp;<\/p>\n<hr \/>\n<p>&nbsp;<\/p>\n<blockquote>\n<h3>RAFFREDDAMENTO EPIDEMICO COVID: L\u2019ULSS DOLOMITI RIDUCE L\u2019OFFERTA TAMPONI<\/h3>\n<\/blockquote>\n<p><strong><a class=\"dt-pswp-item\" href=\"https:\/\/www.radiopiu.net\/wordpress\/wp-content\/uploads\/2020\/11\/sagrogna-tamponi.jpg\" data-dt-img-description=\"\" data-large_image_width=\"1600\" data-large_image_height=\"1200\"><img loading=\"lazy\" decoding=\"async\" class=\" wp-image-170874 alignleft\" src=\"https:\/\/www.radiopiu.net\/wordpress\/wp-content\/uploads\/2020\/11\/sagrogna-tamponi-300x225.jpg\" alt=\"\" width=\"175\" height=\"131\" srcset=\"https:\/\/www.radiopiu.net\/wordpress\/wp-content\/uploads\/2020\/11\/sagrogna-tamponi-300x225.jpg 300w, https:\/\/www.radiopiu.net\/wordpress\/wp-content\/uploads\/2020\/11\/sagrogna-tamponi-1024x768.jpg 1024w, https:\/\/www.radiopiu.net\/wordpress\/wp-content\/uploads\/2020\/11\/sagrogna-tamponi-768x576.jpg 768w, https:\/\/www.radiopiu.net\/wordpress\/wp-content\/uploads\/2020\/11\/sagrogna-tamponi-1536x1152.jpg 1536w, https:\/\/www.radiopiu.net\/wordpress\/wp-content\/uploads\/2020\/11\/sagrogna-tamponi.jpg 1600w\" sizes=\"auto, (max-width: 175px) 100vw, 175px\" \/><\/a>BELLUNO <\/strong>Alla luce del forte rallentamento epidemico registrato nelle ultime settimane, con incidenza settimanale ormai stabilmente prossima alla soglia di attenzione di 50 casi su 100.000 abitanti, l\u2019Ulss Dolomiti concentrer\u00e0 dal 1 marzo 2023 l\u2019offerta tamponi presso l\u2019ospedale di Belluno \u2013 prefabbricato adiacente blocco F, sospendendo l\u2019esecuzione del test, ormai ridotti a poche unit\u00e0, nei covid point di Paludi, Feltre, Agordo e Tai di Cadore. Questo consentir\u00e0 di recuperare personale infermieristico indispensabile per sostenere la ripresa delle attivit\u00e0 assistenziali ospedaliere e territoriali e di ridurre gli oneri di gestione dei \u00a0drive-in. I tamponi, Sempre con accesso drive in, saranno eseguiti nel nuovo covid point ospedaliero di Belluno\u00a0 tutte le mattine SU PRENOTAZIONE (dal sito www.aulss1.veneto) inclusi i giorni festivi (nei quali sar\u00e0 possibile l\u2019accesso libero per evitare l\u2019impegno prescrittivo delle Guardie Mediche). Rimangono attivi sul territorio per l\u2019esecuzione di tamponi diagnostici i medici e pediatri di famiglia e le farmacie. Le installazioni (tende etc) dei quattro drive in territoriali sospesi (Paludi, Feltre, Agordo e Tai di Cadore) al momento non saranno smantellate per massima cautela epidemiologica, con possibile\u00a0 riattivazione a seguito di\u00a0 eventuale ripresa della casistica Covid.<\/p>\n<p>&nbsp;<\/p>\n<p>&nbsp;<\/p>\n<hr \/>\n<p>&nbsp;<\/p>\n<blockquote>\n<h3>OSPEDALE DI COMUNITA&#8217; DI FELTRE: AGGIUDICATI I LAVORI DI REALIZZAZIONE<\/h3>\n<\/blockquote>\n<p><strong><a class=\"dt-pswp-item\" href=\"https:\/\/www.radiopiu.net\/wordpress\/wp-content\/uploads\/2019\/02\/ospedale-di-feltre.jpeg\" data-dt-img-description=\"\" data-large_image_width=\"650\" data-large_image_height=\"463\"><img loading=\"lazy\" decoding=\"async\" class=\" wp-image-76822 alignleft\" src=\"https:\/\/www.radiopiu.net\/wordpress\/wp-content\/uploads\/2019\/02\/ospedale-di-feltre-300x214.jpeg\" alt=\"\" width=\"161\" height=\"115\" srcset=\"https:\/\/www.radiopiu.net\/wordpress\/wp-content\/uploads\/2019\/02\/ospedale-di-feltre-300x214.jpeg 300w, https:\/\/www.radiopiu.net\/wordpress\/wp-content\/uploads\/2019\/02\/ospedale-di-feltre.jpeg 650w\" sizes=\"auto, (max-width: 161px) 100vw, 161px\" \/><\/a>BELLUNO <\/strong>Procede spedito l\u2019iter per la realizzazione dei lavori dell\u2019Ospedale di Comunit\u00e0 di Feltre. Dopo l\u2019approvazione del progetto di fattibilit\u00e0 tecnica ed economica\/definitivo, l\u2019approvazione del progetto esecutivo e l\u2019indizione della procedura di gara, \u00e8 stata aggiudicata l\u2019esecuzione dei lavori di realizzazione all\u2019Impresa Radar s.r.l. di Noventa Padovana. L\u2019 intervento prevede un investimento complessivo di 1.550.000 euro, finanziati nell\u2019ambito del PNRR. Il progetto prevede la ristrutturazione di una porzione del secondo piano del padiglione Guarnieri dell\u2019Ospedale di Feltre. Si tratta di un\u2019area di circa 700 mq che sar\u00e0 organizzata a partire da un unico corridoio centrale che distribuisce longitudinalmente i vari locali. Potr\u00e0 accogliere 15 posti letto organizzati in 7 stanze di degenza doppie e una singola, tutte provviste di bagno accessibile. Saranno garantiti, inoltre, spazi da garantire le attivit\u00e0 sanitarie di gestione e riabilitazione dei pazienti, oltre a un\u2019area di accoglienza posta all\u2019ingresso e un\u2019area a sevizio della residenzialit\u00e0 dove sar\u00e0 disponibile un locale soggiorno con a disposizione un locale per la gestione dei pasti. Nel progetto \u00e8 stata prestata particolare attenzione non solo alla funzionalit\u00e0 degli spazi, ma anche all\u2019umanizzazione degli ambienti nella scelta di colori e materiali. L\u2019obiettivo del progetto \u00e8, infatti, creare un luogo confortevole, gradevole e accogliente, dove sia le persone assistite, spesso anziane, che il personale che vi lavora si sentano a proprio agio e siano facilitati nell\u2019uso dei locali.<\/p>\n<p>&nbsp;<\/p>\n<p>&nbsp;<\/p>\n<hr \/>\n<p>&nbsp;<\/p>\n<blockquote>\n<h3>CONSULENZE NEUROLOGICHE: ATTIVATA LA CONVENZIONE CON L\u2019AZIENDA OSPEDALIERA UNIVERSITARIA INTEGRATA DI VERONA<\/h3>\n<\/blockquote>\n<p><strong>BELLUNO <\/strong>Nell\u2019ambito delle azioni per contrastare la carenza di medici neurologi, l\u2019Ulss Dolomiti ha attivato una convenzione con l\u2019Azienda Ospedaliera Universitaria Integrata di Verona per attivit\u00e0 di consulenza. Nello specifico, la convenzione prevede lo svolgimento dell\u2019attivit\u00e0 con un massimo di due accessi mensili della durata di 12 ore.<\/p>\n<p>&nbsp;<\/p>\n<p>&nbsp;<\/p>\n<hr \/>\n<p>&nbsp;<\/p>\n<blockquote>\n<h3>PETTIROSSO AGORDINO CERCA VOLONTARI. L&#8217;INTERVISTA A SONIA D&#8217;AGOSTINI E LAURA MIANA<\/h3>\n<\/blockquote>\n<p><b><a class=\"dt-pswp-item\" href=\"https:\/\/www.radiopiu.net\/wordpress\/wp-content\/uploads\/2023\/02\/97638584-4bea-4ee5-b500-42b553630f9d.jpg\" data-dt-img-description=\"\" data-large_image_width=\"2048\" data-large_image_height=\"1152\"><img loading=\"lazy\" decoding=\"async\" class=\" wp-image-323867 alignleft\" src=\"https:\/\/www.radiopiu.net\/wordpress\/wp-content\/uploads\/2023\/02\/97638584-4bea-4ee5-b500-42b553630f9d-300x169.jpg\" alt=\"\" width=\"213\" height=\"120\" srcset=\"https:\/\/www.radiopiu.net\/wordpress\/wp-content\/uploads\/2023\/02\/97638584-4bea-4ee5-b500-42b553630f9d-300x169.jpg 300w, https:\/\/www.radiopiu.net\/wordpress\/wp-content\/uploads\/2023\/02\/97638584-4bea-4ee5-b500-42b553630f9d-1024x576.jpg 1024w, https:\/\/www.radiopiu.net\/wordpress\/wp-content\/uploads\/2023\/02\/97638584-4bea-4ee5-b500-42b553630f9d-768x432.jpg 768w, https:\/\/www.radiopiu.net\/wordpress\/wp-content\/uploads\/2023\/02\/97638584-4bea-4ee5-b500-42b553630f9d-1536x864.jpg 1536w, https:\/\/www.radiopiu.net\/wordpress\/wp-content\/uploads\/2023\/02\/97638584-4bea-4ee5-b500-42b553630f9d.jpg 2048w\" sizes=\"auto, (max-width: 213px) 100vw, 213px\" \/><\/a>di Mirko Mezzacasa<\/b><\/p>\n<p>OSPITI: Sonia D&#8217;Agostini e Laura Miana, Pettirosso Agordino<\/p>\n<audio class=\"wp-audio-shortcode\" id=\"audio-323824-1\" preload=\"none\" style=\"width: 100%;\" controls=\"controls\"><source type=\"audio\/mpeg\" src=\"https:\/\/www.radiopiu.net\/wordpress\/wp-content\/uploads\/2023\/02\/pettirosso-intervista-sonia-e-laura.mp3?_=1\" \/><a href=\"https:\/\/www.radiopiu.net\/wordpress\/wp-content\/uploads\/2023\/02\/pettirosso-intervista-sonia-e-laura.mp3\">https:\/\/www.radiopiu.net\/wordpress\/wp-content\/uploads\/2023\/02\/pettirosso-intervista-sonia-e-laura.mp3<\/a><\/audio>\n<p>&nbsp;<\/p>\n<hr \/>\n<p>&nbsp;<\/p>\n<h2><span style=\"color: #ff0000;\"><a class=\"dt-pswp-item\" href=\"https:\/\/www.radiopiu.net\/wordpress\/wp-content\/uploads\/2023\/02\/04_LidiaBen.png\" data-dt-img-description=\"\" data-large_image_width=\"3276\" data-large_image_height=\"3544\"><img loading=\"lazy\" decoding=\"async\" class=\" wp-image-324042 alignleft\" src=\"https:\/\/www.radiopiu.net\/wordpress\/wp-content\/uploads\/2023\/02\/04_LidiaBen-277x300.png\" alt=\"\" width=\"141\" height=\"152\" srcset=\"https:\/\/www.radiopiu.net\/wordpress\/wp-content\/uploads\/2023\/02\/04_LidiaBen-277x300.png 277w, https:\/\/www.radiopiu.net\/wordpress\/wp-content\/uploads\/2023\/02\/04_LidiaBen-947x1024.png 947w, https:\/\/www.radiopiu.net\/wordpress\/wp-content\/uploads\/2023\/02\/04_LidiaBen-768x831.png 768w, https:\/\/www.radiopiu.net\/wordpress\/wp-content\/uploads\/2023\/02\/04_LidiaBen-1420x1536.png 1420w, https:\/\/www.radiopiu.net\/wordpress\/wp-content\/uploads\/2023\/02\/04_LidiaBen-1893x2048.png 1893w\" sizes=\"auto, (max-width: 141px) 100vw, 141px\" \/><\/a>DAL CORRIERE DELLE ALPI<\/span><\/h2>\n<h2><span style=\"color: #0000ff;\">VIVERE L&#8217;AGORDINO<\/span><\/h2>\n<h3>LIDIA BEN, DOPO IL SECONDO LOCKDOWN DECIDE DI TORNARE CON LA SUA FAMIGLIA NELLA SUA TERRA DI ORIGINE E LASCIARE MILANO<\/h3>\n<p>di Gianni Santomaso<\/p>\n<p>IL LUNEDI&#8230; PER GLI AGORDINI L&#8217;APPUNTAMENTO IN EDICOLA CON IL Corriere delle Alpi, E IN AUDIO ALLA RADIO PIU&#8217;. IL CORRIERE DELLE ALPI AL LUNEDI DA OLTRE UN ANNO CON Gianni Santomaso RACCONTA LE STORIE E I PERSONAGGI DELLA VALLATA. ANCHE OGGI&#8230; IL LUNEDI NON E&#8217; SOLO SPORT (CON UN CORPOSO FASCICOLO SPORTIVO) MA CON IL CORRIERE DELLE ALPI E&#8217; ANCHE LA STORIA DELLA VALLATA E LE STORIE DEGLI AGORDINI COME QUELLA DI LIDIA<\/p>\n<p>&nbsp;<\/p>\n<hr \/>\n<p>&nbsp;<\/p>\n<blockquote>\n<h3>UN NOF FILO&#8217; AFFOLLATO PER LA SERATA DEDICATA ALL&#8217;ALPINISMO<\/h3>\n<\/blockquote>\n<p><strong>di Luisa Manfroi<\/strong><\/p>\n<p><strong>CENCENIGHE <\/strong>La sala del Nof Fil\u00f2 si \u00e8 riempita velocemente di pubblico venuto per assistere alla presentazione dell\u2019avventura alpinistica di Diego Toigo e Santiago (Santi) Padros invitati dal Gruppo Amici della Montagna di Cencenighe sabato 25 febbraio. Gianpaolo Soratroi ha presentato con la consueta spigliatezza Diego Toigo, di Fonzaso, istruttore del Cai e Santi Padros, guida alpina di origine catalana ma residente a Fornesighe, in Val di Zoldo. I due ospiti\u00a0 hanno condiviso con il pubblico \u201cAttraverso le Pale di San Lucano\u201d, la loro esperienza di arrampicata e concatenazione\u00a0 delle Pale di San Lucano affrontando vie impegnative e in prima ripetizione. Un\u2019avventura vissuta e portata a termine verso la met\u00e0 di giugno di due anni fa.\u00a0 Partendo dalla proiezione delle immagini delle loro individuali scalate sulle Pale, i protagonisti\u00a0 si sono avvicendati nell\u2019esporre le salite lungo i diedri e le pareti con diversi gradi di difficolt\u00e0\u00a0 che svelano, a chi non \u00e8 mai stato, una natura impervia e ancestrale e prospettive diverse ma che regalano panorami che non hanno bisogno di alcun commento una volta conquistata la cima. Una serata coinvolgente che ha sottolineato non solo gli aspetti tecnici delle salite ma che ha fatto partecipe e trasmesso ai presenti le emozioni vissute. L\u2019evento, proposto da Giulia De Biasio componente del Gruppo Amici della Montagna di Cencenighe, ha visto il contributo di sponsor e al termine lo scatto della rituale foto di gruppo.<\/p>\n\n\t\t\t<style type='text\/css'>\n\t\t\t\t#gallery-5 {\n\t\t\t\t\tmargin: auto;\n\t\t\t\t}\n\t\t\t\t#gallery-5 .gallery-item {\n\t\t\t\t\tfloat: left;\n\t\t\t\t\tmargin-top: 10px;\n\t\t\t\t\ttext-align: center;\n\t\t\t\t\twidth: 50%;\n\t\t\t\t}\n\t\t\t\t#gallery-5 img {\n\t\t\t\t\tborder: 2px solid #cfcfcf;\n\t\t\t\t}\n\t\t\t\t#gallery-5 .gallery-caption {\n\t\t\t\t\tmargin-left: 0;\n\t\t\t\t}\n\t\t\t\t\/* see gallery_shortcode() in wp-includes\/media.php *\/\n\t\t\t<\/style>\n\t\t<div id='gallery-5' class='dt-gallery-container gallery galleryid-323824 gallery-columns-2 gallery-size-medium'><dl class='gallery-item'>\n\t\t\t\t<dt class='gallery-icon landscape'>\n\t\t\t\t\t<a class=\"rollover rollover-zoom dt-pswp-item\" title=\"Foto gruppo Gam serata Toigo - Padros\" data-dt-img-description=\"\" data-large_image_width=\"2560\" data-large_image_height=\"1707\"href='https:\/\/www.radiopiu.net\/wordpress\/wp-content\/uploads\/2023\/02\/Foto-gruppo-Gam-serata-Toigo-Padros-scaled.jpg'><img loading=\"lazy\" decoding=\"async\" width=\"300\" height=\"200\" src=\"https:\/\/www.radiopiu.net\/wordpress\/wp-content\/uploads\/2023\/02\/Foto-gruppo-Gam-serata-Toigo-Padros-300x200.jpg\" class=\"attachment-medium size-medium\" alt=\"\" srcset=\"https:\/\/www.radiopiu.net\/wordpress\/wp-content\/uploads\/2023\/02\/Foto-gruppo-Gam-serata-Toigo-Padros-300x200.jpg 300w, https:\/\/www.radiopiu.net\/wordpress\/wp-content\/uploads\/2023\/02\/Foto-gruppo-Gam-serata-Toigo-Padros-1024x683.jpg 1024w, https:\/\/www.radiopiu.net\/wordpress\/wp-content\/uploads\/2023\/02\/Foto-gruppo-Gam-serata-Toigo-Padros-768x512.jpg 768w, https:\/\/www.radiopiu.net\/wordpress\/wp-content\/uploads\/2023\/02\/Foto-gruppo-Gam-serata-Toigo-Padros-1536x1024.jpg 1536w, https:\/\/www.radiopiu.net\/wordpress\/wp-content\/uploads\/2023\/02\/Foto-gruppo-Gam-serata-Toigo-Padros-2048x1365.jpg 2048w\" sizes=\"auto, (max-width: 300px) 100vw, 300px\" \/><\/a>\n\t\t\t\t<\/dt><\/dl><dl class='gallery-item'>\n\t\t\t\t<dt class='gallery-icon landscape'>\n\t\t\t\t\t<a class=\"rollover rollover-zoom dt-pswp-item\" title=\"20230225_212109\" data-dt-img-description=\"\" data-large_image_width=\"2560\" data-large_image_height=\"1440\"href='https:\/\/www.radiopiu.net\/wordpress\/wp-content\/uploads\/2023\/02\/20230225_212109-scaled.jpg'><img loading=\"lazy\" decoding=\"async\" width=\"300\" height=\"169\" src=\"https:\/\/www.radiopiu.net\/wordpress\/wp-content\/uploads\/2023\/02\/20230225_212109-300x169.jpg\" class=\"attachment-medium size-medium\" alt=\"\" srcset=\"https:\/\/www.radiopiu.net\/wordpress\/wp-content\/uploads\/2023\/02\/20230225_212109-300x169.jpg 300w, https:\/\/www.radiopiu.net\/wordpress\/wp-content\/uploads\/2023\/02\/20230225_212109-1024x576.jpg 1024w, https:\/\/www.radiopiu.net\/wordpress\/wp-content\/uploads\/2023\/02\/20230225_212109-768x432.jpg 768w, https:\/\/www.radiopiu.net\/wordpress\/wp-content\/uploads\/2023\/02\/20230225_212109-1536x864.jpg 1536w, https:\/\/www.radiopiu.net\/wordpress\/wp-content\/uploads\/2023\/02\/20230225_212109-2048x1152.jpg 2048w\" sizes=\"auto, (max-width: 300px) 100vw, 300px\" \/><\/a>\n\t\t\t\t<\/dt><\/dl><br style=\"clear: both\" \/><dl class='gallery-item'>\n\t\t\t\t<dt class='gallery-icon landscape'>\n\t\t\t\t\t<a class=\"rollover rollover-zoom dt-pswp-item\" title=\"20230225_224859\" data-dt-img-description=\"\" data-large_image_width=\"2560\" data-large_image_height=\"1440\"href='https:\/\/www.radiopiu.net\/wordpress\/wp-content\/uploads\/2023\/02\/20230225_224859-scaled.jpg'><img loading=\"lazy\" decoding=\"async\" width=\"300\" height=\"169\" src=\"https:\/\/www.radiopiu.net\/wordpress\/wp-content\/uploads\/2023\/02\/20230225_224859-300x169.jpg\" class=\"attachment-medium size-medium\" alt=\"\" srcset=\"https:\/\/www.radiopiu.net\/wordpress\/wp-content\/uploads\/2023\/02\/20230225_224859-300x169.jpg 300w, https:\/\/www.radiopiu.net\/wordpress\/wp-content\/uploads\/2023\/02\/20230225_224859-1024x576.jpg 1024w, https:\/\/www.radiopiu.net\/wordpress\/wp-content\/uploads\/2023\/02\/20230225_224859-768x432.jpg 768w, https:\/\/www.radiopiu.net\/wordpress\/wp-content\/uploads\/2023\/02\/20230225_224859-1536x864.jpg 1536w, https:\/\/www.radiopiu.net\/wordpress\/wp-content\/uploads\/2023\/02\/20230225_224859-2048x1152.jpg 2048w\" sizes=\"auto, (max-width: 300px) 100vw, 300px\" \/><\/a>\n\t\t\t\t<\/dt><\/dl><dl class='gallery-item'>\n\t\t\t\t<dt class='gallery-icon landscape'>\n\t\t\t\t\t<a class=\"rollover rollover-zoom dt-pswp-item\" title=\"20230225_223718\" data-dt-img-description=\"\" data-large_image_width=\"2560\" data-large_image_height=\"1440\"href='https:\/\/www.radiopiu.net\/wordpress\/wp-content\/uploads\/2023\/02\/20230225_223718-scaled.jpg'><img loading=\"lazy\" decoding=\"async\" width=\"300\" height=\"169\" src=\"https:\/\/www.radiopiu.net\/wordpress\/wp-content\/uploads\/2023\/02\/20230225_223718-300x169.jpg\" class=\"attachment-medium size-medium\" alt=\"\" srcset=\"https:\/\/www.radiopiu.net\/wordpress\/wp-content\/uploads\/2023\/02\/20230225_223718-300x169.jpg 300w, https:\/\/www.radiopiu.net\/wordpress\/wp-content\/uploads\/2023\/02\/20230225_223718-1024x576.jpg 1024w, https:\/\/www.radiopiu.net\/wordpress\/wp-content\/uploads\/2023\/02\/20230225_223718-768x432.jpg 768w, https:\/\/www.radiopiu.net\/wordpress\/wp-content\/uploads\/2023\/02\/20230225_223718-1536x864.jpg 1536w, https:\/\/www.radiopiu.net\/wordpress\/wp-content\/uploads\/2023\/02\/20230225_223718-2048x1152.jpg 2048w\" sizes=\"auto, (max-width: 300px) 100vw, 300px\" \/><\/a>\n\t\t\t\t<\/dt><\/dl><br style=\"clear: both\" \/>\n\t\t\t<\/div>\n\n<p>&nbsp;<\/p>\n<hr \/>\n<p>&nbsp;<\/p>\n<blockquote>\n<h3>APPIA CNA INCONTRA IL SENATORE LUCA DE CARLO PER PARLARE DEL SUPERBONUS<\/h3>\n<\/blockquote>\n<p><strong>BELLUNO <\/strong>Confronto tra i vertici di Appia Cna Belluno e di Cna Veneto con il senatore cadorino Luca De Carlo (Fratelli d&#8217;Italia) nel pomeriggio di venerd\u00ec; un incontro cordiale e diretto che ha visto protagonisti soprattutto i temi legati al mondo dell&#8217;edilizia, dal blocco alla cessione dei crediti del Superbonus alla direttiva europea sulle \u201ccase green\u201d, ma si \u00e8 parlato anche di legge sulla montagna e di autonomia. Argomento principe dell&#8217;incontro \u00e8 stata la questione Superbonus.<\/p>\n<p><iframe loading=\"lazy\" title=\"APPIA DE CARLO\" width=\"1200\" height=\"675\" src=\"https:\/\/www.youtube.com\/embed\/076Wupnj6_w?feature=oembed\" frameborder=\"0\" allow=\"accelerometer; autoplay; clipboard-write; encrypted-media; gyroscope; picture-in-picture; web-share\" allowfullscreen><\/iframe><\/p>\n<p>&nbsp;<\/p>\n<hr \/>\n<p>&nbsp;<\/p>\n<blockquote>\n<h3><\/h3>\n<h3>VENETO: PER INFLAZIONE, RISPARMI GIU\u2019 DI 15,1 MILIARDI (7.253 EURO A FAMIGLIA)<\/h3>\n<\/blockquote>\n<p><strong><a class=\"dt-pswp-item\" href=\"https:\/\/www.radiopiu.net\/wordpress\/wp-content\/uploads\/2023\/02\/Schermata-2023-02-25-alle-09.09.25.png\" data-dt-img-description=\"\" data-large_image_width=\"1284\" data-large_image_height=\"1146\"><img loading=\"lazy\" decoding=\"async\" class=\"alignleft size-medium wp-image-323815\" src=\"https:\/\/www.radiopiu.net\/wordpress\/wp-content\/uploads\/2023\/02\/Schermata-2023-02-25-alle-09.09.25-300x268.png\" alt=\"\" width=\"300\" height=\"268\" srcset=\"https:\/\/www.radiopiu.net\/wordpress\/wp-content\/uploads\/2023\/02\/Schermata-2023-02-25-alle-09.09.25-300x268.png 300w, https:\/\/www.radiopiu.net\/wordpress\/wp-content\/uploads\/2023\/02\/Schermata-2023-02-25-alle-09.09.25-1024x914.png 1024w, https:\/\/www.radiopiu.net\/wordpress\/wp-content\/uploads\/2023\/02\/Schermata-2023-02-25-alle-09.09.25-768x685.png 768w, https:\/\/www.radiopiu.net\/wordpress\/wp-content\/uploads\/2023\/02\/Schermata-2023-02-25-alle-09.09.25.png 1284w\" sizes=\"auto, (max-width: 300px) 100vw, 300px\" \/><\/a>2022-2023 inflazione record, i conti correnti delle famiglie venete subiranno una \u201csforbiciata\u201d da 15,1 miliardi di euro.<\/strong><br \/>\nCome si \u00e8 giunti a questo risultato? In primo luogo, l\u2019Ufficio studi della CGIA ha ipotizzato che i 103,8 miliardi di euro presenti nei conti correnti bancari dei veneti non abbiano registrato alcuna variazione nell\u2019arco temporale preso in considerazione. In secondo luogo, a seguito dell\u2019aumento dei prezzi che nel biennio 2022-2023 si stima attorno al 15 per cento, ha calcolato la perdita di potere d\u2019acquisto dei nostri risparmi. L\u2019esito emerso da questa elaborazione \u00e8 \u201cspaventoso\u201d: <strong>praticamente ci troviamo di fronte a una patrimoniale da oltre 15 miliardi di euro che a ogni nucleo familiare veneto coster\u00e0 mediamente 7.253 euro.<\/strong><\/p>\n<p><strong>Treviso, Padova e Verona le province pi\u00f9 penalizzate<\/strong><br \/>\nA livello territoriale, nel biennio 2022-2023 il costo medio pi\u00f9 salato lo subiranno le famiglie residenti a Treviso con un prelievo medio di 7.948 euro. Seguono quelle di Padova con 7.553, Verona con 7.543, Vicenza con 7.419 e Belluno con 7.198. Chiudono la graduatoria Venezia con 6.143 euro e Rovigo con 6.045. La media nazionale \u00e8 pari a 6.338 euro a famiglia (vedi Tab. 1).<\/p>\n<p><strong>La patrimoniale di Amato ci cost\u00f2 31 volte meno<\/strong><br \/>\nA distanza di oltre 30 anni, molti ricordano ancora con grande sdegno il prelievo straordinario del 6 per mille applicato dall\u2019allora Governo Amato sui conti correnti degli italiani. Nella notte tra il 9 e il 10 luglio del 1992, infatti, quella misura cost\u00f2 alle famiglie italiane 5.250 miliardi di lire, ovvero 2,7 miliardi di euro. Attualizzando questo importo, il prelievo si attesta a 5,3 miliardi di euro; praticamente un \u201csacrificio\u201d economico 31 volte inferiore a quello stimato dall\u2019Ufficio studi della CGIA (per l\u2019Italia pari a 163,8 miliardi di euro) nel biennio 2022-2023.<\/p>\n<p><strong><a class=\"dt-pswp-item\" href=\"https:\/\/www.radiopiu.net\/wordpress\/wp-content\/uploads\/2023\/02\/Schermata-2023-02-25-alle-09.09.54.png\" data-dt-img-description=\"\" data-large_image_width=\"1264\" data-large_image_height=\"766\"><img loading=\"lazy\" decoding=\"async\" class=\"alignleft size-medium wp-image-323813\" src=\"https:\/\/www.radiopiu.net\/wordpress\/wp-content\/uploads\/2023\/02\/Schermata-2023-02-25-alle-09.09.54-300x182.png\" alt=\"\" width=\"300\" height=\"182\" srcset=\"https:\/\/www.radiopiu.net\/wordpress\/wp-content\/uploads\/2023\/02\/Schermata-2023-02-25-alle-09.09.54-300x182.png 300w, https:\/\/www.radiopiu.net\/wordpress\/wp-content\/uploads\/2023\/02\/Schermata-2023-02-25-alle-09.09.54-1024x621.png 1024w, https:\/\/www.radiopiu.net\/wordpress\/wp-content\/uploads\/2023\/02\/Schermata-2023-02-25-alle-09.09.54-768x465.png 768w, https:\/\/www.radiopiu.net\/wordpress\/wp-content\/uploads\/2023\/02\/Schermata-2023-02-25-alle-09.09.54.png 1264w\" sizes=\"auto, (max-width: 300px) 100vw, 300px\" \/><\/a>Ora le banche devono alzare gli interessi sui depositi<\/strong><br \/>\nCon un tasso di interesse praticato dalla BCE che lo scorso dicembre si \u00e8 attestato per quasi tutto il mese al 2 per cento (vedi Graf.1), ovvero, lo stesso di quello che avevamo nel febbraio del 2009, che effetti economici ha prodotto a un ipotetico correntista? Se 14 anni fa il tasso attivo era dello 0,75 per cento, 2 mesi fa si \u00e8 attestato allo 0,12 per cento, \u201cprovocando\u201d uno svantaggio per il risparmiatore dello 0,63 per cento. In altre parole, a fronte di 10 mila euro depositati nel conto corrente, rispetto al 2009 ci troviamo con 63 euro in meno. Se, come sostengono molti esperti, entro la fine del 2023 il tasso salisse al 4 per cento, raggiungendo lo stesso livello toccato tra il luglio 2007 e il giugno 2008, sui nostri ipotetici 10 mila euro depositati in banca perderemmo 107 euro (vedi Tab.2). Non si tratta di cifre importanti, tuttavia se le banche tornassero a riconoscere un leggero aumento dei tassi attivi sulle somme libere depositate nei conti correnti, la clientela potrebbe almeno coprire i costi fissi. Cosa, invece, che \u00e8 stata praticata dagli istituti sulle somme vincolate, anche se, molto spesso, per tantissimi correntisti districarsi tra un \u201cmare\u201d di offerte \u00e8 estremamente difficile. <strong>Uno sforzo economico, quello che dovrebbero sostenere le banche se ritoccassero all\u2019ins\u00f9 i tassi sui risparmi non vincolati, tranquillamente sostenibile, visto che nell\u2019ultimo anno le cose sono andate molto bene. I cinque pi\u00f9 importanti istituti nazionali &#8211; Intesa, Unicredit, BancoBpm, Monte Paschi e Bper &#8211; hanno chiuso il 2022 con utili netti pari a 12,7 miliardi. Un aumento del 65 per cento rispetto al 2021.<a class=\"dt-pswp-item\" href=\"https:\/\/www.radiopiu.net\/wordpress\/wp-content\/uploads\/2023\/02\/Schermata-2023-02-25-alle-09.09.36.png\" data-dt-img-description=\"\" data-large_image_width=\"1202\" data-large_image_height=\"816\"><img loading=\"lazy\" decoding=\"async\" class=\"size-medium wp-image-323814 alignnone\" src=\"https:\/\/www.radiopiu.net\/wordpress\/wp-content\/uploads\/2023\/02\/Schermata-2023-02-25-alle-09.09.36-300x204.png\" alt=\"\" width=\"300\" height=\"204\" srcset=\"https:\/\/www.radiopiu.net\/wordpress\/wp-content\/uploads\/2023\/02\/Schermata-2023-02-25-alle-09.09.36-300x204.png 300w, https:\/\/www.radiopiu.net\/wordpress\/wp-content\/uploads\/2023\/02\/Schermata-2023-02-25-alle-09.09.36-1024x695.png 1024w, https:\/\/www.radiopiu.net\/wordpress\/wp-content\/uploads\/2023\/02\/Schermata-2023-02-25-alle-09.09.36-768x521.png 768w, https:\/\/www.radiopiu.net\/wordpress\/wp-content\/uploads\/2023\/02\/Schermata-2023-02-25-alle-09.09.36.png 1202w\" sizes=\"auto, (max-width: 300px) 100vw, 300px\" \/><\/a><\/strong><\/p>\n<p>&nbsp;<\/p>\n<p>&nbsp;<\/p>\n<p>&nbsp;<\/p>\n<hr \/>\n<p>&nbsp;<\/p>\n<blockquote>\n<h3>UN CONCORSO PUBBLICO PER ASSUMERE 140 COMISSARI DELLA CARRIERA DEI FUNZIONARI DELLA POLIZIA DI STATO<\/h3>\n<\/blockquote>\n<p><strong><a class=\"dt-pswp-item\" href=\"https:\/\/www.radiopiu.net\/wordpress\/wp-content\/uploads\/2022\/05\/POLIZIA-2.jpg\" data-dt-img-description=\"\" data-large_image_width=\"1920\" data-large_image_height=\"1080\"><img loading=\"lazy\" decoding=\"async\" class=\" wp-image-278033 alignleft\" src=\"https:\/\/www.radiopiu.net\/wordpress\/wp-content\/uploads\/2022\/05\/POLIZIA-2-300x169.jpg\" alt=\"\" width=\"170\" height=\"96\" srcset=\"https:\/\/www.radiopiu.net\/wordpress\/wp-content\/uploads\/2022\/05\/POLIZIA-2-300x169.jpg 300w, https:\/\/www.radiopiu.net\/wordpress\/wp-content\/uploads\/2022\/05\/POLIZIA-2-1024x576.jpg 1024w, https:\/\/www.radiopiu.net\/wordpress\/wp-content\/uploads\/2022\/05\/POLIZIA-2-768x432.jpg 768w, https:\/\/www.radiopiu.net\/wordpress\/wp-content\/uploads\/2022\/05\/POLIZIA-2-1536x864.jpg 1536w, https:\/\/www.radiopiu.net\/wordpress\/wp-content\/uploads\/2022\/05\/POLIZIA-2.jpg 1920w\" sizes=\"auto, (max-width: 170px) 100vw, 170px\" \/><\/a>BELLUNO <\/strong>Sul Portale Unico del reclutamento, disponibile all\u2019indirizzo <a href=\"http:\/\/www.inpa.gov.it\">www.inpa.gov.it<\/a> nonch\u00e9 sul sito <a href=\"http:\/\/www.poliziadistato.it\">www.poliziadistato.it<\/a>, \u00e8 stato pubblicato il bando di concorso pubblico, per titoli ed esami, per l\u2019assunzione di 140 commissari della carriera dei funzionari della Polizia di Stato, indetto con decreto del 16 febbraio 2023. La domanda di partecipazione al concorso potr\u00e0 essere presentata, \u00a0dalle \u00a0ore \u00a000.00 del 18 febbraio 2023 alle ore 23.59 del 20 marzo 2023, sia tramite il Portale unico di reclutamento che mediante la procedura informatica disponibile all\u2019indirizzo <a href=\"https:\/\/concorsionline.poliziadistato.it\">https:\/\/concorsionline.poliziadistato.it<\/a> (cliccando sull\u2019icona \u201cConcorso pubblico\u201d).<\/p>\n<p>&nbsp;<\/p>\n<p>&nbsp;<\/p>\n<hr \/>\n<p>&nbsp;<\/p>\n<blockquote>\n<h3>ESPERIENZE DALLE PAROLE DEI BAMBINI<\/h3>\n<\/blockquote>\n<p><strong>BELLUNO<\/strong> Domani alle 18, alla scuola dell\u2019infanzia di Salce presentazione del testo\u00a0 &#8220;Ridisegnare la bussola educativa &#8211; gli effetti del trauma pandemico nei bambini e nei ragazzi&#8221; a cura di Paola Scalari, che testimonia il vissuto di 100 adulti, dei bambini e degli adolescenti che ci hanno raccontato i loro pensieri e le loro emozioni. L&#8217;incontro \u00e8 aperto a tutti. Interverranno Macella De Pr\u00e0, mediatore famigliare e didatta, curatrice del volume. Sara De Bon, assistente sociale e Nicola Dallo che proporr\u00e0 interventi musicali.<\/p>\n<p>&nbsp;<\/p>\n<p>&nbsp;<\/p>\n<hr \/>\n<blockquote>\n<h3>FELTRE IN BICI, LA TEORIA PRIMA DI SALIRE IN SELLA<\/h3>\n<\/blockquote>\n<p><strong><img loading=\"lazy\" decoding=\"async\" class=\"alignleft\" src=\"https:\/\/www.radiopiu.net\/wordpress\/wp-content\/uploads\/2023\/02\/th-12.jpg\" width=\"218\" height=\"168\" \/>FELTRE<\/strong> In attesa di risalire in sella e pedalare, Fiab Feltreinbici propone una serie di serate con la rassegna &#8220;LA BICI RACCONTATA 2023&#8221; Questo ciclo di serate sar\u00e0 dedicato ai ciclo viaggiatori e a chi ancora non lo \u00e8 e sta pensando che una vacanza in bicicletta farebbe proprio al caso suo, ma non sa da dove cominciare.<\/p>\n<p><strong>VENERDI 3 MARZO<\/strong> a Fonzaso presso Dolomiti Hub<span style=\"font-family: inherit;\">\u00a0&#8220;Ritorno a Occidente: Dalla Gergia alla Turchia in inverno&#8221;. U<\/span>n viaggio al contrario che ha condotto Leonardo Corradini, Veronica Rizzieri e Nala (fondatori del blog &#8220;Life in Travel), dalle sponde orientali del mar Nero in Georgia a quelle settentrionali del Mediterraneo nella Turchia sud-occidentale. Veronica e Leonardo di Life in Travel sono instancabili viaggiatori, che in compagnia di Nala, una cucciolona di 20 kg che li accompagna viaggiando in parte nel carrellino e in parte correndo al loro fianco, hanno gi\u00e0 esplorato gran parte del mondo.<\/p>\n<p><strong>VENERDI 17 MARZO<\/strong> A Feltre sportello Csv, Luigi Zanon e Giuseppe Della Giustina\u00a0 parleranno di GPX. Oggi la tecnologia offre un grande aiuto ai ciclisti, ma quanti\u00a0 la conoscono bene e la sanno padroneggiare al meglio?<\/p>\n<p><strong>VENERDI 31 MARZO<\/strong> A Feltre sportello Csv Claudio Mason Presidente di FIAB Feltre in bici e esperto ciclo-viaggiatore affronter\u00e0 l\u2019argomento del cicloturismo, rispondendo a tutte le domande su pianificazione, bicicletta, abbigliamento, bagaglio, borse, mete, tappe, alloggi, imprevisti e opportunit\u00e0.<\/p>\n<p>&nbsp;<\/p>\n<hr \/>\n<p>&nbsp;<\/p>\n<blockquote>\n<h3>CONCERTO PREMIO EDIZIONE 2022<\/h3>\n<\/blockquote>\n<p><strong>BELLUNO<\/strong> Per il secondo anno consecutivo il Centro Culturale di Longarone ospita il concerto-premio dell&#8217;edizione 2022 del Concorso Musicale Citt\u00e0 di Belluno (sezione Canto Moderno), sabato 11 marzo 2023 alle\u00a0 20:45. Quest&#8217;anno ci saranno due importanti novit\u00e0: l&#8217;allestimento floreale del palco da parte dei volontari dell&#8217;infiorata di Igne e la presenza di due ospiti d&#8217;onore: il Cantautore bellunese Alvise Bortolini e la meravigliosa voce di Jessica Lena. <em>&#8220;La volont\u00e0 \u00e8 sempre quella di promuovere i giovani talenti, di far conoscere lo splendido e prezioso lavoro dei nostri volontari&#8221; &#8211; dichiara il Consigliere delegato alla Cultura Anna Olivier &#8211; &#8220;e di creare situazioni di socialit\u00e0, all&#8217;insegna della Bellezza, in questo caso della buona musica&#8221;.\u00a0<\/em><\/p>\n<p>&nbsp;<\/p>\n<p>&nbsp;<\/p>\n<hr \/>\n<p>&nbsp;<\/p>\n<blockquote>\n<h3>A FINE APRILE AGORDO IN VISITA AI GEMELLI FRANCESI<\/h3>\n<\/blockquote>\n<p><strong><a class=\"dt-pswp-item\" href=\"https:\/\/www.radiopiu.net\/wordpress\/wp-content\/uploads\/2023\/02\/GEMELLAGGIO-AGORDO.jpg\" data-dt-img-description=\"\" data-large_image_width=\"374\" data-large_image_height=\"124\"><img loading=\"lazy\" decoding=\"async\" class=\"size-medium wp-image-323724 alignleft\" src=\"https:\/\/www.radiopiu.net\/wordpress\/wp-content\/uploads\/2023\/02\/GEMELLAGGIO-AGORDO-300x99.jpg\" alt=\"\" width=\"300\" height=\"99\" srcset=\"https:\/\/www.radiopiu.net\/wordpress\/wp-content\/uploads\/2023\/02\/GEMELLAGGIO-AGORDO-300x99.jpg 300w, https:\/\/www.radiopiu.net\/wordpress\/wp-content\/uploads\/2023\/02\/GEMELLAGGIO-AGORDO.jpg 374w\" sizes=\"auto, (max-width: 300px) 100vw, 300px\" \/><\/a>AGORDO<\/strong>\u00a0Il Comitato di gemellaggio ha organizzato una gita in Francia, dal 28 aprile al 01 maggio, occasione ideale per l\u2019inaugurazione del graffito di Dunio Piccolin, sar\u00e0 inaugurato s<span id=\"page3R_mcid9\" class=\"markedContent\"><span dir=\"ltr\" role=\"presentation\">abato 29 aprile nella\u00a0<\/span><span dir=\"ltr\" role=\"presentation\">sala delle\u00a0<\/span><span dir=\"ltr\" role=\"presentation\">feste con visita al\u00a0<\/span><span dir=\"ltr\" role=\"presentation\">castello di Dolomieu.\u00a0<span id=\"page3R_mcid11\" class=\"markedContent\">Domenica 30 visita alla citt\u00e0 di Grenoble, centro citt\u00e0, musei, Bastiglia.\u00a0<\/span><span id=\"page3R_mcid17\" class=\"markedContent\">Iscrizioni entro il 20 marzo scrivendo a<\/span><span id=\"page3R_mcid18\" class=\"markedContent\">\u00a0cgemellaggio.agordo@libero.it<\/span><span id=\"page3R_mcid19\" class=\"markedContent\">\u00a0Oppure chiamando il 3489159626<\/span><\/span><\/span><\/p>\n<h3>LO SPECIALE. OSPITI IN STUDIO: CLAUDIA CATTADORI E FABRIZIO CAMPEDEL<\/h3>\n<audio class=\"wp-audio-shortcode\" id=\"audio-323824-2\" preload=\"none\" style=\"width: 100%;\" controls=\"controls\"><source type=\"audio\/mpeg\" src=\"https:\/\/www.radiopiu.net\/wordpress\/wp-content\/uploads\/2023\/02\/GEMELLAGGIO-DOLOMIEU.mp3?_=2\" \/><a href=\"https:\/\/www.radiopiu.net\/wordpress\/wp-content\/uploads\/2023\/02\/GEMELLAGGIO-DOLOMIEU.mp3\">https:\/\/www.radiopiu.net\/wordpress\/wp-content\/uploads\/2023\/02\/GEMELLAGGIO-DOLOMIEU.mp3<\/a><\/audio>\n<p>&nbsp;<\/p>\n<hr \/>\n<p>&nbsp;<\/p>\n<blockquote>\n<h3>LA BENEDIZIONE DELLE CASE A SAN TOMASO<\/h3>\n<\/blockquote>\n<p><strong>SAN TOMASO<\/strong> Il parroco di San Tomaso Don Luigi Canal comunica che a partire da mercoled\u00ec 22 febbraio inizier\u00e0 la benedizione delle case. Questi gli appuntamenti: 27 febbraio Piaia, Pecol, Mezza Costa, 28 febbraio Roi, Colar\u00f9, Costa, 1 marzo Sot Colar\u00f9 e Avoscan.<\/p>\n<p>&nbsp;<\/p>\n<hr \/>\n<p>&nbsp;<\/p>\n<blockquote>\n<h3>LA MOSTRA DI LINDO NESELLO A SOSPIROLO<\/h3>\n<\/blockquote>\n<p><strong>SOSPIROLO<\/strong> Dal 25 febbraio al 19 marzo al Centro Civico di Sospirolo e biblioteca civica si pu\u00f2 visitare la mostra di Lindo Nesello dal titolo &#8220;Il paesaggio inedito degli anni 70-80&#8221;. Ingresso libero<\/p>\n<p>&nbsp;<\/p>\n<p>&nbsp;<\/p>\n<hr \/>\n<p>&nbsp;<\/p>\n<blockquote>\n<h3>IL 19 MARZO TORNA SUL BROI LA VECIA POPA<\/h3>\n<\/blockquote>\n<p><strong>AGORDO<\/strong>\u00a0La Vecia Popa \u00e8 pronta per tonare sul Broi di Agordo . L\u2019Appuntamento \u00e8 per domenica 19 marzo con la festa e l\u2019atteso testamento.<\/p>\n<div id=\"gallery-5\" class=\"dt-gallery-container gallery galleryid-323239 gallery-columns-2 gallery-size-medium\">\n<dl class=\"gallery-item\">\n<dt class=\"gallery-icon landscape\"><a class=\"rollover rollover-zoom dt-pswp-item pspw-wrap-ready this-ready\" title=\"dee7dc2b-e175-4363-a25e-dfe83fa36671\" href=\"https:\/\/www.radiopiu.net\/wordpress\/wp-content\/uploads\/2023\/02\/dee7dc2b-e175-4363-a25e-dfe83fa36671.jpg\" data-dt-img-description=\"\" data-large_image_width=\"813\" data-large_image_height=\"540\"><img loading=\"lazy\" decoding=\"async\" class=\"attachment-medium size-medium\" src=\"https:\/\/www.radiopiu.net\/wordpress\/wp-content\/uploads\/2023\/02\/dee7dc2b-e175-4363-a25e-dfe83fa36671-300x199.jpg\" sizes=\"auto, (max-width: 300px) 100vw, 300px\" srcset=\"https:\/\/www.radiopiu.net\/wordpress\/wp-content\/uploads\/2023\/02\/dee7dc2b-e175-4363-a25e-dfe83fa36671-300x199.jpg 300w, https:\/\/www.radiopiu.net\/wordpress\/wp-content\/uploads\/2023\/02\/dee7dc2b-e175-4363-a25e-dfe83fa36671-768x510.jpg 768w, https:\/\/www.radiopiu.net\/wordpress\/wp-content\/uploads\/2023\/02\/dee7dc2b-e175-4363-a25e-dfe83fa36671.jpg 813w\" alt=\"\" width=\"300\" height=\"199\" \/><i><\/i><\/a><\/dt>\n<\/dl>\n<dl class=\"gallery-item\">\n<dt class=\"gallery-icon landscape\"><a class=\"rollover rollover-zoom dt-pswp-item pspw-wrap-ready this-ready\" title=\"ddc0aeda-a4e9-4a5b-b809-227e841efa46\" href=\"https:\/\/www.radiopiu.net\/wordpress\/wp-content\/uploads\/2023\/02\/ddc0aeda-a4e9-4a5b-b809-227e841efa46.jpg\" data-dt-img-description=\"\" data-large_image_width=\"300\" data-large_image_height=\"199\"><img loading=\"lazy\" decoding=\"async\" class=\"attachment-medium size-medium\" src=\"https:\/\/www.radiopiu.net\/wordpress\/wp-content\/uploads\/2023\/02\/ddc0aeda-a4e9-4a5b-b809-227e841efa46.jpg\" alt=\"\" width=\"300\" height=\"199\" \/><\/a><\/dt>\n<\/dl>\n<\/div>\n<p>&nbsp;<\/p>\n<p>&nbsp;<\/p>\n<hr \/>\n<p>&nbsp;<\/p>\n<blockquote>\n<h3>UFFICO PRO LOCO CHIUSO, MUSEO E CASA ALBINO LUCIANI APERTI SU PRENOTAZIONE<\/h3>\n<\/blockquote>\n<p><strong>CANALE D&#8217;AGORDO<\/strong> Durante il mese di marzo l&#8217;ufficio Pro Loco sar\u00e0 chiuso per ferie, mentre il <u>museo<\/u> e la <u>casa natale<\/u> del beato Albino Luciani, Papa Giovanni Paolo I saranno aperti solo su prenotazione per gruppi (20\/25 persone). Info: 0437 1948001, mail\u00a0<a tabindex=\"-1\" title=\"mailto:info@prolococanale.it\" href=\"mailto:info@prolococanale.it\" target=\"_blank\" rel=\"external noopener\"><span style=\"color: #000000;\">info@prolococanale.it<\/span><\/a><\/p>\n<p>&nbsp;<\/p>\n<p>&nbsp;<\/p>\n<hr \/>\n<p>&nbsp;<\/p>\n<blockquote>\n<h3>RIEVOCATI DA GIANNI DE VECCHI \u201cRITI E TRADIZIONI RELIGIOSE IN UNA ZONA DELLE PREALPI BELLUNESI\u201d<\/h3>\n<\/blockquote>\n<p><strong>di Renato Bona<\/strong><\/p>\n<p>Il maestro e storico Gianni De Vecchi \u00e8 l\u2019autore con Parisina Maria Canzan (Sedico 9 agosto 1911-19 febbraio 2017, pioniera della fotografia divenuta celebre nella provincia di Belluno per le sue immagini che testimoniavano la vita rurale dei paesi durante il XX secolo) del bellissimo libro \u201cLibano di Sedico\u201d contenente, fra l\u2019altro, \u201cNotizie e immagini dei Canzan, dinastia di fotografi di paese) edito a cura dell\u2019Istituto bellunese di ricerche sociali e culturali guidato dal prof. don Sergio Sacco, e stampato nel novembre 2000 dalla bellunese tipografia Piave, col contributo di Comune e Associazione Pro Loco di Sedico. In questa occasione ci soffermiamo sul capitolo intitolato: \u201cRiti e tradizioni religiose in una zona delle Prealpi Bellunesi\u201d nel quale De Vecchi esordisce ricordando che \u201c\u2026 Nella parte alta del comune di Sedico fino a qualche decennio fa vi si svolgevano riti ed erano in uso tradizioni di origine antichissima, forse addirittura precristiana, che erano motivo di festa e di aggregazione per le comunit\u00e0 di quei paesi\u201d e puntualizza: \u201cOggi sta avvenendo la sostituzione di tali riti e tradizioni con altri di importazione (anche d\u2019oltreoceano) basati esclusivamente sul consumismo e totalmente estranei alla nostra cultura\u201d. Ma\u2026 la devozione a San Giorgio (tanto caro alla gente di Barp, Bolago, Lib\u00e0no e Tisoi), alla Madonna del Sonno, e riprendere l\u2019antichissima tradizione della \u2018Festa dei campan\u00e8i\u2019, potranno essere ancora motivo di festa e di aggregazione, ma soprattutto consentiranno alla gente momenti di spiritualit\u00e0 e di conservare una propria identit\u00e0. Con la speranza &#8211; aggiunge l\u2019autore &#8211; che le splendide foto di Domenico e Maria Canzan non restino solo a ricordo di usi e tradizioni scomparsi per sempre. La devozione a San Giorgio. De Vecchi ricorda che \u201cappollaiata su una balza rocciosa a quasi 1300 metri di quota sopra il villaggio di Barp, sorge una chiesetta dedicata a San Giorgio, per secoli (e tuttora) molto cara agli abitanti della zona di Lib\u00e0no e Tisoi\u201d. Secondo la tradizione sarebbe opera di un frate eremita. Secondo altri sarebbe stata edificata dalla gente del posto. Esisteva gi\u00e0 nel 1392, essendo citata col vecchio nome di San Giorgio Dolada nel testamento di un certo Pasqualino di Bolzano Bellunese. Nel 1992 un furioso incendio devast\u00f2 i boschi circostanti senza danni per la chiesetta. Quella alla Madonna del Sonno a Lib\u00e0no si deve invece al contadino Ambrogio Rosso, persona assai stimata (fu anche amministratore comunale) che verso la fine del 1800, fece erigere un \u201ccapit\u00e8l\u201d in onore alla Madonna del Carmine di cui era devoto. Quando si sparse la voce che la Madonna guariva anche dall\u2019insonnia giunsero in pellegrinaggio persone da ogni paese e fu allora che la piet\u00e0 popolare le diede l\u2019appellativo di \u201cMadona de la Son\u201d. Valdenere; una chiesa scomparsa e una sorgente di acqua santa, Sotto questo titolo De Vecchi riferisce a proposito della chiesa col nome della localit\u00e0 in zona Lib\u00e0no-Bolago: \u201cSi dice che nel 1300 vi esistesse gi\u00e0 un qualche edificio sacro\u2026 \u00e8 possibile che il primo fosse sorto addirittura in epoca post-carolongia, ossia tra il 1000 e il 1100\u201d. Sempre secondo tradizione vi era sepolto il vescovo Felice II che nel 547 era a capo della diocesi di Belluno. Nel 1762 durante la ricostruzione del sacro edificio furono rinvenute ossa attribuite al presule, che vennero collocate ai piedi dell\u2019altare della Madonna. Nel tempo, la chiesa di Valdenere fu sconsacrata e venduta e da allora \u00e8 utilizzata per usi agricoli. Nei pressi c\u2019era una sorgente detta \u201cdell\u2019acqua santa\u201d e secondo la leggenda San Salvatore che conduceva vita eremitica a San Giorgio, andando a dissetarsi lasci\u00f2 l\u2019impronta di un piede su un sasso, purtroppo sparito in occasione di lavori. \u201cGridar la Sensa\u201d: \u00e8 il rito antico del quale non sono note le origini col quale si annunciava, gridando, l\u2019Ascensione di Ges\u00f9 Cristo. Concludiamo con un accenno anche a \u201cLa festa dei campan\u00e8i\u201d, antichissima, in occasione della quale, il 6 gennaio, i soli maschi suonavano i campanacci delle mucche al pascolo. Un rito propiziatorio per avere un buon raccolto.<\/p>\n\n\t\t\t<style type='text\/css'>\n\t\t\t\t#gallery-6 {\n\t\t\t\t\tmargin: auto;\n\t\t\t\t}\n\t\t\t\t#gallery-6 .gallery-item {\n\t\t\t\t\tfloat: left;\n\t\t\t\t\tmargin-top: 10px;\n\t\t\t\t\ttext-align: center;\n\t\t\t\t\twidth: 16%;\n\t\t\t\t}\n\t\t\t\t#gallery-6 img {\n\t\t\t\t\tborder: 2px solid #cfcfcf;\n\t\t\t\t}\n\t\t\t\t#gallery-6 .gallery-caption {\n\t\t\t\t\tmargin-left: 0;\n\t\t\t\t}\n\t\t\t\t\/* see gallery_shortcode() in wp-includes\/media.php *\/\n\t\t\t<\/style>\n\t\t<div id='gallery-6' class='dt-gallery-container gallery galleryid-323824 gallery-columns-6 gallery-size-thumbnail'><dl class='gallery-item'>\n\t\t\t\t<dt class='gallery-icon landscape'>\n\t\t\t\t\t<a class=\"rollover rollover-zoom dt-pswp-item\" title=\"333248754_589809059680217_2357850042293758373_n\" data-dt-img-description=\"\" data-large_image_width=\"415\" data-large_image_height=\"403\"href='https:\/\/www.radiopiu.net\/wordpress\/wp-content\/uploads\/2023\/02\/333248754_589809059680217_2357850042293758373_n.jpg'><img loading=\"lazy\" decoding=\"async\" width=\"150\" height=\"150\" src=\"https:\/\/www.radiopiu.net\/wordpress\/wp-content\/uploads\/2023\/02\/333248754_589809059680217_2357850042293758373_n-150x150.jpg\" class=\"attachment-thumbnail size-thumbnail\" alt=\"\" \/><\/a>\n\t\t\t\t<\/dt><\/dl><dl class='gallery-item'>\n\t\t\t\t<dt class='gallery-icon portrait'>\n\t\t\t\t\t<a class=\"rollover rollover-zoom dt-pswp-item\" title=\"332413991_117012097982701_1654152837104324273_n\" data-dt-img-description=\"\" data-large_image_width=\"310\" data-large_image_height=\"480\"href='https:\/\/www.radiopiu.net\/wordpress\/wp-content\/uploads\/2023\/02\/332413991_117012097982701_1654152837104324273_n.jpg'><img loading=\"lazy\" decoding=\"async\" width=\"150\" height=\"150\" src=\"https:\/\/www.radiopiu.net\/wordpress\/wp-content\/uploads\/2023\/02\/332413991_117012097982701_1654152837104324273_n-150x150.jpg\" class=\"attachment-thumbnail size-thumbnail\" alt=\"\" \/><\/a>\n\t\t\t\t<\/dt><\/dl><dl class='gallery-item'>\n\t\t\t\t<dt class='gallery-icon portrait'>\n\t\t\t\t\t<a class=\"rollover rollover-zoom dt-pswp-item\" title=\"332939892_1386497282100977_8456868882043122764_n\" data-dt-img-description=\"\" data-large_image_width=\"305\" data-large_image_height=\"414\"href='https:\/\/www.radiopiu.net\/wordpress\/wp-content\/uploads\/2023\/02\/332939892_1386497282100977_8456868882043122764_n.jpg'><img loading=\"lazy\" decoding=\"async\" width=\"150\" height=\"150\" src=\"https:\/\/www.radiopiu.net\/wordpress\/wp-content\/uploads\/2023\/02\/332939892_1386497282100977_8456868882043122764_n-150x150.jpg\" class=\"attachment-thumbnail size-thumbnail\" alt=\"\" \/><\/a>\n\t\t\t\t<\/dt><\/dl><dl class='gallery-item'>\n\t\t\t\t<dt class='gallery-icon portrait'>\n\t\t\t\t\t<a class=\"rollover rollover-zoom dt-pswp-item\" title=\"332105881_1556688411408278_8082789784126694320_n\" data-dt-img-description=\"\" data-large_image_width=\"343\" data-large_image_height=\"403\"href='https:\/\/www.radiopiu.net\/wordpress\/wp-content\/uploads\/2023\/02\/332105881_1556688411408278_8082789784126694320_n.jpg'><img loading=\"lazy\" decoding=\"async\" width=\"150\" height=\"150\" src=\"https:\/\/www.radiopiu.net\/wordpress\/wp-content\/uploads\/2023\/02\/332105881_1556688411408278_8082789784126694320_n-150x150.jpg\" class=\"attachment-thumbnail size-thumbnail\" alt=\"\" \/><\/a>\n\t\t\t\t<\/dt><\/dl><dl class='gallery-item'>\n\t\t\t\t<dt class='gallery-icon landscape'>\n\t\t\t\t\t<a class=\"rollover rollover-zoom dt-pswp-item\" title=\"332362527_1359250081580263_26093226056221784_n\" data-dt-img-description=\"\" data-large_image_width=\"580\" data-large_image_height=\"403\"href='https:\/\/www.radiopiu.net\/wordpress\/wp-content\/uploads\/2023\/02\/332362527_1359250081580263_26093226056221784_n.jpg'><img loading=\"lazy\" decoding=\"async\" width=\"150\" height=\"150\" src=\"https:\/\/www.radiopiu.net\/wordpress\/wp-content\/uploads\/2023\/02\/332362527_1359250081580263_26093226056221784_n-150x150.jpg\" class=\"attachment-thumbnail size-thumbnail\" alt=\"\" \/><\/a>\n\t\t\t\t<\/dt><\/dl><dl class='gallery-item'>\n\t\t\t\t<dt class='gallery-icon landscape'>\n\t\t\t\t\t<a class=\"rollover rollover-zoom dt-pswp-item\" title=\"331931459_1140693469953604_692827514045098473_n\" data-dt-img-description=\"\" data-large_image_width=\"654\" data-large_image_height=\"403\"href='https:\/\/www.radiopiu.net\/wordpress\/wp-content\/uploads\/2023\/02\/331931459_1140693469953604_692827514045098473_n.jpg'><img loading=\"lazy\" decoding=\"async\" width=\"150\" height=\"150\" src=\"https:\/\/www.radiopiu.net\/wordpress\/wp-content\/uploads\/2023\/02\/331931459_1140693469953604_692827514045098473_n-150x150.jpg\" class=\"attachment-thumbnail size-thumbnail\" alt=\"\" \/><\/a>\n\t\t\t\t<\/dt><\/dl><br style=\"clear: both\" \/><dl class='gallery-item'>\n\t\t\t\t<dt class='gallery-icon landscape'>\n\t\t\t\t\t<a class=\"rollover rollover-zoom dt-pswp-item\" title=\"332156286_541206254745297_3576117941534889855_n\" data-dt-img-description=\"\" data-large_image_width=\"668\" data-large_image_height=\"403\"href='https:\/\/www.radiopiu.net\/wordpress\/wp-content\/uploads\/2023\/02\/332156286_541206254745297_3576117941534889855_n.jpg'><img loading=\"lazy\" decoding=\"async\" width=\"150\" height=\"150\" src=\"https:\/\/www.radiopiu.net\/wordpress\/wp-content\/uploads\/2023\/02\/332156286_541206254745297_3576117941534889855_n-150x150.jpg\" class=\"attachment-thumbnail size-thumbnail\" alt=\"\" \/><\/a>\n\t\t\t\t<\/dt><\/dl><dl class='gallery-item'>\n\t\t\t\t<dt class='gallery-icon landscape'>\n\t\t\t\t\t<a class=\"rollover rollover-zoom dt-pswp-item\" title=\"332636111_3401554823495186_4802966839771021105_n\" data-dt-img-description=\"\" data-large_image_width=\"598\" data-large_image_height=\"403\"href='https:\/\/www.radiopiu.net\/wordpress\/wp-content\/uploads\/2023\/02\/332636111_3401554823495186_4802966839771021105_n.jpg'><img loading=\"lazy\" decoding=\"async\" width=\"150\" height=\"150\" src=\"https:\/\/www.radiopiu.net\/wordpress\/wp-content\/uploads\/2023\/02\/332636111_3401554823495186_4802966839771021105_n-150x150.jpg\" class=\"attachment-thumbnail size-thumbnail\" alt=\"\" \/><\/a>\n\t\t\t\t<\/dt><\/dl><dl class='gallery-item'>\n\t\t\t\t<dt class='gallery-icon portrait'>\n\t\t\t\t\t<a class=\"rollover rollover-zoom dt-pswp-item\" title=\"332454806_3484838335069119_1746405995569772367_n\" data-dt-img-description=\"\" data-large_image_width=\"320\" data-large_image_height=\"464\"href='https:\/\/www.radiopiu.net\/wordpress\/wp-content\/uploads\/2023\/02\/332454806_3484838335069119_1746405995569772367_n.jpg'><img loading=\"lazy\" decoding=\"async\" width=\"150\" height=\"150\" src=\"https:\/\/www.radiopiu.net\/wordpress\/wp-content\/uploads\/2023\/02\/332454806_3484838335069119_1746405995569772367_n-150x150.jpg\" class=\"attachment-thumbnail size-thumbnail\" alt=\"\" \/><\/a>\n\t\t\t\t<\/dt><\/dl><dl class='gallery-item'>\n\t\t\t\t<dt class='gallery-icon portrait'>\n\t\t\t\t\t<a class=\"rollover rollover-zoom dt-pswp-item\" title=\"331683336_5943340225754931_2245127459796975753_n\" data-dt-img-description=\"\" data-large_image_width=\"320\" data-large_image_height=\"515\"href='https:\/\/www.radiopiu.net\/wordpress\/wp-content\/uploads\/2023\/02\/331683336_5943340225754931_2245127459796975753_n.jpg'><img loading=\"lazy\" decoding=\"async\" width=\"150\" height=\"150\" src=\"https:\/\/www.radiopiu.net\/wordpress\/wp-content\/uploads\/2023\/02\/331683336_5943340225754931_2245127459796975753_n-150x150.jpg\" class=\"attachment-thumbnail size-thumbnail\" alt=\"\" \/><\/a>\n\t\t\t\t<\/dt><\/dl><dl class='gallery-item'>\n\t\t\t\t<dt class='gallery-icon landscape'>\n\t\t\t\t\t<a class=\"rollover rollover-zoom dt-pswp-item\" title=\"332774108_895613704896151_8511113457297197185_n\" data-dt-img-description=\"\" data-large_image_width=\"541\" data-large_image_height=\"403\"href='https:\/\/www.radiopiu.net\/wordpress\/wp-content\/uploads\/2023\/02\/332774108_895613704896151_8511113457297197185_n.jpg'><img loading=\"lazy\" decoding=\"async\" width=\"150\" height=\"150\" src=\"https:\/\/www.radiopiu.net\/wordpress\/wp-content\/uploads\/2023\/02\/332774108_895613704896151_8511113457297197185_n-150x150.jpg\" class=\"attachment-thumbnail size-thumbnail\" alt=\"\" \/><\/a>\n\t\t\t\t<\/dt><\/dl><dl class='gallery-item'>\n\t\t\t\t<dt class='gallery-icon landscape'>\n\t\t\t\t\t<a class=\"rollover rollover-zoom dt-pswp-item\" title=\"331750565_896970378295736_2546381286068967277_n\" data-dt-img-description=\"\" data-large_image_width=\"591\" data-large_image_height=\"403\"href='https:\/\/www.radiopiu.net\/wordpress\/wp-content\/uploads\/2023\/02\/331750565_896970378295736_2546381286068967277_n.jpg'><img loading=\"lazy\" decoding=\"async\" width=\"150\" height=\"150\" src=\"https:\/\/www.radiopiu.net\/wordpress\/wp-content\/uploads\/2023\/02\/331750565_896970378295736_2546381286068967277_n-150x150.jpg\" class=\"attachment-thumbnail size-thumbnail\" alt=\"\" \/><\/a>\n\t\t\t\t<\/dt><\/dl><br style=\"clear: both\" \/><dl class='gallery-item'>\n\t\t\t\t<dt class='gallery-icon landscape'>\n\t\t\t\t\t<a class=\"rollover rollover-zoom dt-pswp-item\" title=\"332400266_505164414918184_8525641406891820595_n\" data-dt-img-description=\"\" data-large_image_width=\"521\" data-large_image_height=\"403\"href='https:\/\/www.radiopiu.net\/wordpress\/wp-content\/uploads\/2023\/02\/332400266_505164414918184_8525641406891820595_n.jpg'><img loading=\"lazy\" decoding=\"async\" width=\"150\" height=\"150\" src=\"https:\/\/www.radiopiu.net\/wordpress\/wp-content\/uploads\/2023\/02\/332400266_505164414918184_8525641406891820595_n-150x150.jpg\" class=\"attachment-thumbnail size-thumbnail\" alt=\"\" \/><\/a>\n\t\t\t\t<\/dt><\/dl><dl class='gallery-item'>\n\t\t\t\t<dt class='gallery-icon landscape'>\n\t\t\t\t\t<a class=\"rollover rollover-zoom dt-pswp-item\" title=\"332332791_1033689128019973_4210677309894208750_n\" data-dt-img-description=\"\" data-large_image_width=\"487\" data-large_image_height=\"403\"href='https:\/\/www.radiopiu.net\/wordpress\/wp-content\/uploads\/2023\/02\/332332791_1033689128019973_4210677309894208750_n.jpg'><img loading=\"lazy\" decoding=\"async\" width=\"150\" height=\"150\" src=\"https:\/\/www.radiopiu.net\/wordpress\/wp-content\/uploads\/2023\/02\/332332791_1033689128019973_4210677309894208750_n-150x150.jpg\" class=\"attachment-thumbnail size-thumbnail\" alt=\"\" \/><\/a>\n\t\t\t\t<\/dt><\/dl><dl class='gallery-item'>\n\t\t\t\t<dt class='gallery-icon landscape'>\n\t\t\t\t\t<a class=\"rollover rollover-zoom dt-pswp-item\" title=\"331748791_109709661997223_846807667186352451_n\" data-dt-img-description=\"\" data-large_image_width=\"618\" data-large_image_height=\"403\"href='https:\/\/www.radiopiu.net\/wordpress\/wp-content\/uploads\/2023\/02\/331748791_109709661997223_846807667186352451_n.jpg'><img loading=\"lazy\" decoding=\"async\" width=\"150\" height=\"150\" src=\"https:\/\/www.radiopiu.net\/wordpress\/wp-content\/uploads\/2023\/02\/331748791_109709661997223_846807667186352451_n-150x150.jpg\" class=\"attachment-thumbnail size-thumbnail\" alt=\"\" \/><\/a>\n\t\t\t\t<\/dt><\/dl><dl class='gallery-item'>\n\t\t\t\t<dt class='gallery-icon portrait'>\n\t\t\t\t\t<a class=\"rollover rollover-zoom dt-pswp-item\" title=\"333036296_1588199264988332_8670541951085983846_n\" data-dt-img-description=\"\" data-large_image_width=\"310\" data-large_image_height=\"403\"href='https:\/\/www.radiopiu.net\/wordpress\/wp-content\/uploads\/2023\/02\/333036296_1588199264988332_8670541951085983846_n.jpg'><img loading=\"lazy\" decoding=\"async\" width=\"150\" height=\"150\" src=\"https:\/\/www.radiopiu.net\/wordpress\/wp-content\/uploads\/2023\/02\/333036296_1588199264988332_8670541951085983846_n-150x150.jpg\" class=\"attachment-thumbnail size-thumbnail\" alt=\"\" \/><\/a>\n\t\t\t\t<\/dt><\/dl><dl class='gallery-item'>\n\t\t\t\t<dt class='gallery-icon portrait'>\n\t\t\t\t\t<a class=\"rollover rollover-zoom dt-pswp-item\" title=\"332904529_716702013498530_1657607077242842576_n\" data-dt-img-description=\"\" data-large_image_width=\"315\" data-large_image_height=\"480\"href='https:\/\/www.radiopiu.net\/wordpress\/wp-content\/uploads\/2023\/02\/332904529_716702013498530_1657607077242842576_n.jpg'><img loading=\"lazy\" decoding=\"async\" width=\"150\" height=\"150\" src=\"https:\/\/www.radiopiu.net\/wordpress\/wp-content\/uploads\/2023\/02\/332904529_716702013498530_1657607077242842576_n-150x150.jpg\" class=\"attachment-thumbnail size-thumbnail\" alt=\"\" \/><\/a>\n\t\t\t\t<\/dt><\/dl>\n\t\t\t\t<br style='clear: both' \/>\n\t\t\t<\/div>\n\n<p>&nbsp;<\/p>\n<p>NELLE FOTO (riproduzioni dal libro \u201cLibano di Sedico\u201d): la copertina del volume; gente di Lib\u00e0no, Bolago, Barp e Casoni mentre sale a San Giorgio (D.C. 1923); frati di Vedana davanti alla chiesa di Lib\u00e0no (M. C. 1973); cantori e fabbriceri di Lib\u00e0no con don Giacomo Viezzer davanti alla chiesetta di San Giorgio (D. C. 1930); ancora i cantori, vestiti a festa, in seconda fila, a met\u00e0, il parroco don Giuseppe Moreschi e, in piedi a sinistra, il maestro Tita Majer (D. C. 1909 circa); Ponte Mas: processione in onore di Santa Bartbara (D.C. 1932); le distributrici di \u201cFamiglia cristiana\u201d davanti Al capitello, poi demolito, che a Bolago era intitolato all\u2019Immacolata (M.C. 1955); l\u2019anziana Arcangela Rosso rincasa col \u201cfaldin\u201d e col \u201cnenzi\u00f3l\u201d pieno d\u2019erba\u201d; il \u201ccolore\u201d di madre con figlioletta (D.C. 1932); i gemelli Rosso con la mamma (D.C. 1929); chiesa di Valdenere, in primo piano la famiglia di Giulio Casanova (D.C. 1930 circa); ragazze che hanno partecipato al rito del \u201cgridar la Sensa\u201d a Bolago (D.C. 1926); i fratelli Zanette da Lib\u00e0no (D.C. 1932); Barp: foto ricordo davanti alla casa dei fratelli Nardin per i ragazzi che hanno suonato per l\u2019ultima volta i \u201ccampan\u00e8i il 6 gennaio 1976 (M.C.); consacrazione di don Giuseppe Fant nella chiesa di Lib\u00e0no (M.C. 1962); interno della chiesa di Sant\u2019Andrea a Barp, poi demolita (M.C. anni \u201850); quadretto della famiglia di Giulio Casanova (M.C. anni \u201850).<\/p>\n<p>&nbsp;<\/p>\n<p>&nbsp;<\/p>\n<hr \/>\n<p>&nbsp;<\/p>\n<h2><strong><a class=\"dt-pswp-item\" href=\"https:\/\/www.radiopiu.net\/wordpress\/wp-content\/uploads\/2020\/12\/DON-GIORGIO-LISE.jpg\" data-dt-img-description=\"\" data-large_image_width=\"1600\" data-large_image_height=\"901\"><img loading=\"lazy\" decoding=\"async\" class=\" wp-image-177420 alignleft\" src=\"https:\/\/www.radiopiu.net\/wordpress\/wp-content\/uploads\/2020\/12\/DON-GIORGIO-LISE-300x169.jpg\" alt=\"\" width=\"197\" height=\"111\" srcset=\"https:\/\/www.radiopiu.net\/wordpress\/wp-content\/uploads\/2020\/12\/DON-GIORGIO-LISE-300x169.jpg 300w, https:\/\/www.radiopiu.net\/wordpress\/wp-content\/uploads\/2020\/12\/DON-GIORGIO-LISE-1024x577.jpg 1024w, https:\/\/www.radiopiu.net\/wordpress\/wp-content\/uploads\/2020\/12\/DON-GIORGIO-LISE-768x432.jpg 768w, https:\/\/www.radiopiu.net\/wordpress\/wp-content\/uploads\/2020\/12\/DON-GIORGIO-LISE-1536x865.jpg 1536w, https:\/\/www.radiopiu.net\/wordpress\/wp-content\/uploads\/2020\/12\/DON-GIORGIO-LISE.jpg 1600w\" sizes=\"auto, (max-width: 197px) 100vw, 197px\" \/><\/a><\/strong><span style=\"color: #99cc00;\">DUE MINUTI PER TE<\/span><\/h2>\n<p><strong>APPUNTAMENTO DELLA DOMENICA CON IL PENSIERO DI MONSIGNOR GIORGIO LISE<\/strong><\/p>\n<audio class=\"wp-audio-shortcode\" id=\"audio-323824-3\" preload=\"none\" style=\"width: 100%;\" controls=\"controls\"><source type=\"audio\/mpeg\" src=\"https:\/\/www.radiopiu.net\/wordpress\/wp-content\/uploads\/2023\/02\/DON-GIORGIO-3.mp3?_=3\" \/><a href=\"https:\/\/www.radiopiu.net\/wordpress\/wp-content\/uploads\/2023\/02\/DON-GIORGIO-3.mp3\">https:\/\/www.radiopiu.net\/wordpress\/wp-content\/uploads\/2023\/02\/DON-GIORGIO-3.mp3<\/a><\/audio>\n<p>&nbsp;<\/p>\n<hr \/>\n<p>&nbsp;<\/p>\n<div>\n<div class=\"b654a4as d2edcug0\">\n<div class=\"rq0escxv hkbzh7o3 jwdofwj8 n8tt0mok r8blr3vg hyh9befq\">\n<p><a class=\"dt-pswp-item\" href=\"https:\/\/www.radiopiu.net\/wordpress\/wp-content\/uploads\/2020\/10\/pp.jpg\" data-dt-img-description=\"\" data-large_image_width=\"640\" data-large_image_height=\"640\"><img loading=\"lazy\" decoding=\"async\" class=\"wp-image-163678 alignleft\" src=\"https:\/\/www.radiopiu.net\/wordpress\/wp-content\/uploads\/2020\/10\/pp-300x300.jpg\" alt=\"\" width=\"106\" height=\"106\" srcset=\"https:\/\/www.radiopiu.net\/wordpress\/wp-content\/uploads\/2020\/10\/pp-300x300.jpg 300w, https:\/\/www.radiopiu.net\/wordpress\/wp-content\/uploads\/2020\/10\/pp-150x150.jpg 150w, https:\/\/www.radiopiu.net\/wordpress\/wp-content\/uploads\/2020\/10\/pp-125x125.jpg 125w, https:\/\/www.radiopiu.net\/wordpress\/wp-content\/uploads\/2020\/10\/pp-200x200.jpg 200w, https:\/\/www.radiopiu.net\/wordpress\/wp-content\/uploads\/2020\/10\/pp-80x80.jpg 80w, https:\/\/www.radiopiu.net\/wordpress\/wp-content\/uploads\/2020\/10\/pp-480x480.jpg 480w, https:\/\/www.radiopiu.net\/wordpress\/wp-content\/uploads\/2020\/10\/pp.jpg 640w\" sizes=\"auto, (max-width: 106px) 100vw, 106px\" \/><\/a><\/p>\n<\/div>\n<\/div>\n<\/div>\n<div>\n<div class=\"page-title-head hgroup\">\n<div class=\"page-title-head hgroup\">\n<div class=\"b654a4as d2edcug0\">\n<div class=\"j83agx80 btwxx1t3 lhclo0ds hop8lmos nkwizq5d scwd0bx6 roh60bw9\">\n<div class=\"rq0escxv hkbzh7o3 jwdofwj8 n8tt0mok r8blr3vg hyh9befq\">\n<div class=\"do00u71z l9j0dhe7 k4urcfbm\" style=\"text-align: left;\">\n<h2><span style=\"color: #000080;\">DON CESARE, IL PENSIERO DEL GIORNO. ALLA RADIO ALLE 7 DEL MATTINO E ALLE 19.30 DELLA SERA\u00a0<\/span><\/h2>\n<\/div>\n<\/div>\n<\/div>\n<\/div>\n<\/div>\n<\/div>\n<\/div>\n<audio class=\"wp-audio-shortcode\" id=\"audio-323824-4\" preload=\"none\" style=\"width: 100%;\" controls=\"controls\"><source type=\"audio\/mpeg\" src=\"https:\/\/www.radiopiu.net\/wordpress\/wp-content\/uploads\/2023\/02\/CESARE-24.mp3?_=4\" \/><a href=\"https:\/\/www.radiopiu.net\/wordpress\/wp-content\/uploads\/2023\/02\/CESARE-24.mp3\">https:\/\/www.radiopiu.net\/wordpress\/wp-content\/uploads\/2023\/02\/CESARE-24.mp3<\/a><\/audio>\n<p>&nbsp;<\/p>\n<hr \/>\n<p>&nbsp;<\/p>\n<h2><span style=\"color: #ff00ff;\">IN VIVO VERSO\u00a0 \u00a0\u00a0<\/span><\/h2>\n<div dir=\"auto\">\n<div dir=\"auto\">\n<div dir=\"auto\">\n<p><strong>LA RACCOLTA COMPLETA<\/strong><\/p>\n<blockquote class=\"wp-embedded-content\" data-secret=\"QwobOnlTvf\"><p><a href=\"https:\/\/www.radiopiu.net\/wordpress\/in-vivo-verso\/\">In Vivo Verso<\/a><\/p><\/blockquote>\n<p><iframe loading=\"lazy\" class=\"wp-embedded-content\" sandbox=\"allow-scripts\" security=\"restricted\" style=\"position: absolute; clip: rect(1px, 1px, 1px, 1px);\" title=\"&#8220;In Vivo Verso&#8221; &#8212; Radio Pi\u00f9\" src=\"https:\/\/www.radiopiu.net\/wordpress\/in-vivo-verso\/embed\/#?secret=1QNuA80Bqi#?secret=QwobOnlTvf\" data-secret=\"QwobOnlTvf\" width=\"600\" height=\"338\" frameborder=\"0\" marginwidth=\"0\" marginheight=\"0\" scrolling=\"no\"><\/iframe><\/p>\n<hr \/>\n<\/div>\n<\/div>\n<\/div>\n<p>&nbsp;<\/p>\n<h2><span style=\"color: #008080;\">GOCCE DI FILOSOFIA<\/span><\/h2>\n<p>LA RACCOLTA COMPLETA<\/p>\n<blockquote class=\"wp-embedded-content\" data-secret=\"WX2GCPeAyP\"><p><a href=\"https:\/\/www.radiopiu.net\/wordpress\/gocce-filosofia\/\">Gocce di filosofia,  LA TERZA STAGIONE&#8230; 2023<\/a><\/p><\/blockquote>\n<p><iframe loading=\"lazy\" class=\"wp-embedded-content\" sandbox=\"allow-scripts\" security=\"restricted\" style=\"position: absolute; clip: rect(1px, 1px, 1px, 1px);\" title=\"&#8220;Gocce di filosofia,  LA TERZA STAGIONE&#8230; 2023&#8221; &#8212; Radio Pi\u00f9\" src=\"https:\/\/www.radiopiu.net\/wordpress\/gocce-filosofia\/embed\/#?secret=gximMh0bi5#?secret=WX2GCPeAyP\" data-secret=\"WX2GCPeAyP\" width=\"600\" height=\"338\" frameborder=\"0\" marginwidth=\"0\" marginheight=\"0\" scrolling=\"no\"><\/iframe><\/p>\n<p>&nbsp;<\/p>\n<hr \/>\n<p>&nbsp;<\/p>\n<div class=\"column\">\n<p><img loading=\"lazy\" decoding=\"async\" class=\"aligncenter wp-image-61954 size-full\" src=\"https:\/\/www.radiopiu.net\/wordpress\/wp-content\/uploads\/2018\/09\/viabilita.jpeg\" sizes=\"auto, (max-width: 800px) 100vw, 800px\" srcset=\"https:\/\/www.radiopiu.net\/wordpress\/wp-content\/uploads\/2018\/09\/viabilita.jpeg 800w, https:\/\/www.radiopiu.net\/wordpress\/wp-content\/uploads\/2018\/09\/viabilita-300x38.jpeg 300w, https:\/\/www.radiopiu.net\/wordpress\/wp-content\/uploads\/2018\/09\/viabilita-768x96.jpeg 768w\" alt=\"\" width=\"800\" height=\"100\" \/><\/p>\n<p>&nbsp;<\/p>\n<blockquote class=\"wp-embedded-content\" data-secret=\"BIYVx82At2\"><p><a href=\"https:\/\/www.radiopiu.net\/wordpress\/viabilita\/\">viabilita<\/a><\/p><\/blockquote>\n<p><iframe loading=\"lazy\" class=\"wp-embedded-content\" sandbox=\"allow-scripts\" security=\"restricted\" style=\"position: absolute; clip: rect(1px, 1px, 1px, 1px);\" title=\"&#8220;viabilita&#8221; &#8212; Radio Pi\u00f9\" src=\"https:\/\/www.radiopiu.net\/wordpress\/viabilita\/embed\/#?secret=Rpa2989E85#?secret=BIYVx82At2\" data-secret=\"BIYVx82At2\" width=\"600\" height=\"338\" frameborder=\"0\" marginwidth=\"0\" marginheight=\"0\" scrolling=\"no\"><\/iframe><\/p>\n<div>\n<div dir=\"ltr\">\n<div class=\"gmail_quote\">\n<div dir=\"ltr\">\n<div class=\"gmail_quote\"><\/div>\n<\/div>\n<\/div>\n<\/div>\n<\/div>\n<p>&nbsp;<\/p>\n<hr \/>\n<p>&nbsp;<\/p>\n<p><a class=\"dt-pswp-item\" href=\"https:\/\/www.radiopiu.net\/wordpress\/wp-content\/uploads\/2018\/09\/WhatsApp-Image-2018-09-20-at-16.04.06.jpeg\" data-dt-img-description=\"\" data-large_image_width=\"800\" data-large_image_height=\"100\"><img loading=\"lazy\" decoding=\"async\" class=\"wp-image-61378 size-full aligncenter\" src=\"https:\/\/www.radiopiu.net\/wordpress\/wp-content\/uploads\/2018\/09\/WhatsApp-Image-2018-09-20-at-16.04.06.jpeg\" alt=\"\" width=\"800\" height=\"100\" srcset=\"https:\/\/www.radiopiu.net\/wordpress\/wp-content\/uploads\/2018\/09\/WhatsApp-Image-2018-09-20-at-16.04.06.jpeg 800w, https:\/\/www.radiopiu.net\/wordpress\/wp-content\/uploads\/2018\/09\/WhatsApp-Image-2018-09-20-at-16.04.06-300x38.jpeg 300w, https:\/\/www.radiopiu.net\/wordpress\/wp-content\/uploads\/2018\/09\/WhatsApp-Image-2018-09-20-at-16.04.06-768x96.jpeg 768w\" sizes=\"auto, (max-width: 800px) 100vw, 800px\" \/><\/a><\/p>\n<p>&nbsp;<\/p>\n<\/div>\n<p><center><b>OGGI<\/b><\/center><b>Tempo atteso: <\/b>Cielo molto nuvoloso per bora scura tra la notte e il mattino, quando debolissimi fenomeni non saranno da escludere. Nel corso del pomeriggio qualche schiarita a partire dalle Dolomiti, in parziale estensione alle Prealpi in serata. Il freddo si accentuer\u00e0 alle basse quote, mentre tender\u00e0 a attenuarsi oltre i 2000 m.<br \/>\n<b>Precipitazioni: <\/b>Assenti nei fondovalle prealpini (0%), mentre tra la notte e al mattino un po&#8217; di nevischio sulle cime e fiocchi di neve potranno scendere in alcune valli dolomitiche e sugli altopiani prealpini (20-40%) senza accumulo. Al pomeriggio perlopi\u00f9 assenti (10%).<br \/>\n<b>Temperature: <\/b>In ulteriore lieve calo, eccetto leggera ripresa delle minime sulle cime dolomitiche pi\u00f9 alte.<\/p>\n<hr \/>\n<p><center><b>DOMANI<\/b><\/center><b>Tempo atteso: <\/b>Tempo ben soleggiato con cielo sereno, aria tersa e ottima visibilit\u00e0 sulle Dolomiti al mattino, mentre un po&#8217; di nuvolosit\u00e0 medio-alta interesser\u00e0 parzialmente le Prealpi. Al pomeriggio crescente nuvolosit\u00e0 a partire da sud fino a cielo nuvoloso ovunque da met\u00e0 pomeriggio in poi, anche molto nuvoloso alla sera. Eccetto le forti gelate notturne, il freddo si attenuer\u00e0 sensibilmente.<br \/>\n<b>Precipitazioni: <\/b>Assenti (0%).<br \/>\n<b>Temperature: <\/b>In generale leggero rialzo, eccetto calo delle minime nelle valli, dove le gelate saranno ancora assai intense nei settori interessati dall&#8217;irraggiamento notturno.<\/p>\n<hr \/>\n<p><center><b>MERCOLEDI<\/b><\/center>Al mattino sole sulle Dolomiti, nuvolosit\u00e0 medio-alta e residui tratti di sole sulle Prealpi. Al pomeriggio crescente copertura nuvolosa ovunque e tra il tardo pomeriggio\/sera peggioramento del tempo con deboli precipitazioni, nevose oltre i 1000-1200 m. Temperature in generale leggero rialzo, pur conservando un po&#8217; di freddo di notte nelle valli interessate dall&#8217;irraggiamento notturno.<\/p>\n<hr \/>\n<p><center><b>GIOVEDI<\/b><\/center>Nottetempo coperto con residue debolissime precipitazioni sparse, nevose oltre i 900\/1100 m. Per gran parte della giornata ancora molto nuvoloso per nubi medie e basse stratiformi. Alla sera riduzione della nuvolosit\u00e0 e prime schiarite. Temperature minime in aumento e massime in diminuzione.<\/p>\n<p>&nbsp;<\/p>\n<p>&nbsp;<\/p>\n<hr \/>\n<p>&nbsp;<\/p>\n<p><a class=\"dt-pswp-item\" href=\"https:\/\/www.radiopiu.net\/wordpress\/wp-content\/uploads\/2018\/09\/sport.jpg\" data-dt-img-description=\"\" data-large_image_width=\"800\" data-large_image_height=\"100\"><img loading=\"lazy\" decoding=\"async\" class=\"aligncenter wp-image-60761 size-full\" src=\"https:\/\/www.radiopiu.net\/wordpress\/wp-content\/uploads\/2018\/09\/sport.jpg\" alt=\"\" width=\"800\" height=\"100\" srcset=\"https:\/\/www.radiopiu.net\/wordpress\/wp-content\/uploads\/2018\/09\/sport.jpg 800w, https:\/\/www.radiopiu.net\/wordpress\/wp-content\/uploads\/2018\/09\/sport-300x38.jpg 300w, https:\/\/www.radiopiu.net\/wordpress\/wp-content\/uploads\/2018\/09\/sport-768x96.jpg 768w\" sizes=\"auto, (max-width: 800px) 100vw, 800px\" \/><\/a><\/p>\n<p>&nbsp;<\/p>\n<p><span style=\"color: #0000ff;\"><strong>\u00a0CORSA NAZIONALE<\/strong><\/span><\/p>\n<blockquote>\n<h1>MANUELA BULF, CAMPIONESSA ITALIANA<\/h1>\n<\/blockquote>\n<blockquote><p><em><a class=\"dt-pswp-item\" href=\"https:\/\/www.radiopiu.net\/wordpress\/wp-content\/uploads\/2020\/02\/Mel_Manuela-Bulf_b.jpg\" data-dt-img-description=\"\" data-large_image_width=\"768\" data-large_image_height=\"1024\"><img loading=\"lazy\" decoding=\"async\" class=\" wp-image-117880 alignleft\" src=\"https:\/\/www.radiopiu.net\/wordpress\/wp-content\/uploads\/2020\/02\/Mel_Manuela-Bulf_b-225x300.jpg\" alt=\"\" width=\"77\" height=\"103\" srcset=\"https:\/\/www.radiopiu.net\/wordpress\/wp-content\/uploads\/2020\/02\/Mel_Manuela-Bulf_b-225x300.jpg 225w, https:\/\/www.radiopiu.net\/wordpress\/wp-content\/uploads\/2020\/02\/Mel_Manuela-Bulf_b.jpg 768w\" sizes=\"auto, (max-width: 77px) 100vw, 77px\" \/><\/a>Un grande miglioramento, terza lo scorso anno ad Aviano, prima ieri a Chieti<\/em><\/p><\/blockquote>\n<p><strong>TAIBON<\/strong> Grande Manuela! La super mamma di via Nogarola a Taibon che di giorno cura i fiori della serra e trova il tempo per allenarsi, nel fine settimana riesce sempre a sorprendere. Anche ieri, quando si \u00e8 messa al collo la medaglia d&#8217;oro: meritata. Manuela \u00e8 la nuova campionessa italiana del cross. Ieri le gara a Chieti dove hanno partecipato 700 atleti, Manuela Bulf l&#8217;unica portacolori della provincia che ha messo in riga le altre 60 della categoria. Prossimo appuntamento il 10 marzo ai campionati di cross assoluti a Gubbio.<\/p>\n<p>&nbsp;<\/p>\n<hr \/>\n<p><span style=\"color: #0000ff;\"><strong>\u00a0<\/strong><\/span><\/p>\n<p><span style=\"color: #0000ff;\"><strong>CALCIO<\/strong><\/span><\/p>\n<blockquote>\n<h3>L&#8217;AGORDINA PERDE CON IL LENTIAI MA DOPO UNA BELLA PRESTAZIONE<\/h3>\n<\/blockquote>\n<p><strong><a class=\"dt-pswp-item\" href=\"https:\/\/www.radiopiu.net\/wordpress\/wp-content\/uploads\/2019\/06\/CALCIO-2019.jpg\" data-dt-img-description=\"\" data-large_image_width=\"624\" data-large_image_height=\"351\"><img loading=\"lazy\" decoding=\"async\" class=\" wp-image-88853 alignleft\" src=\"https:\/\/www.radiopiu.net\/wordpress\/wp-content\/uploads\/2019\/06\/CALCIO-2019-300x169.jpg\" alt=\"\" width=\"188\" height=\"106\" srcset=\"https:\/\/www.radiopiu.net\/wordpress\/wp-content\/uploads\/2019\/06\/CALCIO-2019-300x169.jpg 300w, https:\/\/www.radiopiu.net\/wordpress\/wp-content\/uploads\/2019\/06\/CALCIO-2019.jpg 624w\" sizes=\"auto, (max-width: 188px) 100vw, 188px\" \/><\/a>di Marco Gaz<\/strong><\/p>\n<p><strong>SECONDA CATEGORIA GIR. T \/ LENTIAI \u2013 AGORDINA 5-3 (GOL AGORDINA: 2 Zanoni, Cancel)<\/strong><\/p>\n<p>Anima e cuore non bastano all\u2019Agordina per incamerare punti contro un Lentiai primo in classifica. La capolista del campionato di Seconda Catoegoria girone T del Veneto alza la voce rifilando cinque gol agli uomini di Lorenzi. Squadra di Agordo che esce sconfitta a testa alta, avendo combattuto, specialmente nella ripresa, alla ricerca di capovolgere il risultato non riuscendoci. Domenica prossima altra prova di forza per l\u2019Agordina che ospiter\u00e0 il Sarmede, terzo in classifica. Fin dai primi minuti il Lentiai tiene in mano la partita rendendosi pericoloso dalle parti del portiere agordino. I ragazzi di Lorenzi sono costretti a difendersi e provare a colpire in contropiede. Continua ad attaccare la squadra di casa che sblocca la partita al 20\u2019 quando Pauletti si trova a tu per tu con il portiere e non sbaglia. Il raddoppio poco dopo con un gol fotocopia a quello realizzato poco prima ma questa volta a firma di Fossen. Prova a reagire la squadra di Agordo avvicinandosi al gol ma sulla ripartenza il Lentiai mette a segno la terza rete della giornata. Prima della pausa l\u2019Agordina accorcia le distanze su calcio di rigore trasformato da Zanoni. Nella ripresa la squadra di Lorenzi entra in campo pi\u00f9 decisa e riesce a mettere in difficolt\u00e0 i primi della classe tanto che arriva il secondo gol agordino. A mettere la firma sulla seconda rete della squadra di Agordo \u00e8 ancora una volta Zannoni. Gli agordini sperano in un pareggio ma alla prima disattenzione viene di nuovo punita da Fossen che mette la firma sul poker del Lentiai. Cancel accorcia ancora una volta le distanze ma la squadra di Borgo Valbelluna risponde con Nart su punizione.<\/p>\n<p>&nbsp;<\/p>\n<p><strong>GIOVANISSIMI PROVINCIALI \/ AGORDINA RIPOSO INVERNALE<\/strong><\/p>\n<p>&nbsp;<\/p>\n<p><strong>ALLIEVI REGIONALI \/ AGORDINA \u2013 UNION QDP 3-2<\/strong><\/p>\n<p>Prima vittoria stagionale per gli Allievi Regionali di Orzetti che fanno il colpaccio all\u2019Ivano Dorigo di Agordo contro l\u2019Union QDP. Gli agordini vincono contro la settima forza del campionato dopo una partita giocata alla pari. Una vittoria di misura per i ragazzi di Agordo ma ci sono volute 5 marcature per decretare la vincente. Per l\u2019Agordina a segno Soccol, Farenzena e Roni. Quattro punti in classifica per la compagine di Orzetti che pu\u00f2 tornare a sperare. Qualche passo falso e l\u2019Agordina resterebbe in zona retrocessione.<\/p>\n<p>&nbsp;<\/p>\n<p><strong>JUNIORES PROVINCIALI \/ AGORDINA RIPOSO INVERNALE<\/strong><\/p>\n<p>&nbsp;<\/p>\n<p><strong>JUNIORES REGIONALI \/ FIORI BARP \u2013 CONEGLIANO 1-6 <\/strong><\/p>\n<p>Punteggio tennistico nella sfida di sabato pomeriggio valida per il campionato Juniores Regionale. Il Conegliano fa un sol boccone del Fiori Barp rifilando sei marcature ai sedicensi che si devono accontentare del gol della bandiera con Cuccurullo. Per la squadra di De Lazzer una partita da dimenticare in fretta. D\u2019ora in poi il Fiori Barp non pu\u00f2 pi\u00f9 sbagliare. Servono punti alla squadra di Mas per lasciare l\u2019ultimo posto in classifica e sperare almeno nei playout.<\/p>\n<p>&nbsp;<\/p>\n<blockquote>\n<h3>CHIARA CONEDERA, LA SUA PASSIONE PER IL CALCIO L&#8217;HA PORTATA AL VENEZIA<\/h3>\n<\/blockquote>\n<p><strong><a class=\"dt-pswp-item\" href=\"https:\/\/www.radiopiu.net\/wordpress\/wp-content\/uploads\/2023\/02\/a422f88d-3e55-4ac8-97b8-6de1032229cc.jpg\" data-dt-img-description=\"\" data-large_image_width=\"553\" data-large_image_height=\"934\"><img loading=\"lazy\" decoding=\"async\" class=\" wp-image-323835 alignleft\" src=\"https:\/\/www.radiopiu.net\/wordpress\/wp-content\/uploads\/2023\/02\/a422f88d-3e55-4ac8-97b8-6de1032229cc-178x300.jpg\" alt=\"\" width=\"100\" height=\"168\" srcset=\"https:\/\/www.radiopiu.net\/wordpress\/wp-content\/uploads\/2023\/02\/a422f88d-3e55-4ac8-97b8-6de1032229cc-178x300.jpg 178w, https:\/\/www.radiopiu.net\/wordpress\/wp-content\/uploads\/2023\/02\/a422f88d-3e55-4ac8-97b8-6de1032229cc.jpg 553w\" sizes=\"auto, (max-width: 100px) 100vw, 100px\" \/><\/a>di Marco Gaz<\/strong><\/p>\n<p><strong>REDAZIONE<\/strong> C&#8217;\u00e8 anche un&#8217;agordina che fa parte del Venezia Calcio femminile. Si tratta di Chiara Conedera. Chi segue il calcio femminile in provincia sicuramente ne ha sentito parlare. Classe 2003, di Voltago, Chiara \u00e8 nata con il pallone tra i piedi. A differenza di tutte le bambine, gi\u00e0 da piccolissima preferiva andare al campo sportivo di Voltago con gli amici per dare quattro calci ad un pallone anzich\u00e9 giocare con le bambole. Una passione che l&#8217;ha portata all&#8217;Agordina Calcio dove fino all&#8217;et\u00e0 di 13 anni ha giocato assieme ai maschi. Poi il salto di qualit\u00e0 con l&#8217;ingresso nella rosa del Keralpen primavera e quasi subito in prima squadra. L&#8217;estate scorsa la telefonata inaspettata del Venezia Calcio che l&#8217;ha chiamata per entrare nella rosa della squadra che partecipa al campionato di Serie C. Chiara studia chimico all&#8217;istituto Follador-De Rossi, ma ogni venerd\u00ec sera si sposta in laguna per giocare la partita del fine settimana.<\/p>\n\n\t\t\t<style type='text\/css'>\n\t\t\t\t#gallery-7 {\n\t\t\t\t\tmargin: auto;\n\t\t\t\t}\n\t\t\t\t#gallery-7 .gallery-item {\n\t\t\t\t\tfloat: left;\n\t\t\t\t\tmargin-top: 10px;\n\t\t\t\t\ttext-align: center;\n\t\t\t\t\twidth: 33%;\n\t\t\t\t}\n\t\t\t\t#gallery-7 img {\n\t\t\t\t\tborder: 2px solid #cfcfcf;\n\t\t\t\t}\n\t\t\t\t#gallery-7 .gallery-caption {\n\t\t\t\t\tmargin-left: 0;\n\t\t\t\t}\n\t\t\t\t\/* see gallery_shortcode() in wp-includes\/media.php *\/\n\t\t\t<\/style>\n\t\t<div id='gallery-7' class='dt-gallery-container gallery galleryid-323824 gallery-columns-3 gallery-size-medium'><dl class='gallery-item'>\n\t\t\t\t<dt class='gallery-icon landscape'>\n\t\t\t\t\t<a class=\"rollover rollover-zoom dt-pswp-item\" title=\"SCR-20230225-gig\" data-dt-img-description=\"\" data-large_image_width=\"1154\" data-large_image_height=\"896\"href='https:\/\/www.radiopiu.net\/wordpress\/wp-content\/uploads\/2023\/02\/SCR-20230225-gig.jpeg'><img loading=\"lazy\" decoding=\"async\" width=\"300\" height=\"233\" src=\"https:\/\/www.radiopiu.net\/wordpress\/wp-content\/uploads\/2023\/02\/SCR-20230225-gig-300x233.jpeg\" class=\"attachment-medium size-medium\" alt=\"\" srcset=\"https:\/\/www.radiopiu.net\/wordpress\/wp-content\/uploads\/2023\/02\/SCR-20230225-gig-300x233.jpeg 300w, https:\/\/www.radiopiu.net\/wordpress\/wp-content\/uploads\/2023\/02\/SCR-20230225-gig-1024x795.jpeg 1024w, https:\/\/www.radiopiu.net\/wordpress\/wp-content\/uploads\/2023\/02\/SCR-20230225-gig-768x596.jpeg 768w, https:\/\/www.radiopiu.net\/wordpress\/wp-content\/uploads\/2023\/02\/SCR-20230225-gig.jpeg 1154w\" sizes=\"auto, (max-width: 300px) 100vw, 300px\" \/><\/a>\n\t\t\t\t<\/dt><\/dl><dl class='gallery-item'>\n\t\t\t\t<dt class='gallery-icon landscape'>\n\t\t\t\t\t<a class=\"rollover rollover-zoom dt-pswp-item\" title=\"SCR-20230225-gis\" data-dt-img-description=\"\" data-large_image_width=\"1158\" data-large_image_height=\"894\"href='https:\/\/www.radiopiu.net\/wordpress\/wp-content\/uploads\/2023\/02\/SCR-20230225-gis.jpeg'><img loading=\"lazy\" decoding=\"async\" width=\"300\" height=\"232\" src=\"https:\/\/www.radiopiu.net\/wordpress\/wp-content\/uploads\/2023\/02\/SCR-20230225-gis-300x232.jpeg\" class=\"attachment-medium size-medium\" alt=\"\" srcset=\"https:\/\/www.radiopiu.net\/wordpress\/wp-content\/uploads\/2023\/02\/SCR-20230225-gis-300x232.jpeg 300w, https:\/\/www.radiopiu.net\/wordpress\/wp-content\/uploads\/2023\/02\/SCR-20230225-gis-1024x791.jpeg 1024w, https:\/\/www.radiopiu.net\/wordpress\/wp-content\/uploads\/2023\/02\/SCR-20230225-gis-768x593.jpeg 768w, https:\/\/www.radiopiu.net\/wordpress\/wp-content\/uploads\/2023\/02\/SCR-20230225-gis.jpeg 1158w\" sizes=\"auto, (max-width: 300px) 100vw, 300px\" \/><\/a>\n\t\t\t\t<\/dt><\/dl><dl class='gallery-item'>\n\t\t\t\t<dt class='gallery-icon landscape'>\n\t\t\t\t\t<a class=\"rollover rollover-zoom dt-pswp-item\" title=\"SCR-20230225-gj0\" data-dt-img-description=\"\" data-large_image_width=\"1040\" data-large_image_height=\"806\"href='https:\/\/www.radiopiu.net\/wordpress\/wp-content\/uploads\/2023\/02\/SCR-20230225-gj0.jpeg'><img loading=\"lazy\" decoding=\"async\" width=\"300\" height=\"233\" src=\"https:\/\/www.radiopiu.net\/wordpress\/wp-content\/uploads\/2023\/02\/SCR-20230225-gj0-300x233.jpeg\" class=\"attachment-medium size-medium\" alt=\"\" srcset=\"https:\/\/www.radiopiu.net\/wordpress\/wp-content\/uploads\/2023\/02\/SCR-20230225-gj0-300x233.jpeg 300w, https:\/\/www.radiopiu.net\/wordpress\/wp-content\/uploads\/2023\/02\/SCR-20230225-gj0-1024x794.jpeg 1024w, https:\/\/www.radiopiu.net\/wordpress\/wp-content\/uploads\/2023\/02\/SCR-20230225-gj0-768x595.jpeg 768w, https:\/\/www.radiopiu.net\/wordpress\/wp-content\/uploads\/2023\/02\/SCR-20230225-gj0.jpeg 1040w\" sizes=\"auto, (max-width: 300px) 100vw, 300px\" \/><\/a>\n\t\t\t\t<\/dt><\/dl><br style=\"clear: both\" \/>\n\t\t\t<\/div>\n\n<p><strong>L&#8217;INTERVISTA A CHIARA CONEDERA<\/strong><\/p>\n<audio class=\"wp-audio-shortcode\" id=\"audio-323824-5\" preload=\"none\" style=\"width: 100%;\" controls=\"controls\"><source type=\"audio\/mpeg\" src=\"https:\/\/www.radiopiu.net\/wordpress\/wp-content\/uploads\/2023\/02\/CHIARA-CONEDERA-OK.mp3?_=5\" \/><a href=\"https:\/\/www.radiopiu.net\/wordpress\/wp-content\/uploads\/2023\/02\/CHIARA-CONEDERA-OK.mp3\">https:\/\/www.radiopiu.net\/wordpress\/wp-content\/uploads\/2023\/02\/CHIARA-CONEDERA-OK.mp3<\/a><\/audio>\n<p>&nbsp;<\/p>\n<p>&nbsp;<\/p>\n<hr \/>\n<p>&nbsp;<\/p>\n<p><span style=\"color: #0000ff;\"><strong>HOCKEY SU GHIACCIO<\/strong><\/span><\/p>\n<blockquote>\n<h3>L&#8217;ARBITRO BELLUNESE LUCA CASSOL SOSPESO FINO A FINE STAGIONE<\/h3>\n<\/blockquote>\n<p><strong><a class=\"dt-pswp-item\" href=\"https:\/\/www.radiopiu.net\/wordpress\/wp-content\/uploads\/2019\/10\/ARBITRO-HOCKEY.jpeg\" data-dt-img-description=\"\" data-large_image_width=\"399\" data-large_image_height=\"400\"><img loading=\"lazy\" decoding=\"async\" class=\" wp-image-101973 alignleft\" src=\"https:\/\/www.radiopiu.net\/wordpress\/wp-content\/uploads\/2019\/10\/ARBITRO-HOCKEY-300x300.jpeg\" alt=\"\" width=\"149\" height=\"149\" srcset=\"https:\/\/www.radiopiu.net\/wordpress\/wp-content\/uploads\/2019\/10\/ARBITRO-HOCKEY-300x300.jpeg 300w, https:\/\/www.radiopiu.net\/wordpress\/wp-content\/uploads\/2019\/10\/ARBITRO-HOCKEY-150x150.jpeg 150w, https:\/\/www.radiopiu.net\/wordpress\/wp-content\/uploads\/2019\/10\/ARBITRO-HOCKEY.jpeg 399w\" sizes=\"auto, (max-width: 149px) 100vw, 149px\" \/><\/a>di Marco Gaz<\/strong><\/p>\n<p><strong>REDAZIONE<\/strong> Fare l&#8217;arbitro non \u00e8 sicuramente facile. Nell&#8217;hockey ancora di pi\u00f9\u00a0 vista la fulmineit\u00e0 delle azioni, certo che\u00a0 gli errori ci possono stare. Lo sa\u00a0 anche il feltrino Luca Cassol,\u00a0 che si \u00e8 visto infliggere una sospensione dalla Federghiaccio fino al termine della stagione. Il capo arbitro\u00a0 si \u00e8 trovato nel posto giusto, lontano dall&#8217;azione, ma ha preso una decisione che ha fatto discutere. Sabato 18 febbraio nella partita valida per l&#8217;ottava giornata del Master Round tra Appiano e Varese. Assieme a Cassol a dirigere la partita ci sono Theo Gruber e i lineperson, nuovo modo di chiamare i giudici di linea, Gianluca Abram e Alexander Wiest. La partita non \u00e8 semplice anche perch\u00e9 di fronte si trovano due compagini che lottano a viso aperto. Cassol, con pi\u00f9 di vent&#8217;anni di esperienza come arbitro di hockey, sta gestendo bene il match ma al 14&#8217;03&#8221; del secondo tempo succede il fattaccio. Il capitano dell&#8217;Appiano Daniel Erlacher carica il portiere del Varese. Il golie termina a terra rovinosamente battendo la testa e restando sul ghiaccio. Cassol \u00e8 a pochi metri dal fattaccio ed \u00e8 il capo arbitro della sfida. Si sa, il portiere nell&#8217;hockey non deve essere caricato, anzi non puo&#8217; proprio essere toccato. Cassol opta per una penalit\u00e0 minore di 2 minuti al giocatore altoatesino per carica scorretta. Il portiere varesino viene accompagnato fuori dal campo sostenuto dai compagni di squadra. La partita termina con la vittoria dell&#8217;Appiano per 4 a 3 all&#8217;overtime ma nei giorni successivi arriva la doccia gelata nei confronti dell&#8217;arbitro feltrino che viene sospeso dal suo incarico . Per la GAHG, l&#8217;organo che governa gli arbitri, la penalit\u00e0 inflitta da Cassol ad Erlacher era troppo di manica larga e da qui la decisione di escludere Cassol dal gruppo arbitri della IHL.<\/p>\n<p><strong>IL VIDEO DELLA CARICA SUL PORTIERE DAL CANALE YOUTUBE VARESESPORT<\/strong><\/p>\n<p><iframe loading=\"lazy\" title=\"Appiano - Mastini Varese (4-3), la carica violenta di Daniel Erlacher su Rocco Perla\" width=\"1200\" height=\"675\" src=\"https:\/\/www.youtube.com\/embed\/0QOD8HLEUV4?feature=oembed\" frameborder=\"0\" allow=\"accelerometer; autoplay; clipboard-write; encrypted-media; gyroscope; picture-in-picture; web-share\" allowfullscreen><\/iframe><\/p>\n<p>&nbsp;<\/p>\n<blockquote>\n<h3 class=\"entry-title\">A COMO L\u2019ALLEGHE CHIUDE LA STAGIONE CON UNA SCONFITTA<\/h3>\n<\/blockquote>\n<p><strong class=\"photoswipe-wrapper\"><a class=\"dt-pswp-item pspw-wrap-ready\" href=\"https:\/\/www.radiopiu.net\/wordpress\/wp-content\/uploads\/2019\/08\/logo-alleghe-hockey.png\" data-dt-img-description=\"\" data-large_image_width=\"547\" data-large_image_height=\"512\"><img loading=\"lazy\" decoding=\"async\" class=\" wp-image-95699 alignleft\" src=\"https:\/\/www.radiopiu.net\/wordpress\/wp-content\/uploads\/2019\/08\/logo-alleghe-hockey-300x281.png\" sizes=\"auto, (max-width: 191px) 100vw, 191px\" srcset=\"https:\/\/www.radiopiu.net\/wordpress\/wp-content\/uploads\/2019\/08\/logo-alleghe-hockey-300x281.png 300w, https:\/\/www.radiopiu.net\/wordpress\/wp-content\/uploads\/2019\/08\/logo-alleghe-hockey.png 547w\" alt=\"\" width=\"191\" height=\"179\" \/><\/a>di Marco Gaz<\/strong><\/p>\n<p><strong>COMO \u2013 ALLEGHE 5-3<\/strong><\/p>\n<p>PARZIALI: 0-0, 3-0, 2-3<\/p>\n<p>GOL: st. 10\u201923\u201d Dinicola, 16\u201959\u201d Ambrosoli, 17\u201915\u201d Caletti. tt. 4\u201900\u201d Colton, 5\u201909\u201d Martini, 6\u201938\u201d Re, 11\u201942\u201d Colton, 18\u201952\u201d Xamin<\/p>\n<p>Si chiude con una sconfitta il campionato dell\u2019Alleghe. Nella passerella finale della stagione, le civette giocano bene ma concedono troppo in fase difensiva. Il Como incamera tre punti in una partita che non era decisiva per il futuro delle due formazioni. I lariani andranno a giocare i playoff, gli agordin erano fuori dai giochi da parecchio tempo. Si chiude una stagione travagliata per gli alleghesi che in stagione hanno raccolto solo una vittoria e una lista infinita di sconfitte. Un campionato da archiviare in fretta pensando alla prossima stagione quando l\u2019Alleghe festegger\u00e0 il novantesimo compleanno. Prima parte della partita con poche occasioni da entrambi i lati. L\u2019Alleghe si avvicina al gol ma il portiere lariano salva il risultato. Anche il Como si sveglia ma Zanardi \u00e8 attento. Sembra non volersi sbloccare il match, poche interruzioni fanno si che il gioco scorra molto velocemente. Sfida che si vivacizza verso la fine della prima frazione con il gioco che diventa maschio tanto da costringere gli arbitri a punire alcuni giocatori di entrambe le squadre. Si va al riposo con le reti inviolate. Nel secondo drittel le civette ci provano con Colton che per\u00f2 non riesce a sorprendere Tesini. Le squadre non se le mandano a dire e danno vita ad una battaglia che per\u00f2 non premia nessuno dei due contendenti. Al giro di boa della partita i lariani passano in vantaggio. A sbloccare la sfida ci pensa lo statunitense Dinicola che coglie un assist d\u2019oro per bucare la porta alleghese. I biancorossi accusano il colpo e in pochi secondi subiscono due reti in rapida successione dai lombardi. Nella terza frazione l\u2019Alleghe accorcia le distanze. Soppelsa serve un disco a Colton che al volo fredda Tesini. I lariani sembrano non essere entrati in campo e le civette siglano la seconda rete della serata. La difesa lombarda viene letteralmente bucata con Martini che insacca. Rispondono i comaschi che vanno di nuovo in rete. A calare il poker per i padroni di casa \u00e8 Re. Gli agordini continuano a giocare bene e riescono ad accorciare di nuovo le distanze e a spedire il puck alle spalle del portiere lariano \u00e8 Colton. Nel finale Fontana prova la carta dell\u2019uomo in pi\u00f9 togliendo il portiere ma i padroni di casa chiudono la sfida con il gol a porta vuota di Xamin.<\/p>\n<p>&nbsp;<\/p>\n<blockquote>\n<h3>TERMINA IN PAREGGIO GARA 1 DEGLI OTTAVI DI FINALE PER LE CIVETTE UNDER 17<\/h3>\n<\/blockquote>\n<p><strong><a class=\"dt-pswp-item\" href=\"https:\/\/www.radiopiu.net\/wordpress\/wp-content\/uploads\/2021\/03\/hockey-2744905_1920.jpg\" data-dt-img-description=\"\" data-large_image_width=\"1920\" data-large_image_height=\"1279\"><img loading=\"lazy\" decoding=\"async\" class=\" wp-image-197447 alignleft\" src=\"https:\/\/www.radiopiu.net\/wordpress\/wp-content\/uploads\/2021\/03\/hockey-2744905_1920-300x200.jpg\" alt=\"\" width=\"167\" height=\"111\" srcset=\"https:\/\/www.radiopiu.net\/wordpress\/wp-content\/uploads\/2021\/03\/hockey-2744905_1920-300x200.jpg 300w, https:\/\/www.radiopiu.net\/wordpress\/wp-content\/uploads\/2021\/03\/hockey-2744905_1920-1024x682.jpg 1024w, https:\/\/www.radiopiu.net\/wordpress\/wp-content\/uploads\/2021\/03\/hockey-2744905_1920-768x512.jpg 768w, https:\/\/www.radiopiu.net\/wordpress\/wp-content\/uploads\/2021\/03\/hockey-2744905_1920-1536x1023.jpg 1536w, https:\/\/www.radiopiu.net\/wordpress\/wp-content\/uploads\/2021\/03\/hockey-2744905_1920.jpg 1920w\" sizes=\"auto, (max-width: 167px) 100vw, 167px\" \/><\/a>di Marco Gaz<\/strong><\/p>\n<p><strong>FIEMME\/FASSA &#8211; ALLEGHE\/CORTINA 2-2<\/strong><\/p>\n<p>GOL ALLEGHE \/CORTINA: Tolomelli, Talamini<\/p>\n<p>Termina con un pareggio la sfida valida per gara 1 degli ottavi di finale del campionato Under 17 di hockey su ghiaccio tra Fiemme ed Alleghe. Pari e patta dopo una partita giocata alla pari dalle due formazioni. Un risultato che rispecchia l&#8217;andamento della gara in terra fassana. Padroni di casa che passano in vantaggio allo scadere del primo tempo. Nel secondo drittel reti inviolate ma squadre che lottano su ogni disco. La risposta della squadra mista alleghese arriva ad inizio terzo tempo con Tolomelli che pareggia i conti. Fiemme che risponde subito dopo ma le civette non si fanno attendere pareggiando i conti pochi secondi dopo con Talamini. Termina 2 a 2 la partita di andata e tutto si decider\u00e0 sabato prossimo ad Alleghe quando al De Toni si giocher\u00e0 il ritorno di questi ottavi di finale.<\/p>\n<p>&nbsp;<\/p>\n<p>&nbsp;<\/p>\n<hr \/>\n<p>&nbsp;<\/p>\n<p><span style=\"color: #0000ff;\"><strong>SCI DI FONDO<\/strong><\/span><\/p>\n<blockquote>\n<h3>LORENZO BUSIN VINCE IL TITOLO ITALIANO MASTER AMATORI. SESTO IL FRATELLO EMANUELE<\/h3>\n<\/blockquote>\n<p><strong>PASSO COE FOLGARIA (TN) <\/strong>Lorenzo Busin \u00e8 campione italiano Master 2023. Il fondista della Valle del Biois si \u00e8 aggiudicato la vittoria nella 30 km in tecnica classica che assegnava il titolo italiano. Un&#8217;altra volta Lorenzo ha dimostrato di essere in piena forma ma non \u00e8 da meno il fratello Emanuele che ha chiuso al sesto posto. Complimenti ai fratelli Busin che in questa stagione stanno dando il massimo con degli ottimi risultati.<\/p>\n\n\t\t\t<style type='text\/css'>\n\t\t\t\t#gallery-8 {\n\t\t\t\t\tmargin: auto;\n\t\t\t\t}\n\t\t\t\t#gallery-8 .gallery-item {\n\t\t\t\t\tfloat: left;\n\t\t\t\t\tmargin-top: 10px;\n\t\t\t\t\ttext-align: center;\n\t\t\t\t\twidth: 100%;\n\t\t\t\t}\n\t\t\t\t#gallery-8 img {\n\t\t\t\t\tborder: 2px solid #cfcfcf;\n\t\t\t\t}\n\t\t\t\t#gallery-8 .gallery-caption {\n\t\t\t\t\tmargin-left: 0;\n\t\t\t\t}\n\t\t\t\t\/* see gallery_shortcode() in wp-includes\/media.php *\/\n\t\t\t<\/style>\n\t\t<div id='gallery-8' class='dt-gallery-container gallery galleryid-323824 gallery-columns-1 gallery-size-medium'><dl class='gallery-item'>\n\t\t\t\t<dt class='gallery-icon landscape'>\n\t\t\t\t\t<a class=\"rollover rollover-zoom dt-pswp-item\" title=\"328709594_926244625234447_8128157846240142639_n\" data-dt-img-description=\"\" data-large_image_width=\"2048\" data-large_image_height=\"1536\"href='https:\/\/www.radiopiu.net\/wordpress\/wp-content\/uploads\/2023\/02\/328709594_926244625234447_8128157846240142639_n.jpg'><img loading=\"lazy\" decoding=\"async\" width=\"300\" height=\"225\" src=\"https:\/\/www.radiopiu.net\/wordpress\/wp-content\/uploads\/2023\/02\/328709594_926244625234447_8128157846240142639_n-300x225.jpg\" class=\"attachment-medium size-medium\" alt=\"\" srcset=\"https:\/\/www.radiopiu.net\/wordpress\/wp-content\/uploads\/2023\/02\/328709594_926244625234447_8128157846240142639_n-300x225.jpg 300w, https:\/\/www.radiopiu.net\/wordpress\/wp-content\/uploads\/2023\/02\/328709594_926244625234447_8128157846240142639_n-1024x768.jpg 1024w, https:\/\/www.radiopiu.net\/wordpress\/wp-content\/uploads\/2023\/02\/328709594_926244625234447_8128157846240142639_n-768x576.jpg 768w, https:\/\/www.radiopiu.net\/wordpress\/wp-content\/uploads\/2023\/02\/328709594_926244625234447_8128157846240142639_n-1536x1152.jpg 1536w, https:\/\/www.radiopiu.net\/wordpress\/wp-content\/uploads\/2023\/02\/328709594_926244625234447_8128157846240142639_n.jpg 2048w\" sizes=\"auto, (max-width: 300px) 100vw, 300px\" \/><\/a>\n\t\t\t\t<\/dt><\/dl><br style=\"clear: both\" \/>\n\t\t\t<\/div>\n\n<p>&nbsp;<\/p>\n<blockquote>\n<h3>AGORDINI SUPER NELLA SECONDA GIORNATA DEI CAMPIONATI ITALIANI ALLIEVI DI SCI DI FONDO<\/h3>\n<\/blockquote>\n<p><strong>PRAGELATO (TORINO) <\/strong>Un sabato da incorniciare per il veneto ma soprattutto per l&#8217;Agordino nella seconda giornata dei campionati italiani Allievi under 16 di sci di fondo. Dopo la sprint skating di venerd\u00ec, si sono svolte le prove individuali su distanza in tecnica classica e i ragazzi e le ragazze guidate da Marco Corradin e dal suo staff sono stati protagonisti assoluti. In campo maschile (7.5 km) \u00e8 arrivato l\u2019oro grazie ad Edoardo Trombetta, dello Ski College Veneto Falcade. Il laziale ha inflitto 11\u2033 a due atleti che si sono classificati secondi a pari merito. Grande quinta posizione per Alex Rossi (Sci club Val Biois), gi\u00f9 dal podio per appena 7\u20336, e ottavo Davide Capra (Sci club Val Biois), distante 18\u20333 dal podio. Molto brave anche le ragazze (5 km): Vanessa Cagnati (Sci club Val Biois) ha conquistato il bronzo, classificandosi alle spalle di Alice Leoni (Sci club Marzola) e Matilde Giordano (Sci club Entraque). Nella top ten anche Caterina Milani (Sci club Val Biois), quinta, e Gemma Dandrea (Sci club Cortina), nona. (fonte: fisiveneto.com)<\/p>\n\n\t\t\t<style type='text\/css'>\n\t\t\t\t#gallery-9 {\n\t\t\t\t\tmargin: auto;\n\t\t\t\t}\n\t\t\t\t#gallery-9 .gallery-item {\n\t\t\t\t\tfloat: left;\n\t\t\t\t\tmargin-top: 10px;\n\t\t\t\t\ttext-align: center;\n\t\t\t\t\twidth: 33%;\n\t\t\t\t}\n\t\t\t\t#gallery-9 img {\n\t\t\t\t\tborder: 2px solid #cfcfcf;\n\t\t\t\t}\n\t\t\t\t#gallery-9 .gallery-caption {\n\t\t\t\t\tmargin-left: 0;\n\t\t\t\t}\n\t\t\t\t\/* see gallery_shortcode() in wp-includes\/media.php *\/\n\t\t\t<\/style>\n\t\t<div id='gallery-9' class='dt-gallery-container gallery galleryid-323824 gallery-columns-3 gallery-size-thumbnail'><dl class='gallery-item'>\n\t\t\t\t<dt class='gallery-icon portrait'>\n\t\t\t\t\t<a class=\"rollover rollover-zoom dt-pswp-item\" title=\"2f0e825f-5b28-4e55-a875-acaa8a76b558\" data-dt-img-description=\"\" data-large_image_width=\"1200\" data-large_image_height=\"1600\"href='https:\/\/www.radiopiu.net\/wordpress\/wp-content\/uploads\/2023\/02\/2f0e825f-5b28-4e55-a875-acaa8a76b558.jpg'><img loading=\"lazy\" decoding=\"async\" width=\"150\" height=\"150\" src=\"https:\/\/www.radiopiu.net\/wordpress\/wp-content\/uploads\/2023\/02\/2f0e825f-5b28-4e55-a875-acaa8a76b558-150x150.jpg\" class=\"attachment-thumbnail size-thumbnail\" alt=\"\" \/><\/a>\n\t\t\t\t<\/dt><\/dl><dl class='gallery-item'>\n\t\t\t\t<dt class='gallery-icon landscape'>\n\t\t\t\t\t<a class=\"rollover rollover-zoom dt-pswp-item\" title=\"a93ca163-f57f-4ef6-b8e4-02d86879731b\" data-dt-img-description=\"\" data-large_image_width=\"1600\" data-large_image_height=\"1200\"href='https:\/\/www.radiopiu.net\/wordpress\/wp-content\/uploads\/2023\/02\/a93ca163-f57f-4ef6-b8e4-02d86879731b.jpg'><img loading=\"lazy\" decoding=\"async\" width=\"150\" height=\"150\" src=\"https:\/\/www.radiopiu.net\/wordpress\/wp-content\/uploads\/2023\/02\/a93ca163-f57f-4ef6-b8e4-02d86879731b-150x150.jpg\" class=\"attachment-thumbnail size-thumbnail\" alt=\"\" \/><\/a>\n\t\t\t\t<\/dt><\/dl><dl class='gallery-item'>\n\t\t\t\t<dt class='gallery-icon landscape'>\n\t\t\t\t\t<a class=\"rollover rollover-zoom dt-pswp-item\" title=\"a786972a-ead9-486d-84f5-9c15b032298d\" data-dt-img-description=\"\" data-large_image_width=\"1600\" data-large_image_height=\"1600\"href='https:\/\/www.radiopiu.net\/wordpress\/wp-content\/uploads\/2023\/02\/a786972a-ead9-486d-84f5-9c15b032298d.jpg'><img loading=\"lazy\" decoding=\"async\" width=\"150\" height=\"150\" src=\"https:\/\/www.radiopiu.net\/wordpress\/wp-content\/uploads\/2023\/02\/a786972a-ead9-486d-84f5-9c15b032298d-150x150.jpg\" class=\"attachment-thumbnail size-thumbnail\" alt=\"\" srcset=\"https:\/\/www.radiopiu.net\/wordpress\/wp-content\/uploads\/2023\/02\/a786972a-ead9-486d-84f5-9c15b032298d-150x150.jpg 150w, https:\/\/www.radiopiu.net\/wordpress\/wp-content\/uploads\/2023\/02\/a786972a-ead9-486d-84f5-9c15b032298d-300x300.jpg 300w, https:\/\/www.radiopiu.net\/wordpress\/wp-content\/uploads\/2023\/02\/a786972a-ead9-486d-84f5-9c15b032298d-1024x1024.jpg 1024w, https:\/\/www.radiopiu.net\/wordpress\/wp-content\/uploads\/2023\/02\/a786972a-ead9-486d-84f5-9c15b032298d-768x768.jpg 768w, https:\/\/www.radiopiu.net\/wordpress\/wp-content\/uploads\/2023\/02\/a786972a-ead9-486d-84f5-9c15b032298d-1536x1536.jpg 1536w, https:\/\/www.radiopiu.net\/wordpress\/wp-content\/uploads\/2023\/02\/a786972a-ead9-486d-84f5-9c15b032298d.jpg 1600w\" sizes=\"auto, (max-width: 150px) 100vw, 150px\" \/><\/a>\n\t\t\t\t<\/dt><\/dl><br style=\"clear: both\" \/>\n\t\t\t<\/div>\n\n<p>&nbsp;<\/p>\n<blockquote>\n<h3>UN ORO E UN ARGENTO NELLA STAFFETTA DEI TRICOLORI UNDER 16 DI SCI DI FONDO<\/h3>\n<\/blockquote>\n<p><strong>PRAGELATO (TO) <\/strong>Ancora un grande giornata per il fondo agordino quella di domanica ai Campionati Italiani under 16 di Pragelato. Sulla pista che nel 2006 ha ospitato le olimpiadi, si sono disputate le staffette maschili e femminili. Il Veneto con Caterina Milani, Gemma Dandrea e Vanessa Cagnati hanno vinto la gara portando a casa l&#8217;oro con la Cagnati che si mette al collo la medaglia pi\u00f9 ambita nel giorno del suo compleanno. Argento in campo maschile con la squadra veneta composta da Alex Rossi, Davide Capra ed Edoardo Trombetta. Un fine settimana da incorniciare per gli agordini dello Sci Club Val Biois e Ski College Falcade.<\/p>\n\n\t\t\t<style type='text\/css'>\n\t\t\t\t#gallery-10 {\n\t\t\t\t\tmargin: auto;\n\t\t\t\t}\n\t\t\t\t#gallery-10 .gallery-item {\n\t\t\t\t\tfloat: left;\n\t\t\t\t\tmargin-top: 10px;\n\t\t\t\t\ttext-align: center;\n\t\t\t\t\twidth: 50%;\n\t\t\t\t}\n\t\t\t\t#gallery-10 img {\n\t\t\t\t\tborder: 2px solid #cfcfcf;\n\t\t\t\t}\n\t\t\t\t#gallery-10 .gallery-caption {\n\t\t\t\t\tmargin-left: 0;\n\t\t\t\t}\n\t\t\t\t\/* see gallery_shortcode() in wp-includes\/media.php *\/\n\t\t\t<\/style>\n\t\t<div id='gallery-10' class='dt-gallery-container gallery galleryid-323824 gallery-columns-2 gallery-size-medium'><dl class='gallery-item'>\n\t\t\t\t<dt class='gallery-icon landscape'>\n\t\t\t\t\t<a class=\"rollover rollover-zoom dt-pswp-item\" title=\"oro staffetta allieve pragelato 26 feb 2023\" data-dt-img-description=\"\" data-large_image_width=\"1600\" data-large_image_height=\"1067\"href='https:\/\/www.radiopiu.net\/wordpress\/wp-content\/uploads\/2023\/02\/oro-staffetta-allieve-pragelato-26-feb-2023.jpeg'><img loading=\"lazy\" decoding=\"async\" width=\"300\" height=\"200\" src=\"https:\/\/www.radiopiu.net\/wordpress\/wp-content\/uploads\/2023\/02\/oro-staffetta-allieve-pragelato-26-feb-2023-300x200.jpeg\" class=\"attachment-medium size-medium\" alt=\"\" aria-describedby=\"gallery-10-323948\" srcset=\"https:\/\/www.radiopiu.net\/wordpress\/wp-content\/uploads\/2023\/02\/oro-staffetta-allieve-pragelato-26-feb-2023-300x200.jpeg 300w, https:\/\/www.radiopiu.net\/wordpress\/wp-content\/uploads\/2023\/02\/oro-staffetta-allieve-pragelato-26-feb-2023-1024x683.jpeg 1024w, https:\/\/www.radiopiu.net\/wordpress\/wp-content\/uploads\/2023\/02\/oro-staffetta-allieve-pragelato-26-feb-2023-768x512.jpeg 768w, https:\/\/www.radiopiu.net\/wordpress\/wp-content\/uploads\/2023\/02\/oro-staffetta-allieve-pragelato-26-feb-2023-1536x1024.jpeg 1536w, https:\/\/www.radiopiu.net\/wordpress\/wp-content\/uploads\/2023\/02\/oro-staffetta-allieve-pragelato-26-feb-2023.jpeg 1600w\" sizes=\"auto, (max-width: 300px) 100vw, 300px\" \/><\/a>\n\t\t\t\t<\/dt>\n\t\t\t\t\t<dd class='wp-caption-text gallery-caption' id='gallery-10-323948'>\n\t\t\t\t\tL&#8217;ORO DELLE ALLIEVE\n\t\t\t\t\t<\/dd><\/dl><dl class='gallery-item'>\n\t\t\t\t<dt class='gallery-icon landscape'>\n\t\t\t\t\t<a class=\"rollover rollover-zoom dt-pswp-item\" title=\"argento staffetta allievi pragelato 26 feb 2023\" data-dt-img-description=\"\" data-large_image_width=\"1600\" data-large_image_height=\"1067\"href='https:\/\/www.radiopiu.net\/wordpress\/wp-content\/uploads\/2023\/02\/argento-staffetta-allievi-pragelato-26-feb-2023.jpeg'><img loading=\"lazy\" decoding=\"async\" width=\"300\" height=\"200\" src=\"https:\/\/www.radiopiu.net\/wordpress\/wp-content\/uploads\/2023\/02\/argento-staffetta-allievi-pragelato-26-feb-2023-300x200.jpeg\" class=\"attachment-medium size-medium\" alt=\"\" aria-describedby=\"gallery-10-323949\" srcset=\"https:\/\/www.radiopiu.net\/wordpress\/wp-content\/uploads\/2023\/02\/argento-staffetta-allievi-pragelato-26-feb-2023-300x200.jpeg 300w, https:\/\/www.radiopiu.net\/wordpress\/wp-content\/uploads\/2023\/02\/argento-staffetta-allievi-pragelato-26-feb-2023-1024x683.jpeg 1024w, https:\/\/www.radiopiu.net\/wordpress\/wp-content\/uploads\/2023\/02\/argento-staffetta-allievi-pragelato-26-feb-2023-768x512.jpeg 768w, https:\/\/www.radiopiu.net\/wordpress\/wp-content\/uploads\/2023\/02\/argento-staffetta-allievi-pragelato-26-feb-2023-1536x1024.jpeg 1536w, https:\/\/www.radiopiu.net\/wordpress\/wp-content\/uploads\/2023\/02\/argento-staffetta-allievi-pragelato-26-feb-2023.jpeg 1600w\" sizes=\"auto, (max-width: 300px) 100vw, 300px\" \/><\/a>\n\t\t\t\t<\/dt>\n\t\t\t\t\t<dd class='wp-caption-text gallery-caption' id='gallery-10-323949'>\n\t\t\t\t\tL&#8217;ARGENTO IN CAMPO MASCHILE\n\t\t\t\t\t<\/dd><\/dl><br style=\"clear: both\" \/>\n\t\t\t<\/div>\n\n<p>&nbsp;<\/p>\n<hr \/>\n<p>&nbsp;<\/p>\n<p><span style=\"color: #0000ff;\"><strong>PALLAVOLO<\/strong><\/span><\/p>\n<blockquote>\n<h3>IL VOLLEY CLUB AGORDINO PERDE AL TIE BREAK CON IL CESSALTO<\/h3>\n<\/blockquote>\n<p><strong><a class=\"dt-pswp-item\" href=\"https:\/\/www.radiopiu.net\/wordpress\/wp-content\/uploads\/2023\/01\/VOLLEY-2023.jpg\" data-dt-img-description=\"\" data-large_image_width=\"1920\" data-large_image_height=\"1280\"><img loading=\"lazy\" decoding=\"async\" class=\" wp-image-318320 alignleft\" src=\"https:\/\/www.radiopiu.net\/wordpress\/wp-content\/uploads\/2023\/01\/VOLLEY-2023-300x200.jpg\" alt=\"\" width=\"171\" height=\"114\" srcset=\"https:\/\/www.radiopiu.net\/wordpress\/wp-content\/uploads\/2023\/01\/VOLLEY-2023-300x200.jpg 300w, https:\/\/www.radiopiu.net\/wordpress\/wp-content\/uploads\/2023\/01\/VOLLEY-2023-1024x683.jpg 1024w, https:\/\/www.radiopiu.net\/wordpress\/wp-content\/uploads\/2023\/01\/VOLLEY-2023-768x512.jpg 768w, https:\/\/www.radiopiu.net\/wordpress\/wp-content\/uploads\/2023\/01\/VOLLEY-2023-1536x1024.jpg 1536w, https:\/\/www.radiopiu.net\/wordpress\/wp-content\/uploads\/2023\/01\/VOLLEY-2023.jpg 1920w\" sizes=\"auto, (max-width: 171px) 100vw, 171px\" \/><\/a>di Marco Gaz<\/strong><\/p>\n<p><strong>VOLLEY CLUB AGORDINO &#8211; CESSALTO 2-3 (25-13, 23-25, 18-25, 25-19, 9-15)<\/strong><\/p>\n<p>Il Volley Club Agordino si deve accontentare di un punto nella sfida casalinga con il Cessalto. Le ragazze di De Nardin giocano una delle migliori partite della stagione ma non basta per portare a casa il bottino pieno. Le trevigiane vincono al tie break dopo una sfida giocata punto a punto con le agordine che sprecano troppi punti per chiudere la contesa. Primo set vinto dal Volley Club Agordino con un ottimo vantaggio. Sembra che il Cessalto non sia in partita ma la smentita arriva nel secondo parziale dove le ospiti pareggiano i conti dopo una lotta punto a punto. Agordine che sembrano accusare il colpo e trevigiane che si portano avanti portando a casa il terzo set. La reazione della compagine di De Nardin arriva nel quarto parziale e si va al tie break dove il Cessalto mette in saccoccia il punto aggiuntivo.<\/p>\n<p><strong>ALEXANDRA PUGLIA, GIOCATRICE DEL VOLLEY CLUB AGORDINO<\/strong><\/p>\n<audio class=\"wp-audio-shortcode\" id=\"audio-323824-6\" preload=\"none\" style=\"width: 100%;\" controls=\"controls\"><source type=\"audio\/mpeg\" src=\"https:\/\/www.radiopiu.net\/wordpress\/wp-content\/uploads\/2023\/02\/ALEXANDRA-PUGLIA-VOLLEY-AGORDINO.mp3?_=6\" \/><a href=\"https:\/\/www.radiopiu.net\/wordpress\/wp-content\/uploads\/2023\/02\/ALEXANDRA-PUGLIA-VOLLEY-AGORDINO.mp3\">https:\/\/www.radiopiu.net\/wordpress\/wp-content\/uploads\/2023\/02\/ALEXANDRA-PUGLIA-VOLLEY-AGORDINO.mp3<\/a><\/audio>\n<p>&nbsp;<\/p>\n<blockquote>\n<h3>TRASFERTA VICENTINA DAL SAPORE AMARO PER LE LUPE<\/h3>\n<\/blockquote>\n<p><b><a class=\"dt-pswp-item\" href=\"https:\/\/www.radiopiu.net\/wordpress\/wp-content\/uploads\/2023\/02\/Miriana_Casagrande_partita_in_sestetto.jpg\" data-dt-img-description=\"\" data-large_image_width=\"1555\" data-large_image_height=\"1037\"><img loading=\"lazy\" decoding=\"async\" class=\" wp-image-323901 alignleft\" src=\"https:\/\/www.radiopiu.net\/wordpress\/wp-content\/uploads\/2023\/02\/Miriana_Casagrande_partita_in_sestetto-300x200.jpg\" alt=\"\" width=\"167\" height=\"111\" srcset=\"https:\/\/www.radiopiu.net\/wordpress\/wp-content\/uploads\/2023\/02\/Miriana_Casagrande_partita_in_sestetto-300x200.jpg 300w, https:\/\/www.radiopiu.net\/wordpress\/wp-content\/uploads\/2023\/02\/Miriana_Casagrande_partita_in_sestetto-1024x683.jpg 1024w, https:\/\/www.radiopiu.net\/wordpress\/wp-content\/uploads\/2023\/02\/Miriana_Casagrande_partita_in_sestetto-768x512.jpg 768w, https:\/\/www.radiopiu.net\/wordpress\/wp-content\/uploads\/2023\/02\/Miriana_Casagrande_partita_in_sestetto-1536x1024.jpg 1536w, https:\/\/www.radiopiu.net\/wordpress\/wp-content\/uploads\/2023\/02\/Miriana_Casagrande_partita_in_sestetto.jpg 1555w\" sizes=\"auto, (max-width: 167px) 100vw, 167px\" \/><\/a>POJANA SOSSANO-HL IMMOBILIARE BELLUNO 3-0 <\/b><strong>(25-19, 25-15, 25-19)<\/strong><\/p>\n<p>\u00abUn passo indietro rispetto alle ultime uscite? Anche due\u00bb. Non usa troppi giri di parole coach Lorenzo Nesello, al termine di una gara in cui il Volley Pojana Sossano ha fatto valere il fattore campo. E imposto la legge del pi\u00f9 forte. Quella vicentina non \u00e8 la quarta forza del campionato per grazia ricevuta. Al contrario: ha qualit\u00e0 in ogni fondamentale e, specialmente fra le mura amiche, \u00e8 quasi imbattibile. Non a caso, ha perso in una sola occasione. Tuttavia, al di l\u00e0 degli indiscutibili meriti delle avversarie, coach Nesello sperava di ottenere qualcosa in pi\u00f9 da una Pallavolo Belluno Femminile\u00a0che ha faticato a entrare in partita. E a rimanere in scia a un sestetto particolarmente aggressivo ed efficace al servizio.<span class=\"gmail-Apple-converted-space\">\u00a0Meglio girare pagina, quindi. Anche perch\u00e9, alla luce dei risultati emersi dagli altri campi, la classifica \u00e8 sempre cortissima. E, con una serie di scontri diretti all\u2019orizzonte, l\u2019obiettivo salvezza resta alla portata. A patto di iniziare a concretizzare. Magari gi\u00e0 a partire da sabato prossimo, quando al De Mas arriver\u00e0 la Dinamica Solesino.\u00a0<\/span><\/p>\n<p>&nbsp;<\/p>\n<hr \/>\n<p>&nbsp;<\/p>\n<p>LA PALLAVOLO BELLUNO VINCE IN CASA CON IL SAN GIUSTINO<\/p>\n<p><strong>BELLUNO<\/strong> <b>SAN GIUSTINO 3-2<\/b><span class=\"gmail-Apple-converted-space\"> \u00a0<\/span><b>PARZIALI:<\/b> 21-25, 25-20, 17-25, 25-16, 15-11. <b>\u00a0BELLUNO:<\/b> Maccabruni 3, Novello 23, Saibene 8, Graziani 11, Mozzato 10, Stufano 7; Martinez (L), Guolla, Candeago 1, Guastamacchia, Paganin. N.e. Ostuzzi, Galliani, Pierobon (L). Allenatore: G. Colussi.<\/p>\n<p>Nello scontro diretto con San Giustino la pallavolo Belluno cedoe il\u00a0 primo e il\u00a0 terzo e set. E, di conseguenza, \u00e8 sempre costretta a inseguire, mentre nel tie-break risale da un passivo di 8-4: risultato che aveva gi\u00e0 i contorni della condanna. E invece no. Perch\u00e9 col servizio, ma anche con grinta, cuore e personalit\u00e0, la pallavolo Belluno ribalta la situazione. Questo significa che il quinto posto \u00e8 confermato ed \u00e8 ora in coabitazione con Garlasco. <em>\u00a0\u00abInnanzitutto, complimenti ai nostri avversari &#8211; afferma, nel post partita, coach Gian Luca Colussi -. Una grande squadra e molto corretta. La nostra \u00e8 stata una partita di puro carattere. E il tie-break \u00e8 l\u2019ennesima dimostrazione di ci\u00f2 che possono fare i ragazzi. Sotto 8-4 non era facile. L\u2019atmosfera alla Spes Arena? Super. Credo che in A3 non esista un pubblico paragonabile a quello di Belluno\u00bb.<span class=\"gmail-Apple-converted-space\">\u00a0<\/span><\/em><\/p>\n\n\t\t\t<style type='text\/css'>\n\t\t\t\t#gallery-11 {\n\t\t\t\t\tmargin: auto;\n\t\t\t\t}\n\t\t\t\t#gallery-11 .gallery-item {\n\t\t\t\t\tfloat: left;\n\t\t\t\t\tmargin-top: 10px;\n\t\t\t\t\ttext-align: center;\n\t\t\t\t\twidth: 33%;\n\t\t\t\t}\n\t\t\t\t#gallery-11 img {\n\t\t\t\t\tborder: 2px solid #cfcfcf;\n\t\t\t\t}\n\t\t\t\t#gallery-11 .gallery-caption {\n\t\t\t\t\tmargin-left: 0;\n\t\t\t\t}\n\t\t\t\t\/* see gallery_shortcode() in wp-includes\/media.php *\/\n\t\t\t<\/style>\n\t\t<div id='gallery-11' class='dt-gallery-container gallery galleryid-323824 gallery-columns-3 gallery-size-thumbnail'><dl class='gallery-item'>\n\t\t\t\t<dt class='gallery-icon landscape'>\n\t\t\t\t\t<a class=\"rollover rollover-zoom dt-pswp-item\" title=\"Esultanza_dolomitica\" data-dt-img-description=\"\" data-large_image_width=\"1280\" data-large_image_height=\"855\"href='https:\/\/www.radiopiu.net\/wordpress\/wp-content\/uploads\/2023\/02\/Esultanza_dolomitica.jpg'><img loading=\"lazy\" decoding=\"async\" width=\"150\" height=\"150\" src=\"https:\/\/www.radiopiu.net\/wordpress\/wp-content\/uploads\/2023\/02\/Esultanza_dolomitica-150x150.jpg\" class=\"attachment-thumbnail size-thumbnail\" alt=\"\" \/><\/a>\n\t\t\t\t<\/dt><\/dl><dl class='gallery-item'>\n\t\t\t\t<dt class='gallery-icon landscape'>\n\t\t\t\t\t<a class=\"rollover rollover-zoom dt-pswp-item\" title=\"Martinez_in_ricezione\" data-dt-img-description=\"\" data-large_image_width=\"1280\" data-large_image_height=\"853\"href='https:\/\/www.radiopiu.net\/wordpress\/wp-content\/uploads\/2023\/02\/Martinez_in_ricezione.jpg'><img loading=\"lazy\" decoding=\"async\" width=\"150\" height=\"150\" src=\"https:\/\/www.radiopiu.net\/wordpress\/wp-content\/uploads\/2023\/02\/Martinez_in_ricezione-150x150.jpg\" class=\"attachment-thumbnail size-thumbnail\" alt=\"\" \/><\/a>\n\t\t\t\t<\/dt><\/dl><dl class='gallery-item'>\n\t\t\t\t<dt class='gallery-icon landscape'>\n\t\t\t\t\t<a class=\"rollover rollover-zoom dt-pswp-item\" title=\"Festa_DRL\" data-dt-img-description=\"\" data-large_image_width=\"1280\" data-large_image_height=\"855\"href='https:\/\/www.radiopiu.net\/wordpress\/wp-content\/uploads\/2023\/02\/Festa_DRL.jpg'><img loading=\"lazy\" decoding=\"async\" width=\"150\" height=\"150\" src=\"https:\/\/www.radiopiu.net\/wordpress\/wp-content\/uploads\/2023\/02\/Festa_DRL-150x150.jpg\" class=\"attachment-thumbnail size-thumbnail\" alt=\"\" \/><\/a>\n\t\t\t\t<\/dt><\/dl><br style=\"clear: both\" \/>\n\t\t\t<\/div>\n\n<p>&nbsp;<\/p>\n<hr \/>\n<p>&nbsp;<\/p>\n<p><span style=\"color: #0000ff;\"><strong>CORSA CAMPESTRE<\/strong><\/span><\/p>\n<blockquote>\n<h3><strong>CROSS DI BORGO VALBELLUNA NEL SEGNO DI VICENTINA E GS LA PIAVE 2000 <\/strong><\/h3>\n<\/blockquote>\n<p><strong><a class=\"dt-pswp-item\" href=\"https:\/\/www.radiopiu.net\/wordpress\/wp-content\/uploads\/2023\/02\/Cross_b_La-partenza-della-gara-cadette.jpg\" data-dt-img-description=\"\" data-large_image_width=\"1280\" data-large_image_height=\"853\"><img loading=\"lazy\" decoding=\"async\" class=\" wp-image-324036 alignleft\" src=\"https:\/\/www.radiopiu.net\/wordpress\/wp-content\/uploads\/2023\/02\/Cross_b_La-partenza-della-gara-cadette-300x200.jpg\" alt=\"\" width=\"177\" height=\"118\" srcset=\"https:\/\/www.radiopiu.net\/wordpress\/wp-content\/uploads\/2023\/02\/Cross_b_La-partenza-della-gara-cadette-300x200.jpg 300w, https:\/\/www.radiopiu.net\/wordpress\/wp-content\/uploads\/2023\/02\/Cross_b_La-partenza-della-gara-cadette-1024x682.jpg 1024w, https:\/\/www.radiopiu.net\/wordpress\/wp-content\/uploads\/2023\/02\/Cross_b_La-partenza-della-gara-cadette-768x512.jpg 768w, https:\/\/www.radiopiu.net\/wordpress\/wp-content\/uploads\/2023\/02\/Cross_b_La-partenza-della-gara-cadette.jpg 1280w\" sizes=\"auto, (max-width: 177px) 100vw, 177px\" \/><\/a>BORGO VALBELLUNA <\/strong>La carica dei 900, sui saliscendi di Borgo Valbelluna (Belluno), ha chiuso la stagione regionale della corsa campestre. La quarta prova ha assegnato i titoli regionali di societ\u00e0 a livello assoluto, promozionale e master, oltre a mettere in palio gli allori individuali giovanili. La mattinata di gare \u00e8 iniziata con i master: due partenze (under 60 maschili sui 6 km, donne e over 60 maschili sui 4 km) per assegnare gli allori di club, andati ai trevigiani della HRobert Running Team e, tra le donne, a Vicenza Marathon. Poi \u00e8 toccato ai giovani. Nella categoria cadetti, titoli individuali per Riccardo Cenedese (Silca Ultralite Vittorio Veneto) e Sofia Isaurico (Athletic Club Firex Belluno). Tra i ragazzi, ori per Giacomo Polesel (Atl. San Biagio) e Ludovica Dambruoso (Valley Athletics Team). Il Csi Atletica Provincia di Vicenza si \u00e8 aggiudicato la classifica promozionale assoluta, vincendo anche tre classifiche di categoria su quattro (cadetti, ragazzi e ragazze). Il titolo cadette di societ\u00e0 \u00e8 andato invece alle veneziane dell\u2019Atletica Albore Martellago. A livello assoluto, la \u201ccombinata\u201d di societ\u00e0 ha premiato l\u2019Atletica Vicentina tra gli uomini e le padrone di casa del Gs La Piave 2000 tra le donne, arrivate ad un titolo inatteso e di valenza storica per la provincia di Belluno. Ori maschili di categoria per Atletica San Biagio (seniores\/promesse), Vittorio Atletica (juniores) e Ana Atletica Feltre (allievi). In campo femminile, vittorie regionali invece per Atletica Ponzano (seniores\/promesse), Ana Atletica Feltre (juniores) e Gs La Piave 2000 (allieve). Il club di casa ha festeggiato anche la vittoria di Francesco Da Vi\u00e0 nei 10 km della gara assoluta maschile, mentre nei sette chilometri femminili si \u00e8 imposta la vicentina Marta Fabris (Team Km Sport).<\/p>\n<p>&nbsp;<\/p>\n<h2><span style=\"color: #ff6600;\">DA DEDICHE E RICHIESTE DI MERCOLEDI&#8217; SERA<\/span><\/h2>\n<blockquote>\n<h3>LA STORIA. SIMONE, 21 ANNI SI LICENZIA DA LUXOTTICA (POSTO FISSO) PER FARE IL PANETTIERE<\/h3>\n<\/blockquote>\n<p><strong><img loading=\"lazy\" decoding=\"async\" class=\"alignleft\" src=\"https:\/\/www.radiopiu.net\/wordpress\/wp-content\/uploads\/2023\/02\/e4b22693-5dec-47c8-82ba-d0fc87aa1530.jpg\" width=\"182\" height=\"180\" \/>REDAZIONE<\/strong> Prendi Simone&#8230; Simone Moro, 21 anni da poco uscito nel mondo della scuola e in un battibaleno ritrovatosi proiettato in quello del lavoro. Primo impiego in Luxottica, ragazzo di valore e posto fisso assicurato. Fatta. Molti, di pi\u00f9 generazioni l&#8217;hanno spesso pensata cos\u00ec. Simone no. Dopo un periodo in fabbrica la decisione, entrare in altri mondi e tra poco capiremo il perch\u00e8 ascoltando il suo intervento. Fuori da Luxottica un secondo impiego stagionale in un Rifugio, di quelli che si raggiungono solo a piedi e che comporta fatica, sacrificio, tutto ripagato da grandi soddisfazioni sensoriali e non solo. Quindi l&#8217;impiego attuale: panettiere.\u00a0 Simone Moro \u00e8 stato ospite della trasmissione del mercoledi sera, quattro amici attorno al mixer con Simonetta Tom\u00e8, Moreno Tocchetto, Marco Gaz e Mirko Mezzacasa<\/p>\n<p><strong>AUDIO\u00a0<\/strong><\/p>\n<audio class=\"wp-audio-shortcode\" id=\"audio-323824-7\" preload=\"none\" style=\"width: 100%;\" controls=\"controls\"><source type=\"audio\/mpeg\" src=\"https:\/\/www.radiopiu.net\/wordpress\/wp-content\/uploads\/2023\/02\/simone.mp3?_=7\" \/><a href=\"https:\/\/www.radiopiu.net\/wordpress\/wp-content\/uploads\/2023\/02\/simone.mp3\">https:\/\/www.radiopiu.net\/wordpress\/wp-content\/uploads\/2023\/02\/simone.mp3<\/a><\/audio>\n<p>&nbsp;<\/p>\n<p>&nbsp;<\/p>\n<blockquote>\n<h3>LA STORIA&#8230;MAGGIORENNE IN MESSICO CON LA NOSTALGIA PER BELLUNO<\/h3>\n<\/blockquote>\n<p><strong><a class=\"dt-pswp-item\" href=\"https:\/\/www.radiopiu.net\/wordpress\/wp-content\/uploads\/2023\/02\/321187873_140911892140592_1327614310526744323_n.jpg\" data-dt-img-description=\"\" data-large_image_width=\"640\" data-large_image_height=\"640\"><img loading=\"lazy\" decoding=\"async\" class=\"wp-image-323497 alignleft\" src=\"https:\/\/www.radiopiu.net\/wordpress\/wp-content\/uploads\/2023\/02\/321187873_140911892140592_1327614310526744323_n-300x300.jpg\" alt=\"\" width=\"187\" height=\"187\" srcset=\"https:\/\/www.radiopiu.net\/wordpress\/wp-content\/uploads\/2023\/02\/321187873_140911892140592_1327614310526744323_n-300x300.jpg 300w, https:\/\/www.radiopiu.net\/wordpress\/wp-content\/uploads\/2023\/02\/321187873_140911892140592_1327614310526744323_n-150x150.jpg 150w, https:\/\/www.radiopiu.net\/wordpress\/wp-content\/uploads\/2023\/02\/321187873_140911892140592_1327614310526744323_n.jpg 640w\" sizes=\"auto, (max-width: 187px) 100vw, 187px\" \/><\/a>REDAZIONE<\/strong> Giulia Moro, bellunesi, maggiorenne da poche settimana, dallo scorso giorno della befana. Il diciottesimo anno l&#8217;ha festeggiato in Messico, da Belluno \u00e8 partita la scorsa estate per un anno di studio ben oltre confine. Un&#8217;esperienza che consiglia ai giovani della sua generazione, Giulia si racconta a RADIOPIU al programma del mercoledi sera 4 amici attorno al mixer con Simonetta Tom\u00e8, Moreno Tocchetto, Marco Gaz e Mirko Mezzacasa<\/p>\n<p><strong>AUDIO<\/strong><\/p>\n<audio class=\"wp-audio-shortcode\" id=\"audio-323824-8\" preload=\"none\" style=\"width: 100%;\" controls=\"controls\"><source type=\"audio\/mpeg\" src=\"https:\/\/www.radiopiu.net\/wordpress\/wp-content\/uploads\/2023\/02\/giulia.mp3?_=8\" \/><a href=\"https:\/\/www.radiopiu.net\/wordpress\/wp-content\/uploads\/2023\/02\/giulia.mp3\">https:\/\/www.radiopiu.net\/wordpress\/wp-content\/uploads\/2023\/02\/giulia.mp3<\/a><\/audio>\n<p>&nbsp;<\/p>\n<p>&nbsp;<\/p>\n<blockquote>\n<h3>ANNA VALT, LA PIU&#8217; BELLA DELLA VALLE DEL BIOIS. LA ZINGHENESTA<\/h3>\n<\/blockquote>\n<p><strong><img loading=\"lazy\" decoding=\"async\" class=\"alignleft\" src=\"https:\/\/www.radiopiu.net\/wordpress\/wp-content\/uploads\/2023\/02\/anna-valt-zinghenesta-2023.jpg\" width=\"279\" height=\"186\" \/>REDAZIONE<\/strong> Anna poco pi\u00f9 che ventenne, bella, nel fiore dell&#8217;et\u00e0 e della freschezza. Non solo bella, pure spigliata, sorridente e innamorata del suo Riccardo. Lo abbiamo scoperto mercoledi sera, nel programma 4 amici attorno al mixer, la radio come 40 anni fa con Simonetta, Moreno, Marco e Mirco. Un incontro davvero piacevole,<\/p>\n<p><strong>AUDIO<\/strong><\/p>\n<audio class=\"wp-audio-shortcode\" id=\"audio-323824-9\" preload=\"none\" style=\"width: 100%;\" controls=\"controls\"><source type=\"audio\/mpeg\" src=\"https:\/\/www.radiopiu.net\/wordpress\/wp-content\/uploads\/2023\/02\/ANNA.mp3?_=9\" \/><a href=\"https:\/\/www.radiopiu.net\/wordpress\/wp-content\/uploads\/2023\/02\/ANNA.mp3\">https:\/\/www.radiopiu.net\/wordpress\/wp-content\/uploads\/2023\/02\/ANNA.mp3<\/a><\/audio>\n<p>&nbsp;<\/p>\n<p>&nbsp;<\/p>\n<blockquote>\n<h3>ELSA E CANDIDO I CENTENARI DI ROCCA PIETORE, DE BERNARDIN &#8220;MA VI SEMBRA L&#8217;ORA DI CHIAMARE?&#8221;<\/h3>\n<\/blockquote>\n<p><strong><img loading=\"lazy\" decoding=\"async\" class=\"alignleft\" src=\"https:\/\/www.radiopiu.net\/wordpress\/wp-content\/uploads\/2021\/03\/ANDREA-DE-BERNARDIN.jpg\" width=\"306\" height=\"172\" \/>REDAZIONE<\/strong> Abbiamo rischiato di essere mandati a quel paese, in effetti svegliare un sindaco alle dieci e mezza di sera \u00e8 un azzardo, ma alla fine il primo cittadino \u00e8 stato al &#8220;gioco&#8221; del programma serale del mercoledi con Simonetta, Marco, Moreno e Mirko. Con Andrea De Bernardin gli auguri ai centenari, a Elsa che a 96 anni era sul tetto a spalare la neve, a Candido che a 100 anni suonava la fisarmonica a bocca versando il vino a mano ferma. &#8220;Non mi ricandido&#8221; dice il sindaco &#8220;Non possono sono al terzo mandato come i colleghi Moreno De Val e Fabio Luchetta&#8221;. Momento ideale per concentrarsi sul nuovo incarico come segretario della Lega Nord. Volutamente sfiorato ed evitato il caso &#8220;lazzaroni-assistenzialisti&#8221; e relativa ultima decisione del Tribunale.<\/p>\n<p>AUDIO<\/p>\n<audio class=\"wp-audio-shortcode\" id=\"audio-323824-10\" preload=\"none\" style=\"width: 100%;\" controls=\"controls\"><source type=\"audio\/mpeg\" src=\"https:\/\/www.radiopiu.net\/wordpress\/wp-content\/uploads\/2023\/02\/ANDREA-1.mp3?_=10\" \/><a href=\"https:\/\/www.radiopiu.net\/wordpress\/wp-content\/uploads\/2023\/02\/ANDREA-1.mp3\">https:\/\/www.radiopiu.net\/wordpress\/wp-content\/uploads\/2023\/02\/ANDREA-1.mp3<\/a><\/audio>\n<p>&nbsp;<\/p>\n<p>&nbsp;<\/p>\n<blockquote>\n<h3>DA CAMPO, MARCHIO DELL&#8217;ACCOGLIENZA E TURISMO A VOLTAGO<\/h3>\n<\/blockquote>\n<p><strong><a class=\"dt-pswp-item\" href=\"https:\/\/www.radiopiu.net\/wordpress\/wp-content\/uploads\/2023\/02\/55964152_325905611444023_8252929764076027904_n.jpg\" data-dt-img-description=\"\" data-large_image_width=\"640\" data-large_image_height=\"640\"><img loading=\"lazy\" decoding=\"async\" class=\"wp-image-323590 alignleft\" src=\"https:\/\/www.radiopiu.net\/wordpress\/wp-content\/uploads\/2023\/02\/55964152_325905611444023_8252929764076027904_n-300x300.jpg\" alt=\"\" width=\"175\" height=\"175\" srcset=\"https:\/\/www.radiopiu.net\/wordpress\/wp-content\/uploads\/2023\/02\/55964152_325905611444023_8252929764076027904_n-300x300.jpg 300w, https:\/\/www.radiopiu.net\/wordpress\/wp-content\/uploads\/2023\/02\/55964152_325905611444023_8252929764076027904_n-150x150.jpg 150w, https:\/\/www.radiopiu.net\/wordpress\/wp-content\/uploads\/2023\/02\/55964152_325905611444023_8252929764076027904_n.jpg 640w\" sizes=\"auto, (max-width: 175px) 100vw, 175px\" \/><\/a>REDAZIONE<\/strong> Duilio Da Campo, da quarant&#8217;anni al servizio di un paese con il suo punto vendita alimentari di riferimento, ma anche con la distribuzione della spesa a domicilio. E poi il bar, albergo, ristorante e pizzeria gestito dai fratelli. Angelo, Ilario e Duilio, una pagina di storia per il paese di Voltago, cos\u00ec per chi li ha preceduti credendo nell&#8217;accoglienza e nel turismo ai piedi dell&#8217;Agner. Duilio ha aperto il programma dei mercoledi di sera, alla radio come 40 anni fa con Moreno, Mirko, Marco e Simonetta<\/p>\n<p><strong>AUDIO<\/strong><\/p>\n<audio class=\"wp-audio-shortcode\" id=\"audio-323824-11\" preload=\"none\" style=\"width: 100%;\" controls=\"controls\"><source type=\"audio\/mpeg\" src=\"https:\/\/www.radiopiu.net\/wordpress\/wp-content\/uploads\/2023\/02\/DUILIO.mp3?_=11\" \/><a href=\"https:\/\/www.radiopiu.net\/wordpress\/wp-content\/uploads\/2023\/02\/DUILIO.mp3\">https:\/\/www.radiopiu.net\/wordpress\/wp-content\/uploads\/2023\/02\/DUILIO.mp3<\/a><\/audio>\n<p>&nbsp;<\/p>\n<p>&nbsp;<\/p>\n<p>&nbsp;<\/p>\n","protected":false},"excerpt":{"rendered":"<p>RADIO PIU INFORMAZIONE il canale su TELEGRAM informazione di prima\u00a0 mano e in tempo reale. iscriviti ed aiutaci a farlo conoscere\u00a0 \u00a0\u00a0 Addio al giornalista Curzio Maltese talento della scrittura e dell&#8217;analisi, aveva 63 anni &nbsp; ISCRIVITI AL NOSTRO CANALE YOUTUBE PER SEGUIRE IN DIRETTA I PRINCIPALI PROGRAMMI DI RADIO PIU&#8217; E LE FUTURE DIRETTE&hellip;<\/p>\n","protected":false},"author":4,"featured_media":324010,"comment_status":"closed","ping_status":"closed","sticky":false,"template":"","format":"standard","meta":{"_monsterinsights_skip_tracking":false,"_monsterinsights_sitenote_active":false,"_monsterinsights_sitenote_note":"","_monsterinsights_sitenote_category":0,"footnotes":""},"categories":[51,86,49],"tags":[],"class_list":["post-323824","post","type-post","status-publish","format-standard","has-post-thumbnail","hentry","category-evidenza-top","category-gr","category-news-18","category-51","category-86","category-49","description-off"],"img_url":"https:\/\/www.radiopiu.net\/wordpress\/wp-content\/uploads\/2023\/02\/37986836-9ec6-48e0-8b49-8319d58b934e.jpg","_links":{"self":[{"href":"https:\/\/www.radiopiu.net\/wordpress\/wp-json\/wp\/v2\/posts\/323824","targetHints":{"allow":["GET"]}}],"collection":[{"href":"https:\/\/www.radiopiu.net\/wordpress\/wp-json\/wp\/v2\/posts"}],"about":[{"href":"https:\/\/www.radiopiu.net\/wordpress\/wp-json\/wp\/v2\/types\/post"}],"author":[{"embeddable":true,"href":"https:\/\/www.radiopiu.net\/wordpress\/wp-json\/wp\/v2\/users\/4"}],"replies":[{"embeddable":true,"href":"https:\/\/www.radiopiu.net\/wordpress\/wp-json\/wp\/v2\/comments?post=323824"}],"version-history":[{"count":0,"href":"https:\/\/www.radiopiu.net\/wordpress\/wp-json\/wp\/v2\/posts\/323824\/revisions"}],"wp:featuredmedia":[{"embeddable":true,"href":"https:\/\/www.radiopiu.net\/wordpress\/wp-json\/wp\/v2\/media\/324010"}],"wp:attachment":[{"href":"https:\/\/www.radiopiu.net\/wordpress\/wp-json\/wp\/v2\/media?parent=323824"}],"wp:term":[{"taxonomy":"category","embeddable":true,"href":"https:\/\/www.radiopiu.net\/wordpress\/wp-json\/wp\/v2\/categories?post=323824"},{"taxonomy":"post_tag","embeddable":true,"href":"https:\/\/www.radiopiu.net\/wordpress\/wp-json\/wp\/v2\/tags?post=323824"}],"curies":[{"name":"wp","href":"https:\/\/api.w.org\/{rel}","templated":true}]}}