{"id":323861,"date":"2023-02-25T14:56:59","date_gmt":"2023-02-25T13:56:59","guid":{"rendered":"https:\/\/www.radiopiu.net\/wordpress\/?p=323861"},"modified":"2023-02-25T14:56:59","modified_gmt":"2023-02-25T13:56:59","slug":"raffreddamento-epidemico-covid-lulss-dolomiti-riduce-lofferta-tamponi","status":"publish","type":"post","link":"https:\/\/www.radiopiu.net\/wordpress\/raffreddamento-epidemico-covid-lulss-dolomiti-riduce-lofferta-tamponi\/","title":{"rendered":"RAFFREDDAMENTO EPIDEMICO COVID: L\u2019ULSS DOLOMITI RIDUCE L\u2019OFFERTA TAMPONI"},"content":{"rendered":"<p><strong><a class=\"dt-pswp-item\" href=\"https:\/\/www.radiopiu.net\/wordpress\/wp-content\/uploads\/2020\/11\/sagrogna-tamponi.jpg\" data-dt-img-description=\"\" data-large_image_width=\"1600\" data-large_image_height=\"1200\"><img loading=\"lazy\" decoding=\"async\" class=\" wp-image-170874 alignleft\" src=\"https:\/\/www.radiopiu.net\/wordpress\/wp-content\/uploads\/2020\/11\/sagrogna-tamponi-300x225.jpg\" alt=\"\" width=\"175\" height=\"131\" srcset=\"https:\/\/www.radiopiu.net\/wordpress\/wp-content\/uploads\/2020\/11\/sagrogna-tamponi-300x225.jpg 300w, https:\/\/www.radiopiu.net\/wordpress\/wp-content\/uploads\/2020\/11\/sagrogna-tamponi-1024x768.jpg 1024w, https:\/\/www.radiopiu.net\/wordpress\/wp-content\/uploads\/2020\/11\/sagrogna-tamponi-768x576.jpg 768w, https:\/\/www.radiopiu.net\/wordpress\/wp-content\/uploads\/2020\/11\/sagrogna-tamponi-1536x1152.jpg 1536w, https:\/\/www.radiopiu.net\/wordpress\/wp-content\/uploads\/2020\/11\/sagrogna-tamponi.jpg 1600w\" sizes=\"auto, (max-width: 175px) 100vw, 175px\" \/><\/a>BELLUNO <\/strong>Alla luce del forte rallentamento epidemico registrato nelle ultime settimane, con incidenza settimanale ormai stabilmente prossima alla soglia di attenzione di 50 casi su 100.000 abitanti, l\u2019Ulss Dolomiti concentrer\u00e0 dal 1 marzo 2023 l\u2019offerta tamponi presso l\u2019ospedale di Belluno \u2013 prefabbricato adiacente blocco F, sospendendo l\u2019esecuzione del test, ormai ridotti a poche unit\u00e0, nei covid point di Paludi, Feltre, Agordo e Tai di Cadore. Questo consentir\u00e0 di recuperare personale infermieristico indispensabile per sostenere la ripresa delle attivit\u00e0 assistenziali ospedaliere e territoriali e di ridurre gli oneri di gestione dei \u00a0drive-in. I tamponi, Sempre con accesso drive in, saranno eseguiti nel nuovo covid point ospedaliero di Belluno\u00a0 tutte le mattine SU PRENOTAZIONE (dal sito www.aulss1.veneto) inclusi i giorni festivi (nei quali sar\u00e0 possibile l\u2019accesso libero per evitare l\u2019impegno prescrittivo delle Guardie Mediche). Rimangono attivi sul territorio per l\u2019esecuzione di tamponi diagnostici i medici e pediatri di famiglia e le farmacie. Le installazioni (tende etc) dei quattro drive in territoriali sospesi (Paludi, Feltre, Agordo e Tai di Cadore) al momento non saranno smantellate per massima cautela epidemiologica, con possibile\u00a0 riattivazione a seguito di\u00a0 eventuale ripresa della casistica Covid.<\/p>\n<p>&nbsp;<\/p>\n<p>&nbsp;<\/p>\n<p>******<\/p>\n","protected":false},"excerpt":{"rendered":"<p>BELLUNO Alla luce del forte rallentamento epidemico registrato nelle ultime settimane, con incidenza settimanale ormai stabilmente prossima alla soglia di attenzione di 50 casi su 100.000 abitanti, l\u2019Ulss Dolomiti concentrer\u00e0 dal 1 marzo 2023 l\u2019offerta tamponi presso l\u2019ospedale di Belluno \u2013 prefabbricato adiacente blocco F, sospendendo l\u2019esecuzione del test, ormai ridotti a poche unit\u00e0, nei&hellip;<\/p>\n","protected":false},"author":4,"featured_media":170874,"comment_status":"closed","ping_status":"closed","sticky":false,"template":"","format":"standard","meta":{"_monsterinsights_skip_tracking":false,"_monsterinsights_sitenote_active":false,"_monsterinsights_sitenote_note":"","_monsterinsights_sitenote_category":0,"footnotes":""},"categories":[49],"tags":[],"class_list":["post-323861","post","type-post","status-publish","format-standard","has-post-thumbnail","hentry","category-news-18","category-49","description-off"],"img_url":"https:\/\/www.radiopiu.net\/wordpress\/wp-content\/uploads\/2020\/11\/sagrogna-tamponi.jpg","_links":{"self":[{"href":"https:\/\/www.radiopiu.net\/wordpress\/wp-json\/wp\/v2\/posts\/323861","targetHints":{"allow":["GET"]}}],"collection":[{"href":"https:\/\/www.radiopiu.net\/wordpress\/wp-json\/wp\/v2\/posts"}],"about":[{"href":"https:\/\/www.radiopiu.net\/wordpress\/wp-json\/wp\/v2\/types\/post"}],"author":[{"embeddable":true,"href":"https:\/\/www.radiopiu.net\/wordpress\/wp-json\/wp\/v2\/users\/4"}],"replies":[{"embeddable":true,"href":"https:\/\/www.radiopiu.net\/wordpress\/wp-json\/wp\/v2\/comments?post=323861"}],"version-history":[{"count":0,"href":"https:\/\/www.radiopiu.net\/wordpress\/wp-json\/wp\/v2\/posts\/323861\/revisions"}],"wp:featuredmedia":[{"embeddable":true,"href":"https:\/\/www.radiopiu.net\/wordpress\/wp-json\/wp\/v2\/media\/170874"}],"wp:attachment":[{"href":"https:\/\/www.radiopiu.net\/wordpress\/wp-json\/wp\/v2\/media?parent=323861"}],"wp:term":[{"taxonomy":"category","embeddable":true,"href":"https:\/\/www.radiopiu.net\/wordpress\/wp-json\/wp\/v2\/categories?post=323861"},{"taxonomy":"post_tag","embeddable":true,"href":"https:\/\/www.radiopiu.net\/wordpress\/wp-json\/wp\/v2\/tags?post=323861"}],"curies":[{"name":"wp","href":"https:\/\/api.w.org\/{rel}","templated":true}]}}