{"id":323874,"date":"2023-02-27T05:27:32","date_gmt":"2023-02-27T04:27:32","guid":{"rendered":"https:\/\/www.radiopiu.net\/wordpress\/?p=323874"},"modified":"2023-02-27T05:48:16","modified_gmt":"2023-02-27T04:48:16","slug":"non-risponde-al-cellulare-ritrovato-illeso-dal-soccorso-alpino","status":"publish","type":"post","link":"https:\/\/www.radiopiu.net\/wordpress\/non-risponde-al-cellulare-ritrovato-illeso-dal-soccorso-alpino\/","title":{"rendered":"NON RISPONDE AL CELLULARE, RITROVATO ILLESO DAL SOCCORSO ALPINO"},"content":{"rendered":"<p><strong><a class=\"dt-pswp-item\" href=\"https:\/\/www.radiopiu.net\/wordpress\/wp-content\/uploads\/2018\/08\/soccorsoalpino.jpg\" data-dt-img-description=\"\" data-large_image_width=\"1200\" data-large_image_height=\"1200\"><img loading=\"lazy\" decoding=\"async\" class=\" wp-image-59164 alignleft\" src=\"https:\/\/www.radiopiu.net\/wordpress\/wp-content\/uploads\/2018\/08\/soccorsoalpino-300x300.jpg\" alt=\"\" width=\"102\" height=\"102\" srcset=\"https:\/\/www.radiopiu.net\/wordpress\/wp-content\/uploads\/2018\/08\/soccorsoalpino-300x300.jpg 300w, https:\/\/www.radiopiu.net\/wordpress\/wp-content\/uploads\/2018\/08\/soccorsoalpino-150x150.jpg 150w, https:\/\/www.radiopiu.net\/wordpress\/wp-content\/uploads\/2018\/08\/soccorsoalpino-768x768.jpg 768w, https:\/\/www.radiopiu.net\/wordpress\/wp-content\/uploads\/2018\/08\/soccorsoalpino-1024x1024.jpg 1024w, https:\/\/www.radiopiu.net\/wordpress\/wp-content\/uploads\/2018\/08\/soccorsoalpino.jpg 1200w\" sizes=\"auto, (max-width: 102px) 100vw, 102px\" \/><\/a>PIEVE DI CADORE<\/strong> Uscito questa mattina per scegliere le piante da abbattere nei boschi sopra Nebbi\u00f9, un 75enne di Pieve di Cadore non ha pi\u00f9 risposto alle chiamate al celulare, e, con la preoccupazione che gli fosse capitato qualcosa, verso le 13.30 \u00e8 scattato l&#8217;allarme. Una squadra del Soccorso alpino di Pieve di Cadore ha raggiunto il luogo dove l&#8217;uomo, profondo conoscitore della zona, doveva eseguire la martellata e lo ha ritrovato. Stava bene, aveva perso il telefono probabilmente a causa di una scivolata e in via precauzionale \u00e8 stato accompagnato all&#8217;ospedale per le verifiche del caso.<\/p>\n<p>&nbsp;<\/p>\n<p>&nbsp;<\/p>\n<p>******<\/p>\n","protected":false},"excerpt":{"rendered":"<p>PIEVE DI CADORE Uscito questa mattina per scegliere le piante da abbattere nei boschi sopra Nebbi\u00f9, un 75enne di Pieve di Cadore non ha pi\u00f9 risposto alle chiamate al celulare, e, con la preoccupazione che gli fosse capitato qualcosa, verso le 13.30 \u00e8 scattato l&#8217;allarme. Una squadra del Soccorso alpino di Pieve di Cadore ha&hellip;<\/p>\n","protected":false},"author":4,"featured_media":59164,"comment_status":"closed","ping_status":"closed","sticky":false,"template":"","format":"standard","meta":{"_monsterinsights_skip_tracking":false,"_monsterinsights_sitenote_active":false,"_monsterinsights_sitenote_note":"","_monsterinsights_sitenote_category":0,"footnotes":""},"categories":[51,49],"tags":[],"class_list":["post-323874","post","type-post","status-publish","format-standard","has-post-thumbnail","hentry","category-evidenza-top","category-news-18","category-51","category-49","description-off"],"img_url":"https:\/\/www.radiopiu.net\/wordpress\/wp-content\/uploads\/2018\/08\/soccorsoalpino.jpg","_links":{"self":[{"href":"https:\/\/www.radiopiu.net\/wordpress\/wp-json\/wp\/v2\/posts\/323874","targetHints":{"allow":["GET"]}}],"collection":[{"href":"https:\/\/www.radiopiu.net\/wordpress\/wp-json\/wp\/v2\/posts"}],"about":[{"href":"https:\/\/www.radiopiu.net\/wordpress\/wp-json\/wp\/v2\/types\/post"}],"author":[{"embeddable":true,"href":"https:\/\/www.radiopiu.net\/wordpress\/wp-json\/wp\/v2\/users\/4"}],"replies":[{"embeddable":true,"href":"https:\/\/www.radiopiu.net\/wordpress\/wp-json\/wp\/v2\/comments?post=323874"}],"version-history":[{"count":0,"href":"https:\/\/www.radiopiu.net\/wordpress\/wp-json\/wp\/v2\/posts\/323874\/revisions"}],"wp:featuredmedia":[{"embeddable":true,"href":"https:\/\/www.radiopiu.net\/wordpress\/wp-json\/wp\/v2\/media\/59164"}],"wp:attachment":[{"href":"https:\/\/www.radiopiu.net\/wordpress\/wp-json\/wp\/v2\/media?parent=323874"}],"wp:term":[{"taxonomy":"category","embeddable":true,"href":"https:\/\/www.radiopiu.net\/wordpress\/wp-json\/wp\/v2\/categories?post=323874"},{"taxonomy":"post_tag","embeddable":true,"href":"https:\/\/www.radiopiu.net\/wordpress\/wp-json\/wp\/v2\/tags?post=323874"}],"curies":[{"name":"wp","href":"https:\/\/api.w.org\/{rel}","templated":true}]}}