{"id":323954,"date":"2023-02-27T05:16:04","date_gmt":"2023-02-27T04:16:04","guid":{"rendered":"https:\/\/www.radiopiu.net\/wordpress\/?p=323954"},"modified":"2023-02-27T05:42:18","modified_gmt":"2023-02-27T04:42:18","slug":"rievocati-da-gianni-de-vecchi-riti-e-tradizioni-religiose-in-una-zona-delle-prealpi-bellunesi","status":"publish","type":"post","link":"https:\/\/www.radiopiu.net\/wordpress\/rievocati-da-gianni-de-vecchi-riti-e-tradizioni-religiose-in-una-zona-delle-prealpi-bellunesi\/","title":{"rendered":"RIEVOCATI DA GIANNI DE VECCHI  \u201cRITI E TRADIZIONI RELIGIOSE IN UNA ZONA DELLE PREALPI BELLUNESI\u201d"},"content":{"rendered":"<p><strong>di Renato Bona<\/strong><\/p>\n<p>Il maestro e storico Gianni De Vecchi \u00e8 l\u2019autore con Parisina Maria Canzan (Sedico 9 agosto 1911-19 febbraio 2017, pioniera della fotografia divenuta celebre nella provincia di Belluno per le sue immagini che testimoniavano la vita rurale dei paesi durante il XX secolo) del bellissimo libro \u201cLibano di Sedico\u201d contenente, fra l\u2019altro, \u201cNotizie e immagini dei Canzan, dinastia di fotografi di paese) edito a cura dell\u2019Istituto bellunese di ricerche sociali e culturali guidato dal prof. don Sergio Sacco, e stampato nel novembre 2000 dalla bellunese tipografia Piave, col contributo di Comune e Associazione Pro Loco di Sedico. In questa occasione ci soffermiamo sul capitolo intitolato: \u201cRiti e tradizioni religiose in una zona delle Prealpi Bellunesi\u201d nel quale De Vecchi esordisce ricordando che \u201c\u2026 Nella parte alta del comune di Sedico fino a qualche decennio fa vi si svolgevano riti ed erano in uso tradizioni di origine antichissima, forse addirittura precristiana, che erano motivo di festa e di aggregazione per le comunit\u00e0 di quei paesi\u201d e puntualizza: \u201cOggi sta avvenendo la sostituzione di tali riti e tradizioni con altri di importazione (anche d\u2019oltreoceano) basati esclusivamente sul consumismo e totalmente estranei alla nostra cultura\u201d. Ma\u2026 la devozione a San Giorgio (tanto caro alla gente di Barp, Bolago, Lib\u00e0no e Tisoi), alla Madonna del Sonno, e riprendere l\u2019antichissima tradizione della \u2018Festa dei campan\u00e8i\u2019, potranno essere ancora motivo di festa e di aggregazione, ma soprattutto consentiranno alla gente momenti di spiritualit\u00e0 e di conservare una propria identit\u00e0. Con la speranza &#8211; aggiunge l\u2019autore &#8211; che le splendide foto di Domenico e Maria Canzan non restino solo a ricordo di usi e tradizioni scomparsi per sempre. La devozione a San Giorgio. De Vecchi ricorda che \u201cappollaiata su una balza rocciosa a quasi 1300 metri di quota sopra il villaggio di Barp, sorge una chiesetta dedicata a San Giorgio, per secoli (e tuttora) molto cara agli abitanti della zona di Lib\u00e0no e Tisoi\u201d. Secondo la tradizione sarebbe opera di un frate eremita. Secondo altri sarebbe stata edificata dalla gente del posto. Esisteva gi\u00e0 nel 1392, essendo citata col vecchio nome di San Giorgio Dolada nel testamento di un certo Pasqualino di Bolzano Bellunese. Nel 1992 un furioso incendio devast\u00f2 i boschi circostanti senza danni per la chiesetta. Quella alla Madonna del Sonno a Lib\u00e0no si deve invece al contadino Ambrogio Rosso, persona assai stimata (fu anche amministratore comunale) che verso la fine del 1800, fece erigere un \u201ccapit\u00e8l\u201d in onore alla Madonna del Carmine di cui era devoto. Quando si sparse la voce che la Madonna guariva anche dall\u2019insonnia giunsero in pellegrinaggio persone da ogni paese e fu allora che la piet\u00e0 popolare le diede l\u2019appellativo di \u201cMadona de la Son\u201d. Valdenere; una chiesa scomparsa e una sorgente di acqua santa, Sotto questo titolo De Vecchi riferisce a proposito della chiesa col nome della localit\u00e0 in zona Lib\u00e0no-Bolago: \u201cSi dice che nel 1300 vi esistesse gi\u00e0 un qualche edificio sacro\u2026 \u00e8 possibile che il primo fosse sorto addirittura in epoca post-carolongia, ossia tra il 1000 e il 1100\u201d. Sempre secondo tradizione vi era sepolto il vescovo Felice II che nel 547 era a capo della diocesi di Belluno. Nel 1762 durante la ricostruzione del sacro edificio furono rinvenute ossa attribuite al presule, che vennero collocate ai piedi dell\u2019altare della Madonna. Nel tempo, la chiesa di Valdenere fu sconsacrata e venduta e da allora \u00e8 utilizzata per usi agricoli. Nei pressi c\u2019era una sorgente detta \u201cdell\u2019acqua santa\u201d e secondo la leggenda San Salvatore che conduceva vita eremitica a San Giorgio, andando a dissetarsi lasci\u00f2 l\u2019impronta di un piede su un sasso, purtroppo sparito in occasione di lavori. \u201cGridar la Sensa\u201d: \u00e8 il rito antico del quale non sono note le origini col quale si annunciava, gridando, l\u2019Ascensione di Ges\u00f9 Cristo. Concludiamo con un accenno anche a \u201cLa festa dei campan\u00e8i\u201d, antichissima, in occasione della quale, il 6 gennaio, i soli maschi suonavano i campanacci delle mucche al pascolo. Un rito propiziatorio per avere un buon raccolto.<\/p>\n\n\t\t\t<style type='text\/css'>\n\t\t\t\t#gallery-1 {\n\t\t\t\t\tmargin: auto;\n\t\t\t\t}\n\t\t\t\t#gallery-1 .gallery-item {\n\t\t\t\t\tfloat: left;\n\t\t\t\t\tmargin-top: 10px;\n\t\t\t\t\ttext-align: center;\n\t\t\t\t\twidth: 16%;\n\t\t\t\t}\n\t\t\t\t#gallery-1 img {\n\t\t\t\t\tborder: 2px solid #cfcfcf;\n\t\t\t\t}\n\t\t\t\t#gallery-1 .gallery-caption {\n\t\t\t\t\tmargin-left: 0;\n\t\t\t\t}\n\t\t\t\t\/* see gallery_shortcode() in wp-includes\/media.php *\/\n\t\t\t<\/style>\n\t\t<div id='gallery-1' class='dt-gallery-container gallery galleryid-323954 gallery-columns-6 gallery-size-thumbnail'><dl class='gallery-item'>\n\t\t\t\t<dt class='gallery-icon landscape'>\n\t\t\t\t\t<a class=\"rollover rollover-zoom dt-pswp-item\" title=\"333248754_589809059680217_2357850042293758373_n\" data-dt-img-description=\"\" data-large_image_width=\"415\" data-large_image_height=\"403\"href='https:\/\/www.radiopiu.net\/wordpress\/wp-content\/uploads\/2023\/02\/333248754_589809059680217_2357850042293758373_n.jpg'><img loading=\"lazy\" decoding=\"async\" width=\"150\" height=\"150\" src=\"https:\/\/www.radiopiu.net\/wordpress\/wp-content\/uploads\/2023\/02\/333248754_589809059680217_2357850042293758373_n-150x150.jpg\" class=\"attachment-thumbnail size-thumbnail\" alt=\"\" \/><\/a>\n\t\t\t\t<\/dt><\/dl><dl class='gallery-item'>\n\t\t\t\t<dt class='gallery-icon portrait'>\n\t\t\t\t\t<a class=\"rollover rollover-zoom dt-pswp-item\" title=\"332413991_117012097982701_1654152837104324273_n\" data-dt-img-description=\"\" data-large_image_width=\"310\" data-large_image_height=\"480\"href='https:\/\/www.radiopiu.net\/wordpress\/wp-content\/uploads\/2023\/02\/332413991_117012097982701_1654152837104324273_n.jpg'><img loading=\"lazy\" decoding=\"async\" width=\"150\" height=\"150\" src=\"https:\/\/www.radiopiu.net\/wordpress\/wp-content\/uploads\/2023\/02\/332413991_117012097982701_1654152837104324273_n-150x150.jpg\" class=\"attachment-thumbnail size-thumbnail\" alt=\"\" \/><\/a>\n\t\t\t\t<\/dt><\/dl><dl class='gallery-item'>\n\t\t\t\t<dt class='gallery-icon portrait'>\n\t\t\t\t\t<a class=\"rollover rollover-zoom dt-pswp-item\" title=\"332939892_1386497282100977_8456868882043122764_n\" data-dt-img-description=\"\" data-large_image_width=\"305\" data-large_image_height=\"414\"href='https:\/\/www.radiopiu.net\/wordpress\/wp-content\/uploads\/2023\/02\/332939892_1386497282100977_8456868882043122764_n.jpg'><img loading=\"lazy\" decoding=\"async\" width=\"150\" height=\"150\" src=\"https:\/\/www.radiopiu.net\/wordpress\/wp-content\/uploads\/2023\/02\/332939892_1386497282100977_8456868882043122764_n-150x150.jpg\" class=\"attachment-thumbnail size-thumbnail\" alt=\"\" \/><\/a>\n\t\t\t\t<\/dt><\/dl><dl class='gallery-item'>\n\t\t\t\t<dt class='gallery-icon portrait'>\n\t\t\t\t\t<a class=\"rollover rollover-zoom dt-pswp-item\" title=\"332105881_1556688411408278_8082789784126694320_n\" data-dt-img-description=\"\" data-large_image_width=\"343\" data-large_image_height=\"403\"href='https:\/\/www.radiopiu.net\/wordpress\/wp-content\/uploads\/2023\/02\/332105881_1556688411408278_8082789784126694320_n.jpg'><img loading=\"lazy\" decoding=\"async\" width=\"150\" height=\"150\" src=\"https:\/\/www.radiopiu.net\/wordpress\/wp-content\/uploads\/2023\/02\/332105881_1556688411408278_8082789784126694320_n-150x150.jpg\" class=\"attachment-thumbnail size-thumbnail\" alt=\"\" \/><\/a>\n\t\t\t\t<\/dt><\/dl><dl class='gallery-item'>\n\t\t\t\t<dt class='gallery-icon landscape'>\n\t\t\t\t\t<a class=\"rollover rollover-zoom dt-pswp-item\" title=\"332362527_1359250081580263_26093226056221784_n\" data-dt-img-description=\"\" data-large_image_width=\"580\" data-large_image_height=\"403\"href='https:\/\/www.radiopiu.net\/wordpress\/wp-content\/uploads\/2023\/02\/332362527_1359250081580263_26093226056221784_n.jpg'><img loading=\"lazy\" decoding=\"async\" width=\"150\" height=\"150\" src=\"https:\/\/www.radiopiu.net\/wordpress\/wp-content\/uploads\/2023\/02\/332362527_1359250081580263_26093226056221784_n-150x150.jpg\" class=\"attachment-thumbnail size-thumbnail\" alt=\"\" \/><\/a>\n\t\t\t\t<\/dt><\/dl><dl class='gallery-item'>\n\t\t\t\t<dt class='gallery-icon landscape'>\n\t\t\t\t\t<a class=\"rollover rollover-zoom dt-pswp-item\" title=\"331931459_1140693469953604_692827514045098473_n\" data-dt-img-description=\"\" data-large_image_width=\"654\" data-large_image_height=\"403\"href='https:\/\/www.radiopiu.net\/wordpress\/wp-content\/uploads\/2023\/02\/331931459_1140693469953604_692827514045098473_n.jpg'><img loading=\"lazy\" decoding=\"async\" width=\"150\" height=\"150\" src=\"https:\/\/www.radiopiu.net\/wordpress\/wp-content\/uploads\/2023\/02\/331931459_1140693469953604_692827514045098473_n-150x150.jpg\" class=\"attachment-thumbnail size-thumbnail\" alt=\"\" \/><\/a>\n\t\t\t\t<\/dt><\/dl><br style=\"clear: both\" \/><dl class='gallery-item'>\n\t\t\t\t<dt class='gallery-icon landscape'>\n\t\t\t\t\t<a class=\"rollover rollover-zoom dt-pswp-item\" title=\"332156286_541206254745297_3576117941534889855_n\" data-dt-img-description=\"\" data-large_image_width=\"668\" data-large_image_height=\"403\"href='https:\/\/www.radiopiu.net\/wordpress\/wp-content\/uploads\/2023\/02\/332156286_541206254745297_3576117941534889855_n.jpg'><img loading=\"lazy\" decoding=\"async\" width=\"150\" height=\"150\" src=\"https:\/\/www.radiopiu.net\/wordpress\/wp-content\/uploads\/2023\/02\/332156286_541206254745297_3576117941534889855_n-150x150.jpg\" class=\"attachment-thumbnail size-thumbnail\" alt=\"\" \/><\/a>\n\t\t\t\t<\/dt><\/dl><dl class='gallery-item'>\n\t\t\t\t<dt class='gallery-icon landscape'>\n\t\t\t\t\t<a class=\"rollover rollover-zoom dt-pswp-item\" title=\"332636111_3401554823495186_4802966839771021105_n\" data-dt-img-description=\"\" data-large_image_width=\"598\" data-large_image_height=\"403\"href='https:\/\/www.radiopiu.net\/wordpress\/wp-content\/uploads\/2023\/02\/332636111_3401554823495186_4802966839771021105_n.jpg'><img loading=\"lazy\" decoding=\"async\" width=\"150\" height=\"150\" src=\"https:\/\/www.radiopiu.net\/wordpress\/wp-content\/uploads\/2023\/02\/332636111_3401554823495186_4802966839771021105_n-150x150.jpg\" class=\"attachment-thumbnail size-thumbnail\" alt=\"\" \/><\/a>\n\t\t\t\t<\/dt><\/dl><dl class='gallery-item'>\n\t\t\t\t<dt class='gallery-icon portrait'>\n\t\t\t\t\t<a class=\"rollover rollover-zoom dt-pswp-item\" title=\"332454806_3484838335069119_1746405995569772367_n\" data-dt-img-description=\"\" data-large_image_width=\"320\" data-large_image_height=\"464\"href='https:\/\/www.radiopiu.net\/wordpress\/wp-content\/uploads\/2023\/02\/332454806_3484838335069119_1746405995569772367_n.jpg'><img loading=\"lazy\" decoding=\"async\" width=\"150\" height=\"150\" src=\"https:\/\/www.radiopiu.net\/wordpress\/wp-content\/uploads\/2023\/02\/332454806_3484838335069119_1746405995569772367_n-150x150.jpg\" class=\"attachment-thumbnail size-thumbnail\" alt=\"\" \/><\/a>\n\t\t\t\t<\/dt><\/dl><dl class='gallery-item'>\n\t\t\t\t<dt class='gallery-icon portrait'>\n\t\t\t\t\t<a class=\"rollover rollover-zoom dt-pswp-item\" title=\"331683336_5943340225754931_2245127459796975753_n\" data-dt-img-description=\"\" data-large_image_width=\"320\" data-large_image_height=\"515\"href='https:\/\/www.radiopiu.net\/wordpress\/wp-content\/uploads\/2023\/02\/331683336_5943340225754931_2245127459796975753_n.jpg'><img loading=\"lazy\" decoding=\"async\" width=\"150\" height=\"150\" src=\"https:\/\/www.radiopiu.net\/wordpress\/wp-content\/uploads\/2023\/02\/331683336_5943340225754931_2245127459796975753_n-150x150.jpg\" class=\"attachment-thumbnail size-thumbnail\" alt=\"\" \/><\/a>\n\t\t\t\t<\/dt><\/dl><dl class='gallery-item'>\n\t\t\t\t<dt class='gallery-icon landscape'>\n\t\t\t\t\t<a class=\"rollover rollover-zoom dt-pswp-item\" title=\"332774108_895613704896151_8511113457297197185_n\" data-dt-img-description=\"\" data-large_image_width=\"541\" data-large_image_height=\"403\"href='https:\/\/www.radiopiu.net\/wordpress\/wp-content\/uploads\/2023\/02\/332774108_895613704896151_8511113457297197185_n.jpg'><img loading=\"lazy\" decoding=\"async\" width=\"150\" height=\"150\" src=\"https:\/\/www.radiopiu.net\/wordpress\/wp-content\/uploads\/2023\/02\/332774108_895613704896151_8511113457297197185_n-150x150.jpg\" class=\"attachment-thumbnail size-thumbnail\" alt=\"\" \/><\/a>\n\t\t\t\t<\/dt><\/dl><dl class='gallery-item'>\n\t\t\t\t<dt class='gallery-icon landscape'>\n\t\t\t\t\t<a class=\"rollover rollover-zoom dt-pswp-item\" title=\"331750565_896970378295736_2546381286068967277_n\" data-dt-img-description=\"\" data-large_image_width=\"591\" data-large_image_height=\"403\"href='https:\/\/www.radiopiu.net\/wordpress\/wp-content\/uploads\/2023\/02\/331750565_896970378295736_2546381286068967277_n.jpg'><img loading=\"lazy\" decoding=\"async\" width=\"150\" height=\"150\" src=\"https:\/\/www.radiopiu.net\/wordpress\/wp-content\/uploads\/2023\/02\/331750565_896970378295736_2546381286068967277_n-150x150.jpg\" class=\"attachment-thumbnail size-thumbnail\" alt=\"\" \/><\/a>\n\t\t\t\t<\/dt><\/dl><br style=\"clear: both\" \/><dl class='gallery-item'>\n\t\t\t\t<dt class='gallery-icon landscape'>\n\t\t\t\t\t<a class=\"rollover rollover-zoom dt-pswp-item\" title=\"332400266_505164414918184_8525641406891820595_n\" data-dt-img-description=\"\" data-large_image_width=\"521\" data-large_image_height=\"403\"href='https:\/\/www.radiopiu.net\/wordpress\/wp-content\/uploads\/2023\/02\/332400266_505164414918184_8525641406891820595_n.jpg'><img loading=\"lazy\" decoding=\"async\" width=\"150\" height=\"150\" src=\"https:\/\/www.radiopiu.net\/wordpress\/wp-content\/uploads\/2023\/02\/332400266_505164414918184_8525641406891820595_n-150x150.jpg\" class=\"attachment-thumbnail size-thumbnail\" alt=\"\" \/><\/a>\n\t\t\t\t<\/dt><\/dl><dl class='gallery-item'>\n\t\t\t\t<dt class='gallery-icon landscape'>\n\t\t\t\t\t<a class=\"rollover rollover-zoom dt-pswp-item\" title=\"332332791_1033689128019973_4210677309894208750_n\" data-dt-img-description=\"\" data-large_image_width=\"487\" data-large_image_height=\"403\"href='https:\/\/www.radiopiu.net\/wordpress\/wp-content\/uploads\/2023\/02\/332332791_1033689128019973_4210677309894208750_n.jpg'><img loading=\"lazy\" decoding=\"async\" width=\"150\" height=\"150\" src=\"https:\/\/www.radiopiu.net\/wordpress\/wp-content\/uploads\/2023\/02\/332332791_1033689128019973_4210677309894208750_n-150x150.jpg\" class=\"attachment-thumbnail size-thumbnail\" alt=\"\" \/><\/a>\n\t\t\t\t<\/dt><\/dl><dl class='gallery-item'>\n\t\t\t\t<dt class='gallery-icon landscape'>\n\t\t\t\t\t<a class=\"rollover rollover-zoom dt-pswp-item\" title=\"331748791_109709661997223_846807667186352451_n\" data-dt-img-description=\"\" data-large_image_width=\"618\" data-large_image_height=\"403\"href='https:\/\/www.radiopiu.net\/wordpress\/wp-content\/uploads\/2023\/02\/331748791_109709661997223_846807667186352451_n.jpg'><img loading=\"lazy\" decoding=\"async\" width=\"150\" height=\"150\" src=\"https:\/\/www.radiopiu.net\/wordpress\/wp-content\/uploads\/2023\/02\/331748791_109709661997223_846807667186352451_n-150x150.jpg\" class=\"attachment-thumbnail size-thumbnail\" alt=\"\" \/><\/a>\n\t\t\t\t<\/dt><\/dl><dl class='gallery-item'>\n\t\t\t\t<dt class='gallery-icon portrait'>\n\t\t\t\t\t<a class=\"rollover rollover-zoom dt-pswp-item\" title=\"333036296_1588199264988332_8670541951085983846_n\" data-dt-img-description=\"\" data-large_image_width=\"310\" data-large_image_height=\"403\"href='https:\/\/www.radiopiu.net\/wordpress\/wp-content\/uploads\/2023\/02\/333036296_1588199264988332_8670541951085983846_n.jpg'><img loading=\"lazy\" decoding=\"async\" width=\"150\" height=\"150\" src=\"https:\/\/www.radiopiu.net\/wordpress\/wp-content\/uploads\/2023\/02\/333036296_1588199264988332_8670541951085983846_n-150x150.jpg\" class=\"attachment-thumbnail size-thumbnail\" alt=\"\" \/><\/a>\n\t\t\t\t<\/dt><\/dl><dl class='gallery-item'>\n\t\t\t\t<dt class='gallery-icon portrait'>\n\t\t\t\t\t<a class=\"rollover rollover-zoom dt-pswp-item\" title=\"332904529_716702013498530_1657607077242842576_n\" data-dt-img-description=\"\" data-large_image_width=\"315\" data-large_image_height=\"480\"href='https:\/\/www.radiopiu.net\/wordpress\/wp-content\/uploads\/2023\/02\/332904529_716702013498530_1657607077242842576_n.jpg'><img loading=\"lazy\" decoding=\"async\" width=\"150\" height=\"150\" src=\"https:\/\/www.radiopiu.net\/wordpress\/wp-content\/uploads\/2023\/02\/332904529_716702013498530_1657607077242842576_n-150x150.jpg\" class=\"attachment-thumbnail size-thumbnail\" alt=\"\" \/><\/a>\n\t\t\t\t<\/dt><\/dl>\n\t\t\t\t<br style='clear: both' \/>\n\t\t\t<\/div>\n\n<p>&nbsp;<\/p>\n<p>NELLE FOTO (riproduzioni dal libro \u201cLibano di Sedico\u201d): la copertina del volume; gente di Lib\u00e0no, Bolago, Barp e Casoni mentre sale a San Giorgio (D.C. 1923); frati di Vedana davanti alla chiesa di Lib\u00e0no (M. C. 1973); cantori e fabbriceri di Lib\u00e0no con don Giacomo Viezzer davanti alla chiesetta di San Giorgio (D. C. 1930); ancora i cantori, vestiti a festa, in seconda fila, a met\u00e0, il parroco don Giuseppe Moreschi e, in piedi a sinistra, il maestro Tita Majer (D. C. 1909 circa); Ponte Mas: processione in onore di Santa Bartbara (D.C. 1932); le distributrici di \u201cFamiglia cristiana\u201d davanti Al capitello, poi demolito, che a Bolago era intitolato all\u2019Immacolata (M.C. 1955); l\u2019anziana Arcangela Rosso rincasa col \u201cfaldin\u201d e col \u201cnenzi\u00f3l\u201d pieno d\u2019erba\u201d; il \u201ccolore\u201d di madre con figlioletta (D.C. 1932); i gemelli Rosso con la mamma (D.C. 1929); chiesa di Valdenere, in primo piano la famiglia di Giulio Casanova (D.C. 1930 circa); ragazze che hanno partecipato al rito del \u201cgridar la Sensa\u201d a Bolago (D.C. 1926); i fratelli Zanette da Lib\u00e0no (D.C. 1932); Barp: foto ricordo davanti alla casa dei fratelli Nardin per i ragazzi che hanno suonato per l\u2019ultima volta i \u201ccampan\u00e8i il 6 gennaio 1976 (M.C.); consacrazione di don Giuseppe Fant nella chiesa di Lib\u00e0no (M.C. 1962); interno della chiesa di Sant\u2019Andrea a Barp, poi demolita (M.C. anni \u201850); quadretto della famiglia di Giulio Casanova (M.C. anni \u201850).<\/p>\n<p>&nbsp;<\/p>\n<p>&nbsp;<\/p>\n<p>******<\/p>\n","protected":false},"excerpt":{"rendered":"<p>di Renato Bona Il maestro e storico Gianni De Vecchi \u00e8 l\u2019autore con Parisina Maria Canzan (Sedico 9 agosto 1911-19 febbraio 2017, pioniera della fotografia divenuta celebre nella provincia di Belluno per le sue immagini che testimoniavano la vita rurale dei paesi durante il XX secolo) del bellissimo libro \u201cLibano di Sedico\u201d contenente, fra l\u2019altro,&hellip;<\/p>\n","protected":false},"author":4,"featured_media":323959,"comment_status":"closed","ping_status":"closed","sticky":false,"template":"","format":"standard","meta":{"_monsterinsights_skip_tracking":false,"_monsterinsights_sitenote_active":false,"_monsterinsights_sitenote_note":"","_monsterinsights_sitenote_category":0,"footnotes":""},"categories":[104,49],"tags":[],"class_list":["post-323954","post","type-post","status-publish","format-standard","has-post-thumbnail","hentry","category-evidenza_3","category-news-18","category-104","category-49","description-off"],"img_url":"https:\/\/www.radiopiu.net\/wordpress\/wp-content\/uploads\/2023\/02\/332362527_1359250081580263_26093226056221784_n.jpg","_links":{"self":[{"href":"https:\/\/www.radiopiu.net\/wordpress\/wp-json\/wp\/v2\/posts\/323954","targetHints":{"allow":["GET"]}}],"collection":[{"href":"https:\/\/www.radiopiu.net\/wordpress\/wp-json\/wp\/v2\/posts"}],"about":[{"href":"https:\/\/www.radiopiu.net\/wordpress\/wp-json\/wp\/v2\/types\/post"}],"author":[{"embeddable":true,"href":"https:\/\/www.radiopiu.net\/wordpress\/wp-json\/wp\/v2\/users\/4"}],"replies":[{"embeddable":true,"href":"https:\/\/www.radiopiu.net\/wordpress\/wp-json\/wp\/v2\/comments?post=323954"}],"version-history":[{"count":0,"href":"https:\/\/www.radiopiu.net\/wordpress\/wp-json\/wp\/v2\/posts\/323954\/revisions"}],"wp:featuredmedia":[{"embeddable":true,"href":"https:\/\/www.radiopiu.net\/wordpress\/wp-json\/wp\/v2\/media\/323959"}],"wp:attachment":[{"href":"https:\/\/www.radiopiu.net\/wordpress\/wp-json\/wp\/v2\/media?parent=323954"}],"wp:term":[{"taxonomy":"category","embeddable":true,"href":"https:\/\/www.radiopiu.net\/wordpress\/wp-json\/wp\/v2\/categories?post=323954"},{"taxonomy":"post_tag","embeddable":true,"href":"https:\/\/www.radiopiu.net\/wordpress\/wp-json\/wp\/v2\/tags?post=323954"}],"curies":[{"name":"wp","href":"https:\/\/api.w.org\/{rel}","templated":true}]}}