{"id":324032,"date":"2023-02-27T02:59:36","date_gmt":"2023-02-27T01:59:36","guid":{"rendered":"https:\/\/www.radiopiu.net\/wordpress\/?p=324032"},"modified":"2023-02-27T05:50:46","modified_gmt":"2023-02-27T04:50:46","slug":"giacomo-bressan-riconfermato-alla-guida-della-pro-loco-di-rivamonte","status":"publish","type":"post","link":"https:\/\/www.radiopiu.net\/wordpress\/giacomo-bressan-riconfermato-alla-guida-della-pro-loco-di-rivamonte\/","title":{"rendered":"GIACOMO BRESSAN RICONFERMATO ALLA GUIDA DELLA PRO LOCO DI RIVAMONTE"},"content":{"rendered":"<p><strong> <a class=\"dt-pswp-item\" href=\"https:\/\/www.radiopiu.net\/wordpress\/wp-content\/uploads\/2023\/02\/giacomo-bressan.png\" data-dt-img-description=\"\" data-large_image_width=\"622\" data-large_image_height=\"430\"><img loading=\"lazy\" decoding=\"async\" class=\" wp-image-324033 alignleft\" src=\"https:\/\/www.radiopiu.net\/wordpress\/wp-content\/uploads\/2023\/02\/giacomo-bressan-300x207.png\" alt=\"\" width=\"155\" height=\"107\" srcset=\"https:\/\/www.radiopiu.net\/wordpress\/wp-content\/uploads\/2023\/02\/giacomo-bressan-300x207.png 300w, https:\/\/www.radiopiu.net\/wordpress\/wp-content\/uploads\/2023\/02\/giacomo-bressan.png 622w\" sizes=\"auto, (max-width: 155px) 100vw, 155px\" \/><\/a>RIVAMONTE<\/strong> Giacomo Bressan \u00e8 stato confermato alla guida della Pro Loco di Rivamonte. Si \u00e8 svolta alla casa della giovent\u00f9 di Rivamonte l&#8217;assemblea dei soci. Oltre al rinnovo del consiglio di amministrazione, si \u00e8 parlato anche del bilancio e delle attivit\u00e0 svolte. Questo il nuovo direttivo: Presidente Giacomo Bressan, segretario Simone Fontanive, tesoriere Milena Rosson. Consiglieri: Silvia Mazzucco, Severina Stalliviere, Christian Brancaleone, Jacopo Bressan, Franco Pollazzon, Loris Fossen , Armando Lazzari, Christian Curti.<\/p>\n<p>&nbsp;<\/p>\n<p>&nbsp;<\/p>\n<p>*******<\/p>\n","protected":false},"excerpt":{"rendered":"<p>RIVAMONTE Giacomo Bressan \u00e8 stato confermato alla guida della Pro Loco di Rivamonte. Si \u00e8 svolta alla casa della giovent\u00f9 di Rivamonte l&#8217;assemblea dei soci. Oltre al rinnovo del consiglio di amministrazione, si \u00e8 parlato anche del bilancio e delle attivit\u00e0 svolte. Questo il nuovo direttivo: Presidente Giacomo Bressan, segretario Simone Fontanive, tesoriere Milena Rosson.&hellip;<\/p>\n","protected":false},"author":4,"featured_media":324033,"comment_status":"closed","ping_status":"closed","sticky":false,"template":"","format":"standard","meta":{"_monsterinsights_skip_tracking":false,"_monsterinsights_sitenote_active":false,"_monsterinsights_sitenote_note":"","_monsterinsights_sitenote_category":0,"footnotes":""},"categories":[51,49],"tags":[],"class_list":["post-324032","post","type-post","status-publish","format-standard","has-post-thumbnail","hentry","category-evidenza-top","category-news-18","category-51","category-49","description-off"],"img_url":"https:\/\/www.radiopiu.net\/wordpress\/wp-content\/uploads\/2023\/02\/giacomo-bressan.png","_links":{"self":[{"href":"https:\/\/www.radiopiu.net\/wordpress\/wp-json\/wp\/v2\/posts\/324032","targetHints":{"allow":["GET"]}}],"collection":[{"href":"https:\/\/www.radiopiu.net\/wordpress\/wp-json\/wp\/v2\/posts"}],"about":[{"href":"https:\/\/www.radiopiu.net\/wordpress\/wp-json\/wp\/v2\/types\/post"}],"author":[{"embeddable":true,"href":"https:\/\/www.radiopiu.net\/wordpress\/wp-json\/wp\/v2\/users\/4"}],"replies":[{"embeddable":true,"href":"https:\/\/www.radiopiu.net\/wordpress\/wp-json\/wp\/v2\/comments?post=324032"}],"version-history":[{"count":0,"href":"https:\/\/www.radiopiu.net\/wordpress\/wp-json\/wp\/v2\/posts\/324032\/revisions"}],"wp:featuredmedia":[{"embeddable":true,"href":"https:\/\/www.radiopiu.net\/wordpress\/wp-json\/wp\/v2\/media\/324033"}],"wp:attachment":[{"href":"https:\/\/www.radiopiu.net\/wordpress\/wp-json\/wp\/v2\/media?parent=324032"}],"wp:term":[{"taxonomy":"category","embeddable":true,"href":"https:\/\/www.radiopiu.net\/wordpress\/wp-json\/wp\/v2\/categories?post=324032"},{"taxonomy":"post_tag","embeddable":true,"href":"https:\/\/www.radiopiu.net\/wordpress\/wp-json\/wp\/v2\/tags?post=324032"}],"curies":[{"name":"wp","href":"https:\/\/api.w.org\/{rel}","templated":true}]}}