{"id":324096,"date":"2023-02-28T05:31:01","date_gmt":"2023-02-28T04:31:01","guid":{"rendered":"https:\/\/www.radiopiu.net\/wordpress\/?p=324096"},"modified":"2023-02-28T11:26:43","modified_gmt":"2023-02-28T10:26:43","slug":"giornale-radiopiu-28-febbraio-2023-direttore-mirko-mezzacasa-verso-i-40-anni-25-giugno-1983-25-giugno-2023","status":"publish","type":"post","link":"https:\/\/www.radiopiu.net\/wordpress\/giornale-radiopiu-28-febbraio-2023-direttore-mirko-mezzacasa-verso-i-40-anni-25-giugno-1983-25-giugno-2023\/","title":{"rendered":"GIORNALE RADIOPIU 28 FEBBRAIO 2023 DIRETTORE MIRKO MEZZACASA&#8230;verso i 40 anni 25 giugno 1983-25 giugno 2023"},"content":{"rendered":"<h3 class=\"kvgmc6g5 cxmmr5t8 oygrvhab hcukyx3x c1et5uql\"><span style=\"color: #0000ff;\"><strong>RADIO PIU INFORMAZIONE il canale su TELEGRAM informazione di prima\u00a0 <\/strong><strong>mano e in tempo reale. iscriviti ed aiutaci a farlo conoscere\u00a0<\/strong><\/span><\/h3>\n<h2 style=\"text-align: left;\"><span style=\"color: #ff0000;\">ISCRIVITI AL NOSTRO CANALE YOUTUBE PER SEGUIRE IN DIRETTA I PRINCIPALI PROGRAMMI DI RADIO PIU&#8217; E LE FUTURE DIRETTE IN ESTERNA. PER ISCRIVERTI <a style=\"color: #ff0000;\" href=\"https:\/\/youtube.com\/@radiopiu1527\">CLICCA QUI<\/a> E PREMI IL TASTO &#8220;Iscriviti&#8221;\u00a0<\/span><\/h2>\n<p>&nbsp;<\/p>\n<hr \/>\n<p>&nbsp;<\/p>\n<blockquote>\n<h3>ANCORA NESSUNA NOTIZIA DI ANTONIO, OGGI VOLONTARI DI NUOVO SUL CAMPO.<\/h3>\n<\/blockquote>\n<p><strong><a class=\"dt-pswp-item\" href=\"https:\/\/www.radiopiu.net\/wordpress\/wp-content\/uploads\/2023\/02\/IMG-20230226-WA0002.jpg\" data-dt-img-description=\"\" data-large_image_width=\"738\" data-large_image_height=\"979\"><img loading=\"lazy\" decoding=\"async\" class=\"wp-image-323904 alignleft\" src=\"https:\/\/www.radiopiu.net\/wordpress\/wp-content\/uploads\/2023\/02\/IMG-20230226-WA0002-226x300.jpg\" alt=\"\" width=\"127\" height=\"169\" srcset=\"https:\/\/www.radiopiu.net\/wordpress\/wp-content\/uploads\/2023\/02\/IMG-20230226-WA0002-226x300.jpg 226w, https:\/\/www.radiopiu.net\/wordpress\/wp-content\/uploads\/2023\/02\/IMG-20230226-WA0002.jpg 738w\" sizes=\"auto, (max-width: 127px) 100vw, 127px\" \/><\/a>ARSIE<\/strong>&#8216; Sono gi\u00e0 trascorsi tre giorni da quando sono scattate le ricerche, ma di Antonio Salina, 85enne feltrino di Celarda, uscito dalla casa di riposo di Arsi\u00e9 non c&#8217;\u00e8 traccia. Anche ieri in tanti\u00a0 lo hanno cercato. In azione anche l&#8217;elicottero dei vigili del fuoco che ha sorvolato fin dalla mattina il territorio. L&#8217;uomo si era allontanato dall&#8217;ospizio anche due mesi fa ed era stato ritrovato in localit\u00e0 Giaroni a Fonzaso. Tra le ipotesi che Antonio abbia chiesto il passaggio in auto e sia andato anche lontano e per questo c&#8217;era stato l&#8217;appello del sindaco Luca Strapazzon a chiunque lo avesse caricato in auto.<\/p>\n<blockquote><p><em>\u00a0Antonio, 85 anni da compiere di Feltre (BL), indossa giacca blu e pantaloni della tuta grigia. \u00c8 alto un metro e settanta, snello e ha un&#8217;andatura zoppicante. Chiunque avesse sue informazioni \u00e8 pregato di contattare i Carabinieri.\u00a0<\/em><\/p><\/blockquote>\n<p>&nbsp;<\/p>\n<hr \/>\n<p>&nbsp;<\/p>\n<blockquote>\n<h3>TROVATI DECINE DI ORDIGNI DELLA GUERRA IN UN&#8217;ABITAZIONE DI COMELICO SUPERIORE<\/h3>\n<\/blockquote>\n<blockquote><p><em>Che vi sia un collegamento tra quanto ritrovato dai Carabinieri a Comelico Superiore e la colorazione del Piave rilevata nei giorni scorsi \u00e8 da escludere. Potrebbe trattarsi di un evento collegato, cio\u00e8 che qualcuno si sia voluto liberare rapidamente di materiale che aveva in casa e che ha poi colorato il Piave, disfacendosene prima di poter essere controllato.<\/em><\/p><\/blockquote>\n<p><strong><a class=\"dt-pswp-item\" href=\"https:\/\/www.radiopiu.net\/wordpress\/wp-content\/uploads\/2023\/02\/Il-materiale-rinvenuto-e-posto-sotto-sequestro-dai-Carabinieri_27.02.2023.jpg\" data-dt-img-description=\"\" data-large_image_width=\"2048\" data-large_image_height=\"1536\"><img loading=\"lazy\" decoding=\"async\" class=\" wp-image-324152 alignleft\" src=\"https:\/\/www.radiopiu.net\/wordpress\/wp-content\/uploads\/2023\/02\/Il-materiale-rinvenuto-e-posto-sotto-sequestro-dai-Carabinieri_27.02.2023-300x225.jpg\" alt=\"\" width=\"248\" height=\"186\" srcset=\"https:\/\/www.radiopiu.net\/wordpress\/wp-content\/uploads\/2023\/02\/Il-materiale-rinvenuto-e-posto-sotto-sequestro-dai-Carabinieri_27.02.2023-300x225.jpg 300w, https:\/\/www.radiopiu.net\/wordpress\/wp-content\/uploads\/2023\/02\/Il-materiale-rinvenuto-e-posto-sotto-sequestro-dai-Carabinieri_27.02.2023-1024x768.jpg 1024w, https:\/\/www.radiopiu.net\/wordpress\/wp-content\/uploads\/2023\/02\/Il-materiale-rinvenuto-e-posto-sotto-sequestro-dai-Carabinieri_27.02.2023-768x576.jpg 768w, https:\/\/www.radiopiu.net\/wordpress\/wp-content\/uploads\/2023\/02\/Il-materiale-rinvenuto-e-posto-sotto-sequestro-dai-Carabinieri_27.02.2023-1536x1152.jpg 1536w, https:\/\/www.radiopiu.net\/wordpress\/wp-content\/uploads\/2023\/02\/Il-materiale-rinvenuto-e-posto-sotto-sequestro-dai-Carabinieri_27.02.2023.jpg 2048w\" sizes=\"auto, (max-width: 248px) 100vw, 248px\" \/><\/a>COMELICO SUPERIORE\u00a0<\/strong> I Carabinieri di Cortina, nell\u2019abitazione di un uomo, nell&#8217;effettuare un controllo,\u00a0 hanno sequestrato un elevato numero di reperti della Grande Guerra da collezione dove comunque chi le detiene ha responsabilit\u00e0 in materia di detenzione di materiale bellico o esplosivo, spesso rinvenuto attraverso un\u2019attivit\u00e0 clandestina di metal-detecting. Tale condotta, che configura conseguenze penali, risulta pericolosissima per la spesso perfetta efficienza degli ordigni, che costituiscono un pericolo per chi li maneggia, spesso con l\u2019intenzione di estrarne la carica esplosiva per poi rivendere l\u2019involucro in qualche mercatino di settore piuttosto che sul web. I Carabinieri hanno rivenuto due\u00a0 fucili dei primi del \u2018900, numerosi proiettili d&#8217;artiglieria\u00a0 e 80 bombe a mano, alcune in pessimo stato di conservazione. Il materiale pericoloso \u00e8 stato sottoposto a sequestro e l\u2019uomo dovr\u00e0 rispondere di detenzione illegale di armi ed esplosivi. I Carabinieri hanno anche proceduto al sequestro di una pistola, a carico di un altro soggetto, che aveva trasferito il luogo di custodia dell\u2019arma senza darne comunicazione all\u2019autorit\u00e0.<\/p>\n<p>&nbsp;<\/p>\n<p>&nbsp;<\/p>\n<hr \/>\n<p>&nbsp;<\/p>\n<blockquote>\n<h3>STUPEFACENTI E UNA PATENTE RITIRATA NEI CONTROLLI STRAORDINARI DEL FINE SETTIMANA DEI CARABINIERI<\/h3>\n<\/blockquote>\n<p><strong><a class=\"dt-pswp-item\" href=\"https:\/\/www.radiopiu.net\/wordpress\/wp-content\/uploads\/2023\/02\/controlli-dei-Carabinieri-a-Belluno_27.02.2023-scaled.jpg\" data-dt-img-description=\"\" data-large_image_width=\"2560\" data-large_image_height=\"1707\"><img loading=\"lazy\" decoding=\"async\" class=\" wp-image-324137 alignleft\" src=\"https:\/\/www.radiopiu.net\/wordpress\/wp-content\/uploads\/2023\/02\/controlli-dei-Carabinieri-a-Belluno_27.02.2023-300x200.jpg\" alt=\"\" width=\"206\" height=\"137\" srcset=\"https:\/\/www.radiopiu.net\/wordpress\/wp-content\/uploads\/2023\/02\/controlli-dei-Carabinieri-a-Belluno_27.02.2023-300x200.jpg 300w, https:\/\/www.radiopiu.net\/wordpress\/wp-content\/uploads\/2023\/02\/controlli-dei-Carabinieri-a-Belluno_27.02.2023-1024x683.jpg 1024w, https:\/\/www.radiopiu.net\/wordpress\/wp-content\/uploads\/2023\/02\/controlli-dei-Carabinieri-a-Belluno_27.02.2023-768x512.jpg 768w, https:\/\/www.radiopiu.net\/wordpress\/wp-content\/uploads\/2023\/02\/controlli-dei-Carabinieri-a-Belluno_27.02.2023-1536x1024.jpg 1536w, https:\/\/www.radiopiu.net\/wordpress\/wp-content\/uploads\/2023\/02\/controlli-dei-Carabinieri-a-Belluno_27.02.2023-2048x1365.jpg 2048w\" sizes=\"auto, (max-width: 206px) 100vw, 206px\" \/><\/a>BELLUNO<\/strong> Serata di controlli del territorio, i Carabinieri della Compagni di Belluno hanno controllato 240 persone di 110 veicoli. Eseguiti molti alcool test: non hanno dato esito positivo. In seguito ad alcune perquisizioni \u00e8 stata sequestrata una modica quantit\u00e0 di sostanza stupefacente (30 grammi di hashish 1 grammo di cocaina).\u00a0 Cinque giovani sono stati segnalati alla Prefettura poich\u00e9 assuntori di stupefacenti, sequestrata la patente di un uomo alla guida in stato di alterazione da droghe. Infine fermato\u00a0 un cittadino extracomunitario non in regola col permesso di soggiorno condotto in Compagnia per accertamenti. \u00a0 Tra sabato e domenica sulle strade erano impegnate\u00a0 15 pattuglie, delle Stazioni Carabinieri del territorio e del Nucleo Radiomobile di Belluno, coordinate dal Tenente Colonnello Nicola Darida, Comandante della Compagnia a Belluno. I posti di blocco lungo gli assi della viabilit\u00e0 primaria e secondaria del bellunese, senza tralasciare il controllo in alcuni locali pubblici per verificare le condizioni di sicurezza.<\/p>\n<blockquote><p><em> \u201cServizi preventivi ad alto impatto, cio\u00e8 con l\u2019impiego di pi\u00f9 pattuglie in diverse aree del territorio, come quello svolto nel corso dello scorso fine settimana\u201d ha detto il Colonnello Pigozzo \u201csi ripeteranno anche in altre zone della provincia, per mantenere sempre elevato il livello di attenzione e garantire ai cittadini le migliori condizioni di sicurezza\u201d.<\/em><\/p><\/blockquote>\n<p>&nbsp;<\/p>\n<hr \/>\n<p>&nbsp;<\/p>\n<blockquote>\n<h3>A PONTE NELLE ALPI SEMAFORO SPENTO E SERIAMENTE DANNEGGIATO<\/h3>\n<\/blockquote>\n<p><strong><a class=\"dt-pswp-item\" href=\"https:\/\/www.radiopiu.net\/wordpress\/wp-content\/uploads\/2023\/02\/Senza-nome-70.jpg\" data-dt-img-description=\"\" data-large_image_width=\"399\" data-large_image_height=\"338\"><img loading=\"lazy\" decoding=\"async\" class=\" wp-image-324223 alignleft\" src=\"https:\/\/www.radiopiu.net\/wordpress\/wp-content\/uploads\/2023\/02\/Senza-nome-70-300x254.jpg\" alt=\"\" width=\"204\" height=\"173\" srcset=\"https:\/\/www.radiopiu.net\/wordpress\/wp-content\/uploads\/2023\/02\/Senza-nome-70-300x254.jpg 300w, https:\/\/www.radiopiu.net\/wordpress\/wp-content\/uploads\/2023\/02\/Senza-nome-70.jpg 399w\" sizes=\"auto, (max-width: 204px) 100vw, 204px\" \/><\/a>PONTE<\/strong> Semaforo spento, ma non per decisione del sindaco o della Giunta, piuttosto per un sinistro che ha coinvolto auto e pullman, senza alcun ferito all&#8217;altezza della Pasticceria Kelly. La corriera c&#8217;ha rimesso lo specchietto retrovisore, l&#8217;auto ne \u00e8 uscita ammaccata anteriormente e l&#8217;assicurazione si prepara a saldare il &#8220;debito&#8221; per il ripristino dell&#8217;impianto semaforico. Lungo la strada immancabili le lunghe code mentre la Polizia Locale effettuata i rilievi del caso. Il danno, essendo attraversamento fondamentale, sar\u00e0 riparato in tempi molto stretti<\/p>\n<p><a class=\"dt-pswp-item\" href=\"https:\/\/www.radiopiu.net\/wordpress\/wp-content\/uploads\/2023\/02\/Senza-nome-71.jpg\" data-dt-img-description=\"\" data-large_image_width=\"208\" data-large_image_height=\"279\"><img loading=\"lazy\" decoding=\"async\" class=\"alignnone size-full wp-image-324246\" src=\"https:\/\/www.radiopiu.net\/wordpress\/wp-content\/uploads\/2023\/02\/Senza-nome-71.jpg\" alt=\"\" width=\"208\" height=\"279\" \/><\/a><\/p>\n<p>&nbsp;<\/p>\n<p>&nbsp;<\/p>\n<hr \/>\n<p>&nbsp;<\/p>\n<blockquote>\n<h3>LE ORIGINI ANCHE AGORDINE DI MAURIZIO COSTANZO<\/h3>\n<\/blockquote>\n<blockquote><p><em><img loading=\"lazy\" decoding=\"async\" class=\"alignleft\" src=\"https:\/\/www.radiopiu.net\/wordpress\/wp-content\/uploads\/2023\/02\/Maurizio-Costanzo-768x508-1.webp\" width=\"253\" height=\"167\" \/>\u00a0<\/em><\/p>\n<p><em>Iole De Toni, la mamma potrebbe essere di origini alleghesi.<\/em><\/p><\/blockquote>\n<p>&nbsp;<\/p>\n<p>&nbsp;<\/p>\n<p>&nbsp;<\/p>\n<p><strong>di LUISA MANFROI<\/strong><\/p>\n<audio class=\"wp-audio-shortcode\" id=\"audio-324096-1\" preload=\"none\" style=\"width: 100%;\" controls=\"controls\"><source type=\"audio\/mpeg\" src=\"https:\/\/www.radiopiu.net\/wordpress\/wp-content\/uploads\/2023\/02\/luisa-manfroi.mp3?_=1\" \/><a href=\"https:\/\/www.radiopiu.net\/wordpress\/wp-content\/uploads\/2023\/02\/luisa-manfroi.mp3\">https:\/\/www.radiopiu.net\/wordpress\/wp-content\/uploads\/2023\/02\/luisa-manfroi.mp3<\/a><\/audio>\n<p>&nbsp;<\/p>\n<p>&nbsp;<\/p>\n<hr \/>\n<p>&nbsp;<\/p>\n<blockquote>\n<h3>AL PARIOLI IL RICORDO DEL COSTANZO SHOW DI QUELLA GIOVANE RAGAZZA DELLA MONTAGNA<\/h3>\n<\/blockquote>\n<p><img loading=\"lazy\" decoding=\"async\" class=\"alignleft\" src=\"https:\/\/www.radiopiu.net\/wordpress\/wp-content\/uploads\/2023\/02\/maurizio-costanzo-1.jpg\" width=\"207\" height=\"134\" \/><\/p>\n<p><strong>ROMA<\/strong> Luisa Alchini, oggi voce importante di RADIOPIU ci racconta il suo ricordo del tele show di Maurizio Costanzo e della sua esperienza nella capitale. Allora Luisa aveva 21 anni e qui svela una delle sue emozioni ben conservate<\/p>\n<p>FOTO<a href=\"https:\/\/www.haircare.it\/40733\/maurizio-costanzo-verita-morte-ultima-ora\/\"> <span style=\"color: #0000ff;\"><strong>Haircare.it<\/strong><\/span><\/a><\/p>\n<p><strong>DI LUISA ALCHINI<\/strong><\/p>\n<audio class=\"wp-audio-shortcode\" id=\"audio-324096-2\" preload=\"none\" style=\"width: 100%;\" controls=\"controls\"><source type=\"audio\/mpeg\" src=\"https:\/\/www.radiopiu.net\/wordpress\/wp-content\/uploads\/2023\/02\/Maurizio-Costanzo.mp3?_=2\" \/><a href=\"https:\/\/www.radiopiu.net\/wordpress\/wp-content\/uploads\/2023\/02\/Maurizio-Costanzo.mp3\">https:\/\/www.radiopiu.net\/wordpress\/wp-content\/uploads\/2023\/02\/Maurizio-Costanzo.mp3<\/a><\/audio>\n<p>&nbsp;<\/p>\n<hr \/>\n<p>&nbsp;<\/p>\n<blockquote>\n<h3>ALLEGHE: SOSPESA LA PATENTE AL BOMBER FINNICO<\/h3>\n<\/blockquote>\n<p><strong>OGGI SUL CORRIERE DELLE ALPI<\/strong><br \/>\n<strong>DI GIGI SOSSO<\/strong><\/p>\n<p><strong><a class=\"dt-pswp-item\" href=\"https:\/\/www.radiopiu.net\/wordpress\/wp-content\/uploads\/2023\/02\/Senza-nome-72.jpg\" data-dt-img-description=\"\" data-large_image_width=\"264\" data-large_image_height=\"291\"><img loading=\"lazy\" decoding=\"async\" class=\"wp-image-324251 alignleft\" src=\"https:\/\/www.radiopiu.net\/wordpress\/wp-content\/uploads\/2023\/02\/Senza-nome-72.jpg\" alt=\"\" width=\"166\" height=\"183\" \/><\/a>ALLEGHE <\/strong>Hockeysta patteggia per guida in stato di ebbrezza. Joonas Kristian Huovinen, attaccante finlandese dell&#8217;Alleghe nella stagione di serie B 2019\/2020, si era schiantato contro due Panda dell&#8217;Ulss 1 Dolomiti parcheggiate a Caprile, all&#8217;alba del 22 dicembre 2019. Nonostante il tasso alcolemico di 1,30 rilevato e le aggravanti contestate (orario notturno e incidente), ieri mattina l&#8217;avvocato difensore Manola Lise ha patteggiato due mesi di arresto e 2.400 euro di ammenda, oltre alla sospensione della patente con il pubblico ministero Sandra Rossi e il giudice Federico Montalto ha applicato la pena richiesta. La sera prima l&#8217;Alleghe aveva vinto 5-3 a Caldaro e Huovinen aveva segnato il primo gol. Nel dopo-partita, le Civette hanno festeggiato il successo prima in spogliatoio e poi al bar del palaghiaccio e c&#8217;\u00e8 stato senz&#8217;altro qualche giro di birre. Il giocatore era stato dotato di una Volkswagen Golf dalla societ\u00e0 di via Lungolago e stava tornando a casa, quando sulla regionale 203 Agordina, all&#8217;altezza di Caprile, ha perso il controllo dell&#8217;autovettura ed \u00e8 andato a sbattere contro due Panda posteggiate davanti all&#8217;ambulatorio dell&#8217;Ulss 1<\/p>\n<p>&nbsp;<\/p>\n<hr \/>\n<p>&nbsp;<\/p>\n<blockquote>\n<h3>AUTOVELOX SUL GIAU, FRENA &#8220;PRONTI PER L&#8217;APPELLO&#8221;<\/h3>\n<\/blockquote>\n<blockquote><p><em>Il Comune di Colle Santa Lucia ha incassato circa un milione di euro di ammende nel 2020 e 552 mila 367 euro l&#8217;anno dopo<\/em><\/p><\/blockquote>\n<p><strong><a class=\"dt-pswp-item\" href=\"https:\/\/www.radiopiu.net\/wordpress\/wp-content\/uploads\/2023\/02\/Senza-nome-73.jpg\" data-dt-img-description=\"\" data-large_image_width=\"391\" data-large_image_height=\"251\"><img loading=\"lazy\" decoding=\"async\" class=\" wp-image-324253 alignleft\" src=\"https:\/\/www.radiopiu.net\/wordpress\/wp-content\/uploads\/2023\/02\/Senza-nome-73-300x193.jpg\" alt=\"\" width=\"278\" height=\"179\" srcset=\"https:\/\/www.radiopiu.net\/wordpress\/wp-content\/uploads\/2023\/02\/Senza-nome-73-300x193.jpg 300w, https:\/\/www.radiopiu.net\/wordpress\/wp-content\/uploads\/2023\/02\/Senza-nome-73.jpg 391w\" sizes=\"auto, (max-width: 278px) 100vw, 278px\" \/><\/a>COLLE SANTA LUCIA<\/strong> Davanti alle recenti dichiarazioni sull&#8217;illegalit\u00e0 dell&#8217;autovelox di Passo Giau il sindaco di Colle Santa Lucia frena gli entusiasmi di Altvelox.it e difende la strumentazione. Inoltre Frena annuncia appello contro la recente sentenza del giudice di pace Fabrizio Schioppa, che ha annullato una multa fatta sul passo Giau e condannato il Comune di Colle Santa Lucia a pagare le spese.\u00a0<em> \u00abBisogna evitare che passi il falso messaggio, secondo il quale la nostra Polizia userebbe strumenti irregolari\u00bb,\u00a0 dichiara il sindaco al Corriere delle Alpi &#8211; non \u00e8 proprio il caso di creare nei trasgressori delle regole (perch\u00e9 di questo si tratta), l&#8217;idea che violare la legge sul passo Giau possa godere dell&#8217;impunit\u00e0<\/em>. L&#8217;interpretazione del giudice di pace, che si ritiene erronea e non \u00e8 nemmeno condivisa da altri colleghi, \u00e8 gi\u00e0 in contrasto con altre sentenza del Tribunale&#8221;<\/p>\n<p><strong>IERI ALLA RADIO<\/strong><\/p>\n<p><strong><img loading=\"lazy\" decoding=\"async\" class=\"alignleft\" src=\"https:\/\/www.radiopiu.net\/wordpress\/wp-content\/uploads\/2023\/02\/giau.jpg\" width=\"271\" height=\"191\" \/>BELLUNO<\/strong> Il Giudice di Pace di Belluno ha dichiarato illegittimo l&#8217;autovelox utilizzato dal Comune di Colle Santa Lucia, in cima al Passo Giau. Lo riportano gli avvocati di Altvelox.it (associazione nazionale dei consumatori e micro imprese), nella sentenza dello scorso novembre in primo piano l&#8217;assenza \/ carenza della segnaletica di preavviso,\u00a0 contestata ed accolta anche ieri. Il caso di ieri riguardava un automobilista Bellunese che per lavoro percorreva la strada in parola ad una velocit\u00e0 di <strong>73 km\/h,<\/strong> convinto che il limite fosse, come in tutta la strada, di 70 Km\/h, ma senza rendersi conto del cambio improvviso del limite da 70 a 50 Km\/h a ridosso dell&#8217;autovelox, e senza vedere la presenza dell&#8217;apparecchio elettronico, superava il limite di pochissimo vedendosi contestare una multa,\u00a0 secondo il Giudice, non meritata. <em>&#8220;Per questo &#8211; ricordano gli avvocati di Altvelox &#8211;\u00a0 avvalendoci <span class=\"_2PHJq public-DraftStyleDefault-ltr\">del dipartimento tecnico legale specializzato abbiamo impugnato il verbale\u00a0 ieri annullato con la condanna del Comune al risarcimento delle spese sostenute&#8221;.<\/span><\/em><\/p>\n<p><strong>LA CURIOSITA&#8217;<\/strong><\/p>\n<p>L&#8217;Autovelox di Passo Giau &#8220;vale&#8221; 552mila euro di proventi annui, non male per un paese di 300 abitanti, anziani a neonati compresi, pi\u00f9 o meno 1500 euro pro capite.<\/p>\n<p>&nbsp;<\/p>\n<hr \/>\n<p>&nbsp;<\/p>\n<blockquote>\n<h3>FIREX, PREMIO DI RISULTATO DI 1.500 EURO<\/h3>\n<\/blockquote>\n<p><strong><a class=\"dt-pswp-item\" href=\"https:\/\/www.radiopiu.net\/wordpress\/wp-content\/uploads\/2023\/02\/FIREX-SEDICO.jpeg\" data-dt-img-description=\"\" data-large_image_width=\"1318\" data-large_image_height=\"880\"><img loading=\"lazy\" decoding=\"async\" class=\" wp-image-324147 alignleft\" src=\"https:\/\/www.radiopiu.net\/wordpress\/wp-content\/uploads\/2023\/02\/FIREX-SEDICO-300x200.jpeg\" alt=\"\" width=\"188\" height=\"125\" srcset=\"https:\/\/www.radiopiu.net\/wordpress\/wp-content\/uploads\/2023\/02\/FIREX-SEDICO-300x200.jpeg 300w, https:\/\/www.radiopiu.net\/wordpress\/wp-content\/uploads\/2023\/02\/FIREX-SEDICO-1024x684.jpeg 1024w, https:\/\/www.radiopiu.net\/wordpress\/wp-content\/uploads\/2023\/02\/FIREX-SEDICO-768x513.jpeg 768w, https:\/\/www.radiopiu.net\/wordpress\/wp-content\/uploads\/2023\/02\/FIREX-SEDICO.jpeg 1318w\" sizes=\"auto, (max-width: 188px) 100vw, 188px\" \/><\/a>SEDICO <\/strong>Premio di risultato del valore medio di 1.500 euro per i 100 dipendenti della Firex, azienda di Sedico specializzata nella produzione di attrezzature per la ristorazione professionale di alta gamma. Hanno espresso grande soddisfazione le Rsu della Fim Cisl Belluno Treviso riguardo al premio di risultato 2022, che porta un incremento medio del valore erogato di pi\u00f9 del 50% rispetto al 2021. Grazie all&#8217;impegno e alla partecipazione dei dipendenti, sono stati centrati gli obiettivi di efficienza, formazione, riduzione dei consumi energetici e degli infortuni previsti dall\u2019accordo, ottenendo mediamente &#8211; tra welfare e parte monetaria &#8211; 1.500 euro di premio per ogni lavoratore, riparametrati con un criterio proporzionale di presenza. \u201cSi tratta di un ottimo risultato &#8211; commenta Matteo Caregnato della segreteria Fim Belluno Treviso -, un importante riconoscimento economico a tutti i lavoratori di Firex in un momento di grave perdita del potere d\u2019acquisto a causa dell\u2019inflazione. Abbiamo contrattato un anno fa un premio di risultato con parametri innovativi, l\u2019azienda non si \u00e8 mai sottratta al confronto ed ora, a consuntivo, tutti ne traggono i meritati benefici\u201d.<\/p>\n<p>&nbsp;<\/p>\n<hr \/>\n<p>&nbsp;<\/p>\n<blockquote>\n<h3>CAN BE, NASCE IL PROGETTO CARBON NEUTRAL BELLUNO<\/h3>\n<\/blockquote>\n<p><strong><img loading=\"lazy\" decoding=\"async\" class=\"alignleft\" src=\"https:\/\/www.radiopiu.net\/wordpress\/wp-content\/uploads\/2023\/02\/4c06a491-5b54-483b-8757-e76dbf03b6ae.jpg\" width=\"211\" height=\"158\" \/>BELLUNO<\/strong> <span id=\"gmail-docs-internal-guid-b4649bda-7fff-c257-be1c-153694f29926\">\u00c8 stato presentato oggi, a Palazzo Piloni, CanBe &#8211; Carbon Neutral Belluno, un progetto di Provincia, Scuole in Rete per un Mondo di Solidariet\u00e0 e Pace, e Universit\u00e0 di Siena che punta a rendere la provincia di Belluno uno dei primi territori a livello nazionale certificati \u201ccarbon neutral\u201d, vale a dire a saldo zero nelle emissioni da gas serra.<\/span><\/p>\n<p><strong>di MORENO GIOLI<\/strong><\/p>\n<audio class=\"wp-audio-shortcode\" id=\"audio-324096-3\" preload=\"none\" style=\"width: 100%;\" controls=\"controls\"><source type=\"audio\/mpeg\" src=\"https:\/\/www.radiopiu.net\/wordpress\/wp-content\/uploads\/2023\/02\/MPRENO-GIOLI.mp3?_=3\" \/><a href=\"https:\/\/www.radiopiu.net\/wordpress\/wp-content\/uploads\/2023\/02\/MPRENO-GIOLI.mp3\">https:\/\/www.radiopiu.net\/wordpress\/wp-content\/uploads\/2023\/02\/MPRENO-GIOLI.mp3<\/a><\/audio>\n<p>&nbsp;<\/p>\n<p>&nbsp;<\/p>\n<p>&nbsp;<\/p>\n<p>&nbsp;<\/p>\n<hr \/>\n<p>&nbsp;<\/p>\n<blockquote>\n<h3>PUNTO COVID SETTIMANALE, INCIDENZA STABILE, 3 DECESSI IN SETTE GIORNI<\/h3>\n<\/blockquote>\n<p><strong>REDAZIONE<\/strong>\u00a0 Rimane sostanzialmente stabile l\u2019incidenza settimanale, intorno alla soglia di attenzione di 50 casi su 100 mila abitanti. Ricoveri: 45 in area non critica, 1 in terapia intensiva. Tre i decessi per covid: 21\/02: \u00e8 deceduto un uomo di anni 77; 22\/02: \u00e8 deceduto un uomo di anni 87; 24\/02: \u00e8 deceduto un uomo di anni 78.<\/p>\n\n\t\t\t<style type='text\/css'>\n\t\t\t\t#gallery-1 {\n\t\t\t\t\tmargin: auto;\n\t\t\t\t}\n\t\t\t\t#gallery-1 .gallery-item {\n\t\t\t\t\tfloat: left;\n\t\t\t\t\tmargin-top: 10px;\n\t\t\t\t\ttext-align: center;\n\t\t\t\t\twidth: 50%;\n\t\t\t\t}\n\t\t\t\t#gallery-1 img {\n\t\t\t\t\tborder: 2px solid #cfcfcf;\n\t\t\t\t}\n\t\t\t\t#gallery-1 .gallery-caption {\n\t\t\t\t\tmargin-left: 0;\n\t\t\t\t}\n\t\t\t\t\/* see gallery_shortcode() in wp-includes\/media.php *\/\n\t\t\t<\/style>\n\t\t<div id='gallery-1' class='dt-gallery-container gallery galleryid-324096 gallery-columns-2 gallery-size-thumbnail'><dl class='gallery-item'>\n\t\t\t\t<dt class='gallery-icon portrait'>\n\t\t\t\t\t<a class=\"rollover rollover-zoom dt-pswp-item\" title=\"0ae54afd-6edb-4b5b-8491-e2730a781ab3\" data-dt-img-description=\"\" data-large_image_width=\"996\" data-large_image_height=\"1089\"href='https:\/\/www.radiopiu.net\/wordpress\/wp-content\/uploads\/2023\/02\/0ae54afd-6edb-4b5b-8491-e2730a781ab3.jpg'><img loading=\"lazy\" decoding=\"async\" width=\"150\" height=\"150\" src=\"https:\/\/www.radiopiu.net\/wordpress\/wp-content\/uploads\/2023\/02\/0ae54afd-6edb-4b5b-8491-e2730a781ab3-150x150.jpg\" class=\"attachment-thumbnail size-thumbnail\" alt=\"\" aria-describedby=\"gallery-1-324202\" \/><\/a>\n\t\t\t\t<\/dt>\n\t\t\t\t\t<dd class='wp-caption-text gallery-caption' id='gallery-1-324202'>\n\t\t\t\t\tLa mappa sottostante rappresenta l\u2019incidenza settimanale per singolo comune. \n\t\t\t\t\t<\/dd><\/dl><dl class='gallery-item'>\n\t\t\t\t<dt class='gallery-icon landscape'>\n\t\t\t\t\t<a class=\"rollover rollover-zoom dt-pswp-item\" title=\"5dca223d-e154-4f18-9534-5227bed65f30\" data-dt-img-description=\"\" data-large_image_width=\"1867\" data-large_image_height=\"993\"href='https:\/\/www.radiopiu.net\/wordpress\/wp-content\/uploads\/2023\/02\/5dca223d-e154-4f18-9534-5227bed65f30.jpg'><img loading=\"lazy\" decoding=\"async\" width=\"150\" height=\"150\" src=\"https:\/\/www.radiopiu.net\/wordpress\/wp-content\/uploads\/2023\/02\/5dca223d-e154-4f18-9534-5227bed65f30-150x150.jpg\" class=\"attachment-thumbnail size-thumbnail\" alt=\"\" aria-describedby=\"gallery-1-324201\" \/><\/a>\n\t\t\t\t<\/dt>\n\t\t\t\t\t<dd class='wp-caption-text gallery-caption' id='gallery-1-324201'>\n\t\t\t\t\trappresenta l\u2019intero andamento epidemico covid dai primi di marzo 2020 ad oggi (media settimanale nuovi positivi)\n\t\t\t\t\t<\/dd><\/dl><br style=\"clear: both\" \/>\n\t\t\t<\/div>\n\n<p>&nbsp;<\/p>\n<p>&nbsp;<\/p>\n<p>&nbsp;<\/p>\n<p>&nbsp;<\/p>\n<hr \/>\n<p>&nbsp;<\/p>\n<p><strong>di Tiziano De Col<\/strong><\/p>\n\n\t\t\t<style type='text\/css'>\n\t\t\t\t#gallery-2 {\n\t\t\t\t\tmargin: auto;\n\t\t\t\t}\n\t\t\t\t#gallery-2 .gallery-item {\n\t\t\t\t\tfloat: left;\n\t\t\t\t\tmargin-top: 10px;\n\t\t\t\t\ttext-align: center;\n\t\t\t\t\twidth: 20%;\n\t\t\t\t}\n\t\t\t\t#gallery-2 img {\n\t\t\t\t\tborder: 2px solid #cfcfcf;\n\t\t\t\t}\n\t\t\t\t#gallery-2 .gallery-caption {\n\t\t\t\t\tmargin-left: 0;\n\t\t\t\t}\n\t\t\t\t\/* see gallery_shortcode() in wp-includes\/media.php *\/\n\t\t\t<\/style>\n\t\t<div id='gallery-2' class='dt-gallery-container gallery galleryid-324096 gallery-columns-5 gallery-size-thumbnail'><dl class='gallery-item'>\n\t\t\t\t<dt class='gallery-icon landscape'>\n\t\t\t\t\t<a class=\"rollover rollover-zoom dt-pswp-item\" title=\"71b66c2e-c7f0-4d5c-b2ec-d3a860ee9a8e\" data-dt-img-description=\"\" data-large_image_width=\"597\" data-large_image_height=\"359\"href='https:\/\/www.radiopiu.net\/wordpress\/wp-content\/uploads\/2023\/02\/71b66c2e-c7f0-4d5c-b2ec-d3a860ee9a8e.jpg'><img loading=\"lazy\" decoding=\"async\" width=\"150\" height=\"150\" src=\"https:\/\/www.radiopiu.net\/wordpress\/wp-content\/uploads\/2023\/02\/71b66c2e-c7f0-4d5c-b2ec-d3a860ee9a8e-150x150.jpg\" class=\"attachment-thumbnail size-thumbnail\" alt=\"\" \/><\/a>\n\t\t\t\t<\/dt><\/dl><dl class='gallery-item'>\n\t\t\t\t<dt class='gallery-icon landscape'>\n\t\t\t\t\t<a class=\"rollover rollover-zoom dt-pswp-item\" title=\"b15241f0-a9dc-4d18-a125-3d2c62f91b6b\" data-dt-img-description=\"\" data-large_image_width=\"606\" data-large_image_height=\"353\"href='https:\/\/www.radiopiu.net\/wordpress\/wp-content\/uploads\/2023\/02\/b15241f0-a9dc-4d18-a125-3d2c62f91b6b.jpg'><img loading=\"lazy\" decoding=\"async\" width=\"150\" height=\"150\" src=\"https:\/\/www.radiopiu.net\/wordpress\/wp-content\/uploads\/2023\/02\/b15241f0-a9dc-4d18-a125-3d2c62f91b6b-150x150.jpg\" class=\"attachment-thumbnail size-thumbnail\" alt=\"\" \/><\/a>\n\t\t\t\t<\/dt><\/dl><dl class='gallery-item'>\n\t\t\t\t<dt class='gallery-icon landscape'>\n\t\t\t\t\t<a class=\"rollover rollover-zoom dt-pswp-item\" title=\"3d5b5f4d-a2c3-4990-beb4-0eb15efcc21a\" data-dt-img-description=\"\" data-large_image_width=\"606\" data-large_image_height=\"358\"href='https:\/\/www.radiopiu.net\/wordpress\/wp-content\/uploads\/2023\/02\/3d5b5f4d-a2c3-4990-beb4-0eb15efcc21a.jpg'><img loading=\"lazy\" decoding=\"async\" width=\"150\" height=\"150\" src=\"https:\/\/www.radiopiu.net\/wordpress\/wp-content\/uploads\/2023\/02\/3d5b5f4d-a2c3-4990-beb4-0eb15efcc21a-150x150.jpg\" class=\"attachment-thumbnail size-thumbnail\" alt=\"\" \/><\/a>\n\t\t\t\t<\/dt><\/dl><dl class='gallery-item'>\n\t\t\t\t<dt class='gallery-icon landscape'>\n\t\t\t\t\t<a class=\"rollover rollover-zoom dt-pswp-item\" title=\"46029152-103e-4e4c-80da-98455669f23e\" data-dt-img-description=\"\" data-large_image_width=\"606\" data-large_image_height=\"349\"href='https:\/\/www.radiopiu.net\/wordpress\/wp-content\/uploads\/2023\/02\/46029152-103e-4e4c-80da-98455669f23e.jpg'><img loading=\"lazy\" decoding=\"async\" width=\"150\" height=\"150\" src=\"https:\/\/www.radiopiu.net\/wordpress\/wp-content\/uploads\/2023\/02\/46029152-103e-4e4c-80da-98455669f23e-150x150.jpg\" class=\"attachment-thumbnail size-thumbnail\" alt=\"\" \/><\/a>\n\t\t\t\t<\/dt><\/dl><dl class='gallery-item'>\n\t\t\t\t<dt class='gallery-icon landscape'>\n\t\t\t\t\t<a class=\"rollover rollover-zoom dt-pswp-item\" title=\"922c91ac-dca1-4524-b3a1-c7b3660dbc87\" data-dt-img-description=\"\" data-large_image_width=\"622\" data-large_image_height=\"359\"href='https:\/\/www.radiopiu.net\/wordpress\/wp-content\/uploads\/2023\/02\/922c91ac-dca1-4524-b3a1-c7b3660dbc87.jpg'><img loading=\"lazy\" decoding=\"async\" width=\"150\" height=\"150\" src=\"https:\/\/www.radiopiu.net\/wordpress\/wp-content\/uploads\/2023\/02\/922c91ac-dca1-4524-b3a1-c7b3660dbc87-150x150.jpg\" class=\"attachment-thumbnail size-thumbnail\" alt=\"\" \/><\/a>\n\t\t\t\t<\/dt><\/dl><br style=\"clear: both\" \/>\n\t\t\t<\/div>\n\n<p>&nbsp;<\/p>\n<hr \/>\n<p>&nbsp;<\/p>\n<p>&nbsp;<\/p>\n<blockquote>\n<h3>DA DOMANI IN PAGAMENTO LE PENSIONI DI MARZO<\/h3>\n<\/blockquote>\n<p>Le pensioni di marzo saranno in pagamento da mercoled\u00ec 1\u00b0 in tutti gli uffici postali della provincia di Belluno.\u00a0 Il pagamento delle pensioni in contanti avverr\u00e0 preferibilmente in ordine alfabetico (variabile in base al numero di giorni di apertura dell\u2019ufficio): i cognomi dalla A alla C mercoled\u00ec 1\u00b0 marzo; dalla D alla K gioved\u00ec 2 marzo; dalla L alla P venerd\u00ec 3 marzo; dalla Q alla Z sabato 4 marzo (solo la mattina).<\/p>\n<p>&nbsp;<\/p>\n<hr \/>\n<p>&nbsp;<\/p>\n<blockquote>\n<h3>SPORT ENJOY, OGGI IL SECONDO APPUNTAMENTO DELLA RASSEGNA<\/h3>\n<\/blockquote>\n<p><strong>BELLUNO<\/strong> Oggi alle 9.30, l\u2019assessorato allo sport e quello al sociale riprendono il filo della rassegna inaugurata a dicembre con ospite Simona Atzori. A salire sul palco del teatro cittadino questa volta saranno tre atleti: la campionessa olimpica, cresciuta sportivamente nella piscina di Belluno, Noemi Batki, il motociclista Marco Da Rold e il calciatore Yari Masoch che ha militato per parecchi anni nell\u2019AC di Belluno. A dialogare con gli sportivi ci sar\u00e0 la dottoressa Amalia Manzan del SerD di Belluno e, nelle vesti di moderatore e speaker, Nicol\u00f2 Dalla Gasperina. Interverranno anche i ragazzi di Scuole in rete.<br \/>\n<strong>L&#8217;ASSESSORE ALLO SPORT MONICA MAZZOCCOLI<\/strong><\/p>\n<audio class=\"wp-audio-shortcode\" id=\"audio-324096-4\" preload=\"none\" style=\"width: 100%;\" controls=\"controls\"><source type=\"audio\/mpeg\" src=\"https:\/\/www.radiopiu.net\/wordpress\/wp-content\/uploads\/2023\/02\/MAZZOCCOLI-1.mp3?_=4\" \/><a href=\"https:\/\/www.radiopiu.net\/wordpress\/wp-content\/uploads\/2023\/02\/MAZZOCCOLI-1.mp3\">https:\/\/www.radiopiu.net\/wordpress\/wp-content\/uploads\/2023\/02\/MAZZOCCOLI-1.mp3<\/a><\/audio>\n<p><strong>L&#8217;ASSESSORE MARCO DAL PONT\u00a0<\/strong><\/p>\n<audio class=\"wp-audio-shortcode\" id=\"audio-324096-5\" preload=\"none\" style=\"width: 100%;\" controls=\"controls\"><source type=\"audio\/mpeg\" src=\"https:\/\/www.radiopiu.net\/wordpress\/wp-content\/uploads\/2023\/02\/DALPONT-1.mp3?_=5\" \/><a href=\"https:\/\/www.radiopiu.net\/wordpress\/wp-content\/uploads\/2023\/02\/DALPONT-1.mp3\">https:\/\/www.radiopiu.net\/wordpress\/wp-content\/uploads\/2023\/02\/DALPONT-1.mp3<\/a><\/audio>\n<p>&nbsp;<\/p>\n<hr \/>\n<p>&nbsp;<\/p>\n<blockquote>\n<h2>IL SEMAFORO AL PONTE DEGLI ALPINI E&#8217; UNA GARANZIA<\/h2>\n<blockquote><p><em>MASSARO &#8220;non si spenga&#8221;, DE PELLEGRIN &#8220;Mai detto&#8221;<\/em><\/p><\/blockquote>\n<p>Togliere il semaforo sul Ponte degli alpini, ipotesi ha scatenato la presa di posizione di cittadini e della Fiab, oltre che di alcuni consiglieri comunali, come Jacopo Massaro <em>\u00abNon ho mai messo in discussione quel semaforo\u00bb<\/em>, ha detto il sindaco De Pellegrin.<\/p>\n<p>&nbsp;<\/p><\/blockquote>\n<p><strong><img loading=\"lazy\" decoding=\"async\" class=\"alignleft\" src=\"https:\/\/www.radiopiu.net\/wordpress\/wp-content\/uploads\/2023\/02\/th-13.jpg\" width=\"188\" height=\"125\" \/>BELLUNO<\/strong> Il consigliere Jacopo Massaro ha recapitato al sindaco De Pellegrin una domanda di attualit\u00e0: quali garanzie saranno assicurate ad anziani, bambini, mamme e persone con disabilit\u00e0 con la rimozione del semaforo sul Ponte degli alpini? Domanda sacrosanta se \u00e8 vero, come riportato dagli organi di informazione, che<em> &#8220;c&#8217;\u00e8 un progetto dell\u2019attuale Amministrazione che dannegger\u00e0 pedoni e ciclisti: la chiusura del passaggio pedonale del ponte degli alpini&#8221;<br \/>\n<\/em><\/p>\n<p><strong>JACOPO MASSARO<\/strong><\/p>\n<audio class=\"wp-audio-shortcode\" id=\"audio-324096-6\" preload=\"none\" style=\"width: 100%;\" controls=\"controls\"><source type=\"audio\/mpeg\" src=\"https:\/\/www.radiopiu.net\/wordpress\/wp-content\/uploads\/2023\/02\/SEMAFORO-PONTE-ALPINI.mp3?_=6\" \/><a href=\"https:\/\/www.radiopiu.net\/wordpress\/wp-content\/uploads\/2023\/02\/SEMAFORO-PONTE-ALPINI.mp3\">https:\/\/www.radiopiu.net\/wordpress\/wp-content\/uploads\/2023\/02\/SEMAFORO-PONTE-ALPINI.mp3<\/a><\/audio>\n<blockquote><p>IL SINDACO OSCAR DE PELLEGRIN &#8220;Non ho mai fatto alcuna dichiarazione, e mai ho messo in discussione quel semaforo.La delega alla viabilit\u00e0 ce l&#8217;ha Paolo Gamba, vicesindaco, che non ha mai fatto mistero di lavorare a soluzioni per rendere il traffico pi\u00f9 scorrevole. Fra queste, aveva messo sul tavolo l&#8217;ipotesi di eliminare i semafori. Nessuna decisione \u00e8 stata presa, va precisato&#8221;.<\/p><\/blockquote>\n<p>&nbsp;<\/p>\n<p>Ed \u00e8 sempre l&#8217;ex sindaco Massaro che si rivolge all&#8217;attuale capo della Giunta per <strong><a class=\"dt-pswp-item\" href=\"https:\/\/www.radiopiu.net\/wordpress\/wp-content\/uploads\/2019\/09\/Challenge-Day-InLab-2.jpg\" data-dt-img-description=\"\" data-large_image_width=\"5184\" data-large_image_height=\"3456\"><img loading=\"lazy\" decoding=\"async\" class=\"wp-image-97942 alignright\" src=\"https:\/\/www.radiopiu.net\/wordpress\/wp-content\/uploads\/2019\/09\/Challenge-Day-InLab-2-300x200.jpg\" alt=\"\" width=\"182\" height=\"121\" srcset=\"https:\/\/www.radiopiu.net\/wordpress\/wp-content\/uploads\/2019\/09\/Challenge-Day-InLab-2-300x200.jpg 300w, https:\/\/www.radiopiu.net\/wordpress\/wp-content\/uploads\/2019\/09\/Challenge-Day-InLab-2-768x512.jpg 768w, https:\/\/www.radiopiu.net\/wordpress\/wp-content\/uploads\/2019\/09\/Challenge-Day-InLab-2-1024x683.jpg 1024w\" sizes=\"auto, (max-width: 182px) 100vw, 182px\" \/><\/a><\/strong>chiedere come mai sia stato revocato il finanziamento di 160.000 euro, gi\u00e0 deliberato dalla precedente amministrazione, per il percorso pedonale protetto di via Meassa (loc. Oltrevalle \u2013 Levego.<\/p>\n<p><strong>JACOPO MASSARO<\/strong><\/p>\n<audio class=\"wp-audio-shortcode\" id=\"audio-324096-7\" preload=\"none\" style=\"width: 100%;\" controls=\"controls\"><source type=\"audio\/mpeg\" src=\"https:\/\/www.radiopiu.net\/wordpress\/wp-content\/uploads\/2023\/02\/PISTA-LEVEGO.mp3?_=7\" \/><a href=\"https:\/\/www.radiopiu.net\/wordpress\/wp-content\/uploads\/2023\/02\/PISTA-LEVEGO.mp3\">https:\/\/www.radiopiu.net\/wordpress\/wp-content\/uploads\/2023\/02\/PISTA-LEVEGO.mp3<\/a><\/audio>\n<p>&nbsp;<\/p>\n<p>&nbsp;<\/p>\n<hr \/>\n<p>&nbsp;<\/p>\n<blockquote>\n<h3>OLIMPIADI MILANO-CORTINA, ZAIA: &#8220;OPERE REGIONALI NEI TEMPI PREVISTI&#8221;<\/h3>\n<\/blockquote>\n<p><strong><a class=\"dt-pswp-item\" href=\"https:\/\/www.radiopiu.net\/wordpress\/wp-content\/uploads\/2023\/02\/WhatsApp-Image-2023-02-27-at-14.58.46-3.jpeg\" data-dt-img-description=\"\" data-large_image_width=\"1600\" data-large_image_height=\"1200\"><img loading=\"lazy\" decoding=\"async\" class=\"wp-image-324206 alignleft\" src=\"https:\/\/www.radiopiu.net\/wordpress\/wp-content\/uploads\/2023\/02\/WhatsApp-Image-2023-02-27-at-14.58.46-3-300x225.jpeg\" alt=\"\" width=\"207\" height=\"155\" srcset=\"https:\/\/www.radiopiu.net\/wordpress\/wp-content\/uploads\/2023\/02\/WhatsApp-Image-2023-02-27-at-14.58.46-3-300x225.jpeg 300w, https:\/\/www.radiopiu.net\/wordpress\/wp-content\/uploads\/2023\/02\/WhatsApp-Image-2023-02-27-at-14.58.46-3-1024x768.jpeg 1024w, https:\/\/www.radiopiu.net\/wordpress\/wp-content\/uploads\/2023\/02\/WhatsApp-Image-2023-02-27-at-14.58.46-3-768x576.jpeg 768w, https:\/\/www.radiopiu.net\/wordpress\/wp-content\/uploads\/2023\/02\/WhatsApp-Image-2023-02-27-at-14.58.46-3-1536x1152.jpeg 1536w, https:\/\/www.radiopiu.net\/wordpress\/wp-content\/uploads\/2023\/02\/WhatsApp-Image-2023-02-27-at-14.58.46-3.jpeg 1600w\" sizes=\"auto, (max-width: 207px) 100vw, 207px\" \/><\/a>VENEZIA<\/strong> Dichiarazioni di\u00a0 Luca Zaia, presidente della Regione Veneto, nel corso del punto stampa al termine della cabina di regia per le Olimpiadi di Milano-Cortina 2026, tenutosi a Venezia.<\/p>\n<p><em>\u201cSul fronte delle opere olimpiche che riguardano la Regione Veneto &#8220;siamo sul pezzo e nei termini previsti. Dal punto di vista di operativit\u00e0 &#8211; ha\u00a0 detto il Presidente Luca Zaia &#8211; debbo dire che abbiamo fatto molto lavoro. Si \u00e8 discusso di opere del Veneto, della pista da bob, del villaggio olimpico di Cortina e di altre opere&#8221;.<\/em><\/p>\n<p>https:\/\/www.facebook.com\/zaiaufficiale\/videos\/718951223296664<\/p>\n<p>&nbsp;<\/p>\n<p><strong>AUDIO: Il Commissario straordinario Luigi Valerio Sant&#8217;Andrea, attuale amministratore delegato della societ\u00e0 \u00abInfrastrutture Milano-Cortina 2026 SpA<\/strong><\/p>\n<p><iframe loading=\"lazy\" title=\"intervista Sant Andrea\" width=\"1200\" height=\"675\" src=\"https:\/\/www.youtube.com\/embed\/gK59OipETnI?feature=oembed\" frameborder=\"0\" allow=\"accelerometer; autoplay; clipboard-write; encrypted-media; gyroscope; picture-in-picture; web-share\" allowfullscreen><\/iframe><\/p>\n<p>&nbsp;<\/p>\n<p>&nbsp;<\/p>\n<p>&nbsp;<\/p>\n<hr \/>\n<p>&nbsp;<\/p>\n<blockquote>\n<h3>DE CARLO INCONTRA IL SINDACO DI ROCCA PIETORE<\/h3>\n<\/blockquote>\n<p><a class=\"dt-pswp-item\" href=\"https:\/\/www.radiopiu.net\/wordpress\/wp-content\/uploads\/2023\/02\/WhatsApp-Image-2023-02-27-at-13.27.23.jpeg\" data-dt-img-description=\"\" data-large_image_width=\"2048\" data-large_image_height=\"1536\"><img loading=\"lazy\" decoding=\"async\" class=\"size-medium wp-image-324166 alignleft\" src=\"https:\/\/www.radiopiu.net\/wordpress\/wp-content\/uploads\/2023\/02\/WhatsApp-Image-2023-02-27-at-13.27.23-300x225.jpeg\" alt=\"\" width=\"300\" height=\"225\" srcset=\"https:\/\/www.radiopiu.net\/wordpress\/wp-content\/uploads\/2023\/02\/WhatsApp-Image-2023-02-27-at-13.27.23-300x225.jpeg 300w, https:\/\/www.radiopiu.net\/wordpress\/wp-content\/uploads\/2023\/02\/WhatsApp-Image-2023-02-27-at-13.27.23-1024x768.jpeg 1024w, https:\/\/www.radiopiu.net\/wordpress\/wp-content\/uploads\/2023\/02\/WhatsApp-Image-2023-02-27-at-13.27.23-768x576.jpeg 768w, https:\/\/www.radiopiu.net\/wordpress\/wp-content\/uploads\/2023\/02\/WhatsApp-Image-2023-02-27-at-13.27.23-1536x1152.jpeg 1536w, https:\/\/www.radiopiu.net\/wordpress\/wp-content\/uploads\/2023\/02\/WhatsApp-Image-2023-02-27-at-13.27.23.jpeg 2048w\" sizes=\"auto, (max-width: 300px) 100vw, 300px\" \/><\/a><strong>ROCCA PIETORE<\/strong> Incontro a Belluno tra il senatore e sindaco di Calalzo di Cadore Luca De Carlo e il nuovo segretario provinciale della Lega, nonch\u00e9 primo cittadino di Rocca Pietore, Andrea De Bernardin. Un confronto che, spiegano, \u00e8 servito a ribadire l&#8217;unit\u00e0 e la compattezza della coalizione di centrodestra, soprattutto nel territorio bellunese che vede un solo suo rappresentante in Parlamento. Sul tavolo, i temi che toccano da vicino la realt\u00e0 bellunese, da quelli legati ai comuni\u00a0 alle nuove strategie per la provincia<em> \u201cUn passo necessario vista la mancanza di una regia provinciale\u201d<\/em>, sottolinea De Carlo, a cui fa eco De Bernardin: <em>\u201cUna strategia assente per effetto della disastrosa riforma Delrio; la speranza \u00e8 quella di poter presto tornare tutti a votare per l&#8217;ente Provincia\u201d<\/em>. L&#8217;obbiettivo comune \u00e8 quello di portare avanti il confronto su temi e iniziative che riportino la montagna al centro della discussione.<\/p>\n<p>&nbsp;<\/p>\n<hr \/>\n<p>&nbsp;<\/p>\n<blockquote>\n<h3><strong><a class=\"dt-pswp-item\" href=\"https:\/\/www.radiopiu.net\/wordpress\/wp-content\/uploads\/2023\/02\/th-15.jpg\" data-dt-img-description=\"\" data-large_image_width=\"474\" data-large_image_height=\"642\"><img loading=\"lazy\" decoding=\"async\" class=\"wp-image-324211 alignleft\" src=\"https:\/\/www.radiopiu.net\/wordpress\/wp-content\/uploads\/2023\/02\/th-15-221x300.jpg\" alt=\"\" width=\"99\" height=\"134\" srcset=\"https:\/\/www.radiopiu.net\/wordpress\/wp-content\/uploads\/2023\/02\/th-15-221x300.jpg 221w, https:\/\/www.radiopiu.net\/wordpress\/wp-content\/uploads\/2023\/02\/th-15.jpg 474w\" sizes=\"auto, (max-width: 99px) 100vw, 99px\" \/><\/a><\/strong>PD-BELLUNO: RIBALTONE SCHLEIN<\/h3>\n<\/blockquote>\n<p><strong>BELLUNO<\/strong> ribalta i risultati delle consultazioni interne al partito ed \u00e8 la nuova segretaria nazionale del Partito Democratico. Nel Bellunese, dove ha ottenuto una media superiore a quella nazionale e regionale, ora si chiede un cambio di mentalit\u00e0 all&#8217;interno del partito.<\/p>\n<p><strong>DI DANIELE DALVIT<\/strong><\/p>\n<audio class=\"wp-audio-shortcode\" id=\"audio-324096-8\" preload=\"none\" style=\"width: 100%;\" controls=\"controls\"><source type=\"audio\/mpeg\" src=\"https:\/\/www.radiopiu.net\/wordpress\/wp-content\/uploads\/2023\/02\/daniele-dalvit.mp3?_=8\" \/><a href=\"https:\/\/www.radiopiu.net\/wordpress\/wp-content\/uploads\/2023\/02\/daniele-dalvit.mp3\">https:\/\/www.radiopiu.net\/wordpress\/wp-content\/uploads\/2023\/02\/daniele-dalvit.mp3<\/a><\/audio>\n<p>&nbsp;<\/p>\n<p>&nbsp;<\/p>\n<hr \/>\n<p>&nbsp;<\/p>\n<div class=\"page-title-head hgroup\">\n<blockquote>\n<h3 class=\"entry-title\">DONATORI DEL SANGUE IN ASSEMBLEA, PRESTO IL LIBRO DEL SETTANTESIMO<\/h3>\n<\/blockquote>\n<\/div>\n<div class=\"page-title-breadcrumbs\">\n<div><strong><a class=\"dt-pswp-item\" href=\"https:\/\/www.radiopiu.net\/wordpress\/wp-content\/uploads\/2023\/02\/20230219_121905-scaled.jpg\" data-dt-img-description=\"\" data-large_image_width=\"2560\" data-large_image_height=\"1920\"><img loading=\"lazy\" decoding=\"async\" class=\"wp-image-324232 alignleft\" src=\"https:\/\/www.radiopiu.net\/wordpress\/wp-content\/uploads\/2023\/02\/20230219_121905-scaled.jpg\" alt=\"\" width=\"306\" height=\"229\" srcset=\"https:\/\/www.radiopiu.net\/wordpress\/wp-content\/uploads\/2023\/02\/20230219_121905-scaled.jpg 2560w, https:\/\/www.radiopiu.net\/wordpress\/wp-content\/uploads\/2023\/02\/20230219_121905-300x225.jpg 300w, https:\/\/www.radiopiu.net\/wordpress\/wp-content\/uploads\/2023\/02\/20230219_121905-1024x768.jpg 1024w, https:\/\/www.radiopiu.net\/wordpress\/wp-content\/uploads\/2023\/02\/20230219_121905-768x576.jpg 768w, https:\/\/www.radiopiu.net\/wordpress\/wp-content\/uploads\/2023\/02\/20230219_121905-1536x1152.jpg 1536w, https:\/\/www.radiopiu.net\/wordpress\/wp-content\/uploads\/2023\/02\/20230219_121905-2048x1536.jpg 2048w\" sizes=\"auto, (max-width: 306px) 100vw, 306px\" \/><\/a>ALLEGHE<\/strong> Sono 71 i donatori del sangue attivi in riva al lago, 44 uomini, 27 donne. Nell&#8217;ultimo anno le donazioni sono salite a 103 con 7 sospensioni temporanee. Il Segretario Paolo Bellenzier nell&#8217;ultima assemblea ha avuto modo di salutare e ringraziarei\u00a0 quattro<span id=\"page34R_mcid3\" class=\"markedContent\"><span dir=\"ltr\" role=\"presentation\"> nuovi donatori: Thomas\u00a0 De Silvestro, Lino De Toni, Arianna Gaiardo ed Erica\u00a0 <\/span><span dir=\"ltr\" role=\"presentation\">Moretti\u00a0 di Taibon.\u00a0<em> &#8220;Grazie a tutti voi &#8211; ha detto Bellenzier &#8211; siete <\/em><\/span><em><span dir=\"ltr\" role=\"presentation\">\u00a0sintomo di rinnovamento e date valore a uno dei modi pi\u00f9 semplici ed efficaci, il passa parola <\/span><span dir=\"ltr\" role=\"presentation\">all\u2019interno delle famiglie, tra le amicizie e anche al lavoro. <\/span><\/em><\/span><em><span id=\"page34R_mcid4\" class=\"markedContent\"><span dir=\"ltr\" role=\"presentation\">Tenendo conto dell\u2019inevitabile riduzione del numero dei donatori per decremento demografico <\/span><span dir=\"ltr\" role=\"presentation\">auspichiamo in un ricambio generazionale, sottolineando comunque la buona tenuta delle unit\u00e0 della nostra <\/span><span dir=\"ltr\" role=\"presentation\">provincia&#8221;.\u00a0<\/span><\/span><\/em><span id=\"page34R_mcid4\" class=\"markedContent\"><span dir=\"ltr\" role=\"presentation\">L&#8217;assemblea alleghese \u00e8 stata l&#8217;occasione per evidenziare <\/span><\/span><span id=\"page34R_mcid5\" class=\"markedContent\">\u00a0<span dir=\"ltr\" role=\"presentation\">l\u2019attivit\u00e0<\/span> <span dir=\"ltr\" role=\"presentation\">promozionale<\/span> <span dir=\"ltr\" role=\"presentation\">svolta<\/span> <span dir=\"ltr\" role=\"presentation\">nel<\/span> <span dir=\"ltr\" role=\"presentation\">2022 durante la serata dei fuochi artificiali, inoltre <\/span><span dir=\"ltr\" role=\"presentation\">la sottoscrizione del modulo \u201cpromessa di <\/span><span dir=\"ltr\" role=\"presentation\">donazione\u201d predisposto dall\u2019AVBS Provinciale\u00a0 e<\/span><\/span><span id=\"page34R_mcid6\" class=\"markedContent\"><span dir=\"ltr\" role=\"presentation\"> l\u2019invio delle lettere di invito alla donazione rivolto <\/span><span dir=\"ltr\" role=\"presentation\">ai giovani dai 18 ai 20 anni residenti nei Comuni della Sezione. Tra i programmi dell&#8217;Abvs alleghese la partecipazione alle manifestazioni del paese e gli incontri informativi per gli alunni delle scuole. A primavera, durante la cena sociale, saranno distribuire le benemerenze:<\/span><\/span><span id=\"page34R_mcid9\" class=\"markedContent\"><span dir=\"ltr\" role=\"presentation\"> 4 diplomi al merito trasfusionale (8 donazioni per gli uomini 4 <\/span><span dir=\"ltr\" role=\"presentation\">per le donne), 1 medaglia di bronzo (18 donazioni per gli uomini 9 per le donne), 1 medaglia d\u2019argento (24 <\/span><span dir=\"ltr\" role=\"presentation\">donazioni per gli uomini e 12 per le donne), 1 medaglia d\u2019oro (50 donazioni per gli uomini 25 per le donne). <\/span><\/span><span id=\"page34R_mcid10\" class=\"markedContent\"><span dir=\"ltr\" role=\"presentation\">Di prossima distribuzione, casa per casa ad ogni donatore, del libro del settantesimo dell\u2019ABVS che <\/span><span dir=\"ltr\" role=\"presentation\">raccoglie le attivit\u00e0 delle varie associazioni ed informazioni sull\u2019andamento delle donazioni<\/span><\/span><\/div>\n<div><\/div>\n<div><\/div>\n<div><\/div>\n<\/div>\n<hr \/>\n<blockquote>\n<h3>LIDIA BEN, DOPO IL SECONDO LOCKDOWN DECIDE DI TORNARE CON LA SUA FAMIGLIA NELLA SUA TERRA DI ORIGINE E LASCIARE MILANO<\/h3>\n<\/blockquote>\n<p><strong>SAN TOMASO<\/strong><\/p>\n<p>di Gianni Santomaso<\/p>\n<audio class=\"wp-audio-shortcode\" id=\"audio-324096-9\" preload=\"none\" style=\"width: 100%;\" controls=\"controls\"><source type=\"audio\/mpeg\" src=\"https:\/\/www.radiopiu.net\/wordpress\/wp-content\/uploads\/2023\/02\/GIANNI-LIDIA-BEN-VIVERE-LAGORDINO.mp3?_=9\" \/><a href=\"https:\/\/www.radiopiu.net\/wordpress\/wp-content\/uploads\/2023\/02\/GIANNI-LIDIA-BEN-VIVERE-LAGORDINO.mp3\">https:\/\/www.radiopiu.net\/wordpress\/wp-content\/uploads\/2023\/02\/GIANNI-LIDIA-BEN-VIVERE-LAGORDINO.mp3<\/a><\/audio>\n<p>&nbsp;<\/p>\n\n\t\t\t<style type='text\/css'>\n\t\t\t\t#gallery-3 {\n\t\t\t\t\tmargin: auto;\n\t\t\t\t}\n\t\t\t\t#gallery-3 .gallery-item {\n\t\t\t\t\tfloat: left;\n\t\t\t\t\tmargin-top: 10px;\n\t\t\t\t\ttext-align: center;\n\t\t\t\t\twidth: 50%;\n\t\t\t\t}\n\t\t\t\t#gallery-3 img {\n\t\t\t\t\tborder: 2px solid #cfcfcf;\n\t\t\t\t}\n\t\t\t\t#gallery-3 .gallery-caption {\n\t\t\t\t\tmargin-left: 0;\n\t\t\t\t}\n\t\t\t\t\/* see gallery_shortcode() in wp-includes\/media.php *\/\n\t\t\t<\/style>\n\t\t<div id='gallery-3' class='dt-gallery-container gallery galleryid-324096 gallery-columns-2 gallery-size-thumbnail'><dl class='gallery-item'>\n\t\t\t\t<dt class='gallery-icon landscape'>\n\t\t\t\t\t<a class=\"rollover rollover-zoom dt-pswp-item\" title=\"4e7e6701-a17f-4ea1-ba78-3d8a510de70b\" data-dt-img-description=\"\" data-large_image_width=\"1600\" data-large_image_height=\"1200\"href='https:\/\/www.radiopiu.net\/wordpress\/wp-content\/uploads\/2023\/02\/4e7e6701-a17f-4ea1-ba78-3d8a510de70b.jpg'><img loading=\"lazy\" decoding=\"async\" width=\"150\" height=\"150\" src=\"https:\/\/www.radiopiu.net\/wordpress\/wp-content\/uploads\/2023\/02\/4e7e6701-a17f-4ea1-ba78-3d8a510de70b-150x150.jpg\" class=\"attachment-thumbnail size-thumbnail\" alt=\"\" \/><\/a>\n\t\t\t\t<\/dt><\/dl><dl class='gallery-item'>\n\t\t\t\t<dt class='gallery-icon portrait'>\n\t\t\t\t\t<a class=\"rollover rollover-zoom dt-pswp-item\" title=\"04_LidiaBen\" data-dt-img-description=\"\" data-large_image_width=\"3276\" data-large_image_height=\"3544\"href='https:\/\/www.radiopiu.net\/wordpress\/wp-content\/uploads\/2023\/02\/04_LidiaBen.png'><img loading=\"lazy\" decoding=\"async\" width=\"150\" height=\"150\" src=\"https:\/\/www.radiopiu.net\/wordpress\/wp-content\/uploads\/2023\/02\/04_LidiaBen-150x150.png\" class=\"attachment-thumbnail size-thumbnail\" alt=\"\" \/><\/a>\n\t\t\t\t<\/dt><\/dl><br style=\"clear: both\" \/>\n\t\t\t<\/div>\n\n<p>&nbsp;<\/p>\n<hr \/>\n<p>&nbsp;<\/p>\n<blockquote>\n<h3>WILLIAM DA ROIT\u00a0 OSPITE DI\u00a0 OLTRE TEAM<\/h3>\n<\/blockquote>\n<p><strong><a class=\"dt-pswp-item\" href=\"https:\/\/www.radiopiu.net\/wordpress\/wp-content\/uploads\/2023\/02\/Serata-cicloturismo.jpg\" data-dt-img-description=\"\" data-large_image_width=\"2048\" data-large_image_height=\"1366\"><img loading=\"lazy\" decoding=\"async\" class=\"size-medium wp-image-324192 alignleft\" src=\"https:\/\/www.radiopiu.net\/wordpress\/wp-content\/uploads\/2023\/02\/Serata-cicloturismo-300x200.jpg\" alt=\"\" width=\"300\" height=\"200\" srcset=\"https:\/\/www.radiopiu.net\/wordpress\/wp-content\/uploads\/2023\/02\/Serata-cicloturismo-300x200.jpg 300w, https:\/\/www.radiopiu.net\/wordpress\/wp-content\/uploads\/2023\/02\/Serata-cicloturismo-1024x683.jpg 1024w, https:\/\/www.radiopiu.net\/wordpress\/wp-content\/uploads\/2023\/02\/Serata-cicloturismo-768x512.jpg 768w, https:\/\/www.radiopiu.net\/wordpress\/wp-content\/uploads\/2023\/02\/Serata-cicloturismo-1536x1025.jpg 1536w, https:\/\/www.radiopiu.net\/wordpress\/wp-content\/uploads\/2023\/02\/Serata-cicloturismo.jpg 2048w\" sizes=\"auto, (max-width: 300px) 100vw, 300px\" \/><\/a>BELLUNO <\/strong>\u00a0Prender\u00e0 il via venerd\u00ec sera, con una cena in compagnia dell&#8217;ultra sportivo William Da Roit, il primo appuntamento della &#8220;Oltre Team Academy 2023&#8221;. Nove appuntamenti dedicati esclusivamente al mondo della bicicletta con un unico obiettivo: imparare, viaggiare, ascoltare, esplorare. Non una scuola, ma semplici serate di condivisione dove amici diventano per una sera &#8220;teachers&#8221;, mettendo cos\u00ec a disposizione dei partecipanti le esperienze vissute e il tempo per permetterci di viaggiare pi\u00f9 sicuri, qualunque sia\u00a0 l&#8217;obiettivo o la meta. I nove appuntamenti prevedono incontri di un&#8217;ora (principalmente i marted\u00ec di marzo e aprile) con temi diversi quali la motivazione sportiva, la manutenzione della bicicletta, il posizionamento in sella, l&#8217;idratazione, la tracciatura e pianificazione di un percorso, il viaggio e le esperienze.<\/p>\n<p>&nbsp;<\/p>\n<hr \/>\n<p>&nbsp;<\/p>\n<blockquote>\n<h3>DA TOFANA FRECCIA NEL CIELO I CREATORI DELLA NEVE<\/h3>\n<\/blockquote>\n<p><strong>CORTINA <\/strong>Per loro fare neve \u00e8 un&#8217;arte. Aspettano con pazienza il momento giusto per creare il cristallo perfetto: non troppo bagnato, non troppo leggero, di forma esagonale e unico nel suo genere. Monitorano giorno e notte i 45 cannoni e le 11 aste e, raggiunti almeno i -2\u00b0 umidi, colgono l&#8217;attimo e iniziano a creare. Gli ingredienti? Essenziali e tutti naturali: acqua e aria. Con soli due elementi e grazie a pompe, nucleatori, augelli, ventole e altre magie dell&#8217;elettronica, creano quel piccolo nucleo che, sparato e librato in aria per qualche secondo, si trasforma in cristallo. Qualche ora di riposo e la ricetta della neve \u00e8 fatta! I creatori? Si chiamano Oscar, Michele, Roberto e Omar e sono gli innevatori di Tofana Freccia nel Cielo. Un lavoro notturno e faticoso ma soprattutto inevitabilmente legato al corso della natura, perch\u00e9 si pu\u00f2 programmare e azionare i cannoni col clima freddo e secco, ma spesso brutto tempo, vento e neve diventano acerrimi nemici. Questione di esperienza e passione, di attimi colti al momento giusto, di ingredienti miscelati con attenzione. L&#8217;innevatore in fondo assomiglia alla sua neve: uomo semplice e silenzioso, ma essenziale. Un grazie a chi, anche se non si vede, c&#8217;\u00e8 sempre: a Oscar, Michele, Roberto e Omar<\/p>\n\n\t\t\t<style type='text\/css'>\n\t\t\t\t#gallery-4 {\n\t\t\t\t\tmargin: auto;\n\t\t\t\t}\n\t\t\t\t#gallery-4 .gallery-item {\n\t\t\t\t\tfloat: left;\n\t\t\t\t\tmargin-top: 10px;\n\t\t\t\t\ttext-align: center;\n\t\t\t\t\twidth: 33%;\n\t\t\t\t}\n\t\t\t\t#gallery-4 img {\n\t\t\t\t\tborder: 2px solid #cfcfcf;\n\t\t\t\t}\n\t\t\t\t#gallery-4 .gallery-caption {\n\t\t\t\t\tmargin-left: 0;\n\t\t\t\t}\n\t\t\t\t\/* see gallery_shortcode() in wp-includes\/media.php *\/\n\t\t\t<\/style>\n\t\t<div id='gallery-4' class='dt-gallery-container gallery galleryid-324096 gallery-columns-3 gallery-size-thumbnail'><dl class='gallery-item'>\n\t\t\t\t<dt class='gallery-icon portrait'>\n\t\t\t\t\t<a class=\"rollover rollover-zoom dt-pswp-item\" title=\"Oscar innevatore\" data-dt-img-description=\"\" data-large_image_width=\"1824\" data-large_image_height=\"2560\"href='https:\/\/www.radiopiu.net\/wordpress\/wp-content\/uploads\/2023\/02\/Oscar-innevatore-scaled.jpg'><img loading=\"lazy\" decoding=\"async\" width=\"150\" height=\"150\" src=\"https:\/\/www.radiopiu.net\/wordpress\/wp-content\/uploads\/2023\/02\/Oscar-innevatore-150x150.jpg\" class=\"attachment-thumbnail size-thumbnail\" alt=\"\" \/><\/a>\n\t\t\t\t<\/dt><\/dl><dl class='gallery-item'>\n\t\t\t\t<dt class='gallery-icon portrait'>\n\t\t\t\t\t<a class=\"rollover rollover-zoom dt-pswp-item\" title=\"IMG_8306\" data-dt-img-description=\"\" data-large_image_width=\"1125\" data-large_image_height=\"1251\"href='https:\/\/www.radiopiu.net\/wordpress\/wp-content\/uploads\/2023\/02\/IMG_8306.jpg'><img loading=\"lazy\" decoding=\"async\" width=\"150\" height=\"150\" src=\"https:\/\/www.radiopiu.net\/wordpress\/wp-content\/uploads\/2023\/02\/IMG_8306-150x150.jpg\" class=\"attachment-thumbnail size-thumbnail\" alt=\"\" \/><\/a>\n\t\t\t\t<\/dt><\/dl><dl class='gallery-item'>\n\t\t\t\t<dt class='gallery-icon portrait'>\n\t\t\t\t\t<a class=\"rollover rollover-zoom dt-pswp-item\" title=\"IMG_8307\" data-dt-img-description=\"\" data-large_image_width=\"1125\" data-large_image_height=\"1352\"href='https:\/\/www.radiopiu.net\/wordpress\/wp-content\/uploads\/2023\/02\/IMG_8307.jpg'><img loading=\"lazy\" decoding=\"async\" width=\"150\" height=\"150\" src=\"https:\/\/www.radiopiu.net\/wordpress\/wp-content\/uploads\/2023\/02\/IMG_8307-150x150.jpg\" class=\"attachment-thumbnail size-thumbnail\" alt=\"\" \/><\/a>\n\t\t\t\t<\/dt><\/dl><br style=\"clear: both\" \/>\n\t\t\t<\/div>\n\n<p>&nbsp;<\/p>\n<hr \/>\n<p>&nbsp;<\/p>\n<blockquote>\n<h3>COME EVITARE ACCAVALLAMENTI DI EVENTI<\/h3>\n<\/blockquote>\n<p><strong>AGORDO<\/strong> La Proloco ci prova, mettere attorno allo stesso tavolo gli organizzatori di eventi. Obiettivo un calendario condiviso delle manifestazioni 2023. Appuntamento in sala della Biblioteca giovedi 2 marzo alle 20.30<\/p>\n<p>&nbsp;<\/p>\n<hr \/>\n<p>&nbsp;<\/p>\n<blockquote>\n<h3>DAVID SMART AD OLTRE LE VETTE, PRESENTA IL LIBRO SU EMILIO COMICI<\/h3>\n<\/blockquote>\n<p><strong>BELLUNO<\/strong> \u2019autore canadese David Smart arriva a Belluno per presentare il suo ultimo libro \u201cEmilio Comici. L\u2019angelo delle Dolomiti\u201d edito da Solferino. L\u2019evento, in programma domenica 5 marzo alle ore 17.00 a palazzo Fulcis, \u00e8 organizzato nell\u2019ambito dell\u2019edizione 2023 del festival Oltre le Vette<\/p>\n\n\t\t\t<style type='text\/css'>\n\t\t\t\t#gallery-5 {\n\t\t\t\t\tmargin: auto;\n\t\t\t\t}\n\t\t\t\t#gallery-5 .gallery-item {\n\t\t\t\t\tfloat: left;\n\t\t\t\t\tmargin-top: 10px;\n\t\t\t\t\ttext-align: center;\n\t\t\t\t\twidth: 50%;\n\t\t\t\t}\n\t\t\t\t#gallery-5 img {\n\t\t\t\t\tborder: 2px solid #cfcfcf;\n\t\t\t\t}\n\t\t\t\t#gallery-5 .gallery-caption {\n\t\t\t\t\tmargin-left: 0;\n\t\t\t\t}\n\t\t\t\t\/* see gallery_shortcode() in wp-includes\/media.php *\/\n\t\t\t<\/style>\n\t\t<div id='gallery-5' class='dt-gallery-container gallery galleryid-324096 gallery-columns-2 gallery-size-thumbnail'><dl class='gallery-item'>\n\t\t\t\t<dt class='gallery-icon portrait'>\n\t\t\t\t\t<a class=\"rollover rollover-zoom dt-pswp-item\" title=\"\" data-dt-img-description=\"\" data-large_image_width=\"590\" data-large_image_height=\"960\"href='https:\/\/www.radiopiu.net\/wordpress\/wp-content\/uploads\/2023\/02\/emilio-comici.jpg'><img loading=\"lazy\" decoding=\"async\" width=\"150\" height=\"150\" src=\"https:\/\/www.radiopiu.net\/wordpress\/wp-content\/uploads\/2023\/02\/emilio-comici-150x150.jpg\" class=\"attachment-thumbnail size-thumbnail\" alt=\"\" aria-describedby=\"gallery-5-324178\" \/><\/a>\n\t\t\t\t<\/dt>\n\t\t\t\t\t<dd class='wp-caption-text gallery-caption' id='gallery-5-324178'>\n\t\t\t\t\temilio-comici\n\t\t\t\t\t<\/dd><\/dl><dl class='gallery-item'>\n\t\t\t\t<dt class='gallery-icon portrait'>\n\t\t\t\t\t<a class=\"rollover rollover-zoom dt-pswp-item\" title=\"David-Smart\" data-dt-img-description=\"\" data-large_image_width=\"665\" data-large_image_height=\"971\"href='https:\/\/www.radiopiu.net\/wordpress\/wp-content\/uploads\/2023\/02\/David-Smart.jpeg'><img loading=\"lazy\" decoding=\"async\" width=\"150\" height=\"150\" src=\"https:\/\/www.radiopiu.net\/wordpress\/wp-content\/uploads\/2023\/02\/David-Smart-150x150.jpeg\" class=\"attachment-thumbnail size-thumbnail\" alt=\"\" aria-describedby=\"gallery-5-324179\" \/><\/a>\n\t\t\t\t<\/dt>\n\t\t\t\t\t<dd class='wp-caption-text gallery-caption' id='gallery-5-324179'>\n\t\t\t\t\tDavid-Smart\n\t\t\t\t\t<\/dd><\/dl><br style=\"clear: both\" \/>\n\t\t\t<\/div>\n\n<p>&nbsp;<\/p>\n<hr \/>\n<p>&nbsp;<\/p>\n<blockquote>\n<h3>UN CONCORSO PUBBLICO PER ASSUMERE 140 COMISSARI DELLA CARRIERA DEI FUNZIONARI DELLA POLIZIA DI STATO<\/h3>\n<\/blockquote>\n<p><strong><a class=\"dt-pswp-item\" href=\"https:\/\/www.radiopiu.net\/wordpress\/wp-content\/uploads\/2022\/05\/POLIZIA-2.jpg\" data-dt-img-description=\"\" data-large_image_width=\"1920\" data-large_image_height=\"1080\"><img loading=\"lazy\" decoding=\"async\" class=\" wp-image-278033 alignleft\" src=\"https:\/\/www.radiopiu.net\/wordpress\/wp-content\/uploads\/2022\/05\/POLIZIA-2-300x169.jpg\" alt=\"\" width=\"170\" height=\"96\" srcset=\"https:\/\/www.radiopiu.net\/wordpress\/wp-content\/uploads\/2022\/05\/POLIZIA-2-300x169.jpg 300w, https:\/\/www.radiopiu.net\/wordpress\/wp-content\/uploads\/2022\/05\/POLIZIA-2-1024x576.jpg 1024w, https:\/\/www.radiopiu.net\/wordpress\/wp-content\/uploads\/2022\/05\/POLIZIA-2-768x432.jpg 768w, https:\/\/www.radiopiu.net\/wordpress\/wp-content\/uploads\/2022\/05\/POLIZIA-2-1536x864.jpg 1536w, https:\/\/www.radiopiu.net\/wordpress\/wp-content\/uploads\/2022\/05\/POLIZIA-2.jpg 1920w\" sizes=\"auto, (max-width: 170px) 100vw, 170px\" \/><\/a>BELLUNO <\/strong>Sul Portale Unico del reclutamento, disponibile all\u2019indirizzo <a href=\"http:\/\/www.inpa.gov.it\">www.inpa.gov.it<\/a> nonch\u00e9 sul sito <a href=\"http:\/\/www.poliziadistato.it\">www.poliziadistato.it<\/a>, \u00e8 stato pubblicato il bando di concorso pubblico, per titoli ed esami, per l\u2019assunzione di 140 commissari della carriera dei funzionari della Polizia di Stato, indetto con decreto del 16 febbraio 2023. La domanda di partecipazione al concorso potr\u00e0 essere presentata, \u00a0dalle \u00a0ore \u00a000.00 del 18 febbraio 2023 alle ore 23.59 del 20 marzo 2023, sia tramite il Portale unico di reclutamento che mediante la procedura informatica disponibile all\u2019indirizzo <a href=\"https:\/\/concorsionline.poliziadistato.it\">https:\/\/concorsionline.poliziadistato.it<\/a> (cliccando sull\u2019icona \u201cConcorso pubblico\u201d).<\/p>\n<p>&nbsp;<\/p>\n<p>&nbsp;<\/p>\n<hr \/>\n<p>&nbsp;<\/p>\n<blockquote>\n<h3>DUE INCONTRI CON IL COLLEGIO GEOMETRI<\/h3>\n<\/blockquote>\n<p><strong>BELLUNO <\/strong>Il Collegio dei Geometri e dei Geometri Laureati della Provincia di Belluno in collaborazione con l\u2019Istituto Superiore di Feltre Sez. I.T.T. Negrelli \u2013 Forcellini ha organizzato un importante evento formativo, diviso in due sessioni, sull\u2019attivit\u00e0 tecnica del geometra in Protezione Civile. Queste due sessioni nelle mattine di mercoled\u00ec 1 marzo e gioved\u00ec\u00ec 9 marzo vedranno gli studenti del corso diurno e serale C.A.T. (Costruzioni Ambiente e Territorio), impegnati assieme ai geometri liberi professionisti.<\/p>\n<p>&nbsp;<\/p>\n<p>&nbsp;<\/p>\n<hr \/>\n<p>&nbsp;<\/p>\n<h2><span style=\"color: #ff0000;\">IERI ALLA RADIO<\/span><\/h2>\n<h3><span style=\"color: #008080;\">AMA DOLOMITI<\/span><\/h3>\n<p><strong><a class=\"dt-pswp-item\" href=\"https:\/\/www.radiopiu.net\/wordpress\/wp-content\/uploads\/2023\/02\/1239767_1376151945949547_1371470440_n.jpg\" data-dt-img-description=\"\" data-large_image_width=\"744\" data-large_image_height=\"498\"><img loading=\"lazy\" decoding=\"async\" class=\" wp-image-321803 alignleft\" src=\"https:\/\/www.radiopiu.net\/wordpress\/wp-content\/uploads\/2023\/02\/1239767_1376151945949547_1371470440_n-300x201.jpg\" alt=\"\" width=\"172\" height=\"115\" srcset=\"https:\/\/www.radiopiu.net\/wordpress\/wp-content\/uploads\/2023\/02\/1239767_1376151945949547_1371470440_n-300x201.jpg 300w, https:\/\/www.radiopiu.net\/wordpress\/wp-content\/uploads\/2023\/02\/1239767_1376151945949547_1371470440_n.jpg 744w\" sizes=\"auto, (max-width: 172px) 100vw, 172px\" \/><\/a>Nuovo appuntamento sulle frequenze di Radio Pi\u00f9. A partire dal 13 febbraio un nuovo programma a cura di AMA Dolomiti.<\/strong><\/p>\n<p align=\"JUSTIFY\"><span style=\"color: #000000;\"><span style=\"font-family: Times New Roman, serif;\"><span style=\"font-size: large;\">L\u2019Associazione Ama Dolomiti \u00e8 nata nell\u2019aprile 2010 da un gruppo di persone desiderose di mettere in rete i diversi gruppi di auto mutuo aiuto presenti nella provincia di Belluno, per dare ai medesimi sostegno nella loro attivit\u00e0, visibilit\u00e0 nel territorio e favorire la creazione di nuovi gruppi.\u00a0<\/span><\/span><\/span><\/p>\n<p align=\"JUSTIFY\"><strong>PUNTATA 03, 27 FEBBRAIO 2023<\/strong><\/p>\n<p align=\"JUSTIFY\"><strong>IL GRUPPO &#8220;NON FACCIO MAI ABBASTANZA<\/strong><\/p>\n<audio class=\"wp-audio-shortcode\" id=\"audio-324096-10\" preload=\"none\" style=\"width: 100%;\" controls=\"controls\"><source type=\"audio\/mpeg\" src=\"https:\/\/www.radiopiu.net\/wordpress\/wp-content\/uploads\/2023\/02\/GRUPPO-AMA-3.mp3?_=10\" \/><a href=\"https:\/\/www.radiopiu.net\/wordpress\/wp-content\/uploads\/2023\/02\/GRUPPO-AMA-3.mp3\">https:\/\/www.radiopiu.net\/wordpress\/wp-content\/uploads\/2023\/02\/GRUPPO-AMA-3.mp3<\/a><\/audio>\n<p>&nbsp;<\/p>\n<h3><span style=\"color: #ff00ff;\">JAZZERCISE, NELL&#8217;AGORDINO I CORSI DI RALUCA<\/span><\/h3>\n<div class=\"ytp-player-content ytp-iv-player-content\" data-layer=\"4\"><a class=\"dt-pswp-item\" href=\"https:\/\/www.radiopiu.net\/wordpress\/wp-content\/uploads\/2023\/02\/asaa.jpg\" data-dt-img-description=\"\" data-large_image_width=\"570\" data-large_image_height=\"246\"><img loading=\"lazy\" decoding=\"async\" class=\" wp-image-324119 alignleft\" src=\"https:\/\/www.radiopiu.net\/wordpress\/wp-content\/uploads\/2023\/02\/asaa-300x129.jpg\" alt=\"\" width=\"265\" height=\"114\" srcset=\"https:\/\/www.radiopiu.net\/wordpress\/wp-content\/uploads\/2023\/02\/asaa-300x129.jpg 300w, https:\/\/www.radiopiu.net\/wordpress\/wp-content\/uploads\/2023\/02\/asaa.jpg 570w\" sizes=\"auto, (max-width: 265px) 100vw, 265px\" \/><\/a>Jazzercise \u00e9 l&#8217;originale Fitness Dance Party. Fonde Pilates, Yoga, kickboxing. Un allenamento funzionale. I risultati? Muscoli tonici, ottima postura, linee snelle.<br \/>\nJAZZERCISE-DANCE MIX NELL&#8217;AGORDINO ALLA PALESTRA DELLE SCUOLE MEDIE DI CENCENIGHE OGNI MARTEDI E GIOVEDI DALLE 19 ALLE 20, IN SALA EX EMIGRANTI DI CANALE D&#8217;AGORDO IL MERCOEDI DALLE 19.30 ALLE 20.30 E IL VENERDI DALLE 18.45 ALLE 19.45 RALUCA istruttrice certificata ti aspetta, pronta a motivarti a ballare, saltare, calciare al ritmo della musica attuale. Fatiche sopportabili, risultati eccellenti&#8230;vieni e mettiti alla prova\u00a0 info 347 9295478<\/div>\n<div class=\"ytp-iv-video-content\" data-layer=\"4\">\n<div class=\"video-annotations\">\n<div class=\"video-custom-annotations\"><strong>AUDIO<\/strong><\/div>\n<div><strong>DI MIRKO MEZZACASA<\/strong><\/div>\n<\/div>\n<\/div>\n<div class=\"ytp-gradient-bottom\" data-layer=\"9\">\n<audio class=\"wp-audio-shortcode\" id=\"audio-324096-11\" preload=\"none\" style=\"width: 100%;\" controls=\"controls\"><source type=\"audio\/mpeg\" src=\"https:\/\/www.radiopiu.net\/wordpress\/wp-content\/uploads\/2023\/02\/raluca-2.mp3?_=11\" \/><a href=\"https:\/\/www.radiopiu.net\/wordpress\/wp-content\/uploads\/2023\/02\/raluca-2.mp3\">https:\/\/www.radiopiu.net\/wordpress\/wp-content\/uploads\/2023\/02\/raluca-2.mp3<\/a><\/audio>\n<p>&nbsp;<\/p>\n<\/div>\n<h3><span style=\"color: #3366ff;\">SALUTE E SOCIETA&#8217;<\/span><\/h3>\n<p><a class=\"dt-pswp-item\" href=\"https:\/\/www.radiopiu.net\/wordpress\/wp-content\/uploads\/2023\/02\/da50690a-b9d1-42dc-a2dd-334456217967.jpg\" data-dt-img-description=\"Blood test tubes in centrifuge. Plasma preparation in medical hematology laboratory concept. 3d illustration\" data-large_image_width=\"800\" data-large_image_height=\"445\"><img loading=\"lazy\" decoding=\"async\" class=\"wp-image-324114 alignleft\" src=\"https:\/\/www.radiopiu.net\/wordpress\/wp-content\/uploads\/2023\/02\/da50690a-b9d1-42dc-a2dd-334456217967-300x167.jpg\" alt=\"\" width=\"187\" height=\"104\" srcset=\"https:\/\/www.radiopiu.net\/wordpress\/wp-content\/uploads\/2023\/02\/da50690a-b9d1-42dc-a2dd-334456217967-300x167.jpg 300w, https:\/\/www.radiopiu.net\/wordpress\/wp-content\/uploads\/2023\/02\/da50690a-b9d1-42dc-a2dd-334456217967-768x427.jpg 768w, https:\/\/www.radiopiu.net\/wordpress\/wp-content\/uploads\/2023\/02\/da50690a-b9d1-42dc-a2dd-334456217967.jpg 800w\" sizes=\"auto, (max-width: 187px) 100vw, 187px\" \/><\/a><strong>Amiloidosi da catene leggere <\/strong>Tumori del sangue: in arrivo la prima terapia specifica per il trattamento dell\u2019amiloidosi da catene leggere una rara malattia ematologica. Aifa ha approvato la rimborsabilit\u00e0 per Daratumumab in formulazione sottocutanea.<br \/>\n<strong>Nuove sfide in ematologia <\/strong>L\u2019ematologo deve affrontare ancora numerose sfide, la principale \u00e8 definire la terapia adeguata per ogni singolo paziente. Da qui la necessit\u00e0 di formazione per tutto il personale che opera in ambito ematologico.<\/p>\n<p><strong>LA PUNTATA DEL 27 FEBBRAIO 2023<\/strong><\/p>\n<audio class=\"wp-audio-shortcode\" id=\"audio-324096-12\" preload=\"none\" style=\"width: 100%;\" controls=\"controls\"><source type=\"audio\/mpeg\" src=\"https:\/\/www.radiopiu.net\/wordpress\/wp-content\/uploads\/2023\/02\/SALUTE-3.mp3?_=12\" \/><a href=\"https:\/\/www.radiopiu.net\/wordpress\/wp-content\/uploads\/2023\/02\/SALUTE-3.mp3\">https:\/\/www.radiopiu.net\/wordpress\/wp-content\/uploads\/2023\/02\/SALUTE-3.mp3<\/a><\/audio>\n<p>&nbsp;<\/p>\n<hr \/>\n<p>&nbsp;<\/p>\n<blockquote>\n<h3>ESPERIENZE DALLE PAROLE DEI BAMBINI<\/h3>\n<\/blockquote>\n<p><strong>BELLUNO<\/strong> Oggi alle 18, alla scuola dell\u2019infanzia di Salce presentazione del testo\u00a0 &#8220;Ridisegnare la bussola educativa &#8211; gli effetti del trauma pandemico nei bambini e nei ragazzi&#8221; a cura di Paola Scalari, che testimonia il vissuto di 100 adulti, dei bambini e degli adolescenti che ci hanno raccontato i loro pensieri e le loro emozioni. L&#8217;incontro \u00e8 aperto a tutti. Interverranno Macella De Pr\u00e0, mediatore famigliare e didatta, curatrice del volume. Sara De Bon, assistente sociale e Nicola Dallo che proporr\u00e0 interventi musicali.<\/p>\n<p>&nbsp;<\/p>\n<p>&nbsp;<\/p>\n<hr \/>\n<p>&nbsp;<\/p>\n<blockquote>\n<h3>IL CONVEGNO DEL CEIS A BELLUNO<\/h3>\n<\/blockquote>\n<p><strong>BELLUNO <\/strong>Sabato 4 marzo dalle ore 9.30 alle 12.15 si terr\u00e0 a Belluno &#8211; presso il Centro Congressi Giovanni XXIII in piazza Piloni 11 con ingresso libero &#8211; il convegno organizzato dalla Fondazione Esodo Onlus e dalla Caritas diocesana di Belluno-Feltre sul tema \u201cEsodo: oltre la pena. Un nuovo sguardo sulla giustizia\u201d in occasione dei dieci anni del Progetto Esodo, il cui obiettivo \u00e8 l\u2019attivazione di percorsi di inclusione sociale e lavorativa per persone detenute, ex detenute e in esecuzione penale esterna<em>.<\/em><\/p>\n<p>&nbsp;<\/p>\n<p>&nbsp;<\/p>\n<hr \/>\n<p>&nbsp;<\/p>\n<p>&nbsp;<\/p>\n<blockquote>\n<h3>FELTRE IN BICI, LA TEORIA PRIMA DI SALIRE IN SELLA<\/h3>\n<\/blockquote>\n<p><strong><img loading=\"lazy\" decoding=\"async\" class=\"alignleft\" src=\"https:\/\/www.radiopiu.net\/wordpress\/wp-content\/uploads\/2023\/02\/th-12.jpg\" width=\"218\" height=\"168\" \/>FELTRE<\/strong> In attesa di risalire in sella e pedalare, Fiab Feltreinbici propone una serie di serate con la rassegna &#8220;LA BICI RACCONTATA 2023&#8221; Questo ciclo di serate sar\u00e0 dedicato ai ciclo viaggiatori e a chi ancora non lo \u00e8 e sta pensando che una vacanza in bicicletta farebbe proprio al caso suo, ma non sa da dove cominciare.<\/p>\n<p><strong>VENERDI 3 MARZO<\/strong> a Fonzaso presso Dolomiti Hub<span style=\"font-family: inherit;\">\u00a0&#8220;Ritorno a Occidente: Dalla Gergia alla Turchia in inverno&#8221;. U<\/span>n viaggio al contrario che ha condotto Leonardo Corradini, Veronica Rizzieri e Nala (fondatori del blog &#8220;Life in Travel), dalle sponde orientali del mar Nero in Georgia a quelle settentrionali del Mediterraneo nella Turchia sud-occidentale. Veronica e Leonardo di Life in Travel sono instancabili viaggiatori, che in compagnia di Nala, una cucciolona di 20 kg che li accompagna viaggiando in parte nel carrellino e in parte correndo al loro fianco, hanno gi\u00e0 esplorato gran parte del mondo.<\/p>\n<p><strong>VENERDI 17 MARZO<\/strong> A Feltre sportello Csv, Luigi Zanon e Giuseppe Della Giustina\u00a0 parleranno di GPX. Oggi la tecnologia offre un grande aiuto ai ciclisti, ma quanti\u00a0 la conoscono bene e la sanno padroneggiare al meglio?<\/p>\n<p><strong>VENERDI 31 MARZO<\/strong> A Feltre sportello Csv Claudio Mason Presidente di FIAB Feltre in bici e esperto ciclo-viaggiatore affronter\u00e0 l\u2019argomento del cicloturismo, rispondendo a tutte le domande su pianificazione, bicicletta, abbigliamento, bagaglio, borse, mete, tappe, alloggi, imprevisti e opportunit\u00e0.<\/p>\n<p>&nbsp;<\/p>\n<hr \/>\n<p>&nbsp;<\/p>\n<blockquote>\n<h3>CONCERTO PREMIO EDIZIONE 2022<\/h3>\n<\/blockquote>\n<p><strong>BELLUNO<\/strong> Per il secondo anno consecutivo il Centro Culturale di Longarone ospita il concerto-premio dell&#8217;edizione 2022 del Concorso Musicale Citt\u00e0 di Belluno (sezione Canto Moderno), sabato 11 marzo 2023 alle\u00a0 20:45. Quest&#8217;anno ci saranno due importanti novit\u00e0: l&#8217;allestimento floreale del palco da parte dei volontari dell&#8217;infiorata di Igne e la presenza di due ospiti d&#8217;onore: il Cantautore bellunese Alvise Bortolini e la meravigliosa voce di Jessica Lena. <em>&#8220;La volont\u00e0 \u00e8 sempre quella di promuovere i giovani talenti, di far conoscere lo splendido e prezioso lavoro dei nostri volontari&#8221; &#8211; dichiara il Consigliere delegato alla Cultura Anna Olivier &#8211; &#8220;e di creare situazioni di socialit\u00e0, all&#8217;insegna della Bellezza, in questo caso della buona musica&#8221;.\u00a0<\/em><\/p>\n<p>&nbsp;<\/p>\n<p>&nbsp;<\/p>\n<hr \/>\n<p>&nbsp;<\/p>\n<blockquote>\n<h3>A FINE APRILE AGORDO IN VISITA AI GEMELLI FRANCESI<\/h3>\n<\/blockquote>\n<p><strong><a class=\"dt-pswp-item\" href=\"https:\/\/www.radiopiu.net\/wordpress\/wp-content\/uploads\/2023\/02\/GEMELLAGGIO-AGORDO.jpg\" data-dt-img-description=\"\" data-large_image_width=\"374\" data-large_image_height=\"124\"><img loading=\"lazy\" decoding=\"async\" class=\"size-medium wp-image-323724 alignleft\" src=\"https:\/\/www.radiopiu.net\/wordpress\/wp-content\/uploads\/2023\/02\/GEMELLAGGIO-AGORDO-300x99.jpg\" alt=\"\" width=\"300\" height=\"99\" srcset=\"https:\/\/www.radiopiu.net\/wordpress\/wp-content\/uploads\/2023\/02\/GEMELLAGGIO-AGORDO-300x99.jpg 300w, https:\/\/www.radiopiu.net\/wordpress\/wp-content\/uploads\/2023\/02\/GEMELLAGGIO-AGORDO.jpg 374w\" sizes=\"auto, (max-width: 300px) 100vw, 300px\" \/><\/a>AGORDO<\/strong>\u00a0Il Comitato di gemellaggio ha organizzato una gita in Francia, dal 28 aprile al 01 maggio, occasione ideale per l\u2019inaugurazione del graffito di Dunio Piccolin, sar\u00e0 inaugurato s<span id=\"page3R_mcid9\" class=\"markedContent\"><span dir=\"ltr\" role=\"presentation\">abato 29 aprile nella\u00a0<\/span><span dir=\"ltr\" role=\"presentation\">sala delle\u00a0<\/span><span dir=\"ltr\" role=\"presentation\">feste con visita al\u00a0<\/span><span dir=\"ltr\" role=\"presentation\">castello di Dolomieu.\u00a0<span id=\"page3R_mcid11\" class=\"markedContent\">Domenica 30 visita alla citt\u00e0 di Grenoble, centro citt\u00e0, musei, Bastiglia.\u00a0<\/span><span id=\"page3R_mcid17\" class=\"markedContent\">Iscrizioni entro il 20 marzo scrivendo a<\/span><span id=\"page3R_mcid18\" class=\"markedContent\">\u00a0cgemellaggio.agordo@libero.it<\/span><span id=\"page3R_mcid19\" class=\"markedContent\">\u00a0Oppure chiamando il 3489159626<\/span><\/span><\/span><\/p>\n<h3>LO SPECIALE. OSPITI IN STUDIO: CLAUDIA CATTADORI E FABRIZIO CAMPEDEL<\/h3>\n<audio class=\"wp-audio-shortcode\" id=\"audio-324096-13\" preload=\"none\" style=\"width: 100%;\" controls=\"controls\"><source type=\"audio\/mpeg\" src=\"https:\/\/www.radiopiu.net\/wordpress\/wp-content\/uploads\/2023\/02\/GEMELLAGGIO-DOLOMIEU.mp3?_=13\" \/><a href=\"https:\/\/www.radiopiu.net\/wordpress\/wp-content\/uploads\/2023\/02\/GEMELLAGGIO-DOLOMIEU.mp3\">https:\/\/www.radiopiu.net\/wordpress\/wp-content\/uploads\/2023\/02\/GEMELLAGGIO-DOLOMIEU.mp3<\/a><\/audio>\n<p>&nbsp;<\/p>\n<hr \/>\n<p>&nbsp;<\/p>\n<blockquote>\n<h3>LA BENEDIZIONE DELLE CASE A SAN TOMASO<\/h3>\n<\/blockquote>\n<p><strong>SAN TOMASO<\/strong> Il parroco di San Tomaso Don Luigi Canal comunica che a partire da mercoled\u00ec 22 febbraio inizier\u00e0 la benedizione delle case. Questi gli appuntamenti: 28 febbraio Roi, Colar\u00f9, Costa, 1 marzo Sot Colar\u00f9 e Avoscan.<\/p>\n<p>&nbsp;<\/p>\n<hr \/>\n<p>&nbsp;<\/p>\n<blockquote>\n<h3>LA MOSTRA DI LINDO NESELLO A SOSPIROLO<\/h3>\n<\/blockquote>\n<p><strong>SOSPIROLO<\/strong> Dal 25 febbraio al 19 marzo al Centro Civico di Sospirolo e biblioteca civica si pu\u00f2 visitare la mostra di Lindo Nesello dal titolo &#8220;Il paesaggio inedito degli anni 70-80&#8221;. Ingresso libero<\/p>\n<p>&nbsp;<\/p>\n<p>&nbsp;<\/p>\n<hr \/>\n<p>&nbsp;<\/p>\n<blockquote>\n<h3>IL 19 MARZO TORNA SUL BROI LA VECIA POPA<\/h3>\n<\/blockquote>\n<p><strong>AGORDO<\/strong>\u00a0La Vecia Popa \u00e8 pronta per tonare sul Broi di Agordo . L\u2019Appuntamento \u00e8 per domenica 19 marzo con la festa e l\u2019atteso testamento.<\/p>\n<div id=\"gallery-5\" class=\"dt-gallery-container gallery galleryid-323239 gallery-columns-2 gallery-size-medium\">\n<dl class=\"gallery-item\">\n<dt class=\"gallery-icon landscape\"><a class=\"rollover rollover-zoom dt-pswp-item pspw-wrap-ready this-ready\" title=\"dee7dc2b-e175-4363-a25e-dfe83fa36671\" href=\"https:\/\/www.radiopiu.net\/wordpress\/wp-content\/uploads\/2023\/02\/dee7dc2b-e175-4363-a25e-dfe83fa36671.jpg\" data-dt-img-description=\"\" data-large_image_width=\"813\" data-large_image_height=\"540\"><img loading=\"lazy\" decoding=\"async\" class=\"attachment-medium size-medium\" src=\"https:\/\/www.radiopiu.net\/wordpress\/wp-content\/uploads\/2023\/02\/dee7dc2b-e175-4363-a25e-dfe83fa36671-300x199.jpg\" sizes=\"auto, (max-width: 300px) 100vw, 300px\" srcset=\"https:\/\/www.radiopiu.net\/wordpress\/wp-content\/uploads\/2023\/02\/dee7dc2b-e175-4363-a25e-dfe83fa36671-300x199.jpg 300w, https:\/\/www.radiopiu.net\/wordpress\/wp-content\/uploads\/2023\/02\/dee7dc2b-e175-4363-a25e-dfe83fa36671-768x510.jpg 768w, https:\/\/www.radiopiu.net\/wordpress\/wp-content\/uploads\/2023\/02\/dee7dc2b-e175-4363-a25e-dfe83fa36671.jpg 813w\" alt=\"\" width=\"300\" height=\"199\" \/><i><\/i><\/a><\/dt>\n<\/dl>\n<dl class=\"gallery-item\">\n<dt class=\"gallery-icon landscape\"><a class=\"rollover rollover-zoom dt-pswp-item pspw-wrap-ready this-ready\" title=\"ddc0aeda-a4e9-4a5b-b809-227e841efa46\" href=\"https:\/\/www.radiopiu.net\/wordpress\/wp-content\/uploads\/2023\/02\/ddc0aeda-a4e9-4a5b-b809-227e841efa46.jpg\" data-dt-img-description=\"\" data-large_image_width=\"300\" data-large_image_height=\"199\"><img loading=\"lazy\" decoding=\"async\" class=\"attachment-medium size-medium\" src=\"https:\/\/www.radiopiu.net\/wordpress\/wp-content\/uploads\/2023\/02\/ddc0aeda-a4e9-4a5b-b809-227e841efa46.jpg\" alt=\"\" width=\"300\" height=\"199\" \/><\/a><\/dt>\n<\/dl>\n<\/div>\n<p>&nbsp;<\/p>\n<hr \/>\n<p>&nbsp;<\/p>\n<p>&nbsp;<\/p>\n<blockquote>\n<h2>SAGRA DE PASCA 2023<\/h2>\n<\/blockquote>\n<h3><a class=\"dt-pswp-item\" href=\"https:\/\/www.radiopiu.net\/wordpress\/wp-content\/uploads\/2023\/02\/7307e364-61f7-46fa-b7c5-8a7099f1201d.jpg\" data-dt-img-description=\"\" data-large_image_width=\"1536\" data-large_image_height=\"2048\"><img loading=\"lazy\" decoding=\"async\" class=\" wp-image-324071 alignleft\" src=\"https:\/\/www.radiopiu.net\/wordpress\/wp-content\/uploads\/2023\/02\/7307e364-61f7-46fa-b7c5-8a7099f1201d-225x300.jpg\" alt=\"\" width=\"245\" height=\"327\" srcset=\"https:\/\/www.radiopiu.net\/wordpress\/wp-content\/uploads\/2023\/02\/7307e364-61f7-46fa-b7c5-8a7099f1201d-225x300.jpg 225w, https:\/\/www.radiopiu.net\/wordpress\/wp-content\/uploads\/2023\/02\/7307e364-61f7-46fa-b7c5-8a7099f1201d-768x1024.jpg 768w, https:\/\/www.radiopiu.net\/wordpress\/wp-content\/uploads\/2023\/02\/7307e364-61f7-46fa-b7c5-8a7099f1201d-1152x1536.jpg 1152w, https:\/\/www.radiopiu.net\/wordpress\/wp-content\/uploads\/2023\/02\/7307e364-61f7-46fa-b7c5-8a7099f1201d.jpg 1536w\" sizes=\"auto, (max-width: 245px) 100vw, 245px\" \/><\/a><\/h3>\n<h3><\/h3>\n<h3>APRILE&#8230;. 6 &#8211; 7 &#8211; 8 &#8211; 9 LA SAGRA DE PASCA<\/h3>\n<h3>Scusate il ritardo&#8230;. Si riparte ancora pi\u00f9 forte<\/h3>\n<h3>GRUPPO SPORTIVO, DONATORI DEL SANGUE E PROLOCO DI TAIBON AGORDINO &#8230;..<\/h3>\n<h3><\/h3>\n<p>&nbsp;<\/p>\n<p>&nbsp;<\/p>\n<p>&nbsp;<\/p>\n<p>&nbsp;<\/p>\n<hr \/>\n<p>&nbsp;<\/p>\n<blockquote>\n<h3>UFFICO PRO LOCO CHIUSO, MUSEO E CASA ALBINO LUCIANI APERTI SU PRENOTAZIONE<\/h3>\n<\/blockquote>\n<p><strong>CANALE D&#8217;AGORDO<\/strong> Durante il mese di marzo l&#8217;ufficio Pro Loco sar\u00e0 chiuso per ferie, mentre il <u>museo<\/u> e la <u>casa natale<\/u> del beato Albino Luciani, Papa Giovanni Paolo I saranno aperti solo su prenotazione per gruppi (20\/25 persone). Info: 0437 1948001, mail\u00a0<a tabindex=\"-1\" title=\"mailto:info@prolococanale.it\" href=\"mailto:info@prolococanale.it\" target=\"_blank\" rel=\"external noopener\"><span style=\"color: #000000;\">info@prolococanale.it<\/span><\/a><\/p>\n<p>&nbsp;<\/p>\n<hr \/>\n<p>&nbsp;<\/p>\n<p>&nbsp;<\/p>\n<blockquote>\n<h3>PETTIROSSO AGORDINO CERCA VOLONTARI. L&#8217;INTERVISTA A SONIA D&#8217;AGOSTINI E LAURA MIANA<\/h3>\n<\/blockquote>\n<p><b><a class=\"dt-pswp-item\" href=\"https:\/\/www.radiopiu.net\/wordpress\/wp-content\/uploads\/2023\/02\/97638584-4bea-4ee5-b500-42b553630f9d.jpg\" data-dt-img-description=\"\" data-large_image_width=\"2048\" data-large_image_height=\"1152\"><img loading=\"lazy\" decoding=\"async\" class=\" wp-image-323867 alignleft\" src=\"https:\/\/www.radiopiu.net\/wordpress\/wp-content\/uploads\/2023\/02\/97638584-4bea-4ee5-b500-42b553630f9d-300x169.jpg\" alt=\"\" width=\"213\" height=\"120\" srcset=\"https:\/\/www.radiopiu.net\/wordpress\/wp-content\/uploads\/2023\/02\/97638584-4bea-4ee5-b500-42b553630f9d-300x169.jpg 300w, https:\/\/www.radiopiu.net\/wordpress\/wp-content\/uploads\/2023\/02\/97638584-4bea-4ee5-b500-42b553630f9d-1024x576.jpg 1024w, https:\/\/www.radiopiu.net\/wordpress\/wp-content\/uploads\/2023\/02\/97638584-4bea-4ee5-b500-42b553630f9d-768x432.jpg 768w, https:\/\/www.radiopiu.net\/wordpress\/wp-content\/uploads\/2023\/02\/97638584-4bea-4ee5-b500-42b553630f9d-1536x864.jpg 1536w, https:\/\/www.radiopiu.net\/wordpress\/wp-content\/uploads\/2023\/02\/97638584-4bea-4ee5-b500-42b553630f9d.jpg 2048w\" sizes=\"auto, (max-width: 213px) 100vw, 213px\" \/><\/a>di Mirko Mezzacasa<\/b><\/p>\n<p>OSPITI: Sonia D&#8217;Agostini e Laura Miana, Pettirosso Agordino<\/p>\n<audio class=\"wp-audio-shortcode\" id=\"audio-324096-14\" preload=\"none\" style=\"width: 100%;\" controls=\"controls\"><source type=\"audio\/mpeg\" src=\"https:\/\/www.radiopiu.net\/wordpress\/wp-content\/uploads\/2023\/02\/pettirosso-intervista-sonia-e-laura.mp3?_=14\" \/><a href=\"https:\/\/www.radiopiu.net\/wordpress\/wp-content\/uploads\/2023\/02\/pettirosso-intervista-sonia-e-laura.mp3\">https:\/\/www.radiopiu.net\/wordpress\/wp-content\/uploads\/2023\/02\/pettirosso-intervista-sonia-e-laura.mp3<\/a><\/audio>\n<p>&nbsp;<\/p>\n<p>&nbsp;<\/p>\n<p>&nbsp;<\/p>\n<hr \/>\n<p>&nbsp;<\/p>\n<blockquote class=\"wp-embedded-content\" data-secret=\"2RJbcSYHKO\"><p><a href=\"https:\/\/www.radiopiu.net\/wordpress\/sui-domini-collettivi-ossia-i-cosiddetti-usi-civici-le-regole-e-altri-seconda-parte\/\">SUI DOMINI COLLETTIVI OSSIA I COSIDDETTI USI CIVICI, LE REGOLE E ALTRI \u2013 SECONDA PARTE<\/a><\/p><\/blockquote>\n<p><iframe loading=\"lazy\" class=\"wp-embedded-content\" sandbox=\"allow-scripts\" security=\"restricted\" style=\"position: absolute; clip: rect(1px, 1px, 1px, 1px);\" title=\"&#8220;SUI DOMINI COLLETTIVI OSSIA I COSIDDETTI USI CIVICI, LE REGOLE E ALTRI \u2013 SECONDA PARTE&#8221; &#8212; Radio Pi\u00f9\" src=\"https:\/\/www.radiopiu.net\/wordpress\/sui-domini-collettivi-ossia-i-cosiddetti-usi-civici-le-regole-e-altri-seconda-parte\/embed\/#?secret=TENDuv2lgq#?secret=2RJbcSYHKO\" data-secret=\"2RJbcSYHKO\" width=\"600\" height=\"338\" frameborder=\"0\" marginwidth=\"0\" marginheight=\"0\" scrolling=\"no\"><\/iframe><\/p>\n<p>&nbsp;<\/p>\n<hr \/>\n<p>&nbsp;<\/p>\n<blockquote>\n<h3>GIACOMO BRESSAN RICONFERMATO ALLA GUIDA DELLA PRO LOCO DI RIVAMONTE<\/h3>\n<\/blockquote>\n<p><strong><a class=\"dt-pswp-item\" href=\"https:\/\/www.radiopiu.net\/wordpress\/wp-content\/uploads\/2023\/02\/giacomo-bressan.png\" data-dt-img-description=\"\" data-large_image_width=\"622\" data-large_image_height=\"430\"><img loading=\"lazy\" decoding=\"async\" class=\" wp-image-324033 alignleft\" src=\"https:\/\/www.radiopiu.net\/wordpress\/wp-content\/uploads\/2023\/02\/giacomo-bressan-300x207.png\" alt=\"\" width=\"155\" height=\"107\" srcset=\"https:\/\/www.radiopiu.net\/wordpress\/wp-content\/uploads\/2023\/02\/giacomo-bressan-300x207.png 300w, https:\/\/www.radiopiu.net\/wordpress\/wp-content\/uploads\/2023\/02\/giacomo-bressan.png 622w\" sizes=\"auto, (max-width: 155px) 100vw, 155px\" \/><\/a>RIVAMONTE<\/strong> Giacomo Bressan \u00e8 stato confermato alla guida della Pro Loco di Rivamonte. Si \u00e8 svolta alla casa della giovent\u00f9 di Rivamonte l&#8217;assemblea dei soci. Oltre al rinnovo del consiglio di amministrazione, si \u00e8 parlato anche del bilancio e delle attivit\u00e0 svolte. Questo il nuovo direttivo: Presidente Giacomo Bressan, segretario Simone Fontanive, tesoriere Milena Rosson. Consiglieri: Silvia Mazzucco, Severina Stalliviere, Christian Brancaleone, Jacopo Bressan, Franco Pollazzon, Loris Fossen , Armando Lazzari, Christian Curti.<\/p>\n<p>&nbsp;<\/p>\n<p>&nbsp;<\/p>\n<hr \/>\n<p>&nbsp;<\/p>\n<div>\n<div class=\"b654a4as d2edcug0\">\n<div class=\"rq0escxv hkbzh7o3 jwdofwj8 n8tt0mok r8blr3vg hyh9befq\">\n<p><a class=\"dt-pswp-item\" href=\"https:\/\/www.radiopiu.net\/wordpress\/wp-content\/uploads\/2020\/10\/pp.jpg\" data-dt-img-description=\"\" data-large_image_width=\"640\" data-large_image_height=\"640\"><img loading=\"lazy\" decoding=\"async\" class=\"wp-image-163678 alignleft\" src=\"https:\/\/www.radiopiu.net\/wordpress\/wp-content\/uploads\/2020\/10\/pp-300x300.jpg\" alt=\"\" width=\"106\" height=\"106\" srcset=\"https:\/\/www.radiopiu.net\/wordpress\/wp-content\/uploads\/2020\/10\/pp-300x300.jpg 300w, https:\/\/www.radiopiu.net\/wordpress\/wp-content\/uploads\/2020\/10\/pp-150x150.jpg 150w, https:\/\/www.radiopiu.net\/wordpress\/wp-content\/uploads\/2020\/10\/pp-125x125.jpg 125w, https:\/\/www.radiopiu.net\/wordpress\/wp-content\/uploads\/2020\/10\/pp-200x200.jpg 200w, https:\/\/www.radiopiu.net\/wordpress\/wp-content\/uploads\/2020\/10\/pp-80x80.jpg 80w, https:\/\/www.radiopiu.net\/wordpress\/wp-content\/uploads\/2020\/10\/pp-480x480.jpg 480w, https:\/\/www.radiopiu.net\/wordpress\/wp-content\/uploads\/2020\/10\/pp.jpg 640w\" sizes=\"auto, (max-width: 106px) 100vw, 106px\" \/><\/a><\/p>\n<\/div>\n<\/div>\n<\/div>\n<div>\n<div class=\"page-title-head hgroup\">\n<div class=\"page-title-head hgroup\">\n<div class=\"b654a4as d2edcug0\">\n<div class=\"j83agx80 btwxx1t3 lhclo0ds hop8lmos nkwizq5d scwd0bx6 roh60bw9\">\n<div class=\"rq0escxv hkbzh7o3 jwdofwj8 n8tt0mok r8blr3vg hyh9befq\">\n<div class=\"do00u71z l9j0dhe7 k4urcfbm\" style=\"text-align: left;\">\n<h2><span style=\"color: #000080;\">DON CESARE, IL PENSIERO DEL GIORNO. ALLA RADIO ALLE 7 DEL MATTINO E ALLE 19.30 DELLA SERA\u00a0<\/span><\/h2>\n<audio class=\"wp-audio-shortcode\" id=\"audio-324096-15\" preload=\"none\" style=\"width: 100%;\" controls=\"controls\"><source type=\"audio\/mpeg\" src=\"https:\/\/www.radiopiu.net\/wordpress\/wp-content\/uploads\/2023\/02\/CESARE-25.mp3?_=15\" \/><a href=\"https:\/\/www.radiopiu.net\/wordpress\/wp-content\/uploads\/2023\/02\/CESARE-25.mp3\">https:\/\/www.radiopiu.net\/wordpress\/wp-content\/uploads\/2023\/02\/CESARE-25.mp3<\/a><\/audio>\n<\/div>\n<\/div>\n<\/div>\n<\/div>\n<\/div>\n<\/div>\n<\/div>\n<p>&nbsp;<\/p>\n<hr \/>\n<p>&nbsp;<\/p>\n<h2><span style=\"color: #ff00ff;\">IN VIVO VERSO\u00a0 \u00a0\u00a0<\/span><\/h2>\n<blockquote>\n<h3>RIFIORIRE di GISELLA CANZIAN<\/h3>\n<\/blockquote>\n<p><strong>AUDIO<\/strong><\/p>\n<audio class=\"wp-audio-shortcode\" id=\"audio-324096-16\" preload=\"none\" style=\"width: 100%;\" controls=\"controls\"><source type=\"audio\/mpeg\" src=\"https:\/\/www.radiopiu.net\/wordpress\/wp-content\/uploads\/2023\/02\/01-GISELLA-CANZIAN-RIFIORIRE.mp3?_=16\" \/><a href=\"https:\/\/www.radiopiu.net\/wordpress\/wp-content\/uploads\/2023\/02\/01-GISELLA-CANZIAN-RIFIORIRE.mp3\">https:\/\/www.radiopiu.net\/wordpress\/wp-content\/uploads\/2023\/02\/01-GISELLA-CANZIAN-RIFIORIRE.mp3<\/a><\/audio>\n<p>&nbsp;<\/p>\n<p><a class=\"dt-pswp-item\" href=\"https:\/\/www.radiopiu.net\/wordpress\/wp-content\/uploads\/2023\/02\/1-FOTO-PAOLO-CARAZZAI-X-GISELLA-CANZIAN.jpg\" data-dt-img-description=\"\" data-large_image_width=\"960\" data-large_image_height=\"643\"><img loading=\"lazy\" decoding=\"async\" class=\"wp-image-324108 alignleft\" src=\"https:\/\/www.radiopiu.net\/wordpress\/wp-content\/uploads\/2023\/02\/1-FOTO-PAOLO-CARAZZAI-X-GISELLA-CANZIAN-300x201.jpg\" alt=\"\" width=\"140\" height=\"94\" srcset=\"https:\/\/www.radiopiu.net\/wordpress\/wp-content\/uploads\/2023\/02\/1-FOTO-PAOLO-CARAZZAI-X-GISELLA-CANZIAN-300x201.jpg 300w, https:\/\/www.radiopiu.net\/wordpress\/wp-content\/uploads\/2023\/02\/1-FOTO-PAOLO-CARAZZAI-X-GISELLA-CANZIAN-768x514.jpg 768w, https:\/\/www.radiopiu.net\/wordpress\/wp-content\/uploads\/2023\/02\/1-FOTO-PAOLO-CARAZZAI-X-GISELLA-CANZIAN.jpg 960w\" sizes=\"auto, (max-width: 140px) 100vw, 140px\" \/><\/a>Gisella Canzian<br \/>\nRIFIORIRE<\/p>\n<p>Macerie ingombranti<br \/>\ni sogni.<br \/>\nSono carcassa senza pugni<br \/>\ngambe gambizzate<br \/>\nocchi spenti.<br \/>\nAll&#8217;orizzonte mura.<br \/>\nLa voce si spegne, le parole ascoltano<br \/>\nin silenzio<br \/>\nrisposte forzate<br \/>\nschizzate senza ritegno.<br \/>\nSulla sedia giace<br \/>\ntutta la vita che posso.<br \/>\nDa questa nudit\u00e0<br \/>\nvorrei addosso rifiorirmi.<\/p>\n<div dir=\"auto\">\n<div dir=\"auto\">\n<div dir=\"auto\">\n<p><strong>LA RACCOLTA COMPLETA<\/strong><\/p>\n<blockquote class=\"wp-embedded-content\" data-secret=\"hh60ELpjjg\"><p><a href=\"https:\/\/www.radiopiu.net\/wordpress\/in-vivo-verso\/\">In Vivo Verso<\/a><\/p><\/blockquote>\n<p><iframe loading=\"lazy\" class=\"wp-embedded-content\" sandbox=\"allow-scripts\" security=\"restricted\" style=\"position: absolute; clip: rect(1px, 1px, 1px, 1px);\" title=\"&#8220;In Vivo Verso&#8221; &#8212; Radio Pi\u00f9\" src=\"https:\/\/www.radiopiu.net\/wordpress\/in-vivo-verso\/embed\/#?secret=e8tvYrix2Y#?secret=hh60ELpjjg\" data-secret=\"hh60ELpjjg\" width=\"600\" height=\"338\" frameborder=\"0\" marginwidth=\"0\" marginheight=\"0\" scrolling=\"no\"><\/iframe><\/p>\n<hr \/>\n<\/div>\n<\/div>\n<\/div>\n<p>&nbsp;<\/p>\n<h2><span style=\"color: #008080;\">GOCCE DI FILOSOFIA<\/span><\/h2>\n<p><strong>GOCCE DI FILOSOFIA \u2013 PUNTATA 256 \u2013 CHIARA CAU<\/strong><\/p>\n<audio class=\"wp-audio-shortcode\" id=\"audio-324096-17\" preload=\"none\" style=\"width: 100%;\" controls=\"controls\"><source type=\"audio\/mpeg\" src=\"https:\/\/www.radiopiu.net\/wordpress\/wp-content\/uploads\/2023\/02\/FI1-3.mp3?_=17\" \/><a href=\"https:\/\/www.radiopiu.net\/wordpress\/wp-content\/uploads\/2023\/02\/FI1-3.mp3\">https:\/\/www.radiopiu.net\/wordpress\/wp-content\/uploads\/2023\/02\/FI1-3.mp3<\/a><\/audio>\n<p>&nbsp;<\/p>\n<p>LA RACCOLTA COMPLETA<\/p>\n<blockquote class=\"wp-embedded-content\" data-secret=\"DxnBw6ejjS\"><p><a href=\"https:\/\/www.radiopiu.net\/wordpress\/gocce-filosofia\/\">Gocce di filosofia,  LA TERZA STAGIONE&#8230; 2023<\/a><\/p><\/blockquote>\n<p><iframe loading=\"lazy\" class=\"wp-embedded-content\" sandbox=\"allow-scripts\" security=\"restricted\" style=\"position: absolute; clip: rect(1px, 1px, 1px, 1px);\" title=\"&#8220;Gocce di filosofia,  LA TERZA STAGIONE&#8230; 2023&#8221; &#8212; Radio Pi\u00f9\" src=\"https:\/\/www.radiopiu.net\/wordpress\/gocce-filosofia\/embed\/#?secret=Gsm4cpw6Pr#?secret=DxnBw6ejjS\" data-secret=\"DxnBw6ejjS\" width=\"600\" height=\"338\" frameborder=\"0\" marginwidth=\"0\" marginheight=\"0\" scrolling=\"no\"><\/iframe><\/p>\n<p>&nbsp;<\/p>\n<hr \/>\n<p>&nbsp;<\/p>\n<h3><span style=\"color: #800080;\">I RACCONTI DI PAOLO SOPPELSA<\/span><\/h3>\n<p><strong>IL CONDOMINIO<\/strong><\/p>\n<p><strong>AUDIO<\/strong><\/p>\n<audio class=\"wp-audio-shortcode\" id=\"audio-324096-18\" preload=\"none\" style=\"width: 100%;\" controls=\"controls\"><source type=\"audio\/mpeg\" src=\"https:\/\/www.radiopiu.net\/wordpress\/wp-content\/uploads\/2023\/02\/PAOLO-SOPPELSA-IL-CONDOMINIO.mp3?_=18\" \/><a href=\"https:\/\/www.radiopiu.net\/wordpress\/wp-content\/uploads\/2023\/02\/PAOLO-SOPPELSA-IL-CONDOMINIO.mp3\">https:\/\/www.radiopiu.net\/wordpress\/wp-content\/uploads\/2023\/02\/PAOLO-SOPPELSA-IL-CONDOMINIO.mp3<\/a><\/audio>\n<p>&nbsp;<\/p>\n<p><a class=\"dt-pswp-item\" href=\"https:\/\/www.radiopiu.net\/wordpress\/wp-content\/uploads\/2023\/02\/23b1f3b7-3607-41db-9528-8416d78977f3.jpg\" data-dt-img-description=\"\" data-large_image_width=\"1080\" data-large_image_height=\"609\"><img loading=\"lazy\" decoding=\"async\" class=\" wp-image-323945 alignleft\" src=\"https:\/\/www.radiopiu.net\/wordpress\/wp-content\/uploads\/2023\/02\/23b1f3b7-3607-41db-9528-8416d78977f3-300x169.jpg\" alt=\"\" width=\"185\" height=\"104\" srcset=\"https:\/\/www.radiopiu.net\/wordpress\/wp-content\/uploads\/2023\/02\/23b1f3b7-3607-41db-9528-8416d78977f3-300x169.jpg 300w, https:\/\/www.radiopiu.net\/wordpress\/wp-content\/uploads\/2023\/02\/23b1f3b7-3607-41db-9528-8416d78977f3-1024x577.jpg 1024w, https:\/\/www.radiopiu.net\/wordpress\/wp-content\/uploads\/2023\/02\/23b1f3b7-3607-41db-9528-8416d78977f3-768x433.jpg 768w, https:\/\/www.radiopiu.net\/wordpress\/wp-content\/uploads\/2023\/02\/23b1f3b7-3607-41db-9528-8416d78977f3.jpg 1080w\" sizes=\"auto, (max-width: 185px) 100vw, 185px\" \/><\/a>I condomini si ergevano imponenti e fieri in quella terra di mezzo situata fra il centro e la periferia della zona ovest della piccola citt\u00e0. Alti e slanciati parevano toccare il cielo rappresentando una suggestiva modernit\u00e0. Videro la luce negli anni &#8217;60, inglobando fra loro case e villette costruite nell&#8217;immediato dopoguerra. Spuntarono dalla terra uno dopo l&#8217;altro in rapida successione in quella zona di piccole colline che guardavano il Piave, e non erano i classici condomini popolari, severi e grigi, che si vedevano in televisione durante qualche servizio del TG1. Erano palazzi di un certo pregio, piuttosto eleganti, che mostravano architetture elaborate e moderne; taluni sfoggiavano ampi terrazzoni posti su livelli sfalsati e ardite cupole catramate che fungevano da tetto. E poi al loro esterno erano sempre presenti eleganti giardini con vialetti di ghiaia e aiuole e alberi spesso fin troppo imponenti. Quelli dei condomini erano ingressi simili a tombe di famiglia. Vetrate e marmi tirati a lucido, cassette della posta come freddi ossari di acciaio e ottone e austeri portoni e zerbini marroni. E poi, appeso ad una delle pareti, il temuto &#8220;regolarmento condominiale&#8221; che incuteva soggezione in quanto provvisto addirittura di articoli numerati in stile Codice Penale. Negli ingressi condominiali regnava un rispettoso silenzio, e quando vi era presenza di vite erano sussurri quasi sottovoce; buonasera Dottore, buongiorno Direttore, e poi il Signore e Signora che precedeva l&#8217;inizio di qualunque frase rivolta ad altra persona. Dialoghi brevi, formulati durante l&#8217;attesa di quegli ascensori color meconio che andavano s\u00f9 e gi\u00f9 come sarcofaghi semoventi che talvolta si inoltravano perfino nel sottosuolo. Laggi\u00f9, dove i pavimenti erano in linoleum bollato di color verdolino, si accedeva premendo il pulsante recante la lettera T bianca su sfondo rosso. Laggi\u00f9, in quel mondo tenebroso delimitato da severe porte tagliafuoco, ogni passo, ogni giro di chiave, produceva un sinistro rimbombo. Erano muri ingialliti e sbrecciati, tubi in eternit e porte in ferro dei garage; e poi ancora antri oscuri illuminati da malinconiche luci al neon provvisti di lavandino e fili metallici sospesi ad altezza gola, utili per stendere biancherie che avrebbero raccolto tutta l&#8217;umidit\u00e0 di quelle grotte in cemento armato. Manichette antincendio gocciolanti, acqua rugginosa a macchiare e far marcire il pavimento in linoleum, contatori dell&#8217;energia elettrica con il dischetto rotante e opachi manometri dell&#8217;acqua. Segni neri di copertoni di biciclette a marchiare le pareti color panna e stanche lampadine ad incandescenza ad illuminare labirintici corridoi. Aria stantia e, d&#8217;inverno, il cupo e monotono ronzio delle pompe del riscaldamento proveniente dall&#8217;oscuro e inaccessibile antro denominato &#8220;locale caldaia&#8221;. Aldil\u00e0 delle due porte grigie in acciaio, il cortile; righe gialle sbiadite, macchie d&#8217;olio e fuliggine che raccontava di antiche e faticose messe in moto di motori che necessitavano del tiraggio dell&#8217;aria. E poi metallici portoni azzurrini dei garage, ringhiere nere e tombini di ghisa e bidoni dell&#8217;immondizia grigi e cigolanti. Un mondo, quello dei condomini, carico di regolamenti e divieti e forzate educazioni; quasi dei carceri signorili di quasi periferia, posti ad un passo dai prati dove dimorava la libert\u00e0.<\/p>\n<p>&nbsp;<\/p>\n<p>&nbsp;<\/p>\n<hr \/>\n<p>&nbsp;<\/p>\n<div class=\"column\">\n<p><img loading=\"lazy\" decoding=\"async\" class=\"aligncenter wp-image-61954 size-full\" src=\"https:\/\/www.radiopiu.net\/wordpress\/wp-content\/uploads\/2018\/09\/viabilita.jpeg\" sizes=\"auto, (max-width: 800px) 100vw, 800px\" srcset=\"https:\/\/www.radiopiu.net\/wordpress\/wp-content\/uploads\/2018\/09\/viabilita.jpeg 800w, https:\/\/www.radiopiu.net\/wordpress\/wp-content\/uploads\/2018\/09\/viabilita-300x38.jpeg 300w, https:\/\/www.radiopiu.net\/wordpress\/wp-content\/uploads\/2018\/09\/viabilita-768x96.jpeg 768w\" alt=\"\" width=\"800\" height=\"100\" \/><\/p>\n<p>&nbsp;<\/p>\n<blockquote class=\"wp-embedded-content\" data-secret=\"ZESYOFvugd\"><p><a href=\"https:\/\/www.radiopiu.net\/wordpress\/viabilita\/\">viabilita<\/a><\/p><\/blockquote>\n<p><iframe loading=\"lazy\" class=\"wp-embedded-content\" sandbox=\"allow-scripts\" security=\"restricted\" style=\"position: absolute; clip: rect(1px, 1px, 1px, 1px);\" title=\"&#8220;viabilita&#8221; &#8212; Radio Pi\u00f9\" src=\"https:\/\/www.radiopiu.net\/wordpress\/viabilita\/embed\/#?secret=PV3wBR09BA#?secret=ZESYOFvugd\" data-secret=\"ZESYOFvugd\" width=\"600\" height=\"338\" frameborder=\"0\" marginwidth=\"0\" marginheight=\"0\" scrolling=\"no\"><\/iframe><\/p>\n<div>\n<div dir=\"ltr\">\n<div class=\"gmail_quote\">\n<div dir=\"ltr\">\n<div class=\"gmail_quote\"><\/div>\n<\/div>\n<\/div>\n<\/div>\n<\/div>\n<p>&nbsp;<\/p>\n<hr \/>\n<p>&nbsp;<\/p>\n<p><a class=\"dt-pswp-item\" href=\"https:\/\/www.radiopiu.net\/wordpress\/wp-content\/uploads\/2018\/09\/WhatsApp-Image-2018-09-20-at-16.04.06.jpeg\" data-dt-img-description=\"\" data-large_image_width=\"800\" data-large_image_height=\"100\"><img loading=\"lazy\" decoding=\"async\" class=\"wp-image-61378 size-full aligncenter\" src=\"https:\/\/www.radiopiu.net\/wordpress\/wp-content\/uploads\/2018\/09\/WhatsApp-Image-2018-09-20-at-16.04.06.jpeg\" alt=\"\" width=\"800\" height=\"100\" srcset=\"https:\/\/www.radiopiu.net\/wordpress\/wp-content\/uploads\/2018\/09\/WhatsApp-Image-2018-09-20-at-16.04.06.jpeg 800w, https:\/\/www.radiopiu.net\/wordpress\/wp-content\/uploads\/2018\/09\/WhatsApp-Image-2018-09-20-at-16.04.06-300x38.jpeg 300w, https:\/\/www.radiopiu.net\/wordpress\/wp-content\/uploads\/2018\/09\/WhatsApp-Image-2018-09-20-at-16.04.06-768x96.jpeg 768w\" sizes=\"auto, (max-width: 800px) 100vw, 800px\" \/><\/a><\/p>\n<p>&nbsp;<\/p>\n<\/div>\n<p><center><b>OGGI<\/b><\/center>Maggior soleggiamento rispetto a luned\u00ec con cielo da poco a tratti parzialmente nuvoloso specie su Prealpi. Schiarite pi\u00f9 ampie su Dolomiti.<br \/>\n<b>Precipitazioni: <\/b>Assenti (0%).<br \/>\n<b>Temperature: <\/b>In generale rialzo, eccetto calo delle minime nelle valli, dove le gelate saranno ancora assai intense nei settori interessati da schiarite notturne.<\/p>\n<hr \/>\n<p><center><b>DOMANI<\/b><\/center>Al mattino sole sulle Dolomiti, nuvolosit\u00e0 medio-alta e residui tratti di sole sulle Prealpi. Al pomeriggio crescente copertura nuvolosa ovunque e dalla sera debole peggioramento del tempo.<br \/>\n<b>Precipitazioni: <\/b>Dalla sera deboli precipitazioni in estensione da Prealpi a Dolomiti (40-60 %) dove risulteranno molto deboli, nevose oltre i 1000-1200 m. Accumuli modesti entro la mezzanotte, 1-5 cm su Prealpi oltre i 1500 m, inferiori su Dolomiti.<br \/>\n<b>Temperature: <\/b>In generale aumento.<\/p>\n<hr \/>\n<p><center><b>GIOVEDI<\/b><\/center>Nottetempo coperto con deboli precipitazioni sparse, nevose oltre i 900-1100 m, pi\u00f9 probabili su Prealpi. Ad oggi gli accumuli risultano piuttosto incerti, seppur generalmente deboli (5-15 cm su Prealpi, inferiori su Dolomiti). Per gran parte della giornata ancora molto nuvoloso per nubi medie e basse stratiformi. Dal pomeriggio riduzione della nuvolosit\u00e0 e prime irregolari schiarite pi\u00f9 ampie in serata. Temperature minime in aumento e massime in diminuzione. Venti deboli di direzione variabile nelle valli, in quota inizialmente tesi da sud-est in attenuazione e rotazione da nordest.<\/p>\n<hr \/>\n<p><center><b>VENERDI<\/b><\/center>Nuvolosit\u00e0 variabile con schiarite pi\u00f9 ampie al mattino e nuvolosit\u00e0 pi\u00f9 presente dal mezzogiorno in poi con qualche addensamento. Non del tutto escluso qualche fiocco sulle cime. Temperature nelle valli minime in calo e massime in aumento.<\/p>\n<p>&nbsp;<\/p>\n<p>&nbsp;<\/p>\n<hr \/>\n<p>&nbsp;<\/p>\n<p><a class=\"dt-pswp-item\" href=\"https:\/\/www.radiopiu.net\/wordpress\/wp-content\/uploads\/2018\/09\/sport.jpg\" data-dt-img-description=\"\" data-large_image_width=\"800\" data-large_image_height=\"100\"><img loading=\"lazy\" decoding=\"async\" class=\"aligncenter wp-image-60761 size-full\" src=\"https:\/\/www.radiopiu.net\/wordpress\/wp-content\/uploads\/2018\/09\/sport.jpg\" alt=\"\" width=\"800\" height=\"100\" srcset=\"https:\/\/www.radiopiu.net\/wordpress\/wp-content\/uploads\/2018\/09\/sport.jpg 800w, https:\/\/www.radiopiu.net\/wordpress\/wp-content\/uploads\/2018\/09\/sport-300x38.jpg 300w, https:\/\/www.radiopiu.net\/wordpress\/wp-content\/uploads\/2018\/09\/sport-768x96.jpg 768w\" sizes=\"auto, (max-width: 800px) 100vw, 800px\" \/><\/a><\/p>\n<p>&nbsp;<\/p>\n<p><span style=\"color: #0000ff;\"><strong>HOCKEY SU GHIACCIO<\/strong><\/span><\/p>\n<blockquote>\n<h3>E&#8217; FINITA LA STAGIONE DELL&#8217;ALLEGHE HOCKEY. ORA SI PENSA AL FUTURO E AL NOVANTESIMO DELLA SOCIETA&#8217;<\/h3>\n<\/blockquote>\n<p><strong><a class=\"dt-pswp-item\" href=\"https:\/\/www.radiopiu.net\/wordpress\/wp-content\/uploads\/2020\/06\/Adriano-LEVIS.jpg\" data-dt-img-description=\"\" data-large_image_width=\"2560\" data-large_image_height=\"2104\"><img loading=\"lazy\" decoding=\"async\" class=\" wp-image-143358 alignleft\" src=\"https:\/\/www.radiopiu.net\/wordpress\/wp-content\/uploads\/2020\/06\/Adriano-LEVIS-300x247.jpg\" alt=\"\" width=\"165\" height=\"136\" srcset=\"https:\/\/www.radiopiu.net\/wordpress\/wp-content\/uploads\/2020\/06\/Adriano-LEVIS-300x247.jpg 300w, https:\/\/www.radiopiu.net\/wordpress\/wp-content\/uploads\/2020\/06\/Adriano-LEVIS-1024x842.jpg 1024w, https:\/\/www.radiopiu.net\/wordpress\/wp-content\/uploads\/2020\/06\/Adriano-LEVIS-768x631.jpg 768w, https:\/\/www.radiopiu.net\/wordpress\/wp-content\/uploads\/2020\/06\/Adriano-LEVIS-1536x1262.jpg 1536w, https:\/\/www.radiopiu.net\/wordpress\/wp-content\/uploads\/2020\/06\/Adriano-LEVIS-2048x1683.jpg 2048w\" sizes=\"auto, (max-width: 165px) 100vw, 165px\" \/><\/a>di Marco Gaz<\/strong><\/p>\n<p><strong>REDAZIONE<\/strong> Con la partita di sabato scorso \u00e8 terminata la stagione dell&#8217;Alleghe Hockey nella IHL. Una campionato da archiviare in fretta e pensare al futuro. Per le civette ultima posizione in classifica, un solo punto, una vittoria in stagione regolare e una serie infinita di sconfitte. Ma negli uffici di Via Lungolago si pensa al futuro nell&#8217;anno in cui la societ\u00e0 compie i novant&#8217;anni di attivit\u00e0. Intanto nei prossimi giorni inizieranno i lavori di ammodernamento dello Stadio Alvise De Toni, lavori necessari per rendere pi\u00f9 accogliente la struttura.<\/p>\n<p><strong>L&#8217;INTERVISTA AL PRESIDENTE DELL&#8217;ALLEGHE HOCKEY ADRIANO LEVIS<\/strong><\/p>\n<audio class=\"wp-audio-shortcode\" id=\"audio-324096-19\" preload=\"none\" style=\"width: 100%;\" controls=\"controls\"><source type=\"audio\/mpeg\" src=\"https:\/\/www.radiopiu.net\/wordpress\/wp-content\/uploads\/2023\/02\/ADRIANO-LEVIS-INTERVISTA.mp3?_=19\" \/><a href=\"https:\/\/www.radiopiu.net\/wordpress\/wp-content\/uploads\/2023\/02\/ADRIANO-LEVIS-INTERVISTA.mp3\">https:\/\/www.radiopiu.net\/wordpress\/wp-content\/uploads\/2023\/02\/ADRIANO-LEVIS-INTERVISTA.mp3<\/a><\/audio>\n<p>&nbsp;<\/p>\n<hr \/>\n<p>&nbsp;<\/p>\n<p><span style=\"color: #0000ff;\"><strong>PALLAVOLO<\/strong><\/span><\/p>\n<blockquote>\n<h3>NOVELLO PROTAGONISTA NELL&#8217;ULTIMA PARTITA DEI RINOCERONTI<\/h3>\n<\/blockquote>\n<p><strong><a class=\"dt-pswp-item\" href=\"https:\/\/www.radiopiu.net\/wordpress\/wp-content\/uploads\/2023\/02\/Novello_grande_protagonista_con_San_Giustino.jpg\" data-dt-img-description=\"\" data-large_image_width=\"1280\" data-large_image_height=\"855\"><img loading=\"lazy\" decoding=\"async\" class=\" wp-image-324142 alignleft\" src=\"https:\/\/www.radiopiu.net\/wordpress\/wp-content\/uploads\/2023\/02\/Novello_grande_protagonista_con_San_Giustino-300x200.jpg\" alt=\"\" width=\"183\" height=\"122\" srcset=\"https:\/\/www.radiopiu.net\/wordpress\/wp-content\/uploads\/2023\/02\/Novello_grande_protagonista_con_San_Giustino-300x200.jpg 300w, https:\/\/www.radiopiu.net\/wordpress\/wp-content\/uploads\/2023\/02\/Novello_grande_protagonista_con_San_Giustino-1024x684.jpg 1024w, https:\/\/www.radiopiu.net\/wordpress\/wp-content\/uploads\/2023\/02\/Novello_grande_protagonista_con_San_Giustino-768x513.jpg 768w, https:\/\/www.radiopiu.net\/wordpress\/wp-content\/uploads\/2023\/02\/Novello_grande_protagonista_con_San_Giustino.jpg 1280w\" sizes=\"auto, (max-width: 183px) 100vw, 183px\" \/><\/a>BELLUNO <\/strong>Ventitr\u00e9 punti, 4 ace, 2 muri. E un apporto costante, continuo, decisivo. Un apporto che va ben oltre i numeri &#8211; per quanti altisonanti &#8211; espressi nello scontro diretto con l\u2019ErmGroup San Giustino. All\u2019interno di una vittoria di squadra, la prestazione di alcune individualit\u00e0 non pu\u00f2 non rubare l\u2019occhio. E ogni riferimento a Marco Novello \u00e8 tutt\u2019altro che casuale. Anche perch\u00e9, \u00e8 sempre bene rimarcarlo, il bomber dei rinoceronti\u00a0ha appena 20 anni ed \u00e8 al secondo campionato di A3 in carriera.<span class=\"gmail-Apple-converted-space\"> \u00a0<\/span>Il successo al tie-break con gli umbri permette alla DRL di conservare il quinto posto. Ed \u00e8 figlio (anche) delle giocate dell\u2019opposto, nei momenti topici: \u00abCi abbiamo sempre creduto fin dal primo set. Tutti insieme. Siamo partiti subito al massimo, anche se alcune imprecisioni ci sono costate il parziale di partenza. Poi, nel finale, siamo riusciti a dare qual qualcosa in pi\u00f9 che ha fatto la differenza\u00bb. I 2 punti pesano: \u00abTantissimo &#8211; riprende Novello -. Anche perch\u00e9 abbiamo affrontato una grande squadra. Sono sicuro che al termine del campionato, quando si tireranno le somme, una simile vittoria risulter\u00e0 davvero importante\u00bb.<span class=\"gmail-Apple-converted-space\">\u00a0<\/span><\/p>\n<p>&nbsp;<\/p>\n<p>&nbsp;<\/p>\n<hr \/>\n<p>&nbsp;<\/p>\n<p><span style=\"color: #0000ff;\"><strong>\u00a0SCI DI FONDO<\/strong><\/span><\/p>\n<blockquote>\n<h3>PRESENTATI I BELLUNESI IN GARA ALLA VASALOPPET 2023<\/h3>\n<\/blockquote>\n<p><strong><a class=\"dt-pswp-item\" href=\"https:\/\/www.radiopiu.net\/wordpress\/wp-content\/uploads\/2023\/02\/2-2.jpg\" data-dt-img-description=\"\" data-large_image_width=\"1116\" data-large_image_height=\"921\"><img loading=\"lazy\" decoding=\"async\" class=\" wp-image-324122 alignleft\" src=\"https:\/\/www.radiopiu.net\/wordpress\/wp-content\/uploads\/2023\/02\/2-2-300x248.jpg\" alt=\"\" width=\"166\" height=\"137\" srcset=\"https:\/\/www.radiopiu.net\/wordpress\/wp-content\/uploads\/2023\/02\/2-2-300x248.jpg 300w, https:\/\/www.radiopiu.net\/wordpress\/wp-content\/uploads\/2023\/02\/2-2-1024x845.jpg 1024w, https:\/\/www.radiopiu.net\/wordpress\/wp-content\/uploads\/2023\/02\/2-2-768x634.jpg 768w, https:\/\/www.radiopiu.net\/wordpress\/wp-content\/uploads\/2023\/02\/2-2.jpg 1116w\" sizes=\"auto, (max-width: 166px) 100vw, 166px\" \/><\/a>BORGO VALBELLUNA <\/strong>\u201cQuesta sala comunale \u00e8 sempre disponibile ad accogliere la presentazione di eventi che confermano la vivacit\u00e0 e gli impegni delle nostre realt\u00e0. Tra l\u2019altro, con iniziative destinate a promuovere il territorio\u201d. Il sindaco di Borgo Valbelluna, Stefano Cesa, ha salutato cos\u00ec le protagoniste e i protagonisti della trasferta in Svezia in occasione della Vasaloppet, la manifestazione di sci nordico pi\u00f9 prestigiosa al mondo. Sono oltre quaranta atlete e atleti di diversi Club bellunesi. Due i sodalizi con il maggior numero di partecipanti: Enal Sport Villaga e Vasabroke Poiana, da diversi anni entrambi sempre presenti ai pi\u00f9 prestigiosi eventi sciistici nazionali e internazionali. I due presidenti Celso Chenet per il Villaga e Loris Dal Magro per i Vasabroke ne hanno tratteggiato la storia. \u201cQuello che siamo diventati oggi \u00e8 il frutto del lavoro di chi ci ha preceduto\u201d. Poi si \u00e8 posto l\u2019accento sulla \u201cbellezza della condivisione della fatica\u201d e dei legami che si creano fra le persone. Sar\u00e0 una spedizione multigenerazionale che rappresenta uno spaccato quanto mai eloquente della capacit\u00e0 attrattiva dello sci. Accanto a diversi \u2018sempreverdi\u2019, infatti, saranno al via anche giovani promettenti, come Stefano Dal Magro e Lorenzo Busin. Silvano Cavallet ha ricordato Giovanni Viel che, originario di Cogne e storica voce anche dello sci nordico, si era molto impegnato per avviare un duraturo rapporto tra Mel e Cogne.\u00a0 Di seguito i nominativi dei partecipanti : Willy Alver\u00e0, Fabio Angeloni, Toni Barp, Alessandro Bogo, Fabiano Faccin, Riccardo Fontanive, Orietta Lodi, Luigi Collavo, Rosella Trento, Lorenzo Busin, Stefano Dal Magro, Carlo Cataruzza Dorigo, Costantino Costantin, Irene Da Rold, Loris Dal Magro, Verena De Grandi, Massimo De Menech, Sandro Dimai, Anna Durighello,\u00a0 Franca Favero, Ettore Gallon,\u00a0 Lorenzo De Zaiacomo, Silvia Mariani, Fabio Meneghin, Ornella Mortagna, Daniele Peruzzo, Norma Piccolotto, Irma Scopel,\u00a0 Luigi Sebben, Antonio Tronchin, Roberto Tronchin, Biagio Vaccari, Mauro Vaccari, Andrea Viel, Michela Zatta, Francesca Simonetto. Al via anche Andrea Giolai, agordino di Falcade che vive a Conegliano.<\/p>\n<p>&nbsp;<\/p>\n<p><span style=\"color: #0000ff;\"><strong>KARATE<\/strong><\/span><\/p>\n<p><strong><a class=\"dt-pswp-item\" href=\"https:\/\/www.radiopiu.net\/wordpress\/wp-content\/uploads\/2023\/02\/Angiolini-Moreno-Masoch.jpeg\" data-dt-img-description=\"\" data-large_image_width=\"768\" data-large_image_height=\"956\"><img loading=\"lazy\" decoding=\"async\" class=\"wp-image-324194 alignleft\" src=\"https:\/\/www.radiopiu.net\/wordpress\/wp-content\/uploads\/2023\/02\/Angiolini-Moreno-Masoch-241x300.jpeg\" alt=\"\" width=\"125\" height=\"156\" srcset=\"https:\/\/www.radiopiu.net\/wordpress\/wp-content\/uploads\/2023\/02\/Angiolini-Moreno-Masoch-241x300.jpeg 241w, https:\/\/www.radiopiu.net\/wordpress\/wp-content\/uploads\/2023\/02\/Angiolini-Moreno-Masoch.jpeg 768w\" sizes=\"auto, (max-width: 125px) 100vw, 125px\" \/><\/a>KARATE<\/strong> Ad est di Lubiana, in Slovenia le bellunesi del Karate hanno conquistato medaglie preziose. D&#8217;argento per Mariachiara Masoch portacolori del dinamico sodalizio bellunese Karate Team Dolomiti 1970, seconda tanto nella Juniores che nella Seniores. Medagli di bronzo per Virginia Angiolini, atleta in prestito dal Karate Club Mestre. Mariachiara Masoch \u00e8 stata l\u2019unica bellunese a presentarsi in gara. Continua\u00a0 l\u2019ottima serie di positivi risultati del Karate Team Dolomiti 1970 seppure a ranghi ridottissimi. Grande soddisfazione per il coach Vittorio Moreno,\u00a0 allenatore della selezione della nazionale italiana FIJLKAM under 14.<\/p>\n<p><strong>Nella foto: Virginia Angiolini, Vittorio Moreno e Mariachiara Masoch<\/strong><\/p>\n<p>&nbsp;<\/p>\n<p><span style=\"color: #0000ff;\"><strong>HOCKEY SU GHIACCIO<\/strong><\/span><\/p>\n<blockquote>\n<h3>L&#8217;ARBITRO BELLUNESE LUCA CASSOL SOSPESO FINO A FINE STAGIONE<\/h3>\n<\/blockquote>\n<p><strong><a class=\"dt-pswp-item\" href=\"https:\/\/www.radiopiu.net\/wordpress\/wp-content\/uploads\/2019\/10\/ARBITRO-HOCKEY.jpeg\" data-dt-img-description=\"\" data-large_image_width=\"399\" data-large_image_height=\"400\"><img loading=\"lazy\" decoding=\"async\" class=\" wp-image-101973 alignleft\" src=\"https:\/\/www.radiopiu.net\/wordpress\/wp-content\/uploads\/2019\/10\/ARBITRO-HOCKEY-300x300.jpeg\" alt=\"\" width=\"149\" height=\"149\" srcset=\"https:\/\/www.radiopiu.net\/wordpress\/wp-content\/uploads\/2019\/10\/ARBITRO-HOCKEY-300x300.jpeg 300w, https:\/\/www.radiopiu.net\/wordpress\/wp-content\/uploads\/2019\/10\/ARBITRO-HOCKEY-150x150.jpeg 150w, https:\/\/www.radiopiu.net\/wordpress\/wp-content\/uploads\/2019\/10\/ARBITRO-HOCKEY.jpeg 399w\" sizes=\"auto, (max-width: 149px) 100vw, 149px\" \/><\/a>di Marco Gaz<\/strong><\/p>\n<p><strong>REDAZIONE<\/strong> Fare l&#8217;arbitro non \u00e8 sicuramente facile. Nell&#8217;hockey ancora di pi\u00f9\u00a0 vista la fulmineit\u00e0 delle azioni, certo che\u00a0 gli errori ci possono stare. Lo sa\u00a0 anche il feltrino Luca Cassol,\u00a0 che si \u00e8 visto infliggere una sospensione dalla Federghiaccio fino al termine della stagione. Il capo arbitro\u00a0 si \u00e8 trovato nel posto giusto, lontano dall&#8217;azione, ma ha preso una decisione che ha fatto discutere. Sabato 18 febbraio nella partita valida per l&#8217;ottava giornata del Master Round tra Appiano e Varese. Assieme a Cassol a dirigere la partita ci sono Theo Gruber e i lineperson, nuovo modo di chiamare i giudici di linea, Gianluca Abram e Alexander Wiest. La partita non \u00e8 semplice anche perch\u00e9 di fronte si trovano due compagini che lottano a viso aperto. Cassol, con pi\u00f9 di vent&#8217;anni di esperienza come arbitro di hockey, sta gestendo bene il match ma al 14&#8217;03&#8221; del secondo tempo succede il fattaccio. Il capitano dell&#8217;Appiano Daniel Erlacher carica il portiere del Varese. Il golie termina a terra rovinosamente battendo la testa e restando sul ghiaccio. Cassol \u00e8 a pochi metri dal fattaccio ed \u00e8 il capo arbitro della sfida. Si sa, il portiere nell&#8217;hockey non deve essere caricato, anzi non puo&#8217; proprio essere toccato. Cassol opta per una penalit\u00e0 minore di 2 minuti al giocatore altoatesino per carica scorretta. Il portiere varesino viene accompagnato fuori dal campo sostenuto dai compagni di squadra. La partita termina con la vittoria dell&#8217;Appiano per 4 a 3 all&#8217;overtime ma nei giorni successivi arriva la doccia gelata nei confronti dell&#8217;arbitro feltrino che viene sospeso dal suo incarico . Per la GAHG, l&#8217;organo che governa gli arbitri, la penalit\u00e0 inflitta da Cassol ad Erlacher era troppo di manica larga e da qui la decisione di escludere Cassol dal gruppo arbitri della IHL.<\/p>\n<p><strong>IL VIDEO DELLA CARICA SUL PORTIERE DAL CANALE YOUTUBE VARESESPORT<\/strong><\/p>\n<p><iframe loading=\"lazy\" title=\"Appiano - Mastini Varese (4-3), la carica violenta di Daniel Erlacher su Rocco Perla\" width=\"1200\" height=\"675\" src=\"https:\/\/www.youtube.com\/embed\/0QOD8HLEUV4?feature=oembed\" frameborder=\"0\" allow=\"accelerometer; autoplay; clipboard-write; encrypted-media; gyroscope; picture-in-picture; web-share\" allowfullscreen><\/iframe><\/p>\n<p>&nbsp;<\/p>\n<p>&nbsp;<\/p>\n","protected":false},"excerpt":{"rendered":"<p>RADIO PIU INFORMAZIONE il canale su TELEGRAM informazione di prima\u00a0 mano e in tempo reale. iscriviti ed aiutaci a farlo conoscere\u00a0 ISCRIVITI AL NOSTRO CANALE YOUTUBE PER SEGUIRE IN DIRETTA I PRINCIPALI PROGRAMMI DI RADIO PIU&#8217; E LE FUTURE DIRETTE IN ESTERNA. PER ISCRIVERTI CLICCA QUI E PREMI IL TASTO &#8220;Iscriviti&#8221;\u00a0 &nbsp; &nbsp; ANCORA NESSUNA&hellip;<\/p>\n","protected":false},"author":4,"featured_media":324029,"comment_status":"closed","ping_status":"closed","sticky":false,"template":"","format":"standard","meta":{"_monsterinsights_skip_tracking":false,"_monsterinsights_sitenote_active":false,"_monsterinsights_sitenote_note":"","_monsterinsights_sitenote_category":0,"footnotes":""},"categories":[104,86,49],"tags":[],"class_list":["post-324096","post","type-post","status-publish","format-standard","has-post-thumbnail","hentry","category-evidenza_3","category-gr","category-news-18","category-104","category-86","category-49","description-off"],"img_url":"https:\/\/www.radiopiu.net\/wordpress\/wp-content\/uploads\/2023\/02\/12c006cc-3fda-4ad4-8b4d-487d882e792f.jpg","_links":{"self":[{"href":"https:\/\/www.radiopiu.net\/wordpress\/wp-json\/wp\/v2\/posts\/324096","targetHints":{"allow":["GET"]}}],"collection":[{"href":"https:\/\/www.radiopiu.net\/wordpress\/wp-json\/wp\/v2\/posts"}],"about":[{"href":"https:\/\/www.radiopiu.net\/wordpress\/wp-json\/wp\/v2\/types\/post"}],"author":[{"embeddable":true,"href":"https:\/\/www.radiopiu.net\/wordpress\/wp-json\/wp\/v2\/users\/4"}],"replies":[{"embeddable":true,"href":"https:\/\/www.radiopiu.net\/wordpress\/wp-json\/wp\/v2\/comments?post=324096"}],"version-history":[{"count":0,"href":"https:\/\/www.radiopiu.net\/wordpress\/wp-json\/wp\/v2\/posts\/324096\/revisions"}],"wp:featuredmedia":[{"embeddable":true,"href":"https:\/\/www.radiopiu.net\/wordpress\/wp-json\/wp\/v2\/media\/324029"}],"wp:attachment":[{"href":"https:\/\/www.radiopiu.net\/wordpress\/wp-json\/wp\/v2\/media?parent=324096"}],"wp:term":[{"taxonomy":"category","embeddable":true,"href":"https:\/\/www.radiopiu.net\/wordpress\/wp-json\/wp\/v2\/categories?post=324096"},{"taxonomy":"post_tag","embeddable":true,"href":"https:\/\/www.radiopiu.net\/wordpress\/wp-json\/wp\/v2\/tags?post=324096"}],"curies":[{"name":"wp","href":"https:\/\/api.w.org\/{rel}","templated":true}]}}