{"id":324113,"date":"2023-02-27T10:19:20","date_gmt":"2023-02-27T09:19:20","guid":{"rendered":"https:\/\/www.radiopiu.net\/wordpress\/?p=324113"},"modified":"2023-02-27T13:47:51","modified_gmt":"2023-02-27T12:47:51","slug":"presentati-i-bellunesi-in-gara-alla-vasaloppet-2023","status":"publish","type":"post","link":"https:\/\/www.radiopiu.net\/wordpress\/presentati-i-bellunesi-in-gara-alla-vasaloppet-2023\/","title":{"rendered":"PRESENTATI I BELLUNESI IN GARA ALLA VASALOPPET 2023"},"content":{"rendered":"<p><strong><a class=\"dt-pswp-item\" href=\"https:\/\/www.radiopiu.net\/wordpress\/wp-content\/uploads\/2023\/02\/2-2.jpg\" data-dt-img-description=\"\" data-large_image_width=\"1116\" data-large_image_height=\"921\"><img loading=\"lazy\" decoding=\"async\" class=\" wp-image-324122 alignleft\" src=\"https:\/\/www.radiopiu.net\/wordpress\/wp-content\/uploads\/2023\/02\/2-2-300x248.jpg\" alt=\"\" width=\"166\" height=\"137\" srcset=\"https:\/\/www.radiopiu.net\/wordpress\/wp-content\/uploads\/2023\/02\/2-2-300x248.jpg 300w, https:\/\/www.radiopiu.net\/wordpress\/wp-content\/uploads\/2023\/02\/2-2-1024x845.jpg 1024w, https:\/\/www.radiopiu.net\/wordpress\/wp-content\/uploads\/2023\/02\/2-2-768x634.jpg 768w, https:\/\/www.radiopiu.net\/wordpress\/wp-content\/uploads\/2023\/02\/2-2.jpg 1116w\" sizes=\"auto, (max-width: 166px) 100vw, 166px\" \/><\/a>BORGO VALBELLUNA <\/strong>\u201cQuesta sala comunale \u00e8 sempre disponibile ad accogliere la presentazione di eventi che confermano la vivacit\u00e0 e gli impegni delle nostre realt\u00e0. Tra l\u2019altro, con iniziative destinate a promuovere il territorio\u201d. Il sindaco di Borgo Valbelluna, Stefano Cesa, ha salutato cos\u00ec le protagoniste e i protagonisti della trasferta in Svezia in occasione della Vasaloppet, la manifestazione di sci nordico pi\u00f9 prestigiosa al mondo. Sono oltre quaranta atlete e atleti di diversi Club bellunesi. Due i sodalizi con il maggior numero di partecipanti: Enal Sport Villaga e Vasabroke Poiana, da diversi anni entrambi sempre presenti ai pi\u00f9 prestigiosi eventi sciistici nazionali e internazionali. I due presidenti Celso Chenet per il Villaga e Loris Dal Magro per i Vasabroke ne hanno tratteggiato la storia. \u201cQuello che siamo diventati oggi \u00e8 il frutto del lavoro di chi ci ha preceduto\u201d. Poi si \u00e8 posto l\u2019accento sulla \u201cbellezza della condivisione della fatica\u201d e dei legami che si creano fra le persone. Sar\u00e0 una spedizione multigenerazionale che rappresenta uno spaccato quanto mai eloquente della capacit\u00e0 attrattiva dello sci. Accanto a diversi \u2018sempreverdi\u2019, infatti, saranno al via anche giovani promettenti, come Stefano Dal Magro e Lorenzo Busin. Silvano Cavallet ha ricordato Giovanni Viel che, originario di Cogne e storica voce anche dello sci nordico, si era molto impegnato per avviare un duraturo rapporto tra Mel e Cogne.\u00a0 Di seguito i nominativi dei partecipanti : Willy Alver\u00e0, Fabio Angeloni, Toni Barp, Alessandro Bogo, Fabiano Faccin, Riccardo Fontanive, Orietta Lodi, Luigi Collavo, Rosella Trento, Lorenzo Busin, Stefano Dal Magro, Carlo Cataruzza Dorigo, Costantino Costantin, Irene Da Rold, Loris Dal Magro, Verena De Grandi, Massimo De Menech, Sandro Dimai, Anna Durighello,\u00a0 Franca Favero, Ettore Gallon,\u00a0 Lorenzo De Zaiacomo, Silvia Mariani, Fabio Meneghin, Ornella Mortagna, Daniele Peruzzo, Norma Piccolotto, Irma Scopel,\u00a0 Luigi Sebben, Antonio Tronchin, Roberto Tronchin, Biagio Vaccari, Mauro Vaccari, Andrea Viel, Michela Zatta, Francesca Simonetto. Al via anche Andrea Giolai, agordino di Falcade che vive a Conegliano.<\/p>\n<p>&nbsp;<\/p>\n<p>&nbsp;<\/p>\n<p>*****<\/p>\n","protected":false},"excerpt":{"rendered":"<p>BORGO VALBELLUNA \u201cQuesta sala comunale \u00e8 sempre disponibile ad accogliere la presentazione di eventi che confermano la vivacit\u00e0 e gli impegni delle nostre realt\u00e0. Tra l\u2019altro, con iniziative destinate a promuovere il territorio\u201d. Il sindaco di Borgo Valbelluna, Stefano Cesa, ha salutato cos\u00ec le protagoniste e i protagonisti della trasferta in Svezia in occasione della&hellip;<\/p>\n","protected":false},"author":4,"featured_media":324122,"comment_status":"closed","ping_status":"closed","sticky":false,"template":"","format":"standard","meta":{"_monsterinsights_skip_tracking":false,"_monsterinsights_sitenote_active":false,"_monsterinsights_sitenote_note":"","_monsterinsights_sitenote_category":0,"footnotes":""},"categories":[49],"tags":[],"class_list":["post-324113","post","type-post","status-publish","format-standard","has-post-thumbnail","hentry","category-news-18","category-49","description-off"],"img_url":"https:\/\/www.radiopiu.net\/wordpress\/wp-content\/uploads\/2023\/02\/2-2.jpg","_links":{"self":[{"href":"https:\/\/www.radiopiu.net\/wordpress\/wp-json\/wp\/v2\/posts\/324113","targetHints":{"allow":["GET"]}}],"collection":[{"href":"https:\/\/www.radiopiu.net\/wordpress\/wp-json\/wp\/v2\/posts"}],"about":[{"href":"https:\/\/www.radiopiu.net\/wordpress\/wp-json\/wp\/v2\/types\/post"}],"author":[{"embeddable":true,"href":"https:\/\/www.radiopiu.net\/wordpress\/wp-json\/wp\/v2\/users\/4"}],"replies":[{"embeddable":true,"href":"https:\/\/www.radiopiu.net\/wordpress\/wp-json\/wp\/v2\/comments?post=324113"}],"version-history":[{"count":0,"href":"https:\/\/www.radiopiu.net\/wordpress\/wp-json\/wp\/v2\/posts\/324113\/revisions"}],"wp:featuredmedia":[{"embeddable":true,"href":"https:\/\/www.radiopiu.net\/wordpress\/wp-json\/wp\/v2\/media\/324122"}],"wp:attachment":[{"href":"https:\/\/www.radiopiu.net\/wordpress\/wp-json\/wp\/v2\/media?parent=324113"}],"wp:term":[{"taxonomy":"category","embeddable":true,"href":"https:\/\/www.radiopiu.net\/wordpress\/wp-json\/wp\/v2\/categories?post=324113"},{"taxonomy":"post_tag","embeddable":true,"href":"https:\/\/www.radiopiu.net\/wordpress\/wp-json\/wp\/v2\/tags?post=324113"}],"curies":[{"name":"wp","href":"https:\/\/api.w.org\/{rel}","templated":true}]}}