{"id":324279,"date":"2023-03-01T05:41:24","date_gmt":"2023-03-01T04:41:24","guid":{"rendered":"https:\/\/www.radiopiu.net\/wordpress\/?p=324279"},"modified":"2023-03-01T08:51:30","modified_gmt":"2023-03-01T07:51:30","slug":"giornale-radiopiu-01-marzo-2023-direttore-mirko-mezzacasa-verso-i-40-anni-25-giugno-1983-25-giugno-2023","status":"publish","type":"post","link":"https:\/\/www.radiopiu.net\/wordpress\/giornale-radiopiu-01-marzo-2023-direttore-mirko-mezzacasa-verso-i-40-anni-25-giugno-1983-25-giugno-2023\/","title":{"rendered":"GIORNALE RADIOPIU 01 MARZO 2023 DIRETTORE MIRKO MEZZACASA&#8230;verso i 40 anni 25 giugno 1983-25 giugno 2023"},"content":{"rendered":"<h3 class=\"kvgmc6g5 cxmmr5t8 oygrvhab hcukyx3x c1et5uql\"><span style=\"color: #0000ff;\"><strong><a class=\"dt-pswp-item\" href=\"https:\/\/www.radiopiu.net\/wordpress\/wp-content\/uploads\/2023\/03\/Senza-nome.jpg\" data-dt-img-description=\"\" data-large_image_width=\"276\" data-large_image_height=\"191\"><img loading=\"lazy\" decoding=\"async\" class=\" wp-image-324380 alignleft\" src=\"https:\/\/www.radiopiu.net\/wordpress\/wp-content\/uploads\/2023\/03\/Senza-nome.jpg\" alt=\"\" width=\"225\" height=\"156\" \/><\/a>RADIO PIU INFORMAZIONE il canale su TELEGRAM informazione di prima\u00a0 <\/strong><strong>mano e in tempo reale. iscriviti ed aiutaci a farlo conoscere\u00a0 \u00a0<\/strong><\/span><\/h3>\n<p><strong>CORTINA<\/strong> La pista da Bob di Cortina (oltre 100 milioni di euro) si far\u00e0. Le ruspe hanno iniziato a lavorare nel cantiere delle ex pista Eugenio Monti.\u00a0 A nulla sono valse Le proteste inascoltate dei comitati, le raccolte di firme snobbate, gli inviti al risparmio dimenticati, le paure della costruzione di una cattedrale nel deserto e le certezze che le spese di manutenzione saranno enormi. Il Pattinaggio al contrario non interesser\u00e0 la provincia di Belluno (era stato ipotizzato il Palafiere di Longarone), piuttosto\u00a0 al velodromo di Spresiano.<br \/>\nUn altro comitato \u00e8 sul piede di guerra, quello di Campo. Sono arrabbiati coloro che si oppongono alla costruzione del villaggio olimpico sul prato che si estende tra i due campeggi, Cortina e Dolomiti, detto in ampezzano &#8220;Pian da Ciampo&#8221; dove \u00e8 stato confermato lo spostamento del villaggio olimpico dalla zona di Fiames a nord di Cortina.<\/p>\n<p>&nbsp;<\/p>\n<blockquote>\n<h3>LA DEMOLIZIONE DELLA PISTA DA BOB A CORTINA E&#8217; IRRAZIONALE PER EUROPA VERDE<\/h3>\n<\/blockquote>\n<p><strong><a class=\"dt-pswp-item\" href=\"https:\/\/www.radiopiu.net\/wordpress\/wp-content\/uploads\/2021\/04\/cortina_guide_bob.jpg\" data-dt-img-description=\"\" data-large_image_width=\"600\" data-large_image_height=\"300\"><img loading=\"lazy\" decoding=\"async\" class=\" wp-image-204666 alignleft\" src=\"https:\/\/www.radiopiu.net\/wordpress\/wp-content\/uploads\/2021\/04\/cortina_guide_bob-300x150.jpg\" alt=\"\" width=\"200\" height=\"100\" srcset=\"https:\/\/www.radiopiu.net\/wordpress\/wp-content\/uploads\/2021\/04\/cortina_guide_bob-300x150.jpg 300w, https:\/\/www.radiopiu.net\/wordpress\/wp-content\/uploads\/2021\/04\/cortina_guide_bob.jpg 600w\" sizes=\"auto, (max-width: 200px) 100vw, 200px\" \/><\/a>VENEZIA<\/strong> \u201cLa demolizione della pista da bob Eugenio Monti certifica come questa politica abbia definitivamente perso ragione e buonsenso\u201d \u2013 commentano cos\u00ec la Consigliera regionale del Veneto Cristina Guarda, la senatrice Aurora Floridia e la deputata Luana Zanella di Europa Verde la notizia dell\u2019imminente demolizione della storica pista da bob a Cortina. \u201cRiteniamo assurdo \u2013 affermano\u2013 che nel pieno di una emergenza determinata dalla crisi energetica si possa tranquillamente mettere in conto di spendere 100 milioni di euro di soldi pubblici per un impianto nuovo la cui unica prospettiva garantita \u00e8 di segno negativo, con perdite annue di migliaia di euro, come gi\u00e0 nel 2020 segnalato dallo Comitato Olimpico Internazionale che, a partire dall\u2019approvazione del dossier, segnalava le prospettive di deficit e suggeriva, ignorato, di non procedere alla costruzione di una nuova pista da bob. \u201c<\/p>\n<p>&nbsp;<\/p>\n<p>&nbsp;<\/p>\n<h2 style=\"text-align: left;\"><span style=\"color: #ff0000;\">ISCRIVITI AL NOSTRO CANALE YOUTUBE PER SEGUIRE IN DIRETTA I PRINCIPALI PROGRAMMI DI RADIO PIU&#8217; E LE FUTURE DIRETTE IN ESTERNA. PER ISCRIVERTI <a style=\"color: #ff0000;\" href=\"https:\/\/youtube.com\/@radiopiu1527\">CLICCA QUI<\/a> E PREMI IL TASTO &#8220;Iscriviti&#8221;\u00a0<\/span><\/h2>\n<p>&nbsp;<\/p>\n<hr \/>\n<p>&nbsp;<\/p>\n<p>&nbsp;<\/p>\n<blockquote>\n<h3>CANDATEN, UN ALTRO CERVO IN STRADA E LA SCARSA RESPONSABILITA&#8217; DI ALCUNI AUTOMOBILISTI<\/h3>\n<\/blockquote>\n<p>&nbsp;<\/p>\n<p><strong><img decoding=\"async\" class=\"alignleft\" src=\"https:\/\/www.radiopiu.net\/wordpress\/wp-content\/uploads\/2022\/02\/th-3.jpg\" \/>SEDICO\u00a0<\/strong> Ore cinque del mattino, Candaten: appuntamento con il cervo. Uno di quegli appuntamenti che non metteresti mai in agenda, tanto meno lo ha fatto la giovane che si trovava a transitare &#8211; per andare al lavoro &#8211; lungo la regionale 203 agordina, in prossimit\u00e0 del famoso autovelox, nel territorio del Parco Nazionale delle Dolomiti Bellunesi. Conseguenze: ragazza sotto shok, auto danneggiata, detriti da scontro per gran parte della carreggiata e animale morto. Un copione, un triste copione che si ripete\u00a0 sempre pi\u00f9 spesso. Ma si apre un altro capitolo, quello della scarsa responsabilit\u00e0 in strada di alcuni automobilisti. Non per sentito dire, ma testimoniato da chi alle 5 era sul posto dell&#8217;incidente<em> &#8220;Mi sono fermato ad aiutare la ragazza sotto shok &#8211; racconta Max-\u00a0 e mentre chi era in auto con me prestava assistenza,\u00a0 chiamavo i\u00a0 VIgili del Fuoco, segnalavo il disagio lungo la 203 tramite la chat Viabilit\u00e0 Provincia di Belluno\u00a0 e mi mettevo sulla strada con triangolo, giubbotto e torcia per segnalare l&#8217;animale ancora agonizzante, oltre ad una marea di pezzi di auto. Fortunatamente la ragazza non \u00e8 rimasta ferita anche se la macchina \u00e8 da buttare&#8221;<\/em>. Fin qui il racconto del post impatto, alle 5 del mattino, al buio, lungo una strada non illuminata. Poi la riflessione sconcertante. <em>&#8220;Ma \u00e8 mai possibile &#8211; incalza Max &#8211; che su\u00a0 una strada\u00a0 a rischio l&#8217;automobilista non rallenti? Io in mezzo alla strada per segnalare il pericolo, 4 frecce, giubbetto, ma non \u00e8 servito, i &#8220;fenomeni&#8221;\u00a0 invece che fermarsi hanno dato prova di conoscere la posizione del pedale per accelerare.\u00a0 Anche io ho perso un&#8217; ora di lavoro ma non rimpiango niente. Ci vorrebbe un po&#8217; pi\u00f9 di responsabilit\u00e0 sulle strade, almeno rallentare davanti ai pericoli&#8221;<\/em><\/p>\n<p>&nbsp;<\/p>\n<p>&nbsp;<\/p>\n<p>&nbsp;<\/p>\n<hr \/>\n<blockquote>\n<h3>ANZIANO SCOMPARSO AD ARSIE&#8217;, ANTONIO SALINA RITROVATO PRIVO DI VITA VICINO ALLA RSA<\/h3>\n<\/blockquote>\n<p><strong><a class=\"dt-pswp-item\" href=\"https:\/\/www.radiopiu.net\/wordpress\/wp-content\/uploads\/2023\/02\/IMG-20230226-WA0002.jpg\" data-dt-img-description=\"\" data-large_image_width=\"738\" data-large_image_height=\"979\"><img loading=\"lazy\" decoding=\"async\" class=\"wp-image-323904 alignleft\" src=\"https:\/\/www.radiopiu.net\/wordpress\/wp-content\/uploads\/2023\/02\/IMG-20230226-WA0002-226x300.jpg\" alt=\"\" width=\"127\" height=\"169\" srcset=\"https:\/\/www.radiopiu.net\/wordpress\/wp-content\/uploads\/2023\/02\/IMG-20230226-WA0002-226x300.jpg 226w, https:\/\/www.radiopiu.net\/wordpress\/wp-content\/uploads\/2023\/02\/IMG-20230226-WA0002.jpg 738w\" sizes=\"auto, (max-width: 127px) 100vw, 127px\" \/><\/a><\/strong><\/p>\n<div class=\"col-xs-1\">\n<div id=\"share_bar_wrapper\" class=\"top\">\n<div id=\"share_bar\">\n<p><strong>ARSIE&#8217;<\/strong> Ritrovato dopo quattro giorni di ricerche, purtroppo senza vita. Antonio Salina (85 anni) sabato si era allontanato dalla casa di riposo. Il corpo dell&#8217;anziano \u00e8 stato trovato ieri\u00a0 a poche centinaia di metri dalla casa di soggiorno che lo ospitava, adagiato nella vasca dei liquami della vicina stalla.<\/p>\n<\/div>\n<\/div>\n<p><a class=\"dt-pswp-item\" href=\"https:\/\/www.radiopiu.net\/wordpress\/wp-content\/uploads\/2023\/02\/20f5eef7-e3b7-48bc-b417-7851556e3842.jpg\" data-dt-img-description=\"\" data-large_image_width=\"947\" data-large_image_height=\"590\"><img loading=\"lazy\" decoding=\"async\" class=\"size-medium wp-image-324345 alignright\" src=\"https:\/\/www.radiopiu.net\/wordpress\/wp-content\/uploads\/2023\/02\/20f5eef7-e3b7-48bc-b417-7851556e3842-300x187.jpg\" alt=\"\" width=\"300\" height=\"187\" srcset=\"https:\/\/www.radiopiu.net\/wordpress\/wp-content\/uploads\/2023\/02\/20f5eef7-e3b7-48bc-b417-7851556e3842-300x187.jpg 300w, https:\/\/www.radiopiu.net\/wordpress\/wp-content\/uploads\/2023\/02\/20f5eef7-e3b7-48bc-b417-7851556e3842-768x478.jpg 768w, https:\/\/www.radiopiu.net\/wordpress\/wp-content\/uploads\/2023\/02\/20f5eef7-e3b7-48bc-b417-7851556e3842.jpg 947w\" sizes=\"auto, (max-width: 300px) 100vw, 300px\" \/><\/a>Il ritrovamento \u00e8 stato compiuto dai vigili del fuoco insieme ad alcune persone in un&#8217;area gi\u00e0 oggetto di attenzione durante le ricerche con i\u00a0 cani molecolari nell&#8217;azienda agricola in localit\u00e0 Novegno di Arsi\u00e8. Si presume l\u2019uomo possa essere scivolato all\u2019interno e solo nella giornata di ieri \u00e8 venuto a galla, quando \u00e8 stato notato dalla squadra di ricerca. I vigili del fuoco hanno effettuato il recupero e messo il corpo a disposizione dell\u2019autorit\u00e0 giudiziaria.<\/p>\n<\/div>\n<p>&nbsp;<\/p>\n<hr \/>\n<h3><\/h3>\n<blockquote>\n<h3>L&#8217;ACQUA VERDE DEL COMELICO: ERA TRITOLO<\/h3>\n<\/blockquote>\n<p><strong><a class=\"dt-pswp-item\" href=\"https:\/\/www.radiopiu.net\/wordpress\/wp-content\/uploads\/2023\/02\/331422761_549987170444589_106574893747198952_n-1.jpg\" data-dt-img-description=\"\" data-large_image_width=\"600\" data-large_image_height=\"338\"><img loading=\"lazy\" decoding=\"async\" class=\"wp-image-323622 alignleft\" src=\"https:\/\/www.radiopiu.net\/wordpress\/wp-content\/uploads\/2023\/02\/331422761_549987170444589_106574893747198952_n-1-300x169.jpg\" alt=\"\" width=\"156\" height=\"88\" srcset=\"https:\/\/www.radiopiu.net\/wordpress\/wp-content\/uploads\/2023\/02\/331422761_549987170444589_106574893747198952_n-1-300x169.jpg 300w, https:\/\/www.radiopiu.net\/wordpress\/wp-content\/uploads\/2023\/02\/331422761_549987170444589_106574893747198952_n-1.jpg 600w\" sizes=\"auto, (max-width: 156px) 100vw, 156px\" \/><\/a>COMELICO<\/strong> I carabinieri, continuano a cercare un secondo \u00abrecuperante\u00bb dopo quello perquisito mercoled\u00ec scorso a Comelico Superiore trovandogli in casa un arsenale di ordigni della Prima Guerra Mondiale. Questo \u00abrecuperante\u00bb per ora sconosciuto sarebbe quel qualcuno che avrebbe voluto liberarsi rapidamente di materiale esplosivo che aveva in casa gettandolo in un affluente del Piave, il torrente Cordevole. Da l\u00ec poi la colorazione verde del Piave. L\u2019ignoto se ne sarebbe voluto disfare prima di essere controllato e denunciato.<\/p>\n<p>L\u2019Arpav ha confermato ufficialmente la presenza di tritolo (Tnt) nelle acque del fiume. Il trinitrotoluene, altamente tossico, versato in quantit\u00e0 non ingenti, si sarebbe diluito a sufficienza nelle acque del Cordevole e del Piave senza causare danni alla flora e alla fauna o morie di pesci.<\/p>\n<p>&nbsp;<\/p>\n<p>&nbsp;<\/p>\n<hr \/>\n<p>&nbsp;<\/p>\n<blockquote>\n<h3>L&#8217;EX MOROSA E&#8217; CON UN ALTRO, PICCHIATI ENTRAMBI<\/h3>\n<\/blockquote>\n<p><strong>OGGI SUL CORRIERE DELLE ALPI<\/strong><\/p>\n<p><strong>DI GIGI SOSSO<\/strong><\/p>\n<blockquote><p><em><img loading=\"lazy\" decoding=\"async\" class=\"alignleft\" src=\"https:\/\/www.radiopiu.net\/wordpress\/wp-content\/uploads\/2023\/03\/th-300x300.jpg\" width=\"239\" height=\"239\" \/>E&#8217; entrato in una casa che conosceva molto bene e ha sorpreso quella che considerava ancora la sua fidanzata tra le braccia di un altro coetaneo. Non c&#8217;\u00e8 stata una semplice scenata di gelosia, magari anche comprensibile e giustificata, ma si sarebbe arrivati a un duplice pestaggio, con prognosi importanti certificate al Pronto soccorso dell&#8217;ospedale San Martino<\/em><\/p><\/blockquote>\n<p><strong>BELLUNO<\/strong> Trova la morosa a letto con un altro e picchia tutti e due. La donna lo denuncia per violazione di domicilio e lesioni aggravate, reati ai quali si aggiunge quello di porto illegale di arma od oggetto atto a offendere, perch\u00e9 nella successiva perquisizione la polizia ha trovato addosso all&#8217;indagato un coltello con una lama di sei centimetri. Ricevuta la notizia di reato, nello scorso fine settimana, la Procura ha chiesto al giudice per le indagini preliminari le misure del divieto di avvicinamento alle parti offese e del braccialetto elettronico. Per il poco pi\u00f9 che ventenne bellunese ieri mattina c&#8217;\u00e8 stato l&#8217;interrogatorio di garanzia davanti al gip, nel corso del quale il pubblico ministero titolare del fascicolo ha chiesto e ottenuto anche il sequestro del suo telefonino cellulare da parte della polizia giudiziaria. Questo fa immaginare che le risposte non siano state soddisfacenti, di sicuro il dispositivo sar\u00e0 molto utile a ricostruire con maggiore precisione quello che \u00e8 successo l&#8217;altro giorno in un&#8217;abitazione di Cavarzano, tra contatti, telefonate ed eventuali messaggin. L&#8217;uomo non \u00e8 stato arrestato, ma soltanto denunciato a piede libero. \u00c8 difeso di fiducia dall&#8217;avvocato Aldo Pardo del foro di Treviso e dovr\u00e0 rispondere dei reati di violazione di domicilio, lesioni aggravate e porto illegale di arma.<\/p>\n<p>&nbsp;<\/p>\n<blockquote>\n<h3>NONNO VIGILE PORTATO IN TRIBUNALE PER AVER USATO&#8230; LA PALETTA<\/h3>\n<p><em>presunta infrazione al Codice della Strada per i reati di usurpazione di funzione pubblica, violenza privata e detenzione illecita di segni distintivi, contrassegni o documenti di identificazione in uso ai Corpi di polizia\u00a0<\/em><\/p><\/blockquote>\n<p><strong>\u00a0BELLUNO<\/strong> In tribunale per aver fermato un automobilista sopra Trichiana, dopo un inseguimento. L&#8217;uomo avrebbe tirato fuori la paletta e costretto l&#8217;altro a fermarsi a bordo strada per un controllo. Ma secondo l&#8217;accusa non aveva alcun titolo per farlo, pur avendo un tesserino con la scritta &#8220;agente scelto&#8221; e una paletta come quella un dotazione alla Polizia stradale, per i &#8220;nonni vigili&#8221; di cui fa parte<\/p>\n<p>&nbsp;<\/p>\n<p>&nbsp;<\/p>\n<hr \/>\n<p>&nbsp;<\/p>\n<blockquote>\n<h3>FURTO D&#8217;AUTO A BASSANO, ALLERTATI ANCHE I BELLUNESI<\/h3>\n<\/blockquote>\n<p><strong>BELLUNO<\/strong> La chat Viabilit\u00e0 Provincia di Belluno su Telegram mette in evidenza l&#8217;importanza di un gruppo ormai prossimo ai 7000 iscritti. Non solo disagi alla viabilit\u00e0, nell&#8217;ultimo caso di questa mattina anche l&#8217;allerta lanciato da Bassano per il furto di un&#8217;auto. Chiunque avesse informazioni dovrebbe contattare 347 7932181<\/p>\n<p>LA STORIA Si \u00e8 ritrovato faccia a faccia con i ladri che luned\u00ec poco prima delle 20 gli hanno sottratto la sua Bmw 335 parcheggiata all&#8217;esterno della sua officina e si sono dati alla fuga.\u00a0 E&#8217; capitato a Martino Zannin, titolare della &#8220;Martino Racing&#8221;, l&#8217;officina nella zona artigianale di Arten. La sua Bmw, un bolide che raggiunge i 250 chilometri all&#8217;ora, era parcheggiato all&#8217;esterno con le chiavi inserite. I ladri: due persone a bordo di una Fiat Panda rossa.Un furto mirato. La\u00a0 Bmw,\u00a0 \u00e8 ben riconoscibile da un grande adesivo &#8220;Martino Racing&#8221; sul lunotto posteriore.<\/p>\n<p>&nbsp;<\/p>\n\n\t\t\t<style type='text\/css'>\n\t\t\t\t#gallery-1 {\n\t\t\t\t\tmargin: auto;\n\t\t\t\t}\n\t\t\t\t#gallery-1 .gallery-item {\n\t\t\t\t\tfloat: left;\n\t\t\t\t\tmargin-top: 10px;\n\t\t\t\t\ttext-align: center;\n\t\t\t\t\twidth: 50%;\n\t\t\t\t}\n\t\t\t\t#gallery-1 img {\n\t\t\t\t\tborder: 2px solid #cfcfcf;\n\t\t\t\t}\n\t\t\t\t#gallery-1 .gallery-caption {\n\t\t\t\t\tmargin-left: 0;\n\t\t\t\t}\n\t\t\t\t\/* see gallery_shortcode() in wp-includes\/media.php *\/\n\t\t\t<\/style>\n\t\t<div id='gallery-1' class='dt-gallery-container gallery galleryid-324279 gallery-columns-2 gallery-size-thumbnail'><dl class='gallery-item'>\n\t\t\t\t<dt class='gallery-icon landscape'>\n\t\t\t\t\t<a class=\"rollover rollover-zoom dt-pswp-item\" title=\"ed73e281-750b-4b16-9384-07595e7ac92d\" data-dt-img-description=\"\" data-large_image_width=\"520\" data-large_image_height=\"323\"href='https:\/\/www.radiopiu.net\/wordpress\/wp-content\/uploads\/2023\/02\/ed73e281-750b-4b16-9384-07595e7ac92d.jpg'><img loading=\"lazy\" decoding=\"async\" width=\"150\" height=\"150\" src=\"https:\/\/www.radiopiu.net\/wordpress\/wp-content\/uploads\/2023\/02\/ed73e281-750b-4b16-9384-07595e7ac92d-150x150.jpg\" class=\"attachment-thumbnail size-thumbnail\" alt=\"\" \/><\/a>\n\t\t\t\t<\/dt><\/dl><dl class='gallery-item'>\n\t\t\t\t<dt class='gallery-icon portrait'>\n\t\t\t\t\t<a class=\"rollover rollover-zoom dt-pswp-item\" title=\"02e463cd-edef-4672-ab54-3144628115b1\" data-dt-img-description=\"\" data-large_image_width=\"656\" data-large_image_height=\"800\"href='https:\/\/www.radiopiu.net\/wordpress\/wp-content\/uploads\/2023\/02\/02e463cd-edef-4672-ab54-3144628115b1.jpg'><img loading=\"lazy\" decoding=\"async\" width=\"150\" height=\"150\" src=\"https:\/\/www.radiopiu.net\/wordpress\/wp-content\/uploads\/2023\/02\/02e463cd-edef-4672-ab54-3144628115b1-150x150.jpg\" class=\"attachment-thumbnail size-thumbnail\" alt=\"\" \/><\/a>\n\t\t\t\t<\/dt><\/dl><br style=\"clear: both\" \/>\n\t\t\t<\/div>\n\n<p>&nbsp;<\/p>\n<p>&nbsp;<\/p>\n<p>&nbsp;<\/p>\n<blockquote>\n<hr \/>\n<h3><\/h3>\n<h3>UN AIUTO AGLI ANZIANI BELLUNESI CONTRO I TRUFFATORI<\/h3>\n<\/blockquote>\n<p><strong><a class=\"dt-pswp-item\" href=\"https:\/\/www.radiopiu.net\/wordpress\/wp-content\/uploads\/2020\/03\/MANI-ANZIANI.jpg\" data-dt-img-description=\"\" data-large_image_width=\"1920\" data-large_image_height=\"1280\"><img loading=\"lazy\" decoding=\"async\" class=\" wp-image-125005 alignleft\" src=\"https:\/\/www.radiopiu.net\/wordpress\/wp-content\/uploads\/2020\/03\/MANI-ANZIANI-300x200.jpg\" alt=\"\" width=\"206\" height=\"137\" srcset=\"https:\/\/www.radiopiu.net\/wordpress\/wp-content\/uploads\/2020\/03\/MANI-ANZIANI-300x200.jpg 300w, https:\/\/www.radiopiu.net\/wordpress\/wp-content\/uploads\/2020\/03\/MANI-ANZIANI-1024x683.jpg 1024w, https:\/\/www.radiopiu.net\/wordpress\/wp-content\/uploads\/2020\/03\/MANI-ANZIANI-768x512.jpg 768w, https:\/\/www.radiopiu.net\/wordpress\/wp-content\/uploads\/2020\/03\/MANI-ANZIANI-1536x1024.jpg 1536w, https:\/\/www.radiopiu.net\/wordpress\/wp-content\/uploads\/2020\/03\/MANI-ANZIANI.jpg 1920w\" sizes=\"auto, (max-width: 206px) 100vw, 206px\" \/><\/a>BELLUNO<\/strong> In ossequio al vecchio motto \u201cmeglio prevenire che curare\u201d, Appia Cna Pensionati ha ospitato il partecipato incontro informativo di prevenzione contro le truffe agli anziani a cura del Comando Provinciale dei Carabinieri. I dati non spaventano se rapportati a altre situazioni sul territorio nazionale e anche su province contermini. \u00abNon per tale motivo dobbiamo abbassare l\u2019attenzione\u00bb, avverte il Comandante provinciale dei carabinieri di Belluno, Colonnello Enrico Pigozzo.\u00a0 \u00abAnzi \u00e8 questo il momento in cui dobbiamo fornire alle persone gli strumenti per potersi difendere dai truffatori&#8221;. Soddisfatto anche il Presidente di Appia Cna Pensionati Franco Rosso per avere risposto all\u2019esigenza di molti associati di conoscere le modalit\u00e0 delle truffe<\/p>\n<p>&nbsp;<\/p>\n<hr \/>\n<p>&nbsp;<\/p>\n<blockquote>\n<h3>LA MEDICINA DI AGORDO HA IL NUOVO PRIMARIO: IL DOTTOR FRANCESCO MINNITI<\/h3>\n<\/blockquote>\n<p><a class=\"dt-pswp-item\" href=\"https:\/\/www.radiopiu.net\/wordpress\/wp-content\/uploads\/2023\/02\/Francesco-Minniti.jpeg\" data-dt-img-description=\"\" data-large_image_width=\"1312\" data-large_image_height=\"1494\"><img loading=\"lazy\" decoding=\"async\" class=\" wp-image-324341 alignleft\" src=\"https:\/\/www.radiopiu.net\/wordpress\/wp-content\/uploads\/2023\/02\/Francesco-Minniti-263x300.jpeg\" alt=\"\" width=\"181\" height=\"206\" srcset=\"https:\/\/www.radiopiu.net\/wordpress\/wp-content\/uploads\/2023\/02\/Francesco-Minniti-263x300.jpeg 263w, https:\/\/www.radiopiu.net\/wordpress\/wp-content\/uploads\/2023\/02\/Francesco-Minniti-899x1024.jpeg 899w, https:\/\/www.radiopiu.net\/wordpress\/wp-content\/uploads\/2023\/02\/Francesco-Minniti-768x875.jpeg 768w, https:\/\/www.radiopiu.net\/wordpress\/wp-content\/uploads\/2023\/02\/Francesco-Minniti.jpeg 1312w\" sizes=\"auto, (max-width: 181px) 100vw, 181px\" \/><\/a><strong>AGORDO<\/strong> Francesco Minniti \u00e8 il nuovo direttore della Medicina dell\u2019Ospedale di Agordo. Classe 1966, nato a San Vito al Tagliamento ma padovano di adozione, Francesco Minniti si \u00e8 laureato in Medicina e Chirurgia all\u2019Universit\u00e0 di Padova, dove ha conseguito, poi, la specializzazione in Gastroenterologia. Attualmente presta servizio all\u2019Ulss 3 Serenissima, all\u2019ospedale di Mirano, dove ricopre un incarico di alta professionalit\u00e0 come consulente epatologo e per la diagnostica ecografica. Si occupa, infatti, di epatologia, sia in merito alla diagnosi che ai percorsi di cura, e segue per le problematiche epatologiche gli utenti del SerD. Il dottor Minniti, inoltre, \u00a0\u00e8 esperto in ecografia interventistica multidistrettuale ed ha un\u2019ampia casistica di diagnostica strumentale ed interventistica di patologie internistiche. Potr\u00e0 quindi mettere a disposizione dei pazienti dell\u2019ospedale di Agordo anche questa sua particolare abilit\u00e0 nel\u2019esecuzione di ecografie e biopsie eco guidate oltre che nell\u2019esecuzione di paracentesi, toracentesi e artrocentesi. In periodo Covid ha gestito come responsabile l\u2019area Covid della Medicina dell\u2019ospedale di Mirano , collaborando e facilitando l\u2019integrazione tra le unit\u00e0 operative. Nei suoi anni di attivit\u00e0, ha maturato una solida esperienza nella gestione delle dimissioni difficili di pazienti anziani o fragili, organizzando percorsi extraospedalieri per la miglior cura e assistenza per ciascun paziente e per la sua famiglia.<\/p>\n<p>&nbsp;<\/p>\n<hr \/>\n<p>&nbsp;<\/p>\n<p>&nbsp;<\/p>\n<blockquote>\n<h3>DOPO UNICREDIT ANCHE INTESA RINUNCIA A CENCENIGHE, TERRITORIO SEMPRE PIU&#8217; POVERO E SERVIZI SEMPRE PIU&#8217; ACCENTRATI<\/h3>\n<\/blockquote>\n<blockquote>\n<h3><em>Quando un&#8217;azienda privata fa le proprie scelte territoriali.<\/em><\/h3>\n<\/blockquote>\n<p>&nbsp;<\/p>\n<p><strong><a class=\"dt-pswp-item\" href=\"https:\/\/www.radiopiu.net\/wordpress\/wp-content\/uploads\/2023\/02\/9601b454-9da5-4c59-b06c-e05617f6fdbf.jpg\" data-dt-img-description=\"\" data-large_image_width=\"1600\" data-large_image_height=\"858\"><img loading=\"lazy\" decoding=\"async\" class=\" wp-image-324354 alignleft\" src=\"https:\/\/www.radiopiu.net\/wordpress\/wp-content\/uploads\/2023\/02\/9601b454-9da5-4c59-b06c-e05617f6fdbf-300x161.jpg\" alt=\"\" width=\"201\" height=\"108\" srcset=\"https:\/\/www.radiopiu.net\/wordpress\/wp-content\/uploads\/2023\/02\/9601b454-9da5-4c59-b06c-e05617f6fdbf-300x161.jpg 300w, https:\/\/www.radiopiu.net\/wordpress\/wp-content\/uploads\/2023\/02\/9601b454-9da5-4c59-b06c-e05617f6fdbf-1024x549.jpg 1024w, https:\/\/www.radiopiu.net\/wordpress\/wp-content\/uploads\/2023\/02\/9601b454-9da5-4c59-b06c-e05617f6fdbf-768x412.jpg 768w, https:\/\/www.radiopiu.net\/wordpress\/wp-content\/uploads\/2023\/02\/9601b454-9da5-4c59-b06c-e05617f6fdbf-1536x824.jpg 1536w, https:\/\/www.radiopiu.net\/wordpress\/wp-content\/uploads\/2023\/02\/9601b454-9da5-4c59-b06c-e05617f6fdbf.jpg 1600w\" sizes=\"auto, (max-width: 201px) 100vw, 201px\" \/><\/a>CENCENIGHE\u00a0<\/strong><\/p>\n<p><strong>DI GIANNI SANTOMASO<\/strong><\/p>\n<audio class=\"wp-audio-shortcode\" id=\"audio-324279-1\" preload=\"none\" style=\"width: 100%;\" controls=\"controls\"><source type=\"audio\/mpeg\" src=\"https:\/\/www.radiopiu.net\/wordpress\/wp-content\/uploads\/2023\/02\/CENCENIGHE-GIANNI.mp3?_=1\" \/><a href=\"https:\/\/www.radiopiu.net\/wordpress\/wp-content\/uploads\/2023\/02\/CENCENIGHE-GIANNI.mp3\">https:\/\/www.radiopiu.net\/wordpress\/wp-content\/uploads\/2023\/02\/CENCENIGHE-GIANNI.mp3<\/a><\/audio>\n<p>&nbsp;<\/p>\n<p>&nbsp;<\/p>\n<p>&nbsp;<\/p>\n<hr \/>\n<p>&nbsp;<\/p>\n<blockquote>\n<h3>DISTRETTO DEL COMMERCIO DI FELTRE E PEDAVENA: APPROVATO IL BANDO PER IL SOSTEGNO ALLE ATTIVITA&#8217; ECONOMICHE<\/h3>\n<\/blockquote>\n<p><strong><a class=\"dt-pswp-item\" href=\"https:\/\/www.radiopiu.net\/wordpress\/wp-content\/uploads\/2022\/04\/FELTRE.jpg\" data-dt-img-description=\"\" data-large_image_width=\"1920\" data-large_image_height=\"1080\"><img loading=\"lazy\" decoding=\"async\" class=\" wp-image-269866 alignleft\" src=\"https:\/\/www.radiopiu.net\/wordpress\/wp-content\/uploads\/2022\/04\/FELTRE-300x169.jpg\" alt=\"\" width=\"195\" height=\"110\" srcset=\"https:\/\/www.radiopiu.net\/wordpress\/wp-content\/uploads\/2022\/04\/FELTRE-300x169.jpg 300w, https:\/\/www.radiopiu.net\/wordpress\/wp-content\/uploads\/2022\/04\/FELTRE-1024x576.jpg 1024w, https:\/\/www.radiopiu.net\/wordpress\/wp-content\/uploads\/2022\/04\/FELTRE-768x432.jpg 768w, https:\/\/www.radiopiu.net\/wordpress\/wp-content\/uploads\/2022\/04\/FELTRE-1536x864.jpg 1536w, https:\/\/www.radiopiu.net\/wordpress\/wp-content\/uploads\/2022\/04\/FELTRE.jpg 1920w\" sizes=\"auto, (max-width: 195px) 100vw, 195px\" \/><\/a>FELTRE <\/strong>Nell\u2019ambito del nuovo Distretto Territoriale del Commercio di Feltre e Pedavena, la cui <em>mission<\/em> \u00e8 attivare in varie forme politiche di sviluppo del tessuto economico locale, \u00e8 stato approvato dalla giunta comunale il bando che riguarda il sostegno agli operatori commerciali. La dotazione finanziaria complessiva, come gi\u00e0 annunciato, \u00e8 pari a 105.000 euro.<\/p>\n<p><strong>L\u2019ASSESSORE AL COMMERCIO E ALLE ATTIVIT\u00c0 PRODUTTIVE DEL COMUNE DI FELTRE ALBERTO CURTO<\/strong><\/p>\n<audio class=\"wp-audio-shortcode\" id=\"audio-324279-2\" preload=\"none\" style=\"width: 100%;\" controls=\"controls\"><source type=\"audio\/mpeg\" src=\"https:\/\/www.radiopiu.net\/wordpress\/wp-content\/uploads\/2023\/02\/Audio-Ass.-Curto-su-bando-distretto-del-commercio.mp3?_=2\" \/><a href=\"https:\/\/www.radiopiu.net\/wordpress\/wp-content\/uploads\/2023\/02\/Audio-Ass.-Curto-su-bando-distretto-del-commercio.mp3\">https:\/\/www.radiopiu.net\/wordpress\/wp-content\/uploads\/2023\/02\/Audio-Ass.-Curto-su-bando-distretto-del-commercio.mp3<\/a><\/audio>\n<p>&nbsp;<\/p>\n<p>&nbsp;<\/p>\n<hr \/>\n<p>&nbsp;<\/p>\n<blockquote>\n<h3>AL VIA IL PIANO VERDE<\/h3>\n<\/blockquote>\n<p><strong>BELLUNO<\/strong> In corso l\u2019analisi degli alberi cittadini per la stesura della manutenzione programmata e la valutazione del rischio. Il progetto, parte degli obiettivi dell\u2019assessorato all\u2019Ambiente, \u00e8 partito nelle scorse settimane dopo l\u2019affidamento (avvenuto lo scorso anno) dell\u2019incarico per la valutazione della consistenza del patrimonio arboreo cittadino e del suo stato di sicurezza e di stabilit\u00e0, ad un professionista esterno. L\u2019obiettivo finale \u00e8 quello di ottenere una fotografia nitida del verde cittadino, del suo stato, della sua estensione per arrivare ad una manutenzione continuativa e assicurare una buona qualit\u00e0 dell&#8217;ambiente nella citt\u00e0 e nelle sue frazioni. Il criterio di priorit\u00e0 seguito riguarda la verifica dei parchi e giardini, delle aree delle scuole, dei viali dove sono state evidenziate criticit\u00e0.<\/p>\n<p><strong>L&#8217;ASSESSORE ALL&#8217;AMBIENTE LORENZA DE KUNOVICH<\/strong><\/p>\n<p><iframe loading=\"lazy\" title=\"Piano del verde   assessore DE Kunovich\" width=\"1200\" height=\"675\" src=\"https:\/\/www.youtube.com\/embed\/OUJ1MKwD8fI?feature=oembed\" frameborder=\"0\" allow=\"accelerometer; autoplay; clipboard-write; encrypted-media; gyroscope; picture-in-picture; web-share\" allowfullscreen><\/iframe><\/p>\n<p>&nbsp;<\/p>\n<hr \/>\n<p>&nbsp;<\/p>\n<blockquote>\n<h3>1991 LA FISORCHESTRA ROSSINI AL MAURIZIO COSTANZO SHOW<\/h3>\n<\/blockquote>\n<p><strong>Carlo Menegat<\/strong> dalla sua pagina facebook ha pubblicato un video di emozioni. Un Maurizio Costanza show del 1991. Un giovane Costanzo sulla cresta dell&#8217;onda (quando mai non lo \u00e8 stato&#8230;) presentava la Fisorchestra Rossini che interpretava il primo tempo della serenata di Mozart.<em> &#8220;Siamo in tourne\u00e8\u00a0 con l&#8217;Associazione Emigranti Bellunesi disse allora Bellus<\/em> &#8211;\u00a0 <em>questo nel 25esimo di fondazione&#8221;.<\/em> La fisorchestra, una trentina di elementi,\u00a0 suon\u00f2 anche per\u00a0 Papa Giovanni Paolo II in Piazza San Pietro.<\/p>\n<p>La Fisorchestra Rossini del maestro Ernesto Bellus &#8211; ci ricorda l&#8217;allora presente fisarmonicista di Rif di Agordo,\u00a0 Damiano Soppelsa &#8211; era farcita di agordini: Diana Bortot, Francesca Dai Pra, Mara Buttol, Carla Decima, Carmen Marcon, Mariella Marcon, Giacomo Bressan, Gianpiero Basini, Paolo Mella<\/p>\n<p>VIDEO <a href=\"https:\/\/m.facebook.com\/story.php?story_fbid=pfbid0GNvEcg1pV56JJyCsZBfPMzjZDgFKmyvLosMwhKheFWrsVifXcVHL8Une3YAdEc41l&amp;id=100009841245828&amp;sfnsn=scwspwa\">CLICCA QUI\u00a0<\/a><\/p>\n\n\t\t\t<style type='text\/css'>\n\t\t\t\t#gallery-2 {\n\t\t\t\t\tmargin: auto;\n\t\t\t\t}\n\t\t\t\t#gallery-2 .gallery-item {\n\t\t\t\t\tfloat: left;\n\t\t\t\t\tmargin-top: 10px;\n\t\t\t\t\ttext-align: center;\n\t\t\t\t\twidth: 25%;\n\t\t\t\t}\n\t\t\t\t#gallery-2 img {\n\t\t\t\t\tborder: 2px solid #cfcfcf;\n\t\t\t\t}\n\t\t\t\t#gallery-2 .gallery-caption {\n\t\t\t\t\tmargin-left: 0;\n\t\t\t\t}\n\t\t\t\t\/* see gallery_shortcode() in wp-includes\/media.php *\/\n\t\t\t<\/style>\n\t\t<div id='gallery-2' class='dt-gallery-container gallery galleryid-324279 gallery-columns-4 gallery-size-thumbnail'><dl class='gallery-item'>\n\t\t\t\t<dt class='gallery-icon landscape'>\n\t\t\t\t\t<a class=\"rollover rollover-zoom dt-pswp-item\" title=\"fis1\" data-dt-img-description=\"\" data-large_image_width=\"674\" data-large_image_height=\"338\"href='https:\/\/www.radiopiu.net\/wordpress\/wp-content\/uploads\/2023\/02\/fis1.jpg'><img loading=\"lazy\" decoding=\"async\" width=\"150\" height=\"150\" src=\"https:\/\/www.radiopiu.net\/wordpress\/wp-content\/uploads\/2023\/02\/fis1-150x150.jpg\" class=\"attachment-thumbnail size-thumbnail\" alt=\"\" \/><\/a>\n\t\t\t\t<\/dt><\/dl><dl class='gallery-item'>\n\t\t\t\t<dt class='gallery-icon landscape'>\n\t\t\t\t\t<a class=\"rollover rollover-zoom dt-pswp-item\" title=\"Senza nome\" data-dt-img-description=\"\" data-large_image_width=\"427\" data-large_image_height=\"339\"href='https:\/\/www.radiopiu.net\/wordpress\/wp-content\/uploads\/2023\/02\/Senza-nome-1.png'><img loading=\"lazy\" decoding=\"async\" width=\"150\" height=\"150\" src=\"https:\/\/www.radiopiu.net\/wordpress\/wp-content\/uploads\/2023\/02\/Senza-nome-1-150x150.png\" class=\"attachment-thumbnail size-thumbnail\" alt=\"\" \/><\/a>\n\t\t\t\t<\/dt><\/dl><dl class='gallery-item'>\n\t\t\t\t<dt class='gallery-icon landscape'>\n\t\t\t\t\t<a class=\"rollover rollover-zoom dt-pswp-item\" title=\"fis7\" data-dt-img-description=\"\" data-large_image_width=\"405\" data-large_image_height=\"297\"href='https:\/\/www.radiopiu.net\/wordpress\/wp-content\/uploads\/2023\/02\/fis7.png'><img loading=\"lazy\" decoding=\"async\" width=\"150\" height=\"150\" src=\"https:\/\/www.radiopiu.net\/wordpress\/wp-content\/uploads\/2023\/02\/fis7-150x150.png\" class=\"attachment-thumbnail size-thumbnail\" alt=\"\" \/><\/a>\n\t\t\t\t<\/dt><\/dl><dl class='gallery-item'>\n\t\t\t\t<dt class='gallery-icon landscape'>\n\t\t\t\t\t<a class=\"rollover rollover-zoom dt-pswp-item\" title=\"fis4\" data-dt-img-description=\"\" data-large_image_width=\"479\" data-large_image_height=\"346\"href='https:\/\/www.radiopiu.net\/wordpress\/wp-content\/uploads\/2023\/02\/fis4.png'><img loading=\"lazy\" decoding=\"async\" width=\"150\" height=\"150\" src=\"https:\/\/www.radiopiu.net\/wordpress\/wp-content\/uploads\/2023\/02\/fis4-150x150.png\" class=\"attachment-thumbnail size-thumbnail\" alt=\"\" \/><\/a>\n\t\t\t\t<\/dt><\/dl><br style=\"clear: both\" \/><dl class='gallery-item'>\n\t\t\t\t<dt class='gallery-icon landscape'>\n\t\t\t\t\t<a class=\"rollover rollover-zoom dt-pswp-item\" title=\"fis5\" data-dt-img-description=\"\" data-large_image_width=\"501\" data-large_image_height=\"296\"href='https:\/\/www.radiopiu.net\/wordpress\/wp-content\/uploads\/2023\/02\/fis5.png'><img loading=\"lazy\" decoding=\"async\" width=\"150\" height=\"150\" src=\"https:\/\/www.radiopiu.net\/wordpress\/wp-content\/uploads\/2023\/02\/fis5-150x150.png\" class=\"attachment-thumbnail size-thumbnail\" alt=\"\" \/><\/a>\n\t\t\t\t<\/dt><\/dl><dl class='gallery-item'>\n\t\t\t\t<dt class='gallery-icon landscape'>\n\t\t\t\t\t<a class=\"rollover rollover-zoom dt-pswp-item\" title=\"fis6\" data-dt-img-description=\"\" data-large_image_width=\"441\" data-large_image_height=\"269\"href='https:\/\/www.radiopiu.net\/wordpress\/wp-content\/uploads\/2023\/02\/fis6.png'><img loading=\"lazy\" decoding=\"async\" width=\"150\" height=\"150\" src=\"https:\/\/www.radiopiu.net\/wordpress\/wp-content\/uploads\/2023\/02\/fis6-150x150.png\" class=\"attachment-thumbnail size-thumbnail\" alt=\"\" \/><\/a>\n\t\t\t\t<\/dt><\/dl><dl class='gallery-item'>\n\t\t\t\t<dt class='gallery-icon landscape'>\n\t\t\t\t\t<a class=\"rollover rollover-zoom dt-pswp-item\" title=\"fis8\" data-dt-img-description=\"\" data-large_image_width=\"369\" data-large_image_height=\"268\"href='https:\/\/www.radiopiu.net\/wordpress\/wp-content\/uploads\/2023\/02\/fis8.png'><img loading=\"lazy\" decoding=\"async\" width=\"150\" height=\"150\" src=\"https:\/\/www.radiopiu.net\/wordpress\/wp-content\/uploads\/2023\/02\/fis8-150x150.png\" class=\"attachment-thumbnail size-thumbnail\" alt=\"\" \/><\/a>\n\t\t\t\t<\/dt><\/dl><dl class='gallery-item'>\n\t\t\t\t<dt class='gallery-icon landscape'>\n\t\t\t\t\t<a class=\"rollover rollover-zoom dt-pswp-item\" title=\"fis2\" data-dt-img-description=\"\" data-large_image_width=\"497\" data-large_image_height=\"352\"href='https:\/\/www.radiopiu.net\/wordpress\/wp-content\/uploads\/2023\/02\/fis2.jpg'><img loading=\"lazy\" decoding=\"async\" width=\"150\" height=\"150\" src=\"https:\/\/www.radiopiu.net\/wordpress\/wp-content\/uploads\/2023\/02\/fis2-150x150.jpg\" class=\"attachment-thumbnail size-thumbnail\" alt=\"\" \/><\/a>\n\t\t\t\t<\/dt><\/dl><br style=\"clear: both\" \/>\n\t\t\t<\/div>\n\n<p>&nbsp;<\/p>\n<hr \/>\n<p>&nbsp;<\/p>\n<blockquote>\n<h3>SPORT E DIPENDENZE IN TEATRO CON 400 STUDENTI<\/h3>\n<\/blockquote>\n<p>&nbsp;<\/p>\n<p><strong><img loading=\"lazy\" decoding=\"async\" class=\"alignleft\" src=\"https:\/\/www.radiopiu.net\/wordpress\/wp-content\/uploads\/2023\/02\/b6d67db8-95e6-468d-b4ea-904ae8cb8a72.jpg\" width=\"166\" height=\"125\" \/>BELLUNO<\/strong><\/p>\n<p><strong>DANIELE DALVIT<\/strong><\/p>\n<audio class=\"wp-audio-shortcode\" id=\"audio-324279-3\" preload=\"none\" style=\"width: 100%;\" controls=\"controls\"><source type=\"audio\/mpeg\" src=\"https:\/\/www.radiopiu.net\/wordpress\/wp-content\/uploads\/2023\/02\/Radio-Piu-Servizio-Sport-enjoy-Belluno.mp3?_=3\" \/><a href=\"https:\/\/www.radiopiu.net\/wordpress\/wp-content\/uploads\/2023\/02\/Radio-Piu-Servizio-Sport-enjoy-Belluno.mp3\">https:\/\/www.radiopiu.net\/wordpress\/wp-content\/uploads\/2023\/02\/Radio-Piu-Servizio-Sport-enjoy-Belluno.mp3<\/a><\/audio>\n<p>&nbsp;<\/p>\n<p>&nbsp;<\/p>\n<hr \/>\n<p>&nbsp;<\/p>\n<p><strong>DI TIZIANO DE COL<\/strong><\/p>\n\n\t\t\t<style type='text\/css'>\n\t\t\t\t#gallery-3 {\n\t\t\t\t\tmargin: auto;\n\t\t\t\t}\n\t\t\t\t#gallery-3 .gallery-item {\n\t\t\t\t\tfloat: left;\n\t\t\t\t\tmargin-top: 10px;\n\t\t\t\t\ttext-align: center;\n\t\t\t\t\twidth: 20%;\n\t\t\t\t}\n\t\t\t\t#gallery-3 img {\n\t\t\t\t\tborder: 2px solid #cfcfcf;\n\t\t\t\t}\n\t\t\t\t#gallery-3 .gallery-caption {\n\t\t\t\t\tmargin-left: 0;\n\t\t\t\t}\n\t\t\t\t\/* see gallery_shortcode() in wp-includes\/media.php *\/\n\t\t\t<\/style>\n\t\t<div id='gallery-3' class='dt-gallery-container gallery galleryid-324279 gallery-columns-5 gallery-size-thumbnail'><dl class='gallery-item'>\n\t\t\t\t<dt class='gallery-icon landscape'>\n\t\t\t\t\t<a class=\"rollover rollover-zoom dt-pswp-item\" title=\"3284b073-c5d8-4caa-9188-948a7819b9e7\" data-dt-img-description=\"\" data-large_image_width=\"598\" data-large_image_height=\"359\"href='https:\/\/www.radiopiu.net\/wordpress\/wp-content\/uploads\/2023\/03\/3284b073-c5d8-4caa-9188-948a7819b9e7.jpg'><img loading=\"lazy\" decoding=\"async\" width=\"150\" height=\"150\" src=\"https:\/\/www.radiopiu.net\/wordpress\/wp-content\/uploads\/2023\/03\/3284b073-c5d8-4caa-9188-948a7819b9e7-150x150.jpg\" class=\"attachment-thumbnail size-thumbnail\" alt=\"\" \/><\/a>\n\t\t\t\t<\/dt><\/dl><dl class='gallery-item'>\n\t\t\t\t<dt class='gallery-icon landscape'>\n\t\t\t\t\t<a class=\"rollover rollover-zoom dt-pswp-item\" title=\"24fef21e-5c14-40f5-aa39-8252f4466bd0\" data-dt-img-description=\"\" data-large_image_width=\"589\" data-large_image_height=\"365\"href='https:\/\/www.radiopiu.net\/wordpress\/wp-content\/uploads\/2023\/03\/24fef21e-5c14-40f5-aa39-8252f4466bd0.jpg'><img loading=\"lazy\" decoding=\"async\" width=\"150\" height=\"150\" src=\"https:\/\/www.radiopiu.net\/wordpress\/wp-content\/uploads\/2023\/03\/24fef21e-5c14-40f5-aa39-8252f4466bd0-150x150.jpg\" class=\"attachment-thumbnail size-thumbnail\" alt=\"\" \/><\/a>\n\t\t\t\t<\/dt><\/dl><dl class='gallery-item'>\n\t\t\t\t<dt class='gallery-icon landscape'>\n\t\t\t\t\t<a class=\"rollover rollover-zoom dt-pswp-item\" title=\"e3df6ef6-9728-4cbb-8f2c-891d9def88c1\" data-dt-img-description=\"\" data-large_image_width=\"588\" data-large_image_height=\"344\"href='https:\/\/www.radiopiu.net\/wordpress\/wp-content\/uploads\/2023\/03\/e3df6ef6-9728-4cbb-8f2c-891d9def88c1.jpg'><img loading=\"lazy\" decoding=\"async\" width=\"150\" height=\"150\" src=\"https:\/\/www.radiopiu.net\/wordpress\/wp-content\/uploads\/2023\/03\/e3df6ef6-9728-4cbb-8f2c-891d9def88c1-150x150.jpg\" class=\"attachment-thumbnail size-thumbnail\" alt=\"\" \/><\/a>\n\t\t\t\t<\/dt><\/dl><dl class='gallery-item'>\n\t\t\t\t<dt class='gallery-icon landscape'>\n\t\t\t\t\t<a class=\"rollover rollover-zoom dt-pswp-item\" title=\"d60f4f52-d95b-49f1-a155-65c10db5fe9a\" data-dt-img-description=\"\" data-large_image_width=\"616\" data-large_image_height=\"359\"href='https:\/\/www.radiopiu.net\/wordpress\/wp-content\/uploads\/2023\/03\/d60f4f52-d95b-49f1-a155-65c10db5fe9a.jpg'><img loading=\"lazy\" decoding=\"async\" width=\"150\" height=\"150\" src=\"https:\/\/www.radiopiu.net\/wordpress\/wp-content\/uploads\/2023\/03\/d60f4f52-d95b-49f1-a155-65c10db5fe9a-150x150.jpg\" class=\"attachment-thumbnail size-thumbnail\" alt=\"\" \/><\/a>\n\t\t\t\t<\/dt><\/dl><dl class='gallery-item'>\n\t\t\t\t<dt class='gallery-icon landscape'>\n\t\t\t\t\t<a class=\"rollover rollover-zoom dt-pswp-item\" title=\"826bff73-871c-4f35-b559-a42f662b835d\" data-dt-img-description=\"\" data-large_image_width=\"606\" data-large_image_height=\"343\"href='https:\/\/www.radiopiu.net\/wordpress\/wp-content\/uploads\/2023\/03\/826bff73-871c-4f35-b559-a42f662b835d.jpg'><img loading=\"lazy\" decoding=\"async\" width=\"150\" height=\"150\" src=\"https:\/\/www.radiopiu.net\/wordpress\/wp-content\/uploads\/2023\/03\/826bff73-871c-4f35-b559-a42f662b835d-150x150.jpg\" class=\"attachment-thumbnail size-thumbnail\" alt=\"\" \/><\/a>\n\t\t\t\t<\/dt><\/dl><br style=\"clear: both\" \/>\n\t\t\t<\/div>\n\n<p>&nbsp;<\/p>\n<hr \/>\n<p>&nbsp;<\/p>\n<blockquote>\n<h3>LIMANA SERVIZI: NUOVO AMMINISTRATORE E NUOVA CONVENZIONE CON L\u2019AZIENDA SPECIALE DEL LONGARONESE-ZOLDANO<\/h3>\n<\/blockquote>\n<p><strong><a class=\"dt-pswp-item\" href=\"https:\/\/www.radiopiu.net\/wordpress\/wp-content\/uploads\/2023\/01\/MUNICIPIO-LIMANA.png\" data-dt-img-description=\"\" data-large_image_width=\"1940\" data-large_image_height=\"1032\"><img loading=\"lazy\" decoding=\"async\" class=\" wp-image-318876 alignleft\" src=\"https:\/\/www.radiopiu.net\/wordpress\/wp-content\/uploads\/2023\/01\/MUNICIPIO-LIMANA-300x160.png\" alt=\"\" width=\"197\" height=\"105\" srcset=\"https:\/\/www.radiopiu.net\/wordpress\/wp-content\/uploads\/2023\/01\/MUNICIPIO-LIMANA-300x160.png 300w, https:\/\/www.radiopiu.net\/wordpress\/wp-content\/uploads\/2023\/01\/MUNICIPIO-LIMANA-1024x545.png 1024w, https:\/\/www.radiopiu.net\/wordpress\/wp-content\/uploads\/2023\/01\/MUNICIPIO-LIMANA-768x409.png 768w, https:\/\/www.radiopiu.net\/wordpress\/wp-content\/uploads\/2023\/01\/MUNICIPIO-LIMANA-1536x817.png 1536w, https:\/\/www.radiopiu.net\/wordpress\/wp-content\/uploads\/2023\/01\/MUNICIPIO-LIMANA.png 1940w\" sizes=\"auto, (max-width: 197px) 100vw, 197px\" \/><\/a>LIMANA <\/strong>\u00c8 Barbara. Dal Molin il nuovo Amministratore Unico della societ\u00e0 Limana Servizi srl, la societ\u00e0 interamente partecipata dal Comune di Limana che gestisce il Centro Servizi per l\u2019Anziano \u201cC. Testolini\u201d. A seguito delle dimissioni del precedente amministratore unico, dott. Claudio Piccin, il Comune ha emesso un avviso pubblico e, valutate le candidature pervenute, la scelta \u00e8 ricaduta sulla dott.ssa Dal Molin, commercialista residente a Limana, che, oltre ad avere un profilo professionale di alta caratura e congruo con il ruolo assegnatole, da anni \u00e8 impegnata nel mondo del sociale. La dottoressa Dal Molin ha assunto l&#8217;incarico cosciente delle responsabilit\u00e0 connesse e delle probanti sfide attuali e future del sistema sociosanitario. Proprio le condizioni createsi dal 2020 impongono come non pi\u00f9 eludibili scelte di gestione sinergica a tutela della salvaguardia del livello qualitativo dei servizi e della sostenibilit\u00e0 degli stessi. Da qui nasce la convergenza sulla collaborazione fra l\u2019Azienda Speciale Consortile Servizi alla Persona Longarone Zoldo e Limana Servizi, avvallata ripetitivamente dal Cda e dal nuovo Amministratore Unico delle aziende. Gli obiettivi che si pone questa convenzione mirano non solo ad una possibile ottimizzazione della spesa corrente, quanto soprattutto alla condivisione di strategie e protocolli operativi sia in merito ai centri servizi sia in merito alla gestione del sociale e dell&#8217;inclusione.<\/p>\n<p>&nbsp;<\/p>\n<hr \/>\n<p>&nbsp;<\/p>\n<p>&nbsp;<\/p>\n<blockquote>\n<h3>\u00a0LA MAGGIORANZA APPROVA L&#8217;ORDINE DEL GIORNO DELLA LEGA NORD<\/h3>\n<\/blockquote>\n<p><strong>BELLUNO<\/strong> \u201cContrasto alla direttiva dell\u2019Unione europea di obbligo di prestazione energetica E entro il 2030 per tutti gli immobili residenziali\u201d, questo l&#8217;ordine del girno proposto dalla Lega Nord al Consiglio comunale. Approvato con l\u2019emendamento proposto dal consigliere di opposizione Mirco Costa, mettendo cos\u00ec d\u2019accordo la maggioranza con parte dei consiglieri di minoranza.\u00a0 L\u2019ordine del giorno \u00e8 nato all\u2019interno della sezione cittadina del partito ed \u00e8 stato presentato in Consiglio comunale dal capogruppo Marzio Sovilla e dal consigliere Francesco Pingitore. \u201cUn bel risultato, ci speravamo \u2013 commenta il vice segretario di sezione, Luciano Da Pian -, si vede che il tema \u00e8 sentito. La mozione, promossa dal segretario Paolo Luciani, non vuole essere contro le politiche green, anzi, si pone come pungolo affinch\u00e8 la direttiva europea non venga accettata cos\u00ec com\u2019\u00e8, ma si prevedano aiuti ed incentivi ai cittadini perch\u00e9 gli obblighi di legge non pesino sulle tasche delle persone oltre il dovuto e oltre la capacit\u00e0 di spesa delle famiglie\u201d.\u00a0 Per Sovilla direttiva onerosa, circa l\u201980% degli immobili sono di propriet\u00e0, in Italia, appartengono a cittadini che hanno investito nel mattone per mettere al sicuro i risparmi. La direttiva dell\u2019Unione europea secondo la Lega penalizza eccessivamente l\u2019Italia dove il patrimonio immobiliare \u00e8 datato e molta parte di esso risale a 40 \u2013 50 anni fa<\/p>\n<p>&nbsp;<\/p>\n<hr \/>\n<p>&nbsp;<\/p>\n<p>&nbsp;<\/p>\n<p align=\"CENTER\"><span style=\"font-family: Times New Roman, serif;\"><span style=\"font-size: x-large;\"><b>La Fisica si scopre<\/b><\/span><\/span><\/p>\n<p><span style=\"font-family: Times New Roman, serif;\"><span style=\"font-size: medium;\"><strong>BELLUNO<\/strong> Il 9, 10, 11 marzo 2023 gli studenti del liceo scientifico \u201cGalilei\u201d, sia dell\u2019indirizzo tradizionale che dell\u2019opzione di Scienze applicate, e delle classi quinte del liceo classico \u201cTiziano\u201d parteciperanno ad alcune attivit\u00e0 di <\/span><\/span><span style=\"font-family: Times New Roman, serif;\"><span style=\"font-size: medium;\"><b>Fisica:<\/b><\/span><\/span><span style=\"font-family: Times New Roman, serif;\"><span style=\"font-size: medium;\"> conferenze per le classi prime, seconde e terze; laboratori per le classi quarte; percorsi interattivi per le classi quinte. Le attivit\u00e0, organizzate dai Licei Galilei-Tiziano di Belluno, saranno gestite da giovani ricercatori e docenti del dipartimento di Fisica dell\u2019Universit\u00e0 di Pavia. Verr\u00e0 anche ricordato il nostro prof. Massimo Ottone, insegnante di Matematica e Fisica, prematuramente mancato lo scorso anno.<\/span><\/span><\/p>\n<p>&nbsp;<\/p>\n<p>&nbsp;<\/p>\n<hr \/>\n<p>&nbsp;<\/p>\n<blockquote>\n<h3>UN CONCORSO PUBBLICO PER ASSUMERE 140 COMISSARI DELLA CARRIERA DEI FUNZIONARI DELLA POLIZIA DI STATO<\/h3>\n<\/blockquote>\n<p><strong><a class=\"dt-pswp-item\" href=\"https:\/\/www.radiopiu.net\/wordpress\/wp-content\/uploads\/2022\/05\/POLIZIA-2.jpg\" data-dt-img-description=\"\" data-large_image_width=\"1920\" data-large_image_height=\"1080\"><img loading=\"lazy\" decoding=\"async\" class=\" wp-image-278033 alignleft\" src=\"https:\/\/www.radiopiu.net\/wordpress\/wp-content\/uploads\/2022\/05\/POLIZIA-2-300x169.jpg\" alt=\"\" width=\"170\" height=\"96\" srcset=\"https:\/\/www.radiopiu.net\/wordpress\/wp-content\/uploads\/2022\/05\/POLIZIA-2-300x169.jpg 300w, https:\/\/www.radiopiu.net\/wordpress\/wp-content\/uploads\/2022\/05\/POLIZIA-2-1024x576.jpg 1024w, https:\/\/www.radiopiu.net\/wordpress\/wp-content\/uploads\/2022\/05\/POLIZIA-2-768x432.jpg 768w, https:\/\/www.radiopiu.net\/wordpress\/wp-content\/uploads\/2022\/05\/POLIZIA-2-1536x864.jpg 1536w, https:\/\/www.radiopiu.net\/wordpress\/wp-content\/uploads\/2022\/05\/POLIZIA-2.jpg 1920w\" sizes=\"auto, (max-width: 170px) 100vw, 170px\" \/><\/a>BELLUNO <\/strong>Sul Portale Unico del reclutamento, disponibile all\u2019indirizzo <a href=\"http:\/\/www.inpa.gov.it\">www.inpa.gov.it<\/a> nonch\u00e9 sul sito <a href=\"http:\/\/www.poliziadistato.it\">www.poliziadistato.it<\/a>, \u00e8 stato pubblicato il bando di concorso pubblico, per titoli ed esami, per l\u2019assunzione di 140 commissari della carriera dei funzionari della Polizia di Stato, indetto con decreto del 16 febbraio 2023. La domanda di partecipazione al concorso potr\u00e0 essere presentata, \u00a0dalle \u00a0ore \u00a000.00 del 18 febbraio 2023 alle ore 23.59 del 20 marzo 2023, sia tramite il Portale unico di reclutamento che mediante la procedura informatica disponibile all\u2019indirizzo <a href=\"https:\/\/concorsionline.poliziadistato.it\">https:\/\/concorsionline.poliziadistato.it<\/a> (cliccando sull\u2019icona \u201cConcorso pubblico\u201d).<\/p>\n<p>&nbsp;<\/p>\n<hr \/>\n<p>&nbsp;<\/p>\n<p>&nbsp;<\/p>\n<blockquote class=\"wp-embedded-content\" data-secret=\"DmfHFQKqhG\"><p><a href=\"https:\/\/www.radiopiu.net\/wordpress\/sui-domini-collettivi-ossia-i-cosiddetti-usi-civici-le-regole-e-altri-seconda-parte\/\">SUI DOMINI COLLETTIVI OSSIA I COSIDDETTI USI CIVICI, LE REGOLE E ALTRI \u2013 SECONDA PARTE<\/a><\/p><\/blockquote>\n<p><iframe loading=\"lazy\" class=\"wp-embedded-content\" sandbox=\"allow-scripts\" security=\"restricted\" style=\"position: absolute; clip: rect(1px, 1px, 1px, 1px);\" title=\"&#8220;SUI DOMINI COLLETTIVI OSSIA I COSIDDETTI USI CIVICI, LE REGOLE E ALTRI \u2013 SECONDA PARTE&#8221; &#8212; Radio Pi\u00f9\" src=\"https:\/\/www.radiopiu.net\/wordpress\/sui-domini-collettivi-ossia-i-cosiddetti-usi-civici-le-regole-e-altri-seconda-parte\/embed\/#?secret=31pkzAvp9k#?secret=DmfHFQKqhG\" data-secret=\"DmfHFQKqhG\" width=\"600\" height=\"338\" frameborder=\"0\" marginwidth=\"0\" marginheight=\"0\" scrolling=\"no\"><\/iframe><\/p>\n<p>&nbsp;<\/p>\n<p>&nbsp;<\/p>\n<hr \/>\n<p>&nbsp;<\/p>\n<h2><span style=\"color: #ff0000;\">IERI ALLA RADIO<\/span><\/h2>\n<h3><span style=\"color: #ff00ff;\">DENISE DE ZAIACOMO, PSICOLOGA DELL&#8217;ETA&#8217; EVOLUTIVA<\/span><\/h3>\n<p><strong><a class=\"dt-pswp-item\" href=\"https:\/\/www.radiopiu.net\/wordpress\/wp-content\/uploads\/2023\/02\/DENISE.jpg\" data-dt-img-description=\"\" data-large_image_width=\"750\" data-large_image_height=\"566\"><img loading=\"lazy\" decoding=\"async\" class=\" wp-image-323924 alignleft\" src=\"https:\/\/www.radiopiu.net\/wordpress\/wp-content\/uploads\/2023\/02\/DENISE-300x226.jpg\" alt=\"\" width=\"190\" height=\"143\" srcset=\"https:\/\/www.radiopiu.net\/wordpress\/wp-content\/uploads\/2023\/02\/DENISE-300x226.jpg 300w, https:\/\/www.radiopiu.net\/wordpress\/wp-content\/uploads\/2023\/02\/DENISE.jpg 750w\" sizes=\"auto, (max-width: 190px) 100vw, 190px\" \/><\/a>di Mirko Mezzacasa<\/strong><\/p>\n<p>OSPITE: Denise De Zaiacomo<\/p>\n<audio class=\"wp-audio-shortcode\" id=\"audio-324279-4\" preload=\"none\" style=\"width: 100%;\" controls=\"controls\"><source type=\"audio\/mpeg\" src=\"https:\/\/www.radiopiu.net\/wordpress\/wp-content\/uploads\/2023\/02\/DENISE-DE-ZAIACOMO.mp3?_=4\" \/><a href=\"https:\/\/www.radiopiu.net\/wordpress\/wp-content\/uploads\/2023\/02\/DENISE-DE-ZAIACOMO.mp3\">https:\/\/www.radiopiu.net\/wordpress\/wp-content\/uploads\/2023\/02\/DENISE-DE-ZAIACOMO.mp3<\/a><\/audio>\n<p>&nbsp;<\/p>\n<hr \/>\n<p>&nbsp;<\/p>\n<h2><span style=\"color: #008080;\">&#8220;DINTORN E FORA VIA&#8221;\u00a0<\/span><span style=\"color: #008080;\"> IL PROGRAMMA\u00a0 <\/span><span style=\"color: #008080;\">A CURA DEL MUSLA\u00a0\u00a0<\/span><\/h2>\n<h1 style=\"text-align: center;\"><\/h1>\n<h1 style=\"text-align: center;\"><strong><span style=\"color: #ff0000;\">SECONDO ANNO\u00a0<\/span><\/strong><\/h1>\n<p><strong>PUNTATA DEL 28 FEBBRAIO ERIK MARCON<\/strong><\/p>\n<audio class=\"wp-audio-shortcode\" id=\"audio-324279-5\" preload=\"none\" style=\"width: 100%;\" controls=\"controls\"><source type=\"audio\/mpeg\" src=\"https:\/\/www.radiopiu.net\/wordpress\/wp-content\/uploads\/2023\/02\/Audio-MUSLA-ERIK-28.02.22.mp3?_=5\" \/><a href=\"https:\/\/www.radiopiu.net\/wordpress\/wp-content\/uploads\/2023\/02\/Audio-MUSLA-ERIK-28.02.22.mp3\">https:\/\/www.radiopiu.net\/wordpress\/wp-content\/uploads\/2023\/02\/Audio-MUSLA-ERIK-28.02.22.mp3<\/a><\/audio>\n<p>&nbsp;<\/p>\n<p>&nbsp;<\/p>\n<p>&nbsp;<\/p>\n<hr \/>\n<p>&nbsp;<\/p>\n<blockquote>\n<h3>DAVID SMART AD OLTRE LE VETTE, PRESENTA IL LIBRO SU EMILIO COMICI<\/h3>\n<\/blockquote>\n<p><strong>BELLUNO<\/strong> L\u2019autore canadese David Smart arriva a Belluno per presentare il suo ultimo libro \u201cEmilio Comici. L\u2019angelo delle Dolomiti\u201d edito da Solferino. L\u2019evento, in programma domenica 5 marzo alle ore 17.00 a palazzo Fulcis, \u00e8 organizzato nell\u2019ambito dell\u2019edizione 2023 del festival Oltre le Vette<\/p>\n\n\t\t\t<style type='text\/css'>\n\t\t\t\t#gallery-4 {\n\t\t\t\t\tmargin: auto;\n\t\t\t\t}\n\t\t\t\t#gallery-4 .gallery-item {\n\t\t\t\t\tfloat: left;\n\t\t\t\t\tmargin-top: 10px;\n\t\t\t\t\ttext-align: center;\n\t\t\t\t\twidth: 50%;\n\t\t\t\t}\n\t\t\t\t#gallery-4 img {\n\t\t\t\t\tborder: 2px solid #cfcfcf;\n\t\t\t\t}\n\t\t\t\t#gallery-4 .gallery-caption {\n\t\t\t\t\tmargin-left: 0;\n\t\t\t\t}\n\t\t\t\t\/* see gallery_shortcode() in wp-includes\/media.php *\/\n\t\t\t<\/style>\n\t\t<div id='gallery-4' class='dt-gallery-container gallery galleryid-324279 gallery-columns-2 gallery-size-thumbnail'><dl class='gallery-item'>\n\t\t\t\t<dt class='gallery-icon portrait'>\n\t\t\t\t\t<a class=\"rollover rollover-zoom dt-pswp-item\" title=\"\" data-dt-img-description=\"\" data-large_image_width=\"590\" data-large_image_height=\"960\"href='https:\/\/www.radiopiu.net\/wordpress\/wp-content\/uploads\/2023\/02\/emilio-comici.jpg'><img loading=\"lazy\" decoding=\"async\" width=\"150\" height=\"150\" src=\"https:\/\/www.radiopiu.net\/wordpress\/wp-content\/uploads\/2023\/02\/emilio-comici-150x150.jpg\" class=\"attachment-thumbnail size-thumbnail\" alt=\"\" aria-describedby=\"gallery-4-324178\" \/><\/a>\n\t\t\t\t<\/dt>\n\t\t\t\t\t<dd class='wp-caption-text gallery-caption' id='gallery-4-324178'>\n\t\t\t\t\temilio-comici\n\t\t\t\t\t<\/dd><\/dl><dl class='gallery-item'>\n\t\t\t\t<dt class='gallery-icon portrait'>\n\t\t\t\t\t<a class=\"rollover rollover-zoom dt-pswp-item\" title=\"David-Smart\" data-dt-img-description=\"\" data-large_image_width=\"665\" data-large_image_height=\"971\"href='https:\/\/www.radiopiu.net\/wordpress\/wp-content\/uploads\/2023\/02\/David-Smart.jpeg'><img loading=\"lazy\" decoding=\"async\" width=\"150\" height=\"150\" src=\"https:\/\/www.radiopiu.net\/wordpress\/wp-content\/uploads\/2023\/02\/David-Smart-150x150.jpeg\" class=\"attachment-thumbnail size-thumbnail\" alt=\"\" aria-describedby=\"gallery-4-324179\" \/><\/a>\n\t\t\t\t<\/dt>\n\t\t\t\t\t<dd class='wp-caption-text gallery-caption' id='gallery-4-324179'>\n\t\t\t\t\tDavid-Smart\n\t\t\t\t\t<\/dd><\/dl><br style=\"clear: both\" \/>\n\t\t\t<\/div>\n\n<p>&nbsp;<\/p>\n<hr \/>\n<p>&nbsp;<\/p>\n<blockquote>\n<h3>IL CONVEGNO DEL CEIS A BELLUNO<\/h3>\n<\/blockquote>\n<p><strong>BELLUNO <\/strong>Sabato 4 marzo dalle ore 9.30 alle 12.15 si terr\u00e0 a Belluno &#8211; presso il Centro Congressi Giovanni XXIII in piazza Piloni 11 con ingresso libero &#8211; il convegno organizzato dalla Fondazione Esodo Onlus e dalla Caritas diocesana di Belluno-Feltre sul tema \u201cEsodo: oltre la pena. Un nuovo sguardo sulla giustizia\u201d in occasione dei dieci anni del Progetto Esodo, il cui obiettivo \u00e8 l\u2019attivazione di percorsi di inclusione sociale e lavorativa per persone detenute, ex detenute e in esecuzione penale esterna<em>.<\/em><\/p>\n<p>&nbsp;<\/p>\n<p>&nbsp;<\/p>\n<hr \/>\n<p>&nbsp;<\/p>\n<p>&nbsp;<\/p>\n<blockquote>\n<h3>FELTRE IN BICI, LA TEORIA PRIMA DI SALIRE IN SELLA<\/h3>\n<\/blockquote>\n<p><strong><img loading=\"lazy\" decoding=\"async\" class=\"alignleft\" src=\"https:\/\/www.radiopiu.net\/wordpress\/wp-content\/uploads\/2023\/02\/th-12.jpg\" width=\"218\" height=\"168\" \/>FELTRE<\/strong> In attesa di risalire in sella e pedalare, Fiab Feltreinbici propone una serie di serate con la rassegna &#8220;LA BICI RACCONTATA 2023&#8221; Questo ciclo di serate sar\u00e0 dedicato ai ciclo viaggiatori e a chi ancora non lo \u00e8 e sta pensando che una vacanza in bicicletta farebbe proprio al caso suo, ma non sa da dove cominciare.<\/p>\n<p><strong>VENERDI 3 MARZO<\/strong> a Fonzaso presso Dolomiti Hub<span style=\"font-family: inherit;\">\u00a0&#8220;Ritorno a Occidente: Dalla Gergia alla Turchia in inverno&#8221;. U<\/span>n viaggio al contrario che ha condotto Leonardo Corradini, Veronica Rizzieri e Nala (fondatori del blog &#8220;Life in Travel), dalle sponde orientali del mar Nero in Georgia a quelle settentrionali del Mediterraneo nella Turchia sud-occidentale.<\/p>\n<p>&nbsp;<\/p>\n<hr \/>\n<p>&nbsp;<\/p>\n<blockquote>\n<h3>CONCERTO PREMIO EDIZIONE 2022<\/h3>\n<\/blockquote>\n<p><strong>BELLUNO<\/strong> Per il secondo anno consecutivo il Centro Culturale di Longarone ospita il concerto-premio dell&#8217;edizione 2022 del Concorso Musicale Citt\u00e0 di Belluno (sezione Canto Moderno), sabato 11 marzo 2023 alle\u00a0 20:45. Quest&#8217;anno ci saranno due importanti novit\u00e0: l&#8217;allestimento floreale del palco da parte dei volontari dell&#8217;infiorata di Igne e la presenza di due ospiti d&#8217;onore: il Cantautore bellunese Alvise Bortolini e la meravigliosa voce di Jessica Lena. <em>&#8220;La volont\u00e0 \u00e8 sempre quella di promuovere i giovani talenti, di far conoscere lo splendido e prezioso lavoro dei nostri volontari&#8221; &#8211; dichiara il Consigliere delegato alla Cultura Anna Olivier &#8211; &#8220;e di creare situazioni di socialit\u00e0, all&#8217;insegna della Bellezza, in questo caso della buona musica&#8221;.\u00a0<\/em><\/p>\n<p>&nbsp;<\/p>\n<p>&nbsp;<\/p>\n<hr \/>\n<p>&nbsp;<\/p>\n<blockquote>\n<h3>A FINE APRILE AGORDO IN VISITA AI GEMELLI FRANCESI<\/h3>\n<\/blockquote>\n<p><strong><a class=\"dt-pswp-item\" href=\"https:\/\/www.radiopiu.net\/wordpress\/wp-content\/uploads\/2023\/02\/GEMELLAGGIO-AGORDO.jpg\" data-dt-img-description=\"\" data-large_image_width=\"374\" data-large_image_height=\"124\"><img loading=\"lazy\" decoding=\"async\" class=\"size-medium wp-image-323724 alignleft\" src=\"https:\/\/www.radiopiu.net\/wordpress\/wp-content\/uploads\/2023\/02\/GEMELLAGGIO-AGORDO-300x99.jpg\" alt=\"\" width=\"300\" height=\"99\" srcset=\"https:\/\/www.radiopiu.net\/wordpress\/wp-content\/uploads\/2023\/02\/GEMELLAGGIO-AGORDO-300x99.jpg 300w, https:\/\/www.radiopiu.net\/wordpress\/wp-content\/uploads\/2023\/02\/GEMELLAGGIO-AGORDO.jpg 374w\" sizes=\"auto, (max-width: 300px) 100vw, 300px\" \/><\/a>AGORDO<\/strong>\u00a0Il Comitato di gemellaggio ha organizzato una gita in Francia, dal 28 aprile al 01 maggio, occasione ideale per l\u2019inaugurazione del graffito di Dunio Piccolin, sar\u00e0 inaugurato s<span id=\"page3R_mcid9\" class=\"markedContent\"><span dir=\"ltr\" role=\"presentation\">abato 29 aprile nella\u00a0<\/span><span dir=\"ltr\" role=\"presentation\">sala delle\u00a0<\/span><span dir=\"ltr\" role=\"presentation\">feste con visita al\u00a0<\/span><span dir=\"ltr\" role=\"presentation\">castello di Dolomieu.\u00a0<span id=\"page3R_mcid11\" class=\"markedContent\">Domenica 30 visita alla citt\u00e0 di Grenoble, centro citt\u00e0, musei, Bastiglia.\u00a0<\/span><span id=\"page3R_mcid17\" class=\"markedContent\">Iscrizioni entro il 20 marzo scrivendo a<\/span><span id=\"page3R_mcid18\" class=\"markedContent\">\u00a0cgemellaggio.agordo@libero.it<\/span><span id=\"page3R_mcid19\" class=\"markedContent\">\u00a0Oppure chiamando il 3489159626<\/span><\/span><\/span><\/p>\n<h3>LO SPECIALE. OSPITI IN STUDIO: CLAUDIA CATTADORI E FABRIZIO CAMPEDEL<\/h3>\n<audio class=\"wp-audio-shortcode\" id=\"audio-324279-6\" preload=\"none\" style=\"width: 100%;\" controls=\"controls\"><source type=\"audio\/mpeg\" src=\"https:\/\/www.radiopiu.net\/wordpress\/wp-content\/uploads\/2023\/02\/GEMELLAGGIO-DOLOMIEU.mp3?_=6\" \/><a href=\"https:\/\/www.radiopiu.net\/wordpress\/wp-content\/uploads\/2023\/02\/GEMELLAGGIO-DOLOMIEU.mp3\">https:\/\/www.radiopiu.net\/wordpress\/wp-content\/uploads\/2023\/02\/GEMELLAGGIO-DOLOMIEU.mp3<\/a><\/audio>\n<p>&nbsp;<\/p>\n<hr \/>\n<p>&nbsp;<\/p>\n<blockquote>\n<blockquote>\n<h3>WILLIAM DA ROIT\u00a0 OSPITE DI\u00a0 OLTRE TEAM<\/h3>\n<\/blockquote>\n<p><strong>BELLUNO <\/strong>\u00a0Prender\u00e0 il via venerd\u00ec sera, con una cena in compagnia dell&#8217;ultra sportivo William Da Roit, il primo appuntamento della &#8220;Oltre Team Academy 2023&#8221;. Nove appuntamenti dedicati esclusivamente al mondo della bicicletta con un unico obiettivo: imparare, viaggiare, ascoltare, esplorare.<\/p><\/blockquote>\n<p>&nbsp;<\/p>\n<hr \/>\n<p>&nbsp;<\/p>\n<blockquote>\n<h3>LA MOSTRA DI LINDO NESELLO A SOSPIROLO<\/h3>\n<\/blockquote>\n<p><strong>SOSPIROLO<\/strong> Dal 25 febbraio al 19 marzo al Centro Civico di Sospirolo e biblioteca civica si pu\u00f2 visitare la mostra di Lindo Nesello dal titolo &#8220;Il paesaggio inedito degli anni 70-80&#8221;. Ingresso libero<\/p>\n<p>&nbsp;<\/p>\n<p>&nbsp;<\/p>\n<hr \/>\n<p>&nbsp;<\/p>\n<blockquote>\n<h3>IL 19 MARZO TORNA SUL BROI LA VECIA POPA<\/h3>\n<\/blockquote>\n<p><strong>AGORDO<\/strong>\u00a0La Vecia Popa \u00e8 pronta per tonare sul Broi di Agordo . L\u2019Appuntamento \u00e8 per domenica 19 marzo con la festa e l\u2019atteso testamento.<\/p>\n<div id=\"gallery-5\" class=\"dt-gallery-container gallery galleryid-323239 gallery-columns-2 gallery-size-medium\">\n<dl class=\"gallery-item\">\n<dt class=\"gallery-icon landscape\"><a class=\"rollover rollover-zoom dt-pswp-item pspw-wrap-ready this-ready\" title=\"dee7dc2b-e175-4363-a25e-dfe83fa36671\" href=\"https:\/\/www.radiopiu.net\/wordpress\/wp-content\/uploads\/2023\/02\/dee7dc2b-e175-4363-a25e-dfe83fa36671.jpg\" data-dt-img-description=\"\" data-large_image_width=\"813\" data-large_image_height=\"540\"><img loading=\"lazy\" decoding=\"async\" class=\"attachment-medium size-medium\" src=\"https:\/\/www.radiopiu.net\/wordpress\/wp-content\/uploads\/2023\/02\/dee7dc2b-e175-4363-a25e-dfe83fa36671-300x199.jpg\" sizes=\"auto, (max-width: 300px) 100vw, 300px\" srcset=\"https:\/\/www.radiopiu.net\/wordpress\/wp-content\/uploads\/2023\/02\/dee7dc2b-e175-4363-a25e-dfe83fa36671-300x199.jpg 300w, https:\/\/www.radiopiu.net\/wordpress\/wp-content\/uploads\/2023\/02\/dee7dc2b-e175-4363-a25e-dfe83fa36671-768x510.jpg 768w, https:\/\/www.radiopiu.net\/wordpress\/wp-content\/uploads\/2023\/02\/dee7dc2b-e175-4363-a25e-dfe83fa36671.jpg 813w\" alt=\"\" width=\"300\" height=\"199\" \/><i><\/i><\/a><\/dt>\n<\/dl>\n<dl class=\"gallery-item\">\n<dt class=\"gallery-icon landscape\"><a class=\"rollover rollover-zoom dt-pswp-item pspw-wrap-ready this-ready\" title=\"ddc0aeda-a4e9-4a5b-b809-227e841efa46\" href=\"https:\/\/www.radiopiu.net\/wordpress\/wp-content\/uploads\/2023\/02\/ddc0aeda-a4e9-4a5b-b809-227e841efa46.jpg\" data-dt-img-description=\"\" data-large_image_width=\"300\" data-large_image_height=\"199\"><img loading=\"lazy\" decoding=\"async\" class=\"attachment-medium size-medium\" src=\"https:\/\/www.radiopiu.net\/wordpress\/wp-content\/uploads\/2023\/02\/ddc0aeda-a4e9-4a5b-b809-227e841efa46.jpg\" alt=\"\" width=\"300\" height=\"199\" \/><\/a><\/dt>\n<\/dl>\n<\/div>\n<p>&nbsp;<\/p>\n<hr \/>\n<p>&nbsp;<\/p>\n<p>&nbsp;<\/p>\n<blockquote>\n<h2>SAGRA DE PASCA 2023<\/h2>\n<\/blockquote>\n<h3><a class=\"dt-pswp-item\" href=\"https:\/\/www.radiopiu.net\/wordpress\/wp-content\/uploads\/2023\/02\/7307e364-61f7-46fa-b7c5-8a7099f1201d.jpg\" data-dt-img-description=\"\" data-large_image_width=\"1536\" data-large_image_height=\"2048\"><img loading=\"lazy\" decoding=\"async\" class=\" wp-image-324071 alignleft\" src=\"https:\/\/www.radiopiu.net\/wordpress\/wp-content\/uploads\/2023\/02\/7307e364-61f7-46fa-b7c5-8a7099f1201d-225x300.jpg\" alt=\"\" width=\"162\" height=\"216\" srcset=\"https:\/\/www.radiopiu.net\/wordpress\/wp-content\/uploads\/2023\/02\/7307e364-61f7-46fa-b7c5-8a7099f1201d-225x300.jpg 225w, https:\/\/www.radiopiu.net\/wordpress\/wp-content\/uploads\/2023\/02\/7307e364-61f7-46fa-b7c5-8a7099f1201d-768x1024.jpg 768w, https:\/\/www.radiopiu.net\/wordpress\/wp-content\/uploads\/2023\/02\/7307e364-61f7-46fa-b7c5-8a7099f1201d-1152x1536.jpg 1152w, https:\/\/www.radiopiu.net\/wordpress\/wp-content\/uploads\/2023\/02\/7307e364-61f7-46fa-b7c5-8a7099f1201d.jpg 1536w\" sizes=\"auto, (max-width: 162px) 100vw, 162px\" \/><\/a><\/h3>\n<h3><\/h3>\n<h3>APRILE&#8230;. 6 &#8211; 7 &#8211; 8 &#8211; 9 LA SAGRA DE PASCA<\/h3>\n<h3>Scusate il ritardo&#8230;. Si riparte ancora pi\u00f9 forte<\/h3>\n<h3>GRUPPO SPORTIVO, DONATORI DEL SANGUE E PROLOCO DI TAIBON AGORDINO &#8230;..<\/h3>\n<h3><\/h3>\n<p>&nbsp;<\/p>\n<hr \/>\n<p>&nbsp;<\/p>\n<blockquote>\n<blockquote>\n<h3>COME EVITARE ACCAVALLAMENTI DI EVENTI<\/h3>\n<\/blockquote>\n<p><strong>AGORDO<\/strong> La Proloco ci prova, mettere attorno allo stesso tavolo gli organizzatori di eventi. Obiettivo un calendario condiviso delle manifestazioni 2023. Appuntamento in sala della Biblioteca giovedi 2 marzo alle 20.30<\/p>\n<p>&nbsp;<\/p><\/blockquote>\n<hr \/>\n<p>&nbsp;<\/p>\n<p>&nbsp;<\/p>\n<blockquote>\n<h3>PETTIROSSO AGORDINO CERCA VOLONTARI. L&#8217;INTERVISTA A SONIA D&#8217;AGOSTINI E LAURA MIANA<\/h3>\n<\/blockquote>\n<p><b><a class=\"dt-pswp-item\" href=\"https:\/\/www.radiopiu.net\/wordpress\/wp-content\/uploads\/2023\/02\/97638584-4bea-4ee5-b500-42b553630f9d.jpg\" data-dt-img-description=\"\" data-large_image_width=\"2048\" data-large_image_height=\"1152\"><img loading=\"lazy\" decoding=\"async\" class=\" wp-image-323867 alignleft\" src=\"https:\/\/www.radiopiu.net\/wordpress\/wp-content\/uploads\/2023\/02\/97638584-4bea-4ee5-b500-42b553630f9d-300x169.jpg\" alt=\"\" width=\"213\" height=\"120\" srcset=\"https:\/\/www.radiopiu.net\/wordpress\/wp-content\/uploads\/2023\/02\/97638584-4bea-4ee5-b500-42b553630f9d-300x169.jpg 300w, https:\/\/www.radiopiu.net\/wordpress\/wp-content\/uploads\/2023\/02\/97638584-4bea-4ee5-b500-42b553630f9d-1024x576.jpg 1024w, https:\/\/www.radiopiu.net\/wordpress\/wp-content\/uploads\/2023\/02\/97638584-4bea-4ee5-b500-42b553630f9d-768x432.jpg 768w, https:\/\/www.radiopiu.net\/wordpress\/wp-content\/uploads\/2023\/02\/97638584-4bea-4ee5-b500-42b553630f9d-1536x864.jpg 1536w, https:\/\/www.radiopiu.net\/wordpress\/wp-content\/uploads\/2023\/02\/97638584-4bea-4ee5-b500-42b553630f9d.jpg 2048w\" sizes=\"auto, (max-width: 213px) 100vw, 213px\" \/><\/a>di Mirko Mezzacasa<\/b><\/p>\n<p>OSPITI: Sonia D&#8217;Agostini e Laura Miana, Pettirosso Agordino<\/p>\n<audio class=\"wp-audio-shortcode\" id=\"audio-324279-7\" preload=\"none\" style=\"width: 100%;\" controls=\"controls\"><source type=\"audio\/mpeg\" src=\"https:\/\/www.radiopiu.net\/wordpress\/wp-content\/uploads\/2023\/02\/pettirosso-intervista-sonia-e-laura.mp3?_=7\" \/><a href=\"https:\/\/www.radiopiu.net\/wordpress\/wp-content\/uploads\/2023\/02\/pettirosso-intervista-sonia-e-laura.mp3\">https:\/\/www.radiopiu.net\/wordpress\/wp-content\/uploads\/2023\/02\/pettirosso-intervista-sonia-e-laura.mp3<\/a><\/audio>\n<p>&nbsp;<\/p>\n<p>&nbsp;<\/p>\n<p>&nbsp;<\/p>\n<hr \/>\n<p>&nbsp;<\/p>\n<div>\n<div class=\"b654a4as d2edcug0\">\n<div class=\"rq0escxv hkbzh7o3 jwdofwj8 n8tt0mok r8blr3vg hyh9befq\">\n<p><a class=\"dt-pswp-item\" href=\"https:\/\/www.radiopiu.net\/wordpress\/wp-content\/uploads\/2020\/10\/pp.jpg\" data-dt-img-description=\"\" data-large_image_width=\"640\" data-large_image_height=\"640\"><img loading=\"lazy\" decoding=\"async\" class=\"wp-image-163678 alignleft\" src=\"https:\/\/www.radiopiu.net\/wordpress\/wp-content\/uploads\/2020\/10\/pp-300x300.jpg\" alt=\"\" width=\"106\" height=\"106\" srcset=\"https:\/\/www.radiopiu.net\/wordpress\/wp-content\/uploads\/2020\/10\/pp-300x300.jpg 300w, https:\/\/www.radiopiu.net\/wordpress\/wp-content\/uploads\/2020\/10\/pp-150x150.jpg 150w, https:\/\/www.radiopiu.net\/wordpress\/wp-content\/uploads\/2020\/10\/pp-125x125.jpg 125w, https:\/\/www.radiopiu.net\/wordpress\/wp-content\/uploads\/2020\/10\/pp-200x200.jpg 200w, https:\/\/www.radiopiu.net\/wordpress\/wp-content\/uploads\/2020\/10\/pp-80x80.jpg 80w, https:\/\/www.radiopiu.net\/wordpress\/wp-content\/uploads\/2020\/10\/pp-480x480.jpg 480w, https:\/\/www.radiopiu.net\/wordpress\/wp-content\/uploads\/2020\/10\/pp.jpg 640w\" sizes=\"auto, (max-width: 106px) 100vw, 106px\" \/><\/a><\/p>\n<\/div>\n<\/div>\n<\/div>\n<div>\n<div class=\"page-title-head hgroup\">\n<div class=\"page-title-head hgroup\">\n<div class=\"b654a4as d2edcug0\">\n<div class=\"j83agx80 btwxx1t3 lhclo0ds hop8lmos nkwizq5d scwd0bx6 roh60bw9\">\n<div class=\"rq0escxv hkbzh7o3 jwdofwj8 n8tt0mok r8blr3vg hyh9befq\">\n<div class=\"do00u71z l9j0dhe7 k4urcfbm\" style=\"text-align: left;\">\n<h2><span style=\"color: #000080;\">DON CESARE, IL PENSIERO DEL GIORNO. ALLA RADIO ALLE 7 DEL MATTINO E ALLE 19.30 DELLA SERA\u00a0<\/span><\/h2>\n<p>&nbsp;<\/p>\n<p>&nbsp;<\/p>\n<\/div>\n<\/div>\n<\/div>\n<\/div>\n<\/div>\n<\/div>\n<\/div>\n<p>&nbsp;<\/p>\n<hr \/>\n<p>&nbsp;<\/p>\n<h2><span style=\"color: #ff00ff;\">IN VIVO VERSO\u00a0 \u00a0\u00a0<\/span><\/h2>\n<p><strong>AUDIO<\/strong><\/p>\n<audio class=\"wp-audio-shortcode\" id=\"audio-324279-8\" preload=\"none\" style=\"width: 100%;\" controls=\"controls\"><source type=\"audio\/mpeg\" src=\"https:\/\/www.radiopiu.net\/wordpress\/wp-content\/uploads\/2023\/02\/02-LORELLA-DE-BON-COME-I-CANI.mp3?_=8\" \/><a href=\"https:\/\/www.radiopiu.net\/wordpress\/wp-content\/uploads\/2023\/02\/02-LORELLA-DE-BON-COME-I-CANI.mp3\">https:\/\/www.radiopiu.net\/wordpress\/wp-content\/uploads\/2023\/02\/02-LORELLA-DE-BON-COME-I-CANI.mp3<\/a><\/audio>\n<p>&nbsp;<\/p>\n<p>&nbsp;<\/p>\n<p><a class=\"dt-pswp-item\" href=\"https:\/\/www.radiopiu.net\/wordpress\/wp-content\/uploads\/2023\/02\/2-LORELLA-DE-BON.jpg\" data-dt-img-description=\"\" data-large_image_width=\"256\" data-large_image_height=\"256\"><img loading=\"lazy\" decoding=\"async\" class=\"wp-image-324349 alignleft\" src=\"https:\/\/www.radiopiu.net\/wordpress\/wp-content\/uploads\/2023\/02\/2-LORELLA-DE-BON.jpg\" alt=\"\" width=\"118\" height=\"118\" srcset=\"https:\/\/www.radiopiu.net\/wordpress\/wp-content\/uploads\/2023\/02\/2-LORELLA-DE-BON.jpg 256w, https:\/\/www.radiopiu.net\/wordpress\/wp-content\/uploads\/2023\/02\/2-LORELLA-DE-BON-150x150.jpg 150w\" sizes=\"auto, (max-width: 118px) 100vw, 118px\" \/><\/a>Lorella De Bon<br \/>\nCOME I CANI<\/p>\n<p>Come i cani, una vita da cani.<br \/>\nPoi la ruggine sulla colonna vertebrale<br \/>\ncanta gli anni, le estati, la neve che c&#8217;era,<br \/>\nla via P\u00e0l dove passava tua madre.<br \/>\nA sapere le cose di un tempo non conta,<br \/>\ngli altri lavorano e restano sulle loro<br \/>\ncose<br \/>\nnon raccolgono parole, n\u00e9 fuori pagina.<br \/>\nLa strategia \u00e8 l&#8217;occhio nella solitudine<br \/>\ndegli alberi<br \/>\ne succede che diventi leggera e il dolore<br \/>\nchiss\u00e0 dove.<\/p>\n<div dir=\"auto\">\n<div dir=\"auto\">\n<div dir=\"auto\">\n<p><strong>LA RACCOLTA COMPLETA<\/strong><\/p>\n<blockquote class=\"wp-embedded-content\" data-secret=\"bsFOrSYAfr\"><p><a href=\"https:\/\/www.radiopiu.net\/wordpress\/in-vivo-verso\/\">In Vivo Verso<\/a><\/p><\/blockquote>\n<p><iframe loading=\"lazy\" class=\"wp-embedded-content\" sandbox=\"allow-scripts\" security=\"restricted\" style=\"position: absolute; clip: rect(1px, 1px, 1px, 1px);\" title=\"&#8220;In Vivo Verso&#8221; &#8212; Radio Pi\u00f9\" src=\"https:\/\/www.radiopiu.net\/wordpress\/in-vivo-verso\/embed\/#?secret=KbnYSDukZf#?secret=bsFOrSYAfr\" data-secret=\"bsFOrSYAfr\" width=\"600\" height=\"338\" frameborder=\"0\" marginwidth=\"0\" marginheight=\"0\" scrolling=\"no\"><\/iframe><\/p>\n<hr \/>\n<\/div>\n<\/div>\n<\/div>\n<p>&nbsp;<\/p>\n<h2><span style=\"color: #008080;\">GOCCE DI FILOSOFIA<\/span><\/h2>\n<p><strong>GOCCE DI FILOSOFIA \u2013 PUNTATA 257 \u2013 CHIARA CAU<\/strong><\/p>\n<audio class=\"wp-audio-shortcode\" id=\"audio-324279-9\" preload=\"none\" style=\"width: 100%;\" controls=\"controls\"><source type=\"audio\/mpeg\" src=\"https:\/\/www.radiopiu.net\/wordpress\/wp-content\/uploads\/2023\/02\/FI2-3.mp3?_=9\" \/><a href=\"https:\/\/www.radiopiu.net\/wordpress\/wp-content\/uploads\/2023\/02\/FI2-3.mp3\">https:\/\/www.radiopiu.net\/wordpress\/wp-content\/uploads\/2023\/02\/FI2-3.mp3<\/a><\/audio>\n<p>&nbsp;<\/p>\n<p>LA RACCOLTA COMPLETA<\/p>\n<blockquote class=\"wp-embedded-content\" data-secret=\"e4AaKNYf16\"><p><a href=\"https:\/\/www.radiopiu.net\/wordpress\/gocce-filosofia\/\">Gocce di filosofia,  LA TERZA STAGIONE&#8230; 2023<\/a><\/p><\/blockquote>\n<p><iframe loading=\"lazy\" class=\"wp-embedded-content\" sandbox=\"allow-scripts\" security=\"restricted\" style=\"position: absolute; clip: rect(1px, 1px, 1px, 1px);\" title=\"&#8220;Gocce di filosofia,  LA TERZA STAGIONE&#8230; 2023&#8221; &#8212; Radio Pi\u00f9\" src=\"https:\/\/www.radiopiu.net\/wordpress\/gocce-filosofia\/embed\/#?secret=t6J5emqIsJ#?secret=e4AaKNYf16\" data-secret=\"e4AaKNYf16\" width=\"600\" height=\"338\" frameborder=\"0\" marginwidth=\"0\" marginheight=\"0\" scrolling=\"no\"><\/iframe><\/p>\n<p>&nbsp;<\/p>\n<p>&nbsp;<\/p>\n<hr \/>\n<p>&nbsp;<\/p>\n<div class=\"column\">\n<p><img loading=\"lazy\" decoding=\"async\" class=\"aligncenter wp-image-61954 size-full\" src=\"https:\/\/www.radiopiu.net\/wordpress\/wp-content\/uploads\/2018\/09\/viabilita.jpeg\" sizes=\"auto, (max-width: 800px) 100vw, 800px\" srcset=\"https:\/\/www.radiopiu.net\/wordpress\/wp-content\/uploads\/2018\/09\/viabilita.jpeg 800w, https:\/\/www.radiopiu.net\/wordpress\/wp-content\/uploads\/2018\/09\/viabilita-300x38.jpeg 300w, https:\/\/www.radiopiu.net\/wordpress\/wp-content\/uploads\/2018\/09\/viabilita-768x96.jpeg 768w\" alt=\"\" width=\"800\" height=\"100\" \/><\/p>\n<p>&nbsp;<\/p>\n<blockquote class=\"wp-embedded-content\" data-secret=\"ABR8WDqwWE\"><p><a href=\"https:\/\/www.radiopiu.net\/wordpress\/viabilita\/\">viabilita<\/a><\/p><\/blockquote>\n<p><iframe loading=\"lazy\" class=\"wp-embedded-content\" sandbox=\"allow-scripts\" security=\"restricted\" style=\"position: absolute; clip: rect(1px, 1px, 1px, 1px);\" title=\"&#8220;viabilita&#8221; &#8212; Radio Pi\u00f9\" src=\"https:\/\/www.radiopiu.net\/wordpress\/viabilita\/embed\/#?secret=xCAO5rWkKz#?secret=ABR8WDqwWE\" data-secret=\"ABR8WDqwWE\" width=\"600\" height=\"338\" frameborder=\"0\" marginwidth=\"0\" marginheight=\"0\" scrolling=\"no\"><\/iframe><\/p>\n<div>\n<div dir=\"ltr\">\n<div class=\"gmail_quote\">\n<div dir=\"ltr\">\n<div class=\"gmail_quote\"><\/div>\n<\/div>\n<\/div>\n<\/div>\n<\/div>\n<p>&nbsp;<\/p>\n<hr \/>\n<p>&nbsp;<\/p>\n<p><a class=\"dt-pswp-item\" href=\"https:\/\/www.radiopiu.net\/wordpress\/wp-content\/uploads\/2018\/09\/WhatsApp-Image-2018-09-20-at-16.04.06.jpeg\" data-dt-img-description=\"\" data-large_image_width=\"800\" data-large_image_height=\"100\"><img loading=\"lazy\" decoding=\"async\" class=\"wp-image-61378 size-full aligncenter\" src=\"https:\/\/www.radiopiu.net\/wordpress\/wp-content\/uploads\/2018\/09\/WhatsApp-Image-2018-09-20-at-16.04.06.jpeg\" alt=\"\" width=\"800\" height=\"100\" srcset=\"https:\/\/www.radiopiu.net\/wordpress\/wp-content\/uploads\/2018\/09\/WhatsApp-Image-2018-09-20-at-16.04.06.jpeg 800w, https:\/\/www.radiopiu.net\/wordpress\/wp-content\/uploads\/2018\/09\/WhatsApp-Image-2018-09-20-at-16.04.06-300x38.jpeg 300w, https:\/\/www.radiopiu.net\/wordpress\/wp-content\/uploads\/2018\/09\/WhatsApp-Image-2018-09-20-at-16.04.06-768x96.jpeg 768w\" sizes=\"auto, (max-width: 800px) 100vw, 800px\" \/><\/a><\/p>\n<p>&nbsp;<\/p>\n<\/div>\n<p><center><b>Mercoledi 1<\/b><\/center><b>Tempo atteso: <\/b>Al mattino residui tratti di sereno sulle Dolomiti, mentre la copertura sar\u00e0 gi\u00e0 pi\u00f9 presente sulle Prealpi. Con il passare delle ore intensificazione della nuvolosit\u00e0 fino a cielo coperto e graduale peggioramento al pomeriggio. Ridotta escursione termico e nelle valli dolomitiche si potrebbe conservare un po&#8217; del freddo generato dall&#8217;irraggiamento notturno.<br \/>\n<b>Precipitazioni: <\/b>Al mattino generalemente assenti (0%). Dal pomeriggio deboli precipitazioni, nevose oltre i 900-1100 m, in estensione da sud-est verso nord- ovest fino a interessare tutta la montagna veneta entro met\u00e0 pomeriggio (70-80%), con preobabilit\u00e0 molto alta in serata (90%).<br \/>\n<b>Temperature: <\/b>Minime in generale aumento; massime stazionarie oltre i 2000 m e in diminuzione sotto tale quota per deficit di sole.<\/p>\n<hr \/>\n<p><center><b>Giovedi 2<\/b><\/center><b>Tempo atteso: <\/b>Nottetempo maltempo con cielo coperto e precipitazioni diffuse. Per gran parte della giornata ancora molto nuvoloso per nubi medie e basse stratiformi. Dal pomeriggio riduzione della nuvolosit\u00e0 e prime schiarite, pi\u00f9 ampie in serata. Contesto termico fresco con debole escursione termica giornaliera.<br \/>\n<b>Precipitazioni: <\/b>Nottetempo e nelle prime ore del mattino alta probabilit\u00e0 di precipitazioni (80-90%), nevose sopra i 1000-1200 m, localmente pi\u00f9 in basso nelle valli pi\u00f9 chiuse, in caso di moderata intensit\u00e0. Al pomeriggio esaurimento dei fenomeni. Tra mercoled\u00ec e gioved\u00ec sono previsti 10-15 mm, con punte di 25-30 mm sulle Prealpi esposte a sud-est, con altrettanti cm di neve oltre i 1500 m, sotto tale quota gli apporti saranno minori per neve umida e contributo pioggia sotto i 1000-1100 m.<br \/>\n<b>Temperature: <\/b>Senza notevoli variazioni, salvo rialzo delle minime nelle valli per assenza d&#8217;irraggiamento.<\/p>\n<hr \/>\n<p><center><b>Venerdi 3<\/b><\/center>Al mattino sole e cielo sereno quasi ovunque, eventuali nubi basse in Valbelluna, in rapido dissolvimento. Al pomeriggio arrivo di nubi alte da nord-est, in successiva estensione a tutta la montagna veneta. Temperature minime in calo, anche per irraggiamento notturno; massime in aumento.<\/p>\n<hr \/>\n<p><center><b>Sabato 4<\/b><\/center>Cielo velato da nubi alte tra la notte e il primo mattino, poi il cielo si rasserener\u00e0 e il resto della giornata sar\u00e0 ben soleggiato. Temperature in generale lieve aumento.<\/p>\n<p>&nbsp;<\/p>\n<blockquote class=\"wp-embedded-content\" data-secret=\"4rElQQQH88\"><p><a href=\"https:\/\/www.radiopiu.net\/wordpress\/poca-neve-sulle-dolomiti-sotto-la-media-stagionale\/\">POCA NEVE SULLE DOLOMITI. SOTTO LA MEDIA STAGIONALE<\/a><\/p><\/blockquote>\n<p><iframe loading=\"lazy\" class=\"wp-embedded-content\" sandbox=\"allow-scripts\" security=\"restricted\" style=\"position: absolute; clip: rect(1px, 1px, 1px, 1px);\" title=\"&#8220;POCA NEVE SULLE DOLOMITI. SOTTO LA MEDIA STAGIONALE&#8221; &#8212; Radio Pi\u00f9\" src=\"https:\/\/www.radiopiu.net\/wordpress\/poca-neve-sulle-dolomiti-sotto-la-media-stagionale\/embed\/#?secret=7FFHShLgpw#?secret=4rElQQQH88\" data-secret=\"4rElQQQH88\" width=\"600\" height=\"338\" frameborder=\"0\" marginwidth=\"0\" marginheight=\"0\" scrolling=\"no\"><\/iframe><\/p>\n<p>&nbsp;<\/p>\n<hr \/>\n<p>&nbsp;<\/p>\n<p><a class=\"dt-pswp-item\" href=\"https:\/\/www.radiopiu.net\/wordpress\/wp-content\/uploads\/2018\/09\/sport.jpg\" data-dt-img-description=\"\" data-large_image_width=\"800\" data-large_image_height=\"100\"><img loading=\"lazy\" decoding=\"async\" class=\"aligncenter wp-image-60761 size-full\" src=\"https:\/\/www.radiopiu.net\/wordpress\/wp-content\/uploads\/2018\/09\/sport.jpg\" alt=\"\" width=\"800\" height=\"100\" srcset=\"https:\/\/www.radiopiu.net\/wordpress\/wp-content\/uploads\/2018\/09\/sport.jpg 800w, https:\/\/www.radiopiu.net\/wordpress\/wp-content\/uploads\/2018\/09\/sport-300x38.jpg 300w, https:\/\/www.radiopiu.net\/wordpress\/wp-content\/uploads\/2018\/09\/sport-768x96.jpg 768w\" sizes=\"auto, (max-width: 800px) 100vw, 800px\" \/><\/a><\/p>\n<p>&nbsp;<\/p>\n<p><span style=\"color: #0000ff;\"><strong>CALCIO<\/strong><\/span><\/p>\n<blockquote>\n<h3>AGORDINA NEL MOMENTO CLOU DELLA STAGIONE<\/h3>\n<\/blockquote>\n<p><strong><a class=\"dt-pswp-item\" href=\"https:\/\/www.radiopiu.net\/wordpress\/wp-content\/uploads\/2022\/10\/CALCIO-2022-e1665937841126.jpg\" data-dt-img-description=\"\" data-large_image_width=\"400\" data-large_image_height=\"250\"><img loading=\"lazy\" decoding=\"async\" class=\" wp-image-301842 alignleft\" src=\"https:\/\/www.radiopiu.net\/wordpress\/wp-content\/uploads\/2022\/10\/CALCIO-2022-e1665937841126-300x188.jpg\" alt=\"\" width=\"168\" height=\"105\" srcset=\"https:\/\/www.radiopiu.net\/wordpress\/wp-content\/uploads\/2022\/10\/CALCIO-2022-e1665937841126-300x188.jpg 300w, https:\/\/www.radiopiu.net\/wordpress\/wp-content\/uploads\/2022\/10\/CALCIO-2022-e1665937841126.jpg 400w\" sizes=\"auto, (max-width: 168px) 100vw, 168px\" \/><\/a>di Marco Gaz<\/strong><\/p>\n<p><strong>REDAZIONE\u00a0<\/strong>Continua il periodo negativo dell&#8217;Agordina Calcio nel campionato di Seconda Categoria girone T del Veneto. La squadra di Lorenzi ha incamerato un&#8217;altra sconfitta domenica scorsa nella sfida contro la capolista Lentiai. Una partita dalle due facce quella giocata a Borgo Valbelluna con i padroni di casa che dominano nel primo tempo e gli agordini che rispondono nella ripresa avvicinandosi al pareggio. Nonostante tutto una buona prestazione per la formazione del presidente Cosmo Forcella che ha dimostrato di essere all&#8217;altezza delle squadre di alta classifica. A chiudere il cerchio manca solo un p\u00f2 di precisione sotto porta, per i resto la squadra ha fatto dei netti miglioramenti. Domenica all&#8217;Ivano Dorigo di Agordo arriver\u00e0 i Sarmede, terza forza del campionato. Un altro test importante per gli agordini che voglio agguantare la salvezza matematica il prima possibile.<\/p>\n<p><strong>DIEGO ZANNONI, GIOCATORE DELL&#8217;AGORDINA<\/strong><\/p>\n<audio class=\"wp-audio-shortcode\" id=\"audio-324279-10\" preload=\"none\" style=\"width: 100%;\" controls=\"controls\"><source type=\"audio\/mpeg\" src=\"https:\/\/www.radiopiu.net\/wordpress\/wp-content\/uploads\/2023\/02\/DIEGO-ZANNONI-LENTIAI.mp3?_=10\" \/><a href=\"https:\/\/www.radiopiu.net\/wordpress\/wp-content\/uploads\/2023\/02\/DIEGO-ZANNONI-LENTIAI.mp3\">https:\/\/www.radiopiu.net\/wordpress\/wp-content\/uploads\/2023\/02\/DIEGO-ZANNONI-LENTIAI.mp3<\/a><\/audio>\n<p>&nbsp;<\/p>\n<hr \/>\n<p>&nbsp;<\/p>\n<p><span style=\"color: #0000ff;\"><strong>SKIALP<\/strong><\/span><\/p>\n<blockquote>\n<h3 class=\"entry-title\">INIZIA CON UN DECIMO POSTO IL MONDIALE SKIALP DI MARTINA SCOLA<\/h3>\n<\/blockquote>\n<p><strong class=\"photoswipe-wrapper\"><a class=\"dt-pswp-item pspw-wrap-ready\" href=\"https:\/\/www.radiopiu.net\/wordpress\/wp-content\/uploads\/2023\/02\/E8A71144-F0AC-460D-A432-4C451B7F3E58.jpeg\" data-dt-img-description=\"\" data-large_image_width=\"1199\" data-large_image_height=\"799\"><img loading=\"lazy\" decoding=\"async\" class=\" wp-image-324357 alignleft\" src=\"https:\/\/www.radiopiu.net\/wordpress\/wp-content\/uploads\/2023\/02\/E8A71144-F0AC-460D-A432-4C451B7F3E58-300x200.jpeg\" sizes=\"auto, (max-width: 300px) 100vw, 300px\" srcset=\"https:\/\/www.radiopiu.net\/wordpress\/wp-content\/uploads\/2023\/02\/E8A71144-F0AC-460D-A432-4C451B7F3E58-300x200.jpeg 300w, https:\/\/www.radiopiu.net\/wordpress\/wp-content\/uploads\/2023\/02\/E8A71144-F0AC-460D-A432-4C451B7F3E58-1024x682.jpeg 1024w, https:\/\/www.radiopiu.net\/wordpress\/wp-content\/uploads\/2023\/02\/E8A71144-F0AC-460D-A432-4C451B7F3E58-768x512.jpeg 768w, https:\/\/www.radiopiu.net\/wordpress\/wp-content\/uploads\/2023\/02\/E8A71144-F0AC-460D-A432-4C451B7F3E58.jpeg 1199w\" alt=\"\" width=\"159\" height=\"106\" \/><\/a>REDAZIONE\u00a0<\/strong>Sono iniziati a Boi Taull, sui Pirenei spagnoli, i Mondiali di SkiAlp. Tra gli italiani in gara anche Martina Scola che ha debuttato con la maglia azzurra nella prima gara in programma. \u00c8 andata in scena la sprint Under 18 e l\u2019atleta dello Sci Club Marmolada si \u00e8 comportata ottimamente concludendo al decimo posto assoluto. Un buon inizio per la ragazza della Valle del Biois.<\/p>\n<p>(foto: fisiveneto.com)<\/p>\n<p>&nbsp;<\/p>\n<p>&nbsp;<\/p>\n<hr \/>\n<p>&nbsp;<\/p>\n<p><span style=\"color: #0000ff;\"><strong>NUOTO<\/strong><\/span><\/p>\n<blockquote>\n<h3>ESORDIENTI: DOPPIO ORO DI VINCENZO IULIANO AL MEETING DI MONASTIER<\/h3>\n<\/blockquote>\n<p><strong><a class=\"dt-pswp-item\" href=\"https:\/\/www.radiopiu.net\/wordpress\/wp-content\/uploads\/2023\/02\/Vincenzo_Iuliano_sul_podio.jpg\" data-dt-img-description=\"\" data-large_image_width=\"946\" data-large_image_height=\"960\"><img loading=\"lazy\" decoding=\"async\" class=\" wp-image-324283 alignleft\" src=\"https:\/\/www.radiopiu.net\/wordpress\/wp-content\/uploads\/2023\/02\/Vincenzo_Iuliano_sul_podio-296x300.jpg\" alt=\"\" width=\"168\" height=\"170\" srcset=\"https:\/\/www.radiopiu.net\/wordpress\/wp-content\/uploads\/2023\/02\/Vincenzo_Iuliano_sul_podio-296x300.jpg 296w, https:\/\/www.radiopiu.net\/wordpress\/wp-content\/uploads\/2023\/02\/Vincenzo_Iuliano_sul_podio-768x779.jpg 768w, https:\/\/www.radiopiu.net\/wordpress\/wp-content\/uploads\/2023\/02\/Vincenzo_Iuliano_sul_podio.jpg 946w\" sizes=\"auto, (max-width: 168px) 100vw, 168px\" \/><\/a>BELLUNO <\/strong>Grandi soddisfazioni al Meeting regionale di Monastier (Treviso), aperto agli Esordienti A. Ai blocchi di partenza, nella competizione dedicata ai migliori giovani nuotatori del Veneto, anche undici atleti della Sportivamente Belluno. E fra loro risalta Vincenzo Iuliano: l\u2019atleta, classe 2010, si aggiudica ben due medaglie d\u2019oro. La prima, nei 200 metri rana, con il tempo di 2\u201955\u201d1. E la seconda nei 100 rana (in 1\u201922\u201d4). Convincente pure la prova nei 400 misti, in cui \u00e8 quarto (5\u201954\u201d0). Bene anche Alex Brianti nei 200 (2\u201926\u201d2) e 400 stile libero (5\u201900\u201d0), oltre che nei 200 dorso (2\u201949\u201d5); Niccol\u00f2 Longi nei 200 misti (2\u201947\u201d8), 100 dorso (1\u201918\u201d3) e 100 stile (1\u201907\u201d9); Beatrice Mezzacasa nei 200 rana (3\u201913\u201d5), 50 stile (31\u201d4) e 100 dorso (1\u201924\u201d0); Federico Nerviani nei 200 farfalla (2\u201954\u201d6), 50 stile (30\u201d4) e 100 farfalla (1\u201917\u201d0); Mattia Don\u00e0 nei 200 rana (3\u201909\u201d7), 100 rana (1\u201929\u201d2) e 100 stile (1\u201908\u201d9); Samuele Sommacal nei 200 farfalla (2\u201957\u201d6), Mario Dalla Riva nei 100 dorso (1\u201919\u201d7), Margherita Mazzoli nei 200 farfalla (3\u201935\u201d4) e Marta De Min nei 100 rana (1\u201940\u201d6). Anche le staffette maschili recitano un ruolo di rilievo: nella 4&#215;100 stile libero, Nerviani, Longi, Don\u00e0, Brianti chiudono in undicesima posizione con 4\u201935\u201d2. E, nella 4&#215;100 mista, Brianti, Iuliano, Nerviani, Longi finiscono ottavi (in 5\u201911\u201d2) tra le migliori squadre venete. E gli Esordienti B? Erano impegnati nella piscina di Treviso. Da segnalare il quarto posto ottenuto da Greta Galanti e da Alessandro Morra, entrambi nei 50 stile. Applausi pure per Laura Ivessa, protagonista in tre gare impegnative come i 100 dorso, 50 farfalla e 100 farfalla (in cui \u00e8 ottava). Ed \u00e8 positivo, inoltre, il debutto in campo regionale di Rodolfo Zanon, al pari dell\u2019apporto di Cesare Lorenzi, Giovanni Puccio, Stella Somacal e Aurora Camposeo. \u00abI ragazzi hanno dimostrato forte motivazione in questa tappa fondamentale nella loro crescita &#8211; afferma il tecnico Matteo Sogne -. Il fatto di gareggiare con i migliori atleti della regione \u00e8 di sicuro una grande soddisfazione\u00bb.<\/p>\n","protected":false},"excerpt":{"rendered":"<p>RADIO PIU INFORMAZIONE il canale su TELEGRAM informazione di prima\u00a0 mano e in tempo reale. iscriviti ed aiutaci a farlo conoscere\u00a0 \u00a0 CORTINA La pista da Bob di Cortina (oltre 100 milioni di euro) si far\u00e0. Le ruspe hanno iniziato a lavorare nel cantiere delle ex pista Eugenio Monti.\u00a0 A nulla sono valse Le proteste&hellip;<\/p>\n","protected":false},"author":4,"featured_media":324380,"comment_status":"closed","ping_status":"closed","sticky":false,"template":"","format":"standard","meta":{"_monsterinsights_skip_tracking":false,"_monsterinsights_sitenote_active":false,"_monsterinsights_sitenote_note":"","_monsterinsights_sitenote_category":0,"footnotes":""},"categories":[51,86,49],"tags":[],"class_list":["post-324279","post","type-post","status-publish","format-standard","has-post-thumbnail","hentry","category-evidenza-top","category-gr","category-news-18","category-51","category-86","category-49","description-off"],"img_url":"https:\/\/www.radiopiu.net\/wordpress\/wp-content\/uploads\/2023\/03\/Senza-nome.jpg","_links":{"self":[{"href":"https:\/\/www.radiopiu.net\/wordpress\/wp-json\/wp\/v2\/posts\/324279","targetHints":{"allow":["GET"]}}],"collection":[{"href":"https:\/\/www.radiopiu.net\/wordpress\/wp-json\/wp\/v2\/posts"}],"about":[{"href":"https:\/\/www.radiopiu.net\/wordpress\/wp-json\/wp\/v2\/types\/post"}],"author":[{"embeddable":true,"href":"https:\/\/www.radiopiu.net\/wordpress\/wp-json\/wp\/v2\/users\/4"}],"replies":[{"embeddable":true,"href":"https:\/\/www.radiopiu.net\/wordpress\/wp-json\/wp\/v2\/comments?post=324279"}],"version-history":[{"count":0,"href":"https:\/\/www.radiopiu.net\/wordpress\/wp-json\/wp\/v2\/posts\/324279\/revisions"}],"wp:featuredmedia":[{"embeddable":true,"href":"https:\/\/www.radiopiu.net\/wordpress\/wp-json\/wp\/v2\/media\/324380"}],"wp:attachment":[{"href":"https:\/\/www.radiopiu.net\/wordpress\/wp-json\/wp\/v2\/media?parent=324279"}],"wp:term":[{"taxonomy":"category","embeddable":true,"href":"https:\/\/www.radiopiu.net\/wordpress\/wp-json\/wp\/v2\/categories?post=324279"},{"taxonomy":"post_tag","embeddable":true,"href":"https:\/\/www.radiopiu.net\/wordpress\/wp-json\/wp\/v2\/tags?post=324279"}],"curies":[{"name":"wp","href":"https:\/\/api.w.org\/{rel}","templated":true}]}}