{"id":324393,"date":"2023-03-01T07:46:54","date_gmt":"2023-03-01T06:46:54","guid":{"rendered":"https:\/\/www.radiopiu.net\/wordpress\/?p=324393"},"modified":"2023-03-01T08:57:33","modified_gmt":"2023-03-01T07:57:33","slug":"ascolta-la-rassegna-stampa-locale-tutti-i-giorni-alle-8-del-mattino-dal-1983","status":"publish","type":"post","link":"https:\/\/www.radiopiu.net\/wordpress\/ascolta-la-rassegna-stampa-locale-tutti-i-giorni-alle-8-del-mattino-dal-1983\/","title":{"rendered":"ASCOLTA LA RASSEGNA STAMPA LOCALE, TUTTI I GIORNI ALLE 8 DEL MATTINO, DAL 1983"},"content":{"rendered":"<p>&nbsp;<\/p>\n<p><strong>CORTINA<\/strong> Le ruspe hanno iniziato a demolire la ex pista di bob Eugenio Monti, a Cortina 100milioni di euro per gli atleti olimpici. Proteste a Campo sede del villaggio per i giochi del &#8217;26<br \/>\n<strong>LA BELLA NOTIZIA<\/strong> Con i complimenti a Ren\u00e8 De Silvestro, medaglia d&#8217;oro in coppa del mondo nello sci alpino paralimpico. Il cadorino ha dominato in Austria a Kitzbuhel, gi\u00e0 nella prima manche in vantaggio di due secondi.<br \/>\n<strong>ARSIE<\/strong> Il corpo di Antonio Salina \u00e8 stato trovato nella tarda mattinata di ieri nella vasca che fa parte delle attrezzature in dotazione alla stalla della&#8217;Azienda agricola La Francescana in localit\u00e0 Novegno. La morte probabilmente risale gi\u00e0 alle ore successive la sua scomparsa dalla Casa di riposo che aveva lasciato nella mattinata di sabato.<br \/>\n<strong>BELLUNO<\/strong> Trova la morosa a letto con un altro e picchia tutti e due. La donna lo denuncia per violazione di domicilio e lesioni aggravate, reati ai quali si aggiunge quello di porto illegale di arma.<\/p>\n<p><strong>BELLUNO<\/strong> In tribunale per aver fermato un automobilista sopra Trichiana, dopo un inseguimento. L&#8217;uomo avrebbe tirato fuori la paletta e costretto l&#8217;altro a fermarsi a bordo strada per un controllo. Ma secondo l&#8217;accusa non aveva alcun titolo per farlo, pur avendo un tesserino con la scritta &#8220;agente scelto&#8221; e una paletta come quella un dotazione alla Polizia stradale, per i &#8220;nonni vigili&#8221; di cui fa parte<br \/>\n<strong>BASSANO<\/strong> Allerta lanciato da Bassano per il furto di un\u2019auto. Chiunque avesse informazioni dovrebbe contattare 347 7932181<br \/>\nSi \u00e8 ritrovato faccia a faccia con i ladri che luned\u00ec poco prima delle 20 gli hanno sottratto la sua Bmw 335 parcheggiata all\u2019esterno della sua officina e si sono dati alla fuga. E\u2019 capitato a Martino Zannin, titolare della \u201cMartino Racing\u201d, l\u2019officina nella zona artigianale di Arten.<br \/>\n<strong>CENCENIGHE<\/strong> Dopo Unicredit anche Banca Intesa abbandona il territorio, via da Cencenighe che perde un altro servizio, malessere espresso dal sindaco Mauro Soppelsa.<br \/>\n<strong>BELLUNO<\/strong> l&#8217;atteso Raduno Triveneto degli alpini andr\u00e0 in scena tra il 16 e il 18 giugno. Verso l&#8217;assemblea delle penne nere e verso la riconferma dell&#8217;attuale direttivo con Lino De Pr\u00e0 alla presidenza.<br \/>\n<strong>FALCADE<\/strong> La Giunta ha deliberato di stanziare 1 milione di euro per l&#8217;acquedotto che anche recentemente ha creato qualche problema di approvigionamento idrico ai falcadini. I lavori saranno finanziati con in fondi del Pnrr.<br \/>\n<strong>BELLUNO<\/strong> Appia Cna Pensionati ha ospitato il partecipato incontro informativo di prevenzione contro le truffe agli anziani a cura del Comando Provinciale dei Carabinieri.<br \/>\n<strong>AGORDO<\/strong> Francesco Minniti \u00e8 il nuovo direttore della Medicina dell\u2019Ospedale di Agordo. Classe 1966, nato a San Vito al Tagliamento ma padovano di adozione, Francesco Minniti si \u00e8 laureato in Medicina e Chirurgia all\u2019Universit\u00e0 di Padova<br \/>\n<strong>FELTRE<\/strong> Nell\u2019ambito del nuovo Distretto Territoriale del Commercio di Feltre e Pedavena, la cui mission \u00e8 attivare in varie forme politiche di sviluppo del tessuto economico locale, \u00e8 stato approvato dalla giunta comunale il bando che riguarda il sostegno agli operatori commerciali per 105.000 euro.<br \/>\n<strong>LIMANA<\/strong> \u00c8 Barbara. Dal Molin il nuovo Amministratore Unico della societ\u00e0 Limana Servizi srl, la societ\u00e0 interamente partecipata dal Comune di Limana che gestisce il Centro Servizi per l\u2019Anziano<br \/>\n<strong>BELLUNO<\/strong> \u201cContrasto alla direttiva dell\u2019Unione europea di obbligo di prestazione energetica E entro il 2030 per tutti gli immobili residenziali\u201d, questo l&#8217;ordine del giorno proposto dalla Lega Nord al Consiglio comunale. Approvato con l\u2019emendamento proposto dal consigliere di opposizione Mirco Costa<br \/>\n<strong>AGORDO<\/strong> La Proloco ci prova, mettere attorno allo stesso tavolo gli organizzatori di eventi. Obiettivo un calendario condiviso delle manifestazioni 2023. Appuntamento in sala della Biblioteca giovedi 2 marzo alle 20.30<\/p>\n<p>&nbsp;<\/p>\n<p>&nbsp;<\/p>\n<p><iframe loading=\"lazy\" title=\"RASSEGNA STAMPA LOCALE\" width=\"1200\" height=\"675\" src=\"https:\/\/www.youtube.com\/embed\/Ad1awz5Iy_o?feature=oembed\" frameborder=\"0\" allow=\"accelerometer; autoplay; clipboard-write; encrypted-media; gyroscope; picture-in-picture; web-share\" allowfullscreen><\/iframe><\/p>\n<p>&nbsp;<\/p>\n<p>&nbsp;<\/p>\n<p>&nbsp;<\/p>\n<p>&nbsp;<\/p>\n<hr \/>\n<p>&nbsp;<\/p>\n","protected":false},"excerpt":{"rendered":"<p>&nbsp; CORTINA Le ruspe hanno iniziato a demolire la ex pista di bob Eugenio Monti, a Cortina 100milioni di euro per gli atleti olimpici. Proteste a Campo sede del villaggio per i giochi del &#8217;26 LA BELLA NOTIZIA Con i complimenti a Ren\u00e8 De Silvestro, medaglia d&#8217;oro in coppa del mondo nello sci alpino paralimpico.&hellip;<\/p>\n","protected":false},"author":4,"featured_media":324394,"comment_status":"closed","ping_status":"closed","sticky":false,"template":"","format":"standard","meta":{"_monsterinsights_skip_tracking":false,"_monsterinsights_sitenote_active":false,"_monsterinsights_sitenote_note":"","_monsterinsights_sitenote_category":0,"footnotes":""},"categories":[104,49,142],"tags":[],"class_list":["post-324393","post","type-post","status-publish","format-standard","has-post-thumbnail","hentry","category-evidenza_3","category-news-18","category-rassegna-stampa","category-104","category-49","category-142","description-off"],"img_url":"https:\/\/www.radiopiu.net\/wordpress\/wp-content\/uploads\/2023\/03\/Senza-nome-1.jpg","_links":{"self":[{"href":"https:\/\/www.radiopiu.net\/wordpress\/wp-json\/wp\/v2\/posts\/324393","targetHints":{"allow":["GET"]}}],"collection":[{"href":"https:\/\/www.radiopiu.net\/wordpress\/wp-json\/wp\/v2\/posts"}],"about":[{"href":"https:\/\/www.radiopiu.net\/wordpress\/wp-json\/wp\/v2\/types\/post"}],"author":[{"embeddable":true,"href":"https:\/\/www.radiopiu.net\/wordpress\/wp-json\/wp\/v2\/users\/4"}],"replies":[{"embeddable":true,"href":"https:\/\/www.radiopiu.net\/wordpress\/wp-json\/wp\/v2\/comments?post=324393"}],"version-history":[{"count":0,"href":"https:\/\/www.radiopiu.net\/wordpress\/wp-json\/wp\/v2\/posts\/324393\/revisions"}],"wp:featuredmedia":[{"embeddable":true,"href":"https:\/\/www.radiopiu.net\/wordpress\/wp-json\/wp\/v2\/media\/324394"}],"wp:attachment":[{"href":"https:\/\/www.radiopiu.net\/wordpress\/wp-json\/wp\/v2\/media?parent=324393"}],"wp:term":[{"taxonomy":"category","embeddable":true,"href":"https:\/\/www.radiopiu.net\/wordpress\/wp-json\/wp\/v2\/categories?post=324393"},{"taxonomy":"post_tag","embeddable":true,"href":"https:\/\/www.radiopiu.net\/wordpress\/wp-json\/wp\/v2\/tags?post=324393"}],"curies":[{"name":"wp","href":"https:\/\/api.w.org\/{rel}","templated":true}]}}