{"id":324410,"date":"2023-03-02T05:44:48","date_gmt":"2023-03-02T04:44:48","guid":{"rendered":"https:\/\/www.radiopiu.net\/wordpress\/?p=324410"},"modified":"2023-03-02T08:58:57","modified_gmt":"2023-03-02T07:58:57","slug":"giornale-radiopiu-02-marzo-2023-direttore-mirko-mezzacasa-verso-i-40-anni-25-giugno-1983-25-giugno-2023-2","status":"publish","type":"post","link":"https:\/\/www.radiopiu.net\/wordpress\/giornale-radiopiu-02-marzo-2023-direttore-mirko-mezzacasa-verso-i-40-anni-25-giugno-1983-25-giugno-2023-2\/","title":{"rendered":"GIORNALE RADIOPIU 02 MARZO 2023 DIRETTORE MIRKO MEZZACASA&#8230;verso i 40 anni 25 giugno 1983-25 giugno 2023"},"content":{"rendered":"<h3 class=\"kvgmc6g5 cxmmr5t8 oygrvhab hcukyx3x c1et5uql\"><span style=\"color: #0000ff;\"><strong>RADIO PIU INFORMAZIONE il canale su TELEGRAM informazione di prima\u00a0 <\/strong><strong>mano e in tempo reale. iscriviti ed aiutaci a farlo conoscere\u00a0 \u00a0<\/strong><\/span><\/h3>\n<h3 class=\"kvgmc6g5 cxmmr5t8 oygrvhab hcukyx3x c1et5uql\"><span style=\"color: #0000ff;\"><strong>\u00a0<\/strong><\/span><\/h3>\n<h3 class=\"kvgmc6g5 cxmmr5t8 oygrvhab hcukyx3x c1et5uql\"><span style=\"color: #0000ff;\"><strong><span style=\"color: #000000;\">IERI SERA ALLA RADIO, COME 40 ANNI FA CON Simonetta, Marco, Moreno e Mirko.<span style=\"color: #ff0000;\"> OSPITI<\/span> Maddalena Da Rozze e Francesca Mussoi, Pietro Urpi, Fabio Guadagnini, Manuela Bulf, i Tirataie e poi&#8230; le vostre dediche, richieste perch\u00e9 il mercoledi sera alla radio \u00e8 proprio come 40 anni fa con gli amici veri di RADIOPIU uniti dalla passione e amore per la radio pi\u00f9<\/span><\/strong><\/span><\/h3>\n<p>&nbsp;<\/p>\n<p><iframe loading=\"lazy\" title=\"DEDICHE E RICHIESTE - 01 MARZO 2023\" width=\"1200\" height=\"675\" src=\"https:\/\/www.youtube.com\/embed\/F4l1EEJBH3I?feature=oembed\" frameborder=\"0\" allow=\"accelerometer; autoplay; clipboard-write; encrypted-media; gyroscope; picture-in-picture; web-share\" allowfullscreen><\/iframe><\/p>\n<h3 class=\"kvgmc6g5 cxmmr5t8 oygrvhab hcukyx3x c1et5uql\"><span style=\"color: #0000ff;\"><strong>\u00a0<\/strong><\/span><\/h3>\n<h2 style=\"text-align: left;\"><span style=\"color: #ff0000;\">ISCRIVITI AL NOSTRO CANALE YOUTUBE PER SEGUIRE IN DIRETTA I PRINCIPALI PROGRAMMI DI RADIO PIU&#8217; E LE FUTURE DIRETTE IN ESTERNA. PER ISCRIVERTI <a style=\"color: #ff0000;\" href=\"https:\/\/youtube.com\/@radiopiu1527\">CLICCA QUI<\/a> E PREMI IL TASTO &#8220;Iscriviti&#8221;\u00a0<\/span><\/h2>\n<p>&nbsp;<\/p>\n<hr \/>\n<h3><\/h3>\n<h3>ultim&#8217;ora (04.45) NELLA NOTTE TERREMOTO AL CONFINE<\/h3>\n\n\t\t\t<style type='text\/css'>\n\t\t\t\t#gallery-1 {\n\t\t\t\t\tmargin: auto;\n\t\t\t\t}\n\t\t\t\t#gallery-1 .gallery-item {\n\t\t\t\t\tfloat: left;\n\t\t\t\t\tmargin-top: 10px;\n\t\t\t\t\ttext-align: center;\n\t\t\t\t\twidth: 50%;\n\t\t\t\t}\n\t\t\t\t#gallery-1 img {\n\t\t\t\t\tborder: 2px solid #cfcfcf;\n\t\t\t\t}\n\t\t\t\t#gallery-1 .gallery-caption {\n\t\t\t\t\tmargin-left: 0;\n\t\t\t\t}\n\t\t\t\t\/* see gallery_shortcode() in wp-includes\/media.php *\/\n\t\t\t<\/style>\n\t\t<div id='gallery-1' class='dt-gallery-container gallery galleryid-324410 gallery-columns-2 gallery-size-thumbnail'><dl class='gallery-item'>\n\t\t\t\t<dt class='gallery-icon landscape'>\n\t\t\t\t\t<a class=\"rollover rollover-zoom dt-pswp-item\" title=\"terremoto\" data-dt-img-description=\"\" data-large_image_width=\"276\" data-large_image_height=\"183\"href='https:\/\/www.radiopiu.net\/wordpress\/wp-content\/uploads\/2020\/03\/download-44.jpg'><img loading=\"lazy\" decoding=\"async\" width=\"150\" height=\"150\" src=\"https:\/\/www.radiopiu.net\/wordpress\/wp-content\/uploads\/2020\/03\/download-44-150x150.jpg\" class=\"attachment-thumbnail size-thumbnail\" alt=\"\" \/><\/a>\n\t\t\t\t<\/dt><\/dl><dl class='gallery-item'>\n\t\t\t\t<dt class='gallery-icon landscape'>\n\t\t\t\t\t<a class=\"rollover rollover-zoom dt-pswp-item\" title=\"Senza noSSSme\" data-dt-img-description=\"\" data-large_image_width=\"381\" data-large_image_height=\"186\"href='https:\/\/www.radiopiu.net\/wordpress\/wp-content\/uploads\/2023\/03\/Senza-noSSSme.jpg'><img loading=\"lazy\" decoding=\"async\" width=\"150\" height=\"150\" src=\"https:\/\/www.radiopiu.net\/wordpress\/wp-content\/uploads\/2023\/03\/Senza-noSSSme-150x150.jpg\" class=\"attachment-thumbnail size-thumbnail\" alt=\"\" \/><\/a>\n\t\t\t\t<\/dt><\/dl><br style=\"clear: both\" \/>\n\t\t\t<\/div>\n\n<h3><\/h3>\n<p>Un&#8217;altra scossa di terremoto in territorio friulano che si aggiunge ad un lungo elenco. Questa notte all&#8217;1.28 la terra ha tremato a Claut (Pordenone), magnitudo 1,1, profondit\u00e0 10 chilometri.<\/p>\n<p>&nbsp;<\/p>\n<hr \/>\n<p>&nbsp;<\/p>\n<blockquote>\n<h3>L&#8217;INCREDIBILE STORIA DI E.G. 90 GIORNI PER UN&#8217;ECOGRAFIA PRESCRITTA ENTRO TRENTA<em>&#8220;Zaia la sanit\u00e0 non \u00e8 come Lei la decanta&#8221;<\/em><\/h3>\n<\/blockquote>\n<blockquote>\n<h3><em>Appuntamento spostato causa periodo di ferie del medico <a class=\"dt-pswp-item\" href=\"https:\/\/www.radiopiu.net\/wordpress\/wp-content\/uploads\/2023\/02\/doppler-ultrasound-381363__340.jpg\" data-dt-img-description=\"\" data-large_image_width=\"603\" data-large_image_height=\"340\"><img loading=\"lazy\" decoding=\"async\" class=\"size-medium wp-image-324363 alignleft\" src=\"https:\/\/www.radiopiu.net\/wordpress\/wp-content\/uploads\/2023\/02\/doppler-ultrasound-381363__340-300x169.jpg\" alt=\"\" width=\"300\" height=\"169\" srcset=\"https:\/\/www.radiopiu.net\/wordpress\/wp-content\/uploads\/2023\/02\/doppler-ultrasound-381363__340-300x169.jpg 300w, https:\/\/www.radiopiu.net\/wordpress\/wp-content\/uploads\/2023\/02\/doppler-ultrasound-381363__340.jpg 603w\" sizes=\"auto, (max-width: 300px) 100vw, 300px\" \/><\/a><\/em><\/h3>\n<p>&nbsp;<\/p><\/blockquote>\n<p><strong>DI GIANNI SANTOMASO<\/strong><\/p>\n<audio class=\"wp-audio-shortcode\" id=\"audio-324410-1\" preload=\"none\" style=\"width: 100%;\" controls=\"controls\"><source type=\"audio\/mpeg\" src=\"https:\/\/www.radiopiu.net\/wordpress\/wp-content\/uploads\/2023\/02\/SANITA-VENETA-GIANNI.mp3?_=1\" \/><a href=\"https:\/\/www.radiopiu.net\/wordpress\/wp-content\/uploads\/2023\/02\/SANITA-VENETA-GIANNI.mp3\">https:\/\/www.radiopiu.net\/wordpress\/wp-content\/uploads\/2023\/02\/SANITA-VENETA-GIANNI.mp3<\/a><\/audio>\n<p>&nbsp;<\/p>\n<p>&nbsp;<\/p>\n<hr \/>\n<p>&nbsp;<\/p>\n<h3>IL LUTTO<\/h3>\n<p><a class=\"dt-pswp-item\" href=\"https:\/\/www.radiopiu.net\/wordpress\/wp-content\/uploads\/2023\/03\/Senza-nome-6.jpg\" data-dt-img-description=\"\" data-large_image_width=\"225\" data-large_image_height=\"174\"><img loading=\"lazy\" decoding=\"async\" class=\" wp-image-324522 alignleft\" src=\"https:\/\/www.radiopiu.net\/wordpress\/wp-content\/uploads\/2023\/03\/Senza-nome-6.jpg\" alt=\"\" width=\"173\" height=\"134\" \/><\/a><strong>CESIOMAGGIORE<\/strong> Dal Trevigiano a Menin di Cesiomaggiore per amore con Antonella e il figlio Ivan.\u00a0 Daniele Mazzon, 63 anni, \u00a0magazziniere in pensione di una ditta di Spresiano era vice presidente dell&#8217;associazione Tasso, da sempre iscritto come consigliere. Ieri sera convocazione d&#8217;urgenza il consiglio del Tasso per commemorare Mazzon e decidere con quali iniziative ricordarne la figura. I funerali domani alle 14,30 a Soranzen.<\/p>\n<p>&nbsp;<\/p>\n<p>&nbsp;<\/p>\n<hr \/>\n<p>&nbsp;<\/p>\n<p>&nbsp;<\/p>\n<blockquote>\n<h3>DUE FERITI NELL&#8217;INCIDENTE DI SEDICO<\/h3>\n<\/blockquote>\n<p><strong>SEDICO<\/strong> Ieri alle 5:45 incidente stradale\u00a0 lungo la SP 635 in localit\u00e0 Bribano a Sedico per un incidente stradale tra due auto: due feriti non gravi. I pompieri accorsi dalla sede centrale con il personale di prima partenza, hanno messo in sicurezza i mezzi e soccorso insieme al personale sanitario i due conducenti. I feriti sono stati stabilizzati dai sanitari del Suem e trasferiti in ospedale. I carabinieri hanno deviato il traffico ed eseguito i rilievi del sinistro. Le operazioni di soccorso dei vigili del fuoco sono terminate dopo circa due ore.<\/p>\n\n\t\t\t<style type='text\/css'>\n\t\t\t\t#gallery-2 {\n\t\t\t\t\tmargin: auto;\n\t\t\t\t}\n\t\t\t\t#gallery-2 .gallery-item {\n\t\t\t\t\tfloat: left;\n\t\t\t\t\tmargin-top: 10px;\n\t\t\t\t\ttext-align: center;\n\t\t\t\t\twidth: 25%;\n\t\t\t\t}\n\t\t\t\t#gallery-2 img {\n\t\t\t\t\tborder: 2px solid #cfcfcf;\n\t\t\t\t}\n\t\t\t\t#gallery-2 .gallery-caption {\n\t\t\t\t\tmargin-left: 0;\n\t\t\t\t}\n\t\t\t\t\/* see gallery_shortcode() in wp-includes\/media.php *\/\n\t\t\t<\/style>\n\t\t<div id='gallery-2' class='dt-gallery-container gallery galleryid-324410 gallery-columns-4 gallery-size-thumbnail'><dl class='gallery-item'>\n\t\t\t\t<dt class='gallery-icon portrait'>\n\t\t\t\t\t<a class=\"rollover rollover-zoom dt-pswp-item\" title=\"8d6c18d5-3029-485d-b279-55db884b1b82\" data-dt-img-description=\"\" data-large_image_width=\"960\" data-large_image_height=\"1280\"href='https:\/\/www.radiopiu.net\/wordpress\/wp-content\/uploads\/2023\/03\/8d6c18d5-3029-485d-b279-55db884b1b82.jpg'><img loading=\"lazy\" decoding=\"async\" width=\"150\" height=\"150\" src=\"https:\/\/www.radiopiu.net\/wordpress\/wp-content\/uploads\/2023\/03\/8d6c18d5-3029-485d-b279-55db884b1b82-150x150.jpg\" class=\"attachment-thumbnail size-thumbnail\" alt=\"\" \/><\/a>\n\t\t\t\t<\/dt><\/dl><dl class='gallery-item'>\n\t\t\t\t<dt class='gallery-icon portrait'>\n\t\t\t\t\t<a class=\"rollover rollover-zoom dt-pswp-item\" title=\"34eb2642-beba-4dde-a98a-6515320d32c5\" data-dt-img-description=\"\" data-large_image_width=\"960\" data-large_image_height=\"1280\"href='https:\/\/www.radiopiu.net\/wordpress\/wp-content\/uploads\/2023\/03\/34eb2642-beba-4dde-a98a-6515320d32c5.jpg'><img loading=\"lazy\" decoding=\"async\" width=\"150\" height=\"150\" src=\"https:\/\/www.radiopiu.net\/wordpress\/wp-content\/uploads\/2023\/03\/34eb2642-beba-4dde-a98a-6515320d32c5-150x150.jpg\" class=\"attachment-thumbnail size-thumbnail\" alt=\"\" \/><\/a>\n\t\t\t\t<\/dt><\/dl><dl class='gallery-item'>\n\t\t\t\t<dt class='gallery-icon landscape'>\n\t\t\t\t\t<a class=\"rollover rollover-zoom dt-pswp-item\" title=\"a6c8212d-8fc8-46af-b06f-2b6ae769cf0a\" data-dt-img-description=\"\" data-large_image_width=\"1280\" data-large_image_height=\"960\"href='https:\/\/www.radiopiu.net\/wordpress\/wp-content\/uploads\/2023\/03\/a6c8212d-8fc8-46af-b06f-2b6ae769cf0a.jpg'><img loading=\"lazy\" decoding=\"async\" width=\"150\" height=\"150\" src=\"https:\/\/www.radiopiu.net\/wordpress\/wp-content\/uploads\/2023\/03\/a6c8212d-8fc8-46af-b06f-2b6ae769cf0a-150x150.jpg\" class=\"attachment-thumbnail size-thumbnail\" alt=\"\" \/><\/a>\n\t\t\t\t<\/dt><\/dl><dl class='gallery-item'>\n\t\t\t\t<dt class='gallery-icon landscape'>\n\t\t\t\t\t<a class=\"rollover rollover-zoom dt-pswp-item\" title=\"141c01dc-1b6d-4fbe-b582-421839670520\" data-dt-img-description=\"\" data-large_image_width=\"1280\" data-large_image_height=\"960\"href='https:\/\/www.radiopiu.net\/wordpress\/wp-content\/uploads\/2023\/03\/141c01dc-1b6d-4fbe-b582-421839670520.jpg'><img loading=\"lazy\" decoding=\"async\" width=\"150\" height=\"150\" src=\"https:\/\/www.radiopiu.net\/wordpress\/wp-content\/uploads\/2023\/03\/141c01dc-1b6d-4fbe-b582-421839670520-150x150.jpg\" class=\"attachment-thumbnail size-thumbnail\" alt=\"\" \/><\/a>\n\t\t\t\t<\/dt><\/dl><br style=\"clear: both\" \/>\n\t\t\t<\/div>\n\n<p>&nbsp;<\/p>\n<p>&nbsp;<\/p>\n<p>&nbsp;<\/p>\n<hr \/>\n<blockquote>\n<h3>CODE AL PASS, CESTINI E NUOVO MENU&#8217;. LA COMMISSIONE MENSA DELLO STABILIMENTO LUXOTTICA DI AGORDO AL LAVORO<\/h3>\n<\/blockquote>\n<p><strong><a class=\"dt-pswp-item\" href=\"https:\/\/www.radiopiu.net\/wordpress\/wp-content\/uploads\/2021\/12\/LUXOTTICA-FRAMONT.jpg\" data-dt-img-description=\"\" data-large_image_width=\"2048\" data-large_image_height=\"1536\"><img loading=\"lazy\" decoding=\"async\" class=\" wp-image-246066 alignleft\" src=\"https:\/\/www.radiopiu.net\/wordpress\/wp-content\/uploads\/2021\/12\/LUXOTTICA-FRAMONT-300x225.jpg\" alt=\"\" width=\"163\" height=\"122\" srcset=\"https:\/\/www.radiopiu.net\/wordpress\/wp-content\/uploads\/2021\/12\/LUXOTTICA-FRAMONT-300x225.jpg 300w, https:\/\/www.radiopiu.net\/wordpress\/wp-content\/uploads\/2021\/12\/LUXOTTICA-FRAMONT-1024x768.jpg 1024w, https:\/\/www.radiopiu.net\/wordpress\/wp-content\/uploads\/2021\/12\/LUXOTTICA-FRAMONT-768x576.jpg 768w, https:\/\/www.radiopiu.net\/wordpress\/wp-content\/uploads\/2021\/12\/LUXOTTICA-FRAMONT-1536x1152.jpg 1536w, https:\/\/www.radiopiu.net\/wordpress\/wp-content\/uploads\/2021\/12\/LUXOTTICA-FRAMONT.jpg 2048w\" sizes=\"auto, (max-width: 163px) 100vw, 163px\" \/><\/a>AGORDO<\/strong> La mensa dello stabilimento Luxottica di Agordo \u00e8 sempre sotto l&#8217;attenzione della RSU. La commissione mensa si \u00e8 riunita nei giorni scorsi per trattare alcune problematiche. Le maestranze hanno lamentato delle code specialmente negli orari di punta tra le 12 e le 13. &#8220;Sono state apportate delle modifiche sugli orari mensa per quanto riguarda il lato uffici &#8211; dicono i delegati della RSU &#8211; ma la situazione \u00e8 sottoposta ad un continuo monitoraggio. L&#8217;azienda si \u00e8 impegnata a condividere i dati raccolti con la commissione ed eventualmente ad apportare ulteriori modifiche per ridurre i disagi&#8221;. Un altro tema trattato \u00e8 il cestino per coloro che fanno il turno notturno o part-time. &#8220;Dopo molti mesi di discussioni su questo tema, l&#8217;azienda (in <a class=\"dt-pswp-item\" href=\"https:\/\/www.radiopiu.net\/wordpress\/wp-content\/uploads\/2023\/03\/Senza-nome-7.jpg\" data-dt-img-description=\"\" data-large_image_width=\"304\" data-large_image_height=\"312\"><img loading=\"lazy\" decoding=\"async\" class=\" wp-image-324528 alignright\" src=\"https:\/\/www.radiopiu.net\/wordpress\/wp-content\/uploads\/2023\/03\/Senza-nome-7-292x300.jpg\" alt=\"\" width=\"169\" height=\"174\" srcset=\"https:\/\/www.radiopiu.net\/wordpress\/wp-content\/uploads\/2023\/03\/Senza-nome-7-292x300.jpg 292w, https:\/\/www.radiopiu.net\/wordpress\/wp-content\/uploads\/2023\/03\/Senza-nome-7.jpg 304w\" sizes=\"auto, (max-width: 169px) 100vw, 169px\" \/><\/a>collaborazione del gestore mensa), sta sviluppando un applicazione per poter prenotare il proprio cestino, scegliendo le pietanze del men\u00f9 giornaliero &#8211; afferma la commissione mensa &#8211; Speriamo vivamente che i tempi di sviluppo siano pi\u00f9 ridotti del previsto, in modo da poter collaudare questo nuovo sistema di prenotazione nel periodo con meno prenotazione di cestini, per questioni chiaramente tecniche. Inoltre sono stati richiesti nuovamente i condimenti (sale, pepe, olio, aceto, salse, grana), che siano direttamente inseriti all&#8217;interno di tutti i cestini per poterli rendere disponibili a tutti i colleghi che usufruiscono del pasto d&#8217;asporto&#8221;. Poi si \u00e8 parlato del nuovo men\u00f9 entrato in lista da alcune settimane con dei pasti pensati e proposti dallo chef Oldani che tanto ha fatto discutere anche sui social. &#8220;L&#8217;idea condivisa insieme al team welfare, \u00e8 quella di proporre settimanalmente un men\u00f9 con pi\u00f9 prodotti stagionali (frutta, verdura, ecc.) dando una variet\u00e0 pi\u00f9 elevata, dato ormai la ripetizione continua delle pietanze proposte. Abbiamo chiesto che la cottura dei cibi sia adeguata, visto le numerose segnalazioni&#8221;. La commissione mensa dello stabilimento di Agordo \u00e8 in continuo contatto sia con l&#8217;azienda che con il titolare che fornisce il cibo in azienda nella speranza di risolvere le varie problematiche nel pi\u00f9 breve tempo possibile.<\/p>\n<p>&nbsp;<\/p>\n<hr \/>\n<p>&nbsp;<\/p>\n<blockquote>\n<h3>LA CONDANNA: SETTE ANNI E MEZZO PER I PALPEGGIAMENTI ALL&#8217;OPERAIA<\/h3>\n<\/blockquote>\n<p><strong>OGGI SUL CORRIERE DELLE ALPI<\/strong><\/p>\n<p><strong>DI GIGI SOSSO<\/strong><\/p>\n<p><strong><img loading=\"lazy\" decoding=\"async\" class=\"alignleft\" src=\"https:\/\/www.radiopiu.net\/wordpress\/wp-content\/uploads\/2023\/03\/th-1.jpg\" width=\"199\" height=\"112\" \/>LIMANA <\/strong>\u00abImpunito per 30 anni\u00bb, adesso il capoturno della Epta Costan ne rischia sette e mezzo per stalking e violenza sessuale su un&#8217;operaia. Questa la richiesta finale del pubblico ministero Roberta Gallego, alla fine di una requisitoria molto articolata. Dopo di che l&#8217;avvocato di parte civile Enrico Rech ha aggiunto una richiesta di risarcimento danni di 50 mila euro. L&#8217;avvocato difensore Pierluigi Cesa far\u00e0 la sua arringa nell&#8217;udienza del 19 aprile, poi si andr\u00e0 a sentenza di primo grado.La pubblica accusa \u00e8 partita dalla sintetica querela presentata il 10 dicembre 2020, per delineare una situazione che nell&#8217;azienda di Limana andava avanti da tanto tempo, senza che chi poteva intervenire prendesse i necessari provvedimenti nei confronti dell&#8217;imputato.<\/p>\n<p>Accanto ai palpeggiamenti, agli strusciamenti o ai toccamenti, c&#8217;erano pressanti inviti a fare sesso, anche via whatsapp e sempre con delle frasi tutt&#8217;altro che romantiche o raffinate. E quando la donna \u00e8 stata spostata di reparto, non si sarebbe arreso, uscendo dal proprio ambito: \u00abC&#8217;\u00e8 un&#8217;altra parte offesa, oltre all&#8217;operaia\u00bb, ha concluso il pm, \u00abed \u00e8 la moglie, che non ha mai potuto leggere il capo d&#8217;imputazione, ma ci ha detto di credere a suo marito\u00bb<\/p>\n<blockquote>\n<h3>ALLA SBARRA PER I MALTRATTATAMENTI\u00a0 ALLA CONVIVENTE<\/h3>\n<\/blockquote>\n<p><strong>CADORE <\/strong>Una donna in pigiama con il figlio piccolo in braccio e la madre accanto. La sera del 27 ottobre 2021 i carabinieri le hanno aperto la porta della caserma: stava piangendo ed era molto agitata, ma soprattutto voleva denunciare il convivente per maltrattamenti in famiglia. C&#8217;era stato il lockdown per il Covid-19 e questo poteva aver contribuito a inasprire il rapporto di coppia. L&#8217;uomo parler\u00e0 pi\u00f9 avanti ed \u00e8 difeso dall&#8217;avvocato Laura Levorato.<\/p>\n<p>&nbsp;<\/p>\n<p>&nbsp;<\/p>\n<p>&nbsp;<\/p>\n<hr \/>\n<p>&nbsp;<\/p>\n<blockquote>\n<h3>DELEGATI PER SPAZIO EX DE BIASIO E PINGITORE<\/h3>\n<\/blockquote>\n<p><strong><img loading=\"lazy\" decoding=\"async\" class=\"alignleft\" src=\"https:\/\/www.radiopiu.net\/wordpress\/wp-content\/uploads\/2023\/03\/672eb1b5-d6a9-4b44-948b-b1031c4ec2d1.jpg\" width=\"227\" height=\"128\" \/>BELLUNO<\/strong> Nuovi interlocutori per lo Spazio Ex, l&#8217;ex Caserma Piave a Belluno: Paolo De Biasio e Francesco Pingitore sono infattti i consiglieri comunali incaricati dal Sindaco Oscar De Pellegrin ai rapporti con le associazioni che operano nella struttura.<\/p>\n<p><strong>di\u00a0 DANIELE DALVIT<\/strong><\/p>\n<audio class=\"wp-audio-shortcode\" id=\"audio-324410-2\" preload=\"none\" style=\"width: 100%;\" controls=\"controls\"><source type=\"audio\/mpeg\" src=\"https:\/\/www.radiopiu.net\/wordpress\/wp-content\/uploads\/2023\/03\/SPAZIO-DANIELE-DAL-VIT.mp3?_=2\" \/><a href=\"https:\/\/www.radiopiu.net\/wordpress\/wp-content\/uploads\/2023\/03\/SPAZIO-DANIELE-DAL-VIT.mp3\">https:\/\/www.radiopiu.net\/wordpress\/wp-content\/uploads\/2023\/03\/SPAZIO-DANIELE-DAL-VIT.mp3<\/a><\/audio>\n<p>&nbsp;<\/p>\n<hr \/>\n<p>&nbsp;<\/p>\n<blockquote>\n<h3>TENSIONI SUL BRENNERO. BERTON: \u201c\u00c8 GIUNTO IL MOMENTO DI METTERE SUL TAVOLO L&#8217;IPOTESI SBOCCO A NORD PER IL VENETO\u201d<\/h3>\n<\/blockquote>\n<p><strong><a class=\"dt-pswp-item\" href=\"https:\/\/www.radiopiu.net\/wordpress\/wp-content\/uploads\/2020\/01\/Lorraine_Berton.jpg\" data-dt-img-description=\"\" data-large_image_width=\"767\" data-large_image_height=\"768\"><img loading=\"lazy\" decoding=\"async\" class=\" wp-image-112912 alignleft\" src=\"https:\/\/www.radiopiu.net\/wordpress\/wp-content\/uploads\/2020\/01\/Lorraine_Berton-300x300.jpg\" alt=\"\" width=\"135\" height=\"135\" srcset=\"https:\/\/www.radiopiu.net\/wordpress\/wp-content\/uploads\/2020\/01\/Lorraine_Berton-300x300.jpg 300w, https:\/\/www.radiopiu.net\/wordpress\/wp-content\/uploads\/2020\/01\/Lorraine_Berton-150x150.jpg 150w, https:\/\/www.radiopiu.net\/wordpress\/wp-content\/uploads\/2020\/01\/Lorraine_Berton.jpg 767w\" sizes=\"auto, (max-width: 135px) 100vw, 135px\" \/><\/a>BELLUNO <\/strong>\u201cPenso sia giunto il momento di mettere sul tavolo, in maniera seria e responsabile, il tema dello sbocco a nord per il Veneto. Il braccio di ferro in corso tra Italia e Austria sul Brennero ci dice che vanno trovate soluzioni alternative altamente tecnologiche, innovative e sostenibili sia per il trasporto su rotaia che su gomma. Spogliamoci di ogni ideologia e avviamo una discussione franca sul futuro della mobilit\u00e0 dei territori e delle imprese\u201d. A dirlo \u00e8 Lorraine Berton, presidente di Confindustria Belluno Dolomiti, nelle ore in cui \u00e8 forte la dialettica tra Governo italiano e austriaco sulla gestione dei flussi al Brennero. \u201cUno sbocco a nord consentirebbe soprattutto al quadrante orientale del Veneto di connettersi direttamente con il cuore dell&#8217;Europa. A trarre beneficio sarebbe l&#8217;intera economia del Nordest, trainante per il Paese\u201d.<\/p>\n<p>&nbsp;<\/p>\n<p>&nbsp;<\/p>\n<p>&nbsp;<\/p>\n<hr \/>\n<p>&nbsp;<\/p>\n<p><strong>DI TIZIANO DE COL<\/strong><\/p>\n\n\t\t\t<style type='text\/css'>\n\t\t\t\t#gallery-3 {\n\t\t\t\t\tmargin: auto;\n\t\t\t\t}\n\t\t\t\t#gallery-3 .gallery-item {\n\t\t\t\t\tfloat: left;\n\t\t\t\t\tmargin-top: 10px;\n\t\t\t\t\ttext-align: center;\n\t\t\t\t\twidth: 20%;\n\t\t\t\t}\n\t\t\t\t#gallery-3 img {\n\t\t\t\t\tborder: 2px solid #cfcfcf;\n\t\t\t\t}\n\t\t\t\t#gallery-3 .gallery-caption {\n\t\t\t\t\tmargin-left: 0;\n\t\t\t\t}\n\t\t\t\t\/* see gallery_shortcode() in wp-includes\/media.php *\/\n\t\t\t<\/style>\n\t\t<div id='gallery-3' class='dt-gallery-container gallery galleryid-324410 gallery-columns-5 gallery-size-thumbnail'><dl class='gallery-item'>\n\t\t\t\t<dt class='gallery-icon landscape'>\n\t\t\t\t\t<a class=\"rollover rollover-zoom dt-pswp-item\" title=\"acdb5e45-896e-4d82-92e9-741a3df78fbe\" data-dt-img-description=\"\" data-large_image_width=\"600\" data-large_image_height=\"364\"href='https:\/\/www.radiopiu.net\/wordpress\/wp-content\/uploads\/2023\/03\/acdb5e45-896e-4d82-92e9-741a3df78fbe.jpg'><img loading=\"lazy\" decoding=\"async\" width=\"150\" height=\"150\" src=\"https:\/\/www.radiopiu.net\/wordpress\/wp-content\/uploads\/2023\/03\/acdb5e45-896e-4d82-92e9-741a3df78fbe-150x150.jpg\" class=\"attachment-thumbnail size-thumbnail\" alt=\"\" \/><\/a>\n\t\t\t\t<\/dt><\/dl><dl class='gallery-item'>\n\t\t\t\t<dt class='gallery-icon landscape'>\n\t\t\t\t\t<a class=\"rollover rollover-zoom dt-pswp-item\" title=\"02bdb833-119b-4bb2-90b5-a5885ac5deed\" data-dt-img-description=\"\" data-large_image_width=\"606\" data-large_image_height=\"352\"href='https:\/\/www.radiopiu.net\/wordpress\/wp-content\/uploads\/2023\/03\/02bdb833-119b-4bb2-90b5-a5885ac5deed.jpg'><img loading=\"lazy\" decoding=\"async\" width=\"150\" height=\"150\" src=\"https:\/\/www.radiopiu.net\/wordpress\/wp-content\/uploads\/2023\/03\/02bdb833-119b-4bb2-90b5-a5885ac5deed-150x150.jpg\" class=\"attachment-thumbnail size-thumbnail\" alt=\"\" \/><\/a>\n\t\t\t\t<\/dt><\/dl><dl class='gallery-item'>\n\t\t\t\t<dt class='gallery-icon landscape'>\n\t\t\t\t\t<a class=\"rollover rollover-zoom dt-pswp-item\" title=\"98a55eed-243c-41f3-a50e-21ecf7dcbe7f\" data-dt-img-description=\"\" data-large_image_width=\"592\" data-large_image_height=\"354\"href='https:\/\/www.radiopiu.net\/wordpress\/wp-content\/uploads\/2023\/03\/98a55eed-243c-41f3-a50e-21ecf7dcbe7f.jpg'><img loading=\"lazy\" decoding=\"async\" width=\"150\" height=\"150\" src=\"https:\/\/www.radiopiu.net\/wordpress\/wp-content\/uploads\/2023\/03\/98a55eed-243c-41f3-a50e-21ecf7dcbe7f-150x150.jpg\" class=\"attachment-thumbnail size-thumbnail\" alt=\"\" \/><\/a>\n\t\t\t\t<\/dt><\/dl><dl class='gallery-item'>\n\t\t\t\t<dt class='gallery-icon landscape'>\n\t\t\t\t\t<a class=\"rollover rollover-zoom dt-pswp-item\" title=\"199e5169-e703-4b9b-a96a-6b9e5c9fa6d3\" data-dt-img-description=\"\" data-large_image_width=\"612\" data-large_image_height=\"356\"href='https:\/\/www.radiopiu.net\/wordpress\/wp-content\/uploads\/2023\/03\/199e5169-e703-4b9b-a96a-6b9e5c9fa6d3.jpg'><img loading=\"lazy\" decoding=\"async\" width=\"150\" height=\"150\" src=\"https:\/\/www.radiopiu.net\/wordpress\/wp-content\/uploads\/2023\/03\/199e5169-e703-4b9b-a96a-6b9e5c9fa6d3-150x150.jpg\" class=\"attachment-thumbnail size-thumbnail\" alt=\"\" \/><\/a>\n\t\t\t\t<\/dt><\/dl><dl class='gallery-item'>\n\t\t\t\t<dt class='gallery-icon landscape'>\n\t\t\t\t\t<a class=\"rollover rollover-zoom dt-pswp-item\" title=\"7dacbac2-9b3d-4873-ad7a-62611ad8510b\" data-dt-img-description=\"\" data-large_image_width=\"614\" data-large_image_height=\"361\"href='https:\/\/www.radiopiu.net\/wordpress\/wp-content\/uploads\/2023\/03\/7dacbac2-9b3d-4873-ad7a-62611ad8510b.jpg'><img loading=\"lazy\" decoding=\"async\" width=\"150\" height=\"150\" src=\"https:\/\/www.radiopiu.net\/wordpress\/wp-content\/uploads\/2023\/03\/7dacbac2-9b3d-4873-ad7a-62611ad8510b-150x150.jpg\" class=\"attachment-thumbnail size-thumbnail\" alt=\"\" \/><\/a>\n\t\t\t\t<\/dt><\/dl><br style=\"clear: both\" \/>\n\t\t\t<\/div>\n\n<hr \/>\n<p>&nbsp;<\/p>\n<blockquote>\n<h3>LA RISONANZA PER LE MALATTIE INFIAMMATORIE<\/h3>\n<\/blockquote>\n<p><strong>FELTRE\u00a0<\/strong> La Radiologia di Feltre, diretta da Riccardo Berletti, ha implementato lo studio del piccolo intestino mediante risonanza magnetica, con particolare focus nella quantificazione e progressione del danno provocato dall&#8217;infiammazione intestinale. Ci\u00f2 \u00e8 stato reso possibile anche grazie all&#8217;acquisizione di un&#8217;innovativa apparecchiatura, studiata per adattarsi alle differenti conformazioni dei pazienti.<em>\u00abL&#8217;avanzamento <\/em>\u00a0<em>tecnologico dell&#8217;imaging ha promosso e implementato i percorsi multidisciplinari sviluppati in ambito gastroenterologico grazie alla collaborazione con la UOSD di Malattie Infiammatorie Gastrointestinali- spiega Riccardo Berletti, direttore della Radiologia di Feltre- Nel prossimo futuro \u00e8 atteso un ulteriore avanzamento in termini di accuratezza e performance diagnostica grazie all&#8217;espansione dell&#8217;intelligenza artificiale in radiologia\u00bb\u00a0<\/em><\/p>\n<p>&nbsp;<\/p>\n<hr \/>\n<p>&nbsp;<\/p>\n<blockquote>\n<h3>TECNOLOGIE PER LA CHIRUGIA ENDOVASCOLARE<\/h3>\n<\/blockquote>\n<p><strong>BELLUNO<\/strong> La tecnologia non invasiva denominata NIRS (Near Infrared Spectroscopy), adottata dall\u2019unit\u00e0 operativa di Anestesia e Rianimazione dell&#8217;Ospedale di Belluno diretta da Davide Mazzon permetter\u00e0 interventi di chirurgia endovascolare con la massima sicurezza per i pazienti. Questa metodica, gi\u00e0 impiegata routinariamente negli interventi sulla carotide, grazie all\u2019impegno del dottor Roberto Pianon,\u00e8 stata sperimentata nei giorni scorsi per un altro importante impiego e verr\u00e0 applicata anche negli interventi su aneurismi della aorta toraco-addominale effettuati dalla \u00e9quipe della Chirurgia Vascolare di Belluno diretta da Alessandro Irsara.<\/p>\n<blockquote><p><em>La NIRS si basa sull&#8217;emissione di fasci di infrarossi\u00a0 da sensori applicati sulla cute e permette di indagare l&#8217;apporto sanguigno nel settore esplorato. Ci\u00f2 permette di capire lo stato di ossigenazione dell&#8217;organo attraversato dall&#8217;infrarosso e consente di mettere in atto le manovre correttive necessarie.<\/em><\/p><\/blockquote>\n<p>&nbsp;<\/p>\n<hr \/>\n<blockquote>\n<h3><\/h3>\n<h3>BELLUNO, PER DONAZIONI TERZA IN ITALIA E PRIMA IN VENETO, INDICE DONAZIONE 69,31%<\/h3>\n<\/blockquote>\n<p><a class=\"dt-pswp-item\" href=\"https:\/\/www.radiopiu.net\/wordpress\/wp-content\/uploads\/2022\/06\/AIDO.png\" data-dt-img-description=\"\" data-large_image_width=\"233\" data-large_image_height=\"233\"><img loading=\"lazy\" decoding=\"async\" class=\"wp-image-279760 alignleft\" src=\"https:\/\/www.radiopiu.net\/wordpress\/wp-content\/uploads\/2022\/06\/AIDO.png\" alt=\"\" width=\"141\" height=\"141\" srcset=\"https:\/\/www.radiopiu.net\/wordpress\/wp-content\/uploads\/2022\/06\/AIDO.png 233w, https:\/\/www.radiopiu.net\/wordpress\/wp-content\/uploads\/2022\/06\/AIDO-150x150.png 150w\" sizes=\"auto, (max-width: 141px) 100vw, 141px\" \/><\/a><strong>LIMANA\u00a0<\/strong> Nella <span id=\"page5R_mcid4\" class=\"markedContent\"><span dir=\"ltr\" role=\"presentation\">speciale classifica di solidariet\u00e0 e<\/span><\/span><span id=\"page5R_mcid5\" class=\"markedContent\"> <span dir=\"ltr\" role=\"presentation\">sensibilit\u00e0 nel 2022, all&#8217;Ulss 1 Dolomiti si sono registrate 5 donazioni di organi, <\/span><\/span><span id=\"page5R_mcid6\" class=\"markedContent\"><span dir=\"ltr\" role=\"presentation\">\u00a0otto di multitessuto e oltre cento di cornee.<\/span><\/span><span id=\"page5R_mcid9\" class=\"markedContent\"><span dir=\"ltr\" role=\"presentation\"> Questo sar\u00e0 solo uno <\/span><\/span><span id=\"page5R_mcid10\" class=\"markedContent\"><span dir=\"ltr\" role=\"presentation\">dei tanti argomenti che verranno discussi all&#8217;assemblea provinciale de<\/span><\/span><span id=\"page5R_mcid11\" class=\"markedContent\"><span dir=\"ltr\" role=\"presentation\">ll&#8217;Aido Belluno, che si terr\u00e0 venerd\u00ec alle 17.30 in <\/span><\/span><span id=\"page5R_mcid12\" class=\"markedContent\"><span dir=\"ltr\" role=\"presentation\">biblioteca a Limana (sala Nocivelli)<em>.<\/em><\/span><\/span><em><span id=\"page5R_mcid13\" class=\"markedContent\"> <span dir=\"ltr\" role=\"presentation\">\u00abI dati che abbiamo sono senza dubbio incoraggianti\u00bb dice il vice presidente <\/span><\/span><span id=\"page5R_mcid14\" class=\"markedContent\"><span dir=\"ltr\" role=\"presentation\">dell&#8217;Aido Belluno, Mirko Dalle Mulle, \u00abe non fanno altro che incoraggiarci a proseguire n<\/span><\/span><span id=\"page5R_mcid15\" class=\"markedContent\"><span dir=\"ltr\" role=\"presentation\">el nostro cammino di <\/span><\/span><span id=\"page5R_mcid16\" class=\"markedContent\"><span dir=\"ltr\" role=\"presentation\">promozione della cultura del dono. Nonostante le difficolt\u00e0 dettate dalla pandemia i numeri sono stati in costante crescita <\/span><\/span><span id=\"page5R_mcid17\" class=\"markedContent\"><span dir=\"ltr\" role=\"presentation\">negli ultimi anni. E in questo contesto anche Belluno vuole contribuire a ribadire il fatto di essere una citt\u00e0<\/span><\/span><span id=\"page5R_mcid18\" class=\"markedContent\"><\/span><span id=\"page5R_mcid19\" class=\"markedContent\"> <span dir=\"ltr\" role=\"presentation\">che dona e <\/span><\/span><\/em><span id=\"page5R_mcid20\" class=\"markedContent\"><span dir=\"ltr\" role=\"presentation\"><em>che non si tira mai indietro nel momento del bisogno. Il che ci rende davvero una comunit\u00e0 dal cuore grande&#8221;<\/em>.<\/span><\/span><\/p>\n<p>&nbsp;<\/p>\n<p>&nbsp;<\/p>\n<p>&nbsp;<\/p>\n<blockquote>\n<h3>DONATORI DEL SANGUE DI SOPRACRODA, UNA STORIA LUNGA 50 ANNI<\/h3>\n<\/blockquote>\n<p><strong>BELLUNO <\/strong>Traguardo significativo, rimarcato anche da &#8220;zio Stefano&#8221; nell&#8217;assemblea di sabato. Una storia straordinaria<\/p>\n<p><strong>DI ROBERTO BONA<\/strong><\/p>\n<audio class=\"wp-audio-shortcode\" id=\"audio-324410-3\" preload=\"none\" style=\"width: 100%;\" controls=\"controls\"><source type=\"audio\/mpeg\" src=\"https:\/\/www.radiopiu.net\/wordpress\/wp-content\/uploads\/2023\/03\/DonatoriSopracroda.mp3?_=3\" \/><a href=\"https:\/\/www.radiopiu.net\/wordpress\/wp-content\/uploads\/2023\/03\/DonatoriSopracroda.mp3\">https:\/\/www.radiopiu.net\/wordpress\/wp-content\/uploads\/2023\/03\/DonatoriSopracroda.mp3<\/a><\/audio>\n<p>&nbsp;<\/p>\n\n\t\t\t<style type='text\/css'>\n\t\t\t\t#gallery-4 {\n\t\t\t\t\tmargin: auto;\n\t\t\t\t}\n\t\t\t\t#gallery-4 .gallery-item {\n\t\t\t\t\tfloat: left;\n\t\t\t\t\tmargin-top: 10px;\n\t\t\t\t\ttext-align: center;\n\t\t\t\t\twidth: 25%;\n\t\t\t\t}\n\t\t\t\t#gallery-4 img {\n\t\t\t\t\tborder: 2px solid #cfcfcf;\n\t\t\t\t}\n\t\t\t\t#gallery-4 .gallery-caption {\n\t\t\t\t\tmargin-left: 0;\n\t\t\t\t}\n\t\t\t\t\/* see gallery_shortcode() in wp-includes\/media.php *\/\n\t\t\t<\/style>\n\t\t<div id='gallery-4' class='dt-gallery-container gallery galleryid-324410 gallery-columns-4 gallery-size-thumbnail'><dl class='gallery-item'>\n\t\t\t\t<dt class='gallery-icon portrait'>\n\t\t\t\t\t<a class=\"rollover rollover-zoom dt-pswp-item\" title=\"df38a89c-3fe2-4a44-be68-2b72ab13e38f\" data-dt-img-description=\"\" data-large_image_width=\"1200\" data-large_image_height=\"1600\"href='https:\/\/www.radiopiu.net\/wordpress\/wp-content\/uploads\/2023\/03\/df38a89c-3fe2-4a44-be68-2b72ab13e38f.jpg'><img loading=\"lazy\" decoding=\"async\" width=\"150\" height=\"150\" src=\"https:\/\/www.radiopiu.net\/wordpress\/wp-content\/uploads\/2023\/03\/df38a89c-3fe2-4a44-be68-2b72ab13e38f-150x150.jpg\" class=\"attachment-thumbnail size-thumbnail\" alt=\"\" \/><\/a>\n\t\t\t\t<\/dt><\/dl><dl class='gallery-item'>\n\t\t\t\t<dt class='gallery-icon portrait'>\n\t\t\t\t\t<a class=\"rollover rollover-zoom dt-pswp-item\" title=\"c950f19d-9f3e-4338-afe9-516440cc6897\" data-dt-img-description=\"\" data-large_image_width=\"1197\" data-large_image_height=\"1600\"href='https:\/\/www.radiopiu.net\/wordpress\/wp-content\/uploads\/2023\/03\/c950f19d-9f3e-4338-afe9-516440cc6897.jpg'><img loading=\"lazy\" decoding=\"async\" width=\"150\" height=\"150\" src=\"https:\/\/www.radiopiu.net\/wordpress\/wp-content\/uploads\/2023\/03\/c950f19d-9f3e-4338-afe9-516440cc6897-150x150.jpg\" class=\"attachment-thumbnail size-thumbnail\" alt=\"\" \/><\/a>\n\t\t\t\t<\/dt><\/dl><dl class='gallery-item'>\n\t\t\t\t<dt class='gallery-icon portrait'>\n\t\t\t\t\t<a class=\"rollover rollover-zoom dt-pswp-item\" title=\"2eb167a7-0e8e-4310-aef9-69af324c1dfe\" data-dt-img-description=\"\" data-large_image_width=\"1199\" data-large_image_height=\"1600\"href='https:\/\/www.radiopiu.net\/wordpress\/wp-content\/uploads\/2023\/03\/2eb167a7-0e8e-4310-aef9-69af324c1dfe.jpg'><img loading=\"lazy\" decoding=\"async\" width=\"150\" height=\"150\" src=\"https:\/\/www.radiopiu.net\/wordpress\/wp-content\/uploads\/2023\/03\/2eb167a7-0e8e-4310-aef9-69af324c1dfe-150x150.jpg\" class=\"attachment-thumbnail size-thumbnail\" alt=\"\" \/><\/a>\n\t\t\t\t<\/dt><\/dl><dl class='gallery-item'>\n\t\t\t\t<dt class='gallery-icon landscape'>\n\t\t\t\t\t<a class=\"rollover rollover-zoom dt-pswp-item\" title=\"f33106a7-5bbc-4b84-b9dc-bd35b6b3e9dd\" data-dt-img-description=\"\" data-large_image_width=\"1600\" data-large_image_height=\"1199\"href='https:\/\/www.radiopiu.net\/wordpress\/wp-content\/uploads\/2023\/03\/f33106a7-5bbc-4b84-b9dc-bd35b6b3e9dd.jpg'><img loading=\"lazy\" decoding=\"async\" width=\"150\" height=\"150\" src=\"https:\/\/www.radiopiu.net\/wordpress\/wp-content\/uploads\/2023\/03\/f33106a7-5bbc-4b84-b9dc-bd35b6b3e9dd-150x150.jpg\" class=\"attachment-thumbnail size-thumbnail\" alt=\"\" \/><\/a>\n\t\t\t\t<\/dt><\/dl><br style=\"clear: both\" \/>\n\t\t\t<\/div>\n\n<p>&nbsp;<\/p>\n<div class=\"page-title-head hgroup\">\n<blockquote>\n<h2 class=\"entry-title\">DONATORI DEL SANGUE CANALE-VALLADA, NUMERO DEI SOCI COSTANTE<\/h2>\n<\/blockquote>\n<\/div>\n<div class=\"page-title-breadcrumbs\">\n<p><strong>CANALE D&#8217;AGORDO<\/strong><\/p>\n<p><strong>di GIANNI SANTOMASO<\/strong><\/p>\n<audio class=\"wp-audio-shortcode\" id=\"audio-324410-4\" preload=\"none\" style=\"width: 100%;\" controls=\"controls\"><source type=\"audio\/mpeg\" src=\"https:\/\/www.radiopiu.net\/wordpress\/wp-content\/uploads\/2023\/03\/donatori-gianni.mp3?_=4\" \/><a href=\"https:\/\/www.radiopiu.net\/wordpress\/wp-content\/uploads\/2023\/03\/donatori-gianni.mp3\">https:\/\/www.radiopiu.net\/wordpress\/wp-content\/uploads\/2023\/03\/donatori-gianni.mp3<\/a><\/audio>\n<p>&nbsp;<\/p>\n<p><img decoding=\"async\" src=\"https:\/\/www.radiopiu.net\/wordpress\/wp-content\/uploads\/2021\/12\/incontro-dei-sindaci-e-donatori-di-sangue-con-neo-maggiorenni-di-Canale-e-Vallada-scaled.jpg\" \/><strong>FOTO<\/strong>: Incontro-dei-sindaci-e-donatori-di-sangue-con-neo-maggiorenni-di-Canale-e-Vallada<\/p>\n<p>&nbsp;<\/p>\n<p>&nbsp;<\/p>\n<p>&nbsp;<\/p>\n<\/div>\n<p>&nbsp;<\/p>\n<hr \/>\n<p>&nbsp;<\/p>\n<blockquote>\n<h3>VIDEO: PISTENBULLY 800<\/h3>\n<\/blockquote>\n<blockquote><p>Uno spettacolo, il video a Portavescovo &#8211; Arabba &#8211; Livinallongo<\/p>\n<p>&nbsp;<\/p>\n<p>YOUTUBE<\/p>\n<p><em>Il PistenBully 800 coniuga l\u2019esperienza e la tecnologia degli ultimi anni, che si concretizzano nel risultato di un\u2019innovazione perseguita costantemente nel tempo. L\u2019obiettivo \u00e8 tuttavia rimasto sempre uno solo: ottenere la pista perfetta. Il PistenBully 800, con la sua combinazione di motore potente, 5 assali di ruote intermedie, telaio pi\u00f9 lungo e lama pi\u00f9 grande, \u00e8 in grado di movimentare in minore tempo una maggiore quantit\u00e0 di neve, anche in punti critici lungo i pendii.<\/em><\/p><\/blockquote>\n<p>&nbsp;<\/p>\n<p><iframe loading=\"lazy\" title=\"PistenBully 800\" width=\"1200\" height=\"675\" src=\"https:\/\/www.youtube.com\/embed\/oY2b7II-dCQ?start=15&#038;feature=oembed\" frameborder=\"0\" allow=\"accelerometer; autoplay; clipboard-write; encrypted-media; gyroscope; picture-in-picture; web-share\" allowfullscreen><\/iframe><\/p>\n<p>&nbsp;<\/p>\n<p>&nbsp;<\/p>\n<p>&nbsp;<\/p>\n<hr \/>\n<p>&nbsp;<\/p>\n<blockquote>\n<h3>IL LUPO DELLA TANGENZIALE<\/h3>\n<\/blockquote>\n<p><strong>AGORDO<\/strong> Poteva mancare il lupo ad Agordo? Assolutamente no. E di quelli coraggiosi che scende dai boschi di Bries (in prossimit\u00e0 della centrale Enel), attraversa la regionale 203 agordina, i prati della campagna di Agordo dove corre la ciclabile e quindi eccolo in tangenziale.<\/p>\n<p>Nella foto di Diego il lupo&#8230; in tangenziale<\/p>\n<p><a class=\"dt-pswp-item\" href=\"https:\/\/www.radiopiu.net\/wordpress\/wp-content\/uploads\/2023\/03\/Senza-nome-2.jpg\" data-dt-img-description=\"\" data-large_image_width=\"395\" data-large_image_height=\"354\"><img loading=\"lazy\" decoding=\"async\" class=\"alignnone size-medium wp-image-324460\" src=\"https:\/\/www.radiopiu.net\/wordpress\/wp-content\/uploads\/2023\/03\/Senza-nome-2-300x269.jpg\" alt=\"\" width=\"300\" height=\"269\" srcset=\"https:\/\/www.radiopiu.net\/wordpress\/wp-content\/uploads\/2023\/03\/Senza-nome-2-300x269.jpg 300w, https:\/\/www.radiopiu.net\/wordpress\/wp-content\/uploads\/2023\/03\/Senza-nome-2.jpg 395w\" sizes=\"auto, (max-width: 300px) 100vw, 300px\" \/><\/a><\/p>\n<p><strong>IERI &#8230; LUPO AVVISTATO IN CANSIGLIO<\/strong><\/p>\n<p><a class=\"dt-pswp-item\" href=\"https:\/\/www.radiopiu.net\/wordpress\/wp-content\/uploads\/2023\/03\/Senza-nome-3.jpg\" data-dt-img-description=\"\" data-large_image_width=\"501\" data-large_image_height=\"264\"><img loading=\"lazy\" decoding=\"async\" class=\"alignnone size-medium wp-image-324490\" src=\"https:\/\/www.radiopiu.net\/wordpress\/wp-content\/uploads\/2023\/03\/Senza-nome-3-300x158.jpg\" alt=\"\" width=\"300\" height=\"158\" srcset=\"https:\/\/www.radiopiu.net\/wordpress\/wp-content\/uploads\/2023\/03\/Senza-nome-3-300x158.jpg 300w, https:\/\/www.radiopiu.net\/wordpress\/wp-content\/uploads\/2023\/03\/Senza-nome-3.jpg 501w\" sizes=\"auto, (max-width: 300px) 100vw, 300px\" \/><\/a><\/p>\n<p>&nbsp;<\/p>\n<p>&nbsp;<\/p>\n<hr \/>\n<p>&nbsp;<\/p>\n<blockquote>\n<h3>ASFALTI DOPO LA FIBRA. ROCCON &#8220;ARRABBIATURE CONTINUE E SITUAZIONI INACCETTABILI&#8221;<\/h3>\n<p><em>L&#8217;assessore pronto a ricorrere alla Procura della Repubblica per disagi condivisi in tutte le citt\u00e0 del Veneto. Si prepara un&#8217;azione forte.\u00a0<\/em><\/p><\/blockquote>\n<p>&nbsp;<\/p>\n<p><strong><a class=\"dt-pswp-item\" href=\"https:\/\/www.radiopiu.net\/wordpress\/wp-content\/uploads\/2021\/04\/lavori-asfalto.jpg\" data-dt-img-description=\"\" data-large_image_width=\"1920\" data-large_image_height=\"1440\"><img loading=\"lazy\" decoding=\"async\" class=\" wp-image-205540 alignleft\" src=\"https:\/\/www.radiopiu.net\/wordpress\/wp-content\/uploads\/2021\/04\/lavori-asfalto-300x225.jpg\" alt=\"\" width=\"220\" height=\"165\" srcset=\"https:\/\/www.radiopiu.net\/wordpress\/wp-content\/uploads\/2021\/04\/lavori-asfalto-300x225.jpg 300w, https:\/\/www.radiopiu.net\/wordpress\/wp-content\/uploads\/2021\/04\/lavori-asfalto-1024x768.jpg 1024w, https:\/\/www.radiopiu.net\/wordpress\/wp-content\/uploads\/2021\/04\/lavori-asfalto-768x576.jpg 768w, https:\/\/www.radiopiu.net\/wordpress\/wp-content\/uploads\/2021\/04\/lavori-asfalto-1536x1152.jpg 1536w, https:\/\/www.radiopiu.net\/wordpress\/wp-content\/uploads\/2021\/04\/lavori-asfalto.jpg 1920w\" sizes=\"auto, (max-width: 220px) 100vw, 220px\" \/><\/a>BELLUNO<\/strong> Ripristino del manto stradale ancora deludente, per questo il Comune studia un\u2019azione forte con l\u2019Anci\u00a0 coinvolgendo\u00a0 anche il presidente Veneto e il sindaco di Treviso. La conferma arriva dall\u2019assessore ai lavori pubblici Franco Roccon, dopo l\u2019ennesimo sopralluogo ai cantieri aperti in citt\u00e0 per il ripristino del bitume dopo la posa della fibra, avvenuta ormai oltre un anno fa. La situazione emersa \u00e8 critica, la ditta incaricata per le asfaltature fatica a lavorare per le condizioni delle strade dopo la posa di tombini e cavidotti; nonostante le diffide delle scorse settimane, sembra ancora lontana una vera soluzione.<\/p>\n<blockquote><p>\u201cCome noi ci sono molte altre citt\u00e0 italiane \u2013 commenta il sindaco, Oscar De Pellegrin -, occorre studiare un\u2019azione forte e rivolgerci direttamente al Governo per chiedere la modifica del contratto nazionale per le societ\u00e0 di posa della fibra. Naturalmente \u00e8 un bene la posa della fibra, permette di colmare un gap pesante per il nostro territorio, ma questo non deve avvenire a discapito della vivibilit\u00e0 nelle nostre citt\u00e0\u201d.<\/p><\/blockquote>\n<p><strong>L&#8217;ASSESSORE FRANCO ROCCON<\/strong><\/p>\n<audio class=\"wp-audio-shortcode\" id=\"audio-324410-5\" preload=\"none\" style=\"width: 100%;\" controls=\"controls\"><source type=\"audio\/mpeg\" src=\"https:\/\/www.radiopiu.net\/wordpress\/wp-content\/uploads\/2023\/03\/ROCCON.mp3?_=5\" \/><a href=\"https:\/\/www.radiopiu.net\/wordpress\/wp-content\/uploads\/2023\/03\/ROCCON.mp3\">https:\/\/www.radiopiu.net\/wordpress\/wp-content\/uploads\/2023\/03\/ROCCON.mp3<\/a><\/audio>\n<p>&nbsp;<\/p>\n<hr \/>\n<p>&nbsp;<\/p>\n<blockquote>\n<h3>dillo a RadioPi\u00f9 MA QUANTO DOVREMO PAZIENTARE ANCORA PRIMA DI POTER TRANISTARE A CANDATEN IN SICUREZZA?<\/h3>\n<\/blockquote>\n<p><strong>REDAZIONE<\/strong> Riceviamo a volentieri pubblichiamo la riflessione di Rodolfo Pellegrinon da Falcade<\/p>\n<p>&nbsp;<\/p>\n<blockquote><p><em>I nostri Amministratori e Politici si diano da fare per porre rimedio con leggi e clausole chiare e di facile interpretazione a questa situazione che, purtroppo, sempre pi\u00f9 sovente ne dobbiamo leggere le conseguenze che, come in recente passato, abbiamo dovuto rilevare anche delle vittime.<\/em><\/p><\/blockquote>\n<p><img loading=\"lazy\" decoding=\"async\" class=\"alignleft\" src=\"https:\/\/www.radiopiu.net\/wordpress\/wp-content\/uploads\/2023\/03\/deer-5801503__340.jpg\" width=\"237\" height=\"158\" \/>Prendo lo spunto dall\u2019ennesimo incidente accaduta stamane in localit\u00e0 Candaten dove una giovane ( che si recava al lavoro) \u00e8 stata coinvolta. Chiedo: quanto dovremo ancora aspettare e, a quanti incidenti dovremo ancora assistere, affinch\u00e8 gli enti preposti si allertino e mettano finalmente\u00a0 in sicurezza questa nostra strada frequentatissima soprattutto da gente che si reca al lavoro ? Ci sono state in merito numerose sentenze una delle quali della Suprema Corte di Cassazione : \u201c La responsabilit\u00e0 extracontrattuale per i danni provocati da animali selvatici alla circolazione dei veicoli deve essere imputata all\u2019ente, sia esso Regione, Provincia, Ente Parco, Federazione o Associazione, ecc. cui siano stati concretamente affidati i poteri di amministrazione del territorio e di gestione della fauna ivi insediata, sia che i poteri derivino dalla legge,sia che trovino la fonte in una delega o concessione di altro ente\u201d. In particolare, prosegue la Corte, le suddette pronunce affermano che la delega per la gestione della fauna selvatica risulta concretamente attuata in favore delle singole Province. Di conseguenza, i poteri di protezione e gestione della fauna selvatica attribuiti alle Province espongono queste ultime ad una responsabilit\u00e0 per tutti i danni cagionati dagli animali selvatici, atteso che l\u2019esercizio di tali poteri \u00e8 indirizzato sia alla tutela del complessivo equilibrio dell\u2019ecosistema sia alla sicurezza dei soggetti potenzialmente esposti ai danni derivanti dagli imprevedibili comportamenti della fauna. La Corte precisa,poi, che il fondamento giuridico della responsabilit\u00e0 della P.A. nella materia in questione non deve essere individuato nell\u2019art. 2052 del Codice Civile, non essendo la responsabilit\u00e0 equiparabile a quella inerente al controllo sugli animali di cui si abbia custodia o detenzione rilevando che il danno cagionato dalla fauna selvatica in circolazione non \u00e8 paragonabile allo stato di libert\u00e0 della selvaggina incompatibile con l\u2019obbligo di custodia.<\/p>\n<p>&nbsp;<\/p>\n<h1><strong>\u00a0IERI ALLA RADIO<\/strong><\/h1>\n<blockquote>\n<h3>CANDATEN, UN ALTRO CERVO IN STRADA E LA SCARSA RESPONSABILITA&#8217; DI ALCUNI AUTOMOBILISTI<\/h3>\n<\/blockquote>\n<p><strong><img decoding=\"async\" class=\"alignleft\" src=\"https:\/\/www.radiopiu.net\/wordpress\/wp-content\/uploads\/2022\/02\/th-3.jpg\" \/>SEDICO\u00a0<\/strong> Ore cinque del mattino, Candaten: appuntamento con il cervo. Uno di quegli appuntamenti che non metteresti mai in agenda, tanto meno lo ha fatto la giovane che si trovava a transitare &#8211; per andare al lavoro &#8211; lungo la regionale 203 agordina, in prossimit\u00e0 del famoso autovelox, nel territorio del Parco Nazionale delle Dolomiti Bellunesi. Conseguenze: ragazza sotto shok, auto danneggiata, detriti da scontro per gran parte della carreggiata e animale morto. Un copione, un triste copione che si ripete\u00a0 sempre pi\u00f9 spesso. Ma si apre un altro capitolo, quello della scarsa responsabilit\u00e0 in strada di alcuni automobilisti. Non per sentito dire, ma testimoniato da chi alle 5 era sul posto dell&#8217;incidente<em> &#8220;Mi sono fermato ad aiutare la ragazza sotto shok &#8211; racconta Max-\u00a0 e mentre chi era in auto con me prestava assistenza,\u00a0 chiamavo i\u00a0 VIgili del Fuoco, segnalavo il disagio lungo la 203 tramite la chat Viabilit\u00e0 Provincia di Belluno\u00a0 e mi mettevo sulla strada con triangolo, giubbotto e torcia per segnalare l&#8217;animale ancora agonizzante, oltre ad una marea di pezzi di auto. Fortunatamente la ragazza non \u00e8 rimasta ferita anche se la macchina \u00e8 da buttare&#8221;<\/em>. Fin qui il racconto del post impatto, alle 5 del mattino, al buio, lungo una strada non illuminata. Poi la riflessione sconcertante. <em>&#8220;Ma \u00e8 mai possibile &#8211; incalza Max &#8211; che su\u00a0 una strada\u00a0 a rischio l&#8217;automobilista non rallenti? Io in mezzo alla strada per segnalare il pericolo, 4 frecce, giubbetto, ma non \u00e8 servito, i &#8220;fenomeni&#8221;\u00a0 invece che fermarsi hanno dato prova di conoscere la posizione del pedale per accelerare.\u00a0 Anche io ho perso un&#8217; ora di lavoro ma non rimpiango niente. Ci vorrebbe un po&#8217; pi\u00f9 di responsabilit\u00e0 sulle strade, almeno rallentare davanti ai pericoli&#8221;<\/em><\/p>\n<p>&nbsp;<\/p>\n<hr \/>\n<p>&nbsp;<\/p>\n<blockquote>\n<h3>I MEDICI DI FAMIGLIA PROCLAMANO LO STATO DI AGITAZIONE<\/h3>\n<\/blockquote>\n<blockquote>\n<div><em><span dir=\"ltr\" role=\"presentation\">La protesta dei medici di FIMMG Veneto non \u00e8 \u201ccontro\u201d qualcuno,<\/span> <span dir=\"ltr\" role=\"presentation\">ma \u201cper\u201d tanti:<\/span> <span dir=\"ltr\" role=\"presentation\">per tutti i cittadini che si vedranno <\/span><span dir=\"ltr\" role=\"presentation\">privare di fatto, e sempre di pi\u00f9, di un diritto fondamentale sancito dalla Costituzione, il diritto alla salute. S<\/span><span dir=\"ltr\" role=\"presentation\">i apre<\/span> <span dir=\"ltr\" role=\"presentation\">una stagione d\u2019incontri<\/span> <span dir=\"ltr\" role=\"presentation\">con i cittadini, con le associazioni dei pazienti, con i pensionati e <\/span><span dir=\"ltr\" role=\"presentation\">soprattutto con i sindaci per spiegare la nostra preoccupazione e sperare cos\u00ec di<\/span> <span dir=\"ltr\" role=\"presentation\">ritrovare quell\u2019ascolto e quell\u2019attenzione<\/span> <span dir=\"ltr\" role=\"presentation\">che <\/span><span dir=\"ltr\" role=\"presentation\">ha contribuito a fare eccellente la Sanit\u00e0 nella nostra Regione<\/span><\/em><\/div>\n<\/blockquote>\n<div class=\"textLayer\"><img loading=\"lazy\" decoding=\"async\" class=\"alignleft\" src=\"https:\/\/www.radiopiu.net\/wordpress\/wp-content\/uploads\/2020\/10\/Medicina_generale.jpg\" width=\"332\" height=\"220\" \/><br role=\"presentation\" \/><strong><span dir=\"ltr\" role=\"presentation\">LE RAGIONI DELLA PROTESTA<\/span><\/strong><\/div>\n<div><\/div>\n<div><span dir=\"ltr\" role=\"presentation\">Con grande amarezza, la FIMMG regionale Veneto si vede costretta, per la seconda volta in pochi anni,<\/span> <span dir=\"ltr\" role=\"presentation\">a <\/span><span dir=\"ltr\" role=\"presentation\">proclamare lo stato di agitazione<\/span> <span dir=\"ltr\" role=\"presentation\">e l\u2019eventuale chiamata allo sciopero della professione a seguito di j<\/span><span dir=\"ltr\" role=\"presentation\">unghi mesi<\/span> <span dir=\"ltr\" role=\"presentation\">di silenzi e di dialogo interrotto<\/span><span dir=\"ltr\" role=\"presentation\">. L\u2019assenza di<\/span> <span dir=\"ltr\" role=\"presentation\">un progetto chiaro<\/span> <span dir=\"ltr\" role=\"presentation\">di riforma dell\u2019Assistenza Primaria per il Veneto, <\/span><span dir=\"ltr\" role=\"presentation\">risorse incluse. Qualche sporadico incontro, all\u2019apparenza<\/span> <span dir=\"ltr\" role=\"presentation\">pi\u00f9 per prendere tempo<\/span> <span dir=\"ltr\" role=\"presentation\">che per affrontare davvero le criticit\u00e0. Tempo <\/span><span dir=\"ltr\" role=\"presentation\">e pazienza che, per\u00f2, ormai<\/span> <span dir=\"ltr\" role=\"presentation\">si sono esauriti, spiegano i medici di famiglia, <\/span><span dir=\"ltr\" role=\"presentation\">\u00a0p<\/span><span dir=\"ltr\" role=\"presentation\">er questo,\u00a0 u<\/span><span dir=\"ltr\" role=\"presentation\">na scelta sofferta per strumenti che, \u00e8 bene sottolinearlo,<\/span> <span dir=\"ltr\" role=\"presentation\">non sono affatto congeniali<\/span> <span dir=\"ltr\" role=\"presentation\">alla FIMMG, non solo un sindacato, ma<\/span><br role=\"presentation\" \/><span dir=\"ltr\" role=\"presentation\">soprattutto un\u2019associazione professionale che ha fatto della progettualit\u00e0 e dello sviluppo delle cure primarie nell\u2019interesse dei <\/span><span dir=\"ltr\" role=\"presentation\">veneti la propria missione, portando la Regione ad essere, nel campo della Medicina Generale, un esempio per tutto il Paese. <\/span>&#8220;<span dir=\"ltr\" role=\"presentation\">Purtroppo &#8211; spiega la Fimmg &#8211;\u00a0 da troppo tempo, questo rapporto<\/span> <span dir=\"ltr\" role=\"presentation\">si \u00e8 incrinato<\/span><span dir=\"ltr\" role=\"presentation\">. La medicina di famiglia<\/span> <span dir=\"ltr\" role=\"presentation\">non trova pi\u00f9 l\u2019attenzione dovuta <\/span><span dir=\"ltr\" role=\"presentation\">nonostante la grave crisi che l\u2019Assistenza Primaria sta vivendo, a causa della<\/span> <span dir=\"ltr\" role=\"presentation\">colpevole mancanza di programmazione <\/span><span dir=\"ltr\" role=\"presentation\">regionale<\/span> <span dir=\"ltr\" role=\"presentation\">che ha ricadute inevitabili a livello delle singole aziende sanitarie. I rischi che si profilano all\u2019orizzonte sono concreti: <\/span><span dir=\"ltr\" role=\"presentation\">sempre pi\u00f9 cittadini potrebbero<\/span> <span dir=\"ltr\" role=\"presentation\">restare senza medico di famiglia<\/span> <span dir=\"ltr\" role=\"presentation\">e gi\u00e0 ora vengono meno due baluardi della medicina <\/span><span dir=\"ltr\" role=\"presentation\">generale, il rapporto fiduciario e la prossimit\u00e0. <\/span><span dir=\"ltr\" role=\"presentation\">FIMMG Veneto<\/span> <span dir=\"ltr\" role=\"presentation\">non \u00e8 rimasta zitta<\/span> <span dir=\"ltr\" role=\"presentation\">in questo lungo periodo: ha richiamato continuamente l\u2019attenzione della Regione con <\/span><span dir=\"ltr\" role=\"presentation\">proposte e progetti per affrontare il futuro, secondo le nuove e crescenti necessit\u00e0 d\u2019assistenza di una popolazione dai bisogni <\/span><span dir=\"ltr\" role=\"presentation\">complessi e che invecchia; documenti e proposte presentati a tutti i livelli, dirigenti, funzionari, V commissione del Consiglio <\/span><span dir=\"ltr\" role=\"presentation\">regionale, Giunta regionale. <\/span><span dir=\"ltr\" role=\"presentation\">A questo sforzo sono corrisposte solo<\/span> <span dir=\"ltr\" role=\"presentation\">strategie dilazionatorie<\/span> <span dir=\"ltr\" role=\"presentation\">e incontri che si sono rivelati tattiche per prendere tempo e<\/span> <span dir=\"ltr\" role=\"presentation\">non <\/span><span dir=\"ltr\" role=\"presentation\">affrontare realmente le criticit\u00e0<\/span><span dir=\"ltr\" role=\"presentation\">. A partire dalla volont\u00e0 di non rendere coerente un Accordo Integrativo regionale con il nuovo <\/span><span dir=\"ltr\" role=\"presentation\">Accordo Collettivo Nazionale, esecutivo dal 28 aprile 2022; punto di partenza fondamentale per l\u2019evoluzione organizzativa <\/span><span dir=\"ltr\" role=\"presentation\">dell\u2019Assistenza Primaria. <\/span><span dir=\"ltr\" role=\"presentation\">Istituzioni regionali latitanti ma subito pronte a deliberare iniziative, su cui la parte medica \u00e8 stata<\/span> <span dir=\"ltr\" role=\"presentation\">tenuta costantemente in<\/span><br role=\"presentation\" \/><span dir=\"ltr\" role=\"presentation\">disparte, se non all\u2019oscuro.<\/span> <span dir=\"ltr\" role=\"presentation\">La Regione, inoltre, sembra<\/span> <span dir=\"ltr\" role=\"presentation\">assecondare una drammatica diaspora<\/span> <span dir=\"ltr\" role=\"presentation\">dal servizio pubblico verso attivit\u00e0 libero professionali o <\/span><span dir=\"ltr\" role=\"presentation\">convenzionate, causata, anche in questo caso, da una colpevole mancata programmazione e dalla scarsa valorizzazione della <\/span><span dir=\"ltr\" role=\"presentation\">professione medica. <\/span><span dir=\"ltr\" role=\"presentation\">Drammatica poi la situazione della Continuit\u00e0 Assistenziale (Guardia Medica) dove vengono accorpate sedi \u2013 se non quando <\/span><span dir=\"ltr\" role=\"presentation\">proprio chiuse \u2013<\/span> <span dir=\"ltr\" role=\"presentation\">privando interi territori<\/span> <span dir=\"ltr\" role=\"presentation\">di assistenza notturna, prefestiva e festiva e utilizzando poi i fondi che avanzano non <\/span><span dir=\"ltr\" role=\"presentation\">per potenziare \u201cquello che resta\u201d, ma per finanziare i contratti libero professionali nei pronto soccorso.<\/span><\/div>\n<div><\/div>\n<div><\/div>\n<p>&nbsp;<\/p>\n<hr \/>\n<blockquote>\n<h3><\/h3>\n<h3>DESTINATI QUASI 2 MILIONI DI EURO A SOSTEGNO DEI CAREGIVER<\/h3>\n<\/blockquote>\n<p><strong><a class=\"dt-pswp-item\" href=\"https:\/\/www.radiopiu.net\/wordpress\/wp-content\/uploads\/2021\/02\/LANZARIN.png\" data-dt-img-description=\"\" data-large_image_width=\"1092\" data-large_image_height=\"1014\"><img loading=\"lazy\" decoding=\"async\" class=\" wp-image-194081 alignleft\" src=\"https:\/\/www.radiopiu.net\/wordpress\/wp-content\/uploads\/2021\/02\/LANZARIN-300x279.png\" alt=\"\" width=\"143\" height=\"133\" srcset=\"https:\/\/www.radiopiu.net\/wordpress\/wp-content\/uploads\/2021\/02\/LANZARIN-300x279.png 300w, https:\/\/www.radiopiu.net\/wordpress\/wp-content\/uploads\/2021\/02\/LANZARIN-1024x951.png 1024w, https:\/\/www.radiopiu.net\/wordpress\/wp-content\/uploads\/2021\/02\/LANZARIN-768x713.png 768w, https:\/\/www.radiopiu.net\/wordpress\/wp-content\/uploads\/2021\/02\/LANZARIN.png 1092w\" sizes=\"auto, (max-width: 143px) 100vw, 143px\" \/><\/a>VENEZIA <\/strong>La Giunta regionale del Veneto, su proposta dell\u2019assessore alla Sanit\u00e0 ed alle Politiche sociali, Manuela Lanzarin, ha approvato la delibera nella quale vengono stabiliti gli indirizzi di programmazione per l\u2019attuazione degli interventi a sostegno del ruolo dei caregiver familiari. Il provvedimento stanzia 1.999.937,91 euro \u2013 a carico di uno specifico capitolo del bilancio di previsione 2023-2025 &#8211; da erogare tramite le Ulss sulla base dei criteri stabiliti con apposita delibera del 2022.\u00a0 \u201cQuesto provvedimento interviene a sostegno delle famiglie \u2013 sottolinea l\u2019assessore Lanzarin &#8211; non si tratta solo di un adempimento ma di un atto in linea con i fondamentali indirizzi di programmazione sociosanitaria della nostra Regione. Quando si parla di caregiver, si parla di figure che, pur non identificabili in un ambito professionale, svolgono una mansione rilevante nella rete dei nostri servizi sociosanitari. Sono quelle persone, molto spesso familiari, che garantiscono la permanenza nel proprio domicilio di persone non autosufficienti. Un impegno gi\u00e0 di per s\u00e9 gravoso e che, troppo spesso, comporta ricadute sensibili nell\u2019organizzazione del nucleo familiare. Per la sua rilevanza dal punto di vista assistenziale ma anche da quello economico e sociale merita di essere sostenuto\u201d.<\/p>\n<p>&nbsp;<\/p>\n<p>&nbsp;<\/p>\n<p>&nbsp;<\/p>\n<hr \/>\n<p>&nbsp;<\/p>\n<blockquote>\n<h3><a class=\"dt-pswp-item\" href=\"https:\/\/www.radiopiu.net\/wordpress\/wp-content\/uploads\/2023\/03\/Lorenza-ufficio-postale.jpeg\" data-dt-img-description=\"\" data-large_image_width=\"2048\" data-large_image_height=\"970\"><img loading=\"lazy\" decoding=\"async\" class=\" wp-image-324452 alignleft\" src=\"https:\/\/www.radiopiu.net\/wordpress\/wp-content\/uploads\/2023\/03\/Lorenza-ufficio-postale-300x142.jpeg\" alt=\"\" width=\"283\" height=\"134\" srcset=\"https:\/\/www.radiopiu.net\/wordpress\/wp-content\/uploads\/2023\/03\/Lorenza-ufficio-postale-300x142.jpeg 300w, https:\/\/www.radiopiu.net\/wordpress\/wp-content\/uploads\/2023\/03\/Lorenza-ufficio-postale-1024x485.jpeg 1024w, https:\/\/www.radiopiu.net\/wordpress\/wp-content\/uploads\/2023\/03\/Lorenza-ufficio-postale-768x364.jpeg 768w, https:\/\/www.radiopiu.net\/wordpress\/wp-content\/uploads\/2023\/03\/Lorenza-ufficio-postale-1536x728.jpeg 1536w, https:\/\/www.radiopiu.net\/wordpress\/wp-content\/uploads\/2023\/03\/Lorenza-ufficio-postale.jpeg 2048w\" sizes=\"auto, (max-width: 283px) 100vw, 283px\" \/><\/a>LAVORI ALL&#8217;UFFICIO POSTALE DI LORENZAGO<\/h3>\n<\/blockquote>\n<p><strong>LORENZAGO DI CADORE<\/strong> L\u2019ufficio postale sar\u00e0 interessato da interventi di manutenzione straordinaria per migliorare la qualit\u00e0 dei servizi e dell\u2019accoglienza. Durante i lavori Poste Italiane garantir\u00e0 ai cittadini di Lorenzago i servizi attraverso uno sportello dedicato nell\u2019ufficio postale di Lozzo di Cadore, disponibile a partire da gioved\u00ec 2 marzo. L\u2019ufficio postale di Lozzo \u00e8 aperto dal luned\u00ec al venerd\u00ec dalle 8.20 alle 13.45 ed il sabato dalle 8.20 alle 12.45.<\/p>\n<p>&nbsp;<\/p>\n<p>&nbsp;<\/p>\n<p>&nbsp;<\/p>\n<hr \/>\n<p>&nbsp;<\/p>\n<blockquote>\n<h3>MARTEDI IL CONSIGLIO COMUNALE A FALCADE<\/h3>\n<\/blockquote>\n<p><strong>FALCADE<\/strong> Il sindaco di Falcade Mauro Salvaterra ha convocato il consiglio comunale per marted\u00ec alle 20. Otto i punti da discutere nella seduta in programma nella sala consigliare del Municipio. Tra questi si parler\u00e0 del comitato unico di garanzia per le pari opportunit\u00e0, dell&#8217;approvazione delle aliquote IMU, una nota di aggiornamento al DUP, il bilancio di previsione 2023-2025 e un mutamento temporaneo di destinazione dei terreni di uso civico in localit\u00e0 &#8220;Zingari Bassi&#8221; per la costruzione di un cavidotto<\/p>\n<p>&nbsp;<\/p>\n<hr \/>\n<p>&nbsp;<\/p>\n<blockquote>\n<h3>SANITA&#8217; A PAGAMENTO<\/h3>\n<\/blockquote>\n<p><strong>DI FRANCO PIACENTINI<\/strong><\/p>\n<div dir=\"auto\">Nei giorni scorsi, la Agenzia Libero Professionale Intramoenia (attivit\u00e0 dei medici svolta all&#8217;interno delle strutture sanitarie pubbliche) analizzando la situazione della nostra regione, ha evidenziato che i residenti in Veneto, a consuntivo 2022, per curarsi superando (in pi\u00f9 realt\u00e0) le lunghe liste di attesa, pagando le prestazioni curative di tasca propria, hanno complessivamente speso 113 milioni di euro (nel 2021 un po&#8217; meno di 110 milioni di euro). La matematica statistica individuale dice che il pagamento annuo 2022 \u00e8 stato di 22 euro procapite. Ovviamente questo dato individuale entra nella media del &#8220;pollo di Trilussa&#8221;. Le persone povere o quelle con redditi bassi, non sono nelle oggettive condizioni di pagarsi le cure sanitarie. Quindi, sono costrette a sopportare le lunghe liste di attesa e, purtroppo, in alcune situazioni a non potersi curare le patologie non rientranti totalmente nei LEA (livelli essenziali assistenziali sanitari). Non \u00e8 accettabile che sul diritto costituzionale alla salute, continuino ad esserci disparit\u00e0 tra ricchi e poveri, anche qui in Veneto. Sarebbe bene, pi\u00f9 che opportuno, una pacifica e propositiva mobilitazione popolare, promossa da tutti i soggetti che quotidianamente sono impegnati nella salvaguardia dei diritti costituzionali e nella contrattazione sociale.<\/div>\n<p>&nbsp;<\/p>\n<p>&nbsp;<\/p>\n<hr \/>\n<p>&nbsp;<\/p>\n<blockquote>\n<h3>IL PREMIO TRICHIANA PAESE DEL LIBRO IN MEMORIA DI TINA MERLIN<\/h3>\n<\/blockquote>\n<p><strong><a class=\"dt-pswp-item\" href=\"https:\/\/www.radiopiu.net\/wordpress\/wp-content\/uploads\/2018\/03\/Tina_Merlin.jpg\" data-dt-img-description=\"\" data-large_image_width=\"526\" data-large_image_height=\"394\"><img loading=\"lazy\" decoding=\"async\" class=\" wp-image-45086 alignleft\" src=\"https:\/\/www.radiopiu.net\/wordpress\/wp-content\/uploads\/2018\/03\/Tina_Merlin-300x225.jpg\" alt=\"\" width=\"167\" height=\"125\" srcset=\"https:\/\/www.radiopiu.net\/wordpress\/wp-content\/uploads\/2018\/03\/Tina_Merlin-300x225.jpg 300w, https:\/\/www.radiopiu.net\/wordpress\/wp-content\/uploads\/2018\/03\/Tina_Merlin.jpg 526w\" sizes=\"auto, (max-width: 167px) 100vw, 167px\" \/><\/a>BORGO VALBELLUNA <\/strong>Quest\u2019anno che ricorrono i 60 anni dal disastro del Vajont, Trichiana, il paese natale di Tina Merlin ha deciso di renderle omaggio dedicandole l\u2019edizione 2023 del Premio letterario nazionale \u201cTrichiana Paese del Libro\u201d. Tina Merlin \u00e8 infatti indissolubilmente legata al Vajont: ne scrisse prima, durante e dopo, denunciando ci\u00f2 che stava succedendo. Una voce coraggiosa, contro un progetto di sfruttamento della montagna, che purtroppo rimase inascoltata. Gi\u00e0 da ragazzina, quando in famiglia mal sopportava la condizione delle donne contadine, e poi durante la Resistenza, quando scelse di rischiare la vita come staffetta partigiana nella lotta per la libert\u00e0, Tina sprigiona tutta la sua forza. In difesa della sua gente, dei pi\u00f9 deboli, soprattutto delle donne e contro l\u2019ingiustizia, i pregiudizi, il potere, i diritti negati, le prevaricazioni. L\u2019edizione 2023 del Premio letterario nazionale \u201cTrichiana Paese del Libro\u201d si pregia della collaborazione dell\u2019Associazione culturale Tina Merlin, che da anni porta avanti iniziative culturali in sintonia con gli ideali e la produzione letteraria di Tina Merlin. A breve sar\u00e0 svelato il tema sul quale si dovranno cimentare gli scrittori, naturalmente ispirato a Tina Merlin.<\/p>\n<p>&nbsp;<\/p>\n<p>&nbsp;<\/p>\n<hr \/>\n<p>&nbsp;<\/p>\n<p>&nbsp;<\/p>\n<p align=\"CENTER\"><span style=\"font-family: Times New Roman, serif;\"><span style=\"font-size: x-large;\"><b>La Fisica si scopre<\/b><\/span><\/span><\/p>\n<p><span style=\"font-family: Times New Roman, serif;\"><span style=\"font-size: medium;\"><strong>BELLUNO<\/strong> Il 9, 10, 11 marzo 2023 gli studenti del liceo scientifico \u201cGalilei\u201d, sia dell\u2019indirizzo tradizionale che dell\u2019opzione di Scienze applicate, e delle classi quinte del liceo classico \u201cTiziano\u201d parteciperanno ad alcune attivit\u00e0 di <\/span><\/span><span style=\"font-family: Times New Roman, serif;\"><span style=\"font-size: medium;\"><b>Fisica:<\/b><\/span><\/span><span style=\"font-family: Times New Roman, serif;\"><span style=\"font-size: medium;\"> conferenze per le classi prime, seconde e terze; laboratori per le classi quarte; percorsi interattivi per le classi quinte. Le attivit\u00e0, organizzate dai Licei Galilei-Tiziano di Belluno, saranno gestite da giovani ricercatori e docenti del dipartimento di Fisica dell\u2019Universit\u00e0 di Pavia. Verr\u00e0 anche ricordato il nostro prof. Massimo Ottone, insegnante di Matematica e Fisica, prematuramente mancato lo scorso anno.<\/span><\/span><\/p>\n<p>&nbsp;<\/p>\n<hr \/>\n<p>&nbsp;<\/p>\n<blockquote>\n<h2>ARCHIVIO RADIO PIU, 2 FEBBRAIO 2023<\/h2>\n<\/blockquote>\n<blockquote class=\"wp-embedded-content\" data-secret=\"2xHh31sIoZ\"><p><a href=\"https:\/\/www.radiopiu.net\/wordpress\/la-cometa-c2022-e3-ztf\/\">LA COMETA C2022 E3 (ZTF) NEL TELEOBIETTIVO DI MARIO DE MARCO<\/a><\/p><\/blockquote>\n<p><iframe loading=\"lazy\" class=\"wp-embedded-content\" sandbox=\"allow-scripts\" security=\"restricted\" style=\"position: absolute; clip: rect(1px, 1px, 1px, 1px);\" title=\"&#8220;LA COMETA C2022 E3 (ZTF) NEL TELEOBIETTIVO DI MARIO DE MARCO&#8221; &#8212; Radio Pi\u00f9\" src=\"https:\/\/www.radiopiu.net\/wordpress\/la-cometa-c2022-e3-ztf\/embed\/#?secret=T4b4wJQfis#?secret=2xHh31sIoZ\" data-secret=\"2xHh31sIoZ\" width=\"600\" height=\"338\" frameborder=\"0\" marginwidth=\"0\" marginheight=\"0\" scrolling=\"no\"><\/iframe><\/p>\n<p>&nbsp;<\/p>\n<p>&nbsp;<\/p>\n<p>&nbsp;<\/p>\n<hr \/>\n<p>&nbsp;<\/p>\n<blockquote>\n<h3>UN CONCORSO PUBBLICO PER ASSUMERE 140 COMISSARI DELLA CARRIERA DEI FUNZIONARI DELLA POLIZIA DI STATO<\/h3>\n<\/blockquote>\n<p><strong><a class=\"dt-pswp-item\" href=\"https:\/\/www.radiopiu.net\/wordpress\/wp-content\/uploads\/2022\/05\/POLIZIA-2.jpg\" data-dt-img-description=\"\" data-large_image_width=\"1920\" data-large_image_height=\"1080\"><img loading=\"lazy\" decoding=\"async\" class=\" wp-image-278033 alignleft\" src=\"https:\/\/www.radiopiu.net\/wordpress\/wp-content\/uploads\/2022\/05\/POLIZIA-2-300x169.jpg\" alt=\"\" width=\"170\" height=\"96\" srcset=\"https:\/\/www.radiopiu.net\/wordpress\/wp-content\/uploads\/2022\/05\/POLIZIA-2-300x169.jpg 300w, https:\/\/www.radiopiu.net\/wordpress\/wp-content\/uploads\/2022\/05\/POLIZIA-2-1024x576.jpg 1024w, https:\/\/www.radiopiu.net\/wordpress\/wp-content\/uploads\/2022\/05\/POLIZIA-2-768x432.jpg 768w, https:\/\/www.radiopiu.net\/wordpress\/wp-content\/uploads\/2022\/05\/POLIZIA-2-1536x864.jpg 1536w, https:\/\/www.radiopiu.net\/wordpress\/wp-content\/uploads\/2022\/05\/POLIZIA-2.jpg 1920w\" sizes=\"auto, (max-width: 170px) 100vw, 170px\" \/><\/a>BELLUNO <\/strong>Sul Portale Unico del reclutamento, disponibile all\u2019indirizzo <a href=\"http:\/\/www.inpa.gov.it\">www.inpa.gov.it<\/a> nonch\u00e9 sul sito <a href=\"http:\/\/www.poliziadistato.it\">www.poliziadistato.it<\/a>, \u00e8 stato pubblicato il bando di concorso pubblico, per titoli ed esami, per l\u2019assunzione di 140 commissari della carriera dei funzionari della Polizia di Stato, indetto con decreto del 16 febbraio 2023. La domanda di partecipazione al concorso potr\u00e0 essere presentata, \u00a0dalle \u00a0ore \u00a000.00 del 18 febbraio 2023 alle ore 23.59 del 20 marzo 2023, sia tramite il Portale unico di reclutamento che mediante la procedura informatica disponibile all\u2019indirizzo <a href=\"https:\/\/concorsionline.poliziadistato.it\">https:\/\/concorsionline.poliziadistato.it<\/a> (cliccando sull\u2019icona \u201cConcorso pubblico\u201d).<\/p>\n<p>&nbsp;<\/p>\n<hr \/>\n<p>&nbsp;<\/p>\n<blockquote>\n<h3>RUFUS RICORDA DON CLAUDIO<\/h3>\n<\/blockquote>\n<p><a class=\"dt-pswp-item\" href=\"https:\/\/www.radiopiu.net\/wordpress\/wp-content\/uploads\/2023\/03\/image0.png\" data-dt-img-description=\"\" data-large_image_width=\"2273\" data-large_image_height=\"2379\"><img loading=\"lazy\" decoding=\"async\" class=\"wp-image-324468 alignleft\" src=\"https:\/\/www.radiopiu.net\/wordpress\/wp-content\/uploads\/2023\/03\/image0-287x300.png\" alt=\"\" width=\"210\" height=\"220\" srcset=\"https:\/\/www.radiopiu.net\/wordpress\/wp-content\/uploads\/2023\/03\/image0-287x300.png 287w, https:\/\/www.radiopiu.net\/wordpress\/wp-content\/uploads\/2023\/03\/image0-978x1024.png 978w, https:\/\/www.radiopiu.net\/wordpress\/wp-content\/uploads\/2023\/03\/image0-768x804.png 768w, https:\/\/www.radiopiu.net\/wordpress\/wp-content\/uploads\/2023\/03\/image0-1468x1536.png 1468w, https:\/\/www.radiopiu.net\/wordpress\/wp-content\/uploads\/2023\/03\/image0-1957x2048.png 1957w\" sizes=\"auto, (max-width: 210px) 100vw, 210px\" \/><\/a><br \/>\n<strong>FELTRE<\/strong>\u00a0 Domani alle\u00a0 20.30, presso la sede di Confindustria \u201cPalazzo Bianco\u201d in Feltre, su iniziativa ed organizzazione della locale Stazione del CAI di Feltre, verr\u00e0 presentato il volume &#8220;Don Claudio e la luna&#8221; di Fabio Rufus Bristot. E&#8217; la decima presentazione pubblica, segno del buon successo raggiunto in serate sempre sostenute da partecipate presenze di amanti della montagna, sollecitati ed attratti da una storia assai particolare, oltre che da una serie di documenti fotografici con una valenza straordinaria. Porter\u00e0 il saluto e introdurr\u00e0 la serata il Presidente del CAI, Ennio De Simoi, mentre l\u2019incontro sar\u00e0 moderato da Nicola Maccagnan.<\/p>\n<p>&nbsp;<\/p>\n<hr \/>\n<p>&nbsp;<\/p>\n<blockquote>\n<h3>SABATO CON IL CAI TRA FRIULI E VENETO<\/h3>\n<\/blockquote>\n<p><strong>AGORDO<\/strong> Sabato escursione con le racchette da neve a Casera Doana e Monte Verna (2106m). Partenza per la gita in centro Cadore alle 6,45 da Piazzale Marconi. Informazioni ; 380 6983040<\/p>\n<p>&nbsp;<\/p>\n<hr \/>\n<p>&nbsp;<\/p>\n<blockquote>\n<h3>PULIAMO FELTRE, CON GLI ECOVOLONTARI DELLA COMUNITA&#8217; MONTANA FELTRINA<\/h3>\n<\/blockquote>\n<p><strong><a class=\"dt-pswp-item\" href=\"https:\/\/www.radiopiu.net\/wordpress\/wp-content\/uploads\/2022\/10\/2_depuratore-di-Feltre.jpg\" data-dt-img-description=\"\" data-large_image_width=\"1536\" data-large_image_height=\"2048\"><img loading=\"lazy\" decoding=\"async\" class=\" wp-image-302148 alignleft\" src=\"https:\/\/www.radiopiu.net\/wordpress\/wp-content\/uploads\/2022\/10\/2_depuratore-di-Feltre-225x300.jpg\" alt=\"\" width=\"154\" height=\"205\" srcset=\"https:\/\/www.radiopiu.net\/wordpress\/wp-content\/uploads\/2022\/10\/2_depuratore-di-Feltre-225x300.jpg 225w, https:\/\/www.radiopiu.net\/wordpress\/wp-content\/uploads\/2022\/10\/2_depuratore-di-Feltre-768x1024.jpg 768w, https:\/\/www.radiopiu.net\/wordpress\/wp-content\/uploads\/2022\/10\/2_depuratore-di-Feltre-1152x1536.jpg 1152w, https:\/\/www.radiopiu.net\/wordpress\/wp-content\/uploads\/2022\/10\/2_depuratore-di-Feltre.jpg 1536w\" sizes=\"auto, (max-width: 154px) 100vw, 154px\" \/><\/a>FELTRE <\/strong>La mattina di domenica 19 marzo sar\u00e0 dedicata a questa importante iniziativa, che vedr\u00e0 i volontari del Palio, ma anche tutti i cittadini che vorranno aderire, impegnati nella pulizia della citt\u00e0 di Feltre, con particolare riferimento a luoghi o frazioni particolarmente significativi per i Quartieri.sua Pierina Levorato, referente dell\u2019iniziativa per il gruppo degli Ecovolontari: <em>\u201cCome ecovolontari siamo impegnati a sviluppare un senso di rispetto e responsabilit\u00e0 per l&#8217;ambiente con azioni concrete di raccolta dei rifiuti abbandonati\u201d<\/em>. E ha ricordato il loro motto: \u201cSiamo tutti responsabili del decoro del territorio&#8221;. Il ritrovo \u00e8 previsto alle ore 8.30 a Pra\u2019 del Moro.\u00a0 La giornata, coordinata da alcuni volontari degli Ecovolontari, si concluder\u00e0 alle 13.00.Per l\u2019iscrizione si potr\u00e0 inviare una mail con i propri dati (cognome e nome, luogo e data di nascita, codice fiscale e indirizzo) alla mail ecovolontari.umfeltre@gmail.com o come messaggio privato alla pagina facebook <strong>@ecovolontari.umfeltre<\/strong>: questo consentir\u00e0 di attivare l\u2019assicurazione necessaria per partecipare alle attivit\u00e0. . <em>\u201cPer il mondo del Palio, ha commentato il Presidente dell\u2019Associazione Palio Citt\u00e0 di Feltre, Eugenio Tamburrino, \u00e8 un\u2019occasione particolarmente importante per dimostrare ancora una volta l\u2019attaccamento nei confronti della citt\u00e0&#8221;.\u00a0<\/em><\/p>\n<p>&nbsp;<\/p>\n<hr \/>\n<p>&nbsp;<\/p>\n<h2><span style=\"color: #ff0000;\">IERI ALLA RADIO<\/span><\/h2>\n<h3><span style=\"color: #008000;\"><a class=\"dt-pswp-item\" href=\"https:\/\/www.radiopiu.net\/wordpress\/wp-content\/uploads\/2020\/11\/Schermata-2020-11-11-alle-12.25.13.png\" data-dt-img-description=\"\" data-large_image_width=\"594\" data-large_image_height=\"310\"><img loading=\"lazy\" decoding=\"async\" class=\"wp-image-172025 alignleft\" src=\"https:\/\/www.radiopiu.net\/wordpress\/wp-content\/uploads\/2020\/11\/Schermata-2020-11-11-alle-12.25.13-300x157.png\" alt=\"\" width=\"143\" height=\"75\" srcset=\"https:\/\/www.radiopiu.net\/wordpress\/wp-content\/uploads\/2020\/11\/Schermata-2020-11-11-alle-12.25.13-300x157.png 300w, https:\/\/www.radiopiu.net\/wordpress\/wp-content\/uploads\/2020\/11\/Schermata-2020-11-11-alle-12.25.13.png 594w\" sizes=\"auto, (max-width: 143px) 100vw, 143px\" \/><\/a>CISL, LA VOCE PER I LAVORATORI<\/span><\/h3>\n<p><strong>di Mirko Mezzacasa<\/strong><\/p>\n<p>OSPITE: Alessio Piccoli, Femca Cisl<\/p>\n<audio class=\"wp-audio-shortcode\" id=\"audio-324410-6\" preload=\"none\" style=\"width: 100%;\" controls=\"controls\"><source type=\"audio\/mpeg\" src=\"https:\/\/www.radiopiu.net\/wordpress\/wp-content\/uploads\/2023\/02\/FEMCA-CISL-4.mp3?_=6\" \/><a href=\"https:\/\/www.radiopiu.net\/wordpress\/wp-content\/uploads\/2023\/02\/FEMCA-CISL-4.mp3\">https:\/\/www.radiopiu.net\/wordpress\/wp-content\/uploads\/2023\/02\/FEMCA-CISL-4.mp3<\/a><\/audio>\n<p>&nbsp;<\/p>\n<hr \/>\n<p>&nbsp;<\/p>\n<p>&nbsp;<\/p>\n<p>&nbsp;<\/p>\n<h3><span style=\"color: #ff6600;\"><a class=\"dt-pswp-item\" href=\"https:\/\/www.radiopiu.net\/wordpress\/wp-content\/uploads\/2022\/11\/scuola-zaino.jpeg\" data-dt-img-description=\"\" data-large_image_width=\"626\" data-large_image_height=\"417\"><img loading=\"lazy\" decoding=\"async\" class=\" wp-image-306830 alignleft\" src=\"https:\/\/www.radiopiu.net\/wordpress\/wp-content\/uploads\/2022\/11\/scuola-zaino-300x200.jpeg\" alt=\"\" width=\"180\" height=\"120\" srcset=\"https:\/\/www.radiopiu.net\/wordpress\/wp-content\/uploads\/2022\/11\/scuola-zaino-300x200.jpeg 300w, https:\/\/www.radiopiu.net\/wordpress\/wp-content\/uploads\/2022\/11\/scuola-zaino.jpeg 626w\" sizes=\"auto, (max-width: 180px) 100vw, 180px\" \/><\/a>SE NON LA SMETTI TI MANDO DAL PRESIDE<\/span><\/h3>\n<p><strong>di Mirko Mezzacasa<\/strong><\/p>\n<p>Con Maria Rosa Salmazo<\/p>\n<p><strong>PUNTATA DEL 01 MARZO 2023<\/strong><\/p>\n<audio class=\"wp-audio-shortcode\" id=\"audio-324410-7\" preload=\"none\" style=\"width: 100%;\" controls=\"controls\"><source type=\"audio\/mpeg\" src=\"https:\/\/www.radiopiu.net\/wordpress\/wp-content\/uploads\/2023\/03\/SE-NON-LA-SMETTI-18-PUNTATA.mp3?_=7\" \/><a href=\"https:\/\/www.radiopiu.net\/wordpress\/wp-content\/uploads\/2023\/03\/SE-NON-LA-SMETTI-18-PUNTATA.mp3\">https:\/\/www.radiopiu.net\/wordpress\/wp-content\/uploads\/2023\/03\/SE-NON-LA-SMETTI-18-PUNTATA.mp3<\/a><\/audio>\n<p>&nbsp;<\/p>\n<hr \/>\n<p>&nbsp;<\/p>\n<blockquote>\n<h3>DAVID SMART AD OLTRE LE VETTE, PRESENTA IL LIBRO SU EMILIO COMICI<\/h3>\n<\/blockquote>\n<p><strong>BELLUNO<\/strong> L\u2019autore canadese David Smart arriva a Belluno per presentare il suo ultimo libro \u201cEmilio Comici. L\u2019angelo delle Dolomiti\u201d edito da Solferino. L\u2019evento, in programma domenica 5 marzo alle ore 17.00 a palazzo Fulcis, \u00e8 organizzato nell\u2019ambito dell\u2019edizione 2023 del festival Oltre le Vette<\/p>\n\n\t\t\t<style type='text\/css'>\n\t\t\t\t#gallery-5 {\n\t\t\t\t\tmargin: auto;\n\t\t\t\t}\n\t\t\t\t#gallery-5 .gallery-item {\n\t\t\t\t\tfloat: left;\n\t\t\t\t\tmargin-top: 10px;\n\t\t\t\t\ttext-align: center;\n\t\t\t\t\twidth: 50%;\n\t\t\t\t}\n\t\t\t\t#gallery-5 img {\n\t\t\t\t\tborder: 2px solid #cfcfcf;\n\t\t\t\t}\n\t\t\t\t#gallery-5 .gallery-caption {\n\t\t\t\t\tmargin-left: 0;\n\t\t\t\t}\n\t\t\t\t\/* see gallery_shortcode() in wp-includes\/media.php *\/\n\t\t\t<\/style>\n\t\t<div id='gallery-5' class='dt-gallery-container gallery galleryid-324410 gallery-columns-2 gallery-size-thumbnail'><dl class='gallery-item'>\n\t\t\t\t<dt class='gallery-icon portrait'>\n\t\t\t\t\t<a class=\"rollover rollover-zoom dt-pswp-item\" title=\"\" data-dt-img-description=\"\" data-large_image_width=\"590\" data-large_image_height=\"960\"href='https:\/\/www.radiopiu.net\/wordpress\/wp-content\/uploads\/2023\/02\/emilio-comici.jpg'><img loading=\"lazy\" decoding=\"async\" width=\"150\" height=\"150\" src=\"https:\/\/www.radiopiu.net\/wordpress\/wp-content\/uploads\/2023\/02\/emilio-comici-150x150.jpg\" class=\"attachment-thumbnail size-thumbnail\" alt=\"\" aria-describedby=\"gallery-5-324178\" \/><\/a>\n\t\t\t\t<\/dt>\n\t\t\t\t\t<dd class='wp-caption-text gallery-caption' id='gallery-5-324178'>\n\t\t\t\t\temilio-comici\n\t\t\t\t\t<\/dd><\/dl><dl class='gallery-item'>\n\t\t\t\t<dt class='gallery-icon portrait'>\n\t\t\t\t\t<a class=\"rollover rollover-zoom dt-pswp-item\" title=\"David-Smart\" data-dt-img-description=\"\" data-large_image_width=\"665\" data-large_image_height=\"971\"href='https:\/\/www.radiopiu.net\/wordpress\/wp-content\/uploads\/2023\/02\/David-Smart.jpeg'><img loading=\"lazy\" decoding=\"async\" width=\"150\" height=\"150\" src=\"https:\/\/www.radiopiu.net\/wordpress\/wp-content\/uploads\/2023\/02\/David-Smart-150x150.jpeg\" class=\"attachment-thumbnail size-thumbnail\" alt=\"\" aria-describedby=\"gallery-5-324179\" \/><\/a>\n\t\t\t\t<\/dt>\n\t\t\t\t\t<dd class='wp-caption-text gallery-caption' id='gallery-5-324179'>\n\t\t\t\t\tDavid-Smart\n\t\t\t\t\t<\/dd><\/dl><br style=\"clear: both\" \/>\n\t\t\t<\/div>\n\n<p>&nbsp;<\/p>\n<hr \/>\n<p>&nbsp;<\/p>\n<blockquote>\n<h3>IL CONVEGNO DEL CEIS A BELLUNO<\/h3>\n<\/blockquote>\n<p><strong>BELLUNO <\/strong>Sabato 4 marzo dalle ore 9.30 alle 12.15 si terr\u00e0 a Belluno &#8211; presso il Centro Congressi Giovanni XXIII in piazza Piloni 11 con ingresso libero &#8211; il convegno organizzato dalla Fondazione Esodo Onlus e dalla Caritas diocesana di Belluno-Feltre sul tema \u201cEsodo: oltre la pena. Un nuovo sguardo sulla giustizia\u201d in occasione dei dieci anni del Progetto Esodo, il cui obiettivo \u00e8 l\u2019attivazione di percorsi di inclusione sociale e lavorativa per persone detenute, ex detenute e in esecuzione penale esterna<em>.<\/em><\/p>\n<p>&nbsp;<\/p>\n<p>&nbsp;<\/p>\n<hr \/>\n<p>&nbsp;<\/p>\n<p>&nbsp;<\/p>\n<blockquote>\n<h3>FELTRE IN BICI, LA TEORIA PRIMA DI SALIRE IN SELLA<\/h3>\n<\/blockquote>\n<p><strong><img loading=\"lazy\" decoding=\"async\" class=\"alignleft\" src=\"https:\/\/www.radiopiu.net\/wordpress\/wp-content\/uploads\/2023\/02\/th-12.jpg\" width=\"218\" height=\"168\" \/>FELTRE<\/strong> In attesa di risalire in sella e pedalare, Fiab Feltreinbici propone una serie di serate con la rassegna &#8220;LA BICI RACCONTATA 2023&#8221; Questo ciclo di serate sar\u00e0 dedicato ai ciclo viaggiatori e a chi ancora non lo \u00e8 e sta pensando che una vacanza in bicicletta farebbe proprio al caso suo, ma non sa da dove cominciare.<\/p>\n<p><strong>VENERDI 3 MARZO<\/strong> a Fonzaso presso Dolomiti Hub<span style=\"font-family: inherit;\">\u00a0&#8220;Ritorno a Occidente: Dalla Gergia alla Turchia in inverno&#8221;. U<\/span>n viaggio al contrario che ha condotto Leonardo Corradini, Veronica Rizzieri e Nala (fondatori del blog &#8220;Life in Travel), dalle sponde orientali del mar Nero in Georgia a quelle settentrionali del Mediterraneo nella Turchia sud-occidentale.<\/p>\n<p>&nbsp;<\/p>\n<hr \/>\n<p>&nbsp;<\/p>\n<blockquote>\n<h3>CONCERTO PREMIO EDIZIONE 2022<\/h3>\n<\/blockquote>\n<p><strong>BELLUNO<\/strong> Per il secondo anno consecutivo il Centro Culturale di Longarone ospita il concerto-premio dell&#8217;edizione 2022 del Concorso Musicale Citt\u00e0 di Belluno (sezione Canto Moderno), sabato 11 marzo 2023 alle\u00a0 20:45. Quest&#8217;anno ci saranno due importanti novit\u00e0: l&#8217;allestimento floreale del palco da parte dei volontari dell&#8217;infiorata di Igne e la presenza di due ospiti d&#8217;onore: il Cantautore bellunese Alvise Bortolini e la meravigliosa voce di Jessica Lena. <em>&#8220;La volont\u00e0 \u00e8 sempre quella di promuovere i giovani talenti, di far conoscere lo splendido e prezioso lavoro dei nostri volontari&#8221; &#8211; dichiara il Consigliere delegato alla Cultura Anna Olivier &#8211; &#8220;e di creare situazioni di socialit\u00e0, all&#8217;insegna della Bellezza, in questo caso della buona musica&#8221;.\u00a0<\/em><\/p>\n<p>&nbsp;<\/p>\n<hr \/>\n<p>&nbsp;<\/p>\n<blockquote>\n<h3><a class=\"dt-pswp-item\" href=\"https:\/\/www.radiopiu.net\/wordpress\/wp-content\/uploads\/2023\/03\/xm-winter-village.jpg\" data-dt-img-description=\"\" data-large_image_width=\"1536\" data-large_image_height=\"864\"><img loading=\"lazy\" decoding=\"async\" class=\"wp-image-324450 alignleft\" src=\"https:\/\/www.radiopiu.net\/wordpress\/wp-content\/uploads\/2023\/03\/xm-winter-village-300x169.jpg\" alt=\"\" width=\"137\" height=\"77\" srcset=\"https:\/\/www.radiopiu.net\/wordpress\/wp-content\/uploads\/2023\/03\/xm-winter-village-300x169.jpg 300w, https:\/\/www.radiopiu.net\/wordpress\/wp-content\/uploads\/2023\/03\/xm-winter-village-1024x576.jpg 1024w, https:\/\/www.radiopiu.net\/wordpress\/wp-content\/uploads\/2023\/03\/xm-winter-village-768x432.jpg 768w, https:\/\/www.radiopiu.net\/wordpress\/wp-content\/uploads\/2023\/03\/xm-winter-village.jpg 1536w\" sizes=\"auto, (max-width: 137px) 100vw, 137px\" \/><\/a>OGGI AL SAN PELLEGRINO<\/h3>\n<\/blockquote>\n<p>Oggi ai nastri di partenza nella ski area San Pellegrino, l\u2019edizione 2023 di XMasters Winter, la manifestazione di riferimento nel mondo degli action sport sulla neve. Attesi sulle piste, migliaia di appassionati, big dello snowboard e dello sci freestyle. Tra gli ospiti, anche la nazionale paralimpica di snowboard e Silvia Bertagna, la pluricampionessa regina del freestyle acrobatico.<\/p>\n<p>&nbsp;<\/p>\n<p>&nbsp;<\/p>\n<hr \/>\n<p>&nbsp;<\/p>\n<blockquote>\n<h3>A FINE APRILE AGORDO IN VISITA AI GEMELLI FRANCESI<\/h3>\n<\/blockquote>\n<p><strong><a class=\"dt-pswp-item\" href=\"https:\/\/www.radiopiu.net\/wordpress\/wp-content\/uploads\/2023\/02\/GEMELLAGGIO-AGORDO.jpg\" data-dt-img-description=\"\" data-large_image_width=\"374\" data-large_image_height=\"124\"><img loading=\"lazy\" decoding=\"async\" class=\"size-medium wp-image-323724 alignleft\" src=\"https:\/\/www.radiopiu.net\/wordpress\/wp-content\/uploads\/2023\/02\/GEMELLAGGIO-AGORDO-300x99.jpg\" alt=\"\" width=\"300\" height=\"99\" srcset=\"https:\/\/www.radiopiu.net\/wordpress\/wp-content\/uploads\/2023\/02\/GEMELLAGGIO-AGORDO-300x99.jpg 300w, https:\/\/www.radiopiu.net\/wordpress\/wp-content\/uploads\/2023\/02\/GEMELLAGGIO-AGORDO.jpg 374w\" sizes=\"auto, (max-width: 300px) 100vw, 300px\" \/><\/a>AGORDO<\/strong>\u00a0Il Comitato di gemellaggio ha organizzato una gita in Francia, dal 28 aprile al 01 maggio, occasione ideale per l\u2019inaugurazione del graffito di Dunio Piccolin, sar\u00e0 inaugurato s<span id=\"page3R_mcid9\" class=\"markedContent\"><span dir=\"ltr\" role=\"presentation\">abato 29 aprile nella\u00a0<\/span><span dir=\"ltr\" role=\"presentation\">sala delle\u00a0<\/span><span dir=\"ltr\" role=\"presentation\">feste con visita al\u00a0<\/span><span dir=\"ltr\" role=\"presentation\">castello di Dolomieu.\u00a0<span id=\"page3R_mcid11\" class=\"markedContent\">Domenica 30 visita alla citt\u00e0 di Grenoble, centro citt\u00e0, musei, Bastiglia.\u00a0<\/span><span id=\"page3R_mcid17\" class=\"markedContent\">Iscrizioni entro il 20 marzo scrivendo a<\/span><span id=\"page3R_mcid18\" class=\"markedContent\">\u00a0cgemellaggio.agordo@libero.it<\/span><span id=\"page3R_mcid19\" class=\"markedContent\">\u00a0Oppure chiamando il 3489159626<\/span><\/span><\/span><\/p>\n<h3>LO SPECIALE. OSPITI IN STUDIO: CLAUDIA CATTADORI E FABRIZIO CAMPEDEL<\/h3>\n<audio class=\"wp-audio-shortcode\" id=\"audio-324410-8\" preload=\"none\" style=\"width: 100%;\" controls=\"controls\"><source type=\"audio\/mpeg\" src=\"https:\/\/www.radiopiu.net\/wordpress\/wp-content\/uploads\/2023\/02\/GEMELLAGGIO-DOLOMIEU.mp3?_=8\" \/><a href=\"https:\/\/www.radiopiu.net\/wordpress\/wp-content\/uploads\/2023\/02\/GEMELLAGGIO-DOLOMIEU.mp3\">https:\/\/www.radiopiu.net\/wordpress\/wp-content\/uploads\/2023\/02\/GEMELLAGGIO-DOLOMIEU.mp3<\/a><\/audio>\n<p>&nbsp;<\/p>\n<hr \/>\n<h3><\/h3>\n<h3><span style=\"color: #ff00ff;\">DENISE DE ZAIACOMO, PSICOLOGA DELL&#8217;ETA&#8217; EVOLUTIVA<\/span><\/h3>\n<p><strong><a class=\"dt-pswp-item\" href=\"https:\/\/www.radiopiu.net\/wordpress\/wp-content\/uploads\/2023\/02\/DENISE.jpg\" data-dt-img-description=\"\" data-large_image_width=\"750\" data-large_image_height=\"566\"><img loading=\"lazy\" decoding=\"async\" class=\" wp-image-323924 alignleft\" src=\"https:\/\/www.radiopiu.net\/wordpress\/wp-content\/uploads\/2023\/02\/DENISE-300x226.jpg\" alt=\"\" width=\"190\" height=\"143\" srcset=\"https:\/\/www.radiopiu.net\/wordpress\/wp-content\/uploads\/2023\/02\/DENISE-300x226.jpg 300w, https:\/\/www.radiopiu.net\/wordpress\/wp-content\/uploads\/2023\/02\/DENISE.jpg 750w\" sizes=\"auto, (max-width: 190px) 100vw, 190px\" \/><\/a>di Mirko Mezzacasa<\/strong><\/p>\n<p>OSPITE: Denise De Zaiacomo<\/p>\n<audio class=\"wp-audio-shortcode\" id=\"audio-324410-9\" preload=\"none\" style=\"width: 100%;\" controls=\"controls\"><source type=\"audio\/mpeg\" src=\"https:\/\/www.radiopiu.net\/wordpress\/wp-content\/uploads\/2023\/02\/DENISE-DE-ZAIACOMO.mp3?_=9\" \/><a href=\"https:\/\/www.radiopiu.net\/wordpress\/wp-content\/uploads\/2023\/02\/DENISE-DE-ZAIACOMO.mp3\">https:\/\/www.radiopiu.net\/wordpress\/wp-content\/uploads\/2023\/02\/DENISE-DE-ZAIACOMO.mp3<\/a><\/audio>\n<p>&nbsp;<\/p>\n<p>&nbsp;<\/p>\n<p>&nbsp;<\/p>\n<p>&nbsp;<\/p>\n<hr \/>\n<p>&nbsp;<\/p>\n<blockquote>\n<blockquote>\n<h3>WILLIAM DA ROIT\u00a0 OSPITE DI\u00a0 OLTRE TEAM<\/h3>\n<\/blockquote>\n<p><strong>BELLUNO <\/strong>\u00a0Prender\u00e0 il via domani sera, con una cena in compagnia dell&#8217;ultra sportivo William Da Roit, il primo appuntamento della &#8220;Oltre Team Academy 2023&#8221;. Nove appuntamenti dedicati esclusivamente al mondo della bicicletta con un unico obiettivo: imparare, viaggiare, ascoltare, esplorare.<\/p><\/blockquote>\n<p>&nbsp;<\/p>\n<hr \/>\n<p>&nbsp;<\/p>\n<blockquote>\n<h3>LA MOSTRA DI LINDO NESELLO A SOSPIROLO<\/h3>\n<\/blockquote>\n<p><strong>SOSPIROLO<\/strong> Dal 25 febbraio al 19 marzo al Centro Civico di Sospirolo e biblioteca civica si pu\u00f2 visitare la mostra di Lindo Nesello dal titolo &#8220;Il paesaggio inedito degli anni 70-80&#8221;. Ingresso libero<\/p>\n<p>&nbsp;<\/p>\n<p>&nbsp;<\/p>\n<hr \/>\n<p>&nbsp;<\/p>\n<blockquote>\n<h3>IL 19 MARZO TORNA SUL BROI LA VECIA POPA<\/h3>\n<\/blockquote>\n<p><strong>AGORDO<\/strong>\u00a0La Vecia Popa \u00e8 pronta per tonare sul Broi di Agordo . L\u2019Appuntamento \u00e8 per domenica 19 marzo con la festa e l\u2019atteso testamento.<\/p>\n<div id=\"gallery-5\" class=\"dt-gallery-container gallery galleryid-323239 gallery-columns-2 gallery-size-medium\">\n<dl class=\"gallery-item\">\n<dt class=\"gallery-icon landscape\"><a class=\"rollover rollover-zoom dt-pswp-item pspw-wrap-ready this-ready\" title=\"dee7dc2b-e175-4363-a25e-dfe83fa36671\" href=\"https:\/\/www.radiopiu.net\/wordpress\/wp-content\/uploads\/2023\/02\/dee7dc2b-e175-4363-a25e-dfe83fa36671.jpg\" data-dt-img-description=\"\" data-large_image_width=\"813\" data-large_image_height=\"540\"><img loading=\"lazy\" decoding=\"async\" class=\"attachment-medium size-medium\" src=\"https:\/\/www.radiopiu.net\/wordpress\/wp-content\/uploads\/2023\/02\/dee7dc2b-e175-4363-a25e-dfe83fa36671-300x199.jpg\" sizes=\"auto, (max-width: 300px) 100vw, 300px\" srcset=\"https:\/\/www.radiopiu.net\/wordpress\/wp-content\/uploads\/2023\/02\/dee7dc2b-e175-4363-a25e-dfe83fa36671-300x199.jpg 300w, https:\/\/www.radiopiu.net\/wordpress\/wp-content\/uploads\/2023\/02\/dee7dc2b-e175-4363-a25e-dfe83fa36671-768x510.jpg 768w, https:\/\/www.radiopiu.net\/wordpress\/wp-content\/uploads\/2023\/02\/dee7dc2b-e175-4363-a25e-dfe83fa36671.jpg 813w\" alt=\"\" width=\"300\" height=\"199\" \/><i><\/i><\/a><\/dt>\n<\/dl>\n<dl class=\"gallery-item\">\n<dt class=\"gallery-icon landscape\"><a class=\"rollover rollover-zoom dt-pswp-item pspw-wrap-ready this-ready\" title=\"ddc0aeda-a4e9-4a5b-b809-227e841efa46\" href=\"https:\/\/www.radiopiu.net\/wordpress\/wp-content\/uploads\/2023\/02\/ddc0aeda-a4e9-4a5b-b809-227e841efa46.jpg\" data-dt-img-description=\"\" data-large_image_width=\"300\" data-large_image_height=\"199\"><img loading=\"lazy\" decoding=\"async\" class=\"attachment-medium size-medium\" src=\"https:\/\/www.radiopiu.net\/wordpress\/wp-content\/uploads\/2023\/02\/ddc0aeda-a4e9-4a5b-b809-227e841efa46.jpg\" alt=\"\" width=\"300\" height=\"199\" \/><\/a><\/dt>\n<\/dl>\n<\/div>\n<p>&nbsp;<\/p>\n<hr \/>\n<p>&nbsp;<\/p>\n<p>&nbsp;<\/p>\n<blockquote>\n<h2>SAGRA DE PASCA 2023<\/h2>\n<\/blockquote>\n<h3><a class=\"dt-pswp-item\" href=\"https:\/\/www.radiopiu.net\/wordpress\/wp-content\/uploads\/2023\/02\/7307e364-61f7-46fa-b7c5-8a7099f1201d.jpg\" data-dt-img-description=\"\" data-large_image_width=\"1536\" data-large_image_height=\"2048\"><img loading=\"lazy\" decoding=\"async\" class=\" wp-image-324071 alignleft\" src=\"https:\/\/www.radiopiu.net\/wordpress\/wp-content\/uploads\/2023\/02\/7307e364-61f7-46fa-b7c5-8a7099f1201d-225x300.jpg\" alt=\"\" width=\"162\" height=\"216\" srcset=\"https:\/\/www.radiopiu.net\/wordpress\/wp-content\/uploads\/2023\/02\/7307e364-61f7-46fa-b7c5-8a7099f1201d-225x300.jpg 225w, https:\/\/www.radiopiu.net\/wordpress\/wp-content\/uploads\/2023\/02\/7307e364-61f7-46fa-b7c5-8a7099f1201d-768x1024.jpg 768w, https:\/\/www.radiopiu.net\/wordpress\/wp-content\/uploads\/2023\/02\/7307e364-61f7-46fa-b7c5-8a7099f1201d-1152x1536.jpg 1152w, https:\/\/www.radiopiu.net\/wordpress\/wp-content\/uploads\/2023\/02\/7307e364-61f7-46fa-b7c5-8a7099f1201d.jpg 1536w\" sizes=\"auto, (max-width: 162px) 100vw, 162px\" \/><\/a><\/h3>\n<h3><\/h3>\n<h3>APRILE&#8230;. 6 &#8211; 7 &#8211; 8 &#8211; 9 LA SAGRA DE PASCA<\/h3>\n<h3>Scusate il ritardo&#8230;. Si riparte ancora pi\u00f9 forte<\/h3>\n<h3>GRUPPO SPORTIVO, DONATORI DEL SANGUE E PROLOCO DI TAIBON AGORDINO &#8230;..<\/h3>\n<h3><\/h3>\n<p>&nbsp;<\/p>\n<p>&nbsp;<\/p>\n<hr \/>\n<p>&nbsp;<\/p>\n<blockquote>\n<blockquote>\n<h3>COME EVITARE ACCAVALLAMENTI DI EVENTI<\/h3>\n<\/blockquote>\n<p><strong>AGORDO<\/strong> La Proloco ci prova, mettere attorno allo stesso tavolo gli organizzatori di eventi. Obiettivo un calendario condiviso delle manifestazioni 2023. Appuntamento in sala della Biblioteca oggi alle 20.30<\/p>\n<p>&nbsp;<\/p><\/blockquote>\n<hr \/>\n<p>&nbsp;<\/p>\n<p>&nbsp;<\/p>\n<blockquote>\n<h3>IL PARCO RICERCA NUOVI GESTORI PER L\u2019AREA DI PIAN FALCINA<\/h3>\n<\/blockquote>\n<p><strong>FELTRE <\/strong>L\u2019Ente Parco Nazionale Dolomiti Bellunesi ha pubblicato l\u2019avviso di manifestazione di interesse per trovare i gestori dell\u2019area ricreativa di Pian Falcina, in Valle del Mis, in comune di Sospirolo (BL).\u00a0 Tutta la documentazione per partecipare \u00e8 pubblicata sul sito <a href=\"http:\/\/www.dolomitipark.it\">www.dolomitipark.it<\/a>. La manifestazione di interesse va presentata entro venerd\u00ec 10 marzo 2023.<\/p>\n<p>&nbsp;<\/p>\n<p>&nbsp;<\/p>\n<hr \/>\n<p>&nbsp;<\/p>\n<p>&nbsp;<\/p>\n<blockquote>\n<h3>POSIZIONI APERTE, LA PROVINCIA CERCA UN TECNICO E TRE AMMINISTRATIVI<\/h3>\n<\/blockquote>\n<p><strong>BELLUNO I<\/strong>n scadenza il 6 marzo prossimo un concorso pubblico per uno specialista amministrativo-contabile e un altro per un istruttore amministrativo-contabile dei servizi finanziari.\u00a0 Inoltre, altra posizione aperta per un istruttore tecnico\u00a0 da inserire nei servizi tecnici di Palazzo Piloni in scadenza il 24 marzo. Info <a href=\"http:\/\/www.provincia.belluno.it\">www.provincia.belluno.it<\/a><\/p>\n<p>&nbsp;<\/p>\n<p>&nbsp;<\/p>\n<hr \/>\n<blockquote>\n<h3><\/h3>\n<h3>PETTIROSSO AGORDINO CERCA VOLONTARI. L&#8217;INTERVISTA A SONIA D&#8217;AGOSTINI E LAURA MIANA<\/h3>\n<\/blockquote>\n<p><b><a class=\"dt-pswp-item\" href=\"https:\/\/www.radiopiu.net\/wordpress\/wp-content\/uploads\/2023\/02\/97638584-4bea-4ee5-b500-42b553630f9d.jpg\" data-dt-img-description=\"\" data-large_image_width=\"2048\" data-large_image_height=\"1152\"><img loading=\"lazy\" decoding=\"async\" class=\" wp-image-323867 alignleft\" src=\"https:\/\/www.radiopiu.net\/wordpress\/wp-content\/uploads\/2023\/02\/97638584-4bea-4ee5-b500-42b553630f9d-300x169.jpg\" alt=\"\" width=\"213\" height=\"120\" srcset=\"https:\/\/www.radiopiu.net\/wordpress\/wp-content\/uploads\/2023\/02\/97638584-4bea-4ee5-b500-42b553630f9d-300x169.jpg 300w, https:\/\/www.radiopiu.net\/wordpress\/wp-content\/uploads\/2023\/02\/97638584-4bea-4ee5-b500-42b553630f9d-1024x576.jpg 1024w, https:\/\/www.radiopiu.net\/wordpress\/wp-content\/uploads\/2023\/02\/97638584-4bea-4ee5-b500-42b553630f9d-768x432.jpg 768w, https:\/\/www.radiopiu.net\/wordpress\/wp-content\/uploads\/2023\/02\/97638584-4bea-4ee5-b500-42b553630f9d-1536x864.jpg 1536w, https:\/\/www.radiopiu.net\/wordpress\/wp-content\/uploads\/2023\/02\/97638584-4bea-4ee5-b500-42b553630f9d.jpg 2048w\" sizes=\"auto, (max-width: 213px) 100vw, 213px\" \/><\/a>di Mirko Mezzacasa<\/b><\/p>\n<p>OSPITI: Sonia D&#8217;Agostini e Laura Miana, Pettirosso Agordino<\/p>\n<audio class=\"wp-audio-shortcode\" id=\"audio-324410-10\" preload=\"none\" style=\"width: 100%;\" controls=\"controls\"><source type=\"audio\/mpeg\" src=\"https:\/\/www.radiopiu.net\/wordpress\/wp-content\/uploads\/2023\/02\/pettirosso-intervista-sonia-e-laura.mp3?_=10\" \/><a href=\"https:\/\/www.radiopiu.net\/wordpress\/wp-content\/uploads\/2023\/02\/pettirosso-intervista-sonia-e-laura.mp3\">https:\/\/www.radiopiu.net\/wordpress\/wp-content\/uploads\/2023\/02\/pettirosso-intervista-sonia-e-laura.mp3<\/a><\/audio>\n<p>&nbsp;<\/p>\n<p>&nbsp;<\/p>\n<p>&nbsp;<\/p>\n<p>&nbsp;<\/p>\n<p>&nbsp;<\/p>\n<hr \/>\n<p>&nbsp;<\/p>\n<div>\n<div class=\"b654a4as d2edcug0\">\n<div class=\"rq0escxv hkbzh7o3 jwdofwj8 n8tt0mok r8blr3vg hyh9befq\">\n<p><a class=\"dt-pswp-item\" href=\"https:\/\/www.radiopiu.net\/wordpress\/wp-content\/uploads\/2020\/10\/pp.jpg\" data-dt-img-description=\"\" data-large_image_width=\"640\" data-large_image_height=\"640\"><img loading=\"lazy\" decoding=\"async\" class=\"wp-image-163678 alignleft\" src=\"https:\/\/www.radiopiu.net\/wordpress\/wp-content\/uploads\/2020\/10\/pp-300x300.jpg\" alt=\"\" width=\"106\" height=\"106\" srcset=\"https:\/\/www.radiopiu.net\/wordpress\/wp-content\/uploads\/2020\/10\/pp-300x300.jpg 300w, https:\/\/www.radiopiu.net\/wordpress\/wp-content\/uploads\/2020\/10\/pp-150x150.jpg 150w, https:\/\/www.radiopiu.net\/wordpress\/wp-content\/uploads\/2020\/10\/pp-125x125.jpg 125w, https:\/\/www.radiopiu.net\/wordpress\/wp-content\/uploads\/2020\/10\/pp-200x200.jpg 200w, https:\/\/www.radiopiu.net\/wordpress\/wp-content\/uploads\/2020\/10\/pp-80x80.jpg 80w, https:\/\/www.radiopiu.net\/wordpress\/wp-content\/uploads\/2020\/10\/pp-480x480.jpg 480w, https:\/\/www.radiopiu.net\/wordpress\/wp-content\/uploads\/2020\/10\/pp.jpg 640w\" sizes=\"auto, (max-width: 106px) 100vw, 106px\" \/><\/a><\/p>\n<\/div>\n<\/div>\n<\/div>\n<div>\n<div class=\"page-title-head hgroup\">\n<div class=\"page-title-head hgroup\">\n<div class=\"b654a4as d2edcug0\">\n<div class=\"j83agx80 btwxx1t3 lhclo0ds hop8lmos nkwizq5d scwd0bx6 roh60bw9\">\n<div class=\"rq0escxv hkbzh7o3 jwdofwj8 n8tt0mok r8blr3vg hyh9befq\">\n<div class=\"do00u71z l9j0dhe7 k4urcfbm\" style=\"text-align: left;\">\n<h2><span style=\"color: #000080;\">DON CESARE, IL PENSIERO DEL GIORNO. ALLA RADIO ALLE 7 DEL MATTINO E ALLE 19.30 DELLA SERA\u00a0<\/span><\/h2>\n<audio class=\"wp-audio-shortcode\" id=\"audio-324410-11\" preload=\"none\" style=\"width: 100%;\" controls=\"controls\"><source type=\"audio\/mpeg\" src=\"https:\/\/www.radiopiu.net\/wordpress\/wp-content\/uploads\/2023\/03\/CESARE-1.mp3?_=11\" \/><a href=\"https:\/\/www.radiopiu.net\/wordpress\/wp-content\/uploads\/2023\/03\/CESARE-1.mp3\">https:\/\/www.radiopiu.net\/wordpress\/wp-content\/uploads\/2023\/03\/CESARE-1.mp3<\/a><\/audio>\n<\/div>\n<\/div>\n<\/div>\n<\/div>\n<\/div>\n<\/div>\n<\/div>\n<p>&nbsp;<\/p>\n<hr \/>\n<p>&nbsp;<\/p>\n<h2><span style=\"color: #ff00ff;\">IN VIVO VERSO\u00a0 \u00a0\u00a0<\/span><\/h2>\n<blockquote>\n<h3>NON \u00c8 SOLO UN ABBRACCIO di LOREDANA BORGHETTO<\/h3>\n<\/blockquote>\n<div dir=\"auto\">\n<div dir=\"auto\">\n<div dir=\"auto\">\n<p>AUDIO<\/p>\n<audio class=\"wp-audio-shortcode\" id=\"audio-324410-12\" preload=\"none\" style=\"width: 100%;\" controls=\"controls\"><source type=\"audio\/mpeg\" src=\"https:\/\/www.radiopiu.net\/wordpress\/wp-content\/uploads\/2023\/02\/03-LOREDANA-BORGHETTO-NON-E-SOLO-UN-ABBRACCIO.mp3?_=12\" \/><a href=\"https:\/\/www.radiopiu.net\/wordpress\/wp-content\/uploads\/2023\/02\/03-LOREDANA-BORGHETTO-NON-E-SOLO-UN-ABBRACCIO.mp3\">https:\/\/www.radiopiu.net\/wordpress\/wp-content\/uploads\/2023\/02\/03-LOREDANA-BORGHETTO-NON-E-SOLO-UN-ABBRACCIO.mp3<\/a><\/audio>\n<p>&nbsp;<\/p>\n<p>&nbsp;<\/p>\n<p><a class=\"dt-pswp-item\" href=\"https:\/\/www.radiopiu.net\/wordpress\/wp-content\/uploads\/2023\/03\/3-LOREDANA-BORGHETTO.jpg\" data-dt-img-description=\"\" data-large_image_width=\"733\" data-large_image_height=\"733\"><img loading=\"lazy\" decoding=\"async\" class=\"wp-image-324445 alignleft\" src=\"https:\/\/www.radiopiu.net\/wordpress\/wp-content\/uploads\/2023\/03\/3-LOREDANA-BORGHETTO-300x300.jpg\" alt=\"\" width=\"158\" height=\"158\" srcset=\"https:\/\/www.radiopiu.net\/wordpress\/wp-content\/uploads\/2023\/03\/3-LOREDANA-BORGHETTO-300x300.jpg 300w, https:\/\/www.radiopiu.net\/wordpress\/wp-content\/uploads\/2023\/03\/3-LOREDANA-BORGHETTO-150x150.jpg 150w, https:\/\/www.radiopiu.net\/wordpress\/wp-content\/uploads\/2023\/03\/3-LOREDANA-BORGHETTO.jpg 733w\" sizes=\"auto, (max-width: 158px) 100vw, 158px\" \/><\/a><\/p>\n<p><strong>Loredana Borghetto<\/strong><br \/>\n<strong>NON \u00c8 SOLO UN ABBRACCIO<\/strong><\/p>\n<p>Quando il tuo corpo<br \/>\nsi abbandona sul mio<br \/>\ncocci sparsi si ricompongono<br \/>\ne io divento tazza che raccoglie<br \/>\nzampilli di vita<\/p>\n<p>quando il mio corpo<br \/>\ns\u2019abbandona sul tuo<br \/>\nnell\u2019innocenza rifiorita<br \/>\nritrovo i sogni<br \/>\ndi bambina protetta<\/p>\n<p>quando i nostri corpi si accarezzano<br \/>\nricomincia muto il colloquio<br \/>\ninterrotto nei giorni d\u2019inverno,<br \/>\nsi destano i ricordi sulla pelle<br \/>\nche affogano nel fluir lento del sangue.<\/p>\n<p>Quando i nostri corpi si toccano<br \/>\nnon \u00e8 solo un abbraccio<br \/>\n\u00e8 la promessa di caldi scrosci<br \/>\ndi pioggia e di profumi<br \/>\nd\u2019erba fresca.<\/p>\n<p>&nbsp;<\/p>\n<div dir=\"auto\">\n<div dir=\"auto\">\n<div dir=\"auto\">\n<p><strong>LA RACCOLTA COMPLETA<\/strong><\/p>\n<blockquote class=\"wp-embedded-content\" data-secret=\"bOJfIMcNvG\"><p><a href=\"https:\/\/www.radiopiu.net\/wordpress\/in-vivo-verso\/\">In Vivo Verso<\/a><\/p><\/blockquote>\n<p><iframe loading=\"lazy\" class=\"wp-embedded-content\" sandbox=\"allow-scripts\" security=\"restricted\" style=\"position: absolute; clip: rect(1px, 1px, 1px, 1px);\" title=\"&#8220;In Vivo Verso&#8221; &#8212; Radio Pi\u00f9\" src=\"https:\/\/www.radiopiu.net\/wordpress\/in-vivo-verso\/embed\/#?secret=LMT3KzbvCJ#?secret=bOJfIMcNvG\" data-secret=\"bOJfIMcNvG\" width=\"600\" height=\"338\" frameborder=\"0\" marginwidth=\"0\" marginheight=\"0\" scrolling=\"no\"><\/iframe><\/p>\n<p><strong>\u00a0<\/strong><\/p>\n<\/div>\n<\/div>\n<\/div>\n<hr \/>\n<\/div>\n<\/div>\n<\/div>\n<p>&nbsp;<\/p>\n<h2><span style=\"color: #008080;\">GOCCE DI FILOSOFIA<\/span><\/h2>\n<p><strong>GOCCE DI FILOSOFIA \u2013 PUNTATA 258 \u2013 CHIARA CAU<\/strong><\/p>\n<audio class=\"wp-audio-shortcode\" id=\"audio-324410-13\" preload=\"none\" style=\"width: 100%;\" controls=\"controls\"><source type=\"audio\/mpeg\" src=\"https:\/\/www.radiopiu.net\/wordpress\/wp-content\/uploads\/2023\/02\/FI3-3.mp3?_=13\" \/><a href=\"https:\/\/www.radiopiu.net\/wordpress\/wp-content\/uploads\/2023\/02\/FI3-3.mp3\">https:\/\/www.radiopiu.net\/wordpress\/wp-content\/uploads\/2023\/02\/FI3-3.mp3<\/a><\/audio>\n<p>&nbsp;<\/p>\n<p>LA RACCOLTA COMPLETA<\/p>\n<blockquote class=\"wp-embedded-content\" data-secret=\"PlHDZomWJW\"><p><a href=\"https:\/\/www.radiopiu.net\/wordpress\/gocce-filosofia\/\">Gocce di filosofia,  LA TERZA STAGIONE&#8230; 2023<\/a><\/p><\/blockquote>\n<p><iframe loading=\"lazy\" class=\"wp-embedded-content\" sandbox=\"allow-scripts\" security=\"restricted\" style=\"position: absolute; clip: rect(1px, 1px, 1px, 1px);\" title=\"&#8220;Gocce di filosofia,  LA TERZA STAGIONE&#8230; 2023&#8221; &#8212; Radio Pi\u00f9\" src=\"https:\/\/www.radiopiu.net\/wordpress\/gocce-filosofia\/embed\/#?secret=8OMe8nlnTu#?secret=PlHDZomWJW\" data-secret=\"PlHDZomWJW\" width=\"600\" height=\"338\" frameborder=\"0\" marginwidth=\"0\" marginheight=\"0\" scrolling=\"no\"><\/iframe><\/p>\n<p>&nbsp;<\/p>\n<p>&nbsp;<\/p>\n<hr \/>\n<p>&nbsp;<\/p>\n<div class=\"column\">\n<p><img loading=\"lazy\" decoding=\"async\" class=\"aligncenter wp-image-61954 size-full\" src=\"https:\/\/www.radiopiu.net\/wordpress\/wp-content\/uploads\/2018\/09\/viabilita.jpeg\" sizes=\"auto, (max-width: 800px) 100vw, 800px\" srcset=\"https:\/\/www.radiopiu.net\/wordpress\/wp-content\/uploads\/2018\/09\/viabilita.jpeg 800w, https:\/\/www.radiopiu.net\/wordpress\/wp-content\/uploads\/2018\/09\/viabilita-300x38.jpeg 300w, https:\/\/www.radiopiu.net\/wordpress\/wp-content\/uploads\/2018\/09\/viabilita-768x96.jpeg 768w\" alt=\"\" width=\"800\" height=\"100\" \/><\/p>\n<p>&nbsp;<\/p>\n<blockquote class=\"wp-embedded-content\" data-secret=\"jSJd2Xrzlw\"><p><a href=\"https:\/\/www.radiopiu.net\/wordpress\/viabilita\/\">viabilita<\/a><\/p><\/blockquote>\n<p><iframe loading=\"lazy\" class=\"wp-embedded-content\" sandbox=\"allow-scripts\" security=\"restricted\" style=\"position: absolute; clip: rect(1px, 1px, 1px, 1px);\" title=\"&#8220;viabilita&#8221; &#8212; Radio Pi\u00f9\" src=\"https:\/\/www.radiopiu.net\/wordpress\/viabilita\/embed\/#?secret=7VX2L42SBs#?secret=jSJd2Xrzlw\" data-secret=\"jSJd2Xrzlw\" width=\"600\" height=\"338\" frameborder=\"0\" marginwidth=\"0\" marginheight=\"0\" scrolling=\"no\"><\/iframe><\/p>\n<div>\n<div dir=\"ltr\">\n<div class=\"gmail_quote\">\n<div dir=\"ltr\">\n<div class=\"gmail_quote\"><\/div>\n<\/div>\n<\/div>\n<\/div>\n<\/div>\n<p>&nbsp;<\/p>\n<hr \/>\n<p>&nbsp;<\/p>\n<p><a class=\"dt-pswp-item\" href=\"https:\/\/www.radiopiu.net\/wordpress\/wp-content\/uploads\/2018\/09\/WhatsApp-Image-2018-09-20-at-16.04.06.jpeg\" data-dt-img-description=\"\" data-large_image_width=\"800\" data-large_image_height=\"100\"><img loading=\"lazy\" decoding=\"async\" class=\"wp-image-61378 size-full aligncenter\" src=\"https:\/\/www.radiopiu.net\/wordpress\/wp-content\/uploads\/2018\/09\/WhatsApp-Image-2018-09-20-at-16.04.06.jpeg\" alt=\"\" width=\"800\" height=\"100\" srcset=\"https:\/\/www.radiopiu.net\/wordpress\/wp-content\/uploads\/2018\/09\/WhatsApp-Image-2018-09-20-at-16.04.06.jpeg 800w, https:\/\/www.radiopiu.net\/wordpress\/wp-content\/uploads\/2018\/09\/WhatsApp-Image-2018-09-20-at-16.04.06-300x38.jpeg 300w, https:\/\/www.radiopiu.net\/wordpress\/wp-content\/uploads\/2018\/09\/WhatsApp-Image-2018-09-20-at-16.04.06-768x96.jpeg 768w\" sizes=\"auto, (max-width: 800px) 100vw, 800px\" \/><\/a><\/p>\n<p>&nbsp;<\/p>\n<\/div>\n<p><center><b>OGGI<\/b><\/center><b>Tempo atteso: <\/b>Nella notte e fino al mattino coperto e precipitazioni diffuse. Per gran parte della giornata ancora molto nuvoloso per nubi medie e basse stratiformi. Dal pomeriggio riduzione della nuvolosit\u00e0 e prime schiarite, un pi\u00f9 ampie in serata. Contesto termico fresco con debole escursione termica giornaliera.<br \/>\n<b>Precipitazioni: <\/b>Nella notte e fino al mattino alta probabilit\u00e0 di deboli precipitazioni (80-100%), moderate su Prealpi, nevose sopra i 700-1200 m (le quote pi\u00f9 basse fanno riferimento alle Prealpi vicentine). Al pomeriggio esaurimento dei fenomeni.<br \/>\n<b>Temperature: <\/b>Senza notevoli variazioni, salvo rialzo delle minime nelle valli per assenza d&#8217;irraggiamento.<\/p>\n<hr \/>\n<p><center><b>DOMANI<\/b><\/center><b>Tempo atteso: <\/b>Solo in parte soleggiato per la presenza di nuvolosit\u00e0 variabile, anche di tipo basso al mattino in alcuni fondovalle. Nel pomeriggio addensamenti specie su Prealpi.<br \/>\n<b>Precipitazioni: <\/b>Generalmente assenti, seppur non del tutto escluso qualche fiocco sulle cime Prealpine nel pomeriggio (0-10%)<br \/>\n<b>Temperature: <\/b>Temperature minime in calo, anche per irraggiamento notturno; massime in aumento<\/p>\n<hr \/>\n<p><center><b>SABATO<\/b><\/center>Sereno, aria tersa ed ottima visibilit\u00e0. Qualche nube bassa fino al primo mattino in rapido dissolvimento. Temperature in generale lieve aumento.<\/p>\n<hr \/>\n<p><center><b>DOMENICA<\/b><\/center>Su Dolomiti generalmente ben soleggiato con qualche nube dal tardo pomeriggio. Su Prealpi possibile qualche addensamento gi\u00e0 al mattino ma pi\u00f9 probabile dal pomeriggio con cielo parzialmente nuvoloso. Dalla sera generale aumento della nuvolosit\u00e0 ovunque. Temperature generalmente stazionarie.<\/p>\n<p>&nbsp;<\/p>\n<p>&nbsp;<\/p>\n<hr \/>\n<p>&nbsp;<\/p>\n<p><a class=\"dt-pswp-item\" href=\"https:\/\/www.radiopiu.net\/wordpress\/wp-content\/uploads\/2018\/09\/sport.jpg\" data-dt-img-description=\"\" data-large_image_width=\"800\" data-large_image_height=\"100\"><img loading=\"lazy\" decoding=\"async\" class=\"aligncenter wp-image-60761 size-full\" src=\"https:\/\/www.radiopiu.net\/wordpress\/wp-content\/uploads\/2018\/09\/sport.jpg\" alt=\"\" width=\"800\" height=\"100\" srcset=\"https:\/\/www.radiopiu.net\/wordpress\/wp-content\/uploads\/2018\/09\/sport.jpg 800w, https:\/\/www.radiopiu.net\/wordpress\/wp-content\/uploads\/2018\/09\/sport-300x38.jpg 300w, https:\/\/www.radiopiu.net\/wordpress\/wp-content\/uploads\/2018\/09\/sport-768x96.jpg 768w\" sizes=\"auto, (max-width: 800px) 100vw, 800px\" \/><\/a><\/p>\n<p>&nbsp;<\/p>\n<p><span style=\"color: #0000ff;\"><strong>PARALIMPICI<\/strong><\/span><\/p>\n<blockquote>\n<h3>LUCA PALLA: RAGAZZO D&#8217;ORO!<\/h3>\n<\/blockquote>\n<p><strong><a class=\"dt-pswp-item\" href=\"https:\/\/www.radiopiu.net\/wordpress\/wp-content\/uploads\/2023\/03\/2553783_1022_12391294_10204982508071918_4538265222172365182_n.jpg\" data-dt-img-description=\"\" data-large_image_width=\"620\" data-large_image_height=\"339\"><img loading=\"lazy\" decoding=\"async\" class=\" wp-image-324525 alignleft\" src=\"https:\/\/www.radiopiu.net\/wordpress\/wp-content\/uploads\/2023\/03\/2553783_1022_12391294_10204982508071918_4538265222172365182_n-300x164.jpg\" alt=\"\" width=\"234\" height=\"128\" srcset=\"https:\/\/www.radiopiu.net\/wordpress\/wp-content\/uploads\/2023\/03\/2553783_1022_12391294_10204982508071918_4538265222172365182_n-300x164.jpg 300w, https:\/\/www.radiopiu.net\/wordpress\/wp-content\/uploads\/2023\/03\/2553783_1022_12391294_10204982508071918_4538265222172365182_n.jpg 620w\" sizes=\"auto, (max-width: 234px) 100vw, 234px\" \/><\/a>REDAZIONE\u00a0<\/strong> Medaglia d&#8217;oro per\u00a0Luca Palla nel gigante categoria standing, al Passo Rolle, sulla prima assoluta della Coppa Italia di sci alpino paralimpico. L&#8217;atleta Fodom\u00a0 ha prevalso per 11 centesimi su Christian Lanthaler ( Alto Adige). Il prossimo appuntamento \u00e8 sabato alla Presolana con un altro gigante. Il 18 e 19 marzo a Cortina si svolgeranno i Campionati italiani.<\/p>\n<p>&nbsp;<\/p>\n<blockquote>\n<h2>Luca \u00e8 sempre il campione che era da ragazzino.<\/h2>\n<\/blockquote>\n<p><strong>ARCHIVIO RADIOPIU DI MIRKO MEZZACASA, 12 LUGLIO 2017<\/strong><\/p>\n<p><strong>Luca\u00a0<\/strong>ha il marchio del calcio nel cognome: Palla. Il ragazzo Fodom classe 1986, fino allo scorso anno portiere della squadra del suo paese, da ragazzino fuoriclasse vincitore di titoli, a 19 anni fu coinvolto in un grave incidente sul lavoro. Proprio in quella circostanza Luca ha dimostrato di avere determinazione e carattere da vendere. Quella notte del 1 gennaio 2005, mentre stava lavorando nell&#8217;innevamento delle piste da sci nel comprensorio di Arabba,\u00a0<strong>una fune di acciaio\u00a0<\/strong>usata per ancorare il gatto delle nevi lungo un pendio molto insidioso,<strong>\u00a0gli ha tranciato di netto la gamba all&#8217;altezza del ginocchio<\/strong>. Luca non si perse d&#8217;animo, prese l&#8217;arto strappato, lo riempi di neve e ghiaccio e poi<strong>\u00a0lo avvolse in una giacca attendendo i soccorsi<\/strong>. Due anni dopo l&#8217;incidente), Luca ha ripreso a tirare calci al pallone, a anche a pedalare partecipando a gran fondo di ciclismo su lunghe distanze chilometriche, allena la squadra del comitato veneto di sci alpinismo, fa il maestro di sci<\/p>\n<p>&nbsp;<\/p>\n<p><span style=\"color: #0000ff;\"><strong>SKIALP<\/strong><\/span><\/p>\n<blockquote>\n<h3>MARTINA SCOLA E&#8217; QUARTA NELLA VERTICAL AI MONDIALI DI SKIALP<\/h3>\n<\/blockquote>\n<p><strong><a class=\"dt-pswp-item\" href=\"https:\/\/www.radiopiu.net\/wordpress\/wp-content\/uploads\/2023\/03\/MARTINA-SCOLA.jpeg\" data-dt-img-description=\"\" data-large_image_width=\"1228\" data-large_image_height=\"914\"><img loading=\"lazy\" decoding=\"async\" class=\" wp-image-324434 alignleft\" src=\"https:\/\/www.radiopiu.net\/wordpress\/wp-content\/uploads\/2023\/03\/MARTINA-SCOLA-300x223.jpeg\" alt=\"\" width=\"223\" height=\"165\" srcset=\"https:\/\/www.radiopiu.net\/wordpress\/wp-content\/uploads\/2023\/03\/MARTINA-SCOLA-300x223.jpeg 300w, https:\/\/www.radiopiu.net\/wordpress\/wp-content\/uploads\/2023\/03\/MARTINA-SCOLA-1024x762.jpeg 1024w, https:\/\/www.radiopiu.net\/wordpress\/wp-content\/uploads\/2023\/03\/MARTINA-SCOLA-768x572.jpeg 768w, https:\/\/www.radiopiu.net\/wordpress\/wp-content\/uploads\/2023\/03\/MARTINA-SCOLA.jpeg 1228w\" sizes=\"auto, (max-width: 223px) 100vw, 223px\" \/><\/a>di Marco Gaz<\/strong><\/p>\n<p><strong>REDAZIONE<\/strong> Continuano i Mondiali di Ski Alp a Bo\u00ed Ta\u00fcll su Pirenei spagnoli e continuano le soddisfazioni per Martina Scola. Dopo la decima posizione nella prima gara, Martina ha mancato il podio per pochi secondi nella Vertical Under 18. Una grande prova della ragazza della Valle del Biois che alla sua prima esperienza in nazionale sta facendo vedere di che pasta \u00e8 fatta. La migliore italiana della giornata, davanti a lei solo due spagnole la cinese Cidan che ha vinto la gara. Un mondiale da incorniciare per Martina che conferma l&#8217;ottimo stato di forma in questa stagione.<\/p>\n<p><strong>IL BRONZO DI ALBA <\/strong>A vincere l&#8217;oro nel Vertical assoluto donne \u00e8 stata la fuoriclasse francese Axelle Gachet Mollaret che si \u00e8 imposta con 33&#8243; sull&#8217;austriaca Sarah Dreier e con 59&#8243;3 su Alba De Silvestro. Una medaglia inaspettata per la ragazza di Padola, che in questa stagione sta facendo i conti con una condizione non al top, a causa di problemi a una gamba che si trascinano da mesi<\/p>\n<p>(FOTO: <em>Maurizio Torri)<\/em><\/p>\n<p>&nbsp;<\/p>\n<hr \/>\n<p>&nbsp;<\/p>\n<blockquote>\n<h3>DOMANI: LA MOLINO CAVERSON<\/h3>\n<\/blockquote>\n<p><strong>FALCADE<\/strong> Domani alle 19.30 terza tappa del circuito 4 Valli di Ski Alp. Gara di sci alpinismo in notturna.<\/p>\n<p>&nbsp;<\/p>\n<p><em>Alla radio, stiamo seguendo l&#8217;importante evento intervallivo con la collaborazione di Carlo Zanon, appassionato ed esperto della materia.<\/em><\/p>\n<p><strong>AUDIO\u00a0<\/strong><\/p>\n<p><strong>di Mirko Mezzacasa, ospite Carlo Zanon<\/strong><\/p>\n<audio class=\"wp-audio-shortcode\" id=\"audio-324410-14\" preload=\"none\" style=\"width: 100%;\" controls=\"controls\"><source type=\"audio\/mpeg\" src=\"https:\/\/www.radiopiu.net\/wordpress\/wp-content\/uploads\/2023\/02\/CARLO-ZANON-1.mp3?_=14\" \/><a href=\"https:\/\/www.radiopiu.net\/wordpress\/wp-content\/uploads\/2023\/02\/CARLO-ZANON-1.mp3\">https:\/\/www.radiopiu.net\/wordpress\/wp-content\/uploads\/2023\/02\/CARLO-ZANON-1.mp3<\/a><\/audio>\n<p>&nbsp;<\/p>\n<p>&nbsp;<\/p>\n<p>&nbsp;<\/p>\n<hr \/>\n<p>&nbsp;<\/p>\n<p><span style=\"color: #0000ff;\"><strong>CALCIO<\/strong><\/span><\/p>\n<blockquote>\n<h3>GABRIEL MARCON, UN AGORDINO IN PROVA ALLA JUVENTUS<\/h3>\n<\/blockquote>\n<p><strong><a class=\"dt-pswp-item\" href=\"https:\/\/www.radiopiu.net\/wordpress\/wp-content\/uploads\/2023\/03\/SCR-20230301-wks.jpeg\" data-dt-img-description=\"\" data-large_image_width=\"1492\" data-large_image_height=\"996\"><img loading=\"lazy\" decoding=\"async\" class=\" wp-image-324509 alignleft\" src=\"https:\/\/www.radiopiu.net\/wordpress\/wp-content\/uploads\/2023\/03\/SCR-20230301-wks-300x200.jpeg\" alt=\"\" width=\"200\" height=\"133\" srcset=\"https:\/\/www.radiopiu.net\/wordpress\/wp-content\/uploads\/2023\/03\/SCR-20230301-wks-300x200.jpeg 300w, https:\/\/www.radiopiu.net\/wordpress\/wp-content\/uploads\/2023\/03\/SCR-20230301-wks-1024x684.jpeg 1024w, https:\/\/www.radiopiu.net\/wordpress\/wp-content\/uploads\/2023\/03\/SCR-20230301-wks-768x513.jpeg 768w, https:\/\/www.radiopiu.net\/wordpress\/wp-content\/uploads\/2023\/03\/SCR-20230301-wks.jpeg 1492w\" sizes=\"auto, (max-width: 200px) 100vw, 200px\" \/><\/a>REDAZIONE<\/strong> Anche un agordino in prova alla Juventus. Si tratta di Gabriel Marcon, classe 2008, difensore dell&#8217;under 15 della Dolomiti Bellunesi che assieme al suo compagno di squadra in questi giorni si trova a Vinovo, il centro sportivo della vecchia signora, per dei test assieme a dei suoi pari et\u00e0. Non \u00e8 la prima volta che Marcon viene adocchiato da club blasonati. Gi\u00e0 la scorsa estate Gabriel aveva avuto l&#8217;occasione di far parte delle giovanili del Torino ma le cose non erano andate per il verso giusto.<\/p>\n<p>Negli ultimi due giorni il ragazzo di Gosaldo ha avuto modo di fare delle sedute di allenamento. Gi\u00e0 poco tempo fa era stato chiamato con la Rappresentativa Nazionale Under 15.<\/p>\n<p>&nbsp;<\/p>\n<p>&nbsp;<\/p>\n<hr \/>\n<p>&nbsp;<\/p>\n<p><span style=\"color: #0000ff;\"><strong>PALLAVOLO<\/strong><\/span><\/p>\n<blockquote>\n<h3>UN FINE SETTIMANA NERO PER IL VOLLEY CLUB AGORDINO<\/h3>\n<\/blockquote>\n<p><strong><a class=\"dt-pswp-item\" href=\"https:\/\/www.radiopiu.net\/wordpress\/wp-content\/uploads\/2021\/03\/VOLLEY.jpg\" data-dt-img-description=\"\" data-large_image_width=\"1280\" data-large_image_height=\"853\"><img loading=\"lazy\" decoding=\"async\" class=\" wp-image-196965 alignleft\" src=\"https:\/\/www.radiopiu.net\/wordpress\/wp-content\/uploads\/2021\/03\/VOLLEY-300x200.jpg\" alt=\"\" width=\"185\" height=\"123\" srcset=\"https:\/\/www.radiopiu.net\/wordpress\/wp-content\/uploads\/2021\/03\/VOLLEY-300x200.jpg 300w, https:\/\/www.radiopiu.net\/wordpress\/wp-content\/uploads\/2021\/03\/VOLLEY-1024x682.jpg 1024w, https:\/\/www.radiopiu.net\/wordpress\/wp-content\/uploads\/2021\/03\/VOLLEY-768x512.jpg 768w, https:\/\/www.radiopiu.net\/wordpress\/wp-content\/uploads\/2021\/03\/VOLLEY.jpg 1280w\" sizes=\"auto, (max-width: 185px) 100vw, 185px\" \/><\/a>di Marco Gaz<\/strong><\/p>\n<p><strong>REDAZIONE<\/strong> Lo si pu\u00f2 definire un fine settimana da archiviare in fretta quello appena trascorso per i Volley Club Agordino. Quattro Partite giocate e quattro sconfitte per le ragazze di Agordo. Sono iniziati i campionati giovanili e sono due le categorie in cui la compagine agordina \u00e8 iscritta. Esordio con sconfitta per le giovani under 14 che hanno perso 3 a 0 contro la Occhiali Vision di Fontanelle in provincia di Treviso. Esordio amaro anche per la squadra Under 16 che nelle prime due sfide di campionato ha racimolato due sconfitte, l&#8217;ultima domenica in casa con il Limana dove le ragazze della Valbelluna hanno superato facilmente le agordine. Ha perso anche la prima squadra del Volley Club Agordino dopo una partita al cardiopalma durata 5 set. Le ragazze allenate da De Nardin hanno lottato con le unghie ma non sono riuscite a fare il bottino pieno. Intanto nel prossimo fine settimana si torna in campo con tutte e tre le squadre. L&#8217;under 14 Gioca in casa sabato alle 18:30 contro la Spes Belluno, Under 16 in campo domenica in terra trevigiana per affrontare il ViVa Volley. La prima squadra giocher\u00e0 in traferta sabato sera alle 20:30 contro Vedelago.<\/p>\n<p>&nbsp;<\/p>\n<blockquote>\n<h3>PER MARTINEZ DA ORA IN POI OGNI PARTITA FARA&#8217; LA DIFFERENZA<\/h3>\n<\/blockquote>\n<p><strong><a class=\"dt-pswp-item\" href=\"https:\/\/www.radiopiu.net\/wordpress\/wp-content\/uploads\/2023\/03\/Gonzalo_Martinez_impegnato_in_ricezione.jpg\" data-dt-img-description=\"\" data-large_image_width=\"1280\" data-large_image_height=\"853\"><img loading=\"lazy\" decoding=\"async\" class=\" wp-image-324413 alignleft\" src=\"https:\/\/www.radiopiu.net\/wordpress\/wp-content\/uploads\/2023\/03\/Gonzalo_Martinez_impegnato_in_ricezione-300x200.jpg\" alt=\"\" width=\"185\" height=\"123\" srcset=\"https:\/\/www.radiopiu.net\/wordpress\/wp-content\/uploads\/2023\/03\/Gonzalo_Martinez_impegnato_in_ricezione-300x200.jpg 300w, https:\/\/www.radiopiu.net\/wordpress\/wp-content\/uploads\/2023\/03\/Gonzalo_Martinez_impegnato_in_ricezione-1024x682.jpg 1024w, https:\/\/www.radiopiu.net\/wordpress\/wp-content\/uploads\/2023\/03\/Gonzalo_Martinez_impegnato_in_ricezione-768x512.jpg 768w, https:\/\/www.radiopiu.net\/wordpress\/wp-content\/uploads\/2023\/03\/Gonzalo_Martinez_impegnato_in_ricezione.jpg 1280w\" sizes=\"auto, (max-width: 185px) 100vw, 185px\" \/><\/a>BELLUNO <\/strong>Gonzalo Martinez non ha tentennamenti. In campo, come nella quotidianit\u00e0, \u00e8 abituato ad andare dritto al punto: \u00abD\u2019ora in poi, tutte le partite saranno decisive\u00bb. Il libero della Pallavolo Maschile Belluno morde il freno ed \u00e8 pronto a immergersi in un finale di stagione che i rinoceronti vogliono vivere da protagonisti: \u00abLa classifica parla chiaro &#8211; riprende il ventenne cresciuto nel Volley Treviso -. Quattro lunghezze davanti a noi c\u2019\u00e8 Savigliano, ma dal quinto al nono posto siamo tutte l\u00ec, attaccate. Quindi, nessun dubbio: ogni sfida \u00e8 fondamentale\u00bb.<span class=\"gmail-Apple-converted-space\">\u00a0<\/span>Con le unghie e con i denti, la DRL \u00e8 rimasta aggrappata allo scalino numero 5 della graduatoria. Determinanti, in tal senso, i 2 punti strappati all\u2019ErmGroup San Giustino, nello sfida diretta di domenica scorsa: \u00abSapevamo che sarebbe stata dura, contro una squadra di grande valore e capace di interpretare al meglio la fase muro-difesa. Ne \u00e8 nato un match molto altalenante, ma sono contentissimo del nostro quinto set: nonostante fossimo sotto 8-4 nel punteggio, abbiamo avuto il merito di non mollare. E l\u2019ottimo lavoro dei battitori ha fatto la differenza\u00bb.<span class=\"gmail-Apple-converted-space\">\u00a0<\/span><\/p>\n<p>&nbsp;<\/p>\n<p>&nbsp;<\/p>\n<hr \/>\n<p>&nbsp;<\/p>\n<p><span style=\"color: #0000ff;\"><strong>SCI ALPINO<\/strong><\/span><\/p>\n<blockquote>\n<h3>ALLA SKI AREA SAN PELLEGRINO DUE SUPERG VALIDI PER IL GRAN PREMIO ITALIA<\/h3>\n<\/blockquote>\n<p><strong><a class=\"dt-pswp-item\" href=\"https:\/\/www.radiopiu.net\/wordpress\/wp-content\/uploads\/2023\/03\/ti-comunicazione_-ski-area-san-pellegrino-1024x683-1.jpg\" data-dt-img-description=\"\" data-large_image_width=\"1024\" data-large_image_height=\"683\"><img loading=\"lazy\" decoding=\"async\" class=\" wp-image-324415 alignleft\" src=\"https:\/\/www.radiopiu.net\/wordpress\/wp-content\/uploads\/2023\/03\/ti-comunicazione_-ski-area-san-pellegrino-1024x683-1-300x200.jpg\" alt=\"\" width=\"173\" height=\"115\" srcset=\"https:\/\/www.radiopiu.net\/wordpress\/wp-content\/uploads\/2023\/03\/ti-comunicazione_-ski-area-san-pellegrino-1024x683-1-300x200.jpg 300w, https:\/\/www.radiopiu.net\/wordpress\/wp-content\/uploads\/2023\/03\/ti-comunicazione_-ski-area-san-pellegrino-1024x683-1-768x512.jpg 768w, https:\/\/www.radiopiu.net\/wordpress\/wp-content\/uploads\/2023\/03\/ti-comunicazione_-ski-area-san-pellegrino-1024x683-1.jpg 1024w\" sizes=\"auto, (max-width: 173px) 100vw, 173px\" \/><\/a>FALCADE <\/strong>Saranno due giorni di grande sci quelli che andranno in scena oggi e domani sulla Ski Area San Pellegrino. Una due giorni FIS dedicata alla velocit\u00e0. Due SuperG validi per il Gran Premio Italia Maschile. Sar\u00e0 l\u2019occasione per vedere all\u2019opera i migliori giovani interpreti della velocit\u00e0. Le due gare sono rese possibili dalla sinergia tra Ski College e e Ski area San Pellegrino Dolomiti, con il supporto dello Sci club Val Biois, un importante impegno organizzativo per i due sodalizi di Falcade che si impegneranno per rendere l&#8217;evento unico. (foto: skicollegevento.it)<\/p>\n<p>&nbsp;<\/p>\n<blockquote class=\"wp-embedded-content\" data-secret=\"y98HkNQ4Z6\"><p><a href=\"https:\/\/www.radiopiu.net\/wordpress\/sui-domini-collettivi-ossia-i-cosiddetti-usi-civici-le-regole-e-altri-seconda-parte\/\">SUI DOMINI COLLETTIVI OSSIA I COSIDDETTI USI CIVICI, LE REGOLE E ALTRI \u2013 SECONDA PARTE<\/a><\/p><\/blockquote>\n<p><iframe loading=\"lazy\" class=\"wp-embedded-content\" sandbox=\"allow-scripts\" security=\"restricted\" style=\"position: absolute; clip: rect(1px, 1px, 1px, 1px);\" title=\"&#8220;SUI DOMINI COLLETTIVI OSSIA I COSIDDETTI USI CIVICI, LE REGOLE E ALTRI \u2013 SECONDA PARTE&#8221; &#8212; Radio Pi\u00f9\" src=\"https:\/\/www.radiopiu.net\/wordpress\/sui-domini-collettivi-ossia-i-cosiddetti-usi-civici-le-regole-e-altri-seconda-parte\/embed\/#?secret=WAHFK9Eacx#?secret=y98HkNQ4Z6\" data-secret=\"y98HkNQ4Z6\" width=\"600\" height=\"338\" frameborder=\"0\" marginwidth=\"0\" marginheight=\"0\" scrolling=\"no\"><\/iframe><\/p>\n<p>&nbsp;<\/p>\n","protected":false},"excerpt":{"rendered":"<p>RADIO PIU INFORMAZIONE il canale su TELEGRAM informazione di prima\u00a0 mano e in tempo reale. iscriviti ed aiutaci a farlo conoscere\u00a0 \u00a0 \u00a0 IERI SERA ALLA RADIO, COME 40 ANNI FA CON Simonetta, Marco, Moreno e Mirko. OSPITI Maddalena Da Rozze e Francesca Mussoi, Pietro Urpi, Fabio Guadagnini, Manuela Bulf, i Tirataie e poi&#8230; le&hellip;<\/p>\n","protected":false},"author":4,"featured_media":324499,"comment_status":"closed","ping_status":"closed","sticky":false,"template":"","format":"standard","meta":{"_monsterinsights_skip_tracking":false,"_monsterinsights_sitenote_active":false,"_monsterinsights_sitenote_note":"","_monsterinsights_sitenote_category":0,"footnotes":""},"categories":[86,49],"tags":[],"class_list":["post-324410","post","type-post","status-publish","format-standard","has-post-thumbnail","hentry","category-gr","category-news-18","category-86","category-49","description-off"],"img_url":"https:\/\/www.radiopiu.net\/wordpress\/wp-content\/uploads\/2023\/03\/8d6c18d5-3029-485d-b279-55db884b1b82.jpg","_links":{"self":[{"href":"https:\/\/www.radiopiu.net\/wordpress\/wp-json\/wp\/v2\/posts\/324410","targetHints":{"allow":["GET"]}}],"collection":[{"href":"https:\/\/www.radiopiu.net\/wordpress\/wp-json\/wp\/v2\/posts"}],"about":[{"href":"https:\/\/www.radiopiu.net\/wordpress\/wp-json\/wp\/v2\/types\/post"}],"author":[{"embeddable":true,"href":"https:\/\/www.radiopiu.net\/wordpress\/wp-json\/wp\/v2\/users\/4"}],"replies":[{"embeddable":true,"href":"https:\/\/www.radiopiu.net\/wordpress\/wp-json\/wp\/v2\/comments?post=324410"}],"version-history":[{"count":0,"href":"https:\/\/www.radiopiu.net\/wordpress\/wp-json\/wp\/v2\/posts\/324410\/revisions"}],"wp:featuredmedia":[{"embeddable":true,"href":"https:\/\/www.radiopiu.net\/wordpress\/wp-json\/wp\/v2\/media\/324499"}],"wp:attachment":[{"href":"https:\/\/www.radiopiu.net\/wordpress\/wp-json\/wp\/v2\/media?parent=324410"}],"wp:term":[{"taxonomy":"category","embeddable":true,"href":"https:\/\/www.radiopiu.net\/wordpress\/wp-json\/wp\/v2\/categories?post=324410"},{"taxonomy":"post_tag","embeddable":true,"href":"https:\/\/www.radiopiu.net\/wordpress\/wp-json\/wp\/v2\/tags?post=324410"}],"curies":[{"name":"wp","href":"https:\/\/api.w.org\/{rel}","templated":true}]}}