{"id":324412,"date":"2023-03-01T09:45:55","date_gmt":"2023-03-01T08:45:55","guid":{"rendered":"https:\/\/www.radiopiu.net\/wordpress\/?p=324412"},"modified":"2023-03-02T06:07:54","modified_gmt":"2023-03-02T05:07:54","slug":"alla-ski-area-san-pellegrino-due-superg-validi-per-il-gran-premio-italia","status":"publish","type":"post","link":"https:\/\/www.radiopiu.net\/wordpress\/alla-ski-area-san-pellegrino-due-superg-validi-per-il-gran-premio-italia\/","title":{"rendered":"ALLA SKI AREA SAN PELLEGRINO DUE SUPERG VALIDI PER IL GRAN PREMIO ITALIA"},"content":{"rendered":"<p><strong><a class=\"dt-pswp-item\" href=\"https:\/\/www.radiopiu.net\/wordpress\/wp-content\/uploads\/2023\/03\/ti-comunicazione_-ski-area-san-pellegrino-1024x683-1.jpg\" data-dt-img-description=\"\" data-large_image_width=\"1024\" data-large_image_height=\"683\"><img loading=\"lazy\" decoding=\"async\" class=\" wp-image-324415 alignleft\" src=\"https:\/\/www.radiopiu.net\/wordpress\/wp-content\/uploads\/2023\/03\/ti-comunicazione_-ski-area-san-pellegrino-1024x683-1-300x200.jpg\" alt=\"\" width=\"173\" height=\"115\" srcset=\"https:\/\/www.radiopiu.net\/wordpress\/wp-content\/uploads\/2023\/03\/ti-comunicazione_-ski-area-san-pellegrino-1024x683-1-300x200.jpg 300w, https:\/\/www.radiopiu.net\/wordpress\/wp-content\/uploads\/2023\/03\/ti-comunicazione_-ski-area-san-pellegrino-1024x683-1-768x512.jpg 768w, https:\/\/www.radiopiu.net\/wordpress\/wp-content\/uploads\/2023\/03\/ti-comunicazione_-ski-area-san-pellegrino-1024x683-1.jpg 1024w\" sizes=\"auto, (max-width: 173px) 100vw, 173px\" \/><\/a>FALCADE <\/strong>Saranno due giorni di grande sci quello che andranno in scena domani e venerd\u00ec sulla Ski Area San Pellegrino. Una due giorni FIS dedicata alla velocit\u00e0. Due SuperG validi per il Gran Premio Italia Maschile. Sar\u00e0 l\u2019occasione per vedere all\u2019opera i migliori giovani interpreti della velocit\u00e0. Le due gare sono rese possibili dalla sinergia tra Ski College e e Ski area San Pellegrino Dolomiti, con il supporto dello Sci club Val Biois, un importante impegno organizzativo per i due sodalizi di Falcade che si impegneranno per rendere l&#8217;evento unico. (foto: skicollegevento.it)<\/p>\n<p>&nbsp;<\/p>\n<p>&nbsp;<\/p>\n<p>*******<\/p>\n","protected":false},"excerpt":{"rendered":"<p>FALCADE Saranno due giorni di grande sci quello che andranno in scena domani e venerd\u00ec sulla Ski Area San Pellegrino. Una due giorni FIS dedicata alla velocit\u00e0. Due SuperG validi per il Gran Premio Italia Maschile. Sar\u00e0 l\u2019occasione per vedere all\u2019opera i migliori giovani interpreti della velocit\u00e0. Le due gare sono rese possibili dalla sinergia&hellip;<\/p>\n","protected":false},"author":4,"featured_media":324415,"comment_status":"closed","ping_status":"closed","sticky":false,"template":"","format":"standard","meta":{"_monsterinsights_skip_tracking":false,"_monsterinsights_sitenote_active":false,"_monsterinsights_sitenote_note":"","_monsterinsights_sitenote_category":0,"footnotes":""},"categories":[51,49],"tags":[],"class_list":["post-324412","post","type-post","status-publish","format-standard","has-post-thumbnail","hentry","category-evidenza-top","category-news-18","category-51","category-49","description-off"],"img_url":"https:\/\/www.radiopiu.net\/wordpress\/wp-content\/uploads\/2023\/03\/ti-comunicazione_-ski-area-san-pellegrino-1024x683-1.jpg","_links":{"self":[{"href":"https:\/\/www.radiopiu.net\/wordpress\/wp-json\/wp\/v2\/posts\/324412","targetHints":{"allow":["GET"]}}],"collection":[{"href":"https:\/\/www.radiopiu.net\/wordpress\/wp-json\/wp\/v2\/posts"}],"about":[{"href":"https:\/\/www.radiopiu.net\/wordpress\/wp-json\/wp\/v2\/types\/post"}],"author":[{"embeddable":true,"href":"https:\/\/www.radiopiu.net\/wordpress\/wp-json\/wp\/v2\/users\/4"}],"replies":[{"embeddable":true,"href":"https:\/\/www.radiopiu.net\/wordpress\/wp-json\/wp\/v2\/comments?post=324412"}],"version-history":[{"count":0,"href":"https:\/\/www.radiopiu.net\/wordpress\/wp-json\/wp\/v2\/posts\/324412\/revisions"}],"wp:featuredmedia":[{"embeddable":true,"href":"https:\/\/www.radiopiu.net\/wordpress\/wp-json\/wp\/v2\/media\/324415"}],"wp:attachment":[{"href":"https:\/\/www.radiopiu.net\/wordpress\/wp-json\/wp\/v2\/media?parent=324412"}],"wp:term":[{"taxonomy":"category","embeddable":true,"href":"https:\/\/www.radiopiu.net\/wordpress\/wp-json\/wp\/v2\/categories?post=324412"},{"taxonomy":"post_tag","embeddable":true,"href":"https:\/\/www.radiopiu.net\/wordpress\/wp-json\/wp\/v2\/tags?post=324412"}],"curies":[{"name":"wp","href":"https:\/\/api.w.org\/{rel}","templated":true}]}}