{"id":324470,"date":"2023-03-04T05:22:51","date_gmt":"2023-03-04T04:22:51","guid":{"rendered":"https:\/\/www.radiopiu.net\/wordpress\/?p=324470"},"modified":"2023-03-04T05:45:01","modified_gmt":"2023-03-04T04:45:01","slug":"asfalti-dopo-la-fibras","status":"publish","type":"post","link":"https:\/\/www.radiopiu.net\/wordpress\/asfalti-dopo-la-fibras\/","title":{"rendered":"FIBRA OTTICA E ASFALTI DISASTRATI, LE PROTESTE DI\u00a0 CONFEDILIZIA\u00a0"},"content":{"rendered":"<h3><strong style=\"font-size: 14px;\">BELLUNO\u00a0<\/strong> <span style=\"font-family: Arial, serif;\">Finalmente ora protestano anche i pubblici amministratori sui lavori fatti male nella posa della fibra ottica\u201d &#8211; dichiara in un comunicato la Confedilizia.<\/span><\/h3>\n<blockquote><p><em><span style=\"font-family: Arial, serif;\">Alla modernizzazione dei servizi con la posa di fibra ottica di ultima generazione nessuno vuole opporsi, soprattutto al progresso,\u00a0 e nessuno mette in dubbio a bont\u00e0 delle fibre ottiche di ultima generazione, ma se queste cose devono essere fatte \u00e8 giusto che siano fatte a regola d\u2019arte e con la maggior tutela e garanzia possibile per i proprietari dei fabbricati e per il bene pubblico. Vedere le nostre strade rappezzate in malo modo, spesso con posa di bitume color rosa per chiudere in qualche modo il foro ricavato per la posa della fibra, \u00e8 una cosa spiacevole e che nuoce all\u2019aspetto ed al decoro dei nostri centri e della viabilit\u00e0 interna. Purtroppo sembra che la fretta di fare il lavoro faccia saltare qualche passaggio. Pi\u00f9 di un proprietario si \u00e8 rivolto a noi per chiedere consiglio su come comportarsi come nel caso in cui le ditte incaricate ad eseguire la posa della fibra siano intervenute nella propriet\u00e0 privata senza chiedere l\u2019autorizzazione ed anche realizzando scavi ed opere per posare cavi ed apparecchiature di collegamento. Li abbiamo quindi aiutati a sostenere i loro diritti prendendo posizione, dove necessario. Apprezziamo quindi la posizione assunta dal Comune di Belluno con l\u2019assessore Roccon nel denunciare questo stato di cose e ci domandiamo perch\u00e9 prima nessun altro amministratore si sia fatto carico di questa situazione? Confidiamo quindi in queste autorevoli posizioni affinch\u00e9 si possa riportare un po&#8217; di ordine negli utilissimi interventi, se fatti bene, di posa di fibra ottica nella nostra citt\u00e0. <\/span><\/em><span style=\"font-family: Arial, serif;\">conclude la nota di confedilizia\u00a0<\/span><\/p>\n<h3><\/h3>\n<h3><\/h3>\n<h3><span style=\"color: #ff0000;\">alla radio<\/span><\/h3>\n<h3>ASFALTI DOPO LA FIBRA. ROCCON &#8220;ARRABBIATURE CONTINUE E SITUAZIONI INACCETTABILI&#8221;<\/h3>\n<h3><em>L&#8217;assessore pronto a ricorrere alla Procura della Repubblica per disagi condivisi in tutte le citt\u00e0 del Veneto. Si prepara un&#8217;azione forte.<\/em><\/h3>\n<\/blockquote>\n<p>&nbsp;<\/p>\n<p><strong><a class=\"dt-pswp-item\" href=\"https:\/\/www.radiopiu.net\/wordpress\/wp-content\/uploads\/2021\/04\/lavori-asfalto.jpg\" data-dt-img-description=\"\" data-large_image_width=\"1920\" data-large_image_height=\"1440\"><img loading=\"lazy\" decoding=\"async\" class=\" wp-image-205540 alignleft\" src=\"https:\/\/www.radiopiu.net\/wordpress\/wp-content\/uploads\/2021\/04\/lavori-asfalto-300x225.jpg\" alt=\"\" width=\"220\" height=\"165\" srcset=\"https:\/\/www.radiopiu.net\/wordpress\/wp-content\/uploads\/2021\/04\/lavori-asfalto-300x225.jpg 300w, https:\/\/www.radiopiu.net\/wordpress\/wp-content\/uploads\/2021\/04\/lavori-asfalto-1024x768.jpg 1024w, https:\/\/www.radiopiu.net\/wordpress\/wp-content\/uploads\/2021\/04\/lavori-asfalto-768x576.jpg 768w, https:\/\/www.radiopiu.net\/wordpress\/wp-content\/uploads\/2021\/04\/lavori-asfalto-1536x1152.jpg 1536w, https:\/\/www.radiopiu.net\/wordpress\/wp-content\/uploads\/2021\/04\/lavori-asfalto.jpg 1920w\" sizes=\"auto, (max-width: 220px) 100vw, 220px\" \/><\/a>BELLUNO<\/strong> Ripristino del manto stradale ancora deludente, per questo il Comune studia un\u2019azione forte con l\u2019Anci\u00a0 coinvolgendo\u00a0 anche il presidente Veneto e il sindaco di Treviso. La conferma arriva dall\u2019assessore ai lavori pubblici Franco Roccon, dopo l\u2019ennesimo sopralluogo ai cantieri aperti in citt\u00e0 per il ripristino del bitume dopo la posa della fibra, avvenuta ormai oltre un anno fa. La situazione emersa \u00e8 critica, la ditta incaricata per le asfaltature fatica a lavorare per le condizioni delle strade dopo la posa di tombini e cavidotti; nonostante le diffide delle scorse settimane, sembra ancora lontana una vera soluzione.<\/p>\n<blockquote><p>\u201cCome noi ci sono molte altre citt\u00e0 italiane \u2013 commenta il sindaco, Oscar De Pellegrin -, occorre studiare un\u2019azione forte e rivolgerci direttamente al Governo per chiedere la modifica del contratto nazionale per le societ\u00e0 di posa della fibra. Naturalmente \u00e8 un bene la posa della fibra, permette di colmare un gap pesante per il nostro territorio, ma questo non deve avvenire a discapito della vivibilit\u00e0 nelle nostre citt\u00e0\u201d.<\/p><\/blockquote>\n<p><strong>L&#8217;ASSESSORE FRANCO ROCCON<\/strong><\/p>\n<audio class=\"wp-audio-shortcode\" id=\"audio-324470-1\" preload=\"none\" style=\"width: 100%;\" controls=\"controls\"><source type=\"audio\/mpeg\" src=\"https:\/\/www.radiopiu.net\/wordpress\/wp-content\/uploads\/2023\/03\/ROCCON.mp3?_=1\" \/><a href=\"https:\/\/www.radiopiu.net\/wordpress\/wp-content\/uploads\/2023\/03\/ROCCON.mp3\">https:\/\/www.radiopiu.net\/wordpress\/wp-content\/uploads\/2023\/03\/ROCCON.mp3<\/a><\/audio>\n<p>&nbsp;<\/p>\n","protected":false},"excerpt":{"rendered":"<p>BELLUNO\u00a0 Finalmente ora protestano anche i pubblici amministratori sui lavori fatti male nella posa della fibra ottica\u201d &#8211; dichiara in un comunicato la Confedilizia. Alla modernizzazione dei servizi con la posa di fibra ottica di ultima generazione nessuno vuole opporsi, soprattutto al progresso,\u00a0 e nessuno mette in dubbio a bont\u00e0 delle fibre ottiche di ultima&hellip;<\/p>\n","protected":false},"author":4,"featured_media":205540,"comment_status":"closed","ping_status":"closed","sticky":false,"template":"","format":"standard","meta":{"_monsterinsights_skip_tracking":false,"_monsterinsights_sitenote_active":false,"_monsterinsights_sitenote_note":"","_monsterinsights_sitenote_category":0,"footnotes":""},"categories":[51,49],"tags":[],"class_list":["post-324470","post","type-post","status-publish","format-standard","has-post-thumbnail","hentry","category-evidenza-top","category-news-18","category-51","category-49","description-off"],"img_url":"https:\/\/www.radiopiu.net\/wordpress\/wp-content\/uploads\/2021\/04\/lavori-asfalto.jpg","_links":{"self":[{"href":"https:\/\/www.radiopiu.net\/wordpress\/wp-json\/wp\/v2\/posts\/324470","targetHints":{"allow":["GET"]}}],"collection":[{"href":"https:\/\/www.radiopiu.net\/wordpress\/wp-json\/wp\/v2\/posts"}],"about":[{"href":"https:\/\/www.radiopiu.net\/wordpress\/wp-json\/wp\/v2\/types\/post"}],"author":[{"embeddable":true,"href":"https:\/\/www.radiopiu.net\/wordpress\/wp-json\/wp\/v2\/users\/4"}],"replies":[{"embeddable":true,"href":"https:\/\/www.radiopiu.net\/wordpress\/wp-json\/wp\/v2\/comments?post=324470"}],"version-history":[{"count":0,"href":"https:\/\/www.radiopiu.net\/wordpress\/wp-json\/wp\/v2\/posts\/324470\/revisions"}],"wp:featuredmedia":[{"embeddable":true,"href":"https:\/\/www.radiopiu.net\/wordpress\/wp-json\/wp\/v2\/media\/205540"}],"wp:attachment":[{"href":"https:\/\/www.radiopiu.net\/wordpress\/wp-json\/wp\/v2\/media?parent=324470"}],"wp:term":[{"taxonomy":"category","embeddable":true,"href":"https:\/\/www.radiopiu.net\/wordpress\/wp-json\/wp\/v2\/categories?post=324470"},{"taxonomy":"post_tag","embeddable":true,"href":"https:\/\/www.radiopiu.net\/wordpress\/wp-json\/wp\/v2\/tags?post=324470"}],"curies":[{"name":"wp","href":"https:\/\/api.w.org\/{rel}","templated":true}]}}