{"id":324475,"date":"2023-03-01T17:21:17","date_gmt":"2023-03-01T16:21:17","guid":{"rendered":"https:\/\/www.radiopiu.net\/wordpress\/?p=324475"},"modified":"2023-03-01T17:22:44","modified_gmt":"2023-03-01T16:22:44","slug":"dillo-a-radiopiu-ma-quanto","status":"publish","type":"post","link":"https:\/\/www.radiopiu.net\/wordpress\/dillo-a-radiopiu-ma-quanto\/","title":{"rendered":"dillo a RadioPi\u00f9 MA QUANTO DOVREMO PAZIENTARE ANCORA PRIMA DI POTER TRANISTARE A CANDATEN IN SICUREZZA?"},"content":{"rendered":"<p><strong>REDAZIONE<\/strong> Riceviamo a volentieri pubblichiamo la riflessione di Rodolfo Pellegrinon da Falcade<\/p>\n<p>&nbsp;<\/p>\n<blockquote><p><em>I nostri Amministratori e Politici si diano da fare per porre rimedio con leggi e clausole chiare e di facile interpretazione a questa situazione che, purtroppo, sempre pi\u00f9 sovente ne dobbiamo leggere le conseguenze che, come in recente passato, abbiamo dovuto rilevare anche delle vittime.<\/em><\/p><\/blockquote>\n<p><img loading=\"lazy\" decoding=\"async\" class=\"alignleft\" src=\"https:\/\/www.radiopiu.net\/wordpress\/wp-content\/uploads\/2023\/03\/deer-5801503__340.jpg\" width=\"237\" height=\"158\" \/>Prendo lo spunto dall\u2019ennesimo incidente accaduta stamane in localit\u00e0 Candaten dove una giovane ( che si recava al lavoro) \u00e8 stata coinvolta. Chiedo: quanto dovremo ancora aspettare e, a quanti incidenti dovremo ancora assistere, affinch\u00e8 gli enti preposti si allertino e mettano finalmente\u00a0 in sicurezza questa nostra strada frequentatissima soprattutto da gente che si reca al lavoro ? Ci sono state in merito numerose sentenze una delle quali della Suprema Corte di Cassazione : \u201c La responsabilit\u00e0 extracontrattuale per i danni provocati da animali selvatici alla circolazione dei veicoli deve essere imputata all\u2019ente, sia esso Regione, Provincia, Ente Parco, Federazione o Associazione, ecc. cui siano stati concretamente affidati i poteri di amministrazione del territorio e di gestione della fauna ivi insediata, sia che i poteri derivino dalla legge,sia che trovino la fonte in una delega o concessione di altro ente\u201d. In particolare, prosegue la Corte, le suddette pronunce affermano che la delega per la gestione della fauna selvatica risulta concretamente attuata in favore delle singole Province. Di conseguenza, i poteri di protezione e gestione della fauna selvatica attribuiti alle Province espongono queste ultime ad una responsabilit\u00e0 per tutti i danni cagionati dagli animali selvatici, atteso che l\u2019esercizio di tali poteri \u00e8 indirizzato sia alla tutela del complessivo equilibrio dell\u2019ecosistema sia alla sicurezza dei soggetti potenzialmente esposti ai danni derivanti dagli imprevedibili comportamenti della fauna. La Corte precisa,poi, che il fondamento giuridico della responsabilit\u00e0 della P.A. nella materia in questione non deve essere individuato nell\u2019art. 2052 del Codice Civile, non essendo la responsabilit\u00e0 equiparabile a quella inerente al controllo sugli animali di cui si abbia custodia o detenzione rilevando che il danno cagionato dalla fauna selvatica in circolazione non \u00e8 paragonabile allo stato di libert\u00e0 della selvaggina incompatibile con l\u2019obbligo di custodia.<\/p>\n<p><strong>OGGI ALLA RADIO<\/strong><\/p>\n<p>&nbsp;<\/p>\n<blockquote class=\"wp-embedded-content\" data-secret=\"btIGwNQaxC\"><p><a href=\"https:\/\/www.radiopiu.net\/wordpress\/candaten-un-altro-cervo-in-strada-e-la-scarsa-responsabilita-di-alcuni-automobilisti\/\">CANDATEN, UN ALTRO CERVO IN STRADA E LA SCARSA RESPONSABILITA&#8217; DI ALCUNI AUTOMOBILISTI<\/a><\/p><\/blockquote>\n<p><iframe loading=\"lazy\" class=\"wp-embedded-content\" sandbox=\"allow-scripts\" security=\"restricted\" style=\"position: absolute; clip: rect(1px, 1px, 1px, 1px);\" title=\"&#8220;CANDATEN, UN ALTRO CERVO IN STRADA E LA SCARSA RESPONSABILITA&#8217; DI ALCUNI AUTOMOBILISTI&#8221; &#8212; Radio Pi\u00f9\" src=\"https:\/\/www.radiopiu.net\/wordpress\/candaten-un-altro-cervo-in-strada-e-la-scarsa-responsabilita-di-alcuni-automobilisti\/embed\/#?secret=Meac5TVmqn#?secret=btIGwNQaxC\" data-secret=\"btIGwNQaxC\" width=\"600\" height=\"338\" frameborder=\"0\" marginwidth=\"0\" marginheight=\"0\" scrolling=\"no\"><\/iframe><\/p>\n<p>___<\/p>\n","protected":false},"excerpt":{"rendered":"<p>REDAZIONE Riceviamo a volentieri pubblichiamo la riflessione di Rodolfo Pellegrinon da Falcade &nbsp; I nostri Amministratori e Politici si diano da fare per porre rimedio con leggi e clausole chiare e di facile interpretazione a questa situazione che, purtroppo, sempre pi\u00f9 sovente ne dobbiamo leggere le conseguenze che, come in recente passato, abbiamo dovuto rilevare&hellip;<\/p>\n","protected":false},"author":4,"featured_media":324476,"comment_status":"closed","ping_status":"closed","sticky":false,"template":"","format":"standard","meta":{"_monsterinsights_skip_tracking":false,"_monsterinsights_sitenote_active":false,"_monsterinsights_sitenote_note":"","_monsterinsights_sitenote_category":0,"footnotes":""},"categories":[104,49],"tags":[],"class_list":["post-324475","post","type-post","status-publish","format-standard","has-post-thumbnail","hentry","category-evidenza_3","category-news-18","category-104","category-49","description-off"],"img_url":"https:\/\/www.radiopiu.net\/wordpress\/wp-content\/uploads\/2023\/03\/deer-5801503__340.jpg","_links":{"self":[{"href":"https:\/\/www.radiopiu.net\/wordpress\/wp-json\/wp\/v2\/posts\/324475","targetHints":{"allow":["GET"]}}],"collection":[{"href":"https:\/\/www.radiopiu.net\/wordpress\/wp-json\/wp\/v2\/posts"}],"about":[{"href":"https:\/\/www.radiopiu.net\/wordpress\/wp-json\/wp\/v2\/types\/post"}],"author":[{"embeddable":true,"href":"https:\/\/www.radiopiu.net\/wordpress\/wp-json\/wp\/v2\/users\/4"}],"replies":[{"embeddable":true,"href":"https:\/\/www.radiopiu.net\/wordpress\/wp-json\/wp\/v2\/comments?post=324475"}],"version-history":[{"count":0,"href":"https:\/\/www.radiopiu.net\/wordpress\/wp-json\/wp\/v2\/posts\/324475\/revisions"}],"wp:featuredmedia":[{"embeddable":true,"href":"https:\/\/www.radiopiu.net\/wordpress\/wp-json\/wp\/v2\/media\/324476"}],"wp:attachment":[{"href":"https:\/\/www.radiopiu.net\/wordpress\/wp-json\/wp\/v2\/media?parent=324475"}],"wp:term":[{"taxonomy":"category","embeddable":true,"href":"https:\/\/www.radiopiu.net\/wordpress\/wp-json\/wp\/v2\/categories?post=324475"},{"taxonomy":"post_tag","embeddable":true,"href":"https:\/\/www.radiopiu.net\/wordpress\/wp-json\/wp\/v2\/tags?post=324475"}],"curies":[{"name":"wp","href":"https:\/\/api.w.org\/{rel}","templated":true}]}}