{"id":324529,"date":"2023-03-01T23:58:29","date_gmt":"2023-03-01T22:58:29","guid":{"rendered":"https:\/\/www.radiopiu.net\/wordpress\/?p=324529"},"modified":"2023-03-02T06:06:06","modified_gmt":"2023-03-02T05:06:06","slug":"la-condanna-sette-anni-e-mezzo-per-i-palpeggiamenti-alloperaia","status":"publish","type":"post","link":"https:\/\/www.radiopiu.net\/wordpress\/la-condanna-sette-anni-e-mezzo-per-i-palpeggiamenti-alloperaia\/","title":{"rendered":"LA CONDANNA: SETTE ANNI E MEZZO PER I PALPEGGIAMENTI ALL&#8217;OPERAIA"},"content":{"rendered":"<p><strong>OGGI SUL CORRIERE DELLE ALPI<\/strong><\/p>\n<p><strong>DI GIGI SOSSO<\/strong><\/p>\n<p><strong><img loading=\"lazy\" decoding=\"async\" class=\"alignleft\" src=\"https:\/\/www.radiopiu.net\/wordpress\/wp-content\/uploads\/2023\/03\/th-1.jpg\" width=\"199\" height=\"112\" \/>LIMANA <\/strong>\u00abImpunito per 30 anni\u00bb, adesso il capoturno della Epta Costan ne rischia sette e mezzo per stalking e violenza sessuale su un&#8217;operaia. Questa la richiesta finale del pubblico ministero Roberta Gallego, alla fine di una requisitoria molto articolata. Dopo di che l&#8217;avvocato di parte civile Enrico Rech ha aggiunto una richiesta di risarcimento danni di 50 mila euro. L&#8217;avvocato difensore Pierluigi Cesa far\u00e0 la sua arringa nell&#8217;udienza del 19 aprile, poi si andr\u00e0 a sentenza di primo grado.La pubblica accusa \u00e8 partita dalla sintetica querela presentata il 10 dicembre 2020, per delineare una situazione che nell&#8217;azienda di Limana andava avanti da tanto tempo, senza che chi poteva intervenire prendesse i necessari provvedimenti nei confronti dell&#8217;imputato&#8230; Accanto ai palpeggiamenti, agli strusciamenti o ai toccamenti, c&#8217;erano pressanti inviti a fare sesso, anche via whatsapp e sempre con delle frasi tutt&#8217;altro che romantiche o raffinate. E quando la donna \u00e8 stata spostata di reparto, non si sarebbe arreso, uscendo dal proprio ambito: \u00abC&#8217;\u00e8 un&#8217;altra parte offesa, oltre all&#8217;operaia\u00bb, ha concluso il pm, \u00abed \u00e8 la moglie, che non ha mai potuto leggere il capo d&#8217;imputazione, ma ci ha detto di credere a suo marito\u00bb<\/p>\n<p>&nbsp;<\/p>\n<blockquote>\n<h3>ALLA SBARRA PER I MALTRATTATAMENTI\u00a0 ALLA CONVIVENTE<\/h3>\n<\/blockquote>\n<p><strong>CADORE <\/strong>Una donna in pigiama con il figlio piccolo in braccio e la madre accanto. La sera del 27 ottobre 2021 i carabinieri le hanno aperto la porta della caserma: stava piangendo ed era molto agitata, ma soprattutto voleva denunciare il convivente per maltrattamenti in famiglia. C&#8217;era stato il lockdown per il Covid-19 e questo poteva aver contribuito a inasprire il rapporto di coppia. L&#8217;uomo parler\u00e0 pi\u00f9 avanti ed \u00e8 difeso dall&#8217;avvocato Laura Levorato.<\/p>\n<p>&nbsp;<\/p>\n<hr \/>\n<p>&nbsp;<\/p>\n","protected":false},"excerpt":{"rendered":"<p>OGGI SUL CORRIERE DELLE ALPI DI GIGI SOSSO LIMANA \u00abImpunito per 30 anni\u00bb, adesso il capoturno della Epta Costan ne rischia sette e mezzo per stalking e violenza sessuale su un&#8217;operaia. Questa la richiesta finale del pubblico ministero Roberta Gallego, alla fine di una requisitoria molto articolata. Dopo di che l&#8217;avvocato di parte civile Enrico&hellip;<\/p>\n","protected":false},"author":4,"featured_media":324530,"comment_status":"closed","ping_status":"closed","sticky":false,"template":"","format":"standard","meta":{"_monsterinsights_skip_tracking":false,"_monsterinsights_sitenote_active":false,"_monsterinsights_sitenote_note":"","_monsterinsights_sitenote_category":0,"footnotes":""},"categories":[51,49],"tags":[],"class_list":["post-324529","post","type-post","status-publish","format-standard","has-post-thumbnail","hentry","category-evidenza-top","category-news-18","category-51","category-49","description-off"],"img_url":"https:\/\/www.radiopiu.net\/wordpress\/wp-content\/uploads\/2023\/03\/th-1.jpg","_links":{"self":[{"href":"https:\/\/www.radiopiu.net\/wordpress\/wp-json\/wp\/v2\/posts\/324529","targetHints":{"allow":["GET"]}}],"collection":[{"href":"https:\/\/www.radiopiu.net\/wordpress\/wp-json\/wp\/v2\/posts"}],"about":[{"href":"https:\/\/www.radiopiu.net\/wordpress\/wp-json\/wp\/v2\/types\/post"}],"author":[{"embeddable":true,"href":"https:\/\/www.radiopiu.net\/wordpress\/wp-json\/wp\/v2\/users\/4"}],"replies":[{"embeddable":true,"href":"https:\/\/www.radiopiu.net\/wordpress\/wp-json\/wp\/v2\/comments?post=324529"}],"version-history":[{"count":0,"href":"https:\/\/www.radiopiu.net\/wordpress\/wp-json\/wp\/v2\/posts\/324529\/revisions"}],"wp:featuredmedia":[{"embeddable":true,"href":"https:\/\/www.radiopiu.net\/wordpress\/wp-json\/wp\/v2\/media\/324530"}],"wp:attachment":[{"href":"https:\/\/www.radiopiu.net\/wordpress\/wp-json\/wp\/v2\/media?parent=324529"}],"wp:term":[{"taxonomy":"category","embeddable":true,"href":"https:\/\/www.radiopiu.net\/wordpress\/wp-json\/wp\/v2\/categories?post=324529"},{"taxonomy":"post_tag","embeddable":true,"href":"https:\/\/www.radiopiu.net\/wordpress\/wp-json\/wp\/v2\/tags?post=324529"}],"curies":[{"name":"wp","href":"https:\/\/api.w.org\/{rel}","templated":true}]}}