{"id":324549,"date":"2023-03-02T07:45:56","date_gmt":"2023-03-02T06:45:56","guid":{"rendered":"https:\/\/www.radiopiu.net\/wordpress\/?p=324549"},"modified":"2023-03-02T08:46:14","modified_gmt":"2023-03-02T07:46:14","slug":"324549-2","status":"publish","type":"post","link":"https:\/\/www.radiopiu.net\/wordpress\/324549-2\/","title":{"rendered":"ascolta la rassegna stampa locale DAL 1983  tutti i giorni alle otto del mattino di mirko mezzacasa"},"content":{"rendered":"<p><strong>AGORDO<\/strong> Una via crucis per una ecografia. Un utente agordino protesta, dopo la colica <em>&#8220;La sanit\u00e0 non \u00e8 quella decantata da Luca Zaia&#8221;.<\/em> Dov&#8217;\u00e8 il coordinamento dei cup provinciali?<br \/>\n<strong>AGORDO<\/strong> Disagi per la mensa, lunghe code, tempi stretti. Al lavoro la commissione specifica della RSU Luxottica per risolvere la questione. Si ragiona sui prodotti stagionali nei vari menu&#8217;.<br \/>\n<strong>SEDICO<\/strong> Schianto ieri all&#8217;alba tra due auto tra Trichiana e Sedico. Leggermente feriti i conducenti, auto distrutte.<br \/>\n<strong>FELTRE<\/strong> Accertamenti in corso per ricostruire le ultime ore di Antonio Salina, l&#8217;anziano allontanatosi dalla casa di riposo e ritrovato dopo 4 giorni in prossimit\u00e0 di una stalla, morto annegato.<\/p>\n<p><strong>GIUDIZIARIA<\/strong> In Cadore maltrattata dal convivente si rivolge ai Carabinieri, bussa alla porta della caserma in pigiama. Denunciato il padre di suo figlio per tre episodi di violenza dopo continue ubriacature.<br \/>\n<strong>LIMANA<\/strong> Chiesti sette anni e mezzo per il capoturno della Costan che palpeggiava le operaie. A processo per stalking e violenza sessuale. Chiesti i danni per 50mila euro.<br \/>\n<strong>CESIOMAGGIORE<\/strong> Dal Trevigiano a Menin di Cesiomaggiore per amore con Antonella e il figlio Ivan. Daniele Mazzon, 63 anni, magazziniere in pensione di una ditta di Spresiano era vice presidente dell\u2019associazione Tasso<br \/>\n<strong>BELLUNO<\/strong> Cantieri per la fibra ottica a asfaltature che lascino a desiderare. Franco Roccon <em>&#8220;Pronti ad andare in procura per i lavori fatti male&#8221;.<\/em><br \/>\n<strong>BELLUNO<\/strong> Nuovi interlocutori per lo Spazio Ex, l\u2019ex Caserma Piave a Belluno: Paolo De Biasio e Francesco Pingitore sono infattti i consiglieri comunali incaricati dal Sindaco Oscar De Pellegrin ai rapporti con le associazioni che operano nella struttura.<br \/>\n<strong>FELTRE<\/strong> La Radiologia di Feltre, diretta da Riccardo Berletti, ha implementato lo studio del piccolo intestino mediante risonanza magnetica, con particolare focus nella quantificazione e progressione del danno provocato dall\u2019infiammazione intestinale<br \/>\n<strong>BELLUNO<\/strong> La tecnologia non invasiva denominata NIRS (Near Infrared Spectroscopy), adottata dall\u2019unit\u00e0 operativa di Anestesia e Rianimazione dell\u2019Ospedale di Belluno diretta da Davide Mazzon permetter\u00e0 interventi di chirurgia endovascolare con la massima sicurezza per i pazienti.<\/p>\n<p><strong>BELLUNO,<\/strong> DONATORI DEL SANGUE DI SOPRACRODA, UNA STORIA LUNGA 50 ANNI Traguardo significativo, rimarcato anche da \u201czio Stefano\u201d nell\u2019assemblea di sabato. Una storia straordinaria<\/p>\n<p><strong>CANALE D&#8217;AGORDO<\/strong> Sezione donatori del sangue: costante il numero dei soci, in calendario la serata promozionale<em> Riso fa buon sangue<\/em> con Falcade e Cencenighe.<\/p>\n<p><strong>CORTINA<\/strong> Roberto Arduini, presidente dell&#8217;Opera Diocesana parla a due mesi dalla chiusura del PIO XII di Misurina<em> &#8220;Non intendiamo vendere, ma serve una nuova strategia e tempi lunghi&#8221;.<\/em><\/p>\n<p><strong>AGORDO<\/strong> Poteva mancare il lupo ad Agordo? Assolutamente no. E di quelli coraggiosi che scende dai boschi di Bries (in prossimit\u00e0 della centrale Enel), attraversa la regionale 203 agordina, i prati della campagna di Agordo dove corre la ciclabile e quindi eccolo in tangenziale come confermato dalla fotografia di Diego presto diventata virale.<\/p>\n<p><span style=\"color: #ff0000;\">I MEDICI DI FAMIGLIA PROCLAMANO LO STATO DI AGITAZIONE<\/span><br \/>\nLa protesta dei medici di FIMMG Veneto non \u00e8 \u201ccontro\u201d qualcuno, ma \u201cper\u201d tanti: per tutti i cittadini che si vedranno privare di fatto, e sempre di pi\u00f9, di un diritto fondamentale sancito dalla Costituzione, il diritto alla salute. Si apre una stagione d\u2019incontri con i cittadini, con le associazioni dei pazienti, con i pensionati e soprattutto con i sindaci per spiegare la\u00a0 preoccupazione e sperare cos\u00ec di ritrovare quell\u2019ascolto e quell\u2019attenzione che ha contribuito a fare eccellente la Sanit\u00e0 nella nostra Regione<\/p>\n<p><strong>PARALIMPICI<\/strong> LUCA PALLA: RAGAZZO D\u2019ORO!<br \/>\n<strong>SKIALP <\/strong>MARTINA SCOLA E&#8217; QUARTA NELLA VERTICAL AI MONDIALI DI SKIALP<br \/>\nDOMANI: LA MOLINO CAVERSON<br \/>\n<strong>CALCIO<\/strong> GABRIEL MARCON, UN AGORDINO IN PROVA ALLA JUVENTUS<br \/>\n<strong>PALLAVOLO<\/strong> UN FINE SETTIMANA NERO PER IL VOLLEY CLUB AGORDINO<br \/>\nbelluno: PER MARTINEZ DA ORA IN POI OGNI PARTITA FARA&#8217; LA DIFFERENZA<br \/>\n<strong>SCI ALPINO<\/strong> ALLA SKI AREA SAN PELLEGRINO DUE SUPERG VALIDI PER IL GRAN PREMIO ITALIA<\/p>\n<p>&nbsp;<\/p>\n<p><iframe loading=\"lazy\" title=\"RASSEGNA STAMPA LOCALE\" width=\"1200\" height=\"675\" src=\"https:\/\/www.youtube.com\/embed\/22E5giYPp8s?feature=oembed\" frameborder=\"0\" allow=\"accelerometer; autoplay; clipboard-write; encrypted-media; gyroscope; picture-in-picture; web-share\" allowfullscreen><\/iframe><\/p>\n<hr \/>\n<p>&nbsp;<\/p>\n","protected":false},"excerpt":{"rendered":"<p>AGORDO Una via crucis per una ecografia. Un utente agordino protesta, dopo la colica &#8220;La sanit\u00e0 non \u00e8 quella decantata da Luca Zaia&#8221;. Dov&#8217;\u00e8 il coordinamento dei cup provinciali? AGORDO Disagi per la mensa, lunghe code, tempi stretti. Al lavoro la commissione specifica della RSU Luxottica per risolvere la questione. Si ragiona sui prodotti stagionali&hellip;<\/p>\n","protected":false},"author":4,"featured_media":324532,"comment_status":"closed","ping_status":"closed","sticky":false,"template":"","format":"standard","meta":{"_monsterinsights_skip_tracking":false,"_monsterinsights_sitenote_active":false,"_monsterinsights_sitenote_note":"","_monsterinsights_sitenote_category":0,"footnotes":""},"categories":[49,142],"tags":[],"class_list":["post-324549","post","type-post","status-publish","format-standard","has-post-thumbnail","hentry","category-news-18","category-rassegna-stampa","category-49","category-142","description-off"],"img_url":"https:\/\/www.radiopiu.net\/wordpress\/wp-content\/uploads\/2023\/03\/Senza-nome-8.jpg","_links":{"self":[{"href":"https:\/\/www.radiopiu.net\/wordpress\/wp-json\/wp\/v2\/posts\/324549","targetHints":{"allow":["GET"]}}],"collection":[{"href":"https:\/\/www.radiopiu.net\/wordpress\/wp-json\/wp\/v2\/posts"}],"about":[{"href":"https:\/\/www.radiopiu.net\/wordpress\/wp-json\/wp\/v2\/types\/post"}],"author":[{"embeddable":true,"href":"https:\/\/www.radiopiu.net\/wordpress\/wp-json\/wp\/v2\/users\/4"}],"replies":[{"embeddable":true,"href":"https:\/\/www.radiopiu.net\/wordpress\/wp-json\/wp\/v2\/comments?post=324549"}],"version-history":[{"count":0,"href":"https:\/\/www.radiopiu.net\/wordpress\/wp-json\/wp\/v2\/posts\/324549\/revisions"}],"wp:featuredmedia":[{"embeddable":true,"href":"https:\/\/www.radiopiu.net\/wordpress\/wp-json\/wp\/v2\/media\/324532"}],"wp:attachment":[{"href":"https:\/\/www.radiopiu.net\/wordpress\/wp-json\/wp\/v2\/media?parent=324549"}],"wp:term":[{"taxonomy":"category","embeddable":true,"href":"https:\/\/www.radiopiu.net\/wordpress\/wp-json\/wp\/v2\/categories?post=324549"},{"taxonomy":"post_tag","embeddable":true,"href":"https:\/\/www.radiopiu.net\/wordpress\/wp-json\/wp\/v2\/tags?post=324549"}],"curies":[{"name":"wp","href":"https:\/\/api.w.org\/{rel}","templated":true}]}}