{"id":324586,"date":"2023-03-03T05:43:23","date_gmt":"2023-03-03T04:43:23","guid":{"rendered":"https:\/\/www.radiopiu.net\/wordpress\/?p=324586"},"modified":"2023-03-03T06:29:30","modified_gmt":"2023-03-03T05:29:30","slug":"luxottica-agordo-la-nuova-area-parking-dedicata-alle-due-ruote","status":"publish","type":"post","link":"https:\/\/www.radiopiu.net\/wordpress\/luxottica-agordo-la-nuova-area-parking-dedicata-alle-due-ruote\/","title":{"rendered":"LUXOTTICA AGORDO: LA NUOVA AREA PARKING DEDICATA ALLE DUE RUOTE"},"content":{"rendered":"<p>&nbsp;<\/p>\n<blockquote><p><strong>RICEVIAMO E PUBBLICHIAMO DA SEDICO<\/strong><\/p><\/blockquote>\n<p><em>Sul sito di Radiopiu&#8217; ho letto con piacere che in Luxottica ad Agordo hanno fatto un numero sufficiente di stalli per i motocicli. Purtroppo a Sedico2 dopo che nell&#8217;autunno scorso hanno rifatto i parcheggi, per le moto hanno predisposto 6 posti. Un po&#8217; pochini rispetto ai possessori di 2ruote che saranno (Mi tengo molto basso) 20 dipendenti. Eppure hanno detto che il 2022 \u00e8 stato un record di fatturato&#8230;<\/em><\/p>\n<p>&nbsp;<\/p>\n<p>&nbsp;<\/p>\n<p><strong><a class=\"dt-pswp-item\" href=\"https:\/\/www.radiopiu.net\/wordpress\/wp-content\/uploads\/2023\/01\/f5c58041-2f77-4ccf-b15d-82d7064a18a9.jpg\" data-dt-img-description=\"\" data-large_image_width=\"2048\" data-large_image_height=\"1536\"><img loading=\"lazy\" decoding=\"async\" class=\" wp-image-319449 alignleft\" src=\"https:\/\/www.radiopiu.net\/wordpress\/wp-content\/uploads\/2023\/01\/f5c58041-2f77-4ccf-b15d-82d7064a18a9-300x225.jpg\" alt=\"\" width=\"180\" height=\"135\" srcset=\"https:\/\/www.radiopiu.net\/wordpress\/wp-content\/uploads\/2023\/01\/f5c58041-2f77-4ccf-b15d-82d7064a18a9-300x225.jpg 300w, https:\/\/www.radiopiu.net\/wordpress\/wp-content\/uploads\/2023\/01\/f5c58041-2f77-4ccf-b15d-82d7064a18a9-1024x768.jpg 1024w, https:\/\/www.radiopiu.net\/wordpress\/wp-content\/uploads\/2023\/01\/f5c58041-2f77-4ccf-b15d-82d7064a18a9-768x576.jpg 768w, https:\/\/www.radiopiu.net\/wordpress\/wp-content\/uploads\/2023\/01\/f5c58041-2f77-4ccf-b15d-82d7064a18a9-1536x1152.jpg 1536w, https:\/\/www.radiopiu.net\/wordpress\/wp-content\/uploads\/2023\/01\/f5c58041-2f77-4ccf-b15d-82d7064a18a9.jpg 2048w\" sizes=\"auto, (max-width: 180px) 100vw, 180px\" \/><\/a>AGORDO<\/strong> Novit\u00e0 per le maestranze dello stabilimento Luxottica di Agordo. A partire da oggi gli operai che si recano al lavoro in bicicletta o motorino avranno a disposizione il nuovo parcheggio riservato alle due ruote. La zona riservata a cicli e motocicli si trova nella zona sud dello stabilimento con relativa copertura per tenere i mezzi a riparo dalla pioggia o neve. &#8221; Da diversi anni la storica area di sosta nel parcheggio interno era ormai inadeguata, a fronte della popolazione dello stabilimento che negli anni era pressoch\u00e9 raddoppiata, tanto che oltre alle richieste di ampliamento della commissione trasporti era stata fatta anche una <a class=\"dt-pswp-item\" href=\"https:\/\/www.radiopiu.net\/wordpress\/wp-content\/uploads\/2023\/03\/1e8b598d-ecc6-4923-935f-a8dd43214836.jpg\" data-dt-img-description=\"\" data-large_image_width=\"1024\" data-large_image_height=\"768\"><img loading=\"lazy\" decoding=\"async\" class=\"size-medium wp-image-324621 alignright\" src=\"https:\/\/www.radiopiu.net\/wordpress\/wp-content\/uploads\/2023\/03\/1e8b598d-ecc6-4923-935f-a8dd43214836-300x225.jpg\" alt=\"\" width=\"300\" height=\"225\" srcset=\"https:\/\/www.radiopiu.net\/wordpress\/wp-content\/uploads\/2023\/03\/1e8b598d-ecc6-4923-935f-a8dd43214836-300x225.jpg 300w, https:\/\/www.radiopiu.net\/wordpress\/wp-content\/uploads\/2023\/03\/1e8b598d-ecc6-4923-935f-a8dd43214836-768x576.jpg 768w, https:\/\/www.radiopiu.net\/wordpress\/wp-content\/uploads\/2023\/03\/1e8b598d-ecc6-4923-935f-a8dd43214836.jpg 1024w\" sizes=\"auto, (max-width: 300px) 100vw, 300px\" \/><\/a>raccolta firme da parte degli utenti. La nuova area \u00e8 molto pi\u00f9 ampia della precedente ed \u00e8 ben attrezzata con tettoie e rastrelliere (queste ultime per la parte destinata alle bici) &#8211; dicono dalla commissione trasporti della RSU dello stabilimento Luxottica di Agordo &#8211; Adesso lo spazio a disposizione dovrebbe essere pi\u00f9 che sufficiente anche per i motocicli, specie se verranno parcheggiati con ordine. Considerato che la nuova area non \u00e8 pi\u00f9 all&#8217;interno dei tornelli, pur avendo il cancello di ingresso videosorvegliato, ognuno potr\u00e0 valutare se lasciarvi la propria bici opportunamente bloccata&#8221;. Ora manca solo una ciclopedonale. &#8220;Per dare un ulteriore impulso alla mobilit\u00e0 sostenibile sarebbe opportuna la realizzazione di un tratto di ciclopedonale che colleghi Valcozzena con la gi\u00e0 esistente ciclopedonale oltre il Cordevole &#8211; concludono i delegati &#8211; richieste in tal senso erano comunque state fatte dalla Commissione in pi\u00f9 occasioni anche verso le amministrazioni comunali&#8221;.<\/p>\n<p>&nbsp;<\/p>\n<p>&nbsp;<\/p>\n<p>&nbsp;<\/p>\n<p>******<\/p>\n","protected":false},"excerpt":{"rendered":"<p>&nbsp; RICEVIAMO E PUBBLICHIAMO DA SEDICO Sul sito di Radiopiu&#8217; ho letto con piacere che in Luxottica ad Agordo hanno fatto un numero sufficiente di stalli per i motocicli. Purtroppo a Sedico2 dopo che nell&#8217;autunno scorso hanno rifatto i parcheggi, per le moto hanno predisposto 6 posti. Un po&#8217; pochini rispetto ai possessori di 2ruote&hellip;<\/p>\n","protected":false},"author":4,"featured_media":319449,"comment_status":"closed","ping_status":"closed","sticky":false,"template":"","format":"standard","meta":{"_monsterinsights_skip_tracking":false,"_monsterinsights_sitenote_active":false,"_monsterinsights_sitenote_note":"","_monsterinsights_sitenote_category":0,"footnotes":""},"categories":[51,49],"tags":[],"class_list":["post-324586","post","type-post","status-publish","format-standard","has-post-thumbnail","hentry","category-evidenza-top","category-news-18","category-51","category-49","description-off"],"img_url":"https:\/\/www.radiopiu.net\/wordpress\/wp-content\/uploads\/2023\/01\/f5c58041-2f77-4ccf-b15d-82d7064a18a9.jpg","_links":{"self":[{"href":"https:\/\/www.radiopiu.net\/wordpress\/wp-json\/wp\/v2\/posts\/324586","targetHints":{"allow":["GET"]}}],"collection":[{"href":"https:\/\/www.radiopiu.net\/wordpress\/wp-json\/wp\/v2\/posts"}],"about":[{"href":"https:\/\/www.radiopiu.net\/wordpress\/wp-json\/wp\/v2\/types\/post"}],"author":[{"embeddable":true,"href":"https:\/\/www.radiopiu.net\/wordpress\/wp-json\/wp\/v2\/users\/4"}],"replies":[{"embeddable":true,"href":"https:\/\/www.radiopiu.net\/wordpress\/wp-json\/wp\/v2\/comments?post=324586"}],"version-history":[{"count":0,"href":"https:\/\/www.radiopiu.net\/wordpress\/wp-json\/wp\/v2\/posts\/324586\/revisions"}],"wp:featuredmedia":[{"embeddable":true,"href":"https:\/\/www.radiopiu.net\/wordpress\/wp-json\/wp\/v2\/media\/319449"}],"wp:attachment":[{"href":"https:\/\/www.radiopiu.net\/wordpress\/wp-json\/wp\/v2\/media?parent=324586"}],"wp:term":[{"taxonomy":"category","embeddable":true,"href":"https:\/\/www.radiopiu.net\/wordpress\/wp-json\/wp\/v2\/categories?post=324586"},{"taxonomy":"post_tag","embeddable":true,"href":"https:\/\/www.radiopiu.net\/wordpress\/wp-json\/wp\/v2\/tags?post=324586"}],"curies":[{"name":"wp","href":"https:\/\/api.w.org\/{rel}","templated":true}]}}