{"id":324606,"date":"2023-03-02T12:02:49","date_gmt":"2023-03-02T11:02:49","guid":{"rendered":"https:\/\/www.radiopiu.net\/wordpress\/?p=324606"},"modified":"2023-03-03T05:51:32","modified_gmt":"2023-03-03T04:51:32","slug":"un-appartamento-in-eredita-allassociazione-cucchini","status":"publish","type":"post","link":"https:\/\/www.radiopiu.net\/wordpress\/un-appartamento-in-eredita-allassociazione-cucchini\/","title":{"rendered":"UN APPARTAMENTO IN EREDITA&#8217; ALL&#8217;ASSOCIAZIONE CUCCHINI"},"content":{"rendered":"<p><strong><a class=\"dt-pswp-item\" href=\"https:\/\/www.radiopiu.net\/wordpress\/wp-content\/uploads\/2020\/03\/CUCCHINI.jpg\" data-dt-img-description=\"\" data-large_image_width=\"380\" data-large_image_height=\"245\"><img loading=\"lazy\" decoding=\"async\" class=\" wp-image-123337 alignleft\" src=\"https:\/\/www.radiopiu.net\/wordpress\/wp-content\/uploads\/2020\/03\/CUCCHINI-300x193.jpg\" alt=\"\" width=\"196\" height=\"126\" srcset=\"https:\/\/www.radiopiu.net\/wordpress\/wp-content\/uploads\/2020\/03\/CUCCHINI-300x193.jpg 300w, https:\/\/www.radiopiu.net\/wordpress\/wp-content\/uploads\/2020\/03\/CUCCHINI.jpg 380w\" sizes=\"auto, (max-width: 196px) 100vw, 196px\" \/><\/a>BELLUNO<\/strong> Se n\u2019\u00e8 andata senza figli e parenti. E ha lasciato tutto alle associazioni di volontariato e al Terzo settore, tra cui la Cucchini. Adriana Biasci, insegnante di materie letterarie molto stimata in citt\u00e0 e in provincia, \u00e8 mancata nel luglio del 2021. Nel testamento, ha lasciato scritte le sue ultime volont\u00e0 e ha donato la sua casa di Belluno all\u2019associazione Cucchini, un appartamento in una localit\u00e0 balneare del Nord Italia a Emergency, tutti i suoi risparmi alla Fondazione Umberto Veronesi, mentre i libri di narrativa sono stati indirizzati agli ospiti delle carceri. \u00abUn sentito e profondo ringraziamento alla professoressa Biasci, con un ricordo di grande affetto alla sua figura\u00bb le parole del presidente della Cucchini, Paolo Colleselli. \u00abL\u2019associazione da anni si mette a servizio delle persone ammalate e dei loro famigliari. Vive di volontariato e di donazioni, motivo per cui questo lascito testamentario rappresenta un grande aiuto alla nostra realt\u00e0, per il lavoro silenzioso e quotidiano dei nostri volontari, a disposizione dell\u2019hospice e delle altre attivit\u00e0 che vengono svolte\u00bb. L\u2019appartamento lasciato alla Cucchini si trova a Baldenich. Ha garage e cantina e verr\u00e0 messo in vendita dall\u2019associazione. \u00abL\u2019intenzione \u00e8 di destinare ai nostri progetti il ricavato, cos\u00ec da lasciare un segno tangibile e anche un ricordo della generosit\u00e0 della professoressa Biasci &#8211; continua Paolo Colleselli -. Progetti che guardano sempre all\u2019attivit\u00e0 della Cucchini, a servizio del territorio\u00bb. Le persone che fossero interessate a vedere l\u2019appartamento per l\u2019acquisto possono contattare l\u2019associazione Cucchini (<a href=\"mailto:segreteria@associazionecucchini.it\">segreteria@associazionecucchini.it<\/a>; telefono 0437 516666).<\/p>\n<p>&nbsp;<\/p>\n<p>&nbsp;<\/p>\n<p>*******<\/p>\n","protected":false},"excerpt":{"rendered":"<p>BELLUNO Se n\u2019\u00e8 andata senza figli e parenti. E ha lasciato tutto alle associazioni di volontariato e al Terzo settore, tra cui la Cucchini. Adriana Biasci, insegnante di materie letterarie molto stimata in citt\u00e0 e in provincia, \u00e8 mancata nel luglio del 2021. Nel testamento, ha lasciato scritte le sue ultime volont\u00e0 e ha donato&hellip;<\/p>\n","protected":false},"author":4,"featured_media":123337,"comment_status":"closed","ping_status":"closed","sticky":false,"template":"","format":"standard","meta":{"_monsterinsights_skip_tracking":false,"_monsterinsights_sitenote_active":false,"_monsterinsights_sitenote_note":"","_monsterinsights_sitenote_category":0,"footnotes":""},"categories":[51,49],"tags":[],"class_list":["post-324606","post","type-post","status-publish","format-standard","has-post-thumbnail","hentry","category-evidenza-top","category-news-18","category-51","category-49","description-off"],"img_url":"https:\/\/www.radiopiu.net\/wordpress\/wp-content\/uploads\/2020\/03\/CUCCHINI.jpg","_links":{"self":[{"href":"https:\/\/www.radiopiu.net\/wordpress\/wp-json\/wp\/v2\/posts\/324606","targetHints":{"allow":["GET"]}}],"collection":[{"href":"https:\/\/www.radiopiu.net\/wordpress\/wp-json\/wp\/v2\/posts"}],"about":[{"href":"https:\/\/www.radiopiu.net\/wordpress\/wp-json\/wp\/v2\/types\/post"}],"author":[{"embeddable":true,"href":"https:\/\/www.radiopiu.net\/wordpress\/wp-json\/wp\/v2\/users\/4"}],"replies":[{"embeddable":true,"href":"https:\/\/www.radiopiu.net\/wordpress\/wp-json\/wp\/v2\/comments?post=324606"}],"version-history":[{"count":0,"href":"https:\/\/www.radiopiu.net\/wordpress\/wp-json\/wp\/v2\/posts\/324606\/revisions"}],"wp:featuredmedia":[{"embeddable":true,"href":"https:\/\/www.radiopiu.net\/wordpress\/wp-json\/wp\/v2\/media\/123337"}],"wp:attachment":[{"href":"https:\/\/www.radiopiu.net\/wordpress\/wp-json\/wp\/v2\/media?parent=324606"}],"wp:term":[{"taxonomy":"category","embeddable":true,"href":"https:\/\/www.radiopiu.net\/wordpress\/wp-json\/wp\/v2\/categories?post=324606"},{"taxonomy":"post_tag","embeddable":true,"href":"https:\/\/www.radiopiu.net\/wordpress\/wp-json\/wp\/v2\/tags?post=324606"}],"curies":[{"name":"wp","href":"https:\/\/api.w.org\/{rel}","templated":true}]}}