{"id":324652,"date":"2023-03-11T05:45:03","date_gmt":"2023-03-11T04:45:03","guid":{"rendered":"https:\/\/www.radiopiu.net\/wordpress\/?p=324652"},"modified":"2023-03-11T06:04:20","modified_gmt":"2023-03-11T05:04:20","slug":"cervo-morto-a-bordo-strada-abbandonato-per-due-giorni-i-chiarimenti-dal-parco","status":"publish","type":"post","link":"https:\/\/www.radiopiu.net\/wordpress\/cervo-morto-a-bordo-strada-abbandonato-per-due-giorni-i-chiarimenti-dal-parco\/","title":{"rendered":"CERVO MORTO A BORDO STRADA, ABBANDONATO PER DUE GIORNI. I CHIARIMENTI DAL PARCO"},"content":{"rendered":"<p><strong>REDAZIONE<\/strong> Il triste spettacolo del cervo morto a bordo strada \u00e8 rimasto sotto agli occhi degli automobilisti in transito, valligiani e turisti, per due giorni, in piena zona Parco. Al terzo giorno un mezzo pesante con la gru ha sollevato l&#8217;animale per smaltirlo e non sono mancate le critiche degli ascoltatori per il modo e per quel camion fermo in carreggiata, senza movieri a dirigere il traffico, senza opportuna segnaletica. In ogni caso entrambe le segnalazioni vengono oggi riproposte. A queste si aggiunge un chiarimento dall&#8217;Ente Parco che per dovere di cronaca riportiamo<\/p>\n<p><strong>L&#8217;Ente Parco ha stipulato un contratto con una ditta specializzata che provvede al recupero e smaltimento, nel rispetto della normativa vigente, delle carcasse di animali investiti; \u00a0il contratto con la ditta prevede che la stessa intervenga entro al massimo 2 giorni dalla segnalazione dell&#8217;investimento, che viene effettuata dai Carabinieri Forestali; \u00a0i Carabinieri Forestali del Comando Stazione di Candaten hanno segnalato alla ditta la necessit\u00e0 di recuperare il cervo il giorno 1 marzo, data dell&#8217;investimento; \u00a0la ditta \u00e8 intervenuta per il recupero dell&#8217;animale nella mattinata del 3 marzo. Si chiede di voler cortesemente inoltrare, se possibile, tale informazione ai due ascoltatori che vi hanno contattato e dei quali non abbiamo i riferimenti.<\/strong><\/p>\n<p>&nbsp;<\/p>\n<p>&nbsp;<\/p>\n<p><strong>ARCHIVIO RADIOPIU<\/strong><\/p>\n<blockquote>\n<h3>IL CERVO MORTO A BORDO STRADA, LI&#8217; DA MERCOLEDI MATTINA<br \/>\n2 MARZO 2023<\/h3>\n<\/blockquote>\n<p><strong><a class=\"dt-pswp-item\" href=\"https:\/\/www.radiopiu.net\/wordpress\/wp-content\/uploads\/2023\/03\/Senza-nome.png\" data-dt-img-description=\"\" data-large_image_width=\"564\" data-large_image_height=\"327\"><img loading=\"lazy\" decoding=\"async\" class=\"size-medium wp-image-324748 alignleft\" src=\"https:\/\/www.radiopiu.net\/wordpress\/wp-content\/uploads\/2023\/03\/Senza-nome-300x174.png\" alt=\"\" width=\"300\" height=\"174\" srcset=\"https:\/\/www.radiopiu.net\/wordpress\/wp-content\/uploads\/2023\/03\/Senza-nome-300x174.png 300w, https:\/\/www.radiopiu.net\/wordpress\/wp-content\/uploads\/2023\/03\/Senza-nome.png 564w\" sizes=\"auto, (max-width: 300px) 100vw, 300px\" \/><\/a>REDAZIONE<\/strong> Due ascoltatori di RADIOPIU oggi hanno suonato alla nostra porta. Entrambi con una domanda per gli enti competenti:<em> &#8220;Ma come \u00e8 possibile che un animale investito ieri, oggi sia ancora a bordo strada lungo il rettilineo di Candaten, sotto un telo, a pochi metri dal bel cartello Parco Nazionale Dolomiti Bellunesi. Nessuno ha tempo di andare a prenderlo? Pi\u00f9 facile sanzionare e fare una polemica se uno si carica un animale morto indagangolo per furto&#8221; .<\/em><\/p>\n<p>Rimane il fatto che quasi due giorni dall&#8217;investimento l&#8217;animale \u00e8 ancora li&#8217;, lo vedono tutti sotto quel telo. Che brutta immagine, per tutti i portatori di interesse operanti in zona. e&#8217; probabile\u00a0 che all\u2019interno della area parco solo i Carabinieri Forestali possano procedere (ipotesi) e non\u00a0 la Polizia Provinciale. Come \u00e8 stato messo un telo per coprire la carcassa del cervo si poteva anche caricarlo a bordo di un furgone portarlo altrove\u00a0 in attesa del personale preposto allo smaltimento della bestia<\/p>\n<p>&nbsp;<\/p>\n<p>&nbsp;<\/p>\n<p>&nbsp;<\/p>\n<blockquote>\n<h2>DILLO A RADIO PIU&#8217;&#8230; LA LEGGE E&#8217; UGUALE PER TUTTI, OPPURE NO ?<br \/>\n4 MARZO 2023<\/h2>\n<\/blockquote>\n<p>&nbsp;<\/p>\n<blockquote><p><img loading=\"lazy\" decoding=\"async\" class=\"alignleft\" src=\"https:\/\/www.radiopiu.net\/wordpress\/wp-content\/uploads\/2023\/03\/IMG_20230303_104305-scaled.jpg\" width=\"176\" height=\"235\" \/><strong>REDAZIONE<\/strong> Finalmente, dopo 48 ore, la carcassa del cervo investito mercoledi mattina \u00e8 stata spostata, era un pessimo spettacolo in zona Parco rimarcato da pi\u00f9 voci per due giorni consecutivi. Stamane la rimozione e chi come un nostro lettore-ascoltatore si \u00e8 trovato a passare per di l\u00e0 ha prima rallentato e poi riflettuto sul fatto che la segnalazione dell&#8217;ostacolo (mezzo pesante con gru in azione) era effettivamente molto carente.<\/p>\n<div dir=\"auto\"><em>Quando ci si accinge a compiere dei lavori stradali bisognerebbe &#8211; anzi \u00e8 obbligo &#8211;\u00a0 prestare particolare attenzione alla segnaletica a vantaggio degli automobilisti in transito, sia per evitare pesanti sanzioni, soprattutto\u00a0 per\u00a0 l&#8217;incolumit\u00e0 degli utenti della strada. <\/em><em>E questo vale per tutti. E&#8217; per\u00f2 una teoria dopo quanto constatato stamane durante il recupero del cervo investito mercoledi a Candaten. Tralasciando il vergognoso ritardo nel recupero la cosa che mi ha colpito \u00e8 stato che, salendo da Belluno, nel bel mezzo del rettilineo, dove il limite \u00e8 di 90 km\/h, mi sono trovato sulla corsia di transito un camion: nessun cartello,\u00a0 assenza di segnalatori luminosi lampeggianti, non ho visto indossare la\u00a0 tuta ad alta visibilit\u00e0 e nemmneno un moviere per dirigere il traffico . Mi hanno sempre insegnato che al lavoro, sia per un privato che per un ente pubblico, \u00e8 d&#8217;obbligo oltre che di buona norma,\u00a0 la sicurezza, da mettere al primo posto. Posso solo concludere con un sospiro di sollievo, non ci sono stati incidenti n\u00e8 invasione di corsia&#8230;finch\u00e9 va bene&#8230;<\/em><\/div>\n<\/blockquote>\n<div dir=\"auto\"><\/div>\n<div dir=\"auto\"><\/div>\n<p>&nbsp;<\/p>\n<p>___<\/p>\n","protected":false},"excerpt":{"rendered":"<p>REDAZIONE Il triste spettacolo del cervo morto a bordo strada \u00e8 rimasto sotto agli occhi degli automobilisti in transito, valligiani e turisti, per due giorni, in piena zona Parco. Al terzo giorno un mezzo pesante con la gru ha sollevato l&#8217;animale per smaltirlo e non sono mancate le critiche degli ascoltatori per il modo e&hellip;<\/p>\n","protected":false},"author":4,"featured_media":325919,"comment_status":"closed","ping_status":"closed","sticky":false,"template":"","format":"standard","meta":{"_monsterinsights_skip_tracking":false,"_monsterinsights_sitenote_active":false,"_monsterinsights_sitenote_note":"","_monsterinsights_sitenote_category":0,"footnotes":""},"categories":[51,49],"tags":[],"class_list":["post-324652","post","type-post","status-publish","format-standard","has-post-thumbnail","hentry","category-evidenza-top","category-news-18","category-51","category-49","description-off"],"img_url":"https:\/\/www.radiopiu.net\/wordpress\/wp-content\/uploads\/2023\/03\/Senza-nome-300x174-1.png","_links":{"self":[{"href":"https:\/\/www.radiopiu.net\/wordpress\/wp-json\/wp\/v2\/posts\/324652","targetHints":{"allow":["GET"]}}],"collection":[{"href":"https:\/\/www.radiopiu.net\/wordpress\/wp-json\/wp\/v2\/posts"}],"about":[{"href":"https:\/\/www.radiopiu.net\/wordpress\/wp-json\/wp\/v2\/types\/post"}],"author":[{"embeddable":true,"href":"https:\/\/www.radiopiu.net\/wordpress\/wp-json\/wp\/v2\/users\/4"}],"replies":[{"embeddable":true,"href":"https:\/\/www.radiopiu.net\/wordpress\/wp-json\/wp\/v2\/comments?post=324652"}],"version-history":[{"count":0,"href":"https:\/\/www.radiopiu.net\/wordpress\/wp-json\/wp\/v2\/posts\/324652\/revisions"}],"wp:featuredmedia":[{"embeddable":true,"href":"https:\/\/www.radiopiu.net\/wordpress\/wp-json\/wp\/v2\/media\/325919"}],"wp:attachment":[{"href":"https:\/\/www.radiopiu.net\/wordpress\/wp-json\/wp\/v2\/media?parent=324652"}],"wp:term":[{"taxonomy":"category","embeddable":true,"href":"https:\/\/www.radiopiu.net\/wordpress\/wp-json\/wp\/v2\/categories?post=324652"},{"taxonomy":"post_tag","embeddable":true,"href":"https:\/\/www.radiopiu.net\/wordpress\/wp-json\/wp\/v2\/tags?post=324652"}],"curies":[{"name":"wp","href":"https:\/\/api.w.org\/{rel}","templated":true}]}}