{"id":324685,"date":"2023-03-02T22:08:49","date_gmt":"2023-03-02T21:08:49","guid":{"rendered":"https:\/\/www.radiopiu.net\/wordpress\/?p=324685"},"modified":"2023-03-02T22:28:02","modified_gmt":"2023-03-02T21:28:02","slug":"maurizio-costanzo-nei-ricordi-del-coro-agordo","status":"publish","type":"post","link":"https:\/\/www.radiopiu.net\/wordpress\/maurizio-costanzo-nei-ricordi-del-coro-agordo\/","title":{"rendered":"MAURIZIO COSTANZO NEI RICORDI DEL CORO AGORDO"},"content":{"rendered":"<p><strong>di\u00a0 LORIS SANTOMASO<\/strong><\/p>\n<p><strong>AGORDO <\/strong>Quello di gioved\u00ec 7 febbraio 1980 \u00e8 sicuramente un giorno memorabile nella lunga storia del Coro Agordo. Una data che il complesso canoro, oggi presieduto da Gabriele Riva, non poteva non rievocare, sia pur con tristezza e vivo cordoglio, nell\u2019apprendere la notizia della morte del famoso giornalista e conduttore televisivo Maurizio Costanzo, avvenuta a Roma lo scorso 24 febbraio. All\u2019inizio del suo 15\u00b0 anno di attivit\u00e0, infatti, il coro diretto dal suo fondatore Salvatore Santomaso, sal\u00ec alla ribalta delle cronache nazionali per essere stato ospite di una puntata di \u201cGrand\u2019Italia\u201d, la trasmissione di allora di Costanzo, andata in onde in diretta in prima sera su Rai Uno, esibendosi in due apprezzati brani della tradizione popolare agordina. L\u2019invito a partecipare al prestigioso evento, accompagnati anche dal sindaco Armando \u201cTama\u201d Da Roit, fu merito dell\u2019agordino Francesco Bortolini, giornalista, autore radiotelevisivo e collaboratore di Costanzo, che promosse la trasferta nella capitale del gruppo vocale grazie anche all\u2019organizzazione della Famiglia Piave, degli emigranti bellunesi a Roma, guidata dall\u2019indimenticabile Gigetto Adimico.Fu quella peraltro, una trasferta particolarmente intensa per Salvatore e i suoi cantori che, prima di entrare negli studi della Rai, la mattina del giorno precedente avevano partecipato in Vaticano all\u2019udienza del mercoled\u00ec in Sala Nervi di Papa Giovanni Paolo II, offrendogli un canto allorch\u00e9 si intrattenne con loro nel suo passaggio fra i fedeli, e nel pomeriggio erano stati ricevuti al Quirinale dal Presidente della Repubblica Sandro Pertini, anche in questo caso accompagnati oltre che dal sindaco, dall\u2019arcidiacono monsignor Lino Mottes e da Bruno Zanetti dell\u2019Associazione Alpini. Ma l\u2019occasione aveva pure dato vita, la sera di marted\u00ec 5 febbraio, al significativo concerto nella chiesa di Sant\u2019Agostino, assieme al Coro Ana di Roma, diretto da Lamberto Pietropoli, fondatore del Coro Minimo bellunese e autore e armonizzatore di tutto il repertorio del Coro Agordo. L\u2019apparizione a Grand\u2019Italia ha avuto peraltro una singolare simpatica appendice, come ricorda oggi uno dei coristi di allora, che vale la pena ricordare: \u00abCon la reg\u00eca fu stabilito di eseguire un solo canto, ma il maestro Dino Siani, che dirigeva il piccolo complesso orchestrale della trasmissione, sugger\u00ec al nostro direttore di iniziare subito un secondo brano, grazie all&#8217;assist musicale fornitogli al pianoforte. La cosa spiazz\u00f2, ma non di tanto, lo stesso Costanzo: la trasmissione era in diretta e non si poteva n\u00e9 tagliare n\u00e9 ripetere. Fu cos\u00ec che, alla presenza di vari ospiti, tra i quali Fausto Cigliano e l\u2019onorevole Valerio Zanone, dopo \u201cS\u00f3l nt\u00e9 la Val del Bi\u00f3is\u201d riuscimmo a cantare anche \u201cO b\u00e8l pecoraro\u201d, ricevendo i calorosi e convinti applausi di Costanzo, dei presenti e, il mattino seguente, l\u2019ammirazione dei clienti del bar alla stazione ferroviaria di Padova, dove il coro si era ristorato dopo il viaggio notturno di ritorno da Roma\u00bb.<\/p>\n<p><b>Foto<\/b>:<\/p>\n<p>ROMA \u2013 Gioved\u00ec 7 febbraio 1980. Foto ricordo del Coro Agordo con Maurizio Costanzo al termine della trasmissione di Grand\u2019Italia.<\/p>\n<p>ROMA \u2013 Mercoled\u00ec 6 febbraio 1980. Il Coro Agordo in Vaticano all\u2019incontro con Papa Giovanni Paolo II all\u2019udienza in sala Nervi.<\/p>\n<p>ROMA \u2013 Mercoled\u00ec 6 febbraio 1980. Il Coro Agordo ricevuto al Quirinale dall\u2019indimenticato Presidente della Repubblica.<\/p>\n\n\t\t\t<style type='text\/css'>\n\t\t\t\t#gallery-1 {\n\t\t\t\t\tmargin: auto;\n\t\t\t\t}\n\t\t\t\t#gallery-1 .gallery-item {\n\t\t\t\t\tfloat: left;\n\t\t\t\t\tmargin-top: 10px;\n\t\t\t\t\ttext-align: center;\n\t\t\t\t\twidth: 100%;\n\t\t\t\t}\n\t\t\t\t#gallery-1 img {\n\t\t\t\t\tborder: 2px solid #cfcfcf;\n\t\t\t\t}\n\t\t\t\t#gallery-1 .gallery-caption {\n\t\t\t\t\tmargin-left: 0;\n\t\t\t\t}\n\t\t\t\t\/* see gallery_shortcode() in wp-includes\/media.php *\/\n\t\t\t<\/style>\n\t\t<div id='gallery-1' class='dt-gallery-container gallery galleryid-324685 gallery-columns-1 gallery-size-full'><dl class='gallery-item'>\n\t\t\t\t<dt class='gallery-icon landscape'>\n\t\t\t\t\t<a class=\"rollover rollover-zoom dt-pswp-item\" title=\"ROMA - 7 febbraio 1980. Coro Agordo con Maurizio Costanzo a Grand&#039;Italia\" data-dt-img-description=\"\" data-large_image_width=\"1728\" data-large_image_height=\"1188\"href='https:\/\/www.radiopiu.net\/wordpress\/wp-content\/uploads\/2023\/03\/ROMA-7-febbraio-1980.-Coro-Agordo-con-Maurizio-Costanzo-a-GrandItalia.jpg'><img loading=\"lazy\" decoding=\"async\" width=\"1728\" height=\"1188\" src=\"https:\/\/www.radiopiu.net\/wordpress\/wp-content\/uploads\/2023\/03\/ROMA-7-febbraio-1980.-Coro-Agordo-con-Maurizio-Costanzo-a-GrandItalia.jpg\" class=\"attachment-full size-full\" alt=\"\" srcset=\"https:\/\/www.radiopiu.net\/wordpress\/wp-content\/uploads\/2023\/03\/ROMA-7-febbraio-1980.-Coro-Agordo-con-Maurizio-Costanzo-a-GrandItalia.jpg 1728w, https:\/\/www.radiopiu.net\/wordpress\/wp-content\/uploads\/2023\/03\/ROMA-7-febbraio-1980.-Coro-Agordo-con-Maurizio-Costanzo-a-GrandItalia-300x206.jpg 300w, https:\/\/www.radiopiu.net\/wordpress\/wp-content\/uploads\/2023\/03\/ROMA-7-febbraio-1980.-Coro-Agordo-con-Maurizio-Costanzo-a-GrandItalia-1024x704.jpg 1024w, https:\/\/www.radiopiu.net\/wordpress\/wp-content\/uploads\/2023\/03\/ROMA-7-febbraio-1980.-Coro-Agordo-con-Maurizio-Costanzo-a-GrandItalia-768x528.jpg 768w, https:\/\/www.radiopiu.net\/wordpress\/wp-content\/uploads\/2023\/03\/ROMA-7-febbraio-1980.-Coro-Agordo-con-Maurizio-Costanzo-a-GrandItalia-1536x1056.jpg 1536w\" sizes=\"auto, (max-width: 1728px) 100vw, 1728px\" \/><\/a>\n\t\t\t\t<\/dt><\/dl><br style=\"clear: both\" \/><dl class='gallery-item'>\n\t\t\t\t<dt class='gallery-icon landscape'>\n\t\t\t\t\t<a class=\"rollover rollover-zoom dt-pswp-item\" title=\"ROMA - 6 febbraio 1980. Coro Agordo con Papa Giovanni Paolo II\" data-dt-img-description=\"\" data-large_image_width=\"1772\" data-large_image_height=\"1460\"href='https:\/\/www.radiopiu.net\/wordpress\/wp-content\/uploads\/2023\/03\/ROMA-6-febbraio-1980.-Coro-Agordo-con-Papa-Giovanni-Paolo-II.jpg'><img loading=\"lazy\" decoding=\"async\" width=\"1772\" height=\"1460\" src=\"https:\/\/www.radiopiu.net\/wordpress\/wp-content\/uploads\/2023\/03\/ROMA-6-febbraio-1980.-Coro-Agordo-con-Papa-Giovanni-Paolo-II.jpg\" class=\"attachment-full size-full\" alt=\"\" srcset=\"https:\/\/www.radiopiu.net\/wordpress\/wp-content\/uploads\/2023\/03\/ROMA-6-febbraio-1980.-Coro-Agordo-con-Papa-Giovanni-Paolo-II.jpg 1772w, https:\/\/www.radiopiu.net\/wordpress\/wp-content\/uploads\/2023\/03\/ROMA-6-febbraio-1980.-Coro-Agordo-con-Papa-Giovanni-Paolo-II-300x247.jpg 300w, https:\/\/www.radiopiu.net\/wordpress\/wp-content\/uploads\/2023\/03\/ROMA-6-febbraio-1980.-Coro-Agordo-con-Papa-Giovanni-Paolo-II-1024x844.jpg 1024w, https:\/\/www.radiopiu.net\/wordpress\/wp-content\/uploads\/2023\/03\/ROMA-6-febbraio-1980.-Coro-Agordo-con-Papa-Giovanni-Paolo-II-768x633.jpg 768w, https:\/\/www.radiopiu.net\/wordpress\/wp-content\/uploads\/2023\/03\/ROMA-6-febbraio-1980.-Coro-Agordo-con-Papa-Giovanni-Paolo-II-1536x1266.jpg 1536w\" sizes=\"auto, (max-width: 1772px) 100vw, 1772px\" \/><\/a>\n\t\t\t\t<\/dt><\/dl><br style=\"clear: both\" \/><dl class='gallery-item'>\n\t\t\t\t<dt class='gallery-icon landscape'>\n\t\t\t\t\t<a class=\"rollover rollover-zoom dt-pswp-item\" title=\"ROMA - 6 febbraio 1980. Coro Agordo con il Presidente delal Repubblica San...ertini\" data-dt-img-description=\"\" data-large_image_width=\"1768\" data-large_image_height=\"1184\"href='https:\/\/www.radiopiu.net\/wordpress\/wp-content\/uploads\/2023\/03\/ROMA-6-febbraio-1980.-Coro-Agordo-con-il-Presidente-delal-Repubblica-San...ertini.jpg'><img loading=\"lazy\" decoding=\"async\" width=\"1768\" height=\"1184\" src=\"https:\/\/www.radiopiu.net\/wordpress\/wp-content\/uploads\/2023\/03\/ROMA-6-febbraio-1980.-Coro-Agordo-con-il-Presidente-delal-Repubblica-San...ertini.jpg\" class=\"attachment-full size-full\" alt=\"\" srcset=\"https:\/\/www.radiopiu.net\/wordpress\/wp-content\/uploads\/2023\/03\/ROMA-6-febbraio-1980.-Coro-Agordo-con-il-Presidente-delal-Repubblica-San...ertini.jpg 1768w, https:\/\/www.radiopiu.net\/wordpress\/wp-content\/uploads\/2023\/03\/ROMA-6-febbraio-1980.-Coro-Agordo-con-il-Presidente-delal-Repubblica-San...ertini-300x201.jpg 300w, https:\/\/www.radiopiu.net\/wordpress\/wp-content\/uploads\/2023\/03\/ROMA-6-febbraio-1980.-Coro-Agordo-con-il-Presidente-delal-Repubblica-San...ertini-1024x686.jpg 1024w, https:\/\/www.radiopiu.net\/wordpress\/wp-content\/uploads\/2023\/03\/ROMA-6-febbraio-1980.-Coro-Agordo-con-il-Presidente-delal-Repubblica-San...ertini-768x514.jpg 768w, https:\/\/www.radiopiu.net\/wordpress\/wp-content\/uploads\/2023\/03\/ROMA-6-febbraio-1980.-Coro-Agordo-con-il-Presidente-delal-Repubblica-San...ertini-1536x1029.jpg 1536w\" sizes=\"auto, (max-width: 1768px) 100vw, 1768px\" \/><\/a>\n\t\t\t\t<\/dt><\/dl><br style=\"clear: both\" \/>\n\t\t\t<\/div>\n\n<p>&nbsp;<\/p>\n<hr \/>\n<p>&nbsp;<\/p>\n","protected":false},"excerpt":{"rendered":"<p>di\u00a0 LORIS SANTOMASO AGORDO Quello di gioved\u00ec 7 febbraio 1980 \u00e8 sicuramente un giorno memorabile nella lunga storia del Coro Agordo. Una data che il complesso canoro, oggi presieduto da Gabriele Riva, non poteva non rievocare, sia pur con tristezza e vivo cordoglio, nell\u2019apprendere la notizia della morte del famoso giornalista e conduttore televisivo Maurizio&hellip;<\/p>\n","protected":false},"author":4,"featured_media":324688,"comment_status":"closed","ping_status":"closed","sticky":false,"template":"","format":"standard","meta":{"_monsterinsights_skip_tracking":false,"_monsterinsights_sitenote_active":false,"_monsterinsights_sitenote_note":"","_monsterinsights_sitenote_category":0,"footnotes":""},"categories":[104,49],"tags":[],"class_list":["post-324685","post","type-post","status-publish","format-standard","has-post-thumbnail","hentry","category-evidenza_3","category-news-18","category-104","category-49","description-off"],"img_url":"https:\/\/www.radiopiu.net\/wordpress\/wp-content\/uploads\/2023\/03\/ROMA-7-febbraio-1980.-Coro-Agordo-con-Maurizio-Costanzo-a-GrandItalia.jpg","_links":{"self":[{"href":"https:\/\/www.radiopiu.net\/wordpress\/wp-json\/wp\/v2\/posts\/324685","targetHints":{"allow":["GET"]}}],"collection":[{"href":"https:\/\/www.radiopiu.net\/wordpress\/wp-json\/wp\/v2\/posts"}],"about":[{"href":"https:\/\/www.radiopiu.net\/wordpress\/wp-json\/wp\/v2\/types\/post"}],"author":[{"embeddable":true,"href":"https:\/\/www.radiopiu.net\/wordpress\/wp-json\/wp\/v2\/users\/4"}],"replies":[{"embeddable":true,"href":"https:\/\/www.radiopiu.net\/wordpress\/wp-json\/wp\/v2\/comments?post=324685"}],"version-history":[{"count":0,"href":"https:\/\/www.radiopiu.net\/wordpress\/wp-json\/wp\/v2\/posts\/324685\/revisions"}],"wp:featuredmedia":[{"embeddable":true,"href":"https:\/\/www.radiopiu.net\/wordpress\/wp-json\/wp\/v2\/media\/324688"}],"wp:attachment":[{"href":"https:\/\/www.radiopiu.net\/wordpress\/wp-json\/wp\/v2\/media?parent=324685"}],"wp:term":[{"taxonomy":"category","embeddable":true,"href":"https:\/\/www.radiopiu.net\/wordpress\/wp-json\/wp\/v2\/categories?post=324685"},{"taxonomy":"post_tag","embeddable":true,"href":"https:\/\/www.radiopiu.net\/wordpress\/wp-json\/wp\/v2\/tags?post=324685"}],"curies":[{"name":"wp","href":"https:\/\/api.w.org\/{rel}","templated":true}]}}