{"id":324755,"date":"2023-03-03T23:59:57","date_gmt":"2023-03-03T22:59:57","guid":{"rendered":"https:\/\/www.radiopiu.net\/wordpress\/?p=324755"},"modified":"2023-03-03T10:05:42","modified_gmt":"2023-03-03T09:05:42","slug":"tutte-le-squadre-dellagordina-in-campo-nel-fine-settimana","status":"publish","type":"post","link":"https:\/\/www.radiopiu.net\/wordpress\/tutte-le-squadre-dellagordina-in-campo-nel-fine-settimana\/","title":{"rendered":"TUTTE LE SQUADRE DELL&#8217;AGORDINA IN CAMPO NEL FINE SETTIMANA"},"content":{"rendered":"<p><strong><a class=\"dt-pswp-item\" href=\"https:\/\/www.radiopiu.net\/wordpress\/wp-content\/uploads\/2021\/11\/CALCIO-2021.jpg\" data-dt-img-description=\"\" data-large_image_width=\"2560\" data-large_image_height=\"1707\"><img loading=\"lazy\" decoding=\"async\" class=\" wp-image-242798 alignleft\" src=\"https:\/\/www.radiopiu.net\/wordpress\/wp-content\/uploads\/2021\/11\/CALCIO-2021-300x200.jpg\" alt=\"\" width=\"174\" height=\"116\" srcset=\"https:\/\/www.radiopiu.net\/wordpress\/wp-content\/uploads\/2021\/11\/CALCIO-2021-300x200.jpg 300w, https:\/\/www.radiopiu.net\/wordpress\/wp-content\/uploads\/2021\/11\/CALCIO-2021-1024x683.jpg 1024w, https:\/\/www.radiopiu.net\/wordpress\/wp-content\/uploads\/2021\/11\/CALCIO-2021-768x512.jpg 768w, https:\/\/www.radiopiu.net\/wordpress\/wp-content\/uploads\/2021\/11\/CALCIO-2021-1536x1024.jpg 1536w, https:\/\/www.radiopiu.net\/wordpress\/wp-content\/uploads\/2021\/11\/CALCIO-2021-2048x1366.jpg 2048w\" sizes=\"auto, (max-width: 174px) 100vw, 174px\" \/><\/a>di Marco Gaz<\/strong><\/p>\n<p><strong>REDAZIONE<\/strong> Fine settimana impegnativo per le squadre dell&#8217;Agordina Calcio. Dopo la lunga pausa invernale tornano in campo anche le compagini del settore giovanile impegnate nei campionati provinciali. Quattro le partite in programma nel fine settimana. Nel pomeriggio di oggi tornano in campo i Giovanissimi. Agordina che giocher\u00e0 in casa alle 15 contro la Juventina. Tornano in campo anche i ragazzi allenati da De Zaiacomo. Trasferta in terra cadorina per la Juniores che oggi alle 15 affronter\u00e0 il Domegge. Domani le ultime due partite. Alle 10:30 sar\u00e0 il turno degli Allievi di Orzetti. Dopo la bella vittoria di domenica scorsa, gli agordini ci riproveranno di nuovo. Trasferta a Treviso per la squadra giovanile dove alle 10:30 ci sar\u00e0 la sfida contro il Condor. A chiudere il fine settimana calcistico dell&#8217;Agordina la prima squadra allenata da Lorenzi che alle 14:30 giocher\u00e0 in casa contro il Sarmede, terza forza del campionato. Agordini che escono da una sconfitta immeritata contro il Lentiai e domani le prover\u00e0 tutte per strappare punti importanti per la salvezza. Radio Pi\u00f9 seguir\u00e0 in diretta la partita di Seconda Categoria girone T del Veneto domani alle 14:30 all&#8217;intreno di &#8220;Domenica Pi\u00f9 Sport&#8221;<\/p>\n<p>&nbsp;<\/p>\n<p>&nbsp;<\/p>\n<p>*****<\/p>\n","protected":false},"excerpt":{"rendered":"<p>di Marco Gaz REDAZIONE Fine settimana impegnativo per le squadre dell&#8217;Agordina Calcio. Dopo la lunga pausa invernale tornano in campo anche le compagini del settore giovanile impegnate nei campionati provinciali. Quattro le partite in programma nel fine settimana. Nel pomeriggio di oggi tornano in campo i Giovanissimi. Agordina che giocher\u00e0 in casa alle 15 contro&hellip;<\/p>\n","protected":false},"author":4,"featured_media":242798,"comment_status":"closed","ping_status":"closed","sticky":false,"template":"","format":"standard","meta":{"_monsterinsights_skip_tracking":false,"_monsterinsights_sitenote_active":false,"_monsterinsights_sitenote_note":"","_monsterinsights_sitenote_category":0,"footnotes":""},"categories":[49],"tags":[],"class_list":["post-324755","post","type-post","status-publish","format-standard","has-post-thumbnail","hentry","category-news-18","category-49","description-off"],"img_url":"https:\/\/www.radiopiu.net\/wordpress\/wp-content\/uploads\/2021\/11\/CALCIO-2021.jpg","_links":{"self":[{"href":"https:\/\/www.radiopiu.net\/wordpress\/wp-json\/wp\/v2\/posts\/324755","targetHints":{"allow":["GET"]}}],"collection":[{"href":"https:\/\/www.radiopiu.net\/wordpress\/wp-json\/wp\/v2\/posts"}],"about":[{"href":"https:\/\/www.radiopiu.net\/wordpress\/wp-json\/wp\/v2\/types\/post"}],"author":[{"embeddable":true,"href":"https:\/\/www.radiopiu.net\/wordpress\/wp-json\/wp\/v2\/users\/4"}],"replies":[{"embeddable":true,"href":"https:\/\/www.radiopiu.net\/wordpress\/wp-json\/wp\/v2\/comments?post=324755"}],"version-history":[{"count":0,"href":"https:\/\/www.radiopiu.net\/wordpress\/wp-json\/wp\/v2\/posts\/324755\/revisions"}],"wp:featuredmedia":[{"embeddable":true,"href":"https:\/\/www.radiopiu.net\/wordpress\/wp-json\/wp\/v2\/media\/242798"}],"wp:attachment":[{"href":"https:\/\/www.radiopiu.net\/wordpress\/wp-json\/wp\/v2\/media?parent=324755"}],"wp:term":[{"taxonomy":"category","embeddable":true,"href":"https:\/\/www.radiopiu.net\/wordpress\/wp-json\/wp\/v2\/categories?post=324755"},{"taxonomy":"post_tag","embeddable":true,"href":"https:\/\/www.radiopiu.net\/wordpress\/wp-json\/wp\/v2\/tags?post=324755"}],"curies":[{"name":"wp","href":"https:\/\/api.w.org\/{rel}","templated":true}]}}