{"id":324760,"date":"2023-03-03T23:59:00","date_gmt":"2023-03-03T22:59:00","guid":{"rendered":"https:\/\/www.radiopiu.net\/wordpress\/?p=324760"},"modified":"2023-03-03T10:13:15","modified_gmt":"2023-03-03T09:13:15","slug":"oggi-gara-2-degli-ottavi-di-finale-del-campionato-under-17-alleghe-al-de-toni-contro-il-fiemme","status":"publish","type":"post","link":"https:\/\/www.radiopiu.net\/wordpress\/oggi-gara-2-degli-ottavi-di-finale-del-campionato-under-17-alleghe-al-de-toni-contro-il-fiemme\/","title":{"rendered":"OGGI GARA 2 DEGLI OTTAVI DI FINALE DEL CAMPIONATO UNDER 17. ALLEGHE AL DE TONI CONTRO IL FIEMME"},"content":{"rendered":"<p><strong><a class=\"dt-pswp-item\" href=\"https:\/\/www.radiopiu.net\/wordpress\/wp-content\/uploads\/2023\/01\/hockey.jpg\" data-dt-img-description=\"\" data-large_image_width=\"1920\" data-large_image_height=\"1280\"><img loading=\"lazy\" decoding=\"async\" class=\" wp-image-315616 alignleft\" src=\"https:\/\/www.radiopiu.net\/wordpress\/wp-content\/uploads\/2023\/01\/hockey-300x200.jpg\" alt=\"\" width=\"161\" height=\"107\" srcset=\"https:\/\/www.radiopiu.net\/wordpress\/wp-content\/uploads\/2023\/01\/hockey-300x200.jpg 300w, https:\/\/www.radiopiu.net\/wordpress\/wp-content\/uploads\/2023\/01\/hockey-1024x683.jpg 1024w, https:\/\/www.radiopiu.net\/wordpress\/wp-content\/uploads\/2023\/01\/hockey-768x512.jpg 768w, https:\/\/www.radiopiu.net\/wordpress\/wp-content\/uploads\/2023\/01\/hockey-1536x1024.jpg 1536w, https:\/\/www.radiopiu.net\/wordpress\/wp-content\/uploads\/2023\/01\/hockey.jpg 1920w\" sizes=\"auto, (max-width: 161px) 100vw, 161px\" \/><\/a>di Marco Gaz<\/strong><\/p>\n<p><strong>REDAZIONE<\/strong> L&#8217;under 17 dell&#8217;Alleghe\/Cortina si giocher\u00e0 una stagione. Oggi alle 17 all&#8217;Alvise De Toni di Alleghe le giovani civette affronteranno il Fiemme in gara 2 degli ottavi di finale di campionato. Dopo il pareggio per 2 a 2 dello scorso fine settimana, i biancorossi sono costretti a vincere nei 60&#8242; effettivi di gara per strappare il pass per i quarti di finale. Infatti, non ci sar\u00e0 un&#8217;eventuale bella in caso di pareggio ma si giocher\u00e0 un overtime ed eventuali rigori per decretare la squadra che passer\u00e0 il turno. Una partita alla portata dei ragazzi allenati da Paolo De Biasio e il pubblico agordino potrebbe fare la differenza in una gara decisiva come questa.<\/p>\n<p>&nbsp;<\/p>\n<p>&nbsp;<\/p>\n<p>******<\/p>\n","protected":false},"excerpt":{"rendered":"<p>di Marco Gaz REDAZIONE L&#8217;under 17 dell&#8217;Alleghe\/Cortina si giocher\u00e0 una stagione. Oggi alle 17 all&#8217;Alvise De Toni di Alleghe le giovani civette affronteranno il Fiemme in gara 2 degli ottavi di finale di campionato. Dopo il pareggio per 2 a 2 dello scorso fine settimana, i biancorossi sono costretti a vincere nei 60&#8242; effettivi di&hellip;<\/p>\n","protected":false},"author":4,"featured_media":315616,"comment_status":"closed","ping_status":"closed","sticky":false,"template":"","format":"standard","meta":{"_monsterinsights_skip_tracking":false,"_monsterinsights_sitenote_active":false,"_monsterinsights_sitenote_note":"","_monsterinsights_sitenote_category":0,"footnotes":""},"categories":[49],"tags":[],"class_list":["post-324760","post","type-post","status-publish","format-standard","has-post-thumbnail","hentry","category-news-18","category-49","description-off"],"img_url":"https:\/\/www.radiopiu.net\/wordpress\/wp-content\/uploads\/2023\/01\/hockey.jpg","_links":{"self":[{"href":"https:\/\/www.radiopiu.net\/wordpress\/wp-json\/wp\/v2\/posts\/324760","targetHints":{"allow":["GET"]}}],"collection":[{"href":"https:\/\/www.radiopiu.net\/wordpress\/wp-json\/wp\/v2\/posts"}],"about":[{"href":"https:\/\/www.radiopiu.net\/wordpress\/wp-json\/wp\/v2\/types\/post"}],"author":[{"embeddable":true,"href":"https:\/\/www.radiopiu.net\/wordpress\/wp-json\/wp\/v2\/users\/4"}],"replies":[{"embeddable":true,"href":"https:\/\/www.radiopiu.net\/wordpress\/wp-json\/wp\/v2\/comments?post=324760"}],"version-history":[{"count":0,"href":"https:\/\/www.radiopiu.net\/wordpress\/wp-json\/wp\/v2\/posts\/324760\/revisions"}],"wp:featuredmedia":[{"embeddable":true,"href":"https:\/\/www.radiopiu.net\/wordpress\/wp-json\/wp\/v2\/media\/315616"}],"wp:attachment":[{"href":"https:\/\/www.radiopiu.net\/wordpress\/wp-json\/wp\/v2\/media?parent=324760"}],"wp:term":[{"taxonomy":"category","embeddable":true,"href":"https:\/\/www.radiopiu.net\/wordpress\/wp-json\/wp\/v2\/categories?post=324760"},{"taxonomy":"post_tag","embeddable":true,"href":"https:\/\/www.radiopiu.net\/wordpress\/wp-json\/wp\/v2\/tags?post=324760"}],"curies":[{"name":"wp","href":"https:\/\/api.w.org\/{rel}","templated":true}]}}