{"id":324791,"date":"2023-03-04T05:28:11","date_gmt":"2023-03-04T04:28:11","guid":{"rendered":"https:\/\/www.radiopiu.net\/wordpress\/?p=324791"},"modified":"2023-03-04T05:36:23","modified_gmt":"2023-03-04T04:36:23","slug":"dillo-a-radio-piu-la-legge-e-uguale-per-tutti-oppure-no","status":"publish","type":"post","link":"https:\/\/www.radiopiu.net\/wordpress\/dillo-a-radio-piu-la-legge-e-uguale-per-tutti-oppure-no\/","title":{"rendered":"DILLO A RADIO PIU&#8217;&#8230; LA LEGGE E&#8217; UGUALE PER TUTTI, OPPURE NO ?"},"content":{"rendered":"<p>&nbsp;<\/p>\n<blockquote><p><img loading=\"lazy\" decoding=\"async\" class=\"alignleft\" src=\"https:\/\/www.radiopiu.net\/wordpress\/wp-content\/uploads\/2023\/03\/IMG_20230303_104305-scaled.jpg\" width=\"176\" height=\"235\" \/><strong>REDAZIONE<\/strong> Finalmente, dopo 48 ore, la carcassa del cervo investito mercoledi mattina \u00e8 stata spostata, era un pessimo spettacolo in zona Parco rimarcato da pi\u00f9 voci per due giorni consecutivi. Stamane la rimozione e chi come un nostro lettore-ascoltatore si \u00e8 trovato a passare per di l\u00e0 ha prima rallentato e poi riflettuto sul fatto che la segnalazione dell&#8217;ostacolo (mezzo pesante con gru in azione) era effettivamente molto carente.<\/p>\n<div dir=\"auto\"><em>Quando ci si accinge a compiere dei lavori stradali bisognerebbe &#8211; anzi \u00e8 obbligo &#8211;\u00a0 prestare particolare attenzione alla segnaletica a vantaggio degli automobilisti in transito, sia per evitare pesanti sanzioni, soprattutto\u00a0 per\u00a0 l&#8217;incolumit\u00e0 degli utenti della strada. <\/em><em>E questo vale per tutti. E&#8217; per\u00f2 una teoria dopo quanto constatato stamane durante il recupero del cervo investito mercoledi a Candaten. Tralasciando il vergognoso ritardo nel recupero la cosa che mi ha colpito \u00e8 stato che, salendo da Belluno, nel bel mezzo del rettilineo, dove il limite \u00e8 di 90 km\/h, mi sono trovato sulla corsia di transito un camion: nessun cartello,\u00a0 assenza di segnalatori luminosi lampeggianti, non ho visto indossare la\u00a0 tuta ad alta visibilit\u00e0 e nemmneno un moviere per dirigere il traffico . Mi hanno sempre insegnato che al lavoro, sia per un privato che per un ente pubblico, \u00e8 d&#8217;obbligo oltre che di buona norma,\u00a0 la sicurezza, da mettere al primo posto. Posso solo concludere con un sospiro di sollievo, non ci sono stati incidenti n\u00e8 invasione di corsia&#8230;finch\u00e9 va bene&#8230;<\/em><\/div>\n<\/blockquote>\n<div dir=\"auto\"><strong>Un utente della strada\u00a0<\/strong><\/div>\n<div dir=\"auto\"><\/div>\n<div dir=\"auto\"><\/div>\n<div dir=\"auto\"><\/div>\n<div dir=\"auto\"><\/div>\n<div dir=\"auto\">\n\n\t\t\t<style type='text\/css'>\n\t\t\t\t#gallery-1 {\n\t\t\t\t\tmargin: auto;\n\t\t\t\t}\n\t\t\t\t#gallery-1 .gallery-item {\n\t\t\t\t\tfloat: left;\n\t\t\t\t\tmargin-top: 10px;\n\t\t\t\t\ttext-align: center;\n\t\t\t\t\twidth: 100%;\n\t\t\t\t}\n\t\t\t\t#gallery-1 img {\n\t\t\t\t\tborder: 2px solid #cfcfcf;\n\t\t\t\t}\n\t\t\t\t#gallery-1 .gallery-caption {\n\t\t\t\t\tmargin-left: 0;\n\t\t\t\t}\n\t\t\t\t\/* see gallery_shortcode() in wp-includes\/media.php *\/\n\t\t\t<\/style>\n\t\t<div id='gallery-1' class='dt-gallery-container gallery galleryid-324791 gallery-columns-1 gallery-size-medium'><dl class='gallery-item'>\n\t\t\t\t<dt class='gallery-icon portrait'>\n\t\t\t\t\t<a class=\"rollover rollover-zoom dt-pswp-item\" title=\"IMG_20230303_104305\" data-dt-img-description=\"\" data-large_image_width=\"1915\" data-large_image_height=\"2560\"href='https:\/\/www.radiopiu.net\/wordpress\/wp-content\/uploads\/2023\/03\/IMG_20230303_104305-scaled.jpg'><img loading=\"lazy\" decoding=\"async\" width=\"224\" height=\"300\" src=\"https:\/\/www.radiopiu.net\/wordpress\/wp-content\/uploads\/2023\/03\/IMG_20230303_104305-224x300.jpg\" class=\"attachment-medium size-medium\" alt=\"\" srcset=\"https:\/\/www.radiopiu.net\/wordpress\/wp-content\/uploads\/2023\/03\/IMG_20230303_104305-224x300.jpg 224w, https:\/\/www.radiopiu.net\/wordpress\/wp-content\/uploads\/2023\/03\/IMG_20230303_104305-766x1024.jpg 766w, https:\/\/www.radiopiu.net\/wordpress\/wp-content\/uploads\/2023\/03\/IMG_20230303_104305-768x1027.jpg 768w, https:\/\/www.radiopiu.net\/wordpress\/wp-content\/uploads\/2023\/03\/IMG_20230303_104305-1149x1536.jpg 1149w, https:\/\/www.radiopiu.net\/wordpress\/wp-content\/uploads\/2023\/03\/IMG_20230303_104305-1532x2048.jpg 1532w, https:\/\/www.radiopiu.net\/wordpress\/wp-content\/uploads\/2023\/03\/IMG_20230303_104305-scaled.jpg 1915w\" sizes=\"auto, (max-width: 224px) 100vw, 224px\" \/><\/a>\n\t\t\t\t<\/dt><\/dl><br style=\"clear: both\" \/>\n\t\t\t<\/div>\n\n<\/div>\n<div dir=\"auto\"><\/div>\n<div dir=\"auto\">\n<hr \/>\n<\/div>\n","protected":false},"excerpt":{"rendered":"<p>&nbsp; REDAZIONE Finalmente, dopo 48 ore, la carcassa del cervo investito mercoledi mattina \u00e8 stata spostata, era un pessimo spettacolo in zona Parco rimarcato da pi\u00f9 voci per due giorni consecutivi. Stamane la rimozione e chi come un nostro lettore-ascoltatore si \u00e8 trovato a passare per di l\u00e0 ha prima rallentato e poi riflettuto sul&hellip;<\/p>\n","protected":false},"author":4,"featured_media":324792,"comment_status":"closed","ping_status":"closed","sticky":false,"template":"","format":"standard","meta":{"_monsterinsights_skip_tracking":false,"_monsterinsights_sitenote_active":false,"_monsterinsights_sitenote_note":"","_monsterinsights_sitenote_category":0,"footnotes":""},"categories":[51,49],"tags":[],"class_list":["post-324791","post","type-post","status-publish","format-standard","has-post-thumbnail","hentry","category-evidenza-top","category-news-18","category-51","category-49","description-off"],"img_url":"https:\/\/www.radiopiu.net\/wordpress\/wp-content\/uploads\/2023\/03\/IMG_20230303_104305-scaled.jpg","_links":{"self":[{"href":"https:\/\/www.radiopiu.net\/wordpress\/wp-json\/wp\/v2\/posts\/324791","targetHints":{"allow":["GET"]}}],"collection":[{"href":"https:\/\/www.radiopiu.net\/wordpress\/wp-json\/wp\/v2\/posts"}],"about":[{"href":"https:\/\/www.radiopiu.net\/wordpress\/wp-json\/wp\/v2\/types\/post"}],"author":[{"embeddable":true,"href":"https:\/\/www.radiopiu.net\/wordpress\/wp-json\/wp\/v2\/users\/4"}],"replies":[{"embeddable":true,"href":"https:\/\/www.radiopiu.net\/wordpress\/wp-json\/wp\/v2\/comments?post=324791"}],"version-history":[{"count":0,"href":"https:\/\/www.radiopiu.net\/wordpress\/wp-json\/wp\/v2\/posts\/324791\/revisions"}],"wp:featuredmedia":[{"embeddable":true,"href":"https:\/\/www.radiopiu.net\/wordpress\/wp-json\/wp\/v2\/media\/324792"}],"wp:attachment":[{"href":"https:\/\/www.radiopiu.net\/wordpress\/wp-json\/wp\/v2\/media?parent=324791"}],"wp:term":[{"taxonomy":"category","embeddable":true,"href":"https:\/\/www.radiopiu.net\/wordpress\/wp-json\/wp\/v2\/categories?post=324791"},{"taxonomy":"post_tag","embeddable":true,"href":"https:\/\/www.radiopiu.net\/wordpress\/wp-json\/wp\/v2\/tags?post=324791"}],"curies":[{"name":"wp","href":"https:\/\/api.w.org\/{rel}","templated":true}]}}