{"id":324811,"date":"2023-03-04T04:59:58","date_gmt":"2023-03-04T03:59:58","guid":{"rendered":"https:\/\/www.radiopiu.net\/wordpress\/?p=324811"},"modified":"2023-03-04T05:44:24","modified_gmt":"2023-03-04T04:44:24","slug":"il-bis-di-mattia-cason-al-san-pellegrino","status":"publish","type":"post","link":"https:\/\/www.radiopiu.net\/wordpress\/il-bis-di-mattia-cason-al-san-pellegrino\/","title":{"rendered":"Il bis di Mattia Cason al San Pellegrino"},"content":{"rendered":"<header class=\"entry-header \">\n<div class=\"ast-single-post-order\">\n<div style=\"text-align: center;\">\n\n\t\t\t<style type='text\/css'>\n\t\t\t\t#gallery-1 {\n\t\t\t\t\tmargin: auto;\n\t\t\t\t}\n\t\t\t\t#gallery-1 .gallery-item {\n\t\t\t\t\tfloat: left;\n\t\t\t\t\tmargin-top: 10px;\n\t\t\t\t\ttext-align: center;\n\t\t\t\t\twidth: 100%;\n\t\t\t\t}\n\t\t\t\t#gallery-1 img {\n\t\t\t\t\tborder: 2px solid #cfcfcf;\n\t\t\t\t}\n\t\t\t\t#gallery-1 .gallery-caption {\n\t\t\t\t\tmargin-left: 0;\n\t\t\t\t}\n\t\t\t\t\/* see gallery_shortcode() in wp-includes\/media.php *\/\n\t\t\t<\/style>\n\t\t<div id='gallery-1' class='dt-gallery-container gallery galleryid-324811 gallery-columns-1 gallery-size-medium'><dl class='gallery-item'>\n\t\t\t\t<dt class='gallery-icon landscape'>\n\t\t\t\t\t<a class=\"rollover rollover-zoom dt-pswp-item\" title=\"podio-SG-gp-italia-san-pellegrino-03.03.2023-1024x683\" data-dt-img-description=\"\" data-large_image_width=\"1024\" data-large_image_height=\"683\"href='https:\/\/www.radiopiu.net\/wordpress\/wp-content\/uploads\/2023\/03\/podio-SG-gp-italia-san-pellegrino-03.03.2023-1024x683-1.jpg'><img loading=\"lazy\" decoding=\"async\" width=\"300\" height=\"200\" src=\"https:\/\/www.radiopiu.net\/wordpress\/wp-content\/uploads\/2023\/03\/podio-SG-gp-italia-san-pellegrino-03.03.2023-1024x683-1-300x200.jpg\" class=\"attachment-medium size-medium\" alt=\"\" srcset=\"https:\/\/www.radiopiu.net\/wordpress\/wp-content\/uploads\/2023\/03\/podio-SG-gp-italia-san-pellegrino-03.03.2023-1024x683-1-300x200.jpg 300w, https:\/\/www.radiopiu.net\/wordpress\/wp-content\/uploads\/2023\/03\/podio-SG-gp-italia-san-pellegrino-03.03.2023-1024x683-1-768x512.jpg 768w, https:\/\/www.radiopiu.net\/wordpress\/wp-content\/uploads\/2023\/03\/podio-SG-gp-italia-san-pellegrino-03.03.2023-1024x683-1.jpg 1024w\" sizes=\"auto, (max-width: 300px) 100vw, 300px\" \/><\/a>\n\t\t\t\t<\/dt><\/dl><br style=\"clear: both\" \/>\n\t\t\t<\/div>\n\n<\/div>\n<div><\/div>\n<div class=\"entry-meta\"><strong>FALCADE<\/strong> Oggi, sulla pista Le Coste del San Pellegrino, abbiamo proposto, in sinergia con lo Sci club Val Biois, la seconda delle due giorni Fis dedicata alla velocit\u00e0 (superG) e valida per il Gran premio Italia maschile. A vincere \u00e8 stato, come gi\u00e0 ieri, Mattia Cason (Carabinieri) che ha preceduto di 25 centesimi Emanuele Buzzi (Carabinieri) e di 26 Marco Pfiffner (Liechtenstein).<\/div>\n<\/div>\n<\/header>\n<div class=\"entry-content clear\">\n<p><a href=\"https:\/\/www.fis-ski.com\/DB\/general\/event-details.html?sectorcode=AL&amp;eventid=52837&amp;seasoncode=2023\" target=\"_blank\" rel=\"noreferrer noopener\">CLASSIFICHE<\/a><\/p>\n<\/div>\n<p>&nbsp;<\/p>\n<p>FONTE www.skicollegeveneto.it<\/p>\n<p>&nbsp;<\/p>\n<p>&nbsp;<\/p>\n<p>&nbsp;<\/p>\n<hr \/>\n<p>&nbsp;<\/p>\n","protected":false},"excerpt":{"rendered":"<p>FALCADE Oggi, sulla pista Le Coste del San Pellegrino, abbiamo proposto, in sinergia con lo Sci club Val Biois, la seconda delle due giorni Fis dedicata alla velocit\u00e0 (superG) e valida per il Gran premio Italia maschile. A vincere \u00e8 stato, come gi\u00e0 ieri, Mattia Cason (Carabinieri) che ha preceduto di 25 centesimi Emanuele Buzzi&hellip;<\/p>\n","protected":false},"author":4,"featured_media":324812,"comment_status":"closed","ping_status":"closed","sticky":false,"template":"","format":"standard","meta":{"_monsterinsights_skip_tracking":false,"_monsterinsights_sitenote_active":false,"_monsterinsights_sitenote_note":"","_monsterinsights_sitenote_category":0,"footnotes":""},"categories":[104,49],"tags":[],"class_list":["post-324811","post","type-post","status-publish","format-standard","has-post-thumbnail","hentry","category-evidenza_3","category-news-18","category-104","category-49","description-off"],"img_url":"https:\/\/www.radiopiu.net\/wordpress\/wp-content\/uploads\/2023\/03\/podio-SG-gp-italia-san-pellegrino-03.03.2023-1024x683-1.jpg","_links":{"self":[{"href":"https:\/\/www.radiopiu.net\/wordpress\/wp-json\/wp\/v2\/posts\/324811","targetHints":{"allow":["GET"]}}],"collection":[{"href":"https:\/\/www.radiopiu.net\/wordpress\/wp-json\/wp\/v2\/posts"}],"about":[{"href":"https:\/\/www.radiopiu.net\/wordpress\/wp-json\/wp\/v2\/types\/post"}],"author":[{"embeddable":true,"href":"https:\/\/www.radiopiu.net\/wordpress\/wp-json\/wp\/v2\/users\/4"}],"replies":[{"embeddable":true,"href":"https:\/\/www.radiopiu.net\/wordpress\/wp-json\/wp\/v2\/comments?post=324811"}],"version-history":[{"count":0,"href":"https:\/\/www.radiopiu.net\/wordpress\/wp-json\/wp\/v2\/posts\/324811\/revisions"}],"wp:featuredmedia":[{"embeddable":true,"href":"https:\/\/www.radiopiu.net\/wordpress\/wp-json\/wp\/v2\/media\/324812"}],"wp:attachment":[{"href":"https:\/\/www.radiopiu.net\/wordpress\/wp-json\/wp\/v2\/media?parent=324811"}],"wp:term":[{"taxonomy":"category","embeddable":true,"href":"https:\/\/www.radiopiu.net\/wordpress\/wp-json\/wp\/v2\/categories?post=324811"},{"taxonomy":"post_tag","embeddable":true,"href":"https:\/\/www.radiopiu.net\/wordpress\/wp-json\/wp\/v2\/tags?post=324811"}],"curies":[{"name":"wp","href":"https:\/\/api.w.org\/{rel}","templated":true}]}}