{"id":324827,"date":"2023-03-04T05:34:34","date_gmt":"2023-03-04T04:34:34","guid":{"rendered":"https:\/\/www.radiopiu.net\/wordpress\/?p=324827"},"modified":"2023-03-04T05:39:50","modified_gmt":"2023-03-04T04:39:50","slug":"per-leonardo-del-vecchio-ununica-esperienza-in-politica-in-minoranza","status":"publish","type":"post","link":"https:\/\/www.radiopiu.net\/wordpress\/per-leonardo-del-vecchio-ununica-esperienza-in-politica-in-minoranza\/","title":{"rendered":"PER LEONARDO DEL VECCHIO UN&#8217;UNICA ESPERIENZA IN POLITICA IN MINORANZA"},"content":{"rendered":"<p><strong>di Mirko Mezzacasa<\/strong><\/p>\n<p><strong>AGORDO <\/strong>Quella politica degli anni Ottanta, quegli scontri &#8220;amministrativi&#8221; degli anni Ottanta, quanto mancano e quanto sono rimasti nella storia. Erano gli anni del Senatore Armando Tama Da Roit da una parte (la sinistra del Psi) e dall&#8217;altra,\u00a0 di un giovane Leonardo Del Vecchio che aveva stretto legami ed amicizie con la Democrazia Cristiana. Lo <em>&#8220;scontro&#8221;<\/em> fu immancabile. Vinse il Psi del sindaco Armando Da Roit e Leonardo Del Vecchio rimase comunque al suo posto, sugli scranni di minoranza,\u00a0 accanto all&#8217;amico Alberto Curti (che poi diventer\u00e0 assessore regionale prima di Floriano Pra),\u00a0 gi\u00e0 presente con il Ministro Bisaglia all&#8217;inaugurazione della &#8220;fabbrica&#8221; in localit\u00e0 Valcozzena. Cinque anni in minoranza dunque, a Palazzo Marconi, ma non a Palazzo Bianco, anche allora sede della Comunit\u00e0 Montana Agordina. Infatti, il Presidente era Floriano Pra,\u00a0 scelse come suo assessore alla sanit\u00e0 Leonardo Del Vecchio. E qui sta il bello. Infatti, se la storia ricorda di assessori che si sono fatti gli affari loro, in questo caso \u00e8 successo l&#8217;opposto. Da assessore alla sanit\u00e0 Leonardo Del Vecchio mise mano al portafoglio per lo sviluppo di un&#8217;ala dell&#8217;ospedale di Agordo. Non solo, lasci\u00f2 in eredit\u00e0 la palestra accanto al Municipio alla Comunit\u00e0 Montana Agordina,\u00a0 che ancora oggi, come Unione Montana, ne detiene la propiet\u00e0.<em> &#8220;Quella palestra &#8211; ricorda Alberto Curti &#8211; venne costruita da Del Vecchio per evitare l&#8217;esproprio del terreno, infatti era destinata a zona verde&#8221;.\u00a0<\/em>Sta di fatto che Leonardo Del Vecchio non la lasci\u00f2 al Comune ma alla Comunit\u00e0 Montana. Si dice,\u00a0 perch\u00e9 molto amico di Floriano Pra, ma si dice anche che non aveva digerito la sconfitta subita ad Agordo nello scontro elettorale con Armando Tama Da Roit. Del Vecchio l&#8217;ultima volta che ha varcato le porte del Municipio \u00e8 stato per ritirare la cittadinanza onoraria voluta e concessa dal sindaco Renzo Gavaz.<br \/>\n<em>foto copertina dal sito Luxottica.com<\/em><\/p>\n\n\t\t\t<style type='text\/css'>\n\t\t\t\t#gallery-1 {\n\t\t\t\t\tmargin: auto;\n\t\t\t\t}\n\t\t\t\t#gallery-1 .gallery-item {\n\t\t\t\t\tfloat: left;\n\t\t\t\t\tmargin-top: 10px;\n\t\t\t\t\ttext-align: center;\n\t\t\t\t\twidth: 50%;\n\t\t\t\t}\n\t\t\t\t#gallery-1 img {\n\t\t\t\t\tborder: 2px solid #cfcfcf;\n\t\t\t\t}\n\t\t\t\t#gallery-1 .gallery-caption {\n\t\t\t\t\tmargin-left: 0;\n\t\t\t\t}\n\t\t\t\t\/* see gallery_shortcode() in wp-includes\/media.php *\/\n\t\t\t<\/style>\n\t\t<div id='gallery-1' class='dt-gallery-container gallery galleryid-324827 gallery-columns-2 gallery-size-medium'><dl class='gallery-item'>\n\t\t\t\t<dt class='gallery-icon landscape'>\n\t\t\t\t\t<a class=\"rollover rollover-zoom dt-pswp-item\" title=\"Leonardo-Del-Vecchio-1140x675\" data-dt-img-description=\"\" data-large_image_width=\"1140\" data-large_image_height=\"675\"href='https:\/\/www.radiopiu.net\/wordpress\/wp-content\/uploads\/2021\/12\/Leonardo-Del-Vecchio-1140x675-1.jpg'><img loading=\"lazy\" decoding=\"async\" width=\"300\" height=\"178\" src=\"https:\/\/www.radiopiu.net\/wordpress\/wp-content\/uploads\/2021\/12\/Leonardo-Del-Vecchio-1140x675-1-300x178.jpg\" class=\"attachment-medium size-medium\" alt=\"\" aria-describedby=\"gallery-1-250459\" srcset=\"https:\/\/www.radiopiu.net\/wordpress\/wp-content\/uploads\/2021\/12\/Leonardo-Del-Vecchio-1140x675-1-300x178.jpg 300w, https:\/\/www.radiopiu.net\/wordpress\/wp-content\/uploads\/2021\/12\/Leonardo-Del-Vecchio-1140x675-1-1024x606.jpg 1024w, https:\/\/www.radiopiu.net\/wordpress\/wp-content\/uploads\/2021\/12\/Leonardo-Del-Vecchio-1140x675-1-768x455.jpg 768w, https:\/\/www.radiopiu.net\/wordpress\/wp-content\/uploads\/2021\/12\/Leonardo-Del-Vecchio-1140x675-1.jpg 1140w\" sizes=\"auto, (max-width: 300px) 100vw, 300px\" \/><\/a>\n\t\t\t\t<\/dt>\n\t\t\t\t\t<dd class='wp-caption-text gallery-caption' id='gallery-1-250459'>\n\t\t\t\t\tCAVALIER LEONARDO DEL VECCHIO 1935-2022\n\t\t\t\t\t<\/dd><\/dl><dl class='gallery-item'>\n\t\t\t\t<dt class='gallery-icon landscape'>\n\t\t\t\t\t<a class=\"rollover rollover-zoom dt-pswp-item\" title=\"Armando-Tama-Da Roit-foto archivio Loris Santomaso\" data-dt-img-description=\"\" data-large_image_width=\"1687\" data-large_image_height=\"1164\"href='https:\/\/www.radiopiu.net\/wordpress\/wp-content\/uploads\/2019\/11\/Armando-Tama-Da-Roit-foto-archivio-Loris-Santomaso.jpg'><img loading=\"lazy\" decoding=\"async\" width=\"300\" height=\"207\" src=\"https:\/\/www.radiopiu.net\/wordpress\/wp-content\/uploads\/2019\/11\/Armando-Tama-Da-Roit-foto-archivio-Loris-Santomaso-300x207.jpg\" class=\"attachment-medium size-medium\" alt=\"\" aria-describedby=\"gallery-1-105985\" srcset=\"https:\/\/www.radiopiu.net\/wordpress\/wp-content\/uploads\/2019\/11\/Armando-Tama-Da-Roit-foto-archivio-Loris-Santomaso-300x207.jpg 300w, https:\/\/www.radiopiu.net\/wordpress\/wp-content\/uploads\/2019\/11\/Armando-Tama-Da-Roit-foto-archivio-Loris-Santomaso-768x530.jpg 768w, https:\/\/www.radiopiu.net\/wordpress\/wp-content\/uploads\/2019\/11\/Armando-Tama-Da-Roit-foto-archivio-Loris-Santomaso-1024x707.jpg 1024w, https:\/\/www.radiopiu.net\/wordpress\/wp-content\/uploads\/2019\/11\/Armando-Tama-Da-Roit-foto-archivio-Loris-Santomaso.jpg 1687w\" sizes=\"auto, (max-width: 300px) 100vw, 300px\" \/><\/a>\n\t\t\t\t<\/dt>\n\t\t\t\t\t<dd class='wp-caption-text gallery-caption' id='gallery-1-105985'>\n\t\t\t\t\tARMANDO TAMA DA ROIT  1919-1998\n\t\t\t\t\t<\/dd><\/dl><br style=\"clear: both\" \/>\n\t\t\t<\/div>\n\n<p>&nbsp;<\/p>\n<blockquote class=\"wp-embedded-content\" data-secret=\"FE4vgbUtb7\"><p><a href=\"https:\/\/www.radiopiu.net\/wordpress\/centanni-dalla-nascita-radio-piu-ricorda-armando-tama-da-roit\/\">Cent&#8217;anni dalla nascita Radio Pi\u00f9 ricorda  Armando &#8220;Tama&#8221; Da Roit<\/a><\/p><\/blockquote>\n<p><iframe loading=\"lazy\" class=\"wp-embedded-content\" sandbox=\"allow-scripts\" security=\"restricted\" style=\"position: absolute; clip: rect(1px, 1px, 1px, 1px);\" title=\"&#8220;Cent&#8217;anni dalla nascita Radio Pi\u00f9 ricorda  Armando &#8220;Tama&#8221; Da Roit&#8221; &#8212; Radio Pi\u00f9\" src=\"https:\/\/www.radiopiu.net\/wordpress\/centanni-dalla-nascita-radio-piu-ricorda-armando-tama-da-roit\/embed\/#?secret=8tcn8V2sm4#?secret=FE4vgbUtb7\" data-secret=\"FE4vgbUtb7\" width=\"600\" height=\"338\" frameborder=\"0\" marginwidth=\"0\" marginheight=\"0\" scrolling=\"no\"><\/iframe><\/p>\n<hr \/>\n<p>&nbsp;<\/p>\n<p>&nbsp;<\/p>\n<p>&nbsp;<\/p>\n","protected":false},"excerpt":{"rendered":"<p>di Mirko Mezzacasa AGORDO Quella politica degli anni Ottanta, quegli scontri &#8220;amministrativi&#8221; degli anni Ottanta, quanto mancano e quanto sono rimasti nella storia. Erano gli anni del Senatore Armando Tama Da Roit da una parte (la sinistra del Psi) e dall&#8217;altra,\u00a0 di un giovane Leonardo Del Vecchio che aveva stretto legami ed amicizie con la&hellip;<\/p>\n","protected":false},"author":4,"featured_media":324828,"comment_status":"closed","ping_status":"closed","sticky":false,"template":"","format":"standard","meta":{"_monsterinsights_skip_tracking":false,"_monsterinsights_sitenote_active":false,"_monsterinsights_sitenote_note":"","_monsterinsights_sitenote_category":0,"footnotes":""},"categories":[51,49],"tags":[],"class_list":["post-324827","post","type-post","status-publish","format-standard","has-post-thumbnail","hentry","category-evidenza-top","category-news-18","category-51","category-49","description-off"],"img_url":"https:\/\/www.radiopiu.net\/wordpress\/wp-content\/uploads\/2023\/03\/leonardo_del_vecchio_1300x400_0.jpg","_links":{"self":[{"href":"https:\/\/www.radiopiu.net\/wordpress\/wp-json\/wp\/v2\/posts\/324827","targetHints":{"allow":["GET"]}}],"collection":[{"href":"https:\/\/www.radiopiu.net\/wordpress\/wp-json\/wp\/v2\/posts"}],"about":[{"href":"https:\/\/www.radiopiu.net\/wordpress\/wp-json\/wp\/v2\/types\/post"}],"author":[{"embeddable":true,"href":"https:\/\/www.radiopiu.net\/wordpress\/wp-json\/wp\/v2\/users\/4"}],"replies":[{"embeddable":true,"href":"https:\/\/www.radiopiu.net\/wordpress\/wp-json\/wp\/v2\/comments?post=324827"}],"version-history":[{"count":0,"href":"https:\/\/www.radiopiu.net\/wordpress\/wp-json\/wp\/v2\/posts\/324827\/revisions"}],"wp:featuredmedia":[{"embeddable":true,"href":"https:\/\/www.radiopiu.net\/wordpress\/wp-json\/wp\/v2\/media\/324828"}],"wp:attachment":[{"href":"https:\/\/www.radiopiu.net\/wordpress\/wp-json\/wp\/v2\/media?parent=324827"}],"wp:term":[{"taxonomy":"category","embeddable":true,"href":"https:\/\/www.radiopiu.net\/wordpress\/wp-json\/wp\/v2\/categories?post=324827"},{"taxonomy":"post_tag","embeddable":true,"href":"https:\/\/www.radiopiu.net\/wordpress\/wp-json\/wp\/v2\/tags?post=324827"}],"curies":[{"name":"wp","href":"https:\/\/api.w.org\/{rel}","templated":true}]}}