{"id":324897,"date":"2023-03-04T08:00:48","date_gmt":"2023-03-04T07:00:48","guid":{"rendered":"https:\/\/www.radiopiu.net\/wordpress\/?p=324897"},"modified":"2023-03-04T08:00:40","modified_gmt":"2023-03-04T07:00:40","slug":"alle-otto-del-mattino-la-rassegna-stampa-locale-dal-1983-di-mirko-mezzacasa","status":"publish","type":"post","link":"https:\/\/www.radiopiu.net\/wordpress\/alle-otto-del-mattino-la-rassegna-stampa-locale-dal-1983-di-mirko-mezzacasa\/","title":{"rendered":"ALLE OTTO DEL MATTINO: LA RASSEGNA STAMPA LOCALE, DAL 1983 DI MIRKO MEZZACASA"},"content":{"rendered":"<p><strong>IL GIORNO DEI SINDACALISTI<\/strong> Ieri in provincia di Belluno con il Segretario Ostellari. In Tribunale manca met\u00e0 personale, in carcere chiesti cambiamenti, ad iniziare dalla sezione psichiatrica.<br \/>\n<strong>BELLUNO<\/strong> Nove consulenti per la Luiss Businnes school che si candida a diventare punto di riferimento per l&#8217;alta formazione nel Nord Est.<br \/>\n<strong>BELLUNO<\/strong> Lega Nord schierata contro lo stop ai motori a scoppio. Le prime tre firme: Andrea De Bernardin (segretario provinciale Lega Nord); Gianpaolo Bottacin (assessore regionale) e Giovanni Puppato (consigliere regionale).<br \/>\n<strong>FELTRE<\/strong> Passo avanti in materia di protezione civile. Un clic su google maps ed ecco le aree di attesa sul territorio comunale, il piano prevede di potenziare il sito istituzionale.<br \/>\n<strong>ALLEGHE<\/strong> Per lo stadio del ghiaccio servono 300 mila euro per mettere mano alle balaustra, lo dice il sindaco Danilo De Toni presentando il progetto per la riqualificazione del De Toni.<br \/>\n<strong>BELLUNO<\/strong>\u00a0 Finalmente ora protestano anche i pubblici amministratori sui lavori fatti male nella posa della fibra ottica\u201d &#8211; dichiara in un comunicato la Confedilizia.<br \/>\n<strong>PONTE NELLE ALPI<\/strong> \u00c8 stato approvato, in conferenza di servizi, il Piano di assetto del territorio, che prevede &#8211; tra le altre linee strategiche &#8211; nuovi ampliamenti per l\u2019ambito turistico-ricettivo, in una visione complessiva di sviluppo green e sostenibile<br \/>\n<strong>VOLTAGO<\/strong> Un paese in festa per Pietro,\u00a0 domenica alle 11 nella sala polifunzionale Giovanni De Col. Pietro Pollazzon festeggia infatti i 100 anni di vita con strette di mano e tanti auguri dalla famiglia, amministrazione comunale e l&#8217;intero paese. Tanti auguri Pietro per questo meraviglioso traguardo.<br \/>\n<strong>FELTRE<\/strong> La mattina di domenica 19 marzo sar\u00e0 dedicata a questa importante iniziativa, che vedr\u00e0 i volontari del Palio, ma anche tutti i cittadini che vorranno aderire, impegnati nella pulizia della citt\u00e0 di Feltre, con particolare riferimento a luoghi o frazioni particolarmente significativi per i Quartieri. Il ritrovo \u00e8 previsto alle ore 8.30 a Pra\u2019 del Moro.<br \/>\n<strong>ZOLDO\u00a0<\/strong> La sala polifunzionale &#8220;A. Rizzardini&#8221; a Fusine di Val di Zoldo ospiter\u00e0, marted\u00ec alle 20.30, un incontro informativo sul lupo, rivolto a tutta la popolazione.<br \/>\n<strong>SCI NORDICO<\/strong> CON L&#8217;ENAL VILLAGA ALLA VASA WINTER WEEK &#8211; STAFFETTE<br \/>\n<strong>RALLY<\/strong> SEMPRE PIU&#8217; VICINI AL RALLY BELLUNESE: APPUNTAMENTO D&#8217;APERTURA COPPA RALLY<br \/>\n<strong>SCI ALPINO<\/strong> Il bis di Mattia Cason al San Pellegrino<br \/>\n<strong>CALCIO<\/strong> TUTTE LE SQUADRE DELL&#8217;AGORDINA IN CAMPO NEL FINE SETTIMANA<br \/>\n<strong>HOCKEY<\/strong> SU GHIACCIO OGGI GARA 2 DEGLI OTTAVI DI FINALE DEL CAMPIONATO UNDER 17. ALLEGHE AL DE TONI CONTRO IL FIEMME<br \/>\n<strong>PALLAVOLO<\/strong> RINOCERONTI A PARMA PER LA PENULTIMA TRASFERTA STAGIONALE<\/p>\n<p>&nbsp;<\/p>\n<p>&nbsp;<\/p>\n<p><iframe loading=\"lazy\" title=\"RASSEGNA STAMPA LOCALE\" width=\"1200\" height=\"675\" src=\"https:\/\/www.youtube.com\/embed\/Pv-F5muvIYQ?feature=oembed\" frameborder=\"0\" allow=\"accelerometer; autoplay; clipboard-write; encrypted-media; gyroscope; picture-in-picture; web-share\" allowfullscreen><\/iframe><\/p>\n<p>&nbsp;<\/p>\n<p>&nbsp;<\/p>\n<hr \/>\n<p>&nbsp;<\/p>\n","protected":false},"excerpt":{"rendered":"<p>IL GIORNO DEI SINDACALISTI Ieri in provincia di Belluno con il Segretario Ostellari. In Tribunale manca met\u00e0 personale, in carcere chiesti cambiamenti, ad iniziare dalla sezione psichiatrica. BELLUNO Nove consulenti per la Luiss Businnes school che si candida a diventare punto di riferimento per l&#8217;alta formazione nel Nord Est. BELLUNO Lega Nord schierata contro lo&hellip;<\/p>\n","protected":false},"author":4,"featured_media":324883,"comment_status":"closed","ping_status":"closed","sticky":false,"template":"","format":"standard","meta":{"_monsterinsights_skip_tracking":false,"_monsterinsights_sitenote_active":false,"_monsterinsights_sitenote_note":"","_monsterinsights_sitenote_category":0,"footnotes":""},"categories":[104,49],"tags":[],"class_list":["post-324897","post","type-post","status-publish","format-standard","has-post-thumbnail","hentry","category-evidenza_3","category-news-18","category-104","category-49","description-off"],"img_url":"https:\/\/www.radiopiu.net\/wordpress\/wp-content\/uploads\/2023\/03\/coperta.jpg","_links":{"self":[{"href":"https:\/\/www.radiopiu.net\/wordpress\/wp-json\/wp\/v2\/posts\/324897","targetHints":{"allow":["GET"]}}],"collection":[{"href":"https:\/\/www.radiopiu.net\/wordpress\/wp-json\/wp\/v2\/posts"}],"about":[{"href":"https:\/\/www.radiopiu.net\/wordpress\/wp-json\/wp\/v2\/types\/post"}],"author":[{"embeddable":true,"href":"https:\/\/www.radiopiu.net\/wordpress\/wp-json\/wp\/v2\/users\/4"}],"replies":[{"embeddable":true,"href":"https:\/\/www.radiopiu.net\/wordpress\/wp-json\/wp\/v2\/comments?post=324897"}],"version-history":[{"count":0,"href":"https:\/\/www.radiopiu.net\/wordpress\/wp-json\/wp\/v2\/posts\/324897\/revisions"}],"wp:featuredmedia":[{"embeddable":true,"href":"https:\/\/www.radiopiu.net\/wordpress\/wp-json\/wp\/v2\/media\/324883"}],"wp:attachment":[{"href":"https:\/\/www.radiopiu.net\/wordpress\/wp-json\/wp\/v2\/media?parent=324897"}],"wp:term":[{"taxonomy":"category","embeddable":true,"href":"https:\/\/www.radiopiu.net\/wordpress\/wp-json\/wp\/v2\/categories?post=324897"},{"taxonomy":"post_tag","embeddable":true,"href":"https:\/\/www.radiopiu.net\/wordpress\/wp-json\/wp\/v2\/tags?post=324897"}],"curies":[{"name":"wp","href":"https:\/\/api.w.org\/{rel}","templated":true}]}}