{"id":324917,"date":"2023-03-04T08:53:54","date_gmt":"2023-03-04T07:53:54","guid":{"rendered":"https:\/\/www.radiopiu.net\/wordpress\/?p=324917"},"modified":"2023-03-04T08:53:54","modified_gmt":"2023-03-04T07:53:54","slug":"banche-crollati-i-prestiti-alle-partite-iva-soprattutto-a-nordest","status":"publish","type":"post","link":"https:\/\/www.radiopiu.net\/wordpress\/banche-crollati-i-prestiti-alle-partite-iva-soprattutto-a-nordest\/","title":{"rendered":"BANCHE: CROLLATI I PRESTITI ALLE PARTITE IVA. SOPRATTUTTO A NORDEST"},"content":{"rendered":"<p><a class=\"dt-pswp-item\" href=\"https:\/\/www.radiopiu.net\/wordpress\/wp-content\/uploads\/2023\/03\/Schermata-2023-03-04-alle-08.52.18.png\" data-dt-img-description=\"\" data-large_image_width=\"1098\" data-large_image_height=\"1450\"><img loading=\"lazy\" decoding=\"async\" class=\"alignleft size-medium wp-image-324919\" src=\"https:\/\/www.radiopiu.net\/wordpress\/wp-content\/uploads\/2023\/03\/Schermata-2023-03-04-alle-08.52.18-227x300.png\" alt=\"\" width=\"227\" height=\"300\" srcset=\"https:\/\/www.radiopiu.net\/wordpress\/wp-content\/uploads\/2023\/03\/Schermata-2023-03-04-alle-08.52.18-227x300.png 227w, https:\/\/www.radiopiu.net\/wordpress\/wp-content\/uploads\/2023\/03\/Schermata-2023-03-04-alle-08.52.18-775x1024.png 775w, https:\/\/www.radiopiu.net\/wordpress\/wp-content\/uploads\/2023\/03\/Schermata-2023-03-04-alle-08.52.18-768x1014.png 768w, https:\/\/www.radiopiu.net\/wordpress\/wp-content\/uploads\/2023\/03\/Schermata-2023-03-04-alle-08.52.18.png 1098w\" sizes=\"auto, (max-width: 227px) 100vw, 227px\" \/><\/a>Continuano a diminuire i prestiti bancari anche alle piccole e micro imprese venete. Tra il 2021 e il 2022 gli impieghi vivi alle aziende con meno di 20 addetti sono scesi di 821,2 milioni di euro (-6,2 per cento). Lo stock complessivo dei prestiti erogati a questo segmento di aziende \u00e8 passato da 13,1 a 12,3 miliardi di euro. Stiamo parlando della liquidit\u00e0 somministrata dagli istituti di credito alle imprese di piccolissima dimensione. Una platea di micro imprenditori costituita in massima parte da esercenti, piccoli commercianti, artigiani e lavoratori autonomi. L\u2019elaborazione \u00e8 stata realizzata dall\u2019Ufficio studi della CGIA.<\/p>\n<p><strong>Con meno prestiti, anche le banche pagheranno il conto<\/strong><br \/>\nE\u2019 un problema non di poco conto. Queste micro realt\u00e0, tradizionalmente sottocapitalizzate e a corto di liquidit\u00e0, da tempo non sono pi\u00f9 appetibili commercialmente dal sistema bancario. Pertanto, la stretta creditizia venutasi a creare \u2013 associata all\u2019esplosione del commercio on line, alla storica concorrenza praticata dalla grande distribuzione, al peso delle tasse e dei costi fissi &#8211; ha contribuito a diminuire in misura significativamente preoccupante il numero delle botteghe e dei negozi di prossimit\u00e0 presenti anche in Veneto. <strong>Una scia di chiusure iniziata molto tempo fa che, purtroppo, si sta ritorcendo contro le famiglie, che vedono peggiorare la qualit\u00e0 della vita dei luoghi in cui vivono, ma anche contro gli istituti stessi, che hanno perso correntisti e non trascurabili quote di mercato.<\/strong><\/p>\n<p><strong>Cresce il rischio usura<\/strong><br \/>\nTuttavia, sarebbe sbagliato accusare le banche di essersi \u201cdisinteressate\u201d del popolo delle partite Iva. <strong>Il mondo del credito, purtroppo, nell\u2019ultimo decennio ha subito molte restrizioni imposte dalla Banca Centrale Europea in materia di prestiti.<\/strong> Questi vincoli hanno aumentato enormemente la soglia del merito creditizio, \u201callontanando\u201d tantissimi piccoli imprenditori dai canali ufficiali di approvvigionamento della liquidit\u00e0. E tra questi ultimi, purtroppo, non sono nemmeno pochi quelli \u201ccaduti\u201d nella rete tesa dagli usurai; un fenomeno, quello dello \u201cstrozzinaggio\u201d, molto \u201ccarsico\u201d e sempre pi\u00f9 spesso \u201ccontrollato\u201d dalle organizzazioni criminali di stampo mafioso che, nei momenti di difficolt\u00e0, sono gli unici soggetti che dispongono di ingenti quote di denaro pronte ad essere immesse nel mercato economico.<\/p>\n<p><strong><a class=\"dt-pswp-item\" href=\"https:\/\/www.radiopiu.net\/wordpress\/wp-content\/uploads\/2023\/03\/Schermata-2023-03-04-alle-08.52.35.png\" data-dt-img-description=\"\" data-large_image_width=\"1172\" data-large_image_height=\"648\"><img loading=\"lazy\" decoding=\"async\" class=\"alignleft size-medium wp-image-324918\" src=\"https:\/\/www.radiopiu.net\/wordpress\/wp-content\/uploads\/2023\/03\/Schermata-2023-03-04-alle-08.52.35-300x166.png\" alt=\"\" width=\"300\" height=\"166\" srcset=\"https:\/\/www.radiopiu.net\/wordpress\/wp-content\/uploads\/2023\/03\/Schermata-2023-03-04-alle-08.52.35-300x166.png 300w, https:\/\/www.radiopiu.net\/wordpress\/wp-content\/uploads\/2023\/03\/Schermata-2023-03-04-alle-08.52.35-1024x566.png 1024w, https:\/\/www.radiopiu.net\/wordpress\/wp-content\/uploads\/2023\/03\/Schermata-2023-03-04-alle-08.52.35-768x425.png 768w, https:\/\/www.radiopiu.net\/wordpress\/wp-content\/uploads\/2023\/03\/Schermata-2023-03-04-alle-08.52.35.png 1172w\" sizes=\"auto, (max-width: 300px) 100vw, 300px\" \/><\/a>Il Nordest \u00e8 l\u2019area pi\u00f9 penalizzata dalla stretta<\/strong><br \/>\nSempre tra il 2021 e il 2022, le regioni che hanno subito le contrazioni pi\u00f9 importanti sono state il Veneto con il -6,24 per cento (pari a -821,2 milioni di euro), l\u2019Umbria con il -6,49 per cento (-137,1 milioni), il Friuli Venezia Giulia con il -6,54 per cento (-177,8 milioni) e, in particolar modo, la Liguria con il -7,12 per cento (-214,4 milioni di euro) (vedi Tab. 1). A livello provinciale, invece, la chiusura dei rubinetti del credito ha \u201ccolpito\u201d, soprattutto Savona con il -7,92 per cento (-61,7 milioni di euro), Venezia con il -7,93 per cento (-173,8 milioni) e Sondrio con il -8,32 per cento (-59,8 milioni). Le realt\u00e0 pi\u00f9 colpite sono state due province della Romagna: Forl\u00ec-Cesena che ha visto diminuire il flusso dei prestiti del 9,48 per cento (-135,5 milioni) e Ravenna con il -10,36 per cento (-135,2 milioni). Oltre a Venezia, si sono trovate in grave difficolt\u00e0 anche Padova e Vicenza. Se la prima ha subito una contrazione pari al 7,6 per cento (-204,3 milioni di euro), la seconda ha registrato una \u201cstretta\u201d del 6,73 per cento (-109,5 milioni di euro) (vedi Tab. 2).<\/p>\n<p><strong>Il trend negativo \u00e8 iniziato 10 anni fa. In difficolt\u00e0 Treviso, Padova e, soprattutto, Vicenza<\/strong><br \/>\nIl calo dei prestiti bancari anche alle piccolissime imprese venete \u00e8 comunque un fenomeno che \u00e8 iniziato un decennio fa e si \u00e8 interrotto solo nel biennio 2020-2021. Questa breve inversione di tendenza \u00e8 avvenuta grazie al governo Conte bis che, all\u2019indomani dello scoppio della pandemia, istitu\u00ec un Fondo di garanzia pubblico per promuovere la liquidit\u00e0 alle Pmi colpite dall\u2019emergenza Covid. I dati sono i seguenti: se a settembre 2012 gli impieghi vivi alle imprese con meno di 20 addetti ammontavano a 19,7 miliardi, nello stesso mese del 2022 la quota \u00e8 scesa a 12,6 miliardi. In termini assoluti la caduta in Veneto \u00e8 stata pari a 7 miliardi. In termini percentuali, invece, del -35,7 per cento; addirittura 10 punti in pi\u00f9 della media nazionale. Ovviamente questo \u201ctonfo\u201d \u00e8 ascrivibile, in particolar modo, alla scomparsa delle due grandi banche popolari (Veneto Banca e Popolare di Vicenza) e alle traversie che hanno vissuto alcune banche di credito cooperativo presenti nella nostra regione. A livello provinciale le situazioni di maggiore criticit\u00e0 si sono registrate a Treviso, Padova e Vicenza. In questo ultimo decennio nella Marca la contrazione \u00e8 stata del 37,6 per cento (-1,4 miliardi di euro di prestiti erogati alle piccolissime imprese), nella provincia euganea del 40,6 per cento (-1,7 miliardi di euro), mentre in quella berica addirittura del 43,3 per cento (-1,2 miliardi).<\/p>\n","protected":false},"excerpt":{"rendered":"<p>Continuano a diminuire i prestiti bancari anche alle piccole e micro imprese venete. Tra il 2021 e il 2022 gli impieghi vivi alle aziende con meno di 20 addetti sono scesi di 821,2 milioni di euro (-6,2 per cento). Lo stock complessivo dei prestiti erogati a questo segmento di aziende \u00e8 passato da 13,1 a&hellip;<\/p>\n","protected":false},"author":2,"featured_media":90175,"comment_status":"closed","ping_status":"closed","sticky":false,"template":"","format":"standard","meta":{"_monsterinsights_skip_tracking":false,"_monsterinsights_sitenote_active":false,"_monsterinsights_sitenote_note":"","_monsterinsights_sitenote_category":0,"footnotes":""},"categories":[49],"tags":[],"class_list":["post-324917","post","type-post","status-publish","format-standard","has-post-thumbnail","hentry","category-news-18","category-49","description-off"],"img_url":"https:\/\/www.radiopiu.net\/wordpress\/wp-content\/uploads\/2019\/06\/ha-sottolineato-il-giovane-uomo-asiatico-che-tiene-il-portafoglio-vuoto-e-pensando-di-trovare-soldi-per-pagare-le-bollette_78212-12.jpg","_links":{"self":[{"href":"https:\/\/www.radiopiu.net\/wordpress\/wp-json\/wp\/v2\/posts\/324917","targetHints":{"allow":["GET"]}}],"collection":[{"href":"https:\/\/www.radiopiu.net\/wordpress\/wp-json\/wp\/v2\/posts"}],"about":[{"href":"https:\/\/www.radiopiu.net\/wordpress\/wp-json\/wp\/v2\/types\/post"}],"author":[{"embeddable":true,"href":"https:\/\/www.radiopiu.net\/wordpress\/wp-json\/wp\/v2\/users\/2"}],"replies":[{"embeddable":true,"href":"https:\/\/www.radiopiu.net\/wordpress\/wp-json\/wp\/v2\/comments?post=324917"}],"version-history":[{"count":0,"href":"https:\/\/www.radiopiu.net\/wordpress\/wp-json\/wp\/v2\/posts\/324917\/revisions"}],"wp:featuredmedia":[{"embeddable":true,"href":"https:\/\/www.radiopiu.net\/wordpress\/wp-json\/wp\/v2\/media\/90175"}],"wp:attachment":[{"href":"https:\/\/www.radiopiu.net\/wordpress\/wp-json\/wp\/v2\/media?parent=324917"}],"wp:term":[{"taxonomy":"category","embeddable":true,"href":"https:\/\/www.radiopiu.net\/wordpress\/wp-json\/wp\/v2\/categories?post=324917"},{"taxonomy":"post_tag","embeddable":true,"href":"https:\/\/www.radiopiu.net\/wordpress\/wp-json\/wp\/v2\/tags?post=324917"}],"curies":[{"name":"wp","href":"https:\/\/api.w.org\/{rel}","templated":true}]}}