{"id":324927,"date":"2023-03-06T05:13:27","date_gmt":"2023-03-06T04:13:27","guid":{"rendered":"https:\/\/www.radiopiu.net\/wordpress\/?p=324927"},"modified":"2023-03-06T08:54:21","modified_gmt":"2023-03-06T07:54:21","slug":"giornale-radiopiu-06-marzo-2023-direttore-mirko-mezzacasa-verso-i-40-anni-25-giugno-1983-25-giugno-2023","status":"publish","type":"post","link":"https:\/\/www.radiopiu.net\/wordpress\/giornale-radiopiu-06-marzo-2023-direttore-mirko-mezzacasa-verso-i-40-anni-25-giugno-1983-25-giugno-2023\/","title":{"rendered":"GIORNALE RADIOPIU 06 MARZO 2023 DIRETTORE MIRKO MEZZACASA&#8230;verso i 40 anni 25 giugno 1983-25 giugno 2023"},"content":{"rendered":"<h3 class=\"kvgmc6g5 cxmmr5t8 oygrvhab hcukyx3x c1et5uql\"><span style=\"color: #0000ff;\"><strong>RADIO PIU INFORMAZIONE il canale su TELEGRAM informazione di prima\u00a0 <\/strong><strong>mano e in tempo reale. iscriviti ed aiutaci a farlo conoscere\u00a0 \u00a0 \u00a0<\/strong><\/span><\/h3>\n<h2 style=\"text-align: left;\"><span style=\"color: #ff0000;\">ISCRIVITI AL NOSTRO CANALE YOUTUBE PER SEGUIRE IN DIRETTA I PRINCIPALI PROGRAMMI DI RADIO PIU&#8217; E LE FUTURE DIRETTE IN ESTERNA. PER ISCRIVERTI <a style=\"color: #ff0000;\" href=\"https:\/\/youtube.com\/@radiopiu1527\">CLICCA QUI<\/a> E PREMI IL TASTO &#8220;Iscriviti&#8221;\u00a0<\/span><\/h2>\n<p>&nbsp;<\/p>\n<hr \/>\n<p>&nbsp;<\/p>\n<blockquote>\n<h3>OGGI E DOMANI LAVORI ALLA RETE IDRICA A VOLTAGO<\/h3>\n<\/blockquote>\n<p><strong>VOLTAGO<\/strong> Gestione Servizi Pubblici informa che, per lavori alla rete idrica comunale, oggi e domani dalle ore 8:00 alle ore 17:00 verr\u00e0 sospesa l\u2019erogazione dell\u2019acqua a VOLTAGO AGORDINO, nelle VIE VICH, COSTA DALL&#8217;ACQUA e DOMADORE. Il personale addetto operer\u00e0 per limitare il pi\u00f9 possibile i disagi alla popolazione.<\/p>\n<p>&nbsp;<\/p>\n<p>&nbsp;<\/p>\n<hr \/>\n<p>&nbsp;<\/p>\n<blockquote>\n<h3>INCIDENTE IN A 27, DONNA AGORDINA FERITA ANCORA IN PROGNOSI RISERVATA<\/h3>\n<\/blockquote>\n<p><strong>VITTORIO VENETO\u00a0<\/strong>Desta sempre in gravi condizioni D.R.L., 36 anni di Selva di Cadore, dopo l&#8217;incidente di sabato in A27 nella galleria subito dopo l&#8217;uscita di Fadalto salendo verso Belluno. Uno schianto violento con l&#8217;auto che ha cambiato improvvisamente direzione innescando una carambola che l&#8217;ha fatta finire contro la parete della galleria. A lanciare l&#8217;allarme gli automobilisti che hanno assistito all&#8217;impatto. Sul posto la Polizia Stradale e il personale del Suem. La donna \u00e8 stata elitrasportata all&#8217;ospedale di Treviso. L&#8217;incidente \u00e8 avvenuto sabato alle 17.<\/p>\n<p>&nbsp;<\/p>\n<hr \/>\n<blockquote>\n<h3><\/h3>\n<h3>MOTO CONTRO AUTO, UN FERITO<\/h3>\n<\/blockquote>\n<p><strong>TAMBRE D&#8217;ALPAGO<\/strong> Ieri alle 15 il sinistro lungo la strada provinciale Coste d&#8217;Alpago. Ferito il motociclista a bordo del mezzo che si \u00e8 schiantato contro un&#8217;auto. Sul posto vigili del fuoco e Carabinieri.<\/p>\n<p>&nbsp;<\/p>\n<hr \/>\n<p>&nbsp;<\/p>\n<blockquote>\n<h3>ALPINI IN LUTTO PER LA MORTE DI MASSIMO DE VECCHI<\/h3>\n<\/blockquote>\n<p><strong><a class=\"dt-pswp-item\" href=\"https:\/\/www.radiopiu.net\/wordpress\/wp-content\/uploads\/2021\/05\/Massimo-De-Vecchi-capogruppo-alpini-salce.jpg\" data-dt-img-description=\"\" data-large_image_width=\"1024\" data-large_image_height=\"1012\"><img loading=\"lazy\" decoding=\"async\" class=\" wp-image-210025 alignleft\" src=\"https:\/\/www.radiopiu.net\/wordpress\/wp-content\/uploads\/2021\/05\/Massimo-De-Vecchi-capogruppo-alpini-salce-300x296.jpg\" alt=\"\" width=\"142\" height=\"140\" srcset=\"https:\/\/www.radiopiu.net\/wordpress\/wp-content\/uploads\/2021\/05\/Massimo-De-Vecchi-capogruppo-alpini-salce-300x296.jpg 300w, https:\/\/www.radiopiu.net\/wordpress\/wp-content\/uploads\/2021\/05\/Massimo-De-Vecchi-capogruppo-alpini-salce-768x759.jpg 768w, https:\/\/www.radiopiu.net\/wordpress\/wp-content\/uploads\/2021\/05\/Massimo-De-Vecchi-capogruppo-alpini-salce.jpg 1024w\" sizes=\"auto, (max-width: 142px) 100vw, 142px\" \/><\/a>BELLUNO<\/strong> Massimo De Vecchi, il capogruppo della sezione &#8220;Generale Zaglio&#8221; di Salce a Belluno, si \u00e8 spento sabato all&#8217;ospedale Santa Maria del Prato di Feltre. De Vecchi era malato ed era ricoverato al nosocomio feltrino da un p\u00f2 di tempo. Originario di Bes, era in pensione. In passato aveva lavorato come rappresentante della Caff\u00e8 Bristot e di Beyfin a Ponte Nelle Alpi. Era capogruppo della sezione Alpini di Salce, la sua elezione era arrivata nel pieno della pandemia Covid-19. Era subentrato a Cesare Colbertaldo. Tra le su grandi passioni del tempo libero lo sport delle bocce, andare a funghi e le passeggiate in montagna. Massimo De Vecchi lascia la compagna Laura, la mamma Nerina e la sorella Marina.<\/p>\n<p>&nbsp;<\/p>\n<hr \/>\n<p>&nbsp;<\/p>\n<blockquote>\n<h3>INCENDIO AD UN QUADRO ELETTRICO ALL&#8217;ISTITUTO COMPRENSIVO DI AURONZO<\/h3>\n<\/blockquote>\n<p><strong>AURONZO DI CADORE<\/strong> Vigili del Fuoco al lavoro sabato alle 11:40 quando sono stati chiamati ad Auronzo di Cadore all&#8217;Istituto Comprensivo dove un quadro elettrico \u00e8 stato interessato da un incendio. Nessun conseguenza per studenti e docenti. Scattato l\u2019allarme antincendio tutti gli studenti, i professori e il personale non docente sono usciti dalla scuola, posizionandosi nei punti di raccolta, mentre gli addetti antincendio dell&#8217;istituto hanno provveduto con un estintore a spegnere le fiamme. I pompieri accorsi dal distaccamento di Santo Stefano di Cadore, hanno verificato lo spegnimento del quadro elettrico, arieggiati i locali e messo in sicurezza il luogo per l\u2019intervento di ripristino del quadro elettrico da parte dei tecnici. Le operazioni di soccorso da parte dei Vigili del Fuoco sono terminate poco dopo le 13:00.<\/p>\n\n\t\t\t<style type='text\/css'>\n\t\t\t\t#gallery-1 {\n\t\t\t\t\tmargin: auto;\n\t\t\t\t}\n\t\t\t\t#gallery-1 .gallery-item {\n\t\t\t\t\tfloat: left;\n\t\t\t\t\tmargin-top: 10px;\n\t\t\t\t\ttext-align: center;\n\t\t\t\t\twidth: 50%;\n\t\t\t\t}\n\t\t\t\t#gallery-1 img {\n\t\t\t\t\tborder: 2px solid #cfcfcf;\n\t\t\t\t}\n\t\t\t\t#gallery-1 .gallery-caption {\n\t\t\t\t\tmargin-left: 0;\n\t\t\t\t}\n\t\t\t\t\/* see gallery_shortcode() in wp-includes\/media.php *\/\n\t\t\t<\/style>\n\t\t<div id='gallery-1' class='dt-gallery-container gallery galleryid-324927 gallery-columns-2 gallery-size-medium'><dl class='gallery-item'>\n\t\t\t\t<dt class='gallery-icon landscape'>\n\t\t\t\t\t<a class=\"rollover rollover-zoom dt-pswp-item\" title=\"7890b8d3-f951-4868-b209-4f8f5683ee76\" data-dt-img-description=\"\" data-large_image_width=\"1280\" data-large_image_height=\"870\"href='https:\/\/www.radiopiu.net\/wordpress\/wp-content\/uploads\/2023\/03\/7890b8d3-f951-4868-b209-4f8f5683ee76.jpg'><img loading=\"lazy\" decoding=\"async\" width=\"300\" height=\"204\" src=\"https:\/\/www.radiopiu.net\/wordpress\/wp-content\/uploads\/2023\/03\/7890b8d3-f951-4868-b209-4f8f5683ee76-300x204.jpg\" class=\"attachment-medium size-medium\" alt=\"\" srcset=\"https:\/\/www.radiopiu.net\/wordpress\/wp-content\/uploads\/2023\/03\/7890b8d3-f951-4868-b209-4f8f5683ee76-300x204.jpg 300w, https:\/\/www.radiopiu.net\/wordpress\/wp-content\/uploads\/2023\/03\/7890b8d3-f951-4868-b209-4f8f5683ee76-1024x696.jpg 1024w, https:\/\/www.radiopiu.net\/wordpress\/wp-content\/uploads\/2023\/03\/7890b8d3-f951-4868-b209-4f8f5683ee76-768x522.jpg 768w, https:\/\/www.radiopiu.net\/wordpress\/wp-content\/uploads\/2023\/03\/7890b8d3-f951-4868-b209-4f8f5683ee76.jpg 1280w\" sizes=\"auto, (max-width: 300px) 100vw, 300px\" \/><\/a>\n\t\t\t\t<\/dt><\/dl><dl class='gallery-item'>\n\t\t\t\t<dt class='gallery-icon landscape'>\n\t\t\t\t\t<a class=\"rollover rollover-zoom dt-pswp-item\" title=\"c02d0e8a-d7cf-4912-bbeb-7a3cda3912aa\" data-dt-img-description=\"\" data-large_image_width=\"1280\" data-large_image_height=\"960\"href='https:\/\/www.radiopiu.net\/wordpress\/wp-content\/uploads\/2023\/03\/c02d0e8a-d7cf-4912-bbeb-7a3cda3912aa.jpg'><img loading=\"lazy\" decoding=\"async\" width=\"300\" height=\"225\" src=\"https:\/\/www.radiopiu.net\/wordpress\/wp-content\/uploads\/2023\/03\/c02d0e8a-d7cf-4912-bbeb-7a3cda3912aa-300x225.jpg\" class=\"attachment-medium size-medium\" alt=\"\" srcset=\"https:\/\/www.radiopiu.net\/wordpress\/wp-content\/uploads\/2023\/03\/c02d0e8a-d7cf-4912-bbeb-7a3cda3912aa-300x225.jpg 300w, https:\/\/www.radiopiu.net\/wordpress\/wp-content\/uploads\/2023\/03\/c02d0e8a-d7cf-4912-bbeb-7a3cda3912aa-1024x768.jpg 1024w, https:\/\/www.radiopiu.net\/wordpress\/wp-content\/uploads\/2023\/03\/c02d0e8a-d7cf-4912-bbeb-7a3cda3912aa-768x576.jpg 768w, https:\/\/www.radiopiu.net\/wordpress\/wp-content\/uploads\/2023\/03\/c02d0e8a-d7cf-4912-bbeb-7a3cda3912aa.jpg 1280w\" sizes=\"auto, (max-width: 300px) 100vw, 300px\" \/><\/a>\n\t\t\t\t<\/dt><\/dl><br style=\"clear: both\" \/>\n\t\t\t<\/div>\n\n<p>&nbsp;<\/p>\n<hr \/>\n<p>&nbsp;<\/p>\n<blockquote>\n<h3>A FINE MARZO RIAPRE L&#8217;ALIMENTARI A FRASSENE&#8217;<\/h3>\n<\/blockquote>\n<p><strong><a class=\"dt-pswp-item\" href=\"https:\/\/www.radiopiu.net\/wordpress\/wp-content\/uploads\/2022\/01\/ALIMENTARI-FRASSENE.jpeg\" data-dt-img-description=\"\" data-large_image_width=\"600\" data-large_image_height=\"450\"><img loading=\"lazy\" decoding=\"async\" class=\" wp-image-252637 alignleft\" src=\"https:\/\/www.radiopiu.net\/wordpress\/wp-content\/uploads\/2022\/01\/ALIMENTARI-FRASSENE-300x225.jpeg\" alt=\"\" width=\"173\" height=\"130\" srcset=\"https:\/\/www.radiopiu.net\/wordpress\/wp-content\/uploads\/2022\/01\/ALIMENTARI-FRASSENE-300x225.jpeg 300w, https:\/\/www.radiopiu.net\/wordpress\/wp-content\/uploads\/2022\/01\/ALIMENTARI-FRASSENE.jpeg 600w\" sizes=\"auto, (max-width: 173px) 100vw, 173px\" \/><\/a>VOLTAGO\u00a0<\/strong><\/p>\n<p><strong class=\"photoswipe-wrapper\">nota importante: alle attivit\u00e0 che vengono elencate e che fanno riferimento al Comune di Voltago e quindi a Frassene\u2019 non va dimenticato Mobili Parissenti vanta anni di esperienza nel settore, infatti ha ben oltre 60 anni di attivit\u00e0<\/strong><\/p>\n<p>di Gianni Santomaso<\/p>\n<audio class=\"wp-audio-shortcode\" id=\"audio-324927-1\" preload=\"none\" style=\"width: 100%;\" controls=\"controls\"><source type=\"audio\/mpeg\" src=\"https:\/\/www.radiopiu.net\/wordpress\/wp-content\/uploads\/2023\/03\/GIANNI-ALIMENTARI-FRASSENE.mp3?_=1\" \/><a href=\"https:\/\/www.radiopiu.net\/wordpress\/wp-content\/uploads\/2023\/03\/GIANNI-ALIMENTARI-FRASSENE.mp3\">https:\/\/www.radiopiu.net\/wordpress\/wp-content\/uploads\/2023\/03\/GIANNI-ALIMENTARI-FRASSENE.mp3<\/a><\/audio>\n<p>&nbsp;<\/p>\n<hr \/>\n<p>&nbsp;<\/p>\n<blockquote>\n<h3>CENCENIGHE IL PAESE CHE RESISTE<\/h3>\n<\/blockquote>\n<p><strong><img loading=\"lazy\" decoding=\"async\" class=\"alignleft\" src=\"https:\/\/www.radiopiu.net\/wordpress\/wp-content\/uploads\/2023\/03\/07a2ee24-db41-4ff4-9cec-c7ca3d32e316.jpg\" width=\"329\" height=\"213\" \/>CENCENIGHE<\/strong> E&#8217; vero, in via XX settembre chiude Banca Intesa, poco male c&#8217;\u00e8 ancora un istituto di credito di grande validit\u00e0 sul territorio e anche l&#8217;ufficio postale, a questo si puo&#8217; tranquillamente sopravvivere, solo il disagio di dover trasferire conti e denari.<em> &#8220;L&#8217;azienda privata fa le proprie scelte- dice il sindaco Mauro Soppelsa, ma non posso non constatare l&#8217;impoverimento dei servizi&#8221;.<\/em> Ma non tutti fuggono, anzi c&#8217;\u00e8 chi ci crede nello sviluppo del paese allo sbocco della tangenziale di Agordo e ai piedi delle pi\u00f9 importanti localit\u00e0 turistiche dell&#8217;Agordino. Da alcune settimane, infatti \u00e8 stato riaperto il distributore di benzina a Morbiach, tra l&#8217;altro oggetto di un restylng importante e ben congegnato con l&#8217;ambiente circostante<em> &#8220;Infatti &#8211; dice ancora il sindaco Soppelsa &#8211; relativamente ai servizi commerciali il paese \u00e8 in decisa crescita e la riapertura del distributore ne \u00e8 una conferma. Insomma il paese resiste&#8221;<\/em>. Sempre a Cencenighe nel corso dell&#8217;inverno ha aperto un nuovo negozio di frutta e verdura marchiato\u00a0 Paola &#8220;Caramba&#8221; ed a breve non mancheranno ulteriori importanti novit\u00e0 lungo l&#8217;asse della regionale 203 agordina con la riapertura di un ristorante per anni punto di riferimento del paese e della vallata.<\/p>\n<p>(mm)<\/p>\n<p>&nbsp;<\/p>\n<p>&nbsp;<\/p>\n<hr \/>\n<p>&nbsp;<\/p>\n<blockquote>\n<h3>LA CERTEZZA: IL NONNO DI MAURIZIO COSTANZO ERA BELLUNESE<\/h3>\n<p><em><a href=\"https:\/\/www.radiopiu.net\/wordpress\/wp-content\/uploads\/2023\/02\/Maurizio-Costanzo-768x508-1.webp\"><img loading=\"lazy\" decoding=\"async\" class=\" wp-image-324236 alignleft\" src=\"https:\/\/www.radiopiu.net\/wordpress\/wp-content\/uploads\/2023\/02\/Maurizio-Costanzo-768x508-1-300x198.webp\" alt=\"\" width=\"171\" height=\"113\" srcset=\"https:\/\/www.radiopiu.net\/wordpress\/wp-content\/uploads\/2023\/02\/Maurizio-Costanzo-768x508-1-300x198.webp 300w, https:\/\/www.radiopiu.net\/wordpress\/wp-content\/uploads\/2023\/02\/Maurizio-Costanzo-768x508-1.webp 768w\" sizes=\"auto, (max-width: 171px) 100vw, 171px\" \/><\/a>con soddisfazione e non semplice lavoro di ricerca condotto nei ritagli di tempo, possiamo solo immaginare il lavoro nel trovare i dati, Luisa Manfroi oggi conferma quanto gi\u00e0 da lei\u00a0 ipotizzato: il nonno materno di Maurizio Costanzo, Luigi Angelo De Toni, era nato a Belluno nel 1868 e a questo punto l&#8217;origine da Alleghe \u00e8 plausibilissima.\u00a0<\/em><\/p><\/blockquote>\n<p><strong>di LUISA MANFROI AUDIO<\/strong><\/p>\n<audio class=\"wp-audio-shortcode\" id=\"audio-324927-2\" preload=\"none\" style=\"width: 100%;\" controls=\"controls\"><source type=\"audio\/mpeg\" src=\"https:\/\/www.radiopiu.net\/wordpress\/wp-content\/uploads\/2023\/02\/luisa-manfroi-1.mp3?_=2\" \/><a href=\"https:\/\/www.radiopiu.net\/wordpress\/wp-content\/uploads\/2023\/02\/luisa-manfroi-1.mp3\">https:\/\/www.radiopiu.net\/wordpress\/wp-content\/uploads\/2023\/02\/luisa-manfroi-1.mp3<\/a><\/audio>\n<p>Una chiacchierata con Luisa Manfroi, dopo ore trascorse sul pc e telefonando da un capo all&#8217;altro della penisola per le informazioni migliori, certe, da giornalismo &#8220;investigativo&#8221;.<\/p>\n<p><strong>AUDIO di mirko mezzacasa<\/strong><\/p>\n<audio class=\"wp-audio-shortcode\" id=\"audio-324927-3\" preload=\"none\" style=\"width: 100%;\" controls=\"controls\"><source type=\"audio\/mpeg\" src=\"https:\/\/www.radiopiu.net\/wordpress\/wp-content\/uploads\/2023\/03\/luisa-chiacchiera.mp3?_=3\" \/><a href=\"https:\/\/www.radiopiu.net\/wordpress\/wp-content\/uploads\/2023\/03\/luisa-chiacchiera.mp3\">https:\/\/www.radiopiu.net\/wordpress\/wp-content\/uploads\/2023\/03\/luisa-chiacchiera.mp3<\/a><\/audio>\n<p>&nbsp;<\/p>\n<hr \/>\n<p>&nbsp;<\/p>\n<blockquote>\n<h3>&#8220;PATRIOTE D&#8217;ITALIA&#8221;, LA MOSTRA PROMOSSA DAL CIRCOLO PROVINCIALE DI FRATELLI D&#8217;ITALIA<\/h3>\n<\/blockquote>\n<p><strong><a class=\"dt-pswp-item\" href=\"https:\/\/www.radiopiu.net\/wordpress\/wp-content\/uploads\/2023\/03\/90967236-683c-4624-8bbc-92c0f41bc853.jpg\" data-dt-img-description=\"\" data-large_image_width=\"1024\" data-large_image_height=\"768\"><img loading=\"lazy\" decoding=\"async\" class=\" wp-image-324968 alignleft\" src=\"https:\/\/www.radiopiu.net\/wordpress\/wp-content\/uploads\/2023\/03\/90967236-683c-4624-8bbc-92c0f41bc853-300x225.jpg\" alt=\"\" width=\"141\" height=\"106\" srcset=\"https:\/\/www.radiopiu.net\/wordpress\/wp-content\/uploads\/2023\/03\/90967236-683c-4624-8bbc-92c0f41bc853-300x225.jpg 300w, https:\/\/www.radiopiu.net\/wordpress\/wp-content\/uploads\/2023\/03\/90967236-683c-4624-8bbc-92c0f41bc853-768x576.jpg 768w, https:\/\/www.radiopiu.net\/wordpress\/wp-content\/uploads\/2023\/03\/90967236-683c-4624-8bbc-92c0f41bc853.jpg 1024w\" sizes=\"auto, (max-width: 141px) 100vw, 141px\" \/><\/a>BELLUNO<\/strong> Le storie di 50 donne che hanno segnato gli ultimi 200 anni d&#8217;Italia in mostra fino a mercoled\u00ec 8 marzo al Centro Giovanni XXIII di Belluno: questa \u00e8 \u201cPatriote d&#8217;Italia\u201d, mostra promossa dal circolo provinciale di Fratelli d&#8217;Italia.<\/p>\n<p><strong>di Daniele Dalvit<\/strong><\/p>\n<audio class=\"wp-audio-shortcode\" id=\"audio-324927-4\" preload=\"none\" style=\"width: 100%;\" controls=\"controls\"><source type=\"audio\/mpeg\" src=\"https:\/\/www.radiopiu.net\/wordpress\/wp-content\/uploads\/2023\/03\/DALVIT-MOSTRA-PATRIOTE.mp3?_=4\" \/><a href=\"https:\/\/www.radiopiu.net\/wordpress\/wp-content\/uploads\/2023\/03\/DALVIT-MOSTRA-PATRIOTE.mp3\">https:\/\/www.radiopiu.net\/wordpress\/wp-content\/uploads\/2023\/03\/DALVIT-MOSTRA-PATRIOTE.mp3<\/a><\/audio>\n<p>&nbsp;<\/p>\n<hr \/>\n<p>&nbsp;<\/p>\n<blockquote>\n<h3>DOPPIA PROGETTAZIONE AD AGORDO PER RENDERE PIU&#8217; BELLO IL CENTRO<\/h3>\n<\/blockquote>\n<p><strong><a class=\"dt-pswp-item\" href=\"https:\/\/www.radiopiu.net\/wordpress\/wp-content\/uploads\/2022\/12\/MUNICIPIO-AGORDO.png\" data-dt-img-description=\"\" data-large_image_width=\"1890\" data-large_image_height=\"1210\"><img loading=\"lazy\" decoding=\"async\" class=\" wp-image-309882 alignleft\" src=\"https:\/\/www.radiopiu.net\/wordpress\/wp-content\/uploads\/2022\/12\/MUNICIPIO-AGORDO-300x192.png\" alt=\"\" width=\"219\" height=\"140\" srcset=\"https:\/\/www.radiopiu.net\/wordpress\/wp-content\/uploads\/2022\/12\/MUNICIPIO-AGORDO-300x192.png 300w, https:\/\/www.radiopiu.net\/wordpress\/wp-content\/uploads\/2022\/12\/MUNICIPIO-AGORDO-1024x656.png 1024w, https:\/\/www.radiopiu.net\/wordpress\/wp-content\/uploads\/2022\/12\/MUNICIPIO-AGORDO-768x492.png 768w, https:\/\/www.radiopiu.net\/wordpress\/wp-content\/uploads\/2022\/12\/MUNICIPIO-AGORDO-1536x983.png 1536w, https:\/\/www.radiopiu.net\/wordpress\/wp-content\/uploads\/2022\/12\/MUNICIPIO-AGORDO.png 1890w\" sizes=\"auto, (max-width: 219px) 100vw, 219px\" \/><\/a>AGORDO<\/strong><\/p>\n<p>di Gianni Santomaso<\/p>\n<audio class=\"wp-audio-shortcode\" id=\"audio-324927-5\" preload=\"none\" style=\"width: 100%;\" controls=\"controls\"><source type=\"audio\/mpeg\" src=\"https:\/\/www.radiopiu.net\/wordpress\/wp-content\/uploads\/2023\/03\/GIANNI-DOPPIA-PROGETTAZIONE-AD-AGORDO.mp3?_=5\" \/><a href=\"https:\/\/www.radiopiu.net\/wordpress\/wp-content\/uploads\/2023\/03\/GIANNI-DOPPIA-PROGETTAZIONE-AD-AGORDO.mp3\">https:\/\/www.radiopiu.net\/wordpress\/wp-content\/uploads\/2023\/03\/GIANNI-DOPPIA-PROGETTAZIONE-AD-AGORDO.mp3<\/a><\/audio>\n<p>&nbsp;<\/p>\n<hr \/>\n<p>&nbsp;<\/p>\n<blockquote>\n<h3>RADIO PIU&#8217;, CLUB 103 E PRIMIERO: NASCE &#8220;LE TRE RADIO&#8221; PER GUARDARE AL FUTURO<\/h3>\n<\/blockquote>\n<p><span style=\"color: #ff0000;\"><strong><a class=\"dt-pswp-item\" href=\"https:\/\/www.radiopiu.net\/wordpress\/wp-content\/uploads\/2023\/03\/8e677cc8-d5b9-437b-ab61-7805229f4c64.jpg\" data-dt-img-description=\"\" data-large_image_width=\"1024\" data-large_image_height=\"731\"><img loading=\"lazy\" decoding=\"async\" class=\" wp-image-325015 alignleft\" src=\"https:\/\/www.radiopiu.net\/wordpress\/wp-content\/uploads\/2023\/03\/8e677cc8-d5b9-437b-ab61-7805229f4c64-300x214.jpg\" alt=\"\" width=\"212\" height=\"151\" srcset=\"https:\/\/www.radiopiu.net\/wordpress\/wp-content\/uploads\/2023\/03\/8e677cc8-d5b9-437b-ab61-7805229f4c64-300x214.jpg 300w, https:\/\/www.radiopiu.net\/wordpress\/wp-content\/uploads\/2023\/03\/8e677cc8-d5b9-437b-ab61-7805229f4c64-768x548.jpg 768w, https:\/\/www.radiopiu.net\/wordpress\/wp-content\/uploads\/2023\/03\/8e677cc8-d5b9-437b-ab61-7805229f4c64.jpg 1024w\" sizes=\"auto, (max-width: 212px) 100vw, 212px\" \/><\/a>DAL CORRIERE DELLE ALPI<\/strong><\/span><\/p>\n<p><strong>di Fabrizio Ruffini<\/strong><\/p>\n<p>Radio Pi\u00f9, Radio Club 103 Dolomiti e Radio Primiero fanno squadra per offrire una nuova proposta commerciale per l&#8217;intero territorio che va dall&#8217;Alto Bellunese al Trentino, ma anche una programmazione pi\u00f9 sinergica, per la diffusione di eventi particolarmente interessanti per gli ascoltatori di queste zone. <strong>ORIZZONTI PI\u00d9 LARGHI <\/strong>&#8220;Le tre radio&#8221;, questo il nome del nuovo gruppo, \u00e8 gi\u00e0 realt\u00e0 e presto verr\u00e0 presentata anche la figura scelta dalle tre emittenti per occuparsi della parte commerciale del progetto. \u00ab\u00c8 un&#8217;avventura nuova che porta entusiasmo, perch\u00e9 finalmente abbattiamo quelle barriere che ci tenevano chiusi nel nostro e ci apriamo a realt\u00e0 vicine e amiche\u00bb, spiega Mirko Mezzacasa, voce, cervello e anima di Radio Pi\u00f9, \u00ababbiamo l&#8217;esperienza e i mezzi necessari a crescere, inoltre siamo convinti che solo le sinergie tra visioni di sviluppo affini permettano di raggiungere traguardi di eccellenza nel mercato locale e regionale, con un occhio attento alle opportunit\u00e0 nazionali. Per questo abbiamo deciso di metterci insieme e cambiare il nostro modo di comunicare, dando l&#8217;opportunit\u00e0 ai clienti di farsi conoscere attraverso le tre emittenti simultaneamente e offrendo cos\u00ec la copertura di un territorio molto pi\u00f9 vasto rispetto alle singole emittenti. Nello specifico, noi copriamo l&#8217;Agordino, il Bellunese e la Val Belluna, Radio Club 103 va dal Comelico fino al Feltrino e Radio Primiero raggiunge il Primiero e la valle dell&#8217;Adige fino a Trento\u00bb. <strong>DIRETTE CONDIVISE<\/strong> Una proposta che non si limiter\u00e0 al solo aspetto commerciale: \u00abAnche la programmazione e altri servizi delle nostre radio potranno essere sincronizzati, ad esempio in occasioni di dirette particolarmente interessanti per tutti e tre i nostri pubblici\u00bb, prosegue Mezzacasa, \u00abun primo test (in quel caso con Radio Pi\u00f9, Radio club 103 e Radio Belluno) \u00e8 gi\u00e0 stato fatto con le dirette serali da Casa Sanremo, durante gli eventi di promozione turistica per la nostra provincia che si sono tenuti durante il festival. In quell&#8217;occasione ne era nata una programmazione molto bella, che veniva proposta in simultanea sulle tre radio; sulla scorta di questa esperienza abbiamo quindi deciso di riproporre la cosa anche con il nuovo gruppo\u00bb<\/p>\n<p>&nbsp;<\/p>\n<hr \/>\n<p>&nbsp;<\/p>\n<blockquote>\n<h3><a class=\"dt-pswp-item\" href=\"https:\/\/www.radiopiu.net\/wordpress\/wp-content\/uploads\/2023\/03\/Senza-nome-21.jpg\" data-dt-img-description=\"\" data-large_image_width=\"412\" data-large_image_height=\"276\"><img loading=\"lazy\" decoding=\"async\" class=\" wp-image-325179 alignleft\" src=\"https:\/\/www.radiopiu.net\/wordpress\/wp-content\/uploads\/2023\/03\/Senza-nome-21-300x201.jpg\" alt=\"\" width=\"248\" height=\"166\" srcset=\"https:\/\/www.radiopiu.net\/wordpress\/wp-content\/uploads\/2023\/03\/Senza-nome-21-300x201.jpg 300w, https:\/\/www.radiopiu.net\/wordpress\/wp-content\/uploads\/2023\/03\/Senza-nome-21.jpg 412w\" sizes=\"auto, (max-width: 248px) 100vw, 248px\" \/><\/a>AURONZO CELEBRA DON SEBASTIANO COSTA<\/h3>\n<\/blockquote>\n<p><strong>AURONZO \u00a0<\/strong>ha ricordato con commozione don Sebastiano Costa, parroco e capo del soccorso alpino deceduto nella notte del 4 marzo 1973 sul col di Giralba durante un&#8217;operazione di recupero di alcuni giovani escursionisti in difficolt\u00e0. La gente di montagna sabato, nel cinquantesimo anniversario del tragico evento, si \u00e8 ritrovata\u00a0 per ricordare il parroco nato a Falcade Una giornata intensa conclusasi con un momento conviviale in Auronzo nel corso del quale sono emersi tanti bei ricordi di don Sebastiano Costa.<\/p>\n<p><strong>di\u00a0 FABIO BRISTOT, DETTO\u00a0 RUFUS<\/strong><\/p>\n<blockquote class=\"wp-embedded-content\" data-secret=\"QoyTIWTEIi\"><p><a href=\"https:\/\/fabiobristotrufus.it\/2023\/03\/03\/don-sebastiano-costa-50-anni-dopo\/\">DON SEBASTIANO COSTA&#8230; 50 ANNI DOPO (Col Giralba &#8211; Auronzo di Cadore 04.03.1973)<\/a><\/p><\/blockquote>\n<p><iframe loading=\"lazy\" class=\"wp-embedded-content\" sandbox=\"allow-scripts\" security=\"restricted\" style=\"position: absolute; clip: rect(1px, 1px, 1px, 1px);\" title=\"&#8220;DON SEBASTIANO COSTA&#8230; 50 ANNI DOPO (Col Giralba &#8211; Auronzo di Cadore 04.03.1973)&#8221; &#8212; Fabio Bristot\" src=\"https:\/\/fabiobristotrufus.it\/2023\/03\/03\/don-sebastiano-costa-50-anni-dopo\/embed\/#?secret=9OcabuC5q9#?secret=QoyTIWTEIi\" data-secret=\"QoyTIWTEIi\" width=\"600\" height=\"338\" frameborder=\"0\" marginwidth=\"0\" marginheight=\"0\" scrolling=\"no\"><\/iframe><\/p>\n<p>&nbsp;<\/p>\n<hr \/>\n<p>&nbsp;<\/p>\n<p><strong>DI TIZIANO DE COL<\/strong><\/p>\n\n\t\t\t<style type='text\/css'>\n\t\t\t\t#gallery-2 {\n\t\t\t\t\tmargin: auto;\n\t\t\t\t}\n\t\t\t\t#gallery-2 .gallery-item {\n\t\t\t\t\tfloat: left;\n\t\t\t\t\tmargin-top: 10px;\n\t\t\t\t\ttext-align: center;\n\t\t\t\t\twidth: 20%;\n\t\t\t\t}\n\t\t\t\t#gallery-2 img {\n\t\t\t\t\tborder: 2px solid #cfcfcf;\n\t\t\t\t}\n\t\t\t\t#gallery-2 .gallery-caption {\n\t\t\t\t\tmargin-left: 0;\n\t\t\t\t}\n\t\t\t\t\/* see gallery_shortcode() in wp-includes\/media.php *\/\n\t\t\t<\/style>\n\t\t<div id='gallery-2' class='dt-gallery-container gallery galleryid-324927 gallery-columns-5 gallery-size-medium'><dl class='gallery-item'>\n\t\t\t\t<dt class='gallery-icon landscape'>\n\t\t\t\t\t<a class=\"rollover rollover-zoom dt-pswp-item\" title=\"c15e34e5-124e-4a65-98ae-89710f110e3e\" data-dt-img-description=\"\" data-large_image_width=\"586\" data-large_image_height=\"357\"href='https:\/\/www.radiopiu.net\/wordpress\/wp-content\/uploads\/2023\/03\/c15e34e5-124e-4a65-98ae-89710f110e3e.jpg'><img loading=\"lazy\" decoding=\"async\" width=\"300\" height=\"183\" src=\"https:\/\/www.radiopiu.net\/wordpress\/wp-content\/uploads\/2023\/03\/c15e34e5-124e-4a65-98ae-89710f110e3e-300x183.jpg\" class=\"attachment-medium size-medium\" alt=\"\" srcset=\"https:\/\/www.radiopiu.net\/wordpress\/wp-content\/uploads\/2023\/03\/c15e34e5-124e-4a65-98ae-89710f110e3e-300x183.jpg 300w, https:\/\/www.radiopiu.net\/wordpress\/wp-content\/uploads\/2023\/03\/c15e34e5-124e-4a65-98ae-89710f110e3e.jpg 586w\" sizes=\"auto, (max-width: 300px) 100vw, 300px\" \/><\/a>\n\t\t\t\t<\/dt><\/dl><dl class='gallery-item'>\n\t\t\t\t<dt class='gallery-icon landscape'>\n\t\t\t\t\t<a class=\"rollover rollover-zoom dt-pswp-item\" title=\"ad3fe137-1980-4fcf-9fe8-b3f762f41ac5\" data-dt-img-description=\"\" data-large_image_width=\"622\" data-large_image_height=\"354\"href='https:\/\/www.radiopiu.net\/wordpress\/wp-content\/uploads\/2023\/03\/ad3fe137-1980-4fcf-9fe8-b3f762f41ac5.jpg'><img loading=\"lazy\" decoding=\"async\" width=\"300\" height=\"171\" src=\"https:\/\/www.radiopiu.net\/wordpress\/wp-content\/uploads\/2023\/03\/ad3fe137-1980-4fcf-9fe8-b3f762f41ac5-300x171.jpg\" class=\"attachment-medium size-medium\" alt=\"\" srcset=\"https:\/\/www.radiopiu.net\/wordpress\/wp-content\/uploads\/2023\/03\/ad3fe137-1980-4fcf-9fe8-b3f762f41ac5-300x171.jpg 300w, https:\/\/www.radiopiu.net\/wordpress\/wp-content\/uploads\/2023\/03\/ad3fe137-1980-4fcf-9fe8-b3f762f41ac5.jpg 622w\" sizes=\"auto, (max-width: 300px) 100vw, 300px\" \/><\/a>\n\t\t\t\t<\/dt><\/dl><dl class='gallery-item'>\n\t\t\t\t<dt class='gallery-icon landscape'>\n\t\t\t\t\t<a class=\"rollover rollover-zoom dt-pswp-item\" title=\"8ae2a101-46c8-4432-9ca4-443fb112279b\" data-dt-img-description=\"\" data-large_image_width=\"594\" data-large_image_height=\"352\"href='https:\/\/www.radiopiu.net\/wordpress\/wp-content\/uploads\/2023\/03\/8ae2a101-46c8-4432-9ca4-443fb112279b.jpg'><img loading=\"lazy\" decoding=\"async\" width=\"300\" height=\"178\" src=\"https:\/\/www.radiopiu.net\/wordpress\/wp-content\/uploads\/2023\/03\/8ae2a101-46c8-4432-9ca4-443fb112279b-300x178.jpg\" class=\"attachment-medium size-medium\" alt=\"\" srcset=\"https:\/\/www.radiopiu.net\/wordpress\/wp-content\/uploads\/2023\/03\/8ae2a101-46c8-4432-9ca4-443fb112279b-300x178.jpg 300w, https:\/\/www.radiopiu.net\/wordpress\/wp-content\/uploads\/2023\/03\/8ae2a101-46c8-4432-9ca4-443fb112279b.jpg 594w\" sizes=\"auto, (max-width: 300px) 100vw, 300px\" \/><\/a>\n\t\t\t\t<\/dt><\/dl><dl class='gallery-item'>\n\t\t\t\t<dt class='gallery-icon landscape'>\n\t\t\t\t\t<a class=\"rollover rollover-zoom dt-pswp-item\" title=\"e62a85c9-225c-474d-8be5-9baa016db8a3\" data-dt-img-description=\"\" data-large_image_width=\"598\" data-large_image_height=\"356\"href='https:\/\/www.radiopiu.net\/wordpress\/wp-content\/uploads\/2023\/03\/e62a85c9-225c-474d-8be5-9baa016db8a3.jpg'><img loading=\"lazy\" decoding=\"async\" width=\"300\" height=\"179\" src=\"https:\/\/www.radiopiu.net\/wordpress\/wp-content\/uploads\/2023\/03\/e62a85c9-225c-474d-8be5-9baa016db8a3-300x179.jpg\" class=\"attachment-medium size-medium\" alt=\"\" srcset=\"https:\/\/www.radiopiu.net\/wordpress\/wp-content\/uploads\/2023\/03\/e62a85c9-225c-474d-8be5-9baa016db8a3-300x179.jpg 300w, https:\/\/www.radiopiu.net\/wordpress\/wp-content\/uploads\/2023\/03\/e62a85c9-225c-474d-8be5-9baa016db8a3.jpg 598w\" sizes=\"auto, (max-width: 300px) 100vw, 300px\" \/><\/a>\n\t\t\t\t<\/dt><\/dl><dl class='gallery-item'>\n\t\t\t\t<dt class='gallery-icon landscape'>\n\t\t\t\t\t<a class=\"rollover rollover-zoom dt-pswp-item\" title=\"a3da57b6-443b-4f4a-876c-797f2ea1412b\" data-dt-img-description=\"\" data-large_image_width=\"610\" data-large_image_height=\"351\"href='https:\/\/www.radiopiu.net\/wordpress\/wp-content\/uploads\/2023\/03\/a3da57b6-443b-4f4a-876c-797f2ea1412b.jpg'><img loading=\"lazy\" decoding=\"async\" width=\"300\" height=\"173\" src=\"https:\/\/www.radiopiu.net\/wordpress\/wp-content\/uploads\/2023\/03\/a3da57b6-443b-4f4a-876c-797f2ea1412b-300x173.jpg\" class=\"attachment-medium size-medium\" alt=\"\" srcset=\"https:\/\/www.radiopiu.net\/wordpress\/wp-content\/uploads\/2023\/03\/a3da57b6-443b-4f4a-876c-797f2ea1412b-300x173.jpg 300w, https:\/\/www.radiopiu.net\/wordpress\/wp-content\/uploads\/2023\/03\/a3da57b6-443b-4f4a-876c-797f2ea1412b.jpg 610w\" sizes=\"auto, (max-width: 300px) 100vw, 300px\" \/><\/a>\n\t\t\t\t<\/dt><\/dl><br style=\"clear: both\" \/>\n\t\t\t<\/div>\n\n<p>&nbsp;<\/p>\n<hr \/>\n<p>&nbsp;<\/p>\n<blockquote>\n<h3>TRASFERTA A COPENHAGEN PER IL TEAM MICI DI FELTRE<\/h3>\n<\/blockquote>\n<p><strong><a class=\"dt-pswp-item\" href=\"https:\/\/www.radiopiu.net\/wordpress\/wp-content\/uploads\/2023\/03\/IMG-9015.jpg\" data-dt-img-description=\"\" data-large_image_width=\"2488\" data-large_image_height=\"2384\"><img loading=\"lazy\" decoding=\"async\" class=\" wp-image-325083 alignleft\" src=\"https:\/\/www.radiopiu.net\/wordpress\/wp-content\/uploads\/2023\/03\/IMG-9015-300x287.jpg\" alt=\"\" width=\"174\" height=\"166\" srcset=\"https:\/\/www.radiopiu.net\/wordpress\/wp-content\/uploads\/2023\/03\/IMG-9015-300x287.jpg 300w, https:\/\/www.radiopiu.net\/wordpress\/wp-content\/uploads\/2023\/03\/IMG-9015-1024x981.jpg 1024w, https:\/\/www.radiopiu.net\/wordpress\/wp-content\/uploads\/2023\/03\/IMG-9015-768x736.jpg 768w, https:\/\/www.radiopiu.net\/wordpress\/wp-content\/uploads\/2023\/03\/IMG-9015-1536x1472.jpg 1536w, https:\/\/www.radiopiu.net\/wordpress\/wp-content\/uploads\/2023\/03\/IMG-9015-2048x1962.jpg 2048w\" sizes=\"auto, (max-width: 174px) 100vw, 174px\" \/><\/a>FELTRE<\/strong> Vetrina europea per l&#8217;\u00e9quipe della UOSD Malattie Infiammatorie Gastrointestinali di Feltre che ha presentato il proprio lavoro al congresso europeo delle MICI (malattie infiammatorie croniche intestinali) a Copenhagen. In questi giorni, il team di medici e infermieri che si occupano di Malattie Infiammatorie Croniche dell&#8217;intestino dell&#8217;ospedale di Feltre ha portato l&#8217;esperienza dell&#8217;ulss Dolomiti al confronto con colleghi provenienti dai maggiori ospedali europei. Due i punti di forza approfonditi: la gestione Infermieristica dell&#8217;ambulatorio MICI, in cui viene valorizzato il ruolo educativo e di engagement dell&#8217;infermiere verso il paziente ed il posizionamento dei nuovi farmaci nella cura di queste malattie croniche che vedono un costante aumento di pazienti con un eta\u2019 media sempre pi\u00f9 bassa. Debora Zaetta, infermiera con una formazione specifica in IBD nurse, ha partecipato al network europeo ECCO in cui ha potuto presentare come viene seguito il paziente con MICI a Feltre. Fondamentale il costante rapporto col paziente, riconosciuto come parte attiva del team di cura, che si confronta con l&#8217;infermiera dedicata per i molteplici aspetti della gestione della malattia nella quotidianit\u00e0. Eva Roncen, infermiera dedicata all&#8217;ambulatorio MICI, ha partecipato invece alla sessione di formazione dedicata all&#8217;approfondimento del ruolo educativo dell&#8217;infermiere per la gestione della cronicit\u00e0. Le dottoressa Manuela De Bona, responsabile della UOSD e Gaia Ricuccio hanno partecipato al confronto con i colleghi europei sui nuovi sviluppi clinici e terapeutici della gestione delle MICI, per offrire anche ai nostri pazienti le opportunit\u00e0 di cura pi\u00f9 avanzate. Un\u2019 importante spazio e\u2019 stato dedicato alle nuove tecnologie in endoscopia digestiva, in particolare all\u2019 intelligenza artificiale ed il suo ruolo nel caratterizzare l\u2019attivit\u00e0 di malattia e nel predire gli effetti della terapia. Tra gli studi europei multicentrici presentati in quest\u2019ambito anche quelli in cui ha partecipato la Gastroenterologia di Feltre che dal 2022 dispone di un avanzato sistema di intelligenza artificiale che permette di supportare i professionisti per diagnosi sempre pi\u00f9 precoci e precise. L&#8217;equipe \u00e8 tornata con un ricco il bagaglio culturale nato dagli approfondimenti seguiti, con nuovi spunti emersi dal confronto con le migliori esperienze europee e con maggiore consapevolezza degli standard di cura offerti in questo campo in ulss Dolomiti che sono in linea con i pi\u00f9 importanti centri.<\/p>\n<p>&nbsp;<\/p>\n<p>&nbsp;<\/p>\n<hr \/>\n<p>&nbsp;<\/p>\n<blockquote>\n<h3>GIORNATA MONDIALE PER LA PREVENZIONE DELL\u2019OBESITA&#8217; E DEL SOVRAPPESO<\/h3>\n<\/blockquote>\n<p><strong><a class=\"dt-pswp-item\" href=\"https:\/\/www.radiopiu.net\/wordpress\/wp-content\/uploads\/2023\/03\/OBESITA.jpeg\" data-dt-img-description=\"\" data-large_image_width=\"1792\" data-large_image_height=\"996\"><img loading=\"lazy\" decoding=\"async\" class=\"size-medium wp-image-324955 alignleft\" src=\"https:\/\/www.radiopiu.net\/wordpress\/wp-content\/uploads\/2023\/03\/OBESITA-300x167.jpeg\" alt=\"\" width=\"300\" height=\"167\" srcset=\"https:\/\/www.radiopiu.net\/wordpress\/wp-content\/uploads\/2023\/03\/OBESITA-300x167.jpeg 300w, https:\/\/www.radiopiu.net\/wordpress\/wp-content\/uploads\/2023\/03\/OBESITA-1024x569.jpeg 1024w, https:\/\/www.radiopiu.net\/wordpress\/wp-content\/uploads\/2023\/03\/OBESITA-768x427.jpeg 768w, https:\/\/www.radiopiu.net\/wordpress\/wp-content\/uploads\/2023\/03\/OBESITA-1536x854.jpeg 1536w, https:\/\/www.radiopiu.net\/wordpress\/wp-content\/uploads\/2023\/03\/OBESITA.jpeg 1792w\" sizes=\"auto, (max-width: 300px) 100vw, 300px\" \/><\/a>BELLUNO <\/strong>Sabato la giornata mondiale per la prevenzione dell\u2019obesit\u00e0 e del sovrappeso. I dati raccolti\u00a0 nell\u2019ambito del sistema epidemiologico PASSI rilevano per l\u2019Ulss Dolomiti una situazione migliore rispetto al valore nazionale: in ULSS1 Dolomiti il 25% della popolazione tra i 18 e 69 anni si trova in condizione di sovrappeso (32,5% in Italia), mentre il 9% \u00e8 obeso (10,4% in Italia). La percentuale di persone in eccesso ponderale risulta sostanzialmente stabile negli anni, con un lieve calo delle persone in sovrappeso rispetto alla rilevazione precedente (30%). La percentuale di persone in condizione di obesit\u00e0 cresce con l\u2019avanzamento dell\u2019et\u00e0 ed \u00e8 pi\u00f9 elevata nelle persone con un pi\u00f9 basso livello socio-economico. L\u2019eccesso di peso rappresenta un importante fattore di rischio in relazione a numerose malattie cronico-degenerative. Tra le persone affette da eccesso ponderale il 36% riporta ipercolesterolemia, il 38% ipertensione, il 7% diabete, il 1,4% un pregresso infarto del miocardio. Il 15% \u00e8 affetto da malattie respiratorie. Il rischio inerente l&#8217;insorgenza di malattie cronico degenerative per i soggetti in sovrappeso\/obesi \u00e8 fortemente aumentato dalla presenza di altri &#8220;co-fattori&#8221; comportamentali : fumo, sedentariet\u00e0, basso consumo di frutta e verdura, isolamento sociale, abuso alcolico, sonno inadeguato. E i bambini? Anche i bambini possono essere affetti da eccesso ponderale, in particolare in Ulss Dolomiti il 22% si trova in una situazione di sovrappeso e il 4% in condizione di obesit\u00e0. La percentuale di bambini in eccesso ponderale risulta essere in leggero aumento. I dati raccolti dimostrano che quando almeno uno dei genitori \u00e8 in condizione di sovrappeso, il 26,2% dei figli risulta in sovrappeso, quando almeno uno dei genitori \u00e8 obeso il 35,6%, il 6,7% dei figli \u00e8 obeso. Problematica risulta la percezione di questo fattore di rischio nei genitori:\u00a0 il 38,5% dei genitori di bambini sovrappeso e l\u20198,3% dei genitori di bambini obesi ritiene che il proprio figlio non presenti la condizione. Abituiamoci tutti ad uno stile di vita sano, ad un&#8217;alimentazione &#8220;mediterranea&#8221;, seguendo le indicazioni della piramide alimentare, dando il buon esempio a tavola ai figli: togliamo bibite gassate, limitiamo il consumo di sale (quel poco da usare, scegliamolo iodato) e a pranzo e a cena sempre di accompagnamento una bella ciotola di verdura. E &#8220;dulcis in fundo&#8221;, un bel frutto di stagione.<\/p>\n<p>&nbsp;<\/p>\n<p>&nbsp;<\/p>\n<hr \/>\n<p>&nbsp;<\/p>\n<blockquote>\n<h3>GIULIANA CAVALET IN PENSIONE<\/h3>\n<\/blockquote>\n<p><strong><a class=\"dt-pswp-item\" href=\"https:\/\/www.radiopiu.net\/wordpress\/wp-content\/uploads\/2023\/03\/Giuliana_Cavalet.jpg\" data-dt-img-description=\"\" data-large_image_width=\"768\" data-large_image_height=\"1024\"><img loading=\"lazy\" decoding=\"async\" class=\" wp-image-324930 alignleft\" src=\"https:\/\/www.radiopiu.net\/wordpress\/wp-content\/uploads\/2023\/03\/Giuliana_Cavalet-225x300.jpg\" alt=\"\" width=\"138\" height=\"184\" srcset=\"https:\/\/www.radiopiu.net\/wordpress\/wp-content\/uploads\/2023\/03\/Giuliana_Cavalet-225x300.jpg 225w, https:\/\/www.radiopiu.net\/wordpress\/wp-content\/uploads\/2023\/03\/Giuliana_Cavalet.jpg 768w\" sizes=\"auto, (max-width: 138px) 100vw, 138px\" \/><\/a>PONTE NELLE ALPI <\/strong>Circondata dal calore e dalla cordialit\u00e0 delle colleghe e dei colleghi, Giuliana Cavalet ha salutato tutti, raggiungendo il traguardo della pensione. Dopo aver lavorato 15 anni in un\u2019azienda privata del territorio, \u00e8 stata assunta in Comune il 1 ottobre 1995 e si \u00e8 sempre distinta per dedizione, professionalit\u00e0 e merito. Inizialmente ha seguito la sfera dei lavori pubblici e delle manutenzioni. E in seguito \u00e8 diventata responsabile dell\u2019ufficio acquisti.<span class=\"gmail-Apple-converted-space\"> \u00a0<\/span>La cerimonia di commiato si \u00e8 svolta in sala consiliare alla presenza dei dipendenti, del segretario comunale Mauro Giavi, del sindaco Paolo Vendramini e dell\u2019amministrazione. Lo stesso primo cittadino ha ringraziato la neo pensionata indicandola come \u00abesempio di grande professionalit\u00e0, capacit\u00e0 d\u2019ascolto e attaccamento al lavoro\u00bb.<span class=\"gmail-Apple-converted-space\">\u00a0<\/span>Con profonda emozione, Giuliana Cavalet ha ringraziato tutti per la bella collaborazione e l\u2019atmosfera lavorativa negli uffici comunali. \u00abUn clima positivo consente di raggiungere obiettivi e risultati in piena sintonia. Questo momento mi permette di salutare e di ringraziare le colleghe e i colleghi, il sindaco e l\u2019amministrazione per questi anni di lavoro insieme\u00bb.<\/p>\n<p>&nbsp;<\/p>\n<p>&nbsp;<\/p>\n<hr \/>\n<p>&nbsp;<\/p>\n<blockquote>\n<h3>DOMANI IL CONSIGLIO COMUNALE A FALCADE<\/h3>\n<\/blockquote>\n<p><strong>FALCADE<\/strong> Il sindaco di Falcade Mauro Salvaterra ha convocato il consiglio comunale per domani alle 20. Otto i punti da discutere nella seduta in programma nella sala consigliare del Municipio. Tra questi si parler\u00e0 del comitato unico di garanzia per le pari opportunit\u00e0, dell&#8217;approvazione delle aliquote IMU, una nota di aggiornamento al DUP, il bilancio di previsione 2023-2025 e un mutamento temporaneo di destinazione dei terreni di uso civico in localit\u00e0 &#8220;Zingari Bassi&#8221; per la costruzione di un cavidotto<\/p>\n<p>&nbsp;<\/p>\n<p>&nbsp;<\/p>\n<hr \/>\n<p>&nbsp;<\/p>\n<blockquote>\n<h3>SONO 9 I PUNTI NEL CONSIGLIO COMUNALE DI SAN TOMASO<\/h3>\n<\/blockquote>\n<p><strong>SAN TOMASO<\/strong> Il sindaco di San Tomaso Moreno De Val ha convocato il consiglio comunale per venerd\u00ec alle 19 nella sala consigliare del Municipio. I consiglieri sono chiamati a trattare 9 punti all&#8217;ordine del giorno. Si parler\u00e0 della convenzione con l&#8217;Unione Montana Agordina per il comitato delle pari opportunit\u00e0, delle modifiche allo statuto di Asca, l&#8217;approvazione del regolamento comunale per le attivit\u00e0 di acconciatore &#8211; estetista, tatuaggi e piercing, la verifica delle aree fabbricabili, imposta IMU, l&#8217;approvazione del DUP e del regolamento comunale per l&#8217;uso dell&#8217;Arena 1082.<\/p>\n<p>&nbsp;<\/p>\n<p>&nbsp;<\/p>\n<hr \/>\n<p>&nbsp;<\/p>\n<blockquote>\n<h3>A COLLE SANTA LUCIA IL CONSIGLIO COMUNALE<\/h3>\n<\/blockquote>\n<p><strong>COLLE SANTA LUCIA<\/strong> \u00c8 in programma per sabato 11 marzo alle 7 il consiglio comunale di Colle Santa Lucia. Il sindaco Paolo Frena ha chiamato a rapporto i consiglieri comunali per trattare 12 punti tra cui la relazione dell&#8217;Istitut Cultural Ladin Cesa de Jan, Euregio, Associazione Turistica e Gruppo Miniere. La convenzione con l&#8217;Unione Montana Agordina per il comitato delle pari opportunit\u00e0, una variazione a bilancio, approvazione e bilancio di ASCA e il regolamento comunale di polizia mortuaria e cimiteriale.<\/p>\n<p>&nbsp;<\/p>\n<p>&nbsp;<\/p>\n<hr \/>\n<p>&nbsp;<\/p>\n<blockquote>\n<h3>UN CONCORSO PUBBLICO PER ASSUMERE 140 COMISSARI DELLA CARRIERA DEI FUNZIONARI DELLA POLIZIA DI STATO<\/h3>\n<\/blockquote>\n<p><strong><a class=\"dt-pswp-item\" href=\"https:\/\/www.radiopiu.net\/wordpress\/wp-content\/uploads\/2022\/05\/POLIZIA-2.jpg\" data-dt-img-description=\"\" data-large_image_width=\"1920\" data-large_image_height=\"1080\"><img loading=\"lazy\" decoding=\"async\" class=\" wp-image-278033 alignleft\" src=\"https:\/\/www.radiopiu.net\/wordpress\/wp-content\/uploads\/2022\/05\/POLIZIA-2-300x169.jpg\" alt=\"\" width=\"170\" height=\"96\" srcset=\"https:\/\/www.radiopiu.net\/wordpress\/wp-content\/uploads\/2022\/05\/POLIZIA-2-300x169.jpg 300w, https:\/\/www.radiopiu.net\/wordpress\/wp-content\/uploads\/2022\/05\/POLIZIA-2-1024x576.jpg 1024w, https:\/\/www.radiopiu.net\/wordpress\/wp-content\/uploads\/2022\/05\/POLIZIA-2-768x432.jpg 768w, https:\/\/www.radiopiu.net\/wordpress\/wp-content\/uploads\/2022\/05\/POLIZIA-2-1536x864.jpg 1536w, https:\/\/www.radiopiu.net\/wordpress\/wp-content\/uploads\/2022\/05\/POLIZIA-2.jpg 1920w\" sizes=\"auto, (max-width: 170px) 100vw, 170px\" \/><\/a>BELLUNO <\/strong>Sul Portale Unico del reclutamento, disponibile all\u2019indirizzo <a href=\"http:\/\/www.inpa.gov.it\">www.inpa.gov.it<\/a> nonch\u00e9 sul sito <a href=\"http:\/\/www.poliziadistato.it\">www.poliziadistato.it<\/a>, \u00e8 stato pubblicato il bando di concorso pubblico, per titoli ed esami, per l\u2019assunzione di 140 commissari della carriera dei funzionari della Polizia di Stato, indetto con decreto del 16 febbraio 2023. La domanda di partecipazione al concorso potr\u00e0 essere presentata, \u00a0dalle \u00a0ore \u00a000.00 del 18 febbraio 2023 alle ore 23.59 del 20 marzo 2023, sia tramite il Portale unico di reclutamento che mediante la procedura informatica disponibile all\u2019indirizzo <a href=\"https:\/\/concorsionline.poliziadistato.it\">https:\/\/concorsionline.poliziadistato.it<\/a> (cliccando sull\u2019icona \u201cConcorso pubblico\u201d).<\/p>\n<p>&nbsp;<\/p>\n<p>&nbsp;<\/p>\n<hr \/>\n<p>&nbsp;<\/p>\n<blockquote>\n<h3>PIETRO POLLAZZON E LA FESTA PER I 100 ANNI<\/h3>\n<\/blockquote>\n<div style=\"width: 848px;\" class=\"wp-video\"><video class=\"wp-video-shortcode\" id=\"video-324927-1\" width=\"848\" height=\"480\" preload=\"metadata\" controls=\"controls\"><source type=\"video\/mp4\" src=\"https:\/\/www.radiopiu.net\/wordpress\/wp-content\/uploads\/2023\/03\/WhatsApp-Video-2023-03-05-at-11.57.43.mp4?_=1\" \/><a href=\"https:\/\/www.radiopiu.net\/wordpress\/wp-content\/uploads\/2023\/03\/WhatsApp-Video-2023-03-05-at-11.57.43.mp4\">https:\/\/www.radiopiu.net\/wordpress\/wp-content\/uploads\/2023\/03\/WhatsApp-Video-2023-03-05-at-11.57.43.mp4<\/a><\/video><\/div>\n<p><strong>DI MARCO GAZ<\/strong><\/p>\n<p><strong>VOLTAGO\u00a0<\/strong>Un paese intero per festeggiare i 100 anni di Pietro Pollazzon. Una sala &#8220;De Col&#8221; gremita di gente ha salutato il festeggiato al suo arrivo in sala. Il sindaco di Voltago Giuseppe Schena ha voluto fare gli omaggi di casa con il saluto iniziale e l&#8217;amministrazione comunale ha pensato a delle slide per raccontare la storia di Pietro. Parole di affetto sono arrivate anche dai presenti in sala e naturalmente dai famigliari prima di iniziare la festa vera e propria.<\/p>\n<p>&nbsp;<\/p>\n\n\t\t\t<style type='text\/css'>\n\t\t\t\t#gallery-3 {\n\t\t\t\t\tmargin: auto;\n\t\t\t\t}\n\t\t\t\t#gallery-3 .gallery-item {\n\t\t\t\t\tfloat: left;\n\t\t\t\t\tmargin-top: 10px;\n\t\t\t\t\ttext-align: center;\n\t\t\t\t\twidth: 25%;\n\t\t\t\t}\n\t\t\t\t#gallery-3 img {\n\t\t\t\t\tborder: 2px solid #cfcfcf;\n\t\t\t\t}\n\t\t\t\t#gallery-3 .gallery-caption {\n\t\t\t\t\tmargin-left: 0;\n\t\t\t\t}\n\t\t\t\t\/* see gallery_shortcode() in wp-includes\/media.php *\/\n\t\t\t<\/style>\n\t\t<div id='gallery-3' class='dt-gallery-container gallery galleryid-324927 gallery-columns-4 gallery-size-thumbnail'><dl class='gallery-item'>\n\t\t\t\t<dt class='gallery-icon landscape'>\n\t\t\t\t\t<a class=\"rollover rollover-zoom dt-pswp-item\" title=\"f90f2a15-04dd-473d-ae8e-990e7fd8dc47\" data-dt-img-description=\"\" data-large_image_width=\"1024\" data-large_image_height=\"768\"href='https:\/\/www.radiopiu.net\/wordpress\/wp-content\/uploads\/2023\/03\/f90f2a15-04dd-473d-ae8e-990e7fd8dc47.jpg'><img loading=\"lazy\" decoding=\"async\" width=\"150\" height=\"150\" src=\"https:\/\/www.radiopiu.net\/wordpress\/wp-content\/uploads\/2023\/03\/f90f2a15-04dd-473d-ae8e-990e7fd8dc47-150x150.jpg\" class=\"attachment-thumbnail size-thumbnail\" alt=\"\" \/><\/a>\n\t\t\t\t<\/dt><\/dl><dl class='gallery-item'>\n\t\t\t\t<dt class='gallery-icon landscape'>\n\t\t\t\t\t<a class=\"rollover rollover-zoom dt-pswp-item\" title=\"111e4d75-8ad0-4580-94b8-1dbdbe62f270\" data-dt-img-description=\"\" data-large_image_width=\"1024\" data-large_image_height=\"768\"href='https:\/\/www.radiopiu.net\/wordpress\/wp-content\/uploads\/2023\/03\/111e4d75-8ad0-4580-94b8-1dbdbe62f270.jpg'><img loading=\"lazy\" decoding=\"async\" width=\"150\" height=\"150\" src=\"https:\/\/www.radiopiu.net\/wordpress\/wp-content\/uploads\/2023\/03\/111e4d75-8ad0-4580-94b8-1dbdbe62f270-150x150.jpg\" class=\"attachment-thumbnail size-thumbnail\" alt=\"\" \/><\/a>\n\t\t\t\t<\/dt><\/dl><dl class='gallery-item'>\n\t\t\t\t<dt class='gallery-icon landscape'>\n\t\t\t\t\t<a class=\"rollover rollover-zoom dt-pswp-item\" title=\"87d04627-48cd-4354-a97f-27168ee194ae\" data-dt-img-description=\"\" data-large_image_width=\"1024\" data-large_image_height=\"768\"href='https:\/\/www.radiopiu.net\/wordpress\/wp-content\/uploads\/2023\/03\/87d04627-48cd-4354-a97f-27168ee194ae.jpg'><img loading=\"lazy\" decoding=\"async\" width=\"150\" height=\"150\" src=\"https:\/\/www.radiopiu.net\/wordpress\/wp-content\/uploads\/2023\/03\/87d04627-48cd-4354-a97f-27168ee194ae-150x150.jpg\" class=\"attachment-thumbnail size-thumbnail\" alt=\"\" \/><\/a>\n\t\t\t\t<\/dt><\/dl><dl class='gallery-item'>\n\t\t\t\t<dt class='gallery-icon landscape'>\n\t\t\t\t\t<a class=\"rollover rollover-zoom dt-pswp-item\" title=\"142608df-3728-4af1-a00e-03ba234f78a6\" data-dt-img-description=\"\" data-large_image_width=\"1024\" data-large_image_height=\"768\"href='https:\/\/www.radiopiu.net\/wordpress\/wp-content\/uploads\/2023\/03\/142608df-3728-4af1-a00e-03ba234f78a6.jpg'><img loading=\"lazy\" decoding=\"async\" width=\"150\" height=\"150\" src=\"https:\/\/www.radiopiu.net\/wordpress\/wp-content\/uploads\/2023\/03\/142608df-3728-4af1-a00e-03ba234f78a6-150x150.jpg\" class=\"attachment-thumbnail size-thumbnail\" alt=\"\" \/><\/a>\n\t\t\t\t<\/dt><\/dl><br style=\"clear: both\" \/>\n\t\t\t<\/div>\n\n<p>&nbsp;<\/p>\n<p><strong>LA DIRETTA RADIO PIU\u2019<\/strong><\/p>\n<p>https:\/\/www.facebook.com\/marco.baghy.1\/videos\/920384909146824\/?<\/p>\n<p>&nbsp;<\/p>\n<p><strong>DI MARIO DE MARCO<\/strong><\/p>\n<p>Il nostro mitico Piero compie 100 anni oggi grande festa a Voltago.. Qui in un intenso primo piano<\/p>\n\n\t\t\t<style type='text\/css'>\n\t\t\t\t#gallery-4 {\n\t\t\t\t\tmargin: auto;\n\t\t\t\t}\n\t\t\t\t#gallery-4 .gallery-item {\n\t\t\t\t\tfloat: left;\n\t\t\t\t\tmargin-top: 10px;\n\t\t\t\t\ttext-align: center;\n\t\t\t\t\twidth: 100%;\n\t\t\t\t}\n\t\t\t\t#gallery-4 img {\n\t\t\t\t\tborder: 2px solid #cfcfcf;\n\t\t\t\t}\n\t\t\t\t#gallery-4 .gallery-caption {\n\t\t\t\t\tmargin-left: 0;\n\t\t\t\t}\n\t\t\t\t\/* see gallery_shortcode() in wp-includes\/media.php *\/\n\t\t\t<\/style>\n\t\t<div id='gallery-4' class='dt-gallery-container gallery galleryid-324927 gallery-columns-1 gallery-size-full'><dl class='gallery-item'>\n\t\t\t\t<dt class='gallery-icon portrait'>\n\t\t\t\t\t<a class=\"rollover rollover-zoom dt-pswp-item\" title=\"e9762898-42d8-4c36-a8b2-f677d94f2393\" data-dt-img-description=\"\" data-large_image_width=\"783\" data-large_image_height=\"806\"href='https:\/\/www.radiopiu.net\/wordpress\/wp-content\/uploads\/2023\/03\/e9762898-42d8-4c36-a8b2-f677d94f2393.jpg'><img loading=\"lazy\" decoding=\"async\" width=\"783\" height=\"806\" src=\"https:\/\/www.radiopiu.net\/wordpress\/wp-content\/uploads\/2023\/03\/e9762898-42d8-4c36-a8b2-f677d94f2393.jpg\" class=\"attachment-full size-full\" alt=\"\" srcset=\"https:\/\/www.radiopiu.net\/wordpress\/wp-content\/uploads\/2023\/03\/e9762898-42d8-4c36-a8b2-f677d94f2393.jpg 783w, https:\/\/www.radiopiu.net\/wordpress\/wp-content\/uploads\/2023\/03\/e9762898-42d8-4c36-a8b2-f677d94f2393-291x300.jpg 291w, https:\/\/www.radiopiu.net\/wordpress\/wp-content\/uploads\/2023\/03\/e9762898-42d8-4c36-a8b2-f677d94f2393-768x791.jpg 768w\" sizes=\"auto, (max-width: 783px) 100vw, 783px\" \/><\/a>\n\t\t\t\t<\/dt><\/dl><br style=\"clear: both\" \/>\n\t\t\t<\/div>\n\n<p>&nbsp;<\/p>\n<p>&nbsp;<\/p>\n<p>&nbsp;<\/p>\n<p><strong>FOTO DUILIO DA CAMPO<\/strong><\/p>\n\n\t\t\t<style type='text\/css'>\n\t\t\t\t#gallery-5 {\n\t\t\t\t\tmargin: auto;\n\t\t\t\t}\n\t\t\t\t#gallery-5 .gallery-item {\n\t\t\t\t\tfloat: left;\n\t\t\t\t\tmargin-top: 10px;\n\t\t\t\t\ttext-align: center;\n\t\t\t\t\twidth: 20%;\n\t\t\t\t}\n\t\t\t\t#gallery-5 img {\n\t\t\t\t\tborder: 2px solid #cfcfcf;\n\t\t\t\t}\n\t\t\t\t#gallery-5 .gallery-caption {\n\t\t\t\t\tmargin-left: 0;\n\t\t\t\t}\n\t\t\t\t\/* see gallery_shortcode() in wp-includes\/media.php *\/\n\t\t\t<\/style>\n\t\t<div id='gallery-5' class='dt-gallery-container gallery galleryid-324927 gallery-columns-5 gallery-size-thumbnail'><dl class='gallery-item'>\n\t\t\t\t<dt class='gallery-icon portrait'>\n\t\t\t\t\t<a class=\"rollover rollover-zoom dt-pswp-item\" title=\"96503765-67cf-4fea-b27e-6f8ad5b046e1\" data-dt-img-description=\"\" data-large_image_width=\"1500\" data-large_image_height=\"2000\"href='https:\/\/www.radiopiu.net\/wordpress\/wp-content\/uploads\/2023\/03\/96503765-67cf-4fea-b27e-6f8ad5b046e1.jpg'><img loading=\"lazy\" decoding=\"async\" width=\"150\" height=\"150\" src=\"https:\/\/www.radiopiu.net\/wordpress\/wp-content\/uploads\/2023\/03\/96503765-67cf-4fea-b27e-6f8ad5b046e1-150x150.jpg\" class=\"attachment-thumbnail size-thumbnail\" alt=\"\" \/><\/a>\n\t\t\t\t<\/dt><\/dl><dl class='gallery-item'>\n\t\t\t\t<dt class='gallery-icon landscape'>\n\t\t\t\t\t<a class=\"rollover rollover-zoom dt-pswp-item\" title=\"8a0cb140-9f7d-4243-9f69-174da10e79f3\" data-dt-img-description=\"\" data-large_image_width=\"2000\" data-large_image_height=\"1500\"href='https:\/\/www.radiopiu.net\/wordpress\/wp-content\/uploads\/2023\/03\/8a0cb140-9f7d-4243-9f69-174da10e79f3.jpg'><img loading=\"lazy\" decoding=\"async\" width=\"150\" height=\"150\" src=\"https:\/\/www.radiopiu.net\/wordpress\/wp-content\/uploads\/2023\/03\/8a0cb140-9f7d-4243-9f69-174da10e79f3-150x150.jpg\" class=\"attachment-thumbnail size-thumbnail\" alt=\"\" \/><\/a>\n\t\t\t\t<\/dt><\/dl><dl class='gallery-item'>\n\t\t\t\t<dt class='gallery-icon landscape'>\n\t\t\t\t\t<a class=\"rollover rollover-zoom dt-pswp-item\" title=\"3a0f0a58-5018-453b-84ba-4289bbce98d4\" data-dt-img-description=\"\" data-large_image_width=\"2000\" data-large_image_height=\"1500\"href='https:\/\/www.radiopiu.net\/wordpress\/wp-content\/uploads\/2023\/03\/3a0f0a58-5018-453b-84ba-4289bbce98d4.jpg'><img loading=\"lazy\" decoding=\"async\" width=\"150\" height=\"150\" src=\"https:\/\/www.radiopiu.net\/wordpress\/wp-content\/uploads\/2023\/03\/3a0f0a58-5018-453b-84ba-4289bbce98d4-150x150.jpg\" class=\"attachment-thumbnail size-thumbnail\" alt=\"\" \/><\/a>\n\t\t\t\t<\/dt><\/dl><dl class='gallery-item'>\n\t\t\t\t<dt class='gallery-icon landscape'>\n\t\t\t\t\t<a class=\"rollover rollover-zoom dt-pswp-item\" title=\"0a85f688-343f-4816-af5e-33670ac86a4f\" data-dt-img-description=\"\" data-large_image_width=\"2000\" data-large_image_height=\"1500\"href='https:\/\/www.radiopiu.net\/wordpress\/wp-content\/uploads\/2023\/03\/0a85f688-343f-4816-af5e-33670ac86a4f.jpg'><img loading=\"lazy\" decoding=\"async\" width=\"150\" height=\"150\" src=\"https:\/\/www.radiopiu.net\/wordpress\/wp-content\/uploads\/2023\/03\/0a85f688-343f-4816-af5e-33670ac86a4f-150x150.jpg\" class=\"attachment-thumbnail size-thumbnail\" alt=\"\" \/><\/a>\n\t\t\t\t<\/dt><\/dl><dl class='gallery-item'>\n\t\t\t\t<dt class='gallery-icon landscape'>\n\t\t\t\t\t<a class=\"rollover rollover-zoom dt-pswp-item\" title=\"f82df378-5bb6-4d16-91eb-f20ba0383973\" data-dt-img-description=\"\" data-large_image_width=\"2000\" data-large_image_height=\"1500\"href='https:\/\/www.radiopiu.net\/wordpress\/wp-content\/uploads\/2023\/03\/f82df378-5bb6-4d16-91eb-f20ba0383973.jpg'><img loading=\"lazy\" decoding=\"async\" width=\"150\" height=\"150\" src=\"https:\/\/www.radiopiu.net\/wordpress\/wp-content\/uploads\/2023\/03\/f82df378-5bb6-4d16-91eb-f20ba0383973-150x150.jpg\" class=\"attachment-thumbnail size-thumbnail\" alt=\"\" \/><\/a>\n\t\t\t\t<\/dt><\/dl><br style=\"clear: both\" \/><dl class='gallery-item'>\n\t\t\t\t<dt class='gallery-icon landscape'>\n\t\t\t\t\t<a class=\"rollover rollover-zoom dt-pswp-item\" title=\"a031a56b-fc5b-4600-a561-4f51bfbaab39\" data-dt-img-description=\"\" data-large_image_width=\"2000\" data-large_image_height=\"1500\"href='https:\/\/www.radiopiu.net\/wordpress\/wp-content\/uploads\/2023\/03\/a031a56b-fc5b-4600-a561-4f51bfbaab39.jpg'><img loading=\"lazy\" decoding=\"async\" width=\"150\" height=\"150\" src=\"https:\/\/www.radiopiu.net\/wordpress\/wp-content\/uploads\/2023\/03\/a031a56b-fc5b-4600-a561-4f51bfbaab39-150x150.jpg\" class=\"attachment-thumbnail size-thumbnail\" alt=\"\" \/><\/a>\n\t\t\t\t<\/dt><\/dl><dl class='gallery-item'>\n\t\t\t\t<dt class='gallery-icon landscape'>\n\t\t\t\t\t<a class=\"rollover rollover-zoom dt-pswp-item\" title=\"6eb27161-f32c-4025-990c-a6bd9fe558b7\" data-dt-img-description=\"\" data-large_image_width=\"2000\" data-large_image_height=\"1500\"href='https:\/\/www.radiopiu.net\/wordpress\/wp-content\/uploads\/2023\/03\/6eb27161-f32c-4025-990c-a6bd9fe558b7.jpg'><img loading=\"lazy\" decoding=\"async\" width=\"150\" height=\"150\" src=\"https:\/\/www.radiopiu.net\/wordpress\/wp-content\/uploads\/2023\/03\/6eb27161-f32c-4025-990c-a6bd9fe558b7-150x150.jpg\" class=\"attachment-thumbnail size-thumbnail\" alt=\"\" \/><\/a>\n\t\t\t\t<\/dt><\/dl><dl class='gallery-item'>\n\t\t\t\t<dt class='gallery-icon landscape'>\n\t\t\t\t\t<a class=\"rollover rollover-zoom dt-pswp-item\" title=\"f7d700c8-c270-4261-915c-df35453a2afd\" data-dt-img-description=\"\" data-large_image_width=\"2000\" data-large_image_height=\"1500\"href='https:\/\/www.radiopiu.net\/wordpress\/wp-content\/uploads\/2023\/03\/f7d700c8-c270-4261-915c-df35453a2afd.jpg'><img loading=\"lazy\" decoding=\"async\" width=\"150\" height=\"150\" src=\"https:\/\/www.radiopiu.net\/wordpress\/wp-content\/uploads\/2023\/03\/f7d700c8-c270-4261-915c-df35453a2afd-150x150.jpg\" class=\"attachment-thumbnail size-thumbnail\" alt=\"\" \/><\/a>\n\t\t\t\t<\/dt><\/dl><dl class='gallery-item'>\n\t\t\t\t<dt class='gallery-icon landscape'>\n\t\t\t\t\t<a class=\"rollover rollover-zoom dt-pswp-item\" title=\"3498cf17-b825-478a-8db0-9f2cdc5baa0d\" data-dt-img-description=\"\" data-large_image_width=\"2000\" data-large_image_height=\"1500\"href='https:\/\/www.radiopiu.net\/wordpress\/wp-content\/uploads\/2023\/03\/3498cf17-b825-478a-8db0-9f2cdc5baa0d.jpg'><img loading=\"lazy\" decoding=\"async\" width=\"150\" height=\"150\" src=\"https:\/\/www.radiopiu.net\/wordpress\/wp-content\/uploads\/2023\/03\/3498cf17-b825-478a-8db0-9f2cdc5baa0d-150x150.jpg\" class=\"attachment-thumbnail size-thumbnail\" alt=\"\" \/><\/a>\n\t\t\t\t<\/dt><\/dl><dl class='gallery-item'>\n\t\t\t\t<dt class='gallery-icon portrait'>\n\t\t\t\t\t<a class=\"rollover rollover-zoom dt-pswp-item\" title=\"368be1d3-1524-4f35-aace-fb4595a66579\" data-dt-img-description=\"\" data-large_image_width=\"1536\" data-large_image_height=\"2048\"href='https:\/\/www.radiopiu.net\/wordpress\/wp-content\/uploads\/2023\/03\/368be1d3-1524-4f35-aace-fb4595a66579.jpg'><img loading=\"lazy\" decoding=\"async\" width=\"150\" height=\"150\" src=\"https:\/\/www.radiopiu.net\/wordpress\/wp-content\/uploads\/2023\/03\/368be1d3-1524-4f35-aace-fb4595a66579-150x150.jpg\" class=\"attachment-thumbnail size-thumbnail\" alt=\"\" \/><\/a>\n\t\t\t\t<\/dt><\/dl><br style=\"clear: both\" \/>\n\t\t\t<\/div>\n\n<p>&nbsp;<\/p>\n<p><strong>VIDEO DUILIO DA CAMPO<\/strong><\/p>\n<div style=\"width: 640px;\" class=\"wp-video\"><video class=\"wp-video-shortcode\" id=\"video-324927-2\" width=\"640\" height=\"304\" preload=\"metadata\" controls=\"controls\"><source type=\"video\/mp4\" src=\"https:\/\/www.radiopiu.net\/wordpress\/wp-content\/uploads\/2023\/03\/WhatsApp-Video-2023-03-05-at-11.38.51.mp4?_=2\" \/><a href=\"https:\/\/www.radiopiu.net\/wordpress\/wp-content\/uploads\/2023\/03\/WhatsApp-Video-2023-03-05-at-11.38.51.mp4\">https:\/\/www.radiopiu.net\/wordpress\/wp-content\/uploads\/2023\/03\/WhatsApp-Video-2023-03-05-at-11.38.51.mp4<\/a><\/video><\/div>\n<div style=\"width: 640px;\" class=\"wp-video\"><video class=\"wp-video-shortcode\" id=\"video-324927-3\" width=\"640\" height=\"304\" preload=\"metadata\" controls=\"controls\"><source type=\"video\/mp4\" src=\"https:\/\/www.radiopiu.net\/wordpress\/wp-content\/uploads\/2023\/03\/WhatsApp-Video-2023-03-05-at-11.38.52.mp4?_=3\" \/><a href=\"https:\/\/www.radiopiu.net\/wordpress\/wp-content\/uploads\/2023\/03\/WhatsApp-Video-2023-03-05-at-11.38.52.mp4\">https:\/\/www.radiopiu.net\/wordpress\/wp-content\/uploads\/2023\/03\/WhatsApp-Video-2023-03-05-at-11.38.52.mp4<\/a><\/video><\/div>\n<div style=\"width: 640px;\" class=\"wp-video\"><video class=\"wp-video-shortcode\" id=\"video-324927-4\" width=\"640\" height=\"304\" preload=\"metadata\" controls=\"controls\"><source type=\"video\/mp4\" src=\"https:\/\/www.radiopiu.net\/wordpress\/wp-content\/uploads\/2023\/03\/WhatsApp-Video-2023-03-05-at-11.38.52-1.mp4?_=4\" \/><a href=\"https:\/\/www.radiopiu.net\/wordpress\/wp-content\/uploads\/2023\/03\/WhatsApp-Video-2023-03-05-at-11.38.52-1.mp4\">https:\/\/www.radiopiu.net\/wordpress\/wp-content\/uploads\/2023\/03\/WhatsApp-Video-2023-03-05-at-11.38.52-1.mp4<\/a><\/video><\/div>\n<div style=\"width: 640px;\" class=\"wp-video\"><video class=\"wp-video-shortcode\" id=\"video-324927-5\" width=\"640\" height=\"304\" preload=\"metadata\" controls=\"controls\"><source type=\"video\/mp4\" src=\"https:\/\/www.radiopiu.net\/wordpress\/wp-content\/uploads\/2023\/03\/WhatsApp-Video-2023-03-05-at-11.38.19-1.mp4?_=5\" \/><a href=\"https:\/\/www.radiopiu.net\/wordpress\/wp-content\/uploads\/2023\/03\/WhatsApp-Video-2023-03-05-at-11.38.19-1.mp4\">https:\/\/www.radiopiu.net\/wordpress\/wp-content\/uploads\/2023\/03\/WhatsApp-Video-2023-03-05-at-11.38.19-1.mp4<\/a><\/video><\/div>\n<p>&nbsp;<\/p>\n<p>&nbsp;<\/p>\n<hr \/>\n<p>&nbsp;<\/p>\n<blockquote>\n<h3>L&#8217;ADA DANZA IN TRASFERTA A BERGAMO<\/h3>\n<\/blockquote>\n<p><strong>AGORDO<\/strong> Trasferta in terra lombarda per l&#8217;Associazione Danza Agordina che nelle ultime ore ha fatto tappa a Bergamo. Una citt\u00e0 simbolo della pandemia Covid-19.<\/p>\n<p><strong>A Bergamo per l&#8217;amicizia e per la gioia di ricominciare<\/strong><\/p>\n\n\t\t\t<style type='text\/css'>\n\t\t\t\t#gallery-6 {\n\t\t\t\t\tmargin: auto;\n\t\t\t\t}\n\t\t\t\t#gallery-6 .gallery-item {\n\t\t\t\t\tfloat: left;\n\t\t\t\t\tmargin-top: 10px;\n\t\t\t\t\ttext-align: center;\n\t\t\t\t\twidth: 50%;\n\t\t\t\t}\n\t\t\t\t#gallery-6 img {\n\t\t\t\t\tborder: 2px solid #cfcfcf;\n\t\t\t\t}\n\t\t\t\t#gallery-6 .gallery-caption {\n\t\t\t\t\tmargin-left: 0;\n\t\t\t\t}\n\t\t\t\t\/* see gallery_shortcode() in wp-includes\/media.php *\/\n\t\t\t<\/style>\n\t\t<div id='gallery-6' class='dt-gallery-container gallery galleryid-324927 gallery-columns-2 gallery-size-medium'><dl class='gallery-item'>\n\t\t\t\t<dt class='gallery-icon landscape'>\n\t\t\t\t\t<a class=\"rollover rollover-zoom dt-pswp-item\" title=\"61d0473c-37fb-4393-a2ae-b280db65f38f\" data-dt-img-description=\"\" data-large_image_width=\"2048\" data-large_image_height=\"1536\"href='https:\/\/www.radiopiu.net\/wordpress\/wp-content\/uploads\/2023\/03\/61d0473c-37fb-4393-a2ae-b280db65f38f.jpg'><img loading=\"lazy\" decoding=\"async\" width=\"300\" height=\"225\" src=\"https:\/\/www.radiopiu.net\/wordpress\/wp-content\/uploads\/2023\/03\/61d0473c-37fb-4393-a2ae-b280db65f38f-300x225.jpg\" class=\"attachment-medium size-medium\" alt=\"\" srcset=\"https:\/\/www.radiopiu.net\/wordpress\/wp-content\/uploads\/2023\/03\/61d0473c-37fb-4393-a2ae-b280db65f38f-300x225.jpg 300w, https:\/\/www.radiopiu.net\/wordpress\/wp-content\/uploads\/2023\/03\/61d0473c-37fb-4393-a2ae-b280db65f38f-1024x768.jpg 1024w, https:\/\/www.radiopiu.net\/wordpress\/wp-content\/uploads\/2023\/03\/61d0473c-37fb-4393-a2ae-b280db65f38f-768x576.jpg 768w, https:\/\/www.radiopiu.net\/wordpress\/wp-content\/uploads\/2023\/03\/61d0473c-37fb-4393-a2ae-b280db65f38f-1536x1152.jpg 1536w, https:\/\/www.radiopiu.net\/wordpress\/wp-content\/uploads\/2023\/03\/61d0473c-37fb-4393-a2ae-b280db65f38f.jpg 2048w\" sizes=\"auto, (max-width: 300px) 100vw, 300px\" \/><\/a>\n\t\t\t\t<\/dt><\/dl><dl class='gallery-item'>\n\t\t\t\t<dt class='gallery-icon landscape'>\n\t\t\t\t\t<a class=\"rollover rollover-zoom dt-pswp-item\" title=\"1c67d85b-f69a-41c1-92a4-884bc20c0c04\" data-dt-img-description=\"\" data-large_image_width=\"1024\" data-large_image_height=\"768\"href='https:\/\/www.radiopiu.net\/wordpress\/wp-content\/uploads\/2023\/03\/1c67d85b-f69a-41c1-92a4-884bc20c0c04.jpg'><img loading=\"lazy\" decoding=\"async\" width=\"300\" height=\"225\" src=\"https:\/\/www.radiopiu.net\/wordpress\/wp-content\/uploads\/2023\/03\/1c67d85b-f69a-41c1-92a4-884bc20c0c04-300x225.jpg\" class=\"attachment-medium size-medium\" alt=\"\" srcset=\"https:\/\/www.radiopiu.net\/wordpress\/wp-content\/uploads\/2023\/03\/1c67d85b-f69a-41c1-92a4-884bc20c0c04-300x225.jpg 300w, https:\/\/www.radiopiu.net\/wordpress\/wp-content\/uploads\/2023\/03\/1c67d85b-f69a-41c1-92a4-884bc20c0c04-768x576.jpg 768w, https:\/\/www.radiopiu.net\/wordpress\/wp-content\/uploads\/2023\/03\/1c67d85b-f69a-41c1-92a4-884bc20c0c04.jpg 1024w\" sizes=\"auto, (max-width: 300px) 100vw, 300px\" \/><\/a>\n\t\t\t\t<\/dt><\/dl><br style=\"clear: both\" \/>\n\t\t\t<\/div>\n\n<p>&nbsp;<\/p>\n<hr \/>\n<p>&nbsp;<\/p>\n<blockquote>\n<h3 class=\"entry-title\">BANCHE: CROLLATI I PRESTITI ALLE PARTITE IVA. SOPRATTUTTO A NORDEST<\/h3>\n<\/blockquote>\n<p class=\"photoswipe-wrapper\"><a class=\"dt-pswp-item pspw-wrap-ready\" href=\"https:\/\/www.radiopiu.net\/wordpress\/wp-content\/uploads\/2023\/03\/Schermata-2023-03-04-alle-08.52.18.png\" data-dt-img-description=\"\" data-large_image_width=\"1098\" data-large_image_height=\"1450\"><img loading=\"lazy\" decoding=\"async\" class=\"alignleft size-medium wp-image-324919\" src=\"https:\/\/www.radiopiu.net\/wordpress\/wp-content\/uploads\/2023\/03\/Schermata-2023-03-04-alle-08.52.18-227x300.png\" sizes=\"auto, (max-width: 227px) 100vw, 227px\" srcset=\"https:\/\/www.radiopiu.net\/wordpress\/wp-content\/uploads\/2023\/03\/Schermata-2023-03-04-alle-08.52.18-227x300.png 227w, https:\/\/www.radiopiu.net\/wordpress\/wp-content\/uploads\/2023\/03\/Schermata-2023-03-04-alle-08.52.18-775x1024.png 775w, https:\/\/www.radiopiu.net\/wordpress\/wp-content\/uploads\/2023\/03\/Schermata-2023-03-04-alle-08.52.18-768x1014.png 768w, https:\/\/www.radiopiu.net\/wordpress\/wp-content\/uploads\/2023\/03\/Schermata-2023-03-04-alle-08.52.18.png 1098w\" alt=\"\" width=\"227\" height=\"300\" \/><\/a>Continuano a diminuire i prestiti bancari anche alle piccole e micro imprese venete. Tra il 2021 e il 2022 gli impieghi vivi alle aziende con meno di 20 addetti sono scesi di 821,2 milioni di euro (-6,2 per cento). Lo stock complessivo dei prestiti erogati a questo segmento di aziende \u00e8 passato da 13,1 a 12,3 miliardi di euro. Stiamo parlando della liquidit\u00e0 somministrata dagli istituti di credito alle imprese di piccolissima dimensione. Una platea di micro imprenditori costituita in massima parte da esercenti, piccoli commercianti, artigiani e lavoratori autonomi. L\u2019elaborazione \u00e8 stata realizzata dall\u2019Ufficio studi della CGIA.<\/p>\n<p><strong>Con meno prestiti, anche le banche pagheranno il conto<\/strong><br \/>\nE\u2019 un problema non di poco conto. Queste micro realt\u00e0, tradizionalmente sottocapitalizzate e a corto di liquidit\u00e0, da tempo non sono pi\u00f9 appetibili commercialmente dal sistema bancario. Pertanto, la stretta creditizia venutasi a creare \u2013 associata all\u2019esplosione del commercio on line, alla storica concorrenza praticata dalla grande distribuzione, al peso delle tasse e dei costi fissi \u2013 ha contribuito a diminuire in misura significativamente preoccupante il numero delle botteghe e dei negozi di prossimit\u00e0 presenti anche in Veneto.\u00a0<strong>Una scia di chiusure iniziata molto tempo fa che, purtroppo, si sta ritorcendo contro le famiglie, che vedono peggiorare la qualit\u00e0 della vita dei luoghi in cui vivono, ma anche contro gli istituti stessi, che hanno perso correntisti e non trascurabili quote di mercato.<\/strong><\/p>\n<p><strong>Cresce il rischio usura<\/strong><br \/>\nTuttavia, sarebbe sbagliato accusare le banche di essersi \u201cdisinteressate\u201d del popolo delle partite Iva.\u00a0<strong>Il mondo del credito, purtroppo, nell\u2019ultimo decennio ha subito molte restrizioni imposte dalla Banca Centrale Europea in materia di prestiti.<\/strong>\u00a0Questi vincoli hanno aumentato enormemente la soglia del merito creditizio, \u201callontanando\u201d tantissimi piccoli imprenditori dai canali ufficiali di approvvigionamento della liquidit\u00e0. E tra questi ultimi, purtroppo, non sono nemmeno pochi quelli \u201ccaduti\u201d nella rete tesa dagli usurai; un fenomeno, quello dello \u201cstrozzinaggio\u201d, molto \u201ccarsico\u201d e sempre pi\u00f9 spesso \u201ccontrollato\u201d dalle organizzazioni criminali di stampo mafioso che, nei momenti di difficolt\u00e0, sono gli unici soggetti che dispongono di ingenti quote di denaro pronte ad essere immesse nel mercato economico.<\/p>\n<p><strong class=\"photoswipe-wrapper\"><a class=\"dt-pswp-item pspw-wrap-ready\" href=\"https:\/\/www.radiopiu.net\/wordpress\/wp-content\/uploads\/2023\/03\/Schermata-2023-03-04-alle-08.52.35.png\" data-dt-img-description=\"\" data-large_image_width=\"1172\" data-large_image_height=\"648\"><img loading=\"lazy\" decoding=\"async\" class=\"alignleft size-medium wp-image-324918\" src=\"https:\/\/www.radiopiu.net\/wordpress\/wp-content\/uploads\/2023\/03\/Schermata-2023-03-04-alle-08.52.35-300x166.png\" sizes=\"auto, (max-width: 300px) 100vw, 300px\" srcset=\"https:\/\/www.radiopiu.net\/wordpress\/wp-content\/uploads\/2023\/03\/Schermata-2023-03-04-alle-08.52.35-300x166.png 300w, https:\/\/www.radiopiu.net\/wordpress\/wp-content\/uploads\/2023\/03\/Schermata-2023-03-04-alle-08.52.35-1024x566.png 1024w, https:\/\/www.radiopiu.net\/wordpress\/wp-content\/uploads\/2023\/03\/Schermata-2023-03-04-alle-08.52.35-768x425.png 768w, https:\/\/www.radiopiu.net\/wordpress\/wp-content\/uploads\/2023\/03\/Schermata-2023-03-04-alle-08.52.35.png 1172w\" alt=\"\" width=\"300\" height=\"166\" \/><\/a>Il Nordest \u00e8 l\u2019area pi\u00f9 penalizzata dalla stretta<\/strong><br \/>\nSempre tra il 2021 e il 2022, le regioni che hanno subito le contrazioni pi\u00f9 importanti sono state il Veneto con il -6,24 per cento (pari a -821,2 milioni di euro), l\u2019Umbria con il -6,49 per cento (-137,1 milioni), il Friuli Venezia Giulia con il -6,54 per cento (-177,8 milioni) e, in particolar modo, la Liguria con il -7,12 per cento (-214,4 milioni di euro) (vedi Tab. 1). A livello provinciale, invece, la chiusura dei rubinetti del credito ha \u201ccolpito\u201d, soprattutto Savona con il -7,92 per cento (-61,7 milioni di euro), Venezia con il -7,93 per cento (-173,8 milioni) e Sondrio con il -8,32 per cento (-59,8 milioni). Le realt\u00e0 pi\u00f9 colpite sono state due province della Romagna: Forl\u00ec-Cesena che ha visto diminuire il flusso dei prestiti del 9,48 per cento (-135,5 milioni) e Ravenna con il -10,36 per cento (-135,2 milioni). Oltre a Venezia, si sono trovate in grave difficolt\u00e0 anche Padova e Vicenza. Se la prima ha subito una contrazione pari al 7,6 per cento (-204,3 milioni di euro), la seconda ha registrato una \u201cstretta\u201d del 6,73 per cento (-109,5 milioni di euro) (vedi Tab. 2).<\/p>\n<p><strong>Il trend negativo \u00e8 iniziato 10 anni fa. In difficolt\u00e0 Treviso, Padova e, soprattutto, Vicenza<\/strong><br \/>\nIl calo dei prestiti bancari anche alle piccolissime imprese venete \u00e8 comunque un fenomeno che \u00e8 iniziato un decennio fa e si \u00e8 interrotto solo nel biennio 2020-2021. Questa breve inversione di tendenza \u00e8 avvenuta grazie al governo Conte bis che, all\u2019indomani dello scoppio della pandemia, istitu\u00ec un Fondo di garanzia pubblico per promuovere la liquidit\u00e0 alle Pmi colpite dall\u2019emergenza Covid. I dati sono i seguenti: se a settembre 2012 gli impieghi vivi alle imprese con meno di 20 addetti ammontavano a 19,7 miliardi, nello stesso mese del 2022 la quota \u00e8 scesa a 12,6 miliardi. In termini assoluti la caduta in Veneto \u00e8 stata pari a 7 miliardi. In termini percentuali, invece, del -35,7 per cento; addirittura 10 punti in pi\u00f9 della media nazionale. Ovviamente questo \u201ctonfo\u201d \u00e8 ascrivibile, in particolar modo, alla scomparsa delle due grandi banche popolari (Veneto Banca e Popolare di Vicenza) e alle traversie che hanno vissuto alcune banche di credito cooperativo presenti nella nostra regione. A livello provinciale le situazioni di maggiore criticit\u00e0 si sono registrate a Treviso, Padova e Vicenza. In questo ultimo decennio nella Marca la contrazione \u00e8 stata del 37,6 per cento (-1,4 miliardi di euro di prestiti erogati alle piccolissime imprese), nella provincia euganea del 40,6 per cento (-1,7 miliardi di euro), mentre in quella berica addirittura del 43,3 per cento (-1,2 miliardi).<\/p>\n<p>&nbsp;<\/p>\n<p>&nbsp;<\/p>\n<hr \/>\n<p>&nbsp;<\/p>\n<blockquote>\n<h3><a class=\"dt-pswp-item\" href=\"https:\/\/www.radiopiu.net\/wordpress\/wp-content\/uploads\/2023\/03\/la-copertina-del-libro-scaled.jpg\" data-dt-img-description=\"\" data-large_image_width=\"1686\" data-large_image_height=\"2560\"><img loading=\"lazy\" decoding=\"async\" class=\" wp-image-324599 alignleft\" src=\"https:\/\/www.radiopiu.net\/wordpress\/wp-content\/uploads\/2023\/03\/la-copertina-del-libro-198x300.jpg\" alt=\"\" width=\"107\" height=\"162\" srcset=\"https:\/\/www.radiopiu.net\/wordpress\/wp-content\/uploads\/2023\/03\/la-copertina-del-libro-198x300.jpg 198w, https:\/\/www.radiopiu.net\/wordpress\/wp-content\/uploads\/2023\/03\/la-copertina-del-libro-674x1024.jpg 674w, https:\/\/www.radiopiu.net\/wordpress\/wp-content\/uploads\/2023\/03\/la-copertina-del-libro-768x1166.jpg 768w, https:\/\/www.radiopiu.net\/wordpress\/wp-content\/uploads\/2023\/03\/la-copertina-del-libro-1012x1536.jpg 1012w, https:\/\/www.radiopiu.net\/wordpress\/wp-content\/uploads\/2023\/03\/la-copertina-del-libro-1349x2048.jpg 1349w, https:\/\/www.radiopiu.net\/wordpress\/wp-content\/uploads\/2023\/03\/la-copertina-del-libro-scaled.jpg 1686w\" sizes=\"auto, (max-width: 107px) 100vw, 107px\" \/><\/a>PRESENTAZIONE AL PUBBLICO DEL LIBRO DEL CENTENARIO DELLA SEZIONE ALPINI DI FELTRE<\/h3>\n<\/blockquote>\n<p><strong>FELTRE<\/strong> Gioved\u00ec 9 marzo alle 20.30 nella libreria Quattro Sass a Rasai di Seren del Grappa avr\u00e0 luogo un incontro per la presentazione del libro \u201c100 ANNI di Alpini a Feltre 1922-2022\u201d. Il libro, scritto a sei mani, raccoglie il ricordo di un secolo di vita sezionale, in cui date e avvenimenti si alternano in rapida successione, accompagnati dai nomi e dalle immagini dei protagonisti che hanno fatto la storia della famiglia alpina feltrina. Si tratta della testimonianza di cento anni di presenza attiva delle penne nere nella vita di Feltre e dei territori dei 40 Gruppi della Sezione.<\/p>\n<p>&nbsp;<\/p>\n<p>&nbsp;<\/p>\n<hr \/>\n<p>&nbsp;<\/p>\n<blockquote>\n<h3>PULIAMO FELTRE, CON GLI ECOVOLONTARI DELLA COMUNITA&#8217; MONTANA FELTRINA<\/h3>\n<\/blockquote>\n<p><strong><a class=\"dt-pswp-item\" href=\"https:\/\/www.radiopiu.net\/wordpress\/wp-content\/uploads\/2022\/10\/2_depuratore-di-Feltre.jpg\" data-dt-img-description=\"\" data-large_image_width=\"1536\" data-large_image_height=\"2048\"><img loading=\"lazy\" decoding=\"async\" class=\" wp-image-302148 alignleft\" src=\"https:\/\/www.radiopiu.net\/wordpress\/wp-content\/uploads\/2022\/10\/2_depuratore-di-Feltre-225x300.jpg\" alt=\"\" width=\"154\" height=\"205\" srcset=\"https:\/\/www.radiopiu.net\/wordpress\/wp-content\/uploads\/2022\/10\/2_depuratore-di-Feltre-225x300.jpg 225w, https:\/\/www.radiopiu.net\/wordpress\/wp-content\/uploads\/2022\/10\/2_depuratore-di-Feltre-768x1024.jpg 768w, https:\/\/www.radiopiu.net\/wordpress\/wp-content\/uploads\/2022\/10\/2_depuratore-di-Feltre-1152x1536.jpg 1152w, https:\/\/www.radiopiu.net\/wordpress\/wp-content\/uploads\/2022\/10\/2_depuratore-di-Feltre.jpg 1536w\" sizes=\"auto, (max-width: 154px) 100vw, 154px\" \/><\/a>FELTRE <\/strong>La mattina di domenica 19 marzo sar\u00e0 dedicata a questa importante iniziativa, che vedr\u00e0 i volontari del Palio, ma anche tutti i cittadini che vorranno aderire, impegnati nella pulizia della citt\u00e0 di Feltre, con particolare riferimento a luoghi o frazioni particolarmente significativi per i Quartieri. Il ritrovo \u00e8 previsto alle ore 8.30 a Pra\u2019 del Moro.\u00a0 La giornata, coordinata da alcuni volontari degli Ecovolontari, si concluder\u00e0 alle 13.00.Per l\u2019iscrizione si potr\u00e0 inviare una mail con i propri dati (cognome e nome, luogo e data di nascita, codice fiscale e indirizzo) alla mail ecovolontari.umfeltre@gmail.com o come messaggio privato alla pagina facebook <strong>@ecovolontari.umfeltre<\/strong>: questo consentir\u00e0 di attivare l\u2019assicurazione necessaria per partecipare alle attivit\u00e0.<\/p>\n<p>&nbsp;<\/p>\n<p>&nbsp;<\/p>\n<p>&nbsp;<\/p>\n<p>&nbsp;<\/p>\n<hr \/>\n<p>&nbsp;<\/p>\n<blockquote>\n<h3>CONCERTO PREMIO EDIZIONE 2022<\/h3>\n<\/blockquote>\n<p><strong>BELLUNO<\/strong> Per il secondo anno consecutivo il Centro Culturale di Longarone ospita il concerto-premio dell&#8217;edizione 2022 del Concorso Musicale Citt\u00e0 di Belluno (sezione Canto Moderno), sabato 11 marzo 2023 alle\u00a0 20:45. Quest&#8217;anno ci saranno due importanti novit\u00e0: l&#8217;allestimento floreale del palco da parte dei volontari dell&#8217;infiorata di Igne e la presenza di due ospiti d&#8217;onore: il Cantautore bellunese Alvise Bortolini e la meravigliosa voce di Jessica Lena. <em>&#8220;La volont\u00e0 \u00e8 sempre quella di promuovere i giovani talenti, di far conoscere lo splendido e prezioso lavoro dei nostri volontari&#8221; &#8211; dichiara il Consigliere delegato alla Cultura Anna Olivier &#8211; &#8220;e di creare situazioni di socialit\u00e0, all&#8217;insegna della Bellezza, in questo caso della buona musica&#8221;.\u00a0<\/em><\/p>\n<p>&nbsp;<\/p>\n<p>&nbsp;<\/p>\n<hr \/>\n<p>&nbsp;<\/p>\n<blockquote>\n<h3>A FINE APRILE AGORDO IN VISITA AI GEMELLI FRANCESI<\/h3>\n<\/blockquote>\n<p><strong><a class=\"dt-pswp-item\" href=\"https:\/\/www.radiopiu.net\/wordpress\/wp-content\/uploads\/2023\/02\/GEMELLAGGIO-AGORDO.jpg\" data-dt-img-description=\"\" data-large_image_width=\"374\" data-large_image_height=\"124\"><img loading=\"lazy\" decoding=\"async\" class=\"size-medium wp-image-323724 alignleft\" src=\"https:\/\/www.radiopiu.net\/wordpress\/wp-content\/uploads\/2023\/02\/GEMELLAGGIO-AGORDO-300x99.jpg\" alt=\"\" width=\"300\" height=\"99\" srcset=\"https:\/\/www.radiopiu.net\/wordpress\/wp-content\/uploads\/2023\/02\/GEMELLAGGIO-AGORDO-300x99.jpg 300w, https:\/\/www.radiopiu.net\/wordpress\/wp-content\/uploads\/2023\/02\/GEMELLAGGIO-AGORDO.jpg 374w\" sizes=\"auto, (max-width: 300px) 100vw, 300px\" \/><\/a>AGORDO<\/strong>\u00a0Il Comitato di gemellaggio ha organizzato una gita in Francia, dal 28 aprile al 01 maggio, occasione ideale per l\u2019inaugurazione del graffito di Dunio Piccolin, sar\u00e0 inaugurato s<span id=\"page3R_mcid9\" class=\"markedContent\"><span dir=\"ltr\" role=\"presentation\">abato 29 aprile nella\u00a0<\/span><span dir=\"ltr\" role=\"presentation\">sala delle\u00a0<\/span><span dir=\"ltr\" role=\"presentation\">feste con visita al\u00a0<\/span><span dir=\"ltr\" role=\"presentation\">castello di Dolomieu.\u00a0<span id=\"page3R_mcid11\" class=\"markedContent\">Domenica 30 visita alla citt\u00e0 di Grenoble, centro citt\u00e0, musei, Bastiglia.\u00a0<\/span><span id=\"page3R_mcid17\" class=\"markedContent\">Iscrizioni entro il 20 marzo scrivendo a<\/span><span id=\"page3R_mcid18\" class=\"markedContent\">\u00a0cgemellaggio.agordo@libero.it<\/span><span id=\"page3R_mcid19\" class=\"markedContent\">\u00a0Oppure chiamando il 3489159626<\/span><\/span><\/span><\/p>\n<h3>LO SPECIALE. OSPITI IN STUDIO: CLAUDIA CATTADORI E FABRIZIO CAMPEDEL<\/h3>\n<audio class=\"wp-audio-shortcode\" id=\"audio-324927-6\" preload=\"none\" style=\"width: 100%;\" controls=\"controls\"><source type=\"audio\/mpeg\" src=\"https:\/\/www.radiopiu.net\/wordpress\/wp-content\/uploads\/2023\/02\/GEMELLAGGIO-DOLOMIEU.mp3?_=6\" \/><a href=\"https:\/\/www.radiopiu.net\/wordpress\/wp-content\/uploads\/2023\/02\/GEMELLAGGIO-DOLOMIEU.mp3\">https:\/\/www.radiopiu.net\/wordpress\/wp-content\/uploads\/2023\/02\/GEMELLAGGIO-DOLOMIEU.mp3<\/a><\/audio>\n<p>&nbsp;<\/p>\n<hr \/>\n<p>&nbsp;<\/p>\n<blockquote>\n<h3>LA MOSTRA DI LINDO NESELLO A SOSPIROLO<\/h3>\n<\/blockquote>\n<p><strong>SOSPIROLO<\/strong> Dal 25 febbraio al 19 marzo al Centro Civico di Sospirolo e biblioteca civica si pu\u00f2 visitare la mostra di Lindo Nesello dal titolo &#8220;Il paesaggio inedito degli anni 70-80&#8221;. Ingresso libero<\/p>\n<p>&nbsp;<\/p>\n<p>&nbsp;<\/p>\n<hr \/>\n<p>&nbsp;<\/p>\n<blockquote>\n<h3><a class=\"dt-pswp-item\" href=\"https:\/\/www.radiopiu.net\/wordpress\/wp-content\/uploads\/2022\/05\/Lupo_Gabriele-Cristiani_Archivio_Aree_Protette_Alpi_Marittime-scaled.jpg\" data-dt-img-description=\"\" data-large_image_width=\"2560\" data-large_image_height=\"1920\"><img loading=\"lazy\" decoding=\"async\" class=\" wp-image-276249 alignleft\" src=\"https:\/\/www.radiopiu.net\/wordpress\/wp-content\/uploads\/2022\/05\/Lupo_Gabriele-Cristiani_Archivio_Aree_Protette_Alpi_Marittime-300x225.jpg\" alt=\"\" width=\"165\" height=\"124\" srcset=\"https:\/\/www.radiopiu.net\/wordpress\/wp-content\/uploads\/2022\/05\/Lupo_Gabriele-Cristiani_Archivio_Aree_Protette_Alpi_Marittime-300x225.jpg 300w, https:\/\/www.radiopiu.net\/wordpress\/wp-content\/uploads\/2022\/05\/Lupo_Gabriele-Cristiani_Archivio_Aree_Protette_Alpi_Marittime-1024x768.jpg 1024w, https:\/\/www.radiopiu.net\/wordpress\/wp-content\/uploads\/2022\/05\/Lupo_Gabriele-Cristiani_Archivio_Aree_Protette_Alpi_Marittime-768x576.jpg 768w, https:\/\/www.radiopiu.net\/wordpress\/wp-content\/uploads\/2022\/05\/Lupo_Gabriele-Cristiani_Archivio_Aree_Protette_Alpi_Marittime-1536x1152.jpg 1536w, https:\/\/www.radiopiu.net\/wordpress\/wp-content\/uploads\/2022\/05\/Lupo_Gabriele-Cristiani_Archivio_Aree_Protette_Alpi_Marittime-2048x1536.jpg 2048w\" sizes=\"auto, (max-width: 165px) 100vw, 165px\" \/><\/a>UNA SERATA INFORMATIVA SUL LUPO A FUSINE DI VAL DI ZOLDO<\/h3>\n<\/blockquote>\n<p><strong>ZOLDO\u00a0<\/strong> <span style=\"font-family: Tahoma, Verdana;\">La sala polifunzionale &#8220;A. Rizzardini&#8221; a Fusine di Val di Zoldo ospiter\u00e0, domani alle 20.30, un incontro informativo sul lupo, rivolto a tutta la popolazione. La serata \u00e8 organizzata grazie alla collaborazione tra Comune di Val di Zoldo, Provincia di Belluno e Parco Nazionale Dolomiti.\u00a0 Bellunesi. Sar\u00e0 possibile seguire l&#8217;incontro anche in diretta streaming; sui siti istituzionali del Comune di Val di Zoldo e del Parco saranno pubblicati i link per il collegamento. L&#8217;intervento del Parco rientra tra le attivit\u00e0 previste dal progetto europeo LIFE Wolfalps EU, di cui l&#8217;area protetta \u00e8 uno dei partner.<\/span><\/p>\n<p>&nbsp;<\/p>\n<p>&nbsp;<\/p>\n<hr \/>\n<p>&nbsp;<\/p>\n<p><strong>ATOMIC PARTY CON I FUTURI PERITI CHIMICI, DUE SERATA DI FESTA, LISCIO E DISCOTECA CON DJ BISSO, 17-18 MARZO AL PALFALCADE. APERITIVI, GIOCHI, BALLI&#8230; DIVERTIMENTO\u00a0<\/strong><\/p>\n<p><a class=\"dt-pswp-item\" href=\"https:\/\/www.radiopiu.net\/wordpress\/wp-content\/uploads\/2023\/03\/Donazione-CDL-Ecografo-Ospedale-Borgo-Trento-1-300x225-1.jpeg\" data-dt-img-description=\"\" data-large_image_width=\"1122\" data-large_image_height=\"374\"><img loading=\"lazy\" decoding=\"async\" class=\"size-medium wp-image-324677 aligncenter\" src=\"https:\/\/www.radiopiu.net\/wordpress\/wp-content\/uploads\/2023\/03\/Donazione-CDL-Ecografo-Ospedale-Borgo-Trento-1-300x225-1-300x100.jpeg\" alt=\"\" width=\"300\" height=\"100\" srcset=\"https:\/\/www.radiopiu.net\/wordpress\/wp-content\/uploads\/2023\/03\/Donazione-CDL-Ecografo-Ospedale-Borgo-Trento-1-300x225-1-300x100.jpeg 300w, https:\/\/www.radiopiu.net\/wordpress\/wp-content\/uploads\/2023\/03\/Donazione-CDL-Ecografo-Ospedale-Borgo-Trento-1-300x225-1-1024x341.jpeg 1024w, https:\/\/www.radiopiu.net\/wordpress\/wp-content\/uploads\/2023\/03\/Donazione-CDL-Ecografo-Ospedale-Borgo-Trento-1-300x225-1-768x256.jpeg 768w, https:\/\/www.radiopiu.net\/wordpress\/wp-content\/uploads\/2023\/03\/Donazione-CDL-Ecografo-Ospedale-Borgo-Trento-1-300x225-1.jpeg 1122w\" sizes=\"auto, (max-width: 300px) 100vw, 300px\" \/><\/a><a class=\"dt-pswp-item\" href=\"https:\/\/www.radiopiu.net\/wordpress\/wp-content\/uploads\/2023\/03\/Atomic-Party-2023-1.jpg\" data-dt-img-description=\"\" data-large_image_width=\"1032\" data-large_image_height=\"1141\"><img loading=\"lazy\" decoding=\"async\" class=\"size-medium wp-image-324664 aligncenter\" src=\"https:\/\/www.radiopiu.net\/wordpress\/wp-content\/uploads\/2023\/03\/Atomic-Party-2023-1-271x300.jpg\" alt=\"\" width=\"271\" height=\"300\" srcset=\"https:\/\/www.radiopiu.net\/wordpress\/wp-content\/uploads\/2023\/03\/Atomic-Party-2023-1-271x300.jpg 271w, https:\/\/www.radiopiu.net\/wordpress\/wp-content\/uploads\/2023\/03\/Atomic-Party-2023-1-926x1024.jpg 926w, https:\/\/www.radiopiu.net\/wordpress\/wp-content\/uploads\/2023\/03\/Atomic-Party-2023-1-768x849.jpg 768w, https:\/\/www.radiopiu.net\/wordpress\/wp-content\/uploads\/2023\/03\/Atomic-Party-2023-1.jpg 1032w\" sizes=\"auto, (max-width: 271px) 100vw, 271px\" \/><\/a><\/p>\n<p>&nbsp;<\/p>\n<p>&nbsp;<\/p>\n<hr \/>\n<blockquote>\n<h3><\/h3>\n<h3>IL 19 MARZO TORNA SUL BROI LA VECIA POPA<\/h3>\n<\/blockquote>\n<p><strong>AGORDO<\/strong>\u00a0La Vecia Popa \u00e8 pronta per tonare sul Broi di Agordo . L\u2019Appuntamento \u00e8 per domenica 19 marzo con la festa e l\u2019atteso testamento.<\/p>\n<div id=\"gallery-5\" class=\"dt-gallery-container gallery galleryid-323239 gallery-columns-2 gallery-size-medium\">\n<dl class=\"gallery-item\">\n<dt class=\"gallery-icon landscape\"><a class=\"rollover rollover-zoom dt-pswp-item pspw-wrap-ready this-ready\" title=\"dee7dc2b-e175-4363-a25e-dfe83fa36671\" href=\"https:\/\/www.radiopiu.net\/wordpress\/wp-content\/uploads\/2023\/02\/dee7dc2b-e175-4363-a25e-dfe83fa36671.jpg\" data-dt-img-description=\"\" data-large_image_width=\"813\" data-large_image_height=\"540\"><img loading=\"lazy\" decoding=\"async\" class=\"attachment-medium size-medium\" src=\"https:\/\/www.radiopiu.net\/wordpress\/wp-content\/uploads\/2023\/02\/dee7dc2b-e175-4363-a25e-dfe83fa36671-300x199.jpg\" sizes=\"auto, (max-width: 300px) 100vw, 300px\" srcset=\"https:\/\/www.radiopiu.net\/wordpress\/wp-content\/uploads\/2023\/02\/dee7dc2b-e175-4363-a25e-dfe83fa36671-300x199.jpg 300w, https:\/\/www.radiopiu.net\/wordpress\/wp-content\/uploads\/2023\/02\/dee7dc2b-e175-4363-a25e-dfe83fa36671-768x510.jpg 768w, https:\/\/www.radiopiu.net\/wordpress\/wp-content\/uploads\/2023\/02\/dee7dc2b-e175-4363-a25e-dfe83fa36671.jpg 813w\" alt=\"\" width=\"300\" height=\"199\" \/><i><\/i><\/a><\/dt>\n<\/dl>\n<dl class=\"gallery-item\">\n<dt class=\"gallery-icon landscape\"><a class=\"rollover rollover-zoom dt-pswp-item pspw-wrap-ready this-ready\" title=\"ddc0aeda-a4e9-4a5b-b809-227e841efa46\" href=\"https:\/\/www.radiopiu.net\/wordpress\/wp-content\/uploads\/2023\/02\/ddc0aeda-a4e9-4a5b-b809-227e841efa46.jpg\" data-dt-img-description=\"\" data-large_image_width=\"300\" data-large_image_height=\"199\"><img loading=\"lazy\" decoding=\"async\" class=\"attachment-medium size-medium\" src=\"https:\/\/www.radiopiu.net\/wordpress\/wp-content\/uploads\/2023\/02\/ddc0aeda-a4e9-4a5b-b809-227e841efa46.jpg\" alt=\"\" width=\"300\" height=\"199\" \/><\/a><\/dt>\n<\/dl>\n<\/div>\n<p>&nbsp;<\/p>\n<hr \/>\n<p>&nbsp;<\/p>\n<p>&nbsp;<\/p>\n<blockquote>\n<h2>SAGRA DE PASCA 2023<\/h2>\n<\/blockquote>\n<h3><a class=\"dt-pswp-item\" href=\"https:\/\/www.radiopiu.net\/wordpress\/wp-content\/uploads\/2023\/02\/7307e364-61f7-46fa-b7c5-8a7099f1201d.jpg\" data-dt-img-description=\"\" data-large_image_width=\"1536\" data-large_image_height=\"2048\"><img loading=\"lazy\" decoding=\"async\" class=\" wp-image-324071 alignleft\" src=\"https:\/\/www.radiopiu.net\/wordpress\/wp-content\/uploads\/2023\/02\/7307e364-61f7-46fa-b7c5-8a7099f1201d-225x300.jpg\" alt=\"\" width=\"162\" height=\"216\" srcset=\"https:\/\/www.radiopiu.net\/wordpress\/wp-content\/uploads\/2023\/02\/7307e364-61f7-46fa-b7c5-8a7099f1201d-225x300.jpg 225w, https:\/\/www.radiopiu.net\/wordpress\/wp-content\/uploads\/2023\/02\/7307e364-61f7-46fa-b7c5-8a7099f1201d-768x1024.jpg 768w, https:\/\/www.radiopiu.net\/wordpress\/wp-content\/uploads\/2023\/02\/7307e364-61f7-46fa-b7c5-8a7099f1201d-1152x1536.jpg 1152w, https:\/\/www.radiopiu.net\/wordpress\/wp-content\/uploads\/2023\/02\/7307e364-61f7-46fa-b7c5-8a7099f1201d.jpg 1536w\" sizes=\"auto, (max-width: 162px) 100vw, 162px\" \/><\/a><\/h3>\n<h3><\/h3>\n<h3>APRILE&#8230;. 6 &#8211; 7 &#8211; 8 &#8211; 9 LA SAGRA DE PASCA<\/h3>\n<h3>Scusate il ritardo&#8230;. Si riparte ancora pi\u00f9 forte<\/h3>\n<h3>GRUPPO SPORTIVO, DONATORI DEL SANGUE E PROLOCO DI TAIBON AGORDINO &#8230;..<\/h3>\n<h3><\/h3>\n<h3><\/h3>\n<hr \/>\n<p>&nbsp;<\/p>\n<blockquote>\n<h3>GINNASTICA POSTURALE A CANALE D&#8217;AGORDO<\/h3>\n<\/blockquote>\n<p><strong>CANALE D&#8217;AGORDO <\/strong>Sono aperte le iscrizioni al corso di ginnastica posturale con la fisioterapista Silvana Andrich, che inizier\u00e0 a Canale d&#8217;Agordo luned\u00ec 17 aprile 2023.\u00a0 I posti sono limitati. Prenotazioni al 3779665237.<\/p>\n<p>&nbsp;<\/p>\n<p>&nbsp;<\/p>\n<hr \/>\n<p>&nbsp;<\/p>\n<blockquote>\n<h3>PER LA TERZA STAGIONE CONSECUTIVA, CROZZA TIRA IN BALLO MIRKO DI RADIO PIU&#8217;<\/h3>\n<\/blockquote>\n<p><strong><a class=\"dt-pswp-item\" href=\"https:\/\/www.radiopiu.net\/wordpress\/wp-content\/uploads\/2023\/03\/Schermata-2022-05-21-alle-14.20.17.png\" data-dt-img-description=\"\" data-large_image_width=\"1034\" data-large_image_height=\"526\"><img loading=\"lazy\" decoding=\"async\" class=\" wp-image-324949 alignleft\" src=\"https:\/\/www.radiopiu.net\/wordpress\/wp-content\/uploads\/2023\/03\/Schermata-2022-05-21-alle-14.20.17-300x153.png\" alt=\"\" width=\"196\" height=\"100\" srcset=\"https:\/\/www.radiopiu.net\/wordpress\/wp-content\/uploads\/2023\/03\/Schermata-2022-05-21-alle-14.20.17-300x153.png 300w, https:\/\/www.radiopiu.net\/wordpress\/wp-content\/uploads\/2023\/03\/Schermata-2022-05-21-alle-14.20.17-1024x521.png 1024w, https:\/\/www.radiopiu.net\/wordpress\/wp-content\/uploads\/2023\/03\/Schermata-2022-05-21-alle-14.20.17-768x391.png 768w, https:\/\/www.radiopiu.net\/wordpress\/wp-content\/uploads\/2023\/03\/Schermata-2022-05-21-alle-14.20.17.png 1034w\" sizes=\"auto, (max-width: 196px) 100vw, 196px\" \/><\/a>REDAZIONE<\/strong> Ormai \u00e8 diventata un&#8217;abitudine. Per la terza stagione consecutiva Mirko di Radio Pi\u00f9 viene tirato in ballo da Maurizio Crozza. E&#8217; partita da due settimane la settima stagione di &#8220;Fratelli Di Crozza&#8221;, il programma satirico del venerd\u00ec sera sul NOVE (canale del gruppo Warner\/Discovery). Nell&#8217;ultima puntata \u00e8 tornata anche l&#8217;imitazione del Governatore del Veneto Luca Zaia. L&#8217;occasione per fare lo sketch \u00e8 stata quella della presentazione della nuova app sulla sanit\u00e0 Vivi Veneto. Crozza come sempre studia il personaggio e prima di presentare l&#8217;applicazione si concentra sui pochi posti a sedere in sala. Allora decide di fare un gioco per selezionare chi rimane seduto e chi deve abbandonare la stanza. Mettere della musica e allo stop sedersi sulla sedia. E chi chiamare se non Mirko di Radio Pi\u00f9 per far partire la musica? Peccato che Mirko non c&#8217;\u00e8 e quindi Crozza-Zaia deve cantare una filastrocca per iniziare il gioco&#8230;.<\/p>\n<p><strong>PER VEDERE L&#8217;ULTIMA PUNTATA DI FRATELLI DI CROZZA <a href=\"https:\/\/www.discoveryplus.com\/it\/video\/fratelli-di-crozza\/stagione-7-episodio-2-del-3-marzo-2023\">CLICCA QUI<\/a><\/strong><\/p>\n<p><strong>L&#8217;AUDIO DI CROZZA-ZAIA<\/strong><\/p>\n<audio class=\"wp-audio-shortcode\" id=\"audio-324927-7\" preload=\"none\" style=\"width: 100%;\" controls=\"controls\"><source type=\"audio\/mpeg\" src=\"https:\/\/www.radiopiu.net\/wordpress\/wp-content\/uploads\/2023\/03\/CROZZA-SEDIA.mp3?_=7\" \/><a href=\"https:\/\/www.radiopiu.net\/wordpress\/wp-content\/uploads\/2023\/03\/CROZZA-SEDIA.mp3\">https:\/\/www.radiopiu.net\/wordpress\/wp-content\/uploads\/2023\/03\/CROZZA-SEDIA.mp3<\/a><\/audio>\n<p>&nbsp;<\/p>\n<hr \/>\n<p>&nbsp;<\/p>\n<blockquote>\n<h3>BELLUNO. CHIESA DI S. ANDREA EDIFICATA NEL 1350 ERA DI FATTO DEDICATA AL CULTO DELLA MADONNA<\/h3>\n<\/blockquote>\n<p><strong>di Renato Bona<\/strong><\/p>\n<p>\u201cLa chiesa di S. Andrea, situata nella piazza Maggiore di questa citt\u00e0 dirimpetto alle Canoniche, \u00e8 di lunghezza passi 3 piedi 3 (circa m. 6,25). Altezza passi 4 piedi \u2013 (m. 6,94), larghezza passi 2, piedi 3 (m. 4,50 circa). Il di cui Altare, essendo solo, \u00e8 verso il Levante, la facciata verso il Ponente e le parti latterali verso il Mezod\u00ec, l\u2019altra verso settentrione\u2026\u201d. Si apre con questa descrizione, ricavata dalla pianta nella mappa del Catasto Napoleonico il capitolo dedicato alla Chiesa di S. Andrea del libro \u201cChiese scomparse di Belluno\u201d realizzato nel gennaio 1977, stampa della tipografia Piave, dall\u2019Istituto bellunese di ricerche sociali e culturali, e curato da Mario Dal Mas ed Attilio Giacobbi (foto De Santi, Sanmarchi e d\u2019archivio). Gli autori segnalano che \u201cil campanile di S. Andrea non compare nella descrizione n\u00e9 nella stampa ottocentesca francese\u201d. L\u2019ubicazione, aggiungono \u201c\u00e8 invece assai coerente con le vicende storiche\u201d. Ancora: la chiesa \u201csi salv\u00f2 dal ciclone napoleonico per\u00f2 non fu risparmiata dal terremoto del \u201873. Risulta che non fosse del tutto cadente, ma si prefer\u00ec demolirla, ancora con lo scopo di ingrandire la piazza\u201d ma a demolizione avvenuta \u201csi cap\u00ec l\u2019errore, tant\u2019\u00e8 vero che si spost\u00f2 ivi, altro grave sbaglio, la fontana che era sempre stata fin dalla sua origine, davanti all\u2019Episcopio ed al Palazzo dei Rettori, come ci mostra una vecchia cartolina di Breveglieri. La realt\u00e0 moderna che ha rimediato al secondo errore riportando la fontana al suo posto, non ci lascia per\u00f2 nulla sul luogo della chiesa, se non\u2026 un parcheggio!\u201d, Mario Dal Mas ed Attilio Giacobbi ricordano poi che la chiesa era stata edificata nel 1350 (come attesta la lapide sulla facciata, \u201cscritta in un pittoresco volgare, il cui testo ci fu conservato dal Miari, probabilmente per disposizione testamentaria di un Andrea che abitava l\u00ec, tra le chiese di S. Martino e San Giovanni Battista e la Cattedrale. Detta \u201cchiesa di S. Andrea, Patronato Crepadon e Grino\u201d di fatto \u00e8 dedicata al culto della Madonna mentre, come detto, di S. Andrea parla l\u2019iscrizione non latina all\u2019esterno, sopra la porta occidentale con le notizie della sua fondazione. Un solo altare, intitolato alla Madonna delle Grazie. Pala di legno d\u2019intaglio dorato fornita ed addobbata da gran numero di voti d\u2019argento, in mezzo l\u2019immagine della Beata Vergine, dipinta su tela. Oltre a due statue attribuibili al Brustolon e varie opere minori. La preziosissima guida \u201cBelluno. Storia, architettura arte\u201d realizzata nel giugno del 1984 con lo stesso Istituto bellunese di ricerche sociali e culturali da Gigetto De Bortoli, Andrea Moro e Flavio Vizzutti, a proposito della chiesa di S. Martino o Battistero o Santa Maria delle Grazie riporta fra l\u2019altro: \u201c&#8230; Ha ereditato pure le funzioni di quella di S. Andrea, crollata nel terremoto del 1873. Vicino all\u2019attuale palazzo della Provincia si ergeva infatti la chiesetta di S. Andrea, detta anche della B.V. delle Grazie, eretta nel 1350 per lascito di Andrea Tralechiese. Il sacro edificio fu notevole centro di culto, come peraltro ben testimoniano i numerosissimi ex voto ora collocati nel locale Museo civico. Nel santuario cittadino senza dubbio il pi\u00f9 famoso per la citt\u00e0 e dintorni, veniva particolarmente venerato un dipinto su legno raffigurante la Madonna dell\u2019Umilt\u00e0 o delle Grazie (la prima denominazione indica che la Vergine \u00e8 umilmente seduta su di un prato e non pi\u00f9 sul trono), con ai lati le figure dei donatori. In seguito al terremoto, la pregevole immagine pass\u00f2 al Battistero, che ne raccolse la devozione e si vide, a causa di essa, rubare perfino il titolo. L\u2019opera (tempera su tavola) \u00e8 databile attorno alla met\u00e0 del secolo XV e venne ridotta rispetto alla forma originaria che comprendeva anche le immagini di S. Giovanni Battista e di S. Pietro. Forse appartiene ad un artista locale, suggestionato dalla scuola veneziana di Jacobello\u201d.<\/p>\n\n\t\t\t<style type='text\/css'>\n\t\t\t\t#gallery-7 {\n\t\t\t\t\tmargin: auto;\n\t\t\t\t}\n\t\t\t\t#gallery-7 .gallery-item {\n\t\t\t\t\tfloat: left;\n\t\t\t\t\tmargin-top: 10px;\n\t\t\t\t\ttext-align: center;\n\t\t\t\t\twidth: 16%;\n\t\t\t\t}\n\t\t\t\t#gallery-7 img {\n\t\t\t\t\tborder: 2px solid #cfcfcf;\n\t\t\t\t}\n\t\t\t\t#gallery-7 .gallery-caption {\n\t\t\t\t\tmargin-left: 0;\n\t\t\t\t}\n\t\t\t\t\/* see gallery_shortcode() in wp-includes\/media.php *\/\n\t\t\t<\/style>\n\t\t<div id='gallery-7' class='dt-gallery-container gallery galleryid-324927 gallery-columns-6 gallery-size-thumbnail'><dl class='gallery-item'>\n\t\t\t\t<dt class='gallery-icon landscape'>\n\t\t\t\t\t<a class=\"rollover rollover-zoom dt-pswp-item\" title=\"332957606_912931963079256_3169216487767514722_n\" data-dt-img-description=\"\" data-large_image_width=\"673\" data-large_image_height=\"403\"href='https:\/\/www.radiopiu.net\/wordpress\/wp-content\/uploads\/2023\/03\/332957606_912931963079256_3169216487767514722_n.jpg'><img loading=\"lazy\" decoding=\"async\" width=\"150\" height=\"150\" src=\"https:\/\/www.radiopiu.net\/wordpress\/wp-content\/uploads\/2023\/03\/332957606_912931963079256_3169216487767514722_n-150x150.jpg\" class=\"attachment-thumbnail size-thumbnail\" alt=\"\" \/><\/a>\n\t\t\t\t<\/dt><\/dl><dl class='gallery-item'>\n\t\t\t\t<dt class='gallery-icon landscape'>\n\t\t\t\t\t<a class=\"rollover rollover-zoom dt-pswp-item\" title=\"333222213_1335493380347467_7276512383195148440_n\" data-dt-img-description=\"\" data-large_image_width=\"939\" data-large_image_height=\"403\"href='https:\/\/www.radiopiu.net\/wordpress\/wp-content\/uploads\/2023\/03\/333222213_1335493380347467_7276512383195148440_n.jpg'><img loading=\"lazy\" decoding=\"async\" width=\"150\" height=\"150\" src=\"https:\/\/www.radiopiu.net\/wordpress\/wp-content\/uploads\/2023\/03\/333222213_1335493380347467_7276512383195148440_n-150x150.jpg\" class=\"attachment-thumbnail size-thumbnail\" alt=\"\" \/><\/a>\n\t\t\t\t<\/dt><\/dl><dl class='gallery-item'>\n\t\t\t\t<dt class='gallery-icon landscape'>\n\t\t\t\t\t<a class=\"rollover rollover-zoom dt-pswp-item\" title=\"332912057_521711149889615_7865972905897698152_n\" data-dt-img-description=\"\" data-large_image_width=\"423\" data-large_image_height=\"403\"href='https:\/\/www.radiopiu.net\/wordpress\/wp-content\/uploads\/2023\/03\/332912057_521711149889615_7865972905897698152_n.jpg'><img loading=\"lazy\" decoding=\"async\" width=\"150\" height=\"150\" src=\"https:\/\/www.radiopiu.net\/wordpress\/wp-content\/uploads\/2023\/03\/332912057_521711149889615_7865972905897698152_n-150x150.jpg\" class=\"attachment-thumbnail size-thumbnail\" alt=\"\" \/><\/a>\n\t\t\t\t<\/dt><\/dl><dl class='gallery-item'>\n\t\t\t\t<dt class='gallery-icon portrait'>\n\t\t\t\t\t<a class=\"rollover rollover-zoom dt-pswp-item\" title=\"332434701_768873864322167_4033290941531761580_n\" data-dt-img-description=\"\" data-large_image_width=\"316\" data-large_image_height=\"480\"href='https:\/\/www.radiopiu.net\/wordpress\/wp-content\/uploads\/2023\/03\/332434701_768873864322167_4033290941531761580_n.jpg'><img loading=\"lazy\" decoding=\"async\" width=\"150\" height=\"150\" src=\"https:\/\/www.radiopiu.net\/wordpress\/wp-content\/uploads\/2023\/03\/332434701_768873864322167_4033290941531761580_n-150x150.jpg\" class=\"attachment-thumbnail size-thumbnail\" alt=\"\" \/><\/a>\n\t\t\t\t<\/dt><\/dl><dl class='gallery-item'>\n\t\t\t\t<dt class='gallery-icon portrait'>\n\t\t\t\t\t<a class=\"rollover rollover-zoom dt-pswp-item\" title=\"334412494_1371765310315542_1598004440754216824_n\" data-dt-img-description=\"\" data-large_image_width=\"320\" data-large_image_height=\"539\"href='https:\/\/www.radiopiu.net\/wordpress\/wp-content\/uploads\/2023\/03\/334412494_1371765310315542_1598004440754216824_n.jpg'><img loading=\"lazy\" decoding=\"async\" width=\"150\" height=\"150\" src=\"https:\/\/www.radiopiu.net\/wordpress\/wp-content\/uploads\/2023\/03\/334412494_1371765310315542_1598004440754216824_n-150x150.jpg\" class=\"attachment-thumbnail size-thumbnail\" alt=\"\" \/><\/a>\n\t\t\t\t<\/dt><\/dl><dl class='gallery-item'>\n\t\t\t\t<dt class='gallery-icon portrait'>\n\t\t\t\t\t<a class=\"rollover rollover-zoom dt-pswp-item\" title=\"333163226_710109827570841_6754299183605247256_n\" data-dt-img-description=\"\" data-large_image_width=\"302\" data-large_image_height=\"403\"href='https:\/\/www.radiopiu.net\/wordpress\/wp-content\/uploads\/2023\/03\/333163226_710109827570841_6754299183605247256_n.jpg'><img loading=\"lazy\" decoding=\"async\" width=\"150\" height=\"150\" src=\"https:\/\/www.radiopiu.net\/wordpress\/wp-content\/uploads\/2023\/03\/333163226_710109827570841_6754299183605247256_n-150x150.jpg\" class=\"attachment-thumbnail size-thumbnail\" alt=\"\" \/><\/a>\n\t\t\t\t<\/dt><\/dl><br style=\"clear: both\" \/><dl class='gallery-item'>\n\t\t\t\t<dt class='gallery-icon landscape'>\n\t\t\t\t\t<a class=\"rollover rollover-zoom dt-pswp-item\" title=\"333613286_905790167287976_2744629715297289061_n\" data-dt-img-description=\"\" data-large_image_width=\"537\" data-large_image_height=\"403\"href='https:\/\/www.radiopiu.net\/wordpress\/wp-content\/uploads\/2023\/03\/333613286_905790167287976_2744629715297289061_n.jpg'><img loading=\"lazy\" decoding=\"async\" width=\"150\" height=\"150\" src=\"https:\/\/www.radiopiu.net\/wordpress\/wp-content\/uploads\/2023\/03\/333613286_905790167287976_2744629715297289061_n-150x150.jpg\" class=\"attachment-thumbnail size-thumbnail\" alt=\"\" \/><\/a>\n\t\t\t\t<\/dt><\/dl><dl class='gallery-item'>\n\t\t\t\t<dt class='gallery-icon landscape'>\n\t\t\t\t\t<a class=\"rollover rollover-zoom dt-pswp-item\" title=\"334196474_1163875107635119_4301561840010173832_n\" data-dt-img-description=\"\" data-large_image_width=\"537\" data-large_image_height=\"403\"href='https:\/\/www.radiopiu.net\/wordpress\/wp-content\/uploads\/2023\/03\/334196474_1163875107635119_4301561840010173832_n.jpg'><img loading=\"lazy\" decoding=\"async\" width=\"150\" height=\"150\" src=\"https:\/\/www.radiopiu.net\/wordpress\/wp-content\/uploads\/2023\/03\/334196474_1163875107635119_4301561840010173832_n-150x150.jpg\" class=\"attachment-thumbnail size-thumbnail\" alt=\"\" \/><\/a>\n\t\t\t\t<\/dt><\/dl><dl class='gallery-item'>\n\t\t\t\t<dt class='gallery-icon portrait'>\n\t\t\t\t\t<a class=\"rollover rollover-zoom dt-pswp-item\" title=\"332483053_220760383651513_6196605202874242355_n\" data-dt-img-description=\"\" data-large_image_width=\"302\" data-large_image_height=\"403\"href='https:\/\/www.radiopiu.net\/wordpress\/wp-content\/uploads\/2023\/03\/332483053_220760383651513_6196605202874242355_n.jpg'><img loading=\"lazy\" decoding=\"async\" width=\"150\" height=\"150\" src=\"https:\/\/www.radiopiu.net\/wordpress\/wp-content\/uploads\/2023\/03\/332483053_220760383651513_6196605202874242355_n-150x150.jpg\" class=\"attachment-thumbnail size-thumbnail\" alt=\"\" \/><\/a>\n\t\t\t\t<\/dt><\/dl><dl class='gallery-item'>\n\t\t\t\t<dt class='gallery-icon portrait'>\n\t\t\t\t\t<a class=\"rollover rollover-zoom dt-pswp-item\" title=\"333558365_1310975626128629_6262526427992769076_n\" data-dt-img-description=\"\" data-large_image_width=\"302\" data-large_image_height=\"403\"href='https:\/\/www.radiopiu.net\/wordpress\/wp-content\/uploads\/2023\/03\/333558365_1310975626128629_6262526427992769076_n.jpg'><img loading=\"lazy\" decoding=\"async\" width=\"150\" height=\"150\" src=\"https:\/\/www.radiopiu.net\/wordpress\/wp-content\/uploads\/2023\/03\/333558365_1310975626128629_6262526427992769076_n-150x150.jpg\" class=\"attachment-thumbnail size-thumbnail\" alt=\"\" \/><\/a>\n\t\t\t\t<\/dt><\/dl><dl class='gallery-item'>\n\t\t\t\t<dt class='gallery-icon landscape'>\n\t\t\t\t\t<a class=\"rollover rollover-zoom dt-pswp-item\" title=\"332846789_862727128359442_5140500039121250447_n\" data-dt-img-description=\"\" data-large_image_width=\"538\" data-large_image_height=\"403\"href='https:\/\/www.radiopiu.net\/wordpress\/wp-content\/uploads\/2023\/03\/332846789_862727128359442_5140500039121250447_n.jpg'><img loading=\"lazy\" decoding=\"async\" width=\"150\" height=\"150\" src=\"https:\/\/www.radiopiu.net\/wordpress\/wp-content\/uploads\/2023\/03\/332846789_862727128359442_5140500039121250447_n-150x150.jpg\" class=\"attachment-thumbnail size-thumbnail\" alt=\"\" \/><\/a>\n\t\t\t\t<\/dt><\/dl>\n\t\t\t\t<br style='clear: both' \/>\n\t\t\t<\/div>\n\n<p>&nbsp;<\/p>\n<p>NELLE FOTO (riproduzioni dal libro \u201cChiese scomparse di Belluno\u201d e Renato Bona per gentile concessione dell\u2019arciprete monsignor Attilio Zanderigo Jona): la chiesa di S. Andrea dopo il terremoto del 1873, la facciata come appare nell\u2019incisione francese \u00e8 frutto di una ristrutturazione del fianco della chiesa realizzata intorno alla met\u00e0 del secolo XIX. Sulla sinistra il Battistero ovvero S, Martino e sullo sfondo palazzo Piloni; particolare di S. Andrea; ingrandimenti della incisione di Francesco Monaco; quadretto ex voto del secolo XV: il pi\u00f9 antico che si conservi nel Museo civico tra i 360 che ricoprivano le pareti di S. Andrea; la Beata Vergine delle Grazie, come si vede, era gi\u00e0 venerata nella chiesetta nel \u2018400 e sopra le mura si vedono la Madonna e S. Andrea con la Croce, quasi a vegliare sul felice ritorno del guerriero atteso con ansia dalla sposa; statue in legno di S. Giuseppe e S. Andrea, autore Andrea Brustolon, che erano sopra i due armadi ai lati della Pala della B.V. delle Grazie e dal 1873 si trovano nell\u2019Archivio della Cattedrale in attesa di pi\u00f9 degna sistemazione; particolare del volto di S. Giuseppe; oggi: il Battistero, di fronte alla Cattedrale-Basilica con la facciata principale e laterale; interni dell\u2019edificio sacro; visitatori accompagnati da mons. Zanderigo Jona.<\/p>\n<p>&nbsp;<\/p>\n<p>&nbsp;<\/p>\n<hr \/>\n<p>&nbsp;<\/p>\n<blockquote class=\"wp-embedded-content\" data-secret=\"Og9qXYRl9u\"><p><a href=\"https:\/\/www.radiopiu.net\/wordpress\/sui-domini-collettivi-ossia-i-cosiddetti-usi-civici-le-regole-altri-terza-parte\/\">SUI DOMINI COLLETTIVI OSSIA I COSIDDETTI USI CIVICI, LE REGOLE &#038; ALTRI \u2013 TERZA PARTE<\/a><\/p><\/blockquote>\n<p><iframe loading=\"lazy\" class=\"wp-embedded-content\" sandbox=\"allow-scripts\" security=\"restricted\" style=\"position: absolute; clip: rect(1px, 1px, 1px, 1px);\" title=\"&#8220;SUI DOMINI COLLETTIVI OSSIA I COSIDDETTI USI CIVICI, LE REGOLE &#038; ALTRI \u2013 TERZA PARTE&#8221; &#8212; Radio Pi\u00f9\" src=\"https:\/\/www.radiopiu.net\/wordpress\/sui-domini-collettivi-ossia-i-cosiddetti-usi-civici-le-regole-altri-terza-parte\/embed\/#?secret=aWLVn6Sry7#?secret=Og9qXYRl9u\" data-secret=\"Og9qXYRl9u\" width=\"600\" height=\"338\" frameborder=\"0\" marginwidth=\"0\" marginheight=\"0\" scrolling=\"no\"><\/iframe><\/p>\n<p>&nbsp;<\/p>\n<hr \/>\n<p>&nbsp;<\/p>\n<h2><strong><a class=\"dt-pswp-item\" href=\"https:\/\/www.radiopiu.net\/wordpress\/wp-content\/uploads\/2020\/12\/DON-GIORGIO-LISE.jpg\" data-dt-img-description=\"\" data-large_image_width=\"1600\" data-large_image_height=\"901\"><img loading=\"lazy\" decoding=\"async\" class=\" wp-image-177420 alignleft\" src=\"https:\/\/www.radiopiu.net\/wordpress\/wp-content\/uploads\/2020\/12\/DON-GIORGIO-LISE-300x169.jpg\" alt=\"\" width=\"170\" height=\"96\" srcset=\"https:\/\/www.radiopiu.net\/wordpress\/wp-content\/uploads\/2020\/12\/DON-GIORGIO-LISE-300x169.jpg 300w, https:\/\/www.radiopiu.net\/wordpress\/wp-content\/uploads\/2020\/12\/DON-GIORGIO-LISE-1024x577.jpg 1024w, https:\/\/www.radiopiu.net\/wordpress\/wp-content\/uploads\/2020\/12\/DON-GIORGIO-LISE-768x432.jpg 768w, https:\/\/www.radiopiu.net\/wordpress\/wp-content\/uploads\/2020\/12\/DON-GIORGIO-LISE-1536x865.jpg 1536w, https:\/\/www.radiopiu.net\/wordpress\/wp-content\/uploads\/2020\/12\/DON-GIORGIO-LISE.jpg 1600w\" sizes=\"auto, (max-width: 170px) 100vw, 170px\" \/><\/a><\/strong><span style=\"color: #ff9900;\">DUE MINUTI PER TE<\/span><\/h2>\n<p><strong>APPUNTAMENTO DOMENICALE CON MONSIGNOR GIORGIO LISE E IL SUO PENSIERO DELLA SETTIMANA<\/strong><\/p>\n<audio class=\"wp-audio-shortcode\" id=\"audio-324927-8\" preload=\"none\" style=\"width: 100%;\" controls=\"controls\"><source type=\"audio\/mpeg\" src=\"https:\/\/www.radiopiu.net\/wordpress\/wp-content\/uploads\/2023\/03\/DON-GIORGIO.mp3?_=8\" \/><a href=\"https:\/\/www.radiopiu.net\/wordpress\/wp-content\/uploads\/2023\/03\/DON-GIORGIO.mp3\">https:\/\/www.radiopiu.net\/wordpress\/wp-content\/uploads\/2023\/03\/DON-GIORGIO.mp3<\/a><\/audio>\n<p>&nbsp;<\/p>\n<hr \/>\n<p>&nbsp;<\/p>\n<div>\n<div class=\"b654a4as d2edcug0\">\n<div class=\"rq0escxv hkbzh7o3 jwdofwj8 n8tt0mok r8blr3vg hyh9befq\">\n<p><a class=\"dt-pswp-item\" href=\"https:\/\/www.radiopiu.net\/wordpress\/wp-content\/uploads\/2020\/10\/pp.jpg\" data-dt-img-description=\"\" data-large_image_width=\"640\" data-large_image_height=\"640\"><img loading=\"lazy\" decoding=\"async\" class=\"wp-image-163678 alignleft\" src=\"https:\/\/www.radiopiu.net\/wordpress\/wp-content\/uploads\/2020\/10\/pp-300x300.jpg\" alt=\"\" width=\"106\" height=\"106\" srcset=\"https:\/\/www.radiopiu.net\/wordpress\/wp-content\/uploads\/2020\/10\/pp-300x300.jpg 300w, https:\/\/www.radiopiu.net\/wordpress\/wp-content\/uploads\/2020\/10\/pp-150x150.jpg 150w, https:\/\/www.radiopiu.net\/wordpress\/wp-content\/uploads\/2020\/10\/pp-125x125.jpg 125w, https:\/\/www.radiopiu.net\/wordpress\/wp-content\/uploads\/2020\/10\/pp-200x200.jpg 200w, https:\/\/www.radiopiu.net\/wordpress\/wp-content\/uploads\/2020\/10\/pp-80x80.jpg 80w, https:\/\/www.radiopiu.net\/wordpress\/wp-content\/uploads\/2020\/10\/pp-480x480.jpg 480w, https:\/\/www.radiopiu.net\/wordpress\/wp-content\/uploads\/2020\/10\/pp.jpg 640w\" sizes=\"auto, (max-width: 106px) 100vw, 106px\" \/><\/a><\/p>\n<\/div>\n<\/div>\n<\/div>\n<div>\n<div class=\"page-title-head hgroup\">\n<div class=\"page-title-head hgroup\">\n<div class=\"b654a4as d2edcug0\">\n<div class=\"j83agx80 btwxx1t3 lhclo0ds hop8lmos nkwizq5d scwd0bx6 roh60bw9\">\n<div class=\"rq0escxv hkbzh7o3 jwdofwj8 n8tt0mok r8blr3vg hyh9befq\">\n<div class=\"do00u71z l9j0dhe7 k4urcfbm\" style=\"text-align: left;\">\n<h2><span style=\"color: #000080;\">DON CESARE, IL PENSIERO DEL GIORNO. ALLA RADIO ALLE 7 DEL MATTINO E ALLE 19.30 DELLA SERA\u00a0<\/span><\/h2>\n<p>&nbsp;<\/p>\n<\/div>\n<\/div>\n<\/div>\n<\/div>\n<\/div>\n<\/div>\n<\/div>\n<audio class=\"wp-audio-shortcode\" id=\"audio-324927-9\" preload=\"none\" style=\"width: 100%;\" controls=\"controls\"><source type=\"audio\/mpeg\" src=\"https:\/\/www.radiopiu.net\/wordpress\/wp-content\/uploads\/2023\/03\/CESARE-4.mp3?_=9\" \/><a href=\"https:\/\/www.radiopiu.net\/wordpress\/wp-content\/uploads\/2023\/03\/CESARE-4.mp3\">https:\/\/www.radiopiu.net\/wordpress\/wp-content\/uploads\/2023\/03\/CESARE-4.mp3<\/a><\/audio>\n<p>&nbsp;<\/p>\n<p>&nbsp;<\/p>\n<hr \/>\n<p>&nbsp;<\/p>\n<h2><span style=\"color: #ff00ff;\">IN VIVO VERSO\u00a0 \u00a0\u00a0<\/span><\/h2>\n<div dir=\"auto\">\n<div dir=\"auto\">\n<div dir=\"auto\">\n<div dir=\"auto\">\n<div dir=\"auto\">\n<div dir=\"auto\">\n<p><strong>LA RACCOLTA COMPLETA<\/strong><\/p>\n<blockquote class=\"wp-embedded-content\" data-secret=\"L6NJ3SgzFa\"><p><a href=\"https:\/\/www.radiopiu.net\/wordpress\/in-vivo-verso\/\">In Vivo Verso<\/a><\/p><\/blockquote>\n<p><iframe loading=\"lazy\" class=\"wp-embedded-content\" sandbox=\"allow-scripts\" security=\"restricted\" style=\"position: absolute; clip: rect(1px, 1px, 1px, 1px);\" title=\"&#8220;In Vivo Verso&#8221; &#8212; Radio Pi\u00f9\" src=\"https:\/\/www.radiopiu.net\/wordpress\/in-vivo-verso\/embed\/#?secret=OcD80ZbXgJ#?secret=L6NJ3SgzFa\" data-secret=\"L6NJ3SgzFa\" width=\"600\" height=\"338\" frameborder=\"0\" marginwidth=\"0\" marginheight=\"0\" scrolling=\"no\"><\/iframe><\/p>\n<p><strong>\u00a0<\/strong><\/p>\n<\/div>\n<\/div>\n<\/div>\n<hr \/>\n<\/div>\n<\/div>\n<\/div>\n<p>&nbsp;<\/p>\n<h2><span style=\"color: #008080;\">GOCCE DI FILOSOFIA<\/span><\/h2>\n<p>LA RACCOLTA COMPLETA<\/p>\n<blockquote class=\"wp-embedded-content\" data-secret=\"Yt3RXjcsP5\"><p><a href=\"https:\/\/www.radiopiu.net\/wordpress\/gocce-filosofia\/\">Gocce di filosofia,  LA TERZA STAGIONE&#8230; 2023<\/a><\/p><\/blockquote>\n<p><iframe loading=\"lazy\" class=\"wp-embedded-content\" sandbox=\"allow-scripts\" security=\"restricted\" style=\"position: absolute; clip: rect(1px, 1px, 1px, 1px);\" title=\"&#8220;Gocce di filosofia,  LA TERZA STAGIONE&#8230; 2023&#8221; &#8212; Radio Pi\u00f9\" src=\"https:\/\/www.radiopiu.net\/wordpress\/gocce-filosofia\/embed\/#?secret=DeqzCDYAfK#?secret=Yt3RXjcsP5\" data-secret=\"Yt3RXjcsP5\" width=\"600\" height=\"338\" frameborder=\"0\" marginwidth=\"0\" marginheight=\"0\" scrolling=\"no\"><\/iframe><\/p>\n<p>&nbsp;<\/p>\n<p>&nbsp;<\/p>\n<hr \/>\n<p>&nbsp;<\/p>\n<h2><strong><a class=\"dt-pswp-item\" href=\"https:\/\/www.radiopiu.net\/wordpress\/wp-content\/uploads\/2021\/11\/FORCELLA-AURINE.jpg\" data-dt-img-description=\"\" data-large_image_width=\"960\" data-large_image_height=\"720\"><img loading=\"lazy\" decoding=\"async\" class=\" wp-image-241538 alignleft\" src=\"https:\/\/www.radiopiu.net\/wordpress\/wp-content\/uploads\/2021\/11\/FORCELLA-AURINE-300x225.jpg\" alt=\"\" width=\"191\" height=\"143\" srcset=\"https:\/\/www.radiopiu.net\/wordpress\/wp-content\/uploads\/2021\/11\/FORCELLA-AURINE-300x225.jpg 300w, https:\/\/www.radiopiu.net\/wordpress\/wp-content\/uploads\/2021\/11\/FORCELLA-AURINE-768x576.jpg 768w, https:\/\/www.radiopiu.net\/wordpress\/wp-content\/uploads\/2021\/11\/FORCELLA-AURINE.jpg 960w\" sizes=\"auto, (max-width: 191px) 100vw, 191px\" \/><\/a><\/strong><span style=\"color: #33cccc;\">LA RASSEGNA STAMPA DA L&#8217;AMICO DEL POPOLO<\/span><\/h2>\n<p><strong>di Gianni Santomaso<\/strong><\/p>\n<p>OSPITE: Morgan Gnech<\/p>\n<audio class=\"wp-audio-shortcode\" id=\"audio-324927-10\" preload=\"none\" style=\"width: 100%;\" controls=\"controls\"><source type=\"audio\/mpeg\" src=\"https:\/\/www.radiopiu.net\/wordpress\/wp-content\/uploads\/2023\/03\/RASSEGNA-GIANNI.mp3?_=10\" \/><a href=\"https:\/\/www.radiopiu.net\/wordpress\/wp-content\/uploads\/2023\/03\/RASSEGNA-GIANNI.mp3\">https:\/\/www.radiopiu.net\/wordpress\/wp-content\/uploads\/2023\/03\/RASSEGNA-GIANNI.mp3<\/a><\/audio>\n<p>&nbsp;<\/p>\n<hr \/>\n<p>&nbsp;<\/p>\n<div class=\"column\">\n<p><img loading=\"lazy\" decoding=\"async\" class=\"aligncenter wp-image-61954 size-full\" src=\"https:\/\/www.radiopiu.net\/wordpress\/wp-content\/uploads\/2018\/09\/viabilita.jpeg\" sizes=\"auto, (max-width: 800px) 100vw, 800px\" srcset=\"https:\/\/www.radiopiu.net\/wordpress\/wp-content\/uploads\/2018\/09\/viabilita.jpeg 800w, https:\/\/www.radiopiu.net\/wordpress\/wp-content\/uploads\/2018\/09\/viabilita-300x38.jpeg 300w, https:\/\/www.radiopiu.net\/wordpress\/wp-content\/uploads\/2018\/09\/viabilita-768x96.jpeg 768w\" alt=\"\" width=\"800\" height=\"100\" \/><\/p>\n<p>&nbsp;<\/p>\n<blockquote>\n<h3>SENSO UNICO ALTERNATO IN GALLERIA DEI CASTEI<\/h3>\n<\/blockquote>\n<p><strong>SR 203 AGORDINA<\/strong> nelle giornate del <span style=\"color: #ff0000;\">13 e 14 marzo<\/span> dalle 20 alle 6 del giorno successivo senso unico alternato regolato da movieri o semaforo in Galleria dei Castei in comune di La Valle Agordina<\/p>\n<p>&nbsp;<\/p>\n<blockquote class=\"wp-embedded-content\" data-secret=\"lZn0pqtsNH\"><p><a href=\"https:\/\/www.radiopiu.net\/wordpress\/viabilita\/\">viabilita<\/a><\/p><\/blockquote>\n<p><iframe loading=\"lazy\" class=\"wp-embedded-content\" sandbox=\"allow-scripts\" security=\"restricted\" style=\"position: absolute; clip: rect(1px, 1px, 1px, 1px);\" title=\"&#8220;viabilita&#8221; &#8212; Radio Pi\u00f9\" src=\"https:\/\/www.radiopiu.net\/wordpress\/viabilita\/embed\/#?secret=vms0SAjoFB#?secret=lZn0pqtsNH\" data-secret=\"lZn0pqtsNH\" width=\"600\" height=\"338\" frameborder=\"0\" marginwidth=\"0\" marginheight=\"0\" scrolling=\"no\"><\/iframe><\/p>\n<div>\n<div dir=\"ltr\">\n<div class=\"gmail_quote\">\n<div dir=\"ltr\">\n<div class=\"gmail_quote\"><\/div>\n<\/div>\n<\/div>\n<\/div>\n<\/div>\n<p>&nbsp;<\/p>\n<hr \/>\n<p>&nbsp;<\/p>\n<p><a class=\"dt-pswp-item\" href=\"https:\/\/www.radiopiu.net\/wordpress\/wp-content\/uploads\/2018\/09\/WhatsApp-Image-2018-09-20-at-16.04.06.jpeg\" data-dt-img-description=\"\" data-large_image_width=\"800\" data-large_image_height=\"100\"><img loading=\"lazy\" decoding=\"async\" class=\"wp-image-61378 size-full aligncenter\" src=\"https:\/\/www.radiopiu.net\/wordpress\/wp-content\/uploads\/2018\/09\/WhatsApp-Image-2018-09-20-at-16.04.06.jpeg\" alt=\"\" width=\"800\" height=\"100\" srcset=\"https:\/\/www.radiopiu.net\/wordpress\/wp-content\/uploads\/2018\/09\/WhatsApp-Image-2018-09-20-at-16.04.06.jpeg 800w, https:\/\/www.radiopiu.net\/wordpress\/wp-content\/uploads\/2018\/09\/WhatsApp-Image-2018-09-20-at-16.04.06-300x38.jpeg 300w, https:\/\/www.radiopiu.net\/wordpress\/wp-content\/uploads\/2018\/09\/WhatsApp-Image-2018-09-20-at-16.04.06-768x96.jpeg 768w\" sizes=\"auto, (max-width: 800px) 100vw, 800px\" \/><\/a><\/p>\n<p>&nbsp;<\/p>\n<\/div>\n<p><center><b>OGGI<\/b><\/center><b>Tempo atteso: <\/b>Cielo generalmente nuvoloso o molto nuvoloso con qualche irregolare schiarita. Contesto termico pi\u00f9 freddo rispetto a domenica e via via pi\u00f9 umido con debole escursione termica diurna.<br \/>\n<b>Precipitazioni: <\/b>Possibili durante tutta la giornata, pi\u00f9 probabili tra met\u00e0 mattina e il pomeriggio. Sparse e discontinue, deboli\/molto deboli, nevose oltre i 1000-1200 m circa, pi\u00f9 probabili su fascia prealpina (60-80 %) rispetto a Dolomiti (40-60 %). Accumuli generalmente scarsi 0-5 mm, con altrettanti cm di neve oltre i 1300\/1500 m.<br \/>\n<b>Temperature: <\/b>Minime in aumento nelle valli, massime in generale calo.<\/p>\n<hr \/>\n<p><center><b>DOMANI<\/b><\/center><b>Tempo atteso: <\/b>Cielo generalmente nuvoloso con qualche irregolare schiarita un p\u00f2 pi\u00f9 probabile rispetto a luned\u00ec.<br \/>\n<b>Precipitazioni: <\/b>Possibili deboli o molto deboli sparse e discontinue pi\u00f9 probabili nella seconda parte della giornata e su Prealpi (40-60 %) con qualche fiocco oltre i 1100-1300 m. Accumuli generalmente scarsi.<br \/>\n<b>Temperature: <\/b>Stazionarie o in lieve aumento le massime.<\/p>\n<hr \/>\n<p><center><b>MERCOLEDI<\/b><\/center>Nuvolosit\u00e0 variabile a tratti intensa alternata a schiarite anche ampie. Non escluse debolissime precipitazioni a tratti specie nel pomeriggio su Dolomiti con qualche fiocco oltre i 1300-1600 m. Temperature in generale aumento specie dal pomeriggio in quota.<\/p>\n<hr \/>\n<p><center><b>GIOVEDI<\/b><\/center>Nuvolosit\u00e0 variabile ma con maggiori schiarite rispetto a mercoled\u00ec con cielo parzialmente nuvoloso. Precipitazioni generalmente assenti o poco probabili debolissime sparse. Temperature in aumento, anche marcato, eccetto le minime a fondovalle in lieve calo.<\/p>\n<p>&nbsp;<\/p>\n<hr \/>\n<p>&nbsp;<\/p>\n<p><a class=\"dt-pswp-item\" href=\"https:\/\/www.radiopiu.net\/wordpress\/wp-content\/uploads\/2018\/09\/sport.jpg\" data-dt-img-description=\"\" data-large_image_width=\"800\" data-large_image_height=\"100\"><img loading=\"lazy\" decoding=\"async\" class=\"aligncenter wp-image-60761 size-full\" src=\"https:\/\/www.radiopiu.net\/wordpress\/wp-content\/uploads\/2018\/09\/sport.jpg\" alt=\"\" width=\"800\" height=\"100\" srcset=\"https:\/\/www.radiopiu.net\/wordpress\/wp-content\/uploads\/2018\/09\/sport.jpg 800w, https:\/\/www.radiopiu.net\/wordpress\/wp-content\/uploads\/2018\/09\/sport-300x38.jpg 300w, https:\/\/www.radiopiu.net\/wordpress\/wp-content\/uploads\/2018\/09\/sport-768x96.jpg 768w\" sizes=\"auto, (max-width: 800px) 100vw, 800px\" \/><\/a><\/p>\n<p><span style=\"color: #0000ff;\"><strong>\u00a0<\/strong><\/span><\/p>\n<p><span style=\"color: #0000ff;\"><strong>CALCIO<\/strong><\/span><\/p>\n<blockquote>\n<h3>L&#8217;AGORDINA STRAPPA UN PUNTO AL SARMEDE DOPO UNA BELLA PRESTAZIONE<\/h3>\n<\/blockquote>\n<p><strong><a class=\"dt-pswp-item\" href=\"https:\/\/www.radiopiu.net\/wordpress\/wp-content\/uploads\/2022\/11\/CALCIO-2022.jpg\" data-dt-img-description=\"\" data-large_image_width=\"1920\" data-large_image_height=\"1280\"><img loading=\"lazy\" decoding=\"async\" class=\" wp-image-305390 alignleft\" src=\"https:\/\/www.radiopiu.net\/wordpress\/wp-content\/uploads\/2022\/11\/CALCIO-2022-300x200.jpg\" alt=\"\" width=\"203\" height=\"135\" srcset=\"https:\/\/www.radiopiu.net\/wordpress\/wp-content\/uploads\/2022\/11\/CALCIO-2022-300x200.jpg 300w, https:\/\/www.radiopiu.net\/wordpress\/wp-content\/uploads\/2022\/11\/CALCIO-2022-1024x683.jpg 1024w, https:\/\/www.radiopiu.net\/wordpress\/wp-content\/uploads\/2022\/11\/CALCIO-2022-768x512.jpg 768w, https:\/\/www.radiopiu.net\/wordpress\/wp-content\/uploads\/2022\/11\/CALCIO-2022-1536x1024.jpg 1536w, https:\/\/www.radiopiu.net\/wordpress\/wp-content\/uploads\/2022\/11\/CALCIO-2022.jpg 1920w\" sizes=\"auto, (max-width: 203px) 100vw, 203px\" \/><\/a>di Marco Gaz<\/strong><\/p>\n<p><strong>SECONDA CATEGORIA GIR. T \/ AGORDINA \u2013 SARMEDE 1-1 (GOL AGORDINA: Cancel)<\/strong><\/p>\n<p>Un buon pareggio contro la terza forza del campionato di seconda Categoria girone T del Veneto. L\u2019Agordina strappa un punto al Sarmede in una partita giocata alla pari dagli uomini di Lorenzi. Trevigiani che passano in vantaggio nel primo tempo ed agordini che rispondono con Cancel nella ripresa. Match combattuto e fermato per un quarto d\u2019ora a 10\u2019 dal termine per un grave infortunio ad un giocatore del Sarmede con l\u2019ambulanza costretta ad arrivare all\u2019Ivano Dorigo di Agordo per soccorrere lo sfortunato calciatore. Primi minuti con le squadre che si studiano senza creare vere occasioni. Il primo affondo ufficiale della partita \u00e8 del Sarmede che ne giro di pochi istanti ci prova tre volte. Dell\u2019Osbel para in due occasioni e Dal Don salva il risultato sulla linea di porta. Al 25\u2019 i trevigiani trovano la rete del vantaggio. Tutto nasce da un calcio da fermo: punizione, respinta del portiere e un attaccante \u00e8 pi\u00f9 lesto di tutti a spedire in fondo al sacco il pallone. La squadra di Lorenzi prova a reagire avvicinandosi al pareggio in paio di occasioni ma si va al riposo con il Sarmede avanti di un gol. Nella ripresa gli ospiti si chiudono in difesa non lasciando spiragli agli agordini che le provano tutte per avvicinarsi alla porta. Del Din ha la palla del pareggio ma il suo colpo di testa termina fuori. Girandola di cambi per la squadra di Agordo alla ricerca del gol ma la difesa trevigiana si difende egregiamente fermando al nascere le azioni d\u2019attacco avversarie. Cancel riesce a trovare lo spiraglio per pareggiare i conti ma subito dopo la sfida viene interrotta a lungo a causa di un grave infortunio per un giocatore del Sarmede. \u00a0Si riprende a giocare dopo 15\u2019 di stop e nel finale di gara viene concesso un rigore alla squadra ospite che per\u00f2 viene sbagliato.<\/p>\n<p>&nbsp;<\/p>\n<p><strong>GIOVANISSIMI PROVINCIALI \/ AGORDINA \u2013 JUVENTINA 2-1<\/strong><\/p>\n<p>Dopo la lunga pausa invernale, riprende nel migliore dei modi il campionato Giovanissimi dell\u2019Agordina.\u00a0 Squadra soddisfatta per i tre punti, ma capace anche di una buonissima prestazione nel primo tempo, al termine del quale, il 2-0 maturato, avrebbe potuto essere pi\u00f9 ampio, se i ragazzi di De Bastiani non avessero trovato sulla loro strada un portiere che ha sfoderato una bellissima prestazione, neutralizzando pi\u00f9 volte i tentativi di Soccol e compagni. Nella ripresa invece, partita meno attenta e ordinata che ha permesso agli ospiti di accorciare le distanze e di tenere la partita in bilico fino al fischio finale. Per la cronaca al 6\u2019 \u00e8 Manuel Soccol a sbloccare il risultato con una bella intuizione a rubar palla in anticipo sul difensore avversario per poi trafiggere da breve distanza il portiere. Al 24\u2019 il raddoppio a firma di Gennaro Di Domenico abile ad inserirsi e ad appoggiare in rete un invitante suggerimento di Farenzena. Al 10\u2019 del secondo tempo il gol della Juventina con un tiro da fuori. Poi ancora un paio di interventi dell\u2019estremo difensore ospite a tenere inchiodato il risultato.<\/p>\n<p>&nbsp;<\/p>\n<p><strong>ALLIEVI REGIONALI \/ CONDOR TREVISO \u2013 AGORDINA 1-1<\/strong><\/p>\n<p>Secondo risultato utile consecutivo per la squadra allenata da Orzetti che torna dalla trasferta in terra trevigiana con un punto in tasca. Termina in pareggio la sfida contro il Condor Treviso, squadra che lotta per la salvezza. Un gol a testa tra le due compagini del campionato Allievi Regionali. A sbloccare la partita \u00e8 la formazione agordina con un gol di Casera. Agordina che prova a difendersi con le unghie ma i trevigiani trovano la rete del pareggio. Agordini ancora in fondo alla classifica ma motivati dai due risultati utili consecutivi proveranno a raggiungere la zona playout.<\/p>\n<p>&nbsp;<\/p>\n<p><strong>JUNIORES PROVINCIALI \/ DOMEGGE \u2013 AGORDINA 0-0<\/strong><\/p>\n<p>L\u2019Agordina Juniores di De Zaiacomo torna dalla pausa invernale con un pareggio. Reti inviolate in terra cadorina nella sfida contro il Domegge dopo una partita giocata alla pari dalle due formazioni. Un punto a testa che rispecchia l\u2019andamento del match. Agordini secondi in classifica con 20 punti assieme al Cavarzano.<\/p>\n<p>&nbsp;<\/p>\n<p><strong>JUNIORES REGIONALI \/ GIAVERA \u2013 FIORI BARP 1-3 <\/strong><\/p>\n<p>Torna a vincere la squadra giovanile del Fiori Barp e lo fa in trasferta contro il Giavera. I giovani allenati da De Lazzer incamerano 3 punti importanti per la classifica, fondamentali per lasciare l\u2019ultimo posto in graduatoria. Una splendida partita dei sedicensi capaci di mettere in difficolt\u00e0 i trevigiani in pi\u00f9 occasioni. Bottino pieno grazie alla doppietta di Sinani e il gol di Collavo.<\/p>\n<p>&nbsp;<\/p>\n<p>&nbsp;<\/p>\n<hr \/>\n<p>&nbsp;<\/p>\n<p><span style=\"color: #0000ff;\"><strong>HOCKEY SU GHIACCIO<\/strong><\/span><\/p>\n<blockquote>\n<h3>LE CIVETTE UNDER 17 STRAPPANO IL PASS PER I QUARTI DI FINALE. BATTUTO IL FIEMME\/FASSA IN GARA 2 DEGLI OTTAVI<\/h3>\n<\/blockquote>\n<p><strong><a class=\"dt-pswp-item\" href=\"https:\/\/www.radiopiu.net\/wordpress\/wp-content\/uploads\/2023\/03\/ALLEGHE-UNDER-17-2023.jpg\" data-dt-img-description=\"\" data-large_image_width=\"1024\" data-large_image_height=\"768\"><img loading=\"lazy\" decoding=\"async\" class=\" wp-image-324998 alignleft\" src=\"https:\/\/www.radiopiu.net\/wordpress\/wp-content\/uploads\/2023\/03\/ALLEGHE-UNDER-17-2023-300x225.jpg\" alt=\"\" width=\"191\" height=\"143\" srcset=\"https:\/\/www.radiopiu.net\/wordpress\/wp-content\/uploads\/2023\/03\/ALLEGHE-UNDER-17-2023-300x225.jpg 300w, https:\/\/www.radiopiu.net\/wordpress\/wp-content\/uploads\/2023\/03\/ALLEGHE-UNDER-17-2023-768x576.jpg 768w, https:\/\/www.radiopiu.net\/wordpress\/wp-content\/uploads\/2023\/03\/ALLEGHE-UNDER-17-2023.jpg 1024w\" sizes=\"auto, (max-width: 191px) 100vw, 191px\" \/><\/a>di Marco Gaz<\/strong><\/p>\n<p><strong>ALLEGHE\/CORTINA &#8211; FIEMME\/FASSA 3-0<\/strong><\/p>\n<p>GOL ALLEGHE\/CORTINA: Sudiro, Fattor, Zandegiacomo<\/p>\n<p>Le civette Under 17 vincono con il Fiemme\/Fassa e passano il turno ai quarti di finale del campionato. Un gol per tempo delll&#8217;Alleghe\/Cortina per vincere contro i trentini gara 2 degli ottavi di finale. Dopo il pareggio per 2 a 2 a Cavalese, la squadra allenata da Paolo De Biasio ha fatto vedere di che pasta \u00e8 fatta ed ha superato il turno nonostante una partita giocata alla pari in cui la difesa di casa ha fatto la differenza ma soprattutto il golie della squadra mista bellunese Miro Calvani che ha parato l&#8217;impossibile portando a casa uno shotout. Prima parte di gara nettamente dominata dai biancorossi che\u00a0 entrano in campo pi\u00f9 convinti e sbloccano la partita al 12&#8242; con Sudiro. Nella seconda frazione le squadre giocano alla pari ma ad avere la meglio \u00e8 ancora l&#8217;Alleghe\/Cortina che ad inizio drittel raddoppia con Fattor. Trentini che provano a reagire ma il portiere \u00e8 insuperabile. A chiudere definitivamente la gara a 30&#8243; da termine ci pensa Zandegiacomo. Una bella prestazione delle giovani civette che ora si troveranno di fronte il Junior Team di Ora\/Egna nei quarti di finale del campionato Under 17.<\/p>\n<p>&nbsp;<\/p>\n<p>&nbsp;<\/p>\n<hr \/>\n<p>&nbsp;<\/p>\n<p><span style=\"color: #0000ff;\"><strong>SCI DI FONDO<\/strong><\/span><\/p>\n<blockquote>\n<h3>LA VASALOPPET DI LORENZO BUSIN. 53ESIMO POSTO NELLA GENERALE, SECONDO ITALIANO AL TRAGUARDO<\/h3>\n<\/blockquote>\n<p><strong><a class=\"dt-pswp-item\" href=\"https:\/\/www.radiopiu.net\/wordpress\/wp-content\/uploads\/2023\/03\/334916995_146997124906786_878172025962441897_n.jpg\" data-dt-img-description=\"\" data-large_image_width=\"1531\" data-large_image_height=\"960\"><img loading=\"lazy\" decoding=\"async\" class=\" wp-image-325089 alignleft\" src=\"https:\/\/www.radiopiu.net\/wordpress\/wp-content\/uploads\/2023\/03\/334916995_146997124906786_878172025962441897_n-300x188.jpg\" alt=\"\" width=\"198\" height=\"124\" srcset=\"https:\/\/www.radiopiu.net\/wordpress\/wp-content\/uploads\/2023\/03\/334916995_146997124906786_878172025962441897_n-300x188.jpg 300w, https:\/\/www.radiopiu.net\/wordpress\/wp-content\/uploads\/2023\/03\/334916995_146997124906786_878172025962441897_n-1024x642.jpg 1024w, https:\/\/www.radiopiu.net\/wordpress\/wp-content\/uploads\/2023\/03\/334916995_146997124906786_878172025962441897_n-768x482.jpg 768w, https:\/\/www.radiopiu.net\/wordpress\/wp-content\/uploads\/2023\/03\/334916995_146997124906786_878172025962441897_n.jpg 1531w\" sizes=\"auto, (max-width: 198px) 100vw, 198px\" \/><\/a>di Marco Gaz<\/strong><\/p>\n<p><strong>REDAZIONE<\/strong> Tra i bellunesi alla Vasaloppet 2023 anche Lorenzo Busin. Il ragazzo della Valle del Biois, del Team Internorm Alpenplus Trentino, ha chiuso la 90 km di gara al 53\u00b0 posto assoluto. Un ottimo risultato per Lorenzo che nella sprint \u00e8 passato al traguardo al terzo posto, poi una gara gestita bene fino al 70esimo km restando avanti con i pi\u00f9 forti. Poi Busin paga lo sforzo perdendo posizione dopo posizione. Secondo italiano al traguardo della long distance svedese, una classica degli sci stretti.<\/p>\n<p>&nbsp;<\/p>\n<p>&nbsp;<\/p>\n<hr \/>\n<p>&nbsp;<\/p>\n<p><span style=\"color: #0000ff;\"><strong>CALCIO A 5<\/strong><\/span><\/p>\n<blockquote>\n<h3>LA CANOTTIERI VINCE E CONVINCE CONTRO IL GIORGIONE<\/h3>\n<\/blockquote>\n<p><strong><a class=\"dt-pswp-item\" href=\"https:\/\/www.radiopiu.net\/wordpress\/wp-content\/uploads\/2023\/03\/331780234_861661018233281_5767760708037974094_n.jpg\" data-dt-img-description=\"\" data-large_image_width=\"2048\" data-large_image_height=\"1366\"><img loading=\"lazy\" decoding=\"async\" class=\" wp-image-325031 alignleft\" src=\"https:\/\/www.radiopiu.net\/wordpress\/wp-content\/uploads\/2023\/03\/331780234_861661018233281_5767760708037974094_n-300x200.jpg\" alt=\"\" width=\"171\" height=\"114\" srcset=\"https:\/\/www.radiopiu.net\/wordpress\/wp-content\/uploads\/2023\/03\/331780234_861661018233281_5767760708037974094_n-300x200.jpg 300w, https:\/\/www.radiopiu.net\/wordpress\/wp-content\/uploads\/2023\/03\/331780234_861661018233281_5767760708037974094_n-1024x683.jpg 1024w, https:\/\/www.radiopiu.net\/wordpress\/wp-content\/uploads\/2023\/03\/331780234_861661018233281_5767760708037974094_n-768x512.jpg 768w, https:\/\/www.radiopiu.net\/wordpress\/wp-content\/uploads\/2023\/03\/331780234_861661018233281_5767760708037974094_n-1536x1025.jpg 1536w, https:\/\/www.radiopiu.net\/wordpress\/wp-content\/uploads\/2023\/03\/331780234_861661018233281_5767760708037974094_n.jpg 2048w\" sizes=\"auto, (max-width: 171px) 100vw, 171px\" \/><\/a>SERIE B GIRONE B<\/strong><\/p>\n<p><strong>CANOTTIERI BELLUNO &#8211; GIORGIONE 3-0<\/strong><\/p>\n<p>Canottieri-Giorgione: la risolve un doppio Dall&#8217;\u00d2 e il Dalfa, finisce 3 a 0.<\/p>\n<p><em>(FOTO: Dalla Libera)<\/em><\/p>\n<p><strong>IL SERVIZIO DI ANTONIO FIABANE, PORTAVOCE DELLA CANOTTIERI BELLUNO<\/strong><\/p>\n<audio class=\"wp-audio-shortcode\" id=\"audio-324927-11\" preload=\"none\" style=\"width: 100%;\" controls=\"controls\"><source type=\"audio\/mpeg\" src=\"https:\/\/www.radiopiu.net\/wordpress\/wp-content\/uploads\/2023\/03\/CANOTTIERI-SITO.mp3?_=11\" \/><a href=\"https:\/\/www.radiopiu.net\/wordpress\/wp-content\/uploads\/2023\/03\/CANOTTIERI-SITO.mp3\">https:\/\/www.radiopiu.net\/wordpress\/wp-content\/uploads\/2023\/03\/CANOTTIERI-SITO.mp3<\/a><\/audio>\n<p>&nbsp;<\/p>\n<p>&nbsp;<\/p>\n<hr \/>\n<p>&nbsp;<\/p>\n<p><span style=\"color: #0000ff;\"><strong>PALLAVOLO<\/strong><\/span><\/p>\n<blockquote>\n<h3>IL VOLLEY CLUB AGORDINO CROLLA A VEDELAGO<\/h3>\n<\/blockquote>\n<p><strong><a class=\"dt-pswp-item\" href=\"https:\/\/www.radiopiu.net\/wordpress\/wp-content\/uploads\/2023\/01\/VOLLEY-2023.jpg\" data-dt-img-description=\"\" data-large_image_width=\"1920\" data-large_image_height=\"1280\"><img loading=\"lazy\" decoding=\"async\" class=\" wp-image-318320 alignleft\" src=\"https:\/\/www.radiopiu.net\/wordpress\/wp-content\/uploads\/2023\/01\/VOLLEY-2023-300x200.jpg\" alt=\"\" width=\"186\" height=\"124\" srcset=\"https:\/\/www.radiopiu.net\/wordpress\/wp-content\/uploads\/2023\/01\/VOLLEY-2023-300x200.jpg 300w, https:\/\/www.radiopiu.net\/wordpress\/wp-content\/uploads\/2023\/01\/VOLLEY-2023-1024x683.jpg 1024w, https:\/\/www.radiopiu.net\/wordpress\/wp-content\/uploads\/2023\/01\/VOLLEY-2023-768x512.jpg 768w, https:\/\/www.radiopiu.net\/wordpress\/wp-content\/uploads\/2023\/01\/VOLLEY-2023-1536x1024.jpg 1536w, https:\/\/www.radiopiu.net\/wordpress\/wp-content\/uploads\/2023\/01\/VOLLEY-2023.jpg 1920w\" sizes=\"auto, (max-width: 186px) 100vw, 186px\" \/><\/a>di Marco Gaz<\/strong><\/p>\n<p><strong>PRIMA DIVISIONE<\/strong><\/p>\n<p><strong>VEDELAGO &#8211; VOLLEY CLUB AGORDINO 3-1 (25-20, 25-16, 23-25, 25-13)<\/strong><\/p>\n<p>Seconda sconfitta consecutiva per il Volley Club Agordino che contro il Vedelago resiste per quattro set. Le trevigiane fanno bottino pieno ma le ragazze di De Nardin non hanno demeritato. Un calo di prestazione delle agordine nel secondo e quarto set \u00e8 costato caro alla compagine di Agordo che non ha reagito come doveva. Partono subito bene le padrone di casa conquistando il primo parziale dopo una lotta punto a punto. Nel secondo set il Volley Club Agordino crolla e lascia al Vedelago 9 punti di vantaggio. Ragazze di De Nardin che si svegliano subito dopo con una bella reazione evitando che le trevigiane chiudano la partita. Nel quarto parziale un&#8217;altro crollo delle agordine che consegnano la vittoria alle padrone di casa. Squadra di Agordo ancora in zona salvezza con 22 punti.<\/p>\n<p>&nbsp;<\/p>\n<blockquote>\n<h3>LE LUPE CHIUDONO IN TRE SET CON IL SOLESINO<\/h3>\n<\/blockquote>\n<p><b><a class=\"dt-pswp-item\" href=\"https:\/\/www.radiopiu.net\/wordpress\/wp-content\/uploads\/2023\/03\/Successo_in_3_set_su_Solesino.jpg\" data-dt-img-description=\"\" data-large_image_width=\"1996\" data-large_image_height=\"1254\"><img loading=\"lazy\" decoding=\"async\" class=\" wp-image-325004 alignleft\" src=\"https:\/\/www.radiopiu.net\/wordpress\/wp-content\/uploads\/2023\/03\/Successo_in_3_set_su_Solesino-300x188.jpg\" alt=\"\" width=\"187\" height=\"117\" srcset=\"https:\/\/www.radiopiu.net\/wordpress\/wp-content\/uploads\/2023\/03\/Successo_in_3_set_su_Solesino-300x188.jpg 300w, https:\/\/www.radiopiu.net\/wordpress\/wp-content\/uploads\/2023\/03\/Successo_in_3_set_su_Solesino-1024x643.jpg 1024w, https:\/\/www.radiopiu.net\/wordpress\/wp-content\/uploads\/2023\/03\/Successo_in_3_set_su_Solesino-768x483.jpg 768w, https:\/\/www.radiopiu.net\/wordpress\/wp-content\/uploads\/2023\/03\/Successo_in_3_set_su_Solesino-1536x965.jpg 1536w, https:\/\/www.radiopiu.net\/wordpress\/wp-content\/uploads\/2023\/03\/Successo_in_3_set_su_Solesino.jpg 1996w\" sizes=\"auto, (max-width: 187px) 100vw, 187px\" \/><\/a>HL IMMOBILIARE BELLUNO-DINAMICA SOLESINO<\/b> <b>3-0 <\/b><strong>(25-17, 25-17, 25-19)<\/strong><\/p>\n<p>Concrete, lucide, a tratti pure feroci: queste sono le vere lupe, abili a trasformare una delicatissima sfida salvezza in un autentico monologo. Spinta dal pubblico del De Mas, la Pallavolo Femminile Belluno non d\u00e0 scampo alla Dinamica Solesino. E strappa tre punti di fondamentale importanza. Perch\u00e9 grazie a questo 3-0 \u2013 il primo dell\u2019intera stagione \u2013 lascia l\u2019ultimo posto in graduatoria e rilancia prepotentemente le sue quotazioni in chiave salvezza. A fine gara, non nasconde la sua soddisfazione coach Lorenzo Nesello: \u00ab<em>Sono molto, molto, molto contento. Ci voleva, a maggior ragione davanti al nostro pubblico. Spero che questa vittoria ci dia morale. E spero, soprattutto, che sia la prima di una lunga serie. Le ragazze si sono aiutate l\u2019una con l\u2019altra, hanno lottato e dato vita a una prova di sacrificio: in particolare le centrali, che hanno pensato esclusivamente al bene collettivo e meritano davvero un plauso<\/em>&#8220;.<\/p>\n<p>&nbsp;<\/p>\n<hr \/>\n<p>&nbsp;<\/p>\n<blockquote>\n<h2>Parma spezza la striscia positiva della Da Rold Logistics<\/h2>\n<\/blockquote>\n<p><a class=\"dt-pswp-item\" href=\"https:\/\/www.radiopiu.net\/wordpress\/wp-content\/uploads\/2023\/03\/Il_muro_dolomitico.jpg\" data-dt-img-description=\"\" data-large_image_width=\"931\" data-large_image_height=\"621\"><img loading=\"lazy\" decoding=\"async\" class=\"size-medium wp-image-325199 alignleft\" src=\"https:\/\/www.radiopiu.net\/wordpress\/wp-content\/uploads\/2023\/03\/Il_muro_dolomitico-300x200.jpg\" alt=\"\" width=\"300\" height=\"200\" srcset=\"https:\/\/www.radiopiu.net\/wordpress\/wp-content\/uploads\/2023\/03\/Il_muro_dolomitico-300x200.jpg 300w, https:\/\/www.radiopiu.net\/wordpress\/wp-content\/uploads\/2023\/03\/Il_muro_dolomitico-768x512.jpg 768w, https:\/\/www.radiopiu.net\/wordpress\/wp-content\/uploads\/2023\/03\/Il_muro_dolomitico.jpg 931w\" sizes=\"auto, (max-width: 300px) 100vw, 300px\" \/><\/a><strong>PARMA- BELLUNO 3-1 PARZIALI: 25-20, 21-25, 25-20, 25-20.\u00a0<\/strong><\/p>\n<p>BELLUNO: Maccabruni 5, Novello 14, Saibene 14, Graziani 4, Mozzato 6, Stufano 10; Martinez (L), Guolla, Ostuzzi 3, Candeago, Paganin. N.e. Guastamacchia, Galliani, Pierobon (L). Allenatore: G. Colussi.<\/p>\n<p>&nbsp;<\/p>\n<p>Dopo tre vittorie consecutive, \u00e8 la WiMore Parma a spezzare la striscia positiva della pallavolo Belluno. E a marchiare a fuoco il doppio confronto: tra andata e ritorno, infatti, gli emiliani non hanno lasciato neppure un punticino ai rinoceronti. Se il match d\u2019andata, alla Spes Arena, era stato un monologo giallobl\u00f9, al PalaRaschi i bellunesi hanno il merito di provarci e di esprimere sprazzi di buona pallavolo. Tanto da conquistare, con merito, il secondo set. Ma non basta. E il bottino pieno \u00e8 di una WiMore che, in classifica, scavalca proprio i bellunesi, attualmente settimi in graduatoria, a pari merito con Garlasco (i lombardi saranno impegnati domani sera, in posticipo, a Bologna).<\/p>\n<p><strong>LE PAROLE DEL COACH<\/strong> &#8211; <em>\u00abSerata complicata &#8211; \u00e8 l\u2019analisi di coach Gian Luca Colussi -. Non abbiamo avuto la brillantezza necessaria per tenere testa a una squadra davvero in forma. Ci siamo un po\u2019 disuniti e abbiamo faticato parecchio nella correlazione muro-difesa: da questo punto di vista, abbiamo sub\u00ecto la loro fisicit\u00e0. Merito a Parma, quindi, ma noi potevamo fare meglio\u00bb. Ora il campionato osserver\u00e0 un fine settimana di stop: i ragazzi guidati da Colussi torneranno sotto rete sabato 18 (ore 20.30), alla Spes Arena, contro il Montecchio Maggiore. \u00abLa pausa ora diventa salutare &#8211; conclude il tecnico -. Poi ci concentreremo sulle ultime tre sfide: da fine agosto lavoriamo per raggiungere l\u2019obiettivo playoff. Dobbiamo crederci e dare tutto\u00bb.\u00a0<\/em><\/p>\n<p>&nbsp;<\/p>\n<p>&nbsp;<\/p>\n<hr \/>\n<p>&nbsp;<\/p>\n<p><span style=\"color: #0000ff;\"><strong>SKIALP<\/strong><\/span><\/p>\n<blockquote>\n<h3>UN ALTRO OTTIMO PIAZZAMENTO PER MARTINA SCOLA. QUARTA NELLA INDIVIDUALE DEI MONDIALI<\/h3>\n<\/blockquote>\n<p><strong><a class=\"dt-pswp-item\" href=\"https:\/\/www.radiopiu.net\/wordpress\/wp-content\/uploads\/2023\/03\/MARTINA-SCOLA.jpeg\" data-dt-img-description=\"\" data-large_image_width=\"1228\" data-large_image_height=\"914\"><img loading=\"lazy\" decoding=\"async\" class=\" wp-image-324434 alignleft\" src=\"https:\/\/www.radiopiu.net\/wordpress\/wp-content\/uploads\/2023\/03\/MARTINA-SCOLA-300x223.jpeg\" alt=\"\" width=\"170\" height=\"126\" srcset=\"https:\/\/www.radiopiu.net\/wordpress\/wp-content\/uploads\/2023\/03\/MARTINA-SCOLA-300x223.jpeg 300w, https:\/\/www.radiopiu.net\/wordpress\/wp-content\/uploads\/2023\/03\/MARTINA-SCOLA-1024x762.jpeg 1024w, https:\/\/www.radiopiu.net\/wordpress\/wp-content\/uploads\/2023\/03\/MARTINA-SCOLA-768x572.jpeg 768w, https:\/\/www.radiopiu.net\/wordpress\/wp-content\/uploads\/2023\/03\/MARTINA-SCOLA.jpeg 1228w\" sizes=\"auto, (max-width: 170px) 100vw, 170px\" \/><\/a>di Marco Gaz<\/strong><\/p>\n<p><strong>REDAZIONE<\/strong> Non finisce di stupire Martina Scola. L&#8217;atleta dello Sci Club Marmolada ha conquistato un altro splendido risultato ai mondiali di SkiAlp in corso sui Pirenei Spagnoli a Boi Taull. Giornata dedicata alla prova individuale con la ragazza della Valle del Biois che ha chiuso la prova al quarto posto, a due minuti di distacco dalla connazionale Melissa Bertolina. Un Mondiale che ricorder\u00e0 a lungo quello che sta disputando Martina Scola.<\/p>\n<p>&nbsp;<\/p>\n<p>&nbsp;<\/p>\n<blockquote>\n<h3>TROFEO SKI ALP 4 VALLI: STEFANO GARDENER E GIORGIA FELICETTI SONO IL RE E LA REGINA DELLA MOLINO-CAVERSON<\/h3>\n<\/blockquote>\n<p><strong>FALCADE<\/strong> \u00c8 andata in scena sul tracciato di Molino Caverson l&#8217;ultima tappa del Trofeo Ski Alp 4 Valli. Sul tracciato breve ma impegnativo di 3 km con 400 metri di dislivello, ad avere la meglio \u00e8 stato l\u2019ex fondista Stefano Gardener. In ambito femminile la vittoria \u00e8 andata a Giorgia Felicetti. Gabriel Depaul e Kristel Mottin vincono la 24&#8242; edizione del Trofeo Ski Alp 4 Valli.<\/p>\n<p><strong>AI MICROFONI DI RADIO PIU&#8217; CARLO ZANON<\/strong><\/p>\n<audio class=\"wp-audio-shortcode\" id=\"audio-324927-12\" preload=\"none\" style=\"width: 100%;\" controls=\"controls\"><source type=\"audio\/mpeg\" src=\"https:\/\/www.radiopiu.net\/wordpress\/wp-content\/uploads\/2023\/03\/CARLO-ZANON.mp3?_=12\" \/><a href=\"https:\/\/www.radiopiu.net\/wordpress\/wp-content\/uploads\/2023\/03\/CARLO-ZANON.mp3\">https:\/\/www.radiopiu.net\/wordpress\/wp-content\/uploads\/2023\/03\/CARLO-ZANON.mp3<\/a><\/audio>\n<p>&nbsp;<\/p>\n<p><strong>PER LE CLASSIFICHE <a href=\"https:\/\/www.sportdimontagna.com\/sites\/default\/files\/download\/risultati-gara-corsa-a-cronometro-3.pdf\">CLICCA QUI<\/a><\/strong><\/p>\n\n\t\t\t<style type='text\/css'>\n\t\t\t\t#gallery-8 {\n\t\t\t\t\tmargin: auto;\n\t\t\t\t}\n\t\t\t\t#gallery-8 .gallery-item {\n\t\t\t\t\tfloat: left;\n\t\t\t\t\tmargin-top: 10px;\n\t\t\t\t\ttext-align: center;\n\t\t\t\t\twidth: 25%;\n\t\t\t\t}\n\t\t\t\t#gallery-8 img {\n\t\t\t\t\tborder: 2px solid #cfcfcf;\n\t\t\t\t}\n\t\t\t\t#gallery-8 .gallery-caption {\n\t\t\t\t\tmargin-left: 0;\n\t\t\t\t}\n\t\t\t\t\/* see gallery_shortcode() in wp-includes\/media.php *\/\n\t\t\t<\/style>\n\t\t<div id='gallery-8' class='dt-gallery-container gallery galleryid-324927 gallery-columns-4 gallery-size-thumbnail'><dl class='gallery-item'>\n\t\t\t\t<dt class='gallery-icon portrait'>\n\t\t\t\t\t<a class=\"rollover rollover-zoom dt-pswp-item\" title=\"334662259_596323909177810_6797231257932788935_n\" data-dt-img-description=\"\" data-large_image_width=\"843\" data-large_image_height=\"1315\"href='https:\/\/www.radiopiu.net\/wordpress\/wp-content\/uploads\/2023\/03\/334662259_596323909177810_6797231257932788935_n.jpg'><img loading=\"lazy\" decoding=\"async\" width=\"150\" height=\"150\" src=\"https:\/\/www.radiopiu.net\/wordpress\/wp-content\/uploads\/2023\/03\/334662259_596323909177810_6797231257932788935_n-150x150.jpg\" class=\"attachment-thumbnail size-thumbnail\" alt=\"\" \/><\/a>\n\t\t\t\t<\/dt><\/dl><dl class='gallery-item'>\n\t\t\t\t<dt class='gallery-icon portrait'>\n\t\t\t\t\t<a class=\"rollover rollover-zoom dt-pswp-item\" title=\"331736212_198257279472650_8280781125213059634_n\" data-dt-img-description=\"\" data-large_image_width=\"960\" data-large_image_height=\"1268\"href='https:\/\/www.radiopiu.net\/wordpress\/wp-content\/uploads\/2023\/03\/331736212_198257279472650_8280781125213059634_n.jpg'><img loading=\"lazy\" decoding=\"async\" width=\"150\" height=\"150\" src=\"https:\/\/www.radiopiu.net\/wordpress\/wp-content\/uploads\/2023\/03\/331736212_198257279472650_8280781125213059634_n-150x150.jpg\" class=\"attachment-thumbnail size-thumbnail\" alt=\"\" \/><\/a>\n\t\t\t\t<\/dt><\/dl><dl class='gallery-item'>\n\t\t\t\t<dt class='gallery-icon landscape'>\n\t\t\t\t\t<a class=\"rollover rollover-zoom dt-pswp-item\" title=\"331743853_192644873402382_4957458511756665361_n\" data-dt-img-description=\"\" data-large_image_width=\"1204\" data-large_image_height=\"960\"href='https:\/\/www.radiopiu.net\/wordpress\/wp-content\/uploads\/2023\/03\/331743853_192644873402382_4957458511756665361_n.jpg'><img loading=\"lazy\" decoding=\"async\" width=\"150\" height=\"150\" src=\"https:\/\/www.radiopiu.net\/wordpress\/wp-content\/uploads\/2023\/03\/331743853_192644873402382_4957458511756665361_n-150x150.jpg\" class=\"attachment-thumbnail size-thumbnail\" alt=\"\" \/><\/a>\n\t\t\t\t<\/dt><\/dl><dl class='gallery-item'>\n\t\t\t\t<dt class='gallery-icon landscape'>\n\t\t\t\t\t<a class=\"rollover rollover-zoom dt-pswp-item\" title=\"331731559_921451745835428_7993559608865076257_n\" data-dt-img-description=\"\" data-large_image_width=\"2048\" data-large_image_height=\"1900\"href='https:\/\/www.radiopiu.net\/wordpress\/wp-content\/uploads\/2023\/03\/331731559_921451745835428_7993559608865076257_n.jpg'><img loading=\"lazy\" decoding=\"async\" width=\"150\" height=\"150\" src=\"https:\/\/www.radiopiu.net\/wordpress\/wp-content\/uploads\/2023\/03\/331731559_921451745835428_7993559608865076257_n-150x150.jpg\" class=\"attachment-thumbnail size-thumbnail\" alt=\"\" \/><\/a>\n\t\t\t\t<\/dt><\/dl><br style=\"clear: both\" \/>\n\t\t\t<\/div>\n\n<p>&nbsp;<\/p>\n<hr \/>\n<p>&nbsp;<\/p>\n<p><span style=\"color: #0000ff;\"><strong>SCI ALPINO E FONDO<\/strong><\/span><\/p>\n<blockquote>\n<h3>QUARANTACINQUESIMO GRAND PRIX ALLO SCI CLUB GALLIO E SCI CLUB BOSCO<\/h3>\n<\/blockquote>\n<p><strong>BELLUNO <\/strong>Oltre 700 Baby e Cuccioli in gara nel fine settimana in Val di Zoldo, sulle Dolomiti Bellunesi, per la due giorni delle finali del Grand Prix, il circuito dello sci alpino e dello sci di fondo dedicato agli under 10 e agli under 12 che rappresenta uno degli eventi pi\u00f9 longevi e intensi nel panorama dello sci italiano. Quella celebrata sabato 4 e domenica 5 marzo \u00e8 stata la <a href=\"http:\/\/45.ma\">45.ma<\/a> edizione del Grand Prix Lattebusche che ha avuto come teatro di gara le piste Cristelin 1 e Grava 2, in localit\u00e0 Pecol, per i protagonisti dello sci alpino, la pista Pompeo Fattor di Palafav\u00e8ra per i fondisti. Per quanto riguarda lo sci alpino (gare organizzate dal Pelmo Ski Team) 450 in gara nelle due giornate. A imporsi nella graduatoria finale sono stati i vicentini dello Sci club Gallio che hanno totalizzato 695,5 punti. Al secondo e terzo posto, rispettivamente, due club di Cortina: lo Sci club Cortina (648) e lo Sci club 18 (514). A completare un\u2019altra societ\u00e0 della conca ampezzana, lo Sci club Drusci\u00e9, e lo Sci club Arabba.\u00a0 Per quanto riguarda gli sci stretti (gare proposte dallo Sci club Valzoldana), doppietta veronese: vittoria per lo Sci club Bosco Lessinia (323 punti) e piazza d\u2019onore per lo Sci club Orsi Bianchi (302). Sul gradino pi\u00f9 basso del podio i vicentini del 2 A Asiago Altopiano. Sci club Cortina e Sci Nordico Marmolada hanno completato le prime cinque posizioni.<\/p>\n\n\t\t\t<style type='text\/css'>\n\t\t\t\t#gallery-9 {\n\t\t\t\t\tmargin: auto;\n\t\t\t\t}\n\t\t\t\t#gallery-9 .gallery-item {\n\t\t\t\t\tfloat: left;\n\t\t\t\t\tmargin-top: 10px;\n\t\t\t\t\ttext-align: center;\n\t\t\t\t\twidth: 33%;\n\t\t\t\t}\n\t\t\t\t#gallery-9 img {\n\t\t\t\t\tborder: 2px solid #cfcfcf;\n\t\t\t\t}\n\t\t\t\t#gallery-9 .gallery-caption {\n\t\t\t\t\tmargin-left: 0;\n\t\t\t\t}\n\t\t\t\t\/* see gallery_shortcode() in wp-includes\/media.php *\/\n\t\t\t<\/style>\n\t\t<div id='gallery-9' class='dt-gallery-container gallery galleryid-324927 gallery-columns-3 gallery-size-medium'><dl class='gallery-item'>\n\t\t\t\t<dt class='gallery-icon landscape'>\n\t\t\t\t\t<a class=\"rollover rollover-zoom dt-pswp-item\" title=\"\u00a9echidialessandrosogne-2 PODIO SOCIETA FONDO\" data-dt-img-description=\"\" data-large_image_width=\"1980\" data-large_image_height=\"1320\"href='https:\/\/www.radiopiu.net\/wordpress\/wp-content\/uploads\/2023\/03\/\u00a9echidialessandrosogne-2-PODIO-SOCIETA-FONDO.jpg'><img loading=\"lazy\" decoding=\"async\" width=\"300\" height=\"200\" src=\"https:\/\/www.radiopiu.net\/wordpress\/wp-content\/uploads\/2023\/03\/\u00a9echidialessandrosogne-2-PODIO-SOCIETA-FONDO-300x200.jpg\" class=\"attachment-medium size-medium\" alt=\"\" srcset=\"https:\/\/www.radiopiu.net\/wordpress\/wp-content\/uploads\/2023\/03\/\u00a9echidialessandrosogne-2-PODIO-SOCIETA-FONDO-300x200.jpg 300w, https:\/\/www.radiopiu.net\/wordpress\/wp-content\/uploads\/2023\/03\/\u00a9echidialessandrosogne-2-PODIO-SOCIETA-FONDO-1024x683.jpg 1024w, https:\/\/www.radiopiu.net\/wordpress\/wp-content\/uploads\/2023\/03\/\u00a9echidialessandrosogne-2-PODIO-SOCIETA-FONDO-768x512.jpg 768w, https:\/\/www.radiopiu.net\/wordpress\/wp-content\/uploads\/2023\/03\/\u00a9echidialessandrosogne-2-PODIO-SOCIETA-FONDO-1536x1024.jpg 1536w, https:\/\/www.radiopiu.net\/wordpress\/wp-content\/uploads\/2023\/03\/\u00a9echidialessandrosogne-2-PODIO-SOCIETA-FONDO.jpg 1980w\" sizes=\"auto, (max-width: 300px) 100vw, 300px\" \/><\/a>\n\t\t\t\t<\/dt><\/dl><dl class='gallery-item'>\n\t\t\t\t<dt class='gallery-icon landscape'>\n\t\t\t\t\t<a class=\"rollover rollover-zoom dt-pswp-item\" title=\"\u00a9echidialessandrosogne ALPINO 1\" data-dt-img-description=\"\" data-large_image_width=\"1980\" data-large_image_height=\"1320\"href='https:\/\/www.radiopiu.net\/wordpress\/wp-content\/uploads\/2023\/03\/\u00a9echidialessandrosogne-ALPINO-1.jpg'><img loading=\"lazy\" decoding=\"async\" width=\"300\" height=\"200\" src=\"https:\/\/www.radiopiu.net\/wordpress\/wp-content\/uploads\/2023\/03\/\u00a9echidialessandrosogne-ALPINO-1-300x200.jpg\" class=\"attachment-medium size-medium\" alt=\"\" srcset=\"https:\/\/www.radiopiu.net\/wordpress\/wp-content\/uploads\/2023\/03\/\u00a9echidialessandrosogne-ALPINO-1-300x200.jpg 300w, https:\/\/www.radiopiu.net\/wordpress\/wp-content\/uploads\/2023\/03\/\u00a9echidialessandrosogne-ALPINO-1-1024x683.jpg 1024w, https:\/\/www.radiopiu.net\/wordpress\/wp-content\/uploads\/2023\/03\/\u00a9echidialessandrosogne-ALPINO-1-768x512.jpg 768w, https:\/\/www.radiopiu.net\/wordpress\/wp-content\/uploads\/2023\/03\/\u00a9echidialessandrosogne-ALPINO-1-1536x1024.jpg 1536w, https:\/\/www.radiopiu.net\/wordpress\/wp-content\/uploads\/2023\/03\/\u00a9echidialessandrosogne-ALPINO-1.jpg 1980w\" sizes=\"auto, (max-width: 300px) 100vw, 300px\" \/><\/a>\n\t\t\t\t<\/dt><\/dl><dl class='gallery-item'>\n\t\t\t\t<dt class='gallery-icon landscape'>\n\t\t\t\t\t<a class=\"rollover rollover-zoom dt-pswp-item\" title=\"\u00a9echidialessandrosogne FONDO 1\" data-dt-img-description=\"\" data-large_image_width=\"1980\" data-large_image_height=\"1320\"href='https:\/\/www.radiopiu.net\/wordpress\/wp-content\/uploads\/2023\/03\/\u00a9echidialessandrosogne-FONDO-1.jpg'><img loading=\"lazy\" decoding=\"async\" width=\"300\" height=\"200\" src=\"https:\/\/www.radiopiu.net\/wordpress\/wp-content\/uploads\/2023\/03\/\u00a9echidialessandrosogne-FONDO-1-300x200.jpg\" class=\"attachment-medium size-medium\" alt=\"\" srcset=\"https:\/\/www.radiopiu.net\/wordpress\/wp-content\/uploads\/2023\/03\/\u00a9echidialessandrosogne-FONDO-1-300x200.jpg 300w, https:\/\/www.radiopiu.net\/wordpress\/wp-content\/uploads\/2023\/03\/\u00a9echidialessandrosogne-FONDO-1-1024x683.jpg 1024w, https:\/\/www.radiopiu.net\/wordpress\/wp-content\/uploads\/2023\/03\/\u00a9echidialessandrosogne-FONDO-1-768x512.jpg 768w, https:\/\/www.radiopiu.net\/wordpress\/wp-content\/uploads\/2023\/03\/\u00a9echidialessandrosogne-FONDO-1-1536x1024.jpg 1536w, https:\/\/www.radiopiu.net\/wordpress\/wp-content\/uploads\/2023\/03\/\u00a9echidialessandrosogne-FONDO-1.jpg 1980w\" sizes=\"auto, (max-width: 300px) 100vw, 300px\" \/><\/a>\n\t\t\t\t<\/dt><\/dl><br style=\"clear: both\" \/><dl class='gallery-item'>\n\t\t\t\t<dt class='gallery-icon landscape'>\n\t\t\t\t\t<a class=\"rollover rollover-zoom dt-pswp-item\" title=\"\u00a9echidialessandrosogne PODIO SOCIETA ALPINO\" data-dt-img-description=\"\" data-large_image_width=\"1980\" data-large_image_height=\"1320\"href='https:\/\/www.radiopiu.net\/wordpress\/wp-content\/uploads\/2023\/03\/\u00a9echidialessandrosogne-PODIO-SOCIETA-ALPINO.jpg'><img loading=\"lazy\" decoding=\"async\" width=\"300\" height=\"200\" src=\"https:\/\/www.radiopiu.net\/wordpress\/wp-content\/uploads\/2023\/03\/\u00a9echidialessandrosogne-PODIO-SOCIETA-ALPINO-300x200.jpg\" class=\"attachment-medium size-medium\" alt=\"\" srcset=\"https:\/\/www.radiopiu.net\/wordpress\/wp-content\/uploads\/2023\/03\/\u00a9echidialessandrosogne-PODIO-SOCIETA-ALPINO-300x200.jpg 300w, https:\/\/www.radiopiu.net\/wordpress\/wp-content\/uploads\/2023\/03\/\u00a9echidialessandrosogne-PODIO-SOCIETA-ALPINO-1024x683.jpg 1024w, https:\/\/www.radiopiu.net\/wordpress\/wp-content\/uploads\/2023\/03\/\u00a9echidialessandrosogne-PODIO-SOCIETA-ALPINO-768x512.jpg 768w, https:\/\/www.radiopiu.net\/wordpress\/wp-content\/uploads\/2023\/03\/\u00a9echidialessandrosogne-PODIO-SOCIETA-ALPINO-1536x1024.jpg 1536w, https:\/\/www.radiopiu.net\/wordpress\/wp-content\/uploads\/2023\/03\/\u00a9echidialessandrosogne-PODIO-SOCIETA-ALPINO.jpg 1980w\" sizes=\"auto, (max-width: 300px) 100vw, 300px\" \/><\/a>\n\t\t\t\t<\/dt><\/dl><dl class='gallery-item'>\n\t\t\t\t<dt class='gallery-icon landscape'>\n\t\t\t\t\t<a class=\"rollover rollover-zoom dt-pswp-item\" title=\"\u00a9echidialessandrosogne ALPINO 2\" data-dt-img-description=\"\" data-large_image_width=\"1980\" data-large_image_height=\"1320\"href='https:\/\/www.radiopiu.net\/wordpress\/wp-content\/uploads\/2023\/03\/\u00a9echidialessandrosogne-ALPINO-2.jpg'><img loading=\"lazy\" decoding=\"async\" width=\"300\" height=\"200\" src=\"https:\/\/www.radiopiu.net\/wordpress\/wp-content\/uploads\/2023\/03\/\u00a9echidialessandrosogne-ALPINO-2-300x200.jpg\" class=\"attachment-medium size-medium\" alt=\"\" srcset=\"https:\/\/www.radiopiu.net\/wordpress\/wp-content\/uploads\/2023\/03\/\u00a9echidialessandrosogne-ALPINO-2-300x200.jpg 300w, https:\/\/www.radiopiu.net\/wordpress\/wp-content\/uploads\/2023\/03\/\u00a9echidialessandrosogne-ALPINO-2-1024x683.jpg 1024w, https:\/\/www.radiopiu.net\/wordpress\/wp-content\/uploads\/2023\/03\/\u00a9echidialessandrosogne-ALPINO-2-768x512.jpg 768w, https:\/\/www.radiopiu.net\/wordpress\/wp-content\/uploads\/2023\/03\/\u00a9echidialessandrosogne-ALPINO-2-1536x1024.jpg 1536w, https:\/\/www.radiopiu.net\/wordpress\/wp-content\/uploads\/2023\/03\/\u00a9echidialessandrosogne-ALPINO-2.jpg 1980w\" sizes=\"auto, (max-width: 300px) 100vw, 300px\" \/><\/a>\n\t\t\t\t<\/dt><\/dl><dl class='gallery-item'>\n\t\t\t\t<dt class='gallery-icon landscape'>\n\t\t\t\t\t<a class=\"rollover rollover-zoom dt-pswp-item\" title=\"\u00a9echidialessandrosogne FONDO 2\" data-dt-img-description=\"\" data-large_image_width=\"1980\" data-large_image_height=\"1320\"href='https:\/\/www.radiopiu.net\/wordpress\/wp-content\/uploads\/2023\/03\/\u00a9echidialessandrosogne-FONDO-2.jpg'><img loading=\"lazy\" decoding=\"async\" width=\"300\" height=\"200\" src=\"https:\/\/www.radiopiu.net\/wordpress\/wp-content\/uploads\/2023\/03\/\u00a9echidialessandrosogne-FONDO-2-300x200.jpg\" class=\"attachment-medium size-medium\" alt=\"\" srcset=\"https:\/\/www.radiopiu.net\/wordpress\/wp-content\/uploads\/2023\/03\/\u00a9echidialessandrosogne-FONDO-2-300x200.jpg 300w, https:\/\/www.radiopiu.net\/wordpress\/wp-content\/uploads\/2023\/03\/\u00a9echidialessandrosogne-FONDO-2-1024x683.jpg 1024w, https:\/\/www.radiopiu.net\/wordpress\/wp-content\/uploads\/2023\/03\/\u00a9echidialessandrosogne-FONDO-2-768x512.jpg 768w, https:\/\/www.radiopiu.net\/wordpress\/wp-content\/uploads\/2023\/03\/\u00a9echidialessandrosogne-FONDO-2-1536x1024.jpg 1536w, https:\/\/www.radiopiu.net\/wordpress\/wp-content\/uploads\/2023\/03\/\u00a9echidialessandrosogne-FONDO-2.jpg 1980w\" sizes=\"auto, (max-width: 300px) 100vw, 300px\" \/><\/a>\n\t\t\t\t<\/dt><\/dl><br style=\"clear: both\" \/>\n\t\t\t<\/div>\n\n<p>&nbsp;<\/p>\n<p>&nbsp;<\/p>\n","protected":false},"excerpt":{"rendered":"<p>RADIO PIU INFORMAZIONE il canale su TELEGRAM informazione di prima\u00a0 mano e in tempo reale. iscriviti ed aiutaci a farlo conoscere\u00a0 \u00a0 \u00a0 ISCRIVITI AL NOSTRO CANALE YOUTUBE PER SEGUIRE IN DIRETTA I PRINCIPALI PROGRAMMI DI RADIO PIU&#8217; E LE FUTURE DIRETTE IN ESTERNA. PER ISCRIVERTI CLICCA QUI E PREMI IL TASTO &#8220;Iscriviti&#8221;\u00a0 &nbsp; &nbsp;&hellip;<\/p>\n","protected":false},"author":4,"featured_media":325173,"comment_status":"closed","ping_status":"closed","sticky":false,"template":"","format":"standard","meta":{"_monsterinsights_skip_tracking":false,"_monsterinsights_sitenote_active":false,"_monsterinsights_sitenote_note":"","_monsterinsights_sitenote_category":0,"footnotes":""},"categories":[51,86,49],"tags":[],"class_list":["post-324927","post","type-post","status-publish","format-standard","has-post-thumbnail","hentry","category-evidenza-top","category-gr","category-news-18","category-51","category-86","category-49","description-off"],"img_url":"https:\/\/www.radiopiu.net\/wordpress\/wp-content\/uploads\/2023\/03\/\u00a9echidialessandrosogne-PODIO-SOCIETA-ALPINO.jpg","_links":{"self":[{"href":"https:\/\/www.radiopiu.net\/wordpress\/wp-json\/wp\/v2\/posts\/324927","targetHints":{"allow":["GET"]}}],"collection":[{"href":"https:\/\/www.radiopiu.net\/wordpress\/wp-json\/wp\/v2\/posts"}],"about":[{"href":"https:\/\/www.radiopiu.net\/wordpress\/wp-json\/wp\/v2\/types\/post"}],"author":[{"embeddable":true,"href":"https:\/\/www.radiopiu.net\/wordpress\/wp-json\/wp\/v2\/users\/4"}],"replies":[{"embeddable":true,"href":"https:\/\/www.radiopiu.net\/wordpress\/wp-json\/wp\/v2\/comments?post=324927"}],"version-history":[{"count":0,"href":"https:\/\/www.radiopiu.net\/wordpress\/wp-json\/wp\/v2\/posts\/324927\/revisions"}],"wp:featuredmedia":[{"embeddable":true,"href":"https:\/\/www.radiopiu.net\/wordpress\/wp-json\/wp\/v2\/media\/325173"}],"wp:attachment":[{"href":"https:\/\/www.radiopiu.net\/wordpress\/wp-json\/wp\/v2\/media?parent=324927"}],"wp:term":[{"taxonomy":"category","embeddable":true,"href":"https:\/\/www.radiopiu.net\/wordpress\/wp-json\/wp\/v2\/categories?post=324927"},{"taxonomy":"post_tag","embeddable":true,"href":"https:\/\/www.radiopiu.net\/wordpress\/wp-json\/wp\/v2\/tags?post=324927"}],"curies":[{"name":"wp","href":"https:\/\/api.w.org\/{rel}","templated":true}]}}