{"id":324946,"date":"2023-03-04T14:54:40","date_gmt":"2023-03-04T13:54:40","guid":{"rendered":"https:\/\/www.radiopiu.net\/wordpress\/?p=324946"},"modified":"2023-03-04T16:07:45","modified_gmt":"2023-03-04T15:07:45","slug":"per-la-terza-stagione-consecutiva-crozza-tira-in-ballo-mirko-di-radio-piu","status":"publish","type":"post","link":"https:\/\/www.radiopiu.net\/wordpress\/per-la-terza-stagione-consecutiva-crozza-tira-in-ballo-mirko-di-radio-piu\/","title":{"rendered":"PER LA TERZA STAGIONE CONSECUTIVA, CROZZA TIRA IN BALLO MIRKO DI RADIO PIU&#8217;"},"content":{"rendered":"<p><strong><a class=\"dt-pswp-item\" href=\"https:\/\/www.radiopiu.net\/wordpress\/wp-content\/uploads\/2023\/03\/Schermata-2022-05-21-alle-14.20.17.png\" data-dt-img-description=\"\" data-large_image_width=\"1034\" data-large_image_height=\"526\"><img loading=\"lazy\" decoding=\"async\" class=\" wp-image-324949 alignleft\" src=\"https:\/\/www.radiopiu.net\/wordpress\/wp-content\/uploads\/2023\/03\/Schermata-2022-05-21-alle-14.20.17-300x153.png\" alt=\"\" width=\"196\" height=\"100\" srcset=\"https:\/\/www.radiopiu.net\/wordpress\/wp-content\/uploads\/2023\/03\/Schermata-2022-05-21-alle-14.20.17-300x153.png 300w, https:\/\/www.radiopiu.net\/wordpress\/wp-content\/uploads\/2023\/03\/Schermata-2022-05-21-alle-14.20.17-1024x521.png 1024w, https:\/\/www.radiopiu.net\/wordpress\/wp-content\/uploads\/2023\/03\/Schermata-2022-05-21-alle-14.20.17-768x391.png 768w, https:\/\/www.radiopiu.net\/wordpress\/wp-content\/uploads\/2023\/03\/Schermata-2022-05-21-alle-14.20.17.png 1034w\" sizes=\"auto, (max-width: 196px) 100vw, 196px\" \/><\/a>REDAZIONE<\/strong> Ormai \u00e8 diventata un&#8217;abitudine. Per la terza stagione consecutiva Mirko di Radio Pi\u00f9 viene tirato in ballo da Maurizio Crozza. E&#8217; partita da due settimane la settima stagione di &#8220;Fratelli Di Crozza&#8221;, il programma satirico del venerd\u00ec sera sul NOVE (canale del gruppo Warner\/Discovery). Nell&#8217;ultima puntata \u00e8 tornata anche l&#8217;imitazione del Governatore del Veneto Luca Zaia. L&#8217;occasione per fare lo sketch \u00e8 stata quella della presentazione della nuova app sulla sanit\u00e0 Vivi Veneto. Crozza come sempre studia il personaggio e prima di presentare l&#8217;applicazione si concentra sui pochi posti a sedere in sala. Allora decide di fare un gioco per selezionare chi rimane seduto e chi deve abbandonare la stanza. Mettere della musica e allo stop sedersi sulla sedia. E chi chiamare se non Mirko di Radio Pi\u00f9 per far partire la musica? Peccato che Mirko non c&#8217;\u00e8 e quindi Crozza-Zaia deve cantare una filastrocca per iniziare il gioco&#8230;.<\/p>\n<p><strong>PER VEDERE L&#8217;ULTIMA PUNTATA DI FRATELLI DI CROZZA <a href=\"https:\/\/www.discoveryplus.com\/it\/video\/fratelli-di-crozza\/stagione-7-episodio-2-del-3-marzo-2023\">CLICCA QUI<\/a><\/strong><\/p>\n<p><strong>L&#8217;AUDIO DI CROZZA-ZAIA<\/strong><\/p>\n<audio class=\"wp-audio-shortcode\" id=\"audio-324946-1\" preload=\"none\" style=\"width: 100%;\" controls=\"controls\"><source type=\"audio\/mpeg\" src=\"https:\/\/www.radiopiu.net\/wordpress\/wp-content\/uploads\/2023\/03\/CROZZA-SEDIA.mp3?_=1\" \/><a href=\"https:\/\/www.radiopiu.net\/wordpress\/wp-content\/uploads\/2023\/03\/CROZZA-SEDIA.mp3\">https:\/\/www.radiopiu.net\/wordpress\/wp-content\/uploads\/2023\/03\/CROZZA-SEDIA.mp3<\/a><\/audio>\n<p>&nbsp;<\/p>\n<p>&nbsp;<\/p>\n<p>*******<\/p>\n","protected":false},"excerpt":{"rendered":"<p>REDAZIONE Ormai \u00e8 diventata un&#8217;abitudine. Per la terza stagione consecutiva Mirko di Radio Pi\u00f9 viene tirato in ballo da Maurizio Crozza. E&#8217; partita da due settimane la settima stagione di &#8220;Fratelli Di Crozza&#8221;, il programma satirico del venerd\u00ec sera sul NOVE (canale del gruppo Warner\/Discovery). Nell&#8217;ultima puntata \u00e8 tornata anche l&#8217;imitazione del Governatore del Veneto&hellip;<\/p>\n","protected":false},"author":4,"featured_media":324949,"comment_status":"closed","ping_status":"closed","sticky":false,"template":"","format":"standard","meta":{"_monsterinsights_skip_tracking":false,"_monsterinsights_sitenote_active":false,"_monsterinsights_sitenote_note":"","_monsterinsights_sitenote_category":0,"footnotes":""},"categories":[51,49],"tags":[],"class_list":["post-324946","post","type-post","status-publish","format-standard","has-post-thumbnail","hentry","category-evidenza-top","category-news-18","category-51","category-49","description-off"],"img_url":"https:\/\/www.radiopiu.net\/wordpress\/wp-content\/uploads\/2023\/03\/Schermata-2022-05-21-alle-14.20.17.png","_links":{"self":[{"href":"https:\/\/www.radiopiu.net\/wordpress\/wp-json\/wp\/v2\/posts\/324946","targetHints":{"allow":["GET"]}}],"collection":[{"href":"https:\/\/www.radiopiu.net\/wordpress\/wp-json\/wp\/v2\/posts"}],"about":[{"href":"https:\/\/www.radiopiu.net\/wordpress\/wp-json\/wp\/v2\/types\/post"}],"author":[{"embeddable":true,"href":"https:\/\/www.radiopiu.net\/wordpress\/wp-json\/wp\/v2\/users\/4"}],"replies":[{"embeddable":true,"href":"https:\/\/www.radiopiu.net\/wordpress\/wp-json\/wp\/v2\/comments?post=324946"}],"version-history":[{"count":0,"href":"https:\/\/www.radiopiu.net\/wordpress\/wp-json\/wp\/v2\/posts\/324946\/revisions"}],"wp:featuredmedia":[{"embeddable":true,"href":"https:\/\/www.radiopiu.net\/wordpress\/wp-json\/wp\/v2\/media\/324949"}],"wp:attachment":[{"href":"https:\/\/www.radiopiu.net\/wordpress\/wp-json\/wp\/v2\/media?parent=324946"}],"wp:term":[{"taxonomy":"category","embeddable":true,"href":"https:\/\/www.radiopiu.net\/wordpress\/wp-json\/wp\/v2\/categories?post=324946"},{"taxonomy":"post_tag","embeddable":true,"href":"https:\/\/www.radiopiu.net\/wordpress\/wp-json\/wp\/v2\/tags?post=324946"}],"curies":[{"name":"wp","href":"https:\/\/api.w.org\/{rel}","templated":true}]}}