{"id":324953,"date":"2023-03-04T15:04:50","date_gmt":"2023-03-04T14:04:50","guid":{"rendered":"https:\/\/www.radiopiu.net\/wordpress\/?p=324953"},"modified":"2023-03-04T15:05:36","modified_gmt":"2023-03-04T14:05:36","slug":"giornata-mondiale-per-la-prevenzione-dellobesita-e-del-sovrappeso","status":"publish","type":"post","link":"https:\/\/www.radiopiu.net\/wordpress\/giornata-mondiale-per-la-prevenzione-dellobesita-e-del-sovrappeso\/","title":{"rendered":"GIORNATA MONDIALE PER LA PREVENZIONE DELL\u2019OBESITA&#8217; E DEL SOVRAPPESO"},"content":{"rendered":"<p><strong><a class=\"dt-pswp-item\" href=\"https:\/\/www.radiopiu.net\/wordpress\/wp-content\/uploads\/2023\/03\/OBESITA.jpeg\" data-dt-img-description=\"\" data-large_image_width=\"1792\" data-large_image_height=\"996\"><img loading=\"lazy\" decoding=\"async\" class=\"size-medium wp-image-324955 alignleft\" src=\"https:\/\/www.radiopiu.net\/wordpress\/wp-content\/uploads\/2023\/03\/OBESITA-300x167.jpeg\" alt=\"\" width=\"300\" height=\"167\" srcset=\"https:\/\/www.radiopiu.net\/wordpress\/wp-content\/uploads\/2023\/03\/OBESITA-300x167.jpeg 300w, https:\/\/www.radiopiu.net\/wordpress\/wp-content\/uploads\/2023\/03\/OBESITA-1024x569.jpeg 1024w, https:\/\/www.radiopiu.net\/wordpress\/wp-content\/uploads\/2023\/03\/OBESITA-768x427.jpeg 768w, https:\/\/www.radiopiu.net\/wordpress\/wp-content\/uploads\/2023\/03\/OBESITA-1536x854.jpeg 1536w, https:\/\/www.radiopiu.net\/wordpress\/wp-content\/uploads\/2023\/03\/OBESITA.jpeg 1792w\" sizes=\"auto, (max-width: 300px) 100vw, 300px\" \/><\/a>BELLUNO <\/strong>Oggi 4 marzo ricorre la giornata mondiale per la prevenzione dell\u2019obesit\u00e0 e del sovrappeso. I dati raccolti\u00a0 nell\u2019ambito del sistema epidemiologico PASSI rilevano per l\u2019Ulss Dolomiti una situazione migliore rispetto al valore nazionale: in ULSS1 Dolomiti il 25% della popolazione tra i 18 e 69 anni si trova in condizione di sovrappeso (32,5% in Italia), mentre il 9% \u00e8 obeso (10,4% in Italia). La percentuale di persone in eccesso ponderale risulta sostanzialmente stabile negli anni, con un lieve calo delle persone in sovrappeso rispetto alla rilevazione precedente (30%). La percentuale di persone in condizione di obesit\u00e0 cresce con l\u2019avanzamento dell\u2019et\u00e0 ed \u00e8 pi\u00f9 elevata nelle persone con un pi\u00f9 basso livello socio-economico. L\u2019eccesso di peso rappresenta un importante fattore di rischio in relazione a numerose malattie cronico-degenerative. Tra le persone affette da eccesso ponderale il 36% riporta ipercolesterolemia, il 38% ipertensione, il 7% diabete, il 1,4% un pregresso infarto del miocardio. Il 15% \u00e8 affetto da malattie respiratorie. Il rischio inerente l&#8217;insorgenza di malattie cronico degenerative per i soggetti in sovrappeso\/obesi \u00e8 fortemente aumentato dalla presenza di altri &#8220;co-fattori&#8221; comportamentali : fumo, sedentariet\u00e0, basso consumo di frutta e verdura, isolamento sociale, abuso alcolico, sonno inadeguato. E i bambini? Anche i bambini possono essere affetti da eccesso ponderale, in particolare in Ulss Dolomiti il 22% si trova in una situazione di sovrappeso e il 4% in condizione di obesit\u00e0. La percentuale di bambini in eccesso ponderale risulta essere in leggero aumento. I dati raccolti dimostrano che quando almeno uno dei genitori \u00e8 in condizione di sovrappeso, il 26,2% dei figli risulta in sovrappeso, quando almeno uno dei genitori \u00e8 obeso il 35,6%, il 6,7% dei figli \u00e8 obeso. Problematica risulta la percezione di questo fattore di rischio nei genitori:\u00a0 il 38,5% dei genitori di bambini sovrappeso e l\u20198,3% dei genitori di bambini obesi ritiene che il proprio figlio non presenti la condizione. Abituiamoci tutti ad uno stile di vita sano, ad un&#8217;alimentazione &#8220;mediterranea&#8221;, seguendo le indicazioni della piramide alimentare, dando il buon esempio a tavola ai figli: togliamo bibite gassate, limitiamo il consumo di sale (quel poco da usare, scegliamolo iodato) e a pranzo e a cena sempre di accompagnamento una bella ciotola di verdura. E &#8220;dulcis in fundo&#8221;, un bel frutto di stagione.<\/p>\n<p>&nbsp;<\/p>\n<p>&nbsp;<\/p>\n<p>*******<\/p>\n","protected":false},"excerpt":{"rendered":"<p>BELLUNO Oggi 4 marzo ricorre la giornata mondiale per la prevenzione dell\u2019obesit\u00e0 e del sovrappeso. I dati raccolti\u00a0 nell\u2019ambito del sistema epidemiologico PASSI rilevano per l\u2019Ulss Dolomiti una situazione migliore rispetto al valore nazionale: in ULSS1 Dolomiti il 25% della popolazione tra i 18 e 69 anni si trova in condizione di sovrappeso (32,5% in&hellip;<\/p>\n","protected":false},"author":4,"featured_media":324955,"comment_status":"closed","ping_status":"closed","sticky":false,"template":"","format":"standard","meta":{"_monsterinsights_skip_tracking":false,"_monsterinsights_sitenote_active":false,"_monsterinsights_sitenote_note":"","_monsterinsights_sitenote_category":0,"footnotes":""},"categories":[49],"tags":[],"class_list":["post-324953","post","type-post","status-publish","format-standard","has-post-thumbnail","hentry","category-news-18","category-49","description-off"],"img_url":"https:\/\/www.radiopiu.net\/wordpress\/wp-content\/uploads\/2023\/03\/OBESITA.jpeg","_links":{"self":[{"href":"https:\/\/www.radiopiu.net\/wordpress\/wp-json\/wp\/v2\/posts\/324953","targetHints":{"allow":["GET"]}}],"collection":[{"href":"https:\/\/www.radiopiu.net\/wordpress\/wp-json\/wp\/v2\/posts"}],"about":[{"href":"https:\/\/www.radiopiu.net\/wordpress\/wp-json\/wp\/v2\/types\/post"}],"author":[{"embeddable":true,"href":"https:\/\/www.radiopiu.net\/wordpress\/wp-json\/wp\/v2\/users\/4"}],"replies":[{"embeddable":true,"href":"https:\/\/www.radiopiu.net\/wordpress\/wp-json\/wp\/v2\/comments?post=324953"}],"version-history":[{"count":0,"href":"https:\/\/www.radiopiu.net\/wordpress\/wp-json\/wp\/v2\/posts\/324953\/revisions"}],"wp:featuredmedia":[{"embeddable":true,"href":"https:\/\/www.radiopiu.net\/wordpress\/wp-json\/wp\/v2\/media\/324955"}],"wp:attachment":[{"href":"https:\/\/www.radiopiu.net\/wordpress\/wp-json\/wp\/v2\/media?parent=324953"}],"wp:term":[{"taxonomy":"category","embeddable":true,"href":"https:\/\/www.radiopiu.net\/wordpress\/wp-json\/wp\/v2\/categories?post=324953"},{"taxonomy":"post_tag","embeddable":true,"href":"https:\/\/www.radiopiu.net\/wordpress\/wp-json\/wp\/v2\/tags?post=324953"}],"curies":[{"name":"wp","href":"https:\/\/api.w.org\/{rel}","templated":true}]}}