{"id":325008,"date":"2023-03-06T05:07:01","date_gmt":"2023-03-06T04:07:01","guid":{"rendered":"https:\/\/www.radiopiu.net\/wordpress\/?p=325008"},"modified":"2023-03-06T05:21:15","modified_gmt":"2023-03-06T04:21:15","slug":"esempi-di-imprenditorialita-agordina-e-attaccamento-al-territorio","status":"publish","type":"post","link":"https:\/\/www.radiopiu.net\/wordpress\/esempi-di-imprenditorialita-agordina-e-attaccamento-al-territorio\/","title":{"rendered":"ESEMPI DI IMPRENDITORIALITA&#8217; AGORDINA E ATTACCAMENTO AL TERRITORIO"},"content":{"rendered":"<p>Buongiorno a Giacomo Mottes dell&#8217;Ottica Mottes, esempio di imprenditorialit\u00e0 agordina a livello famigliare. Nato nell&#8217;anno giusto (la classe non \u00e8 acqua) ha appreso dal pap\u00e0 Giusto l&#8217;amore per l&#8217;occhiale prima e, la vista poi, ha saputo tramandare la sua passione alla famiglia, uno spettacolo vederli tutti assieme in localit\u00e0 campagna a Taibon. Dopo questa breve premessa mi permetto di dire grazie all&#8217;azienda Ottica Mottes anche per un altro motivo&#8230;la presenza negli eventi dell&#8217;Agordino, quel sostegno importante, linfa per le associazioni. Nella foto Giacomo nella recente premiazione alla Molino Caverson (mm)<\/p>\n<p><a class=\"dt-pswp-item\" href=\"https:\/\/www.radiopiu.net\/wordpress\/wp-content\/uploads\/2023\/03\/81e94b1a-0ef6-4711-a106-aad72e7af801.jpg\" data-dt-img-description=\"\" data-large_image_width=\"1951\" data-large_image_height=\"1215\"><img loading=\"lazy\" decoding=\"async\" class=\"alignnone wp-image-325009 size-full\" src=\"https:\/\/www.radiopiu.net\/wordpress\/wp-content\/uploads\/2023\/03\/81e94b1a-0ef6-4711-a106-aad72e7af801.jpg\" alt=\"\" width=\"1951\" height=\"1215\" srcset=\"https:\/\/www.radiopiu.net\/wordpress\/wp-content\/uploads\/2023\/03\/81e94b1a-0ef6-4711-a106-aad72e7af801.jpg 1951w, https:\/\/www.radiopiu.net\/wordpress\/wp-content\/uploads\/2023\/03\/81e94b1a-0ef6-4711-a106-aad72e7af801-300x187.jpg 300w, https:\/\/www.radiopiu.net\/wordpress\/wp-content\/uploads\/2023\/03\/81e94b1a-0ef6-4711-a106-aad72e7af801-1024x638.jpg 1024w, https:\/\/www.radiopiu.net\/wordpress\/wp-content\/uploads\/2023\/03\/81e94b1a-0ef6-4711-a106-aad72e7af801-768x478.jpg 768w, https:\/\/www.radiopiu.net\/wordpress\/wp-content\/uploads\/2023\/03\/81e94b1a-0ef6-4711-a106-aad72e7af801-1536x957.jpg 1536w\" sizes=\"auto, (max-width: 1951px) 100vw, 1951px\" \/><\/a><\/p>\n<p>&nbsp;<\/p>\n<p>&nbsp;<\/p>\n<hr \/>\n<p>&nbsp;<\/p>\n","protected":false},"excerpt":{"rendered":"<p>Buongiorno a Giacomo Mottes dell&#8217;Ottica Mottes, esempio di imprenditorialit\u00e0 agordina a livello famigliare. Nato nell&#8217;anno giusto (la classe non \u00e8 acqua) ha appreso dal pap\u00e0 Giusto l&#8217;amore per l&#8217;occhiale prima e, la vista poi, ha saputo tramandare la sua passione alla famiglia, uno spettacolo vederli tutti assieme in localit\u00e0 campagna a Taibon. Dopo questa breve&hellip;<\/p>\n","protected":false},"author":4,"featured_media":325009,"comment_status":"closed","ping_status":"closed","sticky":false,"template":"","format":"standard","meta":{"_monsterinsights_skip_tracking":false,"_monsterinsights_sitenote_active":false,"_monsterinsights_sitenote_note":"","_monsterinsights_sitenote_category":0,"footnotes":""},"categories":[51,49],"tags":[],"class_list":["post-325008","post","type-post","status-publish","format-standard","has-post-thumbnail","hentry","category-evidenza-top","category-news-18","category-51","category-49","description-off"],"img_url":"https:\/\/www.radiopiu.net\/wordpress\/wp-content\/uploads\/2023\/03\/81e94b1a-0ef6-4711-a106-aad72e7af801.jpg","_links":{"self":[{"href":"https:\/\/www.radiopiu.net\/wordpress\/wp-json\/wp\/v2\/posts\/325008","targetHints":{"allow":["GET"]}}],"collection":[{"href":"https:\/\/www.radiopiu.net\/wordpress\/wp-json\/wp\/v2\/posts"}],"about":[{"href":"https:\/\/www.radiopiu.net\/wordpress\/wp-json\/wp\/v2\/types\/post"}],"author":[{"embeddable":true,"href":"https:\/\/www.radiopiu.net\/wordpress\/wp-json\/wp\/v2\/users\/4"}],"replies":[{"embeddable":true,"href":"https:\/\/www.radiopiu.net\/wordpress\/wp-json\/wp\/v2\/comments?post=325008"}],"version-history":[{"count":0,"href":"https:\/\/www.radiopiu.net\/wordpress\/wp-json\/wp\/v2\/posts\/325008\/revisions"}],"wp:featuredmedia":[{"embeddable":true,"href":"https:\/\/www.radiopiu.net\/wordpress\/wp-json\/wp\/v2\/media\/325009"}],"wp:attachment":[{"href":"https:\/\/www.radiopiu.net\/wordpress\/wp-json\/wp\/v2\/media?parent=325008"}],"wp:term":[{"taxonomy":"category","embeddable":true,"href":"https:\/\/www.radiopiu.net\/wordpress\/wp-json\/wp\/v2\/categories?post=325008"},{"taxonomy":"post_tag","embeddable":true,"href":"https:\/\/www.radiopiu.net\/wordpress\/wp-json\/wp\/v2\/tags?post=325008"}],"curies":[{"name":"wp","href":"https:\/\/api.w.org\/{rel}","templated":true}]}}