{"id":325014,"date":"2023-03-05T09:38:14","date_gmt":"2023-03-05T08:38:14","guid":{"rendered":"https:\/\/www.radiopiu.net\/wordpress\/?p=325014"},"modified":"2023-03-06T05:17:11","modified_gmt":"2023-03-06T04:17:11","slug":"radio-piu-club-103-e-primiero-nasce-le-tre-radio-per-guardare-al-futuro","status":"publish","type":"post","link":"https:\/\/www.radiopiu.net\/wordpress\/radio-piu-club-103-e-primiero-nasce-le-tre-radio-per-guardare-al-futuro\/","title":{"rendered":"RADIO PIU&#8217;, CLUB 103 E PRIMIERO: NASCE &#8220;LE TRE RADIO&#8221; PER GUARDARE AL FUTURO"},"content":{"rendered":"<p><span style=\"color: #ff0000;\"><strong><a class=\"dt-pswp-item\" href=\"https:\/\/www.radiopiu.net\/wordpress\/wp-content\/uploads\/2023\/03\/8e677cc8-d5b9-437b-ab61-7805229f4c64.jpg\" data-dt-img-description=\"\" data-large_image_width=\"1024\" data-large_image_height=\"731\"><img loading=\"lazy\" decoding=\"async\" class=\" wp-image-325015 alignleft\" src=\"https:\/\/www.radiopiu.net\/wordpress\/wp-content\/uploads\/2023\/03\/8e677cc8-d5b9-437b-ab61-7805229f4c64-300x214.jpg\" alt=\"\" width=\"212\" height=\"151\" srcset=\"https:\/\/www.radiopiu.net\/wordpress\/wp-content\/uploads\/2023\/03\/8e677cc8-d5b9-437b-ab61-7805229f4c64-300x214.jpg 300w, https:\/\/www.radiopiu.net\/wordpress\/wp-content\/uploads\/2023\/03\/8e677cc8-d5b9-437b-ab61-7805229f4c64-768x548.jpg 768w, https:\/\/www.radiopiu.net\/wordpress\/wp-content\/uploads\/2023\/03\/8e677cc8-d5b9-437b-ab61-7805229f4c64.jpg 1024w\" sizes=\"auto, (max-width: 212px) 100vw, 212px\" \/><\/a>DAL CORRIERE DELLE ALPI<\/strong><\/span><\/p>\n<p><strong>di Fabrizio Ruffini<\/strong><\/p>\n<p>Radio Pi\u00f9, Radio Club 103 Dolomiti e Radio Primiero fanno squadra per offrire una nuova proposta commerciale per l&#8217;intero territorio che va dall&#8217;Alto Bellunese al Trentino, ma anche una programmazione pi\u00f9 sinergica, per la diffusione di <a class=\"dt-pswp-item\" href=\"https:\/\/www.radiopiu.net\/wordpress\/wp-content\/uploads\/2023\/03\/dde30e04-1785-4910-b43a-52b15b4c2d94.jpg\" data-dt-img-description=\"\" data-large_image_width=\"309\" data-large_image_height=\"1024\"><img loading=\"lazy\" decoding=\"async\" class=\" wp-image-325017 alignright\" src=\"https:\/\/www.radiopiu.net\/wordpress\/wp-content\/uploads\/2023\/03\/dde30e04-1785-4910-b43a-52b15b4c2d94-91x300.jpg\" alt=\"\" width=\"106\" height=\"349\" \/><\/a>eventi particolarmente interessanti per gli ascoltatori di queste zone. <strong>ORIZZONTI PI\u00d9 LARGHI <\/strong>&#8220;Le tre radio&#8221;, questo il nome del nuovo gruppo, \u00e8 gi\u00e0 realt\u00e0 e presto verr\u00e0 presentata anche la figura scelta dalle tre emittenti per occuparsi della parte commerciale del progetto. <em>\u00ab\u00c8 un&#8217;avventura nuova che porta entusiasmo, perch\u00e9 finalmente abbattiamo quelle barriere che ci tenevano chiusi nel nostro e ci apriamo a realt\u00e0 vicine e amiche\u00bb<\/em>, spiega Mirko Mezzacasa, voce, cervello e anima di Radio Pi\u00f9,<em> \u00ababbiamo l&#8217;esperienza e i mezzi necessari a crescere, inoltre siamo convinti che solo le sinergie tra visioni di sviluppo affini permettano di raggiungere traguardi di eccellenza nel mercato locale e regionale, con un occhio attento alle opportunit\u00e0 nazionali. Per questo abbiamo deciso di metterci insieme e cambiare il nostro modo di comunicare, dando l&#8217;opportunit\u00e0 ai clienti di farsi conoscere attraverso le tre emittenti simultaneamente e offrendo cos\u00ec la copertura di un territorio molto pi\u00f9 vasto rispetto alle singole emittenti. Nello specifico, noi copriamo l&#8217;Agordino, il Bellunese e la Val Belluna, Radio Club 103 va dal Comelico fino al Feltrino e Radio Primiero raggiunge il Primiero e la valle dell&#8217;Adige fino a Trento\u00bb<\/em>. <strong>DIRETTE CONDIVISE<\/strong> Una proposta che non si limiter\u00e0 al solo aspetto commerciale: \u00ab<em>Anche la programmazione e altri servizi delle nostre radio potranno essere sincronizzati, ad esempio in occasioni di dirette particolarmente interessanti per tutti e tre i nostri pubblici\u00bb<\/em>, prosegue Mezzacasa,<em> \u00abun primo test (in quel caso con Radio Pi\u00f9, Radio club 103 e Radio Belluno) \u00e8 gi\u00e0 stato fatto con le dirette serali da Casa Sanremo, durante gli eventi di promozione turistica per la nostra provincia che si sono tenuti durante il festival. In quell&#8217;occasione ne era nata una programmazione molto bella, che veniva proposta in simultanea sulle tre radio; sulla scorta di questa esperienza abbiamo quindi deciso di riproporre la cosa anche con il nuovo gruppo\u00bb<\/em><\/p>\n<p>&nbsp;<\/p>\n\n\t\t\t<style type='text\/css'>\n\t\t\t\t#gallery-1 {\n\t\t\t\t\tmargin: auto;\n\t\t\t\t}\n\t\t\t\t#gallery-1 .gallery-item {\n\t\t\t\t\tfloat: left;\n\t\t\t\t\tmargin-top: 10px;\n\t\t\t\t\ttext-align: center;\n\t\t\t\t\twidth: 25%;\n\t\t\t\t}\n\t\t\t\t#gallery-1 img {\n\t\t\t\t\tborder: 2px solid #cfcfcf;\n\t\t\t\t}\n\t\t\t\t#gallery-1 .gallery-caption {\n\t\t\t\t\tmargin-left: 0;\n\t\t\t\t}\n\t\t\t\t\/* see gallery_shortcode() in wp-includes\/media.php *\/\n\t\t\t<\/style>\n\t\t<div id='gallery-1' class='dt-gallery-container gallery galleryid-325014 gallery-columns-4 gallery-size-thumbnail'><dl class='gallery-item'>\n\t\t\t\t<dt class='gallery-icon landscape'>\n\t\t\t\t\t<a class=\"rollover rollover-zoom dt-pswp-item\" title=\"3555543e-c4b1-4283-87f1-7cfcfd62e60c\" data-dt-img-description=\"\" data-large_image_width=\"286\" data-large_image_height=\"285\"href='https:\/\/www.radiopiu.net\/wordpress\/wp-content\/uploads\/2023\/03\/3555543e-c4b1-4283-87f1-7cfcfd62e60c.jpg'><img loading=\"lazy\" decoding=\"async\" width=\"150\" height=\"150\" src=\"https:\/\/www.radiopiu.net\/wordpress\/wp-content\/uploads\/2023\/03\/3555543e-c4b1-4283-87f1-7cfcfd62e60c-150x150.jpg\" class=\"attachment-thumbnail size-thumbnail\" alt=\"\" aria-describedby=\"gallery-1-325020\" srcset=\"https:\/\/www.radiopiu.net\/wordpress\/wp-content\/uploads\/2023\/03\/3555543e-c4b1-4283-87f1-7cfcfd62e60c-150x150.jpg 150w, https:\/\/www.radiopiu.net\/wordpress\/wp-content\/uploads\/2023\/03\/3555543e-c4b1-4283-87f1-7cfcfd62e60c.jpg 286w\" sizes=\"auto, (max-width: 150px) 100vw, 150px\" \/><\/a>\n\t\t\t\t<\/dt>\n\t\t\t\t\t<dd class='wp-caption-text gallery-caption' id='gallery-1-325020'>\n\t\t\t\t\tRADIO CLUB 103 DOLOMITI\nbarbara paolazzi\n\t\t\t\t\t<\/dd><\/dl><dl class='gallery-item'>\n\t\t\t\t<dt class='gallery-icon landscape'>\n\t\t\t\t\t<a class=\"rollover rollover-zoom dt-pswp-item\" title=\"d6e892c0-ab02-4050-9b41-92c4fc8fb543\" data-dt-img-description=\"\" data-large_image_width=\"640\" data-large_image_height=\"640\"href='https:\/\/www.radiopiu.net\/wordpress\/wp-content\/uploads\/2023\/03\/d6e892c0-ab02-4050-9b41-92c4fc8fb543.jpg'><img loading=\"lazy\" decoding=\"async\" width=\"150\" height=\"150\" src=\"https:\/\/www.radiopiu.net\/wordpress\/wp-content\/uploads\/2023\/03\/d6e892c0-ab02-4050-9b41-92c4fc8fb543-150x150.jpg\" class=\"attachment-thumbnail size-thumbnail\" alt=\"\" aria-describedby=\"gallery-1-325022\" srcset=\"https:\/\/www.radiopiu.net\/wordpress\/wp-content\/uploads\/2023\/03\/d6e892c0-ab02-4050-9b41-92c4fc8fb543-150x150.jpg 150w, https:\/\/www.radiopiu.net\/wordpress\/wp-content\/uploads\/2023\/03\/d6e892c0-ab02-4050-9b41-92c4fc8fb543-300x300.jpg 300w, https:\/\/www.radiopiu.net\/wordpress\/wp-content\/uploads\/2023\/03\/d6e892c0-ab02-4050-9b41-92c4fc8fb543.jpg 640w\" sizes=\"auto, (max-width: 150px) 100vw, 150px\" \/><\/a>\n\t\t\t\t<\/dt>\n\t\t\t\t\t<dd class='wp-caption-text gallery-caption' id='gallery-1-325022'>\n\t\t\t\t\tRADIO CLUB 103 DOLOMITI\nandrea chicca\n\t\t\t\t\t<\/dd><\/dl><dl class='gallery-item'>\n\t\t\t\t<dt class='gallery-icon landscape'>\n\t\t\t\t\t<a class=\"rollover rollover-zoom dt-pswp-item\" title=\"13b330b7-7fd3-4a9d-9890-4067624fa692\" data-dt-img-description=\"RADIO PRIMIERO\npaolo obber\" data-large_image_width=\"192\" data-large_image_height=\"192\"href='https:\/\/www.radiopiu.net\/wordpress\/wp-content\/uploads\/2023\/03\/13b330b7-7fd3-4a9d-9890-4067624fa692.jpg'><img loading=\"lazy\" decoding=\"async\" width=\"150\" height=\"150\" src=\"https:\/\/www.radiopiu.net\/wordpress\/wp-content\/uploads\/2023\/03\/13b330b7-7fd3-4a9d-9890-4067624fa692-150x150.jpg\" class=\"attachment-thumbnail size-thumbnail\" alt=\"\" aria-describedby=\"gallery-1-325019\" srcset=\"https:\/\/www.radiopiu.net\/wordpress\/wp-content\/uploads\/2023\/03\/13b330b7-7fd3-4a9d-9890-4067624fa692-150x150.jpg 150w, https:\/\/www.radiopiu.net\/wordpress\/wp-content\/uploads\/2023\/03\/13b330b7-7fd3-4a9d-9890-4067624fa692.jpg 192w\" sizes=\"auto, (max-width: 150px) 100vw, 150px\" \/><\/a>\n\t\t\t\t<\/dt>\n\t\t\t\t\t<dd class='wp-caption-text gallery-caption' id='gallery-1-325019'>\n\t\t\t\t\tRADIO PRIMIERO paolo ober\n\t\t\t\t\t<\/dd><\/dl><dl class='gallery-item'>\n\t\t\t\t<dt class='gallery-icon landscape'>\n\t\t\t\t\t<a class=\"rollover rollover-zoom dt-pswp-item\" title=\"9fe2e837-1ba8-426a-b808-d559c0e2a054\" data-dt-img-description=\"\" data-large_image_width=\"621\" data-large_image_height=\"621\"href='https:\/\/www.radiopiu.net\/wordpress\/wp-content\/uploads\/2023\/03\/9fe2e837-1ba8-426a-b808-d559c0e2a054.jpg'><img loading=\"lazy\" decoding=\"async\" width=\"150\" height=\"150\" src=\"https:\/\/www.radiopiu.net\/wordpress\/wp-content\/uploads\/2023\/03\/9fe2e837-1ba8-426a-b808-d559c0e2a054-150x150.jpg\" class=\"attachment-thumbnail size-thumbnail\" alt=\"\" aria-describedby=\"gallery-1-325018\" srcset=\"https:\/\/www.radiopiu.net\/wordpress\/wp-content\/uploads\/2023\/03\/9fe2e837-1ba8-426a-b808-d559c0e2a054-150x150.jpg 150w, https:\/\/www.radiopiu.net\/wordpress\/wp-content\/uploads\/2023\/03\/9fe2e837-1ba8-426a-b808-d559c0e2a054-300x300.jpg 300w, https:\/\/www.radiopiu.net\/wordpress\/wp-content\/uploads\/2023\/03\/9fe2e837-1ba8-426a-b808-d559c0e2a054.jpg 621w\" sizes=\"auto, (max-width: 150px) 100vw, 150px\" \/><\/a>\n\t\t\t\t<\/dt>\n\t\t\t\t\t<dd class='wp-caption-text gallery-caption' id='gallery-1-325018'>\n\t\t\t\t\tRADIO PIU\nmirko mezzacasa\n\t\t\t\t\t<\/dd><\/dl><br style=\"clear: both\" \/>\n\t\t\t<\/div>\n\n<p>&nbsp;<\/p>\n<p>&nbsp;<\/p>\n<p>&nbsp;<\/p>\n<p>*******<\/p>\n","protected":false},"excerpt":{"rendered":"<p>DAL CORRIERE DELLE ALPI di Fabrizio Ruffini Radio Pi\u00f9, Radio Club 103 Dolomiti e Radio Primiero fanno squadra per offrire una nuova proposta commerciale per l&#8217;intero territorio che va dall&#8217;Alto Bellunese al Trentino, ma anche una programmazione pi\u00f9 sinergica, per la diffusione di eventi particolarmente interessanti per gli ascoltatori di queste zone. ORIZZONTI PI\u00d9 LARGHI&hellip;<\/p>\n","protected":false},"author":4,"featured_media":325015,"comment_status":"closed","ping_status":"closed","sticky":false,"template":"","format":"standard","meta":{"_monsterinsights_skip_tracking":false,"_monsterinsights_sitenote_active":false,"_monsterinsights_sitenote_note":"","_monsterinsights_sitenote_category":0,"footnotes":""},"categories":[51,49],"tags":[],"class_list":["post-325014","post","type-post","status-publish","format-standard","has-post-thumbnail","hentry","category-evidenza-top","category-news-18","category-51","category-49","description-off"],"img_url":"https:\/\/www.radiopiu.net\/wordpress\/wp-content\/uploads\/2023\/03\/8e677cc8-d5b9-437b-ab61-7805229f4c64.jpg","_links":{"self":[{"href":"https:\/\/www.radiopiu.net\/wordpress\/wp-json\/wp\/v2\/posts\/325014","targetHints":{"allow":["GET"]}}],"collection":[{"href":"https:\/\/www.radiopiu.net\/wordpress\/wp-json\/wp\/v2\/posts"}],"about":[{"href":"https:\/\/www.radiopiu.net\/wordpress\/wp-json\/wp\/v2\/types\/post"}],"author":[{"embeddable":true,"href":"https:\/\/www.radiopiu.net\/wordpress\/wp-json\/wp\/v2\/users\/4"}],"replies":[{"embeddable":true,"href":"https:\/\/www.radiopiu.net\/wordpress\/wp-json\/wp\/v2\/comments?post=325014"}],"version-history":[{"count":0,"href":"https:\/\/www.radiopiu.net\/wordpress\/wp-json\/wp\/v2\/posts\/325014\/revisions"}],"wp:featuredmedia":[{"embeddable":true,"href":"https:\/\/www.radiopiu.net\/wordpress\/wp-json\/wp\/v2\/media\/325015"}],"wp:attachment":[{"href":"https:\/\/www.radiopiu.net\/wordpress\/wp-json\/wp\/v2\/media?parent=325014"}],"wp:term":[{"taxonomy":"category","embeddable":true,"href":"https:\/\/www.radiopiu.net\/wordpress\/wp-json\/wp\/v2\/categories?post=325014"},{"taxonomy":"post_tag","embeddable":true,"href":"https:\/\/www.radiopiu.net\/wordpress\/wp-json\/wp\/v2\/tags?post=325014"}],"curies":[{"name":"wp","href":"https:\/\/api.w.org\/{rel}","templated":true}]}}