{"id":325161,"date":"2023-03-05T23:56:38","date_gmt":"2023-03-05T22:56:38","guid":{"rendered":"https:\/\/www.radiopiu.net\/wordpress\/?p=325161"},"modified":"2023-03-06T05:22:50","modified_gmt":"2023-03-06T04:22:50","slug":"sui-domini-collettivi-ossia-i-cosiddetti-usi-civici-le-regole-altri-terza-parte","status":"publish","type":"post","link":"https:\/\/www.radiopiu.net\/wordpress\/sui-domini-collettivi-ossia-i-cosiddetti-usi-civici-le-regole-altri-terza-parte\/","title":{"rendered":"SUI DOMINI COLLETTIVI OSSIA I COSIDDETTI USI CIVICI, LE REGOLE &#038; ALTRI \u2013 TERZA PARTE"},"content":{"rendered":"<p><strong><a class=\"dt-pswp-item\" href=\"https:\/\/www.radiopiu.net\/wordpress\/wp-content\/uploads\/2023\/03\/OOKKK-rotated.jpg\" data-dt-img-description=\"\" data-large_image_width=\"1600\" data-large_image_height=\"657\"><img loading=\"lazy\" decoding=\"async\" class=\"size-medium wp-image-325163 alignleft\" src=\"https:\/\/www.radiopiu.net\/wordpress\/wp-content\/uploads\/2023\/03\/OOKKK-300x123.jpg\" alt=\"\" width=\"300\" height=\"123\" srcset=\"https:\/\/www.radiopiu.net\/wordpress\/wp-content\/uploads\/2023\/03\/OOKKK-300x123.jpg 300w, https:\/\/www.radiopiu.net\/wordpress\/wp-content\/uploads\/2023\/03\/OOKKK-1024x420.jpg 1024w, https:\/\/www.radiopiu.net\/wordpress\/wp-content\/uploads\/2023\/03\/OOKKK-768x315.jpg 768w, https:\/\/www.radiopiu.net\/wordpress\/wp-content\/uploads\/2023\/03\/OOKKK-1536x631.jpg 1536w, https:\/\/www.radiopiu.net\/wordpress\/wp-content\/uploads\/2023\/03\/OOKKK-rotated.jpg 1600w\" sizes=\"auto, (max-width: 300px) 100vw, 300px\" \/><\/a>di Tiziano De Col<\/strong><\/p>\n<p>Facendo seguito alle prime due parti di questa succinta e didascalica trattazione sui Dom\u00ecni Collettivi, Agordini in special modo, consigliamo la lettura delle prime due parti<\/p>\n<p><a href=\"https:\/\/www.radiopiu.net\/wordpress\/sui-demani-collettivi-ossia-i-cosiddetti-usi-civici-le-regole-altri-prima-parte\/\"><strong>PRIMA PARTE<\/strong><\/a><\/p>\n<p><a href=\"https:\/\/www.radiopiu.net\/wordpress\/sui-domini-collettivi-ossia-i-cosiddetti-usi-civici-le-regole-e-altri-seconda-parte\/\"><strong>SECONDA PARTE<\/strong><\/a><\/p>\n<p>Nella seconda parte abbiamo iniziato la trattazione sull\u2019origine di questi nostri Dom\u00ecni Collettivi, accennando al regime di propriet\u00e0 in capo ai Consorti-Coeredi Regolieri, qui ora cercher\u00f2 di spiegare quello che risulta dalle mie ricerche storiche su questo argomento, usando, come accennato nelle precedenti parti, quanto si evince dalla documentazione riguardante la Regola della Val, in quanto si ha una documentazione su di essa che va dal 1354 ai giorni nostri e che comunque rispecchia quello che era l\u2019Istituto Regoliero nell\u2019 Agordino (con esclusione di Colle Santa Lucia, Livinallongo, Selva di Cadore, Rocca Pietore che non rientravano allora in quello che a quel tempo era il Capitaniato d\u2019Agordo). Tratteremo in seguito, anche di fatti e normative che interessavano comunque tutto l\u2019allora Agordino.<\/p>\n<p>Perch\u00e9 continuo ad identificare i Dom\u00ecni Collettivi dell\u2019allora Agordino con le Regole e non con il termine usato fino al 2017 ossia Usi Civici ?\u00a0 Semplicemente perch\u00e9, la Legge 168\/2017, riconosce i Domin\u00ec Collettivi come propriet\u00e0 delle collettivit\u00e0 in capo ai singoli Regolieri come Consorti-Coeredi, siano esse state riconosciute dalla Regione come Regole (per azione degli aventi diritto) o siano ancora dette propriet\u00e0 collettive in Amministrazione Separata da parte dei Comuni come precisato dalla Legge stessa.<\/p>\n<p>Gli Usi Civici sono quindi ricondotti ad un diritto d\u2019uso di una Collettivit\u00e0 su terre di altrui propriet\u00e0 e non certamente su propriet\u00e0 proprie della Collettivit\u00e0 seppur Amministrate \u201cpro tempore\u201d dai Comuni .<\/p>\n<p>Innanzitutto bisogna precisare che la Legge 168\/2017 \u201cNorme in materia di Dom\u00ecni Collettivi\u201d\u00a0 non porta innovazioni normative che potrebbero, in futuro, venir scardinate da norme successive, ma \u00e8 una Legge attuativa della Costituzione che cosi recita all\u2019 art 1 comma 1 :<\/p>\n<p>Riconoscimento dei domini collettivi<\/p>\n<ol>\n<li>In attuazione degli articoli 2, 9, 42, secondo comma, e 43 della Costituzione, la Repubblica riconosce i domini\u00a0 collettivi,\u00a0 comunque denominati,\u00a0 come\u00a0 ordinamento\u00a0 giuridico\u00a0 primario\u00a0 delle\u00a0 comunita&#8217; originarie: a) soggetto alla Costituzione; b) dotato\u00a0\u00a0 di\u00a0\u00a0 capacita&#8217;\u00a0\u00a0 di\u00a0\u00a0 autonormazione,\u00a0\u00a0 \u00a0sia\u00a0\u00a0\u00a0 per l&#8217;amministrazione soggettiva e oggettiva, sia\u00a0 per\u00a0 l&#8217;amministrazione vincolata e discrezionale; c) dotato di capacita&#8217;\u00a0 di\u00a0 gestione\u00a0 del\u00a0 patrimonio\u00a0 naturale, economico e culturale, che\u00a0 fa\u00a0 capo\u00a0 alla\u00a0 base\u00a0 territoriale\u00a0 della proprieta&#8217;\u00a0\u00a0\u00a0\u00a0 collettiva,\u00a0\u00a0\u00a0\u00a0 considerato\u00a0\u00a0\u00a0\u00a0 come\u00a0\u00a0\u00a0\u00a0 comproprieta&#8217; inter-generazionale; d) caratterizzato dall&#8217;esistenza\u00a0 di\u00a0 una\u00a0 collettivita&#8217;\u00a0 i\u00a0 cui membri hanno in proprieta&#8217; terreni ed insieme esercitano piu&#8217; o\u00a0 meno estesi diritti di godimento, individualmente\u00a0 o\u00a0 collettivamente,\u00a0 su terreni che il comune amministra o la comunita&#8217; da esso\u00a0 distinta\u00a0 ha in proprieta&#8217; pubblica o collettiva.<\/li>\n<\/ol>\n<ol start=\"2\">\n<li>Gli enti esponenziali delle collettivita&#8217; titolari dei\u00a0 diritti di uso\u00a0 civico\u00a0 e\u00a0 della\u00a0 proprieta&#8217;\u00a0 collettiva\u00a0 hanno\u00a0 personalita&#8217; giuridica di diritto privato ed autonomia statutaria.<\/li>\n<\/ol>\n<p><strong>PER IL TESTO COMPLETO <a href=\"https:\/\/www.gazzettaufficiale.it\/eli\/id\/2017\/11\/28\/17G00181\/sg\">CLICCA QUI<\/a><\/strong><\/p>\n<p>La domanda che ci si pone \u00e8 : Ma da quando esistono i Dom\u00ecni Collettivi in Agordino? Traendo sempre spunto dalla documentazione della Regola della Val, troviamo che, nel 1354, in un atto di compravendita redatto presso il Convento di Campodantini (oggi Candaten) nel giorno 10 agosto \u201cPermuta di un prato sul Monte Dur\u00e0n e acquisto di due case a Gosaldo\u201d,\u00a0 compare come confinante del terreno oggetto di compravendita, anche un terreno della Regola della Val, segno che nel 1354 detta Regola gi\u00e0 esisteva e forse gi\u00e0 da parecchio tempo, tanto che essa risultava proprietaria di un terreno sul Monte (pascolivo) di Dur\u00e0n . In quel periodo vi era ancora la divisione in Rotuli (Della Valle e Da Voltago) e la signoria degli Avoscani che dominavano l\u2019Agordino, ma la Regola della Val gi\u00e0 esisteva e quindi era altra entit\u00e0 rispetto alle Signorie\u00a0 o Rotuli Dominanti <a href=\"https:\/\/www.radiopiu.net\/wordpress\/dal-1200-allinizio-del-1400-ghibellini-a-la-valle-agordina-la-leggenda-di-federico-barbarossa-al-casal-di-cugnago\/\"><strong>CLICCA QUI<\/strong><\/a><\/p>\n<p>Non si hanno notizie di veri e propri Laudi giunti fino a noi per la Regola della Val, come invece \u00e8 stato per le Regole Cadorine, ma pu\u00f2 essere interessante quanto riportato su una pergamena del 1447 dove i rappresentanti dei Regolieri della Regola della Val, davanti al Capitano di Agordo, regolamentano l\u2019 affitto, a forestieri o estranei alla Regola, di boschi e pascoli di loro pertinenza. C\u2019\u00e8 anche da dire che gli Agordini si rifiutarono sempre di mettere per iscritto gli Usi e Consuetudini locali che avevano valore di Norma, richiamando negli atti la dicitura \u201cUsum Nostrum Agordinorum\u201d. Questo rifiuto di mettere per iscritto i propri Usi e Consuetudini potrebbe derivare dal fatto che una norma scritta pu\u00f2 essere impugnata, modificata , revocata, mentre una norma come Usi e Consuetudini orali, ben difficilmente poteva essere soggetto a modifiche altrui e quindi probabilmente tutelava maggiormente le collettivit\u00e0 locali. Una intensa e diffusa attivit\u00e0 \u00e8 quella che risulta per i Regolieri della Regola della Val, di acquisto e regolamentazione dei propri beni, che a seguito delle verifiche Regionali attuali possiamo ancora stimare oggigiorno a circa 35 kmq (3500 ettari ), che, dai riscontri finora effettuati, risulta essere la pi\u00f9 grande Regola Agordina, in quanto i Regolieri non si sono mai divisi i Dom\u00ecni Collettivi tra le varie frazioni (Vile), pur avendoci provato nella seconda met\u00e0 del 1700 a ridosso dell\u2019 invasione Napoleonica e conseguente caduta della Serenissima. Quindi vi erano \u00a0molte propriet\u00e0 per \u201cprima ed antica occupazione\u201d e molte propriet\u00e0 per successivo acquisto, tanto che tali beni venivano divisi dalla Serenissima tra \u201cBeni Comuni\u201d e \u201cBeni Comunali\u201d, da non confondersi quest\u2019ultimi con i beni patrimoniali degli attuali Comuni che, come detto, prima del 1806, manco esistevano. I cosiddetti \u201cBeni Comunali\u201d erano beni di antico possesso da parte dei Regolieri che per\u00f2 la \u201cdemocraticissima\u201d Serenissima Veneta Repubblica riteneva fossero di sua diretta pertinenza (dopo le Dedizioni di Agordo alla Veneta Repubblica) e \u201camorevolmente\u201d le lasciava in uso ai Regolieri. Tali \u201cBeni Comunali\u201d venivano iscritti nei cosiddetti Catastici. \u00a0I \u201cBeni Comuni\u201d erano invece i beni sui quali i Regolieri avevano i titoli di acquisto e sui quali la Serenissima riconosceva (non potendo negarlo) la propriet\u00e0 dei Regolieri Consorti e Coeredi e su questi \u201cBeni Comuni\u201d esigeva le tasse come beni privati e li iscriveva negli Estimi. Ad esempio, negli Estimi del 1634 troviamo, per la Regola della Val, i territori di Dur\u00e0n, Calleda, Pra de Val, Ballanzola (Monte pascolivo e boschivo che andava dalla attuale Malga Roa alla Attuale Malga Foca con la Casera del Moschesin con le loro pertinenze\u00a0 che comprendevano anche all\u2019attuale Monte Vallaraz \u00a0e parte del Monte Celo.<\/p>\n<p>&nbsp;<\/p>\n<p>&nbsp;<\/p>\n<p>*******<\/p>\n","protected":false},"excerpt":{"rendered":"<p>di Tiziano De Col Facendo seguito alle prime due parti di questa succinta e didascalica trattazione sui Dom\u00ecni Collettivi, Agordini in special modo, consigliamo la lettura delle prime due parti PRIMA PARTE SECONDA PARTE Nella seconda parte abbiamo iniziato la trattazione sull\u2019origine di questi nostri Dom\u00ecni Collettivi, accennando al regime di propriet\u00e0 in capo ai&hellip;<\/p>\n","protected":false},"author":4,"featured_media":325163,"comment_status":"closed","ping_status":"closed","sticky":false,"template":"","format":"standard","meta":{"_monsterinsights_skip_tracking":false,"_monsterinsights_sitenote_active":false,"_monsterinsights_sitenote_note":"","_monsterinsights_sitenote_category":0,"footnotes":""},"categories":[104,49],"tags":[],"class_list":["post-325161","post","type-post","status-publish","format-standard","has-post-thumbnail","hentry","category-evidenza_3","category-news-18","category-104","category-49","description-off"],"img_url":"https:\/\/www.radiopiu.net\/wordpress\/wp-content\/uploads\/2023\/03\/OOKKK-rotated.jpg","_links":{"self":[{"href":"https:\/\/www.radiopiu.net\/wordpress\/wp-json\/wp\/v2\/posts\/325161","targetHints":{"allow":["GET"]}}],"collection":[{"href":"https:\/\/www.radiopiu.net\/wordpress\/wp-json\/wp\/v2\/posts"}],"about":[{"href":"https:\/\/www.radiopiu.net\/wordpress\/wp-json\/wp\/v2\/types\/post"}],"author":[{"embeddable":true,"href":"https:\/\/www.radiopiu.net\/wordpress\/wp-json\/wp\/v2\/users\/4"}],"replies":[{"embeddable":true,"href":"https:\/\/www.radiopiu.net\/wordpress\/wp-json\/wp\/v2\/comments?post=325161"}],"version-history":[{"count":0,"href":"https:\/\/www.radiopiu.net\/wordpress\/wp-json\/wp\/v2\/posts\/325161\/revisions"}],"wp:featuredmedia":[{"embeddable":true,"href":"https:\/\/www.radiopiu.net\/wordpress\/wp-json\/wp\/v2\/media\/325163"}],"wp:attachment":[{"href":"https:\/\/www.radiopiu.net\/wordpress\/wp-json\/wp\/v2\/media?parent=325161"}],"wp:term":[{"taxonomy":"category","embeddable":true,"href":"https:\/\/www.radiopiu.net\/wordpress\/wp-json\/wp\/v2\/categories?post=325161"},{"taxonomy":"post_tag","embeddable":true,"href":"https:\/\/www.radiopiu.net\/wordpress\/wp-json\/wp\/v2\/tags?post=325161"}],"curies":[{"name":"wp","href":"https:\/\/api.w.org\/{rel}","templated":true}]}}