{"id":325168,"date":"2023-03-07T05:52:49","date_gmt":"2023-03-07T04:52:49","guid":{"rendered":"https:\/\/www.radiopiu.net\/wordpress\/?p=325168"},"modified":"2023-03-07T08:48:47","modified_gmt":"2023-03-07T07:48:47","slug":"giornale-radiopiu-07-marzo-2023-direttore-mirko-mezzacasa-verso-i-40-anni-25-giugno-1983-25-giugno-2023","status":"publish","type":"post","link":"https:\/\/www.radiopiu.net\/wordpress\/giornale-radiopiu-07-marzo-2023-direttore-mirko-mezzacasa-verso-i-40-anni-25-giugno-1983-25-giugno-2023\/","title":{"rendered":"GIORNALE RADIOPIU 07 MARZO 2023 DIRETTORE MIRKO MEZZACASA&#8230;verso i 40 anni 25 giugno 1983-25 giugno 2023"},"content":{"rendered":"<h3 class=\"kvgmc6g5 cxmmr5t8 oygrvhab hcukyx3x c1et5uql\"><span style=\"color: #0000ff;\"><strong>RADIO PIU INFORMAZIONE il canale su TELEGRAM informazione di prima\u00a0 <\/strong><strong>mano e in tempo reale. iscriviti ed aiutaci a farlo conoscere\u00a0 \u00a0 \u00a0<\/strong><\/span><\/h3>\n<h2 style=\"text-align: left;\"><span style=\"color: #ff0000;\">ISCRIVITI AL NOSTRO CANALE YOUTUBE PER SEGUIRE IN DIRETTA I PRINCIPALI PROGRAMMI DI RADIO PIU&#8217; E LE FUTURE DIRETTE IN ESTERNA. PER ISCRIVERTI <a style=\"color: #ff0000;\" href=\"https:\/\/youtube.com\/@radiopiu1527\">CLICCA QUI<\/a> E PREMI IL TASTO &#8220;Iscriviti&#8221;\u00a0<\/span><\/h2>\n<p>&nbsp;<\/p>\n<hr \/>\n<p>&nbsp;<\/p>\n<blockquote>\n<h3>OGGI LAVORI ALLA RETE IDRICA A VOLTAGO<\/h3>\n<\/blockquote>\n<p><strong>VOLTAGO<\/strong> Gestione Servizi Pubblici informa che, per lavori alla rete idrica comunale, oggi fino alle 17 verr\u00e0 sospesa l\u2019erogazione dell\u2019acqua a VOLTAGO AGORDINO, nelle VIE VICH, COSTA DALL&#8217;ACQUA e DOMADORE. Il personale addetto operer\u00e0 per limitare il pi\u00f9 possibile i disagi alla popolazione.<\/p>\n<p>&nbsp;<\/p>\n<hr \/>\n<p>&nbsp;<\/p>\n<blockquote>\n<h3>MUORE COLTO DA MALORE A PASSO SAN PELLEGRINO.<\/h3>\n<\/blockquote>\n<p><strong><img loading=\"lazy\" decoding=\"async\" class=\"alignleft\" src=\"https:\/\/www.radiopiu.net\/wordpress\/wp-content\/uploads\/2023\/03\/maso.jpg\" width=\"189\" height=\"155\" \/>BORGO VALBELLUNA<\/strong> Roberto Maso, 54 anni \u00e8 morto per un malore improvviso durante una passeggiata a Passo San Pellegrino. L&#8217;annuncio della morte dell&#8217;imprenditore dalle Flex Piave \u00e8 stato dato ieri dall&#8217;azienda tramite la pagina facebook<em> \u00abPurtroppo il nostro caro Roberto ci ha lasciati, troppo presto. Grande uomo nella vita e nella famiglia, mancherai tanto, troppo\u00bb. <\/em>Roberto Maso era anche nome noto nel\u00a0 mondo del volontariato e del calcio giocato con l&#8217;Usd Lentiai, .Roberto Maso lascia la moglie Patrizia e i figli Andrea ed Elisa. I funerali dell&#8217;imprenditore verranno celebrati venerd\u00ec alle 10,30 nella chiesa arcipretale di Lentiai.<\/p>\n<div class=\"testoArticolo\"><strong>IL DRAMMA<\/strong> Una fitta, un urlo di dolore e poi\u00a0 l&#8217;ultimo respiro. Sono stati gli ultimi momenti di vita di\u00a0 Roberto Maso,\u00a0 domenica durante la camminata al chiaro di luna verso Fuciade insieme alla moglie Patrizia Bertelle e alla figlia Elisa. Un&#8217;escursione non impegnativa. Moglie e figlia hanno chiamato i soccorsi dopo aver tentato le prime manovre rianimatorie<\/div>\n<div><\/div>\n<blockquote>\n<div><\/div>\n<div><\/div>\n<\/blockquote>\n<div><\/div>\n<div><\/div>\n<blockquote>\n<div><\/div>\n<\/blockquote>\n<div class=\"testoArticolo\"><\/div>\n<div>\n<hr \/>\n<\/div>\n<div>\n<blockquote>\n<h3>\u00a0LUTTO A POLPET, EMANUELE AVEVA 44 ANNI<br \/>\n<a class=\"dt-pswp-item\" href=\"https:\/\/www.radiopiu.net\/wordpress\/wp-content\/uploads\/2023\/03\/Senza-nome-28.jpg\" data-dt-img-description=\"\" data-large_image_width=\"236\" data-large_image_height=\"274\"><img loading=\"lazy\" decoding=\"async\" class=\" wp-image-325361 alignleft\" src=\"https:\/\/www.radiopiu.net\/wordpress\/wp-content\/uploads\/2023\/03\/Senza-nome-28.jpg\" alt=\"\" width=\"138\" height=\"160\" \/><\/a><\/h3>\n<\/blockquote>\n<div><\/div>\n<div><strong>PONTE NELLE ALPI<\/strong> Saranno celebrati oggi alle 11 nella chiesa parrocchiale di Polpet i funerali di Emanuele Tonon, 44 anni, manager impegnato da tempo per lavoro in Emilia Romagna per il gruppo di supermercati Md.\u00a0 Aveva all&#8217;attivo esperienze professionali importanti nel settore della grande distribuzione. Una notizia che ha colto di sorpresa i tanti coetanei e paesani che ricordavano con affetto il ragazzo dai modi riservati trasferitosi fuori regione per lavoro. La famiglia, con la sorella Loretta e il fratello Massimo, ha voluto ringraziare in particolare il personale del policlinico universitario di Modena.<\/div>\n<div><\/div>\n<div>\n<div><\/div>\n<blockquote>\n<div><\/div>\n<div><\/div>\n<\/blockquote>\n<div><\/div>\n<div><\/div>\n<blockquote>\n<div><\/div>\n<\/blockquote>\n<div class=\"testoArticolo\"><\/div>\n<\/div>\n<div>\n<hr \/>\n<\/div>\n<div><\/div>\n<div>\n<blockquote>\n<h3>DOMANI I FUNERALI DI ANTONIO SALINA<\/h3>\n<\/blockquote>\n<div><strong>FELTRE\u00a0<\/strong> Si svolgeranno domani mattina alle 10,30 nella chiesa di san Benedetto a Celarda i funerali di Antonio Salina, deceduto tragicamente sabato 25 febbraio nella vasca della stalla all&#8217;interno dell&#8217;azienda agricola La Francescana dopo essere uscito dalla casa di riposo di Arsi\u00e8.\u00a0 Lascia la moglie Antonietta, il figlio Walter, i nipoti.<\/div>\n<div><\/div>\n<\/div>\n<\/div>\n<div>\n<div><\/div>\n<blockquote>\n<div><\/div>\n<div><\/div>\n<\/blockquote>\n<div><\/div>\n<div><\/div>\n<blockquote>\n<div><\/div>\n<\/blockquote>\n<div class=\"testoArticolo\"><\/div>\n<\/div>\n<div><\/div>\n<div>\n<hr \/>\n<\/div>\n<blockquote>\n<h3>\u00a0DOPPIO INVESTIMENTO IN CENTRO, DUE DONNE IN OSPEDALE<\/h3>\n<\/blockquote>\n<div><strong>BELLUNO<\/strong> Domenica sera due\u00a0 donne sono state investite lungo via Vittorio Veneto, trasportate in ospedale non sono in gravi condizioni. Illeso il conducente della Porsche, un trevigiano che viaggiava in direzione di Ponte nelle Alpi quando all&#8217;altezza della concessionaria Autogiada, c&#8217;\u00e8 stato l&#8217;investimento. Le due donne stavano attraversando la carreggiata .<\/div>\n<div>\n<div><\/div>\n<blockquote>\n<div><\/div>\n<div><\/div>\n<\/blockquote>\n<div><\/div>\n<div><\/div>\n<blockquote>\n<div><\/div>\n<\/blockquote>\n<div class=\"testoArticolo\"><\/div>\n<\/div>\n<div><\/div>\n<div><\/div>\n<div>\n<hr \/>\n<\/div>\n<blockquote>\n<h3>\u00a0SEMPRE GRAVI LE CONDIZIONI DELLE 36ENNE DI SELVA DI CADORE<\/h3>\n<\/blockquote>\n<div><strong>SELVA DI CADORE\u00a0<\/strong> E&#8217; ricoverata al C\u00e0 Foncello di Treviso da sabato pomeriggio, in prognosi riservata, la donna di Selva di Cadore rimasta gravemente ferita nell&#8217;incidente stradale lungo l&#8217;autostrada A27. D.R.L., 36 anni, \u00e8 ricoverata in terapia intensiva nel nosocomio trevigiano. La vettura condotta dalla donna di Selva stava percorrendo la carreggiata nord in direzione di Belluno, quando ha improvvisamente cambiato direzione, innescando una carambola che l&#8217;ha fatta finire contro la parete della galleria<\/div>\n<div><\/div>\n<div>\n<div><\/div>\n<blockquote>\n<div><\/div>\n<div><\/div>\n<\/blockquote>\n<div><\/div>\n<div><\/div>\n<blockquote>\n<div><\/div>\n<\/blockquote>\n<div class=\"testoArticolo\"><\/div>\n<\/div>\n<div><\/div>\n<div><\/div>\n<hr \/>\n<p>&nbsp;<\/p>\n<blockquote>\n<h3>LA TERRA TREMA TRA LONGARONE E PONTE NELLE ALPI, IMPENNATA DEL PENNINO AL SIMOGRAFO DI AGORDO<\/h3>\n<\/blockquote>\n<p><strong>LONGARONE<\/strong> Erano le 13:31 quando la terra ha tremato a Longarone. Pochi secondi ma intensi. La scossa \u00e8 stata registrata sul monte Schiara, tra Longarone e Ponte nelle Alpi. Magnitudo di 2.2 con una profondit\u00e0 di 9,8 km. Dopo le continue scosse a Claut e nel vicino Friuli questa volta il terremoto\u00a0 ha interessato la provincia, \u00a0breve e leggero che non ha provocato danni. La scossa \u00e8 stata avvertita distintamente, soprattutto nei piani pi\u00f9 alti delle abitazioni.<\/p>\n<p><strong>la scossa e&#8217; stata rilevata anche dal sismografo di Agordo<\/strong><\/p>\n<p><a class=\"dt-pswp-item\" href=\"https:\/\/www.radiopiu.net\/wordpress\/wp-content\/uploads\/2023\/03\/Senza-nome-25.jpg\" data-dt-img-description=\"\" data-large_image_width=\"645\" data-large_image_height=\"467\"><img loading=\"lazy\" decoding=\"async\" class=\"alignnone size-medium wp-image-325306\" src=\"https:\/\/www.radiopiu.net\/wordpress\/wp-content\/uploads\/2023\/03\/Senza-nome-25-300x217.jpg\" alt=\"\" width=\"300\" height=\"217\" srcset=\"https:\/\/www.radiopiu.net\/wordpress\/wp-content\/uploads\/2023\/03\/Senza-nome-25-300x217.jpg 300w, https:\/\/www.radiopiu.net\/wordpress\/wp-content\/uploads\/2023\/03\/Senza-nome-25.jpg 645w\" sizes=\"auto, (max-width: 300px) 100vw, 300px\" \/><\/a><\/p>\n<div><\/div>\n<blockquote>\n<div><\/div>\n<div><\/div>\n<\/blockquote>\n<div><\/div>\n<div><\/div>\n<blockquote>\n<div><\/div>\n<\/blockquote>\n<div class=\"testoArticolo\"><\/div>\n<p>&nbsp;<\/p>\n<hr \/>\n<p>&nbsp;<\/p>\n<p><span style=\"color: #ff0000;\">clima incandescente<\/span><\/p>\n<blockquote>\n<h3>DANNI AL CANTIERE PER LA PISTA DA BOB A CORTINA<\/h3>\n<\/blockquote>\n<p><strong>CORTINA<\/strong>\u00a0 La pista da bob da oltre 100 miloni di euro divide. I contrari si sono mossi con una protesta non condivisibile, ovvero abbattendo parte delle reti del cantiere per la\u00a0 demolizione e la ricostruzione della pista. Una decina di metri di retina in plastica con i paletti che la reggeva, domenica mattina \u00e8 stata ritrovata a terra lungo la strada. L&#8217;assessore\u00a0 delegato Stefano Ghezze annuncia provvedimenti tipo l&#8217;installazione delle telecamere<\/p>\n<p>&nbsp;<\/p>\n<hr \/>\n<p>&nbsp;<\/p>\n<blockquote>\n<h3>POSATA LA PRIMA PIETRA PER LA REALIZZAZIONE DELLA GALLERIA PALA ROSSA<\/h3>\n<\/blockquote>\n<p><strong>LAMON<\/strong> Via ufficiale ai lavori per la realizzazione della galleria Pala Rossa a Lamon: un&#8217;opera da quasi 30 milioni di euro che migliorer\u00e0 i collegamenti tra Feltrino e Primiero, anche in nome della lotta allo spopolamento.<\/p>\n<p><strong>di Daniele Dalvit<\/strong><\/p>\n<audio class=\"wp-audio-shortcode\" id=\"audio-325168-1\" preload=\"none\" style=\"width: 100%;\" controls=\"controls\"><source type=\"audio\/mpeg\" src=\"https:\/\/www.radiopiu.net\/wordpress\/wp-content\/uploads\/2023\/03\/DALVIT-PALA-ROSSA.mp3?_=1\" \/><a href=\"https:\/\/www.radiopiu.net\/wordpress\/wp-content\/uploads\/2023\/03\/DALVIT-PALA-ROSSA.mp3\">https:\/\/www.radiopiu.net\/wordpress\/wp-content\/uploads\/2023\/03\/DALVIT-PALA-ROSSA.mp3<\/a><\/audio>\n<p>&nbsp;<\/p>\n\n\t\t\t<style type='text\/css'>\n\t\t\t\t#gallery-1 {\n\t\t\t\t\tmargin: auto;\n\t\t\t\t}\n\t\t\t\t#gallery-1 .gallery-item {\n\t\t\t\t\tfloat: left;\n\t\t\t\t\tmargin-top: 10px;\n\t\t\t\t\ttext-align: center;\n\t\t\t\t\twidth: 25%;\n\t\t\t\t}\n\t\t\t\t#gallery-1 img {\n\t\t\t\t\tborder: 2px solid #cfcfcf;\n\t\t\t\t}\n\t\t\t\t#gallery-1 .gallery-caption {\n\t\t\t\t\tmargin-left: 0;\n\t\t\t\t}\n\t\t\t\t\/* see gallery_shortcode() in wp-includes\/media.php *\/\n\t\t\t<\/style>\n\t\t<div id='gallery-1' class='dt-gallery-container gallery galleryid-325168 gallery-columns-4 gallery-size-medium'><dl class='gallery-item'>\n\t\t\t\t<dt class='gallery-icon landscape'>\n\t\t\t\t\t<a class=\"rollover rollover-zoom dt-pswp-item\" title=\"Pala Rossa (4)\" data-dt-img-description=\"\" data-large_image_width=\"2048\" data-large_image_height=\"1536\"href='https:\/\/www.radiopiu.net\/wordpress\/wp-content\/uploads\/2023\/03\/Pala-Rossa-4.jpeg'><img loading=\"lazy\" decoding=\"async\" width=\"300\" height=\"225\" src=\"https:\/\/www.radiopiu.net\/wordpress\/wp-content\/uploads\/2023\/03\/Pala-Rossa-4-300x225.jpeg\" class=\"attachment-medium size-medium\" alt=\"\" srcset=\"https:\/\/www.radiopiu.net\/wordpress\/wp-content\/uploads\/2023\/03\/Pala-Rossa-4-300x225.jpeg 300w, https:\/\/www.radiopiu.net\/wordpress\/wp-content\/uploads\/2023\/03\/Pala-Rossa-4-1024x768.jpeg 1024w, https:\/\/www.radiopiu.net\/wordpress\/wp-content\/uploads\/2023\/03\/Pala-Rossa-4-768x576.jpeg 768w, https:\/\/www.radiopiu.net\/wordpress\/wp-content\/uploads\/2023\/03\/Pala-Rossa-4-1536x1152.jpeg 1536w, https:\/\/www.radiopiu.net\/wordpress\/wp-content\/uploads\/2023\/03\/Pala-Rossa-4.jpeg 2048w\" sizes=\"auto, (max-width: 300px) 100vw, 300px\" \/><\/a>\n\t\t\t\t<\/dt><\/dl><dl class='gallery-item'>\n\t\t\t\t<dt class='gallery-icon landscape'>\n\t\t\t\t\t<a class=\"rollover rollover-zoom dt-pswp-item\" title=\"Pala Rossa (5)\" data-dt-img-description=\"\" data-large_image_width=\"2048\" data-large_image_height=\"1536\"href='https:\/\/www.radiopiu.net\/wordpress\/wp-content\/uploads\/2023\/03\/Pala-Rossa-5.jpeg'><img loading=\"lazy\" decoding=\"async\" width=\"300\" height=\"225\" src=\"https:\/\/www.radiopiu.net\/wordpress\/wp-content\/uploads\/2023\/03\/Pala-Rossa-5-300x225.jpeg\" class=\"attachment-medium size-medium\" alt=\"\" srcset=\"https:\/\/www.radiopiu.net\/wordpress\/wp-content\/uploads\/2023\/03\/Pala-Rossa-5-300x225.jpeg 300w, https:\/\/www.radiopiu.net\/wordpress\/wp-content\/uploads\/2023\/03\/Pala-Rossa-5-1024x768.jpeg 1024w, https:\/\/www.radiopiu.net\/wordpress\/wp-content\/uploads\/2023\/03\/Pala-Rossa-5-768x576.jpeg 768w, https:\/\/www.radiopiu.net\/wordpress\/wp-content\/uploads\/2023\/03\/Pala-Rossa-5-1536x1152.jpeg 1536w, https:\/\/www.radiopiu.net\/wordpress\/wp-content\/uploads\/2023\/03\/Pala-Rossa-5.jpeg 2048w\" sizes=\"auto, (max-width: 300px) 100vw, 300px\" \/><\/a>\n\t\t\t\t<\/dt><\/dl><dl class='gallery-item'>\n\t\t\t\t<dt class='gallery-icon landscape'>\n\t\t\t\t\t<a class=\"rollover rollover-zoom dt-pswp-item\" title=\"Pala Rossa (2)\" data-dt-img-description=\"\" data-large_image_width=\"2048\" data-large_image_height=\"1536\"href='https:\/\/www.radiopiu.net\/wordpress\/wp-content\/uploads\/2023\/03\/Pala-Rossa-2.jpeg'><img loading=\"lazy\" decoding=\"async\" width=\"300\" height=\"225\" src=\"https:\/\/www.radiopiu.net\/wordpress\/wp-content\/uploads\/2023\/03\/Pala-Rossa-2-300x225.jpeg\" class=\"attachment-medium size-medium\" alt=\"\" srcset=\"https:\/\/www.radiopiu.net\/wordpress\/wp-content\/uploads\/2023\/03\/Pala-Rossa-2-300x225.jpeg 300w, https:\/\/www.radiopiu.net\/wordpress\/wp-content\/uploads\/2023\/03\/Pala-Rossa-2-1024x768.jpeg 1024w, https:\/\/www.radiopiu.net\/wordpress\/wp-content\/uploads\/2023\/03\/Pala-Rossa-2-768x576.jpeg 768w, https:\/\/www.radiopiu.net\/wordpress\/wp-content\/uploads\/2023\/03\/Pala-Rossa-2-1536x1152.jpeg 1536w, https:\/\/www.radiopiu.net\/wordpress\/wp-content\/uploads\/2023\/03\/Pala-Rossa-2.jpeg 2048w\" sizes=\"auto, (max-width: 300px) 100vw, 300px\" \/><\/a>\n\t\t\t\t<\/dt><\/dl><dl class='gallery-item'>\n\t\t\t\t<dt class='gallery-icon landscape'>\n\t\t\t\t\t<a class=\"rollover rollover-zoom dt-pswp-item\" title=\"969a2d87-6d95-4aab-86ee-8ed72c2fd976\" data-dt-img-description=\"\" data-large_image_width=\"1024\" data-large_image_height=\"768\"href='https:\/\/www.radiopiu.net\/wordpress\/wp-content\/uploads\/2023\/03\/969a2d87-6d95-4aab-86ee-8ed72c2fd976.jpg'><img loading=\"lazy\" decoding=\"async\" width=\"300\" height=\"225\" src=\"https:\/\/www.radiopiu.net\/wordpress\/wp-content\/uploads\/2023\/03\/969a2d87-6d95-4aab-86ee-8ed72c2fd976-300x225.jpg\" class=\"attachment-medium size-medium\" alt=\"\" srcset=\"https:\/\/www.radiopiu.net\/wordpress\/wp-content\/uploads\/2023\/03\/969a2d87-6d95-4aab-86ee-8ed72c2fd976-300x225.jpg 300w, https:\/\/www.radiopiu.net\/wordpress\/wp-content\/uploads\/2023\/03\/969a2d87-6d95-4aab-86ee-8ed72c2fd976-768x576.jpg 768w, https:\/\/www.radiopiu.net\/wordpress\/wp-content\/uploads\/2023\/03\/969a2d87-6d95-4aab-86ee-8ed72c2fd976.jpg 1024w\" sizes=\"auto, (max-width: 300px) 100vw, 300px\" \/><\/a>\n\t\t\t\t<\/dt><\/dl><br style=\"clear: both\" \/>\n\t\t\t<\/div>\n\n<p><strong>L&#8217;ASSESSORE REGIONALE GIANPAOLO BOTTACIN<\/strong><\/p>\n<audio class=\"wp-audio-shortcode\" id=\"audio-325168-2\" preload=\"none\" style=\"width: 100%;\" controls=\"controls\"><source type=\"audio\/mpeg\" src=\"https:\/\/www.radiopiu.net\/wordpress\/wp-content\/uploads\/2023\/03\/BOTTACIN-GALLERIA-PALA-ROSSA.mp3?_=2\" \/><a href=\"https:\/\/www.radiopiu.net\/wordpress\/wp-content\/uploads\/2023\/03\/BOTTACIN-GALLERIA-PALA-ROSSA.mp3\">https:\/\/www.radiopiu.net\/wordpress\/wp-content\/uploads\/2023\/03\/BOTTACIN-GALLERIA-PALA-ROSSA.mp3<\/a><\/audio>\n<p>&nbsp;<\/p>\n<hr \/>\n<p>&nbsp;<\/p>\n<blockquote>\n<h2>BOLLETTE IN VENETO: NEL 2022 +108% IN ELETTRICITA&#8217; +57% IN GAS<\/h2>\n<\/blockquote>\n<blockquote><p><a class=\"dt-pswp-item\" href=\"https:\/\/www.radiopiu.net\/wordpress\/wp-content\/uploads\/2023\/03\/Costi-Gas_c-Cristian-Storto_lr.jpg\" data-dt-img-description=\"\" data-large_image_width=\"1200\" data-large_image_height=\"675\"><img loading=\"lazy\" decoding=\"async\" class=\"size-medium wp-image-325251 alignleft\" src=\"https:\/\/www.radiopiu.net\/wordpress\/wp-content\/uploads\/2023\/03\/Costi-Gas_c-Cristian-Storto_lr-300x169.jpg\" alt=\"\" width=\"300\" height=\"169\" srcset=\"https:\/\/www.radiopiu.net\/wordpress\/wp-content\/uploads\/2023\/03\/Costi-Gas_c-Cristian-Storto_lr-300x169.jpg 300w, https:\/\/www.radiopiu.net\/wordpress\/wp-content\/uploads\/2023\/03\/Costi-Gas_c-Cristian-Storto_lr-1024x576.jpg 1024w, https:\/\/www.radiopiu.net\/wordpress\/wp-content\/uploads\/2023\/03\/Costi-Gas_c-Cristian-Storto_lr-768x432.jpg 768w, https:\/\/www.radiopiu.net\/wordpress\/wp-content\/uploads\/2023\/03\/Costi-Gas_c-Cristian-Storto_lr.jpg 1200w\" sizes=\"auto, (max-width: 300px) 100vw, 300px\" \/><\/a><em>Complessivamente tra luce e gas, nel 2022 i veneti hanno sborsato, mediamente, <strong>3.001 euro a famiglia<\/strong> (rispetto ai 1.675 euro del 2021)<\/em><\/p><\/blockquote>\n<p>MILANO <em>A parit\u00e0 di consumi, secondo l\u2019analisi<\/em><em>*<\/em><em> di <strong><a href=\"https:\/\/www.facile.it\/\">Facile.it<\/a><\/strong>, le famiglie <strong>residenti in Veneto<\/strong> con contratto di fornitura nel mercato tutelato, nel 2022 hanno speso per la sola <strong>bolletta elettrica 1.499 euro<\/strong>, vale a dire il <strong>108% in pi\u00f9 rispetto al 2021,<\/strong> e<strong> 1.502 euro per il<\/strong> <strong>gas<\/strong> (+<strong>57%<\/strong>). <\/em><em>Sul<strong> fronte dell\u2019elettricit\u00e0 <\/strong>i veneti <strong>sono tra i pi\u00f9 sfortunati d\u2019Italia<\/strong> avendo avuto la quinta bolletta pi\u00f9 pesante <strong>della Penisola<\/strong>. <\/em><em>Il calo del prezzo della materia prima registrato a inizio 2023, per\u00f2, potrebbe far ben sperare. <\/em><em>\u00abCon il nuovo anno abbiamo assistito a buoni segnali sia per il costo dell\u2019energia elettrica che per il gas\u00bb<\/em><em>, <\/em><em>spiega <strong>Mario Rasimelli<\/strong>, Managing Director Utilities di Facile.it<\/em><em>. <\/em><em>\u00abNon bisogna, per\u00f2, abbassare la guardia ed \u00e8 bene continuare a monitorare i propri consumi e controllare periodicamente le offerte presenti sul mercato cos\u00ec da identificare eventuali possibilit\u00e0 di risparmio\u00bb.\u00a0<\/em><\/p>\n<p>&nbsp;<\/p>\n<hr \/>\n<p>&nbsp;<\/p>\n<blockquote>\n<h3>BANDO DESERTO PER LA GESTIONE DEGLI IMPIANTI IN NEVEGAL<\/h3>\n<\/blockquote>\n<p><strong><a class=\"dt-pswp-item\" href=\"https:\/\/www.radiopiu.net\/wordpress\/wp-content\/uploads\/2019\/09\/nevegal-visentin-nogherazza.jpg\" data-dt-img-description=\"\" data-large_image_width=\"957\" data-large_image_height=\"714\"><img loading=\"lazy\" decoding=\"async\" class=\" wp-image-100022 alignleft\" src=\"https:\/\/www.radiopiu.net\/wordpress\/wp-content\/uploads\/2019\/09\/nevegal-visentin-nogherazza-300x224.jpg\" alt=\"\" width=\"149\" height=\"111\" srcset=\"https:\/\/www.radiopiu.net\/wordpress\/wp-content\/uploads\/2019\/09\/nevegal-visentin-nogherazza-300x224.jpg 300w, https:\/\/www.radiopiu.net\/wordpress\/wp-content\/uploads\/2019\/09\/nevegal-visentin-nogherazza-768x573.jpg 768w, https:\/\/www.radiopiu.net\/wordpress\/wp-content\/uploads\/2019\/09\/nevegal-visentin-nogherazza.jpg 957w\" sizes=\"auto, (max-width: 149px) 100vw, 149px\" \/><\/a>BELLUNO<\/strong> Nessuna offerta per la gestione degli impianti di risalita del Nevegal: scadevano questa mattina i termini per partecipare alla gara, che \u00e8 andata deserta. Il bando verr\u00e0 ora riproposto, con scadenza 15 aprile.<\/p>\n<p><strong>di Daniele Dalvit<\/strong><\/p>\n<audio class=\"wp-audio-shortcode\" id=\"audio-325168-3\" preload=\"none\" style=\"width: 100%;\" controls=\"controls\"><source type=\"audio\/mpeg\" src=\"https:\/\/www.radiopiu.net\/wordpress\/wp-content\/uploads\/2023\/03\/DALVIT-NEVEGAL.mp3?_=3\" \/><a href=\"https:\/\/www.radiopiu.net\/wordpress\/wp-content\/uploads\/2023\/03\/DALVIT-NEVEGAL.mp3\">https:\/\/www.radiopiu.net\/wordpress\/wp-content\/uploads\/2023\/03\/DALVIT-NEVEGAL.mp3<\/a><\/audio>\n<p>&nbsp;<\/p>\n<p>&nbsp;<\/p>\n<hr \/>\n<p>&nbsp;<\/p>\n<p>&nbsp;<\/p>\n<p>&nbsp;<\/p>\n<h2><strong><a class=\"dt-pswp-item\" href=\"https:\/\/www.radiopiu.net\/wordpress\/wp-content\/uploads\/2021\/11\/FORCELLA-AURINE.jpg\" data-dt-img-description=\"\" data-large_image_width=\"960\" data-large_image_height=\"720\"><img loading=\"lazy\" decoding=\"async\" class=\" wp-image-241538 alignleft\" src=\"https:\/\/www.radiopiu.net\/wordpress\/wp-content\/uploads\/2021\/11\/FORCELLA-AURINE-300x225.jpg\" alt=\"\" width=\"191\" height=\"143\" srcset=\"https:\/\/www.radiopiu.net\/wordpress\/wp-content\/uploads\/2021\/11\/FORCELLA-AURINE-300x225.jpg 300w, https:\/\/www.radiopiu.net\/wordpress\/wp-content\/uploads\/2021\/11\/FORCELLA-AURINE-768x576.jpg 768w, https:\/\/www.radiopiu.net\/wordpress\/wp-content\/uploads\/2021\/11\/FORCELLA-AURINE.jpg 960w\" sizes=\"auto, (max-width: 191px) 100vw, 191px\" \/><\/a><\/strong><span style=\"color: #33cccc;\">FORCELLA AURINE: A GONFIE VELE E DOMENICA DOPPIO APPUNTAMENTO CON LO SCI<\/span><\/h2>\n<p><strong>di Gianni Santomaso<\/strong><\/p>\n<p>OSPITE: Morgan Gnech<\/p>\n<audio class=\"wp-audio-shortcode\" id=\"audio-325168-4\" preload=\"none\" style=\"width: 100%;\" controls=\"controls\"><source type=\"audio\/mpeg\" src=\"https:\/\/www.radiopiu.net\/wordpress\/wp-content\/uploads\/2023\/03\/RASSEGNA-GIANNI.mp3?_=4\" \/><a href=\"https:\/\/www.radiopiu.net\/wordpress\/wp-content\/uploads\/2023\/03\/RASSEGNA-GIANNI.mp3\">https:\/\/www.radiopiu.net\/wordpress\/wp-content\/uploads\/2023\/03\/RASSEGNA-GIANNI.mp3<\/a><\/audio>\n\n\t\t\t<style type='text\/css'>\n\t\t\t\t#gallery-2 {\n\t\t\t\t\tmargin: auto;\n\t\t\t\t}\n\t\t\t\t#gallery-2 .gallery-item {\n\t\t\t\t\tfloat: left;\n\t\t\t\t\tmargin-top: 10px;\n\t\t\t\t\ttext-align: center;\n\t\t\t\t\twidth: 50%;\n\t\t\t\t}\n\t\t\t\t#gallery-2 img {\n\t\t\t\t\tborder: 2px solid #cfcfcf;\n\t\t\t\t}\n\t\t\t\t#gallery-2 .gallery-caption {\n\t\t\t\t\tmargin-left: 0;\n\t\t\t\t}\n\t\t\t\t\/* see gallery_shortcode() in wp-includes\/media.php *\/\n\t\t\t<\/style>\n\t\t<div id='gallery-2' class='dt-gallery-container gallery galleryid-325168 gallery-columns-2 gallery-size-thumbnail'><dl class='gallery-item'>\n\t\t\t\t<dt class='gallery-icon portrait'>\n\t\t\t\t\t<a class=\"rollover rollover-zoom dt-pswp-item\" title=\"5c5838b4-1ba7-40d7-a9fd-c9197390fcda\" data-dt-img-description=\"\" data-large_image_width=\"828\" data-large_image_height=\"1186\"href='https:\/\/www.radiopiu.net\/wordpress\/wp-content\/uploads\/2023\/03\/5c5838b4-1ba7-40d7-a9fd-c9197390fcda.jpg'><img loading=\"lazy\" decoding=\"async\" width=\"150\" height=\"150\" src=\"https:\/\/www.radiopiu.net\/wordpress\/wp-content\/uploads\/2023\/03\/5c5838b4-1ba7-40d7-a9fd-c9197390fcda-150x150.jpg\" class=\"attachment-thumbnail size-thumbnail\" alt=\"\" \/><\/a>\n\t\t\t\t<\/dt><\/dl><dl class='gallery-item'>\n\t\t\t\t<dt class='gallery-icon portrait'>\n\t\t\t\t\t<a class=\"rollover rollover-zoom dt-pswp-item\" title=\"2d318f8e-02fc-4cd5-aa39-ccf4179756a2\" data-dt-img-description=\"\" data-large_image_width=\"1300\" data-large_image_height=\"1600\"href='https:\/\/www.radiopiu.net\/wordpress\/wp-content\/uploads\/2023\/03\/2d318f8e-02fc-4cd5-aa39-ccf4179756a2.jpg'><img loading=\"lazy\" decoding=\"async\" width=\"150\" height=\"150\" src=\"https:\/\/www.radiopiu.net\/wordpress\/wp-content\/uploads\/2023\/03\/2d318f8e-02fc-4cd5-aa39-ccf4179756a2-150x150.jpg\" class=\"attachment-thumbnail size-thumbnail\" alt=\"\" \/><\/a>\n\t\t\t\t<\/dt><\/dl><br style=\"clear: both\" \/>\n\t\t\t<\/div>\n\n<p>&nbsp;<\/p>\n<p>&nbsp;<\/p>\n<hr \/>\n<p>&nbsp;<\/p>\n<blockquote>\n<h3>AD ALLEGHE LA SOSTITUZIONE DEI PUNTI LUCI COMUNALI<\/h3>\n<\/blockquote>\n<p><strong><a class=\"dt-pswp-item\" href=\"https:\/\/www.radiopiu.net\/wordpress\/wp-content\/uploads\/2022\/12\/alleghe-estate.jpg\" data-dt-img-description=\"\" data-large_image_width=\"640\" data-large_image_height=\"425\"><img loading=\"lazy\" decoding=\"async\" class=\" wp-image-311542 alignleft\" src=\"https:\/\/www.radiopiu.net\/wordpress\/wp-content\/uploads\/2022\/12\/alleghe-estate-300x199.jpg\" alt=\"\" width=\"188\" height=\"125\" srcset=\"https:\/\/www.radiopiu.net\/wordpress\/wp-content\/uploads\/2022\/12\/alleghe-estate-300x199.jpg 300w, https:\/\/www.radiopiu.net\/wordpress\/wp-content\/uploads\/2022\/12\/alleghe-estate.jpg 640w\" sizes=\"auto, (max-width: 188px) 100vw, 188px\" \/><\/a>ALLEGHE<\/strong><\/p>\n<p>di Gianni Santomaso<\/p>\n<audio class=\"wp-audio-shortcode\" id=\"audio-325168-5\" preload=\"none\" style=\"width: 100%;\" controls=\"controls\"><source type=\"audio\/mpeg\" src=\"https:\/\/www.radiopiu.net\/wordpress\/wp-content\/uploads\/2023\/03\/GIANNI-AD-ALLEGHE-LA-SOSTITUZIONE-DEI-PUNTI-LUCI-COMUNALI.mp3?_=5\" \/><a href=\"https:\/\/www.radiopiu.net\/wordpress\/wp-content\/uploads\/2023\/03\/GIANNI-AD-ALLEGHE-LA-SOSTITUZIONE-DEI-PUNTI-LUCI-COMUNALI.mp3\">https:\/\/www.radiopiu.net\/wordpress\/wp-content\/uploads\/2023\/03\/GIANNI-AD-ALLEGHE-LA-SOSTITUZIONE-DEI-PUNTI-LUCI-COMUNALI.mp3<\/a><\/audio>\n<p>&nbsp;<\/p>\n<hr \/>\n<p>&nbsp;<\/p>\n<blockquote>\n<h3>SETTE LUPI SULLA STRADA PER LO CHALET, A MASARE&#8217; DI ROCCA PIETORE<\/h3>\n<\/blockquote>\n<p><strong>ROCCA PIETORE<\/strong> Il video risale all&#8217;1.40 della scorsa notte. Lungo la comunale che dallo Chalet porta a Masar\u00e8 di Rocca Pietore si contano ben 7 lupi. Si tratta del secondo avvistamento consecutivo, quindi un tratto di strada dove i lupi passeggiano allegramente.<\/p>\n<p>&nbsp;<\/p>\n<div style=\"width: 640px;\" class=\"wp-video\"><video class=\"wp-video-shortcode\" id=\"video-325168-1\" width=\"640\" height=\"352\" preload=\"metadata\" controls=\"controls\"><source type=\"video\/mp4\" src=\"https:\/\/www.radiopiu.net\/wordpress\/wp-content\/uploads\/2023\/03\/WhatsApp-Video-2023-03-06-at-07.04.15.mp4?_=1\" \/><a href=\"https:\/\/www.radiopiu.net\/wordpress\/wp-content\/uploads\/2023\/03\/WhatsApp-Video-2023-03-06-at-07.04.15.mp4\">https:\/\/www.radiopiu.net\/wordpress\/wp-content\/uploads\/2023\/03\/WhatsApp-Video-2023-03-06-at-07.04.15.mp4<\/a><\/video><\/div>\n<p>&nbsp;<\/p>\n<p style=\"text-align: left;\"><strong>PASSO DURAN, REGIONALE 347 VERSO LO ZOLDANO DA LA VALLE AGORDINA<\/strong><\/p>\n<p><a class=\"dt-pswp-item\" href=\"https:\/\/www.radiopiu.net\/wordpress\/wp-content\/uploads\/2023\/03\/ef0d2423-7ddc-4410-b532-6b23a09acc33.jpg\" data-dt-img-description=\"\" data-large_image_width=\"720\" data-large_image_height=\"960\"><img loading=\"lazy\" decoding=\"async\" class=\"wp-image-325234 alignleft\" src=\"https:\/\/www.radiopiu.net\/wordpress\/wp-content\/uploads\/2023\/03\/ef0d2423-7ddc-4410-b532-6b23a09acc33.jpg\" alt=\"\" width=\"226\" height=\"301\" srcset=\"https:\/\/www.radiopiu.net\/wordpress\/wp-content\/uploads\/2023\/03\/ef0d2423-7ddc-4410-b532-6b23a09acc33.jpg 720w, https:\/\/www.radiopiu.net\/wordpress\/wp-content\/uploads\/2023\/03\/ef0d2423-7ddc-4410-b532-6b23a09acc33-225x300.jpg 225w\" sizes=\"auto, (max-width: 226px) 100vw, 226px\" \/><\/a><\/p>\n<p>&nbsp;<\/p>\n<p>&nbsp;<\/p>\n<p>&nbsp;<\/p>\n<p>&nbsp;<\/p>\n<p>&nbsp;<\/p>\n<p>&nbsp;<\/p>\n<p>&nbsp;<\/p>\n<p>&nbsp;<\/p>\n<p>&nbsp;<\/p>\n<p>&nbsp;<\/p>\n<p>&nbsp;<\/p>\n<p>&nbsp;<\/p>\n<hr \/>\n<p>&nbsp;<\/p>\n<blockquote>\n<h3>PROGETTO UNIVERSITA&#8217; A BELLUNO<\/h3>\n<\/blockquote>\n<p><strong><a class=\"dt-pswp-item\" href=\"https:\/\/www.radiopiu.net\/wordpress\/wp-content\/uploads\/2020\/06\/primo-piano-gli-studenti-che-scrivono-e-leggono-gli-fogli-di-risposta-degli-esami-di-esercitazione-in-aula-della-scuola-con-lo-stress_73622-858.jpg\" data-dt-img-description=\"\" data-large_image_width=\"626\" data-large_image_height=\"417\"><img loading=\"lazy\" decoding=\"async\" class=\" wp-image-143128 alignleft\" src=\"https:\/\/www.radiopiu.net\/wordpress\/wp-content\/uploads\/2020\/06\/primo-piano-gli-studenti-che-scrivono-e-leggono-gli-fogli-di-risposta-degli-esami-di-esercitazione-in-aula-della-scuola-con-lo-stress_73622-858-300x200.jpg\" alt=\"\" width=\"198\" height=\"132\" srcset=\"https:\/\/www.radiopiu.net\/wordpress\/wp-content\/uploads\/2020\/06\/primo-piano-gli-studenti-che-scrivono-e-leggono-gli-fogli-di-risposta-degli-esami-di-esercitazione-in-aula-della-scuola-con-lo-stress_73622-858-300x200.jpg 300w, https:\/\/www.radiopiu.net\/wordpress\/wp-content\/uploads\/2020\/06\/primo-piano-gli-studenti-che-scrivono-e-leggono-gli-fogli-di-risposta-degli-esami-di-esercitazione-in-aula-della-scuola-con-lo-stress_73622-858.jpg 626w\" sizes=\"auto, (max-width: 198px) 100vw, 198px\" \/><\/a>BELLUNO <\/strong>Incontro con l\u2019Universit\u00e0 di Verona, mercoled\u00ec 8 marzo a Belluno. Il sopralluogo sar\u00e0 finalizzato a verificare gli spazi di Palazzo Bembo e la loro idoneit\u00e0. Saranno presenti il professore Matteo Cristani del Dipartimento di Informatica dell\u2019ateneo veronese, il sindaco Oscar De Pellegrin, l\u2019assessore alle politiche giovanili Roberta Olivotto, rappresentanti della Regione e di Confindustria, con cui il Comune condivide da tempo questo percorso. \u201cStiamo lavorando da mesi all\u2019ipotesi di portare un corso universitario nel capoluogo \u2013 annuncia il primo cittadino -, abbiamo avviato i contatti con l\u2019universit\u00e0 gi\u00e0 in campagna elettorale perch\u00e9 crediamo fortemente nella possibilit\u00e0 di rendere Belluno citt\u00e0 universitaria; ne beneficerebbe l\u2019intera provincia e sarebbe una risposta importante, forse risolutiva, al problema dello spopolamento\u201d. L\u2019incontro di mercoled\u00ec segue quelli delle scorse settimane, tutti finalizzati a trovare un accordo tra le esigenze dell\u2019ateneo, le possibilit\u00e0 del territorio e le aree che il Comune destiner\u00e0 all\u2019iniziativa. In particolare mercoled\u00ec ci si concentrer\u00e0 sugli spazi di Palazzo Bembo, per capire se corrispondono ai bisogni del corso triennale di informatica e come, eventualmente, armonizzare funzioni e servizi all\u2019interno della struttura.<\/p>\n<p>&nbsp;<\/p>\n<p>&nbsp;<\/p>\n<hr \/>\n<p>&nbsp;<\/p>\n<blockquote>\n<h3>UNA CONFERENZA SU ALESSANDRO SEFFER<\/h3>\n<\/blockquote>\n<p><strong>BELLUNO <\/strong>Le celebrazioni per i 200 anni dell\u2019Istituto \u201cCatullo\u201d, che sono iniziate lo scorso novembre con la cerimonia d\u2019apertura al Teatro Comunale e l\u2019allestimento di una mostra a Palazzo Bembo realizzata interamente dagli alunni dell\u2019istituto, proseguono con un nuovo appuntamento artistico ospitato questa volta nelle sale di Palazzo Fulcis e in programma per venerd\u00ec 17 marzo alle 17: si tratta di una conferenza dedicata al noto pittore bellunese Alessandro Seffer, fecondo paesaggista del XIX secolo, che ritrasse scorci ed eventi della sua citt\u00e0 dove fu anche insegnante di disegno alla Regia Scuola, divenuta sede del \u201cCatullo\u201d.<\/p>\n<p>&nbsp;<\/p>\n<p>&nbsp;<\/p>\n<hr \/>\n<p>&nbsp;<\/p>\n<blockquote>\n<h3>ROBERTO HUBER, DIRETTORE MARKETING ALTA BADIA, una stagione da ricordare.<\/h3>\n<\/blockquote>\n<p><a href=\"https:\/\/www.radiopiu.net\/wordpress\/giornale-radiopiu-20-dicembre-2019-direttore-mirko-mezzacasa\/audi-fis-ski-world-cup-alta-badia-la-villa-1\/\" rel=\"attachment wp-att-110405\"><img loading=\"lazy\" decoding=\"async\" class=\"size-medium wp-image-110405 alignleft\" src=\"https:\/\/www.radiopiu.net\/wordpress\/wp-content\/uploads\/2019\/12\/audi-fis-ski-world-cup-alta-badia-la-villa-1-300x200.jpg\" alt=\"\" width=\"300\" height=\"200\" srcset=\"https:\/\/www.radiopiu.net\/wordpress\/wp-content\/uploads\/2019\/12\/audi-fis-ski-world-cup-alta-badia-la-villa-1-300x200.jpg 300w, https:\/\/www.radiopiu.net\/wordpress\/wp-content\/uploads\/2019\/12\/audi-fis-ski-world-cup-alta-badia-la-villa-1-768x513.jpg 768w, https:\/\/www.radiopiu.net\/wordpress\/wp-content\/uploads\/2019\/12\/audi-fis-ski-world-cup-alta-badia-la-villa-1.jpg 899w\" sizes=\"auto, (max-width: 300px) 100vw, 300px\" \/><\/a><strong>di\u00a0 MIRKO MEZZACASA<\/strong><\/p>\n<p>&nbsp;<\/p>\n<p>&nbsp;<\/p>\n<p>&nbsp;<\/p>\n<p>&nbsp;<\/p>\n<audio class=\"wp-audio-shortcode\" id=\"audio-325168-6\" preload=\"none\" style=\"width: 100%;\" controls=\"controls\"><source type=\"audio\/mpeg\" src=\"https:\/\/www.radiopiu.net\/wordpress\/wp-content\/uploads\/2020\/12\/ROBERTO-HUBER.mp3?_=6\" \/><a href=\"https:\/\/www.radiopiu.net\/wordpress\/wp-content\/uploads\/2020\/12\/ROBERTO-HUBER.mp3\">https:\/\/www.radiopiu.net\/wordpress\/wp-content\/uploads\/2020\/12\/ROBERTO-HUBER.mp3<\/a><\/audio>\n<p>&nbsp;<\/p>\n<p>&nbsp;<\/p>\n<hr \/>\n<p>&nbsp;<\/p>\n<p>&nbsp;<\/p>\n<blockquote>\n<h3>AMA DOLOMITI -&#8220;ASSOCIAZIONE MARGHERITA FENICE&#8221; &#8211; PUNTATA DEL 06 MARZO 2023<\/h3>\n<\/blockquote>\n<p><strong><a class=\"dt-pswp-item\" href=\"https:\/\/www.radiopiu.net\/wordpress\/wp-content\/uploads\/2023\/02\/1239767_1376151945949547_1371470440_n.jpg\" data-dt-img-description=\"\" data-large_image_width=\"744\" data-large_image_height=\"498\"><img loading=\"lazy\" decoding=\"async\" class=\" wp-image-321803 alignleft\" src=\"https:\/\/www.radiopiu.net\/wordpress\/wp-content\/uploads\/2023\/02\/1239767_1376151945949547_1371470440_n-300x201.jpg\" alt=\"\" width=\"172\" height=\"115\" srcset=\"https:\/\/www.radiopiu.net\/wordpress\/wp-content\/uploads\/2023\/02\/1239767_1376151945949547_1371470440_n-300x201.jpg 300w, https:\/\/www.radiopiu.net\/wordpress\/wp-content\/uploads\/2023\/02\/1239767_1376151945949547_1371470440_n.jpg 744w\" sizes=\"auto, (max-width: 172px) 100vw, 172px\" \/><\/a>Nuovo appuntamento sulle frequenze di Radio Pi\u00f9. A partire dal 13 febbraio un nuovo programma a cura di AMA Dolomiti.<\/strong><\/p>\n<p align=\"JUSTIFY\"><span style=\"color: #000000;\"><span style=\"font-family: Times New Roman, serif;\"><span style=\"font-size: large;\">L\u2019Associazione Ama Dolomiti \u00e8 nata nell\u2019aprile 2010 da un gruppo di persone desiderose di mettere in rete i diversi gruppi di auto mutuo aiuto presenti nella provincia di Belluno, per dare ai medesimi sostegno nella loro attivit\u00e0, visibilit\u00e0 nel territorio e favorire la creazione di nuovi gruppi.\u00a0<\/span><\/span><\/span><\/p>\n<p>&nbsp;<\/p>\n<p><strong>PUNTATA 04 06 MARZO 2023<\/strong><\/p>\n<p><strong>&#8220;ASSOCIAZIONE MARGHERITA FENICE CONTRI I DISTURBI ALIMENTARI&#8221;<\/strong><\/p>\n<audio class=\"wp-audio-shortcode\" id=\"audio-325168-7\" preload=\"none\" style=\"width: 100%;\" controls=\"controls\"><source type=\"audio\/mpeg\" src=\"https:\/\/www.radiopiu.net\/wordpress\/wp-content\/uploads\/2020\/12\/GRUPPO-AMA-4.mp3?_=7\" \/><a href=\"https:\/\/www.radiopiu.net\/wordpress\/wp-content\/uploads\/2020\/12\/GRUPPO-AMA-4.mp3\">https:\/\/www.radiopiu.net\/wordpress\/wp-content\/uploads\/2020\/12\/GRUPPO-AMA-4.mp3<\/a><\/audio>\n<p>&nbsp;<\/p>\n<hr \/>\n<p>&nbsp;<\/p>\n<p>&nbsp;<\/p>\n<h3>GIORGIO PERLASCA A CANALE D&#8217;AGORDO<\/h3>\n<p>di Marilisa Luchetta<\/p>\n<p><strong><a class=\"dt-pswp-item\" href=\"https:\/\/www.radiopiu.net\/wordpress\/wp-content\/uploads\/2023\/03\/Senza-nome-24.jpg\" data-dt-img-description=\"\" data-large_image_width=\"618\" data-large_image_height=\"463\"><img loading=\"lazy\" decoding=\"async\" class=\"size-medium wp-image-325246 alignleft\" src=\"https:\/\/www.radiopiu.net\/wordpress\/wp-content\/uploads\/2023\/03\/Senza-nome-24-300x225.jpg\" alt=\"\" width=\"300\" height=\"225\" srcset=\"https:\/\/www.radiopiu.net\/wordpress\/wp-content\/uploads\/2023\/03\/Senza-nome-24-300x225.jpg 300w, https:\/\/www.radiopiu.net\/wordpress\/wp-content\/uploads\/2023\/03\/Senza-nome-24.jpg 618w\" sizes=\"auto, (max-width: 300px) 100vw, 300px\" \/><\/a>CANALE D&#8217;AGORDO<\/strong> Gioved\u00ec 16 marzo alle 20.30, nella Sala Emigranti di Canale d\u2019Agordo in via Lotta, ci sar\u00e0 l\u2019occasione di conoscere la straordinaria vicenda di Giorgio Perlasca, un commerciante italiano che, praticamente da solo, nell\u2019inverno 1944\/\u201945, salv\u00f2 la vita a pi\u00f9 di 5000 ebrei ungheresi strappandoli alla deportazione nazista nei lager. ll figlio Franco infatti testimonier\u00e0 l\u2019impresa del padre che a Budapest, inventandosi il ruolo di Console generale spagnolo, riusc\u00ec a trovare soluzioni ardite e rischiose per evitare a cos\u00ec tante persone la terribile esperienza della persecuzione nazista della Shoah. Tornato in Italia dopo la guerra, Giorgio non racconta a nessuno la sua storia. Solo alla fine degli anni Ottanta la sua vicenda viene alla luce grazie ad alcune donne ungheresi sopravissute a quel terribile inverno che cercano il Console loro salvatore. Le ricerche in Spagna non approdano a nulla ma le donne non demordono ed alla fine trovano Perlasca. Il nome di Giorgio Perlasca \u00e8 annoverato a Gerusalemme tra quelli dei \u201cGiusti fra le Nazioni\u201d. E un albero a suo ricordo \u00e8 piantato sulle colline che circondano il Museo dello Yad Vashem. A chi gli chiedeva il perch\u00e9 del suo comportamento, lui rispondeva di aver fatto semplicemente il suo dovere, di fronte a tanto orrore. La sua testimonianza afferma che, per ogni individuo, \u00e8 sempre possibile fare delle scelte alternative anche nelle situazioni peggiori. Nel pomeriggio della stessa giornata la Fondazione Perlasca, nella persona del figlio Franco con la moglie, si intratterr\u00e0 per due ore con i ragazzi della scuola Media che con la loro insegnante si stanno preparando all\u2019importante incontro. Organizzazione a cura delle Biblioteche della Valle del Biois con la Pro Loco di Canale, con il patrocinio del comune di Canale d\u2019Agordo e dell\u2019Associazione Libera Agordino, contributo di Cassa Rurale Dolomiti e Birreria Costa.<\/p>\n<p><strong>dal corriere delle alpi GIANNI SANTOMASO<\/strong><\/p>\n<audio class=\"wp-audio-shortcode\" id=\"audio-325168-8\" preload=\"none\" style=\"width: 100%;\" controls=\"controls\"><source type=\"audio\/mpeg\" src=\"https:\/\/www.radiopiu.net\/wordpress\/wp-content\/uploads\/2023\/03\/GIANNI-GIORGIO-PERLASCA.mp3?_=8\" \/><a href=\"https:\/\/www.radiopiu.net\/wordpress\/wp-content\/uploads\/2023\/03\/GIANNI-GIORGIO-PERLASCA.mp3\">https:\/\/www.radiopiu.net\/wordpress\/wp-content\/uploads\/2023\/03\/GIANNI-GIORGIO-PERLASCA.mp3<\/a><\/audio>\n<p>&nbsp;<\/p>\n<hr \/>\n<p>&nbsp;<\/p>\n<blockquote>\n<h3><strong>APPROVATI INVESTIMENTI IN ALCUNE ULSS PER OLTRE 4 MILIONI<\/strong><\/h3>\n<\/blockquote>\n<p><strong><a class=\"dt-pswp-item\" href=\"https:\/\/www.radiopiu.net\/wordpress\/wp-content\/uploads\/2021\/08\/soldi-banche.jpg\" data-dt-img-description=\"\" data-large_image_width=\"800\" data-large_image_height=\"566\"><img loading=\"lazy\" decoding=\"async\" class=\" wp-image-228818 alignleft\" src=\"https:\/\/www.radiopiu.net\/wordpress\/wp-content\/uploads\/2021\/08\/soldi-banche-300x212.jpg\" alt=\"\" width=\"146\" height=\"103\" srcset=\"https:\/\/www.radiopiu.net\/wordpress\/wp-content\/uploads\/2021\/08\/soldi-banche-300x212.jpg 300w, https:\/\/www.radiopiu.net\/wordpress\/wp-content\/uploads\/2021\/08\/soldi-banche-768x543.jpg 768w, https:\/\/www.radiopiu.net\/wordpress\/wp-content\/uploads\/2021\/08\/soldi-banche.jpg 800w\" sizes=\"auto, (max-width: 146px) 100vw, 146px\" \/><\/a>VENEZIA<\/strong> La Giunta Regionale del Veneto, su proposta dell\u2019assessore alla Sanit\u00e0 ed alle Politiche Sociali, Manuela Lanzarin, ha approvato una deliberazione che &#8211; prendendo atto dei pareri favorevoli alla congruit\u00e0 delle spese espressi dalla Crite (Commissione regionale per gli investimenti tecnologici e in edilizia sociosanitaria) &#8211; apre la via ad alcuni investimenti per aziende sanitarie della Regione, per un valore complessivo di 4.234.635,26 euro. I finanziamenti sono mirati all\u2019acquisto di dotazioni tecnologiche, servizi o a ristrutturazioni nella Ulss 1 Dolomiti, Ulss 6 Euganea, Ulss 7 Pedemontana, Ulss 8 Berica. Per quanto riguarda l&#8217;Ulss 1 Dolomiti, sono stati stanziati 830 mila euro per lavori di ristrutturazione del padiglione Codivilla dell&#8217;Ospedale di Cortina d&#8217;Ampezzo.<\/p>\n<p>&nbsp;<\/p>\n<p>&nbsp;<\/p>\n<hr \/>\n<p>&nbsp;<\/p>\n<blockquote>\n<h3>COVID IN PROVINCIA: INCIDENZA STABILE, UN DECESSO NEGLI ULTIMI SETTE GIORNI E 198 POSITIVI<\/h3>\n<\/blockquote>\n<p><strong>BELLUNO<\/strong> Punto settimanale dell&#8217;Ulss 1 Dolomiti sull&#8217;andamento epidemiologico Covid-19. Le persone attualmente positive sono 198. L\u2019incidenza settimanale rimane prossima alla soglia epidemica di 50 casi su 100 mila abitanti. Nei nosocomi bellunesi sono ricoverate 35 persone in area non critica di cui 30 non covid, una persona in terapia intensiva non covid e 8 negli ospedali di comunit\u00e0, anche in questo caso pazienti non covid. Negli ultimi sette giorni si registra un decesso covid, una donna di 83 anni.<\/p>\n\n\t\t\t<style type='text\/css'>\n\t\t\t\t#gallery-3 {\n\t\t\t\t\tmargin: auto;\n\t\t\t\t}\n\t\t\t\t#gallery-3 .gallery-item {\n\t\t\t\t\tfloat: left;\n\t\t\t\t\tmargin-top: 10px;\n\t\t\t\t\ttext-align: center;\n\t\t\t\t\twidth: 50%;\n\t\t\t\t}\n\t\t\t\t#gallery-3 img {\n\t\t\t\t\tborder: 2px solid #cfcfcf;\n\t\t\t\t}\n\t\t\t\t#gallery-3 .gallery-caption {\n\t\t\t\t\tmargin-left: 0;\n\t\t\t\t}\n\t\t\t\t\/* see gallery_shortcode() in wp-includes\/media.php *\/\n\t\t\t<\/style>\n\t\t<div id='gallery-3' class='dt-gallery-container gallery galleryid-325168 gallery-columns-2 gallery-size-medium'><dl class='gallery-item'>\n\t\t\t\t<dt class='gallery-icon landscape'>\n\t\t\t\t\t<a class=\"rollover rollover-zoom dt-pswp-item\" title=\"7576d9b6-3555-4d5f-9847-ac7827fa59c5\" data-dt-img-description=\"\" data-large_image_width=\"1020\" data-large_image_height=\"613\"href='https:\/\/www.radiopiu.net\/wordpress\/wp-content\/uploads\/2023\/03\/7576d9b6-3555-4d5f-9847-ac7827fa59c5.jpg'><img loading=\"lazy\" decoding=\"async\" width=\"300\" height=\"180\" src=\"https:\/\/www.radiopiu.net\/wordpress\/wp-content\/uploads\/2023\/03\/7576d9b6-3555-4d5f-9847-ac7827fa59c5-300x180.jpg\" class=\"attachment-medium size-medium\" alt=\"\" srcset=\"https:\/\/www.radiopiu.net\/wordpress\/wp-content\/uploads\/2023\/03\/7576d9b6-3555-4d5f-9847-ac7827fa59c5-300x180.jpg 300w, https:\/\/www.radiopiu.net\/wordpress\/wp-content\/uploads\/2023\/03\/7576d9b6-3555-4d5f-9847-ac7827fa59c5-768x462.jpg 768w, https:\/\/www.radiopiu.net\/wordpress\/wp-content\/uploads\/2023\/03\/7576d9b6-3555-4d5f-9847-ac7827fa59c5.jpg 1020w\" sizes=\"auto, (max-width: 300px) 100vw, 300px\" \/><\/a>\n\t\t\t\t<\/dt><\/dl><dl class='gallery-item'>\n\t\t\t\t<dt class='gallery-icon landscape'>\n\t\t\t\t\t<a class=\"rollover rollover-zoom dt-pswp-item\" title=\"4570fd20-5593-480b-9892-de1cf7585c27\" data-dt-img-description=\"\" data-large_image_width=\"1125\" data-large_image_height=\"1097\"href='https:\/\/www.radiopiu.net\/wordpress\/wp-content\/uploads\/2023\/03\/4570fd20-5593-480b-9892-de1cf7585c27.jpg'><img loading=\"lazy\" decoding=\"async\" width=\"300\" height=\"293\" src=\"https:\/\/www.radiopiu.net\/wordpress\/wp-content\/uploads\/2023\/03\/4570fd20-5593-480b-9892-de1cf7585c27-300x293.jpg\" class=\"attachment-medium size-medium\" alt=\"\" srcset=\"https:\/\/www.radiopiu.net\/wordpress\/wp-content\/uploads\/2023\/03\/4570fd20-5593-480b-9892-de1cf7585c27-300x293.jpg 300w, https:\/\/www.radiopiu.net\/wordpress\/wp-content\/uploads\/2023\/03\/4570fd20-5593-480b-9892-de1cf7585c27-1024x999.jpg 1024w, https:\/\/www.radiopiu.net\/wordpress\/wp-content\/uploads\/2023\/03\/4570fd20-5593-480b-9892-de1cf7585c27-768x749.jpg 768w, https:\/\/www.radiopiu.net\/wordpress\/wp-content\/uploads\/2023\/03\/4570fd20-5593-480b-9892-de1cf7585c27.jpg 1125w\" sizes=\"auto, (max-width: 300px) 100vw, 300px\" \/><\/a>\n\t\t\t\t<\/dt><\/dl><br style=\"clear: both\" \/>\n\t\t\t<\/div>\n\n<p>&nbsp;<\/p>\n<hr \/>\n<p>&nbsp;<\/p>\n<p><strong>DI TIZIANO DE COL<\/strong><\/p>\n\n\t\t\t<style type='text\/css'>\n\t\t\t\t#gallery-4 {\n\t\t\t\t\tmargin: auto;\n\t\t\t\t}\n\t\t\t\t#gallery-4 .gallery-item {\n\t\t\t\t\tfloat: left;\n\t\t\t\t\tmargin-top: 10px;\n\t\t\t\t\ttext-align: center;\n\t\t\t\t\twidth: 20%;\n\t\t\t\t}\n\t\t\t\t#gallery-4 img {\n\t\t\t\t\tborder: 2px solid #cfcfcf;\n\t\t\t\t}\n\t\t\t\t#gallery-4 .gallery-caption {\n\t\t\t\t\tmargin-left: 0;\n\t\t\t\t}\n\t\t\t\t\/* see gallery_shortcode() in wp-includes\/media.php *\/\n\t\t\t<\/style>\n\t\t<div id='gallery-4' class='dt-gallery-container gallery galleryid-325168 gallery-columns-5 gallery-size-thumbnail'><dl class='gallery-item'>\n\t\t\t\t<dt class='gallery-icon landscape'>\n\t\t\t\t\t<a class=\"rollover rollover-zoom dt-pswp-item\" title=\"2edfc4ea-9b38-49e5-959a-8fe466815c16\" data-dt-img-description=\"\" data-large_image_width=\"588\" data-large_image_height=\"353\"href='https:\/\/www.radiopiu.net\/wordpress\/wp-content\/uploads\/2023\/03\/2edfc4ea-9b38-49e5-959a-8fe466815c16.jpg'><img loading=\"lazy\" decoding=\"async\" width=\"150\" height=\"150\" src=\"https:\/\/www.radiopiu.net\/wordpress\/wp-content\/uploads\/2023\/03\/2edfc4ea-9b38-49e5-959a-8fe466815c16-150x150.jpg\" class=\"attachment-thumbnail size-thumbnail\" alt=\"\" \/><\/a>\n\t\t\t\t<\/dt><\/dl><dl class='gallery-item'>\n\t\t\t\t<dt class='gallery-icon landscape'>\n\t\t\t\t\t<a class=\"rollover rollover-zoom dt-pswp-item\" title=\"d5d71cfc-cb3f-4f9f-99c4-92742149f22f\" data-dt-img-description=\"\" data-large_image_width=\"600\" data-large_image_height=\"351\"href='https:\/\/www.radiopiu.net\/wordpress\/wp-content\/uploads\/2023\/03\/d5d71cfc-cb3f-4f9f-99c4-92742149f22f.jpg'><img loading=\"lazy\" decoding=\"async\" width=\"150\" height=\"150\" src=\"https:\/\/www.radiopiu.net\/wordpress\/wp-content\/uploads\/2023\/03\/d5d71cfc-cb3f-4f9f-99c4-92742149f22f-150x150.jpg\" class=\"attachment-thumbnail size-thumbnail\" alt=\"\" \/><\/a>\n\t\t\t\t<\/dt><\/dl><dl class='gallery-item'>\n\t\t\t\t<dt class='gallery-icon landscape'>\n\t\t\t\t\t<a class=\"rollover rollover-zoom dt-pswp-item\" title=\"b74db065-082c-4e0d-b35d-8b2eb3020753\" data-dt-img-description=\"\" data-large_image_width=\"600\" data-large_image_height=\"352\"href='https:\/\/www.radiopiu.net\/wordpress\/wp-content\/uploads\/2023\/03\/b74db065-082c-4e0d-b35d-8b2eb3020753.jpg'><img loading=\"lazy\" decoding=\"async\" width=\"150\" height=\"150\" src=\"https:\/\/www.radiopiu.net\/wordpress\/wp-content\/uploads\/2023\/03\/b74db065-082c-4e0d-b35d-8b2eb3020753-150x150.jpg\" class=\"attachment-thumbnail size-thumbnail\" alt=\"\" \/><\/a>\n\t\t\t\t<\/dt><\/dl><dl class='gallery-item'>\n\t\t\t\t<dt class='gallery-icon landscape'>\n\t\t\t\t\t<a class=\"rollover rollover-zoom dt-pswp-item\" title=\"60f5c2e9-e2cb-4507-a040-0b73f51e4b4a\" data-dt-img-description=\"\" data-large_image_width=\"608\" data-large_image_height=\"354\"href='https:\/\/www.radiopiu.net\/wordpress\/wp-content\/uploads\/2023\/03\/60f5c2e9-e2cb-4507-a040-0b73f51e4b4a.jpg'><img loading=\"lazy\" decoding=\"async\" width=\"150\" height=\"150\" src=\"https:\/\/www.radiopiu.net\/wordpress\/wp-content\/uploads\/2023\/03\/60f5c2e9-e2cb-4507-a040-0b73f51e4b4a-150x150.jpg\" class=\"attachment-thumbnail size-thumbnail\" alt=\"\" \/><\/a>\n\t\t\t\t<\/dt><\/dl><dl class='gallery-item'>\n\t\t\t\t<dt class='gallery-icon landscape'>\n\t\t\t\t\t<a class=\"rollover rollover-zoom dt-pswp-item\" title=\"d3937c55-6704-4ef7-84fb-0be8cc52b66b\" data-dt-img-description=\"\" data-large_image_width=\"594\" data-large_image_height=\"371\"href='https:\/\/www.radiopiu.net\/wordpress\/wp-content\/uploads\/2023\/03\/d3937c55-6704-4ef7-84fb-0be8cc52b66b.jpg'><img loading=\"lazy\" decoding=\"async\" width=\"150\" height=\"150\" src=\"https:\/\/www.radiopiu.net\/wordpress\/wp-content\/uploads\/2023\/03\/d3937c55-6704-4ef7-84fb-0be8cc52b66b-150x150.jpg\" class=\"attachment-thumbnail size-thumbnail\" alt=\"\" \/><\/a>\n\t\t\t\t<\/dt><\/dl><br style=\"clear: both\" \/>\n\t\t\t<\/div>\n\n<p>&nbsp;<\/p>\n<p>&nbsp;<\/p>\n<hr \/>\n<p>&nbsp;<\/p>\n<blockquote>\n<h3>IL COMITATO FELTRINO PER IL DIRITTO ALLA SALUTE ORGANIZZA UN INCONTRO A PONTE NELLE ALPI<\/h3>\n<\/blockquote>\n<p><strong><a class=\"dt-pswp-item\" href=\"https:\/\/www.radiopiu.net\/wordpress\/wp-content\/uploads\/2018\/06\/sanita.jpg\" data-dt-img-description=\"\" data-large_image_width=\"1280\" data-large_image_height=\"803\"><img loading=\"lazy\" decoding=\"async\" class=\" wp-image-51292 alignleft\" src=\"https:\/\/www.radiopiu.net\/wordpress\/wp-content\/uploads\/2018\/06\/sanita-300x188.jpg\" alt=\"\" width=\"177\" height=\"111\" srcset=\"https:\/\/www.radiopiu.net\/wordpress\/wp-content\/uploads\/2018\/06\/sanita-300x188.jpg 300w, https:\/\/www.radiopiu.net\/wordpress\/wp-content\/uploads\/2018\/06\/sanita-768x482.jpg 768w, https:\/\/www.radiopiu.net\/wordpress\/wp-content\/uploads\/2018\/06\/sanita-1024x642.jpg 1024w, https:\/\/www.radiopiu.net\/wordpress\/wp-content\/uploads\/2018\/06\/sanita.jpg 1280w\" sizes=\"auto, (max-width: 177px) 100vw, 177px\" \/><\/a>FELTRE<\/strong> La tutela della salute \u00e8 un diritto garantito dalla Costituzione Italiana e pertanto \u00e8 compito di ogni Governo offrire ai propri cittadini, senza discriminazioni, cure gratuite ed accessibili per chiunque ne abbia bisogno. Negli ultimi decenni questo diritto costituzionale si \u00e8 affievolito, non sono state adeguatamente garantite alla popolazione le cure necessarie e sono molto aumentate le disuguaglianze. Dal 2012 negli ospedali di Pieve di Cadore e Agordo \u00e8 stata tolta la disponibilit\u00e0 continua (24 ore al giorno) del servizio di emergenza-urgenza, privando quei territori del rispetto della Golden Hour, esponendo la popolazione in caso di traumi o patologie tempo dipendenti (infarto,ictus,traumi interni ecc.) al rischio di morte; l\u2019elicottero \u00e8 un servizio integrativo non sostitutivo; nel 2020 il Punto di Primo Intervento di Auronzo \u00e8 stato affidato in gestione ad una cooperativa; nel 2022 la Direzione della ULSS 1 Dolomiti ha emanato un bando per esternalizzare il servizio medico di emergenza-urgenza dei Pronto Soccorso di Belluno, Feltre, Agordo e Pieve di Cadore; la Regione Veneto pubblica l\u2019elenco delle aree carenti per l\u2019assistenza primaria (DDR n. 30 del 19 maggio 2022): mancano i medici di medicina generale nelle zone di Cibiana di Cadore, Domegge di Cadore, Longarone, Val di Zoldo, Alleghe, Cencenighe, Livinallongo, Taibon Agordino, Voltago Agordino, Castion, Limana, Tambre, Cesiomaggiore, Santa Giustina, Borgo Valbelluna, Alano di Piave, Pedavena, Fonzaso, Lamon e Sovramonte; dal 2020 il Servizio Psichiatrico Diagnosi e Cura di Feltre \u00e8 sospeso per mancanza di medici; le strutture per la Salute Mentale sono inadeguate e mancano i fondi per trovare degli immobili adeguati per le Comunit\u00e0 Alloggio e per le Comunit\u00e0 Tepareutiche; dal 2020 gli ambulatori di pediatria, i punti nascita di Belluno e Feltre sono stati affidati ad una cooperativa per mancanza di medici; dal 2022 gli interventi di senochirurgia di Feltre vengono trasferiti a Belluno, rischiano di chiudere i reparti di senologia a causa di una direttiva Europea. Il Comitato feltrino per il diritto alla salute vi invita a partecipare sabato 18 marzo alle 17:30 alla Ex Casa Rossa nel Parco &#8220;A. Mares&#8221; di Ponte nelle Alpi ad un incontro pubblico sullo stato dei servizi sanitari bellunesi e regionali, in vista della manifestazione regionale in difesa della sanit\u00e0 pubblica del 15 aprile a Vicenza, organizzata dal Coordinamento Veneto Sanit\u00e0 Pubblica. All\u2019incontro saranno invitati cittadini, amministratori e sindaci della provincia di Belluno, associazioni e sindacati locali.<\/p>\n<p>&nbsp;<\/p>\n<p>&nbsp;<\/p>\n<hr \/>\n<p>&nbsp;<\/p>\n<blockquote>\n<h3>MIG 2023 CON UN FOCUS SUL CIOCCOLATO<\/h3>\n<\/blockquote>\n<p><strong><a class=\"dt-pswp-item\" href=\"https:\/\/www.radiopiu.net\/wordpress\/wp-content\/uploads\/2020\/04\/GELATO.jpg\" data-dt-img-description=\"\" data-large_image_width=\"1920\" data-large_image_height=\"1277\"><img loading=\"lazy\" decoding=\"async\" class=\" wp-image-133588 alignleft\" src=\"https:\/\/www.radiopiu.net\/wordpress\/wp-content\/uploads\/2020\/04\/GELATO-300x200.jpg\" alt=\"\" width=\"153\" height=\"102\" srcset=\"https:\/\/www.radiopiu.net\/wordpress\/wp-content\/uploads\/2020\/04\/GELATO-300x200.jpg 300w, https:\/\/www.radiopiu.net\/wordpress\/wp-content\/uploads\/2020\/04\/GELATO-1024x681.jpg 1024w, https:\/\/www.radiopiu.net\/wordpress\/wp-content\/uploads\/2020\/04\/GELATO-768x511.jpg 768w, https:\/\/www.radiopiu.net\/wordpress\/wp-content\/uploads\/2020\/04\/GELATO-1536x1022.jpg 1536w, https:\/\/www.radiopiu.net\/wordpress\/wp-content\/uploads\/2020\/04\/GELATO.jpg 1920w\" sizes=\"auto, (max-width: 153px) 100vw, 153px\" \/><\/a>LONGARONE <\/strong>Una delle tendenze che da qualche tempo sta coinvolgendo tante gelaterie \u00e8 la proposta ai clienti di altri prodotti dolci come il cioccolato, declinato in tutte le sue forme. Sono interessati soprattutto quei locali aperti per la gran parte dell\u2019anno i quali hanno necessit\u00e0 di destagionalizzare l\u2019offerta. Una lavorazione che \u00e8 oggi possibile inserire nei laboratori di gelateria grazie alle moderne attrezzature che occupano spazi veramente contenuti e che pu\u00f2 trovare una attraente esposizione con le vetrine sempre pi\u00f9 efficienti e funzionali. A MIG 2023 (Longarone Fiere Dolomiti 26-29 novembre) queste tematiche, gi\u00e0 peraltro proposte nelle ultime edizioni grazie a Confartigianato Alimentazione, saranno poste in primo piano a seguito dell\u2019accordo intervenuto in questi giorni anche con Quinta Forma (gi\u00e0 Accademia Maestri Cioccolatieri Italiani), una realt\u00e0 giovane ma molto apprezzata a livello nazionale, specializzata nella formazione di settore. In un\u2019area attrezzata, dedicata al cioccolato, saranno organizzati eventi di formazione e laboratori pratici di cioccolateria in cui, ai gelatieri partecipanti, saranno illustrate le principali lavorazioni replicabili in una gelateria e molto altro.<\/p>\n<p>&nbsp;<\/p>\n<p>&nbsp;<\/p>\n<hr \/>\n<p>&nbsp;<\/p>\n<blockquote>\n<h3>LUOGHI STORICI DEL COMMERCIO. MARCATO CONSEGNA TARGHE AI 176 LOCALI ISCRITTI NELL\u2019ELENCO REGIONALE NEL 2022<\/h3>\n<\/blockquote>\n<p><strong><a class=\"dt-pswp-item\" href=\"https:\/\/www.radiopiu.net\/wordpress\/wp-content\/uploads\/2023\/03\/387-2023-MARCATO-2.jpeg\" data-dt-img-description=\"\" data-large_image_width=\"2016\" data-large_image_height=\"1512\"><img loading=\"lazy\" decoding=\"async\" class=\" wp-image-325294 alignleft\" src=\"https:\/\/www.radiopiu.net\/wordpress\/wp-content\/uploads\/2023\/03\/387-2023-MARCATO-2-300x225.jpeg\" alt=\"\" width=\"124\" height=\"93\" srcset=\"https:\/\/www.radiopiu.net\/wordpress\/wp-content\/uploads\/2023\/03\/387-2023-MARCATO-2-300x225.jpeg 300w, https:\/\/www.radiopiu.net\/wordpress\/wp-content\/uploads\/2023\/03\/387-2023-MARCATO-2-1024x768.jpeg 1024w, https:\/\/www.radiopiu.net\/wordpress\/wp-content\/uploads\/2023\/03\/387-2023-MARCATO-2-768x576.jpeg 768w, https:\/\/www.radiopiu.net\/wordpress\/wp-content\/uploads\/2023\/03\/387-2023-MARCATO-2-1536x1152.jpeg 1536w, https:\/\/www.radiopiu.net\/wordpress\/wp-content\/uploads\/2023\/03\/387-2023-MARCATO-2.jpeg 2016w\" sizes=\"auto, (max-width: 124px) 100vw, 124px\" \/><\/a>VENEZIA <\/strong>\u201cI commercianti per i nostri centri urbani sono un prezioso patrimonio da salvaguardare e sostenere. La Regione, negli ultimi anni, ha lavorato molto per supportare i piccoli esercenti per dar loro una mano a superare le criticit\u00e0 vissute soprattutto con la pandemia. Oggi \u00e8 un orgoglio, quindi, per me consegnare queste targhe ai 176 esercenti i cui locali che sono stati iscritti nel 2022 all\u2019elenco regionale dei luoghi storici del commercio. Un grazie a tutti voi, con stima e riconoscimento, per il grande lavoro sociale che svolgete per le nostre comunit\u00e0: siete anima e cuore delle nostre piazze\u201d. Cos\u00ec l\u2019assessore regionale allo sviluppo economico Roberto Marcato ha parlato oggi a Padova rivolgendosi ai titolari dei 176 locali veneti iscritti nell\u2019anno 2022 nell\u2019elenco regionale dei luoghi storici del commercio che complessivamente ha raggiunto quota 1.138. A ciascun esercente l\u2019assessore ha consegnato la targa e il logo che contrassegna l\u2019iscrizione, dimostrando che l\u2019attivit\u00e0 opera da almeno quarant\u2019anni. In provincia di Belluno sono quattro i commercianti premiati: La Dolomiti a Belluno, Libreria Sovilla di Cortina, Bar Quattro Ruote a Fonzaso e Rifugio San Sebastiano di Val di Zoldo.<\/p>\n<p>&nbsp;<\/p>\n<p>&nbsp;<\/p>\n<hr \/>\n<p>&nbsp;<\/p>\n<blockquote>\n<h3>OGGI IL CONSIGLIO COMUNALE A FALCADE<\/h3>\n<\/blockquote>\n<p><strong>FALCADE<\/strong> Il sindaco di Falcade Mauro Salvaterra ha convocato il consiglio comunale per oggi alle 20. Otto i punti da discutere nella seduta in programma nella sala consigliare del Municipio. Tra questi si parler\u00e0 del comitato unico di garanzia per le pari opportunit\u00e0, dell&#8217;approvazione delle aliquote IMU, una nota di aggiornamento al DUP, il bilancio di previsione 2023-2025 e un mutamento temporaneo di destinazione dei terreni di uso civico in localit\u00e0 &#8220;Zingari Bassi&#8221; per la costruzione di un cavidotto<\/p>\n<p>&nbsp;<\/p>\n<p>&nbsp;<\/p>\n<hr \/>\n<p>&nbsp;<\/p>\n<blockquote>\n<h3>SONO 9 I PUNTI NEL CONSIGLIO COMUNALE DI SAN TOMASO<\/h3>\n<\/blockquote>\n<p><strong>SAN TOMASO<\/strong> Il sindaco di San Tomaso Moreno De Val ha convocato il consiglio comunale per venerd\u00ec alle 19 nella sala consigliare del Municipio. I consiglieri sono chiamati a trattare 9 punti all&#8217;ordine del giorno. Si parler\u00e0 della convenzione con l&#8217;Unione Montana Agordina per il comitato delle pari opportunit\u00e0, delle modifiche allo statuto di Asca, l&#8217;approvazione del regolamento comunale per le attivit\u00e0 di acconciatore &#8211; estetista, tatuaggi e piercing, la verifica delle aree fabbricabili, imposta IMU, l&#8217;approvazione del DUP e del regolamento comunale per l&#8217;uso dell&#8217;Arena 1082.<\/p>\n<p>&nbsp;<\/p>\n<p>&nbsp;<\/p>\n<hr \/>\n<p>&nbsp;<\/p>\n<blockquote>\n<h3>A COLLE SANTA LUCIA IL CONSIGLIO COMUNALE<\/h3>\n<\/blockquote>\n<p><strong>COLLE SANTA LUCIA<\/strong> \u00c8 in programma per sabato 11 marzo alle 7 il consiglio comunale di Colle Santa Lucia. Il sindaco Paolo Frena ha chiamato a rapporto i consiglieri comunali per trattare 12 punti tra cui la relazione dell&#8217;Istitut Cultural Ladin Cesa de Jan, Euregio, Associazione Turistica e Gruppo Miniere. La convenzione con l&#8217;Unione Montana Agordina per il comitato delle pari opportunit\u00e0, una variazione a bilancio, approvazione e bilancio di ASCA e il regolamento comunale di polizia mortuaria e cimiteriale.<\/p>\n<p>&nbsp;<\/p>\n<p>&nbsp;<\/p>\n<hr \/>\n<p>&nbsp;<\/p>\n<blockquote>\n<h3>UN CONCORSO PUBBLICO PER ASSUMERE 140 COMISSARI DELLA CARRIERA DEI FUNZIONARI DELLA POLIZIA DI STATO<\/h3>\n<\/blockquote>\n<p><strong><a class=\"dt-pswp-item\" href=\"https:\/\/www.radiopiu.net\/wordpress\/wp-content\/uploads\/2022\/05\/POLIZIA-2.jpg\" data-dt-img-description=\"\" data-large_image_width=\"1920\" data-large_image_height=\"1080\"><img loading=\"lazy\" decoding=\"async\" class=\" wp-image-278033 alignleft\" src=\"https:\/\/www.radiopiu.net\/wordpress\/wp-content\/uploads\/2022\/05\/POLIZIA-2-300x169.jpg\" alt=\"\" width=\"170\" height=\"96\" srcset=\"https:\/\/www.radiopiu.net\/wordpress\/wp-content\/uploads\/2022\/05\/POLIZIA-2-300x169.jpg 300w, https:\/\/www.radiopiu.net\/wordpress\/wp-content\/uploads\/2022\/05\/POLIZIA-2-1024x576.jpg 1024w, https:\/\/www.radiopiu.net\/wordpress\/wp-content\/uploads\/2022\/05\/POLIZIA-2-768x432.jpg 768w, https:\/\/www.radiopiu.net\/wordpress\/wp-content\/uploads\/2022\/05\/POLIZIA-2-1536x864.jpg 1536w, https:\/\/www.radiopiu.net\/wordpress\/wp-content\/uploads\/2022\/05\/POLIZIA-2.jpg 1920w\" sizes=\"auto, (max-width: 170px) 100vw, 170px\" \/><\/a>BELLUNO <\/strong>Sul Portale Unico del reclutamento, disponibile all\u2019indirizzo <a href=\"http:\/\/www.inpa.gov.it\">www.inpa.gov.it<\/a> nonch\u00e9 sul sito <a href=\"http:\/\/www.poliziadistato.it\">www.poliziadistato.it<\/a>, \u00e8 stato pubblicato il bando di concorso pubblico, per titoli ed esami, per l\u2019assunzione di 140 commissari della carriera dei funzionari della Polizia di Stato, indetto con decreto del 16 febbraio 2023. La domanda di partecipazione al concorso potr\u00e0 essere presentata, \u00a0dalle \u00a0ore \u00a000.00 del 18 febbraio 2023 alle ore 23.59 del 20 marzo 2023, sia tramite il Portale unico di reclutamento che mediante la procedura informatica disponibile all\u2019indirizzo <a href=\"https:\/\/concorsionline.poliziadistato.it\">https:\/\/concorsionline.poliziadistato.it<\/a> (cliccando sull\u2019icona \u201cConcorso pubblico\u201d).<\/p>\n<p>&nbsp;<\/p>\n<p>&nbsp;<\/p>\n<hr \/>\n<p>&nbsp;<\/p>\n<blockquote>\n<h3>GLI INCONTRI DI MARZO CON LA PROLOCO CASTIONESE<\/h3>\n<\/blockquote>\n<p><strong>BELLUNO<\/strong> Proloco Pieve\u00a0 Castionese in piena attivit\u00e0, a marzo cinque appuntamenti. S&#8217;inizia con due date per sensibilizzare sul tema della violenza sulle donne: domenica alle 17.30 &#8220;A parte me&#8221; di e con Vanessa Korn dell&#8217;associazione Crisalidi. Domenica 26 marzo &#8220;Guerriera&#8221; con Cristina Gianni per la regia di Francesco Marchi.\u00a0 Seguiranno tre serate di racconti e suggestioni nell&#8217;ambito di &#8220;Emozione Montagna 2023&#8221;: giovedi 16 marzo &#8220;Asso di Picche&#8221; La cascata di ghiaccio in Val Cicogna Foto e racconti con Santi Padros e Valter Salvadori. Giovedi 23 marzo &#8220;L&#8217;occhio di San Mamante&#8221; Tra storia e leggenda Con Marco Cassol il libro di Giuseppe Micheletto e le visioni di Chiara Zavarise. Giovedi 30 marzo &#8220;Nel sacco dell&#8217;artista&#8221; Introspezioni d\u2019autore sulla montagna Con Barry Bona Presenta Luca<\/p>\n<p>\u201cCranner\u201d Sovilla. Per\u00a0informazioni: <a href=\"mailto:info@prolocopievecastionese.it\">info@prolocopievecastionese.it<\/a><\/p>\n\n\t\t\t<style type='text\/css'>\n\t\t\t\t#gallery-5 {\n\t\t\t\t\tmargin: auto;\n\t\t\t\t}\n\t\t\t\t#gallery-5 .gallery-item {\n\t\t\t\t\tfloat: left;\n\t\t\t\t\tmargin-top: 10px;\n\t\t\t\t\ttext-align: center;\n\t\t\t\t\twidth: 33%;\n\t\t\t\t}\n\t\t\t\t#gallery-5 img {\n\t\t\t\t\tborder: 2px solid #cfcfcf;\n\t\t\t\t}\n\t\t\t\t#gallery-5 .gallery-caption {\n\t\t\t\t\tmargin-left: 0;\n\t\t\t\t}\n\t\t\t\t\/* see gallery_shortcode() in wp-includes\/media.php *\/\n\t\t\t<\/style>\n\t\t<div id='gallery-5' class='dt-gallery-container gallery galleryid-325168 gallery-columns-3 gallery-size-thumbnail'><dl class='gallery-item'>\n\t\t\t\t<dt class='gallery-icon landscape'>\n\t\t\t\t\t<a class=\"rollover\" href='https:\/\/www.radiopiu.net\/wordpress\/gli-incontri-di-marzo-con-la-proloco-castionese\/barrybona\/'><img loading=\"lazy\" decoding=\"async\" width=\"150\" height=\"150\" src=\"https:\/\/www.radiopiu.net\/wordpress\/wp-content\/uploads\/2023\/03\/barrybona-150x150.jpg\" class=\"attachment-thumbnail size-thumbnail\" alt=\"\" aria-describedby=\"gallery-5-325354\" \/><\/a>\n\t\t\t\t<\/dt>\n\t\t\t\t\t<dd class='wp-caption-text gallery-caption' id='gallery-5-325354'>\n\t\t\t\t\tBarry Bona\n\t\t\t\t\t<\/dd><\/dl><dl class='gallery-item'>\n\t\t\t\t<dt class='gallery-icon landscape'>\n\t\t\t\t\t<a class=\"rollover\" href='https:\/\/www.radiopiu.net\/wordpress\/gli-incontri-di-marzo-con-la-proloco-castionese\/vanessa\/'><img loading=\"lazy\" decoding=\"async\" width=\"150\" height=\"150\" src=\"https:\/\/www.radiopiu.net\/wordpress\/wp-content\/uploads\/2023\/03\/vanessa-150x150.jpg\" class=\"attachment-thumbnail size-thumbnail\" alt=\"\" aria-describedby=\"gallery-5-325357\" \/><\/a>\n\t\t\t\t<\/dt>\n\t\t\t\t\t<dd class='wp-caption-text gallery-caption' id='gallery-5-325357'>\n\t\t\t\t\tVanessa Korn\n\t\t\t\t\t<\/dd><\/dl><dl class='gallery-item'>\n\t\t\t\t<dt class='gallery-icon landscape'>\n\t\t\t\t\t<a class=\"rollover\" href='https:\/\/www.radiopiu.net\/wordpress\/gli-incontri-di-marzo-con-la-proloco-castionese\/cristina-11\/'><img loading=\"lazy\" decoding=\"async\" width=\"150\" height=\"150\" src=\"https:\/\/www.radiopiu.net\/wordpress\/wp-content\/uploads\/2023\/03\/cristina-150x150.jpg\" class=\"attachment-thumbnail size-thumbnail\" alt=\"\" aria-describedby=\"gallery-5-325356\" \/><\/a>\n\t\t\t\t<\/dt>\n\t\t\t\t\t<dd class='wp-caption-text gallery-caption' id='gallery-5-325356'>\n\t\t\t\t\tCristina Gianni,\n\t\t\t\t\t<\/dd><\/dl><br style=\"clear: both\" \/><dl class='gallery-item'>\n\t\t\t\t<dt class='gallery-icon landscape'>\n\t\t\t\t\t<a class=\"rollover\" href='https:\/\/www.radiopiu.net\/wordpress\/gli-incontri-di-marzo-con-la-proloco-castionese\/marcocassol\/'><img loading=\"lazy\" decoding=\"async\" width=\"150\" height=\"150\" src=\"https:\/\/www.radiopiu.net\/wordpress\/wp-content\/uploads\/2023\/03\/marcocassol-150x150.jpg\" class=\"attachment-thumbnail size-thumbnail\" alt=\"\" aria-describedby=\"gallery-5-325381\" \/><\/a>\n\t\t\t\t<\/dt>\n\t\t\t\t\t<dd class='wp-caption-text gallery-caption' id='gallery-5-325381'>\n\t\t\t\t\tMarco Cassol\n\t\t\t\t\t<\/dd><\/dl><dl class='gallery-item'>\n\t\t\t\t<dt class='gallery-icon landscape'>\n\t\t\t\t\t<a class=\"rollover\" href='https:\/\/www.radiopiu.net\/wordpress\/gli-incontri-di-marzo-con-la-proloco-castionese\/santipadros\/'><img loading=\"lazy\" decoding=\"async\" width=\"150\" height=\"150\" src=\"https:\/\/www.radiopiu.net\/wordpress\/wp-content\/uploads\/2023\/03\/santipadros-150x150.jpg\" class=\"attachment-thumbnail size-thumbnail\" alt=\"\" aria-describedby=\"gallery-5-325355\" \/><\/a>\n\t\t\t\t<\/dt>\n\t\t\t\t\t<dd class='wp-caption-text gallery-caption' id='gallery-5-325355'>\n\t\t\t\t\tSanti Padros e Valter Salvadori\n\t\t\t\t\t<\/dd><\/dl>\n\t\t\t\t<br style='clear: both' \/>\n\t\t\t<\/div>\n\n<p>&nbsp;<\/p>\n<p>&nbsp;<\/p>\n<p>&nbsp;<\/p>\n<hr \/>\n<p>&nbsp;<\/p>\n<blockquote>\n<h3>PULIAMO FELTRE, CON GLI ECOVOLONTARI DELLA COMUNITA&#8217; MONTANA FELTRINA<\/h3>\n<\/blockquote>\n<p><strong><a class=\"dt-pswp-item\" href=\"https:\/\/www.radiopiu.net\/wordpress\/wp-content\/uploads\/2022\/10\/2_depuratore-di-Feltre.jpg\" data-dt-img-description=\"\" data-large_image_width=\"1536\" data-large_image_height=\"2048\"><img loading=\"lazy\" decoding=\"async\" class=\" wp-image-302148 alignleft\" src=\"https:\/\/www.radiopiu.net\/wordpress\/wp-content\/uploads\/2022\/10\/2_depuratore-di-Feltre-225x300.jpg\" alt=\"\" width=\"154\" height=\"205\" srcset=\"https:\/\/www.radiopiu.net\/wordpress\/wp-content\/uploads\/2022\/10\/2_depuratore-di-Feltre-225x300.jpg 225w, https:\/\/www.radiopiu.net\/wordpress\/wp-content\/uploads\/2022\/10\/2_depuratore-di-Feltre-768x1024.jpg 768w, https:\/\/www.radiopiu.net\/wordpress\/wp-content\/uploads\/2022\/10\/2_depuratore-di-Feltre-1152x1536.jpg 1152w, https:\/\/www.radiopiu.net\/wordpress\/wp-content\/uploads\/2022\/10\/2_depuratore-di-Feltre.jpg 1536w\" sizes=\"auto, (max-width: 154px) 100vw, 154px\" \/><\/a>FELTRE <\/strong>La mattina di domenica 19 marzo sar\u00e0 dedicata a questa importante iniziativa, che vedr\u00e0 i volontari del Palio, ma anche tutti i cittadini che vorranno aderire, impegnati nella pulizia della citt\u00e0 di Feltre, con particolare riferimento a luoghi o frazioni particolarmente significativi per i Quartieri. Il ritrovo \u00e8 previsto alle ore 8.30 a Pra\u2019 del Moro.\u00a0 La giornata, coordinata da alcuni volontari degli Ecovolontari, si concluder\u00e0 alle 13.00.Per l\u2019iscrizione si potr\u00e0 inviare una mail con i propri dati (cognome e nome, luogo e data di nascita, codice fiscale e indirizzo) alla mail ecovolontari.umfeltre@gmail.com o come messaggio privato alla pagina facebook <strong>@ecovolontari.umfeltre<\/strong>: questo consentir\u00e0 di attivare l\u2019assicurazione necessaria per partecipare alle attivit\u00e0.<\/p>\n<p>&nbsp;<\/p>\n<p>&nbsp;<\/p>\n<p>&nbsp;<\/p>\n<p>&nbsp;<\/p>\n<hr \/>\n<p>&nbsp;<\/p>\n<blockquote>\n<h3>CONCERTO PREMIO EDIZIONE 2022<\/h3>\n<\/blockquote>\n<p><strong>BELLUNO<\/strong> Per il secondo anno consecutivo il Centro Culturale di Longarone ospita il concerto-premio dell&#8217;edizione 2022 del Concorso Musicale Citt\u00e0 di Belluno (sezione Canto Moderno), sabato 11 marzo 2023 alle\u00a0 20:45. Quest&#8217;anno ci saranno due importanti novit\u00e0: l&#8217;allestimento floreale del palco da parte dei volontari dell&#8217;infiorata di Igne e la presenza di due ospiti d&#8217;onore: il Cantautore bellunese Alvise Bortolini e la meravigliosa voce di Jessica Lena. <em>&#8220;La volont\u00e0 \u00e8 sempre quella di promuovere i giovani talenti, di far conoscere lo splendido e prezioso lavoro dei nostri volontari&#8221; &#8211; dichiara il Consigliere delegato alla Cultura Anna Olivier &#8211; &#8220;e di creare situazioni di socialit\u00e0, all&#8217;insegna della Bellezza, in questo caso della buona musica&#8221;.\u00a0<\/em><\/p>\n<p>&nbsp;<\/p>\n<p>&nbsp;<\/p>\n<hr \/>\n<p>&nbsp;<\/p>\n<blockquote>\n<h3>A FINE APRILE AGORDO IN VISITA AI GEMELLI FRANCESI<\/h3>\n<\/blockquote>\n<p><strong><a class=\"dt-pswp-item\" href=\"https:\/\/www.radiopiu.net\/wordpress\/wp-content\/uploads\/2023\/02\/GEMELLAGGIO-AGORDO.jpg\" data-dt-img-description=\"\" data-large_image_width=\"374\" data-large_image_height=\"124\"><img loading=\"lazy\" decoding=\"async\" class=\"size-medium wp-image-323724 alignleft\" src=\"https:\/\/www.radiopiu.net\/wordpress\/wp-content\/uploads\/2023\/02\/GEMELLAGGIO-AGORDO-300x99.jpg\" alt=\"\" width=\"300\" height=\"99\" srcset=\"https:\/\/www.radiopiu.net\/wordpress\/wp-content\/uploads\/2023\/02\/GEMELLAGGIO-AGORDO-300x99.jpg 300w, https:\/\/www.radiopiu.net\/wordpress\/wp-content\/uploads\/2023\/02\/GEMELLAGGIO-AGORDO.jpg 374w\" sizes=\"auto, (max-width: 300px) 100vw, 300px\" \/><\/a>AGORDO<\/strong>\u00a0Il Comitato di gemellaggio ha organizzato una gita in Francia, dal 28 aprile al 01 maggio, occasione ideale per l\u2019inaugurazione del graffito di Dunio Piccolin, sar\u00e0 inaugurato s<span id=\"page3R_mcid9\" class=\"markedContent\"><span dir=\"ltr\" role=\"presentation\">abato 29 aprile nella\u00a0<\/span><span dir=\"ltr\" role=\"presentation\">sala delle\u00a0<\/span><span dir=\"ltr\" role=\"presentation\">feste con visita al\u00a0<\/span><span dir=\"ltr\" role=\"presentation\">castello di Dolomieu.\u00a0<span id=\"page3R_mcid11\" class=\"markedContent\">Domenica 30 visita alla citt\u00e0 di Grenoble, centro citt\u00e0, musei, Bastiglia.\u00a0<\/span><span id=\"page3R_mcid17\" class=\"markedContent\">Iscrizioni entro il 20 marzo scrivendo a<\/span><span id=\"page3R_mcid18\" class=\"markedContent\">\u00a0cgemellaggio.agordo@libero.it<\/span><span id=\"page3R_mcid19\" class=\"markedContent\">\u00a0Oppure chiamando il 3489159626<\/span><\/span><\/span><\/p>\n<h3>LO SPECIALE. OSPITI IN STUDIO: CLAUDIA CATTADORI E FABRIZIO CAMPEDEL<\/h3>\n<audio class=\"wp-audio-shortcode\" id=\"audio-325168-9\" preload=\"none\" style=\"width: 100%;\" controls=\"controls\"><source type=\"audio\/mpeg\" src=\"https:\/\/www.radiopiu.net\/wordpress\/wp-content\/uploads\/2023\/02\/GEMELLAGGIO-DOLOMIEU.mp3?_=9\" \/><a href=\"https:\/\/www.radiopiu.net\/wordpress\/wp-content\/uploads\/2023\/02\/GEMELLAGGIO-DOLOMIEU.mp3\">https:\/\/www.radiopiu.net\/wordpress\/wp-content\/uploads\/2023\/02\/GEMELLAGGIO-DOLOMIEU.mp3<\/a><\/audio>\n<p>&nbsp;<\/p>\n<hr \/>\n<p>&nbsp;<\/p>\n<p>&nbsp;<\/p>\n<blockquote><p><a class=\"dt-pswp-item\" href=\"https:\/\/www.radiopiu.net\/wordpress\/wp-content\/uploads\/2023\/03\/15dadbfe-af7d-fb66-141b-bfd73434ba74.jpg\" data-dt-img-description=\"\" data-large_image_width=\"800\" data-large_image_height=\"445\"><img loading=\"lazy\" decoding=\"async\" class=\"size-medium wp-image-325249 alignleft\" src=\"https:\/\/www.radiopiu.net\/wordpress\/wp-content\/uploads\/2023\/03\/15dadbfe-af7d-fb66-141b-bfd73434ba74-300x167.jpg\" alt=\"\" width=\"300\" height=\"167\" srcset=\"https:\/\/www.radiopiu.net\/wordpress\/wp-content\/uploads\/2023\/03\/15dadbfe-af7d-fb66-141b-bfd73434ba74-300x167.jpg 300w, https:\/\/www.radiopiu.net\/wordpress\/wp-content\/uploads\/2023\/03\/15dadbfe-af7d-fb66-141b-bfd73434ba74-768x427.jpg 768w, https:\/\/www.radiopiu.net\/wordpress\/wp-content\/uploads\/2023\/03\/15dadbfe-af7d-fb66-141b-bfd73434ba74.jpg 800w\" sizes=\"auto, (max-width: 300px) 100vw, 300px\" \/><\/a><\/p>\n<h3>IERI ALLA RADIO, SALUTE E SOCIETA&#8217; CON IL DOTTOR MARCO CARACCIOLO<\/h3>\n<h3>Manifesto Sociale Trapianti E&#8217; stato presentato nei giorni scorsi a Roma l\u2019Intergruppo Parlamentare donazione e trapianto organi, tessuti e cellule, per nuove scelte di politica sanitaria.<\/h3>\n<h3>Cellule Car T Le CAR-T sono una\u00a0terapia innovativa\u00a0in campo\u00a0onco-ematologico, basata sui\u00a0linfociti T, che permette di offrire una possibilit\u00e0 di cura a pazienti con Linfomi non Hodgkin o con leucemie linfoblastiche che sono andati incontro a ricaduta dopo una o pi\u00f9 terapie convenzionali.<\/h3>\n<\/blockquote>\n<audio class=\"wp-audio-shortcode\" id=\"audio-325168-10\" preload=\"none\" style=\"width: 100%;\" controls=\"controls\"><source type=\"audio\/mpeg\" src=\"https:\/\/www.radiopiu.net\/wordpress\/wp-content\/uploads\/2023\/03\/SALUTE.mp3?_=10\" \/><a href=\"https:\/\/www.radiopiu.net\/wordpress\/wp-content\/uploads\/2023\/03\/SALUTE.mp3\">https:\/\/www.radiopiu.net\/wordpress\/wp-content\/uploads\/2023\/03\/SALUTE.mp3<\/a><\/audio>\n<p>&nbsp;<\/p>\n<p>&nbsp;<\/p>\n<hr \/>\n<p>&nbsp;<\/p>\n<blockquote>\n<h3><a class=\"dt-pswp-item\" href=\"https:\/\/www.radiopiu.net\/wordpress\/wp-content\/uploads\/2022\/05\/Lupo_Gabriele-Cristiani_Archivio_Aree_Protette_Alpi_Marittime-scaled.jpg\" data-dt-img-description=\"\" data-large_image_width=\"2560\" data-large_image_height=\"1920\"><img loading=\"lazy\" decoding=\"async\" class=\" wp-image-276249 alignleft\" src=\"https:\/\/www.radiopiu.net\/wordpress\/wp-content\/uploads\/2022\/05\/Lupo_Gabriele-Cristiani_Archivio_Aree_Protette_Alpi_Marittime-300x225.jpg\" alt=\"\" width=\"165\" height=\"124\" srcset=\"https:\/\/www.radiopiu.net\/wordpress\/wp-content\/uploads\/2022\/05\/Lupo_Gabriele-Cristiani_Archivio_Aree_Protette_Alpi_Marittime-300x225.jpg 300w, https:\/\/www.radiopiu.net\/wordpress\/wp-content\/uploads\/2022\/05\/Lupo_Gabriele-Cristiani_Archivio_Aree_Protette_Alpi_Marittime-1024x768.jpg 1024w, https:\/\/www.radiopiu.net\/wordpress\/wp-content\/uploads\/2022\/05\/Lupo_Gabriele-Cristiani_Archivio_Aree_Protette_Alpi_Marittime-768x576.jpg 768w, https:\/\/www.radiopiu.net\/wordpress\/wp-content\/uploads\/2022\/05\/Lupo_Gabriele-Cristiani_Archivio_Aree_Protette_Alpi_Marittime-1536x1152.jpg 1536w, https:\/\/www.radiopiu.net\/wordpress\/wp-content\/uploads\/2022\/05\/Lupo_Gabriele-Cristiani_Archivio_Aree_Protette_Alpi_Marittime-2048x1536.jpg 2048w\" sizes=\"auto, (max-width: 165px) 100vw, 165px\" \/><\/a>UNA SERATA INFORMATIVA SUL LUPO A FUSINE DI VAL DI ZOLDO<\/h3>\n<\/blockquote>\n<p><strong>ZOLDO\u00a0<\/strong> <span style=\"font-family: Tahoma, Verdana;\">La sala polifunzionale &#8220;A. Rizzardini&#8221; a Fusine di Val di Zoldo ospiter\u00e0, stasera alle 20.30, un incontro informativo sul lupo, rivolto a tutta la popolazione. La serata \u00e8 organizzata grazie alla collaborazione tra Comune di Val di Zoldo, Provincia di Belluno e Parco Nazionale Dolomiti.\u00a0 Bellunesi. Sar\u00e0 possibile seguire l&#8217;incontro anche in diretta streaming; sui siti istituzionali del Comune di Val di Zoldo e del Parco saranno pubblicati i link per il collegamento. L&#8217;intervento del Parco rientra tra le attivit\u00e0 previste dal progetto europeo LIFE Wolfalps EU, di cui l&#8217;area protetta \u00e8 uno dei partner.<\/span><\/p>\n<p>&nbsp;<\/p>\n<p>&nbsp;<\/p>\n<hr \/>\n<p>&nbsp;<\/p>\n<p><strong>ATOMIC PARTY CON I FUTURI PERITI CHIMICI, DUE SERATA DI FESTA, LISCIO E DISCOTECA CON DJ BISSO, 17-18 MARZO AL PALFALCADE. APERITIVI, GIOCHI, BALLI&#8230; DIVERTIMENTO\u00a0<\/strong><\/p>\n<p><a class=\"dt-pswp-item\" href=\"https:\/\/www.radiopiu.net\/wordpress\/wp-content\/uploads\/2023\/03\/Donazione-CDL-Ecografo-Ospedale-Borgo-Trento-1-300x225-1.jpeg\" data-dt-img-description=\"\" data-large_image_width=\"1122\" data-large_image_height=\"374\"><img loading=\"lazy\" decoding=\"async\" class=\"size-medium wp-image-324677 aligncenter\" src=\"https:\/\/www.radiopiu.net\/wordpress\/wp-content\/uploads\/2023\/03\/Donazione-CDL-Ecografo-Ospedale-Borgo-Trento-1-300x225-1-300x100.jpeg\" alt=\"\" width=\"300\" height=\"100\" srcset=\"https:\/\/www.radiopiu.net\/wordpress\/wp-content\/uploads\/2023\/03\/Donazione-CDL-Ecografo-Ospedale-Borgo-Trento-1-300x225-1-300x100.jpeg 300w, https:\/\/www.radiopiu.net\/wordpress\/wp-content\/uploads\/2023\/03\/Donazione-CDL-Ecografo-Ospedale-Borgo-Trento-1-300x225-1-1024x341.jpeg 1024w, https:\/\/www.radiopiu.net\/wordpress\/wp-content\/uploads\/2023\/03\/Donazione-CDL-Ecografo-Ospedale-Borgo-Trento-1-300x225-1-768x256.jpeg 768w, https:\/\/www.radiopiu.net\/wordpress\/wp-content\/uploads\/2023\/03\/Donazione-CDL-Ecografo-Ospedale-Borgo-Trento-1-300x225-1.jpeg 1122w\" sizes=\"auto, (max-width: 300px) 100vw, 300px\" \/><\/a><a class=\"dt-pswp-item\" href=\"https:\/\/www.radiopiu.net\/wordpress\/wp-content\/uploads\/2023\/03\/Atomic-Party-2023-1.jpg\" data-dt-img-description=\"\" data-large_image_width=\"1032\" data-large_image_height=\"1141\"><img loading=\"lazy\" decoding=\"async\" class=\"size-medium wp-image-324664 aligncenter\" src=\"https:\/\/www.radiopiu.net\/wordpress\/wp-content\/uploads\/2023\/03\/Atomic-Party-2023-1-271x300.jpg\" alt=\"\" width=\"271\" height=\"300\" srcset=\"https:\/\/www.radiopiu.net\/wordpress\/wp-content\/uploads\/2023\/03\/Atomic-Party-2023-1-271x300.jpg 271w, https:\/\/www.radiopiu.net\/wordpress\/wp-content\/uploads\/2023\/03\/Atomic-Party-2023-1-926x1024.jpg 926w, https:\/\/www.radiopiu.net\/wordpress\/wp-content\/uploads\/2023\/03\/Atomic-Party-2023-1-768x849.jpg 768w, https:\/\/www.radiopiu.net\/wordpress\/wp-content\/uploads\/2023\/03\/Atomic-Party-2023-1.jpg 1032w\" sizes=\"auto, (max-width: 271px) 100vw, 271px\" \/><\/a><\/p>\n<p>&nbsp;<\/p>\n<p>&nbsp;<\/p>\n<hr \/>\n<blockquote>\n<h3><\/h3>\n<h3>IL 19 MARZO TORNA SUL BROI LA VECIA POPA<\/h3>\n<\/blockquote>\n<p><strong>AGORDO<\/strong>\u00a0La Vecia Popa \u00e8 pronta per tonare sul Broi di Agordo . L\u2019Appuntamento \u00e8 per domenica 19 marzo con la festa e l\u2019atteso testamento.<\/p>\n<div id=\"gallery-5\" class=\"dt-gallery-container gallery galleryid-323239 gallery-columns-2 gallery-size-medium\">\n<dl class=\"gallery-item\">\n<dt class=\"gallery-icon landscape\"><a class=\"rollover rollover-zoom dt-pswp-item pspw-wrap-ready this-ready\" title=\"dee7dc2b-e175-4363-a25e-dfe83fa36671\" href=\"https:\/\/www.radiopiu.net\/wordpress\/wp-content\/uploads\/2023\/02\/dee7dc2b-e175-4363-a25e-dfe83fa36671.jpg\" data-dt-img-description=\"\" data-large_image_width=\"813\" data-large_image_height=\"540\"><img loading=\"lazy\" decoding=\"async\" class=\"attachment-medium size-medium\" src=\"https:\/\/www.radiopiu.net\/wordpress\/wp-content\/uploads\/2023\/02\/dee7dc2b-e175-4363-a25e-dfe83fa36671-300x199.jpg\" sizes=\"auto, (max-width: 300px) 100vw, 300px\" srcset=\"https:\/\/www.radiopiu.net\/wordpress\/wp-content\/uploads\/2023\/02\/dee7dc2b-e175-4363-a25e-dfe83fa36671-300x199.jpg 300w, https:\/\/www.radiopiu.net\/wordpress\/wp-content\/uploads\/2023\/02\/dee7dc2b-e175-4363-a25e-dfe83fa36671-768x510.jpg 768w, https:\/\/www.radiopiu.net\/wordpress\/wp-content\/uploads\/2023\/02\/dee7dc2b-e175-4363-a25e-dfe83fa36671.jpg 813w\" alt=\"\" width=\"300\" height=\"199\" \/><i><\/i><\/a><\/dt>\n<\/dl>\n<dl class=\"gallery-item\">\n<dt class=\"gallery-icon landscape\"><a class=\"rollover rollover-zoom dt-pswp-item pspw-wrap-ready this-ready\" title=\"ddc0aeda-a4e9-4a5b-b809-227e841efa46\" href=\"https:\/\/www.radiopiu.net\/wordpress\/wp-content\/uploads\/2023\/02\/ddc0aeda-a4e9-4a5b-b809-227e841efa46.jpg\" data-dt-img-description=\"\" data-large_image_width=\"300\" data-large_image_height=\"199\"><img loading=\"lazy\" decoding=\"async\" class=\"attachment-medium size-medium\" src=\"https:\/\/www.radiopiu.net\/wordpress\/wp-content\/uploads\/2023\/02\/ddc0aeda-a4e9-4a5b-b809-227e841efa46.jpg\" alt=\"\" width=\"300\" height=\"199\" \/><\/a><\/dt>\n<\/dl>\n<\/div>\n<p>&nbsp;<\/p>\n<hr \/>\n<p>&nbsp;<\/p>\n<p>&nbsp;<\/p>\n<blockquote>\n<h2>SAGRA DE PASCA 2023<\/h2>\n<\/blockquote>\n<h3><a class=\"dt-pswp-item\" href=\"https:\/\/www.radiopiu.net\/wordpress\/wp-content\/uploads\/2023\/02\/7307e364-61f7-46fa-b7c5-8a7099f1201d.jpg\" data-dt-img-description=\"\" data-large_image_width=\"1536\" data-large_image_height=\"2048\"><img loading=\"lazy\" decoding=\"async\" class=\" wp-image-324071 alignleft\" src=\"https:\/\/www.radiopiu.net\/wordpress\/wp-content\/uploads\/2023\/02\/7307e364-61f7-46fa-b7c5-8a7099f1201d-225x300.jpg\" alt=\"\" width=\"162\" height=\"216\" srcset=\"https:\/\/www.radiopiu.net\/wordpress\/wp-content\/uploads\/2023\/02\/7307e364-61f7-46fa-b7c5-8a7099f1201d-225x300.jpg 225w, https:\/\/www.radiopiu.net\/wordpress\/wp-content\/uploads\/2023\/02\/7307e364-61f7-46fa-b7c5-8a7099f1201d-768x1024.jpg 768w, https:\/\/www.radiopiu.net\/wordpress\/wp-content\/uploads\/2023\/02\/7307e364-61f7-46fa-b7c5-8a7099f1201d-1152x1536.jpg 1152w, https:\/\/www.radiopiu.net\/wordpress\/wp-content\/uploads\/2023\/02\/7307e364-61f7-46fa-b7c5-8a7099f1201d.jpg 1536w\" sizes=\"auto, (max-width: 162px) 100vw, 162px\" \/><\/a><\/h3>\n<h3><\/h3>\n<h3>APRILE&#8230;. 6 &#8211; 7 &#8211; 8 &#8211; 9 LA SAGRA DE PASCA<\/h3>\n<h3>Scusate il ritardo&#8230;. Si riparte ancora pi\u00f9 forte<\/h3>\n<h3>GRUPPO SPORTIVO, DONATORI DEL SANGUE E PROLOCO DI TAIBON AGORDINO &#8230;..<\/h3>\n<h3><\/h3>\n<h3><\/h3>\n<p>&nbsp;<\/p>\n<p>&nbsp;<\/p>\n<hr \/>\n<p>&nbsp;<\/p>\n<blockquote>\n<h3>GINNASTICA POSTURALE A CANALE D&#8217;AGORDO<\/h3>\n<\/blockquote>\n<p><strong>CANALE D&#8217;AGORDO <\/strong>Sono aperte le iscrizioni al corso di ginnastica posturale con la fisioterapista Silvana Andrich, che inizier\u00e0 a Canale d&#8217;Agordo luned\u00ec 17 aprile 2023.\u00a0 I posti sono limitati. Prenotazioni al 3779665237.<\/p>\n<p>&nbsp;<\/p>\n<p>&nbsp;<\/p>\n<hr \/>\n<p>&nbsp;<\/p>\n<blockquote>\n<h3>GITA IN SVIZZERA, ANCORA POSTI DISPONIBILI<\/h3>\n<\/blockquote>\n<p><strong>AGORDO<\/strong> Rimangono a disposizione alcuni posti disponibili per la gita organizzata in Svizzera a Locarno e Lugano. Per informazioni e prenotazioni 0437 640471 oppure 333 8892617<\/p>\n<p>&nbsp;<\/p>\n<p>&nbsp;<\/p>\n<hr \/>\n<p>&nbsp;<\/p>\n<blockquote>\n<h3>ANCHE ETTORINA, LA \u201cRAGAZZA DI BORGO GARIBALDI\u201d FRA LE TESTIMONI DELL\u2019IDENTITA&#8217; FEMMINILE VENETA<\/h3>\n<\/blockquote>\n<p><strong>di Renato Bona<\/strong><\/p>\n<p>Fra le \u201cDonne in prima linea\u201d giustamente inserite nel libro che porta questo titolo (Tarantola editore, maggio 2014, stampa e grafica Tipografia Sommavilla), curato dalla bellunese trapiantata a Roma, dott. Milena Caldart, figura giustamente con altre \u201cTestimoni dell\u2019identit\u00e0 femminile veneta. Bellunesi, Vicentine, Trevigiane dall\u2019Annessione al Ventennio\u201d anche Ettorina De Liberali \u201cla ragazza di Borgo Garibaldi\u201d della quale volentieri proponiamo sinteticamente la storia sulla falsariga dell\u2019ottimo lavoro della Caldart. La nostra ha 9 anni quando la sua famiglia trasloca da Perarolo di Cadore e si stabilisce nella via Garibaldi di Belluno. Cesare, il padre, lavora all\u2019hotel Ambasciatori della Capitale e vorrebbe con se la famiglia ma Maria, la moglie, non \u00e8 assolutamente d\u2019accordo e cos\u00ec lui rientra e cerca una nuova occupazione. Ettorina, la pi\u00f9 piccola delle due sorelle e del fratello, ben presto vince la solitudine e trova amiche nella nuova realt\u00e0: Vilma, la sorella Valma, Albertina, Dolores, Sandra ed alcuni ragazzi dell\u2019antico borgo artigiano; formano un gruppetto proprio vivace ed \u00e8 lei la trascinatrice fino a divenirne leader. In quello che diventa il suo \u201cParadiso\u201d vive infanzia e giovinezza che ricorder\u00e0 sempre con nostalgia. Ma non solo giochi\u2026 La Caldart ricorda che \u201cdimostra subito buone doti scolastiche; tra le sue insegnanti c\u2019\u00e8 Pierina Boranga, direttrice e poi ispettrice, e l\u2019insegnante Sofia Bianchi. Intanto nel 1929, con i Patti Lateranensi, vine reintrodotto nei programmi scolastici l\u2019insegnamento della religione cattolica, che diviene religione di Stato, Proprio quell\u2019anno, Ettorina completa gli studi classificandosi ai primi posti della classifica di merito. Nel 1931 conclude brillantemente il ciclo di studi elementari superiori e la Boranga invita la famiglia a farla proseguire e la Bianchi va personalmente a casa per convincere i genitori. La condizione della famiglia \u201cnon \u00e8 rosea: padre disoccupato non essendo iscritto al partito fascista e la famiglia riesce a sostenersi solo col lavoro dei tre figli pi\u00f9 grandi. Ettorina non resta con le mani in mano e a soli 12 anni si iscrive ad un corso di disegno nelle magistrali di via Garibaldi; frequenta anche la palestra della Gil (giovent\u00f9 italiana littorio) essendo appassionata di sport, in particolare pallacanestro. Si impegna poi nel canto con la Corale bellunese. Nel 1937, all\u2019et\u00e0 di 18 anni \u00e8 assunta dalla ditta Chinaglia di Belluno, specializzata in strumenti elettrici di misura e materiale per radiotecnica. Comincia come apprendista di costruzioni elettromeccaniche e intanto partecipa ad un corso di cultura sindacale che le consentir\u00e0 di conoscere diritti e doveri nel mondo del lavoro. L\u2019azienda prospera e nel 1938 diviene media industria con oltre 120 operai. Ettorina si distingue per la precisione e viene assegnata al nuovo reparto, il pi\u00f9 delicato, di micromeccanica. Lei \u00e8 orgogliosa del nuovo lavoro. Il 29 agosto1940, a vent\u2019anni, sposa Alessandro, un giovane biondo con gli occhi azzurri, alto e magrissimo, capelli ricci. E\u2019 reduce dalla guerra d\u2019Africa e si merita una croce al merito di guerra. Dopo essere stato imprigionato dai tedeschi con l\u2019accusa di collaborazionismo, torna a casa con la liberazione di Belluno il 1. maggio 1945. Il periodo \u00e8 ancora critico ma lui trova lavoro in Comune e alla fine del 1945 si arruola in polizia. Lei, cerca lavoro da svolgere in casa nel 1952 per la sartoria Angelo Pea di piazza Cesare Battisti. Nel 1990 festeggia le nozze d\u2019oro con Alessandro \u201cche se ne va per primo\u201d e lei continua ad affrontare la vita e le conseguenze di un terzo intervento al cuore! con lo stesso coraggio di sempre. In et\u00e0 avanzata si dedica alla pittura con risultati sorprendenti e &#8211; \u00e8 ancora la Caldart a scriverlo &#8211; si iscrive all\u2019Universit\u00e0 degli anziani che frequenta con passione ed entusiasmo fino a quando le forze la sorreggono.<\/p>\n\n\t\t\t<style type='text\/css'>\n\t\t\t\t#gallery-6 {\n\t\t\t\t\tmargin: auto;\n\t\t\t\t}\n\t\t\t\t#gallery-6 .gallery-item {\n\t\t\t\t\tfloat: left;\n\t\t\t\t\tmargin-top: 10px;\n\t\t\t\t\ttext-align: center;\n\t\t\t\t\twidth: 20%;\n\t\t\t\t}\n\t\t\t\t#gallery-6 img {\n\t\t\t\t\tborder: 2px solid #cfcfcf;\n\t\t\t\t}\n\t\t\t\t#gallery-6 .gallery-caption {\n\t\t\t\t\tmargin-left: 0;\n\t\t\t\t}\n\t\t\t\t\/* see gallery_shortcode() in wp-includes\/media.php *\/\n\t\t\t<\/style>\n\t\t<div id='gallery-6' class='dt-gallery-container gallery galleryid-325168 gallery-columns-5 gallery-size-thumbnail'><dl class='gallery-item'>\n\t\t\t\t<dt class='gallery-icon portrait'>\n\t\t\t\t\t<a class=\"rollover rollover-zoom dt-pswp-item\" title=\"332908216_194535973186157_6971626305512280263_n\" data-dt-img-description=\"\" data-large_image_width=\"320\" data-large_image_height=\"534\"href='https:\/\/www.radiopiu.net\/wordpress\/wp-content\/uploads\/2023\/03\/332908216_194535973186157_6971626305512280263_n.jpg'><img loading=\"lazy\" decoding=\"async\" width=\"150\" height=\"150\" src=\"https:\/\/www.radiopiu.net\/wordpress\/wp-content\/uploads\/2023\/03\/332908216_194535973186157_6971626305512280263_n-150x150.jpg\" class=\"attachment-thumbnail size-thumbnail\" alt=\"\" \/><\/a>\n\t\t\t\t<\/dt><\/dl><dl class='gallery-item'>\n\t\t\t\t<dt class='gallery-icon portrait'>\n\t\t\t\t\t<a class=\"rollover rollover-zoom dt-pswp-item\" title=\"332557693_533883732066357_4657583700209133379_n\" data-dt-img-description=\"\" data-large_image_width=\"320\" data-large_image_height=\"473\"href='https:\/\/www.radiopiu.net\/wordpress\/wp-content\/uploads\/2023\/03\/332557693_533883732066357_4657583700209133379_n.jpg'><img loading=\"lazy\" decoding=\"async\" width=\"150\" height=\"150\" src=\"https:\/\/www.radiopiu.net\/wordpress\/wp-content\/uploads\/2023\/03\/332557693_533883732066357_4657583700209133379_n-150x150.jpg\" class=\"attachment-thumbnail size-thumbnail\" alt=\"\" \/><\/a>\n\t\t\t\t<\/dt><\/dl><dl class='gallery-item'>\n\t\t\t\t<dt class='gallery-icon portrait'>\n\t\t\t\t\t<a class=\"rollover rollover-zoom dt-pswp-item\" title=\"333102219_590550639660968_546763675424890424_n\" data-dt-img-description=\"\" data-large_image_width=\"320\" data-large_image_height=\"472\"href='https:\/\/www.radiopiu.net\/wordpress\/wp-content\/uploads\/2023\/03\/333102219_590550639660968_546763675424890424_n.jpg'><img loading=\"lazy\" decoding=\"async\" width=\"150\" height=\"150\" src=\"https:\/\/www.radiopiu.net\/wordpress\/wp-content\/uploads\/2023\/03\/333102219_590550639660968_546763675424890424_n-150x150.jpg\" class=\"attachment-thumbnail size-thumbnail\" alt=\"\" \/><\/a>\n\t\t\t\t<\/dt><\/dl><dl class='gallery-item'>\n\t\t\t\t<dt class='gallery-icon portrait'>\n\t\t\t\t\t<a class=\"rollover rollover-zoom dt-pswp-item\" title=\"334274371_165789416312567_3287703935179489755_n\" data-dt-img-description=\"\" data-large_image_width=\"320\" data-large_image_height=\"469\"href='https:\/\/www.radiopiu.net\/wordpress\/wp-content\/uploads\/2023\/03\/334274371_165789416312567_3287703935179489755_n.jpg'><img loading=\"lazy\" decoding=\"async\" width=\"150\" height=\"150\" src=\"https:\/\/www.radiopiu.net\/wordpress\/wp-content\/uploads\/2023\/03\/334274371_165789416312567_3287703935179489755_n-150x150.jpg\" class=\"attachment-thumbnail size-thumbnail\" alt=\"\" \/><\/a>\n\t\t\t\t<\/dt><\/dl><dl class='gallery-item'>\n\t\t\t\t<dt class='gallery-icon landscape'>\n\t\t\t\t\t<a class=\"rollover rollover-zoom dt-pswp-item\" title=\"332917860_219241183915309_8642395335061326423_n\" data-dt-img-description=\"\" data-large_image_width=\"559\" data-large_image_height=\"403\"href='https:\/\/www.radiopiu.net\/wordpress\/wp-content\/uploads\/2023\/03\/332917860_219241183915309_8642395335061326423_n.jpg'><img loading=\"lazy\" decoding=\"async\" width=\"150\" height=\"150\" src=\"https:\/\/www.radiopiu.net\/wordpress\/wp-content\/uploads\/2023\/03\/332917860_219241183915309_8642395335061326423_n-150x150.jpg\" class=\"attachment-thumbnail size-thumbnail\" alt=\"\" \/><\/a>\n\t\t\t\t<\/dt><\/dl><br style=\"clear: both\" \/><dl class='gallery-item'>\n\t\t\t\t<dt class='gallery-icon landscape'>\n\t\t\t\t\t<a class=\"rollover rollover-zoom dt-pswp-item\" title=\"332373850_869161184381893_3515356548343767382_n\" data-dt-img-description=\"\" data-large_image_width=\"595\" data-large_image_height=\"403\"href='https:\/\/www.radiopiu.net\/wordpress\/wp-content\/uploads\/2023\/03\/332373850_869161184381893_3515356548343767382_n.jpg'><img loading=\"lazy\" decoding=\"async\" width=\"150\" height=\"150\" src=\"https:\/\/www.radiopiu.net\/wordpress\/wp-content\/uploads\/2023\/03\/332373850_869161184381893_3515356548343767382_n-150x150.jpg\" class=\"attachment-thumbnail size-thumbnail\" alt=\"\" \/><\/a>\n\t\t\t\t<\/dt><\/dl><dl class='gallery-item'>\n\t\t\t\t<dt class='gallery-icon portrait'>\n\t\t\t\t\t<a class=\"rollover rollover-zoom dt-pswp-item\" title=\"332951803_760447238613591_939204524372387100_n\" data-dt-img-description=\"\" data-large_image_width=\"299\" data-large_image_height=\"417\"href='https:\/\/www.radiopiu.net\/wordpress\/wp-content\/uploads\/2023\/03\/332951803_760447238613591_939204524372387100_n.jpg'><img loading=\"lazy\" decoding=\"async\" width=\"150\" height=\"150\" src=\"https:\/\/www.radiopiu.net\/wordpress\/wp-content\/uploads\/2023\/03\/332951803_760447238613591_939204524372387100_n-150x150.jpg\" class=\"attachment-thumbnail size-thumbnail\" alt=\"\" \/><\/a>\n\t\t\t\t<\/dt><\/dl><dl class='gallery-item'>\n\t\t\t\t<dt class='gallery-icon landscape'>\n\t\t\t\t\t<a class=\"rollover rollover-zoom dt-pswp-item\" title=\"332376820_890844382153659_3839986792522739682_n\" data-dt-img-description=\"\" data-large_image_width=\"663\" data-large_image_height=\"403\"href='https:\/\/www.radiopiu.net\/wordpress\/wp-content\/uploads\/2023\/03\/332376820_890844382153659_3839986792522739682_n.jpg'><img loading=\"lazy\" decoding=\"async\" width=\"150\" height=\"150\" src=\"https:\/\/www.radiopiu.net\/wordpress\/wp-content\/uploads\/2023\/03\/332376820_890844382153659_3839986792522739682_n-150x150.jpg\" class=\"attachment-thumbnail size-thumbnail\" alt=\"\" \/><\/a>\n\t\t\t\t<\/dt><\/dl><dl class='gallery-item'>\n\t\t\t\t<dt class='gallery-icon landscape'>\n\t\t\t\t\t<a class=\"rollover rollover-zoom dt-pswp-item\" title=\"332996297_768011938225679_8845602913984631540_n\" data-dt-img-description=\"\" data-large_image_width=\"758\" data-large_image_height=\"403\"href='https:\/\/www.radiopiu.net\/wordpress\/wp-content\/uploads\/2023\/03\/332996297_768011938225679_8845602913984631540_n.jpg'><img loading=\"lazy\" decoding=\"async\" width=\"150\" height=\"150\" src=\"https:\/\/www.radiopiu.net\/wordpress\/wp-content\/uploads\/2023\/03\/332996297_768011938225679_8845602913984631540_n-150x150.jpg\" class=\"attachment-thumbnail size-thumbnail\" alt=\"\" \/><\/a>\n\t\t\t\t<\/dt><\/dl><dl class='gallery-item'>\n\t\t\t\t<dt class='gallery-icon landscape'>\n\t\t\t\t\t<a class=\"rollover rollover-zoom dt-pswp-item\" title=\"333012871_1060382511608277_3730985746254542911_n\" data-dt-img-description=\"\" data-large_image_width=\"600\" data-large_image_height=\"400\"href='https:\/\/www.radiopiu.net\/wordpress\/wp-content\/uploads\/2023\/03\/333012871_1060382511608277_3730985746254542911_n.jpg'><img loading=\"lazy\" decoding=\"async\" width=\"150\" height=\"150\" src=\"https:\/\/www.radiopiu.net\/wordpress\/wp-content\/uploads\/2023\/03\/333012871_1060382511608277_3730985746254542911_n-150x150.jpg\" class=\"attachment-thumbnail size-thumbnail\" alt=\"\" \/><\/a>\n\t\t\t\t<\/dt><\/dl><br style=\"clear: both\" \/><dl class='gallery-item'>\n\t\t\t\t<dt class='gallery-icon landscape'>\n\t\t\t\t\t<a class=\"rollover rollover-zoom dt-pswp-item\" title=\"332447176_595440072457574_8135311098987277029_n\" data-dt-img-description=\"\" data-large_image_width=\"687\" data-large_image_height=\"403\"href='https:\/\/www.radiopiu.net\/wordpress\/wp-content\/uploads\/2023\/03\/332447176_595440072457574_8135311098987277029_n.jpg'><img loading=\"lazy\" decoding=\"async\" width=\"150\" height=\"150\" src=\"https:\/\/www.radiopiu.net\/wordpress\/wp-content\/uploads\/2023\/03\/332447176_595440072457574_8135311098987277029_n-150x150.jpg\" class=\"attachment-thumbnail size-thumbnail\" alt=\"\" \/><\/a>\n\t\t\t\t<\/dt><\/dl><dl class='gallery-item'>\n\t\t\t\t<dt class='gallery-icon landscape'>\n\t\t\t\t\t<a class=\"rollover rollover-zoom dt-pswp-item\" title=\"332763925_1694880217631385_5620881261774178080_n\" data-dt-img-description=\"\" data-large_image_width=\"577\" data-large_image_height=\"403\"href='https:\/\/www.radiopiu.net\/wordpress\/wp-content\/uploads\/2023\/03\/332763925_1694880217631385_5620881261774178080_n.jpg'><img loading=\"lazy\" decoding=\"async\" width=\"150\" height=\"150\" src=\"https:\/\/www.radiopiu.net\/wordpress\/wp-content\/uploads\/2023\/03\/332763925_1694880217631385_5620881261774178080_n-150x150.jpg\" class=\"attachment-thumbnail size-thumbnail\" alt=\"\" \/><\/a>\n\t\t\t\t<\/dt><\/dl><dl class='gallery-item'>\n\t\t\t\t<dt class='gallery-icon portrait'>\n\t\t\t\t\t<a class=\"rollover rollover-zoom dt-pswp-item\" title=\"332586979_896309754955770_6624452505857619017_n\" data-dt-img-description=\"\" data-large_image_width=\"306\" data-large_image_height=\"414\"href='https:\/\/www.radiopiu.net\/wordpress\/wp-content\/uploads\/2023\/03\/332586979_896309754955770_6624452505857619017_n.jpg'><img loading=\"lazy\" decoding=\"async\" width=\"150\" height=\"150\" src=\"https:\/\/www.radiopiu.net\/wordpress\/wp-content\/uploads\/2023\/03\/332586979_896309754955770_6624452505857619017_n-150x150.jpg\" class=\"attachment-thumbnail size-thumbnail\" alt=\"\" \/><\/a>\n\t\t\t\t<\/dt><\/dl><dl class='gallery-item'>\n\t\t\t\t<dt class='gallery-icon portrait'>\n\t\t\t\t\t<a class=\"rollover rollover-zoom dt-pswp-item\" title=\"332415472_607252218125808_7214789443831202694_n\" data-dt-img-description=\"\" data-large_image_width=\"300\" data-large_image_height=\"414\"href='https:\/\/www.radiopiu.net\/wordpress\/wp-content\/uploads\/2023\/03\/332415472_607252218125808_7214789443831202694_n.jpg'><img loading=\"lazy\" decoding=\"async\" width=\"150\" height=\"150\" src=\"https:\/\/www.radiopiu.net\/wordpress\/wp-content\/uploads\/2023\/03\/332415472_607252218125808_7214789443831202694_n-150x150.jpg\" class=\"attachment-thumbnail size-thumbnail\" alt=\"\" \/><\/a>\n\t\t\t\t<\/dt><\/dl><dl class='gallery-item'>\n\t\t\t\t<dt class='gallery-icon portrait'>\n\t\t\t\t\t<a class=\"rollover rollover-zoom dt-pswp-item\" title=\"332425669_697344688804765_7153329157264350416_n\" data-dt-img-description=\"\" data-large_image_width=\"320\" data-large_image_height=\"450\"href='https:\/\/www.radiopiu.net\/wordpress\/wp-content\/uploads\/2023\/03\/332425669_697344688804765_7153329157264350416_n.jpg'><img loading=\"lazy\" decoding=\"async\" width=\"150\" height=\"150\" src=\"https:\/\/www.radiopiu.net\/wordpress\/wp-content\/uploads\/2023\/03\/332425669_697344688804765_7153329157264350416_n-150x150.jpg\" class=\"attachment-thumbnail size-thumbnail\" alt=\"\" \/><\/a>\n\t\t\t\t<\/dt><\/dl><br style=\"clear: both\" \/>\n\t\t\t<\/div>\n\n<p>&nbsp;<\/p>\n<p>NELLE FOTO (riproduzioni dal libro di Milena Caldart \u201cDonne in prima linea): Ettorina, la ragazza di Borgo Garibaldi; suo padre Cesare a Roma nel 1923; il certificato di studio di Ettorina; eccola, nel 1935, alle Cinque Torri; con le compagne del basket nel 1937; componente anche della Corale Bellunese (marzo 1938); il suo libretto di lavoro; panoramica di Piazza dei Martiri anni \u201830 dove c\u2019era il laboratorio della Chinaglia; le maestranze della ditta, anno 1937; il diploma dopo il corso di cultura sindacale; reparto strumenti di misura elettrica dell\u2019azienda del rag. Dino Chinaglia; il reparto di micromeccanica; il marito di Ettorina, Alessandro, in Abissinia il 29 agosto 1936; anno 1940: spesa in centro; \u201cScorcio di un vicolo\u201d, tempera su tela di Ettorina, dell\u2019anno 1980.<\/p>\n<p>&nbsp;<\/p>\n<p>&nbsp;<\/p>\n<hr \/>\n<p>&nbsp;<\/p>\n<div>\n<div class=\"b654a4as d2edcug0\">\n<div class=\"rq0escxv hkbzh7o3 jwdofwj8 n8tt0mok r8blr3vg hyh9befq\">\n<p><a class=\"dt-pswp-item\" href=\"https:\/\/www.radiopiu.net\/wordpress\/wp-content\/uploads\/2020\/10\/pp.jpg\" data-dt-img-description=\"\" data-large_image_width=\"640\" data-large_image_height=\"640\"><img loading=\"lazy\" decoding=\"async\" class=\"wp-image-163678 alignleft\" src=\"https:\/\/www.radiopiu.net\/wordpress\/wp-content\/uploads\/2020\/10\/pp-300x300.jpg\" alt=\"\" width=\"106\" height=\"106\" srcset=\"https:\/\/www.radiopiu.net\/wordpress\/wp-content\/uploads\/2020\/10\/pp-300x300.jpg 300w, https:\/\/www.radiopiu.net\/wordpress\/wp-content\/uploads\/2020\/10\/pp-150x150.jpg 150w, https:\/\/www.radiopiu.net\/wordpress\/wp-content\/uploads\/2020\/10\/pp-125x125.jpg 125w, https:\/\/www.radiopiu.net\/wordpress\/wp-content\/uploads\/2020\/10\/pp-200x200.jpg 200w, https:\/\/www.radiopiu.net\/wordpress\/wp-content\/uploads\/2020\/10\/pp-80x80.jpg 80w, https:\/\/www.radiopiu.net\/wordpress\/wp-content\/uploads\/2020\/10\/pp-480x480.jpg 480w, https:\/\/www.radiopiu.net\/wordpress\/wp-content\/uploads\/2020\/10\/pp.jpg 640w\" sizes=\"auto, (max-width: 106px) 100vw, 106px\" \/><\/a><\/p>\n<\/div>\n<\/div>\n<\/div>\n<div>\n<div class=\"page-title-head hgroup\">\n<div class=\"page-title-head hgroup\">\n<div class=\"b654a4as d2edcug0\">\n<div class=\"j83agx80 btwxx1t3 lhclo0ds hop8lmos nkwizq5d scwd0bx6 roh60bw9\">\n<div class=\"rq0escxv hkbzh7o3 jwdofwj8 n8tt0mok r8blr3vg hyh9befq\">\n<div class=\"do00u71z l9j0dhe7 k4urcfbm\" style=\"text-align: left;\">\n<h2><span style=\"color: #000080;\">DON CESARE, IL PENSIERO DEL GIORNO. ALLA RADIO ALLE 7 DEL MATTINO E ALLE 19.30 DELLA SERA\u00a0<\/span><\/h2>\n<audio class=\"wp-audio-shortcode\" id=\"audio-325168-11\" preload=\"none\" style=\"width: 100%;\" controls=\"controls\"><source type=\"audio\/mpeg\" src=\"https:\/\/www.radiopiu.net\/wordpress\/wp-content\/uploads\/2023\/03\/CESARE-5.mp3?_=11\" \/><a href=\"https:\/\/www.radiopiu.net\/wordpress\/wp-content\/uploads\/2023\/03\/CESARE-5.mp3\">https:\/\/www.radiopiu.net\/wordpress\/wp-content\/uploads\/2023\/03\/CESARE-5.mp3<\/a><\/audio>\n<\/div>\n<\/div>\n<\/div>\n<\/div>\n<\/div>\n<\/div>\n<\/div>\n<p>&nbsp;<\/p>\n<hr \/>\n<p>&nbsp;<\/p>\n<h2><span style=\"color: #ff00ff;\">IN VIVO VERSO\u00a0 \u00a0\u00a0<\/span><\/h2>\n<blockquote>\n<h3>MA COME STAI di ALESSANDRA<\/h3>\n<\/blockquote>\n<p><strong>AUDIO<\/strong><\/p>\n<audio class=\"wp-audio-shortcode\" id=\"audio-325168-12\" preload=\"none\" style=\"width: 100%;\" controls=\"controls\"><source type=\"audio\/mpeg\" src=\"https:\/\/www.radiopiu.net\/wordpress\/wp-content\/uploads\/2023\/03\/01-ALESSANDRA-SERVI-MA-COME-STAI.mp3?_=12\" \/><a href=\"https:\/\/www.radiopiu.net\/wordpress\/wp-content\/uploads\/2023\/03\/01-ALESSANDRA-SERVI-MA-COME-STAI.mp3\">https:\/\/www.radiopiu.net\/wordpress\/wp-content\/uploads\/2023\/03\/01-ALESSANDRA-SERVI-MA-COME-STAI.mp3<\/a><\/audio>\n<p>&nbsp;<\/p>\n<p><img loading=\"lazy\" decoding=\"async\" class=\"alignleft\" src=\"https:\/\/www.radiopiu.net\/wordpress\/wp-content\/uploads\/2023\/03\/alessandra-servi-300x300.jpg\" width=\"141\" height=\"141\" \/><strong>Alessandra Servi<\/strong><br \/>\n<strong>MA COME STAI<\/strong><\/p>\n<p>Ma come stai, vorrei sapere<br \/>\ncome conti gli anni,<br \/>\ncome controlli i pensieri,<br \/>\nquesto invecchiare, che mi ha preso<br \/>\nalla sprovvista,<br \/>\nquesto<br \/>\nfragile innamorarsi del poco pi\u00f9 che questo,<br \/>\nquesto che non risolvo, ma addolcisco e<br \/>\nrincorro.<br \/>\nE gli anelli no, non li indosso pi\u00f9.<\/p>\n<p>&nbsp;<\/p>\n<p>LA RACCOLTA COMPLETA<\/p>\n<p>&nbsp;<\/p>\n<div dir=\"auto\">\n<div dir=\"auto\">\n<div dir=\"auto\">\n<div dir=\"auto\">\n<div dir=\"auto\">\n<div dir=\"auto\">\n<p><strong>LA RACCOLTA COMPLETA<\/strong><\/p>\n<blockquote class=\"wp-embedded-content\" data-secret=\"S81qjGTPxt\"><p><a href=\"https:\/\/www.radiopiu.net\/wordpress\/in-vivo-verso\/\">In Vivo Verso<\/a><\/p><\/blockquote>\n<p><iframe loading=\"lazy\" class=\"wp-embedded-content\" sandbox=\"allow-scripts\" security=\"restricted\" style=\"position: absolute; clip: rect(1px, 1px, 1px, 1px);\" title=\"&#8220;In Vivo Verso&#8221; &#8212; Radio Pi\u00f9\" src=\"https:\/\/www.radiopiu.net\/wordpress\/in-vivo-verso\/embed\/#?secret=dED743wOBy#?secret=S81qjGTPxt\" data-secret=\"S81qjGTPxt\" width=\"600\" height=\"338\" frameborder=\"0\" marginwidth=\"0\" marginheight=\"0\" scrolling=\"no\"><\/iframe><\/p>\n<p><strong>\u00a0<\/strong><\/p>\n<\/div>\n<\/div>\n<\/div>\n<hr \/>\n<\/div>\n<\/div>\n<\/div>\n<p>&nbsp;<\/p>\n<h2><span style=\"color: #008080;\">GOCCE DI FILOSOFIA<\/span><\/h2>\n<p><strong>PUNTATA 261 &#8211; LISA DE LUCA<\/strong><\/p>\n<audio class=\"wp-audio-shortcode\" id=\"audio-325168-13\" preload=\"none\" style=\"width: 100%;\" controls=\"controls\"><source type=\"audio\/mpeg\" src=\"https:\/\/www.radiopiu.net\/wordpress\/wp-content\/uploads\/2023\/03\/FI1.mp3?_=13\" \/><a href=\"https:\/\/www.radiopiu.net\/wordpress\/wp-content\/uploads\/2023\/03\/FI1.mp3\">https:\/\/www.radiopiu.net\/wordpress\/wp-content\/uploads\/2023\/03\/FI1.mp3<\/a><\/audio>\n<p>LA RACCOLTA COMPLETA<\/p>\n<blockquote class=\"wp-embedded-content\" data-secret=\"KyTiGEAF1Z\"><p><a href=\"https:\/\/www.radiopiu.net\/wordpress\/gocce-filosofia\/\">Gocce di filosofia,  LA TERZA STAGIONE&#8230; 2023<\/a><\/p><\/blockquote>\n<p><iframe loading=\"lazy\" class=\"wp-embedded-content\" sandbox=\"allow-scripts\" security=\"restricted\" style=\"position: absolute; clip: rect(1px, 1px, 1px, 1px);\" title=\"&#8220;Gocce di filosofia,  LA TERZA STAGIONE&#8230; 2023&#8221; &#8212; Radio Pi\u00f9\" src=\"https:\/\/www.radiopiu.net\/wordpress\/gocce-filosofia\/embed\/#?secret=fk1oY6TvEL#?secret=KyTiGEAF1Z\" data-secret=\"KyTiGEAF1Z\" width=\"600\" height=\"338\" frameborder=\"0\" marginwidth=\"0\" marginheight=\"0\" scrolling=\"no\"><\/iframe><\/p>\n<p>&nbsp;<\/p>\n<p>&nbsp;<\/p>\n<hr \/>\n<p>&nbsp;<\/p>\n<div class=\"column\">\n<p><img loading=\"lazy\" decoding=\"async\" class=\"aligncenter wp-image-61954 size-full\" src=\"https:\/\/www.radiopiu.net\/wordpress\/wp-content\/uploads\/2018\/09\/viabilita.jpeg\" sizes=\"auto, (max-width: 800px) 100vw, 800px\" srcset=\"https:\/\/www.radiopiu.net\/wordpress\/wp-content\/uploads\/2018\/09\/viabilita.jpeg 800w, https:\/\/www.radiopiu.net\/wordpress\/wp-content\/uploads\/2018\/09\/viabilita-300x38.jpeg 300w, https:\/\/www.radiopiu.net\/wordpress\/wp-content\/uploads\/2018\/09\/viabilita-768x96.jpeg 768w\" alt=\"\" width=\"800\" height=\"100\" \/><\/p>\n<p>&nbsp;<\/p>\n<blockquote>\n<h3>SENSO UNICO ALTERNATO IN GALLERIA DEI CASTEI<\/h3>\n<\/blockquote>\n<p><strong>SR 203 AGORDINA<\/strong> nelle giornate del <span style=\"color: #ff0000;\">13 e 14 marzo<\/span> dalle 20 alle 6 del giorno successivo senso unico alternato regolato da movieri o semaforo in Galleria dei Castei in comune di La Valle Agordina<\/p>\n<p>&nbsp;<\/p>\n<blockquote class=\"wp-embedded-content\" data-secret=\"GY6JVDrwj4\"><p><a href=\"https:\/\/www.radiopiu.net\/wordpress\/viabilita\/\">viabilita<\/a><\/p><\/blockquote>\n<p><iframe loading=\"lazy\" class=\"wp-embedded-content\" sandbox=\"allow-scripts\" security=\"restricted\" style=\"position: absolute; clip: rect(1px, 1px, 1px, 1px);\" title=\"&#8220;viabilita&#8221; &#8212; Radio Pi\u00f9\" src=\"https:\/\/www.radiopiu.net\/wordpress\/viabilita\/embed\/#?secret=ssZDdruWD7#?secret=GY6JVDrwj4\" data-secret=\"GY6JVDrwj4\" width=\"600\" height=\"338\" frameborder=\"0\" marginwidth=\"0\" marginheight=\"0\" scrolling=\"no\"><\/iframe><\/p>\n<div>\n<div dir=\"ltr\">\n<div class=\"gmail_quote\">\n<div dir=\"ltr\">\n<div class=\"gmail_quote\"><\/div>\n<\/div>\n<\/div>\n<\/div>\n<\/div>\n<p>&nbsp;<\/p>\n<hr \/>\n<p>&nbsp;<\/p>\n<p><a class=\"dt-pswp-item\" href=\"https:\/\/www.radiopiu.net\/wordpress\/wp-content\/uploads\/2018\/09\/WhatsApp-Image-2018-09-20-at-16.04.06.jpeg\" data-dt-img-description=\"\" data-large_image_width=\"800\" data-large_image_height=\"100\"><img loading=\"lazy\" decoding=\"async\" class=\"wp-image-61378 size-full aligncenter\" src=\"https:\/\/www.radiopiu.net\/wordpress\/wp-content\/uploads\/2018\/09\/WhatsApp-Image-2018-09-20-at-16.04.06.jpeg\" alt=\"\" width=\"800\" height=\"100\" srcset=\"https:\/\/www.radiopiu.net\/wordpress\/wp-content\/uploads\/2018\/09\/WhatsApp-Image-2018-09-20-at-16.04.06.jpeg 800w, https:\/\/www.radiopiu.net\/wordpress\/wp-content\/uploads\/2018\/09\/WhatsApp-Image-2018-09-20-at-16.04.06-300x38.jpeg 300w, https:\/\/www.radiopiu.net\/wordpress\/wp-content\/uploads\/2018\/09\/WhatsApp-Image-2018-09-20-at-16.04.06-768x96.jpeg 768w\" sizes=\"auto, (max-width: 800px) 100vw, 800px\" \/><\/a><\/p>\n<p>&nbsp;<\/p>\n<\/div>\n<p style=\"text-align: center;\"><b>OGGI<\/b><\/p>\n<p>Cielo generalmente nuvoloso o molto nuvoloso con qualche irregolare schiarita.<br \/>\n<b>Precipitazioni: <\/b>Al mattino generalmente assenti (10%), nel pomeriggio possibili deboli o molto deboli sparse e discontinue pi\u00f9 probabili su Prealpi (50-70 %) con qualche fiocco oltre i 1100-1300 m. Accumuli generalmente scarsi 0-5 mm con altrettanti cm di neve oltre i 1400-1600 m.<br \/>\n<b>Temperature: <\/b>Stazionarie o in lieve aumento le massime.<\/p>\n<hr \/>\n<p style=\"text-align: center;\"><b>DOMANI<\/b><\/p>\n<p>Cielo ancora per lo pi\u00f9 nuvoloso con qualche irregolare schiarita.<br \/>\n<b>Precipitazioni: <\/b>Generalmente assenti seppur non del tutto esclusa qualche goccia qua e l\u00e0 nel pomeriggio con qualche fiocco oltre i 1200\/1400 m<br \/>\n<b>Temperature: <\/b>Temperature in generale aumento specie dal pomeriggio in quota<\/p>\n<hr \/>\n<p style=\"text-align: center;\"><b>GIOVEDI<\/b><\/p>\n<p>Nuvolosit\u00e0 variabile anche intensa fino al primo mattino, poi schiarite anche ampie in giornata con cielo poco o parzialmente nuvoloso. nel pomeriggio\/sera irregolari addensamenti assieme alla presenza di nubi alte. Precipitazioni generalmente assenti. Temperature in aumento, anche marcato, eccetto le minime a fondovalle stazionarie o in lieve calo.<\/p>\n<hr \/>\n<p style=\"text-align: center;\"><b>VENERDI<\/b><\/p>\n<p>Al mattino nubi basse in dissolvimento, in giornata da poco a parzialmente nuvoloso e dal pomeriggio aumento della nuvolosit\u00e0 medio-alta fino a cielo nuvoloso. Temperature stazionarie in quota, in aumento le massime nelle valli.<\/p>\n<p>&nbsp;<\/p>\n<hr \/>\n<p>&nbsp;<\/p>\n<p><a class=\"dt-pswp-item\" href=\"https:\/\/www.radiopiu.net\/wordpress\/wp-content\/uploads\/2018\/09\/sport.jpg\" data-dt-img-description=\"\" data-large_image_width=\"800\" data-large_image_height=\"100\"><img loading=\"lazy\" decoding=\"async\" class=\"aligncenter wp-image-60761 size-full\" src=\"https:\/\/www.radiopiu.net\/wordpress\/wp-content\/uploads\/2018\/09\/sport.jpg\" alt=\"\" width=\"800\" height=\"100\" srcset=\"https:\/\/www.radiopiu.net\/wordpress\/wp-content\/uploads\/2018\/09\/sport.jpg 800w, https:\/\/www.radiopiu.net\/wordpress\/wp-content\/uploads\/2018\/09\/sport-300x38.jpg 300w, https:\/\/www.radiopiu.net\/wordpress\/wp-content\/uploads\/2018\/09\/sport-768x96.jpg 768w\" sizes=\"auto, (max-width: 800px) 100vw, 800px\" \/><\/a><\/p>\n<p><span style=\"color: #0000ff;\"><strong>CALCIO<\/strong><\/span><\/p>\n<blockquote>\n<h3>NICO LAWRENCE, IL DIFENSORE INGLESE CON LA MAMMA BELLUNESE<\/h3>\n<\/blockquote>\n<p><strong><a class=\"dt-pswp-item\" href=\"https:\/\/www.radiopiu.net\/wordpress\/wp-content\/uploads\/2023\/03\/c1d986bb-8be1-4ceb-a52f-9f432a615c8d.jpg\" data-dt-img-description=\"\" data-large_image_width=\"1384\" data-large_image_height=\"950\"><img loading=\"lazy\" decoding=\"async\" class=\" wp-image-325315 alignleft\" src=\"https:\/\/www.radiopiu.net\/wordpress\/wp-content\/uploads\/2023\/03\/c1d986bb-8be1-4ceb-a52f-9f432a615c8d-300x206.jpg\" alt=\"\" width=\"192\" height=\"132\" srcset=\"https:\/\/www.radiopiu.net\/wordpress\/wp-content\/uploads\/2023\/03\/c1d986bb-8be1-4ceb-a52f-9f432a615c8d-300x206.jpg 300w, https:\/\/www.radiopiu.net\/wordpress\/wp-content\/uploads\/2023\/03\/c1d986bb-8be1-4ceb-a52f-9f432a615c8d-1024x703.jpg 1024w, https:\/\/www.radiopiu.net\/wordpress\/wp-content\/uploads\/2023\/03\/c1d986bb-8be1-4ceb-a52f-9f432a615c8d-768x527.jpg 768w, https:\/\/www.radiopiu.net\/wordpress\/wp-content\/uploads\/2023\/03\/c1d986bb-8be1-4ceb-a52f-9f432a615c8d.jpg 1384w\" sizes=\"auto, (max-width: 192px) 100vw, 192px\" \/><\/a>BELLUNO<\/strong><\/p>\n<p>di Roberto Bona<\/p>\n<audio class=\"wp-audio-shortcode\" id=\"audio-325168-14\" preload=\"none\" style=\"width: 100%;\" controls=\"controls\"><source type=\"audio\/mpeg\" src=\"https:\/\/www.radiopiu.net\/wordpress\/wp-content\/uploads\/2023\/03\/gr-07-sport-nico-lawrence-BONA.mp3?_=14\" \/><a href=\"https:\/\/www.radiopiu.net\/wordpress\/wp-content\/uploads\/2023\/03\/gr-07-sport-nico-lawrence-BONA.mp3\">https:\/\/www.radiopiu.net\/wordpress\/wp-content\/uploads\/2023\/03\/gr-07-sport-nico-lawrence-BONA.mp3<\/a><\/audio>\n<p>&nbsp;<\/p>\n<blockquote>\n<h3>L&#8217;AGORDINA PAREGGIA CON IL SARMEDE MA IL PENSIERO E&#8217; PER SANTAGATI<\/h3>\n<\/blockquote>\n<p><strong><a class=\"dt-pswp-item\" href=\"https:\/\/www.radiopiu.net\/wordpress\/wp-content\/uploads\/2023\/02\/CALCIO-PALLONE.png\" data-dt-img-description=\"\" data-large_image_width=\"769\" data-large_image_height=\"495\"><img loading=\"lazy\" decoding=\"async\" class=\" wp-image-322076 alignleft\" src=\"https:\/\/www.radiopiu.net\/wordpress\/wp-content\/uploads\/2023\/02\/CALCIO-PALLONE-300x193.png\" alt=\"\" width=\"151\" height=\"97\" srcset=\"https:\/\/www.radiopiu.net\/wordpress\/wp-content\/uploads\/2023\/02\/CALCIO-PALLONE-300x193.png 300w, https:\/\/www.radiopiu.net\/wordpress\/wp-content\/uploads\/2023\/02\/CALCIO-PALLONE.png 769w\" sizes=\"auto, (max-width: 151px) 100vw, 151px\" \/><\/a>di Marco Gaz<\/strong><\/p>\n<p><strong>REDAZIONE<\/strong> Si pu\u00f2 parlare di un ottimo punto conquistato dall&#8217;Agordina nel match di domenica contro il Sarmede. Una partita giocata bene dalla squadra di Lorenzi che \u00e8 stata capace di mettere in difficolt\u00e0 la formazione trevigiana. Una bella prestazione degli agordini che hanno saputo reagire nel migliore dei modi quando il Sarmede ha trovato il gol del vantaggio. La squadra di Agordo ha spinto fino a trovare il pareggio con Cancel, bravo a trovare il pertugio giusto per insaccare. Ma la partita \u00e8 stata caratterizzata da un grave infortunio ad un giocatore trevigiano. Uno scontro di gioco che ha visto coinvolto Santagati. Un brutto infortunio per il giocatore del Sarmede, costretto ad abbandonare il campo in ambulanza. Santagati \u00e8 stato ricoverato per la rottura del perone e nelle prossime ore verr\u00e0 operato. L&#8217;Agordina, per voce del Presidente Cosmo Forcella vuole porgere gli auguri di pronta guarigione al giocatore della squadra trevigiana.<\/p>\n<p><strong>FILIPPO CANCEL, GIOCATORE DELL&#8217;AGORDINA<\/strong><\/p>\n<audio class=\"wp-audio-shortcode\" id=\"audio-325168-15\" preload=\"none\" style=\"width: 100%;\" controls=\"controls\"><source type=\"audio\/mpeg\" src=\"https:\/\/www.radiopiu.net\/wordpress\/wp-content\/uploads\/2023\/03\/FILIPPO-CANCEL-SARMEDE.mp3?_=15\" \/><a href=\"https:\/\/www.radiopiu.net\/wordpress\/wp-content\/uploads\/2023\/03\/FILIPPO-CANCEL-SARMEDE.mp3\">https:\/\/www.radiopiu.net\/wordpress\/wp-content\/uploads\/2023\/03\/FILIPPO-CANCEL-SARMEDE.mp3<\/a><\/audio>\n<p>&nbsp;<\/p>\n<hr \/>\n<p>&nbsp;<\/p>\n<p><span style=\"color: #0000ff;\"><strong>SPORT INVERNALI<\/strong><\/span><\/p>\n<blockquote>\n<h3>I VIGILI DEL FUOCO BELLUNESI ADOMBRANO IL RESTO D&#8217;ITALIA<\/h3>\n<\/blockquote>\n<p><strong>MADONNA DI CAMPIGLIO<\/strong> E i nostri si sono fatti valere. I nostri sono i pompieri che hanno partecipato al 37esimo campionato dei Vigili del Fuoco di Sci Alpino, Nordico, Snowboard e Sci Alpinismo. Si sono fatti valere perch\u00e9 scorrendo la classifica societ\u00e0 (somma punti) notiamo Belluno al quarto posto davanti a Sondrio,\u00a0 anzi&#8230;poich\u00e8 le provincie di \u00a0Trento, Bolzano,\u00a0 Aosta sono provincie autonome non comprese nel Corpo Nazionale Vigili del Fuoco i bellunesi sono moralmente primi tra i Comandi, cosa non da poco, ma \u00e8 evidente dal soddisfatto volto di Franco Magrin dal palco dei vincitori (l&#8217;uomo sorridente, primo a sinistra).<\/p>\n<p><a class=\"dt-pswp-item\" href=\"https:\/\/www.radiopiu.net\/wordpress\/wp-content\/uploads\/2023\/03\/b4898415-d5b8-43bd-832e-c8abde9c05b4.jpg\" data-dt-img-description=\"\" data-large_image_width=\"1600\" data-large_image_height=\"1200\"><img loading=\"lazy\" decoding=\"async\" class=\"alignnone wp-image-325335 size-full\" src=\"https:\/\/www.radiopiu.net\/wordpress\/wp-content\/uploads\/2023\/03\/b4898415-d5b8-43bd-832e-c8abde9c05b4.jpg\" alt=\"\" width=\"1600\" height=\"1200\" srcset=\"https:\/\/www.radiopiu.net\/wordpress\/wp-content\/uploads\/2023\/03\/b4898415-d5b8-43bd-832e-c8abde9c05b4.jpg 1600w, https:\/\/www.radiopiu.net\/wordpress\/wp-content\/uploads\/2023\/03\/b4898415-d5b8-43bd-832e-c8abde9c05b4-300x225.jpg 300w, https:\/\/www.radiopiu.net\/wordpress\/wp-content\/uploads\/2023\/03\/b4898415-d5b8-43bd-832e-c8abde9c05b4-1024x768.jpg 1024w, https:\/\/www.radiopiu.net\/wordpress\/wp-content\/uploads\/2023\/03\/b4898415-d5b8-43bd-832e-c8abde9c05b4-768x576.jpg 768w, https:\/\/www.radiopiu.net\/wordpress\/wp-content\/uploads\/2023\/03\/b4898415-d5b8-43bd-832e-c8abde9c05b4-1536x1152.jpg 1536w\" sizes=\"auto, (max-width: 1600px) 100vw, 1600px\" \/><\/a><\/p>\n<p>Con la gara di fondo al Campo Carlo Magno e la gara di snowboard sulla pista di Patascoss, sono terminate le competizioni della 37a edizione dei Campionati Italiani VV.F. di sci, svoltisi tra Pinzolo e Madonna di Campiglio. I 37esimi Campionati Italiani VV.F. di sci\u00a0 nelle quattro specialit\u00e0 previste, hanno visto la partecipazione di circa 1200 atleti,\u00a0 \u00a0800 vigili del fuoco accorsi dalle varie regioni d&#8217;Italia e gli oltre 400 vigili del fuoco volontari trentini presenti. Il sipario \u00e8 calato sabato in piazza Carera a Pinzolo, dove si \u00e8 svolta la cerimonia di premiazione finale, nella quale sono stati premiati prima i vincitori individuali della combinata e poi le squadre classificatesi ai primi dieci posti, sulle 81 partecipanti.<\/p>\n<p><strong>I BELLUNESI CON LA MEDAGLIA AL COLLO:<\/strong> 3 Andrea Palla (combinata B); 2 Marcello De Martin Bianco (Alpinismo A); 2 Olivo Da Pra\u00a0 (Alpinismo C); 3. Sandro Salvador (Alpinismo C) 3. Gianpiero Slongo (Alpinismo E) 1 Claudio Della Vecchia (Snovboard D);\u00a0 1 Roberto Magrin (Snowboard B); 3 Fabio Bonifacio (Slalom gigante C); 3 Igor Romanin (Slalom gigante C); 2 Marcello De Martin Bianco (Nordico A); 2 Olivo Da Pra\u00a0 (Nordico C)<\/p>\n<p>LE CLASSIFICHE<\/p>\n<a href=\"https:\/\/www.radiopiu.net\/wordpress\/wp-content\/uploads\/2023\/03\/Classifiche-del-Campionato.pdf\" class=\"pdfemb-viewer\" style=\"\" data-width=\"max\" data-height=\"max\" data-toolbar=\"top\" data-toolbar-fixed=\"on\">Classifiche del Campionato<\/a>\n<p>&nbsp;<\/p>\n<hr \/>\n<p>&nbsp;<\/p>\n<p><span style=\"color: #0000ff;\"><strong>BIATHLON<\/strong><\/span><\/p>\n<blockquote>\n<h3>TRICOLORI DI BIATHLON: UN BRONZO PER LE RAGAZZE DELLO SCI CLUB VAL BIOIS<\/h3>\n<\/blockquote>\n<p><strong><a class=\"dt-pswp-item\" href=\"https:\/\/www.radiopiu.net\/wordpress\/wp-content\/uploads\/2023\/03\/fisi-veneto-biathlon-ragazzi-allievi-camp-ita-anterselva-05.03.2023-PODIO-ALLIEVE-1.jpg\" data-dt-img-description=\"\" data-large_image_width=\"1057\" data-large_image_height=\"705\"><img loading=\"lazy\" decoding=\"async\" class=\" wp-image-325319 alignleft\" src=\"https:\/\/www.radiopiu.net\/wordpress\/wp-content\/uploads\/2023\/03\/fisi-veneto-biathlon-ragazzi-allievi-camp-ita-anterselva-05.03.2023-PODIO-ALLIEVE-1-300x200.jpg\" alt=\"\" width=\"180\" height=\"120\" srcset=\"https:\/\/www.radiopiu.net\/wordpress\/wp-content\/uploads\/2023\/03\/fisi-veneto-biathlon-ragazzi-allievi-camp-ita-anterselva-05.03.2023-PODIO-ALLIEVE-1-300x200.jpg 300w, https:\/\/www.radiopiu.net\/wordpress\/wp-content\/uploads\/2023\/03\/fisi-veneto-biathlon-ragazzi-allievi-camp-ita-anterselva-05.03.2023-PODIO-ALLIEVE-1-1024x683.jpg 1024w, https:\/\/www.radiopiu.net\/wordpress\/wp-content\/uploads\/2023\/03\/fisi-veneto-biathlon-ragazzi-allievi-camp-ita-anterselva-05.03.2023-PODIO-ALLIEVE-1-768x512.jpg 768w, https:\/\/www.radiopiu.net\/wordpress\/wp-content\/uploads\/2023\/03\/fisi-veneto-biathlon-ragazzi-allievi-camp-ita-anterselva-05.03.2023-PODIO-ALLIEVE-1.jpg 1057w\" sizes=\"auto, (max-width: 180px) 100vw, 180px\" \/><\/a>ANTERSELVA (BZ) <\/strong>Lisa Ganz, Caterina Valt e Arianna Micheluzzi (tutte e tre dello Sci club Val Biois) hanno conquistato il bronzo nella giornata conclusiva dei Tricolori di Biathlon andati in scena ad Anterselva nel fine settimana. Ottima prestazione delle ragazze agordine nella gara valida per la categoria allieve. Grande soddisfazione per la spedizione regionale guidata dal presidente della commissione di specialit\u00e0, Celso Chenet.<\/p>\n<p><strong>PER LA CLASSIFICA <a href=\"https:\/\/www.fisiveneto.com\/2023\/03\/05\/biathlon-dai-tricolori-di-anterselva-arriva-uno-splendido-bronzo\/\">CLICCA QUI\u00a0<\/a><\/strong><\/p>\n<p>&nbsp;<\/p>\n<p>&nbsp;<\/p>\n","protected":false},"excerpt":{"rendered":"<p>RADIO PIU INFORMAZIONE il canale su TELEGRAM informazione di prima\u00a0 mano e in tempo reale. iscriviti ed aiutaci a farlo conoscere\u00a0 \u00a0 \u00a0 ISCRIVITI AL NOSTRO CANALE YOUTUBE PER SEGUIRE IN DIRETTA I PRINCIPALI PROGRAMMI DI RADIO PIU&#8217; E LE FUTURE DIRETTE IN ESTERNA. PER ISCRIVERTI CLICCA QUI E PREMI IL TASTO &#8220;Iscriviti&#8221;\u00a0 &nbsp; &nbsp;&hellip;<\/p>\n","protected":false},"author":4,"featured_media":325234,"comment_status":"closed","ping_status":"closed","sticky":false,"template":"","format":"standard","meta":{"_monsterinsights_skip_tracking":false,"_monsterinsights_sitenote_active":false,"_monsterinsights_sitenote_note":"","_monsterinsights_sitenote_category":0,"footnotes":""},"categories":[51,86,49],"tags":[],"class_list":["post-325168","post","type-post","status-publish","format-standard","has-post-thumbnail","hentry","category-evidenza-top","category-gr","category-news-18","category-51","category-86","category-49","description-off"],"img_url":"https:\/\/www.radiopiu.net\/wordpress\/wp-content\/uploads\/2023\/03\/ef0d2423-7ddc-4410-b532-6b23a09acc33.jpg","_links":{"self":[{"href":"https:\/\/www.radiopiu.net\/wordpress\/wp-json\/wp\/v2\/posts\/325168","targetHints":{"allow":["GET"]}}],"collection":[{"href":"https:\/\/www.radiopiu.net\/wordpress\/wp-json\/wp\/v2\/posts"}],"about":[{"href":"https:\/\/www.radiopiu.net\/wordpress\/wp-json\/wp\/v2\/types\/post"}],"author":[{"embeddable":true,"href":"https:\/\/www.radiopiu.net\/wordpress\/wp-json\/wp\/v2\/users\/4"}],"replies":[{"embeddable":true,"href":"https:\/\/www.radiopiu.net\/wordpress\/wp-json\/wp\/v2\/comments?post=325168"}],"version-history":[{"count":0,"href":"https:\/\/www.radiopiu.net\/wordpress\/wp-json\/wp\/v2\/posts\/325168\/revisions"}],"wp:featuredmedia":[{"embeddable":true,"href":"https:\/\/www.radiopiu.net\/wordpress\/wp-json\/wp\/v2\/media\/325234"}],"wp:attachment":[{"href":"https:\/\/www.radiopiu.net\/wordpress\/wp-json\/wp\/v2\/media?parent=325168"}],"wp:term":[{"taxonomy":"category","embeddable":true,"href":"https:\/\/www.radiopiu.net\/wordpress\/wp-json\/wp\/v2\/categories?post=325168"},{"taxonomy":"post_tag","embeddable":true,"href":"https:\/\/www.radiopiu.net\/wordpress\/wp-json\/wp\/v2\/tags?post=325168"}],"curies":[{"name":"wp","href":"https:\/\/api.w.org\/{rel}","templated":true}]}}