{"id":325245,"date":"2023-03-06T01:00:19","date_gmt":"2023-03-06T00:00:19","guid":{"rendered":"https:\/\/www.radiopiu.net\/wordpress\/?p=325245"},"modified":"2023-03-07T06:26:17","modified_gmt":"2023-03-07T05:26:17","slug":"giorgio-perlasca-a-canale-dagordo","status":"publish","type":"post","link":"https:\/\/www.radiopiu.net\/wordpress\/giorgio-perlasca-a-canale-dagordo\/","title":{"rendered":"GIORGIO PERLASCA A CANALE D&#8217;AGORDO"},"content":{"rendered":"<p>&nbsp;<\/p>\n<p>&nbsp;<\/p>\n<p>di Marilisa Luchetta<\/p>\n<p><strong><a class=\"dt-pswp-item\" href=\"https:\/\/www.radiopiu.net\/wordpress\/wp-content\/uploads\/2023\/03\/Senza-nome-24.jpg\" data-dt-img-description=\"\" data-large_image_width=\"618\" data-large_image_height=\"463\"><img loading=\"lazy\" decoding=\"async\" class=\"size-medium wp-image-325246 alignleft\" src=\"https:\/\/www.radiopiu.net\/wordpress\/wp-content\/uploads\/2023\/03\/Senza-nome-24-300x225.jpg\" alt=\"\" width=\"300\" height=\"225\" srcset=\"https:\/\/www.radiopiu.net\/wordpress\/wp-content\/uploads\/2023\/03\/Senza-nome-24-300x225.jpg 300w, https:\/\/www.radiopiu.net\/wordpress\/wp-content\/uploads\/2023\/03\/Senza-nome-24.jpg 618w\" sizes=\"auto, (max-width: 300px) 100vw, 300px\" \/><\/a>CANALE D&#8217;AGORDO<\/strong> Gioved\u00ec 16 marzo alle 20.30, nella Sala Emigranti di Canale d\u2019Agordo in via Lotta, ci sar\u00e0 l\u2019occasione di conoscere la straordinaria vicenda di Giorgio Perlasca, un commerciante italiano che, praticamente da solo, nell\u2019inverno 1944\/\u201945, salv\u00f2 la vita a pi\u00f9 di 5000 ebrei ungheresi strappandoli alla deportazione nazista nei lager. ll figlio Franco infatti testimonier\u00e0 l\u2019impresa del padre che a Budapest, inventandosi il ruolo di Console generale spagnolo, riusc\u00ec a trovare soluzioni ardite e rischiose per evitare a cos\u00ec tante persone la terribile esperienza della persecuzione nazista della Shoah. Tornato in Italia dopo la guerra, Giorgio non racconta a nessuno la sua storia. Solo alla fine degli anni Ottanta la sua vicenda viene alla luce grazie ad alcune donne ungheresi sopravissute a quel terribile inverno che cercano il Console loro salvatore. Le ricerche in Spagna non approdano a nulla ma le donne non demordono ed alla fine trovano Perlasca. Il nome di Giorgio Perlasca \u00e8 annoverato a Gerusalemme tra quelli dei \u201cGiusti fra le Nazioni\u201d. E un albero a suo ricordo \u00e8 piantato sulle colline che circondano il Museo dello Yad Vashem. A chi gli chiedeva il perch\u00e9 del suo comportamento, lui rispondeva di aver fatto semplicemente il suo dovere, di fronte a tanto orrore. La sua testimonianza afferma che, per ogni individuo, \u00e8 sempre possibile fare delle scelte alternative anche nelle situazioni peggiori. Nel pomeriggio della stessa giornata la Fondazione Perlasca, nella persona del figlio Franco con la moglie, si intratterr\u00e0 per due ore con i ragazzi della scuola Media che con la loro insegnante si stanno preparando all\u2019importante incontro. Organizzazione a cura delle Biblioteche della Valle del Biois con la Pro Loco di Canale, con il patrocinio del comune di Canale d\u2019Agordo e dell\u2019Associazione Libera Agordino, contributo di Cassa Rurale Dolomiti e Birreria Costa.<\/p>\n<p>&nbsp;<\/p>\n<p>&nbsp;<\/p>\n<hr \/>\n<p>&nbsp;<\/p>\n","protected":false},"excerpt":{"rendered":"<p>&nbsp; &nbsp; di Marilisa Luchetta CANALE D&#8217;AGORDO Gioved\u00ec 16 marzo alle 20.30, nella Sala Emigranti di Canale d\u2019Agordo in via Lotta, ci sar\u00e0 l\u2019occasione di conoscere la straordinaria vicenda di Giorgio Perlasca, un commerciante italiano che, praticamente da solo, nell\u2019inverno 1944\/\u201945, salv\u00f2 la vita a pi\u00f9 di 5000 ebrei ungheresi strappandoli alla deportazione nazista nei&hellip;<\/p>\n","protected":false},"author":4,"featured_media":325246,"comment_status":"closed","ping_status":"closed","sticky":false,"template":"","format":"standard","meta":{"_monsterinsights_skip_tracking":false,"_monsterinsights_sitenote_active":false,"_monsterinsights_sitenote_note":"","_monsterinsights_sitenote_category":0,"footnotes":""},"categories":[104,49],"tags":[],"class_list":["post-325245","post","type-post","status-publish","format-standard","has-post-thumbnail","hentry","category-evidenza_3","category-news-18","category-104","category-49","description-off"],"img_url":"https:\/\/www.radiopiu.net\/wordpress\/wp-content\/uploads\/2023\/03\/Senza-nome-24.jpg","_links":{"self":[{"href":"https:\/\/www.radiopiu.net\/wordpress\/wp-json\/wp\/v2\/posts\/325245","targetHints":{"allow":["GET"]}}],"collection":[{"href":"https:\/\/www.radiopiu.net\/wordpress\/wp-json\/wp\/v2\/posts"}],"about":[{"href":"https:\/\/www.radiopiu.net\/wordpress\/wp-json\/wp\/v2\/types\/post"}],"author":[{"embeddable":true,"href":"https:\/\/www.radiopiu.net\/wordpress\/wp-json\/wp\/v2\/users\/4"}],"replies":[{"embeddable":true,"href":"https:\/\/www.radiopiu.net\/wordpress\/wp-json\/wp\/v2\/comments?post=325245"}],"version-history":[{"count":0,"href":"https:\/\/www.radiopiu.net\/wordpress\/wp-json\/wp\/v2\/posts\/325245\/revisions"}],"wp:featuredmedia":[{"embeddable":true,"href":"https:\/\/www.radiopiu.net\/wordpress\/wp-json\/wp\/v2\/media\/325246"}],"wp:attachment":[{"href":"https:\/\/www.radiopiu.net\/wordpress\/wp-json\/wp\/v2\/media?parent=325245"}],"wp:term":[{"taxonomy":"category","embeddable":true,"href":"https:\/\/www.radiopiu.net\/wordpress\/wp-json\/wp\/v2\/categories?post=325245"},{"taxonomy":"post_tag","embeddable":true,"href":"https:\/\/www.radiopiu.net\/wordpress\/wp-json\/wp\/v2\/tags?post=325245"}],"curies":[{"name":"wp","href":"https:\/\/api.w.org\/{rel}","templated":true}]}}