{"id":325258,"date":"2023-03-07T05:43:59","date_gmt":"2023-03-07T04:43:59","guid":{"rendered":"https:\/\/www.radiopiu.net\/wordpress\/?p=325258"},"modified":"2023-03-07T06:24:38","modified_gmt":"2023-03-07T05:24:38","slug":"galleria-pala-rossa-di-lamon-avviati-i-lavori","status":"publish","type":"post","link":"https:\/\/www.radiopiu.net\/wordpress\/galleria-pala-rossa-di-lamon-avviati-i-lavori\/","title":{"rendered":"GALLERIA \u201cPALA ROSSA\u201d DI LAMON, AVVIATI I LAVORI"},"content":{"rendered":"<p><strong>VENEZIA<\/strong> \u201cOggi diamo il via ad un\u2019opera la cui realizzazione si tradurr\u00e0, una volta completata, in un miglioramento della viabilit\u00e0 del territorio sia in termini di sicurezza, sia in fatto di volumi di traffico, sia per qualit\u00e0 della circolazione, guardando sia al cittadino sia al turista&#8221;. Cos\u00ec la Vicepresidente e Assessore alle Infrastrutture e Trasporti della Regione Elisa De Berti presente in mattinata all\u2019avvio dei lavori di realizzazione della galleria Pala Rossa e dell\u2019adeguamento del piano viabile della SR 50 \u201cDel Grappa e Passo Rolle\u201d in comune di Lamon (BL), dal km 52+900 al km 54+250.\u00a0 La S.R. 50 rappresenta il principale collegamento tra la zona del Feltrino, la Bassa Valbelluna e l\u2019Alto Trevigiano con il Primiero (Trentino-Alto Adige). Inizia a Fonzaso (in Provincia di Belluno), dopo circa 15 km attraversa il confine regionale e termina a Predazzo (in Provincia di Trento). Lo scopo dell\u2019intervento \u00e8 quello di migliorare sia i collegamenti interni all\u2019area coinvolta che i collegamenti interregionali tra Veneto e Trentino-Alto Adige, risolvendo le attuali criticit\u00e0 relative a geometria stradale e sicurezza, vista anche la presenza di un\u2019ampia parete rocciosa verticale. Secondo il progetto definitivo redatto da Veneto Strade, l\u2019opera sar\u00e0 lunga 950 m, di cui 85 m in galleria artificiale presso l\u2019imbocco sud e 17,50 m in artificiale presso l\u2019imbocco nord; sar\u00e0 dotata, tra gli altri, di impianti di illuminazione, ventilazione longitudinale, spegnimento idrico antincendio, monitoraggio delle condizioni ambientali all\u2019interno della galleria e semaforico agli imbocchi. E\u2019 prevista la realizzazione di due piazzole, una per ogni senso di marcia, di cui una collegata all\u2019esterno attraverso un percorso accessibile ai mezzi di soccorso. L\u2019opera prevede, inoltre, la realizzazione di due piccole deviazioni provvisorie, in corrispondenza degli imbocchi sud e nord, e in particolare tra le progressive km 53+000 e km 53+250 (imbocco sud) e tra le progressive km 54+100 e km 54+250 (imbocco nord), per consentire proprio la realizzazione dell\u2019opera, evitando l&#8217;interferenza tra traffico e cantieri. Il costo dell\u2019opera, il cui importo lavori \u00e8 pari a 17.229.823 euro, ammonta a 25 milioni di euro: di questi, 9 milioni sono a carico della provincia di Trento, 8.010.000 euro sono erogati dalla provincia di Belluno attraverso il Fondo Comuni Confinanti e 8.000.000 euro sono stanziati da ANAS. A seguito dell\u2019aumento dei costi delle materie prime, l\u2019importo complessivo \u00e8 pari a 31.784.557,60 euro. Il tempo contrattuale per completare l\u2019opera \u00e8 pari a 480 giorni: il termine per la realizzazione \u00e8 fissato per l\u2019estate del 2024.<\/p>\n<p><strong>L&#8217;ASSESSORE REGIONALE GIANPAOLO BOTTACIN<\/strong><\/p>\n<audio class=\"wp-audio-shortcode\" id=\"audio-325258-1\" preload=\"none\" style=\"width: 100%;\" controls=\"controls\"><source type=\"audio\/mpeg\" src=\"https:\/\/www.radiopiu.net\/wordpress\/wp-content\/uploads\/2023\/03\/BOTTACIN-GALLERIA-PALA-ROSSA.mp3?_=1\" \/><a href=\"https:\/\/www.radiopiu.net\/wordpress\/wp-content\/uploads\/2023\/03\/BOTTACIN-GALLERIA-PALA-ROSSA.mp3\">https:\/\/www.radiopiu.net\/wordpress\/wp-content\/uploads\/2023\/03\/BOTTACIN-GALLERIA-PALA-ROSSA.mp3<\/a><\/audio>\n<p>&nbsp;<\/p>\n\n\t\t\t<style type='text\/css'>\n\t\t\t\t#gallery-1 {\n\t\t\t\t\tmargin: auto;\n\t\t\t\t}\n\t\t\t\t#gallery-1 .gallery-item {\n\t\t\t\t\tfloat: left;\n\t\t\t\t\tmargin-top: 10px;\n\t\t\t\t\ttext-align: center;\n\t\t\t\t\twidth: 33%;\n\t\t\t\t}\n\t\t\t\t#gallery-1 img {\n\t\t\t\t\tborder: 2px solid #cfcfcf;\n\t\t\t\t}\n\t\t\t\t#gallery-1 .gallery-caption {\n\t\t\t\t\tmargin-left: 0;\n\t\t\t\t}\n\t\t\t\t\/* see gallery_shortcode() in wp-includes\/media.php *\/\n\t\t\t<\/style>\n\t\t<div id='gallery-1' class='dt-gallery-container gallery galleryid-325258 gallery-columns-3 gallery-size-medium'><dl class='gallery-item'>\n\t\t\t\t<dt class='gallery-icon landscape'>\n\t\t\t\t\t<a class=\"rollover rollover-zoom dt-pswp-item\" title=\"Pala Rossa (2)\" data-dt-img-description=\"\" data-large_image_width=\"2048\" data-large_image_height=\"1536\"href='https:\/\/www.radiopiu.net\/wordpress\/wp-content\/uploads\/2023\/03\/Pala-Rossa-2.jpeg'><img loading=\"lazy\" decoding=\"async\" width=\"300\" height=\"225\" src=\"https:\/\/www.radiopiu.net\/wordpress\/wp-content\/uploads\/2023\/03\/Pala-Rossa-2-300x225.jpeg\" class=\"attachment-medium size-medium\" alt=\"\" srcset=\"https:\/\/www.radiopiu.net\/wordpress\/wp-content\/uploads\/2023\/03\/Pala-Rossa-2-300x225.jpeg 300w, https:\/\/www.radiopiu.net\/wordpress\/wp-content\/uploads\/2023\/03\/Pala-Rossa-2-1024x768.jpeg 1024w, https:\/\/www.radiopiu.net\/wordpress\/wp-content\/uploads\/2023\/03\/Pala-Rossa-2-768x576.jpeg 768w, https:\/\/www.radiopiu.net\/wordpress\/wp-content\/uploads\/2023\/03\/Pala-Rossa-2-1536x1152.jpeg 1536w, https:\/\/www.radiopiu.net\/wordpress\/wp-content\/uploads\/2023\/03\/Pala-Rossa-2.jpeg 2048w\" sizes=\"auto, (max-width: 300px) 100vw, 300px\" \/><\/a>\n\t\t\t\t<\/dt><\/dl><dl class='gallery-item'>\n\t\t\t\t<dt class='gallery-icon landscape'>\n\t\t\t\t\t<a class=\"rollover rollover-zoom dt-pswp-item\" title=\"Pala Rossa (5)\" data-dt-img-description=\"\" data-large_image_width=\"2048\" data-large_image_height=\"1536\"href='https:\/\/www.radiopiu.net\/wordpress\/wp-content\/uploads\/2023\/03\/Pala-Rossa-5.jpeg'><img loading=\"lazy\" decoding=\"async\" width=\"300\" height=\"225\" src=\"https:\/\/www.radiopiu.net\/wordpress\/wp-content\/uploads\/2023\/03\/Pala-Rossa-5-300x225.jpeg\" class=\"attachment-medium size-medium\" alt=\"\" srcset=\"https:\/\/www.radiopiu.net\/wordpress\/wp-content\/uploads\/2023\/03\/Pala-Rossa-5-300x225.jpeg 300w, https:\/\/www.radiopiu.net\/wordpress\/wp-content\/uploads\/2023\/03\/Pala-Rossa-5-1024x768.jpeg 1024w, https:\/\/www.radiopiu.net\/wordpress\/wp-content\/uploads\/2023\/03\/Pala-Rossa-5-768x576.jpeg 768w, https:\/\/www.radiopiu.net\/wordpress\/wp-content\/uploads\/2023\/03\/Pala-Rossa-5-1536x1152.jpeg 1536w, https:\/\/www.radiopiu.net\/wordpress\/wp-content\/uploads\/2023\/03\/Pala-Rossa-5.jpeg 2048w\" sizes=\"auto, (max-width: 300px) 100vw, 300px\" \/><\/a>\n\t\t\t\t<\/dt><\/dl><dl class='gallery-item'>\n\t\t\t\t<dt class='gallery-icon landscape'>\n\t\t\t\t\t<a class=\"rollover rollover-zoom dt-pswp-item\" title=\"Pala Rossa (4)\" data-dt-img-description=\"\" data-large_image_width=\"2048\" data-large_image_height=\"1536\"href='https:\/\/www.radiopiu.net\/wordpress\/wp-content\/uploads\/2023\/03\/Pala-Rossa-4.jpeg'><img loading=\"lazy\" decoding=\"async\" width=\"300\" height=\"225\" src=\"https:\/\/www.radiopiu.net\/wordpress\/wp-content\/uploads\/2023\/03\/Pala-Rossa-4-300x225.jpeg\" class=\"attachment-medium size-medium\" alt=\"\" srcset=\"https:\/\/www.radiopiu.net\/wordpress\/wp-content\/uploads\/2023\/03\/Pala-Rossa-4-300x225.jpeg 300w, https:\/\/www.radiopiu.net\/wordpress\/wp-content\/uploads\/2023\/03\/Pala-Rossa-4-1024x768.jpeg 1024w, https:\/\/www.radiopiu.net\/wordpress\/wp-content\/uploads\/2023\/03\/Pala-Rossa-4-768x576.jpeg 768w, https:\/\/www.radiopiu.net\/wordpress\/wp-content\/uploads\/2023\/03\/Pala-Rossa-4-1536x1152.jpeg 1536w, https:\/\/www.radiopiu.net\/wordpress\/wp-content\/uploads\/2023\/03\/Pala-Rossa-4.jpeg 2048w\" sizes=\"auto, (max-width: 300px) 100vw, 300px\" \/><\/a>\n\t\t\t\t<\/dt><\/dl><br style=\"clear: both\" \/>\n\t\t\t<\/div>\n\n<p>&nbsp;<\/p>\n<p>&nbsp;<\/p>\n<p>*****<\/p>\n","protected":false},"excerpt":{"rendered":"<p>VENEZIA \u201cOggi diamo il via ad un\u2019opera la cui realizzazione si tradurr\u00e0, una volta completata, in un miglioramento della viabilit\u00e0 del territorio sia in termini di sicurezza, sia in fatto di volumi di traffico, sia per qualit\u00e0 della circolazione, guardando sia al cittadino sia al turista&#8221;. Cos\u00ec la Vicepresidente e Assessore alle Infrastrutture e Trasporti&hellip;<\/p>\n","protected":false},"author":4,"featured_media":325259,"comment_status":"closed","ping_status":"closed","sticky":false,"template":"","format":"standard","meta":{"_monsterinsights_skip_tracking":false,"_monsterinsights_sitenote_active":false,"_monsterinsights_sitenote_note":"","_monsterinsights_sitenote_category":0,"footnotes":""},"categories":[51,49],"tags":[],"class_list":["post-325258","post","type-post","status-publish","format-standard","has-post-thumbnail","hentry","category-evidenza-top","category-news-18","category-51","category-49","description-off"],"img_url":"https:\/\/www.radiopiu.net\/wordpress\/wp-content\/uploads\/2023\/03\/Pala-Rossa-2.jpeg","_links":{"self":[{"href":"https:\/\/www.radiopiu.net\/wordpress\/wp-json\/wp\/v2\/posts\/325258","targetHints":{"allow":["GET"]}}],"collection":[{"href":"https:\/\/www.radiopiu.net\/wordpress\/wp-json\/wp\/v2\/posts"}],"about":[{"href":"https:\/\/www.radiopiu.net\/wordpress\/wp-json\/wp\/v2\/types\/post"}],"author":[{"embeddable":true,"href":"https:\/\/www.radiopiu.net\/wordpress\/wp-json\/wp\/v2\/users\/4"}],"replies":[{"embeddable":true,"href":"https:\/\/www.radiopiu.net\/wordpress\/wp-json\/wp\/v2\/comments?post=325258"}],"version-history":[{"count":0,"href":"https:\/\/www.radiopiu.net\/wordpress\/wp-json\/wp\/v2\/posts\/325258\/revisions"}],"wp:featuredmedia":[{"embeddable":true,"href":"https:\/\/www.radiopiu.net\/wordpress\/wp-json\/wp\/v2\/media\/325259"}],"wp:attachment":[{"href":"https:\/\/www.radiopiu.net\/wordpress\/wp-json\/wp\/v2\/media?parent=325258"}],"wp:term":[{"taxonomy":"category","embeddable":true,"href":"https:\/\/www.radiopiu.net\/wordpress\/wp-json\/wp\/v2\/categories?post=325258"},{"taxonomy":"post_tag","embeddable":true,"href":"https:\/\/www.radiopiu.net\/wordpress\/wp-json\/wp\/v2\/tags?post=325258"}],"curies":[{"name":"wp","href":"https:\/\/api.w.org\/{rel}","templated":true}]}}