{"id":325333,"date":"2023-03-08T05:43:10","date_gmt":"2023-03-08T04:43:10","guid":{"rendered":"https:\/\/www.radiopiu.net\/wordpress\/?p=325333"},"modified":"2023-03-08T09:42:48","modified_gmt":"2023-03-08T08:42:48","slug":"giornale-radiopiu-08-marzo-2023-direttore-mirko-mezzacasa-verso-i-40-anni-25-giugno-1983-25-giugno-2023","status":"publish","type":"post","link":"https:\/\/www.radiopiu.net\/wordpress\/giornale-radiopiu-08-marzo-2023-direttore-mirko-mezzacasa-verso-i-40-anni-25-giugno-1983-25-giugno-2023\/","title":{"rendered":"GIORNALE RADIOPIU 08 MARZO 2023 DIRETTORE MIRKO MEZZACASA&#8230;verso i 40 anni 25 giugno 1983-25 giugno 2023"},"content":{"rendered":"<h3 class=\"kvgmc6g5 cxmmr5t8 oygrvhab hcukyx3x c1et5uql\"><span style=\"color: #0000ff;\"><strong>RADIO PIU INFORMAZIONE il canale su TELEGRAM informazione di prima\u00a0 <\/strong><strong>mano e in tempo reale. iscriviti ed aiutaci a farlo conoscere\u00a0 \u00a0 \u00a0<\/strong><\/span><\/h3>\n<p>&nbsp;<\/p>\n<p><a class=\"dt-pswp-item\" href=\"https:\/\/www.radiopiu.net\/wordpress\/wp-content\/uploads\/2023\/03\/ea5bfe77-1a9e-496b-8c07-8d1164a69597-300x225-1.jpg\" data-dt-img-description=\"\" data-large_image_width=\"300\" data-large_image_height=\"225\"><img loading=\"lazy\" decoding=\"async\" class=\"size-full wp-image-325408 aligncenter\" src=\"https:\/\/www.radiopiu.net\/wordpress\/wp-content\/uploads\/2023\/03\/ea5bfe77-1a9e-496b-8c07-8d1164a69597-300x225-1.jpg\" alt=\"\" width=\"300\" height=\"225\" \/><\/a><\/p>\n<p><strong>AUDIO<\/strong><\/p>\n<audio class=\"wp-audio-shortcode\" id=\"audio-325333-1\" preload=\"none\" style=\"width: 100%;\" controls=\"controls\"><source type=\"audio\/mpeg\" src=\"https:\/\/www.radiopiu.net\/wordpress\/wp-content\/uploads\/2023\/03\/JOHN.mp3?_=1\" \/><a href=\"https:\/\/www.radiopiu.net\/wordpress\/wp-content\/uploads\/2023\/03\/JOHN.mp3\">https:\/\/www.radiopiu.net\/wordpress\/wp-content\/uploads\/2023\/03\/JOHN.mp3<\/a><\/audio>\n<p><strong>\u00a0<\/strong><\/p>\n<p><strong>8 MARZO<\/strong><br \/>\n<strong>di John Francis Della Pietra<\/strong><br \/>\nAi primi di questo mese<br \/>\nL inverno inizia a far le spese<br \/>\nNel cielo cominciano a trasparire<br \/>\nI segni d una primavera che presto vorr\u00e0 venire<br \/>\nSugl assolati pendii<br \/>\nDella neve si vedono gl addii<br \/>\nSpunta timido qualche piccolo fiore<br \/>\nFrizzano nel profondo sopiti umori<br \/>\nSui rami d un salice spuntano le gemme<br \/>\nSi schiudono come fiocchi di cotone lemme lemme<br \/>\nAnche lo spirito sembra rinascere<br \/>\nE di questa nuova stagione si sa pascere<br \/>\nCos\u00ec dal cuore<br \/>\nPer loro parte un palpito d amore<br \/>\nSi finalmente m esce dalla testa<br \/>\n\u00c8 la loro festa<br \/>\nOgni figlia mamma o nonna<br \/>\nRiluce nel suo esser donna<br \/>\nBrillano di gioia i loro occhi<br \/>\nMentre si preparano con delicati tocchi<br \/>\nUn immensa meravigliosa moltitudine<br \/>\nA loro va la nostra gratitudine<br \/>\nIn jeans o gonne<br \/>\nOggi sugli scudi siete voi amate donne&#8230;<\/p>\n<p><strong>LA NOSTRA&#8230;. MIMOSA<\/strong><\/p>\n\n\t\t\t<style type='text\/css'>\n\t\t\t\t#gallery-1 {\n\t\t\t\t\tmargin: auto;\n\t\t\t\t}\n\t\t\t\t#gallery-1 .gallery-item {\n\t\t\t\t\tfloat: left;\n\t\t\t\t\tmargin-top: 10px;\n\t\t\t\t\ttext-align: center;\n\t\t\t\t\twidth: 33%;\n\t\t\t\t}\n\t\t\t\t#gallery-1 img {\n\t\t\t\t\tborder: 2px solid #cfcfcf;\n\t\t\t\t}\n\t\t\t\t#gallery-1 .gallery-caption {\n\t\t\t\t\tmargin-left: 0;\n\t\t\t\t}\n\t\t\t\t\/* see gallery_shortcode() in wp-includes\/media.php *\/\n\t\t\t<\/style>\n\t\t<div id='gallery-1' class='dt-gallery-container gallery galleryid-325333 gallery-columns-3 gallery-size-thumbnail'><dl class='gallery-item'>\n\t\t\t\t<dt class='gallery-icon landscape'>\n\t\t\t\t\t<a class=\"rollover rollover-zoom dt-pswp-item\" title=\"bf3df771-ffc5-4c46-a9a2-c14a4e7ec126\" data-dt-img-description=\"\" data-large_image_width=\"1600\" data-large_image_height=\"1200\"href='https:\/\/www.radiopiu.net\/wordpress\/wp-content\/uploads\/2023\/03\/bf3df771-ffc5-4c46-a9a2-c14a4e7ec126.jpg'><img loading=\"lazy\" decoding=\"async\" width=\"150\" height=\"150\" src=\"https:\/\/www.radiopiu.net\/wordpress\/wp-content\/uploads\/2023\/03\/bf3df771-ffc5-4c46-a9a2-c14a4e7ec126-150x150.jpg\" class=\"attachment-thumbnail size-thumbnail\" alt=\"\" \/><\/a>\n\t\t\t\t<\/dt><\/dl><dl class='gallery-item'>\n\t\t\t\t<dt class='gallery-icon landscape'>\n\t\t\t\t\t<a class=\"rollover rollover-zoom dt-pswp-item\" title=\"35467315-e1e1-4424-9df1-a12bc25ac87c\" data-dt-img-description=\"\" data-large_image_width=\"2000\" data-large_image_height=\"1500\"href='https:\/\/www.radiopiu.net\/wordpress\/wp-content\/uploads\/2023\/03\/35467315-e1e1-4424-9df1-a12bc25ac87c.jpg'><img loading=\"lazy\" decoding=\"async\" width=\"150\" height=\"150\" src=\"https:\/\/www.radiopiu.net\/wordpress\/wp-content\/uploads\/2023\/03\/35467315-e1e1-4424-9df1-a12bc25ac87c-150x150.jpg\" class=\"attachment-thumbnail size-thumbnail\" alt=\"\" \/><\/a>\n\t\t\t\t<\/dt><\/dl><dl class='gallery-item'>\n\t\t\t\t<dt class='gallery-icon landscape'>\n\t\t\t\t\t<a class=\"rollover rollover-zoom dt-pswp-item\" title=\"80ed3264-677b-4d31-af54-5301996b594a\" data-dt-img-description=\"\" data-large_image_width=\"2000\" data-large_image_height=\"1500\"href='https:\/\/www.radiopiu.net\/wordpress\/wp-content\/uploads\/2023\/03\/80ed3264-677b-4d31-af54-5301996b594a.jpg'><img loading=\"lazy\" decoding=\"async\" width=\"150\" height=\"150\" src=\"https:\/\/www.radiopiu.net\/wordpress\/wp-content\/uploads\/2023\/03\/80ed3264-677b-4d31-af54-5301996b594a-150x150.jpg\" class=\"attachment-thumbnail size-thumbnail\" alt=\"\" \/><\/a>\n\t\t\t\t<\/dt><\/dl><br style=\"clear: both\" \/>\n\t\t\t<\/div>\n\n<p>&nbsp;<\/p>\n<h2 style=\"text-align: left;\"><span style=\"color: #ff0000;\">ISCRIVITI AL NOSTRO CANALE YOUTUBE PER SEGUIRE IN DIRETTA I PRINCIPALI PROGRAMMI DI RADIO PIU&#8217; E LE FUTURE DIRETTE IN ESTERNA. PER ISCRIVERTI <a style=\"color: #ff0000;\" href=\"https:\/\/youtube.com\/@radiopiu1527\">CLICCA QUI<\/a> E PREMI IL TASTO &#8220;Iscriviti&#8221;\u00a0\u00a0<\/span><\/h2>\n<p>&nbsp;<\/p>\n<hr \/>\n<p>&nbsp;<\/p>\n<blockquote>\n<h3>8 MARZO. ZAIA, \u201cCRESCE L\u2019OCCUPAZIONE FEMMINILE IN VENETO<\/h3>\n<\/blockquote>\n<p><strong><a class=\"dt-pswp-item\" href=\"https:\/\/www.radiopiu.net\/wordpress\/wp-content\/uploads\/2022\/11\/ZAIA.jpg\" data-dt-img-description=\"\" data-large_image_width=\"1024\" data-large_image_height=\"761\"><img loading=\"lazy\" decoding=\"async\" class=\" wp-image-306973 alignleft\" src=\"https:\/\/www.radiopiu.net\/wordpress\/wp-content\/uploads\/2022\/11\/ZAIA-300x223.jpg\" alt=\"\" width=\"165\" height=\"123\" srcset=\"https:\/\/www.radiopiu.net\/wordpress\/wp-content\/uploads\/2022\/11\/ZAIA-300x223.jpg 300w, https:\/\/www.radiopiu.net\/wordpress\/wp-content\/uploads\/2022\/11\/ZAIA-768x571.jpg 768w, https:\/\/www.radiopiu.net\/wordpress\/wp-content\/uploads\/2022\/11\/ZAIA.jpg 1024w\" sizes=\"auto, (max-width: 165px) 100vw, 165px\" \/><\/a>VENEZIA <\/strong>\u201cQuando non sar\u00e0 pi\u00f9 necessario mettere in luce i progressi ottenuti nel campo delle pari opportunit\u00e0 e della parit\u00e0 di genere vorr\u00e0 dire che l\u2019impegno speso \u00e8 stato riconosciuto e non ci si far\u00e0 pi\u00f9 caso. Nel frattempo, registriamo che siamo sulla buona strada per raggiungere quel traguardo: i dati sull\u2019occupazione femminile nel Veneto sono incoraggianti e dimostrano che, sebbene la parit\u00e0 tra uomini e donne nel mondo del lavoro e del welfare non sia ancora pienamente raggiunta, il 2022 ha registrato un incremento del 17% delle assunzioni di lavoratrici rispetto al 2021\u201d. Lo dice il Presidente della Regione Veneto, Luca Zaia, in occasione dell\u20198 marzo, festa della donna. Stando ai dati diffusi da Veneto Lavoro, nel settore privato, il totale delle assunzioni femminili in Veneto nel 2022 \u00e8 stato di 260.482 (nel 2021 era stato di 221.897 e nel 2020 di 177.212). All\u2019inizio del 2023, l\u2019andamento della domanda in rapporto a gennaio 2022 ha interessato in misura maggiore la componente femminile (+7%) rispetto a quella maschile (+4%). Per quanto riguarda le imprese femminili in Veneto, i dati comunicati dalla CCIAA di Venezia Rovigo rilevano una lievissima flessione (-0.1) nel periodo 2019-2022, risultando attive 88.360 ditte, pari al 20,8% del totale delle imprese regionali.<\/p>\n<p>&nbsp;<\/p>\n<blockquote>\n<h3>ASSESSORE DONAZZAN, \u201cDONNA SEMPRE PIU\u2019 AL CENTRO DELLA VITA SOCIALE E POLITICA<\/h3>\n<\/blockquote>\n<p><strong>VENEZIA <\/strong>\u201cMai come oggi la donna \u00e8 al centro della vita sociale e politica del nostro paese dove per la prima volta celebriamo l\u20198 marzo con una premier donna. Ci\u00f2 dimostra che molto si si \u00e8 fatto e si sta facendo per puntare ad una crescita del ruolo di tutto l\u2019universo femminile nella vita di tutti i giorni. La vera partita oggi \u00e8 quella della conciliazione dei tempi di vita e di lavoro, per poter offrire a tutte le donne pari opportunit\u00e0 nella vita di tutti i giorni e mettere in atto una effettiva parit\u00e0\u201d. Cos\u00ec l\u2019assessore regionale al lavoro, istruzione, formazione e delega alle pari opportunit\u00e0 della Regione del Veneto Elena Donazzan ricorda che oggi si celebra la giornata internazionale della donna, occasione di dibattito a livello mondiale sul ruolo di tutto il genere femminile.<\/p>\n<p>&nbsp;<\/p>\n<hr \/>\n<p>&nbsp;<\/p>\n<blockquote>\n<h3>LA FIGURA DI IMELDE BOITO\u00a0 ALLA CAMERA DEI DEPUTATI<\/h3>\n<\/blockquote>\n<p><strong><a class=\"dt-pswp-item\" href=\"https:\/\/www.radiopiu.net\/wordpress\/wp-content\/uploads\/2023\/03\/Imelde_Boito.jpg\" data-dt-img-description=\"\" data-large_image_width=\"466\" data-large_image_height=\"470\"><img loading=\"lazy\" decoding=\"async\" class=\" wp-image-325469 alignleft\" src=\"https:\/\/www.radiopiu.net\/wordpress\/wp-content\/uploads\/2023\/03\/Imelde_Boito-297x300.jpg\" alt=\"\" width=\"132\" height=\"133\" srcset=\"https:\/\/www.radiopiu.net\/wordpress\/wp-content\/uploads\/2023\/03\/Imelde_Boito-297x300.jpg 297w, https:\/\/www.radiopiu.net\/wordpress\/wp-content\/uploads\/2023\/03\/Imelde_Boito-150x150.jpg 150w, https:\/\/www.radiopiu.net\/wordpress\/wp-content\/uploads\/2023\/03\/Imelde_Boito.jpg 466w\" sizes=\"auto, (max-width: 132px) 100vw, 132px\" \/><\/a>PONTE NELLE ALPI <\/strong>Anche un po\u2019 di Ponte nelle Alpi alla Camera dei deputati, dove \u00e8 stato presentato il festival \u201cL\u2019Italia delle donne\u201d. Un grande progetto capace di coinvolgere l\u2019intero Stivale, isole comprese, nell\u2019individuazione di percorsi diversi, nella narrazione dell\u2019altra met\u00e0 della Storia e dell\u2019identit\u00e0 plurale del Paese, tentando il recupero non solo di nomi, ma di personalit\u00e0 versatili. Rigorosamente al femminile. E fra loro non pu\u00f2 mancare la figura di Imelde Boito: primogenita di quattro fratelli, era nata a Polpet nel 1931 e ha legato indissolubilmente la sua vita al territorio e a un impegno civico che si \u00e8 manifestato in varie forme.<span class=\"gmail-Apple-converted-space\"> \u00a0<\/span>Paladina delle pari opportunit\u00e0, \u00e8 stata una vera e propria pioniera nel momento in cui \u00e8 entrata in consiglio comunale, con l\u2019allora sindaco Umberto Orzes: era il 1970. E ha tracciato una strada fino ad allora quasi inesplorata: una strada scandita da rispetto, educazione, ma anche da intraprendenza. Non a caso, si \u00e8 sempre battuta per far s\u00ec che le donne avessero un ruolo attivo in sedi e luoghi decisionali.<span class=\"gmail-Apple-converted-space\"> \u00a0<\/span>Proprio a Imelde Boito verr\u00e0 intitolata una via e la cerimonia \u00e8 stata inserita nella rassegna \u201cVoci di donna\u201d, promossa dal Comune di Ponte nelle Alpi. A questo proposito, la data da segnare sul calendario \u00e8 quella di sabato 25 marzo: alle 10 del mattino, nella sala Merlin della Biblioteca civica, \u00e8 in programma una conferenza arricchita dagli interventi della ricercatrice Franca Cosmai e della consigliera comunale Sabrina Dassi\u00e8. E, a seguire, \u00e8 prevista l\u2019intitolazione vera e propria della via.<span class=\"gmail-Apple-converted-space\">\u00a0<\/span><\/p>\n<p>&nbsp;<\/p>\n<p>&nbsp;<\/p>\n<hr \/>\n<p>&nbsp;<\/p>\n<blockquote>\n<h3><a class=\"dt-pswp-item\" href=\"https:\/\/www.radiopiu.net\/wordpress\/wp-content\/uploads\/2023\/03\/locandina-donne-darte.jpg\" data-dt-img-description=\"\" data-large_image_width=\"1132\" data-large_image_height=\"1600\"><img loading=\"lazy\" decoding=\"async\" class=\" wp-image-325444 alignleft\" src=\"https:\/\/www.radiopiu.net\/wordpress\/wp-content\/uploads\/2023\/03\/locandina-donne-darte-212x300.jpg\" alt=\"\" width=\"135\" height=\"191\" srcset=\"https:\/\/www.radiopiu.net\/wordpress\/wp-content\/uploads\/2023\/03\/locandina-donne-darte-212x300.jpg 212w, https:\/\/www.radiopiu.net\/wordpress\/wp-content\/uploads\/2023\/03\/locandina-donne-darte-724x1024.jpg 724w, https:\/\/www.radiopiu.net\/wordpress\/wp-content\/uploads\/2023\/03\/locandina-donne-darte-768x1086.jpg 768w, https:\/\/www.radiopiu.net\/wordpress\/wp-content\/uploads\/2023\/03\/locandina-donne-darte-1087x1536.jpg 1087w, https:\/\/www.radiopiu.net\/wordpress\/wp-content\/uploads\/2023\/03\/locandina-donne-darte.jpg 1132w\" sizes=\"auto, (max-width: 135px) 100vw, 135px\" \/><\/a>&#8220;DONNE D&#8217;ARTE&#8221; A PALAZZO FULCIS<\/h3>\n<\/blockquote>\n<p><strong>BELLUNO<\/strong> In occasione della Giornata Internazionale dei diritti della Donna, al Museo Civico di Palazzo Fulcis, alle 18:30, sar\u00e0 possibile ascoltare la lettura di alcuni brani tratti dal celebre libro \u201cLeggere Lolita a Teheran\u201d (Adelphi, 2004), della scrittrice iraniana Azar Nafisi, che racconta la sua vita come docente di Letteratura Occidentale in un\u2019universit\u00e0 iraniana all\u2019indomani della rivoluzione di Khomeini. <span dir=\"ltr\" role=\"presentation\">La lettura dei brani, da parte di Sonia Vazza, si alterner\u00e0 a interventi musicali a cura <\/span><span dir=\"ltr\" role=\"presentation\">dell\u2019Ensemble femminile del Gruppo Vocale Crystal Tears, diretto da Elettra De Biasi e <\/span><span dir=\"ltr\" role=\"presentation\">accompagnato da Silvia Tessari.<\/span><\/p>\n<p><strong>L&#8217;ASSESSORE ALLA CULTURA DEL COMUNE DI BELLUNO RAFFAELE ADDAMIANO<\/strong><\/p>\n<audio class=\"wp-audio-shortcode\" id=\"audio-325333-2\" preload=\"none\" style=\"width: 100%;\" controls=\"controls\"><source type=\"audio\/mpeg\" src=\"https:\/\/www.radiopiu.net\/wordpress\/wp-content\/uploads\/2023\/03\/Audio-assessore-Addamiano-Donne-arte.mp3?_=2\" \/><a href=\"https:\/\/www.radiopiu.net\/wordpress\/wp-content\/uploads\/2023\/03\/Audio-assessore-Addamiano-Donne-arte.mp3\">https:\/\/www.radiopiu.net\/wordpress\/wp-content\/uploads\/2023\/03\/Audio-assessore-Addamiano-Donne-arte.mp3<\/a><\/audio>\n<p>&nbsp;<\/p>\n<p>&nbsp;<\/p>\n<hr \/>\n<p>&nbsp;<\/p>\n<p>&nbsp;<\/p>\n<blockquote>\n<h3>UNA SERATA DEDICATA ALLE DONNE ORGANIZZATA DALLO SPI CGIL<\/h3>\n<\/blockquote>\n<p><strong>FELTRE <\/strong>Donne, uomini, giovani e ragazze fra le stelle- una serata di scienza per tutti al centro astronomico \u201cGiuliano Vanin\u201d ad Arson di Feltre stasera alle 21.00. Una serata questa che si raccorda all\u2019iniziativa dell&#8217;11 febbraio scorso, giornata internazionale delle donne nella scienza, in cui abbiamo voluto incoraggiare le giovani donne ad intraprendere i corsi di studio nelle materie scientifiche con una visita\u00a0 al centro astronomico di Asiago. Una forte sinergia tra nonne e nipoti e mamme e figlie, una giornata intergenerazionale. Oggi otto marzo sempre per veicolare lo stesso messaggio invitiamo tutte e tutti nonne mamme pap\u00e0 e nonni per diffondere il fascino e l\u2019incanto delle materie STEM. Sar\u00e0 possibile l\u2019osservazione del cielo notturno dall\u2019osservatorio,\u00a0 \u00a0a seguire nel Planetario ci immergeremo nello spettacolo delle nuove immagini dal telescopio spaziale. L\u2019illustrazione di Gabriele Vanin della vita e del lavoro delle \u00a0donne premi Nobel per l\u2019astronomia concluder\u00e0 la serata. Ritrovo ore 20.30 piazza Parmeggiani Feltre.<\/p>\n<p>&nbsp;<\/p>\n<hr \/>\n<p>&nbsp;<\/p>\n<blockquote>\n<h3>SARA ANDRICH ESPONE IN ALPAGO<\/h3>\n<\/blockquote>\n<p><strong><a class=\"dt-pswp-item\" href=\"https:\/\/www.radiopiu.net\/wordpress\/wp-content\/uploads\/2023\/03\/252879745_10219573087825409_7999869279787855642_n.jpg\" data-dt-img-description=\"\" data-large_image_width=\"960\" data-large_image_height=\"720\"><img loading=\"lazy\" decoding=\"async\" class=\"wp-image-325534 alignleft\" src=\"https:\/\/www.radiopiu.net\/wordpress\/wp-content\/uploads\/2023\/03\/252879745_10219573087825409_7999869279787855642_n-300x225.jpg\" alt=\"\" width=\"217\" height=\"163\" srcset=\"https:\/\/www.radiopiu.net\/wordpress\/wp-content\/uploads\/2023\/03\/252879745_10219573087825409_7999869279787855642_n-300x225.jpg 300w, https:\/\/www.radiopiu.net\/wordpress\/wp-content\/uploads\/2023\/03\/252879745_10219573087825409_7999869279787855642_n-768x576.jpg 768w, https:\/\/www.radiopiu.net\/wordpress\/wp-content\/uploads\/2023\/03\/252879745_10219573087825409_7999869279787855642_n.jpg 960w\" sizes=\"auto, (max-width: 217px) 100vw, 217px\" \/><\/a>ALPAGO<\/strong> In occasione della Festa della donna, il Comune di Alpago promuove la personale di pittura dell&#8217;artista Sara Andrich, che sar\u00e0 inaugurata sabato alle 17 nel municipio di Pieve con la presentazione di Erminio Mazzucco. &#8220;L&#8217;incontro. Quando materia e colore si fondono&#8221;, \u00e8 il titolo dell&#8217;esposizione che si concentra su opere con prevalente soggetto femminile e spazia tra pittura e scultura. Sar\u00e0 possibile visitare la mostra tutti i giorni fino a domenica 16 aprile dal luned\u00ec al venerd\u00ec dalle 9 alle 12, mentre sabato e domenica dalle 16 alle 18.<\/p>\n<p><em>Sara Andrich ha frequentato l&#8217;Accademia di Belle Arti di Venezia, laureandosi in scultura con tesi sulla maschera e allestendo mostre in collaborazione con il gruppo Mascherai della scuola Augusto Murer di Sedico e della associazione Arca dei Volti. Da diversi anni Andrich insegna disegno, pittura e modellato nei corsi per adulti e nei laboratori artistici per bambini.<\/em><\/p>\n<p>&nbsp;<\/p>\n<hr \/>\n<p>&nbsp;<\/p>\n<h3>LO SPECIALE PER L&#8217;OTTO MARZO, OGGI SUL CORRIERE DELLE ALPI<\/h3>\n<p><strong>DI GIANNI SANTOMASO<\/strong><\/p>\n<p><strong>AGORDO<\/strong> Chiara Conedera di Voltago gioca con il Venezia Calcio femminile in serie C. Ha vent&#8217;anni e frequenta la quinta chimico al Follador di Agordo.\u00a0 In campo Chiara fa l&#8217;esterna sulla mediana.\u00a0 Margherita Andrich, 22 anni studentessa di Vallada iscritta alla magistrale in scienze filosofiche allena\u00a0 una squadra di pallavolo maschile dell&#8217;universit\u00e0&#8230;.<\/p>\n<p><a class=\"dt-pswp-item\" href=\"https:\/\/www.radiopiu.net\/wordpress\/wp-content\/uploads\/2023\/03\/Senza-nome-30.jpg\" data-dt-img-description=\"\" data-large_image_width=\"454\" data-large_image_height=\"319\"><img loading=\"lazy\" decoding=\"async\" class=\"size-medium wp-image-325538 aligncenter\" src=\"https:\/\/www.radiopiu.net\/wordpress\/wp-content\/uploads\/2023\/03\/Senza-nome-30-300x211.jpg\" alt=\"\" width=\"300\" height=\"211\" srcset=\"https:\/\/www.radiopiu.net\/wordpress\/wp-content\/uploads\/2023\/03\/Senza-nome-30-300x211.jpg 300w, https:\/\/www.radiopiu.net\/wordpress\/wp-content\/uploads\/2023\/03\/Senza-nome-30.jpg 454w\" sizes=\"auto, (max-width: 300px) 100vw, 300px\" \/><\/a><\/p>\n<p>&nbsp;<\/p>\n<p>&nbsp;<\/p>\n<p>&nbsp;<\/p>\n<hr \/>\n<p>&nbsp;<\/p>\n<blockquote>\n<h3>COLTELLATA IN PIENO VOLTO: PER IL TRIBUNALE IRREPERIBILE<\/h3>\n<\/blockquote>\n<p><strong>OGGI SUL CORRIERE DELLE ALPI<\/strong><\/p>\n<p><strong>DI GIGI SOSSO<\/strong><\/p>\n<p><strong><a class=\"dt-pswp-item\" href=\"https:\/\/www.radiopiu.net\/wordpress\/wp-content\/uploads\/2023\/03\/th-5.jpg\" data-dt-img-description=\"\" data-large_image_width=\"474\" data-large_image_height=\"287\"><img loading=\"lazy\" decoding=\"async\" class=\"size-medium wp-image-325536 alignleft\" src=\"https:\/\/www.radiopiu.net\/wordpress\/wp-content\/uploads\/2023\/03\/th-5-300x182.jpg\" alt=\"\" width=\"300\" height=\"182\" srcset=\"https:\/\/www.radiopiu.net\/wordpress\/wp-content\/uploads\/2023\/03\/th-5-300x182.jpg 300w, https:\/\/www.radiopiu.net\/wordpress\/wp-content\/uploads\/2023\/03\/th-5.jpg 474w\" sizes=\"auto, (max-width: 300px) 100vw, 300px\" \/><\/a>BELLUNO<\/strong> Un taglio alla guancia lungo una decina di centimetri, durante una sanguinosa scenata di gelosia. Esiste un certificato medico emesso dal Pronto soccorso dell&#8217;ospedale Santa Maria del Prato di Feltre: racconta una prognosi di una dozzina di giorni, fortunatamente senza complicazioni, ma il fatto che Ahmed Ennaji sia sparito e non si trovi pi\u00f9 ha provocato una sentenza di non doversi procedere da parte del giudice per le udienze preliminari Elisabetta Scolozzi (pubblico ministero Alberto Primavera) per mancata conoscenza della pendenza del processo per lesioni e minacce aggravate e danneggiamento dell&#8217;imputato. Allo stesso tempo, le ricerche della polizia giudiziaria dovranno continuare per altri cinque anni, fino al marzo 2028.I fatti sono dell&#8217;8 dicembre 2020&#8230;. Ennaji non si \u00e8 pi\u00f9 visto a Quero Vas e tutti i tentativi di notifica dell&#8217;avviso d fine indagini non sono riusciti. Tecnicamente \u00e8 irreperibile e questo ha convinto il giudice a sentenziare un non doversi procedere, su richiesta del difensore d&#8217;ufficio Valentina Mazzucco. In ogni caso, le ricerche proseguono, anche se le speranze di trovare l&#8217;imputato sono ridotte per non dire nulle. Ma funziona cos\u00ec, secondo l&#8217;articolo 420 quater del Codice di Procedura penale. Vorr\u00e0 dire che Ennaji non sapr\u00e0 nemmeno di essere stato prosciolto. Quanto alla parte offesa, non si era costituita parte civile, in maniera da poter chiedere il risarcimento dei danni: gli \u00e8 rimasta un&#8217;evidente cicatrice sulla guancia sinistra.<\/p>\n<p>&nbsp;<\/p>\n<hr \/>\n<p>&nbsp;<\/p>\n<p><strong>DILLO A RADIO PIU&#8217;<\/strong>&#8230;. <em>I<\/em>l dipendente Valpe questa mattina ha pensato bene di lasciare un p\u00f2 di<em> confusione <\/em>in strada<\/p>\n<p><strong>ROCCA PIETORE<\/strong>\u00a0 Riceviamo e pubblichiamo, da Digonera Rocca Pietore. La selezione professionale.<\/p>\n<p><a class=\"dt-pswp-item\" href=\"https:\/\/www.radiopiu.net\/wordpress\/wp-content\/uploads\/2023\/03\/dbb045fe-b5bb-4dcd-8171-aa5012bc519e.jpg\" data-dt-img-description=\"\" data-large_image_width=\"1530\" data-large_image_height=\"2040\"><img loading=\"lazy\" decoding=\"async\" class=\"size-medium wp-image-325547 aligncenter\" src=\"https:\/\/www.radiopiu.net\/wordpress\/wp-content\/uploads\/2023\/03\/dbb045fe-b5bb-4dcd-8171-aa5012bc519e-225x300.jpg\" alt=\"\" width=\"225\" height=\"300\" srcset=\"https:\/\/www.radiopiu.net\/wordpress\/wp-content\/uploads\/2023\/03\/dbb045fe-b5bb-4dcd-8171-aa5012bc519e-225x300.jpg 225w, https:\/\/www.radiopiu.net\/wordpress\/wp-content\/uploads\/2023\/03\/dbb045fe-b5bb-4dcd-8171-aa5012bc519e-768x1024.jpg 768w, https:\/\/www.radiopiu.net\/wordpress\/wp-content\/uploads\/2023\/03\/dbb045fe-b5bb-4dcd-8171-aa5012bc519e-1152x1536.jpg 1152w, https:\/\/www.radiopiu.net\/wordpress\/wp-content\/uploads\/2023\/03\/dbb045fe-b5bb-4dcd-8171-aa5012bc519e.jpg 1530w\" sizes=\"auto, (max-width: 225px) 100vw, 225px\" \/><\/a><\/p>\n<p>&nbsp;<\/p>\n<p>&nbsp;<\/p>\n<hr \/>\n<p>&nbsp;<\/p>\n<blockquote>\n<h3>DOPO NOVE MESI RIAPRE LA GALLERIA DI SEGUSINO<\/h3>\n<\/blockquote>\n<p><strong><a class=\"dt-pswp-item\" href=\"https:\/\/www.radiopiu.net\/wordpress\/wp-content\/uploads\/2023\/03\/3fd97336-ee82-44be-91d2-f45c2af53c88.jpg\" data-dt-img-description=\"\" data-large_image_width=\"1600\" data-large_image_height=\"1200\"><img loading=\"lazy\" decoding=\"async\" class=\" wp-image-325484 alignleft\" src=\"https:\/\/www.radiopiu.net\/wordpress\/wp-content\/uploads\/2023\/03\/3fd97336-ee82-44be-91d2-f45c2af53c88-300x225.jpg\" alt=\"\" width=\"172\" height=\"129\" srcset=\"https:\/\/www.radiopiu.net\/wordpress\/wp-content\/uploads\/2023\/03\/3fd97336-ee82-44be-91d2-f45c2af53c88-300x225.jpg 300w, https:\/\/www.radiopiu.net\/wordpress\/wp-content\/uploads\/2023\/03\/3fd97336-ee82-44be-91d2-f45c2af53c88-1024x768.jpg 1024w, https:\/\/www.radiopiu.net\/wordpress\/wp-content\/uploads\/2023\/03\/3fd97336-ee82-44be-91d2-f45c2af53c88-768x576.jpg 768w, https:\/\/www.radiopiu.net\/wordpress\/wp-content\/uploads\/2023\/03\/3fd97336-ee82-44be-91d2-f45c2af53c88-1536x1152.jpg 1536w, https:\/\/www.radiopiu.net\/wordpress\/wp-content\/uploads\/2023\/03\/3fd97336-ee82-44be-91d2-f45c2af53c88.jpg 1600w\" sizes=\"auto, (max-width: 172px) 100vw, 172px\" \/><\/a>QUERO VAS<\/strong> Riaperta nel pomeriggio la galleria \u201cMadonna del Piave\u201d, tra Quero Vas e Segusino. Un intervento, quello di messa in sicurezza dell&#8217;opera, durato quasi nove mesi e realizzato grazie ai \u201cfondi Vaia\u201d.<\/p>\n<p><strong>di Daniele Dalvit<\/strong><\/p>\n<audio class=\"wp-audio-shortcode\" id=\"audio-325333-3\" preload=\"none\" style=\"width: 100%;\" controls=\"controls\"><source type=\"audio\/mpeg\" src=\"https:\/\/www.radiopiu.net\/wordpress\/wp-content\/uploads\/2023\/03\/DALVIT-GALLERIA-SEGUSINO.mp3?_=3\" \/><a href=\"https:\/\/www.radiopiu.net\/wordpress\/wp-content\/uploads\/2023\/03\/DALVIT-GALLERIA-SEGUSINO.mp3\">https:\/\/www.radiopiu.net\/wordpress\/wp-content\/uploads\/2023\/03\/DALVIT-GALLERIA-SEGUSINO.mp3<\/a><\/audio>\n<p>&nbsp;<\/p>\n<p>&nbsp;<\/p>\n<hr \/>\n<p>&nbsp;<\/p>\n<blockquote>\n<h3>BANDO NEVEGAL. NEVEGAL 2021: &#8220;CON QUEI REQUISITI NON POSSIAMO PARTECIPARE&#8221;<\/h3>\n<\/blockquote>\n<p><strong><a class=\"dt-pswp-item\" href=\"https:\/\/www.radiopiu.net\/wordpress\/wp-content\/uploads\/2019\/10\/paesaggio-innevato-dellalpe_del_nevegal.jpg\" data-dt-img-description=\"\" data-large_image_width=\"1024\" data-large_image_height=\"400\"><img loading=\"lazy\" decoding=\"async\" class=\" wp-image-104502 alignleft\" src=\"https:\/\/www.radiopiu.net\/wordpress\/wp-content\/uploads\/2019\/10\/paesaggio-innevato-dellalpe_del_nevegal-300x117.jpg\" alt=\"\" width=\"251\" height=\"98\" srcset=\"https:\/\/www.radiopiu.net\/wordpress\/wp-content\/uploads\/2019\/10\/paesaggio-innevato-dellalpe_del_nevegal-300x117.jpg 300w, https:\/\/www.radiopiu.net\/wordpress\/wp-content\/uploads\/2019\/10\/paesaggio-innevato-dellalpe_del_nevegal-768x300.jpg 768w, https:\/\/www.radiopiu.net\/wordpress\/wp-content\/uploads\/2019\/10\/paesaggio-innevato-dellalpe_del_nevegal.jpg 1024w\" sizes=\"auto, (max-width: 251px) 100vw, 251px\" \/><\/a>BELLUNO<\/strong> Il giorno dopo la scadenza del bando andato deserto per la gestione degli impianti di risalita del Nevegal, parlano gli attuali gestori: \u201cCon questi requisiti, non avremmo mai potuto partecipare\u201d.<\/p>\n<p><strong>di Daniele Dalvit<\/strong><\/p>\n<audio class=\"wp-audio-shortcode\" id=\"audio-325333-4\" preload=\"none\" style=\"width: 100%;\" controls=\"controls\"><source type=\"audio\/mpeg\" src=\"https:\/\/www.radiopiu.net\/wordpress\/wp-content\/uploads\/2023\/03\/DALVIT-NEVEGAL-2021-E-COMUNE.mp3?_=4\" \/><a href=\"https:\/\/www.radiopiu.net\/wordpress\/wp-content\/uploads\/2023\/03\/DALVIT-NEVEGAL-2021-E-COMUNE.mp3\">https:\/\/www.radiopiu.net\/wordpress\/wp-content\/uploads\/2023\/03\/DALVIT-NEVEGAL-2021-E-COMUNE.mp3<\/a><\/audio>\n<p>&nbsp;<\/p>\n<hr \/>\n<p>&nbsp;<\/p>\n<blockquote>\n<h3>LA PREOCUPAZIONE DI JACOPO MASSARO SUL BANDO DEL NEVEGAL ANDATO DESERTO<\/h3>\n<\/blockquote>\n<p><strong><a class=\"dt-pswp-item\" href=\"https:\/\/www.radiopiu.net\/wordpress\/wp-content\/uploads\/2018\/10\/NEVEGAL.jpg\" data-dt-img-description=\"\" data-large_image_width=\"275\" data-large_image_height=\"183\"><img loading=\"lazy\" decoding=\"async\" class=\" wp-image-62712 alignleft\" src=\"https:\/\/www.radiopiu.net\/wordpress\/wp-content\/uploads\/2018\/10\/NEVEGAL.jpg\" alt=\"\" width=\"197\" height=\"131\" \/><\/a>BELLUNO<\/strong> Il bando per la gestione degli impianti in Nevegal \u00e8 andato deserto. A tornare sull&#8217;argomento \u00e8 Jacopo Massaro, ex sindaco di Belluno, che fa il punto con alcune considerazioni<\/p>\n<p><strong>JACOPO MASSARO, EX SINDACO DI BELLUNO E CONSIGLIERE DI MINORANZA<\/strong><\/p>\n<audio class=\"wp-audio-shortcode\" id=\"audio-325333-5\" preload=\"none\" style=\"width: 100%;\" controls=\"controls\"><source type=\"audio\/mpeg\" src=\"https:\/\/www.radiopiu.net\/wordpress\/wp-content\/uploads\/2023\/03\/MASSARO-NEVEGAL.mp3?_=5\" \/><a href=\"https:\/\/www.radiopiu.net\/wordpress\/wp-content\/uploads\/2023\/03\/MASSARO-NEVEGAL.mp3\">https:\/\/www.radiopiu.net\/wordpress\/wp-content\/uploads\/2023\/03\/MASSARO-NEVEGAL.mp3<\/a><\/audio>\n<p>&nbsp;<\/p>\n<p>&nbsp;<\/p>\n<p>&nbsp;<\/p>\n<hr \/>\n<p>&nbsp;<\/p>\n<blockquote>\n<h3>UN NUOVO MEZZO A DISPOSIZIONE DI SERSA<\/h3>\n<\/blockquote>\n<p><strong><a class=\"dt-pswp-item\" href=\"https:\/\/www.radiopiu.net\/wordpress\/wp-content\/uploads\/2023\/03\/Mezzo-Sersa_8.jpeg\" data-dt-img-description=\"\" data-large_image_width=\"2040\" data-large_image_height=\"1530\"><img loading=\"lazy\" decoding=\"async\" class=\" wp-image-325433 alignleft\" src=\"https:\/\/www.radiopiu.net\/wordpress\/wp-content\/uploads\/2023\/03\/Mezzo-Sersa_8-300x225.jpeg\" alt=\"\" width=\"179\" height=\"134\" srcset=\"https:\/\/www.radiopiu.net\/wordpress\/wp-content\/uploads\/2023\/03\/Mezzo-Sersa_8-300x225.jpeg 300w, https:\/\/www.radiopiu.net\/wordpress\/wp-content\/uploads\/2023\/03\/Mezzo-Sersa_8-1024x768.jpeg 1024w, https:\/\/www.radiopiu.net\/wordpress\/wp-content\/uploads\/2023\/03\/Mezzo-Sersa_8-768x576.jpeg 768w, https:\/\/www.radiopiu.net\/wordpress\/wp-content\/uploads\/2023\/03\/Mezzo-Sersa_8-1536x1152.jpeg 1536w, https:\/\/www.radiopiu.net\/wordpress\/wp-content\/uploads\/2023\/03\/Mezzo-Sersa_8.jpeg 2040w\" sizes=\"auto, (max-width: 179px) 100vw, 179px\" \/><\/a>BELLUNO <\/strong>Nuovo mezzo a disposizione per Sersa: inaugurato oggi nel cortile della Gaggia Lante il Fiat Dobl\u00f2 attrezzato grazie alla generosit\u00e0 delle aziende del territorio. Servir\u00e0 per il trasporto degli ospiti della struttura. \u201cE\u2019 un\u2019iniziativa di cui dobbiamo tutti andare orgogliosi, perch\u00e9 frutto della partecipazione e della generosit\u00e0 del nostro territorio \u2013 commenta il sindaco, Oscar De Pellegrin -, un bell\u2019esempio di collaborazione tra pubblico e privato, da ripetere in futuro per altri progetti rivolti alla nostra comunit\u00e0\u201d. Il progetto, promosso dal Comune di Belluno e sostenuto dalla Societ\u00e1 benefit Progetti del cuore ha coinvolto 30 aziende del territorio nel periodo 2021-2022. L\u2019iniziativa ha permesso di raccogliere fondi per riuscire a mettere a disposizione di Sersa un mezzo attrezzato al trasporto di persone con fragilit\u00e0. Sar\u00e1 utilizzato per il trasporto degli ospiti del centro diurno, per il servizio assistenza domiciliare e per tutte le necessit\u00e0 di uscita delle persone accolte in Sersa.<\/p>\n<p>&nbsp;<\/p>\n<hr \/>\n<p>&nbsp;<\/p>\n<blockquote>\n<h3>PISCINA DI AGORDO, APPROVATO IL NUOVO STUDIO DI FATTIBILITA&#8217;<\/h3>\n<\/blockquote>\n<p><strong><a class=\"dt-pswp-item\" href=\"https:\/\/www.radiopiu.net\/wordpress\/wp-content\/uploads\/2022\/06\/Piscina_di_Belluno.jpg\" data-dt-img-description=\"\" data-large_image_width=\"794\" data-large_image_height=\"661\"><img loading=\"lazy\" decoding=\"async\" class=\"wp-image-283320 alignleft\" src=\"https:\/\/www.radiopiu.net\/wordpress\/wp-content\/uploads\/2022\/06\/Piscina_di_Belluno-300x250.jpg\" alt=\"\" width=\"167\" height=\"139\" srcset=\"https:\/\/www.radiopiu.net\/wordpress\/wp-content\/uploads\/2022\/06\/Piscina_di_Belluno-300x250.jpg 300w, https:\/\/www.radiopiu.net\/wordpress\/wp-content\/uploads\/2022\/06\/Piscina_di_Belluno-768x639.jpg 768w, https:\/\/www.radiopiu.net\/wordpress\/wp-content\/uploads\/2022\/06\/Piscina_di_Belluno.jpg 794w\" sizes=\"auto, (max-width: 167px) 100vw, 167px\" \/><\/a>AGORDO<\/strong> Via libera al progetto di fattibilit\u00e0 tecnica ed economica per la riqualificazione della piscina comprensoriale di Agordo.Lo ha deliberato la giunta dell&#8217;Unione montana agordina, guidata da Paolo Frena, che ha quindi trasmesso il fascicolo alla Provincia che gestir\u00e0 l&#8217;iter nell&#8217;ambito della programmazione 2019-24 dei Fondi di confine di area vasta.\u00abIl principale intervento\u00bb, si sottolinea nella documentazione, \u00abriguarda la realizzazione di un nuovo fabbricato, al cui interno verr\u00e0 realizzata la nuova piscina da 5 metri per 10, una palestra e piccolo centro benessere. L&#8217;edificio sar\u00e0 disposto perpendicolarmente rispetto alla vasca esistente, sar\u00e0 sviluppato su due piani fuori terra ed uno interrato e sar\u00e0 collocato alla fine dell&#8217;attuale parcheggio adiacente alla piscina, occupando parte del prato\/giardino\u00bb. Il fabbricato esistente sar\u00e0 inoltre ampliato e reso pi\u00f9 efficiente.<\/p>\n<p>&nbsp;<\/p>\n<p>&nbsp;<\/p>\n<hr \/>\n<p>&nbsp;<\/p>\n<blockquote>\n<h3>OTTO PUNTI DA DISCUTERE NEL CONSIGLIO COMUNALE DI FALCADE<\/h3>\n<\/blockquote>\n<p><strong>FALCADE<\/strong> Consiglio comunale di Falcade. Otto i punti da discutere nella seduta in programma nella sala consigliare del Municipio. Tra questi si \u00e8 parlato del comitato unico di garanzia per le pari opportunit\u00e0, dell\u2019approvazione delle aliquote IMU, una nota di aggiornamento al DUP, il bilancio di previsione 2023-2025 e un mutamento temporaneo di destinazione dei terreni di uso civico in localit\u00e0 \u201cZingari Bassi\u201d per la costruzione di un cavidotto.<\/p>\n<p><strong>LA DIRETTA RADIO PIU&#8217;<\/strong><\/p>\n<p>https:\/\/www.facebook.com\/marco.baghy.1\/videos\/1234333700808808<\/p>\n<p>&nbsp;<\/p>\n<hr \/>\n<p>&nbsp;<\/p>\n<p><strong>DI TIZIANO DE COL<\/strong><\/p>\n\n\t\t\t<style type='text\/css'>\n\t\t\t\t#gallery-2 {\n\t\t\t\t\tmargin: auto;\n\t\t\t\t}\n\t\t\t\t#gallery-2 .gallery-item {\n\t\t\t\t\tfloat: left;\n\t\t\t\t\tmargin-top: 10px;\n\t\t\t\t\ttext-align: center;\n\t\t\t\t\twidth: 20%;\n\t\t\t\t}\n\t\t\t\t#gallery-2 img {\n\t\t\t\t\tborder: 2px solid #cfcfcf;\n\t\t\t\t}\n\t\t\t\t#gallery-2 .gallery-caption {\n\t\t\t\t\tmargin-left: 0;\n\t\t\t\t}\n\t\t\t\t\/* see gallery_shortcode() in wp-includes\/media.php *\/\n\t\t\t<\/style>\n\t\t<div id='gallery-2' class='dt-gallery-container gallery galleryid-325333 gallery-columns-5 gallery-size-medium'><dl class='gallery-item'>\n\t\t\t\t<dt class='gallery-icon landscape'>\n\t\t\t\t\t<a class=\"rollover rollover-zoom dt-pswp-item\" title=\"84b74452-3c9f-47ac-b353-7dfa3ddc63ed\" data-dt-img-description=\"\" data-large_image_width=\"591\" data-large_image_height=\"333\"href='https:\/\/www.radiopiu.net\/wordpress\/wp-content\/uploads\/2023\/03\/84b74452-3c9f-47ac-b353-7dfa3ddc63ed.jpg'><img loading=\"lazy\" decoding=\"async\" width=\"300\" height=\"169\" src=\"https:\/\/www.radiopiu.net\/wordpress\/wp-content\/uploads\/2023\/03\/84b74452-3c9f-47ac-b353-7dfa3ddc63ed-300x169.jpg\" class=\"attachment-medium size-medium\" alt=\"\" srcset=\"https:\/\/www.radiopiu.net\/wordpress\/wp-content\/uploads\/2023\/03\/84b74452-3c9f-47ac-b353-7dfa3ddc63ed-300x169.jpg 300w, https:\/\/www.radiopiu.net\/wordpress\/wp-content\/uploads\/2023\/03\/84b74452-3c9f-47ac-b353-7dfa3ddc63ed.jpg 591w\" sizes=\"auto, (max-width: 300px) 100vw, 300px\" \/><\/a>\n\t\t\t\t<\/dt><\/dl><dl class='gallery-item'>\n\t\t\t\t<dt class='gallery-icon landscape'>\n\t\t\t\t\t<a class=\"rollover rollover-zoom dt-pswp-item\" title=\"f2b15ce1-e397-4176-8387-585effbb4189\" data-dt-img-description=\"\" data-large_image_width=\"610\" data-large_image_height=\"360\"href='https:\/\/www.radiopiu.net\/wordpress\/wp-content\/uploads\/2023\/03\/f2b15ce1-e397-4176-8387-585effbb4189.jpg'><img loading=\"lazy\" decoding=\"async\" width=\"300\" height=\"177\" src=\"https:\/\/www.radiopiu.net\/wordpress\/wp-content\/uploads\/2023\/03\/f2b15ce1-e397-4176-8387-585effbb4189-300x177.jpg\" class=\"attachment-medium size-medium\" alt=\"\" srcset=\"https:\/\/www.radiopiu.net\/wordpress\/wp-content\/uploads\/2023\/03\/f2b15ce1-e397-4176-8387-585effbb4189-300x177.jpg 300w, https:\/\/www.radiopiu.net\/wordpress\/wp-content\/uploads\/2023\/03\/f2b15ce1-e397-4176-8387-585effbb4189.jpg 610w\" sizes=\"auto, (max-width: 300px) 100vw, 300px\" \/><\/a>\n\t\t\t\t<\/dt><\/dl><dl class='gallery-item'>\n\t\t\t\t<dt class='gallery-icon landscape'>\n\t\t\t\t\t<a class=\"rollover rollover-zoom dt-pswp-item\" title=\"fc408273-2a03-498a-97a8-ffcba139504e\" data-dt-img-description=\"\" data-large_image_width=\"602\" data-large_image_height=\"356\"href='https:\/\/www.radiopiu.net\/wordpress\/wp-content\/uploads\/2023\/03\/fc408273-2a03-498a-97a8-ffcba139504e.jpg'><img loading=\"lazy\" decoding=\"async\" width=\"300\" height=\"177\" src=\"https:\/\/www.radiopiu.net\/wordpress\/wp-content\/uploads\/2023\/03\/fc408273-2a03-498a-97a8-ffcba139504e-300x177.jpg\" class=\"attachment-medium size-medium\" alt=\"\" srcset=\"https:\/\/www.radiopiu.net\/wordpress\/wp-content\/uploads\/2023\/03\/fc408273-2a03-498a-97a8-ffcba139504e-300x177.jpg 300w, https:\/\/www.radiopiu.net\/wordpress\/wp-content\/uploads\/2023\/03\/fc408273-2a03-498a-97a8-ffcba139504e.jpg 602w\" sizes=\"auto, (max-width: 300px) 100vw, 300px\" \/><\/a>\n\t\t\t\t<\/dt><\/dl><dl class='gallery-item'>\n\t\t\t\t<dt class='gallery-icon landscape'>\n\t\t\t\t\t<a class=\"rollover rollover-zoom dt-pswp-item\" title=\"4b3187fe-8bea-49e0-8521-8e25d23b0f5c\" data-dt-img-description=\"\" data-large_image_width=\"586\" data-large_image_height=\"340\"href='https:\/\/www.radiopiu.net\/wordpress\/wp-content\/uploads\/2023\/03\/4b3187fe-8bea-49e0-8521-8e25d23b0f5c.jpg'><img loading=\"lazy\" decoding=\"async\" width=\"300\" height=\"174\" src=\"https:\/\/www.radiopiu.net\/wordpress\/wp-content\/uploads\/2023\/03\/4b3187fe-8bea-49e0-8521-8e25d23b0f5c-300x174.jpg\" class=\"attachment-medium size-medium\" alt=\"\" srcset=\"https:\/\/www.radiopiu.net\/wordpress\/wp-content\/uploads\/2023\/03\/4b3187fe-8bea-49e0-8521-8e25d23b0f5c-300x174.jpg 300w, https:\/\/www.radiopiu.net\/wordpress\/wp-content\/uploads\/2023\/03\/4b3187fe-8bea-49e0-8521-8e25d23b0f5c.jpg 586w\" sizes=\"auto, (max-width: 300px) 100vw, 300px\" \/><\/a>\n\t\t\t\t<\/dt><\/dl><dl class='gallery-item'>\n\t\t\t\t<dt class='gallery-icon landscape'>\n\t\t\t\t\t<a class=\"rollover rollover-zoom dt-pswp-item\" title=\"7350ccbe-040d-4410-88a0-f3a422448f01\" data-dt-img-description=\"\" data-large_image_width=\"600\" data-large_image_height=\"353\"href='https:\/\/www.radiopiu.net\/wordpress\/wp-content\/uploads\/2023\/03\/7350ccbe-040d-4410-88a0-f3a422448f01.jpg'><img loading=\"lazy\" decoding=\"async\" width=\"300\" height=\"177\" src=\"https:\/\/www.radiopiu.net\/wordpress\/wp-content\/uploads\/2023\/03\/7350ccbe-040d-4410-88a0-f3a422448f01-300x177.jpg\" class=\"attachment-medium size-medium\" alt=\"\" srcset=\"https:\/\/www.radiopiu.net\/wordpress\/wp-content\/uploads\/2023\/03\/7350ccbe-040d-4410-88a0-f3a422448f01-300x177.jpg 300w, https:\/\/www.radiopiu.net\/wordpress\/wp-content\/uploads\/2023\/03\/7350ccbe-040d-4410-88a0-f3a422448f01.jpg 600w\" sizes=\"auto, (max-width: 300px) 100vw, 300px\" \/><\/a>\n\t\t\t\t<\/dt><\/dl><br style=\"clear: both\" \/>\n\t\t\t<\/div>\n\n<p>&nbsp;<\/p>\n<hr \/>\n<p>&nbsp;<\/p>\n<blockquote>\n<h3>CAPILLAROSCOPIA: GI\u00c0 ESEGUITI OLTRE 200 ESAMI IN ULSS DOLOMITI<\/h3>\n<\/blockquote>\n<p><strong><a class=\"dt-pswp-item\" href=\"https:\/\/www.radiopiu.net\/wordpress\/wp-content\/uploads\/2023\/03\/AAAA.png\" data-dt-img-description=\"\" data-large_image_width=\"750\" data-large_image_height=\"500\"><img loading=\"lazy\" decoding=\"async\" class=\" wp-image-325435 alignleft\" src=\"https:\/\/www.radiopiu.net\/wordpress\/wp-content\/uploads\/2023\/03\/AAAA-300x200.png\" alt=\"\" width=\"186\" height=\"124\" srcset=\"https:\/\/www.radiopiu.net\/wordpress\/wp-content\/uploads\/2023\/03\/AAAA-300x200.png 300w, https:\/\/www.radiopiu.net\/wordpress\/wp-content\/uploads\/2023\/03\/AAAA.png 750w\" sizes=\"auto, (max-width: 186px) 100vw, 186px\" \/><\/a>BELLUNO <\/strong>Attivata nel dicembre 2021, in poco pi\u00f9 di un anno, all\u2019ambulatorio di Angiologia dell\u2019Ulss Dolomiti sono state eseguite oltre 200 capillaroscopie. \u00abSignifica che 200 persone hanno trovato risposta a un problema diffuso nel territorio, senza dover andare fuori provincia\u00bb, spiega Romeo Martini, responsabile dell\u2019ambulatorio di Angiologia. \u00abQuesto esame \u00e8 utilizzato per la diagnosi precoce di malattie reumatologiche come le connettiviti, malattie croniche a volte invalidanti. Oggi la diagnosi precoce consente la possibilit\u00e0 di trattamenti che migliorano molto la qualit\u00e0 di vita e la prognosi del paziente\u00bb. Si tratta di un esame rapido e non invasivo, che fa vedere al Medico i capillari della cute in modo da verificarne lo stato di salute in base alla loro forma e distribuzione. L\u2019esame si esegue con il Capillaroscopio, una videocamera che viene applicata alle dita e che ingrandisce per 200 volte i capillari della pelle. La Capillaroscopia \u00e8 particolarmente indicata in quelle persone con Fenomeno di Raynaud, una particolare sintomatologia che viene scatenata dal freddo.\u00a0 Il soggetto si accorge che con l\u2019esposizione al freddo le dita delle mani, o dei piedi, naso, labbra impallidiscono momentaneo per poi passare ad un colorito bluastro ed infine rosso.<\/p>\n<p>&nbsp;<\/p>\n<p>&nbsp;<\/p>\n<hr \/>\n<p>&nbsp;<\/p>\n<blockquote>\n<h3>ZAIA PRESENTA \u201cROAD TO EQUALITY\u201d, ASSOCIAZIONE FONDATA DA ALESSANDRA CAPPELLOTTO<\/h3>\n<\/blockquote>\n<p><strong>VENEZIA <\/strong>\u201cVoglio omaggiare Alessandra Cappellotto, grande campionessa di ciclismo, per una iniziativa che, con la sua associazione Road to Equality, \u00e8 una storia di speranza e determinazione che ci sembrava giusto mettere in luce in occasione dell\u20198 marzo\u201d. Cos\u00ec il Presidente della Regione Luca Zaia ha introdotto Alessandra Cappellotto, presente a palazzo Balbi con la sua l\u2019associazione \u201cRoad to Equality\u201d assieme a un gruppo di cicliste afgane che \u00e8 riuscita a portare in Italia, in Veneto, salvandole dalle persecuzioni in atto nei confronti delle donne del loro paese. La campionessa di ciclismo, dal palmares ineguagliato, vicentina di Sarcedo, \u00e8 infatti la fondatrice dell\u2019associazione sportiva dilettantistica \u201cRoad to Equality\u201d che, attraverso lo sport, e in particolare il ciclismo, promuove l\u2019emancipazione della figura femminile nei Paesi in via di sviluppo e in quelli in cui le donne non godono di diritti basilari.<\/p>\n<p>&nbsp;<\/p>\n<p>&nbsp;<\/p>\n<hr \/>\n<p>&nbsp;<\/p>\n<blockquote>\n<h3>PRESENTATA LA NUOVA EDIZIONE DI AGRIMONT<\/h3>\n<\/blockquote>\n<p><strong><a class=\"dt-pswp-item\" href=\"https:\/\/www.radiopiu.net\/wordpress\/wp-content\/uploads\/2023\/03\/20230307-Presentata-Agrimont-2023-a-palazzo-Piloni.jpg\" data-dt-img-description=\"\" data-large_image_width=\"2500\" data-large_image_height=\"1440\"><img loading=\"lazy\" decoding=\"async\" class=\" wp-image-325438 alignleft\" src=\"https:\/\/www.radiopiu.net\/wordpress\/wp-content\/uploads\/2023\/03\/20230307-Presentata-Agrimont-2023-a-palazzo-Piloni-300x173.jpg\" alt=\"\" width=\"191\" height=\"110\" srcset=\"https:\/\/www.radiopiu.net\/wordpress\/wp-content\/uploads\/2023\/03\/20230307-Presentata-Agrimont-2023-a-palazzo-Piloni-300x173.jpg 300w, https:\/\/www.radiopiu.net\/wordpress\/wp-content\/uploads\/2023\/03\/20230307-Presentata-Agrimont-2023-a-palazzo-Piloni-1024x590.jpg 1024w, https:\/\/www.radiopiu.net\/wordpress\/wp-content\/uploads\/2023\/03\/20230307-Presentata-Agrimont-2023-a-palazzo-Piloni-768x442.jpg 768w, https:\/\/www.radiopiu.net\/wordpress\/wp-content\/uploads\/2023\/03\/20230307-Presentata-Agrimont-2023-a-palazzo-Piloni-1536x885.jpg 1536w, https:\/\/www.radiopiu.net\/wordpress\/wp-content\/uploads\/2023\/03\/20230307-Presentata-Agrimont-2023-a-palazzo-Piloni-2048x1180.jpg 2048w\" sizes=\"auto, (max-width: 191px) 100vw, 191px\" \/><\/a>LONGARONE <\/strong>\u00c8 stata presentata, nella sede della Provincia di Belluno, la 42esima edizione di Agrimont, la Mostra nazionale dell\u2019agricoltura di montagna di scena a Longarone Fiere Dolomiti nei weekend 18-19 e 24-25-26 marzo. Un\u2019edizione che porter\u00e0 negli spazi espositivi 236 marchi aziendali, 193 provenienti da 13 regioni italiane e 43 provenienti da 16 Paesi esteri, una quindicina di convegni e incontri tecnici, numerose aree dedicate a dimostrazioni e laboratori. Tra gli approfondimenti tecnici, uno spazio importante sar\u00e0 riservato al convegno Coldiretti-Cia-Confagricoltura sul \u201cPsr Montagna, tra prospettive e opportunit\u00e0\u201d: un focus specifico sulle misure del Piano di sviluppo rurale, in programma il giorno di apertura (sabato 18 marzo). Nelle cinque giornate di Agrimont, che vedranno l\u2019occupazione totale delle aree espositive, anche con lo spostamento della biglietteria per recuperare spazi, sar\u00e0 data attenzione particolare anche alla filiera forestale e ai prodotti lattiero-caseari, grazie alla sinergia con l\u2019Istituto Agrario di Vellai (Feltre).<\/p>\n<p>&nbsp;<\/p>\n<p>&nbsp;<\/p>\n<hr \/>\n<p>&nbsp;<\/p>\n<blockquote>\n<h3>DAL POLIAMBULATORIO AGORDINO, IL FISIOTERAPISTA ROBERTO AGNOLET<\/h3>\n<\/blockquote>\n<div class=\"page-title-breadcrumbs\">\n<p><strong><img loading=\"lazy\" decoding=\"async\" class=\"alignleft\" src=\"https:\/\/www.radiopiu.net\/wordpress\/wp-content\/uploads\/2023\/03\/agnolet.png\" width=\"209\" height=\"146\" \/>REDAZIONE<\/strong> Proseguono i nostri incontri al\u00a0 Poliambulatorio Agordino in localit\u00e0 Valcozzena. Oggi ci occupiamo di <strong>fisioterapia:<\/strong> una branca della medicina che si occupa della prevenzione, cura e riabilitazione dei pazienti affetti da patologie o disfunzioni congenite o acquisite in ambito muscoloscheletrico, neurologico e viscerale attraverso molteplici interventi terapeutici. Al Poliambulatorio operano il dottor <a href=\"https:\/\/www.poliagordo.it\/medici\/dott-roberto-agnolet\/\" target=\"_blank\" rel=\"noopener\">\u00a0Roberto Agnolet <\/a>\u00a0e la dottoressa <a href=\"https:\/\/www.poliagordo.it\/medici\/drsa-laura-garlet\/\" target=\"_blank\" rel=\"noopener\">\u00a0Laura Garlet<\/a><\/p>\n<p><strong>L&#8217;INTERVISTA AL DOTTOR, ROBERTO AGNOLET di Mirko Mezzacasa<\/strong><\/p>\n<\/div>\n<div class=\"page-title-breadcrumbs\">\n<audio class=\"wp-audio-shortcode\" id=\"audio-325333-6\" preload=\"none\" style=\"width: 100%;\" controls=\"controls\"><source type=\"audio\/mpeg\" src=\"https:\/\/www.radiopiu.net\/wordpress\/wp-content\/uploads\/2023\/03\/INTERVISTA-ROBERTO-AGNOLET.mp3?_=6\" \/><a href=\"https:\/\/www.radiopiu.net\/wordpress\/wp-content\/uploads\/2023\/03\/INTERVISTA-ROBERTO-AGNOLET.mp3\">https:\/\/www.radiopiu.net\/wordpress\/wp-content\/uploads\/2023\/03\/INTERVISTA-ROBERTO-AGNOLET.mp3<\/a><\/audio>\n<p>&nbsp;<\/p>\n<p><strong>ROBERTO AGNOLET<\/strong>\u00a0 Fisioterapista e Dottore Magistrale in Scienze Motorie per la Prevenzione e la Salute, tratta i principali disturbi a carico del sistema muscoloscheletrico (cervicalgie, lombalgie, distorsioni, lesioni muscolari) e nervoso (lesioni midollari, esiti di ictus, esiti di traumi cranici, lesioni del sistema nervoso periferico, Parkinson). Data la mia formazione e la mia passione, mi occupo nello specifico dell&#8217;ambito sportivo a tutto tondo, prendendo in carico la persona dall&#8217;accesso al trattamento fisioterapico fino al suo ritorno in campo\/gara.<\/p>\n<p>&nbsp;<\/p>\n<p><strong>LAURA GARLET<\/strong> Fisioterapista con indirizzo di studio prevalentemente neurologico. Si occupa del trattamento di patologie degenerative neurologiche, esiti di ictus, lesioni midollari e del sistema nervoso periferico. Tratta le principali patologie a carico del sistema muscolo-scheletrico (fratture, distorsioni, cervicalgie, lombalgie e lesioni muscolari). Effettua riabilitazione del pavimento pelvico sia maschile che femminile (incontinenza urinaria e fecale, prolassi vescicali e anali. disfunzione erettile, dolore pelvico) e pratica linfodrenaggio manuale e sondaggio elasto-compressivo.<\/p>\n<p>&nbsp;<\/p>\n<\/div>\n<p>&nbsp;<\/p>\n<hr \/>\n<p>&nbsp;<\/p>\n<h2><span style=\"color: #008080;\">&#8220;DINTORN E FORA VIA&#8221;\u00a0<\/span><span style=\"color: #008080;\"> IL PROGRAMMA\u00a0 <\/span><span style=\"color: #008080;\">A CURA DEL MUSLA\u00a0\u00a0<\/span><\/h2>\n<h1 style=\"text-align: center;\"><strong><span style=\"color: #ff0000;\">SECONDO ANNO\u00a0<\/span><\/strong><\/h1>\n<p><strong><a class=\"dt-pswp-item\" href=\"https:\/\/www.radiopiu.net\/wordpress\/wp-content\/uploads\/2023\/03\/ddb0005b-2fba-49f7-b568-3167c4cea404.jpg\" data-dt-img-description=\"\" data-large_image_width=\"1124\" data-large_image_height=\"318\"><img loading=\"lazy\" decoding=\"async\" class=\" wp-image-325404 alignleft\" src=\"https:\/\/www.radiopiu.net\/wordpress\/wp-content\/uploads\/2023\/03\/ddb0005b-2fba-49f7-b568-3167c4cea404-300x85.jpg\" alt=\"\" width=\"201\" height=\"57\" srcset=\"https:\/\/www.radiopiu.net\/wordpress\/wp-content\/uploads\/2023\/03\/ddb0005b-2fba-49f7-b568-3167c4cea404-300x85.jpg 300w, https:\/\/www.radiopiu.net\/wordpress\/wp-content\/uploads\/2023\/03\/ddb0005b-2fba-49f7-b568-3167c4cea404-1024x290.jpg 1024w, https:\/\/www.radiopiu.net\/wordpress\/wp-content\/uploads\/2023\/03\/ddb0005b-2fba-49f7-b568-3167c4cea404-768x217.jpg 768w, https:\/\/www.radiopiu.net\/wordpress\/wp-content\/uploads\/2023\/03\/ddb0005b-2fba-49f7-b568-3167c4cea404-350x100.jpg 350w, https:\/\/www.radiopiu.net\/wordpress\/wp-content\/uploads\/2023\/03\/ddb0005b-2fba-49f7-b568-3167c4cea404.jpg 1124w\" sizes=\"auto, (max-width: 201px) 100vw, 201px\" \/><\/a>PUNTATA DEL 07 MARZO MICHELA DELL&#8217;OSBEL<\/strong><\/p>\n<audio class=\"wp-audio-shortcode\" id=\"audio-325333-7\" preload=\"none\" style=\"width: 100%;\" controls=\"controls\"><source type=\"audio\/mpeg\" src=\"https:\/\/www.radiopiu.net\/wordpress\/wp-content\/uploads\/2023\/03\/MUSLA-1.mp3?_=7\" \/><a href=\"https:\/\/www.radiopiu.net\/wordpress\/wp-content\/uploads\/2023\/03\/MUSLA-1.mp3\">https:\/\/www.radiopiu.net\/wordpress\/wp-content\/uploads\/2023\/03\/MUSLA-1.mp3<\/a><\/audio>\n<p>&nbsp;<\/p>\n<p>&nbsp;<\/p>\n<p>&nbsp;<\/p>\n<hr \/>\n<p>&nbsp;<\/p>\n<blockquote>\n<h3>SONO 9 I PUNTI NEL CONSIGLIO COMUNALE DI SAN TOMASO<\/h3>\n<\/blockquote>\n<p><strong>SAN TOMASO<\/strong> Il sindaco di San Tomaso Moreno De Val ha convocato il consiglio comunale per venerd\u00ec alle 19 nella sala consigliare del Municipio. I consiglieri sono chiamati a trattare 9 punti all&#8217;ordine del giorno. Si parler\u00e0 della convenzione con l&#8217;Unione Montana Agordina per il comitato delle pari opportunit\u00e0, delle modifiche allo statuto di Asca, l&#8217;approvazione del regolamento comunale per le attivit\u00e0 di acconciatore &#8211; estetista, tatuaggi e piercing, la verifica delle aree fabbricabili, imposta IMU, l&#8217;approvazione del DUP e del regolamento comunale per l&#8217;uso dell&#8217;Arena 1082.<\/p>\n<p>&nbsp;<\/p>\n<p>&nbsp;<\/p>\n<hr \/>\n<p>&nbsp;<\/p>\n<blockquote>\n<h3>A COLLE SANTA LUCIA IL CONSIGLIO COMUNALE<\/h3>\n<\/blockquote>\n<p><strong>COLLE SANTA LUCIA<\/strong> \u00c8 in programma per sabato 11 marzo alle 7 il consiglio comunale di Colle Santa Lucia. Il sindaco Paolo Frena ha chiamato a rapporto i consiglieri comunali per trattare 12 punti tra cui la relazione dell&#8217;Istitut Cultural Ladin Cesa de Jan, Euregio, Associazione Turistica e Gruppo Miniere. La convenzione con l&#8217;Unione Montana Agordina per il comitato delle pari opportunit\u00e0, una variazione a bilancio, approvazione e bilancio di ASCA e il regolamento comunale di polizia mortuaria e cimiteriale.<\/p>\n<p>&nbsp;<\/p>\n<hr \/>\n<p>&nbsp;<\/p>\n<p>&nbsp;<\/p>\n<blockquote>\n<h1><img loading=\"lazy\" decoding=\"async\" class=\"alignleft\" src=\"https:\/\/www.radiopiu.net\/wordpress\/wp-content\/uploads\/2023\/03\/74dc801f-bf03-488d-9e14-40cd46d001a7.jpg\" width=\"64\" height=\"98\" \/>O D I O &#8211; L A R A D I O &#8211;<\/h1>\n<h3><em>2013&#8230;.mirko mezzacasa<\/em><\/h3>\n<\/blockquote>\n<p>&nbsp;<\/p>\n<p>&nbsp;<\/p>\n<p><strong>pagine cartaceo 417 foto 218<\/strong><\/p>\n<p><strong>PRIMA DI 213 PAGINE<\/strong><\/p>\n<a href=\"https:\/\/www.radiopiu.net\/wordpress\/wp-content\/uploads\/2023\/03\/odiolaradio-17-5.pdf\" class=\"pdfemb-viewer\" style=\"\" data-width=\"max\" data-height=\"max\" data-toolbar=\"top\" data-toolbar-fixed=\"on\">odiolaradio-17-5<\/a>\n<p>&nbsp;<\/p>\n<p>&nbsp;<\/p>\n<p>&nbsp;<\/p>\n<hr \/>\n<p>&nbsp;<\/p>\n<blockquote>\n<h3>UN CONCORSO PUBBLICO PER ASSUMERE 140 COMISSARI DELLA CARRIERA DEI FUNZIONARI DELLA POLIZIA DI STATO<\/h3>\n<\/blockquote>\n<p><strong><a class=\"dt-pswp-item\" href=\"https:\/\/www.radiopiu.net\/wordpress\/wp-content\/uploads\/2022\/05\/POLIZIA-2.jpg\" data-dt-img-description=\"\" data-large_image_width=\"1920\" data-large_image_height=\"1080\"><img loading=\"lazy\" decoding=\"async\" class=\" wp-image-278033 alignleft\" src=\"https:\/\/www.radiopiu.net\/wordpress\/wp-content\/uploads\/2022\/05\/POLIZIA-2-300x169.jpg\" alt=\"\" width=\"170\" height=\"96\" srcset=\"https:\/\/www.radiopiu.net\/wordpress\/wp-content\/uploads\/2022\/05\/POLIZIA-2-300x169.jpg 300w, https:\/\/www.radiopiu.net\/wordpress\/wp-content\/uploads\/2022\/05\/POLIZIA-2-1024x576.jpg 1024w, https:\/\/www.radiopiu.net\/wordpress\/wp-content\/uploads\/2022\/05\/POLIZIA-2-768x432.jpg 768w, https:\/\/www.radiopiu.net\/wordpress\/wp-content\/uploads\/2022\/05\/POLIZIA-2-1536x864.jpg 1536w, https:\/\/www.radiopiu.net\/wordpress\/wp-content\/uploads\/2022\/05\/POLIZIA-2.jpg 1920w\" sizes=\"auto, (max-width: 170px) 100vw, 170px\" \/><\/a>BELLUNO <\/strong>Sul Portale Unico del reclutamento, disponibile all\u2019indirizzo <a href=\"http:\/\/www.inpa.gov.it\">www.inpa.gov.it<\/a> nonch\u00e9 sul sito <a href=\"http:\/\/www.poliziadistato.it\">www.poliziadistato.it<\/a>, \u00e8 stato pubblicato il bando di concorso pubblico, per titoli ed esami, per l\u2019assunzione di 140 commissari della carriera dei funzionari della Polizia di Stato, indetto con decreto del 16 febbraio 2023. La domanda di partecipazione al concorso potr\u00e0 essere presentata, \u00a0dalle \u00a0ore \u00a000.00 del 18 febbraio 2023 alle ore 23.59 del 20 marzo 2023, sia tramite il Portale unico di reclutamento che mediante la procedura informatica disponibile all\u2019indirizzo <a href=\"https:\/\/concorsionline.poliziadistato.it\">https:\/\/concorsionline.poliziadistato.it<\/a> (cliccando sull\u2019icona \u201cConcorso pubblico\u201d).<\/p>\n<p>&nbsp;<\/p>\n<p>&nbsp;<\/p>\n<hr \/>\n<p>&nbsp;<\/p>\n<blockquote>\n<h3><a class=\"dt-pswp-item\" href=\"https:\/\/www.radiopiu.net\/wordpress\/wp-content\/uploads\/2023\/03\/la-copertina-del-libro-scaled.jpg\" data-dt-img-description=\"\" data-large_image_width=\"1686\" data-large_image_height=\"2560\"><img loading=\"lazy\" decoding=\"async\" class=\" wp-image-324599 alignleft\" src=\"https:\/\/www.radiopiu.net\/wordpress\/wp-content\/uploads\/2023\/03\/la-copertina-del-libro-198x300.jpg\" alt=\"\" width=\"107\" height=\"162\" srcset=\"https:\/\/www.radiopiu.net\/wordpress\/wp-content\/uploads\/2023\/03\/la-copertina-del-libro-198x300.jpg 198w, https:\/\/www.radiopiu.net\/wordpress\/wp-content\/uploads\/2023\/03\/la-copertina-del-libro-674x1024.jpg 674w, https:\/\/www.radiopiu.net\/wordpress\/wp-content\/uploads\/2023\/03\/la-copertina-del-libro-768x1166.jpg 768w, https:\/\/www.radiopiu.net\/wordpress\/wp-content\/uploads\/2023\/03\/la-copertina-del-libro-1012x1536.jpg 1012w, https:\/\/www.radiopiu.net\/wordpress\/wp-content\/uploads\/2023\/03\/la-copertina-del-libro-1349x2048.jpg 1349w, https:\/\/www.radiopiu.net\/wordpress\/wp-content\/uploads\/2023\/03\/la-copertina-del-libro-scaled.jpg 1686w\" sizes=\"auto, (max-width: 107px) 100vw, 107px\" \/><\/a>PRESENTAZIONE AL PUBBLICO DEL LIBRO DEL CENTENARIO DELLA SEZIONE ALPINI DI FELTRE<\/h3>\n<\/blockquote>\n<p><strong>FELTRE<\/strong> Domani alle 20.30 alla libreria Quattro Sass a Rasai di Seren del Grappa avr\u00e0 luogo un incontro per la presentazione del libro \u201c100 ANNI di Alpini a Feltre 1922-2022\u201d. Il libro, scritto a sei mani, raccoglie il ricordo di un secolo di vita sezionale, in cui date e avvenimenti si alternano in rapida successione, accompagnati dai nomi e dalle immagini dei protagonisti che hanno fatto la storia della famiglia alpina feltrina. Si tratta della testimonianza di cento anni di presenza attiva delle penne nere nella vita di Feltre e dei territori dei 40 Gruppi della Sezione.<\/p>\n<p>&nbsp;<\/p>\n<p>&nbsp;<\/p>\n<hr \/>\n<p>&nbsp;<\/p>\n<blockquote>\n<h3>PULIAMO FELTRE, CON GLI ECOVOLONTARI DELLA COMUNITA&#8217; MONTANA FELTRINA<\/h3>\n<\/blockquote>\n<p><strong><a class=\"dt-pswp-item\" href=\"https:\/\/www.radiopiu.net\/wordpress\/wp-content\/uploads\/2022\/10\/2_depuratore-di-Feltre.jpg\" data-dt-img-description=\"\" data-large_image_width=\"1536\" data-large_image_height=\"2048\"><img loading=\"lazy\" decoding=\"async\" class=\" wp-image-302148 alignleft\" src=\"https:\/\/www.radiopiu.net\/wordpress\/wp-content\/uploads\/2022\/10\/2_depuratore-di-Feltre-225x300.jpg\" alt=\"\" width=\"154\" height=\"205\" srcset=\"https:\/\/www.radiopiu.net\/wordpress\/wp-content\/uploads\/2022\/10\/2_depuratore-di-Feltre-225x300.jpg 225w, https:\/\/www.radiopiu.net\/wordpress\/wp-content\/uploads\/2022\/10\/2_depuratore-di-Feltre-768x1024.jpg 768w, https:\/\/www.radiopiu.net\/wordpress\/wp-content\/uploads\/2022\/10\/2_depuratore-di-Feltre-1152x1536.jpg 1152w, https:\/\/www.radiopiu.net\/wordpress\/wp-content\/uploads\/2022\/10\/2_depuratore-di-Feltre.jpg 1536w\" sizes=\"auto, (max-width: 154px) 100vw, 154px\" \/><\/a>FELTRE <\/strong>La mattina di domenica 19 marzo sar\u00e0 dedicata a questa importante iniziativa, che vedr\u00e0 i volontari del Palio, ma anche tutti i cittadini che vorranno aderire, impegnati nella pulizia della citt\u00e0 di Feltre, con particolare riferimento a luoghi o frazioni particolarmente significativi per i Quartieri. Il ritrovo \u00e8 previsto alle ore 8.30 a Pra\u2019 del Moro.\u00a0 La giornata, coordinata da alcuni volontari degli Ecovolontari, si concluder\u00e0 alle 13.00.Per l\u2019iscrizione si potr\u00e0 inviare una mail con i propri dati (cognome e nome, luogo e data di nascita, codice fiscale e indirizzo) alla mail ecovolontari.umfeltre@gmail.com o come messaggio privato alla pagina facebook <strong>@ecovolontari.umfeltre<\/strong>: questo consentir\u00e0 di attivare l\u2019assicurazione necessaria per partecipare alle attivit\u00e0.<\/p>\n<p>&nbsp;<\/p>\n<hr \/>\n<p>&nbsp;<\/p>\n<p>&nbsp;<\/p>\n<blockquote>\n<h3>DOMENICA CON IL CAI DI AGORDO<\/h3>\n<\/blockquote>\n<p><strong><a class=\"dt-pswp-item\" href=\"https:\/\/www.radiopiu.net\/wordpress\/wp-content\/uploads\/2023\/03\/Senza-nome-29.jpg\" data-dt-img-description=\"\" data-large_image_width=\"159\" data-large_image_height=\"128\"><img loading=\"lazy\" decoding=\"async\" class=\" wp-image-325525 alignleft\" src=\"https:\/\/www.radiopiu.net\/wordpress\/wp-content\/uploads\/2023\/03\/Senza-nome-29.jpg\" alt=\"\" width=\"127\" height=\"102\" \/><\/a>AGORDO<\/strong> Domenica escursione con le ciaspe a Cima Caladora nel gruppo delle Pale di San Martino, con questa escursione, termina il programma delle uscite invernali, fatta eccezione per il Corso SA2 di scialpinismo che ha avuto inizio sabato scorso, con la partecipazione di ben 12 agguerriti allievi. L&#8217; Assemblea Sezionale che si terr\u00e0 sabato 25 marzo segna di fatto il passaggio tra la stagione invernale e quella estiva. La Commissione Escursionismo, soddisfatta della partecipazione sin qui avuta alle escursioni, ringrazia tutti coloro che hanno seguito e animato le uscite in ambiente innevato<\/p>\n<p>&nbsp;<\/p>\n<hr \/>\n<p>&nbsp;<\/p>\n<blockquote>\n<h3>DOMENICA AL BELVEDERE&#8230; I MASSADORES<\/h3>\n<\/blockquote>\n<p><strong><img decoding=\"async\" class=\"aligncenter\" src=\"https:\/\/www.radiopiu.net\/wordpress\/wp-content\/uploads\/2023\/03\/53258137_2368329516525055_7985986139196489728_n.jpg\" \/> <\/strong><\/p>\n<p><strong>\u00a0<\/strong><\/p>\n<p><strong>SELVA DI CADORE<\/strong>\u00a0 Concerto a 2081 metri e che concerto, ritornano al ristoro belvere, cima fertazza, ski civetta i grandissimi LOS MASSADORES DOMENICA 12 MARZO DALLE 13.30\u00a0 PER CANTARE, BALLARE, FARE FESTA TUTTI INSIEME CON LA CREATIVIT\u00e0, FANTASIA E GRANDE MUSICA, INGRESSO LIBERO. SI ARRIVA IN SEGGIOVIA DA PESCUL-SELVA DI CADORE, DALLE 8.30 LOS MASSADORES IN CONCERTO DOMENICA 12 MARZO DALLE 13.30, \u00a0 AL RISTORO BELVEDERE\u00a0 info e prenotazioni tavoli 3283616725 <a class=\"moz-txt-link-abbreviated\" href=\"http:\/\/WWW.RISTOROBELVEDERE.IT\">WWW.RISTOROBELVEDERE.IT<\/a>\u00a0 O SOCIAL<\/p>\n<p>&nbsp;<\/p>\n<blockquote>\n<h3>DOMENICA FORCELLA AURINE LA GARA<\/h3>\n<h3>E&#8230;FORCELLA DE NA OLTA<\/h3>\n<\/blockquote>\n<p><strong><a class=\"dt-pswp-item\" href=\"https:\/\/www.radiopiu.net\/wordpress\/wp-content\/uploads\/2021\/11\/FORCELLA-AURINE.jpg\" data-dt-img-description=\"\" data-large_image_width=\"960\" data-large_image_height=\"720\"><img loading=\"lazy\" decoding=\"async\" class=\"size-medium wp-image-241538 aligncenter\" src=\"https:\/\/www.radiopiu.net\/wordpress\/wp-content\/uploads\/2021\/11\/FORCELLA-AURINE-300x225.jpg\" alt=\"\" width=\"300\" height=\"225\" srcset=\"https:\/\/www.radiopiu.net\/wordpress\/wp-content\/uploads\/2021\/11\/FORCELLA-AURINE-300x225.jpg 300w, https:\/\/www.radiopiu.net\/wordpress\/wp-content\/uploads\/2021\/11\/FORCELLA-AURINE-768x576.jpg 768w, https:\/\/www.radiopiu.net\/wordpress\/wp-content\/uploads\/2021\/11\/FORCELLA-AURINE.jpg 960w\" sizes=\"auto, (max-width: 300px) 100vw, 300px\" \/><\/a><\/strong><\/p>\n<p><strong>AURINE SKI DOLOMITI<\/strong> DOMENICA 12 MARZO, LA SFIDA, IN FAMIGLIA, TRA AMICI&#8230;SULLE NEVE, TRA LE PORTE DELLO SLALOM GIGANTE DOMENICA 12 MARZO DALLE 9.30 A FORCELLA AURINE VA IN SEGNA IL TROFEO ANA COPPA VENETO, ORGANIZZATA DAGLI ALPINI DI FRASSENE&#8217;. GARA APERTA A TUTTI, ISCRIZIONI ENTRO LE 18 DELL&#8217;11 MARZO AL BAR ALPINO E LITTLE BAR DI FRASSENE&#8217;. INFO 347 7242055, IN COLLABORAZIONE CON DESMA<\/p>\n<p>&nbsp;<\/p>\n<p>&nbsp;<\/p>\n<hr \/>\n<p>&nbsp;<\/p>\n<blockquote>\n<h3>CONCERTO PREMIO EDIZIONE 2022<\/h3>\n<\/blockquote>\n<p><strong>BELLUNO<\/strong> Per il secondo anno consecutivo il Centro Culturale di Longarone ospita il concerto-premio dell&#8217;edizione 2022 del Concorso Musicale Citt\u00e0 di Belluno (sezione Canto Moderno), sabato 11 marzo 2023 alle\u00a0 20:45. Quest&#8217;anno ci saranno due importanti novit\u00e0: l&#8217;allestimento floreale del palco da parte dei volontari dell&#8217;infiorata di Igne e la presenza di due ospiti d&#8217;onore: il Cantautore bellunese Alvise Bortolini e la meravigliosa voce di Jessica Lena. <em>&#8220;La volont\u00e0 \u00e8 sempre quella di promuovere i giovani talenti, di far conoscere lo splendido e prezioso lavoro dei nostri volontari&#8221; &#8211; dichiara il Consigliere delegato alla Cultura Anna Olivier &#8211; &#8220;e di creare situazioni di socialit\u00e0, all&#8217;insegna della Bellezza, in questo caso della buona musica&#8221;.\u00a0<\/em><\/p>\n<p>&nbsp;<\/p>\n<p>&nbsp;<\/p>\n<hr \/>\n<p>&nbsp;<\/p>\n<blockquote>\n<h3>A FINE APRILE AGORDO IN VISITA AI GEMELLI FRANCESI<\/h3>\n<\/blockquote>\n<p><strong><a class=\"dt-pswp-item\" href=\"https:\/\/www.radiopiu.net\/wordpress\/wp-content\/uploads\/2023\/02\/GEMELLAGGIO-AGORDO.jpg\" data-dt-img-description=\"\" data-large_image_width=\"374\" data-large_image_height=\"124\"><img loading=\"lazy\" decoding=\"async\" class=\"size-medium wp-image-323724 alignleft\" src=\"https:\/\/www.radiopiu.net\/wordpress\/wp-content\/uploads\/2023\/02\/GEMELLAGGIO-AGORDO-300x99.jpg\" alt=\"\" width=\"300\" height=\"99\" srcset=\"https:\/\/www.radiopiu.net\/wordpress\/wp-content\/uploads\/2023\/02\/GEMELLAGGIO-AGORDO-300x99.jpg 300w, https:\/\/www.radiopiu.net\/wordpress\/wp-content\/uploads\/2023\/02\/GEMELLAGGIO-AGORDO.jpg 374w\" sizes=\"auto, (max-width: 300px) 100vw, 300px\" \/><\/a>AGORDO<\/strong>\u00a0Il Comitato di gemellaggio ha organizzato una gita in Francia, dal 28 aprile al 01 maggio, occasione ideale per l\u2019inaugurazione del graffito di Dunio Piccolin, sar\u00e0 inaugurato s<span id=\"page3R_mcid9\" class=\"markedContent\"><span dir=\"ltr\" role=\"presentation\">abato 29 aprile nella\u00a0<\/span><span dir=\"ltr\" role=\"presentation\">sala delle\u00a0<\/span><span dir=\"ltr\" role=\"presentation\">feste con visita al\u00a0<\/span><span dir=\"ltr\" role=\"presentation\">castello di Dolomieu.\u00a0<span id=\"page3R_mcid11\" class=\"markedContent\">Domenica 30 visita alla citt\u00e0 di Grenoble, centro citt\u00e0, musei, Bastiglia.\u00a0<\/span><span id=\"page3R_mcid17\" class=\"markedContent\">Iscrizioni entro il 20 marzo scrivendo a<\/span><span id=\"page3R_mcid18\" class=\"markedContent\">\u00a0cgemellaggio.agordo@libero.it<\/span><span id=\"page3R_mcid19\" class=\"markedContent\">\u00a0Oppure chiamando il 3489159626<\/span><\/span><\/span><\/p>\n<h3>LO SPECIALE. OSPITI IN STUDIO: CLAUDIA CATTADORI E FABRIZIO CAMPEDEL<\/h3>\n<audio class=\"wp-audio-shortcode\" id=\"audio-325333-8\" preload=\"none\" style=\"width: 100%;\" controls=\"controls\"><source type=\"audio\/mpeg\" src=\"https:\/\/www.radiopiu.net\/wordpress\/wp-content\/uploads\/2023\/02\/GEMELLAGGIO-DOLOMIEU.mp3?_=8\" \/><a href=\"https:\/\/www.radiopiu.net\/wordpress\/wp-content\/uploads\/2023\/02\/GEMELLAGGIO-DOLOMIEU.mp3\">https:\/\/www.radiopiu.net\/wordpress\/wp-content\/uploads\/2023\/02\/GEMELLAGGIO-DOLOMIEU.mp3<\/a><\/audio>\n<p>&nbsp;<\/p>\n<hr \/>\n<p>&nbsp;<\/p>\n<p><strong>ATOMIC PARTY CON I FUTURI PERITI CHIMICI, DUE SERATA DI FESTA, LISCIO E DISCOTECA CON DJ BISSO, 17-18 MARZO AL PALFALCADE. APERITIVI, GIOCHI, BALLI&#8230; DIVERTIMENTO\u00a0<\/strong><\/p>\n<p><a class=\"dt-pswp-item\" href=\"https:\/\/www.radiopiu.net\/wordpress\/wp-content\/uploads\/2023\/03\/Donazione-CDL-Ecografo-Ospedale-Borgo-Trento-1-300x225-1.jpeg\" data-dt-img-description=\"\" data-large_image_width=\"1122\" data-large_image_height=\"374\"><img loading=\"lazy\" decoding=\"async\" class=\"size-medium wp-image-324677 aligncenter\" src=\"https:\/\/www.radiopiu.net\/wordpress\/wp-content\/uploads\/2023\/03\/Donazione-CDL-Ecografo-Ospedale-Borgo-Trento-1-300x225-1-300x100.jpeg\" alt=\"\" width=\"300\" height=\"100\" srcset=\"https:\/\/www.radiopiu.net\/wordpress\/wp-content\/uploads\/2023\/03\/Donazione-CDL-Ecografo-Ospedale-Borgo-Trento-1-300x225-1-300x100.jpeg 300w, https:\/\/www.radiopiu.net\/wordpress\/wp-content\/uploads\/2023\/03\/Donazione-CDL-Ecografo-Ospedale-Borgo-Trento-1-300x225-1-1024x341.jpeg 1024w, https:\/\/www.radiopiu.net\/wordpress\/wp-content\/uploads\/2023\/03\/Donazione-CDL-Ecografo-Ospedale-Borgo-Trento-1-300x225-1-768x256.jpeg 768w, https:\/\/www.radiopiu.net\/wordpress\/wp-content\/uploads\/2023\/03\/Donazione-CDL-Ecografo-Ospedale-Borgo-Trento-1-300x225-1.jpeg 1122w\" sizes=\"auto, (max-width: 300px) 100vw, 300px\" \/><\/a><a class=\"dt-pswp-item\" href=\"https:\/\/www.radiopiu.net\/wordpress\/wp-content\/uploads\/2023\/03\/Atomic-Party-2023-1.jpg\" data-dt-img-description=\"\" data-large_image_width=\"1032\" data-large_image_height=\"1141\"><img loading=\"lazy\" decoding=\"async\" class=\"size-medium wp-image-324664 aligncenter\" src=\"https:\/\/www.radiopiu.net\/wordpress\/wp-content\/uploads\/2023\/03\/Atomic-Party-2023-1-271x300.jpg\" alt=\"\" width=\"271\" height=\"300\" srcset=\"https:\/\/www.radiopiu.net\/wordpress\/wp-content\/uploads\/2023\/03\/Atomic-Party-2023-1-271x300.jpg 271w, https:\/\/www.radiopiu.net\/wordpress\/wp-content\/uploads\/2023\/03\/Atomic-Party-2023-1-926x1024.jpg 926w, https:\/\/www.radiopiu.net\/wordpress\/wp-content\/uploads\/2023\/03\/Atomic-Party-2023-1-768x849.jpg 768w, https:\/\/www.radiopiu.net\/wordpress\/wp-content\/uploads\/2023\/03\/Atomic-Party-2023-1.jpg 1032w\" sizes=\"auto, (max-width: 271px) 100vw, 271px\" \/><\/a><\/p>\n<p>&nbsp;<\/p>\n<p>&nbsp;<\/p>\n<hr \/>\n<blockquote>\n<h3><\/h3>\n<h3>IL 19 MARZO TORNA SUL BROI LA VECIA POPA<\/h3>\n<\/blockquote>\n<p><strong>AGORDO<\/strong>\u00a0La Vecia Popa \u00e8 pronta per tonare sul Broi di Agordo . L\u2019Appuntamento \u00e8 per domenica 19 marzo con la festa e l\u2019atteso testamento.<\/p>\n<div id=\"gallery-5\" class=\"dt-gallery-container gallery galleryid-323239 gallery-columns-2 gallery-size-medium\">\n<dl class=\"gallery-item\">\n<dt class=\"gallery-icon landscape\"><a class=\"rollover rollover-zoom dt-pswp-item pspw-wrap-ready this-ready\" title=\"dee7dc2b-e175-4363-a25e-dfe83fa36671\" href=\"https:\/\/www.radiopiu.net\/wordpress\/wp-content\/uploads\/2023\/02\/dee7dc2b-e175-4363-a25e-dfe83fa36671.jpg\" data-dt-img-description=\"\" data-large_image_width=\"813\" data-large_image_height=\"540\"><img loading=\"lazy\" decoding=\"async\" class=\"attachment-medium size-medium\" src=\"https:\/\/www.radiopiu.net\/wordpress\/wp-content\/uploads\/2023\/02\/dee7dc2b-e175-4363-a25e-dfe83fa36671-300x199.jpg\" sizes=\"auto, (max-width: 300px) 100vw, 300px\" srcset=\"https:\/\/www.radiopiu.net\/wordpress\/wp-content\/uploads\/2023\/02\/dee7dc2b-e175-4363-a25e-dfe83fa36671-300x199.jpg 300w, https:\/\/www.radiopiu.net\/wordpress\/wp-content\/uploads\/2023\/02\/dee7dc2b-e175-4363-a25e-dfe83fa36671-768x510.jpg 768w, https:\/\/www.radiopiu.net\/wordpress\/wp-content\/uploads\/2023\/02\/dee7dc2b-e175-4363-a25e-dfe83fa36671.jpg 813w\" alt=\"\" width=\"300\" height=\"199\" \/><i><\/i><\/a><\/dt>\n<\/dl>\n<dl class=\"gallery-item\">\n<dt class=\"gallery-icon landscape\"><a class=\"rollover rollover-zoom dt-pswp-item pspw-wrap-ready this-ready\" title=\"ddc0aeda-a4e9-4a5b-b809-227e841efa46\" href=\"https:\/\/www.radiopiu.net\/wordpress\/wp-content\/uploads\/2023\/02\/ddc0aeda-a4e9-4a5b-b809-227e841efa46.jpg\" data-dt-img-description=\"\" data-large_image_width=\"300\" data-large_image_height=\"199\"><img loading=\"lazy\" decoding=\"async\" class=\"attachment-medium size-medium\" src=\"https:\/\/www.radiopiu.net\/wordpress\/wp-content\/uploads\/2023\/02\/ddc0aeda-a4e9-4a5b-b809-227e841efa46.jpg\" alt=\"\" width=\"300\" height=\"199\" \/><\/a><\/dt>\n<\/dl>\n<\/div>\n<p>&nbsp;<\/p>\n<hr \/>\n<p>&nbsp;<\/p>\n<p>&nbsp;<\/p>\n<blockquote>\n<h2>SAGRA DE PASCA 2023<\/h2>\n<\/blockquote>\n<h3><a class=\"dt-pswp-item\" href=\"https:\/\/www.radiopiu.net\/wordpress\/wp-content\/uploads\/2023\/02\/7307e364-61f7-46fa-b7c5-8a7099f1201d.jpg\" data-dt-img-description=\"\" data-large_image_width=\"1536\" data-large_image_height=\"2048\"><img loading=\"lazy\" decoding=\"async\" class=\" wp-image-324071 alignleft\" src=\"https:\/\/www.radiopiu.net\/wordpress\/wp-content\/uploads\/2023\/02\/7307e364-61f7-46fa-b7c5-8a7099f1201d-225x300.jpg\" alt=\"\" width=\"162\" height=\"216\" srcset=\"https:\/\/www.radiopiu.net\/wordpress\/wp-content\/uploads\/2023\/02\/7307e364-61f7-46fa-b7c5-8a7099f1201d-225x300.jpg 225w, https:\/\/www.radiopiu.net\/wordpress\/wp-content\/uploads\/2023\/02\/7307e364-61f7-46fa-b7c5-8a7099f1201d-768x1024.jpg 768w, https:\/\/www.radiopiu.net\/wordpress\/wp-content\/uploads\/2023\/02\/7307e364-61f7-46fa-b7c5-8a7099f1201d-1152x1536.jpg 1152w, https:\/\/www.radiopiu.net\/wordpress\/wp-content\/uploads\/2023\/02\/7307e364-61f7-46fa-b7c5-8a7099f1201d.jpg 1536w\" sizes=\"auto, (max-width: 162px) 100vw, 162px\" \/><\/a><\/h3>\n<h3><\/h3>\n<h3>APRILE&#8230;. 6 &#8211; 7 &#8211; 8 &#8211; 9 LA SAGRA DE PASCA<\/h3>\n<h3>Scusate il ritardo&#8230;. Si riparte ancora pi\u00f9 forte<\/h3>\n<h3>GRUPPO SPORTIVO, DONATORI DEL SANGUE E PROLOCO DI TAIBON AGORDINO &#8230;..<\/h3>\n<h3><\/h3>\n<p>&nbsp;<\/p>\n<p>&nbsp;<\/p>\n<p>&nbsp;<\/p>\n<p>&nbsp;<\/p>\n<hr \/>\n<p>&nbsp;<\/p>\n<h3><span style=\"color: #ff0000;\"><strong>BIRRERIA IN PEDAVENA, LA VALLE AGORDINA<\/strong><\/span><\/h3>\n<p><a class=\"dt-pswp-item\" href=\"https:\/\/www.radiopiu.net\/wordpress\/wp-content\/uploads\/2023\/03\/b792042d-80e5-4ca6-b404-baac8e9b3b6c.jpg\" data-dt-img-description=\"\" data-large_image_width=\"953\" data-large_image_height=\"953\"><img loading=\"lazy\" decoding=\"async\" class=\"size-medium wp-image-325414 aligncenter\" src=\"https:\/\/www.radiopiu.net\/wordpress\/wp-content\/uploads\/2023\/03\/b792042d-80e5-4ca6-b404-baac8e9b3b6c-300x300.jpg\" alt=\"\" width=\"300\" height=\"300\" srcset=\"https:\/\/www.radiopiu.net\/wordpress\/wp-content\/uploads\/2023\/03\/b792042d-80e5-4ca6-b404-baac8e9b3b6c-300x300.jpg 300w, https:\/\/www.radiopiu.net\/wordpress\/wp-content\/uploads\/2023\/03\/b792042d-80e5-4ca6-b404-baac8e9b3b6c-150x150.jpg 150w, https:\/\/www.radiopiu.net\/wordpress\/wp-content\/uploads\/2023\/03\/b792042d-80e5-4ca6-b404-baac8e9b3b6c-768x768.jpg 768w, https:\/\/www.radiopiu.net\/wordpress\/wp-content\/uploads\/2023\/03\/b792042d-80e5-4ca6-b404-baac8e9b3b6c.jpg 953w\" sizes=\"auto, (max-width: 300px) 100vw, 300px\" \/><\/a><\/p>\n<p>&nbsp;<\/p>\n<hr \/>\n<p>&nbsp;<\/p>\n<blockquote>\n<h3>GINNASTICA POSTURALE A CANALE D&#8217;AGORDO<\/h3>\n<\/blockquote>\n<p><strong>CANALE D&#8217;AGORDO <\/strong>Sono aperte le iscrizioni al corso di ginnastica posturale con la fisioterapista Silvana Andrich, che inizier\u00e0 a Canale d&#8217;Agordo luned\u00ec 17 aprile 2023.\u00a0 I posti sono limitati. Prenotazioni al 3779665237.<\/p>\n<p>&nbsp;<\/p>\n<p>&nbsp;<\/p>\n<hr \/>\n<p>&nbsp;<\/p>\n<blockquote>\n<h3>GITA IN SVIZZERA, ANCORA POSTI DISPONIBILI<\/h3>\n<\/blockquote>\n<p><strong>AGORDO<\/strong> Rimangono a disposizione alcuni posti disponibili per la gita organizzata in Svizzera a Locarno e Lugano. Per informazioni e prenotazioni 0437 640471 oppure 333 8892617<\/p>\n<p>&nbsp;<\/p>\n<p>&nbsp;<\/p>\n<p>&nbsp;<\/p>\n<hr \/>\n<p>&nbsp;<\/p>\n<blockquote>\n<h3>IL LIBRETTO-REPERTO \u201cAGORDO E IL SUO BURRO\u201d PEZZO PREGIATO DEL MERCATINO PRO YOLANDRE<\/h3>\n<\/blockquote>\n<p><strong>di Renato Bona<\/strong><\/p>\n<p>Una autentica \u201cchicca\u201d. E\u2019 il libretto-reperto \u201cAgordo e il suo burro\u201d che ho potuto acquisire grazie all\u2019amica Elisa Dalla Rossa (che &#8211; benemerita &#8211; ha nuovamente attivato il mercatino dell\u2019usato nella Piazza delle Erbe di Belluno, con lo scopo di raccogliere fondi da devolvere all\u2019associazione Yolandre che si occupa di progetti assistenziali per famiglie povere con bambini del Madagascar). L\u2019iniziativa della pubblicazione era stata nel 1927 (anno quinto dell\u2019era fascista, come viene precisato) del dott. Camillo Boni della \u201cCattedra ambulante di agricoltura per la Provincia di Belluno\u201d, libretto stampato dalle premiate officine grafiche C. Ferrari di Venezia; foto di Burloni, disegni e immagini dello stesso Boni. Lo scopo? Lo precisava l\u2019autore nell\u2019introduzione: \u201cfar conoscere al gran pubblico la \u2018Societ\u00e0 delle Latterie agordine\u2019 e mostrare agli agricoltori i vantaggi ed i benefici della cooperazione\u201d. Perci\u00f2 &#8211; specificava &#8211; \u201calcune notizie sui luoghi di produzione, un po\u2019 di storia delle latterie e della societ\u00e0 che le riunisce, qualche ragguaglio sulla cooperazione e sopra i suoi benefici e nulla pi\u00f9\u201d. Aggiungendo l\u2019auspicio che \u201ci consumatori del suo burro, anzi i buongustai &#8211; specialmente i meridionali che non hanno la possibilit\u00e0 di visitare questo paese &#8211; conoscano l\u2019origine e la storia del pregevole prodotto\u201d, e concludendo: \u201cLieto sar\u00f2 se le mie parole avranno attirato verso le Alpi, anche solo un poco, tanti occhi che guardano altrove vanamente. Tutti noi italiani dobbiamo essere orgogliosi dei nostri montanari perch\u00e9 sono buoni e laboriosissimi: gli alpini della grande guerra erano i loro figliuoli\u201d. In apertura, il libretto propone una sintetica storia dell\u2019Agordino prima di esaltare la figura del cav. Raffaele Costa dirigente della Societ\u00e0 delle Latterie Agordine, che \u201cnel burro mette veramente un po\u2019 della sua bont\u00e0, e lo segue con amore mentre lo preparano e anche, in ispirito, durante i lunghi viaggi\u2026 chi gli \u00e8 stato vicino, sa come egli sempre abbia lavorato 16 ore al giorno!\u201d. E ancora Boni a soffermarsi doverosamente a dire che \u201cil merito \u00e8 tutto del sacerdote don Antonio Della Lucia che \u00e8 nato e cresciuto fra questi monti, nella pittoresca borgata di Frassen\u00e8, figlio di umili agricoltori, parroco a S. Tommaso e molti anni arciprete a Forno di Canale dove, occupandosi di cose agricole, gli sorse l\u2019idea di organizzare la produzione dei latticini, cos\u00ec diffusa anche in quei tempi ormai lontani, in queste contrade e nelle circostanti\u201d. Specificando che: \u201c\u2026 volle portare a termine il suo sogno, lottando con ardore, superando tutti gli ostacoli che allora pi\u00f9 che ora, in ambienti tanto primitivi s\u2019opponevano all\u2019attuazione di simili progetti e riusc\u00ec infine a riunire pochi volonterosi suoi parrocchiani che cedettero alle insistenze e fondarono nel 1872 la prima latteria cooperativa d\u2019Italia, pi\u00f9 per compiacere il loro parroco che per convinzione. La quale venne dopo, e si diffuse\u201d. Nel 1901 veniva eretta in Agordo, con i risparmi dei soci, la sede della societ\u00e0 che riuniva ben 17 latterie; una sede semplice, ampia ed ariosa. Fra quanti concorsero all\u2019impresa, il cav. Luigi Volpe di Belluno, medico veterinario, condotto lass\u00f9 dalla professione, legato sin dagli inizi alla Societ\u00e0 della quale fu consulente e consigliere; il medico Federico Ricci, primo presidente; l\u2019ispettore forestale Luigi Moro, il prof. Martino Gnech di Rivamonte, il signor Ferdinando Favretti da Zoldo, il figlio Augusto, il cav. Sante Zand\u00f2 di Falcade ed altri fra cui G.B. Moro che fu anche presidente, Nel 1982, in occasione dell\u2019Esposizione nazionale di Palermo, la Societ\u00e0 agordina present\u00f2 una relazione in cui si leggeva: \u201cIl latte che prima era calcolato come un prodotto infruttifero, o come magro elemento di vitto delle famiglie, ha fatto in 19 anni introitare quasi due milioni e mezzo di lire, ed \u00e8 certo che questa somma verr\u00e0 in tempo eguale pi\u00f9 che raddoppiata\u201d. L\u2019autore del libretto annunciava poi che \u201cla cifra sale a 10 milioni e mezzo di lire per un totale di 2 milioni 400 mila chilogrammi di burro. E quindi si soffermava ad illustrare i meriti dell\u2019Associazione e le sue attivit\u00e0, con particolare riguardo al movimento commerciale, a riferire \u201cquel che si dice del burro agordino\u201d, concludendo con l\u2019elencazione delle 52 latterie che facevano capo alla Societ\u00e0 e sottolineando che \u201cfra tutte ve n\u2019\u00e9 qualcuna di caratteristica con antichi apparecchi, vecchie caldaie, primitive zangole, rustiche gramole e curiosi vasi di legno\u201d.<\/p>\n\n\t\t\t<style type='text\/css'>\n\t\t\t\t#gallery-3 {\n\t\t\t\t\tmargin: auto;\n\t\t\t\t}\n\t\t\t\t#gallery-3 .gallery-item {\n\t\t\t\t\tfloat: left;\n\t\t\t\t\tmargin-top: 10px;\n\t\t\t\t\ttext-align: center;\n\t\t\t\t\twidth: 16%;\n\t\t\t\t}\n\t\t\t\t#gallery-3 img {\n\t\t\t\t\tborder: 2px solid #cfcfcf;\n\t\t\t\t}\n\t\t\t\t#gallery-3 .gallery-caption {\n\t\t\t\t\tmargin-left: 0;\n\t\t\t\t}\n\t\t\t\t\/* see gallery_shortcode() in wp-includes\/media.php *\/\n\t\t\t<\/style>\n\t\t<div id='gallery-3' class='dt-gallery-container gallery galleryid-325333 gallery-columns-6 gallery-size-thumbnail'><dl class='gallery-item'>\n\t\t\t\t<dt class='gallery-icon portrait'>\n\t\t\t\t\t<a class=\"rollover rollover-zoom dt-pswp-item\" title=\"332712333_548615567094850_4098180338618627191_n\" data-dt-img-description=\"\" data-large_image_width=\"307\" data-large_image_height=\"540\"href='https:\/\/www.radiopiu.net\/wordpress\/wp-content\/uploads\/2023\/03\/332712333_548615567094850_4098180338618627191_n.jpg'><img loading=\"lazy\" decoding=\"async\" width=\"150\" height=\"150\" src=\"https:\/\/www.radiopiu.net\/wordpress\/wp-content\/uploads\/2023\/03\/332712333_548615567094850_4098180338618627191_n-150x150.jpg\" class=\"attachment-thumbnail size-thumbnail\" alt=\"\" \/><\/a>\n\t\t\t\t<\/dt><\/dl><dl class='gallery-item'>\n\t\t\t\t<dt class='gallery-icon landscape'>\n\t\t\t\t\t<a class=\"rollover rollover-zoom dt-pswp-item\" title=\"332774120_180316304716514_5721612368039639501_n\" data-dt-img-description=\"\" data-large_image_width=\"417\" data-large_image_height=\"401\"href='https:\/\/www.radiopiu.net\/wordpress\/wp-content\/uploads\/2023\/03\/332774120_180316304716514_5721612368039639501_n.jpg'><img loading=\"lazy\" decoding=\"async\" width=\"150\" height=\"150\" src=\"https:\/\/www.radiopiu.net\/wordpress\/wp-content\/uploads\/2023\/03\/332774120_180316304716514_5721612368039639501_n-150x150.jpg\" class=\"attachment-thumbnail size-thumbnail\" alt=\"\" \/><\/a>\n\t\t\t\t<\/dt><\/dl><dl class='gallery-item'>\n\t\t\t\t<dt class='gallery-icon landscape'>\n\t\t\t\t\t<a class=\"rollover rollover-zoom dt-pswp-item\" title=\"333931904_753742952743844_3563208237407056183_n\" data-dt-img-description=\"\" data-large_image_width=\"511\" data-large_image_height=\"403\"href='https:\/\/www.radiopiu.net\/wordpress\/wp-content\/uploads\/2023\/03\/333931904_753742952743844_3563208237407056183_n.jpg'><img loading=\"lazy\" decoding=\"async\" width=\"150\" height=\"150\" src=\"https:\/\/www.radiopiu.net\/wordpress\/wp-content\/uploads\/2023\/03\/333931904_753742952743844_3563208237407056183_n-150x150.jpg\" class=\"attachment-thumbnail size-thumbnail\" alt=\"\" \/><\/a>\n\t\t\t\t<\/dt><\/dl><dl class='gallery-item'>\n\t\t\t\t<dt class='gallery-icon portrait'>\n\t\t\t\t\t<a class=\"rollover rollover-zoom dt-pswp-item\" title=\"332722042_505552761780149_7203245269694072780_n\" data-dt-img-description=\"\" data-large_image_width=\"328\" data-large_image_height=\"403\"href='https:\/\/www.radiopiu.net\/wordpress\/wp-content\/uploads\/2023\/03\/332722042_505552761780149_7203245269694072780_n.jpg'><img loading=\"lazy\" decoding=\"async\" width=\"150\" height=\"150\" src=\"https:\/\/www.radiopiu.net\/wordpress\/wp-content\/uploads\/2023\/03\/332722042_505552761780149_7203245269694072780_n-150x150.jpg\" class=\"attachment-thumbnail size-thumbnail\" alt=\"\" \/><\/a>\n\t\t\t\t<\/dt><\/dl><dl class='gallery-item'>\n\t\t\t\t<dt class='gallery-icon landscape'>\n\t\t\t\t\t<a class=\"rollover rollover-zoom dt-pswp-item\" title=\"333938552_1647250319039193_163124013753313597_n\" data-dt-img-description=\"\" data-large_image_width=\"580\" data-large_image_height=\"403\"href='https:\/\/www.radiopiu.net\/wordpress\/wp-content\/uploads\/2023\/03\/333938552_1647250319039193_163124013753313597_n.jpg'><img loading=\"lazy\" decoding=\"async\" width=\"150\" height=\"150\" src=\"https:\/\/www.radiopiu.net\/wordpress\/wp-content\/uploads\/2023\/03\/333938552_1647250319039193_163124013753313597_n-150x150.jpg\" class=\"attachment-thumbnail size-thumbnail\" alt=\"\" \/><\/a>\n\t\t\t\t<\/dt><\/dl><dl class='gallery-item'>\n\t\t\t\t<dt class='gallery-icon portrait'>\n\t\t\t\t\t<a class=\"rollover rollover-zoom dt-pswp-item\" title=\"332625107_1295770321010423_4814466196038575611_n\" data-dt-img-description=\"\" data-large_image_width=\"312\" data-large_image_height=\"480\"href='https:\/\/www.radiopiu.net\/wordpress\/wp-content\/uploads\/2023\/03\/332625107_1295770321010423_4814466196038575611_n.jpg'><img loading=\"lazy\" decoding=\"async\" width=\"150\" height=\"150\" src=\"https:\/\/www.radiopiu.net\/wordpress\/wp-content\/uploads\/2023\/03\/332625107_1295770321010423_4814466196038575611_n-150x150.jpg\" class=\"attachment-thumbnail size-thumbnail\" alt=\"\" \/><\/a>\n\t\t\t\t<\/dt><\/dl><br style=\"clear: both\" \/><dl class='gallery-item'>\n\t\t\t\t<dt class='gallery-icon portrait'>\n\t\t\t\t\t<a class=\"rollover rollover-zoom dt-pswp-item\" title=\"332846780_1446743742799370_1183321547951949322_n\" data-dt-img-description=\"\" data-large_image_width=\"300\" data-large_image_height=\"480\"href='https:\/\/www.radiopiu.net\/wordpress\/wp-content\/uploads\/2023\/03\/332846780_1446743742799370_1183321547951949322_n.jpg'><img loading=\"lazy\" decoding=\"async\" width=\"150\" height=\"150\" src=\"https:\/\/www.radiopiu.net\/wordpress\/wp-content\/uploads\/2023\/03\/332846780_1446743742799370_1183321547951949322_n-150x150.jpg\" class=\"attachment-thumbnail size-thumbnail\" alt=\"\" \/><\/a>\n\t\t\t\t<\/dt><\/dl><dl class='gallery-item'>\n\t\t\t\t<dt class='gallery-icon portrait'>\n\t\t\t\t\t<a class=\"rollover rollover-zoom dt-pswp-item\" title=\"333429492_1141439496521779_8960513617310647007_n\" data-dt-img-description=\"\" data-large_image_width=\"301\" data-large_image_height=\"414\"href='https:\/\/www.radiopiu.net\/wordpress\/wp-content\/uploads\/2023\/03\/333429492_1141439496521779_8960513617310647007_n.jpg'><img loading=\"lazy\" decoding=\"async\" width=\"150\" height=\"150\" src=\"https:\/\/www.radiopiu.net\/wordpress\/wp-content\/uploads\/2023\/03\/333429492_1141439496521779_8960513617310647007_n-150x150.jpg\" class=\"attachment-thumbnail size-thumbnail\" alt=\"\" \/><\/a>\n\t\t\t\t<\/dt><\/dl><dl class='gallery-item'>\n\t\t\t\t<dt class='gallery-icon portrait'>\n\t\t\t\t\t<a class=\"rollover rollover-zoom dt-pswp-item\" title=\"333184488_590737409328376_2027623458451819145_n\" data-dt-img-description=\"\" data-large_image_width=\"311\" data-large_image_height=\"403\"href='https:\/\/www.radiopiu.net\/wordpress\/wp-content\/uploads\/2023\/03\/333184488_590737409328376_2027623458451819145_n.jpg'><img loading=\"lazy\" decoding=\"async\" width=\"150\" height=\"150\" src=\"https:\/\/www.radiopiu.net\/wordpress\/wp-content\/uploads\/2023\/03\/333184488_590737409328376_2027623458451819145_n-150x150.jpg\" class=\"attachment-thumbnail size-thumbnail\" alt=\"\" \/><\/a>\n\t\t\t\t<\/dt><\/dl><dl class='gallery-item'>\n\t\t\t\t<dt class='gallery-icon landscape'>\n\t\t\t\t\t<a class=\"rollover rollover-zoom dt-pswp-item\" title=\"332524213_584795436648122_815454178105537395_n\" data-dt-img-description=\"\" data-large_image_width=\"608\" data-large_image_height=\"403\"href='https:\/\/www.radiopiu.net\/wordpress\/wp-content\/uploads\/2023\/03\/332524213_584795436648122_815454178105537395_n.jpg'><img loading=\"lazy\" decoding=\"async\" width=\"150\" height=\"150\" src=\"https:\/\/www.radiopiu.net\/wordpress\/wp-content\/uploads\/2023\/03\/332524213_584795436648122_815454178105537395_n-150x150.jpg\" class=\"attachment-thumbnail size-thumbnail\" alt=\"\" \/><\/a>\n\t\t\t\t<\/dt><\/dl><dl class='gallery-item'>\n\t\t\t\t<dt class='gallery-icon portrait'>\n\t\t\t\t\t<a class=\"rollover rollover-zoom dt-pswp-item\" title=\"332944035_255002770290992_2577481911753016616_n\" data-dt-img-description=\"\" data-large_image_width=\"320\" data-large_image_height=\"471\"href='https:\/\/www.radiopiu.net\/wordpress\/wp-content\/uploads\/2023\/03\/332944035_255002770290992_2577481911753016616_n.jpg'><img loading=\"lazy\" decoding=\"async\" width=\"150\" height=\"150\" src=\"https:\/\/www.radiopiu.net\/wordpress\/wp-content\/uploads\/2023\/03\/332944035_255002770290992_2577481911753016616_n-150x150.jpg\" class=\"attachment-thumbnail size-thumbnail\" alt=\"\" \/><\/a>\n\t\t\t\t<\/dt><\/dl><dl class='gallery-item'>\n\t\t\t\t<dt class='gallery-icon portrait'>\n\t\t\t\t\t<a class=\"rollover rollover-zoom dt-pswp-item\" title=\"333210799_204958655539233_7971893774616669487_n\" data-dt-img-description=\"\" data-large_image_width=\"310\" data-large_image_height=\"480\"href='https:\/\/www.radiopiu.net\/wordpress\/wp-content\/uploads\/2023\/03\/333210799_204958655539233_7971893774616669487_n.jpg'><img loading=\"lazy\" decoding=\"async\" width=\"150\" height=\"150\" src=\"https:\/\/www.radiopiu.net\/wordpress\/wp-content\/uploads\/2023\/03\/333210799_204958655539233_7971893774616669487_n-150x150.jpg\" class=\"attachment-thumbnail size-thumbnail\" alt=\"\" \/><\/a>\n\t\t\t\t<\/dt><\/dl><br style=\"clear: both\" \/><dl class='gallery-item'>\n\t\t\t\t<dt class='gallery-icon landscape'>\n\t\t\t\t\t<a class=\"rollover rollover-zoom dt-pswp-item\" title=\"333814236_1100012088058798_4066482421597010182_n\" data-dt-img-description=\"\" data-large_image_width=\"526\" data-large_image_height=\"401\"href='https:\/\/www.radiopiu.net\/wordpress\/wp-content\/uploads\/2023\/03\/333814236_1100012088058798_4066482421597010182_n.jpg'><img loading=\"lazy\" decoding=\"async\" width=\"150\" height=\"150\" src=\"https:\/\/www.radiopiu.net\/wordpress\/wp-content\/uploads\/2023\/03\/333814236_1100012088058798_4066482421597010182_n-150x150.jpg\" class=\"attachment-thumbnail size-thumbnail\" alt=\"\" \/><\/a>\n\t\t\t\t<\/dt><\/dl><dl class='gallery-item'>\n\t\t\t\t<dt class='gallery-icon portrait'>\n\t\t\t\t\t<a class=\"rollover rollover-zoom dt-pswp-item\" title=\"333833101_6091146770906666_383417228191710657_n\" data-dt-img-description=\"\" data-large_image_width=\"320\" data-large_image_height=\"456\"href='https:\/\/www.radiopiu.net\/wordpress\/wp-content\/uploads\/2023\/03\/333833101_6091146770906666_383417228191710657_n.jpg'><img loading=\"lazy\" decoding=\"async\" width=\"150\" height=\"150\" src=\"https:\/\/www.radiopiu.net\/wordpress\/wp-content\/uploads\/2023\/03\/333833101_6091146770906666_383417228191710657_n-150x150.jpg\" class=\"attachment-thumbnail size-thumbnail\" alt=\"\" \/><\/a>\n\t\t\t\t<\/dt><\/dl><dl class='gallery-item'>\n\t\t\t\t<dt class='gallery-icon landscape'>\n\t\t\t\t\t<a class=\"rollover rollover-zoom dt-pswp-item\" title=\"332452623_192240810096888_2587119133310388082_n\" data-dt-img-description=\"\" data-large_image_width=\"612\" data-large_image_height=\"403\"href='https:\/\/www.radiopiu.net\/wordpress\/wp-content\/uploads\/2023\/03\/332452623_192240810096888_2587119133310388082_n.jpg'><img loading=\"lazy\" decoding=\"async\" width=\"150\" height=\"150\" src=\"https:\/\/www.radiopiu.net\/wordpress\/wp-content\/uploads\/2023\/03\/332452623_192240810096888_2587119133310388082_n-150x150.jpg\" class=\"attachment-thumbnail size-thumbnail\" alt=\"\" \/><\/a>\n\t\t\t\t<\/dt><\/dl><dl class='gallery-item'>\n\t\t\t\t<dt class='gallery-icon landscape'>\n\t\t\t\t\t<a class=\"rollover rollover-zoom dt-pswp-item\" title=\"332921140_219842137269718_468718127998537642_n\" data-dt-img-description=\"\" data-large_image_width=\"600\" data-large_image_height=\"403\"href='https:\/\/www.radiopiu.net\/wordpress\/wp-content\/uploads\/2023\/03\/332921140_219842137269718_468718127998537642_n.jpg'><img loading=\"lazy\" decoding=\"async\" width=\"150\" height=\"150\" src=\"https:\/\/www.radiopiu.net\/wordpress\/wp-content\/uploads\/2023\/03\/332921140_219842137269718_468718127998537642_n-150x150.jpg\" class=\"attachment-thumbnail size-thumbnail\" alt=\"\" \/><\/a>\n\t\t\t\t<\/dt><\/dl><dl class='gallery-item'>\n\t\t\t\t<dt class='gallery-icon landscape'>\n\t\t\t\t\t<a class=\"rollover rollover-zoom dt-pswp-item\" title=\"333012881_714482333746599_7137887852682321745_n\" data-dt-img-description=\"\" data-large_image_width=\"638\" data-large_image_height=\"403\"href='https:\/\/www.radiopiu.net\/wordpress\/wp-content\/uploads\/2023\/03\/333012881_714482333746599_7137887852682321745_n.jpg'><img loading=\"lazy\" decoding=\"async\" width=\"150\" height=\"150\" src=\"https:\/\/www.radiopiu.net\/wordpress\/wp-content\/uploads\/2023\/03\/333012881_714482333746599_7137887852682321745_n-150x150.jpg\" class=\"attachment-thumbnail size-thumbnail\" alt=\"\" \/><\/a>\n\t\t\t\t<\/dt><\/dl><dl class='gallery-item'>\n\t\t\t\t<dt class='gallery-icon portrait'>\n\t\t\t\t\t<a class=\"rollover rollover-zoom dt-pswp-item\" title=\"333076943_1320456481857771_6461412597765061667_n\" data-dt-img-description=\"\" data-large_image_width=\"320\" data-large_image_height=\"481\"href='https:\/\/www.radiopiu.net\/wordpress\/wp-content\/uploads\/2023\/03\/333076943_1320456481857771_6461412597765061667_n.jpg'><img loading=\"lazy\" decoding=\"async\" width=\"150\" height=\"150\" src=\"https:\/\/www.radiopiu.net\/wordpress\/wp-content\/uploads\/2023\/03\/333076943_1320456481857771_6461412597765061667_n-150x150.jpg\" class=\"attachment-thumbnail size-thumbnail\" alt=\"\" \/><\/a>\n\t\t\t\t<\/dt><\/dl><br style=\"clear: both\" \/>\n\t\t\t<\/div>\n\n<p>&nbsp;<\/p>\n<p>NELLE FOTO (riproduzioni dal libretto \u201cAgordo e il suo burro\u201d del dott. Camillo Boni): copertina della pubblicazione; \u201cPiccolo casaro\u201d; Forno di Canale oggi Canale d\u2019Agordo: la prima latteria cooperativa costituita in Italia; don Antonio Della Lucia, fondatore della Societ\u00e0 delle Latterie agordine; la sede sociale ad Agordo; \u201cAlla zangola\u201d; interno di un \u201cVecchio casello\u201d; pani di burro agordino; la marca sociale; scatole di burro; la slitta porta alla stazione il burro; \u201cLatterie di Falcade Alto\u201d, di Taibon e di Voltago; la Latteria di Sant\u2019Andrea; quella di Santa Fosca a Selva; la vecchia Latteria di La Valle; il disegno che Boni ha realizzato per la Latteria di Perazza.<\/p>\n<p>&nbsp;<\/p>\n<p>&nbsp;<\/p>\n<hr \/>\n<p>&nbsp;<\/p>\n<div>\n<div class=\"b654a4as d2edcug0\">\n<div class=\"rq0escxv hkbzh7o3 jwdofwj8 n8tt0mok r8blr3vg hyh9befq\">\n<p><a class=\"dt-pswp-item\" href=\"https:\/\/www.radiopiu.net\/wordpress\/wp-content\/uploads\/2020\/10\/pp.jpg\" data-dt-img-description=\"\" data-large_image_width=\"640\" data-large_image_height=\"640\"><img loading=\"lazy\" decoding=\"async\" class=\"wp-image-163678 alignleft\" src=\"https:\/\/www.radiopiu.net\/wordpress\/wp-content\/uploads\/2020\/10\/pp-300x300.jpg\" alt=\"\" width=\"106\" height=\"106\" srcset=\"https:\/\/www.radiopiu.net\/wordpress\/wp-content\/uploads\/2020\/10\/pp-300x300.jpg 300w, https:\/\/www.radiopiu.net\/wordpress\/wp-content\/uploads\/2020\/10\/pp-150x150.jpg 150w, https:\/\/www.radiopiu.net\/wordpress\/wp-content\/uploads\/2020\/10\/pp-125x125.jpg 125w, https:\/\/www.radiopiu.net\/wordpress\/wp-content\/uploads\/2020\/10\/pp-200x200.jpg 200w, https:\/\/www.radiopiu.net\/wordpress\/wp-content\/uploads\/2020\/10\/pp-80x80.jpg 80w, https:\/\/www.radiopiu.net\/wordpress\/wp-content\/uploads\/2020\/10\/pp-480x480.jpg 480w, https:\/\/www.radiopiu.net\/wordpress\/wp-content\/uploads\/2020\/10\/pp.jpg 640w\" sizes=\"auto, (max-width: 106px) 100vw, 106px\" \/><\/a><\/p>\n<\/div>\n<\/div>\n<\/div>\n<div>\n<div class=\"page-title-head hgroup\">\n<div class=\"page-title-head hgroup\">\n<div class=\"b654a4as d2edcug0\">\n<div class=\"j83agx80 btwxx1t3 lhclo0ds hop8lmos nkwizq5d scwd0bx6 roh60bw9\">\n<div class=\"rq0escxv hkbzh7o3 jwdofwj8 n8tt0mok r8blr3vg hyh9befq\">\n<div class=\"do00u71z l9j0dhe7 k4urcfbm\" style=\"text-align: left;\">\n<h2><span style=\"color: #000080;\">DON CESARE, IL PENSIERO DEL GIORNO. ALLA RADIO ALLE 7 DEL MATTINO E ALLE 19.30 DELLA SERA\u00a0<\/span><\/h2>\n<audio class=\"wp-audio-shortcode\" id=\"audio-325333-9\" preload=\"none\" style=\"width: 100%;\" controls=\"controls\"><source type=\"audio\/mpeg\" src=\"https:\/\/www.radiopiu.net\/wordpress\/wp-content\/uploads\/2023\/03\/CESARE-6.mp3?_=9\" \/><a href=\"https:\/\/www.radiopiu.net\/wordpress\/wp-content\/uploads\/2023\/03\/CESARE-6.mp3\">https:\/\/www.radiopiu.net\/wordpress\/wp-content\/uploads\/2023\/03\/CESARE-6.mp3<\/a><\/audio>\n<p>&nbsp;<\/p>\n<p>&nbsp;<\/p>\n<\/div>\n<\/div>\n<\/div>\n<\/div>\n<\/div>\n<\/div>\n<\/div>\n<hr \/>\n<p>&nbsp;<\/p>\n<h2><span style=\"color: #ff00ff;\">IN VIVO VERSO\u00a0 \u00a0\u00a0<\/span><\/h2>\n<blockquote>\n<h3>MI TIRO FUORI DALL&#8217;IMPUBERE DELLE VESTI di DEBORAH ZEROVNIK<\/h3>\n<\/blockquote>\n<p><strong>AUDIO<\/strong><\/p>\n<audio class=\"wp-audio-shortcode\" id=\"audio-325333-10\" preload=\"none\" style=\"width: 100%;\" controls=\"controls\"><source type=\"audio\/mpeg\" src=\"https:\/\/www.radiopiu.net\/wordpress\/wp-content\/uploads\/2023\/03\/02-DEBORAH-ZEREVNICH-MI-TIRO-FUORI-DA.mp3?_=10\" \/><a href=\"https:\/\/www.radiopiu.net\/wordpress\/wp-content\/uploads\/2023\/03\/02-DEBORAH-ZEREVNICH-MI-TIRO-FUORI-DA.mp3\">https:\/\/www.radiopiu.net\/wordpress\/wp-content\/uploads\/2023\/03\/02-DEBORAH-ZEREVNICH-MI-TIRO-FUORI-DA.mp3<\/a><\/audio>\n<p>&nbsp;<\/p>\n<p><strong><img loading=\"lazy\" decoding=\"async\" class=\"alignleft\" src=\"https:\/\/www.radiopiu.net\/wordpress\/wp-content\/uploads\/2023\/03\/2-DEBORAH-ZEROVNIK-300x300.jpg\" width=\"122\" height=\"122\" \/>Deborah Zerovnik<\/strong><br \/>\n<strong>MI TIRO FUORI DALL&#8217;IMPUBERE DELLE VESTI<\/strong><\/p>\n<p>Quanto ancora durer\u00e0<br \/>\ntra il mio corpo<br \/>\ntra il mondo e me<br \/>\n[delle passite arance il rotolare<br \/>\nlungo i corridoi dei sanatori]\nl&#8217;inesorabile.<br \/>\nForse mi sogner\u00f2 di nuovo stasera<br \/>\ncome ignoranza vergine, oppure<br \/>\nforse, tempo greve fattosi &#8216;piatto&#8217;<br \/>\npatibolo infine e pastura.<\/p>\n<p>&nbsp;<\/p>\n<div dir=\"auto\">\n<div dir=\"auto\">\n<div dir=\"auto\">\n<div dir=\"auto\">\n<div dir=\"auto\">\n<div dir=\"auto\">\n<p><strong>LA RACCOLTA COMPLETA<\/strong><\/p>\n<blockquote class=\"wp-embedded-content\" data-secret=\"YoGOtkwjPA\"><p><a href=\"https:\/\/www.radiopiu.net\/wordpress\/in-vivo-verso\/\">In Vivo Verso<\/a><\/p><\/blockquote>\n<p><iframe loading=\"lazy\" class=\"wp-embedded-content\" sandbox=\"allow-scripts\" security=\"restricted\" style=\"position: absolute; clip: rect(1px, 1px, 1px, 1px);\" title=\"&#8220;In Vivo Verso&#8221; &#8212; Radio Pi\u00f9\" src=\"https:\/\/www.radiopiu.net\/wordpress\/in-vivo-verso\/embed\/#?secret=nbF1Xn4a6X#?secret=YoGOtkwjPA\" data-secret=\"YoGOtkwjPA\" width=\"600\" height=\"338\" frameborder=\"0\" marginwidth=\"0\" marginheight=\"0\" scrolling=\"no\"><\/iframe><\/p>\n<p><strong>\u00a0<\/strong><\/p>\n<\/div>\n<\/div>\n<\/div>\n<hr \/>\n<\/div>\n<\/div>\n<\/div>\n<p>&nbsp;<\/p>\n<p>&nbsp;<\/p>\n<h2><span style=\"color: #008080;\">GOCCE DI FILOSOFIA<\/span><\/h2>\n<h3 class=\"entry-title\">GOCCE DI FILOSOFIA \u2013 PUNTATA 261\u2013 CHIARA CAU<\/h3>\n<audio class=\"wp-audio-shortcode\" id=\"audio-325333-11\" preload=\"none\" style=\"width: 100%;\" controls=\"controls\"><source type=\"audio\/mpeg\" src=\"https:\/\/www.radiopiu.net\/wordpress\/wp-content\/uploads\/2023\/03\/FI2.mp3?_=11\" \/><a href=\"https:\/\/www.radiopiu.net\/wordpress\/wp-content\/uploads\/2023\/03\/FI2.mp3\">https:\/\/www.radiopiu.net\/wordpress\/wp-content\/uploads\/2023\/03\/FI2.mp3<\/a><\/audio>\n<p>LA RACCOLTA COMPLETA<\/p>\n<blockquote class=\"wp-embedded-content\" data-secret=\"sRR4mwE18I\"><p><a href=\"https:\/\/www.radiopiu.net\/wordpress\/gocce-filosofia\/\">Gocce di filosofia,  LA TERZA STAGIONE&#8230; 2023<\/a><\/p><\/blockquote>\n<p><iframe loading=\"lazy\" class=\"wp-embedded-content\" sandbox=\"allow-scripts\" security=\"restricted\" style=\"position: absolute; clip: rect(1px, 1px, 1px, 1px);\" title=\"&#8220;Gocce di filosofia,  LA TERZA STAGIONE&#8230; 2023&#8221; &#8212; Radio Pi\u00f9\" src=\"https:\/\/www.radiopiu.net\/wordpress\/gocce-filosofia\/embed\/#?secret=6lPZbIn3IC#?secret=sRR4mwE18I\" data-secret=\"sRR4mwE18I\" width=\"600\" height=\"338\" frameborder=\"0\" marginwidth=\"0\" marginheight=\"0\" scrolling=\"no\"><\/iframe><\/p>\n<p>&nbsp;<\/p>\n<p>&nbsp;<\/p>\n<hr \/>\n<p>&nbsp;<\/p>\n<h2><strong><a class=\"dt-pswp-item\" href=\"https:\/\/www.radiopiu.net\/wordpress\/wp-content\/uploads\/2021\/11\/FORCELLA-AURINE.jpg\" data-dt-img-description=\"\" data-large_image_width=\"960\" data-large_image_height=\"720\"><img loading=\"lazy\" decoding=\"async\" class=\" wp-image-241538 alignleft\" src=\"https:\/\/www.radiopiu.net\/wordpress\/wp-content\/uploads\/2021\/11\/FORCELLA-AURINE-300x225.jpg\" alt=\"\" width=\"191\" height=\"143\" srcset=\"https:\/\/www.radiopiu.net\/wordpress\/wp-content\/uploads\/2021\/11\/FORCELLA-AURINE-300x225.jpg 300w, https:\/\/www.radiopiu.net\/wordpress\/wp-content\/uploads\/2021\/11\/FORCELLA-AURINE-768x576.jpg 768w, https:\/\/www.radiopiu.net\/wordpress\/wp-content\/uploads\/2021\/11\/FORCELLA-AURINE.jpg 960w\" sizes=\"auto, (max-width: 191px) 100vw, 191px\" \/><\/a><\/strong><span style=\"color: #33cccc;\">LA RASSEGNA STAMPA DA L&#8217;AMICO DEL POPOLO<\/span><\/h2>\n<p><strong>di Gianni Santomaso<\/strong><\/p>\n<p>OSPITE: Morgan Gnech<\/p>\n<audio class=\"wp-audio-shortcode\" id=\"audio-325333-12\" preload=\"none\" style=\"width: 100%;\" controls=\"controls\"><source type=\"audio\/mpeg\" src=\"https:\/\/www.radiopiu.net\/wordpress\/wp-content\/uploads\/2023\/03\/RASSEGNA-GIANNI.mp3?_=12\" \/><a href=\"https:\/\/www.radiopiu.net\/wordpress\/wp-content\/uploads\/2023\/03\/RASSEGNA-GIANNI.mp3\">https:\/\/www.radiopiu.net\/wordpress\/wp-content\/uploads\/2023\/03\/RASSEGNA-GIANNI.mp3<\/a><\/audio>\n<p>&nbsp;<\/p>\n<hr \/>\n<p>&nbsp;<\/p>\n<div class=\"column\">\n<p><img loading=\"lazy\" decoding=\"async\" class=\"aligncenter wp-image-61954 size-full\" src=\"https:\/\/www.radiopiu.net\/wordpress\/wp-content\/uploads\/2018\/09\/viabilita.jpeg\" sizes=\"auto, (max-width: 800px) 100vw, 800px\" srcset=\"https:\/\/www.radiopiu.net\/wordpress\/wp-content\/uploads\/2018\/09\/viabilita.jpeg 800w, https:\/\/www.radiopiu.net\/wordpress\/wp-content\/uploads\/2018\/09\/viabilita-300x38.jpeg 300w, https:\/\/www.radiopiu.net\/wordpress\/wp-content\/uploads\/2018\/09\/viabilita-768x96.jpeg 768w\" alt=\"\" width=\"800\" height=\"100\" \/><\/p>\n<p>&nbsp;<\/p>\n<blockquote>\n<h3>SENSO UNICO ALTERNATO IN GALLERIA DEI CASTEI<\/h3>\n<\/blockquote>\n<p><strong>SR 203 AGORDINA<\/strong> nelle giornate del <span style=\"color: #ff0000;\">13 e 14 marzo<\/span> dalle 20 alle 6 del giorno successivo senso unico alternato regolato da movieri o semaforo in Galleria dei Castei in comune di La Valle Agordina<\/p>\n<p>&nbsp;<\/p>\n<blockquote class=\"wp-embedded-content\" data-secret=\"0ZVOLMT2CW\"><p><a href=\"https:\/\/www.radiopiu.net\/wordpress\/viabilita\/\">viabilita<\/a><\/p><\/blockquote>\n<p><iframe loading=\"lazy\" class=\"wp-embedded-content\" sandbox=\"allow-scripts\" security=\"restricted\" style=\"position: absolute; clip: rect(1px, 1px, 1px, 1px);\" title=\"&#8220;viabilita&#8221; &#8212; Radio Pi\u00f9\" src=\"https:\/\/www.radiopiu.net\/wordpress\/viabilita\/embed\/#?secret=fCmPjbDbCd#?secret=0ZVOLMT2CW\" data-secret=\"0ZVOLMT2CW\" width=\"600\" height=\"338\" frameborder=\"0\" marginwidth=\"0\" marginheight=\"0\" scrolling=\"no\"><\/iframe><\/p>\n<div>\n<div dir=\"ltr\">\n<div class=\"gmail_quote\">\n<div dir=\"ltr\">\n<div class=\"gmail_quote\"><\/div>\n<\/div>\n<\/div>\n<\/div>\n<\/div>\n<p>&nbsp;<\/p>\n<hr \/>\n<p>&nbsp;<\/p>\n<p><a class=\"dt-pswp-item\" href=\"https:\/\/www.radiopiu.net\/wordpress\/wp-content\/uploads\/2018\/09\/WhatsApp-Image-2018-09-20-at-16.04.06.jpeg\" data-dt-img-description=\"\" data-large_image_width=\"800\" data-large_image_height=\"100\"><img loading=\"lazy\" decoding=\"async\" class=\"wp-image-61378 size-full aligncenter\" src=\"https:\/\/www.radiopiu.net\/wordpress\/wp-content\/uploads\/2018\/09\/WhatsApp-Image-2018-09-20-at-16.04.06.jpeg\" alt=\"\" width=\"800\" height=\"100\" srcset=\"https:\/\/www.radiopiu.net\/wordpress\/wp-content\/uploads\/2018\/09\/WhatsApp-Image-2018-09-20-at-16.04.06.jpeg 800w, https:\/\/www.radiopiu.net\/wordpress\/wp-content\/uploads\/2018\/09\/WhatsApp-Image-2018-09-20-at-16.04.06-300x38.jpeg 300w, https:\/\/www.radiopiu.net\/wordpress\/wp-content\/uploads\/2018\/09\/WhatsApp-Image-2018-09-20-at-16.04.06-768x96.jpeg 768w\" sizes=\"auto, (max-width: 800px) 100vw, 800px\" \/><\/a><\/p>\n<p>&nbsp;<\/p>\n<\/div>\n<p><center><b>OGGI<\/b><\/center><b>Tempo atteso: <\/b>Cielo in prevalenza nuvoloso a tratti molto nuvoloso o coperto, per stratocumuli e nubi medie irregolari. Copertura nuvolosa che sar\u00e0 sporadicamente associata a debolissimi fenomeni. In questo contesto assai uggioso e fresco, le chance di schiarite saranno piuttosto limitate e in alcuni settori inesistenti.<br \/>\n<b>Precipitazioni: <\/b>Generalmente assenti, seppur non del tutto esclusa qualche goccia qua e l\u00e0 (20-40%), specie tra la tarda mattinata e il primo pomeriggio, con qualche fiocco oltre i 1200\/1500 m.<br \/>\n<b>Temperature: <\/b>Minime in rialzo, massime stazionarie nelle valli e in leggero aumento in quota.<\/p>\n<hr \/>\n<p><center><b>DOMANI<\/b><\/center><b>Tempo atteso: <\/b>Nuvolosit\u00e0 bassa e irregolare presenza di stratocumuli a ridosso dei rilievi a inizio giornata, pi\u00f9 presente sulle Prealpi. In seguito miglioramento del tempo con ampi rasserenamenti sulle Dolomiti, lo stesso avverr\u00e0 in maniera pi\u00f9 lenta sulle Prealpi, conservando qualche annuvolamento stratiforme in pi\u00f9.<br \/>\n<b>Precipitazioni: <\/b>Assenti (0%).<br \/>\n<b>Temperature: <\/b>In generale aumento, specie in quota per avvezione di aria assai pi\u00f9 mite dalle ore centrali in poi.<\/p>\n<hr \/>\n<p><center><b>VENERDI<\/b><\/center>Al mattino cielo molto nuvoloso\/coperto per estesa copertura stratiforme. Nelle ore centrali temporanei e generalizzati rasserenamenti, prima che il cielo torni ad annuvolarsi da met\u00e0 pomeriggio in poi. Sembra che tutto questo avvenga senza precipitazioni. Temperature in leggera flessione, ma comunque superiori alla media del periodo.<\/p>\n<hr \/>\n<p><center><b>SABATO<\/b><\/center>Su Dolomiti molte nubi iniziali con burrasche di neve oltre i 2200-2300 m e qualche goccia di pioggia nelle valli pi\u00f9 settentrionali; poi miglioramento. Sulle Prealpi assai pi\u00f9 soleggiato tutto il giorno. Temperature in netto rialzo sia per l&#8217;avvezione di aria mite in quota che per il favonio nelle valli.<\/p>\n<p>&nbsp;<\/p>\n<hr \/>\n<p>&nbsp;<\/p>\n<p><a class=\"dt-pswp-item\" href=\"https:\/\/www.radiopiu.net\/wordpress\/wp-content\/uploads\/2018\/09\/sport.jpg\" data-dt-img-description=\"\" data-large_image_width=\"800\" data-large_image_height=\"100\"><img loading=\"lazy\" decoding=\"async\" class=\"aligncenter wp-image-60761 size-full\" src=\"https:\/\/www.radiopiu.net\/wordpress\/wp-content\/uploads\/2018\/09\/sport.jpg\" alt=\"\" width=\"800\" height=\"100\" srcset=\"https:\/\/www.radiopiu.net\/wordpress\/wp-content\/uploads\/2018\/09\/sport.jpg 800w, https:\/\/www.radiopiu.net\/wordpress\/wp-content\/uploads\/2018\/09\/sport-300x38.jpg 300w, https:\/\/www.radiopiu.net\/wordpress\/wp-content\/uploads\/2018\/09\/sport-768x96.jpg 768w\" sizes=\"auto, (max-width: 800px) 100vw, 800px\" \/><\/a><\/p>\n<p><span style=\"color: #0000ff;\"><strong>\u00a0\u00a0<\/strong><\/span><\/p>\n<p><strong><span style=\"color: #0000ff;\">SCI NORDICO<\/span>\u00a0<\/strong><\/p>\n<blockquote>\n<h3>SABATO E DOMENICA A FALCADE LA COPPA ITALIA, NE PARLIAMO CON MATTEO CAGNATI<\/h3>\n<\/blockquote>\n<p><strong><a class=\"dt-pswp-item\" href=\"https:\/\/www.radiopiu.net\/wordpress\/wp-content\/uploads\/2020\/02\/download-4.jpg\" data-dt-img-description=\"\" data-large_image_width=\"228\" data-large_image_height=\"221\"><img loading=\"lazy\" decoding=\"async\" class=\"wp-image-117199 alignleft\" src=\"https:\/\/www.radiopiu.net\/wordpress\/wp-content\/uploads\/2020\/02\/download-4.jpg\" alt=\"\" width=\"128\" height=\"124\" \/><\/a>FALCADE <\/strong>Ritorna il grande sci di fondo a Falcade. La localit\u00e0 della Valle del Biois, nelle Dolomiti Bellunesi, una delle piccole grandi capitali degli sci stretti, ospiter\u00e0 a met\u00e0 marzo la Coppa Italia, evento che vedr\u00e0 al via le categorie assolute e quelle giovanili (Juniores e Aspiranti). L\u2019organizzazione \u00e8 affidata allo Sci club Val Biois, societ\u00e0 che da 76 anni \u00e8 riferimento degli sport invernali bellunesi e non solo, con particolare riferimento allo sci di fondo. L\u2019appuntamento a Falcade \u00e8 per sabato 11 e domenica 12 marzo, per un fine settimana che metter\u00e0 in palio, oltre che i punti della Coppa Italia, anche il memorial Ernesto Fenti, uomo di sport e di montagna, fondatore e per diversi anni presidente dello Sci club Val Biois, oltre che direttore del Centro Coni di alta specializzazione per lo sci nordico in Val Bi\u00f3is.<\/p>\n<p><strong>L&#8217;INTERVISTA A MATTEO CAGNATI, DI MIRKO MEZZACASA DAL GIORNALE RADIO DEL POMERIGGIO<\/strong><\/p>\n<audio class=\"wp-audio-shortcode\" id=\"audio-325333-13\" preload=\"none\" style=\"width: 100%;\" controls=\"controls\"><source type=\"audio\/mpeg\" src=\"https:\/\/www.radiopiu.net\/wordpress\/wp-content\/uploads\/2023\/02\/GR-1630-1.mp3?_=13\" \/><a href=\"https:\/\/www.radiopiu.net\/wordpress\/wp-content\/uploads\/2023\/02\/GR-1630-1.mp3\">https:\/\/www.radiopiu.net\/wordpress\/wp-content\/uploads\/2023\/02\/GR-1630-1.mp3<\/a><\/audio>\n<p>&nbsp;<\/p>\n<p>&nbsp;<\/p>\n<p><span style=\"color: #0000ff;\"><strong>PALLAVOLO<\/strong><\/span><\/p>\n<blockquote>\n<h3>ANCORA UN FINE SETTIMANA DA DIMENTICARE PER LE SQUADRE DEL VOLLEY CLUB AGORDINO<\/h3>\n<\/blockquote>\n<p><strong><a class=\"dt-pswp-item\" href=\"https:\/\/www.radiopiu.net\/wordpress\/wp-content\/uploads\/2022\/04\/VOLLEY-CLUB-AGORDINO.jpg\" data-dt-img-description=\"\" data-large_image_width=\"500\" data-large_image_height=\"512\"><img loading=\"lazy\" decoding=\"async\" class=\" wp-image-268787 alignleft\" src=\"https:\/\/www.radiopiu.net\/wordpress\/wp-content\/uploads\/2022\/04\/VOLLEY-CLUB-AGORDINO-293x300.jpg\" alt=\"\" width=\"162\" height=\"166\" srcset=\"https:\/\/www.radiopiu.net\/wordpress\/wp-content\/uploads\/2022\/04\/VOLLEY-CLUB-AGORDINO-293x300.jpg 293w, https:\/\/www.radiopiu.net\/wordpress\/wp-content\/uploads\/2022\/04\/VOLLEY-CLUB-AGORDINO.jpg 500w\" sizes=\"auto, (max-width: 162px) 100vw, 162px\" \/><\/a>di Marco Gaz<\/strong><\/p>\n<p><strong>REDAZIONE<\/strong> Secondo fine settimana consecutivo magro di risultati per le tre squadre del Volley Club Agordino che sia con la prima squadra che con il settore giovanile non ha brillato. Tre sconfitte su altrettante partite giocate tra sabato e domenica scorsi. Analizzando il weekend, la prima sconfitta \u00e8 arrivata dalla formazione Under 16 che nella trasferta a Sernaglia Della Battaglia contro il Viva Volley \u00e8 arrivata una sconfitta con un secco 3 a 0. Ragazze di Agordo che hanno saputo tenere testa alle trevigiane solo nel primo set per poi crollare lasciando troppa strada libera alle padrone di casa. Sabato sera la seconda sconfitta \u00e8 arrivata dalla prima squadra. A Vedelago la formazione allenata da De Nardin non ha racimolato punti ma nei primi tre set dell&#8217;incontro ha saputo mettere in difficolt\u00e0 le avversarie. Risultato finale 3 a 1 ma, nonostante la sconfitta, le agordine sono uscite a testa alta dallo scontro in terra trevigiana. Infine le giovani Under 14 che domenica hanno perso 3 a 0 il derby con la Spes Belluno. Un monologo della squadra bellunese che al Palarova di Agordo ha dettato legge chiudendo la sfida in poco tempo. Nel prossimo fine settimana le tre formazioni del Volley Club Agordino torneranno in campo. Sabato sar\u00e0 il turno della prima squadra che giocher\u00e0 al PalaRova contro il Mareno. Domenica mattina trasferta a Conegliano per l&#8217;Under 14 mentre alla sera sar\u00e0 il turno delle Under 16 che giocheranno in casa contro il Codogn\u00e8.<\/p>\n<p>&nbsp;<\/p>\n<hr \/>\n<p>&nbsp;<\/p>\n<p><span style=\"color: #0000ff;\"><strong>NUOTO<\/strong><\/span><\/p>\n<blockquote>\n<h3>FESTA PROPAGANDA A LAMBIOI, DOPPIETTA DI DE NARDIN<\/h3>\n<\/blockquote>\n<p><strong><a class=\"dt-pswp-item\" href=\"https:\/\/www.radiopiu.net\/wordpress\/wp-content\/uploads\/2022\/06\/Piscina_di_Belluno.jpg\" data-dt-img-description=\"\" data-large_image_width=\"794\" data-large_image_height=\"661\"><img loading=\"lazy\" decoding=\"async\" class=\"wp-image-283320 alignleft\" src=\"https:\/\/www.radiopiu.net\/wordpress\/wp-content\/uploads\/2022\/06\/Piscina_di_Belluno-300x250.jpg\" alt=\"\" width=\"167\" height=\"139\" srcset=\"https:\/\/www.radiopiu.net\/wordpress\/wp-content\/uploads\/2022\/06\/Piscina_di_Belluno-300x250.jpg 300w, https:\/\/www.radiopiu.net\/wordpress\/wp-content\/uploads\/2022\/06\/Piscina_di_Belluno-768x639.jpg 768w, https:\/\/www.radiopiu.net\/wordpress\/wp-content\/uploads\/2022\/06\/Piscina_di_Belluno.jpg 794w\" sizes=\"auto, (max-width: 167px) 100vw, 167px\" \/><\/a>BELLUNO\u00a0<\/strong>La piscina di Belluno ha ospitato domenica la terza giornata del circuito Propaganda. Una giornata di divertimento e sana competizione con in vasca gli Esordienti, senza classifica, Giovanissimi ed Allievi. Tra i maschi doppietta di Erik De Nardin dell&#8217;Agordino che vince nei 50 stile e nei 50 delfino dorso. Gioele Coletti del Dolomiti s&#8217;impone nei 25 ostacoli, Mattia Brianti della Sportivamente nei 25 rana. Tra le ragazze bis dell&#8217;agordina Ilenia Venialetti nelle specialit\u00e0 sui 50 metri, mentre il Dolomiti centra l&#8217;oro nei 25 rana con Veronica Zancol\u00f2 e nei 25 ostacoli con Arianna Franchin.<br \/>\n<strong>podio <\/strong>Maschile. 25 rana. 1. Mattia Brianti (Sportivamente) 23.9; 2. Sebastiano Migotto (Agordino) 25.0; 2. Nicola De Min (Sportivamente) 25.0; ostacoli. 1. Gioele Coletti (Dolomiti) 22.5; 2. Evan Soldan (Agordino) 24.5; 3. Erik Franceschetti (Agordino) 25.3; 50 stile. 1. Erik De Nardin (Agordino) 37.1; 2. Gioele Dal Magro (Ondablu) 39.0; 3. Mattia Micacchioni (Ondablu) 40.7;\u00a0 delfino dorso. 1. Erik De Nardin (Agordino) 46.0; 2. Mattia Brianti (Sportivamente) 48.7; 3. Sebastiano Migotto (Agordino) 48.9; Femminile. 25 rana. 1. Veronica Zancol\u00f2 (Dolomiti) 23.2; 2. Alice Latti (Agordino) 25.2; 3. Veronica Fabbricatore (Dolomiti) 26.9;\u00a0 ostacoli. 1. Arianna Franchin (Dolomiti) 21.3; 2. Diana Zorzetto (Dolomiti) 22.0; 3. Virginia Pais Becher (Dolomiti) 26.1; 50 stile. 1. Ilenia Venialetti (Agordino) 38.5; 2. Veronica Zancol\u00f2 (Dolomiti) 40.7; 3. Emma Vecellio Reane (Dolomiti) 41.1;\u00a0 50 delfino dorso. 1. Ilenia Venialetti (Agordino) 44.0; 2. Alice Comin (Onda) 48.1; 3. Ginevra Longo (Agordino) 53.6;<\/p>\n<p>&nbsp;<\/p>\n<hr \/>\n<p>&nbsp;<\/p>\n<p><span style=\"color: #0000ff;\"><strong>MOTORI<\/strong><\/span><\/p>\n<blockquote>\n<h3>IL 17 MARZO VERRA&#8217; PRESENTATO UFFICIALMENTE IL RALLY BELLUNESE 2023<\/h3>\n<\/blockquote>\n<p><strong>BELLUNO<\/strong><\/p>\n<p>di Roberto Bona<\/p>\n<audio class=\"wp-audio-shortcode\" id=\"audio-325333-14\" preload=\"none\" style=\"width: 100%;\" controls=\"controls\"><source type=\"audio\/mpeg\" src=\"https:\/\/www.radiopiu.net\/wordpress\/wp-content\/uploads\/2023\/03\/gr-08-sport-rally-bellunese-BONA.mp3?_=14\" \/><a href=\"https:\/\/www.radiopiu.net\/wordpress\/wp-content\/uploads\/2023\/03\/gr-08-sport-rally-bellunese-BONA.mp3\">https:\/\/www.radiopiu.net\/wordpress\/wp-content\/uploads\/2023\/03\/gr-08-sport-rally-bellunese-BONA.mp3<\/a><\/audio>\n<p>&nbsp;<\/p>\n\n\t\t\t<style type='text\/css'>\n\t\t\t\t#gallery-4 {\n\t\t\t\t\tmargin: auto;\n\t\t\t\t}\n\t\t\t\t#gallery-4 .gallery-item {\n\t\t\t\t\tfloat: left;\n\t\t\t\t\tmargin-top: 10px;\n\t\t\t\t\ttext-align: center;\n\t\t\t\t\twidth: 50%;\n\t\t\t\t}\n\t\t\t\t#gallery-4 img {\n\t\t\t\t\tborder: 2px solid #cfcfcf;\n\t\t\t\t}\n\t\t\t\t#gallery-4 .gallery-caption {\n\t\t\t\t\tmargin-left: 0;\n\t\t\t\t}\n\t\t\t\t\/* see gallery_shortcode() in wp-includes\/media.php *\/\n\t\t\t<\/style>\n\t\t<div id='gallery-4' class='dt-gallery-container gallery galleryid-325333 gallery-columns-2 gallery-size-medium'><dl class='gallery-item'>\n\t\t\t\t<dt class='gallery-icon landscape'>\n\t\t\t\t\t<a class=\"rollover rollover-zoom dt-pswp-item\" title=\"b89df23c-37c4-4b4d-a7d7-bfdf966d9dad\" data-dt-img-description=\"\" data-large_image_width=\"1200\" data-large_image_height=\"800\"href='https:\/\/www.radiopiu.net\/wordpress\/wp-content\/uploads\/2023\/03\/b89df23c-37c4-4b4d-a7d7-bfdf966d9dad.jpg'><img loading=\"lazy\" decoding=\"async\" width=\"300\" height=\"200\" src=\"https:\/\/www.radiopiu.net\/wordpress\/wp-content\/uploads\/2023\/03\/b89df23c-37c4-4b4d-a7d7-bfdf966d9dad-300x200.jpg\" class=\"attachment-medium size-medium\" alt=\"\" srcset=\"https:\/\/www.radiopiu.net\/wordpress\/wp-content\/uploads\/2023\/03\/b89df23c-37c4-4b4d-a7d7-bfdf966d9dad-300x200.jpg 300w, https:\/\/www.radiopiu.net\/wordpress\/wp-content\/uploads\/2023\/03\/b89df23c-37c4-4b4d-a7d7-bfdf966d9dad-1024x683.jpg 1024w, https:\/\/www.radiopiu.net\/wordpress\/wp-content\/uploads\/2023\/03\/b89df23c-37c4-4b4d-a7d7-bfdf966d9dad-768x512.jpg 768w, https:\/\/www.radiopiu.net\/wordpress\/wp-content\/uploads\/2023\/03\/b89df23c-37c4-4b4d-a7d7-bfdf966d9dad.jpg 1200w\" sizes=\"auto, (max-width: 300px) 100vw, 300px\" \/><\/a>\n\t\t\t\t<\/dt><\/dl><dl class='gallery-item'>\n\t\t\t\t<dt class='gallery-icon landscape'>\n\t\t\t\t\t<a class=\"rollover rollover-zoom dt-pswp-item\" title=\"103da176-dd24-4e70-8bb3-5ba346fe0c24\" data-dt-img-description=\"\" data-large_image_width=\"1183\" data-large_image_height=\"778\"href='https:\/\/www.radiopiu.net\/wordpress\/wp-content\/uploads\/2023\/03\/103da176-dd24-4e70-8bb3-5ba346fe0c24.jpg'><img loading=\"lazy\" decoding=\"async\" width=\"300\" height=\"197\" src=\"https:\/\/www.radiopiu.net\/wordpress\/wp-content\/uploads\/2023\/03\/103da176-dd24-4e70-8bb3-5ba346fe0c24-300x197.jpg\" class=\"attachment-medium size-medium\" alt=\"\" srcset=\"https:\/\/www.radiopiu.net\/wordpress\/wp-content\/uploads\/2023\/03\/103da176-dd24-4e70-8bb3-5ba346fe0c24-300x197.jpg 300w, https:\/\/www.radiopiu.net\/wordpress\/wp-content\/uploads\/2023\/03\/103da176-dd24-4e70-8bb3-5ba346fe0c24-1024x673.jpg 1024w, https:\/\/www.radiopiu.net\/wordpress\/wp-content\/uploads\/2023\/03\/103da176-dd24-4e70-8bb3-5ba346fe0c24-768x505.jpg 768w, https:\/\/www.radiopiu.net\/wordpress\/wp-content\/uploads\/2023\/03\/103da176-dd24-4e70-8bb3-5ba346fe0c24.jpg 1183w\" sizes=\"auto, (max-width: 300px) 100vw, 300px\" \/><\/a>\n\t\t\t\t<\/dt><\/dl><br style=\"clear: both\" \/>\n\t\t\t<\/div>\n\n<p>&nbsp;<\/p>\n<hr \/>\n<p>&nbsp;<\/p>\n<p><span style=\"color: #0000ff;\"><strong>SCI ALPINO<\/strong><\/span><\/p>\n<blockquote>\n<h3>PRIMA GIORNATA DEI CAMPIONATI CHILDREN NET INSURANCE<\/h3>\n<\/blockquote>\n<p><strong><a class=\"dt-pswp-item\" href=\"https:\/\/www.radiopiu.net\/wordpress\/wp-content\/uploads\/2023\/03\/superG-Allieve-FINALI-NET-INSURANCE-7-marzo-2023-1-1536x1024-1.jpg\" data-dt-img-description=\"\" data-large_image_width=\"1536\" data-large_image_height=\"1024\"><img loading=\"lazy\" decoding=\"async\" class=\" wp-image-325471 alignleft\" src=\"https:\/\/www.radiopiu.net\/wordpress\/wp-content\/uploads\/2023\/03\/superG-Allieve-FINALI-NET-INSURANCE-7-marzo-2023-1-1536x1024-1-300x200.jpg\" alt=\"\" width=\"183\" height=\"122\" srcset=\"https:\/\/www.radiopiu.net\/wordpress\/wp-content\/uploads\/2023\/03\/superG-Allieve-FINALI-NET-INSURANCE-7-marzo-2023-1-1536x1024-1-300x200.jpg 300w, https:\/\/www.radiopiu.net\/wordpress\/wp-content\/uploads\/2023\/03\/superG-Allieve-FINALI-NET-INSURANCE-7-marzo-2023-1-1536x1024-1-1024x683.jpg 1024w, https:\/\/www.radiopiu.net\/wordpress\/wp-content\/uploads\/2023\/03\/superG-Allieve-FINALI-NET-INSURANCE-7-marzo-2023-1-1536x1024-1-768x512.jpg 768w, https:\/\/www.radiopiu.net\/wordpress\/wp-content\/uploads\/2023\/03\/superG-Allieve-FINALI-NET-INSURANCE-7-marzo-2023-1-1536x1024-1.jpg 1536w\" sizes=\"auto, (max-width: 183px) 100vw, 183px\" \/><\/a>PASSO SAN PELLEGRINO<\/strong> Alla Ski Area San Pellegrino si \u00e8 disputata la prima giornata delle finali regionali del Grand Prix Ragazzi \u2013 Allievi Net Insurance. Nel superG Allievi (disputato sulla pista Le Coste) tripletta dello Sci club Drusci\u00e9 con Andrea Stipcovich e Zaccaria Trevisan primi a pari merito e Mattia Valente sul terzo gradino del podio. Nel SuperG Allieve, vittoria per Giorgia Oprandi (Ski College Falcade), secondo posto per Annalisa Siorpaes (Drusci\u00e9) e terzo posto per Agnese Gallina (Ski College Falcade). Nello slalom Ragazzi (pista Costabella), Sci club 18 davanti a tutti grazie ad Ascanio Simoni. Secondo e terzo, rispettivamente, Leonardo D\u2019Inc\u00e0 (Trichiana) e Nicol\u00f2 Gios (Gallio). Nello slalom Ragazze, infine, vittoria di Caterina Tiengo (Drusci\u00e9) su Vittoria Pais Bianco (Auronzo) e Marta Benedet (Orsago). Organizzazione a cura di Sci club 2000.<\/p>\n<p><strong>PER LE CLASSIFICHE IL SITO <a href=\"https:\/\/www.fisiveneto.com\/2023\/03\/07\/net-insurance-i-risultati-della-prima-giornata-dei-campionati-regionali-children\/\">FISIVENETO.COM<\/a><\/strong><\/p>\n","protected":false},"excerpt":{"rendered":"<p>RADIO PIU INFORMAZIONE il canale su TELEGRAM informazione di prima\u00a0 mano e in tempo reale. iscriviti ed aiutaci a farlo conoscere\u00a0 \u00a0 \u00a0 &nbsp; AUDIO \u00a0 8 MARZO di John Francis Della Pietra Ai primi di questo mese L inverno inizia a far le spese Nel cielo cominciano a trasparire I segni d una primavera&hellip;<\/p>\n","protected":false},"author":4,"featured_media":325408,"comment_status":"closed","ping_status":"closed","sticky":false,"template":"","format":"standard","meta":{"_monsterinsights_skip_tracking":false,"_monsterinsights_sitenote_active":false,"_monsterinsights_sitenote_note":"","_monsterinsights_sitenote_category":0,"footnotes":""},"categories":[51,86,49],"tags":[],"class_list":["post-325333","post","type-post","status-publish","format-standard","has-post-thumbnail","hentry","category-evidenza-top","category-gr","category-news-18","category-51","category-86","category-49","description-off"],"img_url":"https:\/\/www.radiopiu.net\/wordpress\/wp-content\/uploads\/2023\/03\/ea5bfe77-1a9e-496b-8c07-8d1164a69597-300x225-1.jpg","_links":{"self":[{"href":"https:\/\/www.radiopiu.net\/wordpress\/wp-json\/wp\/v2\/posts\/325333","targetHints":{"allow":["GET"]}}],"collection":[{"href":"https:\/\/www.radiopiu.net\/wordpress\/wp-json\/wp\/v2\/posts"}],"about":[{"href":"https:\/\/www.radiopiu.net\/wordpress\/wp-json\/wp\/v2\/types\/post"}],"author":[{"embeddable":true,"href":"https:\/\/www.radiopiu.net\/wordpress\/wp-json\/wp\/v2\/users\/4"}],"replies":[{"embeddable":true,"href":"https:\/\/www.radiopiu.net\/wordpress\/wp-json\/wp\/v2\/comments?post=325333"}],"version-history":[{"count":0,"href":"https:\/\/www.radiopiu.net\/wordpress\/wp-json\/wp\/v2\/posts\/325333\/revisions"}],"wp:featuredmedia":[{"embeddable":true,"href":"https:\/\/www.radiopiu.net\/wordpress\/wp-json\/wp\/v2\/media\/325408"}],"wp:attachment":[{"href":"https:\/\/www.radiopiu.net\/wordpress\/wp-json\/wp\/v2\/media?parent=325333"}],"wp:term":[{"taxonomy":"category","embeddable":true,"href":"https:\/\/www.radiopiu.net\/wordpress\/wp-json\/wp\/v2\/categories?post=325333"},{"taxonomy":"post_tag","embeddable":true,"href":"https:\/\/www.radiopiu.net\/wordpress\/wp-json\/wp\/v2\/tags?post=325333"}],"curies":[{"name":"wp","href":"https:\/\/api.w.org\/{rel}","templated":true}]}}