{"id":325373,"date":"2023-03-07T05:39:42","date_gmt":"2023-03-07T04:39:42","guid":{"rendered":"https:\/\/www.radiopiu.net\/wordpress\/?p=325373"},"modified":"2023-03-08T06:17:58","modified_gmt":"2023-03-08T05:17:58","slug":"ascolta-la-rassegna-stampa-locale-dal-1983-ogni-giorno-alle-otto-del-mattino-2","status":"publish","type":"post","link":"https:\/\/www.radiopiu.net\/wordpress\/ascolta-la-rassegna-stampa-locale-dal-1983-ogni-giorno-alle-otto-del-mattino-2\/","title":{"rendered":"ASCOLTA LA RASSEGNA STAMPA LOCALE, DAL 1983 OGNI GIORNO ALLE OTTO DEL MATTINO"},"content":{"rendered":"<p><strong>PASSO SAN PELLEGRINO\u00a0<\/strong> Roberto Maso, imprenditore di Borgo Valbelluna di 54 anni \u00e8 morto stroncato da malore tra le braccia della moglie e della figlia durante una passeggiata dal Passo San Pellegrino a Fuciade.<br \/>\n<strong>PONTE NELLE ALPI<\/strong> Lutto per la morte del 44enne Emanuele Tonon, da tempo impegnato per lavoro in Emilia Romagna. Costernazione nella sua originaria Polpet.<br \/>\n<strong>FELTRE<\/strong> Domani a Celarda, l&#8217;ultimo saluto ad Antonio Salina, l&#8217;anziano allontanatosi dalla casa di riposo e ritrovato dopo 4 giorni di ricerche.<br \/>\n<strong>BELLUNO<\/strong> Domenica sera due donne sono state investite lungo via Vittorio Veneto, trasportate in ospedale non sono in gravi condizioni. Illeso il conducente della Porsche, un trevigiano che viaggiava in direzione di Ponte nelle Alpi<br \/>\n<strong>SELVA DI CADORE<\/strong> E\u2019 ricoverata al C\u00e0 Foncello di Treviso da sabato pomeriggio, in prognosi riservata, la donna di Selva di Cadore rimasta gravemente ferita nell\u2019incidente stradale lungo l\u2019autostrada A27. D.R.L., 36 anni, \u00e8 ricoverata in terapia intensiva nel nosocomio trevigiano.<br \/>\n<strong>LAMON<\/strong> Ci sono voluti 8 anni dalla sottoscrizione dell&#8217;accordo, ma finalmente ci siamo: via ai lavori della galleria Pala Rossa tra l&#8217;altopiano e il vicino Trentino.<br \/>\n<strong>BELLUNO<\/strong> Nessuno crede sulle potenzialit\u00e0 del Nevegal. Deserta la prima asta per la gestione degli impianti. Nessuna offerta economica e\u00a0 Nevegal 2021 non ha i requisiti richiesti.<br \/>\n<strong>VENEZIA<\/strong> La Regione ha stanziato 800 mila euro per gli interventi all&#8217;ospedale Codivilla di Cortina (opera di bonifica imprevista). Si aggiungono ai 30 milioni per la ristrutturazione della struttura.<br \/>\n<strong>CORTINA<\/strong> Danni al cantiere della pista da bob da oltre 100 milioni di euro olimpici. L&#8217;amministrazione pensa alle telecamere anti vandali.<br \/>\n<strong>VOLTAGO<\/strong> Gestione Servizi Pubblici informa che, per lavori alla rete idrica comunale, oggi dalle\u00a0 8:00 alle\u00a0 17:00 verr\u00e0 sospesa l\u2019erogazione dell\u2019acqua a VOLTAGO AGORDINO, nelle VIE VICH, COSTA DALL\u2019ACQUA e DOMADORE. Il personale addetto operer\u00e0 per limitare il pi\u00f9 possibile i disagi alla popolazione.<br \/>\n<strong>BOLLETTE IN VENETO<\/strong>: NEL 2022 +108% IN ELETTRICITA\u2019 +57% IN GAS Complessivamente tra luce e gas, nel 2022 i veneti hanno sborsato, mediamente, 3.001 euro a famiglia (rispetto ai 1.675 euro del 2021)<br \/>\n<strong>BELLUNO<\/strong> Incontro con l\u2019Universit\u00e0 di Verona, mercoled\u00ec 8 marzo a Belluno. Il sopralluogo sar\u00e0 finalizzato a verificare gli spazi di Palazzo Bembo e la loro idoneit\u00e0.<br \/>\n<strong>CANALE D\u2019AGORDO<\/strong> Gioved\u00ec 16 marzo alle 20.30, nella Sala Emigranti di Canale d\u2019Agordo in via Lotta, ci sar\u00e0 l\u2019occasione di conoscere la straordinaria vicenda di Giorgio Perlasca, un commerciante italiano che,\u00a0 da solo, nell\u2019inverno 1944\/\u201945, salv\u00f2 la vita a pi\u00f9 di 5000 ebrei ungheresi<br \/>\n<strong>BELLUNO<\/strong> Punto settimanale dell\u2019Ulss 1 Dolomiti sull\u2019andamento epidemiologico Covid-19. Le persone attualmente positive sono 198. L\u2019incidenza settimanale rimane prossima alla soglia epidemica di 50 casi su 100 mila abitanti.<br \/>\nQUESTA SERA CONSIGLIO COMUNALE A <strong>FALCADE<\/strong>, IN DIRETTA SUI CANALI SOCIAL DI RADIO PIU DALLE 20.<br \/>\n<strong>BELLUNO<\/strong> Proloco Pieve Castionese in piena attivit\u00e0, a marzo cinque appuntamenti. S\u2019inizia con due date per sensibilizzare sul tema della violenza sulle donne: domenica alle 17.30 \u201cA parte me\u201d di e con Vanessa Korn dell\u2019associazione Crisalide<br \/>\n<strong>CALCIO<\/strong> NICO LAWRENCE, IL DIFENSORE INGLESE CON LA MAMMA BELLUNESE<br \/>\nL\u2019AGORDINA PAREGGIA CON IL SARMEDE MA IL PENSIERO E\u2019 PER SANTAGATI<br \/>\n<strong>SPORT INVERNALI<\/strong> I VIGILI DEL FUOCO BELLUNESI ADOMBRANO IL RESTO <strong>D\u2019ITALIA<\/strong><br \/>\n<strong>BIATHLON<\/strong> TRICOLORI DI BIATHLON: UN BRONZO PER LE RAGAZZE DELLO SCI CLUB VAL BIOIS<\/p>\n<p>&nbsp;<\/p>\n<p><iframe loading=\"lazy\" title=\"RASSEGNA STAMPA LOCALE\" width=\"1200\" height=\"675\" src=\"https:\/\/www.youtube.com\/embed\/cz9yKhOxhAE?feature=oembed\" frameborder=\"0\" allow=\"accelerometer; autoplay; clipboard-write; encrypted-media; gyroscope; picture-in-picture; web-share\" allowfullscreen><\/iframe><\/p>\n<p>&nbsp;<\/p>\n<hr \/>\n<p>&nbsp;<\/p>\n","protected":false},"excerpt":{"rendered":"<p>PASSO SAN PELLEGRINO\u00a0 Roberto Maso, imprenditore di Borgo Valbelluna di 54 anni \u00e8 morto stroncato da malore tra le braccia della moglie e della figlia durante una passeggiata dal Passo San Pellegrino a Fuciade. PONTE NELLE ALPI Lutto per la morte del 44enne Emanuele Tonon, da tempo impegnato per lavoro in Emilia Romagna. Costernazione nella&hellip;<\/p>\n","protected":false},"author":4,"featured_media":325365,"comment_status":"closed","ping_status":"closed","sticky":false,"template":"","format":"standard","meta":{"_monsterinsights_skip_tracking":false,"_monsterinsights_sitenote_active":false,"_monsterinsights_sitenote_note":"","_monsterinsights_sitenote_category":0,"footnotes":""},"categories":[104,49],"tags":[],"class_list":["post-325373","post","type-post","status-publish","format-standard","has-post-thumbnail","hentry","category-evidenza_3","category-news-18","category-104","category-49","description-off"],"img_url":"https:\/\/www.radiopiu.net\/wordpress\/wp-content\/uploads\/2023\/03\/COPERTA2.jpg","_links":{"self":[{"href":"https:\/\/www.radiopiu.net\/wordpress\/wp-json\/wp\/v2\/posts\/325373","targetHints":{"allow":["GET"]}}],"collection":[{"href":"https:\/\/www.radiopiu.net\/wordpress\/wp-json\/wp\/v2\/posts"}],"about":[{"href":"https:\/\/www.radiopiu.net\/wordpress\/wp-json\/wp\/v2\/types\/post"}],"author":[{"embeddable":true,"href":"https:\/\/www.radiopiu.net\/wordpress\/wp-json\/wp\/v2\/users\/4"}],"replies":[{"embeddable":true,"href":"https:\/\/www.radiopiu.net\/wordpress\/wp-json\/wp\/v2\/comments?post=325373"}],"version-history":[{"count":0,"href":"https:\/\/www.radiopiu.net\/wordpress\/wp-json\/wp\/v2\/posts\/325373\/revisions"}],"wp:featuredmedia":[{"embeddable":true,"href":"https:\/\/www.radiopiu.net\/wordpress\/wp-json\/wp\/v2\/media\/325365"}],"wp:attachment":[{"href":"https:\/\/www.radiopiu.net\/wordpress\/wp-json\/wp\/v2\/media?parent=325373"}],"wp:term":[{"taxonomy":"category","embeddable":true,"href":"https:\/\/www.radiopiu.net\/wordpress\/wp-json\/wp\/v2\/categories?post=325373"},{"taxonomy":"post_tag","embeddable":true,"href":"https:\/\/www.radiopiu.net\/wordpress\/wp-json\/wp\/v2\/tags?post=325373"}],"curies":[{"name":"wp","href":"https:\/\/api.w.org\/{rel}","templated":true}]}}