{"id":325530,"date":"2023-03-08T05:41:29","date_gmt":"2023-03-08T04:41:29","guid":{"rendered":"https:\/\/www.radiopiu.net\/wordpress\/?p=325530"},"modified":"2023-03-08T06:10:15","modified_gmt":"2023-03-08T05:10:15","slug":"piscina-approvato-il-nuovo-studio-di-fattibilita","status":"publish","type":"post","link":"https:\/\/www.radiopiu.net\/wordpress\/piscina-approvato-il-nuovo-studio-di-fattibilita\/","title":{"rendered":"PISCINA,  APPROVATO IL NUOVO STUDIO DI FATTIBILITA&#8217;"},"content":{"rendered":"<blockquote>\n<h3><\/h3>\n<\/blockquote>\n<p><strong><a class=\"dt-pswp-item\" href=\"https:\/\/www.radiopiu.net\/wordpress\/wp-content\/uploads\/2022\/06\/Piscina_di_Belluno.jpg\" data-dt-img-description=\"\" data-large_image_width=\"794\" data-large_image_height=\"661\"><img loading=\"lazy\" decoding=\"async\" class=\"wp-image-283320 alignleft\" src=\"https:\/\/www.radiopiu.net\/wordpress\/wp-content\/uploads\/2022\/06\/Piscina_di_Belluno-300x250.jpg\" alt=\"\" width=\"167\" height=\"139\" srcset=\"https:\/\/www.radiopiu.net\/wordpress\/wp-content\/uploads\/2022\/06\/Piscina_di_Belluno-300x250.jpg 300w, https:\/\/www.radiopiu.net\/wordpress\/wp-content\/uploads\/2022\/06\/Piscina_di_Belluno-768x639.jpg 768w, https:\/\/www.radiopiu.net\/wordpress\/wp-content\/uploads\/2022\/06\/Piscina_di_Belluno.jpg 794w\" sizes=\"auto, (max-width: 167px) 100vw, 167px\" \/><\/a>AGORDO<\/strong> Via libera al progetto di fattibilit\u00e0 tecnica ed economica per la riqualificazione della piscina comprensoriale di Agordo.Lo ha deliberato la giunta dell&#8217;Unione montana agordina, guidata da Paolo Frena, che ha quindi trasmesso il fascicolo alla Provincia che gestir\u00e0 l&#8217;iter nell&#8217;ambito della programmazione 2019-24 dei Fondi di confine di area vasta.\u00abIl principale intervento\u00bb, si sottolinea nella documentazione, \u00abriguarda la realizzazione di un nuovo fabbricato, al cui interno verr\u00e0 realizzata la nuova piscina da 5 metri per 10, una palestra e piccolo centro benessere. L&#8217;edificio sar\u00e0 disposto perpendicolarmente rispetto alla vasca esistente, sar\u00e0 sviluppato su due piani fuori terra ed uno interrato e sar\u00e0 collocato alla fine dell&#8217;attuale parcheggio adiacente alla piscina, occupando parte del prato\/giardino\u00bb. Il fabbricato esistente sar\u00e0 inoltre ampliato e reso pi\u00f9 efficiente.<\/p>\n<blockquote>\n<h3>\n<p>FESTA PROPAGANDA A LAMBIOI, DOPPIETTA DI DE NARDIN<\/h3>\n<\/blockquote>\n<p><strong>BELLUNO\u00a0<\/strong>La piscina di Belluno ha ospitato domenica la terza giornata del circuito Propaganda. Una giornata di divertimento e sana competizione con in vasca gli Esordienti, senza classifica, Giovanissimi ed Allievi. Tra i maschi doppietta di Erik De Nardin dell&#8217;Agordino che vince nei 50 stile e nei 50 delfino dorso. Gioele Coletti del Dolomiti s&#8217;impone nei 25 ostacoli, Mattia Brianti della Sportivamente nei 25 rana. Tra le ragazze bis dell&#8217;agordina Ilenia Venialetti nelle specialit\u00e0 sui 50 metri, mentre il Dolomiti centra l&#8217;oro nei 25 rana con Veronica Zancol\u00f2 e nei 25 ostacoli con Arianna Franchin.<br \/>\n<strong>podio <\/strong>Maschile. 25 rana. 1. Mattia Brianti (Sportivamente) 23.9; 2. Sebastiano Migotto (Agordino) 25.0; 2. Nicola De Min (Sportivamente) 25.0; ostacoli. 1. Gioele Coletti (Dolomiti) 22.5; 2. Evan Soldan (Agordino) 24.5; 3. Erik Franceschetti (Agordino) 25.3; 50 stile. 1. Erik De Nardin (Agordino) 37.1; 2. Gioele Dal Magro (Ondablu) 39.0; 3. Mattia Micacchioni (Ondablu) 40.7;\u00a0 delfino dorso. 1. Erik De Nardin (Agordino) 46.0; 2. Mattia Brianti (Sportivamente) 48.7; 3. Sebastiano Migotto (Agordino) 48.9; Femminile. 25 rana. 1. Veronica Zancol\u00f2 (Dolomiti) 23.2; 2. Alice Latti (Agordino) 25.2; 3. Veronica Fabbricatore (Dolomiti) 26.9;\u00a0 ostacoli. 1. Arianna Franchin (Dolomiti) 21.3; 2. Diana Zorzetto (Dolomiti) 22.0; 3. Virginia Pais Becher (Dolomiti) 26.1; 50 stile. 1. Ilenia Venialetti (Agordino) 38.5; 2. Veronica Zancol\u00f2 (Dolomiti) 40.7; 3. Emma Vecellio Reane (Dolomiti) 41.1;\u00a0 50 delfino dorso. 1. Ilenia Venialetti (Agordino) 44.0; 2. Alice Comin (Onda) 48.1; 3. Ginevra Longo (Agordino) 53.6;<\/p>\n<hr \/>\n<p>&nbsp;<\/p>\n","protected":false},"excerpt":{"rendered":"<p>AGORDO Via libera al progetto di fattibilit\u00e0 tecnica ed economica per la riqualificazione della piscina comprensoriale di Agordo.Lo ha deliberato la giunta dell&#8217;Unione montana agordina, guidata da Paolo Frena, che ha quindi trasmesso il fascicolo alla Provincia che gestir\u00e0 l&#8217;iter nell&#8217;ambito della programmazione 2019-24 dei Fondi di confine di area vasta.\u00abIl principale intervento\u00bb, si sottolinea&hellip;<\/p>\n","protected":false},"author":4,"featured_media":283320,"comment_status":"closed","ping_status":"closed","sticky":false,"template":"","format":"standard","meta":{"_monsterinsights_skip_tracking":false,"_monsterinsights_sitenote_active":false,"_monsterinsights_sitenote_note":"","_monsterinsights_sitenote_category":0,"footnotes":""},"categories":[51,49],"tags":[],"class_list":["post-325530","post","type-post","status-publish","format-standard","has-post-thumbnail","hentry","category-evidenza-top","category-news-18","category-51","category-49","description-off"],"img_url":"https:\/\/www.radiopiu.net\/wordpress\/wp-content\/uploads\/2022\/06\/Piscina_di_Belluno.jpg","_links":{"self":[{"href":"https:\/\/www.radiopiu.net\/wordpress\/wp-json\/wp\/v2\/posts\/325530","targetHints":{"allow":["GET"]}}],"collection":[{"href":"https:\/\/www.radiopiu.net\/wordpress\/wp-json\/wp\/v2\/posts"}],"about":[{"href":"https:\/\/www.radiopiu.net\/wordpress\/wp-json\/wp\/v2\/types\/post"}],"author":[{"embeddable":true,"href":"https:\/\/www.radiopiu.net\/wordpress\/wp-json\/wp\/v2\/users\/4"}],"replies":[{"embeddable":true,"href":"https:\/\/www.radiopiu.net\/wordpress\/wp-json\/wp\/v2\/comments?post=325530"}],"version-history":[{"count":0,"href":"https:\/\/www.radiopiu.net\/wordpress\/wp-json\/wp\/v2\/posts\/325530\/revisions"}],"wp:featuredmedia":[{"embeddable":true,"href":"https:\/\/www.radiopiu.net\/wordpress\/wp-json\/wp\/v2\/media\/283320"}],"wp:attachment":[{"href":"https:\/\/www.radiopiu.net\/wordpress\/wp-json\/wp\/v2\/media?parent=325530"}],"wp:term":[{"taxonomy":"category","embeddable":true,"href":"https:\/\/www.radiopiu.net\/wordpress\/wp-json\/wp\/v2\/categories?post=325530"},{"taxonomy":"post_tag","embeddable":true,"href":"https:\/\/www.radiopiu.net\/wordpress\/wp-json\/wp\/v2\/tags?post=325530"}],"curies":[{"name":"wp","href":"https:\/\/api.w.org\/{rel}","templated":true}]}}