{"id":325535,"date":"2023-03-08T05:42:59","date_gmt":"2023-03-08T04:42:59","guid":{"rendered":"https:\/\/www.radiopiu.net\/wordpress\/?p=325535"},"modified":"2023-03-08T06:10:05","modified_gmt":"2023-03-08T05:10:05","slug":"coltellata-in-pieno-volto-per-il-tribunale-irreperibile","status":"publish","type":"post","link":"https:\/\/www.radiopiu.net\/wordpress\/coltellata-in-pieno-volto-per-il-tribunale-irreperibile\/","title":{"rendered":"COLTELLATA IN PIENO VOLTO: PER IL TRIBUNALE IRREPERIBILE"},"content":{"rendered":"<p><strong>OGGI SUL CORRIERE DELLE ALPI<\/strong><\/p>\n<p><strong>DI GIGI SOSSO<\/strong><\/p>\n<p><strong><a class=\"dt-pswp-item\" href=\"https:\/\/www.radiopiu.net\/wordpress\/wp-content\/uploads\/2023\/03\/th-5.jpg\" data-dt-img-description=\"\" data-large_image_width=\"474\" data-large_image_height=\"287\"><img loading=\"lazy\" decoding=\"async\" class=\"size-medium wp-image-325536 alignleft\" src=\"https:\/\/www.radiopiu.net\/wordpress\/wp-content\/uploads\/2023\/03\/th-5-300x182.jpg\" alt=\"\" width=\"300\" height=\"182\" srcset=\"https:\/\/www.radiopiu.net\/wordpress\/wp-content\/uploads\/2023\/03\/th-5-300x182.jpg 300w, https:\/\/www.radiopiu.net\/wordpress\/wp-content\/uploads\/2023\/03\/th-5.jpg 474w\" sizes=\"auto, (max-width: 300px) 100vw, 300px\" \/><\/a>BELLUNO<\/strong> Un taglio alla guancia lungo una decina di centimetri, durante una sanguinosa scenata di gelosia. Esiste un certificato medico emesso dal Pronto soccorso dell&#8217;ospedale Santa Maria del Prato di Feltre: racconta una prognosi di una dozzina di giorni, fortunatamente senza complicazioni, ma il fatto che Ahmed Ennaji sia sparito e non si trovi pi\u00f9 ha provocato una sentenza di non doversi procedere da parte del giudice per le udienze preliminari Elisabetta Scolozzi (pubblico ministero Alberto Primavera) per mancata conoscenza della pendenza del processo per lesioni e minacce aggravate e danneggiamento dell&#8217;imputato. Allo stesso tempo, le ricerche della polizia giudiziaria dovranno continuare per altri cinque anni, fino al marzo 2028.I fatti sono dell&#8217;8 dicembre 2020&#8230;. Ennaji non si \u00e8 pi\u00f9 visto a Quero Vas e tutti i tentativi di notifica dell&#8217;avviso d fine indagini non sono riusciti. Tecnicamente \u00e8 irreperibile e questo ha convinto il giudice a sentenziare un non doversi procedere, su richiesta del difensore d&#8217;ufficio Valentina Mazzucco. In ogni caso, le ricerche proseguono, anche se le speranze di trovare l&#8217;imputato sono ridotte per non dire nulle. Ma funziona cos\u00ec, secondo l&#8217;articolo 420 quater del Codice di Procedura penale. Vorr\u00e0 dire che Ennaji non sapr\u00e0 nemmeno di essere stato prosciolto. Quanto alla parte offesa, non si era costituita parte civile, in maniera da poter chiedere il risarcimento dei danni: gli \u00e8 rimasta un&#8217;evidente cicatrice sulla guancia sinistra.<\/p>\n<p>___<\/p>\n","protected":false},"excerpt":{"rendered":"<p>OGGI SUL CORRIERE DELLE ALPI DI GIGI SOSSO BELLUNO Un taglio alla guancia lungo una decina di centimetri, durante una sanguinosa scenata di gelosia. Esiste un certificato medico emesso dal Pronto soccorso dell&#8217;ospedale Santa Maria del Prato di Feltre: racconta una prognosi di una dozzina di giorni, fortunatamente senza complicazioni, ma il fatto che Ahmed&hellip;<\/p>\n","protected":false},"author":4,"featured_media":325536,"comment_status":"closed","ping_status":"closed","sticky":false,"template":"","format":"standard","meta":{"_monsterinsights_skip_tracking":false,"_monsterinsights_sitenote_active":false,"_monsterinsights_sitenote_note":"","_monsterinsights_sitenote_category":0,"footnotes":""},"categories":[51,49],"tags":[],"class_list":["post-325535","post","type-post","status-publish","format-standard","has-post-thumbnail","hentry","category-evidenza-top","category-news-18","category-51","category-49","description-off"],"img_url":"https:\/\/www.radiopiu.net\/wordpress\/wp-content\/uploads\/2023\/03\/th-5.jpg","_links":{"self":[{"href":"https:\/\/www.radiopiu.net\/wordpress\/wp-json\/wp\/v2\/posts\/325535","targetHints":{"allow":["GET"]}}],"collection":[{"href":"https:\/\/www.radiopiu.net\/wordpress\/wp-json\/wp\/v2\/posts"}],"about":[{"href":"https:\/\/www.radiopiu.net\/wordpress\/wp-json\/wp\/v2\/types\/post"}],"author":[{"embeddable":true,"href":"https:\/\/www.radiopiu.net\/wordpress\/wp-json\/wp\/v2\/users\/4"}],"replies":[{"embeddable":true,"href":"https:\/\/www.radiopiu.net\/wordpress\/wp-json\/wp\/v2\/comments?post=325535"}],"version-history":[{"count":0,"href":"https:\/\/www.radiopiu.net\/wordpress\/wp-json\/wp\/v2\/posts\/325535\/revisions"}],"wp:featuredmedia":[{"embeddable":true,"href":"https:\/\/www.radiopiu.net\/wordpress\/wp-json\/wp\/v2\/media\/325536"}],"wp:attachment":[{"href":"https:\/\/www.radiopiu.net\/wordpress\/wp-json\/wp\/v2\/media?parent=325535"}],"wp:term":[{"taxonomy":"category","embeddable":true,"href":"https:\/\/www.radiopiu.net\/wordpress\/wp-json\/wp\/v2\/categories?post=325535"},{"taxonomy":"post_tag","embeddable":true,"href":"https:\/\/www.radiopiu.net\/wordpress\/wp-json\/wp\/v2\/tags?post=325535"}],"curies":[{"name":"wp","href":"https:\/\/api.w.org\/{rel}","templated":true}]}}