{"id":325554,"date":"2023-03-08T07:56:53","date_gmt":"2023-03-08T06:56:53","guid":{"rendered":"https:\/\/www.radiopiu.net\/wordpress\/?p=325554"},"modified":"2023-03-08T09:08:59","modified_gmt":"2023-03-08T08:08:59","slug":"ascolta-la-rassegna-stampa-di-radiopiu-ogni-giorno-alle-otto-del-mattino-dal-1983","status":"publish","type":"post","link":"https:\/\/www.radiopiu.net\/wordpress\/ascolta-la-rassegna-stampa-di-radiopiu-ogni-giorno-alle-otto-del-mattino-dal-1983\/","title":{"rendered":"ASCOLTA LA RASSEGNA STAMPA DI RADIOPIU, OGNI GIORNO ALLE OTTO DEL MATTINO, DAL 1983"},"content":{"rendered":"<p><strong>QUERO VAS<\/strong> Aperta la galleria di Segusino, ieri il taglio del nastro guardando e sperando ad un futuro cantiere lungo la Feltrina che necessita di sistemazione.<br \/>\n<strong>SAN VITO DI CADORE<\/strong> Crisi in Comune, i consiglieri declinano l&#8217;invito, non entreranno nel consiglio formato da 4 persone, ne servono almeno 6 per evitare il commissariamento.<br \/>\n<strong>BELLUNO<\/strong> Un taglio alla guancia lungo una decina di centimetri, durante una sanguinosa scenata di gelosia. Esiste un certificato medico emesso dal Pronto soccorso dell\u2019ospedale Santa Maria del Prato di Feltre: racconta una prognosi di una dozzina di giorni, fortunatamente senza complicazioni, ma il fatto che Ahmed Ennaji sia sparito e non si trovi pi\u00f9 ha provocato una sentenza di non doversi procedere da parte del giudice per le udienze preliminari Elisabetta Scolozzi (pubblico ministero Alberto Primavera) per mancata conoscenza della pendenza del processo per lesioni e minacce aggravate e danneggiamento dell\u2019imputato<br \/>\n<span style=\"color: #ff0000;\">FESTA DELLA DONNA<\/span> di Gianni Santomaso oggi sul Corriere delle Alpi ed alla radio SEI UNDER 30 ALLO SPECCHIO, DICIAMO BASTA AGLI STEREOTIPI.La calciatrice, l&#8217;aspirante vigile del fuoco professionista, l&#8217;operaia in Luxottica, l&#8217;estetista, la musicista e la studentessa Storie di ragazze che hanno trovato la loro strada e chiedono un&#8217;alleanza agli uomini per creare una societ\u00e0 migliore<br \/>\n<strong>BELLUNO<\/strong> Il giorno dopo la scadenza del bando andato deserto per la gestione degli impianti di risalita del Nevegal, parlano gli attuali gestori: \u201cCon questi requisiti, non avremmo mai potuto partecipare\u201d.<br \/>\n<strong>AGORDO<\/strong> Via libera al progetto di fattibilit\u00e0 tecnica ed economica per la riqualificazione della piscina comprensoriale di Agordo.Lo ha deliberato la giunta dell\u2019Unione montana agordina, guidata da Paolo Frena<br \/>\n<strong>FALCADE<\/strong> Ritorna il grande sci di fondo a Falcade. La localit\u00e0 della Valle del Biois, nelle Dolomiti Bellunesi, una delle piccole grandi capitali degli sci stretti, ospiter\u00e0 a met\u00e0 marzo la Coppa Italia, evento che vedr\u00e0 al via le categorie assolute e quelle giovanili (Juniores e Aspiranti). L\u2019organizzazione \u00e8 affidata allo Sci club Val Biois<br \/>\n<strong>LONGARONE<\/strong> \u00c8 stata presentata, nella sede della Provincia di Belluno, la 42esima edizione di Agrimont, la Mostra nazionale dell\u2019agricoltura di montagna di scena a Longarone Fiere Dolomiti nei weekend 18-19 e 24-25-26 marzo.<br \/>\n<span style=\"color: #0000ff;\"><strong>IL LIBRETTO-REPERTO \u201cAGORDO E IL SUO BURRO\u201d PEZZO PREGIATO DEL MERCATINO PRO YOLANDRE<\/strong><\/span><br \/>\ndi Renato Bona<br \/>\nUna autentica \u201cchicca\u201d. E\u2019 il libretto-reperto \u201cAgordo e il suo burro\u201d che ho potuto acquisire grazie all\u2019amica Elisa Dalla Rossa (che &#8211; benemerita &#8211; ha nuovamente attivato il mercatino dell\u2019usato nella Piazza delle Erbe di Belluno, con lo scopo di raccogliere fondi da devolvere all\u2019associazione Yolandre che si occupa di progetti assistenziali per famiglie povere con bambini del Madagascar) (OGGI NEL GIORNALE RADIOPIU, IL QUOTIDIANO DELLA NOSTRA TESTATA, OGNI GIORNO ALLE 6 DEL MATTINO SUL CANALE TELEGRAM)<\/p>\n<p><strong>PULIAMO FELTRE<\/strong>, CON GLI ECOVOLONTARI DELLA COMUNITA&#8217; MONTANA FELTRINA<br \/>\nLa mattina di domenica 19 marzo sar\u00e0 dedicata a questa importante iniziativa, che vedr\u00e0 i volontari del Palio, ma anche tutti i cittadini che vorranno aderire, impegnati nella pulizia della citt\u00e0 di Feltre<br \/>\n<strong>PALLAVOLO<\/strong> ANCORA UN FINE SETTIMANA DA DIMENTICARE PER LE SQUADRE DEL VOLLEY CLUB AGORDINO<br \/>\n<strong>NUOTO <\/strong>FESTA PROPAGANDA A LAMBIOI, DOPPIETTA DI DE NARDIN<br \/>\n<strong>MOTORI<\/strong> IL 17 MARZO VERRA&#8217; PRESENTATO UFFICIALMENTE IL RALLY BELLUNESE 2023<br \/>\n<strong>SCI ALPINO<\/strong> PRIMA GIORNATA DEI CAMPIONATI CHILDREN NET INSURANCE<\/p>\n<p>&nbsp;<\/p>\n<p><iframe loading=\"lazy\" title=\"RASSEGNA STAMPA LOCALE\" width=\"1200\" height=\"675\" src=\"https:\/\/www.youtube.com\/embed\/aWophqIRfKM?feature=oembed\" frameborder=\"0\" allow=\"accelerometer; autoplay; clipboard-write; encrypted-media; gyroscope; picture-in-picture; web-share\" allowfullscreen><\/iframe><\/p>\n<p>&nbsp;<\/p>\n<hr \/>\n<p>&nbsp;<\/p>\n<p>&nbsp;<\/p>\n<p>&nbsp;<\/p>\n","protected":false},"excerpt":{"rendered":"<p>QUERO VAS Aperta la galleria di Segusino, ieri il taglio del nastro guardando e sperando ad un futuro cantiere lungo la Feltrina che necessita di sistemazione. SAN VITO DI CADORE Crisi in Comune, i consiglieri declinano l&#8217;invito, non entreranno nel consiglio formato da 4 persone, ne servono almeno 6 per evitare il commissariamento. BELLUNO Un&hellip;<\/p>\n","protected":false},"author":4,"featured_media":325539,"comment_status":"closed","ping_status":"closed","sticky":false,"template":"","format":"standard","meta":{"_monsterinsights_skip_tracking":false,"_monsterinsights_sitenote_active":false,"_monsterinsights_sitenote_note":"","_monsterinsights_sitenote_category":0,"footnotes":""},"categories":[104,49],"tags":[],"class_list":["post-325554","post","type-post","status-publish","format-standard","has-post-thumbnail","hentry","category-evidenza_3","category-news-18","category-104","category-49","description-off"],"img_url":"https:\/\/www.radiopiu.net\/wordpress\/wp-content\/uploads\/2023\/03\/Senza-nome-31.jpg","_links":{"self":[{"href":"https:\/\/www.radiopiu.net\/wordpress\/wp-json\/wp\/v2\/posts\/325554","targetHints":{"allow":["GET"]}}],"collection":[{"href":"https:\/\/www.radiopiu.net\/wordpress\/wp-json\/wp\/v2\/posts"}],"about":[{"href":"https:\/\/www.radiopiu.net\/wordpress\/wp-json\/wp\/v2\/types\/post"}],"author":[{"embeddable":true,"href":"https:\/\/www.radiopiu.net\/wordpress\/wp-json\/wp\/v2\/users\/4"}],"replies":[{"embeddable":true,"href":"https:\/\/www.radiopiu.net\/wordpress\/wp-json\/wp\/v2\/comments?post=325554"}],"version-history":[{"count":0,"href":"https:\/\/www.radiopiu.net\/wordpress\/wp-json\/wp\/v2\/posts\/325554\/revisions"}],"wp:featuredmedia":[{"embeddable":true,"href":"https:\/\/www.radiopiu.net\/wordpress\/wp-json\/wp\/v2\/media\/325539"}],"wp:attachment":[{"href":"https:\/\/www.radiopiu.net\/wordpress\/wp-json\/wp\/v2\/media?parent=325554"}],"wp:term":[{"taxonomy":"category","embeddable":true,"href":"https:\/\/www.radiopiu.net\/wordpress\/wp-json\/wp\/v2\/categories?post=325554"},{"taxonomy":"post_tag","embeddable":true,"href":"https:\/\/www.radiopiu.net\/wordpress\/wp-json\/wp\/v2\/tags?post=325554"}],"curies":[{"name":"wp","href":"https:\/\/api.w.org\/{rel}","templated":true}]}}