{"id":325578,"date":"2023-03-09T05:14:51","date_gmt":"2023-03-09T04:14:51","guid":{"rendered":"https:\/\/www.radiopiu.net\/wordpress\/?p=325578"},"modified":"2023-03-09T05:32:50","modified_gmt":"2023-03-09T04:32:50","slug":"si-attende-la-primavera-per-un-risposta-definitiva-al-ritiro-del-venezia-calcio","status":"publish","type":"post","link":"https:\/\/www.radiopiu.net\/wordpress\/si-attende-la-primavera-per-un-risposta-definitiva-al-ritiro-del-venezia-calcio\/","title":{"rendered":"SI ATTENDE LA PRIMAVERA PER UN RISPOSTA DEFINITIVA AL RITIRO DEL VENEZIA CALCIO"},"content":{"rendered":"<blockquote>\n<h3><\/h3>\n<\/blockquote>\n<p><strong><a class=\"dt-pswp-item\" href=\"https:\/\/www.radiopiu.net\/wordpress\/wp-content\/uploads\/2021\/09\/VALT-FULVIO.jpg\" data-dt-img-description=\"\" data-large_image_width=\"400\" data-large_image_height=\"601\"><img loading=\"lazy\" decoding=\"async\" class=\"wp-image-233154 alignleft\" src=\"https:\/\/www.radiopiu.net\/wordpress\/wp-content\/uploads\/2021\/09\/VALT-FULVIO-200x300.jpg\" alt=\"\" width=\"88\" height=\"132\" srcset=\"https:\/\/www.radiopiu.net\/wordpress\/wp-content\/uploads\/2021\/09\/VALT-FULVIO-200x300.jpg 200w, https:\/\/www.radiopiu.net\/wordpress\/wp-content\/uploads\/2021\/09\/VALT-FULVIO.jpg 400w\" sizes=\"auto, (max-width: 88px) 100vw, 88px\" \/><\/a>FALCADE<\/strong> Come sar\u00e0 il campo di calcio al termine dell&#8217;inverno? Per ora si ricorda la gialla erba autunnale. Il manto erboso sar\u00e0 l&#8217;ago della bilancia. Se soddisfer\u00e0 i &#8220;tecnici del prato&#8221; il Venezia Calcio\u00a0 salir\u00e0 a Falcade per il ritiro pre campionato. In caso contrario potrebbero comunque arrivare. Ai microfoni di RadioPi\u00f9 il consigliere comunale Fulvio Valt<\/p>\n<p>foto copertina www.limesimpianti.it<\/p>\n<p>AUDIO<\/p>\n<audio class=\"wp-audio-shortcode\" id=\"audio-325578-1\" preload=\"none\" style=\"width: 100%;\" controls=\"controls\"><source type=\"audio\/mpeg\" src=\"https:\/\/www.radiopiu.net\/wordpress\/wp-content\/uploads\/2023\/03\/FALCADE-1-1.mp3?_=1\" \/><a href=\"https:\/\/www.radiopiu.net\/wordpress\/wp-content\/uploads\/2023\/03\/FALCADE-1-1.mp3\">https:\/\/www.radiopiu.net\/wordpress\/wp-content\/uploads\/2023\/03\/FALCADE-1-1.mp3<\/a><\/audio>\n<p>&nbsp;<\/p>\n<p>&nbsp;<\/p>\n<p>&nbsp;<\/p>\n<hr \/>\n<p>&nbsp;<\/p>\n<p>&nbsp;<\/p>\n","protected":false},"excerpt":{"rendered":"<p>FALCADE Come sar\u00e0 il campo di calcio al termine dell&#8217;inverno? Per ora si ricorda la gialla erba autunnale. Il manto erboso sar\u00e0 l&#8217;ago della bilancia. Se soddisfer\u00e0 i &#8220;tecnici del prato&#8221; il Venezia Calcio\u00a0 salir\u00e0 a Falcade per il ritiro pre campionato. In caso contrario potrebbero comunque arrivare. Ai microfoni di RadioPi\u00f9 il consigliere comunale&hellip;<\/p>\n","protected":false},"author":4,"featured_media":325580,"comment_status":"closed","ping_status":"closed","sticky":false,"template":"","format":"standard","meta":{"_monsterinsights_skip_tracking":false,"_monsterinsights_sitenote_active":false,"_monsterinsights_sitenote_note":"","_monsterinsights_sitenote_category":0,"footnotes":""},"categories":[51,49],"tags":[],"class_list":["post-325578","post","type-post","status-publish","format-standard","has-post-thumbnail","hentry","category-evidenza-top","category-news-18","category-51","category-49","description-off"],"img_url":"https:\/\/www.radiopiu.net\/wordpress\/wp-content\/uploads\/2023\/03\/th-7.jpg","_links":{"self":[{"href":"https:\/\/www.radiopiu.net\/wordpress\/wp-json\/wp\/v2\/posts\/325578","targetHints":{"allow":["GET"]}}],"collection":[{"href":"https:\/\/www.radiopiu.net\/wordpress\/wp-json\/wp\/v2\/posts"}],"about":[{"href":"https:\/\/www.radiopiu.net\/wordpress\/wp-json\/wp\/v2\/types\/post"}],"author":[{"embeddable":true,"href":"https:\/\/www.radiopiu.net\/wordpress\/wp-json\/wp\/v2\/users\/4"}],"replies":[{"embeddable":true,"href":"https:\/\/www.radiopiu.net\/wordpress\/wp-json\/wp\/v2\/comments?post=325578"}],"version-history":[{"count":0,"href":"https:\/\/www.radiopiu.net\/wordpress\/wp-json\/wp\/v2\/posts\/325578\/revisions"}],"wp:featuredmedia":[{"embeddable":true,"href":"https:\/\/www.radiopiu.net\/wordpress\/wp-json\/wp\/v2\/media\/325580"}],"wp:attachment":[{"href":"https:\/\/www.radiopiu.net\/wordpress\/wp-json\/wp\/v2\/media?parent=325578"}],"wp:term":[{"taxonomy":"category","embeddable":true,"href":"https:\/\/www.radiopiu.net\/wordpress\/wp-json\/wp\/v2\/categories?post=325578"},{"taxonomy":"post_tag","embeddable":true,"href":"https:\/\/www.radiopiu.net\/wordpress\/wp-json\/wp\/v2\/tags?post=325578"}],"curies":[{"name":"wp","href":"https:\/\/api.w.org\/{rel}","templated":true}]}}